{"id":187672,"date":"2021-09-25T14:08:24","date_gmt":"2021-09-25T17:08:24","guid":{"rendered":"https:\/\/www.suno.com.br\/noticias\/?p=187672"},"modified":"2021-09-25T14:08:24","modified_gmt":"2021-09-25T17:08:24","slug":"usiminas-usim5-cvc-brasil-cvcb3-ibovespa-semana","status":"publish","type":"post","link":"https:\/\/www.suno.com.br\/noticias\/usiminas-usim5-cvc-brasil-cvcb3-ibovespa-semana\/","title":{"rendered":"Usiminas (USIM5) e CVC Brasil (CVCB3) lideram ganhos do Ibovespa na semana"},"content":{"rendered":"<p>A semana de recupera\u00e7\u00e3o do <strong>Ibovespa<\/strong>, que interrompeu uma sequ\u00eancia de tr\u00eas quedas, come\u00e7ou bastante movimentada com a not\u00edcia de que a gigante do setor imobili\u00e1rio chin\u00eas <strong>Evergrande<\/strong> <a href=\"https:\/\/www.suno.com.br\/noticias\/caso-evergrande-hengda-pagara-232-milhoes-bonds-divida-quinta\/\">n\u00e3o conseguiria honrar parte de suas d\u00edvidas<\/a> de US$ 300 bilh\u00f5es. O temor dos mercados de um cont\u00e1gio entre outras empresas chinesas e bancos globais jogou os mercados para o negativo na segunda-feira e o \u00edndice brasileiro n\u00e3o resistiu \u00e0 press\u00e3o vendedora.<\/p>\t<div class=\"wrapper-featured-image\">\n\t\t<figure class=\"spotlightImg\">\n\n\t\t\t<picture>\n\t\t\t\t<source media=\"(max-width: 768px)\" srcset=\"https:\/\/files.sunoresearch.com.br\/n\/uploads\/2021\/06\/43d9016d-sede-400x200.webp\">\n\t\t\t\t<img loading=\"lazy\" decoding=\"async\" class=\"newsContent__article__imgCapa lazyloadDisabled \" src=\"https:\/\/files.sunoresearch.com.br\/n\/uploads\/2021\/06\/43d9016d-sede-800x450.webp\" width=\"800\" height=\"450\" alt=\"Usiminas (USIM5) e CVC Brasil (CVCB3) lideram ganhos do Ibovespa na semana\" fetchpriority=high \/>\n\t\t\t<\/picture>\n\n\t\t\t<figcaption class=\"wp-caption-text wp-caption-text--show\">Sede da Usiminas (USIM5). Foto: Divulga\u00e7\u00e3o<\/figcaption>\n\t\t<\/figure>\n\t<\/div>\n\n\n\t<p>\n\t\t<a href=\"https:\/\/lp.suno.com.br\/planilha-controle-gastos\/\" target=\"_blank\" data-element=\"shortcode-suno-banner\" title=\"Banner SUNO, clique e saiba mais\">\n\t\t\t<picture>\n\t\t\t\t<source media=\"(max-width: 500px)\" srcset=\"https:\/\/files.sunoresearch.com.br\/n\/uploads\/2023\/03\/400x300-Planilha-controle-de-gastos.png\">\n\t\t\t\t<img class=\"newsContent__article__imgCapa newsContent__article__imgCapa--banner\"\n\t\t\t\t\tsrc=\"https:\/\/files.sunoresearch.com.br\/n\/uploads\/2023\/03\/1420x240-Planilha-controle-de-gastos.png\"\n\t\t\t\t\tdata-promo-id=\"101751\"\t\t\t\t\t\t\t\t\t\twidth='1420' height='240'\t\t\t\t\talt=\"https:\/\/files.sunoresearch.com.br\/n\/uploads\/2023\/03\/1420x240-Planilha-controle-de-gastos.png\"\n\t\t\t\t>\n\t\t\t<\/picture>\n\t\t<\/a>\n\t<\/p>\n\n\n<p>No primeiro dia da semana, o Ibovespa recuou 2,3% e chegou a avan\u00e7ar no terreno dos 107 mil pontos no intraday, menor valor desde 3 de mar\u00e7o. Os tr\u00eas dias seguintes foram de recupera\u00e7\u00e3o com ganhos di\u00e1rios entre 1% e 2%, que levou o \u00edndice a encerrar a semana com alta de 1,65% aos 113.283 apesar da queda de 0,69% na sexta-feira.<\/p>\n<p>O destaque entre as 91 a\u00e7\u00f5es de 84 empresas que comp\u00f5em o Ibovespa foi a Usiminas (USIM5), que saltou 17% na semana para alcan\u00e7ar os R$ 16,29. Veja a lista das <strong>5 maiores altas da semana do Ibovespa<\/strong>:<\/p>\n<ul>\n<li><a class=\"suno-keyword\" href=\"https:\/\/www.suno.com.br\/acoes\/USIM5\/\" target=\"_blank\" rel=\"noopener\" data-force=\"yes\" data-priority=\"2\">Usiminas (USIM5)<\/a> +17,03%<\/li>\n<li><a href=\"https:\/\/www.suno.com.br\/acoes\/cvcb3\/\">CVC Brasil (CVCB3)<\/a> +16,01%<\/li>\n<li><a class=\"suno-keyword\" href=\"https:\/\/www.suno.com.br\/acoes\/GOLL4\/\" target=\"_blank\" rel=\"noopener\" data-force=\"yes\" data-priority=\"2\">Gol (GOLL4)<\/a> +14,43%<\/li>\n<li><a class=\"suno-keyword\" href=\"https:\/\/www.suno.com.br\/acoes\/EMBR3\/\" target=\"_blank\" rel=\"noopener\" data-force=\"yes\" data-priority=\"2\">Embraer (EMBR3)<\/a> +13,86%<\/li>\n<li><a class=\"suno-keyword\" href=\"https:\/\/www.suno.com.br\/acoes\/UGPA3\/\" target=\"_blank\" rel=\"noopener\" data-force=\"yes\" data-priority=\"2\">Ultrapar (UGPA3)<\/a> +13,53%<\/li>\n<\/ul>\n\t<p>\n\t\t<a href=\"https:\/\/lp.suno.com.br\/planilha-da-vida-financeira\/\" target=\"_blank\" data-element=\"shortcode-suno-banner\" title=\"Banner SUNO, clique e saiba mais\">\n\t\t\t<picture>\n\t\t\t\t<source media=\"(max-width: 500px)\" srcset=\"https:\/\/files.sunoresearch.com.br\/n\/uploads\/2023\/04\/400x300-Planilha-vida-financeira-true.png\">\n\t\t\t\t<img class=\"newsContent__article__imgCapa newsContent__article__imgCapa--banner\"\n\t\t\t\t\tsrc=\"https:\/\/files.sunoresearch.com.br\/n\/uploads\/2023\/04\/1420x240-Planilha-vida-financeira-true.png\"\n\t\t\t\t\tdata-promo-id=\"106682\"\t\t\t\t\t\t\t\t\t\twidth='1420' height='240'\t\t\t\t\talt=\"https:\/\/files.sunoresearch.com.br\/n\/uploads\/2023\/04\/1420x240-Planilha-vida-financeira-true.png\"\n\t\t\t\t>\n\t\t\t<\/picture>\n\t\t<\/a>\n\t<\/p>\n\n\n<h2>1. Usiminas (USIM5) dispara ap\u00f3s forte corre\u00e7\u00e3o e lidera Ibovespa<\/h2>\n<p>A sider\u00fargica terminou a semana como destaque do Ibovespa com salto de 17%. Sem nenhuma not\u00edcia no radar que impulsionasse a Usiminas t\u00e3o \u00e0 frente de suas concorrentes, como <a class=\"suno-keyword\" href=\"https:\/\/www.suno.com.br\/acoes\/CSNA3\/\" target=\"_blank\" rel=\"noopener\" data-force=\"yes\" data-priority=\"2\">CSN (CSNA3)<\/a> e <a class=\"suno-keyword\" href=\"https:\/\/www.suno.com.br\/acoes\/GGBR4\/\" target=\"_blank\" rel=\"noopener\" data-force=\"yes\" data-priority=\"2\">Gerdau (GGBR4)<\/a>, a alta pode ser sinal de uma recupera\u00e7\u00e3o ap\u00f3s corre\u00e7\u00e3o nas \u00faltimas semanas com a <strong>queda do min\u00e9rio de ferro.<\/strong><\/p>\n<p>A Usiminas, que era negociada no patamar de R$ 21 no come\u00e7o de agosto foi ladeira abaixo nas semanas seguintes at\u00e9 tocar na m\u00ednima de R$ 13,13 na segunda feira, tombo de quase 40%.<\/p>\n<p>Os investidores voltaram com for\u00e7a na a\u00e7\u00e3o na quarta-feira e quinta-feira, quando o papel subiu 8,7% e 9,25%, respectivamente.<\/p>\n<p>A confian\u00e7a aumentou com relat\u00f3rio do BTG Pactual que afirmou que a companhia est\u00e1 &#8220;mal avaliada&#8221;. Para os analistas do banco, as a\u00e7\u00f5es est\u00e3o &#8220;sendo negociadas a 1,6x EV\/EBITDA 22 (a avalia\u00e7\u00e3o mais barata de nossa cobertura).<\/p>\n\t<div data-element=\"shortcode-read-more\" class=\"knowMore\">\n\t\t\t\t<span class=\"knowMore__title\">Leia a an\u00e1lise do BTG<\/span>\n\t\t\t\t<a class=\"knowMore__link\" href=\"https:\/\/www.suno.com.br\/noticias\/usiminas-usim5-btg-bpac11-recomenda-compra-acao-sobe\/\">\n\t\t\tUsiminas (USIM5) est\u00e1 &#039;mal avaliada&#039;, diz BTG, que recomenda compra; a\u00e7\u00e3o dispara\t\t<\/a>\n\t<\/div>\n\n\n<h2>2. CVC Brasil (CVCB3) sobe com dados operacionais<\/h2>\n<p>A reabertura dos pa\u00edses aos brasileiros com o relaxamento das <strong>regras de restri\u00e7\u00e3o de mobilidade<\/strong> para combater a <strong>pandemia de covid-<\/strong>19 tem deixado os investidores mais otimistas com a\u00e7\u00f5es do <strong>setor de turismo e viagem<\/strong>.<\/p>\n<p>A CVC Brasil foi destaque do Ibovespa com uma semana inteira no positivo, com ganhos di\u00e1rios entre 0,23% e 6,91%. Na ter\u00e7a-feira, a empresa mostrou seus dados financeiros e operacionais relativos a agosto.<\/p>\n\t<p>\n\t\t<a href=\"https:\/\/lp.suno.com.br\/ebook-como-analisar-uma-acao\/\" target=\"_blank\" data-element=\"shortcode-suno-banner\" title=\"Banner SUNO, clique e saiba mais\">\n\t\t\t<picture>\n\t\t\t\t<source media=\"(max-width: 500px)\" srcset=\"https:\/\/files.sunoresearch.com.br\/n\/uploads\/2023\/03\/Ebook-Acoes-Mobile-1.jpg\">\n\t\t\t\t<img class=\"newsContent__article__imgCapa newsContent__article__imgCapa--banner\"\n\t\t\t\t\tsrc=\"https:\/\/files.sunoresearch.com.br\/n\/uploads\/2023\/03\/Ebook-Acoes-Desktop-1.jpg\"\n\t\t\t\t\tdata-promo-id=\"171998\"\t\t\t\t\t\t\t\t\t\twidth='1420' height='286'\t\t\t\t\talt=\"https:\/\/files.sunoresearch.com.br\/n\/uploads\/2023\/03\/Ebook-Acoes-Desktop-1.jpg\"\n\t\t\t\t>\n\t\t\t<\/picture>\n\t\t<\/a>\n\t<\/p>\n\n\n<h2>3. Gol (GOLL4) avan\u00e7a com carros voadores, emiss\u00f5es e retomada<\/h2>\n<p>A companhia a\u00e9rea teve uma semana movimentada no notici\u00e1rio e as a\u00e7\u00f5es reagiram positivamente, com ganho de 14,43%.<\/p>\n<p>A empresa informou no come\u00e7o da semana que sua malha a\u00e9rea ir\u00e1 contar com 250 <strong>aeronaves el\u00e9tricas eVTOL<\/strong> &#8212; tamb\u00e9m chamada de carros voadores. A Avolon ser\u00e1 a fornecedora dos ve\u00edculos, que ter\u00e3o decolagem e pouso verticais, com in\u00edcio de opera\u00e7\u00e3o em 2025.<\/p>\n<p>A Gol ainda captou US$ 150 milh\u00f5es em bonds com vencimento em 2026, juros de 8% ao ano.<\/p>\n\n\t<div data-element=\"shortcode-read-more\" class=\"readToo\">\n\t\t\t\t<span class=\"readToo__title\">Leia mais sobre a Gol<\/span>\n\t\t\t\t<ul class=\"readToo__list\">\n\t\t\t<li><a href=\"https:\/\/www.suno.com.br\/noticias\/gol-goll4-precificacao-150-milhoes-bonds-2026\/\">Gol (GOLL4) confirma precifica\u00e7\u00e3o de US$ 150 milh\u00f5es com reabertura de bonds 2026<\/a><\/li><li><a href=\"https:\/\/www.suno.com.br\/noticias\/gol-goll4-adquire-250-aeronaves-eletricas-evtol\/\">Gol (GOLL4) compra 250 aeronaves el\u00e9tricas do tipo eVTOL<\/a><\/li>\t\t<\/ul>\n\t<\/div>\n\n\n\t<p>\n\t\t<a href=\"https:\/\/lp.suno.com.br\/planilha-de-controle-de-investimentos\/\" target=\"_blank\" data-element=\"shortcode-suno-banner\" title=\"Banner SUNO, clique e saiba mais\">\n\t\t\t<picture>\n\t\t\t\t<source media=\"(max-width: 500px)\" srcset=\"https:\/\/files.sunoresearch.com.br\/n\/uploads\/2023\/03\/400x300-Controle-de-Investimentos.png\">\n\t\t\t\t<img class=\"newsContent__article__imgCapa newsContent__article__imgCapa--banner\"\n\t\t\t\t\tsrc=\"https:\/\/files.sunoresearch.com.br\/n\/uploads\/2023\/03\/1420x240-Controle-de-Investimentos.png\"\n\t\t\t\t\tdata-promo-id=\"75934\"\t\t\t\t\t\t\t\t\t\twidth='1420' height='240'\t\t\t\t\talt=\"https:\/\/files.sunoresearch.com.br\/n\/uploads\/2023\/03\/1420x240-Controle-de-Investimentos.png\"\n\t\t\t\t>\n\t\t\t<\/picture>\n\t\t<\/a>\n\t<\/p>\n\n\n<h2>4. Embraer (EMBR3) tamb\u00e9m voa com carros voadores e fica em 4\u00ba no Ibovespa<\/h2>\n<p>A fabricante de aeronaves tem investido em solu\u00e7\u00f5es de <strong>mobilidade a\u00e9rea<\/strong> al\u00e9m dos jatos e os investidores t\u00eam aplaudido. O <strong>papel EMBR3<\/strong> subiu quase 14% com mais not\u00edcias de acordos para entregar <strong>carros voadores<\/strong> e ficou no quarto lugar entre as a\u00e7\u00f5es que mais subiram no Ibovespa.<\/p>\n<p>A Embraer fechou acordo para fornecer 100 carros para a Bristow Group, com entregas a partir de 2026. J\u00e1 a \u00e1rea de inova\u00e7\u00e3o <strong>EmbraerX<\/strong> assinou parceria com a Pyka, do Vale do Sil\u00edcio, para desenvolver aeronaves aut\u00f4nomas de pulveriza\u00e7\u00e3o para o setor agr\u00edcola.<\/p>\n<p>No radar dos investidores, o Goldman Sachs publicou relat\u00f3rio elevando o papel para &#8220;compra&#8221;, com <a class=\"suno-keyword\" href=\"https:\/\/www.suno.com.br\/artigos\/preco-alvo\/\" target=\"_blank\" rel=\"noopener\" data-force=\"no\" data-priority=\"1\">pre\u00e7o alvo<\/a> de R$ 23.<\/p>\n\n\t<div data-element=\"shortcode-read-more\" class=\"readToo\">\n\t\t\t\t<span class=\"readToo__title\">Veja mais sobre a Embraer<\/span>\n\t\t\t\t<ul class=\"readToo__list\">\n\t\t\t<li><a href=\"https:\/\/www.suno.com.br\/noticias\/embraer-embr3-pyka-parceria-aviacao-agricola\/\">Embraer (EMBR3): subsidi\u00e1ria e empresa do Vale do Sil\u00edcio anunciam parceria em avia\u00e7\u00e3o agr\u00edcola aut\u00f4noma e el\u00e9trica<\/a><\/li><li><a href=\"https:\/\/www.suno.com.br\/noticias\/embraer-embr3-dispara-no-ibovespa-entenda\/\">Embraer (EMBR3) dispara 9% no Ibovespa ap\u00f3s relat\u00f3rio do Goldman; entenda<\/a><\/li><li><a href=\"https:\/\/www.suno.com.br\/noticias\/embraer-embr3-fecha-parceria-evtol-europa\/\">Embraer (EMBR3) fecha parceria para desenvolvimento do eVTOL na Europa<\/a><\/li>\t\t<\/ul>\n\t<\/div>\n\n\n<h2>5. Ultrapar sobe com plano de sucess\u00e3o<\/h2>\n<p>A Ultrapar disparou 13% na semana ap\u00f3s o mercado receber bem o <strong>plano de sucess\u00e3o<\/strong> de posi\u00e7\u00f5es-chave dentro da holding.<\/p>\n<p>O presidente do colegiado, Pedro Wongtschowski, cujo mandato se encerrar\u00e1 em abril de 2023, ser\u00e1 substitu\u00eddo por Marcos Marinho Lutz, atual conselheiro da companhia. J\u00e1 a vice-presid\u00eancia ficar\u00e1 com Frederico Fleury Pinheiro Curado, atual diretor presidente, cargo que assumir\u00e1 em janeiro de 2022. Na Ipiranga, assume Leandro Linden no lugar de Marcelo Ara\u00fajo, que passa a ser diretor da holding.<\/p>\n\t<div data-element=\"shortcode-read-more\" class=\"knowMore\">\n\t\t\t\t<span class=\"knowMore__title\">Leia mais<\/span>\n\t\t\t\t<a class=\"knowMore__link\" href=\"https:\/\/www.suno.com.br\/noticias\/ultrapar-ugpa3-plano-sucessao-conselho-administracao\/\">\n\t\t\tUltrapar (UGPA3) anuncia plano de sucess\u00e3o do conselho de administra\u00e7\u00e3o\t\t<\/a>\n\t<\/div>\n\n\n<p>No ano, o <strong>Ibovespa<\/strong> acumula perdas de 4,69%.<\/p>\n\t<p>\n\t\t<a href=\"\" target=\"_blank\" data-element=\"shortcode-suno-banner\" title=\"Banner SUNO, clique e saiba mais\">\n\t\t\t<picture>\n\t\t\t\t<source media=\"(max-width: 500px)\" srcset=\"\">\n\t\t\t\t<img class=\"newsContent__article__imgCapa newsContent__article__imgCapa--banner\"\n\t\t\t\t\tsrc=\"\"\n\t\t\t\t\tdata-promo-id=\"184190\"\t\t\t\t\t\t\t\t\t\t\t\t\t\t\talt=\"\"\n\t\t\t\t>\n\t\t\t<\/picture>\n\t\t<\/a>\n\t<\/p>\n\n\n","protected":false},"excerpt":{"rendered":"<p>A semana de recupera\u00e7\u00e3o do Ibovespa, que interrompeu uma sequ\u00eancia de tr\u00eas quedas, come\u00e7ou bastante movimentada com a not\u00edcia de que a gigante do setor imobili\u00e1rio chin\u00eas Evergrande n\u00e3o conseguiria honrar parte de suas d\u00edvidas de US$ 300 bilh\u00f5es. O temor dos mercados de um cont\u00e1gio entre outras empresas chinesas e bancos globais jogou os [&hellip;]<\/p>\n","protected":false},"author":43,"featured_media":154544,"comment_status":"closed","ping_status":"closed","sticky":false,"template":"","format":"standard","meta":[],"categories":[64],"tags":[442,460,489,721,671,2609,675],"suno_strategy":[],"class_list":["post-187672","post","type-post","status-publish","format-standard","has-post-thumbnail","hentry","category-negocios","tag-cvc-cvcb3","tag-embraer-embr3","tag-gol-linhas-aereas-goll11-goll4","tag-ibovespa","tag-ultrapar-ugpa3","tag-usim5","tag-usiminas"],"yoast_head":"<!-- This site is optimized with the Yoast SEO plugin v24.4 - https:\/\/yoast.com\/wordpress\/plugins\/seo\/ -->\n<title>Usiminas (USIM5) e CVC Brasil (CVCB3) lideram ganhos do Ibovespa na semana<\/title>\n<meta name=\"description\" content=\"Com alta de 17%, a Usiminas liderou as altas do Ibovespa na semana. Clique e veja a lista das 5 a\u00e7\u00f5es que mais subiram!\" \/>\n<meta name=\"robots\" content=\"index, follow, max-snippet:-1, max-image-preview:large, max-video-preview:-1\" \/>\n<link rel=\"canonical\" href=\"https:\/\/www.suno.com.br\/noticias\/usiminas-usim5-cvc-brasil-cvcb3-ibovespa-semana\/\" \/>\n<meta property=\"og:locale\" content=\"pt_BR\" \/>\n<meta property=\"og:type\" content=\"article\" \/>\n<meta property=\"og:title\" content=\"Usiminas (USIM5) e CVC Brasil (CVCB3) lideram ganhos do Ibovespa na semana\" \/>\n<meta property=\"og:description\" content=\"Com alta de 17%, a Usiminas liderou as altas do Ibovespa na semana. Clique e veja a lista das 5 a\u00e7\u00f5es que mais subiram!\" \/>\n<meta property=\"og:url\" content=\"https:\/\/www.suno.com.br\/noticias\/usiminas-usim5-cvc-brasil-cvcb3-ibovespa-semana\/\" \/>\n<meta property=\"og:site_name\" content=\"Suno Not\u00edcias\" \/>\n<meta property=\"article:publisher\" content=\"https:\/\/facebook.com\/sunoresearch\" \/>\n<meta property=\"article:author\" content=\"https:\/\/www.facebook.com\/sunonoticias\/\" \/>\n<meta property=\"og:image\" content=\"https:\/\/files.sunoresearch.com.br\/n\/uploads\/2021\/06\/43d9016d-sede.jpg\" \/>\n\t<meta property=\"og:image:width\" content=\"1920\" \/>\n\t<meta property=\"og:image:height\" content=\"1280\" \/>\n\t<meta property=\"og:image:type\" content=\"image\/jpeg\" \/>\n<meta name=\"author\" content=\"Reda\u00e7\u00e3o Suno Not\u00edcias\" \/>\n<meta name=\"twitter:card\" content=\"summary_large_image\" \/>\n<meta name=\"twitter:creator\" content=\"@https:\/\/twitter.com\/sunoresearch\" \/>\n<meta name=\"twitter:site\" content=\"@sunoresearch\" \/>\n<meta name=\"twitter:label1\" content=\"Escrito por\" \/>\n\t<meta name=\"twitter:data1\" content=\"Reda\u00e7\u00e3o Suno Not\u00edcias\" \/>\n\t<meta name=\"twitter:label2\" content=\"Est. tempo de leitura\" \/>\n\t<meta name=\"twitter:data2\" content=\"4 minutos\" \/>\n<script type=\"application\/ld+json\" class=\"yoast-schema-graph\">{\"@context\":\"https:\/\/schema.org\",\"@graph\":[{\"@type\":\"NewsArticle\",\"@id\":\"https:\/\/www.suno.com.br\/noticias\/usiminas-usim5-cvc-brasil-cvcb3-ibovespa-semana\/#article\",\"isPartOf\":{\"@id\":\"https:\/\/www.suno.com.br\/noticias\/usiminas-usim5-cvc-brasil-cvcb3-ibovespa-semana\/\"},\"author\":{\"name\":\"Reda\u00e7\u00e3o Suno Not\u00edcias\",\"@id\":\"https:\/\/www.suno.com.br\/noticias\/#\/schema\/person\/c1b1bd3727fa852bd045e9dbff3673ea\"},\"headline\":\"Usiminas (USIM5) e CVC Brasil (CVCB3) lideram ganhos do Ibovespa na semana\",\"datePublished\":\"2021-09-25T17:08:24+00:00\",\"mainEntityOfPage\":{\"@id\":\"https:\/\/www.suno.com.br\/noticias\/usiminas-usim5-cvc-brasil-cvcb3-ibovespa-semana\/\"},\"wordCount\":819,\"publisher\":{\"@id\":\"https:\/\/www.suno.com.br\/noticias\/#organization\"},\"image\":{\"@id\":\"https:\/\/www.suno.com.br\/noticias\/usiminas-usim5-cvc-brasil-cvcb3-ibovespa-semana\/#primaryimage\"},\"thumbnailUrl\":\"https:\/\/files.sunoresearch.com.br\/n\/uploads\/2021\/06\/43d9016d-sede-jpg.webp\",\"keywords\":[\"CVC (CVCB3)\",\"Embraer (EMBR3)\",\"Gol Linhas A\u00e9reas (GOLL11\/GOLL4)\",\"Ibovespa\",\"Ultrapar (UGPA3)\",\"USIM5\",\"Usiminas\"],\"articleSection\":[\"Neg\u00f3cios\"],\"inLanguage\":\"pt-BR\"},{\"@type\":\"WebPage\",\"@id\":\"https:\/\/www.suno.com.br\/noticias\/usiminas-usim5-cvc-brasil-cvcb3-ibovespa-semana\/\",\"url\":\"https:\/\/www.suno.com.br\/noticias\/usiminas-usim5-cvc-brasil-cvcb3-ibovespa-semana\/\",\"name\":\"Usiminas (USIM5) e CVC Brasil (CVCB3) lideram ganhos do Ibovespa na semana\",\"isPartOf\":{\"@id\":\"https:\/\/www.suno.com.br\/noticias\/#website\"},\"primaryImageOfPage\":{\"@id\":\"https:\/\/www.suno.com.br\/noticias\/usiminas-usim5-cvc-brasil-cvcb3-ibovespa-semana\/#primaryimage\"},\"image\":{\"@id\":\"https:\/\/www.suno.com.br\/noticias\/usiminas-usim5-cvc-brasil-cvcb3-ibovespa-semana\/#primaryimage\"},\"thumbnailUrl\":\"https:\/\/files.sunoresearch.com.br\/n\/uploads\/2021\/06\/43d9016d-sede-jpg.webp\",\"datePublished\":\"2021-09-25T17:08:24+00:00\",\"description\":\"Com alta de 17%, a Usiminas liderou as altas do Ibovespa na semana. Clique e veja a lista das 5 a\u00e7\u00f5es que mais subiram!\",\"breadcrumb\":{\"@id\":\"https:\/\/www.suno.com.br\/noticias\/usiminas-usim5-cvc-brasil-cvcb3-ibovespa-semana\/#breadcrumb\"},\"inLanguage\":\"pt-BR\",\"potentialAction\":[{\"@type\":\"ReadAction\",\"target\":[\"https:\/\/www.suno.com.br\/noticias\/usiminas-usim5-cvc-brasil-cvcb3-ibovespa-semana\/\"]}]},{\"@type\":\"ImageObject\",\"inLanguage\":\"pt-BR\",\"@id\":\"https:\/\/www.suno.com.br\/noticias\/usiminas-usim5-cvc-brasil-cvcb3-ibovespa-semana\/#primaryimage\",\"url\":\"https:\/\/files.sunoresearch.com.br\/n\/uploads\/2021\/06\/43d9016d-sede-jpg.webp\",\"contentUrl\":\"https:\/\/files.sunoresearch.com.br\/n\/uploads\/2021\/06\/43d9016d-sede-jpg.webp\",\"width\":1920,\"height\":1280,\"caption\":\"Sede da Usiminas (USIM5). Foto: Divulga\u00e7\u00e3o\"},{\"@type\":\"BreadcrumbList\",\"@id\":\"https:\/\/www.suno.com.br\/noticias\/usiminas-usim5-cvc-brasil-cvcb3-ibovespa-semana\/#breadcrumb\",\"itemListElement\":[{\"@type\":\"ListItem\",\"position\":1,\"name\":\"Not\u00edcias\",\"item\":\"https:\/\/www.suno.com.br\/noticias\/\"},{\"@type\":\"ListItem\",\"position\":2,\"name\":\"Neg\u00f3cios\",\"item\":\"https:\/\/www.suno.com.br\/noticias\/negocios\/\"},{\"@type\":\"ListItem\",\"position\":3,\"name\":\"Usiminas (USIM5) e CVC Brasil (CVCB3) lideram ganhos do Ibovespa na semana\"}]},{\"@type\":\"WebSite\",\"@id\":\"https:\/\/www.suno.com.br\/noticias\/#website\",\"url\":\"https:\/\/www.suno.com.br\/noticias\/\",\"name\":\"Suno Not\u00edcias\",\"description\":\"Seu portal de informa\u00e7\u00e3o sobre o mundo dos investimentos\",\"publisher\":{\"@id\":\"https:\/\/www.suno.com.br\/noticias\/#organization\"},\"potentialAction\":[{\"@type\":\"SearchAction\",\"target\":{\"@type\":\"EntryPoint\",\"urlTemplate\":\"https:\/\/www.suno.com.br\/noticias\/?s={search_term_string}\"},\"query-input\":{\"@type\":\"PropertyValueSpecification\",\"valueRequired\":true,\"valueName\":\"search_term_string\"}}],\"inLanguage\":\"pt-BR\"},{\"@type\":\"Organization\",\"@id\":\"https:\/\/www.suno.com.br\/noticias\/#organization\",\"name\":\"Suno Not\u00edcias\",\"url\":\"https:\/\/www.suno.com.br\/noticias\/\",\"logo\":{\"@type\":\"ImageObject\",\"inLanguage\":\"pt-BR\",\"@id\":\"https:\/\/www.suno.com.br\/noticias\/#\/schema\/logo\/image\/\",\"url\":\"https:\/\/files.sunoresearch.com.br\/n\/uploads\/2021\/09\/suno-logo.png\",\"contentUrl\":\"https:\/\/files.sunoresearch.com.br\/n\/uploads\/2021\/09\/suno-logo.png\",\"width\":180,\"height\":180,\"caption\":\"Suno Not\u00edcias\"},\"image\":{\"@id\":\"https:\/\/www.suno.com.br\/noticias\/#\/schema\/logo\/image\/\"},\"sameAs\":[\"https:\/\/facebook.com\/sunoresearch\",\"https:\/\/x.com\/sunoresearch\",\"https:\/\/www.instagram.com\/suno\",\"https:\/\/www.linkedin.com\/company\/suno-research\/\",\"https:\/\/www.youtube.com\/c\/sunoresearch\"]},{\"@type\":\"Person\",\"@id\":\"https:\/\/www.suno.com.br\/noticias\/#\/schema\/person\/c1b1bd3727fa852bd045e9dbff3673ea\",\"name\":\"Reda\u00e7\u00e3o Suno Not\u00edcias\",\"image\":{\"@type\":\"ImageObject\",\"inLanguage\":\"pt-BR\",\"@id\":\"https:\/\/www.suno.com.br\/noticias\/#\/schema\/person\/image\/\",\"url\":\"https:\/\/secure.gravatar.com\/avatar\/b8104b9b5a71985d5238ee59fbe418af?s=96&r=g\",\"contentUrl\":\"https:\/\/secure.gravatar.com\/avatar\/b8104b9b5a71985d5238ee59fbe418af?s=96&r=g\",\"caption\":\"Reda\u00e7\u00e3o Suno Not\u00edcias\"},\"description\":\"O Suno Not\u00edcias \u00e9 um portal de informa\u00e7\u00f5es sobre Mercado Financeiro, Pol\u00edtica, Neg\u00f3cios, Economia e Finan\u00e7as Pessoais.\",\"sameAs\":[\"https:\/\/www.suno.com.br\/noticias\",\"https:\/\/www.facebook.com\/sunonoticias\/\",\"https:\/\/www.instagram.com\/sunonoticias\/\",\"https:\/\/x.com\/https:\/\/twitter.com\/sunoresearch\",\"https:\/\/www.youtube.com\/sunonoticias\"],\"url\":\"https:\/\/www.suno.com.br\/noticias\/author\/redacao-suno\/\"}]}<\/script>\n<!-- \/ Yoast SEO plugin. -->","yoast_head_json":{"title":"Usiminas (USIM5) e CVC Brasil (CVCB3) lideram ganhos do Ibovespa na semana","description":"Com alta de 17%, a Usiminas liderou as altas do Ibovespa na semana. Clique e veja a lista das 5 a\u00e7\u00f5es que mais subiram!","robots":{"index":"index","follow":"follow","max-snippet":"max-snippet:-1","max-image-preview":"max-image-preview:large","max-video-preview":"max-video-preview:-1"},"canonical":"https:\/\/www.suno.com.br\/noticias\/usiminas-usim5-cvc-brasil-cvcb3-ibovespa-semana\/","og_locale":"pt_BR","og_type":"article","og_title":"Usiminas (USIM5) e CVC Brasil (CVCB3) lideram ganhos do Ibovespa na semana","og_description":"Com alta de 17%, a Usiminas liderou as altas do Ibovespa na semana. Clique e veja a lista das 5 a\u00e7\u00f5es que mais subiram!","og_url":"https:\/\/www.suno.com.br\/noticias\/usiminas-usim5-cvc-brasil-cvcb3-ibovespa-semana\/","og_site_name":"Suno Not\u00edcias","article_publisher":"https:\/\/facebook.com\/sunoresearch","article_author":"https:\/\/www.facebook.com\/sunonoticias\/","og_image":[{"width":1920,"height":1280,"url":"https:\/\/files.sunoresearch.com.br\/n\/uploads\/2021\/06\/43d9016d-sede.jpg","type":"image\/jpeg"}],"author":"Reda\u00e7\u00e3o Suno Not\u00edcias","twitter_card":"summary_large_image","twitter_creator":"@https:\/\/twitter.com\/sunoresearch","twitter_site":"@sunoresearch","twitter_misc":{"Escrito por":"Reda\u00e7\u00e3o Suno Not\u00edcias","Est. tempo de leitura":"4 minutos"},"schema":{"@context":"https:\/\/schema.org","@graph":[{"@type":"NewsArticle","@id":"https:\/\/www.suno.com.br\/noticias\/usiminas-usim5-cvc-brasil-cvcb3-ibovespa-semana\/#article","isPartOf":{"@id":"https:\/\/www.suno.com.br\/noticias\/usiminas-usim5-cvc-brasil-cvcb3-ibovespa-semana\/"},"author":{"name":"Reda\u00e7\u00e3o Suno Not\u00edcias","@id":"https:\/\/www.suno.com.br\/noticias\/#\/schema\/person\/c1b1bd3727fa852bd045e9dbff3673ea"},"headline":"Usiminas (USIM5) e CVC Brasil (CVCB3) lideram ganhos do Ibovespa na semana","datePublished":"2021-09-25T17:08:24+00:00","mainEntityOfPage":{"@id":"https:\/\/www.suno.com.br\/noticias\/usiminas-usim5-cvc-brasil-cvcb3-ibovespa-semana\/"},"wordCount":819,"publisher":{"@id":"https:\/\/www.suno.com.br\/noticias\/#organization"},"image":{"@id":"https:\/\/www.suno.com.br\/noticias\/usiminas-usim5-cvc-brasil-cvcb3-ibovespa-semana\/#primaryimage"},"thumbnailUrl":"https:\/\/files.sunoresearch.com.br\/n\/uploads\/2021\/06\/43d9016d-sede-jpg.webp","keywords":["CVC (CVCB3)","Embraer (EMBR3)","Gol Linhas A\u00e9reas (GOLL11\/GOLL4)","Ibovespa","Ultrapar (UGPA3)","USIM5","Usiminas"],"articleSection":["Neg\u00f3cios"],"inLanguage":"pt-BR"},{"@type":"WebPage","@id":"https:\/\/www.suno.com.br\/noticias\/usiminas-usim5-cvc-brasil-cvcb3-ibovespa-semana\/","url":"https:\/\/www.suno.com.br\/noticias\/usiminas-usim5-cvc-brasil-cvcb3-ibovespa-semana\/","name":"Usiminas (USIM5) e CVC Brasil (CVCB3) lideram ganhos do Ibovespa na semana","isPartOf":{"@id":"https:\/\/www.suno.com.br\/noticias\/#website"},"primaryImageOfPage":{"@id":"https:\/\/www.suno.com.br\/noticias\/usiminas-usim5-cvc-brasil-cvcb3-ibovespa-semana\/#primaryimage"},"image":{"@id":"https:\/\/www.suno.com.br\/noticias\/usiminas-usim5-cvc-brasil-cvcb3-ibovespa-semana\/#primaryimage"},"thumbnailUrl":"https:\/\/files.sunoresearch.com.br\/n\/uploads\/2021\/06\/43d9016d-sede-jpg.webp","datePublished":"2021-09-25T17:08:24+00:00","description":"Com alta de 17%, a Usiminas liderou as altas do Ibovespa na semana. Clique e veja a lista das 5 a\u00e7\u00f5es que mais subiram!","breadcrumb":{"@id":"https:\/\/www.suno.com.br\/noticias\/usiminas-usim5-cvc-brasil-cvcb3-ibovespa-semana\/#breadcrumb"},"inLanguage":"pt-BR","potentialAction":[{"@type":"ReadAction","target":["https:\/\/www.suno.com.br\/noticias\/usiminas-usim5-cvc-brasil-cvcb3-ibovespa-semana\/"]}]},{"@type":"ImageObject","inLanguage":"pt-BR","@id":"https:\/\/www.suno.com.br\/noticias\/usiminas-usim5-cvc-brasil-cvcb3-ibovespa-semana\/#primaryimage","url":"https:\/\/files.sunoresearch.com.br\/n\/uploads\/2021\/06\/43d9016d-sede-jpg.webp","contentUrl":"https:\/\/files.sunoresearch.com.br\/n\/uploads\/2021\/06\/43d9016d-sede-jpg.webp","width":1920,"height":1280,"caption":"Sede da Usiminas (USIM5). Foto: Divulga\u00e7\u00e3o"},{"@type":"BreadcrumbList","@id":"https:\/\/www.suno.com.br\/noticias\/usiminas-usim5-cvc-brasil-cvcb3-ibovespa-semana\/#breadcrumb","itemListElement":[{"@type":"ListItem","position":1,"name":"Not\u00edcias","item":"https:\/\/www.suno.com.br\/noticias\/"},{"@type":"ListItem","position":2,"name":"Neg\u00f3cios","item":"https:\/\/www.suno.com.br\/noticias\/negocios\/"},{"@type":"ListItem","position":3,"name":"Usiminas (USIM5) e CVC Brasil (CVCB3) lideram ganhos do Ibovespa na semana"}]},{"@type":"WebSite","@id":"https:\/\/www.suno.com.br\/noticias\/#website","url":"https:\/\/www.suno.com.br\/noticias\/","name":"Suno Not\u00edcias","description":"Seu portal de informa\u00e7\u00e3o sobre o mundo dos investimentos","publisher":{"@id":"https:\/\/www.suno.com.br\/noticias\/#organization"},"potentialAction":[{"@type":"SearchAction","target":{"@type":"EntryPoint","urlTemplate":"https:\/\/www.suno.com.br\/noticias\/?s={search_term_string}"},"query-input":{"@type":"PropertyValueSpecification","valueRequired":true,"valueName":"search_term_string"}}],"inLanguage":"pt-BR"},{"@type":"Organization","@id":"https:\/\/www.suno.com.br\/noticias\/#organization","name":"Suno Not\u00edcias","url":"https:\/\/www.suno.com.br\/noticias\/","logo":{"@type":"ImageObject","inLanguage":"pt-BR","@id":"https:\/\/www.suno.com.br\/noticias\/#\/schema\/logo\/image\/","url":"https:\/\/files.sunoresearch.com.br\/n\/uploads\/2021\/09\/suno-logo.png","contentUrl":"https:\/\/files.sunoresearch.com.br\/n\/uploads\/2021\/09\/suno-logo.png","width":180,"height":180,"caption":"Suno Not\u00edcias"},"image":{"@id":"https:\/\/www.suno.com.br\/noticias\/#\/schema\/logo\/image\/"},"sameAs":["https:\/\/facebook.com\/sunoresearch","https:\/\/x.com\/sunoresearch","https:\/\/www.instagram.com\/suno","https:\/\/www.linkedin.com\/company\/suno-research\/","https:\/\/www.youtube.com\/c\/sunoresearch"]},{"@type":"Person","@id":"https:\/\/www.suno.com.br\/noticias\/#\/schema\/person\/c1b1bd3727fa852bd045e9dbff3673ea","name":"Reda\u00e7\u00e3o Suno Not\u00edcias","image":{"@type":"ImageObject","inLanguage":"pt-BR","@id":"https:\/\/www.suno.com.br\/noticias\/#\/schema\/person\/image\/","url":"https:\/\/secure.gravatar.com\/avatar\/b8104b9b5a71985d5238ee59fbe418af?s=96&r=g","contentUrl":"https:\/\/secure.gravatar.com\/avatar\/b8104b9b5a71985d5238ee59fbe418af?s=96&r=g","caption":"Reda\u00e7\u00e3o Suno Not\u00edcias"},"description":"O Suno Not\u00edcias \u00e9 um portal de informa\u00e7\u00f5es sobre Mercado Financeiro, Pol\u00edtica, Neg\u00f3cios, Economia e Finan\u00e7as Pessoais.","sameAs":["https:\/\/www.suno.com.br\/noticias","https:\/\/www.facebook.com\/sunonoticias\/","https:\/\/www.instagram.com\/sunonoticias\/","https:\/\/x.com\/https:\/\/twitter.com\/sunoresearch","https:\/\/www.youtube.com\/sunonoticias"],"url":"https:\/\/www.suno.com.br\/noticias\/author\/redacao-suno\/"}]}},"default_loop_html":"<div class=\"cardsPage__listCard__boxs\"><div class=\"cardsPage__listCard__boxs__img\"><a href=\"https:\/\/www.suno.com.br\/noticias\/embraer-embr3-fecha-parceria-evtol-europa\/\"><img class=\"mask\" src=\"https:\/\/www.suno.com.br\/noticias\/wp-content\/themes\/suno\/resources\/images\/spotlight\/spotlight1img\/bg-mask.png\" alt=\"Image Mask\"\/><img src=\"https:\/\/files.sunoresearch.com.br\/n\/uploads\/2021\/06\/fe2d9c85-202486058_3719702038135266_8953010912953026238_n-400x200.webp\" alt=\"Embraer (EMBR3) fecha parceria para desenvolvimento do eVTOL na Europa\"\/><\/a><span class=\"spotlightCategory\"><a href=\"https:\/\/www.suno.com.br\/noticias\/negocios\/\">Neg\u00f3cios<\/a><\/span><\/div><div class=\"cardsPage__listCard__boxs__content\"><a href=\"https:\/\/www.suno.com.br\/noticias\/embraer-embr3-fecha-parceria-evtol-europa\/\"><h2 class=\"content__title\">Embraer (EMBR3) fecha parceria para desenvolvimento do eVTOL na Europa<\/h2><\/a><div class=\"newsContent__article__meta\"><div class=\"newsContent__article__meta__authorBox\"><a href=\"https:\/\/www.suno.com.br\/noticias\/author\/monique-lima\/\" class=\"authorBox__avatar noMobi\"><img src=\"https:\/\/secure.gravatar.com\/avatar\/daee7f16d906c2e9ffed236206ca2c30?s=96&#038;r=g\" alt=\"Monique Lima\"><\/a><div class=\"authorBox__name\"><span>por\n\t\t\t<a href=\"https:\/\/www.suno.com.br\/noticias\/author\/monique-lima\/\"><span itemprop=\"author\">Monique Lima<\/span><\/a><\/span><time datetime=\"2021-09-20T18:16:59-03:00\" itemprop=\"datePublished\">20\/09\/2021 18:16<\/time><\/div><\/div><\/div><\/div><\/div>","single_layout":"posts","amp_enabled":true,"_links":{"self":[{"href":"https:\/\/www.suno.com.br\/noticias\/wp-json\/wp\/v2\/posts\/187672"}],"collection":[{"href":"https:\/\/www.suno.com.br\/noticias\/wp-json\/wp\/v2\/posts"}],"about":[{"href":"https:\/\/www.suno.com.br\/noticias\/wp-json\/wp\/v2\/types\/post"}],"author":[{"embeddable":true,"href":"https:\/\/www.suno.com.br\/noticias\/wp-json\/wp\/v2\/users\/43"}],"replies":[{"embeddable":true,"href":"https:\/\/www.suno.com.br\/noticias\/wp-json\/wp\/v2\/comments?post=187672"}],"version-history":[{"count":2,"href":"https:\/\/www.suno.com.br\/noticias\/wp-json\/wp\/v2\/posts\/187672\/revisions"}],"predecessor-version":[{"id":187675,"href":"https:\/\/www.suno.com.br\/noticias\/wp-json\/wp\/v2\/posts\/187672\/revisions\/187675"}],"wp:featuredmedia":[{"embeddable":true,"href":"https:\/\/www.suno.com.br\/noticias\/wp-json\/wp\/v2\/media\/154544"}],"wp:attachment":[{"href":"https:\/\/www.suno.com.br\/noticias\/wp-json\/wp\/v2\/media?parent=187672"}],"wp:term":[{"taxonomy":"category","embeddable":true,"href":"https:\/\/www.suno.com.br\/noticias\/wp-json\/wp\/v2\/categories?post=187672"},{"taxonomy":"post_tag","embeddable":true,"href":"https:\/\/www.suno.com.br\/noticias\/wp-json\/wp\/v2\/tags?post=187672"},{"taxonomy":"suno_strategy","embeddable":true,"href":"https:\/\/www.suno.com.br\/noticias\/wp-json\/wp\/v2\/suno_strategy?post=187672"}],"curies":[{"name":"wp","href":"https:\/\/api.w.org\/{rel}","templated":true}]}}