{"id":187661,"date":"2021-09-25T10:40:48","date_gmt":"2021-09-25T13:40:48","guid":{"rendered":"https:\/\/www.suno.com.br\/noticias\/?p=187661"},"modified":"2021-09-27T09:32:21","modified_gmt":"2021-09-27T12:32:21","slug":"carrefour-crfb3-preve-vendas-de-r-100-bilhoes-no-atacarejo-em-2024","status":"publish","type":"post","link":"https:\/\/www.suno.com.br\/noticias\/carrefour-crfb3-preve-vendas-de-r-100-bilhoes-no-atacarejo-em-2024\/","title":{"rendered":"Carrefour (CRFB3) prev\u00ea vendas de R$ 100 bilh\u00f5es no atacarejo em 2024"},"content":{"rendered":"<p>O <a class=\"suno-keyword\" href=\"https:\/\/www.suno.com.br\/acoes\/CRFB3\/\" target=\"_blank\" rel=\"noopener\" data-force=\"yes\" data-priority=\"2\"><strong>Carrefour<\/strong> (CRFB3)<\/a> est\u00e1 otimista em rela\u00e7\u00e3o ao crescimento de sua unidade focada no atacarejo e projeta um crescimento de mais de 60% nas vendas nos pr\u00f3ximos tr\u00eas anos.<\/p>\t<div class=\"wrapper-featured-image\">\n\t\t<figure class=\"spotlightImg\">\n\n\t\t\t<picture>\n\t\t\t\t<source media=\"(max-width: 768px)\" srcset=\"https:\/\/files.sunoresearch.com.br\/n\/uploads\/2021\/04\/84feec27-carrefour-1-400x200.webp\">\n\t\t\t\t<img loading=\"lazy\" decoding=\"async\" class=\"newsContent__article__imgCapa lazyloadDisabled \" src=\"https:\/\/files.sunoresearch.com.br\/n\/uploads\/2021\/04\/84feec27-carrefour-1-800x450.webp\" width=\"800\" height=\"450\" alt=\"Carrefour (CRFB3) prev\u00ea vendas de R$ 100 bilh\u00f5es no atacarejo em 2024\" fetchpriority=high \/>\n\t\t\t<\/picture>\n\n\t\t\t<figcaption class=\"wp-caption-text wp-caption-text--show\">Carrefour. (CRFB3) -Foto: Divulga\u00e7\u00e3o<\/figcaption>\n\t\t<\/figure>\n\t<\/div>\n\n\n\t<p>\n\t\t<a href=\"https:\/\/lp.suno.com.br\/planilha-controle-gastos\/\" target=\"_blank\" data-element=\"shortcode-suno-banner\" title=\"Banner SUNO, clique e saiba mais\">\n\t\t\t<picture>\n\t\t\t\t<source media=\"(max-width: 500px)\" srcset=\"https:\/\/files.sunoresearch.com.br\/n\/uploads\/2023\/03\/400x300-Planilha-controle-de-gastos.png\">\n\t\t\t\t<img class=\"newsContent__article__imgCapa newsContent__article__imgCapa--banner\"\n\t\t\t\t\tsrc=\"https:\/\/files.sunoresearch.com.br\/n\/uploads\/2023\/03\/1420x240-Planilha-controle-de-gastos.png\"\n\t\t\t\t\tdata-promo-id=\"101751\"\t\t\t\t\t\t\t\t\t\twidth='1420' height='240'\t\t\t\t\talt=\"https:\/\/files.sunoresearch.com.br\/n\/uploads\/2023\/03\/1420x240-Planilha-controle-de-gastos.png\"\n\t\t\t\t>\n\t\t\t<\/picture>\n\t\t<\/a>\n\t<\/p>\n\n\n<p>Segundo <a class=\"suno-keyword\" href=\"https:\/\/www.suno.com.br\/artigos\/fato-relevante\/\" target=\"_blank\" rel=\"noopener\" data-force=\"no\" data-priority=\"1\">fato relevante<\/a> publicado pelo Carrefour na noite desta sexta-feira (24), o <strong>Atacad\u00e3o<\/strong> dever\u00e1 atingir a cifra de R$ 100 bilh\u00f5es em <strong>vendas brutas<\/strong> no ano de 2024. O n\u00famero representa um aumento de 66% sobre a previs\u00e3o de vendas de R$ 60 bilh\u00f5es para este ano.<\/p>\n<p>A empresa informou que aplicou as proje\u00e7\u00f5es se baseiam na <a href=\"https:\/\/www.suno.com.br\/artigos\/cagr\/\">taxa de crescimento anual composta (CAGR)<\/a> do Atacad\u00e3o, que atinge 15% ao ano entre 2017 e 2020.<\/p>\n<p>As proje\u00e7\u00f5es para 2024 j\u00e1 incluem a incorpora\u00e7\u00e3o das vendas do <strong>atacarejo Maxxi<\/strong>, <a href=\"https:\/\/www.suno.com.br\/noticias\/carrefour-crfb3-sobe-abertura-compra-big\/\">adquiridas do Grupo Big em mar\u00e7o<\/a> e que ainda depende de autoriza\u00e7\u00e3o do Conselho Administrativo de Defesa Econ\u00f4mica (Cade).<\/p>\n<p>No ano passado, o Atacad\u00e3o registrou venda bruta de R$ 51,82 bilh\u00f5es, alta de 23% sobre os R$ 42,06 bilh\u00f5es de 2019. A \u00e1rea representou, em 2020, 69% das vendas totais do grupo Carrefour, que totalizaram R$ 74,75 bilh\u00f5es.<\/p>\n\t<p>\n\t\t<a href=\"https:\/\/lp.suno.com.br\/planilha-da-vida-financeira\/\" target=\"_blank\" data-element=\"shortcode-suno-banner\" title=\"Banner SUNO, clique e saiba mais\">\n\t\t\t<picture>\n\t\t\t\t<source media=\"(max-width: 500px)\" srcset=\"https:\/\/files.sunoresearch.com.br\/n\/uploads\/2023\/04\/400x300-Planilha-vida-financeira-true.png\">\n\t\t\t\t<img class=\"newsContent__article__imgCapa newsContent__article__imgCapa--banner\"\n\t\t\t\t\tsrc=\"https:\/\/files.sunoresearch.com.br\/n\/uploads\/2023\/04\/1420x240-Planilha-vida-financeira-true.png\"\n\t\t\t\t\tdata-promo-id=\"106682\"\t\t\t\t\t\t\t\t\t\twidth='1420' height='240'\t\t\t\t\talt=\"https:\/\/files.sunoresearch.com.br\/n\/uploads\/2023\/04\/1420x240-Planilha-vida-financeira-true.png\"\n\t\t\t\t>\n\t\t\t<\/picture>\n\t\t<\/a>\n\t<\/p>\n\n\n<p><iframe loading=\"lazy\" id=\"doc_22187\" class=\"scribd_iframe_embed\" title=\"Carrefour (CRFB3) prev\u00ea vendas de R$ 100 bilh\u00f5es no atacarejo em 2024\" src=\"https:\/\/pt.scribd.com\/embeds\/527423352\/content?start_page=1&amp;view_mode=scroll&amp;access_key=key-b3KQVnpcLC3veLQ3xA4u\" width=\"600\" height=\"800\" frameborder=\"0\" scrolling=\"no\" data-auto-height=\"false\" data-aspect-ratio=\"0.7068965517241379\"><\/iframe><\/p>\n<p>Veja tamb\u00e9m:<\/p>\n<h3>A\u00e7\u00f5es do Carrefour despencam em Paris com sa\u00edda do investidor Bernard Arnault<\/h3>\n<p>As a\u00e7\u00f5es do Carrefour afundaram no in\u00edcio de setembro na Bolsa de Paris ap\u00f3s o investidor <a href=\"https:\/\/www.suno.com.br\/tudo-sobre\/bernard-arnault\/\">Bernard Arnault<\/a> revelar que est\u00e1 vendendo sua fatia no grupo varejista franc\u00eas.<\/p>\n<p>O <strong>Carrefour<\/strong> informou que o grupo Agache havia decidido vender a participa\u00e7\u00e3o que ainda possui na empresa. Agache \u00e9 a holding company de Bernard Arnault, fundador e diretor executivo da LVMH Mo\u00ebt Hennessy Louis Vuitton SE, o conglomerado franc\u00eas de artigos de luxo.<\/p>\n\t<div data-element=\"shortcode-read-more\" class=\"knowMore\">\n\t\t\t\t<span class=\"knowMore__title\">Saiba mais<\/span>\n\t\t\t\t<a class=\"knowMore__link\" href=\"https:\/\/www.suno.com.br\/noticias\/acoes-do-carrefour-crfb3-despencam-em-paris-com-saida-do-investidor-bernard-arnault\/\">\n\t\t\tA\u00e7\u00f5es do Carrefour (CRFB3) despencam em Paris com sa\u00edda do investidor Bernard Arnault\t\t<\/a>\n\t<\/div>\n\n\n\t<p>\n\t\t<a href=\"https:\/\/lp.suno.com.br\/ebook-como-analisar-uma-acao\/\" target=\"_blank\" data-element=\"shortcode-suno-banner\" title=\"Banner SUNO, clique e saiba mais\">\n\t\t\t<picture>\n\t\t\t\t<source media=\"(max-width: 500px)\" srcset=\"https:\/\/files.sunoresearch.com.br\/n\/uploads\/2023\/03\/Ebook-Acoes-Mobile-1.jpg\">\n\t\t\t\t<img class=\"newsContent__article__imgCapa newsContent__article__imgCapa--banner\"\n\t\t\t\t\tsrc=\"https:\/\/files.sunoresearch.com.br\/n\/uploads\/2023\/03\/Ebook-Acoes-Desktop-1.jpg\"\n\t\t\t\t\tdata-promo-id=\"171998\"\t\t\t\t\t\t\t\t\t\twidth='1420' height='286'\t\t\t\t\talt=\"https:\/\/files.sunoresearch.com.br\/n\/uploads\/2023\/03\/Ebook-Acoes-Desktop-1.jpg\"\n\t\t\t\t>\n\t\t\t<\/picture>\n\t\t<\/a>\n\t<\/p>\n\n\n<p>&nbsp;<\/p>\n","protected":false},"excerpt":{"rendered":"<p>O Carrefour (CRFB3) est\u00e1 otimista em rela\u00e7\u00e3o ao crescimento de sua unidade focada no atacarejo e projeta um crescimento de mais de 60% nas vendas nos pr\u00f3ximos tr\u00eas anos. Carrefour. (CRFB3) -Foto: Divulga\u00e7\u00e3o Segundo fato relevante publicado pelo Carrefour na noite desta sexta-feira (24), o Atacad\u00e3o dever\u00e1 atingir a cifra de R$ 100 bilh\u00f5es em [&hellip;]<\/p>\n","protected":false},"author":43,"featured_media":140774,"comment_status":"closed","ping_status":"closed","sticky":false,"template":"","format":"standard","meta":[],"categories":[64],"tags":[2226,405],"suno_strategy":[],"class_list":["post-187661","post","type-post","status-publish","format-standard","has-post-thumbnail","hentry","category-negocios","tag-atacadao","tag-carrefour-crfb3"],"yoast_head":"<!-- This site is optimized with the Yoast SEO plugin v24.4 - https:\/\/yoast.com\/wordpress\/plugins\/seo\/ -->\n<title>Carrefour (CRFB3) prev\u00ea vendas de R$ 100 bilh\u00f5es no atacarejo em 2024<\/title>\n<meta name=\"description\" content=\"O Carrefour prev\u00ea aumentar em 66% suas vendas no atacarejo com a adi\u00e7\u00e3o da bandeira Maxxi e crescimento do setor. Clique saiba mais!\" \/>\n<meta name=\"robots\" content=\"index, follow, max-snippet:-1, max-image-preview:large, max-video-preview:-1\" \/>\n<link rel=\"canonical\" href=\"https:\/\/www.suno.com.br\/noticias\/carrefour-crfb3-preve-vendas-de-r-100-bilhoes-no-atacarejo-em-2024\/\" \/>\n<meta property=\"og:locale\" content=\"pt_BR\" \/>\n<meta property=\"og:type\" content=\"article\" \/>\n<meta property=\"og:title\" content=\"Carrefour (CRFB3) prev\u00ea vendas de R$ 100 bilh\u00f5es no atacarejo em 2024\" \/>\n<meta property=\"og:description\" content=\"O Carrefour prev\u00ea aumentar em 66% suas vendas no atacarejo com a adi\u00e7\u00e3o da bandeira Maxxi e crescimento do setor. Clique saiba mais!\" \/>\n<meta property=\"og:url\" content=\"https:\/\/www.suno.com.br\/noticias\/carrefour-crfb3-preve-vendas-de-r-100-bilhoes-no-atacarejo-em-2024\/\" \/>\n<meta property=\"og:site_name\" content=\"Suno Not\u00edcias\" \/>\n<meta property=\"article:publisher\" content=\"https:\/\/facebook.com\/sunoresearch\" \/>\n<meta property=\"article:author\" content=\"https:\/\/www.facebook.com\/sunonoticias\/\" \/>\n<meta property=\"og:image\" content=\"https:\/\/files.sunoresearch.com.br\/n\/uploads\/2021\/04\/84feec27-carrefour-1.jpg\" \/>\n\t<meta property=\"og:image:width\" content=\"1200\" \/>\n\t<meta property=\"og:image:height\" content=\"800\" \/>\n\t<meta property=\"og:image:type\" content=\"image\/jpeg\" \/>\n<meta name=\"author\" content=\"Reda\u00e7\u00e3o Suno Not\u00edcias\" \/>\n<meta name=\"twitter:card\" content=\"summary_large_image\" \/>\n<meta name=\"twitter:creator\" content=\"@https:\/\/twitter.com\/sunoresearch\" \/>\n<meta name=\"twitter:site\" content=\"@sunoresearch\" \/>\n<meta name=\"twitter:label1\" content=\"Escrito por\" \/>\n\t<meta name=\"twitter:data1\" content=\"Reda\u00e7\u00e3o Suno Not\u00edcias\" \/>\n\t<meta name=\"twitter:label2\" content=\"Est. tempo de leitura\" \/>\n\t<meta name=\"twitter:data2\" content=\"2 minutos\" \/>\n<script type=\"application\/ld+json\" class=\"yoast-schema-graph\">{\"@context\":\"https:\/\/schema.org\",\"@graph\":[{\"@type\":\"NewsArticle\",\"@id\":\"https:\/\/www.suno.com.br\/noticias\/carrefour-crfb3-preve-vendas-de-r-100-bilhoes-no-atacarejo-em-2024\/#article\",\"isPartOf\":{\"@id\":\"https:\/\/www.suno.com.br\/noticias\/carrefour-crfb3-preve-vendas-de-r-100-bilhoes-no-atacarejo-em-2024\/\"},\"author\":{\"name\":\"Reda\u00e7\u00e3o Suno Not\u00edcias\",\"@id\":\"https:\/\/www.suno.com.br\/noticias\/#\/schema\/person\/c1b1bd3727fa852bd045e9dbff3673ea\"},\"headline\":\"Carrefour (CRFB3) prev\u00ea vendas de R$ 100 bilh\u00f5es no atacarejo em 2024\",\"datePublished\":\"2021-09-25T13:40:48+00:00\",\"dateModified\":\"2021-09-27T12:32:21+00:00\",\"mainEntityOfPage\":{\"@id\":\"https:\/\/www.suno.com.br\/noticias\/carrefour-crfb3-preve-vendas-de-r-100-bilhoes-no-atacarejo-em-2024\/\"},\"wordCount\":298,\"publisher\":{\"@id\":\"https:\/\/www.suno.com.br\/noticias\/#organization\"},\"image\":{\"@id\":\"https:\/\/www.suno.com.br\/noticias\/carrefour-crfb3-preve-vendas-de-r-100-bilhoes-no-atacarejo-em-2024\/#primaryimage\"},\"thumbnailUrl\":\"https:\/\/files.sunoresearch.com.br\/n\/uploads\/2021\/04\/84feec27-carrefour-1-jpg.webp\",\"keywords\":[\"Atacad\u00e3o\",\"Carrefour (CRFB3)\"],\"articleSection\":[\"Neg\u00f3cios\"],\"inLanguage\":\"pt-BR\"},{\"@type\":\"WebPage\",\"@id\":\"https:\/\/www.suno.com.br\/noticias\/carrefour-crfb3-preve-vendas-de-r-100-bilhoes-no-atacarejo-em-2024\/\",\"url\":\"https:\/\/www.suno.com.br\/noticias\/carrefour-crfb3-preve-vendas-de-r-100-bilhoes-no-atacarejo-em-2024\/\",\"name\":\"Carrefour (CRFB3) prev\u00ea vendas de R$ 100 bilh\u00f5es no atacarejo em 2024\",\"isPartOf\":{\"@id\":\"https:\/\/www.suno.com.br\/noticias\/#website\"},\"primaryImageOfPage\":{\"@id\":\"https:\/\/www.suno.com.br\/noticias\/carrefour-crfb3-preve-vendas-de-r-100-bilhoes-no-atacarejo-em-2024\/#primaryimage\"},\"image\":{\"@id\":\"https:\/\/www.suno.com.br\/noticias\/carrefour-crfb3-preve-vendas-de-r-100-bilhoes-no-atacarejo-em-2024\/#primaryimage\"},\"thumbnailUrl\":\"https:\/\/files.sunoresearch.com.br\/n\/uploads\/2021\/04\/84feec27-carrefour-1-jpg.webp\",\"datePublished\":\"2021-09-25T13:40:48+00:00\",\"dateModified\":\"2021-09-27T12:32:21+00:00\",\"description\":\"O Carrefour prev\u00ea aumentar em 66% suas vendas no atacarejo com a adi\u00e7\u00e3o da bandeira Maxxi e crescimento do setor. Clique saiba mais!\",\"breadcrumb\":{\"@id\":\"https:\/\/www.suno.com.br\/noticias\/carrefour-crfb3-preve-vendas-de-r-100-bilhoes-no-atacarejo-em-2024\/#breadcrumb\"},\"inLanguage\":\"pt-BR\",\"potentialAction\":[{\"@type\":\"ReadAction\",\"target\":[\"https:\/\/www.suno.com.br\/noticias\/carrefour-crfb3-preve-vendas-de-r-100-bilhoes-no-atacarejo-em-2024\/\"]}]},{\"@type\":\"ImageObject\",\"inLanguage\":\"pt-BR\",\"@id\":\"https:\/\/www.suno.com.br\/noticias\/carrefour-crfb3-preve-vendas-de-r-100-bilhoes-no-atacarejo-em-2024\/#primaryimage\",\"url\":\"https:\/\/files.sunoresearch.com.br\/n\/uploads\/2021\/04\/84feec27-carrefour-1-jpg.webp\",\"contentUrl\":\"https:\/\/files.sunoresearch.com.br\/n\/uploads\/2021\/04\/84feec27-carrefour-1-jpg.webp\",\"width\":1200,\"height\":800,\"caption\":\"Carrefour. (CRFB3) -Foto: Divulga\u00e7\u00e3o\"},{\"@type\":\"BreadcrumbList\",\"@id\":\"https:\/\/www.suno.com.br\/noticias\/carrefour-crfb3-preve-vendas-de-r-100-bilhoes-no-atacarejo-em-2024\/#breadcrumb\",\"itemListElement\":[{\"@type\":\"ListItem\",\"position\":1,\"name\":\"Not\u00edcias\",\"item\":\"https:\/\/www.suno.com.br\/noticias\/\"},{\"@type\":\"ListItem\",\"position\":2,\"name\":\"Neg\u00f3cios\",\"item\":\"https:\/\/www.suno.com.br\/noticias\/negocios\/\"},{\"@type\":\"ListItem\",\"position\":3,\"name\":\"Carrefour (CRFB3) prev\u00ea vendas de R$ 100 bilh\u00f5es no atacarejo em 2024\"}]},{\"@type\":\"WebSite\",\"@id\":\"https:\/\/www.suno.com.br\/noticias\/#website\",\"url\":\"https:\/\/www.suno.com.br\/noticias\/\",\"name\":\"Suno Not\u00edcias\",\"description\":\"Seu portal de informa\u00e7\u00e3o sobre o mundo dos investimentos\",\"publisher\":{\"@id\":\"https:\/\/www.suno.com.br\/noticias\/#organization\"},\"potentialAction\":[{\"@type\":\"SearchAction\",\"target\":{\"@type\":\"EntryPoint\",\"urlTemplate\":\"https:\/\/www.suno.com.br\/noticias\/?s={search_term_string}\"},\"query-input\":{\"@type\":\"PropertyValueSpecification\",\"valueRequired\":true,\"valueName\":\"search_term_string\"}}],\"inLanguage\":\"pt-BR\"},{\"@type\":\"Organization\",\"@id\":\"https:\/\/www.suno.com.br\/noticias\/#organization\",\"name\":\"Suno Not\u00edcias\",\"url\":\"https:\/\/www.suno.com.br\/noticias\/\",\"logo\":{\"@type\":\"ImageObject\",\"inLanguage\":\"pt-BR\",\"@id\":\"https:\/\/www.suno.com.br\/noticias\/#\/schema\/logo\/image\/\",\"url\":\"https:\/\/files.sunoresearch.com.br\/n\/uploads\/2021\/09\/suno-logo.png\",\"contentUrl\":\"https:\/\/files.sunoresearch.com.br\/n\/uploads\/2021\/09\/suno-logo.png\",\"width\":180,\"height\":180,\"caption\":\"Suno Not\u00edcias\"},\"image\":{\"@id\":\"https:\/\/www.suno.com.br\/noticias\/#\/schema\/logo\/image\/\"},\"sameAs\":[\"https:\/\/facebook.com\/sunoresearch\",\"https:\/\/x.com\/sunoresearch\",\"https:\/\/www.instagram.com\/suno\",\"https:\/\/www.linkedin.com\/company\/suno-research\/\",\"https:\/\/www.youtube.com\/c\/sunoresearch\"]},{\"@type\":\"Person\",\"@id\":\"https:\/\/www.suno.com.br\/noticias\/#\/schema\/person\/c1b1bd3727fa852bd045e9dbff3673ea\",\"name\":\"Reda\u00e7\u00e3o Suno Not\u00edcias\",\"image\":{\"@type\":\"ImageObject\",\"inLanguage\":\"pt-BR\",\"@id\":\"https:\/\/www.suno.com.br\/noticias\/#\/schema\/person\/image\/\",\"url\":\"https:\/\/secure.gravatar.com\/avatar\/b8104b9b5a71985d5238ee59fbe418af?s=96&r=g\",\"contentUrl\":\"https:\/\/secure.gravatar.com\/avatar\/b8104b9b5a71985d5238ee59fbe418af?s=96&r=g\",\"caption\":\"Reda\u00e7\u00e3o Suno Not\u00edcias\"},\"description\":\"O Suno Not\u00edcias \u00e9 um portal de informa\u00e7\u00f5es sobre Mercado Financeiro, Pol\u00edtica, Neg\u00f3cios, Economia e Finan\u00e7as Pessoais.\",\"sameAs\":[\"https:\/\/www.suno.com.br\/noticias\",\"https:\/\/www.facebook.com\/sunonoticias\/\",\"https:\/\/www.instagram.com\/sunonoticias\/\",\"https:\/\/x.com\/https:\/\/twitter.com\/sunoresearch\",\"https:\/\/www.youtube.com\/sunonoticias\"],\"url\":\"https:\/\/www.suno.com.br\/noticias\/author\/redacao-suno\/\"}]}<\/script>\n<!-- \/ Yoast SEO plugin. -->","yoast_head_json":{"title":"Carrefour (CRFB3) prev\u00ea vendas de R$ 100 bilh\u00f5es no atacarejo em 2024","description":"O Carrefour prev\u00ea aumentar em 66% suas vendas no atacarejo com a adi\u00e7\u00e3o da bandeira Maxxi e crescimento do setor. Clique saiba mais!","robots":{"index":"index","follow":"follow","max-snippet":"max-snippet:-1","max-image-preview":"max-image-preview:large","max-video-preview":"max-video-preview:-1"},"canonical":"https:\/\/www.suno.com.br\/noticias\/carrefour-crfb3-preve-vendas-de-r-100-bilhoes-no-atacarejo-em-2024\/","og_locale":"pt_BR","og_type":"article","og_title":"Carrefour (CRFB3) prev\u00ea vendas de R$ 100 bilh\u00f5es no atacarejo em 2024","og_description":"O Carrefour prev\u00ea aumentar em 66% suas vendas no atacarejo com a adi\u00e7\u00e3o da bandeira Maxxi e crescimento do setor. Clique saiba mais!","og_url":"https:\/\/www.suno.com.br\/noticias\/carrefour-crfb3-preve-vendas-de-r-100-bilhoes-no-atacarejo-em-2024\/","og_site_name":"Suno Not\u00edcias","article_publisher":"https:\/\/facebook.com\/sunoresearch","article_author":"https:\/\/www.facebook.com\/sunonoticias\/","og_image":[{"width":1200,"height":800,"url":"https:\/\/files.sunoresearch.com.br\/n\/uploads\/2021\/04\/84feec27-carrefour-1.jpg","type":"image\/jpeg"}],"author":"Reda\u00e7\u00e3o Suno Not\u00edcias","twitter_card":"summary_large_image","twitter_creator":"@https:\/\/twitter.com\/sunoresearch","twitter_site":"@sunoresearch","twitter_misc":{"Escrito por":"Reda\u00e7\u00e3o Suno Not\u00edcias","Est. tempo de leitura":"2 minutos"},"schema":{"@context":"https:\/\/schema.org","@graph":[{"@type":"NewsArticle","@id":"https:\/\/www.suno.com.br\/noticias\/carrefour-crfb3-preve-vendas-de-r-100-bilhoes-no-atacarejo-em-2024\/#article","isPartOf":{"@id":"https:\/\/www.suno.com.br\/noticias\/carrefour-crfb3-preve-vendas-de-r-100-bilhoes-no-atacarejo-em-2024\/"},"author":{"name":"Reda\u00e7\u00e3o Suno Not\u00edcias","@id":"https:\/\/www.suno.com.br\/noticias\/#\/schema\/person\/c1b1bd3727fa852bd045e9dbff3673ea"},"headline":"Carrefour (CRFB3) prev\u00ea vendas de R$ 100 bilh\u00f5es no atacarejo em 2024","datePublished":"2021-09-25T13:40:48+00:00","dateModified":"2021-09-27T12:32:21+00:00","mainEntityOfPage":{"@id":"https:\/\/www.suno.com.br\/noticias\/carrefour-crfb3-preve-vendas-de-r-100-bilhoes-no-atacarejo-em-2024\/"},"wordCount":298,"publisher":{"@id":"https:\/\/www.suno.com.br\/noticias\/#organization"},"image":{"@id":"https:\/\/www.suno.com.br\/noticias\/carrefour-crfb3-preve-vendas-de-r-100-bilhoes-no-atacarejo-em-2024\/#primaryimage"},"thumbnailUrl":"https:\/\/files.sunoresearch.com.br\/n\/uploads\/2021\/04\/84feec27-carrefour-1-jpg.webp","keywords":["Atacad\u00e3o","Carrefour (CRFB3)"],"articleSection":["Neg\u00f3cios"],"inLanguage":"pt-BR"},{"@type":"WebPage","@id":"https:\/\/www.suno.com.br\/noticias\/carrefour-crfb3-preve-vendas-de-r-100-bilhoes-no-atacarejo-em-2024\/","url":"https:\/\/www.suno.com.br\/noticias\/carrefour-crfb3-preve-vendas-de-r-100-bilhoes-no-atacarejo-em-2024\/","name":"Carrefour (CRFB3) prev\u00ea vendas de R$ 100 bilh\u00f5es no atacarejo em 2024","isPartOf":{"@id":"https:\/\/www.suno.com.br\/noticias\/#website"},"primaryImageOfPage":{"@id":"https:\/\/www.suno.com.br\/noticias\/carrefour-crfb3-preve-vendas-de-r-100-bilhoes-no-atacarejo-em-2024\/#primaryimage"},"image":{"@id":"https:\/\/www.suno.com.br\/noticias\/carrefour-crfb3-preve-vendas-de-r-100-bilhoes-no-atacarejo-em-2024\/#primaryimage"},"thumbnailUrl":"https:\/\/files.sunoresearch.com.br\/n\/uploads\/2021\/04\/84feec27-carrefour-1-jpg.webp","datePublished":"2021-09-25T13:40:48+00:00","dateModified":"2021-09-27T12:32:21+00:00","description":"O Carrefour prev\u00ea aumentar em 66% suas vendas no atacarejo com a adi\u00e7\u00e3o da bandeira Maxxi e crescimento do setor. Clique saiba mais!","breadcrumb":{"@id":"https:\/\/www.suno.com.br\/noticias\/carrefour-crfb3-preve-vendas-de-r-100-bilhoes-no-atacarejo-em-2024\/#breadcrumb"},"inLanguage":"pt-BR","potentialAction":[{"@type":"ReadAction","target":["https:\/\/www.suno.com.br\/noticias\/carrefour-crfb3-preve-vendas-de-r-100-bilhoes-no-atacarejo-em-2024\/"]}]},{"@type":"ImageObject","inLanguage":"pt-BR","@id":"https:\/\/www.suno.com.br\/noticias\/carrefour-crfb3-preve-vendas-de-r-100-bilhoes-no-atacarejo-em-2024\/#primaryimage","url":"https:\/\/files.sunoresearch.com.br\/n\/uploads\/2021\/04\/84feec27-carrefour-1-jpg.webp","contentUrl":"https:\/\/files.sunoresearch.com.br\/n\/uploads\/2021\/04\/84feec27-carrefour-1-jpg.webp","width":1200,"height":800,"caption":"Carrefour. (CRFB3) -Foto: Divulga\u00e7\u00e3o"},{"@type":"BreadcrumbList","@id":"https:\/\/www.suno.com.br\/noticias\/carrefour-crfb3-preve-vendas-de-r-100-bilhoes-no-atacarejo-em-2024\/#breadcrumb","itemListElement":[{"@type":"ListItem","position":1,"name":"Not\u00edcias","item":"https:\/\/www.suno.com.br\/noticias\/"},{"@type":"ListItem","position":2,"name":"Neg\u00f3cios","item":"https:\/\/www.suno.com.br\/noticias\/negocios\/"},{"@type":"ListItem","position":3,"name":"Carrefour (CRFB3) prev\u00ea vendas de R$ 100 bilh\u00f5es no atacarejo em 2024"}]},{"@type":"WebSite","@id":"https:\/\/www.suno.com.br\/noticias\/#website","url":"https:\/\/www.suno.com.br\/noticias\/","name":"Suno Not\u00edcias","description":"Seu portal de informa\u00e7\u00e3o sobre o mundo dos investimentos","publisher":{"@id":"https:\/\/www.suno.com.br\/noticias\/#organization"},"potentialAction":[{"@type":"SearchAction","target":{"@type":"EntryPoint","urlTemplate":"https:\/\/www.suno.com.br\/noticias\/?s={search_term_string}"},"query-input":{"@type":"PropertyValueSpecification","valueRequired":true,"valueName":"search_term_string"}}],"inLanguage":"pt-BR"},{"@type":"Organization","@id":"https:\/\/www.suno.com.br\/noticias\/#organization","name":"Suno Not\u00edcias","url":"https:\/\/www.suno.com.br\/noticias\/","logo":{"@type":"ImageObject","inLanguage":"pt-BR","@id":"https:\/\/www.suno.com.br\/noticias\/#\/schema\/logo\/image\/","url":"https:\/\/files.sunoresearch.com.br\/n\/uploads\/2021\/09\/suno-logo.png","contentUrl":"https:\/\/files.sunoresearch.com.br\/n\/uploads\/2021\/09\/suno-logo.png","width":180,"height":180,"caption":"Suno Not\u00edcias"},"image":{"@id":"https:\/\/www.suno.com.br\/noticias\/#\/schema\/logo\/image\/"},"sameAs":["https:\/\/facebook.com\/sunoresearch","https:\/\/x.com\/sunoresearch","https:\/\/www.instagram.com\/suno","https:\/\/www.linkedin.com\/company\/suno-research\/","https:\/\/www.youtube.com\/c\/sunoresearch"]},{"@type":"Person","@id":"https:\/\/www.suno.com.br\/noticias\/#\/schema\/person\/c1b1bd3727fa852bd045e9dbff3673ea","name":"Reda\u00e7\u00e3o Suno Not\u00edcias","image":{"@type":"ImageObject","inLanguage":"pt-BR","@id":"https:\/\/www.suno.com.br\/noticias\/#\/schema\/person\/image\/","url":"https:\/\/secure.gravatar.com\/avatar\/b8104b9b5a71985d5238ee59fbe418af?s=96&r=g","contentUrl":"https:\/\/secure.gravatar.com\/avatar\/b8104b9b5a71985d5238ee59fbe418af?s=96&r=g","caption":"Reda\u00e7\u00e3o Suno Not\u00edcias"},"description":"O Suno Not\u00edcias \u00e9 um portal de informa\u00e7\u00f5es sobre Mercado Financeiro, Pol\u00edtica, Neg\u00f3cios, Economia e Finan\u00e7as Pessoais.","sameAs":["https:\/\/www.suno.com.br\/noticias","https:\/\/www.facebook.com\/sunonoticias\/","https:\/\/www.instagram.com\/sunonoticias\/","https:\/\/x.com\/https:\/\/twitter.com\/sunoresearch","https:\/\/www.youtube.com\/sunonoticias"],"url":"https:\/\/www.suno.com.br\/noticias\/author\/redacao-suno\/"}]}},"default_loop_html":"<div class=\"cardsPage__listCard__boxs\"><div class=\"cardsPage__listCard__boxs__img\"><a href=\"https:\/\/www.suno.com.br\/noticias\/carrefour-crfb3-preve-vendas-de-r-100-bilhoes-no-atacarejo-em-2024\/\"><img class=\"mask\" src=\"https:\/\/www.suno.com.br\/noticias\/wp-content\/themes\/suno\/resources\/images\/spotlight\/spotlight1img\/bg-mask.png\" alt=\"Image Mask\"\/><img src=\"https:\/\/files.sunoresearch.com.br\/n\/uploads\/2021\/04\/84feec27-carrefour-1-400x200.webp\" alt=\"Carrefour (CRFB3) prev\u00ea vendas de R$ 100 bilh\u00f5es no atacarejo em 2024\"\/><\/a><span class=\"spotlightCategory\"><a href=\"https:\/\/www.suno.com.br\/noticias\/negocios\/\">Neg\u00f3cios<\/a><\/span><\/div><div class=\"cardsPage__listCard__boxs__content\"><a href=\"https:\/\/www.suno.com.br\/noticias\/carrefour-crfb3-preve-vendas-de-r-100-bilhoes-no-atacarejo-em-2024\/\"><h2 class=\"content__title\">Carrefour (CRFB3) prev\u00ea vendas de R$ 100 bilh\u00f5es no atacarejo em 2024<\/h2><\/a><div class=\"newsContent__article__meta\"><div class=\"newsContent__article__meta__authorBox\"><a href=\"https:\/\/www.suno.com.br\/noticias\/author\/redacao-suno\/\" class=\"authorBox__avatar noMobi\"><img src=\"https:\/\/files.sunoresearch.com.br\/n\/uploads\/2020\/08\/0ace682d-redacao-1-150x150.webp\" alt=\"Reda\u00e7\u00e3o Suno Not\u00edcias\"><\/a><div class=\"authorBox__name\"><span>por\n\t\t\t<a href=\"https:\/\/www.suno.com.br\/noticias\/author\/redacao-suno\/\"><span itemprop=\"author\">Reda\u00e7\u00e3o Suno Not\u00edcias<\/span><\/a><\/span><time datetime=\"2021-09-25T10:40:48-03:00\" itemprop=\"datePublished\">25\/09\/2021 10:40<\/time><\/div><\/div><\/div><\/div><\/div>","single_layout":"posts","amp_enabled":true,"_links":{"self":[{"href":"https:\/\/www.suno.com.br\/noticias\/wp-json\/wp\/v2\/posts\/187661"}],"collection":[{"href":"https:\/\/www.suno.com.br\/noticias\/wp-json\/wp\/v2\/posts"}],"about":[{"href":"https:\/\/www.suno.com.br\/noticias\/wp-json\/wp\/v2\/types\/post"}],"author":[{"embeddable":true,"href":"https:\/\/www.suno.com.br\/noticias\/wp-json\/wp\/v2\/users\/43"}],"replies":[{"embeddable":true,"href":"https:\/\/www.suno.com.br\/noticias\/wp-json\/wp\/v2\/comments?post=187661"}],"version-history":[{"count":3,"href":"https:\/\/www.suno.com.br\/noticias\/wp-json\/wp\/v2\/posts\/187661\/revisions"}],"predecessor-version":[{"id":187665,"href":"https:\/\/www.suno.com.br\/noticias\/wp-json\/wp\/v2\/posts\/187661\/revisions\/187665"}],"wp:featuredmedia":[{"embeddable":true,"href":"https:\/\/www.suno.com.br\/noticias\/wp-json\/wp\/v2\/media\/140774"}],"wp:attachment":[{"href":"https:\/\/www.suno.com.br\/noticias\/wp-json\/wp\/v2\/media?parent=187661"}],"wp:term":[{"taxonomy":"category","embeddable":true,"href":"https:\/\/www.suno.com.br\/noticias\/wp-json\/wp\/v2\/categories?post=187661"},{"taxonomy":"post_tag","embeddable":true,"href":"https:\/\/www.suno.com.br\/noticias\/wp-json\/wp\/v2\/tags?post=187661"},{"taxonomy":"suno_strategy","embeddable":true,"href":"https:\/\/www.suno.com.br\/noticias\/wp-json\/wp\/v2\/suno_strategy?post=187661"}],"curies":[{"name":"wp","href":"https:\/\/api.w.org\/{rel}","templated":true}]}}