{"id":18766,"date":"2019-03-22T12:47:56","date_gmt":"2019-03-22T15:47:56","guid":{"rendered":"https:\/\/www.suno.com.br\/noticias\/?p=18766"},"modified":"2021-02-17T20:08:33","modified_gmt":"2021-02-17T23:08:33","slug":"prisao-temer-corrupcao-angra-3","status":"publish","type":"post","link":"https:\/\/www.suno.com.br\/noticias\/prisao-temer-corrupcao-angra-3\/","title":{"rendered":"Entenda a rela\u00e7\u00e3o da pris\u00e3o de Michel Temer com a corrup\u00e7\u00e3o em Angra 3"},"content":{"rendered":"<p>A pris\u00e3o do ex-presidente Michel Temer na \u00faltima quinta (21) pela Opera\u00e7\u00e3o Lava Jato trouxe de volta \u00e0 tona a Angra 3, usina nuclear cujas obras est\u00e3o n\u00e3o terminam e levantam suspeitas h\u00e1 muito tempo.<\/p>\t<div class=\"wrapper-featured-image\">\n\t\t<figure class=\"spotlightImg\">\n\n\t\t\t<picture>\n\t\t\t\t<source media=\"(max-width: 768px)\" srcset=\"https:\/\/files.sunoresearch.com.br\/n\/uploads\/2019\/03\/a0dcac6b-angra-3-400x200.webp\">\n\t\t\t\t<img loading=\"lazy\" decoding=\"async\" class=\"newsContent__article__imgCapa lazyloadDisabled newsContent__article__imgCapa--noCaption\" src=\"https:\/\/files.sunoresearch.com.br\/n\/uploads\/2019\/03\/a0dcac6b-angra-3-800x450.webp\" width=\"800\" height=\"450\" alt=\"Entenda a rela\u00e7\u00e3o da pris\u00e3o de Michel Temer com a corrup\u00e7\u00e3o em Angra 3\" fetchpriority=high \/>\n\t\t\t<\/picture>\n\n\t\t\t<figcaption class=\"wp-caption-text wp-caption-text--hide\">Eletronuclear: Angra 3 deve ter conclus\u00e3o atrasada para 2027<\/figcaption>\n\t\t<\/figure>\n\t<\/div>\n\n\n<p><strong>Temer<\/strong> foi preso numa opera\u00e7\u00e3o cujos mandados de pris\u00e3o (dez no total: oito preventivas e duas tempor\u00e1rias) foram expedidos pelo juiz federal Marcelo Bretas, respons\u00e1vel pela Lava Jato no Rio. Entre os presos, al\u00e9m do ex-presidente, est\u00e3o <strong>Moreira Franco,<\/strong> ex-governador do Rio e ex-ministro de <strong>Temer,<\/strong> e <strong>Jo\u00e3o Batista Lima Filho<\/strong>, o <strong>coronel Lima<\/strong>. Ele \u00e9 apontado como o &#8220;testa de ferro&#8221; e operador financeiro de <strong>Michel Temer.<\/strong> Isto \u00e9, o homem respons\u00e1vel fazer negocia\u00e7\u00f5es em nome do emedebista, mantendo-o no anonimato.<\/p>\n<p><a href=\"https:\/\/www.suno.com.br\/noticias\/michel-temer-preso-lava-jato\/\">Saiba mais: Ex-presidente Michel Temer \u00e9 preso na Opera\u00e7\u00e3o Lava Jato<\/a><\/p>\n<p>A opera\u00e7\u00e3o \u00e9 um desdobramento da <strong>Opera\u00e7\u00e3o Radioatividade<\/strong>, gerada a partir da dela\u00e7\u00e3o do dono da empreiteira <strong>Engevix,<\/strong> <strong>Jos\u00e9 Antunes Sobrinho<\/strong>. O executivo relatou em sua dela\u00e7\u00e3o premiada que pagava propina a<strong> Othon Luiz Pinheiro da Silva<\/strong>, conhecido como <strong>almirante Othon<\/strong>, ex-diretor-presidente da <strong>Eletronuclear<\/strong> e respons\u00e1vel pela contrata\u00e7\u00f5es de obras e do projeto da usina de <strong>Angra 3<\/strong>.<\/p>\n<p style=\"text-align: center;\"><iframe loading=\"lazy\" src=\"https:\/\/www.youtube.com\/embed\/jBx23FUCH8g\" width=\"560\" height=\"315\" frameborder=\"0\" allowfullscreen=\"allowfullscreen\"><\/iframe><\/p>\n<p>Sobrinho disse que o <strong>coronel Lima<\/strong> o abordou pedindo para que a <strong>Argeplan,<\/strong> empresa de engenharia ligada a <strong>Temer,<\/strong> entrasse no cons\u00f3rcio para executar obras na <strong>Angra 3<\/strong>. Segundo os procuradores, a <strong>Argeplan<\/strong> n\u00e3o tinha experi\u00eancia nem capacidade t\u00e9cnica para operar em obras nucleares, j\u00e1 que era voltada a projetos metrovi\u00e1rios.<\/p>\n<p><a href=\"https:\/\/www.suno.com.br\/noticias\/eventos-derrubaram-ibovespa-24h\/\">Saiba mais: Veja os dois eventos que derrubaram o Ibovespa nas \u00faltimas 24 horas<\/a><\/p>\n<p>Nos e-mails interceptados pela pol\u00edcia, h\u00e1 troca de mensagens deixando clara a constante press\u00e3o que o <strong>almirante Othon<\/strong> recebia do <strong>coronel Lima<\/strong>, lembrando-o de que ele devia seu cargo a <strong>Temer<\/strong> e, assim, cobrando benef\u00edcios \u00e0 <strong>Argeplan<\/strong>. Associada a uma empresa estrangeira com expertise em obras nucleares, a <strong>Argeplan<\/strong> consegue entrar no cons\u00f3rcio de <strong>Angra 3<\/strong>, recebendo parte do dinheiro.<\/p>\n<p>A den\u00fancia contra <strong>Temer<\/strong> se refere \u00e0 liga\u00e7\u00e3o dos pagamentos feitos \u00e0 <strong>Argeplan<\/strong> com o uso de dinheiro em esp\u00e9cie na reforma de um im\u00f3vel de <strong>Maristela Temer<\/strong>, filha do ex-presidente. A obra foi realizada pela esposa do <strong>coronel Lima<\/strong>, <strong>Maria Rita Fratezi<\/strong>. Al\u00e9m disso, o pr\u00f3prio <strong>Michel Temer<\/strong> usava um celular da empresa de engenharia.<\/p>\n<p><a href=\"https:\/\/www.suno.com.br\/noticias\/prisao-temer-afeta-reforma-previdencia\/\">Saiba mais: Entenda como a pris\u00e3o de Temer pode afetar a reforma da Previd\u00eancia<\/a><\/p>\n<p>Segundo a <a href=\"http:\/\/www.mpf.mp.br\/para-o-cidadao\/caso-lava-jato\"><strong>for\u00e7a-tarefa<\/strong> da <\/a><strong>Lava Jato,<\/strong> por meio da quebra dos sigilos fiscal e banc\u00e1rio da <strong>Engevix,<\/strong> foi poss\u00edvel correlacionar os <strong>repasses<\/strong> da empreiteira para uma empresa de consultoria usada pelo almirante <strong>Othon,<\/strong> a <strong>Aratec.<\/strong><\/p>\n<p>O caminho percorrido pelo dinheiro da <strong>propina<\/strong> da <strong>Engevix,<\/strong> al\u00e9m de outras empreiteiras envolvidas na corrup\u00e7\u00e3o em <strong>Angra 3<\/strong> como <strong>Odebrecht, Andrade Gutierrez<\/strong> e <strong>UTC,<\/strong> segundo a investiga\u00e7\u00e3o, leva a nomes como <strong>Michel Temer<\/strong> e <strong>Moreira Franco.<\/strong><\/p>\n","protected":false},"excerpt":{"rendered":"<p>A pris\u00e3o do ex-presidente Michel Temer na \u00faltima quinta (21) pela Opera\u00e7\u00e3o Lava Jato trouxe de volta \u00e0 tona a Angra 3, usina nuclear cujas obras est\u00e3o n\u00e3o terminam e levantam suspeitas h\u00e1 muito tempo. Eletronuclear: Angra 3 deve ter conclus\u00e3o atrasada para 2027 Temer foi preso numa opera\u00e7\u00e3o cujos mandados de pris\u00e3o (dez no [&hellip;]<\/p>\n","protected":false},"author":13,"featured_media":18769,"comment_status":"closed","ping_status":"closed","sticky":false,"template":"","format":"standard","meta":[],"categories":[61],"tags":[1256,734,1914],"suno_strategy":[],"class_list":["post-18766","post","type-post","status-publish","format-standard","has-post-thumbnail","hentry","category-politica","tag-angra-3","tag-michel-temer","tag-operacao-lava-jato"],"yoast_head":"<!-- This site is optimized with the Yoast SEO plugin v24.4 - https:\/\/yoast.com\/wordpress\/plugins\/seo\/ -->\n<title>Entenda a rela\u00e7\u00e3o da pris\u00e3o de Michel Temer com a corrup\u00e7\u00e3o em Angra 3<\/title>\n<meta name=\"description\" content=\"A pris\u00e3o de Michel Temer trouxe de volta \u00e0 tona a Angra 3, usina nuclear cujas obras levantam suspeitas h\u00e1 muito tempo. Clique e saiba mais\" \/>\n<meta name=\"robots\" content=\"index, follow, max-snippet:-1, max-image-preview:large, max-video-preview:-1\" \/>\n<link rel=\"canonical\" href=\"https:\/\/www.suno.com.br\/noticias\/prisao-temer-corrupcao-angra-3\/\" \/>\n<meta property=\"og:locale\" content=\"pt_BR\" \/>\n<meta property=\"og:type\" content=\"article\" \/>\n<meta property=\"og:title\" content=\"Entenda a rela\u00e7\u00e3o da pris\u00e3o de Michel Temer com a corrup\u00e7\u00e3o em Angra 3\" \/>\n<meta property=\"og:description\" content=\"A pris\u00e3o de Michel Temer trouxe de volta \u00e0 tona a Angra 3, usina nuclear cujas obras levantam suspeitas h\u00e1 muito tempo. Clique e saiba mais\" \/>\n<meta property=\"og:url\" content=\"https:\/\/www.suno.com.br\/noticias\/prisao-temer-corrupcao-angra-3\/\" \/>\n<meta property=\"og:site_name\" content=\"Suno Not\u00edcias\" \/>\n<meta property=\"article:publisher\" content=\"https:\/\/facebook.com\/sunoresearch\" \/>\n<meta property=\"og:image\" content=\"https:\/\/files.sunoresearch.com.br\/n\/uploads\/2019\/03\/a0dcac6b-angra-3.jpg\" \/>\n\t<meta property=\"og:image:width\" content=\"1024\" \/>\n\t<meta property=\"og:image:height\" content=\"683\" \/>\n\t<meta property=\"og:image:type\" content=\"image\/jpeg\" \/>\n<meta name=\"author\" content=\"Guilherme Caetano\" \/>\n<meta name=\"twitter:card\" content=\"summary_large_image\" \/>\n<meta name=\"twitter:creator\" content=\"@sunoresearch\" \/>\n<meta name=\"twitter:site\" content=\"@sunoresearch\" \/>\n<meta name=\"twitter:label1\" content=\"Escrito por\" \/>\n\t<meta name=\"twitter:data1\" content=\"Guilherme Caetano\" \/>\n\t<meta name=\"twitter:label2\" content=\"Est. tempo de leitura\" \/>\n\t<meta name=\"twitter:data2\" content=\"2 minutos\" \/>\n<script type=\"application\/ld+json\" class=\"yoast-schema-graph\">{\"@context\":\"https:\/\/schema.org\",\"@graph\":[{\"@type\":\"NewsArticle\",\"@id\":\"https:\/\/www.suno.com.br\/noticias\/prisao-temer-corrupcao-angra-3\/#article\",\"isPartOf\":{\"@id\":\"https:\/\/www.suno.com.br\/noticias\/prisao-temer-corrupcao-angra-3\/\"},\"author\":{\"name\":\"Guilherme Caetano\",\"@id\":\"https:\/\/www.suno.com.br\/noticias\/#\/schema\/person\/0d0c9687cd2f600c564f25980c140de9\"},\"headline\":\"Entenda a rela\u00e7\u00e3o da pris\u00e3o de Michel Temer com a corrup\u00e7\u00e3o em Angra 3\",\"datePublished\":\"2019-03-22T15:47:56+00:00\",\"dateModified\":\"2021-02-17T23:08:33+00:00\",\"mainEntityOfPage\":{\"@id\":\"https:\/\/www.suno.com.br\/noticias\/prisao-temer-corrupcao-angra-3\/\"},\"wordCount\":497,\"publisher\":{\"@id\":\"https:\/\/www.suno.com.br\/noticias\/#organization\"},\"image\":{\"@id\":\"https:\/\/www.suno.com.br\/noticias\/prisao-temer-corrupcao-angra-3\/#primaryimage\"},\"thumbnailUrl\":\"https:\/\/files.sunoresearch.com.br\/n\/uploads\/2019\/03\/a0dcac6b-angra-3-jpg.webp\",\"keywords\":[\"Angra 3\",\"Michel Temer\",\"Opera\u00e7\u00e3o Lava Jato\"],\"articleSection\":[\"Pol\u00edtica\"],\"inLanguage\":\"pt-BR\"},{\"@type\":\"WebPage\",\"@id\":\"https:\/\/www.suno.com.br\/noticias\/prisao-temer-corrupcao-angra-3\/\",\"url\":\"https:\/\/www.suno.com.br\/noticias\/prisao-temer-corrupcao-angra-3\/\",\"name\":\"Entenda a rela\u00e7\u00e3o da pris\u00e3o de Michel Temer com a corrup\u00e7\u00e3o em Angra 3\",\"isPartOf\":{\"@id\":\"https:\/\/www.suno.com.br\/noticias\/#website\"},\"primaryImageOfPage\":{\"@id\":\"https:\/\/www.suno.com.br\/noticias\/prisao-temer-corrupcao-angra-3\/#primaryimage\"},\"image\":{\"@id\":\"https:\/\/www.suno.com.br\/noticias\/prisao-temer-corrupcao-angra-3\/#primaryimage\"},\"thumbnailUrl\":\"https:\/\/files.sunoresearch.com.br\/n\/uploads\/2019\/03\/a0dcac6b-angra-3-jpg.webp\",\"datePublished\":\"2019-03-22T15:47:56+00:00\",\"dateModified\":\"2021-02-17T23:08:33+00:00\",\"description\":\"A pris\u00e3o de Michel Temer trouxe de volta \u00e0 tona a Angra 3, usina nuclear cujas obras levantam suspeitas h\u00e1 muito tempo. Clique e saiba mais\",\"breadcrumb\":{\"@id\":\"https:\/\/www.suno.com.br\/noticias\/prisao-temer-corrupcao-angra-3\/#breadcrumb\"},\"inLanguage\":\"pt-BR\",\"potentialAction\":[{\"@type\":\"ReadAction\",\"target\":[\"https:\/\/www.suno.com.br\/noticias\/prisao-temer-corrupcao-angra-3\/\"]}]},{\"@type\":\"ImageObject\",\"inLanguage\":\"pt-BR\",\"@id\":\"https:\/\/www.suno.com.br\/noticias\/prisao-temer-corrupcao-angra-3\/#primaryimage\",\"url\":\"https:\/\/files.sunoresearch.com.br\/n\/uploads\/2019\/03\/a0dcac6b-angra-3-jpg.webp\",\"contentUrl\":\"https:\/\/files.sunoresearch.com.br\/n\/uploads\/2019\/03\/a0dcac6b-angra-3-jpg.webp\",\"width\":1024,\"height\":683,\"caption\":\"Eletronuclear: Angra 3 deve ter conclus\u00e3o atrasada para 2027\"},{\"@type\":\"BreadcrumbList\",\"@id\":\"https:\/\/www.suno.com.br\/noticias\/prisao-temer-corrupcao-angra-3\/#breadcrumb\",\"itemListElement\":[{\"@type\":\"ListItem\",\"position\":1,\"name\":\"Not\u00edcias\",\"item\":\"https:\/\/www.suno.com.br\/noticias\/\"},{\"@type\":\"ListItem\",\"position\":2,\"name\":\"Pol\u00edtica\",\"item\":\"https:\/\/www.suno.com.br\/noticias\/politica\/\"},{\"@type\":\"ListItem\",\"position\":3,\"name\":\"Entenda a rela\u00e7\u00e3o da pris\u00e3o de Michel Temer com a corrup\u00e7\u00e3o em Angra 3\"}]},{\"@type\":\"WebSite\",\"@id\":\"https:\/\/www.suno.com.br\/noticias\/#website\",\"url\":\"https:\/\/www.suno.com.br\/noticias\/\",\"name\":\"Suno Not\u00edcias\",\"description\":\"Seu portal de informa\u00e7\u00e3o sobre o mundo dos investimentos\",\"publisher\":{\"@id\":\"https:\/\/www.suno.com.br\/noticias\/#organization\"},\"potentialAction\":[{\"@type\":\"SearchAction\",\"target\":{\"@type\":\"EntryPoint\",\"urlTemplate\":\"https:\/\/www.suno.com.br\/noticias\/?s={search_term_string}\"},\"query-input\":{\"@type\":\"PropertyValueSpecification\",\"valueRequired\":true,\"valueName\":\"search_term_string\"}}],\"inLanguage\":\"pt-BR\"},{\"@type\":\"Organization\",\"@id\":\"https:\/\/www.suno.com.br\/noticias\/#organization\",\"name\":\"Suno Not\u00edcias\",\"url\":\"https:\/\/www.suno.com.br\/noticias\/\",\"logo\":{\"@type\":\"ImageObject\",\"inLanguage\":\"pt-BR\",\"@id\":\"https:\/\/www.suno.com.br\/noticias\/#\/schema\/logo\/image\/\",\"url\":\"https:\/\/files.sunoresearch.com.br\/n\/uploads\/2021\/09\/suno-logo.png\",\"contentUrl\":\"https:\/\/files.sunoresearch.com.br\/n\/uploads\/2021\/09\/suno-logo.png\",\"width\":180,\"height\":180,\"caption\":\"Suno Not\u00edcias\"},\"image\":{\"@id\":\"https:\/\/www.suno.com.br\/noticias\/#\/schema\/logo\/image\/\"},\"sameAs\":[\"https:\/\/facebook.com\/sunoresearch\",\"https:\/\/x.com\/sunoresearch\",\"https:\/\/www.instagram.com\/suno\",\"https:\/\/www.linkedin.com\/company\/suno-research\/\",\"https:\/\/www.youtube.com\/c\/sunoresearch\"]},{\"@type\":\"Person\",\"@id\":\"https:\/\/www.suno.com.br\/noticias\/#\/schema\/person\/0d0c9687cd2f600c564f25980c140de9\",\"name\":\"Guilherme Caetano\",\"image\":{\"@type\":\"ImageObject\",\"inLanguage\":\"pt-BR\",\"@id\":\"https:\/\/www.suno.com.br\/noticias\/#\/schema\/person\/image\/\",\"url\":\"https:\/\/secure.gravatar.com\/avatar\/e48357351a01702a0d19307070e081bf?s=96&r=g\",\"contentUrl\":\"https:\/\/secure.gravatar.com\/avatar\/e48357351a01702a0d19307070e081bf?s=96&r=g\",\"caption\":\"Guilherme Caetano\"},\"description\":\"Formado em jornalismo pela Escola de Comunica\u00e7\u00f5es e Artes da USP, Guilherme Caetano escreve para o portal de not\u00edcias da Suno Research. Passou pelas reda\u00e7\u00f5es da Folha de S.Paulo e da revista \u00c9poca.\",\"url\":\"https:\/\/www.suno.com.br\/noticias\/author\/guilherme-caetano\/\"}]}<\/script>\n<!-- \/ Yoast SEO plugin. -->","yoast_head_json":{"title":"Entenda a rela\u00e7\u00e3o da pris\u00e3o de Michel Temer com a corrup\u00e7\u00e3o em Angra 3","description":"A pris\u00e3o de Michel Temer trouxe de volta \u00e0 tona a Angra 3, usina nuclear cujas obras levantam suspeitas h\u00e1 muito tempo. Clique e saiba mais","robots":{"index":"index","follow":"follow","max-snippet":"max-snippet:-1","max-image-preview":"max-image-preview:large","max-video-preview":"max-video-preview:-1"},"canonical":"https:\/\/www.suno.com.br\/noticias\/prisao-temer-corrupcao-angra-3\/","og_locale":"pt_BR","og_type":"article","og_title":"Entenda a rela\u00e7\u00e3o da pris\u00e3o de Michel Temer com a corrup\u00e7\u00e3o em Angra 3","og_description":"A pris\u00e3o de Michel Temer trouxe de volta \u00e0 tona a Angra 3, usina nuclear cujas obras levantam suspeitas h\u00e1 muito tempo. Clique e saiba mais","og_url":"https:\/\/www.suno.com.br\/noticias\/prisao-temer-corrupcao-angra-3\/","og_site_name":"Suno Not\u00edcias","article_publisher":"https:\/\/facebook.com\/sunoresearch","og_image":[{"width":1024,"height":683,"url":"https:\/\/files.sunoresearch.com.br\/n\/uploads\/2019\/03\/a0dcac6b-angra-3.jpg","type":"image\/jpeg"}],"author":"Guilherme Caetano","twitter_card":"summary_large_image","twitter_creator":"@sunoresearch","twitter_site":"@sunoresearch","twitter_misc":{"Escrito por":"Guilherme Caetano","Est. tempo de leitura":"2 minutos"},"schema":{"@context":"https:\/\/schema.org","@graph":[{"@type":"NewsArticle","@id":"https:\/\/www.suno.com.br\/noticias\/prisao-temer-corrupcao-angra-3\/#article","isPartOf":{"@id":"https:\/\/www.suno.com.br\/noticias\/prisao-temer-corrupcao-angra-3\/"},"author":{"name":"Guilherme Caetano","@id":"https:\/\/www.suno.com.br\/noticias\/#\/schema\/person\/0d0c9687cd2f600c564f25980c140de9"},"headline":"Entenda a rela\u00e7\u00e3o da pris\u00e3o de Michel Temer com a corrup\u00e7\u00e3o em Angra 3","datePublished":"2019-03-22T15:47:56+00:00","dateModified":"2021-02-17T23:08:33+00:00","mainEntityOfPage":{"@id":"https:\/\/www.suno.com.br\/noticias\/prisao-temer-corrupcao-angra-3\/"},"wordCount":497,"publisher":{"@id":"https:\/\/www.suno.com.br\/noticias\/#organization"},"image":{"@id":"https:\/\/www.suno.com.br\/noticias\/prisao-temer-corrupcao-angra-3\/#primaryimage"},"thumbnailUrl":"https:\/\/files.sunoresearch.com.br\/n\/uploads\/2019\/03\/a0dcac6b-angra-3-jpg.webp","keywords":["Angra 3","Michel Temer","Opera\u00e7\u00e3o Lava Jato"],"articleSection":["Pol\u00edtica"],"inLanguage":"pt-BR"},{"@type":"WebPage","@id":"https:\/\/www.suno.com.br\/noticias\/prisao-temer-corrupcao-angra-3\/","url":"https:\/\/www.suno.com.br\/noticias\/prisao-temer-corrupcao-angra-3\/","name":"Entenda a rela\u00e7\u00e3o da pris\u00e3o de Michel Temer com a corrup\u00e7\u00e3o em Angra 3","isPartOf":{"@id":"https:\/\/www.suno.com.br\/noticias\/#website"},"primaryImageOfPage":{"@id":"https:\/\/www.suno.com.br\/noticias\/prisao-temer-corrupcao-angra-3\/#primaryimage"},"image":{"@id":"https:\/\/www.suno.com.br\/noticias\/prisao-temer-corrupcao-angra-3\/#primaryimage"},"thumbnailUrl":"https:\/\/files.sunoresearch.com.br\/n\/uploads\/2019\/03\/a0dcac6b-angra-3-jpg.webp","datePublished":"2019-03-22T15:47:56+00:00","dateModified":"2021-02-17T23:08:33+00:00","description":"A pris\u00e3o de Michel Temer trouxe de volta \u00e0 tona a Angra 3, usina nuclear cujas obras levantam suspeitas h\u00e1 muito tempo. Clique e saiba mais","breadcrumb":{"@id":"https:\/\/www.suno.com.br\/noticias\/prisao-temer-corrupcao-angra-3\/#breadcrumb"},"inLanguage":"pt-BR","potentialAction":[{"@type":"ReadAction","target":["https:\/\/www.suno.com.br\/noticias\/prisao-temer-corrupcao-angra-3\/"]}]},{"@type":"ImageObject","inLanguage":"pt-BR","@id":"https:\/\/www.suno.com.br\/noticias\/prisao-temer-corrupcao-angra-3\/#primaryimage","url":"https:\/\/files.sunoresearch.com.br\/n\/uploads\/2019\/03\/a0dcac6b-angra-3-jpg.webp","contentUrl":"https:\/\/files.sunoresearch.com.br\/n\/uploads\/2019\/03\/a0dcac6b-angra-3-jpg.webp","width":1024,"height":683,"caption":"Eletronuclear: Angra 3 deve ter conclus\u00e3o atrasada para 2027"},{"@type":"BreadcrumbList","@id":"https:\/\/www.suno.com.br\/noticias\/prisao-temer-corrupcao-angra-3\/#breadcrumb","itemListElement":[{"@type":"ListItem","position":1,"name":"Not\u00edcias","item":"https:\/\/www.suno.com.br\/noticias\/"},{"@type":"ListItem","position":2,"name":"Pol\u00edtica","item":"https:\/\/www.suno.com.br\/noticias\/politica\/"},{"@type":"ListItem","position":3,"name":"Entenda a rela\u00e7\u00e3o da pris\u00e3o de Michel Temer com a corrup\u00e7\u00e3o em Angra 3"}]},{"@type":"WebSite","@id":"https:\/\/www.suno.com.br\/noticias\/#website","url":"https:\/\/www.suno.com.br\/noticias\/","name":"Suno Not\u00edcias","description":"Seu portal de informa\u00e7\u00e3o sobre o mundo dos investimentos","publisher":{"@id":"https:\/\/www.suno.com.br\/noticias\/#organization"},"potentialAction":[{"@type":"SearchAction","target":{"@type":"EntryPoint","urlTemplate":"https:\/\/www.suno.com.br\/noticias\/?s={search_term_string}"},"query-input":{"@type":"PropertyValueSpecification","valueRequired":true,"valueName":"search_term_string"}}],"inLanguage":"pt-BR"},{"@type":"Organization","@id":"https:\/\/www.suno.com.br\/noticias\/#organization","name":"Suno Not\u00edcias","url":"https:\/\/www.suno.com.br\/noticias\/","logo":{"@type":"ImageObject","inLanguage":"pt-BR","@id":"https:\/\/www.suno.com.br\/noticias\/#\/schema\/logo\/image\/","url":"https:\/\/files.sunoresearch.com.br\/n\/uploads\/2021\/09\/suno-logo.png","contentUrl":"https:\/\/files.sunoresearch.com.br\/n\/uploads\/2021\/09\/suno-logo.png","width":180,"height":180,"caption":"Suno Not\u00edcias"},"image":{"@id":"https:\/\/www.suno.com.br\/noticias\/#\/schema\/logo\/image\/"},"sameAs":["https:\/\/facebook.com\/sunoresearch","https:\/\/x.com\/sunoresearch","https:\/\/www.instagram.com\/suno","https:\/\/www.linkedin.com\/company\/suno-research\/","https:\/\/www.youtube.com\/c\/sunoresearch"]},{"@type":"Person","@id":"https:\/\/www.suno.com.br\/noticias\/#\/schema\/person\/0d0c9687cd2f600c564f25980c140de9","name":"Guilherme Caetano","image":{"@type":"ImageObject","inLanguage":"pt-BR","@id":"https:\/\/www.suno.com.br\/noticias\/#\/schema\/person\/image\/","url":"https:\/\/secure.gravatar.com\/avatar\/e48357351a01702a0d19307070e081bf?s=96&r=g","contentUrl":"https:\/\/secure.gravatar.com\/avatar\/e48357351a01702a0d19307070e081bf?s=96&r=g","caption":"Guilherme Caetano"},"description":"Formado em jornalismo pela Escola de Comunica\u00e7\u00f5es e Artes da USP, Guilherme Caetano escreve para o portal de not\u00edcias da Suno Research. Passou pelas reda\u00e7\u00f5es da Folha de S.Paulo e da revista \u00c9poca.","url":"https:\/\/www.suno.com.br\/noticias\/author\/guilherme-caetano\/"}]}},"default_loop_html":"<div class=\"cardsPage__listCard__boxs\"><div class=\"cardsPage__listCard__boxs__img\"><a href=\"https:\/\/www.suno.com.br\/noticias\/prisao-temer-corrupcao-angra-3\/\"><img class=\"mask\" src=\"https:\/\/www.suno.com.br\/noticias\/wp-content\/themes\/suno\/resources\/images\/spotlight\/spotlight1img\/bg-mask.png\" alt=\"Image Mask\"\/><img src=\"https:\/\/files.sunoresearch.com.br\/n\/uploads\/2019\/03\/a0dcac6b-angra-3-400x200.webp\" alt=\"Entenda a rela\u00e7\u00e3o da pris\u00e3o de Michel Temer com a corrup\u00e7\u00e3o em Angra 3\"\/><\/a><span class=\"spotlightCategory\"><a href=\"https:\/\/www.suno.com.br\/noticias\/politica\/\">Pol\u00edtica<\/a><\/span><\/div><div class=\"cardsPage__listCard__boxs__content\"><a href=\"https:\/\/www.suno.com.br\/noticias\/prisao-temer-corrupcao-angra-3\/\"><h2 class=\"content__title\">Entenda a rela\u00e7\u00e3o da pris\u00e3o de Michel Temer com a corrup\u00e7\u00e3o em Angra 3<\/h2><\/a><div class=\"newsContent__article__meta\"><div class=\"newsContent__article__meta__authorBox\"><a href=\"https:\/\/www.suno.com.br\/noticias\/author\/guilherme-caetano\/\" class=\"authorBox__avatar noMobi\"><img src=\"https:\/\/secure.gravatar.com\/avatar\/e48357351a01702a0d19307070e081bf?s=96&#038;r=g\" alt=\"Guilherme Caetano\"><\/a><div class=\"authorBox__name\"><span>por\n\t\t\t<a href=\"https:\/\/www.suno.com.br\/noticias\/author\/guilherme-caetano\/\"><span itemprop=\"author\">Guilherme Caetano<\/span><\/a><\/span><time datetime=\"2019-03-22T12:47:56-03:00\" itemprop=\"datePublished\">22\/03\/2019 12:47<\/time><\/div><\/div><\/div><\/div><\/div>","single_layout":"posts","amp_enabled":true,"_links":{"self":[{"href":"https:\/\/www.suno.com.br\/noticias\/wp-json\/wp\/v2\/posts\/18766"}],"collection":[{"href":"https:\/\/www.suno.com.br\/noticias\/wp-json\/wp\/v2\/posts"}],"about":[{"href":"https:\/\/www.suno.com.br\/noticias\/wp-json\/wp\/v2\/types\/post"}],"author":[{"embeddable":true,"href":"https:\/\/www.suno.com.br\/noticias\/wp-json\/wp\/v2\/users\/13"}],"replies":[{"embeddable":true,"href":"https:\/\/www.suno.com.br\/noticias\/wp-json\/wp\/v2\/comments?post=18766"}],"version-history":[{"count":0,"href":"https:\/\/www.suno.com.br\/noticias\/wp-json\/wp\/v2\/posts\/18766\/revisions"}],"wp:featuredmedia":[{"embeddable":true,"href":"https:\/\/www.suno.com.br\/noticias\/wp-json\/wp\/v2\/media\/18769"}],"wp:attachment":[{"href":"https:\/\/www.suno.com.br\/noticias\/wp-json\/wp\/v2\/media?parent=18766"}],"wp:term":[{"taxonomy":"category","embeddable":true,"href":"https:\/\/www.suno.com.br\/noticias\/wp-json\/wp\/v2\/categories?post=18766"},{"taxonomy":"post_tag","embeddable":true,"href":"https:\/\/www.suno.com.br\/noticias\/wp-json\/wp\/v2\/tags?post=18766"},{"taxonomy":"suno_strategy","embeddable":true,"href":"https:\/\/www.suno.com.br\/noticias\/wp-json\/wp\/v2\/suno_strategy?post=18766"}],"curies":[{"name":"wp","href":"https:\/\/api.w.org\/{rel}","templated":true}]}}