{"id":187508,"date":"2021-09-24T18:40:12","date_gmt":"2021-09-24T21:40:12","guid":{"rendered":"https:\/\/www.suno.com.br\/noticias\/?p=187508"},"modified":"2021-09-27T12:04:57","modified_gmt":"2021-09-27T15:04:57","slug":"aws-centro-dados-ceara","status":"publish","type":"post","link":"https:\/\/www.suno.com.br\/noticias\/aws-centro-dados-ceara\/","title":{"rendered":"AWS, bra\u00e7o de tecnologia da Amazon (AMZO34), anuncia novo ponto de presen\u00e7a no Cear\u00e1"},"content":{"rendered":"<p>A Amazon Web Services, Inc. (<strong>AWS<\/strong>), empresa que faz parte da Amazon (AMZO34) e comp\u00f5e o setor de tecnologia, planeja inaugurar um novo ponto de presen\u00e7a em Fortaleza, Cear\u00e1, conforme divulgado hoje (24) pela gigante varejista. Segundo o comunicado, \u00e9 prometido uma melhoria de at\u00e9 18% na lat\u00eancia dos dados entregues por meio do edge location (servidor de dados).<\/p>\t<div class=\"wrapper-featured-image\">\n\t\t<figure class=\"spotlightImg\">\n\n\t\t\t<picture>\n\t\t\t\t<source media=\"(max-width: 768px)\" srcset=\"https:\/\/files.sunoresearch.com.br\/n\/uploads\/2021\/06\/93c9cb58-aws-400x200.webp\">\n\t\t\t\t<img loading=\"lazy\" decoding=\"async\" class=\"newsContent__article__imgCapa lazyloadDisabled \" src=\"https:\/\/files.sunoresearch.com.br\/n\/uploads\/2021\/06\/93c9cb58-aws-800x450.webp\" width=\"800\" height=\"450\" alt=\"AWS, bra\u00e7o de tecnologia da Amazon (AMZO34), anuncia novo ponto de presen\u00e7a no Cear\u00e1\" fetchpriority=high \/>\n\t\t\t<\/picture>\n\n\t\t\t<figcaption class=\"wp-caption-text wp-caption-text--show\">Amazon Web Services. Foto: divulga\u00e7\u00e3o<\/figcaption>\n\t\t<\/figure>\n\t<\/div>\n\n\n\t<p>\n\t\t<a href=\"https:\/\/lp.suno.com.br\/planilha-controle-gastos\/\" target=\"_blank\" data-element=\"shortcode-suno-banner\" title=\"Banner SUNO, clique e saiba mais\">\n\t\t\t<picture>\n\t\t\t\t<source media=\"(max-width: 500px)\" srcset=\"https:\/\/files.sunoresearch.com.br\/n\/uploads\/2023\/03\/400x300-Planilha-controle-de-gastos.png\">\n\t\t\t\t<img class=\"newsContent__article__imgCapa newsContent__article__imgCapa--banner\"\n\t\t\t\t\tsrc=\"https:\/\/files.sunoresearch.com.br\/n\/uploads\/2023\/03\/1420x240-Planilha-controle-de-gastos.png\"\n\t\t\t\t\tdata-promo-id=\"101751\"\t\t\t\t\t\t\t\t\t\twidth='1420' height='240'\t\t\t\t\talt=\"https:\/\/files.sunoresearch.com.br\/n\/uploads\/2023\/03\/1420x240-Planilha-controle-de-gastos.png\"\n\t\t\t\t>\n\t\t\t<\/picture>\n\t\t<\/a>\n\t<\/p>\n\n\n<p>&#8220;A experi\u00eancia do usu\u00e1rio \u00e9 aprimorada e ainda mais segura com o lan\u00e7amento da infraestrutura local da <strong>AWS.<\/strong> Ajudar\u00e1 empresas e organiza\u00e7\u00f5es governamentais no Brasil, incluindo setores de educa\u00e7\u00e3o, m\u00eddia e entretenimento, jogos, sa\u00fade, finan\u00e7as e e-commerce a trazer inova\u00e7\u00e3o mais rapidamente a seus clientes&#8221;, diz o comunicado.<\/p>\n<p>Com o novo centro em Fortaleza, a Amazon Web Services possui agora tr\u00eas edge points no pa\u00eds, integrando o Brasil \u00e0 infraestrutura global do servi\u00e7o Amazon CloudFront, que entre suas premissas est\u00e1 ambiente em nuvem mais seguro e de qualidade. O servi\u00e7o tamb\u00e9m protege dados confidenciais na edge com protocolos, criptografia e certifica\u00e7\u00f5es de conformidade.<\/p>\n\t<p>\n\t\t<a href=\"https:\/\/lp.suno.com.br\/planilha-da-vida-financeira\/\" target=\"_blank\" data-element=\"shortcode-suno-banner\" title=\"Banner SUNO, clique e saiba mais\">\n\t\t\t<picture>\n\t\t\t\t<source media=\"(max-width: 500px)\" srcset=\"https:\/\/files.sunoresearch.com.br\/n\/uploads\/2023\/04\/400x300-Planilha-vida-financeira-true.png\">\n\t\t\t\t<img class=\"newsContent__article__imgCapa newsContent__article__imgCapa--banner\"\n\t\t\t\t\tsrc=\"https:\/\/files.sunoresearch.com.br\/n\/uploads\/2023\/04\/1420x240-Planilha-vida-financeira-true.png\"\n\t\t\t\t\tdata-promo-id=\"106682\"\t\t\t\t\t\t\t\t\t\twidth='1420' height='240'\t\t\t\t\talt=\"https:\/\/files.sunoresearch.com.br\/n\/uploads\/2023\/04\/1420x240-Planilha-vida-financeira-true.png\"\n\t\t\t\t>\n\t\t\t<\/picture>\n\t\t<\/a>\n\t<\/p>\n\n\n<p>O gerente-geral da Amazon Web Services para o Setor P\u00fablico na Am\u00e9rica Latina, Canad\u00e1 e Caribe, Jeffrey Kratz, declarou que \u201cempresas de todos os tamanhos e em todos os setores, incluindo organiza\u00e7\u00f5es do setor p\u00fablico e institui\u00e7\u00f5es educacionais, poder\u00e3o desfrutar da baixa lat\u00eancia e das altas taxas de transfer\u00eancia de dados fornecidas pelo novo edge location da AWS no Cear\u00e1.\u201d<\/p>\n<p>Com esse investimento, a infraestrutura global da AWS incluir\u00e1 mais de 230 pontos de presen\u00e7a (PoP) em 91 cidades em 47 pa\u00edses.<\/p>\n\t<p>\n\t\t<a href=\"https:\/\/lp.suno.com.br\/ebook-como-analisar-uma-acao\/\" target=\"_blank\" data-element=\"shortcode-suno-banner\" title=\"Banner SUNO, clique e saiba mais\">\n\t\t\t<picture>\n\t\t\t\t<source media=\"(max-width: 500px)\" srcset=\"https:\/\/files.sunoresearch.com.br\/n\/uploads\/2023\/03\/Ebook-Acoes-Mobile-1.jpg\">\n\t\t\t\t<img class=\"newsContent__article__imgCapa newsContent__article__imgCapa--banner\"\n\t\t\t\t\tsrc=\"https:\/\/files.sunoresearch.com.br\/n\/uploads\/2023\/03\/Ebook-Acoes-Desktop-1.jpg\"\n\t\t\t\t\tdata-promo-id=\"171998\"\t\t\t\t\t\t\t\t\t\twidth='1420' height='286'\t\t\t\t\talt=\"https:\/\/files.sunoresearch.com.br\/n\/uploads\/2023\/03\/Ebook-Acoes-Desktop-1.jpg\"\n\t\t\t\t>\n\t\t\t<\/picture>\n\t\t<\/a>\n\t<\/p>\n\n\n<h2>AWS investe na educa\u00e7\u00e3o tecnol\u00f3gica<\/h2>\n<p>A Amazon Web Services j\u00e1 havia cooperado com o governo do Cear\u00e1. Em 2020 firmaram um acordo de colabora\u00e7\u00e3o para a cria\u00e7\u00e3o do primeiro Centro de Compet\u00eancia em Transforma\u00e7\u00e3o Digital do Brasil. Por meio do centro, a empresa oferece os programas AWS Educate e AWS Academy para alunos e professores universit\u00e1rios, para aprimorar a pesquisa cient\u00edfica usando seu servi\u00e7o nuvem. A empresa tamb\u00e9m atua com programas AWS EdStart e AWS Activate para acelerar startups na regi\u00e3o.<\/p>\n<p>O SUNO Not\u00edcias iniciou em junho a cobertura do setor de <strong>startups<\/strong>\u00a0em parceria com a\u00a0<strong>Amazon Web Services<\/strong> (AWS), plataforma de nuvem que oferece servi\u00e7os de datacenters em todo o mundo. <a href=\"https:\/\/www.suno.com.br\/noticias\/suno-noticias-parceria-aws-cobertura-startups\/\">Desde o in\u00edcio daquele m\u00eas<\/a>, a AWS \u00e9 a patrocinadora da editoria de startups do site de not\u00edcias, com o objetivo de refor\u00e7ar o conhecimento p\u00fablico sobre as principais informa\u00e7\u00f5es deste mercado.<\/p>\n\t<p>\n\t\t<a href=\"https:\/\/lp.suno.com.br\/planilha-de-controle-de-investimentos\/\" target=\"_blank\" data-element=\"shortcode-suno-banner\" title=\"Banner SUNO, clique e saiba mais\">\n\t\t\t<picture>\n\t\t\t\t<source media=\"(max-width: 500px)\" srcset=\"https:\/\/files.sunoresearch.com.br\/n\/uploads\/2023\/03\/400x300-Controle-de-Investimentos.png\">\n\t\t\t\t<img class=\"newsContent__article__imgCapa newsContent__article__imgCapa--banner\"\n\t\t\t\t\tsrc=\"https:\/\/files.sunoresearch.com.br\/n\/uploads\/2023\/03\/1420x240-Controle-de-Investimentos.png\"\n\t\t\t\t\tdata-promo-id=\"75934\"\t\t\t\t\t\t\t\t\t\twidth='1420' height='240'\t\t\t\t\talt=\"https:\/\/files.sunoresearch.com.br\/n\/uploads\/2023\/03\/1420x240-Controle-de-Investimentos.png\"\n\t\t\t\t>\n\t\t\t<\/picture>\n\t\t<\/a>\n\t<\/p>\n\n\n<p>Com o novo centro, a Amazon Web Services est\u00e1 oferecendo os programas AWS Educate e AWS Academy para alunos e professores universit\u00e1rios, assim como colabora\u00e7\u00e3o com universidades estaduais para desenvolver e aprimorar a pesquisa acad\u00eamica usando a nuvem da AWS e qualifica\u00e7\u00e3o governamental em transforma\u00e7\u00e3o digital.<\/p>\n\t<p>\n\t\t<a href=\"\" target=\"_blank\" data-element=\"shortcode-suno-banner\" title=\"Banner SUNO, clique e saiba mais\">\n\t\t\t<picture>\n\t\t\t\t<source media=\"(max-width: 500px)\" srcset=\"\">\n\t\t\t\t<img class=\"newsContent__article__imgCapa newsContent__article__imgCapa--banner\"\n\t\t\t\t\tsrc=\"\"\n\t\t\t\t\tdata-promo-id=\"184190\"\t\t\t\t\t\t\t\t\t\t\t\t\t\t\talt=\"\"\n\t\t\t\t>\n\t\t\t<\/picture>\n\t\t<\/a>\n\t<\/p>\n\n\n","protected":false},"excerpt":{"rendered":"<p>A Amazon Web Services, Inc. (AWS), empresa que faz parte da Amazon (AMZO34) e comp\u00f5e o setor de tecnologia, planeja inaugurar um novo ponto de presen\u00e7a em Fortaleza, Cear\u00e1, conforme divulgado hoje (24) pela gigante varejista. Segundo o comunicado, \u00e9 prometido uma melhoria de at\u00e9 18% na lat\u00eancia dos dados entregues por meio do edge [&hellip;]<\/p>\n","protected":false},"author":118,"featured_media":160861,"comment_status":"closed","ping_status":"closed","sticky":false,"template":"","format":"standard","meta":[],"categories":[64],"tags":[694],"suno_strategy":[],"class_list":["post-187508","post","type-post","status-publish","format-standard","has-post-thumbnail","hentry","category-negocios","tag-amazon-amzo34"],"yoast_head":"<!-- This site is optimized with the Yoast SEO plugin v24.4 - https:\/\/yoast.com\/wordpress\/plugins\/seo\/ -->\n<title>AWS, bra\u00e7o da Amazon (AMZO34), ter\u00e1 centro de dados no Cear\u00e1<\/title>\n<meta name=\"description\" content=\"A Amazon Web Services (AWS), empresa que faz parte da Amazon, planeja inaugurar um novo centro de dados no Brasil. Saiba mais\" \/>\n<meta name=\"robots\" content=\"index, follow, max-snippet:-1, max-image-preview:large, max-video-preview:-1\" \/>\n<link rel=\"canonical\" href=\"https:\/\/www.suno.com.br\/noticias\/aws-centro-dados-ceara\/\" \/>\n<meta property=\"og:locale\" content=\"pt_BR\" \/>\n<meta property=\"og:type\" content=\"article\" \/>\n<meta property=\"og:title\" content=\"AWS, bra\u00e7o da Amazon (AMZO34), ter\u00e1 centro de dados no Cear\u00e1\" \/>\n<meta property=\"og:description\" content=\"A Amazon Web Services (AWS), empresa que faz parte da Amazon, planeja inaugurar um novo centro de dados no Brasil. Saiba mais\" \/>\n<meta property=\"og:url\" content=\"https:\/\/www.suno.com.br\/noticias\/aws-centro-dados-ceara\/\" \/>\n<meta property=\"og:site_name\" content=\"Suno Not\u00edcias\" \/>\n<meta property=\"article:publisher\" content=\"https:\/\/facebook.com\/sunoresearch\" \/>\n<meta property=\"og:image\" content=\"https:\/\/files.sunoresearch.com.br\/n\/uploads\/2021\/06\/93c9cb58-aws.png\" \/>\n\t<meta property=\"og:image:width\" content=\"5556\" \/>\n\t<meta property=\"og:image:height\" content=\"3376\" \/>\n\t<meta property=\"og:image:type\" content=\"image\/png\" \/>\n<meta name=\"author\" content=\"Bruno Galv\u00e3o\" \/>\n<meta name=\"twitter:card\" content=\"summary_large_image\" \/>\n<meta name=\"twitter:creator\" content=\"@sunoresearch\" \/>\n<meta name=\"twitter:site\" content=\"@sunoresearch\" \/>\n<meta name=\"twitter:label1\" content=\"Escrito por\" \/>\n\t<meta name=\"twitter:data1\" content=\"Bruno Galv\u00e3o\" \/>\n\t<meta name=\"twitter:label2\" content=\"Est. tempo de leitura\" \/>\n\t<meta name=\"twitter:data2\" content=\"2 minutos\" \/>\n<script type=\"application\/ld+json\" class=\"yoast-schema-graph\">{\"@context\":\"https:\/\/schema.org\",\"@graph\":[{\"@type\":\"NewsArticle\",\"@id\":\"https:\/\/www.suno.com.br\/noticias\/aws-centro-dados-ceara\/#article\",\"isPartOf\":{\"@id\":\"https:\/\/www.suno.com.br\/noticias\/aws-centro-dados-ceara\/\"},\"author\":{\"name\":\"Bruno Galv\u00e3o\",\"@id\":\"https:\/\/www.suno.com.br\/noticias\/#\/schema\/person\/06f0d962a6b1c54852e4860f16935600\"},\"headline\":\"AWS, bra\u00e7o de tecnologia da Amazon (AMZO34), anuncia novo ponto de presen\u00e7a no Cear\u00e1\",\"datePublished\":\"2021-09-24T21:40:12+00:00\",\"dateModified\":\"2021-09-27T15:04:57+00:00\",\"mainEntityOfPage\":{\"@id\":\"https:\/\/www.suno.com.br\/noticias\/aws-centro-dados-ceara\/\"},\"wordCount\":508,\"publisher\":{\"@id\":\"https:\/\/www.suno.com.br\/noticias\/#organization\"},\"image\":{\"@id\":\"https:\/\/www.suno.com.br\/noticias\/aws-centro-dados-ceara\/#primaryimage\"},\"thumbnailUrl\":\"https:\/\/files.sunoresearch.com.br\/n\/uploads\/2021\/06\/93c9cb58-aws-png.webp\",\"keywords\":[\"Amazon (AMZO34)\"],\"articleSection\":[\"Neg\u00f3cios\"],\"inLanguage\":\"pt-BR\"},{\"@type\":\"WebPage\",\"@id\":\"https:\/\/www.suno.com.br\/noticias\/aws-centro-dados-ceara\/\",\"url\":\"https:\/\/www.suno.com.br\/noticias\/aws-centro-dados-ceara\/\",\"name\":\"AWS, bra\u00e7o da Amazon (AMZO34), ter\u00e1 centro de dados no Cear\u00e1\",\"isPartOf\":{\"@id\":\"https:\/\/www.suno.com.br\/noticias\/#website\"},\"primaryImageOfPage\":{\"@id\":\"https:\/\/www.suno.com.br\/noticias\/aws-centro-dados-ceara\/#primaryimage\"},\"image\":{\"@id\":\"https:\/\/www.suno.com.br\/noticias\/aws-centro-dados-ceara\/#primaryimage\"},\"thumbnailUrl\":\"https:\/\/files.sunoresearch.com.br\/n\/uploads\/2021\/06\/93c9cb58-aws-png.webp\",\"datePublished\":\"2021-09-24T21:40:12+00:00\",\"dateModified\":\"2021-09-27T15:04:57+00:00\",\"description\":\"A Amazon Web Services (AWS), empresa que faz parte da Amazon, planeja inaugurar um novo centro de dados no Brasil. Saiba mais\",\"breadcrumb\":{\"@id\":\"https:\/\/www.suno.com.br\/noticias\/aws-centro-dados-ceara\/#breadcrumb\"},\"inLanguage\":\"pt-BR\",\"potentialAction\":[{\"@type\":\"ReadAction\",\"target\":[\"https:\/\/www.suno.com.br\/noticias\/aws-centro-dados-ceara\/\"]}]},{\"@type\":\"ImageObject\",\"inLanguage\":\"pt-BR\",\"@id\":\"https:\/\/www.suno.com.br\/noticias\/aws-centro-dados-ceara\/#primaryimage\",\"url\":\"https:\/\/files.sunoresearch.com.br\/n\/uploads\/2021\/06\/93c9cb58-aws-png.webp\",\"contentUrl\":\"https:\/\/files.sunoresearch.com.br\/n\/uploads\/2021\/06\/93c9cb58-aws-png.webp\",\"width\":5556,\"height\":3376,\"caption\":\"Amazon Web Services. Foto: divulga\u00e7\u00e3o\"},{\"@type\":\"BreadcrumbList\",\"@id\":\"https:\/\/www.suno.com.br\/noticias\/aws-centro-dados-ceara\/#breadcrumb\",\"itemListElement\":[{\"@type\":\"ListItem\",\"position\":1,\"name\":\"Not\u00edcias\",\"item\":\"https:\/\/www.suno.com.br\/noticias\/\"},{\"@type\":\"ListItem\",\"position\":2,\"name\":\"Neg\u00f3cios\",\"item\":\"https:\/\/www.suno.com.br\/noticias\/negocios\/\"},{\"@type\":\"ListItem\",\"position\":3,\"name\":\"AWS, bra\u00e7o de tecnologia da Amazon (AMZO34), anuncia novo ponto de presen\u00e7a no Cear\u00e1\"}]},{\"@type\":\"WebSite\",\"@id\":\"https:\/\/www.suno.com.br\/noticias\/#website\",\"url\":\"https:\/\/www.suno.com.br\/noticias\/\",\"name\":\"Suno Not\u00edcias\",\"description\":\"Seu portal de informa\u00e7\u00e3o sobre o mundo dos investimentos\",\"publisher\":{\"@id\":\"https:\/\/www.suno.com.br\/noticias\/#organization\"},\"potentialAction\":[{\"@type\":\"SearchAction\",\"target\":{\"@type\":\"EntryPoint\",\"urlTemplate\":\"https:\/\/www.suno.com.br\/noticias\/?s={search_term_string}\"},\"query-input\":{\"@type\":\"PropertyValueSpecification\",\"valueRequired\":true,\"valueName\":\"search_term_string\"}}],\"inLanguage\":\"pt-BR\"},{\"@type\":\"Organization\",\"@id\":\"https:\/\/www.suno.com.br\/noticias\/#organization\",\"name\":\"Suno Not\u00edcias\",\"url\":\"https:\/\/www.suno.com.br\/noticias\/\",\"logo\":{\"@type\":\"ImageObject\",\"inLanguage\":\"pt-BR\",\"@id\":\"https:\/\/www.suno.com.br\/noticias\/#\/schema\/logo\/image\/\",\"url\":\"https:\/\/files.sunoresearch.com.br\/n\/uploads\/2021\/09\/suno-logo.png\",\"contentUrl\":\"https:\/\/files.sunoresearch.com.br\/n\/uploads\/2021\/09\/suno-logo.png\",\"width\":180,\"height\":180,\"caption\":\"Suno Not\u00edcias\"},\"image\":{\"@id\":\"https:\/\/www.suno.com.br\/noticias\/#\/schema\/logo\/image\/\"},\"sameAs\":[\"https:\/\/facebook.com\/sunoresearch\",\"https:\/\/x.com\/sunoresearch\",\"https:\/\/www.instagram.com\/suno\",\"https:\/\/www.linkedin.com\/company\/suno-research\/\",\"https:\/\/www.youtube.com\/c\/sunoresearch\"]},{\"@type\":\"Person\",\"@id\":\"https:\/\/www.suno.com.br\/noticias\/#\/schema\/person\/06f0d962a6b1c54852e4860f16935600\",\"name\":\"Bruno Galv\u00e3o\",\"image\":{\"@type\":\"ImageObject\",\"inLanguage\":\"pt-BR\",\"@id\":\"https:\/\/www.suno.com.br\/noticias\/#\/schema\/person\/image\/\",\"url\":\"https:\/\/secure.gravatar.com\/avatar\/53598df0b41c00f12f287a912d0e918e?s=96&r=g\",\"contentUrl\":\"https:\/\/secure.gravatar.com\/avatar\/53598df0b41c00f12f287a912d0e918e?s=96&r=g\",\"caption\":\"Bruno Galv\u00e3o\"},\"description\":\"Escreve para o portal Suno Not\u00edcias. \u00c9 estudante de Jornalismo pela Faculdade C\u00e1sper L\u00edbero e Letras pela USP. Entusiasta de tecnologia e intelig\u00eancia artificial.\",\"url\":\"https:\/\/www.suno.com.br\/noticias\/author\/bruno-garcia\/\"}]}<\/script>\n<!-- \/ Yoast SEO plugin. -->","yoast_head_json":{"title":"AWS, bra\u00e7o da Amazon (AMZO34), ter\u00e1 centro de dados no Cear\u00e1","description":"A Amazon Web Services (AWS), empresa que faz parte da Amazon, planeja inaugurar um novo centro de dados no Brasil. Saiba mais","robots":{"index":"index","follow":"follow","max-snippet":"max-snippet:-1","max-image-preview":"max-image-preview:large","max-video-preview":"max-video-preview:-1"},"canonical":"https:\/\/www.suno.com.br\/noticias\/aws-centro-dados-ceara\/","og_locale":"pt_BR","og_type":"article","og_title":"AWS, bra\u00e7o da Amazon (AMZO34), ter\u00e1 centro de dados no Cear\u00e1","og_description":"A Amazon Web Services (AWS), empresa que faz parte da Amazon, planeja inaugurar um novo centro de dados no Brasil. Saiba mais","og_url":"https:\/\/www.suno.com.br\/noticias\/aws-centro-dados-ceara\/","og_site_name":"Suno Not\u00edcias","article_publisher":"https:\/\/facebook.com\/sunoresearch","og_image":[{"width":5556,"height":3376,"url":"https:\/\/files.sunoresearch.com.br\/n\/uploads\/2021\/06\/93c9cb58-aws.png","type":"image\/png"}],"author":"Bruno Galv\u00e3o","twitter_card":"summary_large_image","twitter_creator":"@sunoresearch","twitter_site":"@sunoresearch","twitter_misc":{"Escrito por":"Bruno Galv\u00e3o","Est. tempo de leitura":"2 minutos"},"schema":{"@context":"https:\/\/schema.org","@graph":[{"@type":"NewsArticle","@id":"https:\/\/www.suno.com.br\/noticias\/aws-centro-dados-ceara\/#article","isPartOf":{"@id":"https:\/\/www.suno.com.br\/noticias\/aws-centro-dados-ceara\/"},"author":{"name":"Bruno Galv\u00e3o","@id":"https:\/\/www.suno.com.br\/noticias\/#\/schema\/person\/06f0d962a6b1c54852e4860f16935600"},"headline":"AWS, bra\u00e7o de tecnologia da Amazon (AMZO34), anuncia novo ponto de presen\u00e7a no Cear\u00e1","datePublished":"2021-09-24T21:40:12+00:00","dateModified":"2021-09-27T15:04:57+00:00","mainEntityOfPage":{"@id":"https:\/\/www.suno.com.br\/noticias\/aws-centro-dados-ceara\/"},"wordCount":508,"publisher":{"@id":"https:\/\/www.suno.com.br\/noticias\/#organization"},"image":{"@id":"https:\/\/www.suno.com.br\/noticias\/aws-centro-dados-ceara\/#primaryimage"},"thumbnailUrl":"https:\/\/files.sunoresearch.com.br\/n\/uploads\/2021\/06\/93c9cb58-aws-png.webp","keywords":["Amazon (AMZO34)"],"articleSection":["Neg\u00f3cios"],"inLanguage":"pt-BR"},{"@type":"WebPage","@id":"https:\/\/www.suno.com.br\/noticias\/aws-centro-dados-ceara\/","url":"https:\/\/www.suno.com.br\/noticias\/aws-centro-dados-ceara\/","name":"AWS, bra\u00e7o da Amazon (AMZO34), ter\u00e1 centro de dados no Cear\u00e1","isPartOf":{"@id":"https:\/\/www.suno.com.br\/noticias\/#website"},"primaryImageOfPage":{"@id":"https:\/\/www.suno.com.br\/noticias\/aws-centro-dados-ceara\/#primaryimage"},"image":{"@id":"https:\/\/www.suno.com.br\/noticias\/aws-centro-dados-ceara\/#primaryimage"},"thumbnailUrl":"https:\/\/files.sunoresearch.com.br\/n\/uploads\/2021\/06\/93c9cb58-aws-png.webp","datePublished":"2021-09-24T21:40:12+00:00","dateModified":"2021-09-27T15:04:57+00:00","description":"A Amazon Web Services (AWS), empresa que faz parte da Amazon, planeja inaugurar um novo centro de dados no Brasil. Saiba mais","breadcrumb":{"@id":"https:\/\/www.suno.com.br\/noticias\/aws-centro-dados-ceara\/#breadcrumb"},"inLanguage":"pt-BR","potentialAction":[{"@type":"ReadAction","target":["https:\/\/www.suno.com.br\/noticias\/aws-centro-dados-ceara\/"]}]},{"@type":"ImageObject","inLanguage":"pt-BR","@id":"https:\/\/www.suno.com.br\/noticias\/aws-centro-dados-ceara\/#primaryimage","url":"https:\/\/files.sunoresearch.com.br\/n\/uploads\/2021\/06\/93c9cb58-aws-png.webp","contentUrl":"https:\/\/files.sunoresearch.com.br\/n\/uploads\/2021\/06\/93c9cb58-aws-png.webp","width":5556,"height":3376,"caption":"Amazon Web Services. Foto: divulga\u00e7\u00e3o"},{"@type":"BreadcrumbList","@id":"https:\/\/www.suno.com.br\/noticias\/aws-centro-dados-ceara\/#breadcrumb","itemListElement":[{"@type":"ListItem","position":1,"name":"Not\u00edcias","item":"https:\/\/www.suno.com.br\/noticias\/"},{"@type":"ListItem","position":2,"name":"Neg\u00f3cios","item":"https:\/\/www.suno.com.br\/noticias\/negocios\/"},{"@type":"ListItem","position":3,"name":"AWS, bra\u00e7o de tecnologia da Amazon (AMZO34), anuncia novo ponto de presen\u00e7a no Cear\u00e1"}]},{"@type":"WebSite","@id":"https:\/\/www.suno.com.br\/noticias\/#website","url":"https:\/\/www.suno.com.br\/noticias\/","name":"Suno Not\u00edcias","description":"Seu portal de informa\u00e7\u00e3o sobre o mundo dos investimentos","publisher":{"@id":"https:\/\/www.suno.com.br\/noticias\/#organization"},"potentialAction":[{"@type":"SearchAction","target":{"@type":"EntryPoint","urlTemplate":"https:\/\/www.suno.com.br\/noticias\/?s={search_term_string}"},"query-input":{"@type":"PropertyValueSpecification","valueRequired":true,"valueName":"search_term_string"}}],"inLanguage":"pt-BR"},{"@type":"Organization","@id":"https:\/\/www.suno.com.br\/noticias\/#organization","name":"Suno Not\u00edcias","url":"https:\/\/www.suno.com.br\/noticias\/","logo":{"@type":"ImageObject","inLanguage":"pt-BR","@id":"https:\/\/www.suno.com.br\/noticias\/#\/schema\/logo\/image\/","url":"https:\/\/files.sunoresearch.com.br\/n\/uploads\/2021\/09\/suno-logo.png","contentUrl":"https:\/\/files.sunoresearch.com.br\/n\/uploads\/2021\/09\/suno-logo.png","width":180,"height":180,"caption":"Suno Not\u00edcias"},"image":{"@id":"https:\/\/www.suno.com.br\/noticias\/#\/schema\/logo\/image\/"},"sameAs":["https:\/\/facebook.com\/sunoresearch","https:\/\/x.com\/sunoresearch","https:\/\/www.instagram.com\/suno","https:\/\/www.linkedin.com\/company\/suno-research\/","https:\/\/www.youtube.com\/c\/sunoresearch"]},{"@type":"Person","@id":"https:\/\/www.suno.com.br\/noticias\/#\/schema\/person\/06f0d962a6b1c54852e4860f16935600","name":"Bruno Galv\u00e3o","image":{"@type":"ImageObject","inLanguage":"pt-BR","@id":"https:\/\/www.suno.com.br\/noticias\/#\/schema\/person\/image\/","url":"https:\/\/secure.gravatar.com\/avatar\/53598df0b41c00f12f287a912d0e918e?s=96&r=g","contentUrl":"https:\/\/secure.gravatar.com\/avatar\/53598df0b41c00f12f287a912d0e918e?s=96&r=g","caption":"Bruno Galv\u00e3o"},"description":"Escreve para o portal Suno Not\u00edcias. \u00c9 estudante de Jornalismo pela Faculdade C\u00e1sper L\u00edbero e Letras pela USP. Entusiasta de tecnologia e intelig\u00eancia artificial.","url":"https:\/\/www.suno.com.br\/noticias\/author\/bruno-garcia\/"}]}},"default_loop_html":"<div class=\"cardsPage__listCard__boxs\"><div class=\"cardsPage__listCard__boxs__img\"><a href=\"https:\/\/www.suno.com.br\/noticias\/aws-centro-dados-ceara\/\"><img class=\"mask\" src=\"https:\/\/www.suno.com.br\/noticias\/wp-content\/themes\/suno\/resources\/images\/spotlight\/spotlight1img\/bg-mask.png\" alt=\"Image Mask\"\/><img src=\"https:\/\/files.sunoresearch.com.br\/n\/uploads\/2021\/06\/93c9cb58-aws-400x200.webp\" alt=\"AWS, bra\u00e7o de tecnologia da Amazon (AMZO34), anuncia novo ponto de presen\u00e7a no Cear\u00e1\"\/><\/a><span class=\"spotlightCategory\"><a href=\"https:\/\/www.suno.com.br\/noticias\/negocios\/\">Neg\u00f3cios<\/a><\/span><\/div><div class=\"cardsPage__listCard__boxs__content\"><a href=\"https:\/\/www.suno.com.br\/noticias\/aws-centro-dados-ceara\/\"><h2 class=\"content__title\">AWS, bra\u00e7o de tecnologia da Amazon (AMZO34), anuncia novo ponto de presen\u00e7a no Cear\u00e1<\/h2><\/a><div class=\"newsContent__article__meta\"><div class=\"newsContent__article__meta__authorBox\"><a href=\"https:\/\/www.suno.com.br\/noticias\/author\/bruno-garcia\/\" class=\"authorBox__avatar noMobi\"><img src=\"https:\/\/secure.gravatar.com\/avatar\/53598df0b41c00f12f287a912d0e918e?s=96&#038;r=g\" alt=\"Bruno Galv\u00e3o\"><\/a><div class=\"authorBox__name\"><span>por\n\t\t\t<a href=\"https:\/\/www.suno.com.br\/noticias\/author\/bruno-garcia\/\"><span itemprop=\"author\">Bruno Galv\u00e3o<\/span><\/a><\/span><time datetime=\"2021-09-24T18:40:12-03:00\" itemprop=\"datePublished\">24\/09\/2021 18:40<\/time><\/div><\/div><\/div><\/div><\/div>","single_layout":"posts","amp_enabled":true,"_links":{"self":[{"href":"https:\/\/www.suno.com.br\/noticias\/wp-json\/wp\/v2\/posts\/187508"}],"collection":[{"href":"https:\/\/www.suno.com.br\/noticias\/wp-json\/wp\/v2\/posts"}],"about":[{"href":"https:\/\/www.suno.com.br\/noticias\/wp-json\/wp\/v2\/types\/post"}],"author":[{"embeddable":true,"href":"https:\/\/www.suno.com.br\/noticias\/wp-json\/wp\/v2\/users\/118"}],"replies":[{"embeddable":true,"href":"https:\/\/www.suno.com.br\/noticias\/wp-json\/wp\/v2\/comments?post=187508"}],"version-history":[{"count":4,"href":"https:\/\/www.suno.com.br\/noticias\/wp-json\/wp\/v2\/posts\/187508\/revisions"}],"predecessor-version":[{"id":187885,"href":"https:\/\/www.suno.com.br\/noticias\/wp-json\/wp\/v2\/posts\/187508\/revisions\/187885"}],"wp:featuredmedia":[{"embeddable":true,"href":"https:\/\/www.suno.com.br\/noticias\/wp-json\/wp\/v2\/media\/160861"}],"wp:attachment":[{"href":"https:\/\/www.suno.com.br\/noticias\/wp-json\/wp\/v2\/media?parent=187508"}],"wp:term":[{"taxonomy":"category","embeddable":true,"href":"https:\/\/www.suno.com.br\/noticias\/wp-json\/wp\/v2\/categories?post=187508"},{"taxonomy":"post_tag","embeddable":true,"href":"https:\/\/www.suno.com.br\/noticias\/wp-json\/wp\/v2\/tags?post=187508"},{"taxonomy":"suno_strategy","embeddable":true,"href":"https:\/\/www.suno.com.br\/noticias\/wp-json\/wp\/v2\/suno_strategy?post=187508"}],"curies":[{"name":"wp","href":"https:\/\/api.w.org\/{rel}","templated":true}]}}