{"id":18749,"date":"2019-03-22T10:59:46","date_gmt":"2019-03-22T13:59:46","guid":{"rendered":"https:\/\/www.suno.com.br\/noticias\/?p=18749"},"modified":"2019-03-22T10:59:46","modified_gmt":"2019-03-22T13:59:46","slug":"governo-leilao-terminais-portuarios","status":"publish","type":"post","link":"https:\/\/www.suno.com.br\/noticias\/governo-leilao-terminais-portuarios\/","title":{"rendered":"Governo faz leil\u00e3o de 4 terminais portu\u00e1rios em Vit\u00f3ria e na Para\u00edba"},"content":{"rendered":"<p>O governo federal vai realizar o leil\u00e3o de quatro terminais portu\u00e1rios nesta sexta-feira (22). Tr\u00eas dessa \u00e1reas portu\u00e1rias est\u00e3o\u00a0em Cabedelo, na Para\u00edba, e uma em Vit\u00f3ria (ES).<\/p>\t<div class=\"wrapper-featured-image\">\n\t\t<figure class=\"spotlightImg\">\n\n\t\t\t<picture>\n\t\t\t\t<source media=\"(max-width: 768px)\" srcset=\"https:\/\/files.sunoresearch.com.br\/n\/uploads\/2019\/03\/113faa58-cabedelo-para\u00edba-400x200.webp\">\n\t\t\t\t<img loading=\"lazy\" decoding=\"async\" class=\"newsContent__article__imgCapa lazyloadDisabled newsContent__article__imgCapa--noCaption\" src=\"https:\/\/files.sunoresearch.com.br\/n\/uploads\/2019\/03\/113faa58-cabedelo-para\u00edba-800x450.webp\" width=\"800\" height=\"450\" alt=\"Governo faz leil\u00e3o de 4 terminais portu\u00e1rios em Vit\u00f3ria e na Para\u00edba\" fetchpriority=high \/>\n\t\t\t<\/picture>\n\n\t\t\t<figcaption class=\"wp-caption-text wp-caption-text--hide\">Cabedelo Para\u00edba<\/figcaption>\n\t\t<\/figure>\n\t<\/div>\n\n\n<p>As <strong>\u00e1reas portu\u00e1rias<\/strong> s\u00e3o destinadas a <strong>movimenta\u00e7\u00e3o<\/strong> e <strong>armazenagem<\/strong> de <strong>combust\u00edveis.<\/strong> O <strong>leil\u00e3o,<\/strong> realizado na sede da <strong>B3<\/strong> em S\u00e3o Paulo, deve gerar cerca de R$ 200 milh\u00f5es em <strong>investimentos<\/strong> pelos pr\u00f3ximos 25 anos. Essa\u00a0ser\u00e1 a primeira de uma sequ\u00eancia de licita\u00e7\u00f5es de terminais em <strong>Bel\u00e9m, Santos<\/strong> e <strong>Paranagu\u00e1.<\/strong><\/p>\n<p><a href=\"https:\/\/www.suno.com.br\/noticias\/aeroportos-governo-leilao-estrangeiros\/\">Saiba mais: Aeroportos: Governo arrecada R$ 2,377 bilh\u00f5es em leil\u00e3o dominado por estrangeiros<\/a><\/p>\n<p>A previs\u00e3o do governo \u00e9 que haja ao menos um interessado para todos os terminais. Entretanto, os analistas prevem que apenas o de <strong>Vit\u00f3ria<\/strong> dever\u00e1 atrair competi\u00e7\u00e3o.<\/p>\n<p>A <strong>\u00e1rea portu\u00e1ria<\/strong> no <strong>Esp\u00edrito Santo<\/strong> \u00e9 o destaque do <strong>leil\u00e3o<\/strong> desta sexta. A previs\u00e3o \u00e9 de um <strong>investimento<\/strong> de R$ 128 milh\u00f5es na constru\u00e7\u00e3o do terminal, dedicado \u00e0 movimenta\u00e7\u00e3o de combust\u00edveis.<\/p>\n<p><a href=\"https:\/\/www.suno.com.br\/noticias\/hopi-hari-bndes-leilao-bens\/\">Saiba mais: Hopi Hari tenta acordo com BNDES a fim de evitar leil\u00e3o de bens<\/a><\/p>\n<p>Os outros tr\u00eas terminais, em <strong>Cabedelo,<\/strong> tamb\u00e9m trabalhar\u00e3o com combust\u00edveis. Entretanto, eles s\u00e3o considerados menos atrativos pelos investidores, mesmo se j\u00e1 constru\u00eddos. Isso porqu\u00ea as infraestruturas requerem <strong>investimentos<\/strong> relativamente altos &#8211; cerca de R$ 71,5 milh\u00f5es &#8211; propiciando baixos retornos.<\/p>\n<h2>Leil\u00e3o quase suspenso por liminar<\/h2>\n<p>O <strong>leil\u00e3o<\/strong> desta sexta quase foi anulado por causa de uma liminar judicial que impediu o arrendamento de Cabedelo. Entretanto, o Minist\u00e9rio das Infraestruturas conseguiu reverter a suspens\u00e3o na Justi\u00e7a.<\/p>\n<p>A a\u00e7\u00e3o foi movida pela <strong>Ra\u00edzen,<\/strong> operadora que buscava garantir a indeniza\u00e7\u00e3o de <strong>investimentos<\/strong> feitos em um dos <strong>terminais.<\/strong> Segundo a empresa, que opera na <strong>distribui\u00e7\u00e3o de combust\u00edveis<\/strong>, esses investimentos ainda n\u00e3o foram amortizados.<\/p>\n<p>Esse \u00e9 o segundo <strong>leil\u00e3o<\/strong> realizado durante o governo do presidente <strong>Jair<\/strong> <strong>Bolsonaro.<\/strong> Na semana passada foram <strong>leiloados<\/strong> <strong>12 aeroportos<\/strong>. Entretanto, a cess\u00e3o das \u00e1reas portu\u00e1rias e aeroportu\u00e1rias foi inciada durante o mandato do ex-presidente <strong>Michel Temer.<\/strong><\/p>\n<p><a href=\"https:\/\/www.suno.com.br\/noticias\/governo-edital-estudos-concessao-aeroportos\/\">Saiba mais: Governo divulga edital de estudos para concess\u00e3o de 22 aeroportos<\/a><\/p>\n<p>Uma nova rodada de <strong>licita\u00e7\u00f5es<\/strong> ser\u00e1 realizada no dia 5 de abril. Naquela ocasi\u00e3o ser\u00e3o ofertadas seis \u00e1reas no <strong>Par\u00e1,<\/strong> cinco em <strong>Bel\u00e9m<\/strong> e uma em <strong>Vila do Conde<\/strong>. O <strong>investimento<\/strong> previsto para esse leil\u00e3o \u00e9 de cerca de R$ 400 milh\u00f5es.<\/p>\n<p>Outros tr\u00eas <strong>terminais<\/strong> dever\u00e3o ser <strong>leiloados<\/strong> em abril. Dois deles ser\u00e3o no <strong>Porto de Santos<\/strong> e um outro no <strong>Porto de Paranagu\u00e1<\/strong>. Essas <strong>opera\u00e7\u00f5es<\/strong> dever\u00e3o atrair <strong>investimentos<\/strong> de R$ 400 milh\u00f5es.<\/p>\n<p>O <strong>Tribunal de Contas da Uni\u00e3o (TCU)<\/strong> est\u00e1 analisando a possibilidade de <strong>leiloar<\/strong> outros <strong>terminais.<\/strong> Entre eles est\u00e1 o <strong>Porto de Suape<\/strong>, o <strong>porto de Santos<\/strong> e o<strong> porto de Itaqui<\/strong>.<\/p>\n<h2>Docas a venda<\/h2>\n<p>Al\u00e9m disso, o governo pretende privatizar tamb\u00e9m companhias docas. A primeira a ser cedida para a iniciativa privada ser\u00e1 a <strong>Codesa,<\/strong> no <strong>Esp\u00edrito Santo.<\/strong> Um estudo sobre a desestatiza\u00e7\u00e3o da empresa ser\u00e1 realizado por uma consultoria contratada pelo <a href=\"https:\/\/www.bndes.gov.br\/\"><strong>Banco Nacional de Desenvolvimento Econ\u00f4mico e Social (BNDES)<\/strong><\/a>.<\/p>\n","protected":false},"excerpt":{"rendered":"<p>O governo federal vai realizar o leil\u00e3o de quatro terminais portu\u00e1rios nesta sexta-feira (22). Tr\u00eas dessa \u00e1reas portu\u00e1rias est\u00e3o\u00a0em Cabedelo, na Para\u00edba, e uma em Vit\u00f3ria (ES). Cabedelo Para\u00edba As \u00e1reas portu\u00e1rias s\u00e3o destinadas a movimenta\u00e7\u00e3o e armazenagem de combust\u00edveis. O leil\u00e3o, realizado na sede da B3 em S\u00e3o Paulo, deve gerar cerca de R$ [&hellip;]<\/p>\n","protected":false},"author":9,"featured_media":18758,"comment_status":"closed","ping_status":"closed","sticky":false,"template":"","format":"standard","meta":[],"categories":[62],"tags":[945],"suno_strategy":[],"class_list":["post-18749","post","type-post","status-publish","format-standard","has-post-thumbnail","hentry","category-economia","tag-privatizacoes"],"yoast_head":"<!-- This site is optimized with the Yoast SEO plugin v24.4 - https:\/\/yoast.com\/wordpress\/plugins\/seo\/ -->\n<title>Governo faz leil\u00e3o de 4 terminais portu\u00e1rios em Vit\u00f3ria e na Para\u00edba<\/title>\n<meta name=\"description\" content=\"O governo vai realizar o leil\u00e3o de 4 terminais portu\u00e1rios nesta sexta-feira (22) na Para\u00edba e no Esp\u00edrito Santo. Clique aqui para saber mais.\" \/>\n<meta name=\"robots\" content=\"index, follow, max-snippet:-1, max-image-preview:large, max-video-preview:-1\" \/>\n<link rel=\"canonical\" href=\"https:\/\/www.suno.com.br\/noticias\/governo-leilao-terminais-portuarios\/\" \/>\n<meta property=\"og:locale\" content=\"pt_BR\" \/>\n<meta property=\"og:type\" content=\"article\" \/>\n<meta property=\"og:title\" content=\"Governo faz leil\u00e3o de 4 terminais portu\u00e1rios em Vit\u00f3ria e na Para\u00edba\" \/>\n<meta property=\"og:description\" content=\"O governo vai realizar o leil\u00e3o de 4 terminais portu\u00e1rios nesta sexta-feira (22) na Para\u00edba e no Esp\u00edrito Santo. Clique aqui para saber mais.\" \/>\n<meta property=\"og:url\" content=\"https:\/\/www.suno.com.br\/noticias\/governo-leilao-terminais-portuarios\/\" \/>\n<meta property=\"og:site_name\" content=\"Suno Not\u00edcias\" \/>\n<meta property=\"article:publisher\" content=\"https:\/\/facebook.com\/sunoresearch\" \/>\n<meta property=\"og:image\" content=\"https:\/\/files.sunoresearch.com.br\/n\/uploads\/2019\/03\/113faa58-cabedelo-para\u00edba.jpg\" \/>\n\t<meta property=\"og:image:width\" content=\"800\" \/>\n\t<meta property=\"og:image:height\" content=\"533\" \/>\n\t<meta property=\"og:image:type\" content=\"image\/jpeg\" \/>\n<meta name=\"author\" content=\"Carlo Cauti\" \/>\n<meta name=\"twitter:card\" content=\"summary_large_image\" \/>\n<meta name=\"twitter:creator\" content=\"@sunoresearch\" \/>\n<meta name=\"twitter:site\" content=\"@sunoresearch\" \/>\n<meta name=\"twitter:label1\" content=\"Escrito por\" \/>\n\t<meta name=\"twitter:data1\" content=\"Carlo Cauti\" \/>\n\t<meta name=\"twitter:label2\" content=\"Est. tempo de leitura\" \/>\n\t<meta name=\"twitter:data2\" content=\"3 minutos\" \/>\n<script type=\"application\/ld+json\" class=\"yoast-schema-graph\">{\"@context\":\"https:\/\/schema.org\",\"@graph\":[{\"@type\":\"NewsArticle\",\"@id\":\"https:\/\/www.suno.com.br\/noticias\/governo-leilao-terminais-portuarios\/#article\",\"isPartOf\":{\"@id\":\"https:\/\/www.suno.com.br\/noticias\/governo-leilao-terminais-portuarios\/\"},\"author\":{\"name\":\"Carlo Cauti\",\"@id\":\"https:\/\/www.suno.com.br\/noticias\/#\/schema\/person\/e6e0f723cc177805027f4566c1d5e0c8\"},\"headline\":\"Governo faz leil\u00e3o de 4 terminais portu\u00e1rios em Vit\u00f3ria e na Para\u00edba\",\"datePublished\":\"2019-03-22T13:59:46+00:00\",\"mainEntityOfPage\":{\"@id\":\"https:\/\/www.suno.com.br\/noticias\/governo-leilao-terminais-portuarios\/\"},\"wordCount\":547,\"publisher\":{\"@id\":\"https:\/\/www.suno.com.br\/noticias\/#organization\"},\"image\":{\"@id\":\"https:\/\/www.suno.com.br\/noticias\/governo-leilao-terminais-portuarios\/#primaryimage\"},\"thumbnailUrl\":\"https:\/\/files.sunoresearch.com.br\/n\/uploads\/2019\/03\/113faa58-cabedelo-para\u00edba-jpg.webp\",\"keywords\":[\"privatiza\u00e7\u00f5es\"],\"articleSection\":[\"Economia\"],\"inLanguage\":\"pt-BR\"},{\"@type\":\"WebPage\",\"@id\":\"https:\/\/www.suno.com.br\/noticias\/governo-leilao-terminais-portuarios\/\",\"url\":\"https:\/\/www.suno.com.br\/noticias\/governo-leilao-terminais-portuarios\/\",\"name\":\"Governo faz leil\u00e3o de 4 terminais portu\u00e1rios em Vit\u00f3ria e na Para\u00edba\",\"isPartOf\":{\"@id\":\"https:\/\/www.suno.com.br\/noticias\/#website\"},\"primaryImageOfPage\":{\"@id\":\"https:\/\/www.suno.com.br\/noticias\/governo-leilao-terminais-portuarios\/#primaryimage\"},\"image\":{\"@id\":\"https:\/\/www.suno.com.br\/noticias\/governo-leilao-terminais-portuarios\/#primaryimage\"},\"thumbnailUrl\":\"https:\/\/files.sunoresearch.com.br\/n\/uploads\/2019\/03\/113faa58-cabedelo-para\u00edba-jpg.webp\",\"datePublished\":\"2019-03-22T13:59:46+00:00\",\"description\":\"O governo vai realizar o leil\u00e3o de 4 terminais portu\u00e1rios nesta sexta-feira (22) na Para\u00edba e no Esp\u00edrito Santo. Clique aqui para saber mais.\",\"breadcrumb\":{\"@id\":\"https:\/\/www.suno.com.br\/noticias\/governo-leilao-terminais-portuarios\/#breadcrumb\"},\"inLanguage\":\"pt-BR\",\"potentialAction\":[{\"@type\":\"ReadAction\",\"target\":[\"https:\/\/www.suno.com.br\/noticias\/governo-leilao-terminais-portuarios\/\"]}]},{\"@type\":\"ImageObject\",\"inLanguage\":\"pt-BR\",\"@id\":\"https:\/\/www.suno.com.br\/noticias\/governo-leilao-terminais-portuarios\/#primaryimage\",\"url\":\"https:\/\/files.sunoresearch.com.br\/n\/uploads\/2019\/03\/113faa58-cabedelo-para\u00edba-jpg.webp\",\"contentUrl\":\"https:\/\/files.sunoresearch.com.br\/n\/uploads\/2019\/03\/113faa58-cabedelo-para\u00edba-jpg.webp\",\"width\":800,\"height\":533,\"caption\":\"Cabedelo Para\u00edba\"},{\"@type\":\"BreadcrumbList\",\"@id\":\"https:\/\/www.suno.com.br\/noticias\/governo-leilao-terminais-portuarios\/#breadcrumb\",\"itemListElement\":[{\"@type\":\"ListItem\",\"position\":1,\"name\":\"Not\u00edcias\",\"item\":\"https:\/\/www.suno.com.br\/noticias\/\"},{\"@type\":\"ListItem\",\"position\":2,\"name\":\"Economia\",\"item\":\"https:\/\/www.suno.com.br\/noticias\/economia\/\"},{\"@type\":\"ListItem\",\"position\":3,\"name\":\"Governo faz leil\u00e3o de 4 terminais portu\u00e1rios em Vit\u00f3ria e na Para\u00edba\"}]},{\"@type\":\"WebSite\",\"@id\":\"https:\/\/www.suno.com.br\/noticias\/#website\",\"url\":\"https:\/\/www.suno.com.br\/noticias\/\",\"name\":\"Suno Not\u00edcias\",\"description\":\"Seu portal de informa\u00e7\u00e3o sobre o mundo dos investimentos\",\"publisher\":{\"@id\":\"https:\/\/www.suno.com.br\/noticias\/#organization\"},\"potentialAction\":[{\"@type\":\"SearchAction\",\"target\":{\"@type\":\"EntryPoint\",\"urlTemplate\":\"https:\/\/www.suno.com.br\/noticias\/?s={search_term_string}\"},\"query-input\":{\"@type\":\"PropertyValueSpecification\",\"valueRequired\":true,\"valueName\":\"search_term_string\"}}],\"inLanguage\":\"pt-BR\"},{\"@type\":\"Organization\",\"@id\":\"https:\/\/www.suno.com.br\/noticias\/#organization\",\"name\":\"Suno Not\u00edcias\",\"url\":\"https:\/\/www.suno.com.br\/noticias\/\",\"logo\":{\"@type\":\"ImageObject\",\"inLanguage\":\"pt-BR\",\"@id\":\"https:\/\/www.suno.com.br\/noticias\/#\/schema\/logo\/image\/\",\"url\":\"https:\/\/files.sunoresearch.com.br\/n\/uploads\/2021\/09\/suno-logo.png\",\"contentUrl\":\"https:\/\/files.sunoresearch.com.br\/n\/uploads\/2021\/09\/suno-logo.png\",\"width\":180,\"height\":180,\"caption\":\"Suno Not\u00edcias\"},\"image\":{\"@id\":\"https:\/\/www.suno.com.br\/noticias\/#\/schema\/logo\/image\/\"},\"sameAs\":[\"https:\/\/facebook.com\/sunoresearch\",\"https:\/\/x.com\/sunoresearch\",\"https:\/\/www.instagram.com\/suno\",\"https:\/\/www.linkedin.com\/company\/suno-research\/\",\"https:\/\/www.youtube.com\/c\/sunoresearch\"]},{\"@type\":\"Person\",\"@id\":\"https:\/\/www.suno.com.br\/noticias\/#\/schema\/person\/e6e0f723cc177805027f4566c1d5e0c8\",\"name\":\"Carlo Cauti\",\"image\":{\"@type\":\"ImageObject\",\"inLanguage\":\"pt-BR\",\"@id\":\"https:\/\/www.suno.com.br\/noticias\/#\/schema\/person\/image\/\",\"url\":\"https:\/\/secure.gravatar.com\/avatar\/3ada9e0bd164c23abd4792a9606d583c?s=96&r=g\",\"contentUrl\":\"https:\/\/secure.gravatar.com\/avatar\/3ada9e0bd164c23abd4792a9606d583c?s=96&r=g\",\"caption\":\"Carlo Cauti\"},\"description\":\"Editor multim\u00eddia do SUNO Not\u00edcias. Italiano, formado em Ci\u00eancias Pol\u00edticas pela universidade LUISS G. Carli de Roma e mestre cum laude em Rela\u00e7\u00f5es Internacionais, Jornalismo Internacional e de Guerra e em Economia Internacional. Concluiu tamb\u00e9m um MBA em Finan\u00e7as na B3. No Brasil, teve passagem por ve\u00edculos como Estad\u00e3o, Globo, Veja e EXAME. e nas ag\u00eancias de not\u00edcias italianas ANSA e NOVA.\",\"url\":\"https:\/\/www.suno.com.br\/noticias\/author\/carlo-cauti\/\"}]}<\/script>\n<!-- \/ Yoast SEO plugin. -->","yoast_head_json":{"title":"Governo faz leil\u00e3o de 4 terminais portu\u00e1rios em Vit\u00f3ria e na Para\u00edba","description":"O governo vai realizar o leil\u00e3o de 4 terminais portu\u00e1rios nesta sexta-feira (22) na Para\u00edba e no Esp\u00edrito Santo. Clique aqui para saber mais.","robots":{"index":"index","follow":"follow","max-snippet":"max-snippet:-1","max-image-preview":"max-image-preview:large","max-video-preview":"max-video-preview:-1"},"canonical":"https:\/\/www.suno.com.br\/noticias\/governo-leilao-terminais-portuarios\/","og_locale":"pt_BR","og_type":"article","og_title":"Governo faz leil\u00e3o de 4 terminais portu\u00e1rios em Vit\u00f3ria e na Para\u00edba","og_description":"O governo vai realizar o leil\u00e3o de 4 terminais portu\u00e1rios nesta sexta-feira (22) na Para\u00edba e no Esp\u00edrito Santo. Clique aqui para saber mais.","og_url":"https:\/\/www.suno.com.br\/noticias\/governo-leilao-terminais-portuarios\/","og_site_name":"Suno Not\u00edcias","article_publisher":"https:\/\/facebook.com\/sunoresearch","og_image":[{"width":800,"height":533,"url":"https:\/\/files.sunoresearch.com.br\/n\/uploads\/2019\/03\/113faa58-cabedelo-para\u00edba.jpg","type":"image\/jpeg"}],"author":"Carlo Cauti","twitter_card":"summary_large_image","twitter_creator":"@sunoresearch","twitter_site":"@sunoresearch","twitter_misc":{"Escrito por":"Carlo Cauti","Est. tempo de leitura":"3 minutos"},"schema":{"@context":"https:\/\/schema.org","@graph":[{"@type":"NewsArticle","@id":"https:\/\/www.suno.com.br\/noticias\/governo-leilao-terminais-portuarios\/#article","isPartOf":{"@id":"https:\/\/www.suno.com.br\/noticias\/governo-leilao-terminais-portuarios\/"},"author":{"name":"Carlo Cauti","@id":"https:\/\/www.suno.com.br\/noticias\/#\/schema\/person\/e6e0f723cc177805027f4566c1d5e0c8"},"headline":"Governo faz leil\u00e3o de 4 terminais portu\u00e1rios em Vit\u00f3ria e na Para\u00edba","datePublished":"2019-03-22T13:59:46+00:00","mainEntityOfPage":{"@id":"https:\/\/www.suno.com.br\/noticias\/governo-leilao-terminais-portuarios\/"},"wordCount":547,"publisher":{"@id":"https:\/\/www.suno.com.br\/noticias\/#organization"},"image":{"@id":"https:\/\/www.suno.com.br\/noticias\/governo-leilao-terminais-portuarios\/#primaryimage"},"thumbnailUrl":"https:\/\/files.sunoresearch.com.br\/n\/uploads\/2019\/03\/113faa58-cabedelo-para\u00edba-jpg.webp","keywords":["privatiza\u00e7\u00f5es"],"articleSection":["Economia"],"inLanguage":"pt-BR"},{"@type":"WebPage","@id":"https:\/\/www.suno.com.br\/noticias\/governo-leilao-terminais-portuarios\/","url":"https:\/\/www.suno.com.br\/noticias\/governo-leilao-terminais-portuarios\/","name":"Governo faz leil\u00e3o de 4 terminais portu\u00e1rios em Vit\u00f3ria e na Para\u00edba","isPartOf":{"@id":"https:\/\/www.suno.com.br\/noticias\/#website"},"primaryImageOfPage":{"@id":"https:\/\/www.suno.com.br\/noticias\/governo-leilao-terminais-portuarios\/#primaryimage"},"image":{"@id":"https:\/\/www.suno.com.br\/noticias\/governo-leilao-terminais-portuarios\/#primaryimage"},"thumbnailUrl":"https:\/\/files.sunoresearch.com.br\/n\/uploads\/2019\/03\/113faa58-cabedelo-para\u00edba-jpg.webp","datePublished":"2019-03-22T13:59:46+00:00","description":"O governo vai realizar o leil\u00e3o de 4 terminais portu\u00e1rios nesta sexta-feira (22) na Para\u00edba e no Esp\u00edrito Santo. Clique aqui para saber mais.","breadcrumb":{"@id":"https:\/\/www.suno.com.br\/noticias\/governo-leilao-terminais-portuarios\/#breadcrumb"},"inLanguage":"pt-BR","potentialAction":[{"@type":"ReadAction","target":["https:\/\/www.suno.com.br\/noticias\/governo-leilao-terminais-portuarios\/"]}]},{"@type":"ImageObject","inLanguage":"pt-BR","@id":"https:\/\/www.suno.com.br\/noticias\/governo-leilao-terminais-portuarios\/#primaryimage","url":"https:\/\/files.sunoresearch.com.br\/n\/uploads\/2019\/03\/113faa58-cabedelo-para\u00edba-jpg.webp","contentUrl":"https:\/\/files.sunoresearch.com.br\/n\/uploads\/2019\/03\/113faa58-cabedelo-para\u00edba-jpg.webp","width":800,"height":533,"caption":"Cabedelo Para\u00edba"},{"@type":"BreadcrumbList","@id":"https:\/\/www.suno.com.br\/noticias\/governo-leilao-terminais-portuarios\/#breadcrumb","itemListElement":[{"@type":"ListItem","position":1,"name":"Not\u00edcias","item":"https:\/\/www.suno.com.br\/noticias\/"},{"@type":"ListItem","position":2,"name":"Economia","item":"https:\/\/www.suno.com.br\/noticias\/economia\/"},{"@type":"ListItem","position":3,"name":"Governo faz leil\u00e3o de 4 terminais portu\u00e1rios em Vit\u00f3ria e na Para\u00edba"}]},{"@type":"WebSite","@id":"https:\/\/www.suno.com.br\/noticias\/#website","url":"https:\/\/www.suno.com.br\/noticias\/","name":"Suno Not\u00edcias","description":"Seu portal de informa\u00e7\u00e3o sobre o mundo dos investimentos","publisher":{"@id":"https:\/\/www.suno.com.br\/noticias\/#organization"},"potentialAction":[{"@type":"SearchAction","target":{"@type":"EntryPoint","urlTemplate":"https:\/\/www.suno.com.br\/noticias\/?s={search_term_string}"},"query-input":{"@type":"PropertyValueSpecification","valueRequired":true,"valueName":"search_term_string"}}],"inLanguage":"pt-BR"},{"@type":"Organization","@id":"https:\/\/www.suno.com.br\/noticias\/#organization","name":"Suno Not\u00edcias","url":"https:\/\/www.suno.com.br\/noticias\/","logo":{"@type":"ImageObject","inLanguage":"pt-BR","@id":"https:\/\/www.suno.com.br\/noticias\/#\/schema\/logo\/image\/","url":"https:\/\/files.sunoresearch.com.br\/n\/uploads\/2021\/09\/suno-logo.png","contentUrl":"https:\/\/files.sunoresearch.com.br\/n\/uploads\/2021\/09\/suno-logo.png","width":180,"height":180,"caption":"Suno Not\u00edcias"},"image":{"@id":"https:\/\/www.suno.com.br\/noticias\/#\/schema\/logo\/image\/"},"sameAs":["https:\/\/facebook.com\/sunoresearch","https:\/\/x.com\/sunoresearch","https:\/\/www.instagram.com\/suno","https:\/\/www.linkedin.com\/company\/suno-research\/","https:\/\/www.youtube.com\/c\/sunoresearch"]},{"@type":"Person","@id":"https:\/\/www.suno.com.br\/noticias\/#\/schema\/person\/e6e0f723cc177805027f4566c1d5e0c8","name":"Carlo Cauti","image":{"@type":"ImageObject","inLanguage":"pt-BR","@id":"https:\/\/www.suno.com.br\/noticias\/#\/schema\/person\/image\/","url":"https:\/\/secure.gravatar.com\/avatar\/3ada9e0bd164c23abd4792a9606d583c?s=96&r=g","contentUrl":"https:\/\/secure.gravatar.com\/avatar\/3ada9e0bd164c23abd4792a9606d583c?s=96&r=g","caption":"Carlo Cauti"},"description":"Editor multim\u00eddia do SUNO Not\u00edcias. Italiano, formado em Ci\u00eancias Pol\u00edticas pela universidade LUISS G. Carli de Roma e mestre cum laude em Rela\u00e7\u00f5es Internacionais, Jornalismo Internacional e de Guerra e em Economia Internacional. Concluiu tamb\u00e9m um MBA em Finan\u00e7as na B3. No Brasil, teve passagem por ve\u00edculos como Estad\u00e3o, Globo, Veja e EXAME. e nas ag\u00eancias de not\u00edcias italianas ANSA e NOVA.","url":"https:\/\/www.suno.com.br\/noticias\/author\/carlo-cauti\/"}]}},"default_loop_html":"<div class=\"cardsPage__listCard__boxs\"><div class=\"cardsPage__listCard__boxs__img\"><a href=\"https:\/\/www.suno.com.br\/noticias\/governo-leilao-terminais-portuarios\/\"><img class=\"mask\" src=\"https:\/\/www.suno.com.br\/noticias\/wp-content\/themes\/suno\/resources\/images\/spotlight\/spotlight1img\/bg-mask.png\" alt=\"Image Mask\"\/><img src=\"https:\/\/files.sunoresearch.com.br\/n\/uploads\/2019\/03\/113faa58-cabedelo-para\u00edba-400x200.webp\" alt=\"Governo faz leil\u00e3o de 4 terminais portu\u00e1rios em Vit\u00f3ria e na Para\u00edba\"\/><\/a><span class=\"spotlightCategory\"><a href=\"https:\/\/www.suno.com.br\/noticias\/economia\/\">Economia<\/a><\/span><\/div><div class=\"cardsPage__listCard__boxs__content\"><a href=\"https:\/\/www.suno.com.br\/noticias\/governo-leilao-terminais-portuarios\/\"><h2 class=\"content__title\">Governo faz leil\u00e3o de 4 terminais portu\u00e1rios em Vit\u00f3ria e na Para\u00edba<\/h2><\/a><div class=\"newsContent__article__meta\"><div class=\"newsContent__article__meta__authorBox\"><a href=\"https:\/\/www.suno.com.br\/noticias\/author\/carlo-cauti\/\" class=\"authorBox__avatar noMobi\"><img src=\"https:\/\/files.sunoresearch.com.br\/n\/uploads\/2020\/08\/e3745f9a-perfil-carlo-cauti-150x150.webp\" alt=\"Carlo Cauti\"><\/a><div class=\"authorBox__name\"><span>por\n\t\t\t<a href=\"https:\/\/www.suno.com.br\/noticias\/author\/carlo-cauti\/\"><span itemprop=\"author\">Carlo Cauti<\/span><\/a><\/span><time datetime=\"2019-03-22T10:59:46-03:00\" itemprop=\"datePublished\">22\/03\/2019 10:59<\/time><\/div><\/div><\/div><\/div><\/div>","single_layout":"posts","amp_enabled":true,"_links":{"self":[{"href":"https:\/\/www.suno.com.br\/noticias\/wp-json\/wp\/v2\/posts\/18749"}],"collection":[{"href":"https:\/\/www.suno.com.br\/noticias\/wp-json\/wp\/v2\/posts"}],"about":[{"href":"https:\/\/www.suno.com.br\/noticias\/wp-json\/wp\/v2\/types\/post"}],"author":[{"embeddable":true,"href":"https:\/\/www.suno.com.br\/noticias\/wp-json\/wp\/v2\/users\/9"}],"replies":[{"embeddable":true,"href":"https:\/\/www.suno.com.br\/noticias\/wp-json\/wp\/v2\/comments?post=18749"}],"version-history":[{"count":0,"href":"https:\/\/www.suno.com.br\/noticias\/wp-json\/wp\/v2\/posts\/18749\/revisions"}],"wp:featuredmedia":[{"embeddable":true,"href":"https:\/\/www.suno.com.br\/noticias\/wp-json\/wp\/v2\/media\/18758"}],"wp:attachment":[{"href":"https:\/\/www.suno.com.br\/noticias\/wp-json\/wp\/v2\/media?parent=18749"}],"wp:term":[{"taxonomy":"category","embeddable":true,"href":"https:\/\/www.suno.com.br\/noticias\/wp-json\/wp\/v2\/categories?post=18749"},{"taxonomy":"post_tag","embeddable":true,"href":"https:\/\/www.suno.com.br\/noticias\/wp-json\/wp\/v2\/tags?post=18749"},{"taxonomy":"suno_strategy","embeddable":true,"href":"https:\/\/www.suno.com.br\/noticias\/wp-json\/wp\/v2\/suno_strategy?post=18749"}],"curies":[{"name":"wp","href":"https:\/\/api.w.org\/{rel}","templated":true}]}}