{"id":187410,"date":"2021-09-24T20:57:55","date_gmt":"2021-09-24T23:57:55","guid":{"rendered":"https:\/\/www.suno.com.br\/noticias\/?p=187410"},"modified":"2021-09-24T20:57:55","modified_gmt":"2021-09-24T23:57:55","slug":"bc-divulga-superavit-agosto","status":"publish","type":"post","link":"https:\/\/www.suno.com.br\/noticias\/bc-divulga-superavit-agosto\/","title":{"rendered":"BC: contas externas t\u00eam super\u00e1vit de US$ 1,684 bilh\u00e3o em agosto"},"content":{"rendered":"<p>O\u00a0 Banco Central (BC) informou nesta sexta (24) que as contas externas tiveram super\u00e1vit de US$ 1,684 bilh\u00e3o no m\u00eas de agosto. No mesmo per\u00edodo em 2020, o saldo positivo foi de US$ 950 milh\u00f5es nas transa\u00e7\u00f5es correntes, as compras e vendas de mercadorias, servi\u00e7os e transfer\u00eancias de renda com outros pa\u00edses.<img decoding=\"async\" style=\"width: 1px; height: 1px;\" src=\"https:\/\/agenciabrasil.ebc.com.br\/ebc.png?id=1422558&amp;o=rss\" \/><img decoding=\"async\" style=\"width: 1px; height: 1px;\" src=\"https:\/\/agenciabrasil.ebc.com.br\/ebc.gif?id=1422558&amp;o=rss\" \/>O resultado \u00e9 o melhor para o m\u00eas de agosto desde 2006, quando as contas externas tiveram super\u00e1vit de US$ 2,1 bilh\u00f5es.<\/p>\t<div class=\"wrapper-featured-image\">\n\t\t<figure class=\"spotlightImg\">\n\n\t\t\t<picture>\n\t\t\t\t<source media=\"(max-width: 768px)\" srcset=\"https:\/\/files.sunoresearch.com.br\/n\/uploads\/2019\/05\/a379a733-greve-dos-caminhineiros-400x200.webp\">\n\t\t\t\t<img loading=\"lazy\" decoding=\"async\" class=\"newsContent__article__imgCapa lazyloadDisabled newsContent__article__imgCapa--noCaption\" src=\"https:\/\/files.sunoresearch.com.br\/n\/uploads\/2019\/05\/a379a733-greve-dos-caminhineiros-800x450.webp\" width=\"800\" height=\"450\" alt=\"BC: contas externas t\u00eam super\u00e1vit de US$ 1,684 bilh\u00e3o em agosto\" fetchpriority=high \/>\n\t\t\t<\/picture>\n\n\t\t\t<figcaption class=\"wp-caption-text wp-caption-text--hide\"><\/figcaption>\n\t\t<\/figure>\n\t<\/div>\n\n\n\t<p>\n\t\t<a href=\"https:\/\/lp.suno.com.br\/planilha-controle-gastos\/\" target=\"_blank\" data-element=\"shortcode-suno-banner\" title=\"Banner SUNO, clique e saiba mais\">\n\t\t\t<picture>\n\t\t\t\t<source media=\"(max-width: 500px)\" srcset=\"https:\/\/files.sunoresearch.com.br\/n\/uploads\/2023\/03\/400x300-Planilha-controle-de-gastos.png\">\n\t\t\t\t<img class=\"newsContent__article__imgCapa newsContent__article__imgCapa--banner\"\n\t\t\t\t\tsrc=\"https:\/\/files.sunoresearch.com.br\/n\/uploads\/2023\/03\/1420x240-Planilha-controle-de-gastos.png\"\n\t\t\t\t\tdata-promo-id=\"101751\"\t\t\t\t\t\t\t\t\t\twidth='1420' height='240'\t\t\t\t\talt=\"https:\/\/files.sunoresearch.com.br\/n\/uploads\/2023\/03\/1420x240-Planilha-controle-de-gastos.png\"\n\t\t\t\t>\n\t\t\t<\/picture>\n\t\t<\/a>\n\t<\/p>\n\n\n<p>De acordo com o chefe do Departamento de Estat\u00edsticas do<strong> BC<\/strong>, Fernando Rocha, a diferen\u00e7a no resultado das transa\u00e7\u00f5es correntes, na compara\u00e7\u00e3o anual, se deve ao aumento do super\u00e1vit comercial. \u201cA <a class=\"suno-keyword\" href=\"https:\/\/www.suno.com.br\/artigos\/balanca-comercial\/\" target=\"_blank\" rel=\"noopener\" data-force=\"no\" data-priority=\"2\">balan\u00e7a comercial<\/a> t\u00eam crescido fortemente, tanto nas exporta\u00e7\u00f5es quanto nas importa\u00e7\u00f5es\u201d, disse.<\/p>\n<p>Rocha explicou que isso \u00e9 reflexo do crescimento da atividade econ\u00f4mica em todo o mundo.<\/p>\n<p>Em 12 meses, encerrados em agosto, o d\u00e9ficit em transa\u00e7\u00f5es correntes \u00e9 de US$ 19,505 bilh\u00f5es, 1,23% do Produto Interno Bruto (<strong>PIB<\/strong>, soma dos bens e servi\u00e7os produzidos no pa\u00eds), ante o saldo negativo de US$ 20,239 bilh\u00f5es (1,30% do PIB) em julho de 2021 e d\u00e9ficit de US$ 35,651 bilh\u00f5es (2,26% do PIB) no per\u00edodo equivalente terminado em agosto de 2020.<\/p>\n<p>A redu\u00e7\u00e3o, segundo Rocha, tamb\u00e9m \u00e9 resultado do arrefecimento dos efeitos da pandemia de covid-19 e sua consequente <a class=\"suno-keyword\" href=\"https:\/\/www.suno.com.br\/artigos\/crise-economica-oportunidade-ou-ameaca\/\" target=\"_blank\" rel=\"noopener\" data-force=\"no\" data-priority=\"1\">crise econ\u00f4mica<\/a>.<\/p>\n<p>Nos oito primeiros meses do ano, o d\u00e9ficit \u00e9 de US$ 6,539 bilh\u00f5es, contra saldo negativo de US$ 12,957 bilh\u00f5es de janeiro a agosto de 2020.<\/p>\n<h2>BC divulga balan\u00e7a comercial e servi\u00e7os<\/h2>\n<p>As exporta\u00e7\u00f5es de bens totalizaram US$ 27,380 bilh\u00f5es em agosto, <strong>aumento de 56%<\/strong> em rela\u00e7\u00e3o a igual m\u00eas de 2020. As importa\u00e7\u00f5es somaram US$ 21,732 bilh\u00f5es, incremento de 72,4% na compara\u00e7\u00e3o com agosto do ano passado. Com esses resultados, a balan\u00e7a comercial fechou com super\u00e1vit de US$ 5,648 bilh\u00f5es no m\u00eas passado, ante saldo positivo de US$ 4,946 bilh\u00f5es em agosto de 2020.<\/p>\n<p>O d\u00e9ficit na conta de servi\u00e7os (viagens internacionais, transporte, aluguel de equipamentos, seguros, entre outros) manteve a trajet\u00f3ria de retra\u00e7\u00e3o, com saldo negativo de US$ 1,577 bilh\u00e3o em agosto, ante US$ 1,452 bilh\u00e3o em igual m\u00eas de 2020.<\/p>\n\t<p>\n\t\t<a href=\"https:\/\/lp.suno.com.br\/planilha-da-vida-financeira\/\" target=\"_blank\" data-element=\"shortcode-suno-banner\" title=\"Banner SUNO, clique e saiba mais\">\n\t\t\t<picture>\n\t\t\t\t<source media=\"(max-width: 500px)\" srcset=\"https:\/\/files.sunoresearch.com.br\/n\/uploads\/2023\/04\/400x300-Planilha-vida-financeira-true.png\">\n\t\t\t\t<img class=\"newsContent__article__imgCapa newsContent__article__imgCapa--banner\"\n\t\t\t\t\tsrc=\"https:\/\/files.sunoresearch.com.br\/n\/uploads\/2023\/04\/1420x240-Planilha-vida-financeira-true.png\"\n\t\t\t\t\tdata-promo-id=\"106682\"\t\t\t\t\t\t\t\t\t\twidth='1420' height='240'\t\t\t\t\talt=\"https:\/\/files.sunoresearch.com.br\/n\/uploads\/2023\/04\/1420x240-Planilha-vida-financeira-true.png\"\n\t\t\t\t>\n\t\t\t<\/picture>\n\t\t<\/a>\n\t<\/p>\n\n\n<p>Segundo Rocha, boa parte das rubricas da conta tiveram aumento, indicando maior demanda por servi\u00e7os importados oferecidos, de acordo com a recupera\u00e7\u00e3o econ\u00f4mica. A exce\u00e7\u00e3o \u00e9 em aluguel de equipamentos.<\/p>\n<p>Na compara\u00e7\u00e3o interanual, houve redu\u00e7\u00e3o de 32,2% nas despesas l\u00edquidas de aluguel de equipamentos, de US$ 902 milh\u00f5es em agosto de 2020 para US$ 611 milh\u00f5es em agosto de 2021. De acordo com o BC, isso se deve pela nacionaliza\u00e7\u00e3o (importa\u00e7\u00e3o) de equipamentos no \u00e2mbito do Repetro, ou seja, de bens que passam a ser propriedade de residentes no Brasil, sem a necessidade de pagamento de aluguel a n\u00e3o residentes.<\/p>\n<p>O Repetro \u00e9 o regime aduaneiro especial, que suspende a cobran\u00e7a de <a class=\"suno-keyword\" href=\"https:\/\/www.suno.com.br\/artigos\/tributos-federais\/\" target=\"_blank\" rel=\"noopener\" data-force=\"no\" data-priority=\"1\">tributos federais<\/a>, de exporta\u00e7\u00e3o e de importa\u00e7\u00e3o de bens que se destinam \u00e0s atividades de pesquisa e de lavra das jazidas de petr\u00f3leo e g\u00e1s natural, principalmente as plataformas de explora\u00e7\u00e3o.<\/p>\n<p>Em linha com a expans\u00e3o do volume de com\u00e9rcio e aumento das despesas com viagens, as despesas l\u00edquidas de transporte aumentaram na compara\u00e7\u00e3o interanual, de US$ 119 milh\u00f5es em agosto de 2020 para US$ 410 milh\u00f5es no m\u00eas passado.<\/p>\n<p>No caso das viagens internacionais, as receitas de estrangeiros em viagem ao Brasil chegaram a US$ 252 milh\u00f5es, enquanto as despesas de brasileiros no exterior ficaram em US$ 447 milh\u00f5es. Com isso, a conta de viagens fechou o m\u00eas com d\u00e9ficit de US$ 195 milh\u00f5es, ante d\u00e9ficit de US$ 123 milh\u00f5es em agosto de 2020.<\/p>\n<p>De acordo com Rocha, esta \u00e9 uma conta muito afetada pelas restri\u00e7\u00f5es impostas pela pandemia e pelas taxas de c\u00e2mbio, mas vem se recuperando, mantendo m\u00e9dia de US$ 200 milh\u00f5es no \u00faltimo trimestre. No trimestre anterior, de mar\u00e7o a maio, a m\u00e9dia foi de US$ 125 milh\u00f5es.<\/p>\n<p>Ainda assim, os valores est\u00e3o <strong>muito abaixo<\/strong> do per\u00edodo pr\u00e9-pandemia. Em 2019, por exemplo, a m\u00e9dia das despesas de brasileiros no exterior foi de US$ 1 bilh\u00e3o. \u201cTemos ainda uma diferen\u00e7a de magnitude muito grande, mas mostrando que essa rea\u00e7\u00e3o da conta j\u00e1 come\u00e7ou, tem sido gradual e deve continuar at\u00e9 recuperar os valores m\u00e9dios nas condi\u00e7\u00f5es de normalidade\u201d, disse.<\/p>\n<h2>Rendas<\/h2>\n<p>Em agosto de 2021, o <strong>d\u00e9ficit<\/strong> em renda prim\u00e1ria (lucros e <a class=\"suno-keyword\" href=\"https:\/\/www.suno.com.br\/guias\/dividendos\/\" target=\"_blank\" rel=\"noopener\" data-force=\"no\" data-priority=\"1\">dividendos<\/a>, pagamentos de juros e sal\u00e1rios) chegou a US$ 2,601 bilh\u00f5es, contra US$ 2,833 bilh\u00f5es no mesmo m\u00eas de 2020. Normalmente, essa conta \u00e9 deficit\u00e1ria, j\u00e1 que h\u00e1 mais investimentos de estrangeiros no Brasil, que remetem os lucros para fora do pa\u00eds, do que de brasileiros no exterior.<\/p>\n<p>No caso dos lucros e dividendos associadas aos investimentos direto e em carteira, houve d\u00e9ficit de US$ 1,817 bilh\u00e3o, tamb\u00e9m em patamar semelhante ao observado em agosto de 2020, que foi de US$ 1,859 bilh\u00e3o.<\/p>\n<p>Segundo Rocha, apesar de o resultado l\u00edquido ter permanecido est\u00e1vel, o volume de receitas e despesas est\u00e3o crescendo em rela\u00e7\u00e3o aos patamares muito baixos do ano passado, causados pela pandemia, o que tamb\u00e9m aponta para a normaliza\u00e7\u00e3o da atividade econ\u00f4mica e recupera\u00e7\u00e3o da lucratividade tanto das empresas estrangeiras no pa\u00eds quanto das subsidi\u00e1rias brasileiras no exterior.<\/p>\n\t<p>\n\t\t<a href=\"https:\/\/lp.suno.com.br\/ebook-como-analisar-uma-acao\/\" target=\"_blank\" data-element=\"shortcode-suno-banner\" title=\"Banner SUNO, clique e saiba mais\">\n\t\t\t<picture>\n\t\t\t\t<source media=\"(max-width: 500px)\" srcset=\"https:\/\/files.sunoresearch.com.br\/n\/uploads\/2023\/03\/Ebook-Acoes-Mobile-1.jpg\">\n\t\t\t\t<img class=\"newsContent__article__imgCapa newsContent__article__imgCapa--banner\"\n\t\t\t\t\tsrc=\"https:\/\/files.sunoresearch.com.br\/n\/uploads\/2023\/03\/Ebook-Acoes-Desktop-1.jpg\"\n\t\t\t\t\tdata-promo-id=\"171998\"\t\t\t\t\t\t\t\t\t\twidth='1420' height='286'\t\t\t\t\talt=\"https:\/\/files.sunoresearch.com.br\/n\/uploads\/2023\/03\/Ebook-Acoes-Desktop-1.jpg\"\n\t\t\t\t>\n\t\t\t<\/picture>\n\t\t<\/a>\n\t<\/p>\n\n\n<p>A conta de renda secund\u00e1ria (gerada em uma economia e distribu\u00edda para outra, como doa\u00e7\u00f5es e remessas de d\u00f3lares, sem contrapartida de servi\u00e7os ou bens) teve resultado positivo de US$ 213 milh\u00f5es, contra US$ 289 milh\u00f5es em agosto de 2020.<\/p>\n<h2>Investimentos<\/h2>\n<p>Os ingressos l\u00edquidos em investimentos diretos no pa\u00eds (IDP) somaram US$ 4,451 bilh\u00f5es no m\u00eas passado, ante US$ 2,592 bilh\u00f5es em agosto de 2020. Quase a totalidade dos ingressos ocorreu em participa\u00e7\u00e3o no capital, US$ 3,821 bilh\u00f5es, enquanto as opera\u00e7\u00f5es intercompanhia (como os empr\u00e9stimos da matriz no exterior para a filial no Brasil) somaram apenas US$ 630 milh\u00f5es.<\/p>\n<p>Nos 12 meses encerrados em agosto de 2021, o <strong>IDP<\/strong> totalizou US$ 49,356 bilh\u00f5es, correspondendo a 3,12% do PIB, em compara\u00e7\u00e3o a US$ 47,498 bilh\u00f5es (3,04% do PIB) no m\u00eas anterior e US$ 56,844 bilh\u00f5es (3,61% do PIB) em agosto de 2020.<\/p>\n<p>Quando o pa\u00eds registra saldo negativo em transa\u00e7\u00f5es correntes, precisa cobrir o d\u00e9ficit com investimentos ou empr\u00e9stimos no exterior. A melhor forma de financiamento do saldo negativo \u00e9 o IDP, porque os recursos s\u00e3o aplicados no setor produtivo e costumam ser <a class=\"suno-keyword\" href=\"https:\/\/www.suno.com.br\/artigos\/investimentos-de-longo-prazo\/\" target=\"_blank\" rel=\"noopener\" data-force=\"no\" data-priority=\"1\">investimentos de longo prazo<\/a>.<\/p>\n\t<p>\n\t\t<a href=\"https:\/\/lp.suno.com.br\/planilha-de-controle-de-investimentos\/\" target=\"_blank\" data-element=\"shortcode-suno-banner\" title=\"Banner SUNO, clique e saiba mais\">\n\t\t\t<picture>\n\t\t\t\t<source media=\"(max-width: 500px)\" srcset=\"https:\/\/files.sunoresearch.com.br\/n\/uploads\/2023\/03\/400x300-Controle-de-Investimentos.png\">\n\t\t\t\t<img class=\"newsContent__article__imgCapa newsContent__article__imgCapa--banner\"\n\t\t\t\t\tsrc=\"https:\/\/files.sunoresearch.com.br\/n\/uploads\/2023\/03\/1420x240-Controle-de-Investimentos.png\"\n\t\t\t\t\tdata-promo-id=\"75934\"\t\t\t\t\t\t\t\t\t\twidth='1420' height='240'\t\t\t\t\talt=\"https:\/\/files.sunoresearch.com.br\/n\/uploads\/2023\/03\/1420x240-Controle-de-Investimentos.png\"\n\t\t\t\t>\n\t\t\t<\/picture>\n\t\t<\/a>\n\t<\/p>\n\n\n<p>Para o m\u00eas de setembro de 2021, a estimativa do <a class=\"suno-keyword\" href=\"https:\/\/www.suno.com.br\/artigos\/bacen\/\" target=\"_blank\" rel=\"noopener\" data-force=\"no\" data-priority=\"3\">Banco Central <\/a> para o IDP \u00e9 de ingressos l\u00edquidos de US$ 5 bilh\u00f5es.<\/p>\n<p>O estoque de <a class=\"suno-keyword\" href=\"https:\/\/www.suno.com.br\/artigos\/reservas-internacionais\/\" target=\"_blank\" rel=\"noopener\" data-force=\"no\" data-priority=\"1\">reservas internacionais<\/a> atingiu US$ 370,395 bilh\u00f5es em agosto de 2021, aumento de US$ 14,7 milh\u00f5es em compara\u00e7\u00e3o ao m\u00eas anterior. A receita de juros das reservas atingiu US$ 465 milh\u00f5es em agosto. Por outro lado, houve varia\u00e7\u00f5es negativas de US$ 544 milh\u00f5es e de US$ 355 milh\u00f5es em pre\u00e7os e paridades, respectivamente.<\/p>\n<p>Mas, de acordo com o BC, o resultado do m\u00eas decorreu, principalmente, da aloca\u00e7\u00e3o de Direitos Especiais de Saque (DES) promovida pelo Fundo Monet\u00e1rio Internacional (FMI) a todos os pa\u00edses-membros, que acrescentou US$ 15 bilh\u00f5es \u00e0s reservas internacionais do Brasil.<\/p>\n<p>De acordo com o estat\u00edstico do <strong>BC<\/strong>, Fernando Rocha, a aloca\u00e7\u00e3o feita pelo FMI visa dar liquidez aos pa\u00edses no contexto da situa\u00e7\u00e3o econ\u00f4mica atual e j\u00e1 foi feita em outras ocasi\u00f5es, como na crise de 2008\/2009. No caso do Brasil, o valor foi incorporado \u00e0s reservas internacionais, portanto gerando lucros. Por outro lado, ele tamb\u00e9m foi registrado como d\u00edvida externa, o que implica em juros. Ent\u00e3o, segundo Rocha, em termos l\u00edquidos, a conta \u00e9 zerada.<\/p>\n\t<p>\n\t\t<a href=\"\" target=\"_blank\" data-element=\"shortcode-suno-banner\" title=\"Banner SUNO, clique e saiba mais\">\n\t\t\t<picture>\n\t\t\t\t<source media=\"(max-width: 500px)\" srcset=\"\">\n\t\t\t\t<img class=\"newsContent__article__imgCapa newsContent__article__imgCapa--banner\"\n\t\t\t\t\tsrc=\"\"\n\t\t\t\t\tdata-promo-id=\"184190\"\t\t\t\t\t\t\t\t\t\t\t\t\t\t\talt=\"\"\n\t\t\t\t>\n\t\t\t<\/picture>\n\t\t<\/a>\n\t<\/p>\n\n\n<p><em>(Com informa\u00e7\u00f5es da Ag\u00eancia Brasil)<\/em><\/p>\n","protected":false},"excerpt":{"rendered":"<p>O\u00a0 Banco Central (BC) informou nesta sexta (24) que as contas externas tiveram super\u00e1vit de US$ 1,684 bilh\u00e3o no m\u00eas de agosto. No mesmo per\u00edodo em 2020, o saldo positivo foi de US$ 950 milh\u00f5es nas transa\u00e7\u00f5es correntes, as compras e vendas de mercadorias, servi\u00e7os e transfer\u00eancias de renda com outros pa\u00edses.O resultado \u00e9 o [&hellip;]<\/p>\n","protected":false},"author":118,"featured_media":23316,"comment_status":"closed","ping_status":"closed","sticky":false,"template":"","format":"standard","meta":[],"categories":[62],"tags":[1842,1194,1769],"suno_strategy":[],"class_list":["post-187410","post","type-post","status-publish","format-standard","has-post-thumbnail","hentry","category-economia","tag-banco-central-bc","tag-contas-externas","tag-contas-publicas"],"yoast_head":"<!-- This site is optimized with the Yoast SEO plugin v24.4 - https:\/\/yoast.com\/wordpress\/plugins\/seo\/ -->\n<title>BC: contas externas t\u00eam super\u00e1vit de US$ 1,684 bilh\u00e3o em agosto<\/title>\n<meta name=\"description\" content=\"O Banco Central (BC) informou nesta sexta (24) que as contas externas tiveram super\u00e1vit de US$ 1,684 bilh\u00e3o no m\u00eas de agosto...Saiba mais\" \/>\n<meta name=\"robots\" content=\"index, follow, max-snippet:-1, max-image-preview:large, max-video-preview:-1\" \/>\n<link rel=\"canonical\" href=\"https:\/\/www.suno.com.br\/noticias\/bc-divulga-superavit-agosto\/\" \/>\n<meta property=\"og:locale\" content=\"pt_BR\" \/>\n<meta property=\"og:type\" content=\"article\" \/>\n<meta property=\"og:title\" content=\"BC: contas externas t\u00eam super\u00e1vit de US$ 1,684 bilh\u00e3o em agosto\" \/>\n<meta property=\"og:description\" content=\"O Banco Central (BC) informou nesta sexta (24) que as contas externas tiveram super\u00e1vit de US$ 1,684 bilh\u00e3o no m\u00eas de agosto...Saiba mais\" \/>\n<meta property=\"og:url\" content=\"https:\/\/www.suno.com.br\/noticias\/bc-divulga-superavit-agosto\/\" \/>\n<meta property=\"og:site_name\" content=\"Suno Not\u00edcias\" \/>\n<meta property=\"article:publisher\" content=\"https:\/\/facebook.com\/sunoresearch\" \/>\n<meta property=\"og:image\" content=\"https:\/\/files.sunoresearch.com.br\/n\/uploads\/2019\/05\/a379a733-greve-dos-caminhineiros.jpg\" \/>\n\t<meta property=\"og:image:width\" content=\"1920\" \/>\n\t<meta property=\"og:image:height\" content=\"1280\" \/>\n\t<meta property=\"og:image:type\" content=\"image\/jpeg\" \/>\n<meta name=\"author\" content=\"Bruno Galv\u00e3o\" \/>\n<meta name=\"twitter:card\" content=\"summary_large_image\" \/>\n<meta name=\"twitter:creator\" content=\"@sunoresearch\" \/>\n<meta name=\"twitter:site\" content=\"@sunoresearch\" \/>\n<meta name=\"twitter:label1\" content=\"Escrito por\" \/>\n\t<meta name=\"twitter:data1\" content=\"Bruno Galv\u00e3o\" \/>\n\t<meta name=\"twitter:label2\" content=\"Est. tempo de leitura\" \/>\n\t<meta name=\"twitter:data2\" content=\"6 minutos\" \/>\n<script type=\"application\/ld+json\" class=\"yoast-schema-graph\">{\"@context\":\"https:\/\/schema.org\",\"@graph\":[{\"@type\":\"NewsArticle\",\"@id\":\"https:\/\/www.suno.com.br\/noticias\/bc-divulga-superavit-agosto\/#article\",\"isPartOf\":{\"@id\":\"https:\/\/www.suno.com.br\/noticias\/bc-divulga-superavit-agosto\/\"},\"author\":{\"name\":\"Bruno Galv\u00e3o\",\"@id\":\"https:\/\/www.suno.com.br\/noticias\/#\/schema\/person\/06f0d962a6b1c54852e4860f16935600\"},\"headline\":\"BC: contas externas t\u00eam super\u00e1vit de US$ 1,684 bilh\u00e3o em agosto\",\"datePublished\":\"2021-09-24T23:57:55+00:00\",\"mainEntityOfPage\":{\"@id\":\"https:\/\/www.suno.com.br\/noticias\/bc-divulga-superavit-agosto\/\"},\"wordCount\":1348,\"publisher\":{\"@id\":\"https:\/\/www.suno.com.br\/noticias\/#organization\"},\"image\":{\"@id\":\"https:\/\/www.suno.com.br\/noticias\/bc-divulga-superavit-agosto\/#primaryimage\"},\"thumbnailUrl\":\"https:\/\/files.sunoresearch.com.br\/n\/uploads\/2019\/05\/a379a733-greve-dos-caminhineiros-jpg.webp\",\"keywords\":[\"Banco Central (BC)\",\"contas externas\",\"contas p\u00fablicas\"],\"articleSection\":[\"Economia\"],\"inLanguage\":\"pt-BR\"},{\"@type\":\"WebPage\",\"@id\":\"https:\/\/www.suno.com.br\/noticias\/bc-divulga-superavit-agosto\/\",\"url\":\"https:\/\/www.suno.com.br\/noticias\/bc-divulga-superavit-agosto\/\",\"name\":\"BC: contas externas t\u00eam super\u00e1vit de US$ 1,684 bilh\u00e3o em agosto\",\"isPartOf\":{\"@id\":\"https:\/\/www.suno.com.br\/noticias\/#website\"},\"primaryImageOfPage\":{\"@id\":\"https:\/\/www.suno.com.br\/noticias\/bc-divulga-superavit-agosto\/#primaryimage\"},\"image\":{\"@id\":\"https:\/\/www.suno.com.br\/noticias\/bc-divulga-superavit-agosto\/#primaryimage\"},\"thumbnailUrl\":\"https:\/\/files.sunoresearch.com.br\/n\/uploads\/2019\/05\/a379a733-greve-dos-caminhineiros-jpg.webp\",\"datePublished\":\"2021-09-24T23:57:55+00:00\",\"description\":\"O Banco Central (BC) informou nesta sexta (24) que as contas externas tiveram super\u00e1vit de US$ 1,684 bilh\u00e3o no m\u00eas de agosto...Saiba mais\",\"breadcrumb\":{\"@id\":\"https:\/\/www.suno.com.br\/noticias\/bc-divulga-superavit-agosto\/#breadcrumb\"},\"inLanguage\":\"pt-BR\",\"potentialAction\":[{\"@type\":\"ReadAction\",\"target\":[\"https:\/\/www.suno.com.br\/noticias\/bc-divulga-superavit-agosto\/\"]}]},{\"@type\":\"ImageObject\",\"inLanguage\":\"pt-BR\",\"@id\":\"https:\/\/www.suno.com.br\/noticias\/bc-divulga-superavit-agosto\/#primaryimage\",\"url\":\"https:\/\/files.sunoresearch.com.br\/n\/uploads\/2019\/05\/a379a733-greve-dos-caminhineiros-jpg.webp\",\"contentUrl\":\"https:\/\/files.sunoresearch.com.br\/n\/uploads\/2019\/05\/a379a733-greve-dos-caminhineiros-jpg.webp\",\"width\":1920,\"height\":1280,\"caption\":\"Parque de containers para exporta\u00e7\u00f5es que batem recorde em mar\u00e7o\"},{\"@type\":\"BreadcrumbList\",\"@id\":\"https:\/\/www.suno.com.br\/noticias\/bc-divulga-superavit-agosto\/#breadcrumb\",\"itemListElement\":[{\"@type\":\"ListItem\",\"position\":1,\"name\":\"Not\u00edcias\",\"item\":\"https:\/\/www.suno.com.br\/noticias\/\"},{\"@type\":\"ListItem\",\"position\":2,\"name\":\"Economia\",\"item\":\"https:\/\/www.suno.com.br\/noticias\/economia\/\"},{\"@type\":\"ListItem\",\"position\":3,\"name\":\"BC: contas externas t\u00eam super\u00e1vit de US$ 1,684 bilh\u00e3o em agosto\"}]},{\"@type\":\"WebSite\",\"@id\":\"https:\/\/www.suno.com.br\/noticias\/#website\",\"url\":\"https:\/\/www.suno.com.br\/noticias\/\",\"name\":\"Suno Not\u00edcias\",\"description\":\"Seu portal de informa\u00e7\u00e3o sobre o mundo dos investimentos\",\"publisher\":{\"@id\":\"https:\/\/www.suno.com.br\/noticias\/#organization\"},\"potentialAction\":[{\"@type\":\"SearchAction\",\"target\":{\"@type\":\"EntryPoint\",\"urlTemplate\":\"https:\/\/www.suno.com.br\/noticias\/?s={search_term_string}\"},\"query-input\":{\"@type\":\"PropertyValueSpecification\",\"valueRequired\":true,\"valueName\":\"search_term_string\"}}],\"inLanguage\":\"pt-BR\"},{\"@type\":\"Organization\",\"@id\":\"https:\/\/www.suno.com.br\/noticias\/#organization\",\"name\":\"Suno Not\u00edcias\",\"url\":\"https:\/\/www.suno.com.br\/noticias\/\",\"logo\":{\"@type\":\"ImageObject\",\"inLanguage\":\"pt-BR\",\"@id\":\"https:\/\/www.suno.com.br\/noticias\/#\/schema\/logo\/image\/\",\"url\":\"https:\/\/files.sunoresearch.com.br\/n\/uploads\/2021\/09\/suno-logo.png\",\"contentUrl\":\"https:\/\/files.sunoresearch.com.br\/n\/uploads\/2021\/09\/suno-logo.png\",\"width\":180,\"height\":180,\"caption\":\"Suno Not\u00edcias\"},\"image\":{\"@id\":\"https:\/\/www.suno.com.br\/noticias\/#\/schema\/logo\/image\/\"},\"sameAs\":[\"https:\/\/facebook.com\/sunoresearch\",\"https:\/\/x.com\/sunoresearch\",\"https:\/\/www.instagram.com\/suno\",\"https:\/\/www.linkedin.com\/company\/suno-research\/\",\"https:\/\/www.youtube.com\/c\/sunoresearch\"]},{\"@type\":\"Person\",\"@id\":\"https:\/\/www.suno.com.br\/noticias\/#\/schema\/person\/06f0d962a6b1c54852e4860f16935600\",\"name\":\"Bruno Galv\u00e3o\",\"image\":{\"@type\":\"ImageObject\",\"inLanguage\":\"pt-BR\",\"@id\":\"https:\/\/www.suno.com.br\/noticias\/#\/schema\/person\/image\/\",\"url\":\"https:\/\/secure.gravatar.com\/avatar\/53598df0b41c00f12f287a912d0e918e?s=96&r=g\",\"contentUrl\":\"https:\/\/secure.gravatar.com\/avatar\/53598df0b41c00f12f287a912d0e918e?s=96&r=g\",\"caption\":\"Bruno Galv\u00e3o\"},\"description\":\"Escreve para o portal Suno Not\u00edcias. \u00c9 estudante de Jornalismo pela Faculdade C\u00e1sper L\u00edbero e Letras pela USP. Entusiasta de tecnologia e intelig\u00eancia artificial.\",\"url\":\"https:\/\/www.suno.com.br\/noticias\/author\/bruno-garcia\/\"}]}<\/script>\n<!-- \/ Yoast SEO plugin. -->","yoast_head_json":{"title":"BC: contas externas t\u00eam super\u00e1vit de US$ 1,684 bilh\u00e3o em agosto","description":"O Banco Central (BC) informou nesta sexta (24) que as contas externas tiveram super\u00e1vit de US$ 1,684 bilh\u00e3o no m\u00eas de agosto...Saiba mais","robots":{"index":"index","follow":"follow","max-snippet":"max-snippet:-1","max-image-preview":"max-image-preview:large","max-video-preview":"max-video-preview:-1"},"canonical":"https:\/\/www.suno.com.br\/noticias\/bc-divulga-superavit-agosto\/","og_locale":"pt_BR","og_type":"article","og_title":"BC: contas externas t\u00eam super\u00e1vit de US$ 1,684 bilh\u00e3o em agosto","og_description":"O Banco Central (BC) informou nesta sexta (24) que as contas externas tiveram super\u00e1vit de US$ 1,684 bilh\u00e3o no m\u00eas de agosto...Saiba mais","og_url":"https:\/\/www.suno.com.br\/noticias\/bc-divulga-superavit-agosto\/","og_site_name":"Suno Not\u00edcias","article_publisher":"https:\/\/facebook.com\/sunoresearch","og_image":[{"width":1920,"height":1280,"url":"https:\/\/files.sunoresearch.com.br\/n\/uploads\/2019\/05\/a379a733-greve-dos-caminhineiros.jpg","type":"image\/jpeg"}],"author":"Bruno Galv\u00e3o","twitter_card":"summary_large_image","twitter_creator":"@sunoresearch","twitter_site":"@sunoresearch","twitter_misc":{"Escrito por":"Bruno Galv\u00e3o","Est. tempo de leitura":"6 minutos"},"schema":{"@context":"https:\/\/schema.org","@graph":[{"@type":"NewsArticle","@id":"https:\/\/www.suno.com.br\/noticias\/bc-divulga-superavit-agosto\/#article","isPartOf":{"@id":"https:\/\/www.suno.com.br\/noticias\/bc-divulga-superavit-agosto\/"},"author":{"name":"Bruno Galv\u00e3o","@id":"https:\/\/www.suno.com.br\/noticias\/#\/schema\/person\/06f0d962a6b1c54852e4860f16935600"},"headline":"BC: contas externas t\u00eam super\u00e1vit de US$ 1,684 bilh\u00e3o em agosto","datePublished":"2021-09-24T23:57:55+00:00","mainEntityOfPage":{"@id":"https:\/\/www.suno.com.br\/noticias\/bc-divulga-superavit-agosto\/"},"wordCount":1348,"publisher":{"@id":"https:\/\/www.suno.com.br\/noticias\/#organization"},"image":{"@id":"https:\/\/www.suno.com.br\/noticias\/bc-divulga-superavit-agosto\/#primaryimage"},"thumbnailUrl":"https:\/\/files.sunoresearch.com.br\/n\/uploads\/2019\/05\/a379a733-greve-dos-caminhineiros-jpg.webp","keywords":["Banco Central (BC)","contas externas","contas p\u00fablicas"],"articleSection":["Economia"],"inLanguage":"pt-BR"},{"@type":"WebPage","@id":"https:\/\/www.suno.com.br\/noticias\/bc-divulga-superavit-agosto\/","url":"https:\/\/www.suno.com.br\/noticias\/bc-divulga-superavit-agosto\/","name":"BC: contas externas t\u00eam super\u00e1vit de US$ 1,684 bilh\u00e3o em agosto","isPartOf":{"@id":"https:\/\/www.suno.com.br\/noticias\/#website"},"primaryImageOfPage":{"@id":"https:\/\/www.suno.com.br\/noticias\/bc-divulga-superavit-agosto\/#primaryimage"},"image":{"@id":"https:\/\/www.suno.com.br\/noticias\/bc-divulga-superavit-agosto\/#primaryimage"},"thumbnailUrl":"https:\/\/files.sunoresearch.com.br\/n\/uploads\/2019\/05\/a379a733-greve-dos-caminhineiros-jpg.webp","datePublished":"2021-09-24T23:57:55+00:00","description":"O Banco Central (BC) informou nesta sexta (24) que as contas externas tiveram super\u00e1vit de US$ 1,684 bilh\u00e3o no m\u00eas de agosto...Saiba mais","breadcrumb":{"@id":"https:\/\/www.suno.com.br\/noticias\/bc-divulga-superavit-agosto\/#breadcrumb"},"inLanguage":"pt-BR","potentialAction":[{"@type":"ReadAction","target":["https:\/\/www.suno.com.br\/noticias\/bc-divulga-superavit-agosto\/"]}]},{"@type":"ImageObject","inLanguage":"pt-BR","@id":"https:\/\/www.suno.com.br\/noticias\/bc-divulga-superavit-agosto\/#primaryimage","url":"https:\/\/files.sunoresearch.com.br\/n\/uploads\/2019\/05\/a379a733-greve-dos-caminhineiros-jpg.webp","contentUrl":"https:\/\/files.sunoresearch.com.br\/n\/uploads\/2019\/05\/a379a733-greve-dos-caminhineiros-jpg.webp","width":1920,"height":1280,"caption":"Parque de containers para exporta\u00e7\u00f5es que batem recorde em mar\u00e7o"},{"@type":"BreadcrumbList","@id":"https:\/\/www.suno.com.br\/noticias\/bc-divulga-superavit-agosto\/#breadcrumb","itemListElement":[{"@type":"ListItem","position":1,"name":"Not\u00edcias","item":"https:\/\/www.suno.com.br\/noticias\/"},{"@type":"ListItem","position":2,"name":"Economia","item":"https:\/\/www.suno.com.br\/noticias\/economia\/"},{"@type":"ListItem","position":3,"name":"BC: contas externas t\u00eam super\u00e1vit de US$ 1,684 bilh\u00e3o em agosto"}]},{"@type":"WebSite","@id":"https:\/\/www.suno.com.br\/noticias\/#website","url":"https:\/\/www.suno.com.br\/noticias\/","name":"Suno Not\u00edcias","description":"Seu portal de informa\u00e7\u00e3o sobre o mundo dos investimentos","publisher":{"@id":"https:\/\/www.suno.com.br\/noticias\/#organization"},"potentialAction":[{"@type":"SearchAction","target":{"@type":"EntryPoint","urlTemplate":"https:\/\/www.suno.com.br\/noticias\/?s={search_term_string}"},"query-input":{"@type":"PropertyValueSpecification","valueRequired":true,"valueName":"search_term_string"}}],"inLanguage":"pt-BR"},{"@type":"Organization","@id":"https:\/\/www.suno.com.br\/noticias\/#organization","name":"Suno Not\u00edcias","url":"https:\/\/www.suno.com.br\/noticias\/","logo":{"@type":"ImageObject","inLanguage":"pt-BR","@id":"https:\/\/www.suno.com.br\/noticias\/#\/schema\/logo\/image\/","url":"https:\/\/files.sunoresearch.com.br\/n\/uploads\/2021\/09\/suno-logo.png","contentUrl":"https:\/\/files.sunoresearch.com.br\/n\/uploads\/2021\/09\/suno-logo.png","width":180,"height":180,"caption":"Suno Not\u00edcias"},"image":{"@id":"https:\/\/www.suno.com.br\/noticias\/#\/schema\/logo\/image\/"},"sameAs":["https:\/\/facebook.com\/sunoresearch","https:\/\/x.com\/sunoresearch","https:\/\/www.instagram.com\/suno","https:\/\/www.linkedin.com\/company\/suno-research\/","https:\/\/www.youtube.com\/c\/sunoresearch"]},{"@type":"Person","@id":"https:\/\/www.suno.com.br\/noticias\/#\/schema\/person\/06f0d962a6b1c54852e4860f16935600","name":"Bruno Galv\u00e3o","image":{"@type":"ImageObject","inLanguage":"pt-BR","@id":"https:\/\/www.suno.com.br\/noticias\/#\/schema\/person\/image\/","url":"https:\/\/secure.gravatar.com\/avatar\/53598df0b41c00f12f287a912d0e918e?s=96&r=g","contentUrl":"https:\/\/secure.gravatar.com\/avatar\/53598df0b41c00f12f287a912d0e918e?s=96&r=g","caption":"Bruno Galv\u00e3o"},"description":"Escreve para o portal Suno Not\u00edcias. \u00c9 estudante de Jornalismo pela Faculdade C\u00e1sper L\u00edbero e Letras pela USP. Entusiasta de tecnologia e intelig\u00eancia artificial.","url":"https:\/\/www.suno.com.br\/noticias\/author\/bruno-garcia\/"}]}},"default_loop_html":"<div class=\"cardsPage__listCard__boxs\"><div class=\"cardsPage__listCard__boxs__img\"><a href=\"https:\/\/www.suno.com.br\/noticias\/bc-divulga-superavit-agosto\/\"><img class=\"mask\" src=\"https:\/\/www.suno.com.br\/noticias\/wp-content\/themes\/suno\/resources\/images\/spotlight\/spotlight1img\/bg-mask.png\" alt=\"Image Mask\"\/><img src=\"https:\/\/files.sunoresearch.com.br\/n\/uploads\/2019\/05\/a379a733-greve-dos-caminhineiros-400x200.webp\" alt=\"BC: contas externas t\u00eam super\u00e1vit de US$ 1,684 bilh\u00e3o em agosto\"\/><\/a><span class=\"spotlightCategory\"><a href=\"https:\/\/www.suno.com.br\/noticias\/economia\/\">Economia<\/a><\/span><\/div><div class=\"cardsPage__listCard__boxs__content\"><a href=\"https:\/\/www.suno.com.br\/noticias\/bc-divulga-superavit-agosto\/\"><h2 class=\"content__title\">BC: contas externas t\u00eam super\u00e1vit de US$ 1,684 bilh\u00e3o em agosto<\/h2><\/a><div class=\"newsContent__article__meta\"><div class=\"newsContent__article__meta__authorBox\"><a href=\"https:\/\/www.suno.com.br\/noticias\/author\/bruno-garcia\/\" class=\"authorBox__avatar noMobi\"><img src=\"https:\/\/secure.gravatar.com\/avatar\/53598df0b41c00f12f287a912d0e918e?s=96&#038;r=g\" alt=\"Bruno Galv\u00e3o\"><\/a><div class=\"authorBox__name\"><span>por\n\t\t\t<a href=\"https:\/\/www.suno.com.br\/noticias\/author\/bruno-garcia\/\"><span itemprop=\"author\">Bruno Galv\u00e3o<\/span><\/a><\/span><time datetime=\"2021-09-24T20:57:55-03:00\" itemprop=\"datePublished\">24\/09\/2021 20:57<\/time><\/div><\/div><\/div><\/div><\/div>","single_layout":"posts","amp_enabled":true,"_links":{"self":[{"href":"https:\/\/www.suno.com.br\/noticias\/wp-json\/wp\/v2\/posts\/187410"}],"collection":[{"href":"https:\/\/www.suno.com.br\/noticias\/wp-json\/wp\/v2\/posts"}],"about":[{"href":"https:\/\/www.suno.com.br\/noticias\/wp-json\/wp\/v2\/types\/post"}],"author":[{"embeddable":true,"href":"https:\/\/www.suno.com.br\/noticias\/wp-json\/wp\/v2\/users\/118"}],"replies":[{"embeddable":true,"href":"https:\/\/www.suno.com.br\/noticias\/wp-json\/wp\/v2\/comments?post=187410"}],"version-history":[{"count":4,"href":"https:\/\/www.suno.com.br\/noticias\/wp-json\/wp\/v2\/posts\/187410\/revisions"}],"predecessor-version":[{"id":187634,"href":"https:\/\/www.suno.com.br\/noticias\/wp-json\/wp\/v2\/posts\/187410\/revisions\/187634"}],"wp:featuredmedia":[{"embeddable":true,"href":"https:\/\/www.suno.com.br\/noticias\/wp-json\/wp\/v2\/media\/23316"}],"wp:attachment":[{"href":"https:\/\/www.suno.com.br\/noticias\/wp-json\/wp\/v2\/media?parent=187410"}],"wp:term":[{"taxonomy":"category","embeddable":true,"href":"https:\/\/www.suno.com.br\/noticias\/wp-json\/wp\/v2\/categories?post=187410"},{"taxonomy":"post_tag","embeddable":true,"href":"https:\/\/www.suno.com.br\/noticias\/wp-json\/wp\/v2\/tags?post=187410"},{"taxonomy":"suno_strategy","embeddable":true,"href":"https:\/\/www.suno.com.br\/noticias\/wp-json\/wp\/v2\/suno_strategy?post=187410"}],"curies":[{"name":"wp","href":"https:\/\/api.w.org\/{rel}","templated":true}]}}