{"id":187258,"date":"2021-09-23T22:32:25","date_gmt":"2021-09-24T01:32:25","guid":{"rendered":"https:\/\/www.suno.com.br\/noticias\/?p=187258"},"modified":"2021-09-23T22:32:25","modified_gmt":"2021-09-24T01:32:25","slug":"marfrig-cade-aprova-aquisicao-acoes-brf","status":"publish","type":"post","link":"https:\/\/www.suno.com.br\/noticias\/marfrig-cade-aprova-aquisicao-acoes-brf\/","title":{"rendered":"Marfrig (MRFG3): compra de a\u00e7\u00f5es da BRF (BRFS3) tem parecer aprovado pelo Cade"},"content":{"rendered":"<p>O <a class=\"suno-keyword\" href=\"https:\/\/www.suno.com.br\/artigos\/cade\/\" target=\"_blank\" rel=\"noopener\" data-force=\"no\" data-priority=\"2\">Conselho Administrativo de Defesa Econ\u00f4mica (Cade)<\/a> publicou parecer chancelando, sem restri\u00e7\u00f5es, a aquisi\u00e7\u00e3o das a\u00e7\u00f5es da <a class=\"suno-keyword\" href=\"https:\/\/www.suno.com.br\/acoes\/BRFS3\/\" target=\"_blank\" rel=\"noopener\" data-force=\"yes\" data-priority=\"2\">BRF (BRFS3)<\/a> pela Marfrig (MRFG3).<\/p>\t<div class=\"wrapper-featured-image\">\n\t\t<figure class=\"spotlightImg\">\n\n\t\t\t<picture>\n\t\t\t\t<source media=\"(max-width: 768px)\" srcset=\"https:\/\/files.sunoresearch.com.br\/n\/uploads\/2021\/03\/9e7a5eb3-marfrig2-400x200.webp\">\n\t\t\t\t<img loading=\"lazy\" decoding=\"async\" class=\"newsContent__article__imgCapa lazyloadDisabled \" src=\"https:\/\/files.sunoresearch.com.br\/n\/uploads\/2021\/03\/9e7a5eb3-marfrig2-800x450.webp\" width=\"800\" height=\"450\" alt=\"Marfrig (MRFG3): compra de a\u00e7\u00f5es da BRF (BRFS3) tem parecer aprovado pelo Cade\" fetchpriority=high \/>\n\t\t\t<\/picture>\n\n\t\t\t<figcaption class=\"wp-caption-text wp-caption-text--show\">BRF (BRFS3): compra de a\u00e7\u00f5es pela Marfrig (MRFG3) ser\u00e1 reanalisada pelo Cade. Foto: Divulga\u00e7\u00e3o<\/figcaption>\n\t\t<\/figure>\n\t<\/div>\n\n\n<p>No dia 21 de maio, a Marfrig realizou a <a class=\"suno-keyword\" href=\"https:\/\/www.suno.com.br\/artigos\/compra-de-acoes\/\" target=\"_blank\" rel=\"noopener\" data-force=\"no\" data-priority=\"1\">compra de a\u00e7\u00f5es<\/a> ordin\u00e1rias da concorrente, atingindo participa\u00e7\u00e3o de 24,23% do capital social, ou 196,869 milh\u00f5es de pap\u00e9is.<\/p>\n<p>Dias depois, em 3 de junho, a empresa comprou mais a\u00e7\u00f5es da companhia por meio de op\u00e7\u00f5es e em leil\u00f5es realizados em Bolsa de Valores (B3) e chegou a uma participa\u00e7\u00e3o de 31,67%, o que a aproximou dos limites estabelecidos no estatuto da BRF para acionistas minorit\u00e1rios e da cl\u00e1usula de &#8220;poison pill&#8221;.<\/p>\n<p>Essa cl\u00e1usula prev\u00ea que qualquer acionista que atinja 33,33% das a\u00e7\u00f5es da empresa ter\u00e1 de divulgar este fato e lan\u00e7ar, em at\u00e9 30 dias, uma <a class=\"suno-keyword\" href=\"https:\/\/www.suno.com.br\/artigos\/oferta-publica-aquisicao\/\" target=\"_blank\" rel=\"noopener\" data-force=\"no\" data-priority=\"1\">oferta p\u00fablica de aquisi\u00e7\u00e3o<\/a> (OPA) para todos os demais acionistas.<\/p>\n<h2>Marfirg e BRF: mercado v\u00ea em poss\u00edvel fus\u00e3o<\/h2>\n<p>Em junho, o aumento de participa\u00e7\u00e3o acion\u00e1ria da <strong>Marfrig<\/strong>\u00a0 na BRF \u00a0deixou o mercado na expectativa de uma poss\u00edvel fus\u00e3o. A Marfrig, que hoje \u00e9 menor do que a BRF, com aproximadamente R$ 12,7 bilh\u00f5es de\u00a0<a class=\"suno-keyword\" href=\"https:\/\/www.suno.com.br\/artigos\/valor-de-mercado\/\" target=\"_blank\" rel=\"noopener noreferrer\" data-force=\"no\" data-priority=\"1\">valor de mercado<\/a>, decidiu elevar sua participa\u00e7\u00e3o para cerca de 31% da companhia, que \u00e9 avaliada em R$ 22,7 bilh\u00f5es.<\/p>\n<p>Na an\u00e1lise do mercado, essa movimenta\u00e7\u00e3o nada mais \u00e9 do que uma tentativa de chamar a aten\u00e7\u00e3o da\u00a0<strong>dona da Sadia e Perdig\u00e3o<\/strong>\u00a0para retomar as conversas de uma\u00a0<strong>combina\u00e7\u00e3o de neg\u00f3cios<\/strong> que foi iniciada, em 2019, e acabou n\u00e3o indo para frente.<\/p>\n<p>Os especialistas avaliam que a<strong>\u00a0fus\u00e3o<\/strong>\u00a0seria a melhor opera\u00e7\u00e3o entre as duas gigantes, j\u00e1 que a compra da BRF geraria uma alavancagem muito grande, em um setor que enfrenta alta volatilidade e margens muito estreitas, segundo o analista da XP Investimentos, Leonardo Alencar.<\/p>\n<p>Em contrapartida, a combina\u00e7\u00e3o de neg\u00f3cios \u00e9 mais vi\u00e1vel e gera uma expectativa para um portf\u00f3lio mais amplo. Caso se concretize, a opera\u00e7\u00e3o mudar\u00e1 a cara do setor na bolsa de valores brasileira, que hoje \u00e9 composto por apenas quatro ativos:\u00a0<a class=\"suno-keyword\" href=\"https:\/\/www.suno.com.br\/acoes\/JBSS3\/\" target=\"_blank\" rel=\"noopener noreferrer\" data-force=\"yes\" data-priority=\"2\"><strong>JBS<\/strong>\u00a0(JBSS3)<\/a>,\u00a0<a class=\"suno-keyword\" href=\"https:\/\/www.suno.com.br\/acoes\/BEEF3\/\" target=\"_blank\" rel=\"noopener noreferrer\" data-force=\"yes\" data-priority=\"2\"><strong>Minerva<\/strong>\u00a0(BEEF3)<\/a>, Marfrig e BRF.<\/p>\n<p>Por\u00e9m, apesar de entusiasmar o mercado, um casamento entre Marfrig e BRF enfrentaria v\u00e1rios desafios. O principal deles \u00e9 a diferen\u00e7a entre as<strong>\u00a0culturas corporativas<\/strong>\u00a0das duas empresas.<\/p>\n<p>Enquanto a <strong>Marfrig<\/strong> \u00e9 uma empresa mais jovem, agressiva em aquisi\u00e7\u00f5es e experiente no din\u00e2mico setor de commodities, a BRF tem origens centen\u00e1rias e \u00e9 mais cautelosa em seus movimentos de mercado. Al\u00e9m disso, a din\u00e2mica da ind\u00fastria de alimentos processados \u00e9 <a href=\"https:\/\/www.suno.com.br\/noticias\/marfrig-mrfg3-brf-brfs3-fusao\/\">diferente do mercado de carnes<\/a>.<\/p>\n<p>(Com Estad\u00e3o Conte\u00fado)<\/p>\n","protected":false},"excerpt":{"rendered":"<p>O Conselho Administrativo de Defesa Econ\u00f4mica (Cade) publicou parecer chancelando, sem restri\u00e7\u00f5es, a aquisi\u00e7\u00e3o das a\u00e7\u00f5es da BRF (BRFS3) pela Marfrig (MRFG3). BRF (BRFS3): compra de a\u00e7\u00f5es pela Marfrig (MRFG3) ser\u00e1 reanalisada pelo Cade. Foto: Divulga\u00e7\u00e3o No dia 21 de maio, a Marfrig realizou a compra de a\u00e7\u00f5es ordin\u00e1rias da concorrente, atingindo participa\u00e7\u00e3o de 24,23% [&hellip;]<\/p>\n","protected":false},"author":43,"featured_media":130397,"comment_status":"closed","ping_status":"closed","sticky":false,"template":"","format":"standard","meta":[],"categories":[64],"tags":[397,851,552],"suno_strategy":[],"class_list":["post-187258","post","type-post","status-publish","format-standard","has-post-thumbnail","hentry","category-negocios","tag-brf-brfs3","tag-cade","tag-marfrig-mrfg3"],"yoast_head":"<!-- This site is optimized with the Yoast SEO plugin v24.4 - https:\/\/yoast.com\/wordpress\/plugins\/seo\/ -->\n<title>Marfrig (MRFG3): Cade aprova compra de a\u00e7\u00f5es da BRF (BRFS3)<\/title>\n<meta name=\"description\" content=\"O Cade publicou parecer chancelando, sem restri\u00e7\u00f5es, a aquisi\u00e7\u00e3o das a\u00e7\u00f5es da BRF (BRFS3) pela Marfrig (MRFG3. Saiba mais\" \/>\n<meta name=\"robots\" content=\"index, follow, max-snippet:-1, max-image-preview:large, max-video-preview:-1\" \/>\n<link rel=\"canonical\" href=\"https:\/\/www.suno.com.br\/noticias\/marfrig-cade-aprova-aquisicao-acoes-brf\/\" \/>\n<meta property=\"og:locale\" content=\"pt_BR\" \/>\n<meta property=\"og:type\" content=\"article\" \/>\n<meta property=\"og:title\" content=\"Marfrig (MRFG3): Cade aprova compra de a\u00e7\u00f5es da BRF (BRFS3)\" \/>\n<meta property=\"og:description\" content=\"O Cade publicou parecer chancelando, sem restri\u00e7\u00f5es, a aquisi\u00e7\u00e3o das a\u00e7\u00f5es da BRF (BRFS3) pela Marfrig (MRFG3. Saiba mais\" \/>\n<meta property=\"og:url\" content=\"https:\/\/www.suno.com.br\/noticias\/marfrig-cade-aprova-aquisicao-acoes-brf\/\" \/>\n<meta property=\"og:site_name\" content=\"Suno Not\u00edcias\" \/>\n<meta property=\"article:publisher\" content=\"https:\/\/facebook.com\/sunoresearch\" \/>\n<meta property=\"article:author\" content=\"https:\/\/www.facebook.com\/sunonoticias\/\" \/>\n<meta property=\"og:image\" content=\"https:\/\/files.sunoresearch.com.br\/n\/uploads\/2021\/03\/9e7a5eb3-marfrig2.jpg\" \/>\n\t<meta property=\"og:image:width\" content=\"1200\" \/>\n\t<meta property=\"og:image:height\" content=\"798\" \/>\n\t<meta property=\"og:image:type\" content=\"image\/jpeg\" \/>\n<meta name=\"author\" content=\"Reda\u00e7\u00e3o Suno Not\u00edcias\" \/>\n<meta name=\"twitter:card\" content=\"summary_large_image\" \/>\n<meta name=\"twitter:creator\" content=\"@https:\/\/twitter.com\/sunoresearch\" \/>\n<meta name=\"twitter:site\" content=\"@sunoresearch\" \/>\n<meta name=\"twitter:label1\" content=\"Escrito por\" \/>\n\t<meta name=\"twitter:data1\" content=\"Reda\u00e7\u00e3o Suno Not\u00edcias\" \/>\n\t<meta name=\"twitter:label2\" content=\"Est. tempo de leitura\" \/>\n\t<meta name=\"twitter:data2\" content=\"2 minutos\" \/>\n<script type=\"application\/ld+json\" class=\"yoast-schema-graph\">{\"@context\":\"https:\/\/schema.org\",\"@graph\":[{\"@type\":\"NewsArticle\",\"@id\":\"https:\/\/www.suno.com.br\/noticias\/marfrig-cade-aprova-aquisicao-acoes-brf\/#article\",\"isPartOf\":{\"@id\":\"https:\/\/www.suno.com.br\/noticias\/marfrig-cade-aprova-aquisicao-acoes-brf\/\"},\"author\":{\"name\":\"Reda\u00e7\u00e3o Suno Not\u00edcias\",\"@id\":\"https:\/\/www.suno.com.br\/noticias\/#\/schema\/person\/c1b1bd3727fa852bd045e9dbff3673ea\"},\"headline\":\"Marfrig (MRFG3): compra de a\u00e7\u00f5es da BRF (BRFS3) tem parecer aprovado pelo Cade\",\"datePublished\":\"2021-09-24T01:32:25+00:00\",\"mainEntityOfPage\":{\"@id\":\"https:\/\/www.suno.com.br\/noticias\/marfrig-cade-aprova-aquisicao-acoes-brf\/\"},\"wordCount\":462,\"publisher\":{\"@id\":\"https:\/\/www.suno.com.br\/noticias\/#organization\"},\"image\":{\"@id\":\"https:\/\/www.suno.com.br\/noticias\/marfrig-cade-aprova-aquisicao-acoes-brf\/#primaryimage\"},\"thumbnailUrl\":\"https:\/\/files.sunoresearch.com.br\/n\/uploads\/2021\/03\/9e7a5eb3-marfrig2-jpg.webp\",\"keywords\":[\"BRF (BRFS3)\",\"CADE\",\"Marfrig (MRFG3)\"],\"articleSection\":[\"Neg\u00f3cios\"],\"inLanguage\":\"pt-BR\"},{\"@type\":\"WebPage\",\"@id\":\"https:\/\/www.suno.com.br\/noticias\/marfrig-cade-aprova-aquisicao-acoes-brf\/\",\"url\":\"https:\/\/www.suno.com.br\/noticias\/marfrig-cade-aprova-aquisicao-acoes-brf\/\",\"name\":\"Marfrig (MRFG3): Cade aprova compra de a\u00e7\u00f5es da BRF (BRFS3)\",\"isPartOf\":{\"@id\":\"https:\/\/www.suno.com.br\/noticias\/#website\"},\"primaryImageOfPage\":{\"@id\":\"https:\/\/www.suno.com.br\/noticias\/marfrig-cade-aprova-aquisicao-acoes-brf\/#primaryimage\"},\"image\":{\"@id\":\"https:\/\/www.suno.com.br\/noticias\/marfrig-cade-aprova-aquisicao-acoes-brf\/#primaryimage\"},\"thumbnailUrl\":\"https:\/\/files.sunoresearch.com.br\/n\/uploads\/2021\/03\/9e7a5eb3-marfrig2-jpg.webp\",\"datePublished\":\"2021-09-24T01:32:25+00:00\",\"description\":\"O Cade publicou parecer chancelando, sem restri\u00e7\u00f5es, a aquisi\u00e7\u00e3o das a\u00e7\u00f5es da BRF (BRFS3) pela Marfrig (MRFG3. Saiba mais\",\"breadcrumb\":{\"@id\":\"https:\/\/www.suno.com.br\/noticias\/marfrig-cade-aprova-aquisicao-acoes-brf\/#breadcrumb\"},\"inLanguage\":\"pt-BR\",\"potentialAction\":[{\"@type\":\"ReadAction\",\"target\":[\"https:\/\/www.suno.com.br\/noticias\/marfrig-cade-aprova-aquisicao-acoes-brf\/\"]}]},{\"@type\":\"ImageObject\",\"inLanguage\":\"pt-BR\",\"@id\":\"https:\/\/www.suno.com.br\/noticias\/marfrig-cade-aprova-aquisicao-acoes-brf\/#primaryimage\",\"url\":\"https:\/\/files.sunoresearch.com.br\/n\/uploads\/2021\/03\/9e7a5eb3-marfrig2-jpg.webp\",\"contentUrl\":\"https:\/\/files.sunoresearch.com.br\/n\/uploads\/2021\/03\/9e7a5eb3-marfrig2-jpg.webp\",\"width\":1200,\"height\":798,\"caption\":\"BRF (BRFS3): compra de a\u00e7\u00f5es pela Marfrig (MRFG3) ser\u00e1 reanalisada pelo Cade. Foto: Divulga\u00e7\u00e3o\"},{\"@type\":\"BreadcrumbList\",\"@id\":\"https:\/\/www.suno.com.br\/noticias\/marfrig-cade-aprova-aquisicao-acoes-brf\/#breadcrumb\",\"itemListElement\":[{\"@type\":\"ListItem\",\"position\":1,\"name\":\"Not\u00edcias\",\"item\":\"https:\/\/www.suno.com.br\/noticias\/\"},{\"@type\":\"ListItem\",\"position\":2,\"name\":\"Neg\u00f3cios\",\"item\":\"https:\/\/www.suno.com.br\/noticias\/negocios\/\"},{\"@type\":\"ListItem\",\"position\":3,\"name\":\"Marfrig (MRFG3): compra de a\u00e7\u00f5es da BRF (BRFS3) tem parecer aprovado pelo Cade\"}]},{\"@type\":\"WebSite\",\"@id\":\"https:\/\/www.suno.com.br\/noticias\/#website\",\"url\":\"https:\/\/www.suno.com.br\/noticias\/\",\"name\":\"Suno Not\u00edcias\",\"description\":\"Seu portal de informa\u00e7\u00e3o sobre o mundo dos investimentos\",\"publisher\":{\"@id\":\"https:\/\/www.suno.com.br\/noticias\/#organization\"},\"potentialAction\":[{\"@type\":\"SearchAction\",\"target\":{\"@type\":\"EntryPoint\",\"urlTemplate\":\"https:\/\/www.suno.com.br\/noticias\/?s={search_term_string}\"},\"query-input\":{\"@type\":\"PropertyValueSpecification\",\"valueRequired\":true,\"valueName\":\"search_term_string\"}}],\"inLanguage\":\"pt-BR\"},{\"@type\":\"Organization\",\"@id\":\"https:\/\/www.suno.com.br\/noticias\/#organization\",\"name\":\"Suno Not\u00edcias\",\"url\":\"https:\/\/www.suno.com.br\/noticias\/\",\"logo\":{\"@type\":\"ImageObject\",\"inLanguage\":\"pt-BR\",\"@id\":\"https:\/\/www.suno.com.br\/noticias\/#\/schema\/logo\/image\/\",\"url\":\"https:\/\/files.sunoresearch.com.br\/n\/uploads\/2021\/09\/suno-logo.png\",\"contentUrl\":\"https:\/\/files.sunoresearch.com.br\/n\/uploads\/2021\/09\/suno-logo.png\",\"width\":180,\"height\":180,\"caption\":\"Suno Not\u00edcias\"},\"image\":{\"@id\":\"https:\/\/www.suno.com.br\/noticias\/#\/schema\/logo\/image\/\"},\"sameAs\":[\"https:\/\/facebook.com\/sunoresearch\",\"https:\/\/x.com\/sunoresearch\",\"https:\/\/www.instagram.com\/suno\",\"https:\/\/www.linkedin.com\/company\/suno-research\/\",\"https:\/\/www.youtube.com\/c\/sunoresearch\"]},{\"@type\":\"Person\",\"@id\":\"https:\/\/www.suno.com.br\/noticias\/#\/schema\/person\/c1b1bd3727fa852bd045e9dbff3673ea\",\"name\":\"Reda\u00e7\u00e3o Suno Not\u00edcias\",\"image\":{\"@type\":\"ImageObject\",\"inLanguage\":\"pt-BR\",\"@id\":\"https:\/\/www.suno.com.br\/noticias\/#\/schema\/person\/image\/\",\"url\":\"https:\/\/secure.gravatar.com\/avatar\/b8104b9b5a71985d5238ee59fbe418af?s=96&r=g\",\"contentUrl\":\"https:\/\/secure.gravatar.com\/avatar\/b8104b9b5a71985d5238ee59fbe418af?s=96&r=g\",\"caption\":\"Reda\u00e7\u00e3o Suno Not\u00edcias\"},\"description\":\"O Suno Not\u00edcias \u00e9 um portal de informa\u00e7\u00f5es sobre Mercado Financeiro, Pol\u00edtica, Neg\u00f3cios, Economia e Finan\u00e7as Pessoais.\",\"sameAs\":[\"https:\/\/www.suno.com.br\/noticias\",\"https:\/\/www.facebook.com\/sunonoticias\/\",\"https:\/\/www.instagram.com\/sunonoticias\/\",\"https:\/\/x.com\/https:\/\/twitter.com\/sunoresearch\",\"https:\/\/www.youtube.com\/sunonoticias\"],\"url\":\"https:\/\/www.suno.com.br\/noticias\/author\/redacao-suno\/\"}]}<\/script>\n<!-- \/ Yoast SEO plugin. -->","yoast_head_json":{"title":"Marfrig (MRFG3): Cade aprova compra de a\u00e7\u00f5es da BRF (BRFS3)","description":"O Cade publicou parecer chancelando, sem restri\u00e7\u00f5es, a aquisi\u00e7\u00e3o das a\u00e7\u00f5es da BRF (BRFS3) pela Marfrig (MRFG3. Saiba mais","robots":{"index":"index","follow":"follow","max-snippet":"max-snippet:-1","max-image-preview":"max-image-preview:large","max-video-preview":"max-video-preview:-1"},"canonical":"https:\/\/www.suno.com.br\/noticias\/marfrig-cade-aprova-aquisicao-acoes-brf\/","og_locale":"pt_BR","og_type":"article","og_title":"Marfrig (MRFG3): Cade aprova compra de a\u00e7\u00f5es da BRF (BRFS3)","og_description":"O Cade publicou parecer chancelando, sem restri\u00e7\u00f5es, a aquisi\u00e7\u00e3o das a\u00e7\u00f5es da BRF (BRFS3) pela Marfrig (MRFG3. Saiba mais","og_url":"https:\/\/www.suno.com.br\/noticias\/marfrig-cade-aprova-aquisicao-acoes-brf\/","og_site_name":"Suno Not\u00edcias","article_publisher":"https:\/\/facebook.com\/sunoresearch","article_author":"https:\/\/www.facebook.com\/sunonoticias\/","og_image":[{"width":1200,"height":798,"url":"https:\/\/files.sunoresearch.com.br\/n\/uploads\/2021\/03\/9e7a5eb3-marfrig2.jpg","type":"image\/jpeg"}],"author":"Reda\u00e7\u00e3o Suno Not\u00edcias","twitter_card":"summary_large_image","twitter_creator":"@https:\/\/twitter.com\/sunoresearch","twitter_site":"@sunoresearch","twitter_misc":{"Escrito por":"Reda\u00e7\u00e3o Suno Not\u00edcias","Est. tempo de leitura":"2 minutos"},"schema":{"@context":"https:\/\/schema.org","@graph":[{"@type":"NewsArticle","@id":"https:\/\/www.suno.com.br\/noticias\/marfrig-cade-aprova-aquisicao-acoes-brf\/#article","isPartOf":{"@id":"https:\/\/www.suno.com.br\/noticias\/marfrig-cade-aprova-aquisicao-acoes-brf\/"},"author":{"name":"Reda\u00e7\u00e3o Suno Not\u00edcias","@id":"https:\/\/www.suno.com.br\/noticias\/#\/schema\/person\/c1b1bd3727fa852bd045e9dbff3673ea"},"headline":"Marfrig (MRFG3): compra de a\u00e7\u00f5es da BRF (BRFS3) tem parecer aprovado pelo Cade","datePublished":"2021-09-24T01:32:25+00:00","mainEntityOfPage":{"@id":"https:\/\/www.suno.com.br\/noticias\/marfrig-cade-aprova-aquisicao-acoes-brf\/"},"wordCount":462,"publisher":{"@id":"https:\/\/www.suno.com.br\/noticias\/#organization"},"image":{"@id":"https:\/\/www.suno.com.br\/noticias\/marfrig-cade-aprova-aquisicao-acoes-brf\/#primaryimage"},"thumbnailUrl":"https:\/\/files.sunoresearch.com.br\/n\/uploads\/2021\/03\/9e7a5eb3-marfrig2-jpg.webp","keywords":["BRF (BRFS3)","CADE","Marfrig (MRFG3)"],"articleSection":["Neg\u00f3cios"],"inLanguage":"pt-BR"},{"@type":"WebPage","@id":"https:\/\/www.suno.com.br\/noticias\/marfrig-cade-aprova-aquisicao-acoes-brf\/","url":"https:\/\/www.suno.com.br\/noticias\/marfrig-cade-aprova-aquisicao-acoes-brf\/","name":"Marfrig (MRFG3): Cade aprova compra de a\u00e7\u00f5es da BRF (BRFS3)","isPartOf":{"@id":"https:\/\/www.suno.com.br\/noticias\/#website"},"primaryImageOfPage":{"@id":"https:\/\/www.suno.com.br\/noticias\/marfrig-cade-aprova-aquisicao-acoes-brf\/#primaryimage"},"image":{"@id":"https:\/\/www.suno.com.br\/noticias\/marfrig-cade-aprova-aquisicao-acoes-brf\/#primaryimage"},"thumbnailUrl":"https:\/\/files.sunoresearch.com.br\/n\/uploads\/2021\/03\/9e7a5eb3-marfrig2-jpg.webp","datePublished":"2021-09-24T01:32:25+00:00","description":"O Cade publicou parecer chancelando, sem restri\u00e7\u00f5es, a aquisi\u00e7\u00e3o das a\u00e7\u00f5es da BRF (BRFS3) pela Marfrig (MRFG3. Saiba mais","breadcrumb":{"@id":"https:\/\/www.suno.com.br\/noticias\/marfrig-cade-aprova-aquisicao-acoes-brf\/#breadcrumb"},"inLanguage":"pt-BR","potentialAction":[{"@type":"ReadAction","target":["https:\/\/www.suno.com.br\/noticias\/marfrig-cade-aprova-aquisicao-acoes-brf\/"]}]},{"@type":"ImageObject","inLanguage":"pt-BR","@id":"https:\/\/www.suno.com.br\/noticias\/marfrig-cade-aprova-aquisicao-acoes-brf\/#primaryimage","url":"https:\/\/files.sunoresearch.com.br\/n\/uploads\/2021\/03\/9e7a5eb3-marfrig2-jpg.webp","contentUrl":"https:\/\/files.sunoresearch.com.br\/n\/uploads\/2021\/03\/9e7a5eb3-marfrig2-jpg.webp","width":1200,"height":798,"caption":"BRF (BRFS3): compra de a\u00e7\u00f5es pela Marfrig (MRFG3) ser\u00e1 reanalisada pelo Cade. Foto: Divulga\u00e7\u00e3o"},{"@type":"BreadcrumbList","@id":"https:\/\/www.suno.com.br\/noticias\/marfrig-cade-aprova-aquisicao-acoes-brf\/#breadcrumb","itemListElement":[{"@type":"ListItem","position":1,"name":"Not\u00edcias","item":"https:\/\/www.suno.com.br\/noticias\/"},{"@type":"ListItem","position":2,"name":"Neg\u00f3cios","item":"https:\/\/www.suno.com.br\/noticias\/negocios\/"},{"@type":"ListItem","position":3,"name":"Marfrig (MRFG3): compra de a\u00e7\u00f5es da BRF (BRFS3) tem parecer aprovado pelo Cade"}]},{"@type":"WebSite","@id":"https:\/\/www.suno.com.br\/noticias\/#website","url":"https:\/\/www.suno.com.br\/noticias\/","name":"Suno Not\u00edcias","description":"Seu portal de informa\u00e7\u00e3o sobre o mundo dos investimentos","publisher":{"@id":"https:\/\/www.suno.com.br\/noticias\/#organization"},"potentialAction":[{"@type":"SearchAction","target":{"@type":"EntryPoint","urlTemplate":"https:\/\/www.suno.com.br\/noticias\/?s={search_term_string}"},"query-input":{"@type":"PropertyValueSpecification","valueRequired":true,"valueName":"search_term_string"}}],"inLanguage":"pt-BR"},{"@type":"Organization","@id":"https:\/\/www.suno.com.br\/noticias\/#organization","name":"Suno Not\u00edcias","url":"https:\/\/www.suno.com.br\/noticias\/","logo":{"@type":"ImageObject","inLanguage":"pt-BR","@id":"https:\/\/www.suno.com.br\/noticias\/#\/schema\/logo\/image\/","url":"https:\/\/files.sunoresearch.com.br\/n\/uploads\/2021\/09\/suno-logo.png","contentUrl":"https:\/\/files.sunoresearch.com.br\/n\/uploads\/2021\/09\/suno-logo.png","width":180,"height":180,"caption":"Suno Not\u00edcias"},"image":{"@id":"https:\/\/www.suno.com.br\/noticias\/#\/schema\/logo\/image\/"},"sameAs":["https:\/\/facebook.com\/sunoresearch","https:\/\/x.com\/sunoresearch","https:\/\/www.instagram.com\/suno","https:\/\/www.linkedin.com\/company\/suno-research\/","https:\/\/www.youtube.com\/c\/sunoresearch"]},{"@type":"Person","@id":"https:\/\/www.suno.com.br\/noticias\/#\/schema\/person\/c1b1bd3727fa852bd045e9dbff3673ea","name":"Reda\u00e7\u00e3o Suno Not\u00edcias","image":{"@type":"ImageObject","inLanguage":"pt-BR","@id":"https:\/\/www.suno.com.br\/noticias\/#\/schema\/person\/image\/","url":"https:\/\/secure.gravatar.com\/avatar\/b8104b9b5a71985d5238ee59fbe418af?s=96&r=g","contentUrl":"https:\/\/secure.gravatar.com\/avatar\/b8104b9b5a71985d5238ee59fbe418af?s=96&r=g","caption":"Reda\u00e7\u00e3o Suno Not\u00edcias"},"description":"O Suno Not\u00edcias \u00e9 um portal de informa\u00e7\u00f5es sobre Mercado Financeiro, Pol\u00edtica, Neg\u00f3cios, Economia e Finan\u00e7as Pessoais.","sameAs":["https:\/\/www.suno.com.br\/noticias","https:\/\/www.facebook.com\/sunonoticias\/","https:\/\/www.instagram.com\/sunonoticias\/","https:\/\/x.com\/https:\/\/twitter.com\/sunoresearch","https:\/\/www.youtube.com\/sunonoticias"],"url":"https:\/\/www.suno.com.br\/noticias\/author\/redacao-suno\/"}]}},"default_loop_html":"<div class=\"cardsPage__listCard__boxs\"><div class=\"cardsPage__listCard__boxs__img\"><a href=\"https:\/\/www.suno.com.br\/noticias\/marfrig-cade-aprova-aquisicao-acoes-brf\/\"><img class=\"mask\" src=\"https:\/\/www.suno.com.br\/noticias\/wp-content\/themes\/suno\/resources\/images\/spotlight\/spotlight1img\/bg-mask.png\" alt=\"Image Mask\"\/><img src=\"https:\/\/files.sunoresearch.com.br\/n\/uploads\/2021\/03\/9e7a5eb3-marfrig2-400x200.webp\" alt=\"Marfrig (MRFG3): compra de a\u00e7\u00f5es da BRF (BRFS3) tem parecer aprovado pelo Cade\"\/><\/a><span class=\"spotlightCategory\"><a href=\"https:\/\/www.suno.com.br\/noticias\/negocios\/\">Neg\u00f3cios<\/a><\/span><\/div><div class=\"cardsPage__listCard__boxs__content\"><a href=\"https:\/\/www.suno.com.br\/noticias\/marfrig-cade-aprova-aquisicao-acoes-brf\/\"><h2 class=\"content__title\">Marfrig (MRFG3): compra de a\u00e7\u00f5es da BRF (BRFS3) tem parecer aprovado pelo Cade<\/h2><\/a><div class=\"newsContent__article__meta\"><div class=\"newsContent__article__meta__authorBox\"><a href=\"https:\/\/www.suno.com.br\/noticias\/author\/redacao-suno\/\" class=\"authorBox__avatar noMobi\"><img src=\"https:\/\/files.sunoresearch.com.br\/n\/uploads\/2020\/08\/0ace682d-redacao-1-150x150.webp\" alt=\"Reda\u00e7\u00e3o Suno Not\u00edcias\"><\/a><div class=\"authorBox__name\"><span>por\n\t\t\t<a href=\"https:\/\/www.suno.com.br\/noticias\/author\/redacao-suno\/\"><span itemprop=\"author\">Reda\u00e7\u00e3o Suno Not\u00edcias<\/span><\/a><\/span><time datetime=\"2021-09-23T22:32:25-03:00\" itemprop=\"datePublished\">23\/09\/2021 22:32<\/time><\/div><\/div><\/div><\/div><\/div>","single_layout":"posts","amp_enabled":true,"_links":{"self":[{"href":"https:\/\/www.suno.com.br\/noticias\/wp-json\/wp\/v2\/posts\/187258"}],"collection":[{"href":"https:\/\/www.suno.com.br\/noticias\/wp-json\/wp\/v2\/posts"}],"about":[{"href":"https:\/\/www.suno.com.br\/noticias\/wp-json\/wp\/v2\/types\/post"}],"author":[{"embeddable":true,"href":"https:\/\/www.suno.com.br\/noticias\/wp-json\/wp\/v2\/users\/43"}],"replies":[{"embeddable":true,"href":"https:\/\/www.suno.com.br\/noticias\/wp-json\/wp\/v2\/comments?post=187258"}],"version-history":[{"count":2,"href":"https:\/\/www.suno.com.br\/noticias\/wp-json\/wp\/v2\/posts\/187258\/revisions"}],"predecessor-version":[{"id":187270,"href":"https:\/\/www.suno.com.br\/noticias\/wp-json\/wp\/v2\/posts\/187258\/revisions\/187270"}],"wp:featuredmedia":[{"embeddable":true,"href":"https:\/\/www.suno.com.br\/noticias\/wp-json\/wp\/v2\/media\/130397"}],"wp:attachment":[{"href":"https:\/\/www.suno.com.br\/noticias\/wp-json\/wp\/v2\/media?parent=187258"}],"wp:term":[{"taxonomy":"category","embeddable":true,"href":"https:\/\/www.suno.com.br\/noticias\/wp-json\/wp\/v2\/categories?post=187258"},{"taxonomy":"post_tag","embeddable":true,"href":"https:\/\/www.suno.com.br\/noticias\/wp-json\/wp\/v2\/tags?post=187258"},{"taxonomy":"suno_strategy","embeddable":true,"href":"https:\/\/www.suno.com.br\/noticias\/wp-json\/wp\/v2\/suno_strategy?post=187258"}],"curies":[{"name":"wp","href":"https:\/\/api.w.org\/{rel}","templated":true}]}}