{"id":187078,"date":"2021-09-23T21:59:27","date_gmt":"2021-09-24T00:59:27","guid":{"rendered":"https:\/\/www.suno.com.br\/noticias\/?p=187078"},"modified":"2021-09-23T21:59:27","modified_gmt":"2021-09-24T00:59:27","slug":"impostos-arrecadacao-bate-recorde-agosto","status":"publish","type":"post","link":"https:\/\/www.suno.com.br\/noticias\/impostos-arrecadacao-bate-recorde-agosto\/","title":{"rendered":"Arrecada\u00e7\u00e3o federal de impostos em agosto bate recorde hist\u00f3rico"},"content":{"rendered":"<p>Dados divulgados nesta quinta (23) pela <a class=\"suno-keyword\" href=\"https:\/\/www.suno.com.br\/artigos\/receita-federal\/\" target=\"_blank\" rel=\"noopener\" data-force=\"no\" data-priority=\"3\">Receita Federal<\/a> apontam que a Uni\u00e3o arrecadou R$ 146,463 bilh\u00f5es\u00a0 com <strong>impostos<\/strong> e contribui\u00e7\u00f5es federais no m\u00eas passado. Foi um recorde hist\u00f3rico para meses de agosto desde o in\u00edcio da s\u00e9rie hist\u00f3rica, em 1995, em valores corrigidos pela infla\u00e7\u00e3o. O aumento foi de 7,25% acima da infla\u00e7\u00e3o, com valores corrigidos pelo \u00cdndice Nacional de Pre\u00e7os ao Consumidor Amplo (<strong>IPCA<\/strong>).<img decoding=\"async\" style=\"width: 1px; height: 1px;\" src=\"https:\/\/agenciabrasil.ebc.com.br\/ebc.png?id=1422464&amp;o=rss\" \/><img decoding=\"async\" style=\"width: 1px; height: 1px;\" src=\"https:\/\/agenciabrasil.ebc.com.br\/ebc.gif?id=1422464&amp;o=rss\" \/><\/p>\t<div class=\"wrapper-featured-image\">\n\t\t<figure class=\"spotlightImg\">\n\n\t\t\t<picture>\n\t\t\t\t<source media=\"(max-width: 768px)\" srcset=\"https:\/\/files.sunoresearch.com.br\/n\/uploads\/2021\/08\/0c8bb822-receita-federal-imposto-de-renda-400x200.jpg\">\n\t\t\t\t<img loading=\"lazy\" decoding=\"async\" class=\"newsContent__article__imgCapa lazyloadDisabled \" src=\"https:\/\/files.sunoresearch.com.br\/n\/uploads\/2021\/08\/0c8bb822-receita-federal-imposto-de-renda-800x450.jpg\" width=\"800\" height=\"450\" alt=\"Arrecada\u00e7\u00e3o federal de impostos em agosto bate recorde hist\u00f3rico\" fetchpriority=high \/>\n\t\t\t<\/picture>\n\n\t\t\t<figcaption class=\"wp-caption-text wp-caption-text--show\">Receita Federal. Foto: Marcelo Camargo\/Ag\u00eancia Brasil<\/figcaption>\n\t\t<\/figure>\n\t<\/div>\n\n\n\t<p>\n\t\t<a href=\"https:\/\/lp.suno.com.br\/planilha-controle-gastos\/\" target=\"_blank\" data-element=\"shortcode-suno-banner\" title=\"Banner SUNO, clique e saiba mais\">\n\t\t\t<picture>\n\t\t\t\t<source media=\"(max-width: 500px)\" srcset=\"https:\/\/files.sunoresearch.com.br\/n\/uploads\/2023\/03\/400x300-Planilha-controle-de-gastos.png\">\n\t\t\t\t<img class=\"newsContent__article__imgCapa newsContent__article__imgCapa--banner\"\n\t\t\t\t\tsrc=\"https:\/\/files.sunoresearch.com.br\/n\/uploads\/2023\/03\/1420x240-Planilha-controle-de-gastos.png\"\n\t\t\t\t\tdata-promo-id=\"101751\"\t\t\t\t\t\t\t\t\t\twidth='1420' height='240'\t\t\t\t\talt=\"https:\/\/files.sunoresearch.com.br\/n\/uploads\/2023\/03\/1420x240-Planilha-controle-de-gastos.png\"\n\t\t\t\t>\n\t\t\t<\/picture>\n\t\t<\/a>\n\t<\/p>\n\n\n<p>O montante foi impulsionado pela recupera\u00e7\u00e3o da economia e por recolhimentos at\u00edpicos de algumas grandes empresas. Nos oito primeiros meses do ano, a <strong>arrecada\u00e7\u00e3o de impostos<\/strong> soma R$ 1,199 trilh\u00e3o, com alta de 23,53% acima da infla\u00e7\u00e3o pelo IPCA, tamb\u00e9m recorde para o per\u00edodo.<\/p>\n<p>A arrecada\u00e7\u00e3o superou as previs\u00f5es das <a class=\"suno-keyword\" href=\"https:\/\/www.suno.com.br\/artigos\/instituicoes-financeiras\/\" target=\"_blank\" rel=\"noopener\" data-force=\"no\" data-priority=\"1\">institui\u00e7\u00f5es financeiras<\/a>. No relat\u00f3rio Prisma Fiscal, pesquisa divulgada pelo Minist\u00e9rio da Economia, os analistas de mercado estimavam que o valor arrecadado ficaria em R$ 134,184 bilh\u00f5es em agosto, pelo crit\u00e9rio da mediana (valor central em torno dos quais um dado oscila).<\/p>\n\t<p>\n\t\t<a href=\"https:\/\/lp.suno.com.br\/planilha-da-vida-financeira\/\" target=\"_blank\" data-element=\"shortcode-suno-banner\" title=\"Banner SUNO, clique e saiba mais\">\n\t\t\t<picture>\n\t\t\t\t<source media=\"(max-width: 500px)\" srcset=\"https:\/\/files.sunoresearch.com.br\/n\/uploads\/2023\/04\/400x300-Planilha-vida-financeira-true.png\">\n\t\t\t\t<img class=\"newsContent__article__imgCapa newsContent__article__imgCapa--banner\"\n\t\t\t\t\tsrc=\"https:\/\/files.sunoresearch.com.br\/n\/uploads\/2023\/04\/1420x240-Planilha-vida-financeira-true.png\"\n\t\t\t\t\tdata-promo-id=\"106682\"\t\t\t\t\t\t\t\t\t\twidth='1420' height='240'\t\t\t\t\talt=\"https:\/\/files.sunoresearch.com.br\/n\/uploads\/2023\/04\/1420x240-Planilha-vida-financeira-true.png\"\n\t\t\t\t>\n\t\t\t<\/picture>\n\t\t<\/a>\n\t<\/p>\n\n\n<h2>Desacelera\u00e7\u00e3o<\/h2>\n<p>Apesar do recorde em agosto, o crescimento da arrecada\u00e7\u00e3o sobre o mesmo m\u00eas do ano anterior est\u00e1 se desacelerando. Com a ameniza\u00e7\u00e3o das medidas de distanciamento social e de restri\u00e7\u00f5es a atividades econ\u00f4micas em agosto do ano passado, a produ\u00e7\u00e3o e o consumo passaram a subir em rela\u00e7\u00e3o aos primeiros meses da pandemia de covid-19. Isso aumenta a base de compara\u00e7\u00e3o, diminuindo a alta da arrecada\u00e7\u00e3o em rela\u00e7\u00e3o a agosto de 2020.<\/p>\n\t<div data-element=\"shortcode-read-more\" class=\"knowMore\">\n\t\t\t\t<span class=\"knowMore__title\">Saiba mais<\/span>\n\t\t\t\t<a class=\"knowMore__link\" href=\"https:\/\/www.suno.com.br\/noticias\/governo-federal-arrecadacao-impostos-julho-2021-recorde\/\">\n\t\t\tGoverno federal arrecada R$ 171,270 bi em julho, valor recorde para o m\u00eas\t\t<\/a>\n\t<\/div>\n\n\n<p>Tamb\u00e9m em agosto do ano passado, come\u00e7aram a deixar de vigorar o adiamento de diversos tributos suspensos no in\u00edcio da pandemia, como as cotas do <a class=\"suno-keyword\" href=\"https:\/\/www.suno.com.br\/artigos\/simples-nacional\/\" target=\"_blank\" rel=\"noopener\" data-force=\"no\" data-priority=\"3\">Simples Nacional<\/a> e das contribui\u00e7\u00f5es patronais para a Previd\u00eancia Social. O pagamento de tributos diferidos (adiados) caiu de R$ 17,1 bilh\u00f5es em agosto do ano passado, para R$ 5 bilh\u00f5es em agosto deste ano.<\/p>\n<h2>Recolhimentos de impostos at\u00edpicos<\/h2>\n<p>Tamb\u00e9m influiu na alta da arrecada\u00e7\u00e3o o recolhimento at\u00edpico (que n\u00e3o se repetir\u00e1 em outros anos) de cerca de R$ 5 bilh\u00f5es em agosto em <a class=\"suno-keyword\" href=\"https:\/\/www.suno.com.br\/artigos\/irpj\/\" target=\"_blank\" rel=\"noopener\" data-force=\"no\" data-priority=\"1\">Imposto de Renda Pessoa Jur\u00eddica (IRPJ)<\/a> e em Contribui\u00e7\u00e3o Social sobre o <a class=\"suno-keyword\" href=\"https:\/\/www.suno.com.br\/artigos\/lucro-liquido\/\" target=\"_blank\" rel=\"noopener\" data-force=\"no\" data-priority=\"1\">Lucro L\u00edquido<\/a> (CSLL) por grandes empresas ligadas \u00e0 exporta\u00e7\u00e3o de <em>commodities<\/em> (bens prim\u00e1rios com cota\u00e7\u00e3o internacional). Nos oito primeiros meses do ano, os recolhimentos at\u00edpicos somam R$ 29 bilh\u00f5es, contra apenas R$ 2,8 bilh\u00f5es no mesmo per\u00edodo de 2020.<\/p>\n<p>Ao longo de 2021, esses recolhimentos fora de \u00e9poca t\u00eam impulsionado a arrecada\u00e7\u00e3o por causa de empresas que registraram lucros maiores que o previsto e tiveram de pagar a diferen\u00e7a. Por causa do <a class=\"suno-keyword\" href=\"https:\/\/www.suno.com.br\/artigos\/sigilo-fiscal\/\" target=\"_blank\" rel=\"noopener\" data-force=\"no\" data-priority=\"1\">sigilo fiscal<\/a>, a Receita n\u00e3o pode informar o nome e a atividade dessas grandes companhias. As compensa\u00e7\u00f5es tribut\u00e1rias, quando um contribuinte pede abatimento ou desconto em tributos a pagar, ca\u00edram R$ 6,2 bilh\u00f5es em agosto, impulsionando a arrecada\u00e7\u00e3o.<\/p>\n\t<p>\n\t\t<a href=\"https:\/\/lp.suno.com.br\/ebook-como-analisar-uma-acao\/\" target=\"_blank\" data-element=\"shortcode-suno-banner\" title=\"Banner SUNO, clique e saiba mais\">\n\t\t\t<picture>\n\t\t\t\t<source media=\"(max-width: 500px)\" srcset=\"https:\/\/files.sunoresearch.com.br\/n\/uploads\/2023\/03\/Ebook-Acoes-Mobile-1.jpg\">\n\t\t\t\t<img class=\"newsContent__article__imgCapa newsContent__article__imgCapa--banner\"\n\t\t\t\t\tsrc=\"https:\/\/files.sunoresearch.com.br\/n\/uploads\/2023\/03\/Ebook-Acoes-Desktop-1.jpg\"\n\t\t\t\t\tdata-promo-id=\"171998\"\t\t\t\t\t\t\t\t\t\twidth='1420' height='286'\t\t\t\t\talt=\"https:\/\/files.sunoresearch.com.br\/n\/uploads\/2023\/03\/Ebook-Acoes-Desktop-1.jpg\"\n\t\t\t\t>\n\t\t\t<\/picture>\n\t\t<\/a>\n\t<\/p>\n\n\n<p>A redu\u00e7\u00e3o a zero da al\u00edquota de Imposto sobre Opera\u00e7\u00f5es Financeiras (IOF), que vigorou at\u00e9 o fim do ano passado, tamb\u00e9m aumentou a arrecada\u00e7\u00e3o em R$ 2,35 bilh\u00f5es em agosto de 2021. De abril a dezembro do ano passado, o IOF sobre opera\u00e7\u00f5es de cr\u00e9dito foi zerado para baratear as linhas de cr\u00e9dito emergenciais concedidas durante a pandemia.<\/p>\n<h2>Tributos<\/h2>\n<p>Na divis\u00e3o por tributos, as maiores altas em agosto \u2013 em rela\u00e7\u00e3o ao mesmo m\u00eas de 2020 \u2013 foram registradas na arrecada\u00e7\u00e3o do IRPJ e da CSLL, alta de R$ 7,56 bilh\u00f5es (41,75%) acima da infla\u00e7\u00e3o pelo IPCA, impulsionados pelo recolhimento at\u00edpico de grandes empresas. Em seguida vem o IOF, com crescimento de R$ 3,42 bilh\u00f5es (342,91%) acima da infla\u00e7\u00e3o, por causa do fim da isen\u00e7\u00e3o que vigorou em 2020.<\/p>\n<p>Em terceiro lugar, est\u00e1 o <a class=\"suno-keyword\" href=\"https:\/\/www.suno.com.br\/artigos\/irrf\/\" target=\"_blank\" rel=\"noopener\" data-force=\"no\" data-priority=\"2\">Imposto de Renda Retido na Fonte (IRRF)<\/a>, decorrente da recupera\u00e7\u00e3o do emprego. No entanto, outros tributos apresentaram queda. A arrecada\u00e7\u00e3o do Programa de Integra\u00e7\u00e3o Social (PIS) e da Contribui\u00e7\u00e3o para o Financiamento da Seguridade Social (Cofins), caiu 7,91% descontada a infla\u00e7\u00e3o, e a arrecada\u00e7\u00e3o da Previd\u00eancia Social recuou 11,27%.<\/p>\n\t<p>\n\t\t<a href=\"https:\/\/lp.suno.com.br\/planilha-de-controle-de-investimentos\/\" target=\"_blank\" data-element=\"shortcode-suno-banner\" title=\"Banner SUNO, clique e saiba mais\">\n\t\t\t<picture>\n\t\t\t\t<source media=\"(max-width: 500px)\" srcset=\"https:\/\/files.sunoresearch.com.br\/n\/uploads\/2023\/03\/400x300-Controle-de-Investimentos.png\">\n\t\t\t\t<img class=\"newsContent__article__imgCapa newsContent__article__imgCapa--banner\"\n\t\t\t\t\tsrc=\"https:\/\/files.sunoresearch.com.br\/n\/uploads\/2023\/03\/1420x240-Controle-de-Investimentos.png\"\n\t\t\t\t\tdata-promo-id=\"75934\"\t\t\t\t\t\t\t\t\t\twidth='1420' height='240'\t\t\t\t\talt=\"https:\/\/files.sunoresearch.com.br\/n\/uploads\/2023\/03\/1420x240-Controle-de-Investimentos.png\"\n\t\t\t\t>\n\t\t\t<\/picture>\n\t\t<\/a>\n\t<\/p>\n\n\n<p>Atrelados ao faturamento, o PIS e a Cofins medem o consumo. A arrecada\u00e7\u00e3o da Previd\u00eancia mede o emprego formal. No entanto, a desacelera\u00e7\u00e3o nesses dois indicadores nos \u00faltimos meses n\u00e3o explica totalmente a queda em agosto. Isso porque, no mesmo m\u00eas do ano passado, acabaram diversas suspens\u00f5es ligadas a esses <strong>impostos<\/strong>, que vigoraram para ajudar empresas afetadas pela pandemia. Como esses pagamentos foram recolhidos em dobro ao longo do segundo semestre do ano passado, a base de compara\u00e7\u00e3o foi afetada.<\/p>\n<p><em>(Com informa\u00e7\u00f5es da Ag\u00eancia Brasil)<\/em><\/p>\n\t<p>\n\t\t<a href=\"\" target=\"_blank\" data-element=\"shortcode-suno-banner\" title=\"Banner SUNO, clique e saiba mais\">\n\t\t\t<picture>\n\t\t\t\t<source media=\"(max-width: 500px)\" srcset=\"\">\n\t\t\t\t<img class=\"newsContent__article__imgCapa newsContent__article__imgCapa--banner\"\n\t\t\t\t\tsrc=\"\"\n\t\t\t\t\tdata-promo-id=\"184190\"\t\t\t\t\t\t\t\t\t\t\t\t\t\t\talt=\"\"\n\t\t\t\t>\n\t\t\t<\/picture>\n\t\t<\/a>\n\t<\/p>\n\n\n","protected":false},"excerpt":{"rendered":"<p>Dados divulgados nesta quinta (23) pela Receita Federal apontam que a Uni\u00e3o arrecadou R$ 146,463 bilh\u00f5es\u00a0 com impostos e contribui\u00e7\u00f5es federais no m\u00eas passado. Foi um recorde hist\u00f3rico para meses de agosto desde o in\u00edcio da s\u00e9rie hist\u00f3rica, em 1995, em valores corrigidos pela infla\u00e7\u00e3o. O aumento foi de 7,25% acima da infla\u00e7\u00e3o, com valores [&hellip;]<\/p>\n","protected":false},"author":118,"featured_media":177629,"comment_status":"closed","ping_status":"closed","sticky":false,"template":"","format":"standard","meta":[],"categories":[62],"tags":[1488,704,847],"suno_strategy":[],"class_list":["post-187078","post","type-post","status-publish","format-standard","has-post-thumbnail","hentry","category-economia","tag-arrecadacao-federal","tag-impostos","tag-receita-federal"],"yoast_head":"<!-- This site is optimized with the Yoast SEO plugin v24.4 - https:\/\/yoast.com\/wordpress\/plugins\/seo\/ -->\n<title>Arrecada\u00e7\u00e3o federal de impostos em agosto bate recorde hist\u00f3rico<\/title>\n<meta name=\"description\" content=\"Segundo os dados divulgados nesta quinta pela Receita Federal, a arrecada\u00e7\u00e3o de impostos foi de R$ 146,463 bilh\u00f5es no m\u00eas passado. Saiba mais\" \/>\n<meta name=\"robots\" content=\"index, follow, max-snippet:-1, max-image-preview:large, max-video-preview:-1\" \/>\n<link rel=\"canonical\" href=\"https:\/\/www.suno.com.br\/noticias\/impostos-arrecadacao-bate-recorde-agosto\/\" \/>\n<meta property=\"og:locale\" content=\"pt_BR\" \/>\n<meta property=\"og:type\" content=\"article\" \/>\n<meta property=\"og:title\" content=\"Arrecada\u00e7\u00e3o federal de impostos em agosto bate recorde hist\u00f3rico\" \/>\n<meta property=\"og:description\" content=\"Segundo os dados divulgados nesta quinta pela Receita Federal, a arrecada\u00e7\u00e3o de impostos foi de R$ 146,463 bilh\u00f5es no m\u00eas passado. Saiba mais\" \/>\n<meta property=\"og:url\" content=\"https:\/\/www.suno.com.br\/noticias\/impostos-arrecadacao-bate-recorde-agosto\/\" \/>\n<meta property=\"og:site_name\" content=\"Suno Not\u00edcias\" \/>\n<meta property=\"article:publisher\" content=\"https:\/\/facebook.com\/sunoresearch\" \/>\n<meta property=\"og:image\" content=\"https:\/\/files.sunoresearch.com.br\/n\/uploads\/2021\/08\/0c8bb822-receita-federal-imposto-de-renda-scaled.jpg\" \/>\n\t<meta property=\"og:image:width\" content=\"2560\" \/>\n\t<meta property=\"og:image:height\" content=\"1707\" \/>\n\t<meta property=\"og:image:type\" content=\"image\/jpeg\" \/>\n<meta name=\"author\" content=\"Bruno Galv\u00e3o\" \/>\n<meta name=\"twitter:card\" content=\"summary_large_image\" \/>\n<meta name=\"twitter:creator\" content=\"@sunoresearch\" \/>\n<meta name=\"twitter:site\" content=\"@sunoresearch\" \/>\n<meta name=\"twitter:label1\" content=\"Escrito por\" \/>\n\t<meta name=\"twitter:data1\" content=\"Bruno Galv\u00e3o\" \/>\n\t<meta name=\"twitter:label2\" content=\"Est. tempo de leitura\" \/>\n\t<meta name=\"twitter:data2\" content=\"4 minutos\" \/>\n<script type=\"application\/ld+json\" class=\"yoast-schema-graph\">{\"@context\":\"https:\/\/schema.org\",\"@graph\":[{\"@type\":\"NewsArticle\",\"@id\":\"https:\/\/www.suno.com.br\/noticias\/impostos-arrecadacao-bate-recorde-agosto\/#article\",\"isPartOf\":{\"@id\":\"https:\/\/www.suno.com.br\/noticias\/impostos-arrecadacao-bate-recorde-agosto\/\"},\"author\":{\"name\":\"Bruno Galv\u00e3o\",\"@id\":\"https:\/\/www.suno.com.br\/noticias\/#\/schema\/person\/06f0d962a6b1c54852e4860f16935600\"},\"headline\":\"Arrecada\u00e7\u00e3o federal de impostos em agosto bate recorde hist\u00f3rico\",\"datePublished\":\"2021-09-24T00:59:27+00:00\",\"mainEntityOfPage\":{\"@id\":\"https:\/\/www.suno.com.br\/noticias\/impostos-arrecadacao-bate-recorde-agosto\/\"},\"wordCount\":814,\"publisher\":{\"@id\":\"https:\/\/www.suno.com.br\/noticias\/#organization\"},\"image\":{\"@id\":\"https:\/\/www.suno.com.br\/noticias\/impostos-arrecadacao-bate-recorde-agosto\/#primaryimage\"},\"thumbnailUrl\":\"https:\/\/files.sunoresearch.com.br\/n\/uploads\/2021\/08\/0c8bb822-receita-federal-imposto-de-renda-scaled.jpg\",\"keywords\":[\"Arrecada\u00e7\u00e3o federal\",\"impostos\",\"Receita Federal\"],\"articleSection\":[\"Economia\"],\"inLanguage\":\"pt-BR\"},{\"@type\":\"WebPage\",\"@id\":\"https:\/\/www.suno.com.br\/noticias\/impostos-arrecadacao-bate-recorde-agosto\/\",\"url\":\"https:\/\/www.suno.com.br\/noticias\/impostos-arrecadacao-bate-recorde-agosto\/\",\"name\":\"Arrecada\u00e7\u00e3o federal de impostos em agosto bate recorde hist\u00f3rico\",\"isPartOf\":{\"@id\":\"https:\/\/www.suno.com.br\/noticias\/#website\"},\"primaryImageOfPage\":{\"@id\":\"https:\/\/www.suno.com.br\/noticias\/impostos-arrecadacao-bate-recorde-agosto\/#primaryimage\"},\"image\":{\"@id\":\"https:\/\/www.suno.com.br\/noticias\/impostos-arrecadacao-bate-recorde-agosto\/#primaryimage\"},\"thumbnailUrl\":\"https:\/\/files.sunoresearch.com.br\/n\/uploads\/2021\/08\/0c8bb822-receita-federal-imposto-de-renda-scaled.jpg\",\"datePublished\":\"2021-09-24T00:59:27+00:00\",\"description\":\"Segundo os dados divulgados nesta quinta pela Receita Federal, a arrecada\u00e7\u00e3o de impostos foi de R$ 146,463 bilh\u00f5es no m\u00eas passado. Saiba mais\",\"breadcrumb\":{\"@id\":\"https:\/\/www.suno.com.br\/noticias\/impostos-arrecadacao-bate-recorde-agosto\/#breadcrumb\"},\"inLanguage\":\"pt-BR\",\"potentialAction\":[{\"@type\":\"ReadAction\",\"target\":[\"https:\/\/www.suno.com.br\/noticias\/impostos-arrecadacao-bate-recorde-agosto\/\"]}]},{\"@type\":\"ImageObject\",\"inLanguage\":\"pt-BR\",\"@id\":\"https:\/\/www.suno.com.br\/noticias\/impostos-arrecadacao-bate-recorde-agosto\/#primaryimage\",\"url\":\"https:\/\/files.sunoresearch.com.br\/n\/uploads\/2021\/08\/0c8bb822-receita-federal-imposto-de-renda-scaled.jpg\",\"contentUrl\":\"https:\/\/files.sunoresearch.com.br\/n\/uploads\/2021\/08\/0c8bb822-receita-federal-imposto-de-renda-scaled.jpg\",\"width\":2560,\"height\":1707,\"caption\":\"Receita Federal. Foto: Marcelo Camargo\/Ag\u00eancia Brasil\"},{\"@type\":\"BreadcrumbList\",\"@id\":\"https:\/\/www.suno.com.br\/noticias\/impostos-arrecadacao-bate-recorde-agosto\/#breadcrumb\",\"itemListElement\":[{\"@type\":\"ListItem\",\"position\":1,\"name\":\"Not\u00edcias\",\"item\":\"https:\/\/www.suno.com.br\/noticias\/\"},{\"@type\":\"ListItem\",\"position\":2,\"name\":\"Economia\",\"item\":\"https:\/\/www.suno.com.br\/noticias\/economia\/\"},{\"@type\":\"ListItem\",\"position\":3,\"name\":\"Arrecada\u00e7\u00e3o federal de impostos em agosto bate recorde hist\u00f3rico\"}]},{\"@type\":\"WebSite\",\"@id\":\"https:\/\/www.suno.com.br\/noticias\/#website\",\"url\":\"https:\/\/www.suno.com.br\/noticias\/\",\"name\":\"Suno Not\u00edcias\",\"description\":\"Seu portal de informa\u00e7\u00e3o sobre o mundo dos investimentos\",\"publisher\":{\"@id\":\"https:\/\/www.suno.com.br\/noticias\/#organization\"},\"potentialAction\":[{\"@type\":\"SearchAction\",\"target\":{\"@type\":\"EntryPoint\",\"urlTemplate\":\"https:\/\/www.suno.com.br\/noticias\/?s={search_term_string}\"},\"query-input\":{\"@type\":\"PropertyValueSpecification\",\"valueRequired\":true,\"valueName\":\"search_term_string\"}}],\"inLanguage\":\"pt-BR\"},{\"@type\":\"Organization\",\"@id\":\"https:\/\/www.suno.com.br\/noticias\/#organization\",\"name\":\"Suno Not\u00edcias\",\"url\":\"https:\/\/www.suno.com.br\/noticias\/\",\"logo\":{\"@type\":\"ImageObject\",\"inLanguage\":\"pt-BR\",\"@id\":\"https:\/\/www.suno.com.br\/noticias\/#\/schema\/logo\/image\/\",\"url\":\"https:\/\/files.sunoresearch.com.br\/n\/uploads\/2021\/09\/suno-logo.png\",\"contentUrl\":\"https:\/\/files.sunoresearch.com.br\/n\/uploads\/2021\/09\/suno-logo.png\",\"width\":180,\"height\":180,\"caption\":\"Suno Not\u00edcias\"},\"image\":{\"@id\":\"https:\/\/www.suno.com.br\/noticias\/#\/schema\/logo\/image\/\"},\"sameAs\":[\"https:\/\/facebook.com\/sunoresearch\",\"https:\/\/x.com\/sunoresearch\",\"https:\/\/www.instagram.com\/suno\",\"https:\/\/www.linkedin.com\/company\/suno-research\/\",\"https:\/\/www.youtube.com\/c\/sunoresearch\"]},{\"@type\":\"Person\",\"@id\":\"https:\/\/www.suno.com.br\/noticias\/#\/schema\/person\/06f0d962a6b1c54852e4860f16935600\",\"name\":\"Bruno Galv\u00e3o\",\"image\":{\"@type\":\"ImageObject\",\"inLanguage\":\"pt-BR\",\"@id\":\"https:\/\/www.suno.com.br\/noticias\/#\/schema\/person\/image\/\",\"url\":\"https:\/\/secure.gravatar.com\/avatar\/53598df0b41c00f12f287a912d0e918e?s=96&r=g\",\"contentUrl\":\"https:\/\/secure.gravatar.com\/avatar\/53598df0b41c00f12f287a912d0e918e?s=96&r=g\",\"caption\":\"Bruno Galv\u00e3o\"},\"description\":\"Escreve para o portal Suno Not\u00edcias. \u00c9 estudante de Jornalismo pela Faculdade C\u00e1sper L\u00edbero e Letras pela USP. Entusiasta de tecnologia e intelig\u00eancia artificial.\",\"url\":\"https:\/\/www.suno.com.br\/noticias\/author\/bruno-garcia\/\"}]}<\/script>\n<!-- \/ Yoast SEO plugin. -->","yoast_head_json":{"title":"Arrecada\u00e7\u00e3o federal de impostos em agosto bate recorde hist\u00f3rico","description":"Segundo os dados divulgados nesta quinta pela Receita Federal, a arrecada\u00e7\u00e3o de impostos foi de R$ 146,463 bilh\u00f5es no m\u00eas passado. Saiba mais","robots":{"index":"index","follow":"follow","max-snippet":"max-snippet:-1","max-image-preview":"max-image-preview:large","max-video-preview":"max-video-preview:-1"},"canonical":"https:\/\/www.suno.com.br\/noticias\/impostos-arrecadacao-bate-recorde-agosto\/","og_locale":"pt_BR","og_type":"article","og_title":"Arrecada\u00e7\u00e3o federal de impostos em agosto bate recorde hist\u00f3rico","og_description":"Segundo os dados divulgados nesta quinta pela Receita Federal, a arrecada\u00e7\u00e3o de impostos foi de R$ 146,463 bilh\u00f5es no m\u00eas passado. Saiba mais","og_url":"https:\/\/www.suno.com.br\/noticias\/impostos-arrecadacao-bate-recorde-agosto\/","og_site_name":"Suno Not\u00edcias","article_publisher":"https:\/\/facebook.com\/sunoresearch","og_image":[{"width":2560,"height":1707,"url":"https:\/\/files.sunoresearch.com.br\/n\/uploads\/2021\/08\/0c8bb822-receita-federal-imposto-de-renda-scaled.jpg","type":"image\/jpeg"}],"author":"Bruno Galv\u00e3o","twitter_card":"summary_large_image","twitter_creator":"@sunoresearch","twitter_site":"@sunoresearch","twitter_misc":{"Escrito por":"Bruno Galv\u00e3o","Est. tempo de leitura":"4 minutos"},"schema":{"@context":"https:\/\/schema.org","@graph":[{"@type":"NewsArticle","@id":"https:\/\/www.suno.com.br\/noticias\/impostos-arrecadacao-bate-recorde-agosto\/#article","isPartOf":{"@id":"https:\/\/www.suno.com.br\/noticias\/impostos-arrecadacao-bate-recorde-agosto\/"},"author":{"name":"Bruno Galv\u00e3o","@id":"https:\/\/www.suno.com.br\/noticias\/#\/schema\/person\/06f0d962a6b1c54852e4860f16935600"},"headline":"Arrecada\u00e7\u00e3o federal de impostos em agosto bate recorde hist\u00f3rico","datePublished":"2021-09-24T00:59:27+00:00","mainEntityOfPage":{"@id":"https:\/\/www.suno.com.br\/noticias\/impostos-arrecadacao-bate-recorde-agosto\/"},"wordCount":814,"publisher":{"@id":"https:\/\/www.suno.com.br\/noticias\/#organization"},"image":{"@id":"https:\/\/www.suno.com.br\/noticias\/impostos-arrecadacao-bate-recorde-agosto\/#primaryimage"},"thumbnailUrl":"https:\/\/files.sunoresearch.com.br\/n\/uploads\/2021\/08\/0c8bb822-receita-federal-imposto-de-renda-scaled.jpg","keywords":["Arrecada\u00e7\u00e3o federal","impostos","Receita Federal"],"articleSection":["Economia"],"inLanguage":"pt-BR"},{"@type":"WebPage","@id":"https:\/\/www.suno.com.br\/noticias\/impostos-arrecadacao-bate-recorde-agosto\/","url":"https:\/\/www.suno.com.br\/noticias\/impostos-arrecadacao-bate-recorde-agosto\/","name":"Arrecada\u00e7\u00e3o federal de impostos em agosto bate recorde hist\u00f3rico","isPartOf":{"@id":"https:\/\/www.suno.com.br\/noticias\/#website"},"primaryImageOfPage":{"@id":"https:\/\/www.suno.com.br\/noticias\/impostos-arrecadacao-bate-recorde-agosto\/#primaryimage"},"image":{"@id":"https:\/\/www.suno.com.br\/noticias\/impostos-arrecadacao-bate-recorde-agosto\/#primaryimage"},"thumbnailUrl":"https:\/\/files.sunoresearch.com.br\/n\/uploads\/2021\/08\/0c8bb822-receita-federal-imposto-de-renda-scaled.jpg","datePublished":"2021-09-24T00:59:27+00:00","description":"Segundo os dados divulgados nesta quinta pela Receita Federal, a arrecada\u00e7\u00e3o de impostos foi de R$ 146,463 bilh\u00f5es no m\u00eas passado. Saiba mais","breadcrumb":{"@id":"https:\/\/www.suno.com.br\/noticias\/impostos-arrecadacao-bate-recorde-agosto\/#breadcrumb"},"inLanguage":"pt-BR","potentialAction":[{"@type":"ReadAction","target":["https:\/\/www.suno.com.br\/noticias\/impostos-arrecadacao-bate-recorde-agosto\/"]}]},{"@type":"ImageObject","inLanguage":"pt-BR","@id":"https:\/\/www.suno.com.br\/noticias\/impostos-arrecadacao-bate-recorde-agosto\/#primaryimage","url":"https:\/\/files.sunoresearch.com.br\/n\/uploads\/2021\/08\/0c8bb822-receita-federal-imposto-de-renda-scaled.jpg","contentUrl":"https:\/\/files.sunoresearch.com.br\/n\/uploads\/2021\/08\/0c8bb822-receita-federal-imposto-de-renda-scaled.jpg","width":2560,"height":1707,"caption":"Receita Federal. Foto: Marcelo Camargo\/Ag\u00eancia Brasil"},{"@type":"BreadcrumbList","@id":"https:\/\/www.suno.com.br\/noticias\/impostos-arrecadacao-bate-recorde-agosto\/#breadcrumb","itemListElement":[{"@type":"ListItem","position":1,"name":"Not\u00edcias","item":"https:\/\/www.suno.com.br\/noticias\/"},{"@type":"ListItem","position":2,"name":"Economia","item":"https:\/\/www.suno.com.br\/noticias\/economia\/"},{"@type":"ListItem","position":3,"name":"Arrecada\u00e7\u00e3o federal de impostos em agosto bate recorde hist\u00f3rico"}]},{"@type":"WebSite","@id":"https:\/\/www.suno.com.br\/noticias\/#website","url":"https:\/\/www.suno.com.br\/noticias\/","name":"Suno Not\u00edcias","description":"Seu portal de informa\u00e7\u00e3o sobre o mundo dos investimentos","publisher":{"@id":"https:\/\/www.suno.com.br\/noticias\/#organization"},"potentialAction":[{"@type":"SearchAction","target":{"@type":"EntryPoint","urlTemplate":"https:\/\/www.suno.com.br\/noticias\/?s={search_term_string}"},"query-input":{"@type":"PropertyValueSpecification","valueRequired":true,"valueName":"search_term_string"}}],"inLanguage":"pt-BR"},{"@type":"Organization","@id":"https:\/\/www.suno.com.br\/noticias\/#organization","name":"Suno Not\u00edcias","url":"https:\/\/www.suno.com.br\/noticias\/","logo":{"@type":"ImageObject","inLanguage":"pt-BR","@id":"https:\/\/www.suno.com.br\/noticias\/#\/schema\/logo\/image\/","url":"https:\/\/files.sunoresearch.com.br\/n\/uploads\/2021\/09\/suno-logo.png","contentUrl":"https:\/\/files.sunoresearch.com.br\/n\/uploads\/2021\/09\/suno-logo.png","width":180,"height":180,"caption":"Suno Not\u00edcias"},"image":{"@id":"https:\/\/www.suno.com.br\/noticias\/#\/schema\/logo\/image\/"},"sameAs":["https:\/\/facebook.com\/sunoresearch","https:\/\/x.com\/sunoresearch","https:\/\/www.instagram.com\/suno","https:\/\/www.linkedin.com\/company\/suno-research\/","https:\/\/www.youtube.com\/c\/sunoresearch"]},{"@type":"Person","@id":"https:\/\/www.suno.com.br\/noticias\/#\/schema\/person\/06f0d962a6b1c54852e4860f16935600","name":"Bruno Galv\u00e3o","image":{"@type":"ImageObject","inLanguage":"pt-BR","@id":"https:\/\/www.suno.com.br\/noticias\/#\/schema\/person\/image\/","url":"https:\/\/secure.gravatar.com\/avatar\/53598df0b41c00f12f287a912d0e918e?s=96&r=g","contentUrl":"https:\/\/secure.gravatar.com\/avatar\/53598df0b41c00f12f287a912d0e918e?s=96&r=g","caption":"Bruno Galv\u00e3o"},"description":"Escreve para o portal Suno Not\u00edcias. \u00c9 estudante de Jornalismo pela Faculdade C\u00e1sper L\u00edbero e Letras pela USP. Entusiasta de tecnologia e intelig\u00eancia artificial.","url":"https:\/\/www.suno.com.br\/noticias\/author\/bruno-garcia\/"}]}},"default_loop_html":"<div class=\"cardsPage__listCard__boxs\"><div class=\"cardsPage__listCard__boxs__img\"><a href=\"https:\/\/www.suno.com.br\/noticias\/impostos-arrecadacao-bate-recorde-agosto\/\"><img class=\"mask\" src=\"https:\/\/www.suno.com.br\/noticias\/wp-content\/themes\/suno\/resources\/images\/spotlight\/spotlight1img\/bg-mask.png\" alt=\"Image Mask\"\/><img src=\"https:\/\/files.sunoresearch.com.br\/n\/uploads\/2021\/08\/0c8bb822-receita-federal-imposto-de-renda-400x200.jpg\" alt=\"Arrecada\u00e7\u00e3o federal de impostos em agosto bate recorde hist\u00f3rico\"\/><\/a><span class=\"spotlightCategory\"><a href=\"https:\/\/www.suno.com.br\/noticias\/economia\/\">Economia<\/a><\/span><\/div><div class=\"cardsPage__listCard__boxs__content\"><a href=\"https:\/\/www.suno.com.br\/noticias\/impostos-arrecadacao-bate-recorde-agosto\/\"><h2 class=\"content__title\">Arrecada\u00e7\u00e3o federal de impostos em agosto bate recorde hist\u00f3rico<\/h2><\/a><div class=\"newsContent__article__meta\"><div class=\"newsContent__article__meta__authorBox\"><a href=\"https:\/\/www.suno.com.br\/noticias\/author\/bruno-garcia\/\" class=\"authorBox__avatar noMobi\"><img src=\"https:\/\/secure.gravatar.com\/avatar\/53598df0b41c00f12f287a912d0e918e?s=96&#038;r=g\" alt=\"Bruno Galv\u00e3o\"><\/a><div class=\"authorBox__name\"><span>por\n\t\t\t<a href=\"https:\/\/www.suno.com.br\/noticias\/author\/bruno-garcia\/\"><span itemprop=\"author\">Bruno Galv\u00e3o<\/span><\/a><\/span><time datetime=\"2021-09-23T21:59:27-03:00\" itemprop=\"datePublished\">23\/09\/2021 21:59<\/time><\/div><\/div><\/div><\/div><\/div>","single_layout":"posts","amp_enabled":true,"_links":{"self":[{"href":"https:\/\/www.suno.com.br\/noticias\/wp-json\/wp\/v2\/posts\/187078"}],"collection":[{"href":"https:\/\/www.suno.com.br\/noticias\/wp-json\/wp\/v2\/posts"}],"about":[{"href":"https:\/\/www.suno.com.br\/noticias\/wp-json\/wp\/v2\/types\/post"}],"author":[{"embeddable":true,"href":"https:\/\/www.suno.com.br\/noticias\/wp-json\/wp\/v2\/users\/118"}],"replies":[{"embeddable":true,"href":"https:\/\/www.suno.com.br\/noticias\/wp-json\/wp\/v2\/comments?post=187078"}],"version-history":[{"count":4,"href":"https:\/\/www.suno.com.br\/noticias\/wp-json\/wp\/v2\/posts\/187078\/revisions"}],"predecessor-version":[{"id":187268,"href":"https:\/\/www.suno.com.br\/noticias\/wp-json\/wp\/v2\/posts\/187078\/revisions\/187268"}],"wp:featuredmedia":[{"embeddable":true,"href":"https:\/\/www.suno.com.br\/noticias\/wp-json\/wp\/v2\/media\/177629"}],"wp:attachment":[{"href":"https:\/\/www.suno.com.br\/noticias\/wp-json\/wp\/v2\/media?parent=187078"}],"wp:term":[{"taxonomy":"category","embeddable":true,"href":"https:\/\/www.suno.com.br\/noticias\/wp-json\/wp\/v2\/categories?post=187078"},{"taxonomy":"post_tag","embeddable":true,"href":"https:\/\/www.suno.com.br\/noticias\/wp-json\/wp\/v2\/tags?post=187078"},{"taxonomy":"suno_strategy","embeddable":true,"href":"https:\/\/www.suno.com.br\/noticias\/wp-json\/wp\/v2\/suno_strategy?post=187078"}],"curies":[{"name":"wp","href":"https:\/\/api.w.org\/{rel}","templated":true}]}}