{"id":186961,"date":"2021-09-23T12:19:46","date_gmt":"2021-09-23T15:19:46","guid":{"rendered":"https:\/\/www.suno.com.br\/noticias\/?p=186961"},"modified":"2021-09-23T12:19:46","modified_gmt":"2021-09-23T15:19:46","slug":"marfrig-mrfg3-define-valor-de-dividendos-a-r-140-por-acao","status":"publish","type":"post","link":"https:\/\/www.suno.com.br\/noticias\/marfrig-mrfg3-define-valor-de-dividendos-a-r-140-por-acao\/","title":{"rendered":"Marfrig (MRFG3) define valor de dividendos a R$ 1,40 por a\u00e7\u00e3o"},"content":{"rendered":"<p>A <a class=\"suno-keyword\" href=\"https:\/\/www.suno.com.br\/acoes\/MRFG3\/\" target=\"_blank\" rel=\"noopener\" data-force=\"yes\" data-priority=\"2\"><strong>Marfrig<\/strong> (MRFG3)<\/a> definiu o valor de dividendos que ser\u00e1 de R$ 1,40 por a\u00e7\u00e3o pagos em 28 de setembro deste ano. Esse valor corresponde ao montante total de R$ 958,3 milh\u00f5es com base nos lucros apurados no segundo trimestre.<\/p>\t<div class=\"wrapper-featured-image\">\n\t\t<figure class=\"spotlightImg\">\n\n\t\t\t<picture>\n\t\t\t\t<source media=\"(max-width: 768px)\" srcset=\"https:\/\/files.sunoresearch.com.br\/n\/uploads\/2021\/03\/da639ab2-marfrig-400x200.webp\">\n\t\t\t\t<img loading=\"lazy\" decoding=\"async\" class=\"newsContent__article__imgCapa lazyloadDisabled \" src=\"https:\/\/files.sunoresearch.com.br\/n\/uploads\/2021\/03\/da639ab2-marfrig-800x450.webp\" width=\"800\" height=\"450\" alt=\"Marfrig (MRFG3) define valor de dividendos a R$ 1,40 por a\u00e7\u00e3o\" fetchpriority=high \/>\n\t\t\t<\/picture>\n\n\t\t\t<figcaption class=\"wp-caption-text wp-caption-text--show\">Marfrig. Foto: Divulga\u00e7\u00e3o\/Marfrig<\/figcaption>\n\t\t<\/figure>\n\t<\/div>\n\n\n\t<p>\n\t\t<a href=\"https:\/\/lp.suno.com.br\/planilha-controle-gastos\/\" target=\"_blank\" data-element=\"shortcode-suno-banner\" title=\"Banner SUNO, clique e saiba mais\">\n\t\t\t<picture>\n\t\t\t\t<source media=\"(max-width: 500px)\" srcset=\"https:\/\/files.sunoresearch.com.br\/n\/uploads\/2023\/03\/400x300-Planilha-controle-de-gastos.png\">\n\t\t\t\t<img class=\"newsContent__article__imgCapa newsContent__article__imgCapa--banner\"\n\t\t\t\t\tsrc=\"https:\/\/files.sunoresearch.com.br\/n\/uploads\/2023\/03\/1420x240-Planilha-controle-de-gastos.png\"\n\t\t\t\t\tdata-promo-id=\"101751\"\t\t\t\t\t\t\t\t\t\twidth='1420' height='240'\t\t\t\t\talt=\"https:\/\/files.sunoresearch.com.br\/n\/uploads\/2023\/03\/1420x240-Planilha-controle-de-gastos.png\"\n\t\t\t\t>\n\t\t\t<\/picture>\n\t\t<\/a>\n\t<\/p>\n\n\n<p>Segundo o <a class=\"suno-keyword\" href=\"https:\/\/www.suno.com.br\/artigos\/fato-relevante\/\" target=\"_blank\" rel=\"noopener\" data-force=\"no\" data-priority=\"1\">fato relevante<\/a>, ter\u00e3o direito aos<strong> dividendo<\/strong>s os acionistas que detinham as <strong>a\u00e7\u00f5es da Marfrig<\/strong> no dia 10 de setembro. O pagamento ser\u00e1 realizado pelo <a href=\"https:\/\/www.suno.com.br\/acoes\/BBDC4\/\">Banco B<\/a><a class=\"suno-keyword\" href=\"https:\/\/www.suno.com.br\/acoes\/BBDC4\/\" target=\"_blank\" rel=\"noopener\" data-force=\"yes\" data-priority=\"2\">radesco (BBDC4)<\/a>, sem a reten\u00e7\u00e3o do Imposto de Renda na fonte.<\/p>\n<p>J\u00e1 para os titulares de American Depositary Receipts (ADRs), o pagamento ser\u00e1 realizado pelo Deutsche Bank, institui\u00e7\u00e3o deposit\u00e1ria dos ADRs da companhia.<\/p>\n<h2>Lucro da Marfrig sobe 9% no 2T21 e atinge R$ 1,7 bilh\u00e3o<\/h2>\n<p>No m\u00eas passado, a Marfrig informou ao mercado que obteve <a class=\"suno-keyword\" href=\"https:\/\/www.suno.com.br\/artigos\/lucro-liquido\/\" target=\"_blank\" rel=\"noopener\" data-force=\"no\" data-priority=\"1\">lucro l\u00edquido<\/a> de R$ 1,7 bilh\u00e3o, valor 9% maior em compara\u00e7\u00e3o ao ganho anotado no mesmo per\u00edodo em 2020. No primeiro trimestre, a empresa lucrou R$ 279 milh\u00f5es, revertendo o preju\u00edzo de R$ 137 milh\u00f5es apurado nos tr\u00eas primeiros meses de 2020.<\/p>\n\t<p>\n\t\t<a href=\"https:\/\/lp.suno.com.br\/planilha-da-vida-financeira\/\" target=\"_blank\" data-element=\"shortcode-suno-banner\" title=\"Banner SUNO, clique e saiba mais\">\n\t\t\t<picture>\n\t\t\t\t<source media=\"(max-width: 500px)\" srcset=\"https:\/\/files.sunoresearch.com.br\/n\/uploads\/2023\/04\/400x300-Planilha-vida-financeira-true.png\">\n\t\t\t\t<img class=\"newsContent__article__imgCapa newsContent__article__imgCapa--banner\"\n\t\t\t\t\tsrc=\"https:\/\/files.sunoresearch.com.br\/n\/uploads\/2023\/04\/1420x240-Planilha-vida-financeira-true.png\"\n\t\t\t\t\tdata-promo-id=\"106682\"\t\t\t\t\t\t\t\t\t\twidth='1420' height='240'\t\t\t\t\talt=\"https:\/\/files.sunoresearch.com.br\/n\/uploads\/2023\/04\/1420x240-Planilha-vida-financeira-true.png\"\n\t\t\t\t>\n\t\t\t<\/picture>\n\t\t<\/a>\n\t<\/p>\n\n\n<p>De acordo com o balan\u00e7o, a diversifica\u00e7\u00e3o da companhia, com forte presen\u00e7a na Am\u00e9rica do Norte, onde obteve maior volume de vendas, e uma opera\u00e7\u00e3o enxuta na Am\u00e9rica do Sul fizeram com que a receita fosse a maior da hist\u00f3ria em base trimestral. Pelo mesmo motivo, o <a class=\"suno-keyword\" href=\"https:\/\/www.suno.com.br\/artigos\/ebitda-ajustado\/\" target=\"_blank\" rel=\"noopener\" data-force=\"no\" data-priority=\"1\">Ebitda ajustado<\/a> foi o segundo maior da hist\u00f3ria.<\/p>\n<p>A opera\u00e7\u00e3o Am\u00e9rica do Norte, capitaneada pela National Beef, nos EUA, foi, novamente, protagonista dos resultados da empresa. O segmento foi beneficiado pela oferta abundante de gado e forte demanda por carne bovina, em meio \u00e0 recupera\u00e7\u00e3o do food service e do varejo p\u00f3s-pandemia da covid-19.<\/p>\n\t<p>\n\t\t<a href=\"https:\/\/lp.suno.com.br\/ebook-como-analisar-uma-acao\/\" target=\"_blank\" data-element=\"shortcode-suno-banner\" title=\"Banner SUNO, clique e saiba mais\">\n\t\t\t<picture>\n\t\t\t\t<source media=\"(max-width: 500px)\" srcset=\"https:\/\/files.sunoresearch.com.br\/n\/uploads\/2023\/03\/Ebook-Acoes-Mobile-1.jpg\">\n\t\t\t\t<img class=\"newsContent__article__imgCapa newsContent__article__imgCapa--banner\"\n\t\t\t\t\tsrc=\"https:\/\/files.sunoresearch.com.br\/n\/uploads\/2023\/03\/Ebook-Acoes-Desktop-1.jpg\"\n\t\t\t\t\tdata-promo-id=\"171998\"\t\t\t\t\t\t\t\t\t\twidth='1420' height='286'\t\t\t\t\talt=\"https:\/\/files.sunoresearch.com.br\/n\/uploads\/2023\/03\/Ebook-Acoes-Desktop-1.jpg\"\n\t\t\t\t>\n\t\t\t<\/picture>\n\t\t<\/a>\n\t<\/p>\n\n\n<p>A unidade registrou <a class=\"suno-keyword\" href=\"https:\/\/www.suno.com.br\/artigos\/o-que-receita-liquida\/\" target=\"_blank\" rel=\"noopener\" data-force=\"no\" data-priority=\"1\">receita l\u00edquida<\/a> de R$ 15,550 bilh\u00f5es (US$ 2,9 bilh\u00f5es) no segundo trimestre, avan\u00e7o de 7,4% em rela\u00e7\u00e3o a igual per\u00edodo do ano passado, quando a receita foi de R$ 14,479 bilh\u00f5es. O Ebitda ajustado ficou em RS 3,782 bilh\u00f5es, alta de 8,7%. Al\u00e9m disso, o <a class=\"suno-keyword\" href=\"https:\/\/www.suno.com.br\/artigos\/lucro-bruto\/\" target=\"_blank\" rel=\"noopener\" data-force=\"no\" data-priority=\"1\">lucro bruto<\/a> avan\u00e7ou 9,6% ante o ano anterior, para R$ 4,1 bilh\u00f5es.<\/p>\n<h2>Cota\u00e7\u00e3o da MRFG3<\/h2>\n<p>Ap\u00f3s a not\u00edcia, por volta das 12h15, as a\u00e7\u00f5es da <strong>Marfrig<\/strong> subiam 1,21%, negociadas a R$ 21,87.<\/p>\n\t<p>\n\t\t<a href=\"https:\/\/lp.suno.com.br\/planilha-de-controle-de-investimentos\/\" target=\"_blank\" data-element=\"shortcode-suno-banner\" title=\"Banner SUNO, clique e saiba mais\">\n\t\t\t<picture>\n\t\t\t\t<source media=\"(max-width: 500px)\" srcset=\"https:\/\/files.sunoresearch.com.br\/n\/uploads\/2023\/03\/400x300-Controle-de-Investimentos.png\">\n\t\t\t\t<img class=\"newsContent__article__imgCapa newsContent__article__imgCapa--banner\"\n\t\t\t\t\tsrc=\"https:\/\/files.sunoresearch.com.br\/n\/uploads\/2023\/03\/1420x240-Controle-de-Investimentos.png\"\n\t\t\t\t\tdata-promo-id=\"75934\"\t\t\t\t\t\t\t\t\t\twidth='1420' height='240'\t\t\t\t\talt=\"https:\/\/files.sunoresearch.com.br\/n\/uploads\/2023\/03\/1420x240-Controle-de-Investimentos.png\"\n\t\t\t\t>\n\t\t\t<\/picture>\n\t\t<\/a>\n\t<\/p>\n\n\n","protected":false},"excerpt":{"rendered":"<p>A Marfrig (MRFG3) definiu o valor de dividendos que ser\u00e1 de R$ 1,40 por a\u00e7\u00e3o pagos em 28 de setembro deste ano. Esse valor corresponde ao montante total de R$ 958,3 milh\u00f5es com base nos lucros apurados no segundo trimestre. Marfrig. Foto: Divulga\u00e7\u00e3o\/Marfrig Segundo o fato relevante, ter\u00e3o direito aos dividendos os acionistas que detinham [&hellip;]<\/p>\n","protected":false},"author":15,"featured_media":130398,"comment_status":"closed","ping_status":"closed","sticky":false,"template":"","format":"standard","meta":[],"categories":[64],"tags":[295,552],"suno_strategy":[],"class_list":["post-186961","post","type-post","status-publish","format-standard","has-post-thumbnail","hentry","category-negocios","tag-dividendos","tag-marfrig-mrfg3"],"yoast_head":"<!-- This site is optimized with the Yoast SEO plugin v24.4 - https:\/\/yoast.com\/wordpress\/plugins\/seo\/ -->\n<title>Marfrig (MRFG3) define valor de dividendos a R$ 1,40 por a\u00e7\u00e3o<\/title>\n<meta name=\"description\" content=\"Esse valor corresponde ao montante total de R$ 958,3 milh\u00f5es com base nos lucros da Marfrig (MRFG3) no segundo trimestre. Clique aqui\" \/>\n<meta name=\"robots\" content=\"index, follow, max-snippet:-1, max-image-preview:large, max-video-preview:-1\" \/>\n<link rel=\"canonical\" href=\"https:\/\/www.suno.com.br\/noticias\/marfrig-mrfg3-define-valor-de-dividendos-a-r-140-por-acao\/\" \/>\n<meta property=\"og:locale\" content=\"pt_BR\" \/>\n<meta property=\"og:type\" content=\"article\" \/>\n<meta property=\"og:title\" content=\"Marfrig (MRFG3) define valor de dividendos a R$ 1,40 por a\u00e7\u00e3o\" \/>\n<meta property=\"og:description\" content=\"Esse valor corresponde ao montante total de R$ 958,3 milh\u00f5es com base nos lucros da Marfrig (MRFG3) no segundo trimestre. Clique aqui\" \/>\n<meta property=\"og:url\" content=\"https:\/\/www.suno.com.br\/noticias\/marfrig-mrfg3-define-valor-de-dividendos-a-r-140-por-acao\/\" \/>\n<meta property=\"og:site_name\" content=\"Suno Not\u00edcias\" \/>\n<meta property=\"article:publisher\" content=\"https:\/\/facebook.com\/sunoresearch\" \/>\n<meta property=\"og:image\" content=\"https:\/\/files.sunoresearch.com.br\/n\/uploads\/2021\/03\/da639ab2-marfrig.jpg\" \/>\n\t<meta property=\"og:image:width\" content=\"1200\" \/>\n\t<meta property=\"og:image:height\" content=\"800\" \/>\n\t<meta property=\"og:image:type\" content=\"image\/jpeg\" \/>\n<meta name=\"author\" content=\"Poliana Santos\" \/>\n<meta name=\"twitter:card\" content=\"summary_large_image\" \/>\n<meta name=\"twitter:creator\" content=\"@sunoresearch\" \/>\n<meta name=\"twitter:site\" content=\"@sunoresearch\" \/>\n<meta name=\"twitter:label1\" content=\"Escrito por\" \/>\n\t<meta name=\"twitter:data1\" content=\"Poliana Santos\" \/>\n\t<meta name=\"twitter:label2\" content=\"Est. tempo de leitura\" \/>\n\t<meta name=\"twitter:data2\" content=\"2 minutos\" \/>\n<script type=\"application\/ld+json\" class=\"yoast-schema-graph\">{\"@context\":\"https:\/\/schema.org\",\"@graph\":[{\"@type\":\"NewsArticle\",\"@id\":\"https:\/\/www.suno.com.br\/noticias\/marfrig-mrfg3-define-valor-de-dividendos-a-r-140-por-acao\/#article\",\"isPartOf\":{\"@id\":\"https:\/\/www.suno.com.br\/noticias\/marfrig-mrfg3-define-valor-de-dividendos-a-r-140-por-acao\/\"},\"author\":{\"name\":\"Poliana Santos\",\"@id\":\"https:\/\/www.suno.com.br\/noticias\/#\/schema\/person\/02ec1f752758247878a2bf4abee1aeda\"},\"headline\":\"Marfrig (MRFG3) define valor de dividendos a R$ 1,40 por a\u00e7\u00e3o\",\"datePublished\":\"2021-09-23T15:19:46+00:00\",\"mainEntityOfPage\":{\"@id\":\"https:\/\/www.suno.com.br\/noticias\/marfrig-mrfg3-define-valor-de-dividendos-a-r-140-por-acao\/\"},\"wordCount\":390,\"publisher\":{\"@id\":\"https:\/\/www.suno.com.br\/noticias\/#organization\"},\"image\":{\"@id\":\"https:\/\/www.suno.com.br\/noticias\/marfrig-mrfg3-define-valor-de-dividendos-a-r-140-por-acao\/#primaryimage\"},\"thumbnailUrl\":\"https:\/\/files.sunoresearch.com.br\/n\/uploads\/2021\/03\/da639ab2-marfrig-jpg.webp\",\"keywords\":[\"dividendos\",\"Marfrig (MRFG3)\"],\"articleSection\":[\"Neg\u00f3cios\"],\"inLanguage\":\"pt-BR\"},{\"@type\":\"WebPage\",\"@id\":\"https:\/\/www.suno.com.br\/noticias\/marfrig-mrfg3-define-valor-de-dividendos-a-r-140-por-acao\/\",\"url\":\"https:\/\/www.suno.com.br\/noticias\/marfrig-mrfg3-define-valor-de-dividendos-a-r-140-por-acao\/\",\"name\":\"Marfrig (MRFG3) define valor de dividendos a R$ 1,40 por a\u00e7\u00e3o\",\"isPartOf\":{\"@id\":\"https:\/\/www.suno.com.br\/noticias\/#website\"},\"primaryImageOfPage\":{\"@id\":\"https:\/\/www.suno.com.br\/noticias\/marfrig-mrfg3-define-valor-de-dividendos-a-r-140-por-acao\/#primaryimage\"},\"image\":{\"@id\":\"https:\/\/www.suno.com.br\/noticias\/marfrig-mrfg3-define-valor-de-dividendos-a-r-140-por-acao\/#primaryimage\"},\"thumbnailUrl\":\"https:\/\/files.sunoresearch.com.br\/n\/uploads\/2021\/03\/da639ab2-marfrig-jpg.webp\",\"datePublished\":\"2021-09-23T15:19:46+00:00\",\"description\":\"Esse valor corresponde ao montante total de R$ 958,3 milh\u00f5es com base nos lucros da Marfrig (MRFG3) no segundo trimestre. Clique aqui\",\"breadcrumb\":{\"@id\":\"https:\/\/www.suno.com.br\/noticias\/marfrig-mrfg3-define-valor-de-dividendos-a-r-140-por-acao\/#breadcrumb\"},\"inLanguage\":\"pt-BR\",\"potentialAction\":[{\"@type\":\"ReadAction\",\"target\":[\"https:\/\/www.suno.com.br\/noticias\/marfrig-mrfg3-define-valor-de-dividendos-a-r-140-por-acao\/\"]}]},{\"@type\":\"ImageObject\",\"inLanguage\":\"pt-BR\",\"@id\":\"https:\/\/www.suno.com.br\/noticias\/marfrig-mrfg3-define-valor-de-dividendos-a-r-140-por-acao\/#primaryimage\",\"url\":\"https:\/\/files.sunoresearch.com.br\/n\/uploads\/2021\/03\/da639ab2-marfrig-jpg.webp\",\"contentUrl\":\"https:\/\/files.sunoresearch.com.br\/n\/uploads\/2021\/03\/da639ab2-marfrig-jpg.webp\",\"width\":1200,\"height\":800,\"caption\":\"Marfrig. Foto: Divulga\u00e7\u00e3o\/Marfrig\"},{\"@type\":\"BreadcrumbList\",\"@id\":\"https:\/\/www.suno.com.br\/noticias\/marfrig-mrfg3-define-valor-de-dividendos-a-r-140-por-acao\/#breadcrumb\",\"itemListElement\":[{\"@type\":\"ListItem\",\"position\":1,\"name\":\"Not\u00edcias\",\"item\":\"https:\/\/www.suno.com.br\/noticias\/\"},{\"@type\":\"ListItem\",\"position\":2,\"name\":\"Neg\u00f3cios\",\"item\":\"https:\/\/www.suno.com.br\/noticias\/negocios\/\"},{\"@type\":\"ListItem\",\"position\":3,\"name\":\"Marfrig (MRFG3) define valor de dividendos a R$ 1,40 por a\u00e7\u00e3o\"}]},{\"@type\":\"WebSite\",\"@id\":\"https:\/\/www.suno.com.br\/noticias\/#website\",\"url\":\"https:\/\/www.suno.com.br\/noticias\/\",\"name\":\"Suno Not\u00edcias\",\"description\":\"Seu portal de informa\u00e7\u00e3o sobre o mundo dos investimentos\",\"publisher\":{\"@id\":\"https:\/\/www.suno.com.br\/noticias\/#organization\"},\"potentialAction\":[{\"@type\":\"SearchAction\",\"target\":{\"@type\":\"EntryPoint\",\"urlTemplate\":\"https:\/\/www.suno.com.br\/noticias\/?s={search_term_string}\"},\"query-input\":{\"@type\":\"PropertyValueSpecification\",\"valueRequired\":true,\"valueName\":\"search_term_string\"}}],\"inLanguage\":\"pt-BR\"},{\"@type\":\"Organization\",\"@id\":\"https:\/\/www.suno.com.br\/noticias\/#organization\",\"name\":\"Suno Not\u00edcias\",\"url\":\"https:\/\/www.suno.com.br\/noticias\/\",\"logo\":{\"@type\":\"ImageObject\",\"inLanguage\":\"pt-BR\",\"@id\":\"https:\/\/www.suno.com.br\/noticias\/#\/schema\/logo\/image\/\",\"url\":\"https:\/\/files.sunoresearch.com.br\/n\/uploads\/2021\/09\/suno-logo.png\",\"contentUrl\":\"https:\/\/files.sunoresearch.com.br\/n\/uploads\/2021\/09\/suno-logo.png\",\"width\":180,\"height\":180,\"caption\":\"Suno Not\u00edcias\"},\"image\":{\"@id\":\"https:\/\/www.suno.com.br\/noticias\/#\/schema\/logo\/image\/\"},\"sameAs\":[\"https:\/\/facebook.com\/sunoresearch\",\"https:\/\/x.com\/sunoresearch\",\"https:\/\/www.instagram.com\/suno\",\"https:\/\/www.linkedin.com\/company\/suno-research\/\",\"https:\/\/www.youtube.com\/c\/sunoresearch\"]},{\"@type\":\"Person\",\"@id\":\"https:\/\/www.suno.com.br\/noticias\/#\/schema\/person\/02ec1f752758247878a2bf4abee1aeda\",\"name\":\"Poliana Santos\",\"image\":{\"@type\":\"ImageObject\",\"inLanguage\":\"pt-BR\",\"@id\":\"https:\/\/www.suno.com.br\/noticias\/#\/schema\/person\/image\/\",\"url\":\"https:\/\/secure.gravatar.com\/avatar\/0645bd32f23d87b2130f2b2dff1d3f8d?s=96&r=g\",\"contentUrl\":\"https:\/\/secure.gravatar.com\/avatar\/0645bd32f23d87b2130f2b2dff1d3f8d?s=96&r=g\",\"caption\":\"Poliana Santos\"},\"description\":\"Rep\u00f3rter no Suno Not\u00edcias, com cobertura em mercado financeiro, economia, finan\u00e7as pessoais, renda fixa e varejo. Jornalista formada pela Faculdade C\u00e1sper L\u00edbero e possui passagem na R\u00e1dio Gazeta AM com a produ\u00e7\u00e3o de conte\u00fado sobre economia, pol\u00edtica, sa\u00fade, moda e m\u00fasica. Possui certificado de conclus\u00e3o do curso de An\u00e1lise de Balan\u00e7os pela Funda\u00e7\u00e3o Bradesco, Agenda Brasil pela FAAP, Educa\u00e7\u00e3o Pol\u00edtica por Alexandre Garcia e do Tesouro Direto e Mercado de A\u00e7\u00f5es pela B3.\",\"url\":\"https:\/\/www.suno.com.br\/noticias\/author\/poliana-santos\/\"}]}<\/script>\n<!-- \/ Yoast SEO plugin. -->","yoast_head_json":{"title":"Marfrig (MRFG3) define valor de dividendos a R$ 1,40 por a\u00e7\u00e3o","description":"Esse valor corresponde ao montante total de R$ 958,3 milh\u00f5es com base nos lucros da Marfrig (MRFG3) no segundo trimestre. Clique aqui","robots":{"index":"index","follow":"follow","max-snippet":"max-snippet:-1","max-image-preview":"max-image-preview:large","max-video-preview":"max-video-preview:-1"},"canonical":"https:\/\/www.suno.com.br\/noticias\/marfrig-mrfg3-define-valor-de-dividendos-a-r-140-por-acao\/","og_locale":"pt_BR","og_type":"article","og_title":"Marfrig (MRFG3) define valor de dividendos a R$ 1,40 por a\u00e7\u00e3o","og_description":"Esse valor corresponde ao montante total de R$ 958,3 milh\u00f5es com base nos lucros da Marfrig (MRFG3) no segundo trimestre. Clique aqui","og_url":"https:\/\/www.suno.com.br\/noticias\/marfrig-mrfg3-define-valor-de-dividendos-a-r-140-por-acao\/","og_site_name":"Suno Not\u00edcias","article_publisher":"https:\/\/facebook.com\/sunoresearch","og_image":[{"width":1200,"height":800,"url":"https:\/\/files.sunoresearch.com.br\/n\/uploads\/2021\/03\/da639ab2-marfrig.jpg","type":"image\/jpeg"}],"author":"Poliana Santos","twitter_card":"summary_large_image","twitter_creator":"@sunoresearch","twitter_site":"@sunoresearch","twitter_misc":{"Escrito por":"Poliana Santos","Est. tempo de leitura":"2 minutos"},"schema":{"@context":"https:\/\/schema.org","@graph":[{"@type":"NewsArticle","@id":"https:\/\/www.suno.com.br\/noticias\/marfrig-mrfg3-define-valor-de-dividendos-a-r-140-por-acao\/#article","isPartOf":{"@id":"https:\/\/www.suno.com.br\/noticias\/marfrig-mrfg3-define-valor-de-dividendos-a-r-140-por-acao\/"},"author":{"name":"Poliana Santos","@id":"https:\/\/www.suno.com.br\/noticias\/#\/schema\/person\/02ec1f752758247878a2bf4abee1aeda"},"headline":"Marfrig (MRFG3) define valor de dividendos a R$ 1,40 por a\u00e7\u00e3o","datePublished":"2021-09-23T15:19:46+00:00","mainEntityOfPage":{"@id":"https:\/\/www.suno.com.br\/noticias\/marfrig-mrfg3-define-valor-de-dividendos-a-r-140-por-acao\/"},"wordCount":390,"publisher":{"@id":"https:\/\/www.suno.com.br\/noticias\/#organization"},"image":{"@id":"https:\/\/www.suno.com.br\/noticias\/marfrig-mrfg3-define-valor-de-dividendos-a-r-140-por-acao\/#primaryimage"},"thumbnailUrl":"https:\/\/files.sunoresearch.com.br\/n\/uploads\/2021\/03\/da639ab2-marfrig-jpg.webp","keywords":["dividendos","Marfrig (MRFG3)"],"articleSection":["Neg\u00f3cios"],"inLanguage":"pt-BR"},{"@type":"WebPage","@id":"https:\/\/www.suno.com.br\/noticias\/marfrig-mrfg3-define-valor-de-dividendos-a-r-140-por-acao\/","url":"https:\/\/www.suno.com.br\/noticias\/marfrig-mrfg3-define-valor-de-dividendos-a-r-140-por-acao\/","name":"Marfrig (MRFG3) define valor de dividendos a R$ 1,40 por a\u00e7\u00e3o","isPartOf":{"@id":"https:\/\/www.suno.com.br\/noticias\/#website"},"primaryImageOfPage":{"@id":"https:\/\/www.suno.com.br\/noticias\/marfrig-mrfg3-define-valor-de-dividendos-a-r-140-por-acao\/#primaryimage"},"image":{"@id":"https:\/\/www.suno.com.br\/noticias\/marfrig-mrfg3-define-valor-de-dividendos-a-r-140-por-acao\/#primaryimage"},"thumbnailUrl":"https:\/\/files.sunoresearch.com.br\/n\/uploads\/2021\/03\/da639ab2-marfrig-jpg.webp","datePublished":"2021-09-23T15:19:46+00:00","description":"Esse valor corresponde ao montante total de R$ 958,3 milh\u00f5es com base nos lucros da Marfrig (MRFG3) no segundo trimestre. Clique aqui","breadcrumb":{"@id":"https:\/\/www.suno.com.br\/noticias\/marfrig-mrfg3-define-valor-de-dividendos-a-r-140-por-acao\/#breadcrumb"},"inLanguage":"pt-BR","potentialAction":[{"@type":"ReadAction","target":["https:\/\/www.suno.com.br\/noticias\/marfrig-mrfg3-define-valor-de-dividendos-a-r-140-por-acao\/"]}]},{"@type":"ImageObject","inLanguage":"pt-BR","@id":"https:\/\/www.suno.com.br\/noticias\/marfrig-mrfg3-define-valor-de-dividendos-a-r-140-por-acao\/#primaryimage","url":"https:\/\/files.sunoresearch.com.br\/n\/uploads\/2021\/03\/da639ab2-marfrig-jpg.webp","contentUrl":"https:\/\/files.sunoresearch.com.br\/n\/uploads\/2021\/03\/da639ab2-marfrig-jpg.webp","width":1200,"height":800,"caption":"Marfrig. Foto: Divulga\u00e7\u00e3o\/Marfrig"},{"@type":"BreadcrumbList","@id":"https:\/\/www.suno.com.br\/noticias\/marfrig-mrfg3-define-valor-de-dividendos-a-r-140-por-acao\/#breadcrumb","itemListElement":[{"@type":"ListItem","position":1,"name":"Not\u00edcias","item":"https:\/\/www.suno.com.br\/noticias\/"},{"@type":"ListItem","position":2,"name":"Neg\u00f3cios","item":"https:\/\/www.suno.com.br\/noticias\/negocios\/"},{"@type":"ListItem","position":3,"name":"Marfrig (MRFG3) define valor de dividendos a R$ 1,40 por a\u00e7\u00e3o"}]},{"@type":"WebSite","@id":"https:\/\/www.suno.com.br\/noticias\/#website","url":"https:\/\/www.suno.com.br\/noticias\/","name":"Suno Not\u00edcias","description":"Seu portal de informa\u00e7\u00e3o sobre o mundo dos investimentos","publisher":{"@id":"https:\/\/www.suno.com.br\/noticias\/#organization"},"potentialAction":[{"@type":"SearchAction","target":{"@type":"EntryPoint","urlTemplate":"https:\/\/www.suno.com.br\/noticias\/?s={search_term_string}"},"query-input":{"@type":"PropertyValueSpecification","valueRequired":true,"valueName":"search_term_string"}}],"inLanguage":"pt-BR"},{"@type":"Organization","@id":"https:\/\/www.suno.com.br\/noticias\/#organization","name":"Suno Not\u00edcias","url":"https:\/\/www.suno.com.br\/noticias\/","logo":{"@type":"ImageObject","inLanguage":"pt-BR","@id":"https:\/\/www.suno.com.br\/noticias\/#\/schema\/logo\/image\/","url":"https:\/\/files.sunoresearch.com.br\/n\/uploads\/2021\/09\/suno-logo.png","contentUrl":"https:\/\/files.sunoresearch.com.br\/n\/uploads\/2021\/09\/suno-logo.png","width":180,"height":180,"caption":"Suno Not\u00edcias"},"image":{"@id":"https:\/\/www.suno.com.br\/noticias\/#\/schema\/logo\/image\/"},"sameAs":["https:\/\/facebook.com\/sunoresearch","https:\/\/x.com\/sunoresearch","https:\/\/www.instagram.com\/suno","https:\/\/www.linkedin.com\/company\/suno-research\/","https:\/\/www.youtube.com\/c\/sunoresearch"]},{"@type":"Person","@id":"https:\/\/www.suno.com.br\/noticias\/#\/schema\/person\/02ec1f752758247878a2bf4abee1aeda","name":"Poliana Santos","image":{"@type":"ImageObject","inLanguage":"pt-BR","@id":"https:\/\/www.suno.com.br\/noticias\/#\/schema\/person\/image\/","url":"https:\/\/secure.gravatar.com\/avatar\/0645bd32f23d87b2130f2b2dff1d3f8d?s=96&r=g","contentUrl":"https:\/\/secure.gravatar.com\/avatar\/0645bd32f23d87b2130f2b2dff1d3f8d?s=96&r=g","caption":"Poliana Santos"},"description":"Rep\u00f3rter no Suno Not\u00edcias, com cobertura em mercado financeiro, economia, finan\u00e7as pessoais, renda fixa e varejo. Jornalista formada pela Faculdade C\u00e1sper L\u00edbero e possui passagem na R\u00e1dio Gazeta AM com a produ\u00e7\u00e3o de conte\u00fado sobre economia, pol\u00edtica, sa\u00fade, moda e m\u00fasica. Possui certificado de conclus\u00e3o do curso de An\u00e1lise de Balan\u00e7os pela Funda\u00e7\u00e3o Bradesco, Agenda Brasil pela FAAP, Educa\u00e7\u00e3o Pol\u00edtica por Alexandre Garcia e do Tesouro Direto e Mercado de A\u00e7\u00f5es pela B3.","url":"https:\/\/www.suno.com.br\/noticias\/author\/poliana-santos\/"}]}},"default_loop_html":"<div class=\"cardsPage__listCard__boxs\"><div class=\"cardsPage__listCard__boxs__img\"><a href=\"https:\/\/www.suno.com.br\/noticias\/marfrig-mrfg3-define-valor-de-dividendos-a-r-140-por-acao\/\"><img class=\"mask\" src=\"https:\/\/www.suno.com.br\/noticias\/wp-content\/themes\/suno\/resources\/images\/spotlight\/spotlight1img\/bg-mask.png\" alt=\"Image Mask\"\/><img src=\"https:\/\/files.sunoresearch.com.br\/n\/uploads\/2021\/03\/da639ab2-marfrig-400x200.webp\" alt=\"Marfrig (MRFG3) define valor de dividendos a R$ 1,40 por a\u00e7\u00e3o\"\/><\/a><span class=\"spotlightCategory\"><a href=\"https:\/\/www.suno.com.br\/noticias\/negocios\/\">Neg\u00f3cios<\/a><\/span><\/div><div class=\"cardsPage__listCard__boxs__content\"><a href=\"https:\/\/www.suno.com.br\/noticias\/marfrig-mrfg3-define-valor-de-dividendos-a-r-140-por-acao\/\"><h2 class=\"content__title\">Marfrig (MRFG3) define valor de dividendos a R$ 1,40 por a\u00e7\u00e3o<\/h2><\/a><div class=\"newsContent__article__meta\"><div class=\"newsContent__article__meta__authorBox\"><a href=\"https:\/\/www.suno.com.br\/noticias\/author\/poliana-santos\/\" class=\"authorBox__avatar noMobi\"><img src=\"https:\/\/files.sunoresearch.com.br\/n\/uploads\/2020\/08\/7ef34026-whatsapp-image-2020-08-03-at-12.37.57-150x150.webp\" alt=\"Poliana Santos\"><\/a><div class=\"authorBox__name\"><span>por\n\t\t\t<a href=\"https:\/\/www.suno.com.br\/noticias\/author\/poliana-santos\/\"><span itemprop=\"author\">Poliana Santos<\/span><\/a><\/span><time datetime=\"2021-09-23T12:19:46-03:00\" itemprop=\"datePublished\">23\/09\/2021 12:19<\/time><\/div><\/div><\/div><\/div><\/div>","single_layout":"posts","amp_enabled":true,"_links":{"self":[{"href":"https:\/\/www.suno.com.br\/noticias\/wp-json\/wp\/v2\/posts\/186961"}],"collection":[{"href":"https:\/\/www.suno.com.br\/noticias\/wp-json\/wp\/v2\/posts"}],"about":[{"href":"https:\/\/www.suno.com.br\/noticias\/wp-json\/wp\/v2\/types\/post"}],"author":[{"embeddable":true,"href":"https:\/\/www.suno.com.br\/noticias\/wp-json\/wp\/v2\/users\/15"}],"replies":[{"embeddable":true,"href":"https:\/\/www.suno.com.br\/noticias\/wp-json\/wp\/v2\/comments?post=186961"}],"version-history":[{"count":1,"href":"https:\/\/www.suno.com.br\/noticias\/wp-json\/wp\/v2\/posts\/186961\/revisions"}],"predecessor-version":[{"id":186969,"href":"https:\/\/www.suno.com.br\/noticias\/wp-json\/wp\/v2\/posts\/186961\/revisions\/186969"}],"wp:featuredmedia":[{"embeddable":true,"href":"https:\/\/www.suno.com.br\/noticias\/wp-json\/wp\/v2\/media\/130398"}],"wp:attachment":[{"href":"https:\/\/www.suno.com.br\/noticias\/wp-json\/wp\/v2\/media?parent=186961"}],"wp:term":[{"taxonomy":"category","embeddable":true,"href":"https:\/\/www.suno.com.br\/noticias\/wp-json\/wp\/v2\/categories?post=186961"},{"taxonomy":"post_tag","embeddable":true,"href":"https:\/\/www.suno.com.br\/noticias\/wp-json\/wp\/v2\/tags?post=186961"},{"taxonomy":"suno_strategy","embeddable":true,"href":"https:\/\/www.suno.com.br\/noticias\/wp-json\/wp\/v2\/suno_strategy?post=186961"}],"curies":[{"name":"wp","href":"https:\/\/api.w.org\/{rel}","templated":true}]}}