{"id":186809,"date":"2021-09-23T07:42:32","date_gmt":"2021-09-23T10:42:32","guid":{"rendered":"https:\/\/www.suno.com.br\/noticias\/?p=186809"},"modified":"2021-09-23T07:42:32","modified_gmt":"2021-09-23T10:42:32","slug":"ultrapar-ugpa3-plano-sucessao-conselho-administracao","status":"publish","type":"post","link":"https:\/\/www.suno.com.br\/noticias\/ultrapar-ugpa3-plano-sucessao-conselho-administracao\/","title":{"rendered":"Ultrapar (UGPA3) anuncia plano de sucess\u00e3o do conselho de administra\u00e7\u00e3o"},"content":{"rendered":"<p>A <a class=\"suno-keyword\" href=\"https:\/\/www.suno.com.br\/acoes\/UGPA3\/\" target=\"_blank\" rel=\"noopener\" data-force=\"yes\" data-priority=\"2\"><strong>Ultrapar<\/strong> (UGPA3)<\/a> anunciou na quarta-feira (22), um plano extenso de sucess\u00e3o do seu <a class=\"suno-keyword\" href=\"https:\/\/www.suno.com.br\/artigos\/conselho-administracao\/\" target=\"_blank\" rel=\"noopener\" data-force=\"no\" data-priority=\"1\">conselho de administra\u00e7\u00e3o<\/a>. Em <a class=\"suno-keyword\" href=\"https:\/\/www.suno.com.br\/artigos\/fato-relevante\/\" target=\"_blank\" rel=\"noopener\" data-force=\"no\" data-priority=\"1\">fato relevante<\/a> enviado \u00e0 Comiss\u00e3o de Valores Mobili\u00e1rios (CVM), a companhia informou que o atual presidente do colegiado, Pedro Wongtschowski, cujo mandato se encerrar\u00e1 em abril de 2023, ser\u00e1 substitu\u00eddo por Marcos Marinho Lutz, atual conselheiro da companhia.<\/p>\t<div class=\"wrapper-featured-image\">\n\t\t<figure class=\"spotlightImg\">\n\n\t\t\t<picture>\n\t\t\t\t<source media=\"(max-width: 768px)\" srcset=\"https:\/\/files.sunoresearch.com.br\/n\/uploads\/2021\/08\/6dd97e12-sobre-oxiteno2-400x200.jpg\">\n\t\t\t\t<img loading=\"lazy\" decoding=\"async\" class=\"newsContent__article__imgCapa lazyloadDisabled \" src=\"https:\/\/files.sunoresearch.com.br\/n\/uploads\/2021\/08\/6dd97e12-sobre-oxiteno2-800x450.jpg\" width=\"800\" height=\"450\" alt=\"Ultrapar (UGPA3) anuncia plano de sucess\u00e3o do conselho de administra\u00e7\u00e3o\" fetchpriority=high \/>\n\t\t\t<\/picture>\n\n\t\t\t<figcaption class=\"wp-caption-text wp-caption-text--show\">A Ultrapar - Foto: Divulga\u00e7\u00e3o<\/figcaption>\n\t\t<\/figure>\n\t<\/div>\n\n\n\t<p>\n\t\t<a href=\"https:\/\/lp.suno.com.br\/planilha-controle-gastos\/\" target=\"_blank\" data-element=\"shortcode-suno-banner\" title=\"Banner SUNO, clique e saiba mais\">\n\t\t\t<picture>\n\t\t\t\t<source media=\"(max-width: 500px)\" srcset=\"https:\/\/files.sunoresearch.com.br\/n\/uploads\/2023\/03\/400x300-Planilha-controle-de-gastos.png\">\n\t\t\t\t<img class=\"newsContent__article__imgCapa newsContent__article__imgCapa--banner\"\n\t\t\t\t\tsrc=\"https:\/\/files.sunoresearch.com.br\/n\/uploads\/2023\/03\/1420x240-Planilha-controle-de-gastos.png\"\n\t\t\t\t\tdata-promo-id=\"101751\"\t\t\t\t\t\t\t\t\t\twidth='1420' height='240'\t\t\t\t\talt=\"https:\/\/files.sunoresearch.com.br\/n\/uploads\/2023\/03\/1420x240-Planilha-controle-de-gastos.png\"\n\t\t\t\t>\n\t\t\t<\/picture>\n\t\t<\/a>\n\t<\/p>\n\n\n<p>Neste processo de prepara\u00e7\u00e3o, foi definido que, entre janeiro de 2022 e abril de 2023, Marcos Lutz assumir\u00e1 a posi\u00e7\u00e3o de diretor presidente da Ultrapar, para se aprofundar nos diversos neg\u00f3cios do <strong>Grupo Ultra<\/strong>. Lutz, que iniciou sua carreira no grupo em 1994 como trainee e permaneceu at\u00e9 2003, tendo chegado \u00e0 posi\u00e7\u00e3o de presidente da Ultracargo, possui experi\u00eancia em posi\u00e7\u00f5es de lideran\u00e7a em neg\u00f3cios de energia e infraestrutura, tendo sido CEO da Cosan S.A. de 2009 a 2020.<\/p>\n<p>O conselho definiu, tamb\u00e9m, a elei\u00e7\u00e3o de Frederico Fleury Pinheiro Curado, atual diretor presidente, para a vice-presid\u00eancia do conselho de administra\u00e7\u00e3o da Ultrapar, posi\u00e7\u00e3o que assumir\u00e1 em janeiro de 2022, &#8220;encerrando um ciclo de redirecionamento estrat\u00e9gico, revis\u00e3o de portf\u00f3lio e renova\u00e7\u00e3o das lideran\u00e7as do Grupo Ultra iniciado em 2017&#8221;. <a class=\"suno-keyword\" href=\"https:\/\/www.suno.com.br\/tudo-sobre\/frederico-curado\/\" target=\"_blank\" rel=\"noopener\" data-force=\"no\" data-priority=\"2\">Frederico Curado<\/a> suceder\u00e1 a L\u00facio de Castro Andrade Filho, que se aposentar\u00e1 ao final de 2021, ap\u00f3s 45 anos.<\/p>\n\t<p>\n\t\t<a href=\"https:\/\/lp.suno.com.br\/planilha-da-vida-financeira\/\" target=\"_blank\" data-element=\"shortcode-suno-banner\" title=\"Banner SUNO, clique e saiba mais\">\n\t\t\t<picture>\n\t\t\t\t<source media=\"(max-width: 500px)\" srcset=\"https:\/\/files.sunoresearch.com.br\/n\/uploads\/2023\/04\/400x300-Planilha-vida-financeira-true.png\">\n\t\t\t\t<img class=\"newsContent__article__imgCapa newsContent__article__imgCapa--banner\"\n\t\t\t\t\tsrc=\"https:\/\/files.sunoresearch.com.br\/n\/uploads\/2023\/04\/1420x240-Planilha-vida-financeira-true.png\"\n\t\t\t\t\tdata-promo-id=\"106682\"\t\t\t\t\t\t\t\t\t\twidth='1420' height='240'\t\t\t\t\talt=\"https:\/\/files.sunoresearch.com.br\/n\/uploads\/2023\/04\/1420x240-Planilha-vida-financeira-true.png\"\n\t\t\t\t>\n\t\t\t<\/picture>\n\t\t<\/a>\n\t<\/p>\n\n\n<p>&#8220;O Grupo Ultra, com um processo planejado de sucess\u00e3o e renova\u00e7\u00e3o de suas lideran\u00e7as em prepara\u00e7\u00e3o para um <strong>novo ciclo de crescimento<\/strong>, assegura a continuidade de sua estrat\u00e9gia de foco nos setores de energia e infraestrutura, com \u00eanfase crescente na transi\u00e7\u00e3o da matriz energ\u00e9tica, al\u00e9m do cont\u00ednuo aperfei\u00e7oamento de seus processos de governan\u00e7a corporativa&#8221;, disse a empresa no documento.<\/p>\n<h2>Conselho da Ultrapar aprova novas elei\u00e7\u00f5es<\/h2>\n<p>Tamb\u00e9m em fato relevante, a Ultrapar comunicou que o conselho de administra\u00e7\u00e3o da companhia aprovou hoje outros dois importantes movimentos organizacionais: a elei\u00e7\u00e3o de Leonardo Remi\u00e3o Linden como novo presidente da Ipiranga e a elei\u00e7\u00e3o de Marcelo Pereira Malta de Ara\u00fajo para a diretoria executiva Corporativa e de Participa\u00e7\u00f5es na holding Ultrapar. Ambas ser\u00e3o efetivadas em outubro de 2021.<\/p>\n\t<p>\n\t\t<a href=\"https:\/\/lp.suno.com.br\/ebook-como-analisar-uma-acao\/\" target=\"_blank\" data-element=\"shortcode-suno-banner\" title=\"Banner SUNO, clique e saiba mais\">\n\t\t\t<picture>\n\t\t\t\t<source media=\"(max-width: 500px)\" srcset=\"https:\/\/files.sunoresearch.com.br\/n\/uploads\/2023\/03\/Ebook-Acoes-Mobile-1.jpg\">\n\t\t\t\t<img class=\"newsContent__article__imgCapa newsContent__article__imgCapa--banner\"\n\t\t\t\t\tsrc=\"https:\/\/files.sunoresearch.com.br\/n\/uploads\/2023\/03\/Ebook-Acoes-Desktop-1.jpg\"\n\t\t\t\t\tdata-promo-id=\"171998\"\t\t\t\t\t\t\t\t\t\twidth='1420' height='286'\t\t\t\t\talt=\"https:\/\/files.sunoresearch.com.br\/n\/uploads\/2023\/03\/Ebook-Acoes-Desktop-1.jpg\"\n\t\t\t\t>\n\t\t\t<\/picture>\n\t\t<\/a>\n\t<\/p>\n\n\n<p>Segundo o documento, Marcelo Ara\u00fajo integrou-se ao Grupo Ultra h\u00e1 tr\u00eas anos como presidente da <strong>Ipiranga<\/strong> &#8220;e det\u00e9m reconhecida lideran\u00e7a institucional no setor downstream de \u00f3leo e g\u00e1s no Brasil&#8221;. Na nova posi\u00e7\u00e3o, ter\u00e1 a responsabilidade das \u00e1reas de Sustentabilidade, Rela\u00e7\u00f5es Institucionais, Comunica\u00e7\u00e3o, Jur\u00eddico Corporativo, Compliance, Riscos e Auditoria Interna do Grupo Ultra.<\/p>\n<p>Leonardo Linden integrou-se ao Grupo Ultra h\u00e1 cinco anos para estruturar e liderar a <strong>Iconic<\/strong>, <a class=\"suno-keyword\" href=\"https:\/\/www.suno.com.br\/artigos\/joint-venture\/\" target=\"_blank\" rel=\"noopener\" data-force=\"no\" data-priority=\"2\">joint venture<\/a> entre Ipiranga e <strong>Chevron<\/strong> no setor de lubrificantes iniciada no final de 2017, e conduziu desde ent\u00e3o o crescimento do neg\u00f3cio, &#8220;tendo quintuplicado o Ebitda recorrente entre 2018 e 2020. Em abril de 2021 passou a ocupar a Vice-Presid\u00eancia Comercial da Ipiranga, como parte de um processo planejado de sucess\u00e3o da presid\u00eancia da Ipiranga.<\/p>\n\t<p>\n\t\t<a href=\"\" target=\"_blank\" data-element=\"shortcode-suno-banner\" title=\"Banner SUNO, clique e saiba mais\">\n\t\t\t<picture>\n\t\t\t\t<source media=\"(max-width: 500px)\" srcset=\"\">\n\t\t\t\t<img class=\"newsContent__article__imgCapa newsContent__article__imgCapa--banner\"\n\t\t\t\t\tsrc=\"\"\n\t\t\t\t\tdata-promo-id=\"184190\"\t\t\t\t\t\t\t\t\t\t\t\t\t\t\talt=\"\"\n\t\t\t\t>\n\t\t\t<\/picture>\n\t\t<\/a>\n\t<\/p>\n\n\n<p>&#8220;Executivo com longa carreira no setor de combust\u00edveis no Brasil e nos Estados Unidos, com passagens pelas empresas Exxon Mobil, Cosan e Ra\u00edzen, Linden ter\u00e1 como prioridade a execu\u00e7\u00e3o do plano de melhoria da rentabilidade e crescimento da Ipiranga&#8221;, disse a Ultrapar.<\/p>\n<p>A companhia informou, ainda, no contexto do processo de sucess\u00e3o na Ipiranga, que John Shojiro Suzuki, atual Diretor de Planejamento e Controle, deixar\u00e1 a empresa e ser\u00e1 sucedido por Cristiane Silva Leite, uma das principais executivas do Grupo Ultra, com s\u00f3lida experi\u00eancia financeira constru\u00edda na holding Ultrapar, Oxiteno e Ultracargo. Cristiane, que atualmente \u00e9 Diretora de Riscos, Compliance e Auditoria Interna da <strong>Ultrapar<\/strong>, ser\u00e1 sucedida por Fernanda Teves de Souza, atual gerente de Compliance da companhia.<\/p>\n<p><em>(Com informa\u00e7\u00f5es do Estad\u00e3o Conte\u00fado)<\/em><\/p>\n\t<p>\n\t\t<a href=\"https:\/\/lp.suno.com.br\/planilha-de-controle-de-investimentos\/\" target=\"_blank\" data-element=\"shortcode-suno-banner\" title=\"Banner SUNO, clique e saiba mais\">\n\t\t\t<picture>\n\t\t\t\t<source media=\"(max-width: 500px)\" srcset=\"https:\/\/files.sunoresearch.com.br\/n\/uploads\/2023\/03\/400x300-Controle-de-Investimentos.png\">\n\t\t\t\t<img class=\"newsContent__article__imgCapa newsContent__article__imgCapa--banner\"\n\t\t\t\t\tsrc=\"https:\/\/files.sunoresearch.com.br\/n\/uploads\/2023\/03\/1420x240-Controle-de-Investimentos.png\"\n\t\t\t\t\tdata-promo-id=\"75934\"\t\t\t\t\t\t\t\t\t\twidth='1420' height='240'\t\t\t\t\talt=\"https:\/\/files.sunoresearch.com.br\/n\/uploads\/2023\/03\/1420x240-Controle-de-Investimentos.png\"\n\t\t\t\t>\n\t\t\t<\/picture>\n\t\t<\/a>\n\t<\/p>\n\n\n","protected":false},"excerpt":{"rendered":"<p>A Ultrapar (UGPA3) anunciou na quarta-feira (22), um plano extenso de sucess\u00e3o do seu conselho de administra\u00e7\u00e3o. Em fato relevante enviado \u00e0 Comiss\u00e3o de Valores Mobili\u00e1rios (CVM), a companhia informou que o atual presidente do colegiado, Pedro Wongtschowski, cujo mandato se encerrar\u00e1 em abril de 2023, ser\u00e1 substitu\u00eddo por Marcos Marinho Lutz, atual conselheiro da [&hellip;]<\/p>\n","protected":false},"author":15,"featured_media":175583,"comment_status":"closed","ping_status":"closed","sticky":false,"template":"","format":"standard","meta":[],"categories":[64],"tags":[671],"suno_strategy":[],"class_list":["post-186809","post","type-post","status-publish","format-standard","has-post-thumbnail","hentry","category-negocios","tag-ultrapar-ugpa3"],"yoast_head":"<!-- This site is optimized with the Yoast SEO plugin v24.4 - https:\/\/yoast.com\/wordpress\/plugins\/seo\/ -->\n<title>Ultrapar (UGPA3) anuncia plano de sucess\u00e3o do conselho<\/title>\n<meta name=\"description\" content=\"A Ultrapar (UGPA3) anunciou na quarta-feira (22), um plano extenso de sucess\u00e3o do seu conselho de administra\u00e7\u00e3o. Clique aqui\" \/>\n<meta name=\"robots\" content=\"index, follow, max-snippet:-1, max-image-preview:large, max-video-preview:-1\" \/>\n<link rel=\"canonical\" href=\"https:\/\/www.suno.com.br\/noticias\/ultrapar-ugpa3-plano-sucessao-conselho-administracao\/\" \/>\n<meta property=\"og:locale\" content=\"pt_BR\" \/>\n<meta property=\"og:type\" content=\"article\" \/>\n<meta property=\"og:title\" content=\"Ultrapar (UGPA3) anuncia plano de sucess\u00e3o do conselho\" \/>\n<meta property=\"og:description\" content=\"A Ultrapar (UGPA3) anunciou na quarta-feira (22), um plano extenso de sucess\u00e3o do seu conselho de administra\u00e7\u00e3o. Clique aqui\" \/>\n<meta property=\"og:url\" content=\"https:\/\/www.suno.com.br\/noticias\/ultrapar-ugpa3-plano-sucessao-conselho-administracao\/\" \/>\n<meta property=\"og:site_name\" content=\"Suno Not\u00edcias\" \/>\n<meta property=\"article:publisher\" content=\"https:\/\/facebook.com\/sunoresearch\" \/>\n<meta property=\"og:image\" content=\"https:\/\/files.sunoresearch.com.br\/n\/uploads\/2021\/08\/6dd97e12-sobre-oxiteno2.jpg\" \/>\n\t<meta property=\"og:image:width\" content=\"1280\" \/>\n\t<meta property=\"og:image:height\" content=\"939\" \/>\n\t<meta property=\"og:image:type\" content=\"image\/jpeg\" \/>\n<meta name=\"author\" content=\"Poliana Santos\" \/>\n<meta name=\"twitter:card\" content=\"summary_large_image\" \/>\n<meta name=\"twitter:creator\" content=\"@sunoresearch\" \/>\n<meta name=\"twitter:site\" content=\"@sunoresearch\" \/>\n<meta name=\"twitter:label1\" content=\"Escrito por\" \/>\n\t<meta name=\"twitter:data1\" content=\"Poliana Santos\" \/>\n\t<meta name=\"twitter:label2\" content=\"Est. tempo de leitura\" \/>\n\t<meta name=\"twitter:data2\" content=\"3 minutos\" \/>\n<script type=\"application\/ld+json\" class=\"yoast-schema-graph\">{\"@context\":\"https:\/\/schema.org\",\"@graph\":[{\"@type\":\"NewsArticle\",\"@id\":\"https:\/\/www.suno.com.br\/noticias\/ultrapar-ugpa3-plano-sucessao-conselho-administracao\/#article\",\"isPartOf\":{\"@id\":\"https:\/\/www.suno.com.br\/noticias\/ultrapar-ugpa3-plano-sucessao-conselho-administracao\/\"},\"author\":{\"name\":\"Poliana Santos\",\"@id\":\"https:\/\/www.suno.com.br\/noticias\/#\/schema\/person\/02ec1f752758247878a2bf4abee1aeda\"},\"headline\":\"Ultrapar (UGPA3) anuncia plano de sucess\u00e3o do conselho de administra\u00e7\u00e3o\",\"datePublished\":\"2021-09-23T10:42:32+00:00\",\"mainEntityOfPage\":{\"@id\":\"https:\/\/www.suno.com.br\/noticias\/ultrapar-ugpa3-plano-sucessao-conselho-administracao\/\"},\"wordCount\":651,\"publisher\":{\"@id\":\"https:\/\/www.suno.com.br\/noticias\/#organization\"},\"image\":{\"@id\":\"https:\/\/www.suno.com.br\/noticias\/ultrapar-ugpa3-plano-sucessao-conselho-administracao\/#primaryimage\"},\"thumbnailUrl\":\"https:\/\/files.sunoresearch.com.br\/n\/uploads\/2021\/08\/6dd97e12-sobre-oxiteno2.jpg\",\"keywords\":[\"Ultrapar (UGPA3)\"],\"articleSection\":[\"Neg\u00f3cios\"],\"inLanguage\":\"pt-BR\"},{\"@type\":\"WebPage\",\"@id\":\"https:\/\/www.suno.com.br\/noticias\/ultrapar-ugpa3-plano-sucessao-conselho-administracao\/\",\"url\":\"https:\/\/www.suno.com.br\/noticias\/ultrapar-ugpa3-plano-sucessao-conselho-administracao\/\",\"name\":\"Ultrapar (UGPA3) anuncia plano de sucess\u00e3o do conselho\",\"isPartOf\":{\"@id\":\"https:\/\/www.suno.com.br\/noticias\/#website\"},\"primaryImageOfPage\":{\"@id\":\"https:\/\/www.suno.com.br\/noticias\/ultrapar-ugpa3-plano-sucessao-conselho-administracao\/#primaryimage\"},\"image\":{\"@id\":\"https:\/\/www.suno.com.br\/noticias\/ultrapar-ugpa3-plano-sucessao-conselho-administracao\/#primaryimage\"},\"thumbnailUrl\":\"https:\/\/files.sunoresearch.com.br\/n\/uploads\/2021\/08\/6dd97e12-sobre-oxiteno2.jpg\",\"datePublished\":\"2021-09-23T10:42:32+00:00\",\"description\":\"A Ultrapar (UGPA3) anunciou na quarta-feira (22), um plano extenso de sucess\u00e3o do seu conselho de administra\u00e7\u00e3o. Clique aqui\",\"breadcrumb\":{\"@id\":\"https:\/\/www.suno.com.br\/noticias\/ultrapar-ugpa3-plano-sucessao-conselho-administracao\/#breadcrumb\"},\"inLanguage\":\"pt-BR\",\"potentialAction\":[{\"@type\":\"ReadAction\",\"target\":[\"https:\/\/www.suno.com.br\/noticias\/ultrapar-ugpa3-plano-sucessao-conselho-administracao\/\"]}]},{\"@type\":\"ImageObject\",\"inLanguage\":\"pt-BR\",\"@id\":\"https:\/\/www.suno.com.br\/noticias\/ultrapar-ugpa3-plano-sucessao-conselho-administracao\/#primaryimage\",\"url\":\"https:\/\/files.sunoresearch.com.br\/n\/uploads\/2021\/08\/6dd97e12-sobre-oxiteno2.jpg\",\"contentUrl\":\"https:\/\/files.sunoresearch.com.br\/n\/uploads\/2021\/08\/6dd97e12-sobre-oxiteno2.jpg\",\"width\":1280,\"height\":939,\"caption\":\"A Ultrapar - Foto: Divulga\u00e7\u00e3o\"},{\"@type\":\"BreadcrumbList\",\"@id\":\"https:\/\/www.suno.com.br\/noticias\/ultrapar-ugpa3-plano-sucessao-conselho-administracao\/#breadcrumb\",\"itemListElement\":[{\"@type\":\"ListItem\",\"position\":1,\"name\":\"Not\u00edcias\",\"item\":\"https:\/\/www.suno.com.br\/noticias\/\"},{\"@type\":\"ListItem\",\"position\":2,\"name\":\"Neg\u00f3cios\",\"item\":\"https:\/\/www.suno.com.br\/noticias\/negocios\/\"},{\"@type\":\"ListItem\",\"position\":3,\"name\":\"Ultrapar (UGPA3) anuncia plano de sucess\u00e3o do conselho de administra\u00e7\u00e3o\"}]},{\"@type\":\"WebSite\",\"@id\":\"https:\/\/www.suno.com.br\/noticias\/#website\",\"url\":\"https:\/\/www.suno.com.br\/noticias\/\",\"name\":\"Suno Not\u00edcias\",\"description\":\"Seu portal de informa\u00e7\u00e3o sobre o mundo dos investimentos\",\"publisher\":{\"@id\":\"https:\/\/www.suno.com.br\/noticias\/#organization\"},\"potentialAction\":[{\"@type\":\"SearchAction\",\"target\":{\"@type\":\"EntryPoint\",\"urlTemplate\":\"https:\/\/www.suno.com.br\/noticias\/?s={search_term_string}\"},\"query-input\":{\"@type\":\"PropertyValueSpecification\",\"valueRequired\":true,\"valueName\":\"search_term_string\"}}],\"inLanguage\":\"pt-BR\"},{\"@type\":\"Organization\",\"@id\":\"https:\/\/www.suno.com.br\/noticias\/#organization\",\"name\":\"Suno Not\u00edcias\",\"url\":\"https:\/\/www.suno.com.br\/noticias\/\",\"logo\":{\"@type\":\"ImageObject\",\"inLanguage\":\"pt-BR\",\"@id\":\"https:\/\/www.suno.com.br\/noticias\/#\/schema\/logo\/image\/\",\"url\":\"https:\/\/files.sunoresearch.com.br\/n\/uploads\/2021\/09\/suno-logo.png\",\"contentUrl\":\"https:\/\/files.sunoresearch.com.br\/n\/uploads\/2021\/09\/suno-logo.png\",\"width\":180,\"height\":180,\"caption\":\"Suno Not\u00edcias\"},\"image\":{\"@id\":\"https:\/\/www.suno.com.br\/noticias\/#\/schema\/logo\/image\/\"},\"sameAs\":[\"https:\/\/facebook.com\/sunoresearch\",\"https:\/\/x.com\/sunoresearch\",\"https:\/\/www.instagram.com\/suno\",\"https:\/\/www.linkedin.com\/company\/suno-research\/\",\"https:\/\/www.youtube.com\/c\/sunoresearch\"]},{\"@type\":\"Person\",\"@id\":\"https:\/\/www.suno.com.br\/noticias\/#\/schema\/person\/02ec1f752758247878a2bf4abee1aeda\",\"name\":\"Poliana Santos\",\"image\":{\"@type\":\"ImageObject\",\"inLanguage\":\"pt-BR\",\"@id\":\"https:\/\/www.suno.com.br\/noticias\/#\/schema\/person\/image\/\",\"url\":\"https:\/\/secure.gravatar.com\/avatar\/0645bd32f23d87b2130f2b2dff1d3f8d?s=96&r=g\",\"contentUrl\":\"https:\/\/secure.gravatar.com\/avatar\/0645bd32f23d87b2130f2b2dff1d3f8d?s=96&r=g\",\"caption\":\"Poliana Santos\"},\"description\":\"Rep\u00f3rter no Suno Not\u00edcias, com cobertura em mercado financeiro, economia, finan\u00e7as pessoais, renda fixa e varejo. Jornalista formada pela Faculdade C\u00e1sper L\u00edbero e possui passagem na R\u00e1dio Gazeta AM com a produ\u00e7\u00e3o de conte\u00fado sobre economia, pol\u00edtica, sa\u00fade, moda e m\u00fasica. Possui certificado de conclus\u00e3o do curso de An\u00e1lise de Balan\u00e7os pela Funda\u00e7\u00e3o Bradesco, Agenda Brasil pela FAAP, Educa\u00e7\u00e3o Pol\u00edtica por Alexandre Garcia e do Tesouro Direto e Mercado de A\u00e7\u00f5es pela B3.\",\"url\":\"https:\/\/www.suno.com.br\/noticias\/author\/poliana-santos\/\"}]}<\/script>\n<!-- \/ Yoast SEO plugin. -->","yoast_head_json":{"title":"Ultrapar (UGPA3) anuncia plano de sucess\u00e3o do conselho","description":"A Ultrapar (UGPA3) anunciou na quarta-feira (22), um plano extenso de sucess\u00e3o do seu conselho de administra\u00e7\u00e3o. Clique aqui","robots":{"index":"index","follow":"follow","max-snippet":"max-snippet:-1","max-image-preview":"max-image-preview:large","max-video-preview":"max-video-preview:-1"},"canonical":"https:\/\/www.suno.com.br\/noticias\/ultrapar-ugpa3-plano-sucessao-conselho-administracao\/","og_locale":"pt_BR","og_type":"article","og_title":"Ultrapar (UGPA3) anuncia plano de sucess\u00e3o do conselho","og_description":"A Ultrapar (UGPA3) anunciou na quarta-feira (22), um plano extenso de sucess\u00e3o do seu conselho de administra\u00e7\u00e3o. Clique aqui","og_url":"https:\/\/www.suno.com.br\/noticias\/ultrapar-ugpa3-plano-sucessao-conselho-administracao\/","og_site_name":"Suno Not\u00edcias","article_publisher":"https:\/\/facebook.com\/sunoresearch","og_image":[{"width":1280,"height":939,"url":"https:\/\/files.sunoresearch.com.br\/n\/uploads\/2021\/08\/6dd97e12-sobre-oxiteno2.jpg","type":"image\/jpeg"}],"author":"Poliana Santos","twitter_card":"summary_large_image","twitter_creator":"@sunoresearch","twitter_site":"@sunoresearch","twitter_misc":{"Escrito por":"Poliana Santos","Est. tempo de leitura":"3 minutos"},"schema":{"@context":"https:\/\/schema.org","@graph":[{"@type":"NewsArticle","@id":"https:\/\/www.suno.com.br\/noticias\/ultrapar-ugpa3-plano-sucessao-conselho-administracao\/#article","isPartOf":{"@id":"https:\/\/www.suno.com.br\/noticias\/ultrapar-ugpa3-plano-sucessao-conselho-administracao\/"},"author":{"name":"Poliana Santos","@id":"https:\/\/www.suno.com.br\/noticias\/#\/schema\/person\/02ec1f752758247878a2bf4abee1aeda"},"headline":"Ultrapar (UGPA3) anuncia plano de sucess\u00e3o do conselho de administra\u00e7\u00e3o","datePublished":"2021-09-23T10:42:32+00:00","mainEntityOfPage":{"@id":"https:\/\/www.suno.com.br\/noticias\/ultrapar-ugpa3-plano-sucessao-conselho-administracao\/"},"wordCount":651,"publisher":{"@id":"https:\/\/www.suno.com.br\/noticias\/#organization"},"image":{"@id":"https:\/\/www.suno.com.br\/noticias\/ultrapar-ugpa3-plano-sucessao-conselho-administracao\/#primaryimage"},"thumbnailUrl":"https:\/\/files.sunoresearch.com.br\/n\/uploads\/2021\/08\/6dd97e12-sobre-oxiteno2.jpg","keywords":["Ultrapar (UGPA3)"],"articleSection":["Neg\u00f3cios"],"inLanguage":"pt-BR"},{"@type":"WebPage","@id":"https:\/\/www.suno.com.br\/noticias\/ultrapar-ugpa3-plano-sucessao-conselho-administracao\/","url":"https:\/\/www.suno.com.br\/noticias\/ultrapar-ugpa3-plano-sucessao-conselho-administracao\/","name":"Ultrapar (UGPA3) anuncia plano de sucess\u00e3o do conselho","isPartOf":{"@id":"https:\/\/www.suno.com.br\/noticias\/#website"},"primaryImageOfPage":{"@id":"https:\/\/www.suno.com.br\/noticias\/ultrapar-ugpa3-plano-sucessao-conselho-administracao\/#primaryimage"},"image":{"@id":"https:\/\/www.suno.com.br\/noticias\/ultrapar-ugpa3-plano-sucessao-conselho-administracao\/#primaryimage"},"thumbnailUrl":"https:\/\/files.sunoresearch.com.br\/n\/uploads\/2021\/08\/6dd97e12-sobre-oxiteno2.jpg","datePublished":"2021-09-23T10:42:32+00:00","description":"A Ultrapar (UGPA3) anunciou na quarta-feira (22), um plano extenso de sucess\u00e3o do seu conselho de administra\u00e7\u00e3o. Clique aqui","breadcrumb":{"@id":"https:\/\/www.suno.com.br\/noticias\/ultrapar-ugpa3-plano-sucessao-conselho-administracao\/#breadcrumb"},"inLanguage":"pt-BR","potentialAction":[{"@type":"ReadAction","target":["https:\/\/www.suno.com.br\/noticias\/ultrapar-ugpa3-plano-sucessao-conselho-administracao\/"]}]},{"@type":"ImageObject","inLanguage":"pt-BR","@id":"https:\/\/www.suno.com.br\/noticias\/ultrapar-ugpa3-plano-sucessao-conselho-administracao\/#primaryimage","url":"https:\/\/files.sunoresearch.com.br\/n\/uploads\/2021\/08\/6dd97e12-sobre-oxiteno2.jpg","contentUrl":"https:\/\/files.sunoresearch.com.br\/n\/uploads\/2021\/08\/6dd97e12-sobre-oxiteno2.jpg","width":1280,"height":939,"caption":"A Ultrapar - Foto: Divulga\u00e7\u00e3o"},{"@type":"BreadcrumbList","@id":"https:\/\/www.suno.com.br\/noticias\/ultrapar-ugpa3-plano-sucessao-conselho-administracao\/#breadcrumb","itemListElement":[{"@type":"ListItem","position":1,"name":"Not\u00edcias","item":"https:\/\/www.suno.com.br\/noticias\/"},{"@type":"ListItem","position":2,"name":"Neg\u00f3cios","item":"https:\/\/www.suno.com.br\/noticias\/negocios\/"},{"@type":"ListItem","position":3,"name":"Ultrapar (UGPA3) anuncia plano de sucess\u00e3o do conselho de administra\u00e7\u00e3o"}]},{"@type":"WebSite","@id":"https:\/\/www.suno.com.br\/noticias\/#website","url":"https:\/\/www.suno.com.br\/noticias\/","name":"Suno Not\u00edcias","description":"Seu portal de informa\u00e7\u00e3o sobre o mundo dos investimentos","publisher":{"@id":"https:\/\/www.suno.com.br\/noticias\/#organization"},"potentialAction":[{"@type":"SearchAction","target":{"@type":"EntryPoint","urlTemplate":"https:\/\/www.suno.com.br\/noticias\/?s={search_term_string}"},"query-input":{"@type":"PropertyValueSpecification","valueRequired":true,"valueName":"search_term_string"}}],"inLanguage":"pt-BR"},{"@type":"Organization","@id":"https:\/\/www.suno.com.br\/noticias\/#organization","name":"Suno Not\u00edcias","url":"https:\/\/www.suno.com.br\/noticias\/","logo":{"@type":"ImageObject","inLanguage":"pt-BR","@id":"https:\/\/www.suno.com.br\/noticias\/#\/schema\/logo\/image\/","url":"https:\/\/files.sunoresearch.com.br\/n\/uploads\/2021\/09\/suno-logo.png","contentUrl":"https:\/\/files.sunoresearch.com.br\/n\/uploads\/2021\/09\/suno-logo.png","width":180,"height":180,"caption":"Suno Not\u00edcias"},"image":{"@id":"https:\/\/www.suno.com.br\/noticias\/#\/schema\/logo\/image\/"},"sameAs":["https:\/\/facebook.com\/sunoresearch","https:\/\/x.com\/sunoresearch","https:\/\/www.instagram.com\/suno","https:\/\/www.linkedin.com\/company\/suno-research\/","https:\/\/www.youtube.com\/c\/sunoresearch"]},{"@type":"Person","@id":"https:\/\/www.suno.com.br\/noticias\/#\/schema\/person\/02ec1f752758247878a2bf4abee1aeda","name":"Poliana Santos","image":{"@type":"ImageObject","inLanguage":"pt-BR","@id":"https:\/\/www.suno.com.br\/noticias\/#\/schema\/person\/image\/","url":"https:\/\/secure.gravatar.com\/avatar\/0645bd32f23d87b2130f2b2dff1d3f8d?s=96&r=g","contentUrl":"https:\/\/secure.gravatar.com\/avatar\/0645bd32f23d87b2130f2b2dff1d3f8d?s=96&r=g","caption":"Poliana Santos"},"description":"Rep\u00f3rter no Suno Not\u00edcias, com cobertura em mercado financeiro, economia, finan\u00e7as pessoais, renda fixa e varejo. Jornalista formada pela Faculdade C\u00e1sper L\u00edbero e possui passagem na R\u00e1dio Gazeta AM com a produ\u00e7\u00e3o de conte\u00fado sobre economia, pol\u00edtica, sa\u00fade, moda e m\u00fasica. Possui certificado de conclus\u00e3o do curso de An\u00e1lise de Balan\u00e7os pela Funda\u00e7\u00e3o Bradesco, Agenda Brasil pela FAAP, Educa\u00e7\u00e3o Pol\u00edtica por Alexandre Garcia e do Tesouro Direto e Mercado de A\u00e7\u00f5es pela B3.","url":"https:\/\/www.suno.com.br\/noticias\/author\/poliana-santos\/"}]}},"default_loop_html":"<div class=\"cardsPage__listCard__boxs\"><div class=\"cardsPage__listCard__boxs__img\"><a href=\"https:\/\/www.suno.com.br\/noticias\/ultrapar-ugpa3-plano-sucessao-conselho-administracao\/\"><img class=\"mask\" src=\"https:\/\/www.suno.com.br\/noticias\/wp-content\/themes\/suno\/resources\/images\/spotlight\/spotlight1img\/bg-mask.png\" alt=\"Image Mask\"\/><img src=\"https:\/\/files.sunoresearch.com.br\/n\/uploads\/2021\/08\/6dd97e12-sobre-oxiteno2-400x200.jpg\" alt=\"Ultrapar (UGPA3) anuncia plano de sucess\u00e3o do conselho de administra\u00e7\u00e3o\"\/><\/a><span class=\"spotlightCategory\"><a href=\"https:\/\/www.suno.com.br\/noticias\/negocios\/\">Neg\u00f3cios<\/a><\/span><\/div><div class=\"cardsPage__listCard__boxs__content\"><a href=\"https:\/\/www.suno.com.br\/noticias\/ultrapar-ugpa3-plano-sucessao-conselho-administracao\/\"><h2 class=\"content__title\">Ultrapar (UGPA3) anuncia plano de sucess\u00e3o do conselho de administra\u00e7\u00e3o<\/h2><\/a><div class=\"newsContent__article__meta\"><div class=\"newsContent__article__meta__authorBox\"><a href=\"https:\/\/www.suno.com.br\/noticias\/author\/poliana-santos\/\" class=\"authorBox__avatar noMobi\"><img src=\"https:\/\/files.sunoresearch.com.br\/n\/uploads\/2020\/08\/7ef34026-whatsapp-image-2020-08-03-at-12.37.57-150x150.webp\" alt=\"Poliana Santos\"><\/a><div class=\"authorBox__name\"><span>por\n\t\t\t<a href=\"https:\/\/www.suno.com.br\/noticias\/author\/poliana-santos\/\"><span itemprop=\"author\">Poliana Santos<\/span><\/a><\/span><time datetime=\"2021-09-23T07:42:32-03:00\" itemprop=\"datePublished\">23\/09\/2021 07:42<\/time><\/div><\/div><\/div><\/div><\/div>","single_layout":"posts","amp_enabled":true,"_links":{"self":[{"href":"https:\/\/www.suno.com.br\/noticias\/wp-json\/wp\/v2\/posts\/186809"}],"collection":[{"href":"https:\/\/www.suno.com.br\/noticias\/wp-json\/wp\/v2\/posts"}],"about":[{"href":"https:\/\/www.suno.com.br\/noticias\/wp-json\/wp\/v2\/types\/post"}],"author":[{"embeddable":true,"href":"https:\/\/www.suno.com.br\/noticias\/wp-json\/wp\/v2\/users\/15"}],"replies":[{"embeddable":true,"href":"https:\/\/www.suno.com.br\/noticias\/wp-json\/wp\/v2\/comments?post=186809"}],"version-history":[{"count":2,"href":"https:\/\/www.suno.com.br\/noticias\/wp-json\/wp\/v2\/posts\/186809\/revisions"}],"predecessor-version":[{"id":186848,"href":"https:\/\/www.suno.com.br\/noticias\/wp-json\/wp\/v2\/posts\/186809\/revisions\/186848"}],"wp:featuredmedia":[{"embeddable":true,"href":"https:\/\/www.suno.com.br\/noticias\/wp-json\/wp\/v2\/media\/175583"}],"wp:attachment":[{"href":"https:\/\/www.suno.com.br\/noticias\/wp-json\/wp\/v2\/media?parent=186809"}],"wp:term":[{"taxonomy":"category","embeddable":true,"href":"https:\/\/www.suno.com.br\/noticias\/wp-json\/wp\/v2\/categories?post=186809"},{"taxonomy":"post_tag","embeddable":true,"href":"https:\/\/www.suno.com.br\/noticias\/wp-json\/wp\/v2\/tags?post=186809"},{"taxonomy":"suno_strategy","embeddable":true,"href":"https:\/\/www.suno.com.br\/noticias\/wp-json\/wp\/v2\/suno_strategy?post=186809"}],"curies":[{"name":"wp","href":"https:\/\/api.w.org\/{rel}","templated":true}]}}