{"id":18671,"date":"2019-03-21T16:22:27","date_gmt":"2019-03-21T19:22:27","guid":{"rendered":"https:\/\/www.suno.com.br\/noticias\/?p=18671"},"modified":"2021-02-17T20:08:34","modified_gmt":"2021-02-17T23:08:34","slug":"prisao-temer-afeta-reforma-previdencia","status":"publish","type":"post","link":"https:\/\/www.suno.com.br\/noticias\/prisao-temer-afeta-reforma-previdencia\/","title":{"rendered":"Entenda como a pris\u00e3o de Temer pode afetar a reforma da Previd\u00eancia"},"content":{"rendered":"<p>A pris\u00e3o do ex-presidente Michel Temer na Opera\u00e7\u00e3o Lava Jato na manh\u00e3 desta quinta (21) pode ter impactos na tramita\u00e7\u00e3o da reforma da Previd\u00eancia.<\/p>\t<div class=\"wrapper-featured-image\">\n\t\t<figure class=\"spotlightImg\">\n\n\t\t\t<picture>\n\t\t\t\t<source media=\"(max-width: 768px)\" srcset=\"https:\/\/files.sunoresearch.com.br\/n\/uploads\/2019\/03\/f20e34ce-previd\u00eancia-400x200.webp\">\n\t\t\t\t<img loading=\"lazy\" decoding=\"async\" class=\"newsContent__article__imgCapa lazyloadDisabled newsContent__article__imgCapa--noCaption\" src=\"https:\/\/files.sunoresearch.com.br\/n\/uploads\/2019\/03\/f20e34ce-previd\u00eancia-800x450.webp\" width=\"800\" height=\"450\" alt=\"Entenda como a pris\u00e3o de Temer pode afetar a reforma da Previd\u00eancia\" fetchpriority=high \/>\n\t\t\t<\/picture>\n\n\t\t\t<figcaption class=\"wp-caption-text wp-caption-text--hide\">reforma da Previd\u00eancia, Rodrigo Maia<\/figcaption>\n\t\t<\/figure>\n\t<\/div>\n\n\n<p>Um assessor presidencial ouvido pela Folha de S.Paulo disse que a pris\u00e3o de <strong>Michel Temer<\/strong> era uma &#8220;quest\u00e3o de tempo&#8221;. Mas, por ocorrer num momento em que <strong>Legislativo<\/strong> e <strong>Judici\u00e1rio<\/strong> inflamam suas rusgas, a a\u00e7\u00e3o da <strong>Pol\u00edcia Federal<\/strong> pode atrapalhar na tramita\u00e7\u00e3o da <strong>reforma da Previd\u00eancia<\/strong>.<\/p>\n<p><a href=\"https:\/\/www.suno.com.br\/noticias\/michel-temer-preso-lava-jato\/\">Saiba mais: Ex-presidente Michel Temer \u00e9 preso na Opera\u00e7\u00e3o Lava Jato<\/a><\/p>\n<p>Segundo o jornal, a <strong>pris\u00e3o<\/strong> pode ser entendida pelos parlamentares como uma investida contra o presidente da C\u00e2mara, <strong>Rodrigo Maia.<\/strong> Afinal, seu sogro, o ex-ministro de <strong>Minas e Energia<\/strong> do governo Temer, <strong>Moreira Franco,<\/strong> foi preso na mesma opera\u00e7\u00e3o.<\/p>\n<p>Como <strong>retalia\u00e7\u00e3o<\/strong> ao suposto ataque a <strong>Maia,<\/strong> parlamentares poderiam desengavetar pautas contra o <strong>Judici\u00e1rio,<\/strong> como projetos que tratam de <strong>abuso de autoridade<\/strong>, por exemplo. Se o contra-ataque entrasse na prioridade do Congresso, a preocupa\u00e7\u00e3o com a <strong>reforma da Previd\u00eancia<\/strong> ficaria marginalizada.<\/p>\n<p><a href=\"https:\/\/www.suno.com.br\/noticias\/eventos-derrubaram-ibovespa-24h\/\">Saiba mais: Veja os dois eventos que derrubaram o Ibovespa nas \u00faltimas 24 horas<\/a><\/p>\n<p>O vice-presidente <strong>Hamilton Mour\u00e3o<\/strong> fez quest\u00e3o de recha\u00e7ar a ideia. &#8220;Eu acho que n\u00e3o [atrapalha a aprova\u00e7\u00e3o da <strong>reforma da Previd\u00eancia<\/strong>]. Uma coisa \u00e9 uma coisa e outra coisa \u00e9 outra coisa&#8221;, disse.<\/p>\n<p>Um aliado de <strong>Bolsonaro<\/strong> ouvido pela Folha afirmou que o ideal seria o presidente mostrar disposi\u00e7\u00e3o em se aproximar de <strong>Rodrigo Maia<\/strong> antes que o epis\u00f3dio corroa a rela\u00e7\u00e3o entre <strong>Executivo<\/strong> e o <strong>Legislativo.<\/strong><\/p>\n<p>O parlamentar vem se mostrando insatisfeito com o tratamento que recebendo do governo. Na \u00faltima quarta, <strong>Maia<\/strong> disparou contra o ministro da <strong>Justi\u00e7a e Seguran\u00e7a P\u00fablica<\/strong>, <strong>Sergio Moro,<\/strong> irritado pela press\u00e3o recebida pelo ex-juiz para colocar o <strong>pacote anticrime<\/strong> em tramita\u00e7\u00e3o o quanto antes poss\u00edvel.<\/p>\n<p><a href=\"https:\/\/www.suno.com.br\/noticias\/ibovespa-despenca-prisao-michel-temer\/\">Saiba mais: Ibovespa despenca ap\u00f3s pris\u00e3o do ex-presidente Michel Temer<\/a><\/p>\n<p>O <a href=\"https:\/\/www.suno.com.br\/artigos\/resumo-da-semana-ibovespa-proximo-dos-100-000-pontos-ipca-igp-10-e-reforma-da-previdencia\/\">mercado sentiu os riscos<\/a> para a <strong>reforma da Previd\u00eancia<\/strong> e fez o <strong>Ibovespa<\/strong> desabar ap\u00f3s a repercuss\u00e3o do caso. Por volta das 12h20, cerca de uma hora ap\u00f3s a pris\u00e3o de <strong>Michel Temer,<\/strong> o <strong>Ibovespa<\/strong> registrava um queda de -1,75%, s 96.324,86 pontos. O <strong>d\u00f3lar<\/strong> iniciou a sess\u00e3o desta quinta em alta, no entanto, disparou ap\u00f3s a <strong>a\u00e7\u00e3o<\/strong> da <strong><a href=\"http:\/\/www.mpf.mp.br\/para-o-cidadao\/caso-lava-jato\">Lava Jato<\/a>.<\/strong> Por volta das 12h20 registrava uma alta de 1,426%, sendo negociado a R$ 3,8198.<\/p>\n","protected":false},"excerpt":{"rendered":"<p>A pris\u00e3o do ex-presidente Michel Temer na Opera\u00e7\u00e3o Lava Jato na manh\u00e3 desta quinta (21) pode ter impactos na tramita\u00e7\u00e3o da reforma da Previd\u00eancia. reforma da Previd\u00eancia, Rodrigo Maia Um assessor presidencial ouvido pela Folha de S.Paulo disse que a pris\u00e3o de Michel Temer era uma &#8220;quest\u00e3o de tempo&#8221;. Mas, por ocorrer num momento em [&hellip;]<\/p>\n","protected":false},"author":13,"featured_media":17492,"comment_status":"closed","ping_status":"closed","sticky":false,"template":"","format":"standard","meta":[],"categories":[61],"tags":[901,734,1914,940,892],"suno_strategy":[],"class_list":["post-18671","post","type-post","status-publish","format-standard","has-post-thumbnail","hentry","category-politica","tag-congresso-nacional","tag-michel-temer","tag-operacao-lava-jato","tag-reforma-da-previdencia","tag-rodrigo-maia"],"yoast_head":"<!-- This site is optimized with the Yoast SEO plugin v24.4 - https:\/\/yoast.com\/wordpress\/plugins\/seo\/ -->\n<title>Entenda como a pris\u00e3o de Temer pode afetar a reforma da Previd\u00eancia<\/title>\n<meta name=\"description\" content=\"A pris\u00e3o de Michel Temer na Opera\u00e7\u00e3o Lava Jato nesta quinta pode ter impactos na tramita\u00e7\u00e3o da reforma da Previd\u00eancia. Clique e saiba mais\" \/>\n<meta name=\"robots\" content=\"index, follow, max-snippet:-1, max-image-preview:large, max-video-preview:-1\" \/>\n<link rel=\"canonical\" href=\"https:\/\/www.suno.com.br\/noticias\/prisao-temer-afeta-reforma-previdencia\/\" \/>\n<meta property=\"og:locale\" content=\"pt_BR\" \/>\n<meta property=\"og:type\" content=\"article\" \/>\n<meta property=\"og:title\" content=\"Entenda como a pris\u00e3o de Temer pode afetar a reforma da Previd\u00eancia\" \/>\n<meta property=\"og:description\" content=\"A pris\u00e3o de Michel Temer na Opera\u00e7\u00e3o Lava Jato nesta quinta pode ter impactos na tramita\u00e7\u00e3o da reforma da Previd\u00eancia. Clique e saiba mais\" \/>\n<meta property=\"og:url\" content=\"https:\/\/www.suno.com.br\/noticias\/prisao-temer-afeta-reforma-previdencia\/\" \/>\n<meta property=\"og:site_name\" content=\"Suno Not\u00edcias\" \/>\n<meta property=\"article:publisher\" content=\"https:\/\/facebook.com\/sunoresearch\" \/>\n<meta property=\"og:image\" content=\"https:\/\/files.sunoresearch.com.br\/n\/uploads\/2019\/03\/f20e34ce-previd\u00eancia.jpg\" \/>\n\t<meta property=\"og:image:width\" content=\"1140\" \/>\n\t<meta property=\"og:image:height\" content=\"760\" \/>\n\t<meta property=\"og:image:type\" content=\"image\/jpeg\" \/>\n<meta name=\"author\" content=\"Guilherme Caetano\" \/>\n<meta name=\"twitter:card\" content=\"summary_large_image\" \/>\n<meta name=\"twitter:creator\" content=\"@sunoresearch\" \/>\n<meta name=\"twitter:site\" content=\"@sunoresearch\" \/>\n<meta name=\"twitter:label1\" content=\"Escrito por\" \/>\n\t<meta name=\"twitter:data1\" content=\"Guilherme Caetano\" \/>\n\t<meta name=\"twitter:label2\" content=\"Est. tempo de leitura\" \/>\n\t<meta name=\"twitter:data2\" content=\"2 minutos\" \/>\n<script type=\"application\/ld+json\" class=\"yoast-schema-graph\">{\"@context\":\"https:\/\/schema.org\",\"@graph\":[{\"@type\":\"NewsArticle\",\"@id\":\"https:\/\/www.suno.com.br\/noticias\/prisao-temer-afeta-reforma-previdencia\/#article\",\"isPartOf\":{\"@id\":\"https:\/\/www.suno.com.br\/noticias\/prisao-temer-afeta-reforma-previdencia\/\"},\"author\":{\"name\":\"Guilherme Caetano\",\"@id\":\"https:\/\/www.suno.com.br\/noticias\/#\/schema\/person\/0d0c9687cd2f600c564f25980c140de9\"},\"headline\":\"Entenda como a pris\u00e3o de Temer pode afetar a reforma da Previd\u00eancia\",\"datePublished\":\"2019-03-21T19:22:27+00:00\",\"dateModified\":\"2021-02-17T23:08:34+00:00\",\"mainEntityOfPage\":{\"@id\":\"https:\/\/www.suno.com.br\/noticias\/prisao-temer-afeta-reforma-previdencia\/\"},\"wordCount\":425,\"publisher\":{\"@id\":\"https:\/\/www.suno.com.br\/noticias\/#organization\"},\"image\":{\"@id\":\"https:\/\/www.suno.com.br\/noticias\/prisao-temer-afeta-reforma-previdencia\/#primaryimage\"},\"thumbnailUrl\":\"https:\/\/files.sunoresearch.com.br\/n\/uploads\/2019\/03\/f20e34ce-previd\u00eancia-jpg.webp\",\"keywords\":[\"Congresso Nacional\",\"Michel Temer\",\"Opera\u00e7\u00e3o Lava Jato\",\"Reforma da Previd\u00eancia\",\"Rodrigo Maia\"],\"articleSection\":[\"Pol\u00edtica\"],\"inLanguage\":\"pt-BR\"},{\"@type\":\"WebPage\",\"@id\":\"https:\/\/www.suno.com.br\/noticias\/prisao-temer-afeta-reforma-previdencia\/\",\"url\":\"https:\/\/www.suno.com.br\/noticias\/prisao-temer-afeta-reforma-previdencia\/\",\"name\":\"Entenda como a pris\u00e3o de Temer pode afetar a reforma da Previd\u00eancia\",\"isPartOf\":{\"@id\":\"https:\/\/www.suno.com.br\/noticias\/#website\"},\"primaryImageOfPage\":{\"@id\":\"https:\/\/www.suno.com.br\/noticias\/prisao-temer-afeta-reforma-previdencia\/#primaryimage\"},\"image\":{\"@id\":\"https:\/\/www.suno.com.br\/noticias\/prisao-temer-afeta-reforma-previdencia\/#primaryimage\"},\"thumbnailUrl\":\"https:\/\/files.sunoresearch.com.br\/n\/uploads\/2019\/03\/f20e34ce-previd\u00eancia-jpg.webp\",\"datePublished\":\"2019-03-21T19:22:27+00:00\",\"dateModified\":\"2021-02-17T23:08:34+00:00\",\"description\":\"A pris\u00e3o de Michel Temer na Opera\u00e7\u00e3o Lava Jato nesta quinta pode ter impactos na tramita\u00e7\u00e3o da reforma da Previd\u00eancia. Clique e saiba mais\",\"breadcrumb\":{\"@id\":\"https:\/\/www.suno.com.br\/noticias\/prisao-temer-afeta-reforma-previdencia\/#breadcrumb\"},\"inLanguage\":\"pt-BR\",\"potentialAction\":[{\"@type\":\"ReadAction\",\"target\":[\"https:\/\/www.suno.com.br\/noticias\/prisao-temer-afeta-reforma-previdencia\/\"]}]},{\"@type\":\"ImageObject\",\"inLanguage\":\"pt-BR\",\"@id\":\"https:\/\/www.suno.com.br\/noticias\/prisao-temer-afeta-reforma-previdencia\/#primaryimage\",\"url\":\"https:\/\/files.sunoresearch.com.br\/n\/uploads\/2019\/03\/f20e34ce-previd\u00eancia-jpg.webp\",\"contentUrl\":\"https:\/\/files.sunoresearch.com.br\/n\/uploads\/2019\/03\/f20e34ce-previd\u00eancia-jpg.webp\",\"width\":1140,\"height\":760,\"caption\":\"reforma da Previd\u00eancia, Rodrigo Maia\"},{\"@type\":\"BreadcrumbList\",\"@id\":\"https:\/\/www.suno.com.br\/noticias\/prisao-temer-afeta-reforma-previdencia\/#breadcrumb\",\"itemListElement\":[{\"@type\":\"ListItem\",\"position\":1,\"name\":\"Not\u00edcias\",\"item\":\"https:\/\/www.suno.com.br\/noticias\/\"},{\"@type\":\"ListItem\",\"position\":2,\"name\":\"Pol\u00edtica\",\"item\":\"https:\/\/www.suno.com.br\/noticias\/politica\/\"},{\"@type\":\"ListItem\",\"position\":3,\"name\":\"Entenda como a pris\u00e3o de Temer pode afetar a reforma da Previd\u00eancia\"}]},{\"@type\":\"WebSite\",\"@id\":\"https:\/\/www.suno.com.br\/noticias\/#website\",\"url\":\"https:\/\/www.suno.com.br\/noticias\/\",\"name\":\"Suno Not\u00edcias\",\"description\":\"Seu portal de informa\u00e7\u00e3o sobre o mundo dos investimentos\",\"publisher\":{\"@id\":\"https:\/\/www.suno.com.br\/noticias\/#organization\"},\"potentialAction\":[{\"@type\":\"SearchAction\",\"target\":{\"@type\":\"EntryPoint\",\"urlTemplate\":\"https:\/\/www.suno.com.br\/noticias\/?s={search_term_string}\"},\"query-input\":{\"@type\":\"PropertyValueSpecification\",\"valueRequired\":true,\"valueName\":\"search_term_string\"}}],\"inLanguage\":\"pt-BR\"},{\"@type\":\"Organization\",\"@id\":\"https:\/\/www.suno.com.br\/noticias\/#organization\",\"name\":\"Suno Not\u00edcias\",\"url\":\"https:\/\/www.suno.com.br\/noticias\/\",\"logo\":{\"@type\":\"ImageObject\",\"inLanguage\":\"pt-BR\",\"@id\":\"https:\/\/www.suno.com.br\/noticias\/#\/schema\/logo\/image\/\",\"url\":\"https:\/\/files.sunoresearch.com.br\/n\/uploads\/2021\/09\/suno-logo.png\",\"contentUrl\":\"https:\/\/files.sunoresearch.com.br\/n\/uploads\/2021\/09\/suno-logo.png\",\"width\":180,\"height\":180,\"caption\":\"Suno Not\u00edcias\"},\"image\":{\"@id\":\"https:\/\/www.suno.com.br\/noticias\/#\/schema\/logo\/image\/\"},\"sameAs\":[\"https:\/\/facebook.com\/sunoresearch\",\"https:\/\/x.com\/sunoresearch\",\"https:\/\/www.instagram.com\/suno\",\"https:\/\/www.linkedin.com\/company\/suno-research\/\",\"https:\/\/www.youtube.com\/c\/sunoresearch\"]},{\"@type\":\"Person\",\"@id\":\"https:\/\/www.suno.com.br\/noticias\/#\/schema\/person\/0d0c9687cd2f600c564f25980c140de9\",\"name\":\"Guilherme Caetano\",\"image\":{\"@type\":\"ImageObject\",\"inLanguage\":\"pt-BR\",\"@id\":\"https:\/\/www.suno.com.br\/noticias\/#\/schema\/person\/image\/\",\"url\":\"https:\/\/secure.gravatar.com\/avatar\/e48357351a01702a0d19307070e081bf?s=96&r=g\",\"contentUrl\":\"https:\/\/secure.gravatar.com\/avatar\/e48357351a01702a0d19307070e081bf?s=96&r=g\",\"caption\":\"Guilherme Caetano\"},\"description\":\"Formado em jornalismo pela Escola de Comunica\u00e7\u00f5es e Artes da USP, Guilherme Caetano escreve para o portal de not\u00edcias da Suno Research. Passou pelas reda\u00e7\u00f5es da Folha de S.Paulo e da revista \u00c9poca.\",\"url\":\"https:\/\/www.suno.com.br\/noticias\/author\/guilherme-caetano\/\"}]}<\/script>\n<!-- \/ Yoast SEO plugin. -->","yoast_head_json":{"title":"Entenda como a pris\u00e3o de Temer pode afetar a reforma da Previd\u00eancia","description":"A pris\u00e3o de Michel Temer na Opera\u00e7\u00e3o Lava Jato nesta quinta pode ter impactos na tramita\u00e7\u00e3o da reforma da Previd\u00eancia. Clique e saiba mais","robots":{"index":"index","follow":"follow","max-snippet":"max-snippet:-1","max-image-preview":"max-image-preview:large","max-video-preview":"max-video-preview:-1"},"canonical":"https:\/\/www.suno.com.br\/noticias\/prisao-temer-afeta-reforma-previdencia\/","og_locale":"pt_BR","og_type":"article","og_title":"Entenda como a pris\u00e3o de Temer pode afetar a reforma da Previd\u00eancia","og_description":"A pris\u00e3o de Michel Temer na Opera\u00e7\u00e3o Lava Jato nesta quinta pode ter impactos na tramita\u00e7\u00e3o da reforma da Previd\u00eancia. Clique e saiba mais","og_url":"https:\/\/www.suno.com.br\/noticias\/prisao-temer-afeta-reforma-previdencia\/","og_site_name":"Suno Not\u00edcias","article_publisher":"https:\/\/facebook.com\/sunoresearch","og_image":[{"width":1140,"height":760,"url":"https:\/\/files.sunoresearch.com.br\/n\/uploads\/2019\/03\/f20e34ce-previd\u00eancia.jpg","type":"image\/jpeg"}],"author":"Guilherme Caetano","twitter_card":"summary_large_image","twitter_creator":"@sunoresearch","twitter_site":"@sunoresearch","twitter_misc":{"Escrito por":"Guilherme Caetano","Est. tempo de leitura":"2 minutos"},"schema":{"@context":"https:\/\/schema.org","@graph":[{"@type":"NewsArticle","@id":"https:\/\/www.suno.com.br\/noticias\/prisao-temer-afeta-reforma-previdencia\/#article","isPartOf":{"@id":"https:\/\/www.suno.com.br\/noticias\/prisao-temer-afeta-reforma-previdencia\/"},"author":{"name":"Guilherme Caetano","@id":"https:\/\/www.suno.com.br\/noticias\/#\/schema\/person\/0d0c9687cd2f600c564f25980c140de9"},"headline":"Entenda como a pris\u00e3o de Temer pode afetar a reforma da Previd\u00eancia","datePublished":"2019-03-21T19:22:27+00:00","dateModified":"2021-02-17T23:08:34+00:00","mainEntityOfPage":{"@id":"https:\/\/www.suno.com.br\/noticias\/prisao-temer-afeta-reforma-previdencia\/"},"wordCount":425,"publisher":{"@id":"https:\/\/www.suno.com.br\/noticias\/#organization"},"image":{"@id":"https:\/\/www.suno.com.br\/noticias\/prisao-temer-afeta-reforma-previdencia\/#primaryimage"},"thumbnailUrl":"https:\/\/files.sunoresearch.com.br\/n\/uploads\/2019\/03\/f20e34ce-previd\u00eancia-jpg.webp","keywords":["Congresso Nacional","Michel Temer","Opera\u00e7\u00e3o Lava Jato","Reforma da Previd\u00eancia","Rodrigo Maia"],"articleSection":["Pol\u00edtica"],"inLanguage":"pt-BR"},{"@type":"WebPage","@id":"https:\/\/www.suno.com.br\/noticias\/prisao-temer-afeta-reforma-previdencia\/","url":"https:\/\/www.suno.com.br\/noticias\/prisao-temer-afeta-reforma-previdencia\/","name":"Entenda como a pris\u00e3o de Temer pode afetar a reforma da Previd\u00eancia","isPartOf":{"@id":"https:\/\/www.suno.com.br\/noticias\/#website"},"primaryImageOfPage":{"@id":"https:\/\/www.suno.com.br\/noticias\/prisao-temer-afeta-reforma-previdencia\/#primaryimage"},"image":{"@id":"https:\/\/www.suno.com.br\/noticias\/prisao-temer-afeta-reforma-previdencia\/#primaryimage"},"thumbnailUrl":"https:\/\/files.sunoresearch.com.br\/n\/uploads\/2019\/03\/f20e34ce-previd\u00eancia-jpg.webp","datePublished":"2019-03-21T19:22:27+00:00","dateModified":"2021-02-17T23:08:34+00:00","description":"A pris\u00e3o de Michel Temer na Opera\u00e7\u00e3o Lava Jato nesta quinta pode ter impactos na tramita\u00e7\u00e3o da reforma da Previd\u00eancia. Clique e saiba mais","breadcrumb":{"@id":"https:\/\/www.suno.com.br\/noticias\/prisao-temer-afeta-reforma-previdencia\/#breadcrumb"},"inLanguage":"pt-BR","potentialAction":[{"@type":"ReadAction","target":["https:\/\/www.suno.com.br\/noticias\/prisao-temer-afeta-reforma-previdencia\/"]}]},{"@type":"ImageObject","inLanguage":"pt-BR","@id":"https:\/\/www.suno.com.br\/noticias\/prisao-temer-afeta-reforma-previdencia\/#primaryimage","url":"https:\/\/files.sunoresearch.com.br\/n\/uploads\/2019\/03\/f20e34ce-previd\u00eancia-jpg.webp","contentUrl":"https:\/\/files.sunoresearch.com.br\/n\/uploads\/2019\/03\/f20e34ce-previd\u00eancia-jpg.webp","width":1140,"height":760,"caption":"reforma da Previd\u00eancia, Rodrigo Maia"},{"@type":"BreadcrumbList","@id":"https:\/\/www.suno.com.br\/noticias\/prisao-temer-afeta-reforma-previdencia\/#breadcrumb","itemListElement":[{"@type":"ListItem","position":1,"name":"Not\u00edcias","item":"https:\/\/www.suno.com.br\/noticias\/"},{"@type":"ListItem","position":2,"name":"Pol\u00edtica","item":"https:\/\/www.suno.com.br\/noticias\/politica\/"},{"@type":"ListItem","position":3,"name":"Entenda como a pris\u00e3o de Temer pode afetar a reforma da Previd\u00eancia"}]},{"@type":"WebSite","@id":"https:\/\/www.suno.com.br\/noticias\/#website","url":"https:\/\/www.suno.com.br\/noticias\/","name":"Suno Not\u00edcias","description":"Seu portal de informa\u00e7\u00e3o sobre o mundo dos investimentos","publisher":{"@id":"https:\/\/www.suno.com.br\/noticias\/#organization"},"potentialAction":[{"@type":"SearchAction","target":{"@type":"EntryPoint","urlTemplate":"https:\/\/www.suno.com.br\/noticias\/?s={search_term_string}"},"query-input":{"@type":"PropertyValueSpecification","valueRequired":true,"valueName":"search_term_string"}}],"inLanguage":"pt-BR"},{"@type":"Organization","@id":"https:\/\/www.suno.com.br\/noticias\/#organization","name":"Suno Not\u00edcias","url":"https:\/\/www.suno.com.br\/noticias\/","logo":{"@type":"ImageObject","inLanguage":"pt-BR","@id":"https:\/\/www.suno.com.br\/noticias\/#\/schema\/logo\/image\/","url":"https:\/\/files.sunoresearch.com.br\/n\/uploads\/2021\/09\/suno-logo.png","contentUrl":"https:\/\/files.sunoresearch.com.br\/n\/uploads\/2021\/09\/suno-logo.png","width":180,"height":180,"caption":"Suno Not\u00edcias"},"image":{"@id":"https:\/\/www.suno.com.br\/noticias\/#\/schema\/logo\/image\/"},"sameAs":["https:\/\/facebook.com\/sunoresearch","https:\/\/x.com\/sunoresearch","https:\/\/www.instagram.com\/suno","https:\/\/www.linkedin.com\/company\/suno-research\/","https:\/\/www.youtube.com\/c\/sunoresearch"]},{"@type":"Person","@id":"https:\/\/www.suno.com.br\/noticias\/#\/schema\/person\/0d0c9687cd2f600c564f25980c140de9","name":"Guilherme Caetano","image":{"@type":"ImageObject","inLanguage":"pt-BR","@id":"https:\/\/www.suno.com.br\/noticias\/#\/schema\/person\/image\/","url":"https:\/\/secure.gravatar.com\/avatar\/e48357351a01702a0d19307070e081bf?s=96&r=g","contentUrl":"https:\/\/secure.gravatar.com\/avatar\/e48357351a01702a0d19307070e081bf?s=96&r=g","caption":"Guilherme Caetano"},"description":"Formado em jornalismo pela Escola de Comunica\u00e7\u00f5es e Artes da USP, Guilherme Caetano escreve para o portal de not\u00edcias da Suno Research. Passou pelas reda\u00e7\u00f5es da Folha de S.Paulo e da revista \u00c9poca.","url":"https:\/\/www.suno.com.br\/noticias\/author\/guilherme-caetano\/"}]}},"default_loop_html":"<div class=\"cardsPage__listCard__boxs\"><div class=\"cardsPage__listCard__boxs__img\"><a href=\"https:\/\/www.suno.com.br\/noticias\/prisao-temer-afeta-reforma-previdencia\/\"><img class=\"mask\" src=\"https:\/\/www.suno.com.br\/noticias\/wp-content\/themes\/suno\/resources\/images\/spotlight\/spotlight1img\/bg-mask.png\" alt=\"Image Mask\"\/><img src=\"https:\/\/files.sunoresearch.com.br\/n\/uploads\/2019\/03\/f20e34ce-previd\u00eancia-400x200.webp\" alt=\"Entenda como a pris\u00e3o de Temer pode afetar a reforma da Previd\u00eancia\"\/><\/a><span class=\"spotlightCategory\"><a href=\"https:\/\/www.suno.com.br\/noticias\/politica\/\">Pol\u00edtica<\/a><\/span><\/div><div class=\"cardsPage__listCard__boxs__content\"><a href=\"https:\/\/www.suno.com.br\/noticias\/prisao-temer-afeta-reforma-previdencia\/\"><h2 class=\"content__title\">Entenda como a pris\u00e3o de Temer pode afetar a reforma da Previd\u00eancia<\/h2><\/a><div class=\"newsContent__article__meta\"><div class=\"newsContent__article__meta__authorBox\"><a href=\"https:\/\/www.suno.com.br\/noticias\/author\/guilherme-caetano\/\" class=\"authorBox__avatar noMobi\"><img src=\"https:\/\/secure.gravatar.com\/avatar\/e48357351a01702a0d19307070e081bf?s=96&#038;r=g\" alt=\"Guilherme Caetano\"><\/a><div class=\"authorBox__name\"><span>por\n\t\t\t<a href=\"https:\/\/www.suno.com.br\/noticias\/author\/guilherme-caetano\/\"><span itemprop=\"author\">Guilherme Caetano<\/span><\/a><\/span><time datetime=\"2019-03-21T16:22:27-03:00\" itemprop=\"datePublished\">21\/03\/2019 16:22<\/time><\/div><\/div><\/div><\/div><\/div>","single_layout":"posts","amp_enabled":true,"_links":{"self":[{"href":"https:\/\/www.suno.com.br\/noticias\/wp-json\/wp\/v2\/posts\/18671"}],"collection":[{"href":"https:\/\/www.suno.com.br\/noticias\/wp-json\/wp\/v2\/posts"}],"about":[{"href":"https:\/\/www.suno.com.br\/noticias\/wp-json\/wp\/v2\/types\/post"}],"author":[{"embeddable":true,"href":"https:\/\/www.suno.com.br\/noticias\/wp-json\/wp\/v2\/users\/13"}],"replies":[{"embeddable":true,"href":"https:\/\/www.suno.com.br\/noticias\/wp-json\/wp\/v2\/comments?post=18671"}],"version-history":[{"count":0,"href":"https:\/\/www.suno.com.br\/noticias\/wp-json\/wp\/v2\/posts\/18671\/revisions"}],"wp:featuredmedia":[{"embeddable":true,"href":"https:\/\/www.suno.com.br\/noticias\/wp-json\/wp\/v2\/media\/17492"}],"wp:attachment":[{"href":"https:\/\/www.suno.com.br\/noticias\/wp-json\/wp\/v2\/media?parent=18671"}],"wp:term":[{"taxonomy":"category","embeddable":true,"href":"https:\/\/www.suno.com.br\/noticias\/wp-json\/wp\/v2\/categories?post=18671"},{"taxonomy":"post_tag","embeddable":true,"href":"https:\/\/www.suno.com.br\/noticias\/wp-json\/wp\/v2\/tags?post=18671"},{"taxonomy":"suno_strategy","embeddable":true,"href":"https:\/\/www.suno.com.br\/noticias\/wp-json\/wp\/v2\/suno_strategy?post=18671"}],"curies":[{"name":"wp","href":"https:\/\/api.w.org\/{rel}","templated":true}]}}