{"id":186709,"date":"2021-09-22T21:01:30","date_gmt":"2021-09-23T00:01:30","guid":{"rendered":"https:\/\/www.suno.com.br\/noticias\/?p=186709"},"modified":"2021-09-22T21:01:30","modified_gmt":"2021-09-23T00:01:30","slug":"hapvida-hapv3-despenca-cpi","status":"publish","type":"post","link":"https:\/\/www.suno.com.br\/noticias\/hapvida-hapv3-despenca-cpi\/","title":{"rendered":"A\u00e7\u00f5es da Hapvida (HAPV3) despencam ap\u00f3s empresa ser citada na CPI da Covid"},"content":{"rendered":"<p>Os pap\u00e9is da <strong>Hapvida<\/strong> <strong>(HAPV3)<\/strong> despencaram nesta quarta-feira (22), registrando queda 3,89%, negociados a R$ 14,59. O movimento ocorreu depois que a empresa de plano de sa\u00fade foi citada na sess\u00e3o da CPI da Covid por Pedro Benedito Batista J\u00fanior, diretor da Prevent Senior, que prestou depoimento hoje. Representantes da empresa podem ser intimados pelos senadores a serem interrogados em breve.<\/p>\t<div class=\"wrapper-featured-image\">\n\t\t<figure class=\"spotlightImg\">\n\n\t\t\t<picture>\n\t\t\t\t<source media=\"(max-width: 768px)\" srcset=\"https:\/\/files.sunoresearch.com.br\/n\/uploads\/2021\/04\/5cc0756e-foto-hapvida-institucional_divulgacao_credito-falcao-jr-400x200.webp\">\n\t\t\t\t<img loading=\"lazy\" decoding=\"async\" class=\"newsContent__article__imgCapa lazyloadDisabled \" src=\"https:\/\/files.sunoresearch.com.br\/n\/uploads\/2021\/04\/5cc0756e-foto-hapvida-institucional_divulgacao_credito-falcao-jr-800x450.webp\" width=\"800\" height=\"450\" alt=\"A\u00e7\u00f5es da Hapvida (HAPV3) despencam ap\u00f3s empresa ser citada na CPI da Covid\" fetchpriority=high \/>\n\t\t\t<\/picture>\n\n\t\t\t<figcaption class=\"wp-caption-text wp-caption-text--show\">Hapvida . Foto: Divulga\u00e7\u00e3o<\/figcaption>\n\t\t<\/figure>\n\t<\/div>\n\n\n\t<p>\n\t\t<a href=\"https:\/\/lp.suno.com.br\/planilha-controle-gastos\/\" target=\"_blank\" data-element=\"shortcode-suno-banner\" title=\"Banner SUNO, clique e saiba mais\">\n\t\t\t<picture>\n\t\t\t\t<source media=\"(max-width: 500px)\" srcset=\"https:\/\/files.sunoresearch.com.br\/n\/uploads\/2023\/03\/400x300-Planilha-controle-de-gastos.png\">\n\t\t\t\t<img class=\"newsContent__article__imgCapa newsContent__article__imgCapa--banner\"\n\t\t\t\t\tsrc=\"https:\/\/files.sunoresearch.com.br\/n\/uploads\/2023\/03\/1420x240-Planilha-controle-de-gastos.png\"\n\t\t\t\t\tdata-promo-id=\"101751\"\t\t\t\t\t\t\t\t\t\twidth='1420' height='240'\t\t\t\t\talt=\"https:\/\/files.sunoresearch.com.br\/n\/uploads\/2023\/03\/1420x240-Planilha-controle-de-gastos.png\"\n\t\t\t\t>\n\t\t\t<\/picture>\n\t\t<\/a>\n\t<\/p>\n\n\n<p>Quando Batista J\u00fanior foi questionado pelos senadores da CPI a respeito da pol\u00edtica de \u201cobedi\u00eancia e lealdade\u201d na Prevent Senior, Batista J\u00fanior afirmou que a express\u00e3o era usada em 2017 por um ex-diretor da empresa, Anderson Nascimento, que hoje trabalha para a <strong>Hapvida<\/strong>.<\/p>\n<p>A <a href=\"https:\/\/www.moneytimes.com.br\/tag\/notredame\/\"><strong>NotreDame<\/strong><\/a>\u00a0(<a href=\"https:\/\/www.moneytimes.com.br\/cotacao\/gndi3\/\"><strong>GNDI3<\/strong><\/a>), empresa que deve tentar fus\u00e3o com Hapvida, tamb\u00e9m viu a queda de suas a\u00e7\u00f5es, com baixa de 3,88%, a R$ 79,56.<\/p>\n\t<div data-element=\"shortcode-read-more\" class=\"knowMore\">\n\t\t\t\t<span class=\"knowMore__title\">Saiba mais<\/span>\n\t\t\t\t<a class=\"knowMore__link\" href=\"https:\/\/www.suno.com.br\/noticias\/ibovespa-fecha-alta-copom-via-viia3-recua\/\">\n\t\t\tIbovespa sobe 1,8% e retoma 112 mil pontos em dia de Copom; Via (VIIA3) recua 2%\t\t<\/a>\n\t<\/div>\n\n\n<p>Den\u00fancias feitas ao colegiado apontam que a operadora ocultou mortes de pacientes em estudo realizado para testar o tratamento precoce da covid-19, que n\u00e3o tem comprova\u00e7\u00e3o cient\u00edfica.<\/p>\n<p>O diretor da Prevent Senior, Pedro Benedito Batista J\u00fanior, disse que ex-funcion\u00e1rios manipularam dados de pacientes da empresa.<\/p>\n<p>\u201cEsses fatos aconteceram porque o casal George Joppert Netto e Andressa Fernandes Joppert, ex-m\u00e9dicos da Prevent, desligados em junho de 2020, manipularam dados de uma planilha interna, que era planilha de acompanhamento de pacientes, para tentar comprometer a operadora\u201d, afirmou o diretor. O m\u00e9dico acrescentou que uma an\u00e1lise de provas feita pela Ag\u00eancia Nacional de Sa\u00fade Complementar (ANS) comprovou a inexist\u00eancia de infra\u00e7\u00e3o por parte da Prevent.<\/p>\n\t<p>\n\t\t<a href=\"https:\/\/lp.suno.com.br\/ebook-como-analisar-uma-acao\/\" target=\"_blank\" data-element=\"shortcode-suno-banner\" title=\"Banner SUNO, clique e saiba mais\">\n\t\t\t<picture>\n\t\t\t\t<source media=\"(max-width: 500px)\" srcset=\"https:\/\/files.sunoresearch.com.br\/n\/uploads\/2023\/03\/Ebook-Acoes-Mobile-1.jpg\">\n\t\t\t\t<img class=\"newsContent__article__imgCapa newsContent__article__imgCapa--banner\"\n\t\t\t\t\tsrc=\"https:\/\/files.sunoresearch.com.br\/n\/uploads\/2023\/03\/Ebook-Acoes-Desktop-1.jpg\"\n\t\t\t\t\tdata-promo-id=\"171998\"\t\t\t\t\t\t\t\t\t\twidth='1420' height='286'\t\t\t\t\talt=\"https:\/\/files.sunoresearch.com.br\/n\/uploads\/2023\/03\/Ebook-Acoes-Desktop-1.jpg\"\n\t\t\t\t>\n\t\t\t<\/picture>\n\t\t<\/a>\n\t<\/p>\n\n\n<h2>Hapvida (HAPV3) v\u00ea queda de lucro l\u00edquido<\/h2>\n<p>Na divulga\u00e7\u00e3o de seus resultado no segundo trimestre, a operadora de planos de sa\u00fade lucrou, de forma l\u00edquida, R$ 104,6 milh\u00f5es, valor 62,5% menor do que o apurado um ano antes.<\/p>\n\t<p>\n\t\t<a href=\"https:\/\/lp.suno.com.br\/planilha-da-vida-financeira\/\" target=\"_blank\" data-element=\"shortcode-suno-banner\" title=\"Banner SUNO, clique e saiba mais\">\n\t\t\t<picture>\n\t\t\t\t<source media=\"(max-width: 500px)\" srcset=\"https:\/\/files.sunoresearch.com.br\/n\/uploads\/2023\/04\/400x300-Planilha-vida-financeira-true.png\">\n\t\t\t\t<img class=\"newsContent__article__imgCapa newsContent__article__imgCapa--banner\"\n\t\t\t\t\tsrc=\"https:\/\/files.sunoresearch.com.br\/n\/uploads\/2023\/04\/1420x240-Planilha-vida-financeira-true.png\"\n\t\t\t\t\tdata-promo-id=\"106682\"\t\t\t\t\t\t\t\t\t\twidth='1420' height='240'\t\t\t\t\talt=\"https:\/\/files.sunoresearch.com.br\/n\/uploads\/2023\/04\/1420x240-Planilha-vida-financeira-true.png\"\n\t\t\t\t>\n\t\t\t<\/picture>\n\t\t<\/a>\n\t<\/p>\n\n\n<p>O Ebitda (lucro antes de juros, impostos,\u00a0<a class=\"suno-keyword\" href=\"https:\/\/www.suno.com.br\/artigos\/depreciacao-amortizacao\/\" target=\"_blank\" rel=\"noopener noreferrer\" data-force=\"no\" data-priority=\"1\">deprecia\u00e7\u00e3o e amortiza\u00e7\u00e3o<\/a>) da Hapvida somou R$ 291,7 milh\u00f5es, recuo de 052% ante o mesmo intervalo de 2020.<\/p>\n<p>Por outro lado, a\u00a0<strong><a class=\"suno-keyword\" href=\"https:\/\/www.suno.com.br\/artigos\/o-que-receita-liquida\/\" target=\"_blank\" rel=\"noopener noreferrer\" data-force=\"no\" data-priority=\"1\">receita l\u00edquida<\/a>\u00a0do Hapvida<\/strong>\u00a0atingiu R$ 2,402 bilh\u00f5es no intervalo entre abril e junho, alta anual de 15,7%. A sinistralidade total atingiu 70,7% no trimestre, representando avan\u00e7o de 16,2 pontos porcentuais em rela\u00e7\u00e3o ao per\u00edodo em 2020. A\u00a0<strong>sinistralidade caixa<\/strong>\u00a0atingiu 66,6%, crescimento de 14,2 pontos porcentuais.<\/p>\n\t<p>\n\t\t<a href=\"https:\/\/lp.suno.com.br\/planilha-de-controle-de-investimentos\/\" target=\"_blank\" data-element=\"shortcode-suno-banner\" title=\"Banner SUNO, clique e saiba mais\">\n\t\t\t<picture>\n\t\t\t\t<source media=\"(max-width: 500px)\" srcset=\"https:\/\/files.sunoresearch.com.br\/n\/uploads\/2023\/03\/400x300-Controle-de-Investimentos.png\">\n\t\t\t\t<img class=\"newsContent__article__imgCapa newsContent__article__imgCapa--banner\"\n\t\t\t\t\tsrc=\"https:\/\/files.sunoresearch.com.br\/n\/uploads\/2023\/03\/1420x240-Controle-de-Investimentos.png\"\n\t\t\t\t\tdata-promo-id=\"75934\"\t\t\t\t\t\t\t\t\t\twidth='1420' height='240'\t\t\t\t\talt=\"https:\/\/files.sunoresearch.com.br\/n\/uploads\/2023\/03\/1420x240-Controle-de-Investimentos.png\"\n\t\t\t\t>\n\t\t\t<\/picture>\n\t\t<\/a>\n\t<\/p>\n\n\n<p>O <strong>Hapvida (HAPV3)<\/strong> encerrou o trimestre com posi\u00e7\u00e3o de caixa l\u00edquido de R$ 4,9 bilh\u00f5es, com \u00edndice d\u00edvida financeira l\u00edquida\/Ebitda de -1,4x, ante -1,1x no mesmo trimestre do ano passado e -0,7x no primeiro trimestre deste ano.<\/p>\n\t<p>\n\t\t<a href=\"\" target=\"_blank\" data-element=\"shortcode-suno-banner\" title=\"Banner SUNO, clique e saiba mais\">\n\t\t\t<picture>\n\t\t\t\t<source media=\"(max-width: 500px)\" srcset=\"\">\n\t\t\t\t<img class=\"newsContent__article__imgCapa newsContent__article__imgCapa--banner\"\n\t\t\t\t\tsrc=\"\"\n\t\t\t\t\tdata-promo-id=\"184190\"\t\t\t\t\t\t\t\t\t\t\t\t\t\t\talt=\"\"\n\t\t\t\t>\n\t\t\t<\/picture>\n\t\t<\/a>\n\t<\/p>\n\n\n<p><em>(Com Ag\u00eancia Brasil)<\/em><\/p>\n","protected":false},"excerpt":{"rendered":"<p>Os pap\u00e9is da Hapvida (HAPV3) despencaram nesta quarta-feira (22), registrando queda 3,89%, negociados a R$ 14,59. O movimento ocorreu depois que a empresa de plano de sa\u00fade foi citada na sess\u00e3o da CPI da Covid por Pedro Benedito Batista J\u00fanior, diretor da Prevent Senior, que prestou depoimento hoje. Representantes da empresa podem ser intimados pelos [&hellip;]<\/p>\n","protected":false},"author":118,"featured_media":137430,"comment_status":"closed","ping_status":"closed","sticky":false,"template":"","format":"standard","meta":[],"categories":[60],"tags":[1455,497,512],"suno_strategy":[],"class_list":["post-186709","post","type-post","status-publish","format-standard","has-post-thumbnail","hentry","category-mercado","tag-comissao-parlamentar-inquerito-cpi","tag-hapvida-hapv3","tag-notredame-intermedica-gndi3"],"yoast_head":"<!-- This site is optimized with the Yoast SEO plugin v24.4 - https:\/\/yoast.com\/wordpress\/plugins\/seo\/ -->\n<title>A\u00e7\u00f5es da Hapvida (HAPV3) despencam ap\u00f3s cita\u00e7\u00e3o na CPI da Covid<\/title>\n<meta name=\"description\" content=\"Os pap\u00e9is da Hapvida (HAPV3) despencaram nesta quarta-feira (22), registrando queda de 3,89%, negociados a R$ 14,59. Saiba mais aqui\" \/>\n<meta name=\"robots\" content=\"index, follow, max-snippet:-1, max-image-preview:large, max-video-preview:-1\" \/>\n<link rel=\"canonical\" href=\"https:\/\/www.suno.com.br\/noticias\/hapvida-hapv3-despenca-cpi\/\" \/>\n<meta property=\"og:locale\" content=\"pt_BR\" \/>\n<meta property=\"og:type\" content=\"article\" \/>\n<meta property=\"og:title\" content=\"A\u00e7\u00f5es da Hapvida (HAPV3) despencam ap\u00f3s cita\u00e7\u00e3o na CPI da Covid\" \/>\n<meta property=\"og:description\" content=\"Os pap\u00e9is da Hapvida (HAPV3) despencaram nesta quarta-feira (22), registrando queda de 3,89%, negociados a R$ 14,59. Saiba mais aqui\" \/>\n<meta property=\"og:url\" content=\"https:\/\/www.suno.com.br\/noticias\/hapvida-hapv3-despenca-cpi\/\" \/>\n<meta property=\"og:site_name\" content=\"Suno Not\u00edcias\" \/>\n<meta property=\"article:publisher\" content=\"https:\/\/facebook.com\/sunoresearch\" \/>\n<meta property=\"og:image\" content=\"https:\/\/files.sunoresearch.com.br\/n\/uploads\/2021\/04\/5cc0756e-foto-hapvida-institucional_divulgacao_credito-falcao-jr.jpg\" \/>\n\t<meta property=\"og:image:width\" content=\"1200\" \/>\n\t<meta property=\"og:image:height\" content=\"708\" \/>\n\t<meta property=\"og:image:type\" content=\"image\/jpeg\" \/>\n<meta name=\"author\" content=\"Bruno Galv\u00e3o\" \/>\n<meta name=\"twitter:card\" content=\"summary_large_image\" \/>\n<meta name=\"twitter:creator\" content=\"@sunoresearch\" \/>\n<meta name=\"twitter:site\" content=\"@sunoresearch\" \/>\n<meta name=\"twitter:label1\" content=\"Escrito por\" \/>\n\t<meta name=\"twitter:data1\" content=\"Bruno Galv\u00e3o\" \/>\n\t<meta name=\"twitter:label2\" content=\"Est. tempo de leitura\" \/>\n\t<meta name=\"twitter:data2\" content=\"2 minutos\" \/>\n<script type=\"application\/ld+json\" class=\"yoast-schema-graph\">{\"@context\":\"https:\/\/schema.org\",\"@graph\":[{\"@type\":\"NewsArticle\",\"@id\":\"https:\/\/www.suno.com.br\/noticias\/hapvida-hapv3-despenca-cpi\/#article\",\"isPartOf\":{\"@id\":\"https:\/\/www.suno.com.br\/noticias\/hapvida-hapv3-despenca-cpi\/\"},\"author\":{\"name\":\"Bruno Galv\u00e3o\",\"@id\":\"https:\/\/www.suno.com.br\/noticias\/#\/schema\/person\/06f0d962a6b1c54852e4860f16935600\"},\"headline\":\"A\u00e7\u00f5es da Hapvida (HAPV3) despencam ap\u00f3s empresa ser citada na CPI da Covid\",\"datePublished\":\"2021-09-23T00:01:30+00:00\",\"mainEntityOfPage\":{\"@id\":\"https:\/\/www.suno.com.br\/noticias\/hapvida-hapv3-despenca-cpi\/\"},\"wordCount\":459,\"publisher\":{\"@id\":\"https:\/\/www.suno.com.br\/noticias\/#organization\"},\"image\":{\"@id\":\"https:\/\/www.suno.com.br\/noticias\/hapvida-hapv3-despenca-cpi\/#primaryimage\"},\"thumbnailUrl\":\"https:\/\/files.sunoresearch.com.br\/n\/uploads\/2021\/04\/5cc0756e-foto-hapvida-institucional_divulgacao_credito-falcao-jr-jpg.webp\",\"keywords\":[\"Comiss\u00e3o Parlamentar de Inqu\u00e9rito (CPI)\",\"Hapvida (HAPV3)\",\"NotreDame Intermedica (GNDI3)\"],\"articleSection\":[\"Mercado\"],\"inLanguage\":\"pt-BR\"},{\"@type\":\"WebPage\",\"@id\":\"https:\/\/www.suno.com.br\/noticias\/hapvida-hapv3-despenca-cpi\/\",\"url\":\"https:\/\/www.suno.com.br\/noticias\/hapvida-hapv3-despenca-cpi\/\",\"name\":\"A\u00e7\u00f5es da Hapvida (HAPV3) despencam ap\u00f3s cita\u00e7\u00e3o na CPI da Covid\",\"isPartOf\":{\"@id\":\"https:\/\/www.suno.com.br\/noticias\/#website\"},\"primaryImageOfPage\":{\"@id\":\"https:\/\/www.suno.com.br\/noticias\/hapvida-hapv3-despenca-cpi\/#primaryimage\"},\"image\":{\"@id\":\"https:\/\/www.suno.com.br\/noticias\/hapvida-hapv3-despenca-cpi\/#primaryimage\"},\"thumbnailUrl\":\"https:\/\/files.sunoresearch.com.br\/n\/uploads\/2021\/04\/5cc0756e-foto-hapvida-institucional_divulgacao_credito-falcao-jr-jpg.webp\",\"datePublished\":\"2021-09-23T00:01:30+00:00\",\"description\":\"Os pap\u00e9is da Hapvida (HAPV3) despencaram nesta quarta-feira (22), registrando queda de 3,89%, negociados a R$ 14,59. Saiba mais aqui\",\"breadcrumb\":{\"@id\":\"https:\/\/www.suno.com.br\/noticias\/hapvida-hapv3-despenca-cpi\/#breadcrumb\"},\"inLanguage\":\"pt-BR\",\"potentialAction\":[{\"@type\":\"ReadAction\",\"target\":[\"https:\/\/www.suno.com.br\/noticias\/hapvida-hapv3-despenca-cpi\/\"]}]},{\"@type\":\"ImageObject\",\"inLanguage\":\"pt-BR\",\"@id\":\"https:\/\/www.suno.com.br\/noticias\/hapvida-hapv3-despenca-cpi\/#primaryimage\",\"url\":\"https:\/\/files.sunoresearch.com.br\/n\/uploads\/2021\/04\/5cc0756e-foto-hapvida-institucional_divulgacao_credito-falcao-jr-jpg.webp\",\"contentUrl\":\"https:\/\/files.sunoresearch.com.br\/n\/uploads\/2021\/04\/5cc0756e-foto-hapvida-institucional_divulgacao_credito-falcao-jr-jpg.webp\",\"width\":1200,\"height\":708,\"caption\":\"Hapvida . Foto: Divulga\u00e7\u00e3o\"},{\"@type\":\"BreadcrumbList\",\"@id\":\"https:\/\/www.suno.com.br\/noticias\/hapvida-hapv3-despenca-cpi\/#breadcrumb\",\"itemListElement\":[{\"@type\":\"ListItem\",\"position\":1,\"name\":\"Not\u00edcias\",\"item\":\"https:\/\/www.suno.com.br\/noticias\/\"},{\"@type\":\"ListItem\",\"position\":2,\"name\":\"Mercado\",\"item\":\"https:\/\/www.suno.com.br\/noticias\/mercado\/\"},{\"@type\":\"ListItem\",\"position\":3,\"name\":\"A\u00e7\u00f5es da Hapvida (HAPV3) despencam ap\u00f3s empresa ser citada na CPI da Covid\"}]},{\"@type\":\"WebSite\",\"@id\":\"https:\/\/www.suno.com.br\/noticias\/#website\",\"url\":\"https:\/\/www.suno.com.br\/noticias\/\",\"name\":\"Suno Not\u00edcias\",\"description\":\"Seu portal de informa\u00e7\u00e3o sobre o mundo dos investimentos\",\"publisher\":{\"@id\":\"https:\/\/www.suno.com.br\/noticias\/#organization\"},\"potentialAction\":[{\"@type\":\"SearchAction\",\"target\":{\"@type\":\"EntryPoint\",\"urlTemplate\":\"https:\/\/www.suno.com.br\/noticias\/?s={search_term_string}\"},\"query-input\":{\"@type\":\"PropertyValueSpecification\",\"valueRequired\":true,\"valueName\":\"search_term_string\"}}],\"inLanguage\":\"pt-BR\"},{\"@type\":\"Organization\",\"@id\":\"https:\/\/www.suno.com.br\/noticias\/#organization\",\"name\":\"Suno Not\u00edcias\",\"url\":\"https:\/\/www.suno.com.br\/noticias\/\",\"logo\":{\"@type\":\"ImageObject\",\"inLanguage\":\"pt-BR\",\"@id\":\"https:\/\/www.suno.com.br\/noticias\/#\/schema\/logo\/image\/\",\"url\":\"https:\/\/files.sunoresearch.com.br\/n\/uploads\/2021\/09\/suno-logo.png\",\"contentUrl\":\"https:\/\/files.sunoresearch.com.br\/n\/uploads\/2021\/09\/suno-logo.png\",\"width\":180,\"height\":180,\"caption\":\"Suno Not\u00edcias\"},\"image\":{\"@id\":\"https:\/\/www.suno.com.br\/noticias\/#\/schema\/logo\/image\/\"},\"sameAs\":[\"https:\/\/facebook.com\/sunoresearch\",\"https:\/\/x.com\/sunoresearch\",\"https:\/\/www.instagram.com\/suno\",\"https:\/\/www.linkedin.com\/company\/suno-research\/\",\"https:\/\/www.youtube.com\/c\/sunoresearch\"]},{\"@type\":\"Person\",\"@id\":\"https:\/\/www.suno.com.br\/noticias\/#\/schema\/person\/06f0d962a6b1c54852e4860f16935600\",\"name\":\"Bruno Galv\u00e3o\",\"image\":{\"@type\":\"ImageObject\",\"inLanguage\":\"pt-BR\",\"@id\":\"https:\/\/www.suno.com.br\/noticias\/#\/schema\/person\/image\/\",\"url\":\"https:\/\/secure.gravatar.com\/avatar\/53598df0b41c00f12f287a912d0e918e?s=96&r=g\",\"contentUrl\":\"https:\/\/secure.gravatar.com\/avatar\/53598df0b41c00f12f287a912d0e918e?s=96&r=g\",\"caption\":\"Bruno Galv\u00e3o\"},\"description\":\"Escreve para o portal Suno Not\u00edcias. \u00c9 estudante de Jornalismo pela Faculdade C\u00e1sper L\u00edbero e Letras pela USP. Entusiasta de tecnologia e intelig\u00eancia artificial.\",\"url\":\"https:\/\/www.suno.com.br\/noticias\/author\/bruno-garcia\/\"}]}<\/script>\n<!-- \/ Yoast SEO plugin. -->","yoast_head_json":{"title":"A\u00e7\u00f5es da Hapvida (HAPV3) despencam ap\u00f3s cita\u00e7\u00e3o na CPI da Covid","description":"Os pap\u00e9is da Hapvida (HAPV3) despencaram nesta quarta-feira (22), registrando queda de 3,89%, negociados a R$ 14,59. Saiba mais aqui","robots":{"index":"index","follow":"follow","max-snippet":"max-snippet:-1","max-image-preview":"max-image-preview:large","max-video-preview":"max-video-preview:-1"},"canonical":"https:\/\/www.suno.com.br\/noticias\/hapvida-hapv3-despenca-cpi\/","og_locale":"pt_BR","og_type":"article","og_title":"A\u00e7\u00f5es da Hapvida (HAPV3) despencam ap\u00f3s cita\u00e7\u00e3o na CPI da Covid","og_description":"Os pap\u00e9is da Hapvida (HAPV3) despencaram nesta quarta-feira (22), registrando queda de 3,89%, negociados a R$ 14,59. Saiba mais aqui","og_url":"https:\/\/www.suno.com.br\/noticias\/hapvida-hapv3-despenca-cpi\/","og_site_name":"Suno Not\u00edcias","article_publisher":"https:\/\/facebook.com\/sunoresearch","og_image":[{"width":1200,"height":708,"url":"https:\/\/files.sunoresearch.com.br\/n\/uploads\/2021\/04\/5cc0756e-foto-hapvida-institucional_divulgacao_credito-falcao-jr.jpg","type":"image\/jpeg"}],"author":"Bruno Galv\u00e3o","twitter_card":"summary_large_image","twitter_creator":"@sunoresearch","twitter_site":"@sunoresearch","twitter_misc":{"Escrito por":"Bruno Galv\u00e3o","Est. tempo de leitura":"2 minutos"},"schema":{"@context":"https:\/\/schema.org","@graph":[{"@type":"NewsArticle","@id":"https:\/\/www.suno.com.br\/noticias\/hapvida-hapv3-despenca-cpi\/#article","isPartOf":{"@id":"https:\/\/www.suno.com.br\/noticias\/hapvida-hapv3-despenca-cpi\/"},"author":{"name":"Bruno Galv\u00e3o","@id":"https:\/\/www.suno.com.br\/noticias\/#\/schema\/person\/06f0d962a6b1c54852e4860f16935600"},"headline":"A\u00e7\u00f5es da Hapvida (HAPV3) despencam ap\u00f3s empresa ser citada na CPI da Covid","datePublished":"2021-09-23T00:01:30+00:00","mainEntityOfPage":{"@id":"https:\/\/www.suno.com.br\/noticias\/hapvida-hapv3-despenca-cpi\/"},"wordCount":459,"publisher":{"@id":"https:\/\/www.suno.com.br\/noticias\/#organization"},"image":{"@id":"https:\/\/www.suno.com.br\/noticias\/hapvida-hapv3-despenca-cpi\/#primaryimage"},"thumbnailUrl":"https:\/\/files.sunoresearch.com.br\/n\/uploads\/2021\/04\/5cc0756e-foto-hapvida-institucional_divulgacao_credito-falcao-jr-jpg.webp","keywords":["Comiss\u00e3o Parlamentar de Inqu\u00e9rito (CPI)","Hapvida (HAPV3)","NotreDame Intermedica (GNDI3)"],"articleSection":["Mercado"],"inLanguage":"pt-BR"},{"@type":"WebPage","@id":"https:\/\/www.suno.com.br\/noticias\/hapvida-hapv3-despenca-cpi\/","url":"https:\/\/www.suno.com.br\/noticias\/hapvida-hapv3-despenca-cpi\/","name":"A\u00e7\u00f5es da Hapvida (HAPV3) despencam ap\u00f3s cita\u00e7\u00e3o na CPI da Covid","isPartOf":{"@id":"https:\/\/www.suno.com.br\/noticias\/#website"},"primaryImageOfPage":{"@id":"https:\/\/www.suno.com.br\/noticias\/hapvida-hapv3-despenca-cpi\/#primaryimage"},"image":{"@id":"https:\/\/www.suno.com.br\/noticias\/hapvida-hapv3-despenca-cpi\/#primaryimage"},"thumbnailUrl":"https:\/\/files.sunoresearch.com.br\/n\/uploads\/2021\/04\/5cc0756e-foto-hapvida-institucional_divulgacao_credito-falcao-jr-jpg.webp","datePublished":"2021-09-23T00:01:30+00:00","description":"Os pap\u00e9is da Hapvida (HAPV3) despencaram nesta quarta-feira (22), registrando queda de 3,89%, negociados a R$ 14,59. Saiba mais aqui","breadcrumb":{"@id":"https:\/\/www.suno.com.br\/noticias\/hapvida-hapv3-despenca-cpi\/#breadcrumb"},"inLanguage":"pt-BR","potentialAction":[{"@type":"ReadAction","target":["https:\/\/www.suno.com.br\/noticias\/hapvida-hapv3-despenca-cpi\/"]}]},{"@type":"ImageObject","inLanguage":"pt-BR","@id":"https:\/\/www.suno.com.br\/noticias\/hapvida-hapv3-despenca-cpi\/#primaryimage","url":"https:\/\/files.sunoresearch.com.br\/n\/uploads\/2021\/04\/5cc0756e-foto-hapvida-institucional_divulgacao_credito-falcao-jr-jpg.webp","contentUrl":"https:\/\/files.sunoresearch.com.br\/n\/uploads\/2021\/04\/5cc0756e-foto-hapvida-institucional_divulgacao_credito-falcao-jr-jpg.webp","width":1200,"height":708,"caption":"Hapvida . Foto: Divulga\u00e7\u00e3o"},{"@type":"BreadcrumbList","@id":"https:\/\/www.suno.com.br\/noticias\/hapvida-hapv3-despenca-cpi\/#breadcrumb","itemListElement":[{"@type":"ListItem","position":1,"name":"Not\u00edcias","item":"https:\/\/www.suno.com.br\/noticias\/"},{"@type":"ListItem","position":2,"name":"Mercado","item":"https:\/\/www.suno.com.br\/noticias\/mercado\/"},{"@type":"ListItem","position":3,"name":"A\u00e7\u00f5es da Hapvida (HAPV3) despencam ap\u00f3s empresa ser citada na CPI da Covid"}]},{"@type":"WebSite","@id":"https:\/\/www.suno.com.br\/noticias\/#website","url":"https:\/\/www.suno.com.br\/noticias\/","name":"Suno Not\u00edcias","description":"Seu portal de informa\u00e7\u00e3o sobre o mundo dos investimentos","publisher":{"@id":"https:\/\/www.suno.com.br\/noticias\/#organization"},"potentialAction":[{"@type":"SearchAction","target":{"@type":"EntryPoint","urlTemplate":"https:\/\/www.suno.com.br\/noticias\/?s={search_term_string}"},"query-input":{"@type":"PropertyValueSpecification","valueRequired":true,"valueName":"search_term_string"}}],"inLanguage":"pt-BR"},{"@type":"Organization","@id":"https:\/\/www.suno.com.br\/noticias\/#organization","name":"Suno Not\u00edcias","url":"https:\/\/www.suno.com.br\/noticias\/","logo":{"@type":"ImageObject","inLanguage":"pt-BR","@id":"https:\/\/www.suno.com.br\/noticias\/#\/schema\/logo\/image\/","url":"https:\/\/files.sunoresearch.com.br\/n\/uploads\/2021\/09\/suno-logo.png","contentUrl":"https:\/\/files.sunoresearch.com.br\/n\/uploads\/2021\/09\/suno-logo.png","width":180,"height":180,"caption":"Suno Not\u00edcias"},"image":{"@id":"https:\/\/www.suno.com.br\/noticias\/#\/schema\/logo\/image\/"},"sameAs":["https:\/\/facebook.com\/sunoresearch","https:\/\/x.com\/sunoresearch","https:\/\/www.instagram.com\/suno","https:\/\/www.linkedin.com\/company\/suno-research\/","https:\/\/www.youtube.com\/c\/sunoresearch"]},{"@type":"Person","@id":"https:\/\/www.suno.com.br\/noticias\/#\/schema\/person\/06f0d962a6b1c54852e4860f16935600","name":"Bruno Galv\u00e3o","image":{"@type":"ImageObject","inLanguage":"pt-BR","@id":"https:\/\/www.suno.com.br\/noticias\/#\/schema\/person\/image\/","url":"https:\/\/secure.gravatar.com\/avatar\/53598df0b41c00f12f287a912d0e918e?s=96&r=g","contentUrl":"https:\/\/secure.gravatar.com\/avatar\/53598df0b41c00f12f287a912d0e918e?s=96&r=g","caption":"Bruno Galv\u00e3o"},"description":"Escreve para o portal Suno Not\u00edcias. \u00c9 estudante de Jornalismo pela Faculdade C\u00e1sper L\u00edbero e Letras pela USP. Entusiasta de tecnologia e intelig\u00eancia artificial.","url":"https:\/\/www.suno.com.br\/noticias\/author\/bruno-garcia\/"}]}},"default_loop_html":"<div class=\"cardsPage__listCard__boxs\"><div class=\"cardsPage__listCard__boxs__img\"><a href=\"https:\/\/www.suno.com.br\/noticias\/hapvida-hapv3-despenca-cpi\/\"><img class=\"mask\" src=\"https:\/\/www.suno.com.br\/noticias\/wp-content\/themes\/suno\/resources\/images\/spotlight\/spotlight1img\/bg-mask.png\" alt=\"Image Mask\"\/><img src=\"https:\/\/files.sunoresearch.com.br\/n\/uploads\/2021\/04\/5cc0756e-foto-hapvida-institucional_divulgacao_credito-falcao-jr-400x200.webp\" alt=\"A\u00e7\u00f5es da Hapvida (HAPV3) despencam ap\u00f3s empresa ser citada na CPI da Covid\"\/><\/a><span class=\"spotlightCategory\"><a href=\"https:\/\/www.suno.com.br\/noticias\/mercado\/\">Mercado<\/a><\/span><\/div><div class=\"cardsPage__listCard__boxs__content\"><a href=\"https:\/\/www.suno.com.br\/noticias\/hapvida-hapv3-despenca-cpi\/\"><h2 class=\"content__title\">A\u00e7\u00f5es da Hapvida (HAPV3) despencam ap\u00f3s empresa ser citada na CPI da Covid<\/h2><\/a><div class=\"newsContent__article__meta\"><div class=\"newsContent__article__meta__authorBox\"><a href=\"https:\/\/www.suno.com.br\/noticias\/author\/bruno-garcia\/\" class=\"authorBox__avatar noMobi\"><img src=\"https:\/\/secure.gravatar.com\/avatar\/53598df0b41c00f12f287a912d0e918e?s=96&#038;r=g\" alt=\"Bruno Galv\u00e3o\"><\/a><div class=\"authorBox__name\"><span>por\n\t\t\t<a href=\"https:\/\/www.suno.com.br\/noticias\/author\/bruno-garcia\/\"><span itemprop=\"author\">Bruno Galv\u00e3o<\/span><\/a><\/span><time datetime=\"2021-09-22T21:01:30-03:00\" itemprop=\"datePublished\">22\/09\/2021 21:01<\/time><\/div><\/div><\/div><\/div><\/div>","single_layout":"posts","amp_enabled":true,"_links":{"self":[{"href":"https:\/\/www.suno.com.br\/noticias\/wp-json\/wp\/v2\/posts\/186709"}],"collection":[{"href":"https:\/\/www.suno.com.br\/noticias\/wp-json\/wp\/v2\/posts"}],"about":[{"href":"https:\/\/www.suno.com.br\/noticias\/wp-json\/wp\/v2\/types\/post"}],"author":[{"embeddable":true,"href":"https:\/\/www.suno.com.br\/noticias\/wp-json\/wp\/v2\/users\/118"}],"replies":[{"embeddable":true,"href":"https:\/\/www.suno.com.br\/noticias\/wp-json\/wp\/v2\/comments?post=186709"}],"version-history":[{"count":3,"href":"https:\/\/www.suno.com.br\/noticias\/wp-json\/wp\/v2\/posts\/186709\/revisions"}],"predecessor-version":[{"id":186805,"href":"https:\/\/www.suno.com.br\/noticias\/wp-json\/wp\/v2\/posts\/186709\/revisions\/186805"}],"wp:featuredmedia":[{"embeddable":true,"href":"https:\/\/www.suno.com.br\/noticias\/wp-json\/wp\/v2\/media\/137430"}],"wp:attachment":[{"href":"https:\/\/www.suno.com.br\/noticias\/wp-json\/wp\/v2\/media?parent=186709"}],"wp:term":[{"taxonomy":"category","embeddable":true,"href":"https:\/\/www.suno.com.br\/noticias\/wp-json\/wp\/v2\/categories?post=186709"},{"taxonomy":"post_tag","embeddable":true,"href":"https:\/\/www.suno.com.br\/noticias\/wp-json\/wp\/v2\/tags?post=186709"},{"taxonomy":"suno_strategy","embeddable":true,"href":"https:\/\/www.suno.com.br\/noticias\/wp-json\/wp\/v2\/suno_strategy?post=186709"}],"curies":[{"name":"wp","href":"https:\/\/api.w.org\/{rel}","templated":true}]}}