{"id":18665,"date":"2019-03-21T15:18:35","date_gmt":"2019-03-21T18:18:35","guid":{"rendered":"https:\/\/www.suno.com.br\/noticias\/?p=18665"},"modified":"2019-03-21T18:41:29","modified_gmt":"2019-03-21T21:41:29","slug":"eventos-derrubaram-ibovespa-24h","status":"publish","type":"post","link":"https:\/\/www.suno.com.br\/noticias\/eventos-derrubaram-ibovespa-24h\/","title":{"rendered":"Veja os dois eventos que derrubaram o Ibovespa nas \u00faltimas 24 horas"},"content":{"rendered":"<p>Pelo menos dois eventos no notici\u00e1rio das \u00faltimas 24 horas ajudaram a derrubar o Ibovespa nesta quinta (21). O \u00edndice chegou a bater algumas vezes a casa dos <a href=\"https:\/\/www.suno.com.br\/artigos\/resumo-da-semana-ibovespa-proximo-dos-100-000-pontos-ipca-igp-10-e-reforma-da-previdencia\/\">100 mil pontos<\/a> no come\u00e7o da semana, alimentado pelas expectativas com a reforma da Previd\u00eancia, mas agora ele se encontra bem longe da marca.<\/p>\t<div class=\"wrapper-featured-image\">\n\t\t<figure class=\"spotlightImg\">\n\n\t\t\t<picture>\n\t\t\t\t<source media=\"(max-width: 768px)\" srcset=\"https:\/\/files.sunoresearch.com.br\/n\/uploads\/2019\/01\/d8b27ecf-recess\u00e3o-econ\u00f4mica-400x200.webp\">\n\t\t\t\t<img loading=\"lazy\" decoding=\"async\" class=\"newsContent__article__imgCapa lazyloadDisabled newsContent__article__imgCapa--noCaption\" src=\"https:\/\/files.sunoresearch.com.br\/n\/uploads\/2019\/01\/d8b27ecf-recess\u00e3o-econ\u00f4mica-800x450.webp\" width=\"800\" height=\"450\" alt=\"Veja os dois eventos que derrubaram o Ibovespa nas \u00faltimas 24 horas\" fetchpriority=high \/>\n\t\t\t<\/picture>\n\n\t\t\t<figcaption class=\"wp-caption-text wp-caption-text--hide\">Economistas preveem d\u00e9ficit prim\u00e1rio do governo central a R$708,8 bi<\/figcaption>\n\t\t<\/figure>\n\t<\/div>\n\n\n<p>\u00c0s 15h15 desta quinta, o <strong>Ibovespa<\/strong> marcava 96.593 pontos, mas chegou a descer at\u00e9 perto dos 95 mil pontos \u00e0s 13h. O <strong>\u00edndice,<\/strong> que j\u00e1 estava em baixa em raz\u00e3o da decep\u00e7\u00e3o do mercado com o projeto de lei da <strong>reforma da Previd\u00eancia<\/strong> <strong>dos<\/strong> <strong>militares,<\/strong> apresentado no fim da tarde da \u00faltima quarta (20), escorregou de vez ap\u00f3s se espalhar a not\u00edcia da <strong>pris\u00e3o do ex-presidente Michel Temer.<\/strong> O <strong>Ibovespa<\/strong> opera neste momento com uma baixa de 1,48%, embora se recuperando do tombo.<\/p>\n<p><a href=\"https:\/\/www.suno.com.br\/noticias\/ibovespa-despenca-prisao-michel-temer\/\">Saiba mais: Ibovespa despenca ap\u00f3s pris\u00e3o do ex-presidente Michel Temer<\/a><\/p>\n<p>O des\u00e2nimo come\u00e7ou a ser sentido logo ap\u00f3s a apresenta\u00e7\u00e3o do texto que foi chamado pelos <strong>militares<\/strong> de <strong>reestrutura\u00e7\u00e3o do Sistema de Prote\u00e7\u00e3o Social das For\u00e7as Armadas<\/strong>. A proposta altera diversas leis referentes a pens\u00f5es, promo\u00e7\u00f5es, remunera\u00e7\u00e3o e estatuto <strong>militares.<\/strong><\/p>\n<p style=\"text-align: center;\"><iframe loading=\"lazy\" src=\"https:\/\/www.youtube.com\/embed\/vCvFNZ9zveY\" width=\"560\" height=\"315\" frameborder=\"0\" allowfullscreen=\"allowfullscreen\"><\/iframe><\/p>\n<p>A economia com a <strong>reforma da Previd\u00eancia<\/strong> dos <strong>militares<\/strong> havia sido inicialmente divulgada pela equipe econ\u00f4mica do governo <strong>Bolsonaro<\/strong> como sendo de quase R$ 100 bilh\u00f5es. Na an\u00e1lise do <strong>Projeto de Lei<\/strong>, na \u00faltima quarta (20), viu-se que n\u00e3o era bem assim.<\/p>\n<p>Os ganhos com as altera\u00e7\u00f5es previdenci\u00e1rias da categoria totalizam de fato R$ 97,3 bilh\u00f5es em dez anos, mas junto da proposta h\u00e1 tamb\u00e9m uma s\u00e9rie de <strong>benef\u00edcios<\/strong>\u00a0<strong>adicionais<\/strong> \u00e0s <strong>For\u00e7as Armadas,<\/strong> que v\u00e3o custar R$ 86,55 bilh\u00f5es aos cofres p\u00fablicos. O resultado dessa subtra\u00e7\u00e3o \u00e9 de apenas R$ 10,4 bilh\u00f5es em dez anos, aproximadamente 1% do R$ 1 trilh\u00e3o que o governo calcula economizar com a <strong>reforma da Previd\u00eancia<\/strong>.<\/p>\n<p><a href=\"https:\/\/www.suno.com.br\/noticias\/reforma-da-previdencia-militares\/\">Saiba mais: Reforma da Previd\u00eancia dos militares: veja todos os detalhes<\/a><\/p>\n<p>Pouco depois da 11h desta quinta, o <strong>Ibovespa<\/strong> sofreu outra sacudida. A pris\u00e3o de <strong>Michel Temer<\/strong> pela <strong>Opera\u00e7\u00e3o Lava Jato<\/strong> fez o \u00edndice despencar novamente. O ex-ministro de Minas e Energia <strong>Moreira Franco<\/strong> tamb\u00e9m foi detido.<\/p>\n<p>Os mandados foram expedidos pelo juiz <strong>Marcelo Bretas,<\/strong> da 7\u00aa Vara Federal Criminal do Rio e a a\u00e7\u00e3o foi fundamentada em dela\u00e7\u00e3o do ex-operador do MDB, <strong>L\u00facio Funaro,<\/strong> homologada em 5 de setembro de 2017 pelo Supremo Tribunal Federal (STF). As declara\u00e7\u00f5es de <strong>Funaro<\/strong> relatam como funcionavam os esquemas de corrup\u00e7\u00e3o no Congresso, comandados por caciques do partido, como <strong>Eduardo Cunha, Henrique Eduardo Alves<\/strong>, <strong>Geddel Vieira Lima, Moreira Franco, Tadeu Filippeli,<\/strong> ex-assessor especial do gabinete de Temer, e o ex-presidente.<\/p>\n<p><a href=\"https:\/\/www.suno.com.br\/noticias\/michel-temer-preso-lava-jato\/\">Saiba mais: Ex-presidente Michel Temer \u00e9 preso na Opera\u00e7\u00e3o Lava Jato<\/a><\/p>\n<p>Teme-se que a investida contra Temer contamine o cen\u00e1rio pol\u00edtico em <strong>Bras\u00edlia,<\/strong> tirando aten\u00e7\u00e3o do <strong>Congresso<\/strong> num momento em que a <strong>reforma da Previd\u00eancia<\/strong> precisa de toda a mobiliza\u00e7\u00e3o dos parlamentares. De qualquer forma, a pris\u00e3o de um ex-chefe de Estado causa uma instabilidade pol\u00edtica, e o cen\u00e1rio inflamado \u00e9 prejudicial \u00e0 aprova\u00e7\u00e3o de um pacote t\u00e3o impopular quanto o que est\u00e1 neste momento na mesa da <strong>Comiss\u00e3o de Constitui\u00e7\u00e3o e Justi\u00e7a<\/strong> da <a href=\"https:\/\/www.camara.leg.br\/\">C\u00e2mara dos Deputados<\/a>.<\/p>\n","protected":false},"excerpt":{"rendered":"<p>Pelo menos dois eventos no notici\u00e1rio das \u00faltimas 24 horas ajudaram a derrubar o Ibovespa nesta quinta (21). O \u00edndice chegou a bater algumas vezes a casa dos 100 mil pontos no come\u00e7o da semana, alimentado pelas expectativas com a reforma da Previd\u00eancia, mas agora ele se encontra bem longe da marca. Economistas preveem d\u00e9ficit [&hellip;]<\/p>\n","protected":false},"author":13,"featured_media":10569,"comment_status":"closed","ping_status":"closed","sticky":false,"template":"","format":"standard","meta":[],"categories":[60],"tags":[309,901,721,734,940],"suno_strategy":[],"class_list":["post-18665","post","type-post","status-publish","format-standard","has-post-thumbnail","hentry","category-mercado","tag-bolsa-de-valores","tag-congresso-nacional","tag-ibovespa","tag-michel-temer","tag-reforma-da-previdencia"],"yoast_head":"<!-- This site is optimized with the Yoast SEO plugin v24.4 - https:\/\/yoast.com\/wordpress\/plugins\/seo\/ -->\n<title>Veja os dois eventos que derrubaram o Ibovespa nas \u00faltimas 24 horas<\/title>\n<meta name=\"description\" content=\"O Ibovespa bateu algumas vezes a casa dos 100 mil pontos no come\u00e7o da semana, mas agora ele est\u00e1 longe da marca. Clique e saiba mais\" \/>\n<meta name=\"robots\" content=\"index, follow, max-snippet:-1, max-image-preview:large, max-video-preview:-1\" \/>\n<link rel=\"canonical\" href=\"https:\/\/www.suno.com.br\/noticias\/eventos-derrubaram-ibovespa-24h\/\" \/>\n<meta property=\"og:locale\" content=\"pt_BR\" \/>\n<meta property=\"og:type\" content=\"article\" \/>\n<meta property=\"og:title\" content=\"Veja os dois eventos que derrubaram o Ibovespa nas \u00faltimas 24 horas\" \/>\n<meta property=\"og:description\" content=\"O Ibovespa bateu algumas vezes a casa dos 100 mil pontos no come\u00e7o da semana, mas agora ele est\u00e1 longe da marca. Clique e saiba mais\" \/>\n<meta property=\"og:url\" content=\"https:\/\/www.suno.com.br\/noticias\/eventos-derrubaram-ibovespa-24h\/\" \/>\n<meta property=\"og:site_name\" content=\"Suno Not\u00edcias\" \/>\n<meta property=\"article:publisher\" content=\"https:\/\/facebook.com\/sunoresearch\" \/>\n<meta property=\"og:image\" content=\"https:\/\/files.sunoresearch.com.br\/n\/uploads\/2019\/01\/d8b27ecf-recess\u00e3o-econ\u00f4mica.png\" \/>\n\t<meta property=\"og:image:width\" content=\"960\" \/>\n\t<meta property=\"og:image:height\" content=\"640\" \/>\n\t<meta property=\"og:image:type\" content=\"image\/png\" \/>\n<meta name=\"author\" content=\"Guilherme Caetano\" \/>\n<meta name=\"twitter:card\" content=\"summary_large_image\" \/>\n<meta name=\"twitter:creator\" content=\"@sunoresearch\" \/>\n<meta name=\"twitter:site\" content=\"@sunoresearch\" \/>\n<meta name=\"twitter:label1\" content=\"Escrito por\" \/>\n\t<meta name=\"twitter:data1\" content=\"Guilherme Caetano\" \/>\n\t<meta name=\"twitter:label2\" content=\"Est. tempo de leitura\" \/>\n\t<meta name=\"twitter:data2\" content=\"3 minutos\" \/>\n<script type=\"application\/ld+json\" class=\"yoast-schema-graph\">{\"@context\":\"https:\/\/schema.org\",\"@graph\":[{\"@type\":\"NewsArticle\",\"@id\":\"https:\/\/www.suno.com.br\/noticias\/eventos-derrubaram-ibovespa-24h\/#article\",\"isPartOf\":{\"@id\":\"https:\/\/www.suno.com.br\/noticias\/eventos-derrubaram-ibovespa-24h\/\"},\"author\":{\"name\":\"Guilherme Caetano\",\"@id\":\"https:\/\/www.suno.com.br\/noticias\/#\/schema\/person\/0d0c9687cd2f600c564f25980c140de9\"},\"headline\":\"Veja os dois eventos que derrubaram o Ibovespa nas \u00faltimas 24 horas\",\"datePublished\":\"2019-03-21T18:18:35+00:00\",\"dateModified\":\"2019-03-21T21:41:29+00:00\",\"mainEntityOfPage\":{\"@id\":\"https:\/\/www.suno.com.br\/noticias\/eventos-derrubaram-ibovespa-24h\/\"},\"wordCount\":565,\"publisher\":{\"@id\":\"https:\/\/www.suno.com.br\/noticias\/#organization\"},\"image\":{\"@id\":\"https:\/\/www.suno.com.br\/noticias\/eventos-derrubaram-ibovespa-24h\/#primaryimage\"},\"thumbnailUrl\":\"https:\/\/files.sunoresearch.com.br\/n\/uploads\/2019\/01\/d8b27ecf-recess\u00e3o-econ\u00f4mica-png.webp\",\"keywords\":[\"Bolsa de Valores\",\"Congresso Nacional\",\"Ibovespa\",\"Michel Temer\",\"Reforma da Previd\u00eancia\"],\"articleSection\":[\"Mercado\"],\"inLanguage\":\"pt-BR\"},{\"@type\":\"WebPage\",\"@id\":\"https:\/\/www.suno.com.br\/noticias\/eventos-derrubaram-ibovespa-24h\/\",\"url\":\"https:\/\/www.suno.com.br\/noticias\/eventos-derrubaram-ibovespa-24h\/\",\"name\":\"Veja os dois eventos que derrubaram o Ibovespa nas \u00faltimas 24 horas\",\"isPartOf\":{\"@id\":\"https:\/\/www.suno.com.br\/noticias\/#website\"},\"primaryImageOfPage\":{\"@id\":\"https:\/\/www.suno.com.br\/noticias\/eventos-derrubaram-ibovespa-24h\/#primaryimage\"},\"image\":{\"@id\":\"https:\/\/www.suno.com.br\/noticias\/eventos-derrubaram-ibovespa-24h\/#primaryimage\"},\"thumbnailUrl\":\"https:\/\/files.sunoresearch.com.br\/n\/uploads\/2019\/01\/d8b27ecf-recess\u00e3o-econ\u00f4mica-png.webp\",\"datePublished\":\"2019-03-21T18:18:35+00:00\",\"dateModified\":\"2019-03-21T21:41:29+00:00\",\"description\":\"O Ibovespa bateu algumas vezes a casa dos 100 mil pontos no come\u00e7o da semana, mas agora ele est\u00e1 longe da marca. Clique e saiba mais\",\"breadcrumb\":{\"@id\":\"https:\/\/www.suno.com.br\/noticias\/eventos-derrubaram-ibovespa-24h\/#breadcrumb\"},\"inLanguage\":\"pt-BR\",\"potentialAction\":[{\"@type\":\"ReadAction\",\"target\":[\"https:\/\/www.suno.com.br\/noticias\/eventos-derrubaram-ibovespa-24h\/\"]}]},{\"@type\":\"ImageObject\",\"inLanguage\":\"pt-BR\",\"@id\":\"https:\/\/www.suno.com.br\/noticias\/eventos-derrubaram-ibovespa-24h\/#primaryimage\",\"url\":\"https:\/\/files.sunoresearch.com.br\/n\/uploads\/2019\/01\/d8b27ecf-recess\u00e3o-econ\u00f4mica-png.webp\",\"contentUrl\":\"https:\/\/files.sunoresearch.com.br\/n\/uploads\/2019\/01\/d8b27ecf-recess\u00e3o-econ\u00f4mica-png.webp\",\"width\":960,\"height\":640,\"caption\":\"Economistas preveem d\u00e9ficit prim\u00e1rio do governo central a R$708,8 bi\"},{\"@type\":\"BreadcrumbList\",\"@id\":\"https:\/\/www.suno.com.br\/noticias\/eventos-derrubaram-ibovespa-24h\/#breadcrumb\",\"itemListElement\":[{\"@type\":\"ListItem\",\"position\":1,\"name\":\"Not\u00edcias\",\"item\":\"https:\/\/www.suno.com.br\/noticias\/\"},{\"@type\":\"ListItem\",\"position\":2,\"name\":\"Mercado\",\"item\":\"https:\/\/www.suno.com.br\/noticias\/mercado\/\"},{\"@type\":\"ListItem\",\"position\":3,\"name\":\"Veja os dois eventos que derrubaram o Ibovespa nas \u00faltimas 24 horas\"}]},{\"@type\":\"WebSite\",\"@id\":\"https:\/\/www.suno.com.br\/noticias\/#website\",\"url\":\"https:\/\/www.suno.com.br\/noticias\/\",\"name\":\"Suno Not\u00edcias\",\"description\":\"Seu portal de informa\u00e7\u00e3o sobre o mundo dos investimentos\",\"publisher\":{\"@id\":\"https:\/\/www.suno.com.br\/noticias\/#organization\"},\"potentialAction\":[{\"@type\":\"SearchAction\",\"target\":{\"@type\":\"EntryPoint\",\"urlTemplate\":\"https:\/\/www.suno.com.br\/noticias\/?s={search_term_string}\"},\"query-input\":{\"@type\":\"PropertyValueSpecification\",\"valueRequired\":true,\"valueName\":\"search_term_string\"}}],\"inLanguage\":\"pt-BR\"},{\"@type\":\"Organization\",\"@id\":\"https:\/\/www.suno.com.br\/noticias\/#organization\",\"name\":\"Suno Not\u00edcias\",\"url\":\"https:\/\/www.suno.com.br\/noticias\/\",\"logo\":{\"@type\":\"ImageObject\",\"inLanguage\":\"pt-BR\",\"@id\":\"https:\/\/www.suno.com.br\/noticias\/#\/schema\/logo\/image\/\",\"url\":\"https:\/\/files.sunoresearch.com.br\/n\/uploads\/2021\/09\/suno-logo.png\",\"contentUrl\":\"https:\/\/files.sunoresearch.com.br\/n\/uploads\/2021\/09\/suno-logo.png\",\"width\":180,\"height\":180,\"caption\":\"Suno Not\u00edcias\"},\"image\":{\"@id\":\"https:\/\/www.suno.com.br\/noticias\/#\/schema\/logo\/image\/\"},\"sameAs\":[\"https:\/\/facebook.com\/sunoresearch\",\"https:\/\/x.com\/sunoresearch\",\"https:\/\/www.instagram.com\/suno\",\"https:\/\/www.linkedin.com\/company\/suno-research\/\",\"https:\/\/www.youtube.com\/c\/sunoresearch\"]},{\"@type\":\"Person\",\"@id\":\"https:\/\/www.suno.com.br\/noticias\/#\/schema\/person\/0d0c9687cd2f600c564f25980c140de9\",\"name\":\"Guilherme Caetano\",\"image\":{\"@type\":\"ImageObject\",\"inLanguage\":\"pt-BR\",\"@id\":\"https:\/\/www.suno.com.br\/noticias\/#\/schema\/person\/image\/\",\"url\":\"https:\/\/secure.gravatar.com\/avatar\/e48357351a01702a0d19307070e081bf?s=96&r=g\",\"contentUrl\":\"https:\/\/secure.gravatar.com\/avatar\/e48357351a01702a0d19307070e081bf?s=96&r=g\",\"caption\":\"Guilherme Caetano\"},\"description\":\"Formado em jornalismo pela Escola de Comunica\u00e7\u00f5es e Artes da USP, Guilherme Caetano escreve para o portal de not\u00edcias da Suno Research. Passou pelas reda\u00e7\u00f5es da Folha de S.Paulo e da revista \u00c9poca.\",\"url\":\"https:\/\/www.suno.com.br\/noticias\/author\/guilherme-caetano\/\"}]}<\/script>\n<!-- \/ Yoast SEO plugin. -->","yoast_head_json":{"title":"Veja os dois eventos que derrubaram o Ibovespa nas \u00faltimas 24 horas","description":"O Ibovespa bateu algumas vezes a casa dos 100 mil pontos no come\u00e7o da semana, mas agora ele est\u00e1 longe da marca. Clique e saiba mais","robots":{"index":"index","follow":"follow","max-snippet":"max-snippet:-1","max-image-preview":"max-image-preview:large","max-video-preview":"max-video-preview:-1"},"canonical":"https:\/\/www.suno.com.br\/noticias\/eventos-derrubaram-ibovespa-24h\/","og_locale":"pt_BR","og_type":"article","og_title":"Veja os dois eventos que derrubaram o Ibovespa nas \u00faltimas 24 horas","og_description":"O Ibovespa bateu algumas vezes a casa dos 100 mil pontos no come\u00e7o da semana, mas agora ele est\u00e1 longe da marca. Clique e saiba mais","og_url":"https:\/\/www.suno.com.br\/noticias\/eventos-derrubaram-ibovespa-24h\/","og_site_name":"Suno Not\u00edcias","article_publisher":"https:\/\/facebook.com\/sunoresearch","og_image":[{"width":960,"height":640,"url":"https:\/\/files.sunoresearch.com.br\/n\/uploads\/2019\/01\/d8b27ecf-recess\u00e3o-econ\u00f4mica.png","type":"image\/png"}],"author":"Guilherme Caetano","twitter_card":"summary_large_image","twitter_creator":"@sunoresearch","twitter_site":"@sunoresearch","twitter_misc":{"Escrito por":"Guilherme Caetano","Est. tempo de leitura":"3 minutos"},"schema":{"@context":"https:\/\/schema.org","@graph":[{"@type":"NewsArticle","@id":"https:\/\/www.suno.com.br\/noticias\/eventos-derrubaram-ibovespa-24h\/#article","isPartOf":{"@id":"https:\/\/www.suno.com.br\/noticias\/eventos-derrubaram-ibovespa-24h\/"},"author":{"name":"Guilherme Caetano","@id":"https:\/\/www.suno.com.br\/noticias\/#\/schema\/person\/0d0c9687cd2f600c564f25980c140de9"},"headline":"Veja os dois eventos que derrubaram o Ibovespa nas \u00faltimas 24 horas","datePublished":"2019-03-21T18:18:35+00:00","dateModified":"2019-03-21T21:41:29+00:00","mainEntityOfPage":{"@id":"https:\/\/www.suno.com.br\/noticias\/eventos-derrubaram-ibovespa-24h\/"},"wordCount":565,"publisher":{"@id":"https:\/\/www.suno.com.br\/noticias\/#organization"},"image":{"@id":"https:\/\/www.suno.com.br\/noticias\/eventos-derrubaram-ibovespa-24h\/#primaryimage"},"thumbnailUrl":"https:\/\/files.sunoresearch.com.br\/n\/uploads\/2019\/01\/d8b27ecf-recess\u00e3o-econ\u00f4mica-png.webp","keywords":["Bolsa de Valores","Congresso Nacional","Ibovespa","Michel Temer","Reforma da Previd\u00eancia"],"articleSection":["Mercado"],"inLanguage":"pt-BR"},{"@type":"WebPage","@id":"https:\/\/www.suno.com.br\/noticias\/eventos-derrubaram-ibovespa-24h\/","url":"https:\/\/www.suno.com.br\/noticias\/eventos-derrubaram-ibovespa-24h\/","name":"Veja os dois eventos que derrubaram o Ibovespa nas \u00faltimas 24 horas","isPartOf":{"@id":"https:\/\/www.suno.com.br\/noticias\/#website"},"primaryImageOfPage":{"@id":"https:\/\/www.suno.com.br\/noticias\/eventos-derrubaram-ibovespa-24h\/#primaryimage"},"image":{"@id":"https:\/\/www.suno.com.br\/noticias\/eventos-derrubaram-ibovespa-24h\/#primaryimage"},"thumbnailUrl":"https:\/\/files.sunoresearch.com.br\/n\/uploads\/2019\/01\/d8b27ecf-recess\u00e3o-econ\u00f4mica-png.webp","datePublished":"2019-03-21T18:18:35+00:00","dateModified":"2019-03-21T21:41:29+00:00","description":"O Ibovespa bateu algumas vezes a casa dos 100 mil pontos no come\u00e7o da semana, mas agora ele est\u00e1 longe da marca. Clique e saiba mais","breadcrumb":{"@id":"https:\/\/www.suno.com.br\/noticias\/eventos-derrubaram-ibovespa-24h\/#breadcrumb"},"inLanguage":"pt-BR","potentialAction":[{"@type":"ReadAction","target":["https:\/\/www.suno.com.br\/noticias\/eventos-derrubaram-ibovespa-24h\/"]}]},{"@type":"ImageObject","inLanguage":"pt-BR","@id":"https:\/\/www.suno.com.br\/noticias\/eventos-derrubaram-ibovespa-24h\/#primaryimage","url":"https:\/\/files.sunoresearch.com.br\/n\/uploads\/2019\/01\/d8b27ecf-recess\u00e3o-econ\u00f4mica-png.webp","contentUrl":"https:\/\/files.sunoresearch.com.br\/n\/uploads\/2019\/01\/d8b27ecf-recess\u00e3o-econ\u00f4mica-png.webp","width":960,"height":640,"caption":"Economistas preveem d\u00e9ficit prim\u00e1rio do governo central a R$708,8 bi"},{"@type":"BreadcrumbList","@id":"https:\/\/www.suno.com.br\/noticias\/eventos-derrubaram-ibovespa-24h\/#breadcrumb","itemListElement":[{"@type":"ListItem","position":1,"name":"Not\u00edcias","item":"https:\/\/www.suno.com.br\/noticias\/"},{"@type":"ListItem","position":2,"name":"Mercado","item":"https:\/\/www.suno.com.br\/noticias\/mercado\/"},{"@type":"ListItem","position":3,"name":"Veja os dois eventos que derrubaram o Ibovespa nas \u00faltimas 24 horas"}]},{"@type":"WebSite","@id":"https:\/\/www.suno.com.br\/noticias\/#website","url":"https:\/\/www.suno.com.br\/noticias\/","name":"Suno Not\u00edcias","description":"Seu portal de informa\u00e7\u00e3o sobre o mundo dos investimentos","publisher":{"@id":"https:\/\/www.suno.com.br\/noticias\/#organization"},"potentialAction":[{"@type":"SearchAction","target":{"@type":"EntryPoint","urlTemplate":"https:\/\/www.suno.com.br\/noticias\/?s={search_term_string}"},"query-input":{"@type":"PropertyValueSpecification","valueRequired":true,"valueName":"search_term_string"}}],"inLanguage":"pt-BR"},{"@type":"Organization","@id":"https:\/\/www.suno.com.br\/noticias\/#organization","name":"Suno Not\u00edcias","url":"https:\/\/www.suno.com.br\/noticias\/","logo":{"@type":"ImageObject","inLanguage":"pt-BR","@id":"https:\/\/www.suno.com.br\/noticias\/#\/schema\/logo\/image\/","url":"https:\/\/files.sunoresearch.com.br\/n\/uploads\/2021\/09\/suno-logo.png","contentUrl":"https:\/\/files.sunoresearch.com.br\/n\/uploads\/2021\/09\/suno-logo.png","width":180,"height":180,"caption":"Suno Not\u00edcias"},"image":{"@id":"https:\/\/www.suno.com.br\/noticias\/#\/schema\/logo\/image\/"},"sameAs":["https:\/\/facebook.com\/sunoresearch","https:\/\/x.com\/sunoresearch","https:\/\/www.instagram.com\/suno","https:\/\/www.linkedin.com\/company\/suno-research\/","https:\/\/www.youtube.com\/c\/sunoresearch"]},{"@type":"Person","@id":"https:\/\/www.suno.com.br\/noticias\/#\/schema\/person\/0d0c9687cd2f600c564f25980c140de9","name":"Guilherme Caetano","image":{"@type":"ImageObject","inLanguage":"pt-BR","@id":"https:\/\/www.suno.com.br\/noticias\/#\/schema\/person\/image\/","url":"https:\/\/secure.gravatar.com\/avatar\/e48357351a01702a0d19307070e081bf?s=96&r=g","contentUrl":"https:\/\/secure.gravatar.com\/avatar\/e48357351a01702a0d19307070e081bf?s=96&r=g","caption":"Guilherme Caetano"},"description":"Formado em jornalismo pela Escola de Comunica\u00e7\u00f5es e Artes da USP, Guilherme Caetano escreve para o portal de not\u00edcias da Suno Research. Passou pelas reda\u00e7\u00f5es da Folha de S.Paulo e da revista \u00c9poca.","url":"https:\/\/www.suno.com.br\/noticias\/author\/guilherme-caetano\/"}]}},"default_loop_html":"<div class=\"cardsPage__listCard__boxs\"><div class=\"cardsPage__listCard__boxs__img\"><a href=\"https:\/\/www.suno.com.br\/noticias\/eventos-derrubaram-ibovespa-24h\/\"><img class=\"mask\" src=\"https:\/\/www.suno.com.br\/noticias\/wp-content\/themes\/suno\/resources\/images\/spotlight\/spotlight1img\/bg-mask.png\" alt=\"Image Mask\"\/><img src=\"https:\/\/files.sunoresearch.com.br\/n\/uploads\/2019\/01\/d8b27ecf-recess\u00e3o-econ\u00f4mica-400x200.webp\" alt=\"Veja os dois eventos que derrubaram o Ibovespa nas \u00faltimas 24 horas\"\/><\/a><span class=\"spotlightCategory\"><a href=\"https:\/\/www.suno.com.br\/noticias\/mercado\/\">Mercado<\/a><\/span><\/div><div class=\"cardsPage__listCard__boxs__content\"><a href=\"https:\/\/www.suno.com.br\/noticias\/eventos-derrubaram-ibovespa-24h\/\"><h2 class=\"content__title\">Veja os dois eventos que derrubaram o Ibovespa nas \u00faltimas 24 horas<\/h2><\/a><div class=\"newsContent__article__meta\"><div class=\"newsContent__article__meta__authorBox\"><a href=\"https:\/\/www.suno.com.br\/noticias\/author\/guilherme-caetano\/\" class=\"authorBox__avatar noMobi\"><img src=\"https:\/\/secure.gravatar.com\/avatar\/e48357351a01702a0d19307070e081bf?s=96&#038;r=g\" alt=\"Guilherme Caetano\"><\/a><div class=\"authorBox__name\"><span>por\n\t\t\t<a href=\"https:\/\/www.suno.com.br\/noticias\/author\/guilherme-caetano\/\"><span itemprop=\"author\">Guilherme Caetano<\/span><\/a><\/span><time datetime=\"2019-03-21T15:18:35-03:00\" itemprop=\"datePublished\">21\/03\/2019 15:18<\/time><\/div><\/div><\/div><\/div><\/div>","single_layout":"posts","amp_enabled":true,"_links":{"self":[{"href":"https:\/\/www.suno.com.br\/noticias\/wp-json\/wp\/v2\/posts\/18665"}],"collection":[{"href":"https:\/\/www.suno.com.br\/noticias\/wp-json\/wp\/v2\/posts"}],"about":[{"href":"https:\/\/www.suno.com.br\/noticias\/wp-json\/wp\/v2\/types\/post"}],"author":[{"embeddable":true,"href":"https:\/\/www.suno.com.br\/noticias\/wp-json\/wp\/v2\/users\/13"}],"replies":[{"embeddable":true,"href":"https:\/\/www.suno.com.br\/noticias\/wp-json\/wp\/v2\/comments?post=18665"}],"version-history":[{"count":0,"href":"https:\/\/www.suno.com.br\/noticias\/wp-json\/wp\/v2\/posts\/18665\/revisions"}],"wp:featuredmedia":[{"embeddable":true,"href":"https:\/\/www.suno.com.br\/noticias\/wp-json\/wp\/v2\/media\/10569"}],"wp:attachment":[{"href":"https:\/\/www.suno.com.br\/noticias\/wp-json\/wp\/v2\/media?parent=18665"}],"wp:term":[{"taxonomy":"category","embeddable":true,"href":"https:\/\/www.suno.com.br\/noticias\/wp-json\/wp\/v2\/categories?post=18665"},{"taxonomy":"post_tag","embeddable":true,"href":"https:\/\/www.suno.com.br\/noticias\/wp-json\/wp\/v2\/tags?post=18665"},{"taxonomy":"suno_strategy","embeddable":true,"href":"https:\/\/www.suno.com.br\/noticias\/wp-json\/wp\/v2\/suno_strategy?post=18665"}],"curies":[{"name":"wp","href":"https:\/\/api.w.org\/{rel}","templated":true}]}}