{"id":18664,"date":"2019-03-21T15:53:37","date_gmt":"2019-03-21T18:53:37","guid":{"rendered":"https:\/\/www.suno.com.br\/noticias\/?p=18664"},"modified":"2019-03-21T15:53:37","modified_gmt":"2019-03-21T18:53:37","slug":"novo-modelo-capitalizacao-eletrobras-junho-minas-energia","status":"publish","type":"post","link":"https:\/\/www.suno.com.br\/noticias\/novo-modelo-capitalizacao-eletrobras-junho-minas-energia\/","title":{"rendered":"Novo modelo de capitaliza\u00e7\u00e3o da Eletrobras deve ser definido at\u00e9 junho"},"content":{"rendered":"<p>O ministro de Minas e Energia (MME), <strong>Bento Albuquerque<\/strong>, disse nesta quinta-feira (21) que o governo almeja tornar mais r\u00e1pido o processo de <strong>capitaliza\u00e7\u00e3o<\/strong> da Eletrobras (ELET3). Assim, a pretens\u00e3o \u00e9 que seja definido <strong>at\u00e9 junho<\/strong> o<strong> novo modelo <\/strong>que tirar\u00e1 o controle da estatal da Uni\u00e3o.<\/p>\t<div class=\"wrapper-featured-image\">\n\t\t<figure class=\"spotlightImg\">\n\n\t\t\t<picture>\n\t\t\t\t<source media=\"(max-width: 768px)\" srcset=\"https:\/\/files.sunoresearch.com.br\/n\/uploads\/2018\/10\/711a82e9-eletrobras-1-400x200.webp\">\n\t\t\t\t<img loading=\"lazy\" decoding=\"async\" class=\"newsContent__article__imgCapa lazyloadDisabled newsContent__article__imgCapa--noCaption\" src=\"https:\/\/files.sunoresearch.com.br\/n\/uploads\/2018\/10\/711a82e9-eletrobras-1-800x450.webp\" width=\"800\" height=\"450\" alt=\"Novo modelo de capitaliza\u00e7\u00e3o da Eletrobras deve ser definido at\u00e9 junho\" fetchpriority=high \/>\n\t\t\t<\/picture>\n\n\t\t\t<figcaption class=\"wp-caption-text wp-caption-text--hide\">A Eletrobras (ELET3) apresentou, na noite da \u00faltima quarta-feira (11), seus resultados do terceiro trimestre. <\/figcaption>\n\t\t<\/figure>\n\t<\/div>\n\n\n<p>\u201cN\u00f3s vamos continuar com o processo de capitaliza\u00e7\u00e3o da <strong>Eletrobras<\/strong>. Vamos <strong>definir o modelo<\/strong> at\u00e9 junho. H\u00e1 poucas possibilidades e essas possibilidades est\u00e3o sendo tratadas no MME, como tamb\u00e9m com o <strong>Minist\u00e9rio da Economia<\/strong>. N\u00e3o existe um modelo fechado e, tamb\u00e9m, em rela\u00e7\u00e3o \u00e0 prazo, a inten\u00e7\u00e3o do governo \u00e9 <strong>findar esse processo este ano<\/strong>\u201d, contou Albuquerque aos jornalistas.<\/p>\n<p>\u201cO governo tem <strong>prioridades<\/strong>, todos n\u00f3s sabemos, de que a maior \u00e9 a <strong>Nova Previd\u00eancia<\/strong>. Esse \u00e9 o esfor\u00e7o principal do governo. Isso n\u00e3o impede que n\u00f3s continuemos a conduzir as a\u00e7\u00f5es priorit\u00e1rias. Por isso, vamos decidir o <strong>modelo at\u00e9 junho<\/strong>. Nada est\u00e1 descartado\u201d, acrescentou.<\/p>\n<p>Albuquerque destacou que a Eletrobras \u00e9 respons\u00e1vel por\u00a030% da gera\u00e7\u00e3o e 50% da transmiss\u00e3o de energia do Pa\u00eds. \u201cA empresa vem sendo recuperada ao longo dos \u00faltimos dois anos e continua nesse processo. At\u00e9 junho vamos iniciar as a\u00e7\u00f5es concretas para realizar a capitaliza\u00e7\u00e3o (&#8230;) Vai haver perda de controle por parte da Uni\u00e3o\u201d, finalizou.<\/p>\n<p><a href=\"https:\/\/www.suno.com.br\/noticias\/calendario-leiloes-energia-eletrica-2021\/\">Saiba mais &#8211;\u00a0Minas e Energia divulga calend\u00e1rio de leil\u00f5es de energia el\u00e9trica at\u00e9 2021\u00a0<\/a><\/p>\n<h2>Secret\u00e1ria diz que n\u00e3o h\u00e1 chance de capitaliza\u00e7\u00e3o ser conclu\u00edda neste ano<\/h2>\n<p>Contudo, o ministro n\u00e3o deu pistas acerca da proposta de <strong>separar as subsidi\u00e1rias<\/strong> da Eletrobras, reunindo tais empresas em outra companhia, para que assim sejam<strong> vendidas separadamente<\/strong>. As informa\u00e7\u00f5es s\u00e3o da &#8220;Folha de S. Paulo&#8221;.<\/p>\n<p>Em oposi\u00e7\u00e3o \u00e0 tal proposta, est\u00e1 a secret\u00e1ria-executiva do minist\u00e9rio, Marisete Pereira. Em sua opini\u00e3o, a proposta deve <strong>diminuir<\/strong> o valor do processo de <strong>capitaliza\u00e7\u00e3o<\/strong> da Eletrobras.<\/p>\n<p>Conforme o modelo de <strong>capitaliza\u00e7\u00e3o<\/strong> definido durante o governo do ex-presidente da Rep\u00fablica, Michel Temer, o <strong>rendimento<\/strong> aos cofres p\u00fablicos seria de<strong> R$ 12 bilh\u00f5es<\/strong>.<\/p>\n<p>\u00c0 &#8220;Folha de S. Paulo&#8221;, a secret\u00e1ria declarou que n\u00e3o haveria chance de que o processo de <strong>capitaliza\u00e7\u00e3o<\/strong> fosse conclu\u00eddo neste ano, <strong>ficando para 2020<\/strong>.\u00a0O ministro, por sua vez, disse que o governo tentar\u00e1 fazer com que o processo ocorra ainda em 2019.<\/p>\n<p><a href=\"https:\/\/www.suno.com.br\/noticias\/eventos-derrubaram-ibovespa-24h\/\">Saiba mais &#8211;\u00a0Veja os dois eventos que derrubaram o Ibovespa nas \u00faltimas 24 horas\u00a0<\/a><\/p>\n<h2>Angra 3<\/h2>\n<p>Bento Albuquerque tamb\u00e9m anunciou que as conversas acerca da retomada da <strong>usina nuclear de Angra 3<\/strong> est\u00e3o progredindo.<\/p>\n<p>A obra dever\u00e1 ser inclusa no\u00a0<strong>Programa de Parceria e Investimentos<\/strong> (PPI) a fim de encontrar um parceiro nos investimentos. A expectativa \u00e9 que a usina comece a operar em <strong>2026<\/strong>.<\/p>\n<p>Angra 3 ser\u00e1 a terceira usina da <strong>Central Nuclear Almirante \u00c1lvaro Alberto<\/strong> (CNAAA), localizada na praia de Itaorna, em Angra dos Reis (RJ).<\/p>\n<p><a href=\"https:\/\/www.suno.com.br\/noticias\/michel-temer-preso-lava-jato\/\">Saiba mais &#8211;\u00a0Ex-presidente Michel Temer \u00e9 preso na Opera\u00e7\u00e3o Lava Jato<\/a><\/p>\n<h2>Subs\u00eddios para agricultores<\/h2>\n<p>O corte nos <strong>subs\u00eddios para agricultores<\/strong>, provindos do pagamento das contas de luz, ser\u00e1 revisado, conforme o ministro.<\/p>\n<p>No fim de 2018, o ex-presidente <strong>Michel Temer<\/strong> assinou um decreto prevendo o fim dos recursos para agricultores, que atualmente financiam atividades como<strong> irriga\u00e7\u00e3o e aquicultura<\/strong>.<\/p>\n<p>A revis\u00e3o geraria uma<strong> redu\u00e7\u00e3o de at\u00e9 2,5% da energia<\/strong>. De acordo com Albuquerque, o novo decreto dever\u00e1 ser assinado nos pr\u00f3ximos dias, prevendo um <strong>corte escalonado de 20% ao ano at\u00e9 2025<\/strong>.<\/p>\n<p>Hoje em dia, os gastos p\u00fablicos com tais subs\u00eddios pesam em<strong> R$ 8 bilh\u00f5es<\/strong>, por ano.<\/p>\n<h2>Cess\u00e3o onerosa<\/h2>\n<p>Albuquerque disse que n\u00e3o h\u00e1 defini\u00e7\u00e3o do valor a ser pago pela Uni\u00e3o \u00e0 <strong>Eletrobras<\/strong>, no acordo da <strong>cess\u00e3o onerosa<\/strong>. Parte da indeniza\u00e7\u00e3o da Petrobras (PETR4), no valor de US$ 9 bilh\u00f5es, ser\u00e1 paga pelos novos investidores que participar\u00e3o do leil\u00e3o das \u00e1reas da cess\u00e3o onerosa ainda inexploradas.<\/p>\n","protected":false},"excerpt":{"rendered":"<p>O ministro de Minas e Energia (MME), Bento Albuquerque, disse nesta quinta-feira (21) que o governo almeja tornar mais r\u00e1pido o processo de capitaliza\u00e7\u00e3o da Eletrobras (ELET3). Assim, a pretens\u00e3o \u00e9 que seja definido at\u00e9 junho o novo modelo que tirar\u00e1 o controle da estatal da Uni\u00e3o. A Eletrobras (ELET3) apresentou, na noite da \u00faltima [&hellip;]<\/p>\n","protected":false},"author":12,"featured_media":5394,"comment_status":"closed","ping_status":"closed","sticky":false,"template":"","format":"standard","meta":[],"categories":[64],"tags":[455,909,1227,595],"suno_strategy":[],"class_list":["post-18664","post","type-post","status-publish","format-standard","has-post-thumbnail","hentry","category-negocios","tag-eletrobras-elet3-elet5-elet6","tag-ministerio-da-economia","tag-ministerio-de-minas-e-energia","tag-petrobras-petr4"],"yoast_head":"<!-- This site is optimized with the Yoast SEO plugin v24.4 - https:\/\/yoast.com\/wordpress\/plugins\/seo\/ -->\n<title>Novo modelo de capitaliza\u00e7\u00e3o da Eletrobras deve ser definido at\u00e9 junho<\/title>\n<meta name=\"description\" content=\"Bento Albuquerque disse que o governo deve decidir o novo modelo de capitaliza\u00e7\u00e3o da Eletrobras at\u00e9 junho. Clique para saber mais.\" \/>\n<meta name=\"robots\" content=\"index, follow, max-snippet:-1, max-image-preview:large, max-video-preview:-1\" \/>\n<link rel=\"canonical\" href=\"https:\/\/www.suno.com.br\/noticias\/novo-modelo-capitalizacao-eletrobras-junho-minas-energia\/\" \/>\n<meta property=\"og:locale\" content=\"pt_BR\" \/>\n<meta property=\"og:type\" content=\"article\" \/>\n<meta property=\"og:title\" content=\"Novo modelo de capitaliza\u00e7\u00e3o da Eletrobras deve ser definido at\u00e9 junho\" \/>\n<meta property=\"og:description\" content=\"Bento Albuquerque disse que o governo deve decidir o novo modelo de capitaliza\u00e7\u00e3o da Eletrobras at\u00e9 junho. Clique para saber mais.\" \/>\n<meta property=\"og:url\" content=\"https:\/\/www.suno.com.br\/noticias\/novo-modelo-capitalizacao-eletrobras-junho-minas-energia\/\" \/>\n<meta property=\"og:site_name\" content=\"Suno Not\u00edcias\" \/>\n<meta property=\"article:publisher\" content=\"https:\/\/facebook.com\/sunoresearch\" \/>\n<meta property=\"og:image\" content=\"https:\/\/files.sunoresearch.com.br\/n\/uploads\/2018\/10\/711a82e9-eletrobras-1.jpg\" \/>\n\t<meta property=\"og:image:width\" content=\"1920\" \/>\n\t<meta property=\"og:image:height\" content=\"1280\" \/>\n\t<meta property=\"og:image:type\" content=\"image\/jpeg\" \/>\n<meta name=\"author\" content=\"Amanda Gushiken\" \/>\n<meta name=\"twitter:card\" content=\"summary_large_image\" \/>\n<meta name=\"twitter:creator\" content=\"@sunoresearch\" \/>\n<meta name=\"twitter:site\" content=\"@sunoresearch\" \/>\n<meta name=\"twitter:label1\" content=\"Escrito por\" \/>\n\t<meta name=\"twitter:data1\" content=\"Amanda Gushiken\" \/>\n\t<meta name=\"twitter:label2\" content=\"Est. tempo de leitura\" \/>\n\t<meta name=\"twitter:data2\" content=\"3 minutos\" \/>\n<script type=\"application\/ld+json\" class=\"yoast-schema-graph\">{\"@context\":\"https:\/\/schema.org\",\"@graph\":[{\"@type\":\"NewsArticle\",\"@id\":\"https:\/\/www.suno.com.br\/noticias\/novo-modelo-capitalizacao-eletrobras-junho-minas-energia\/#article\",\"isPartOf\":{\"@id\":\"https:\/\/www.suno.com.br\/noticias\/novo-modelo-capitalizacao-eletrobras-junho-minas-energia\/\"},\"author\":{\"name\":\"Amanda Gushiken\",\"@id\":\"https:\/\/www.suno.com.br\/noticias\/#\/schema\/person\/a5b06fa4e879d8e8e119c6ed3cd630d1\"},\"headline\":\"Novo modelo de capitaliza\u00e7\u00e3o da Eletrobras deve ser definido at\u00e9 junho\",\"datePublished\":\"2019-03-21T18:53:37+00:00\",\"mainEntityOfPage\":{\"@id\":\"https:\/\/www.suno.com.br\/noticias\/novo-modelo-capitalizacao-eletrobras-junho-minas-energia\/\"},\"wordCount\":667,\"publisher\":{\"@id\":\"https:\/\/www.suno.com.br\/noticias\/#organization\"},\"image\":{\"@id\":\"https:\/\/www.suno.com.br\/noticias\/novo-modelo-capitalizacao-eletrobras-junho-minas-energia\/#primaryimage\"},\"thumbnailUrl\":\"https:\/\/files.sunoresearch.com.br\/n\/uploads\/2018\/10\/711a82e9-eletrobras-1-jpg.webp\",\"keywords\":[\"Eletrobras (ELET3\/ELET5\/ELET6)\",\"Minist\u00e9rio da Economia\",\"Minist\u00e9rio de Minas e Energia\",\"Petrobras (PETR4)\"],\"articleSection\":[\"Neg\u00f3cios\"],\"inLanguage\":\"pt-BR\"},{\"@type\":\"WebPage\",\"@id\":\"https:\/\/www.suno.com.br\/noticias\/novo-modelo-capitalizacao-eletrobras-junho-minas-energia\/\",\"url\":\"https:\/\/www.suno.com.br\/noticias\/novo-modelo-capitalizacao-eletrobras-junho-minas-energia\/\",\"name\":\"Novo modelo de capitaliza\u00e7\u00e3o da Eletrobras deve ser definido at\u00e9 junho\",\"isPartOf\":{\"@id\":\"https:\/\/www.suno.com.br\/noticias\/#website\"},\"primaryImageOfPage\":{\"@id\":\"https:\/\/www.suno.com.br\/noticias\/novo-modelo-capitalizacao-eletrobras-junho-minas-energia\/#primaryimage\"},\"image\":{\"@id\":\"https:\/\/www.suno.com.br\/noticias\/novo-modelo-capitalizacao-eletrobras-junho-minas-energia\/#primaryimage\"},\"thumbnailUrl\":\"https:\/\/files.sunoresearch.com.br\/n\/uploads\/2018\/10\/711a82e9-eletrobras-1-jpg.webp\",\"datePublished\":\"2019-03-21T18:53:37+00:00\",\"description\":\"Bento Albuquerque disse que o governo deve decidir o novo modelo de capitaliza\u00e7\u00e3o da Eletrobras at\u00e9 junho. Clique para saber mais.\",\"breadcrumb\":{\"@id\":\"https:\/\/www.suno.com.br\/noticias\/novo-modelo-capitalizacao-eletrobras-junho-minas-energia\/#breadcrumb\"},\"inLanguage\":\"pt-BR\",\"potentialAction\":[{\"@type\":\"ReadAction\",\"target\":[\"https:\/\/www.suno.com.br\/noticias\/novo-modelo-capitalizacao-eletrobras-junho-minas-energia\/\"]}]},{\"@type\":\"ImageObject\",\"inLanguage\":\"pt-BR\",\"@id\":\"https:\/\/www.suno.com.br\/noticias\/novo-modelo-capitalizacao-eletrobras-junho-minas-energia\/#primaryimage\",\"url\":\"https:\/\/files.sunoresearch.com.br\/n\/uploads\/2018\/10\/711a82e9-eletrobras-1-jpg.webp\",\"contentUrl\":\"https:\/\/files.sunoresearch.com.br\/n\/uploads\/2018\/10\/711a82e9-eletrobras-1-jpg.webp\",\"width\":1920,\"height\":1280,\"caption\":\"A Eletrobras (ELET3) apresentou, na noite da \u00faltima quarta-feira (11), seus resultados do terceiro trimestre.\"},{\"@type\":\"BreadcrumbList\",\"@id\":\"https:\/\/www.suno.com.br\/noticias\/novo-modelo-capitalizacao-eletrobras-junho-minas-energia\/#breadcrumb\",\"itemListElement\":[{\"@type\":\"ListItem\",\"position\":1,\"name\":\"Not\u00edcias\",\"item\":\"https:\/\/www.suno.com.br\/noticias\/\"},{\"@type\":\"ListItem\",\"position\":2,\"name\":\"Neg\u00f3cios\",\"item\":\"https:\/\/www.suno.com.br\/noticias\/negocios\/\"},{\"@type\":\"ListItem\",\"position\":3,\"name\":\"Novo modelo de capitaliza\u00e7\u00e3o da Eletrobras deve ser definido at\u00e9 junho\"}]},{\"@type\":\"WebSite\",\"@id\":\"https:\/\/www.suno.com.br\/noticias\/#website\",\"url\":\"https:\/\/www.suno.com.br\/noticias\/\",\"name\":\"Suno Not\u00edcias\",\"description\":\"Seu portal de informa\u00e7\u00e3o sobre o mundo dos investimentos\",\"publisher\":{\"@id\":\"https:\/\/www.suno.com.br\/noticias\/#organization\"},\"potentialAction\":[{\"@type\":\"SearchAction\",\"target\":{\"@type\":\"EntryPoint\",\"urlTemplate\":\"https:\/\/www.suno.com.br\/noticias\/?s={search_term_string}\"},\"query-input\":{\"@type\":\"PropertyValueSpecification\",\"valueRequired\":true,\"valueName\":\"search_term_string\"}}],\"inLanguage\":\"pt-BR\"},{\"@type\":\"Organization\",\"@id\":\"https:\/\/www.suno.com.br\/noticias\/#organization\",\"name\":\"Suno Not\u00edcias\",\"url\":\"https:\/\/www.suno.com.br\/noticias\/\",\"logo\":{\"@type\":\"ImageObject\",\"inLanguage\":\"pt-BR\",\"@id\":\"https:\/\/www.suno.com.br\/noticias\/#\/schema\/logo\/image\/\",\"url\":\"https:\/\/files.sunoresearch.com.br\/n\/uploads\/2021\/09\/suno-logo.png\",\"contentUrl\":\"https:\/\/files.sunoresearch.com.br\/n\/uploads\/2021\/09\/suno-logo.png\",\"width\":180,\"height\":180,\"caption\":\"Suno Not\u00edcias\"},\"image\":{\"@id\":\"https:\/\/www.suno.com.br\/noticias\/#\/schema\/logo\/image\/\"},\"sameAs\":[\"https:\/\/facebook.com\/sunoresearch\",\"https:\/\/x.com\/sunoresearch\",\"https:\/\/www.instagram.com\/suno\",\"https:\/\/www.linkedin.com\/company\/suno-research\/\",\"https:\/\/www.youtube.com\/c\/sunoresearch\"]},{\"@type\":\"Person\",\"@id\":\"https:\/\/www.suno.com.br\/noticias\/#\/schema\/person\/a5b06fa4e879d8e8e119c6ed3cd630d1\",\"name\":\"Amanda Gushiken\",\"image\":{\"@type\":\"ImageObject\",\"inLanguage\":\"pt-BR\",\"@id\":\"https:\/\/www.suno.com.br\/noticias\/#\/schema\/person\/image\/\",\"url\":\"https:\/\/secure.gravatar.com\/avatar\/ecd84705e6b65e3685ae80d725501fbe?s=96&r=g\",\"contentUrl\":\"https:\/\/secure.gravatar.com\/avatar\/ecd84705e6b65e3685ae80d725501fbe?s=96&r=g\",\"caption\":\"Amanda Gushiken\"},\"description\":\"Amanda Sayuri Gushiken escreve sobre finan\u00e7as e neg\u00f3cios para o portal Suno Not\u00edcias. Antes, trabalhou selecionando not\u00edcias da imprensa para clientes do mercado financeiro. Tamb\u00e9m desenvolveu pesquisa acad\u00eamica pela Universidade Anhembi Morumbi na \u00e1rea de Teorias da Comunica\u00e7\u00e3o e \u00e9 fot\u00f3grafa nas horas vagas.\",\"url\":\"https:\/\/www.suno.com.br\/noticias\/author\/amanda\/\"}]}<\/script>\n<!-- \/ Yoast SEO plugin. -->","yoast_head_json":{"title":"Novo modelo de capitaliza\u00e7\u00e3o da Eletrobras deve ser definido at\u00e9 junho","description":"Bento Albuquerque disse que o governo deve decidir o novo modelo de capitaliza\u00e7\u00e3o da Eletrobras at\u00e9 junho. Clique para saber mais.","robots":{"index":"index","follow":"follow","max-snippet":"max-snippet:-1","max-image-preview":"max-image-preview:large","max-video-preview":"max-video-preview:-1"},"canonical":"https:\/\/www.suno.com.br\/noticias\/novo-modelo-capitalizacao-eletrobras-junho-minas-energia\/","og_locale":"pt_BR","og_type":"article","og_title":"Novo modelo de capitaliza\u00e7\u00e3o da Eletrobras deve ser definido at\u00e9 junho","og_description":"Bento Albuquerque disse que o governo deve decidir o novo modelo de capitaliza\u00e7\u00e3o da Eletrobras at\u00e9 junho. Clique para saber mais.","og_url":"https:\/\/www.suno.com.br\/noticias\/novo-modelo-capitalizacao-eletrobras-junho-minas-energia\/","og_site_name":"Suno Not\u00edcias","article_publisher":"https:\/\/facebook.com\/sunoresearch","og_image":[{"width":1920,"height":1280,"url":"https:\/\/files.sunoresearch.com.br\/n\/uploads\/2018\/10\/711a82e9-eletrobras-1.jpg","type":"image\/jpeg"}],"author":"Amanda Gushiken","twitter_card":"summary_large_image","twitter_creator":"@sunoresearch","twitter_site":"@sunoresearch","twitter_misc":{"Escrito por":"Amanda Gushiken","Est. tempo de leitura":"3 minutos"},"schema":{"@context":"https:\/\/schema.org","@graph":[{"@type":"NewsArticle","@id":"https:\/\/www.suno.com.br\/noticias\/novo-modelo-capitalizacao-eletrobras-junho-minas-energia\/#article","isPartOf":{"@id":"https:\/\/www.suno.com.br\/noticias\/novo-modelo-capitalizacao-eletrobras-junho-minas-energia\/"},"author":{"name":"Amanda Gushiken","@id":"https:\/\/www.suno.com.br\/noticias\/#\/schema\/person\/a5b06fa4e879d8e8e119c6ed3cd630d1"},"headline":"Novo modelo de capitaliza\u00e7\u00e3o da Eletrobras deve ser definido at\u00e9 junho","datePublished":"2019-03-21T18:53:37+00:00","mainEntityOfPage":{"@id":"https:\/\/www.suno.com.br\/noticias\/novo-modelo-capitalizacao-eletrobras-junho-minas-energia\/"},"wordCount":667,"publisher":{"@id":"https:\/\/www.suno.com.br\/noticias\/#organization"},"image":{"@id":"https:\/\/www.suno.com.br\/noticias\/novo-modelo-capitalizacao-eletrobras-junho-minas-energia\/#primaryimage"},"thumbnailUrl":"https:\/\/files.sunoresearch.com.br\/n\/uploads\/2018\/10\/711a82e9-eletrobras-1-jpg.webp","keywords":["Eletrobras (ELET3\/ELET5\/ELET6)","Minist\u00e9rio da Economia","Minist\u00e9rio de Minas e Energia","Petrobras (PETR4)"],"articleSection":["Neg\u00f3cios"],"inLanguage":"pt-BR"},{"@type":"WebPage","@id":"https:\/\/www.suno.com.br\/noticias\/novo-modelo-capitalizacao-eletrobras-junho-minas-energia\/","url":"https:\/\/www.suno.com.br\/noticias\/novo-modelo-capitalizacao-eletrobras-junho-minas-energia\/","name":"Novo modelo de capitaliza\u00e7\u00e3o da Eletrobras deve ser definido at\u00e9 junho","isPartOf":{"@id":"https:\/\/www.suno.com.br\/noticias\/#website"},"primaryImageOfPage":{"@id":"https:\/\/www.suno.com.br\/noticias\/novo-modelo-capitalizacao-eletrobras-junho-minas-energia\/#primaryimage"},"image":{"@id":"https:\/\/www.suno.com.br\/noticias\/novo-modelo-capitalizacao-eletrobras-junho-minas-energia\/#primaryimage"},"thumbnailUrl":"https:\/\/files.sunoresearch.com.br\/n\/uploads\/2018\/10\/711a82e9-eletrobras-1-jpg.webp","datePublished":"2019-03-21T18:53:37+00:00","description":"Bento Albuquerque disse que o governo deve decidir o novo modelo de capitaliza\u00e7\u00e3o da Eletrobras at\u00e9 junho. Clique para saber mais.","breadcrumb":{"@id":"https:\/\/www.suno.com.br\/noticias\/novo-modelo-capitalizacao-eletrobras-junho-minas-energia\/#breadcrumb"},"inLanguage":"pt-BR","potentialAction":[{"@type":"ReadAction","target":["https:\/\/www.suno.com.br\/noticias\/novo-modelo-capitalizacao-eletrobras-junho-minas-energia\/"]}]},{"@type":"ImageObject","inLanguage":"pt-BR","@id":"https:\/\/www.suno.com.br\/noticias\/novo-modelo-capitalizacao-eletrobras-junho-minas-energia\/#primaryimage","url":"https:\/\/files.sunoresearch.com.br\/n\/uploads\/2018\/10\/711a82e9-eletrobras-1-jpg.webp","contentUrl":"https:\/\/files.sunoresearch.com.br\/n\/uploads\/2018\/10\/711a82e9-eletrobras-1-jpg.webp","width":1920,"height":1280,"caption":"A Eletrobras (ELET3) apresentou, na noite da \u00faltima quarta-feira (11), seus resultados do terceiro trimestre."},{"@type":"BreadcrumbList","@id":"https:\/\/www.suno.com.br\/noticias\/novo-modelo-capitalizacao-eletrobras-junho-minas-energia\/#breadcrumb","itemListElement":[{"@type":"ListItem","position":1,"name":"Not\u00edcias","item":"https:\/\/www.suno.com.br\/noticias\/"},{"@type":"ListItem","position":2,"name":"Neg\u00f3cios","item":"https:\/\/www.suno.com.br\/noticias\/negocios\/"},{"@type":"ListItem","position":3,"name":"Novo modelo de capitaliza\u00e7\u00e3o da Eletrobras deve ser definido at\u00e9 junho"}]},{"@type":"WebSite","@id":"https:\/\/www.suno.com.br\/noticias\/#website","url":"https:\/\/www.suno.com.br\/noticias\/","name":"Suno Not\u00edcias","description":"Seu portal de informa\u00e7\u00e3o sobre o mundo dos investimentos","publisher":{"@id":"https:\/\/www.suno.com.br\/noticias\/#organization"},"potentialAction":[{"@type":"SearchAction","target":{"@type":"EntryPoint","urlTemplate":"https:\/\/www.suno.com.br\/noticias\/?s={search_term_string}"},"query-input":{"@type":"PropertyValueSpecification","valueRequired":true,"valueName":"search_term_string"}}],"inLanguage":"pt-BR"},{"@type":"Organization","@id":"https:\/\/www.suno.com.br\/noticias\/#organization","name":"Suno Not\u00edcias","url":"https:\/\/www.suno.com.br\/noticias\/","logo":{"@type":"ImageObject","inLanguage":"pt-BR","@id":"https:\/\/www.suno.com.br\/noticias\/#\/schema\/logo\/image\/","url":"https:\/\/files.sunoresearch.com.br\/n\/uploads\/2021\/09\/suno-logo.png","contentUrl":"https:\/\/files.sunoresearch.com.br\/n\/uploads\/2021\/09\/suno-logo.png","width":180,"height":180,"caption":"Suno Not\u00edcias"},"image":{"@id":"https:\/\/www.suno.com.br\/noticias\/#\/schema\/logo\/image\/"},"sameAs":["https:\/\/facebook.com\/sunoresearch","https:\/\/x.com\/sunoresearch","https:\/\/www.instagram.com\/suno","https:\/\/www.linkedin.com\/company\/suno-research\/","https:\/\/www.youtube.com\/c\/sunoresearch"]},{"@type":"Person","@id":"https:\/\/www.suno.com.br\/noticias\/#\/schema\/person\/a5b06fa4e879d8e8e119c6ed3cd630d1","name":"Amanda Gushiken","image":{"@type":"ImageObject","inLanguage":"pt-BR","@id":"https:\/\/www.suno.com.br\/noticias\/#\/schema\/person\/image\/","url":"https:\/\/secure.gravatar.com\/avatar\/ecd84705e6b65e3685ae80d725501fbe?s=96&r=g","contentUrl":"https:\/\/secure.gravatar.com\/avatar\/ecd84705e6b65e3685ae80d725501fbe?s=96&r=g","caption":"Amanda Gushiken"},"description":"Amanda Sayuri Gushiken escreve sobre finan\u00e7as e neg\u00f3cios para o portal Suno Not\u00edcias. Antes, trabalhou selecionando not\u00edcias da imprensa para clientes do mercado financeiro. Tamb\u00e9m desenvolveu pesquisa acad\u00eamica pela Universidade Anhembi Morumbi na \u00e1rea de Teorias da Comunica\u00e7\u00e3o e \u00e9 fot\u00f3grafa nas horas vagas.","url":"https:\/\/www.suno.com.br\/noticias\/author\/amanda\/"}]}},"default_loop_html":"<div class=\"cardsPage__listCard__boxs\"><div class=\"cardsPage__listCard__boxs__img\"><a href=\"https:\/\/www.suno.com.br\/noticias\/novo-modelo-capitalizacao-eletrobras-junho-minas-energia\/\"><img class=\"mask\" src=\"https:\/\/www.suno.com.br\/noticias\/wp-content\/themes\/suno\/resources\/images\/spotlight\/spotlight1img\/bg-mask.png\" alt=\"Image Mask\"\/><img src=\"https:\/\/files.sunoresearch.com.br\/n\/uploads\/2018\/10\/711a82e9-eletrobras-1-400x200.webp\" alt=\"Novo modelo de capitaliza\u00e7\u00e3o da Eletrobras deve ser definido at\u00e9 junho\"\/><\/a><span class=\"spotlightCategory\"><a href=\"https:\/\/www.suno.com.br\/noticias\/negocios\/\">Neg\u00f3cios<\/a><\/span><\/div><div class=\"cardsPage__listCard__boxs__content\"><a href=\"https:\/\/www.suno.com.br\/noticias\/novo-modelo-capitalizacao-eletrobras-junho-minas-energia\/\"><h2 class=\"content__title\">Novo modelo de capitaliza\u00e7\u00e3o da Eletrobras deve ser definido at\u00e9 junho<\/h2><\/a><div class=\"newsContent__article__meta\"><div class=\"newsContent__article__meta__authorBox\"><a href=\"https:\/\/www.suno.com.br\/noticias\/author\/amanda\/\" class=\"authorBox__avatar noMobi\"><img src=\"https:\/\/files.sunoresearch.com.br\/n\/uploads\/2018\/11\/c6ad30be-amanda-150x150.webp\" alt=\"Amanda Gushiken\"><\/a><div class=\"authorBox__name\"><span>por\n\t\t\t<a href=\"https:\/\/www.suno.com.br\/noticias\/author\/amanda\/\"><span itemprop=\"author\">Amanda Gushiken<\/span><\/a><\/span><time datetime=\"2019-03-21T15:53:37-03:00\" itemprop=\"datePublished\">21\/03\/2019 15:53<\/time><\/div><\/div><\/div><\/div><\/div>","single_layout":"posts","amp_enabled":true,"_links":{"self":[{"href":"https:\/\/www.suno.com.br\/noticias\/wp-json\/wp\/v2\/posts\/18664"}],"collection":[{"href":"https:\/\/www.suno.com.br\/noticias\/wp-json\/wp\/v2\/posts"}],"about":[{"href":"https:\/\/www.suno.com.br\/noticias\/wp-json\/wp\/v2\/types\/post"}],"author":[{"embeddable":true,"href":"https:\/\/www.suno.com.br\/noticias\/wp-json\/wp\/v2\/users\/12"}],"replies":[{"embeddable":true,"href":"https:\/\/www.suno.com.br\/noticias\/wp-json\/wp\/v2\/comments?post=18664"}],"version-history":[{"count":0,"href":"https:\/\/www.suno.com.br\/noticias\/wp-json\/wp\/v2\/posts\/18664\/revisions"}],"wp:featuredmedia":[{"embeddable":true,"href":"https:\/\/www.suno.com.br\/noticias\/wp-json\/wp\/v2\/media\/5394"}],"wp:attachment":[{"href":"https:\/\/www.suno.com.br\/noticias\/wp-json\/wp\/v2\/media?parent=18664"}],"wp:term":[{"taxonomy":"category","embeddable":true,"href":"https:\/\/www.suno.com.br\/noticias\/wp-json\/wp\/v2\/categories?post=18664"},{"taxonomy":"post_tag","embeddable":true,"href":"https:\/\/www.suno.com.br\/noticias\/wp-json\/wp\/v2\/tags?post=18664"},{"taxonomy":"suno_strategy","embeddable":true,"href":"https:\/\/www.suno.com.br\/noticias\/wp-json\/wp\/v2\/suno_strategy?post=18664"}],"curies":[{"name":"wp","href":"https:\/\/api.w.org\/{rel}","templated":true}]}}