{"id":186526,"date":"2021-09-22T21:41:32","date_gmt":"2021-09-23T00:41:32","guid":{"rendered":"https:\/\/www.suno.com.br\/noticias\/?p=186526"},"modified":"2021-09-22T21:41:32","modified_gmt":"2021-09-23T00:41:32","slug":"saraiva-sled3-nao-consegue-vender-ativos-e-pode-decretar-falencia","status":"publish","type":"post","link":"https:\/\/www.suno.com.br\/noticias\/saraiva-sled3-nao-consegue-vender-ativos-e-pode-decretar-falencia\/","title":{"rendered":"Saraiva (SLED3) n\u00e3o consegue vender ativos e pode decretar fal\u00eancia"},"content":{"rendered":"<p>Para tentar abater sua d\u00edvida milion\u00e1ria, pagar seus credores e arcar com as despesas, a rede de livrarias <strong>Saraiva (SLED3)<\/strong> tentou mas n\u00e3o conseguiu vender seus ativos, como pontos de lojas e dom\u00ednio na internet, sofrendo um novo rev\u00e9s em seu plano de recupera\u00e7\u00e3o. Com isso, a empresa se aproxima do cen\u00e1rio de <strong>fal\u00eancia<\/strong>.<\/p>\t<div class=\"wrapper-featured-image\">\n\t\t<figure class=\"spotlightImg\">\n\n\t\t\t<picture>\n\t\t\t\t<source media=\"(max-width: 768px)\" srcset=\"https:\/\/files.sunoresearch.com.br\/n\/uploads\/2018\/11\/2002f175-saraiva-e1695382903507-400x200.webp\">\n\t\t\t\t<img loading=\"lazy\" decoding=\"async\" class=\"newsContent__article__imgCapa lazyloadDisabled \" src=\"https:\/\/files.sunoresearch.com.br\/n\/uploads\/2018\/11\/2002f175-saraiva-e1695382903507-800x450.webp\" width=\"800\" height=\"450\" alt=\"Saraiva (SLED3) n\u00e3o consegue vender ativos e pode decretar fal\u00eancia\" fetchpriority=high \/>\n\t\t\t<\/picture>\n\n\t\t\t<figcaption class=\"wp-caption-text wp-caption-text--show\">Saraiva (SLED4) - Foto: divulga\u00e7\u00e3o<\/figcaption>\n\t\t<\/figure>\n\t<\/div>\n\n\n\t<p>\n\t\t<a href=\"https:\/\/lp.suno.com.br\/planilha-controle-gastos\/\" target=\"_blank\" data-element=\"shortcode-suno-banner\" title=\"Banner SUNO, clique e saiba mais\">\n\t\t\t<picture>\n\t\t\t\t<source media=\"(max-width: 500px)\" srcset=\"https:\/\/files.sunoresearch.com.br\/n\/uploads\/2023\/03\/400x300-Planilha-controle-de-gastos.png\">\n\t\t\t\t<img class=\"newsContent__article__imgCapa newsContent__article__imgCapa--banner\"\n\t\t\t\t\tsrc=\"https:\/\/files.sunoresearch.com.br\/n\/uploads\/2023\/03\/1420x240-Planilha-controle-de-gastos.png\"\n\t\t\t\t\tdata-promo-id=\"101751\"\t\t\t\t\t\t\t\t\t\twidth='1420' height='240'\t\t\t\t\talt=\"https:\/\/files.sunoresearch.com.br\/n\/uploads\/2023\/03\/1420x240-Planilha-controle-de-gastos.png\"\n\t\t\t\t>\n\t\t\t<\/picture>\n\t\t<\/a>\n\t<\/p>\n\n\n<p>Ap\u00f3s a\u00e7\u00e3o de um de seus credores, a empresa de tecnologia Infosys, que questionou o plano da varejista apresentado em mar\u00e7o, a Justi\u00e7a determinou agora que a<strong>\u00a0 <a class=\"suno-keyword\" href=\"https:\/\/www.suno.com.br\/acoes\/SLED3\/\" target=\"_blank\" rel=\"noopener\" data-force=\"yes\" data-priority=\"2\">Saraiva (SLED3)<\/a><\/strong> apresente em at\u00e9 30 dias uma nova proposta, sob a pena de que sua fal\u00eancia seja decretada. No entanto, a empresa j\u00e1 tinha feito, alguns dias antes dessa decis\u00e3o, um ajuste no plano j\u00e1 contemplando o insucesso na venda de ativos. Agora, poder\u00e1 avaliar uma nova mudan\u00e7a, disse uma fonte.<\/p>\n\t<p>\n\t\t<a href=\"https:\/\/lp.suno.com.br\/planilha-de-controle-de-investimentos\/\" target=\"_blank\" data-element=\"shortcode-suno-banner\" title=\"Banner SUNO, clique e saiba mais\">\n\t\t\t<picture>\n\t\t\t\t<source media=\"(max-width: 500px)\" srcset=\"https:\/\/files.sunoresearch.com.br\/n\/uploads\/2023\/03\/400x300-Controle-de-Investimentos.png\">\n\t\t\t\t<img class=\"newsContent__article__imgCapa newsContent__article__imgCapa--banner\"\n\t\t\t\t\tsrc=\"https:\/\/files.sunoresearch.com.br\/n\/uploads\/2023\/03\/1420x240-Controle-de-Investimentos.png\"\n\t\t\t\t\tdata-promo-id=\"75934\"\t\t\t\t\t\t\t\t\t\twidth='1420' height='240'\t\t\t\t\talt=\"https:\/\/files.sunoresearch.com.br\/n\/uploads\/2023\/03\/1420x240-Controle-de-Investimentos.png\"\n\t\t\t\t>\n\t\t\t<\/picture>\n\t\t<\/a>\n\t<\/p>\n\n\n<h2><b>Saraiva (SLED3) possu\u00ed d\u00edvida milion\u00e1ria<\/b><\/h2>\n<p>Em <a class=\"suno-keyword\" href=\"https:\/\/www.suno.com.br\/artigos\/recuperacao-judicial\/\" target=\"_blank\" rel=\"noopener\" data-force=\"no\" data-priority=\"2\">recupera\u00e7\u00e3o judicial<\/a> desde 2018, e com d\u00edvidas na \u00e9poca na ordem de R$ 674 milh\u00f5es, a Saraiva n\u00e3o conseguiu vender os ativos que seriam utilizados para pagar os credores e para injetar caixa na opera\u00e7\u00e3o. Fez recentemente a terceira tentativa de vender um conjunto de lojas e o seu e-commerce, mas n\u00e3o atraiu interessados.<\/p>\n\t<p>\n\t\t<a href=\"https:\/\/lp.suno.com.br\/planilha-da-vida-financeira\/\" target=\"_blank\" data-element=\"shortcode-suno-banner\" title=\"Banner SUNO, clique e saiba mais\">\n\t\t\t<picture>\n\t\t\t\t<source media=\"(max-width: 500px)\" srcset=\"https:\/\/files.sunoresearch.com.br\/n\/uploads\/2023\/04\/400x300-Planilha-vida-financeira-true.png\">\n\t\t\t\t<img class=\"newsContent__article__imgCapa newsContent__article__imgCapa--banner\"\n\t\t\t\t\tsrc=\"https:\/\/files.sunoresearch.com.br\/n\/uploads\/2023\/04\/1420x240-Planilha-vida-financeira-true.png\"\n\t\t\t\t\tdata-promo-id=\"106682\"\t\t\t\t\t\t\t\t\t\twidth='1420' height='240'\t\t\t\t\talt=\"https:\/\/files.sunoresearch.com.br\/n\/uploads\/2023\/04\/1420x240-Planilha-vida-financeira-true.png\"\n\t\t\t\t>\n\t\t\t<\/picture>\n\t\t<\/a>\n\t<\/p>\n\n\n<p>Sem esses recursos, a empresa apresentou, na semana passada, um novo aditivo ao plano. Pela nova proposta, os credores deveriam optar em um des\u00e1gio de <strong>80% da d\u00edvida<\/strong>, com o pagamento do restante em a\u00e7\u00f5es da empresa, que \u00e9 listada na Bolsa. A segunda op\u00e7\u00e3o apresentada ao credor \u00e9 de receber at\u00e9 2048, com o in\u00edcio do pagamento a partir de 2016, com <strong>juros de 0,5% ao ano<\/strong>.<\/p>\n<p>Segundo decis\u00e3o da 1\u00aa C\u00e2mara Reservada de Direito Empresarial do Tribunal de Justi\u00e7a de S\u00e3o Paulo, o novo plano tamb\u00e9m precisar\u00e1 ser votado em 30 dias. Enquanto n\u00e3o for aprovado, a empresa precisar\u00e1 cumprir aquilo que j\u00e1 tinha sido validado anteriormente, com foco aos credores trabalhistas. J\u00e1 havia sido determinado, por exemplo, que a empresa pague regularmente at\u00e9 R$ 160 mil em cr\u00e9ditos trabalhistas.<\/p>\n\t<p>\n\t\t<a href=\"https:\/\/lp.suno.com.br\/ebook-como-analisar-uma-acao\/\" target=\"_blank\" data-element=\"shortcode-suno-banner\" title=\"Banner SUNO, clique e saiba mais\">\n\t\t\t<picture>\n\t\t\t\t<source media=\"(max-width: 500px)\" srcset=\"https:\/\/files.sunoresearch.com.br\/n\/uploads\/2023\/03\/Ebook-Acoes-Mobile-1.jpg\">\n\t\t\t\t<img class=\"newsContent__article__imgCapa newsContent__article__imgCapa--banner\"\n\t\t\t\t\tsrc=\"https:\/\/files.sunoresearch.com.br\/n\/uploads\/2023\/03\/Ebook-Acoes-Desktop-1.jpg\"\n\t\t\t\t\tdata-promo-id=\"171998\"\t\t\t\t\t\t\t\t\t\twidth='1420' height='286'\t\t\t\t\talt=\"https:\/\/files.sunoresearch.com.br\/n\/uploads\/2023\/03\/Ebook-Acoes-Desktop-1.jpg\"\n\t\t\t\t>\n\t\t\t<\/picture>\n\t\t<\/a>\n\t<\/p>\n\n\n<p>No fim de junho, conforme o \u00faltimo resultado divulgado pela empresa, a <strong>Saraiva<\/strong> tinha 38 lojas, ante 64 um ano antes. O preju\u00edzo no primeiro semestre foi de R$ 45 milh\u00f5es, ante uma perda de R$ 108 milh\u00f5es na primeira metade de 2020.<\/p>\n<p><em>(Com informa\u00e7\u00f5es da Ag\u00eancia Estado)<\/em><\/p>\n\t<p>\n\t\t<a href=\"\" target=\"_blank\" data-element=\"shortcode-suno-banner\" title=\"Banner SUNO, clique e saiba mais\">\n\t\t\t<picture>\n\t\t\t\t<source media=\"(max-width: 500px)\" srcset=\"\">\n\t\t\t\t<img class=\"newsContent__article__imgCapa newsContent__article__imgCapa--banner\"\n\t\t\t\t\tsrc=\"\"\n\t\t\t\t\tdata-promo-id=\"184190\"\t\t\t\t\t\t\t\t\t\t\t\t\t\t\talt=\"\"\n\t\t\t\t>\n\t\t\t<\/picture>\n\t\t<\/a>\n\t<\/p>\n\n\n","protected":false},"excerpt":{"rendered":"<p>Para tentar abater sua d\u00edvida milion\u00e1ria, pagar seus credores e arcar com as despesas, a rede de livrarias Saraiva (SLED3) tentou mas n\u00e3o conseguiu vender seus ativos, como pontos de lojas e dom\u00ednio na internet, sofrendo um novo rev\u00e9s em seu plano de recupera\u00e7\u00e3o. Com isso, a empresa se aproxima do cen\u00e1rio de fal\u00eancia. Saraiva [&hellip;]<\/p>\n","protected":false},"author":118,"featured_media":6756,"comment_status":"closed","ping_status":"closed","sticky":false,"template":"","format":"standard","meta":[],"categories":[64],"tags":[629],"suno_strategy":[],"class_list":["post-186526","post","type-post","status-publish","format-standard","has-post-thumbnail","hentry","category-negocios","tag-saraiva-sled3-sled4"],"yoast_head":"<!-- This site is optimized with the Yoast SEO plugin v24.4 - https:\/\/yoast.com\/wordpress\/plugins\/seo\/ -->\n<title>Saraiva (SLED3) n\u00e3o consegue vender ativos e pode decretar fal\u00eancia<\/title>\n<meta name=\"description\" content=\"A rede de livrarias Saraiva (SLED3) tentou, sem sucesso, a vender seus ativos para pagar d\u00edvida milion\u00e1ria. Agora, corre risco de fal\u00eancia...\" \/>\n<meta name=\"robots\" content=\"index, follow, max-snippet:-1, max-image-preview:large, max-video-preview:-1\" \/>\n<link rel=\"canonical\" href=\"https:\/\/www.suno.com.br\/noticias\/saraiva-sled3-nao-consegue-vender-ativos-e-pode-decretar-falencia\/\" \/>\n<meta property=\"og:locale\" content=\"pt_BR\" \/>\n<meta property=\"og:type\" content=\"article\" \/>\n<meta property=\"og:title\" content=\"Saraiva (SLED3) n\u00e3o consegue vender ativos e pode decretar fal\u00eancia\" \/>\n<meta property=\"og:description\" content=\"A rede de livrarias Saraiva (SLED3) tentou, sem sucesso, a vender seus ativos para pagar d\u00edvida milion\u00e1ria. Agora, corre risco de fal\u00eancia...\" \/>\n<meta property=\"og:url\" content=\"https:\/\/www.suno.com.br\/noticias\/saraiva-sled3-nao-consegue-vender-ativos-e-pode-decretar-falencia\/\" \/>\n<meta property=\"og:site_name\" content=\"Suno Not\u00edcias\" \/>\n<meta property=\"article:publisher\" content=\"https:\/\/facebook.com\/sunoresearch\" \/>\n<meta property=\"og:image\" content=\"https:\/\/files.sunoresearch.com.br\/n\/uploads\/2018\/11\/2002f175-saraiva-e1695382903507-jpg.webp\" \/>\n\t<meta property=\"og:image:width\" content=\"1200\" \/>\n\t<meta property=\"og:image:height\" content=\"900\" \/>\n\t<meta property=\"og:image:type\" content=\"image\/jpeg\" \/>\n<meta name=\"author\" content=\"Bruno Galv\u00e3o\" \/>\n<meta name=\"twitter:card\" content=\"summary_large_image\" \/>\n<meta name=\"twitter:creator\" content=\"@sunoresearch\" \/>\n<meta name=\"twitter:site\" content=\"@sunoresearch\" \/>\n<meta name=\"twitter:label1\" content=\"Escrito por\" \/>\n\t<meta name=\"twitter:data1\" content=\"Bruno Galv\u00e3o\" \/>\n\t<meta name=\"twitter:label2\" content=\"Est. tempo de leitura\" \/>\n\t<meta name=\"twitter:data2\" content=\"2 minutos\" \/>\n<script type=\"application\/ld+json\" class=\"yoast-schema-graph\">{\"@context\":\"https:\/\/schema.org\",\"@graph\":[{\"@type\":\"NewsArticle\",\"@id\":\"https:\/\/www.suno.com.br\/noticias\/saraiva-sled3-nao-consegue-vender-ativos-e-pode-decretar-falencia\/#article\",\"isPartOf\":{\"@id\":\"https:\/\/www.suno.com.br\/noticias\/saraiva-sled3-nao-consegue-vender-ativos-e-pode-decretar-falencia\/\"},\"author\":{\"name\":\"Bruno Galv\u00e3o\",\"@id\":\"https:\/\/www.suno.com.br\/noticias\/#\/schema\/person\/06f0d962a6b1c54852e4860f16935600\"},\"headline\":\"Saraiva (SLED3) n\u00e3o consegue vender ativos e pode decretar fal\u00eancia\",\"datePublished\":\"2021-09-23T00:41:32+00:00\",\"mainEntityOfPage\":{\"@id\":\"https:\/\/www.suno.com.br\/noticias\/saraiva-sled3-nao-consegue-vender-ativos-e-pode-decretar-falencia\/\"},\"wordCount\":423,\"publisher\":{\"@id\":\"https:\/\/www.suno.com.br\/noticias\/#organization\"},\"image\":{\"@id\":\"https:\/\/www.suno.com.br\/noticias\/saraiva-sled3-nao-consegue-vender-ativos-e-pode-decretar-falencia\/#primaryimage\"},\"thumbnailUrl\":\"https:\/\/files.sunoresearch.com.br\/n\/uploads\/2018\/11\/2002f175-saraiva-e1695382903507-jpg.webp\",\"keywords\":[\"Saraiva (SLED3\/SLED4)\"],\"articleSection\":[\"Neg\u00f3cios\"],\"inLanguage\":\"pt-BR\"},{\"@type\":\"WebPage\",\"@id\":\"https:\/\/www.suno.com.br\/noticias\/saraiva-sled3-nao-consegue-vender-ativos-e-pode-decretar-falencia\/\",\"url\":\"https:\/\/www.suno.com.br\/noticias\/saraiva-sled3-nao-consegue-vender-ativos-e-pode-decretar-falencia\/\",\"name\":\"Saraiva (SLED3) n\u00e3o consegue vender ativos e pode decretar fal\u00eancia\",\"isPartOf\":{\"@id\":\"https:\/\/www.suno.com.br\/noticias\/#website\"},\"primaryImageOfPage\":{\"@id\":\"https:\/\/www.suno.com.br\/noticias\/saraiva-sled3-nao-consegue-vender-ativos-e-pode-decretar-falencia\/#primaryimage\"},\"image\":{\"@id\":\"https:\/\/www.suno.com.br\/noticias\/saraiva-sled3-nao-consegue-vender-ativos-e-pode-decretar-falencia\/#primaryimage\"},\"thumbnailUrl\":\"https:\/\/files.sunoresearch.com.br\/n\/uploads\/2018\/11\/2002f175-saraiva-e1695382903507-jpg.webp\",\"datePublished\":\"2021-09-23T00:41:32+00:00\",\"description\":\"A rede de livrarias Saraiva (SLED3) tentou, sem sucesso, a vender seus ativos para pagar d\u00edvida milion\u00e1ria. Agora, corre risco de fal\u00eancia...\",\"breadcrumb\":{\"@id\":\"https:\/\/www.suno.com.br\/noticias\/saraiva-sled3-nao-consegue-vender-ativos-e-pode-decretar-falencia\/#breadcrumb\"},\"inLanguage\":\"pt-BR\",\"potentialAction\":[{\"@type\":\"ReadAction\",\"target\":[\"https:\/\/www.suno.com.br\/noticias\/saraiva-sled3-nao-consegue-vender-ativos-e-pode-decretar-falencia\/\"]}]},{\"@type\":\"ImageObject\",\"inLanguage\":\"pt-BR\",\"@id\":\"https:\/\/www.suno.com.br\/noticias\/saraiva-sled3-nao-consegue-vender-ativos-e-pode-decretar-falencia\/#primaryimage\",\"url\":\"https:\/\/files.sunoresearch.com.br\/n\/uploads\/2018\/11\/2002f175-saraiva-e1695382903507-jpg.webp\",\"contentUrl\":\"https:\/\/files.sunoresearch.com.br\/n\/uploads\/2018\/11\/2002f175-saraiva-e1695382903507-jpg.webp\",\"width\":1200,\"height\":900,\"caption\":\"Saraiva (SLED4) - Foto: divulga\u00e7\u00e3o\"},{\"@type\":\"BreadcrumbList\",\"@id\":\"https:\/\/www.suno.com.br\/noticias\/saraiva-sled3-nao-consegue-vender-ativos-e-pode-decretar-falencia\/#breadcrumb\",\"itemListElement\":[{\"@type\":\"ListItem\",\"position\":1,\"name\":\"Not\u00edcias\",\"item\":\"https:\/\/www.suno.com.br\/noticias\/\"},{\"@type\":\"ListItem\",\"position\":2,\"name\":\"Neg\u00f3cios\",\"item\":\"https:\/\/www.suno.com.br\/noticias\/negocios\/\"},{\"@type\":\"ListItem\",\"position\":3,\"name\":\"Saraiva (SLED3) n\u00e3o consegue vender ativos e pode decretar fal\u00eancia\"}]},{\"@type\":\"WebSite\",\"@id\":\"https:\/\/www.suno.com.br\/noticias\/#website\",\"url\":\"https:\/\/www.suno.com.br\/noticias\/\",\"name\":\"Suno Not\u00edcias\",\"description\":\"Seu portal de informa\u00e7\u00e3o sobre o mundo dos investimentos\",\"publisher\":{\"@id\":\"https:\/\/www.suno.com.br\/noticias\/#organization\"},\"potentialAction\":[{\"@type\":\"SearchAction\",\"target\":{\"@type\":\"EntryPoint\",\"urlTemplate\":\"https:\/\/www.suno.com.br\/noticias\/?s={search_term_string}\"},\"query-input\":{\"@type\":\"PropertyValueSpecification\",\"valueRequired\":true,\"valueName\":\"search_term_string\"}}],\"inLanguage\":\"pt-BR\"},{\"@type\":\"Organization\",\"@id\":\"https:\/\/www.suno.com.br\/noticias\/#organization\",\"name\":\"Suno Not\u00edcias\",\"url\":\"https:\/\/www.suno.com.br\/noticias\/\",\"logo\":{\"@type\":\"ImageObject\",\"inLanguage\":\"pt-BR\",\"@id\":\"https:\/\/www.suno.com.br\/noticias\/#\/schema\/logo\/image\/\",\"url\":\"https:\/\/files.sunoresearch.com.br\/n\/uploads\/2021\/09\/suno-logo.png\",\"contentUrl\":\"https:\/\/files.sunoresearch.com.br\/n\/uploads\/2021\/09\/suno-logo.png\",\"width\":180,\"height\":180,\"caption\":\"Suno Not\u00edcias\"},\"image\":{\"@id\":\"https:\/\/www.suno.com.br\/noticias\/#\/schema\/logo\/image\/\"},\"sameAs\":[\"https:\/\/facebook.com\/sunoresearch\",\"https:\/\/x.com\/sunoresearch\",\"https:\/\/www.instagram.com\/suno\",\"https:\/\/www.linkedin.com\/company\/suno-research\/\",\"https:\/\/www.youtube.com\/c\/sunoresearch\"]},{\"@type\":\"Person\",\"@id\":\"https:\/\/www.suno.com.br\/noticias\/#\/schema\/person\/06f0d962a6b1c54852e4860f16935600\",\"name\":\"Bruno Galv\u00e3o\",\"image\":{\"@type\":\"ImageObject\",\"inLanguage\":\"pt-BR\",\"@id\":\"https:\/\/www.suno.com.br\/noticias\/#\/schema\/person\/image\/\",\"url\":\"https:\/\/secure.gravatar.com\/avatar\/53598df0b41c00f12f287a912d0e918e?s=96&r=g\",\"contentUrl\":\"https:\/\/secure.gravatar.com\/avatar\/53598df0b41c00f12f287a912d0e918e?s=96&r=g\",\"caption\":\"Bruno Galv\u00e3o\"},\"description\":\"Escreve para o portal Suno Not\u00edcias. \u00c9 estudante de Jornalismo pela Faculdade C\u00e1sper L\u00edbero e Letras pela USP. Entusiasta de tecnologia e intelig\u00eancia artificial.\",\"url\":\"https:\/\/www.suno.com.br\/noticias\/author\/bruno-garcia\/\"}]}<\/script>\n<!-- \/ Yoast SEO plugin. -->","yoast_head_json":{"title":"Saraiva (SLED3) n\u00e3o consegue vender ativos e pode decretar fal\u00eancia","description":"A rede de livrarias Saraiva (SLED3) tentou, sem sucesso, a vender seus ativos para pagar d\u00edvida milion\u00e1ria. Agora, corre risco de fal\u00eancia...","robots":{"index":"index","follow":"follow","max-snippet":"max-snippet:-1","max-image-preview":"max-image-preview:large","max-video-preview":"max-video-preview:-1"},"canonical":"https:\/\/www.suno.com.br\/noticias\/saraiva-sled3-nao-consegue-vender-ativos-e-pode-decretar-falencia\/","og_locale":"pt_BR","og_type":"article","og_title":"Saraiva (SLED3) n\u00e3o consegue vender ativos e pode decretar fal\u00eancia","og_description":"A rede de livrarias Saraiva (SLED3) tentou, sem sucesso, a vender seus ativos para pagar d\u00edvida milion\u00e1ria. Agora, corre risco de fal\u00eancia...","og_url":"https:\/\/www.suno.com.br\/noticias\/saraiva-sled3-nao-consegue-vender-ativos-e-pode-decretar-falencia\/","og_site_name":"Suno Not\u00edcias","article_publisher":"https:\/\/facebook.com\/sunoresearch","og_image":[{"width":1200,"height":900,"url":"https:\/\/files.sunoresearch.com.br\/n\/uploads\/2018\/11\/2002f175-saraiva-e1695382903507-jpg.webp","type":"image\/jpeg"}],"author":"Bruno Galv\u00e3o","twitter_card":"summary_large_image","twitter_creator":"@sunoresearch","twitter_site":"@sunoresearch","twitter_misc":{"Escrito por":"Bruno Galv\u00e3o","Est. tempo de leitura":"2 minutos"},"schema":{"@context":"https:\/\/schema.org","@graph":[{"@type":"NewsArticle","@id":"https:\/\/www.suno.com.br\/noticias\/saraiva-sled3-nao-consegue-vender-ativos-e-pode-decretar-falencia\/#article","isPartOf":{"@id":"https:\/\/www.suno.com.br\/noticias\/saraiva-sled3-nao-consegue-vender-ativos-e-pode-decretar-falencia\/"},"author":{"name":"Bruno Galv\u00e3o","@id":"https:\/\/www.suno.com.br\/noticias\/#\/schema\/person\/06f0d962a6b1c54852e4860f16935600"},"headline":"Saraiva (SLED3) n\u00e3o consegue vender ativos e pode decretar fal\u00eancia","datePublished":"2021-09-23T00:41:32+00:00","mainEntityOfPage":{"@id":"https:\/\/www.suno.com.br\/noticias\/saraiva-sled3-nao-consegue-vender-ativos-e-pode-decretar-falencia\/"},"wordCount":423,"publisher":{"@id":"https:\/\/www.suno.com.br\/noticias\/#organization"},"image":{"@id":"https:\/\/www.suno.com.br\/noticias\/saraiva-sled3-nao-consegue-vender-ativos-e-pode-decretar-falencia\/#primaryimage"},"thumbnailUrl":"https:\/\/files.sunoresearch.com.br\/n\/uploads\/2018\/11\/2002f175-saraiva-e1695382903507-jpg.webp","keywords":["Saraiva (SLED3\/SLED4)"],"articleSection":["Neg\u00f3cios"],"inLanguage":"pt-BR"},{"@type":"WebPage","@id":"https:\/\/www.suno.com.br\/noticias\/saraiva-sled3-nao-consegue-vender-ativos-e-pode-decretar-falencia\/","url":"https:\/\/www.suno.com.br\/noticias\/saraiva-sled3-nao-consegue-vender-ativos-e-pode-decretar-falencia\/","name":"Saraiva (SLED3) n\u00e3o consegue vender ativos e pode decretar fal\u00eancia","isPartOf":{"@id":"https:\/\/www.suno.com.br\/noticias\/#website"},"primaryImageOfPage":{"@id":"https:\/\/www.suno.com.br\/noticias\/saraiva-sled3-nao-consegue-vender-ativos-e-pode-decretar-falencia\/#primaryimage"},"image":{"@id":"https:\/\/www.suno.com.br\/noticias\/saraiva-sled3-nao-consegue-vender-ativos-e-pode-decretar-falencia\/#primaryimage"},"thumbnailUrl":"https:\/\/files.sunoresearch.com.br\/n\/uploads\/2018\/11\/2002f175-saraiva-e1695382903507-jpg.webp","datePublished":"2021-09-23T00:41:32+00:00","description":"A rede de livrarias Saraiva (SLED3) tentou, sem sucesso, a vender seus ativos para pagar d\u00edvida milion\u00e1ria. Agora, corre risco de fal\u00eancia...","breadcrumb":{"@id":"https:\/\/www.suno.com.br\/noticias\/saraiva-sled3-nao-consegue-vender-ativos-e-pode-decretar-falencia\/#breadcrumb"},"inLanguage":"pt-BR","potentialAction":[{"@type":"ReadAction","target":["https:\/\/www.suno.com.br\/noticias\/saraiva-sled3-nao-consegue-vender-ativos-e-pode-decretar-falencia\/"]}]},{"@type":"ImageObject","inLanguage":"pt-BR","@id":"https:\/\/www.suno.com.br\/noticias\/saraiva-sled3-nao-consegue-vender-ativos-e-pode-decretar-falencia\/#primaryimage","url":"https:\/\/files.sunoresearch.com.br\/n\/uploads\/2018\/11\/2002f175-saraiva-e1695382903507-jpg.webp","contentUrl":"https:\/\/files.sunoresearch.com.br\/n\/uploads\/2018\/11\/2002f175-saraiva-e1695382903507-jpg.webp","width":1200,"height":900,"caption":"Saraiva (SLED4) - Foto: divulga\u00e7\u00e3o"},{"@type":"BreadcrumbList","@id":"https:\/\/www.suno.com.br\/noticias\/saraiva-sled3-nao-consegue-vender-ativos-e-pode-decretar-falencia\/#breadcrumb","itemListElement":[{"@type":"ListItem","position":1,"name":"Not\u00edcias","item":"https:\/\/www.suno.com.br\/noticias\/"},{"@type":"ListItem","position":2,"name":"Neg\u00f3cios","item":"https:\/\/www.suno.com.br\/noticias\/negocios\/"},{"@type":"ListItem","position":3,"name":"Saraiva (SLED3) n\u00e3o consegue vender ativos e pode decretar fal\u00eancia"}]},{"@type":"WebSite","@id":"https:\/\/www.suno.com.br\/noticias\/#website","url":"https:\/\/www.suno.com.br\/noticias\/","name":"Suno Not\u00edcias","description":"Seu portal de informa\u00e7\u00e3o sobre o mundo dos investimentos","publisher":{"@id":"https:\/\/www.suno.com.br\/noticias\/#organization"},"potentialAction":[{"@type":"SearchAction","target":{"@type":"EntryPoint","urlTemplate":"https:\/\/www.suno.com.br\/noticias\/?s={search_term_string}"},"query-input":{"@type":"PropertyValueSpecification","valueRequired":true,"valueName":"search_term_string"}}],"inLanguage":"pt-BR"},{"@type":"Organization","@id":"https:\/\/www.suno.com.br\/noticias\/#organization","name":"Suno Not\u00edcias","url":"https:\/\/www.suno.com.br\/noticias\/","logo":{"@type":"ImageObject","inLanguage":"pt-BR","@id":"https:\/\/www.suno.com.br\/noticias\/#\/schema\/logo\/image\/","url":"https:\/\/files.sunoresearch.com.br\/n\/uploads\/2021\/09\/suno-logo.png","contentUrl":"https:\/\/files.sunoresearch.com.br\/n\/uploads\/2021\/09\/suno-logo.png","width":180,"height":180,"caption":"Suno Not\u00edcias"},"image":{"@id":"https:\/\/www.suno.com.br\/noticias\/#\/schema\/logo\/image\/"},"sameAs":["https:\/\/facebook.com\/sunoresearch","https:\/\/x.com\/sunoresearch","https:\/\/www.instagram.com\/suno","https:\/\/www.linkedin.com\/company\/suno-research\/","https:\/\/www.youtube.com\/c\/sunoresearch"]},{"@type":"Person","@id":"https:\/\/www.suno.com.br\/noticias\/#\/schema\/person\/06f0d962a6b1c54852e4860f16935600","name":"Bruno Galv\u00e3o","image":{"@type":"ImageObject","inLanguage":"pt-BR","@id":"https:\/\/www.suno.com.br\/noticias\/#\/schema\/person\/image\/","url":"https:\/\/secure.gravatar.com\/avatar\/53598df0b41c00f12f287a912d0e918e?s=96&r=g","contentUrl":"https:\/\/secure.gravatar.com\/avatar\/53598df0b41c00f12f287a912d0e918e?s=96&r=g","caption":"Bruno Galv\u00e3o"},"description":"Escreve para o portal Suno Not\u00edcias. \u00c9 estudante de Jornalismo pela Faculdade C\u00e1sper L\u00edbero e Letras pela USP. Entusiasta de tecnologia e intelig\u00eancia artificial.","url":"https:\/\/www.suno.com.br\/noticias\/author\/bruno-garcia\/"}]}},"default_loop_html":"<div class=\"cardsPage__listCard__boxs\"><div class=\"cardsPage__listCard__boxs__img\"><a href=\"https:\/\/www.suno.com.br\/noticias\/saraiva-sled3-nao-consegue-vender-ativos-e-pode-decretar-falencia\/\"><img class=\"mask\" src=\"https:\/\/www.suno.com.br\/noticias\/wp-content\/themes\/suno\/resources\/images\/spotlight\/spotlight1img\/bg-mask.png\" alt=\"Image Mask\"\/><img src=\"https:\/\/files.sunoresearch.com.br\/n\/uploads\/2018\/11\/2002f175-saraiva-e1695382903507-400x200.webp\" alt=\"Saraiva (SLED3) n\u00e3o consegue vender ativos e pode decretar fal\u00eancia\"\/><\/a><span class=\"spotlightCategory\"><a href=\"https:\/\/www.suno.com.br\/noticias\/negocios\/\">Neg\u00f3cios<\/a><\/span><\/div><div class=\"cardsPage__listCard__boxs__content\"><a href=\"https:\/\/www.suno.com.br\/noticias\/saraiva-sled3-nao-consegue-vender-ativos-e-pode-decretar-falencia\/\"><h2 class=\"content__title\">Saraiva (SLED3) n\u00e3o consegue vender ativos e pode decretar fal\u00eancia<\/h2><\/a><div class=\"newsContent__article__meta\"><div class=\"newsContent__article__meta__authorBox\"><a href=\"https:\/\/www.suno.com.br\/noticias\/author\/bruno-garcia\/\" class=\"authorBox__avatar noMobi\"><img src=\"https:\/\/secure.gravatar.com\/avatar\/53598df0b41c00f12f287a912d0e918e?s=96&#038;r=g\" alt=\"Bruno Galv\u00e3o\"><\/a><div class=\"authorBox__name\"><span>por\n\t\t\t<a href=\"https:\/\/www.suno.com.br\/noticias\/author\/bruno-garcia\/\"><span itemprop=\"author\">Bruno Galv\u00e3o<\/span><\/a><\/span><time datetime=\"2021-09-22T21:41:32-03:00\" itemprop=\"datePublished\">22\/09\/2021 21:41<\/time><\/div><\/div><\/div><\/div><\/div>","single_layout":"posts","amp_enabled":true,"_links":{"self":[{"href":"https:\/\/www.suno.com.br\/noticias\/wp-json\/wp\/v2\/posts\/186526"}],"collection":[{"href":"https:\/\/www.suno.com.br\/noticias\/wp-json\/wp\/v2\/posts"}],"about":[{"href":"https:\/\/www.suno.com.br\/noticias\/wp-json\/wp\/v2\/types\/post"}],"author":[{"embeddable":true,"href":"https:\/\/www.suno.com.br\/noticias\/wp-json\/wp\/v2\/users\/118"}],"replies":[{"embeddable":true,"href":"https:\/\/www.suno.com.br\/noticias\/wp-json\/wp\/v2\/comments?post=186526"}],"version-history":[{"count":4,"href":"https:\/\/www.suno.com.br\/noticias\/wp-json\/wp\/v2\/posts\/186526\/revisions"}],"predecessor-version":[{"id":186816,"href":"https:\/\/www.suno.com.br\/noticias\/wp-json\/wp\/v2\/posts\/186526\/revisions\/186816"}],"wp:featuredmedia":[{"embeddable":true,"href":"https:\/\/www.suno.com.br\/noticias\/wp-json\/wp\/v2\/media\/6756"}],"wp:attachment":[{"href":"https:\/\/www.suno.com.br\/noticias\/wp-json\/wp\/v2\/media?parent=186526"}],"wp:term":[{"taxonomy":"category","embeddable":true,"href":"https:\/\/www.suno.com.br\/noticias\/wp-json\/wp\/v2\/categories?post=186526"},{"taxonomy":"post_tag","embeddable":true,"href":"https:\/\/www.suno.com.br\/noticias\/wp-json\/wp\/v2\/tags?post=186526"},{"taxonomy":"suno_strategy","embeddable":true,"href":"https:\/\/www.suno.com.br\/noticias\/wp-json\/wp\/v2\/suno_strategy?post=186526"}],"curies":[{"name":"wp","href":"https:\/\/api.w.org\/{rel}","templated":true}]}}