{"id":186487,"date":"2021-09-22T18:38:25","date_gmt":"2021-09-22T21:38:25","guid":{"rendered":"https:\/\/www.suno.com.br\/noticias\/?p=186487"},"modified":"2021-09-22T20:00:42","modified_gmt":"2021-09-22T23:00:42","slug":"selic-copom-decisao-aumenta-625","status":"publish","type":"post","link":"https:\/\/www.suno.com.br\/noticias\/selic-copom-decisao-aumenta-625\/","title":{"rendered":"Copom eleva taxa Selic para 6,25% ao ano e prev\u00ea novo ajuste na pr\u00f3xima reuni\u00e3o"},"content":{"rendered":"<p>O <a class=\"suno-keyword\" href=\"https:\/\/www.suno.com.br\/artigos\/copom\/\" target=\"_blank\" rel=\"noopener\" data-force=\"no\" data-priority=\"2\">Comit\u00ea de Pol\u00edtica Monet\u00e1ria (Copom)<\/a> do Banco Central (BC) decidiu nesta quarta (22), em Bras\u00edlia, na sexta reuni\u00e3o do ano, aumentar a <a class=\"suno-keyword\" href=\"https:\/\/www.suno.com.br\/artigos\/taxa-basica-de-juros\/\" target=\"_blank\" rel=\"noopener\" data-force=\"no\" data-priority=\"1\">taxa b\u00e1sica de juros<\/a>, a <strong>Selic<\/strong>, em 1 ponto percentual, atingindo o patamar de 6,25% a.a.<\/p>\t<div class=\"wrapper-featured-image\">\n\t\t<figure class=\"spotlightImg\">\n\n\t\t\t<picture>\n\t\t\t\t<source media=\"(max-width: 768px)\" srcset=\"https:\/\/files.sunoresearch.com.br\/n\/uploads\/2021\/09\/banco_central_economia_0413202008-400x200.jpg\">\n\t\t\t\t<img loading=\"lazy\" decoding=\"async\" class=\"newsContent__article__imgCapa lazyloadDisabled \" src=\"https:\/\/files.sunoresearch.com.br\/n\/uploads\/2021\/09\/banco_central_economia_0413202008-800x450.jpg\" width=\"800\" height=\"450\" alt=\"Copom eleva taxa Selic para 6,25% ao ano e prev\u00ea novo ajuste na pr\u00f3xima reuni\u00e3o\" fetchpriority=high \/>\n\t\t\t<\/picture>\n\n\t\t\t<figcaption class=\"wp-caption-text wp-caption-text--show\">Selic: Copom corta taxa. Foto: Marcello Casal Jr.\/Ag\u00eancia Brasil<\/figcaption>\n\t\t<\/figure>\n\t<\/div>\n\n\n<p>Foi o quinto <strong>aumento consecutivo dos juros<\/strong> &#8211; no in\u00edcio de agosto a alta tamb\u00e9m foi de 1 ponto e, nas tr\u00eas decis\u00f5es anteriores, o BC subiu a taxa em 0,75 ponto porcentual.<\/p>\n\t<p>\n\t\t<a href=\"https:\/\/lp.suno.com.br\/planilha-controle-gastos\/\" target=\"_blank\" data-element=\"shortcode-suno-banner\" title=\"Banner SUNO, clique e saiba mais\">\n\t\t\t<picture>\n\t\t\t\t<source media=\"(max-width: 500px)\" srcset=\"https:\/\/files.sunoresearch.com.br\/n\/uploads\/2023\/03\/400x300-Planilha-controle-de-gastos.png\">\n\t\t\t\t<img class=\"newsContent__article__imgCapa newsContent__article__imgCapa--banner\"\n\t\t\t\t\tsrc=\"https:\/\/files.sunoresearch.com.br\/n\/uploads\/2023\/03\/1420x240-Planilha-controle-de-gastos.png\"\n\t\t\t\t\tdata-promo-id=\"101751\"\t\t\t\t\t\t\t\t\t\twidth='1420' height='240'\t\t\t\t\talt=\"https:\/\/files.sunoresearch.com.br\/n\/uploads\/2023\/03\/1420x240-Planilha-controle-de-gastos.png\"\n\t\t\t\t>\n\t\t\t<\/picture>\n\t\t<\/a>\n\t<\/p>\n\n\n<p>A decis\u00e3o, un\u00e2nime entre os integrantes do comit\u00ea. era aguardada pelo mercado. A expectativa maior era em rela\u00e7\u00e3o ao <strong>comunicado do comit\u00ea do BC<\/strong>. Com a alta da infla\u00e7\u00e3o nos \u00faltimos meses, a previs\u00e3o das <a class=\"suno-keyword\" href=\"https:\/\/www.suno.com.br\/artigos\/instituicoes-financeiras\/\" target=\"_blank\" rel=\"noopener\" data-force=\"no\" data-priority=\"1\">institui\u00e7\u00f5es financeiras<\/a> era de que a Selic deveria subir de 5,25% ao ano para 6,25% ao ano, nesta reuni\u00e3o. A expectativa de alta estava no Boletim Focus, pesquisa divulgada toda semana pelo BC. Para o final de 2021, o mercado prev\u00ea que a taxa fique em 8,25% ao ano.<\/p>\n<p>O pr\u00f3prio Copom, no comunicado da \u00faltima da reuni\u00e3o em 4 de agosto, havia sinalizado que previa novo aumento de 1 p.p no encontro dos diretores do comit\u00ea neste 22 de setembro.<\/p>\n<p>O Copom justificou no comunicado desta quarta: &#8220;Neste momento, o cen\u00e1rio b\u00e1sico e o balan\u00e7o de riscos indicam ser apropriado que o <strong>ciclo de aperto monet\u00e1rio<\/strong> avance no territ\u00f3rio contracionista. O Copom diz que vai avan\u00e7ar para contrair a economia para segurar a infla\u00e7\u00e3o,&#8221;<\/p>\n<p>Mais: prev\u00ea mais uma corre\u00e7\u00e3o de +1p.p. na pr\u00f3xima, para 7,25% &#8220;Para a pr\u00f3xima reuni\u00e3o, o Comit\u00ea antev\u00ea outro ajuste da mesma magnitude.&#8221;<\/p>\n<p>O Copom tamb\u00e9m sinaliza que pode mudar ritmo para garantir o cumprimento da <strong>meta de infla\u00e7\u00e3o<\/strong>.<\/p>\n<p>&#8220;Passos futuros depender\u00e3o de atividade, balan\u00e7o de riscos e proje\u00e7\u00f5es para infla\u00e7\u00e3o. Ritmo de ajuste atual \u00e9 o mais adequado para converg\u00eancia de infla\u00e7\u00e3o \u00e0 meta. N\u00e3o h\u00e1 mudan\u00e7a relevante em cen\u00e1rio de recupera\u00e7\u00e3o robusta no 2\u00ba semestre&#8221;, acrescenta o comit\u00ea.<\/p>\n<h2>Alta de pre\u00e7os e eleva\u00e7\u00e3o da taxa de juros<\/h2>\n<p>O <strong>comit\u00ea do BC<\/strong> menciona a<strong> press\u00e3o inflacion\u00e1ria<\/strong> como um dos motivos para a eleva\u00e7\u00e3o da Selic: &#8220;Persistem press\u00f5es sobre alimentos, combust\u00edveis e, especialmente, energia el\u00e9trica. Press\u00f5es refletem fatores como c\u00e2mbio, pre\u00e7os de commodities e condi\u00e7\u00f5es clim\u00e1ticas.&#8221;<\/p>\n<p>O comunicado explica: &#8220;Pre\u00e7os dos servi\u00e7os cresceram a taxas mais elevadas nos \u00faltimos meses, o que era esperados. Alta nos pre\u00e7os industriais n\u00e3o arrefeceu e deve persistir no curto prazo.&#8221;<\/p>\n<p>A XP projeta que o Copom elevar\u00e1 a taxa Selic at\u00e9 8,50%, dois pontos percentuais acima do patamar considerado neutro (6,5%). &#8220;Esperamos mais duas altas de 1,0 pp, seguidas de uma alta de 0,75pp em dezembro e uma alta final de 0,5pp no in\u00edcio de 2022&#8221;, diz relat\u00f3rio da XP.<\/p>\n<p>O BC fez men\u00e7\u00e3o no texto que acompanha a decis\u00e3o sobre a taxa Selic \u00e0s reformas que est\u00e3o tramitando no Congresso: &#8220;Questionamento sobre reformas e altera\u00e7\u00f5es nas contas p\u00fablicas podem elevar o juro estrutural.&#8221;<\/p>\n<p>Com a decis\u00e3o, a <strong>Selic supera o patamar<\/strong> verificado em agosto de 2019, quando a taxa estava em 6%. De agosto do ano passado a mar\u00e7o deste ano, a taxa se manteve no m\u00ednimo hist\u00f3rico de 2% ao ano. A partir da\u00ed, o Banco Central recome\u00e7ou a elevar a Selic, numa tentativa de controlar a infla\u00e7\u00e3o.<\/p>\n<p>O aumento do<strong> juro b\u00e1sico da economia<\/strong> se reflete em taxas banc\u00e1rias mais elevadas, embora haja uma defasagem entre a decis\u00e3o do BC e o encarecimento do cr\u00e9dito (entre seis e nove meses). A eleva\u00e7\u00e3o da taxa de juros tamb\u00e9m influencia negativamente o consumo da popula\u00e7\u00e3o e os investimentos produtivos.<\/p>\n<p>O Copom fixa a taxa b\u00e1sica de juros com base no sistema de metas de infla\u00e7\u00e3o. Neste ano, a meta central \u00e9 de 3,75%, mas o IPCA, a infla\u00e7\u00e3o oficial do Pa\u00eds, pode ficar entre 2,25% a 5,25% sem que a meta seja formalmente descumprida. Para 2022, a meta central \u00e9 de 3,5% e ser\u00e1 oficialmente cumprida se o \u00edndice oscilar de 2% a 5%.<\/p>\n<p>Em agosto, o<strong> IPCA ficou em 0,87%<\/strong>, segundo o Instituto Brasileiro de Geografia e Estat\u00edstica (IBGE). E no acumulado em 12 meses chegou a 9,68%. O resultado, puxado pela disparada nos pre\u00e7os da gasolina e dos alimentos, foi o maior para um m\u00eas de agosto em 21 anos.<\/p>\n<h2>Analistas repercutem o aumento da taxa Selic<\/h2>\n<p>Martin Iglesias, professor e especialista l\u00edder em Investimentos e Aloca\u00e7\u00e3o de Ativos do Ita\u00fa Unibanco (ITUB4), disse que &#8220;a j\u00e1 esperada alta de 1 pp, a Selic em 6,25% traz a perspectiva de que os produtos p\u00f3s-fixados (DI) voltem a projetar juros reais positivos para os pr\u00f3ximos 12 meses, fato n\u00e3o observado h\u00e1 algum tempo.&#8221;<\/p>\n<p>Iglesias complementa: &#8220;Essa situa\u00e7\u00e3o pode indicar o in\u00edcio de um redirecionamento das aloca\u00e7\u00f5es, migrando da renda vari\u00e1vel para produtos mais conservadores de renda fixa, que \u00e9 o chamado &#8216;efeito portf\u00f3lio&#8217;. A <strong>alta da Selic<\/strong> n\u00e3o deve ter impactos relevantes nos t\u00edtulos de renda fixa mais longos, pois s\u00e3o menos sens\u00edveis \u00e0 mudan\u00e7a na taxa de curto prazo.&#8221;<\/p>\n<p>O professor observa ainda: &#8220;Pode trazer tamb\u00e9m algum impacto no c\u00e2mbio, com poss\u00edvel deprecia\u00e7\u00e3o do d\u00f3lar, provocada por eventual movimento de atra\u00e7\u00e3o de investidores estrangeiros de renda fixa para o mercado brasileiro. Por\u00e9m, \u00e9 importante notar que a varia\u00e7\u00e3o cambial tamb\u00e9m \u00e9 influenciada por outros fatores como o cen\u00e1rio global, aumento de juros em outros pa\u00edses, al\u00e9m de preocupa\u00e7\u00f5es ligadas \u00e0 <strong>situa\u00e7\u00e3o fiscal do Brasil<\/strong>.&#8221;<\/p>\n<p>Jansen Costa, s\u00f3cio-fundador da Fatorial Investimentos, analisa: &#8220;A alta da Selic influencia no mercado de renda fixa porque ela fica mais interessante. Os p\u00f3s-fixados imediatamente come\u00e7am a render mais com a alta da Selic. J\u00e1 para o prefixado e prefixado atrelado ao IPCA acredito que n\u00e3o vai mudar muita coisa, pois essa alta de juros j\u00e1 foi precificada anteriormente.&#8221;<\/p>\n<p>O investidor j\u00e1 deveria ter se antecipado, diz Jansen, j\u00e1 que o mercado &#8220;est\u00e1 dando h\u00e1 um tempo algumas boas oportunidades no prefixado com taxas elevadas. Fundos imobili\u00e1rios e a\u00e7\u00f5es tendem a performar pior. Obviamente com os juros subindo, o investidor acaba sendo atra\u00eddo a trocar a renda vari\u00e1vel por uma renda fixa com uma taxa muito melhor do que estava em janeiro, por exemplo.<\/p>\n<h2>Cen\u00e1rio afetado pela economia chinesa e risco da crise h\u00eddrica<\/h2>\n<p>Jo\u00e3o Beck, economista e s\u00f3cio da BRA Investimentos, falou sobre o ajuste do Copom e a rea\u00e7\u00e3o do BC \u00e0 infla\u00e7\u00e3o: &#8220;Temos dois destaques bem importantes no comunicado. Primeiro, o reconhecimento do <strong>Banco Central<\/strong> de que achou a nova velocidade de aperto, ou seja, de aumento da taxa de juros. Esse aumento de 1 ponto percentual \u00e9 a velocidade adequada para todo balan\u00e7o de risco atual.&#8221;<\/p>\n<p>O BC agora entende, segundo o economista da BRA, &#8220;que essa velocidade \u00e9 a nova velocidade de cruzeiro das altas subsequentes e j\u00e1 sinaliza alta de mais um ponto para reuni\u00f5es seguintes. Isso \u00e9 interessante porque o mercado imaginava que essa acelera\u00e7\u00e3o seria de 1,25% e o Banco Central afirmou que continua sendo de 1%.&#8221;<\/p>\n<p>Beck notou que a crise impulsionada pela possibilidade de calote da incorporadora Evergrande, o que pode afetar as exporta\u00e7\u00f5es do Brasil, foi lembrada pelo Copom:\u00a0 &#8220;O Banco Central n\u00e3o faz nenhuma cita\u00e7\u00e3o direta ao que est\u00e1 ocorrendo na China. Mas cita que no balan\u00e7o de risco est\u00e1 considerando uma desacelera\u00e7\u00e3o das economias asi\u00e1ticas por causa da variante Delta. Em outro momento, considera uma redu\u00e7\u00e3o do pre\u00e7o das commodities como fator favor\u00e1vel para a <strong>infla\u00e7\u00e3o brasileira<\/strong>.&#8221;<\/p>\n<p>Ele pondera: &#8220;No curto prazo, a <strong>alta de juros<\/strong> de 1 ponto percentual n\u00e3o agita tanto o mercado, pois j\u00e1 \u00e9 um aumento projetado e tamb\u00e9m sinalizado no comunicado da pen\u00faltima reuni\u00e3o. O tipo de risco que ainda n\u00e3o est\u00e1 resolvido no Brasil \u00e9 o hidrol\u00f3gico. Isso ainda \u00e9 uma inc\u00f3gnita. O volume de chuvas daqui para frente vai determinar se teremos mais infla\u00e7\u00e3o e combinada com eventual racionamento e desacelera\u00e7\u00e3o da economia por conta desse risco.&#8221;<\/p>\n<p>Fernanda Consorte economista chefe do Banco Ourinvest, lembra que o comunicado do BC adotou o mesmo tom mais firme do texto que acompanhou a decis\u00e3o de agosto: &#8220;Deixa claro que o quadro fiscal pode ser um empecilho para a infla\u00e7\u00e3o futura. E acrescentou que a alta de pre\u00e7os pode vir do cen\u00e1rio externo. por causa da recupera\u00e7\u00e3o p\u00f3s-pandemia.&#8221;<\/p>\n<p>Davi Lelis esp\u00e9cialista da Valor Investimentos, diz que a decis\u00e3o veio em linha com o que o mercado esperava como pol\u00edtica para conter a infla\u00e7\u00e3o: &#8220;Mas vale fica de olho na pr\u00f3xima <strong>ata do Copom<\/strong>, na semana seguinte. O documento pode indicar a temperatura das pr\u00f3ximas reuni\u00f5es. Se vai continuar fazendo aumentos cont\u00ednuos e sucessivos em 1 p.p ou se vai haver um aperto monet\u00e1rio mais agressivo, de 1.25 pp. ou at\u00e9 de 1.5 pp. O Copom pode tentar buscar nas pr\u00f3ximas reuni\u00f5es uma Selic acima das taxas de infla\u00e7\u00e3o.&#8221;<\/p>\n<h2>Comunicado do Copom na \u00edntegra<\/h2>\n<p>Veja o comunicado de hoje na \u00edntegra:<\/p>\n<p>Em sua 241\u00aa reuni\u00e3o, o <strong>Comit\u00ea de Pol\u00edtica Monet\u00e1ria (Copom)<\/strong> decidiu, por unanimidade, elevar a taxa Selic para 6,25% a.a.<\/p>\n<p>A atualiza\u00e7\u00e3o do cen\u00e1rio b\u00e1sico do Copom pode ser descrita com as seguintes observa\u00e7\u00f5es:<\/p>\n<p><em>No cen\u00e1rio externo observam-se dois fatores adicionais de risco para o crescimento das economias emergentes. Primeiro, redu\u00e7\u00f5es nas proje\u00e7\u00f5es de crescimento das economias asi\u00e1ticas, refletindo a evolu\u00e7\u00e3o da variante Delta da Covid-19. Segundo, o aperto das condi\u00e7\u00f5es monet\u00e1rias em diversas economias emergentes, em rea\u00e7\u00e3o a surpresas inflacion\u00e1rias recentes. No entanto, os est\u00edmulos monet\u00e1rios de longa dura\u00e7\u00e3o e a reabertura das principais economias ainda sustentam um ambiente favor\u00e1vel para pa\u00edses emergentes. O Comit\u00ea mant\u00e9m a avalia\u00e7\u00e3o de que questionamentos dos mercados a respeito dos riscos inflacion\u00e1rios nas economias avan\u00e7adas podem tornar o ambiente desafiador para pa\u00edses emergentes;<\/em><\/p>\n<p><em>Em rela\u00e7\u00e3o \u00e0 atividade econ\u00f4mica brasileira, a <strong>divulga\u00e7\u00e3o do PIB do segundo trimestre<\/strong>, assim como os indicadores mais recentes, continua mostrando evolu\u00e7\u00e3o positiva e n\u00e3o enseja mudan\u00e7a relevante para o cen\u00e1rio prospectivo, o qual contempla recupera\u00e7\u00e3o robusta do crescimento econ\u00f4mico ao longo do segundo semestre;<\/em><\/p>\n<p><em>A infla\u00e7\u00e3o ao consumidor segue elevada. A <strong>alta nos pre\u00e7os dos bens industriais<\/strong> \u2013 decorrente de repasses de custos, das restri\u00e7\u00f5es de oferta e do redirecionamento da demanda em dire\u00e7\u00e3o a bens \u2013 ainda n\u00e3o arrefeceu e deve persistir no curto prazo. Ademais, nos \u00faltimos meses os pre\u00e7os dos servi\u00e7os cresceram a taxas mais elevadas, refletindo a gradual normaliza\u00e7\u00e3o da atividade no setor, din\u00e2mica que j\u00e1 era esperada. Adicionalmente, persistem as press\u00f5es sobre componentes vol\u00e1teis como alimentos, combust\u00edveis e, especialmente, energia el\u00e9trica, que refletem fatores como c\u00e2mbio, pre\u00e7os de commodities e condi\u00e7\u00f5es clim\u00e1ticas desfavor\u00e1veis;<\/em><\/p>\n<p><em>As diversas medidas de infla\u00e7\u00e3o subjacente apresentam-se acima do intervalo compat\u00edvel com o cumprimento da meta para a infla\u00e7\u00e3o;<\/em><\/p>\n<p><em>As expectativas de infla\u00e7\u00e3o para 2021, 2022 e 2023 apuradas pela pesquisa Focus encontram-se em torno de 8,3%, 4,1% e 3,25%, respectivamente; e<\/em><\/p>\n<p><em>No cen\u00e1rio b\u00e1sico, com trajet\u00f3ria para a taxa de juros extra\u00edda da<strong> pesquisa Focus<\/strong> e taxa de c\u00e2mbio partindo de USD\/BRL 5,25*, e evoluindo segundo a paridade do poder de compra (PPC), as proje\u00e7\u00f5es de infla\u00e7\u00e3o do Copom situam-se em torno de 8,5% para 2021, 3,7% para 2022 e 3,2% para 2023. Esse cen\u00e1rio sup\u00f5e trajet\u00f3ria de juros que se eleva para 8,25% a.a. neste ano e para 8,50% a.a. durante 2022, e reduz-se para 6,75% a.a. em 2023. Nesse cen\u00e1rio, as proje\u00e7\u00f5es para a infla\u00e7\u00e3o de pre\u00e7os administrados s\u00e3o de 13,7% para 2021, 4,2% para 2022 e 4,8% para 2023. Adota-se a hip\u00f3tese de bandeiras tarif\u00e1rias &#8220;escassez h\u00eddrica&#8221; em dezembro de 2021 e &#8220;vermelha patamar 2&#8221; em dezembro de 2022 e dezembro de 2023.<\/em><\/p>\n<p><em>O Comit\u00ea ressalta que, em seu cen\u00e1rio b\u00e1sico para a infla\u00e7\u00e3o, permanecem fatores de risco em ambas as dire\u00e7\u00f5es.<\/em><\/p>\n<p><em>Por um lado, uma poss\u00edvel revers\u00e3o, ainda que parcial, do aumento recente nos pre\u00e7os das commodities internacionais em moeda local produziria trajet\u00f3ria de infla\u00e7\u00e3o abaixo do cen\u00e1rio b\u00e1sico.<\/em><\/p>\n<p><em>Por outro lado, novos prolongamentos das pol\u00edticas fiscais de resposta \u00e0 pandemia que pressionem a demanda agregada e piorem a trajet\u00f3ria fiscal podem elevar os pr\u00eamios de risco do pa\u00eds. Apesar da melhora recente nos indicadores de sustentabilidade da d\u00edvida p\u00fablica, o<strong> risco fiscal<\/strong> elevado segue criando uma assimetria altista no balan\u00e7o de riscos, ou seja, com trajet\u00f3rias para a infla\u00e7\u00e3o acima do projetado no horizonte relevante para a pol\u00edtica monet\u00e1ria.<\/em><\/p>\n<p><em>O Copom reitera que perseverar no processo de reformas e ajustes necess\u00e1rios na economia brasileira \u00e9 essencial para permitir a recupera\u00e7\u00e3o sustent\u00e1vel da economia. O Comit\u00ea ressalta, ainda, que questionamentos sobre a continuidade das reformas e altera\u00e7\u00f5es de car\u00e1ter permanente no processo de ajuste das contas p\u00fablicas podem elevar a taxa de juros estrutural da economia.<\/em><\/p>\n<p><em>Considerando o cen\u00e1rio b\u00e1sico, o balan\u00e7o de riscos e o amplo conjunto de informa\u00e7\u00f5es dispon\u00edveis, o Copom decidiu, por unanimidade, elevar a taxa b\u00e1sica de juros em 1,00 ponto percentual, para 6,25% a.a. O Comit\u00ea entende que essa decis\u00e3o reflete seu cen\u00e1rio b\u00e1sico e um balan\u00e7o de riscos de vari\u00e2ncia maior do que a usual para a infla\u00e7\u00e3o prospectiva e \u00e9 compat\u00edvel com a converg\u00eancia da infla\u00e7\u00e3o para as metas no horizonte relevante, que inclui o ano-calend\u00e1rio de 2022 e, em grau menor, o de 2023. Sem preju\u00edzo de seu objetivo fundamental de assegurar a estabilidade de pre\u00e7os, essa decis\u00e3o tamb\u00e9m implica suaviza\u00e7\u00e3o das flutua\u00e7\u00f5es do n\u00edvel de atividade econ\u00f4mica e fomento do pleno emprego.<\/em><\/p>\n<p><em>O Copom considera que, no atual est\u00e1gio do <strong>ciclo de eleva\u00e7\u00e3o de juros<\/strong>, esse ritmo de ajuste \u00e9 o mais adequado para garantir a converg\u00eancia da infla\u00e7\u00e3o para a meta no horizonte relevante e, simultaneamente, permitir que o Comit\u00ea obtenha mais informa\u00e7\u00f5es sobre o estado da economia e o grau de persist\u00eancia dos choques. Neste momento, o cen\u00e1rio b\u00e1sico e o balan\u00e7o de riscos do Copom indicam ser apropriado que o ciclo de aperto monet\u00e1rio avance no territ\u00f3rio contracionista.<\/em><\/p>\n<p><em>Para a pr\u00f3xima reuni\u00e3o, o Comit\u00ea antev\u00ea outro ajuste da mesma magnitude. O Copom enfatiza que os passos futuros da pol\u00edtica monet\u00e1ria poder\u00e3o ser ajustados para assegurar o cumprimento da meta de infla\u00e7\u00e3o e depender\u00e3o da evolu\u00e7\u00e3o da atividade econ\u00f4mica, do balan\u00e7o de riscos e das proje\u00e7\u00f5es e expectativas de infla\u00e7\u00e3o para o horizonte relevante da pol\u00edtica monet\u00e1ria.<\/em><\/p>\n<p><em>Votaram por essa decis\u00e3o os seguintes membros do Comit\u00ea: Roberto Oliveira Campos Neto (presidente), Bruno Serra Fernandes, Carolina de Assis Barros, Fabio Kanczuk, Fernanda Magalh\u00e3es Rumenos Guardado, Jo\u00e3o Manoel Pinho de Mello, Maur\u00edcio Costa de Moura, Ot\u00e1vio Ribeiro Damaso e Paulo S\u00e9rgio Neves de Souza.<\/em><\/p>\n<p><em>*Valor obtido pelo procedimento usual de arredondar a cota\u00e7\u00e3o m\u00e9dia da taxa de c\u00e2mbio USD\/BRL observada nos cinco dias \u00fateis encerrados no \u00faltimo dia da semana anterior \u00e0 da reuni\u00e3o do Copom.<\/em><\/p>\n<h2>O que o mercado esperava sobre a decis\u00e3o do Copom sobre a Selic<\/h2>\n<p>Antes de sair a decis\u00e3o, estimativas de oito casas consultadas pelo <strong>Suno Not\u00edcias <\/strong>elevavam a <strong><a class=\"suno-keyword\" href=\"https:\/\/www.suno.com.br\/artigos\/taxa-selic\/\" target=\"_blank\" rel=\"noopener\" data-force=\"no\" data-priority=\"3\">taxa Selic<\/a><\/strong> em 1 p.p na reuni\u00e3o desta semana. Confira quais s\u00e3o:<\/p>\n<ul>\n<li>BTG Pactual;<\/li>\n<li>Ita\u00fa;<\/li>\n<li>Goldman Sachs;<\/li>\n<li>Suno Research;<\/li>\n<li>Fatorial Investimentos;<\/li>\n<li>Western Asset;<\/li>\n<li>BS2 Asset;<\/li>\n<li>Santander.<\/li>\n<\/ul>\n<p>De um total de 51 institui\u00e7\u00f5es consultadas pelo Proje\u00e7\u00f5es Broadcast, 44 esperavam pela eleva\u00e7\u00e3o da Selic em 1,00 ponto porcentual, para 6,25% ao ano. Para o fim de 2021, a mediana das proje\u00e7\u00f5es indicam uma Selic a 8,25% e, para o fim de 2022, em 8,50%.<\/p>\n<p>O economista Gustavo Sung, respons\u00e1vel pelo relat\u00f3rio de Macroeconomia da Suno Research, lembrou, antes do comunicado anunciado hoje, que recentemente &#8220;tivemos a <strong>divulga\u00e7\u00e3o do IPCA<\/strong> de agosto de 2021, que n\u00e3o foi nada promissor. O \u00edndice foi o maior resultado para o m\u00eas de agosto desde 2000 e no acumulado de 12 meses registra alta de 9,68%.&#8221;<\/p>\n\n\t<div data-element=\"shortcode-read-more\" class=\"readToo\">\n\t\t\t\t<span class=\"readToo__title\">Leia mais<\/span>\n\t\t\t\t<ul class=\"readToo__list\">\n\t\t\t<li><a href=\"https:\/\/www.suno.com.br\/noticias\/reuniao-copom-inflacao-selic-economia-pib-21092021\/\">Para evitar estagfla\u00e7\u00e3o, Copom prepara aumento de 1% na Selic; veja previs\u00f5es<\/a><\/li><li><a href=\"https:\/\/www.suno.com.br\/noticias\/ata-do-copom-retomada-economia-segundo-semestre\/\">Ata do Copom prev\u00ea retomada robusta da economia no segundo semestre<\/a><\/li>\t\t<\/ul>\n\t<\/div>\n\n\n<p>Sung acrescentou: &#8220;O dado \u00e9 preocupante pois as press\u00f5es est\u00e3o vindo de v\u00e1rios setores &#8211; combust\u00edveis, energia, alimentos, bens industriais e servi\u00e7os \u2013 e os n\u00facleos de infla\u00e7\u00e3o se encontram acima do limite superior da meta. Com a piora dos <a class=\"suno-keyword\" href=\"https:\/\/www.suno.com.br\/artigos\/indices-de-inflacao\/\" target=\"_blank\" rel=\"noopener\" data-force=\"no\" data-priority=\"1\">\u00edndices de infla\u00e7\u00e3o<\/a> e poss\u00edvel desancoragem das expectativas, acreditamos que o Banco Central poderia ser mais ativo e elevar a taxa de juros de forma mais significativa, 1,25 p.p. com uma mensagem dura e clara. Esse comportamento evitaria uma perda de credibilidade e reduziria uma contamina\u00e7\u00e3o dos pre\u00e7os deste para o pr\u00f3ximo ano.&#8221;<\/p>\n<p>&#8220;Al\u00e9m disso, uma boa comunica\u00e7\u00e3o reduz ru\u00eddos no mercado financeiro. Banco centrais com mensagens claras e estrat\u00e9gias mais transparentes d\u00e3o maior estabilidade e previsibilidade. Isso reduz incerteza e gera menos volatilidade nos ativos financeiros&#8221;, complementou Sung.<\/p>\n<p>O economista da Suno Research lembrou a recente declara\u00e7\u00e3o do <strong>presidente do BC<\/strong> Roberto Campos Neto. O executivo do Banco Central disse que a institui\u00e7\u00e3o &#8220;levaria a Selic at\u00e9 onde fosse preciso&#8221;. Sung comentou: &#8220;Para retomar as r\u00e9deas da infla\u00e7\u00e3o e a credibilidade, o BC ter\u00e1 que aumentar a taxa de juros para um n\u00edvel muito maior do que necess\u00e1rio. &#8221;<\/p>\n\t<p>\n\t\t<a href=\"https:\/\/lp.suno.com.br\/ebook-como-analisar-uma-acao\/\" target=\"_blank\" data-element=\"shortcode-suno-banner\" title=\"Banner SUNO, clique e saiba mais\">\n\t\t\t<picture>\n\t\t\t\t<source media=\"(max-width: 500px)\" srcset=\"https:\/\/files.sunoresearch.com.br\/n\/uploads\/2023\/03\/Ebook-Acoes-Mobile-1.jpg\">\n\t\t\t\t<img class=\"newsContent__article__imgCapa newsContent__article__imgCapa--banner\"\n\t\t\t\t\tsrc=\"https:\/\/files.sunoresearch.com.br\/n\/uploads\/2023\/03\/Ebook-Acoes-Desktop-1.jpg\"\n\t\t\t\t\tdata-promo-id=\"171998\"\t\t\t\t\t\t\t\t\t\twidth='1420' height='286'\t\t\t\t\talt=\"https:\/\/files.sunoresearch.com.br\/n\/uploads\/2023\/03\/Ebook-Acoes-Desktop-1.jpg\"\n\t\t\t\t>\n\t\t\t<\/picture>\n\t\t<\/a>\n\t<\/p>\n\n\n<p>&#8220;Observando os \u00faltimos comunicados do Copom, vemos uma mudan\u00e7a de tom de forma acertada. Retirou o ajuste parcial e em seguida anunciou que levaria a taxa a n\u00edveis acima do neutro. Logo, a declara\u00e7\u00e3o do presidente do BC sobre levar a Selic para onde for preciso, mas n\u00e3o alterar a condu\u00e7\u00e3o da <a class=\"suno-keyword\" href=\"https:\/\/www.suno.com.br\/artigos\/politica-monetaria\/\" target=\"_blank\" rel=\"noopener\" data-force=\"no\" data-priority=\"1\">pol\u00edtica monet\u00e1ria<\/a> a cada dado novo de infla\u00e7\u00e3o, n\u00e3o contribui para a previsibilidade da pol\u00edtica monet\u00e1ria e s\u00f3 aumentam as incertezas&#8221;, observou Sung.<\/p>\n<p>Ponderou: &#8221; O BC deve mandar uma mensagem clara e ser incisivo com a infla\u00e7\u00e3o. O descontrole de pre\u00e7os trar\u00e1 preju\u00edzos s\u00e9rios \u00e0 atividade e \u00e0 renda dos brasileiros, principalmente nas classes mais vulner\u00e1veis \u2013 que j\u00e1 sofrem com a pandemia. Alguns riscos que podem conturbar ainda mais o cen\u00e1rio inflacion\u00e1rio no <a class=\"suno-keyword\" href=\"https:\/\/www.suno.com.br\/artigos\/curto-prazo\/\" target=\"_blank\" rel=\"noopener\" data-force=\"no\" data-priority=\"1\">curto prazo<\/a> s\u00e3o uma poss\u00edvel desvaloriza\u00e7\u00e3o cambial, por conta do aumento das incertezas pol\u00edticas e fiscais, e o repasse maior dos custos das termel\u00e9tricas aos consumidores.&#8221;<\/p>\n<p>Sung concluiu: &#8220;A press\u00e3o sobre os alimentos e a perspectiva de retomada dos servi\u00e7os podem pressionar a infla\u00e7\u00e3o no segundo semestre. Al\u00e9m disso, a lentid\u00e3o na normaliza\u00e7\u00e3o das condi\u00e7\u00f5es de oferta aumenta o impacto sobre os pre\u00e7os dos produtos. Com mais tr\u00eas reuni\u00f5es at\u00e9 o fim do ano e com a tend\u00eancia de alta dos juros, o comportamento da infla\u00e7\u00e3o e os dados de atividade dos pr\u00f3ximos meses ser\u00e3o fatores importantes para determinar o patamar da Selic deste e do pr\u00f3ximo ano.&#8221;<\/p>\n\t<p>\n\t\t<a href=\"https:\/\/lp.suno.com.br\/planilha-da-vida-financeira\/\" target=\"_blank\" data-element=\"shortcode-suno-banner\" title=\"Banner SUNO, clique e saiba mais\">\n\t\t\t<picture>\n\t\t\t\t<source media=\"(max-width: 500px)\" srcset=\"https:\/\/files.sunoresearch.com.br\/n\/uploads\/2023\/04\/400x300-Planilha-vida-financeira-true.png\">\n\t\t\t\t<img class=\"newsContent__article__imgCapa newsContent__article__imgCapa--banner\"\n\t\t\t\t\tsrc=\"https:\/\/files.sunoresearch.com.br\/n\/uploads\/2023\/04\/1420x240-Planilha-vida-financeira-true.png\"\n\t\t\t\t\tdata-promo-id=\"106682\"\t\t\t\t\t\t\t\t\t\twidth='1420' height='240'\t\t\t\t\talt=\"https:\/\/files.sunoresearch.com.br\/n\/uploads\/2023\/04\/1420x240-Planilha-vida-financeira-true.png\"\n\t\t\t\t>\n\t\t\t<\/picture>\n\t\t<\/a>\n\t<\/p>\n\n\n<h2>Sinuca de bico<\/h2>\n<p>Como aponta o\u00a0<a href=\"https:\/\/www.suno.com.br\/acoes\/bpac11\/\"><strong>BTG Pactual<\/strong>\u00a0(BPAC11)<\/a>\u00a0em relat\u00f3rio, o Copom est\u00e1 em uma sinuca de bico.<\/p>\n<p>Caso se mantenha muito\u00a0<em>dovish\u00a0<\/em>(postura voltada \u00e0 atividade econ\u00f4mica), olhando mais para o\u00a0<a href=\"https:\/\/www.suno.com.br\/artigos\/pib-produto-interno-bruto\/\">Produto Interno Bruto (<strong>PIB<\/strong>)<\/a>, a infla\u00e7\u00e3o tende a ser ainda mais pressionada.<\/p>\n<p>Por outro lado, se for <em>hawkish\u00a0<\/em>(mais pessimista, preocupada com a infla\u00e7\u00e3o), o PIB do ano que vem deve sofrer impactos negativos.<\/p>\n<p>A \u00fanica sa\u00edda, segundo a institui\u00e7\u00e3o, portanto, \u00e9 seguir a orienta\u00e7\u00e3o j\u00e1 passada ap\u00f3s a \u00faltima reuni\u00e3o, de alta de 1%, levando a Selic para 6,25%.<\/p>\n<h2>Ciclo de altas<\/h2>\n<p>Os membros do Copom tamb\u00e9m disseram, na ata da \u00faltima reuni\u00e3o, que devem manter a eleva\u00e7\u00e3o da Selic no mesmo patamar de 1 ponto percentual, com uma pol\u00edtica monet\u00e1ria mais contracionista diante da piora recente dos \u00edndices de pre\u00e7os.<\/p>\n<p>Dessa forma, a Selic continua em um ciclo de alta, depois de passar seis anos sem ser elevada. De julho de 2015 a outubro de 2016, a taxa permaneceu em 14,25% ao ano. Depois disso, o Copom voltou a reduzir os juros b\u00e1sicos da economia at\u00e9 que a taxa chegou a 6,5% ao ano, em mar\u00e7o de 2018.<\/p>\n<p>Em julho de 2019, a Selic voltou a ser reduzida at\u00e9 chegar ao menor n\u00edvel da hist\u00f3ria em agosto de 2020, em 2% ao ano. Come\u00e7ou a subir novamente em mar\u00e7o deste ano, quando avan\u00e7ou para 2,75% ao ano e, no in\u00edcio de maio, foi elevada para 3,5% ao ano. Em junho e agosto, subiu para 4,25% ao ano e 5,25% ao ano, respectivamente.<\/p>\n<p>A taxa b\u00e1sica de juros \u00e9 usada nas negocia\u00e7\u00f5es de <a class=\"suno-keyword\" href=\"https:\/\/www.suno.com.br\/artigos\/titulos-publicos\/\" target=\"_blank\" rel=\"noopener\" data-force=\"no\" data-priority=\"1\">t\u00edtulos p\u00fablicos<\/a> emitidos pelo Tesouro Nacional no <a class=\"suno-keyword\" href=\"https:\/\/www.suno.com.br\/artigos\/sistema-especial-liquidacao-custodia\/\" target=\"_blank\" rel=\"noopener\" data-force=\"no\" data-priority=\"1\">Sistema Especial de Liquida\u00e7\u00e3o e Cust\u00f3dia<\/a> (Selic) e serve de refer\u00eancia para as demais taxas da economia. Ela \u00e9 o principal instrumento do Banco Central para manter a infla\u00e7\u00e3o sob controle. O BC atua diariamente por meio de opera\u00e7\u00f5es de mercado aberto \u2013 comprando e vendendo t\u00edtulos p\u00fablicos federais \u2013 para manter a taxa de juros pr\u00f3xima ao valor definido na reuni\u00e3o.<\/p>\n<p>Quando o Copom aumenta a taxa b\u00e1sica de juros, a finalidade \u00e9 conter a demanda aquecida, e isso causa reflexos nos pre\u00e7os porque os juros mais altos encarecem o cr\u00e9dito e estimulam a poupan\u00e7a. Desse modo, taxas mais altas podem conter a atividade econ\u00f4mica. Ao reduzir a Selic, a tend\u00eancia \u00e9 de que o cr\u00e9dito fique mais barato, com incentivo \u00e0 produ\u00e7\u00e3o e ao consumo, reduzindo o controle da infla\u00e7\u00e3o e estimulando a atividade econ\u00f4mica.<\/p>\n<p>Entretanto, as <strong>taxas de juros do cr\u00e9dito<\/strong> n\u00e3o variam na mesma propor\u00e7\u00e3o da Selic, pois a Selic \u00e9 apenas uma parte do custo do cr\u00e9dito. Os bancos tamb\u00e9m consideram outros fatores na hora de definir os juros cobrados dos consumidores, como risco de inadimpl\u00eancia, lucro e <a class=\"suno-keyword\" href=\"https:\/\/www.suno.com.br\/artigos\/despesas-administrativas\/\" target=\"_blank\" rel=\"noopener\" data-force=\"no\" data-priority=\"1\">despesas administrativas<\/a>.<\/p>\n<p>O Copom re\u00fane-se a cada 45 dias. No primeiro dia do encontro, s\u00e3o feitas apresenta\u00e7\u00f5es t\u00e9cnicas sobre a evolu\u00e7\u00e3o e as perspectivas das economias brasileira e mundial e o comportamento do <strong>mercado financeiro<\/strong>. No segundo dia, os membros do Copom, formado pela diretoria do BC, analisam as possibilidades e definem a Selic.<\/p>\n\t<p>\n\t\t<a href=\"https:\/\/lp.suno.com.br\/planilha-de-controle-de-investimentos\/\" target=\"_blank\" data-element=\"shortcode-suno-banner\" title=\"Banner SUNO, clique e saiba mais\">\n\t\t\t<picture>\n\t\t\t\t<source media=\"(max-width: 500px)\" srcset=\"https:\/\/files.sunoresearch.com.br\/n\/uploads\/2023\/03\/400x300-Controle-de-Investimentos.png\">\n\t\t\t\t<img class=\"newsContent__article__imgCapa newsContent__article__imgCapa--banner\"\n\t\t\t\t\tsrc=\"https:\/\/files.sunoresearch.com.br\/n\/uploads\/2023\/03\/1420x240-Controle-de-Investimentos.png\"\n\t\t\t\t\tdata-promo-id=\"75934\"\t\t\t\t\t\t\t\t\t\twidth='1420' height='240'\t\t\t\t\talt=\"https:\/\/files.sunoresearch.com.br\/n\/uploads\/2023\/03\/1420x240-Controle-de-Investimentos.png\"\n\t\t\t\t>\n\t\t\t<\/picture>\n\t\t<\/a>\n\t<\/p>\n\n\n<h2>Selic e press\u00e3o inflacion\u00e1ria<\/h2>\n<p>Para 2021, a <a class=\"suno-keyword\" href=\"https:\/\/www.suno.com.br\/artigos\/meta-de-inflacao\/\" target=\"_blank\" rel=\"noopener\" data-force=\"no\" data-priority=\"1\">meta de infla\u00e7\u00e3o<\/a> que deve ser perseguida pelo BC, definida pelo Conselho Monet\u00e1rio Nacional, \u00e9 de 3,75%, com intervalo de toler\u00e2ncia de 1,5 ponto percentual para cima ou para baixo. Ou seja, o limite inferior \u00e9 2,25% e o superior \u00e9 5,25%.<\/p>\n<p>No \u00faltimo <strong>Relat\u00f3rio de Infla\u00e7\u00e3o<\/strong>, divulgado no fim de junho pelo Banco Central, a autoridade monet\u00e1ria estimava que, em 2021, o <strong>\u00cdndice Nacional de Pre\u00e7os ao Consumidor Amplo (IPCA)<\/strong>, que \u00e9 a infla\u00e7\u00e3o oficial do pa\u00eds, fecharia o ano em 5,82% no cen\u00e1rio base, com Selic em 6,25% ao ano e c\u00e2mbio em R$ 5,05. O novo relat\u00f3rio ser\u00e1 divulgado na semana que vem, com a previs\u00e3o atualizada, considerando a taxa Selic que ser\u00e1 definida pelo Copom nesta semana e os aumentos inflacion\u00e1rios dos \u00faltimos meses.<\/p>\n<p>Em agosto, puxada pelos combust\u00edveis, a infla\u00e7\u00e3o subiu 0,87%, a maior infla\u00e7\u00e3o para o m\u00eas desde o ano 2000, de acordo com o <a class=\"suno-keyword\" href=\"https:\/\/www.suno.com.br\/artigos\/ibge\/\" target=\"_blank\" rel=\"noopener\" data-force=\"no\" data-priority=\"3\">Instituto Brasileiro de Geografia e Estat\u00edstica (IBGE)<\/a>. Com isso, o indicador acumula altas de 5,67% no ano e de 9,68% nos \u00faltimos 12 meses, o maior acumulado desde fevereiro de 2016, quando o \u00edndice alcan\u00e7ou 10,36%.<\/p>\n<p>A proje\u00e7\u00e3o do mercado \u00e9 de uma infla\u00e7\u00e3o fechando o ano em 8,35%, de acordo com o \u00faltimo boletim Focus. \u00c9 a 24\u00aa alta consecutiva da previs\u00e3o das institui\u00e7\u00f5es financeiras &#8211;o que deve manter o ciclo de alta da <strong>Selic<\/strong>.<\/p>\n<p><em>Com Ag\u00eancia Brasil e Ag\u00eancia Estado<\/em><\/p>\n\t<p>\n\t\t<a href=\"\" target=\"_blank\" data-element=\"shortcode-suno-banner\" title=\"Banner SUNO, clique e saiba mais\">\n\t\t\t<picture>\n\t\t\t\t<source media=\"(max-width: 500px)\" srcset=\"\">\n\t\t\t\t<img class=\"newsContent__article__imgCapa newsContent__article__imgCapa--banner\"\n\t\t\t\t\tsrc=\"\"\n\t\t\t\t\tdata-promo-id=\"184190\"\t\t\t\t\t\t\t\t\t\t\t\t\t\t\talt=\"\"\n\t\t\t\t>\n\t\t\t<\/picture>\n\t\t<\/a>\n\t<\/p>\n\n\n<p>&nbsp;<\/p>\n<p>&nbsp;<\/p>\n","protected":false},"excerpt":{"rendered":"<p>O Comit\u00ea de Pol\u00edtica Monet\u00e1ria (Copom) do Banco Central (BC) decidiu nesta quarta (22), em Bras\u00edlia, na sexta reuni\u00e3o do ano, aumentar a taxa b\u00e1sica de juros, a Selic, em 1 ponto percentual, atingindo o patamar de 6,25% a.a. Foto: Pixabay. Foi o quinto aumento consecutivo dos juros &#8211; no in\u00edcio de agosto a alta [&hellip;]<\/p>\n","protected":false},"author":98,"featured_media":186503,"comment_status":"closed","ping_status":"closed","sticky":false,"template":"","format":"standard","meta":[],"categories":[62],"tags":[1842,1104,850,290],"suno_strategy":[],"class_list":["post-186487","post","type-post","status-publish","format-standard","has-post-thumbnail","hentry","category-economia","tag-banco-central-bc","tag-copom","tag-inflacao","tag-taxa-selic"],"yoast_head":"<!-- This site is optimized with the Yoast SEO plugin v24.4 - https:\/\/yoast.com\/wordpress\/plugins\/seo\/ -->\n<title>Copom eleva taxa Selic para 6,25% ao ano e prev\u00ea outro ajuste<\/title>\n<meta name=\"description\" content=\"O Comit\u00ea de Pol\u00edtica Monet\u00e1ria (Copom) do Banco Central (BC) decidiu aumentar a taxa b\u00e1sica de juros em 1 ponto percentual\" \/>\n<meta name=\"robots\" content=\"index, follow, max-snippet:-1, max-image-preview:large, max-video-preview:-1\" \/>\n<link rel=\"canonical\" href=\"https:\/\/www.suno.com.br\/noticias\/selic-copom-decisao-aumenta-625\/\" \/>\n<meta property=\"og:locale\" content=\"pt_BR\" \/>\n<meta property=\"og:type\" content=\"article\" \/>\n<meta property=\"og:title\" content=\"Copom eleva taxa Selic para 6,25% ao ano e prev\u00ea outro ajuste\" \/>\n<meta property=\"og:description\" content=\"O Comit\u00ea de Pol\u00edtica Monet\u00e1ria (Copom) do Banco Central (BC) decidiu aumentar a taxa b\u00e1sica de juros em 1 ponto percentual\" \/>\n<meta property=\"og:url\" content=\"https:\/\/www.suno.com.br\/noticias\/selic-copom-decisao-aumenta-625\/\" \/>\n<meta property=\"og:site_name\" content=\"Suno Not\u00edcias\" \/>\n<meta property=\"article:publisher\" content=\"https:\/\/facebook.com\/sunoresearch\" \/>\n<meta property=\"og:image\" content=\"https:\/\/files.sunoresearch.com.br\/n\/uploads\/2021\/09\/banco_central_economia_0413202008.jpg\" \/>\n\t<meta property=\"og:image:width\" content=\"1170\" \/>\n\t<meta property=\"og:image:height\" content=\"700\" \/>\n\t<meta property=\"og:image:type\" content=\"image\/jpeg\" \/>\n<meta name=\"author\" content=\"Marco Ant\u00f4nio Lopes\" \/>\n<meta name=\"twitter:card\" content=\"summary_large_image\" \/>\n<meta name=\"twitter:creator\" content=\"@sunoresearch\" \/>\n<meta name=\"twitter:site\" content=\"@sunoresearch\" \/>\n<meta name=\"twitter:label1\" content=\"Escrito por\" \/>\n\t<meta name=\"twitter:data1\" content=\"Marco Ant\u00f4nio Lopes\" \/>\n\t<meta name=\"twitter:label2\" content=\"Est. tempo de leitura\" \/>\n\t<meta name=\"twitter:data2\" content=\"17 minutos\" \/>\n<script type=\"application\/ld+json\" class=\"yoast-schema-graph\">{\"@context\":\"https:\/\/schema.org\",\"@graph\":[{\"@type\":\"NewsArticle\",\"@id\":\"https:\/\/www.suno.com.br\/noticias\/selic-copom-decisao-aumenta-625\/#article\",\"isPartOf\":{\"@id\":\"https:\/\/www.suno.com.br\/noticias\/selic-copom-decisao-aumenta-625\/\"},\"author\":{\"name\":\"Marco Ant\u00f4nio Lopes\",\"@id\":\"https:\/\/www.suno.com.br\/noticias\/#\/schema\/person\/829bbe8d57f84333b966b96229c6bf5f\"},\"headline\":\"Copom eleva taxa Selic para 6,25% ao ano e prev\u00ea novo ajuste na pr\u00f3xima reuni\u00e3o\",\"datePublished\":\"2021-09-22T21:38:25+00:00\",\"dateModified\":\"2021-09-22T23:00:42+00:00\",\"mainEntityOfPage\":{\"@id\":\"https:\/\/www.suno.com.br\/noticias\/selic-copom-decisao-aumenta-625\/\"},\"wordCount\":4086,\"publisher\":{\"@id\":\"https:\/\/www.suno.com.br\/noticias\/#organization\"},\"image\":{\"@id\":\"https:\/\/www.suno.com.br\/noticias\/selic-copom-decisao-aumenta-625\/#primaryimage\"},\"thumbnailUrl\":\"https:\/\/files.sunoresearch.com.br\/n\/uploads\/2021\/09\/banco_central_economia_0413202008.jpg\",\"keywords\":[\"Banco Central (BC)\",\"Copom\",\"infla\u00e7\u00e3o\",\"Taxa Selic\"],\"articleSection\":[\"Economia\"],\"inLanguage\":\"pt-BR\"},{\"@type\":\"WebPage\",\"@id\":\"https:\/\/www.suno.com.br\/noticias\/selic-copom-decisao-aumenta-625\/\",\"url\":\"https:\/\/www.suno.com.br\/noticias\/selic-copom-decisao-aumenta-625\/\",\"name\":\"Copom eleva taxa Selic para 6,25% ao ano e prev\u00ea outro ajuste\",\"isPartOf\":{\"@id\":\"https:\/\/www.suno.com.br\/noticias\/#website\"},\"primaryImageOfPage\":{\"@id\":\"https:\/\/www.suno.com.br\/noticias\/selic-copom-decisao-aumenta-625\/#primaryimage\"},\"image\":{\"@id\":\"https:\/\/www.suno.com.br\/noticias\/selic-copom-decisao-aumenta-625\/#primaryimage\"},\"thumbnailUrl\":\"https:\/\/files.sunoresearch.com.br\/n\/uploads\/2021\/09\/banco_central_economia_0413202008.jpg\",\"datePublished\":\"2021-09-22T21:38:25+00:00\",\"dateModified\":\"2021-09-22T23:00:42+00:00\",\"description\":\"O Comit\u00ea de Pol\u00edtica Monet\u00e1ria (Copom) do Banco Central (BC) decidiu aumentar a taxa b\u00e1sica de juros em 1 ponto percentual\",\"breadcrumb\":{\"@id\":\"https:\/\/www.suno.com.br\/noticias\/selic-copom-decisao-aumenta-625\/#breadcrumb\"},\"inLanguage\":\"pt-BR\",\"potentialAction\":[{\"@type\":\"ReadAction\",\"target\":[\"https:\/\/www.suno.com.br\/noticias\/selic-copom-decisao-aumenta-625\/\"]}]},{\"@type\":\"ImageObject\",\"inLanguage\":\"pt-BR\",\"@id\":\"https:\/\/www.suno.com.br\/noticias\/selic-copom-decisao-aumenta-625\/#primaryimage\",\"url\":\"https:\/\/files.sunoresearch.com.br\/n\/uploads\/2021\/09\/banco_central_economia_0413202008.jpg\",\"contentUrl\":\"https:\/\/files.sunoresearch.com.br\/n\/uploads\/2021\/09\/banco_central_economia_0413202008.jpg\",\"width\":1170,\"height\":700,\"caption\":\"Selic: Copom corta taxa. Foto: Marcello Casal Jr.\/Ag\u00eancia Brasil\"},{\"@type\":\"BreadcrumbList\",\"@id\":\"https:\/\/www.suno.com.br\/noticias\/selic-copom-decisao-aumenta-625\/#breadcrumb\",\"itemListElement\":[{\"@type\":\"ListItem\",\"position\":1,\"name\":\"Not\u00edcias\",\"item\":\"https:\/\/www.suno.com.br\/noticias\/\"},{\"@type\":\"ListItem\",\"position\":2,\"name\":\"Economia\",\"item\":\"https:\/\/www.suno.com.br\/noticias\/economia\/\"},{\"@type\":\"ListItem\",\"position\":3,\"name\":\"Copom eleva taxa Selic para 6,25% ao ano e prev\u00ea novo ajuste na pr\u00f3xima reuni\u00e3o\"}]},{\"@type\":\"WebSite\",\"@id\":\"https:\/\/www.suno.com.br\/noticias\/#website\",\"url\":\"https:\/\/www.suno.com.br\/noticias\/\",\"name\":\"Suno Not\u00edcias\",\"description\":\"Seu portal de informa\u00e7\u00e3o sobre o mundo dos investimentos\",\"publisher\":{\"@id\":\"https:\/\/www.suno.com.br\/noticias\/#organization\"},\"potentialAction\":[{\"@type\":\"SearchAction\",\"target\":{\"@type\":\"EntryPoint\",\"urlTemplate\":\"https:\/\/www.suno.com.br\/noticias\/?s={search_term_string}\"},\"query-input\":{\"@type\":\"PropertyValueSpecification\",\"valueRequired\":true,\"valueName\":\"search_term_string\"}}],\"inLanguage\":\"pt-BR\"},{\"@type\":\"Organization\",\"@id\":\"https:\/\/www.suno.com.br\/noticias\/#organization\",\"name\":\"Suno Not\u00edcias\",\"url\":\"https:\/\/www.suno.com.br\/noticias\/\",\"logo\":{\"@type\":\"ImageObject\",\"inLanguage\":\"pt-BR\",\"@id\":\"https:\/\/www.suno.com.br\/noticias\/#\/schema\/logo\/image\/\",\"url\":\"https:\/\/files.sunoresearch.com.br\/n\/uploads\/2021\/09\/suno-logo.png\",\"contentUrl\":\"https:\/\/files.sunoresearch.com.br\/n\/uploads\/2021\/09\/suno-logo.png\",\"width\":180,\"height\":180,\"caption\":\"Suno Not\u00edcias\"},\"image\":{\"@id\":\"https:\/\/www.suno.com.br\/noticias\/#\/schema\/logo\/image\/\"},\"sameAs\":[\"https:\/\/facebook.com\/sunoresearch\",\"https:\/\/x.com\/sunoresearch\",\"https:\/\/www.instagram.com\/suno\",\"https:\/\/www.linkedin.com\/company\/suno-research\/\",\"https:\/\/www.youtube.com\/c\/sunoresearch\"]},{\"@type\":\"Person\",\"@id\":\"https:\/\/www.suno.com.br\/noticias\/#\/schema\/person\/829bbe8d57f84333b966b96229c6bf5f\",\"name\":\"Marco Ant\u00f4nio Lopes\",\"image\":{\"@type\":\"ImageObject\",\"inLanguage\":\"pt-BR\",\"@id\":\"https:\/\/www.suno.com.br\/noticias\/#\/schema\/person\/image\/\",\"url\":\"https:\/\/secure.gravatar.com\/avatar\/385167b012fbc1cde32c5446ee253313?s=96&r=g\",\"contentUrl\":\"https:\/\/secure.gravatar.com\/avatar\/385167b012fbc1cde32c5446ee253313?s=96&r=g\",\"caption\":\"Marco Ant\u00f4nio Lopes\"},\"description\":\"Jornalista, \u00e9 editor no Suno Not\u00edcias. Trabalhou nas revistas Playboy, Super, Veja Comer &amp; Beber, Homem Vogue e Universo Masculino, al\u00e9m dos portais Abril.com, R7, nas editorias de Home, Esportes, Hora 7, Entretenimento e Geral, e Eu Quero Investir. Autor do livro Bruce Lee: Definitivo (Editora Conrad). Colaborou nas revistas Nova, Veja SP, Grandes Guerras, Placar, Bizz, Casa Claudia e Quatro Rodas.\",\"url\":\"https:\/\/www.suno.com.br\/noticias\/author\/marco-lopes\/\"}]}<\/script>\n<!-- \/ Yoast SEO plugin. -->","yoast_head_json":{"title":"Copom eleva taxa Selic para 6,25% ao ano e prev\u00ea outro ajuste","description":"O Comit\u00ea de Pol\u00edtica Monet\u00e1ria (Copom) do Banco Central (BC) decidiu aumentar a taxa b\u00e1sica de juros em 1 ponto percentual","robots":{"index":"index","follow":"follow","max-snippet":"max-snippet:-1","max-image-preview":"max-image-preview:large","max-video-preview":"max-video-preview:-1"},"canonical":"https:\/\/www.suno.com.br\/noticias\/selic-copom-decisao-aumenta-625\/","og_locale":"pt_BR","og_type":"article","og_title":"Copom eleva taxa Selic para 6,25% ao ano e prev\u00ea outro ajuste","og_description":"O Comit\u00ea de Pol\u00edtica Monet\u00e1ria (Copom) do Banco Central (BC) decidiu aumentar a taxa b\u00e1sica de juros em 1 ponto percentual","og_url":"https:\/\/www.suno.com.br\/noticias\/selic-copom-decisao-aumenta-625\/","og_site_name":"Suno Not\u00edcias","article_publisher":"https:\/\/facebook.com\/sunoresearch","og_image":[{"width":1170,"height":700,"url":"https:\/\/files.sunoresearch.com.br\/n\/uploads\/2021\/09\/banco_central_economia_0413202008.jpg","type":"image\/jpeg"}],"author":"Marco Ant\u00f4nio Lopes","twitter_card":"summary_large_image","twitter_creator":"@sunoresearch","twitter_site":"@sunoresearch","twitter_misc":{"Escrito por":"Marco Ant\u00f4nio Lopes","Est. tempo de leitura":"17 minutos"},"schema":{"@context":"https:\/\/schema.org","@graph":[{"@type":"NewsArticle","@id":"https:\/\/www.suno.com.br\/noticias\/selic-copom-decisao-aumenta-625\/#article","isPartOf":{"@id":"https:\/\/www.suno.com.br\/noticias\/selic-copom-decisao-aumenta-625\/"},"author":{"name":"Marco Ant\u00f4nio Lopes","@id":"https:\/\/www.suno.com.br\/noticias\/#\/schema\/person\/829bbe8d57f84333b966b96229c6bf5f"},"headline":"Copom eleva taxa Selic para 6,25% ao ano e prev\u00ea novo ajuste na pr\u00f3xima reuni\u00e3o","datePublished":"2021-09-22T21:38:25+00:00","dateModified":"2021-09-22T23:00:42+00:00","mainEntityOfPage":{"@id":"https:\/\/www.suno.com.br\/noticias\/selic-copom-decisao-aumenta-625\/"},"wordCount":4086,"publisher":{"@id":"https:\/\/www.suno.com.br\/noticias\/#organization"},"image":{"@id":"https:\/\/www.suno.com.br\/noticias\/selic-copom-decisao-aumenta-625\/#primaryimage"},"thumbnailUrl":"https:\/\/files.sunoresearch.com.br\/n\/uploads\/2021\/09\/banco_central_economia_0413202008.jpg","keywords":["Banco Central (BC)","Copom","infla\u00e7\u00e3o","Taxa Selic"],"articleSection":["Economia"],"inLanguage":"pt-BR"},{"@type":"WebPage","@id":"https:\/\/www.suno.com.br\/noticias\/selic-copom-decisao-aumenta-625\/","url":"https:\/\/www.suno.com.br\/noticias\/selic-copom-decisao-aumenta-625\/","name":"Copom eleva taxa Selic para 6,25% ao ano e prev\u00ea outro ajuste","isPartOf":{"@id":"https:\/\/www.suno.com.br\/noticias\/#website"},"primaryImageOfPage":{"@id":"https:\/\/www.suno.com.br\/noticias\/selic-copom-decisao-aumenta-625\/#primaryimage"},"image":{"@id":"https:\/\/www.suno.com.br\/noticias\/selic-copom-decisao-aumenta-625\/#primaryimage"},"thumbnailUrl":"https:\/\/files.sunoresearch.com.br\/n\/uploads\/2021\/09\/banco_central_economia_0413202008.jpg","datePublished":"2021-09-22T21:38:25+00:00","dateModified":"2021-09-22T23:00:42+00:00","description":"O Comit\u00ea de Pol\u00edtica Monet\u00e1ria (Copom) do Banco Central (BC) decidiu aumentar a taxa b\u00e1sica de juros em 1 ponto percentual","breadcrumb":{"@id":"https:\/\/www.suno.com.br\/noticias\/selic-copom-decisao-aumenta-625\/#breadcrumb"},"inLanguage":"pt-BR","potentialAction":[{"@type":"ReadAction","target":["https:\/\/www.suno.com.br\/noticias\/selic-copom-decisao-aumenta-625\/"]}]},{"@type":"ImageObject","inLanguage":"pt-BR","@id":"https:\/\/www.suno.com.br\/noticias\/selic-copom-decisao-aumenta-625\/#primaryimage","url":"https:\/\/files.sunoresearch.com.br\/n\/uploads\/2021\/09\/banco_central_economia_0413202008.jpg","contentUrl":"https:\/\/files.sunoresearch.com.br\/n\/uploads\/2021\/09\/banco_central_economia_0413202008.jpg","width":1170,"height":700,"caption":"Selic: Copom corta taxa. Foto: Marcello Casal Jr.\/Ag\u00eancia Brasil"},{"@type":"BreadcrumbList","@id":"https:\/\/www.suno.com.br\/noticias\/selic-copom-decisao-aumenta-625\/#breadcrumb","itemListElement":[{"@type":"ListItem","position":1,"name":"Not\u00edcias","item":"https:\/\/www.suno.com.br\/noticias\/"},{"@type":"ListItem","position":2,"name":"Economia","item":"https:\/\/www.suno.com.br\/noticias\/economia\/"},{"@type":"ListItem","position":3,"name":"Copom eleva taxa Selic para 6,25% ao ano e prev\u00ea novo ajuste na pr\u00f3xima reuni\u00e3o"}]},{"@type":"WebSite","@id":"https:\/\/www.suno.com.br\/noticias\/#website","url":"https:\/\/www.suno.com.br\/noticias\/","name":"Suno Not\u00edcias","description":"Seu portal de informa\u00e7\u00e3o sobre o mundo dos investimentos","publisher":{"@id":"https:\/\/www.suno.com.br\/noticias\/#organization"},"potentialAction":[{"@type":"SearchAction","target":{"@type":"EntryPoint","urlTemplate":"https:\/\/www.suno.com.br\/noticias\/?s={search_term_string}"},"query-input":{"@type":"PropertyValueSpecification","valueRequired":true,"valueName":"search_term_string"}}],"inLanguage":"pt-BR"},{"@type":"Organization","@id":"https:\/\/www.suno.com.br\/noticias\/#organization","name":"Suno Not\u00edcias","url":"https:\/\/www.suno.com.br\/noticias\/","logo":{"@type":"ImageObject","inLanguage":"pt-BR","@id":"https:\/\/www.suno.com.br\/noticias\/#\/schema\/logo\/image\/","url":"https:\/\/files.sunoresearch.com.br\/n\/uploads\/2021\/09\/suno-logo.png","contentUrl":"https:\/\/files.sunoresearch.com.br\/n\/uploads\/2021\/09\/suno-logo.png","width":180,"height":180,"caption":"Suno Not\u00edcias"},"image":{"@id":"https:\/\/www.suno.com.br\/noticias\/#\/schema\/logo\/image\/"},"sameAs":["https:\/\/facebook.com\/sunoresearch","https:\/\/x.com\/sunoresearch","https:\/\/www.instagram.com\/suno","https:\/\/www.linkedin.com\/company\/suno-research\/","https:\/\/www.youtube.com\/c\/sunoresearch"]},{"@type":"Person","@id":"https:\/\/www.suno.com.br\/noticias\/#\/schema\/person\/829bbe8d57f84333b966b96229c6bf5f","name":"Marco Ant\u00f4nio Lopes","image":{"@type":"ImageObject","inLanguage":"pt-BR","@id":"https:\/\/www.suno.com.br\/noticias\/#\/schema\/person\/image\/","url":"https:\/\/secure.gravatar.com\/avatar\/385167b012fbc1cde32c5446ee253313?s=96&r=g","contentUrl":"https:\/\/secure.gravatar.com\/avatar\/385167b012fbc1cde32c5446ee253313?s=96&r=g","caption":"Marco Ant\u00f4nio Lopes"},"description":"Jornalista, \u00e9 editor no Suno Not\u00edcias. Trabalhou nas revistas Playboy, Super, Veja Comer &amp; Beber, Homem Vogue e Universo Masculino, al\u00e9m dos portais Abril.com, R7, nas editorias de Home, Esportes, Hora 7, Entretenimento e Geral, e Eu Quero Investir. Autor do livro Bruce Lee: Definitivo (Editora Conrad). Colaborou nas revistas Nova, Veja SP, Grandes Guerras, Placar, Bizz, Casa Claudia e Quatro Rodas.","url":"https:\/\/www.suno.com.br\/noticias\/author\/marco-lopes\/"}]}},"default_loop_html":"<div class=\"cardsPage__listCard__boxs\"><div class=\"cardsPage__listCard__boxs__img\"><a href=\"https:\/\/www.suno.com.br\/noticias\/ata-do-copom-retomada-economia-segundo-semestre\/\"><img class=\"mask\" src=\"https:\/\/www.suno.com.br\/noticias\/wp-content\/themes\/suno\/resources\/images\/spotlight\/spotlight1img\/bg-mask.png\" alt=\"Image Mask\"\/><img src=\"https:\/\/files.sunoresearch.com.br\/n\/uploads\/2021\/07\/423f199a-euro-1353420_1920-400x200.jpg\" alt=\"Ata do Copom prev\u00ea retomada robusta da economia no segundo semestre\"\/><\/a><span class=\"spotlightCategory\"><a href=\"https:\/\/www.suno.com.br\/noticias\/economia\/\">Economia<\/a><\/span><\/div><div class=\"cardsPage__listCard__boxs__content\"><a href=\"https:\/\/www.suno.com.br\/noticias\/ata-do-copom-retomada-economia-segundo-semestre\/\"><h2 class=\"content__title\">Ata do Copom prev\u00ea retomada robusta da economia no segundo semestre<\/h2><\/a><div class=\"newsContent__article__meta\"><div class=\"newsContent__article__meta__authorBox\"><a href=\"https:\/\/www.suno.com.br\/noticias\/author\/jader-lazarini\/\" class=\"authorBox__avatar noMobi\"><img src=\"https:\/\/files.sunoresearch.com.br\/n\/uploads\/2021\/01\/178e6598-foto-perfil-2-150x150.jpg\" alt=\"Jader Lazarini\"><\/a><div class=\"authorBox__name\"><span>por\n\t\t\t<a href=\"https:\/\/www.suno.com.br\/noticias\/author\/jader-lazarini\/\"><span itemprop=\"author\">Jader Lazarini<\/span><\/a><\/span><time datetime=\"2021-08-10T09:50:41-03:00\" itemprop=\"datePublished\">10\/08\/2021 09:50<\/time><\/div><\/div><\/div><\/div><\/div>","single_layout":"posts","amp_enabled":true,"_links":{"self":[{"href":"https:\/\/www.suno.com.br\/noticias\/wp-json\/wp\/v2\/posts\/186487"}],"collection":[{"href":"https:\/\/www.suno.com.br\/noticias\/wp-json\/wp\/v2\/posts"}],"about":[{"href":"https:\/\/www.suno.com.br\/noticias\/wp-json\/wp\/v2\/types\/post"}],"author":[{"embeddable":true,"href":"https:\/\/www.suno.com.br\/noticias\/wp-json\/wp\/v2\/users\/98"}],"replies":[{"embeddable":true,"href":"https:\/\/www.suno.com.br\/noticias\/wp-json\/wp\/v2\/comments?post=186487"}],"version-history":[{"count":3,"href":"https:\/\/www.suno.com.br\/noticias\/wp-json\/wp\/v2\/posts\/186487\/revisions"}],"predecessor-version":[{"id":186699,"href":"https:\/\/www.suno.com.br\/noticias\/wp-json\/wp\/v2\/posts\/186487\/revisions\/186699"}],"wp:featuredmedia":[{"embeddable":true,"href":"https:\/\/www.suno.com.br\/noticias\/wp-json\/wp\/v2\/media\/186503"}],"wp:attachment":[{"href":"https:\/\/www.suno.com.br\/noticias\/wp-json\/wp\/v2\/media?parent=186487"}],"wp:term":[{"taxonomy":"category","embeddable":true,"href":"https:\/\/www.suno.com.br\/noticias\/wp-json\/wp\/v2\/categories?post=186487"},{"taxonomy":"post_tag","embeddable":true,"href":"https:\/\/www.suno.com.br\/noticias\/wp-json\/wp\/v2\/tags?post=186487"},{"taxonomy":"suno_strategy","embeddable":true,"href":"https:\/\/www.suno.com.br\/noticias\/wp-json\/wp\/v2\/suno_strategy?post=186487"}],"curies":[{"name":"wp","href":"https:\/\/api.w.org\/{rel}","templated":true}]}}