{"id":18642,"date":"2019-03-21T13:03:27","date_gmt":"2019-03-21T16:03:27","guid":{"rendered":"https:\/\/www.suno.com.br\/noticias\/?p=18642"},"modified":"2021-02-17T20:08:35","modified_gmt":"2021-02-17T23:08:35","slug":"prisao-temer-imprensa-internacional","status":"publish","type":"post","link":"https:\/\/www.suno.com.br\/noticias\/prisao-temer-imprensa-internacional\/","title":{"rendered":"Pris\u00e3o de Michel Temer: confira a repercuss\u00e3o na imprensa internacional"},"content":{"rendered":"<p>A pris\u00e3o do ex-presidente Michel Temer, na manh\u00e3 desta quinta (21), se alastrou pelo notici\u00e1rio nacional e tamb\u00e9m repercutiu na imprensa estrangeira. Os principais jornais do mundo davam destaque \u00e0 not\u00edcia.<\/p>\t<div class=\"wrapper-featured-image\">\n\t\t<figure class=\"spotlightImg\">\n\n\t\t\t<picture>\n\t\t\t\t<source media=\"(max-width: 768px)\" srcset=\"https:\/\/files.sunoresearch.com.br\/n\/uploads\/2019\/03\/64adb871-michel-temer-400x200.webp\">\n\t\t\t\t<img loading=\"lazy\" decoding=\"async\" class=\"newsContent__article__imgCapa lazyloadDisabled newsContent__article__imgCapa--noCaption\" src=\"https:\/\/files.sunoresearch.com.br\/n\/uploads\/2019\/03\/64adb871-michel-temer-800x450.webp\" width=\"800\" height=\"450\" alt=\"Pris\u00e3o de Michel Temer: confira a repercuss\u00e3o na imprensa internacional\" fetchpriority=high \/>\n\t\t\t<\/picture>\n\n\t\t\t<figcaption class=\"wp-caption-text wp-caption-text--hide\">Ibovespa despenca ap\u00f3s pris\u00e3o do ex-presidente Michel Temer<\/figcaption>\n\t\t<\/figure>\n\t<\/div>\n\n\n<p>A maior parte das publica\u00e7\u00f5es internacionais noticiaram a pris\u00e3o pela <strong>Lava Jato<\/strong> como uma opera\u00e7\u00e3o contra a corrup\u00e7\u00e3o, citaram o j\u00e1 preso ex-presidente <strong>Luiz In\u00e1cio Lula da Silva<\/strong>, e mencionaram a subida de <strong>Michel Temer<\/strong> ao poder a partir do <strong>impeachment<\/strong> de <strong>Dilma Rousseff,<\/strong> processo no qual o emedebista teve papel central.<\/p>\n<p><a href=\"https:\/\/www.suno.com.br\/noticias\/michel-temer-preso-lava-jato\/\">Saiba mais: Ex-presidente Michel Temer \u00e9 preso na Opera\u00e7\u00e3o Lava Jato<\/a><\/p>\n<p>Mas alguns jornais, como o <strong>Wall Street Journal<\/strong>, lembraram que <strong>Temer<\/strong> j\u00e1 havia sido acusado em 2017 pelo ent\u00e3o procurador-geral da Rep\u00fablica <strong>Rodrigo Janot,<\/strong> enquanto estava no cargo. O ingl\u00eas <strong>The Guardian<\/strong> acrescenta que <strong>Temer<\/strong> foi acusado dos crimes de <strong>corrup\u00e7\u00e3o,<\/strong> extors\u00e3o e obstru\u00e7\u00e3o de justi\u00e7a, &#8220;mas ele conseguiu se esquivar do processo de impeachment gra\u00e7as \u00e0s suas alian\u00e7as no Congresso&#8221;. O jornal tamb\u00e9m diz que a <strong>pris\u00e3o<\/strong> de <strong>Temer<\/strong> parecia iminente, &#8220;j\u00e1 que ele n\u00e3o tem mais a prote\u00e7\u00e3o legal da qual se aproveitava enquanto presidente&#8221;.<\/p>\n<p><a href=\"https:\/\/www.suno.com.br\/noticias\/ibope-aprovacao-bolsonaro-marco\/\">Saiba mais: Ibope: aprova\u00e7\u00e3o do governo Bolsonaro cai de 39% para 34% em mar\u00e7o<\/a><\/p>\n<p>O <strong>The New York Times<\/strong> relata a conversa entre <strong>Temer<\/strong> e um jornalista brasileiro, que o telefonou, no momento da pris\u00e3o: <strong>&#8220;Temer<\/strong> disse que estava sendo detido em conex\u00e3o com um caso tratado por um juiz federal do Rio de Janeiro, envolvido em casos de <strong>corrup\u00e7\u00e3o<\/strong> de alto escal\u00e3o&#8221;. O jornal destaca que <strong>ex-presidente<\/strong>\u00a0era &#8220;profundamente impopular&#8221; e gastou muito de seu capital pol\u00edtico para afastar as investiga\u00e7\u00f5es contra ele nos \u00faltimos anos.<\/p>\n<p>&#8220;A tentacular <strong>Lava Jato,<\/strong> lan\u00e7ada h\u00e1 exatos cinco anos, trouxe \u00e0 tona o maior esc\u00e2ndalo de <strong>corrup\u00e7\u00e3o<\/strong> da hist\u00f3ria do Brasil, em torno da <a href=\"https:\/\/www.suno.com.br\/artigos\/tag\/petr3\/\">petroleira estatal<\/a> <strong>Petrobras&#8221;,<\/strong> relata o franc\u00eas <strong>Le Monde<\/strong>, al\u00e9m de narrar a pris\u00e3o do emedebista.<\/p>\n<p>O espanhol <strong>El Pa\u00eds<\/strong> informou que &#8220;o ex-presidente do Brasil, <strong>Michel Temer<\/strong>, de centro-direita, foi preso nesta quinta pela manh\u00e3 em S\u00e3o Paulo em uma opera\u00e7\u00e3o policial vinculada ao megaesc\u00e2ndalo de corrup\u00e7\u00e3o Lava Jato, que j\u00e1 havia prendido outro ex-presidente, <strong>Luiz In\u00e1cio Lula da Silva<\/strong>&#8220;. Tamb\u00e9m cita que a Pol\u00edcia Federal buscava <strong>Temer<\/strong> desde a \u00faltima quarta-feira.<\/p>\n<p>O alem\u00e3o <strong>Deutsche Welle<\/strong> relata que <strong>Temer<\/strong> \u00e9 investigado em mais de dez inqu\u00e9ritos e tamb\u00e9m diz que o ex-ministro de Minas e Energia, <strong>Moreira Franco<\/strong>, foi preso tamb\u00e9m na opera\u00e7\u00e3o. O jornal lembra que Temer \u00e9 o terceiro consecutivo ex-presidente envolvido com acusa\u00e7\u00f5es criminais, ao lado de <strong>Lula<\/strong> e <strong>Dilma.<\/strong><\/p>\n","protected":false},"excerpt":{"rendered":"<p>A pris\u00e3o do ex-presidente Michel Temer, na manh\u00e3 desta quinta (21), se alastrou pelo notici\u00e1rio nacional e tamb\u00e9m repercutiu na imprensa estrangeira. Os principais jornais do mundo davam destaque \u00e0 not\u00edcia. Ibovespa despenca ap\u00f3s pris\u00e3o do ex-presidente Michel Temer A maior parte das publica\u00e7\u00f5es internacionais noticiaram a pris\u00e3o pela Lava Jato como uma opera\u00e7\u00e3o contra [&hellip;]<\/p>\n","protected":false},"author":13,"featured_media":18631,"comment_status":"closed","ping_status":"closed","sticky":false,"template":"","format":"standard","meta":[],"categories":[63],"tags":[734,1914],"suno_strategy":[],"class_list":["post-18642","post","type-post","status-publish","format-standard","has-post-thumbnail","hentry","category-internacional","tag-michel-temer","tag-operacao-lava-jato"],"yoast_head":"<!-- This site is optimized with the Yoast SEO plugin v24.4 - https:\/\/yoast.com\/wordpress\/plugins\/seo\/ -->\n<title>Pris\u00e3o de Michel Temer: confira a repercuss\u00e3o na imprensa internacional<\/title>\n<meta name=\"description\" content=\"Os principais jornais do mundo davam destaque \u00e0 not\u00edcia da pris\u00e3o do ex-presidente Michel Temer nesta quinta. Clique e saiba mais.\" \/>\n<meta name=\"robots\" content=\"index, follow, max-snippet:-1, max-image-preview:large, max-video-preview:-1\" \/>\n<link rel=\"canonical\" href=\"https:\/\/www.suno.com.br\/noticias\/prisao-temer-imprensa-internacional\/\" \/>\n<meta property=\"og:locale\" content=\"pt_BR\" \/>\n<meta property=\"og:type\" content=\"article\" \/>\n<meta property=\"og:title\" content=\"Pris\u00e3o de Michel Temer: confira a repercuss\u00e3o na imprensa internacional\" \/>\n<meta property=\"og:description\" content=\"Os principais jornais do mundo davam destaque \u00e0 not\u00edcia da pris\u00e3o do ex-presidente Michel Temer nesta quinta. Clique e saiba mais.\" \/>\n<meta property=\"og:url\" content=\"https:\/\/www.suno.com.br\/noticias\/prisao-temer-imprensa-internacional\/\" \/>\n<meta property=\"og:site_name\" content=\"Suno Not\u00edcias\" \/>\n<meta property=\"article:publisher\" content=\"https:\/\/facebook.com\/sunoresearch\" \/>\n<meta property=\"og:image\" content=\"https:\/\/files.sunoresearch.com.br\/n\/uploads\/2019\/03\/64adb871-michel-temer-1024x681.jpg\" \/>\n\t<meta property=\"og:image:width\" content=\"1024\" \/>\n\t<meta property=\"og:image:height\" content=\"681\" \/>\n\t<meta property=\"og:image:type\" content=\"image\/jpeg\" \/>\n<meta name=\"author\" content=\"Guilherme Caetano\" \/>\n<meta name=\"twitter:card\" content=\"summary_large_image\" \/>\n<meta name=\"twitter:creator\" content=\"@sunoresearch\" \/>\n<meta name=\"twitter:site\" content=\"@sunoresearch\" \/>\n<meta name=\"twitter:label1\" content=\"Escrito por\" \/>\n\t<meta name=\"twitter:data1\" content=\"Guilherme Caetano\" \/>\n\t<meta name=\"twitter:label2\" content=\"Est. tempo de leitura\" \/>\n\t<meta name=\"twitter:data2\" content=\"2 minutos\" \/>\n<script type=\"application\/ld+json\" class=\"yoast-schema-graph\">{\"@context\":\"https:\/\/schema.org\",\"@graph\":[{\"@type\":\"NewsArticle\",\"@id\":\"https:\/\/www.suno.com.br\/noticias\/prisao-temer-imprensa-internacional\/#article\",\"isPartOf\":{\"@id\":\"https:\/\/www.suno.com.br\/noticias\/prisao-temer-imprensa-internacional\/\"},\"author\":{\"name\":\"Guilherme Caetano\",\"@id\":\"https:\/\/www.suno.com.br\/noticias\/#\/schema\/person\/0d0c9687cd2f600c564f25980c140de9\"},\"headline\":\"Pris\u00e3o de Michel Temer: confira a repercuss\u00e3o na imprensa internacional\",\"datePublished\":\"2019-03-21T16:03:27+00:00\",\"dateModified\":\"2021-02-17T23:08:35+00:00\",\"mainEntityOfPage\":{\"@id\":\"https:\/\/www.suno.com.br\/noticias\/prisao-temer-imprensa-internacional\/\"},\"wordCount\":470,\"publisher\":{\"@id\":\"https:\/\/www.suno.com.br\/noticias\/#organization\"},\"image\":{\"@id\":\"https:\/\/www.suno.com.br\/noticias\/prisao-temer-imprensa-internacional\/#primaryimage\"},\"thumbnailUrl\":\"https:\/\/files.sunoresearch.com.br\/n\/uploads\/2019\/03\/64adb871-michel-temer-scaled.webp\",\"keywords\":[\"Michel Temer\",\"Opera\u00e7\u00e3o Lava Jato\"],\"articleSection\":[\"Internacional\"],\"inLanguage\":\"pt-BR\"},{\"@type\":\"WebPage\",\"@id\":\"https:\/\/www.suno.com.br\/noticias\/prisao-temer-imprensa-internacional\/\",\"url\":\"https:\/\/www.suno.com.br\/noticias\/prisao-temer-imprensa-internacional\/\",\"name\":\"Pris\u00e3o de Michel Temer: confira a repercuss\u00e3o na imprensa internacional\",\"isPartOf\":{\"@id\":\"https:\/\/www.suno.com.br\/noticias\/#website\"},\"primaryImageOfPage\":{\"@id\":\"https:\/\/www.suno.com.br\/noticias\/prisao-temer-imprensa-internacional\/#primaryimage\"},\"image\":{\"@id\":\"https:\/\/www.suno.com.br\/noticias\/prisao-temer-imprensa-internacional\/#primaryimage\"},\"thumbnailUrl\":\"https:\/\/files.sunoresearch.com.br\/n\/uploads\/2019\/03\/64adb871-michel-temer-scaled.webp\",\"datePublished\":\"2019-03-21T16:03:27+00:00\",\"dateModified\":\"2021-02-17T23:08:35+00:00\",\"description\":\"Os principais jornais do mundo davam destaque \u00e0 not\u00edcia da pris\u00e3o do ex-presidente Michel Temer nesta quinta. Clique e saiba mais.\",\"breadcrumb\":{\"@id\":\"https:\/\/www.suno.com.br\/noticias\/prisao-temer-imprensa-internacional\/#breadcrumb\"},\"inLanguage\":\"pt-BR\",\"potentialAction\":[{\"@type\":\"ReadAction\",\"target\":[\"https:\/\/www.suno.com.br\/noticias\/prisao-temer-imprensa-internacional\/\"]}]},{\"@type\":\"ImageObject\",\"inLanguage\":\"pt-BR\",\"@id\":\"https:\/\/www.suno.com.br\/noticias\/prisao-temer-imprensa-internacional\/#primaryimage\",\"url\":\"https:\/\/files.sunoresearch.com.br\/n\/uploads\/2019\/03\/64adb871-michel-temer-scaled.webp\",\"contentUrl\":\"https:\/\/files.sunoresearch.com.br\/n\/uploads\/2019\/03\/64adb871-michel-temer-scaled.webp\",\"width\":2560,\"height\":1703,\"caption\":\"Ibovespa despenca ap\u00f3s pris\u00e3o do ex-presidente Michel Temer\"},{\"@type\":\"BreadcrumbList\",\"@id\":\"https:\/\/www.suno.com.br\/noticias\/prisao-temer-imprensa-internacional\/#breadcrumb\",\"itemListElement\":[{\"@type\":\"ListItem\",\"position\":1,\"name\":\"Not\u00edcias\",\"item\":\"https:\/\/www.suno.com.br\/noticias\/\"},{\"@type\":\"ListItem\",\"position\":2,\"name\":\"Internacional\",\"item\":\"https:\/\/www.suno.com.br\/noticias\/internacional\/\"},{\"@type\":\"ListItem\",\"position\":3,\"name\":\"Pris\u00e3o de Michel Temer: confira a repercuss\u00e3o na imprensa internacional\"}]},{\"@type\":\"WebSite\",\"@id\":\"https:\/\/www.suno.com.br\/noticias\/#website\",\"url\":\"https:\/\/www.suno.com.br\/noticias\/\",\"name\":\"Suno Not\u00edcias\",\"description\":\"Seu portal de informa\u00e7\u00e3o sobre o mundo dos investimentos\",\"publisher\":{\"@id\":\"https:\/\/www.suno.com.br\/noticias\/#organization\"},\"potentialAction\":[{\"@type\":\"SearchAction\",\"target\":{\"@type\":\"EntryPoint\",\"urlTemplate\":\"https:\/\/www.suno.com.br\/noticias\/?s={search_term_string}\"},\"query-input\":{\"@type\":\"PropertyValueSpecification\",\"valueRequired\":true,\"valueName\":\"search_term_string\"}}],\"inLanguage\":\"pt-BR\"},{\"@type\":\"Organization\",\"@id\":\"https:\/\/www.suno.com.br\/noticias\/#organization\",\"name\":\"Suno Not\u00edcias\",\"url\":\"https:\/\/www.suno.com.br\/noticias\/\",\"logo\":{\"@type\":\"ImageObject\",\"inLanguage\":\"pt-BR\",\"@id\":\"https:\/\/www.suno.com.br\/noticias\/#\/schema\/logo\/image\/\",\"url\":\"https:\/\/files.sunoresearch.com.br\/n\/uploads\/2021\/09\/suno-logo.png\",\"contentUrl\":\"https:\/\/files.sunoresearch.com.br\/n\/uploads\/2021\/09\/suno-logo.png\",\"width\":180,\"height\":180,\"caption\":\"Suno Not\u00edcias\"},\"image\":{\"@id\":\"https:\/\/www.suno.com.br\/noticias\/#\/schema\/logo\/image\/\"},\"sameAs\":[\"https:\/\/facebook.com\/sunoresearch\",\"https:\/\/x.com\/sunoresearch\",\"https:\/\/www.instagram.com\/suno\",\"https:\/\/www.linkedin.com\/company\/suno-research\/\",\"https:\/\/www.youtube.com\/c\/sunoresearch\"]},{\"@type\":\"Person\",\"@id\":\"https:\/\/www.suno.com.br\/noticias\/#\/schema\/person\/0d0c9687cd2f600c564f25980c140de9\",\"name\":\"Guilherme Caetano\",\"image\":{\"@type\":\"ImageObject\",\"inLanguage\":\"pt-BR\",\"@id\":\"https:\/\/www.suno.com.br\/noticias\/#\/schema\/person\/image\/\",\"url\":\"https:\/\/secure.gravatar.com\/avatar\/e48357351a01702a0d19307070e081bf?s=96&r=g\",\"contentUrl\":\"https:\/\/secure.gravatar.com\/avatar\/e48357351a01702a0d19307070e081bf?s=96&r=g\",\"caption\":\"Guilherme Caetano\"},\"description\":\"Formado em jornalismo pela Escola de Comunica\u00e7\u00f5es e Artes da USP, Guilherme Caetano escreve para o portal de not\u00edcias da Suno Research. Passou pelas reda\u00e7\u00f5es da Folha de S.Paulo e da revista \u00c9poca.\",\"url\":\"https:\/\/www.suno.com.br\/noticias\/author\/guilherme-caetano\/\"}]}<\/script>\n<!-- \/ Yoast SEO plugin. -->","yoast_head_json":{"title":"Pris\u00e3o de Michel Temer: confira a repercuss\u00e3o na imprensa internacional","description":"Os principais jornais do mundo davam destaque \u00e0 not\u00edcia da pris\u00e3o do ex-presidente Michel Temer nesta quinta. Clique e saiba mais.","robots":{"index":"index","follow":"follow","max-snippet":"max-snippet:-1","max-image-preview":"max-image-preview:large","max-video-preview":"max-video-preview:-1"},"canonical":"https:\/\/www.suno.com.br\/noticias\/prisao-temer-imprensa-internacional\/","og_locale":"pt_BR","og_type":"article","og_title":"Pris\u00e3o de Michel Temer: confira a repercuss\u00e3o na imprensa internacional","og_description":"Os principais jornais do mundo davam destaque \u00e0 not\u00edcia da pris\u00e3o do ex-presidente Michel Temer nesta quinta. Clique e saiba mais.","og_url":"https:\/\/www.suno.com.br\/noticias\/prisao-temer-imprensa-internacional\/","og_site_name":"Suno Not\u00edcias","article_publisher":"https:\/\/facebook.com\/sunoresearch","og_image":[{"width":1024,"height":681,"url":"https:\/\/files.sunoresearch.com.br\/n\/uploads\/2019\/03\/64adb871-michel-temer-1024x681.jpg","type":"image\/jpeg"}],"author":"Guilherme Caetano","twitter_card":"summary_large_image","twitter_creator":"@sunoresearch","twitter_site":"@sunoresearch","twitter_misc":{"Escrito por":"Guilherme Caetano","Est. tempo de leitura":"2 minutos"},"schema":{"@context":"https:\/\/schema.org","@graph":[{"@type":"NewsArticle","@id":"https:\/\/www.suno.com.br\/noticias\/prisao-temer-imprensa-internacional\/#article","isPartOf":{"@id":"https:\/\/www.suno.com.br\/noticias\/prisao-temer-imprensa-internacional\/"},"author":{"name":"Guilherme Caetano","@id":"https:\/\/www.suno.com.br\/noticias\/#\/schema\/person\/0d0c9687cd2f600c564f25980c140de9"},"headline":"Pris\u00e3o de Michel Temer: confira a repercuss\u00e3o na imprensa internacional","datePublished":"2019-03-21T16:03:27+00:00","dateModified":"2021-02-17T23:08:35+00:00","mainEntityOfPage":{"@id":"https:\/\/www.suno.com.br\/noticias\/prisao-temer-imprensa-internacional\/"},"wordCount":470,"publisher":{"@id":"https:\/\/www.suno.com.br\/noticias\/#organization"},"image":{"@id":"https:\/\/www.suno.com.br\/noticias\/prisao-temer-imprensa-internacional\/#primaryimage"},"thumbnailUrl":"https:\/\/files.sunoresearch.com.br\/n\/uploads\/2019\/03\/64adb871-michel-temer-scaled.webp","keywords":["Michel Temer","Opera\u00e7\u00e3o Lava Jato"],"articleSection":["Internacional"],"inLanguage":"pt-BR"},{"@type":"WebPage","@id":"https:\/\/www.suno.com.br\/noticias\/prisao-temer-imprensa-internacional\/","url":"https:\/\/www.suno.com.br\/noticias\/prisao-temer-imprensa-internacional\/","name":"Pris\u00e3o de Michel Temer: confira a repercuss\u00e3o na imprensa internacional","isPartOf":{"@id":"https:\/\/www.suno.com.br\/noticias\/#website"},"primaryImageOfPage":{"@id":"https:\/\/www.suno.com.br\/noticias\/prisao-temer-imprensa-internacional\/#primaryimage"},"image":{"@id":"https:\/\/www.suno.com.br\/noticias\/prisao-temer-imprensa-internacional\/#primaryimage"},"thumbnailUrl":"https:\/\/files.sunoresearch.com.br\/n\/uploads\/2019\/03\/64adb871-michel-temer-scaled.webp","datePublished":"2019-03-21T16:03:27+00:00","dateModified":"2021-02-17T23:08:35+00:00","description":"Os principais jornais do mundo davam destaque \u00e0 not\u00edcia da pris\u00e3o do ex-presidente Michel Temer nesta quinta. Clique e saiba mais.","breadcrumb":{"@id":"https:\/\/www.suno.com.br\/noticias\/prisao-temer-imprensa-internacional\/#breadcrumb"},"inLanguage":"pt-BR","potentialAction":[{"@type":"ReadAction","target":["https:\/\/www.suno.com.br\/noticias\/prisao-temer-imprensa-internacional\/"]}]},{"@type":"ImageObject","inLanguage":"pt-BR","@id":"https:\/\/www.suno.com.br\/noticias\/prisao-temer-imprensa-internacional\/#primaryimage","url":"https:\/\/files.sunoresearch.com.br\/n\/uploads\/2019\/03\/64adb871-michel-temer-scaled.webp","contentUrl":"https:\/\/files.sunoresearch.com.br\/n\/uploads\/2019\/03\/64adb871-michel-temer-scaled.webp","width":2560,"height":1703,"caption":"Ibovespa despenca ap\u00f3s pris\u00e3o do ex-presidente Michel Temer"},{"@type":"BreadcrumbList","@id":"https:\/\/www.suno.com.br\/noticias\/prisao-temer-imprensa-internacional\/#breadcrumb","itemListElement":[{"@type":"ListItem","position":1,"name":"Not\u00edcias","item":"https:\/\/www.suno.com.br\/noticias\/"},{"@type":"ListItem","position":2,"name":"Internacional","item":"https:\/\/www.suno.com.br\/noticias\/internacional\/"},{"@type":"ListItem","position":3,"name":"Pris\u00e3o de Michel Temer: confira a repercuss\u00e3o na imprensa internacional"}]},{"@type":"WebSite","@id":"https:\/\/www.suno.com.br\/noticias\/#website","url":"https:\/\/www.suno.com.br\/noticias\/","name":"Suno Not\u00edcias","description":"Seu portal de informa\u00e7\u00e3o sobre o mundo dos investimentos","publisher":{"@id":"https:\/\/www.suno.com.br\/noticias\/#organization"},"potentialAction":[{"@type":"SearchAction","target":{"@type":"EntryPoint","urlTemplate":"https:\/\/www.suno.com.br\/noticias\/?s={search_term_string}"},"query-input":{"@type":"PropertyValueSpecification","valueRequired":true,"valueName":"search_term_string"}}],"inLanguage":"pt-BR"},{"@type":"Organization","@id":"https:\/\/www.suno.com.br\/noticias\/#organization","name":"Suno Not\u00edcias","url":"https:\/\/www.suno.com.br\/noticias\/","logo":{"@type":"ImageObject","inLanguage":"pt-BR","@id":"https:\/\/www.suno.com.br\/noticias\/#\/schema\/logo\/image\/","url":"https:\/\/files.sunoresearch.com.br\/n\/uploads\/2021\/09\/suno-logo.png","contentUrl":"https:\/\/files.sunoresearch.com.br\/n\/uploads\/2021\/09\/suno-logo.png","width":180,"height":180,"caption":"Suno Not\u00edcias"},"image":{"@id":"https:\/\/www.suno.com.br\/noticias\/#\/schema\/logo\/image\/"},"sameAs":["https:\/\/facebook.com\/sunoresearch","https:\/\/x.com\/sunoresearch","https:\/\/www.instagram.com\/suno","https:\/\/www.linkedin.com\/company\/suno-research\/","https:\/\/www.youtube.com\/c\/sunoresearch"]},{"@type":"Person","@id":"https:\/\/www.suno.com.br\/noticias\/#\/schema\/person\/0d0c9687cd2f600c564f25980c140de9","name":"Guilherme Caetano","image":{"@type":"ImageObject","inLanguage":"pt-BR","@id":"https:\/\/www.suno.com.br\/noticias\/#\/schema\/person\/image\/","url":"https:\/\/secure.gravatar.com\/avatar\/e48357351a01702a0d19307070e081bf?s=96&r=g","contentUrl":"https:\/\/secure.gravatar.com\/avatar\/e48357351a01702a0d19307070e081bf?s=96&r=g","caption":"Guilherme Caetano"},"description":"Formado em jornalismo pela Escola de Comunica\u00e7\u00f5es e Artes da USP, Guilherme Caetano escreve para o portal de not\u00edcias da Suno Research. Passou pelas reda\u00e7\u00f5es da Folha de S.Paulo e da revista \u00c9poca.","url":"https:\/\/www.suno.com.br\/noticias\/author\/guilherme-caetano\/"}]}},"default_loop_html":"<div class=\"cardsPage__listCard__boxs\"><div class=\"cardsPage__listCard__boxs__img\"><a href=\"https:\/\/www.suno.com.br\/noticias\/prisao-temer-imprensa-internacional\/\"><img class=\"mask\" src=\"https:\/\/www.suno.com.br\/noticias\/wp-content\/themes\/suno\/resources\/images\/spotlight\/spotlight1img\/bg-mask.png\" alt=\"Image Mask\"\/><img src=\"https:\/\/files.sunoresearch.com.br\/n\/uploads\/2019\/03\/64adb871-michel-temer-400x200.webp\" alt=\"Pris\u00e3o de Michel Temer: confira a repercuss\u00e3o na imprensa internacional\"\/><\/a><span class=\"spotlightCategory\"><a href=\"https:\/\/www.suno.com.br\/noticias\/internacional\/\">Internacional<\/a><\/span><\/div><div class=\"cardsPage__listCard__boxs__content\"><a href=\"https:\/\/www.suno.com.br\/noticias\/prisao-temer-imprensa-internacional\/\"><h2 class=\"content__title\">Pris\u00e3o de Michel Temer: confira a repercuss\u00e3o na imprensa internacional<\/h2><\/a><div class=\"newsContent__article__meta\"><div class=\"newsContent__article__meta__authorBox\"><a href=\"https:\/\/www.suno.com.br\/noticias\/author\/guilherme-caetano\/\" class=\"authorBox__avatar noMobi\"><img src=\"https:\/\/secure.gravatar.com\/avatar\/e48357351a01702a0d19307070e081bf?s=96&#038;r=g\" alt=\"Guilherme Caetano\"><\/a><div class=\"authorBox__name\"><span>por\n\t\t\t<a href=\"https:\/\/www.suno.com.br\/noticias\/author\/guilherme-caetano\/\"><span itemprop=\"author\">Guilherme Caetano<\/span><\/a><\/span><time datetime=\"2019-03-21T13:03:27-03:00\" itemprop=\"datePublished\">21\/03\/2019 13:03<\/time><\/div><\/div><\/div><\/div><\/div>","single_layout":"posts","amp_enabled":true,"_links":{"self":[{"href":"https:\/\/www.suno.com.br\/noticias\/wp-json\/wp\/v2\/posts\/18642"}],"collection":[{"href":"https:\/\/www.suno.com.br\/noticias\/wp-json\/wp\/v2\/posts"}],"about":[{"href":"https:\/\/www.suno.com.br\/noticias\/wp-json\/wp\/v2\/types\/post"}],"author":[{"embeddable":true,"href":"https:\/\/www.suno.com.br\/noticias\/wp-json\/wp\/v2\/users\/13"}],"replies":[{"embeddable":true,"href":"https:\/\/www.suno.com.br\/noticias\/wp-json\/wp\/v2\/comments?post=18642"}],"version-history":[{"count":0,"href":"https:\/\/www.suno.com.br\/noticias\/wp-json\/wp\/v2\/posts\/18642\/revisions"}],"wp:featuredmedia":[{"embeddable":true,"href":"https:\/\/www.suno.com.br\/noticias\/wp-json\/wp\/v2\/media\/18631"}],"wp:attachment":[{"href":"https:\/\/www.suno.com.br\/noticias\/wp-json\/wp\/v2\/media?parent=18642"}],"wp:term":[{"taxonomy":"category","embeddable":true,"href":"https:\/\/www.suno.com.br\/noticias\/wp-json\/wp\/v2\/categories?post=18642"},{"taxonomy":"post_tag","embeddable":true,"href":"https:\/\/www.suno.com.br\/noticias\/wp-json\/wp\/v2\/tags?post=18642"},{"taxonomy":"suno_strategy","embeddable":true,"href":"https:\/\/www.suno.com.br\/noticias\/wp-json\/wp\/v2\/suno_strategy?post=18642"}],"curies":[{"name":"wp","href":"https:\/\/api.w.org\/{rel}","templated":true}]}}