{"id":18624,"date":"2019-03-21T12:21:26","date_gmt":"2019-03-21T15:21:26","guid":{"rendered":"https:\/\/www.suno.com.br\/noticias\/?p=18624"},"modified":"2019-03-21T14:19:12","modified_gmt":"2019-03-21T17:19:12","slug":"ibovespa-despenca-prisao-michel-temer","status":"publish","type":"post","link":"https:\/\/www.suno.com.br\/noticias\/ibovespa-despenca-prisao-michel-temer\/","title":{"rendered":"Ibovespa despenca ap\u00f3s pris\u00e3o do ex-presidente Michel Temer"},"content":{"rendered":"<p>O Ibovespa, que \u00e9 o principal \u00edndice da Bolsa de Valores de S\u00e3o Paulo, despencou ap\u00f3s a pris\u00e3o do ex-presidente Michel Temer.<\/p>\t<div class=\"wrapper-featured-image\">\n\t\t<figure class=\"spotlightImg\">\n\n\t\t\t<picture>\n\t\t\t\t<source media=\"(max-width: 768px)\" srcset=\"https:\/\/files.sunoresearch.com.br\/n\/uploads\/2019\/03\/b5b50b0b-michel-temer-400x200.webp\">\n\t\t\t\t<img loading=\"lazy\" decoding=\"async\" class=\"newsContent__article__imgCapa lazyloadDisabled newsContent__article__imgCapa--noCaption\" src=\"https:\/\/files.sunoresearch.com.br\/n\/uploads\/2019\/03\/b5b50b0b-michel-temer-800x450.webp\" width=\"800\" height=\"450\" alt=\"Ibovespa despenca ap\u00f3s pris\u00e3o do ex-presidente Michel Temer\" fetchpriority=high \/>\n\t\t\t<\/picture>\n\n\t\t\t<figcaption class=\"wp-caption-text wp-caption-text--hide\">Bras\u00edlia - Michel Temer recebe cumprimentos ap\u00f3s posse como presidente da Rep\u00fablica em solenidade no Congresso Nacional (Fabio Rodrigues Pozzebom\/Ag\u00eancia Brasil)<\/figcaption>\n\t\t<\/figure>\n\t<\/div>\n\n\n<p>Por volta das 12h20, cerca de 1 hora ap\u00f3s a pris\u00e3o de <strong>Michel Temer<\/strong> o <strong>Ibovespa<\/strong> registrava um queda de -1,75% ficando com 96.324,86 pontos.<\/p>\n<p>O \u00edndice j\u00e1 operava em baixa durante a manh\u00e3 desta quinta-feira (21), devido aos reflexos da <strong>reforma da Previd\u00eancia para militares<\/strong>, que n\u00e3o agradou muito o <strong>mercado<\/strong>. No entanto, ao ser noticiado a pris\u00e3o do ex-presidente, o \u00edndice despencou.<\/p>\n<p><a href=\"https:\/\/www.suno.com.br\/noticias\/reforma-da-previdencia-militares\/\">Saiba mais: Reforma da Previd\u00eancia dos militares: veja todos os detalhes<\/a><\/p>\n<p><a href=\"https:\/\/www.suno.com.br\/noticias\/ibovespa-21032018\/\">Saiba mais:\u00a0Ibovespa em baixa; Proposta dos militares gera reflexo negativo no \u00edndice<\/a><\/p>\n<p>Isso porque os <strong>investidores<\/strong> ficaram ainda mais cautelosos, por n\u00e3o haver um dimensionamento do impacto que a not\u00edcia pode gerar no mercado. Em contrapartida, o d\u00f3lar opera em alta.<\/p>\n<p>A moeda <strong>norte-americana<\/strong> iniciou a sess\u00e3o desta quinta em alta, no entanto, logo ap\u00f3s a pris\u00e3o de Temer o <strong>d\u00f3lar<\/strong> disparou. Por volta das 12h20 registrava uma alta de 1,426% sendo negociado a R$\u00a03,8198.<\/p>\n<p><a href=\"https:\/\/www.suno.com.br\/noticias\/dolar-21032019\/\">Saiba mais:\u00a0D\u00f3lar inicia o dia em forte alta; Reforma para militares desaponta mercado<\/a><\/p>\n<h2>Pris\u00e3o de Michel Temer<\/h2>\n<p>O ex-presidente <strong>Michel Temer<\/strong> e o ex-ministro de Minas e Energia, <strong>Moreira Franco<\/strong>, foram presos na manh\u00e3 desta quinta (21) pela for\u00e7a-tarefa da <strong>Lava Jato<\/strong> no Rio.<\/p>\n<p>Al\u00e9m disso, os agentes da <strong>Pol\u00edcia Federal<\/strong> ainda tentam cumprir um mandado de pris\u00e3o contra o ex-ministro <strong>Eliseu Padilha<\/strong> (Casa Civil).<\/p>\n<p><a href=\"https:\/\/www.suno.com.br\/noticias\/michel-temer-preso-lava-jato\/\">Saiba mais:\u00a0Ex-presidente Michel Temer \u00e9 preso na Opera\u00e7\u00e3o Lava Jato<\/a><\/p>\n<p>O juiz <strong>Marcelo Bretas<\/strong>, da 7\u00b2 Vara Federal Criminal do Rio, foi quem expediu os mandados. <strong>Michel Temer<\/strong> estava sendo rastreado desde a \u00faltima quarta-feira (20), e a PF buscava prender o ex-presidente ainda mais cedo nesta quinta, mas n\u00e3o obteve sucesso.<\/p>\n<h3>Michel Temer<\/h3>\n<p>Michel Temer foi o 37\u00ba <strong>presidente da Rep\u00fablica<\/strong> do Brasil. Ele assumiu o cargo ap\u00f3s a ex-presidente <strong>Dilma Rousseff<\/strong> sofrer um <strong>impeachment<\/strong>, ainda em 2016. Ent\u00e3o, Temer foi empossado definitivamente em 31 de agosto do mesmo ano.<\/p>\n<p>Antes disso, j\u00e1 havia sido eleito vice de <strong>Dilma<\/strong> por duas vezes, onde chegou a ser coordenador de sua campanha. No entanto, a rela\u00e7\u00e3o entre presidente e vice tomou novos rumos ap\u00f3s a segunda vit\u00f3ria petista, em 2015.<\/p>\n<p>Atualmente, o Brasil tem dois <strong>ex-presidentes presos<\/strong>, <strong>Michel Temer<\/strong> e <strong>Luiz In\u00e1cio Lula da Silva<\/strong>.<\/p>\n","protected":false},"excerpt":{"rendered":"<p>O Ibovespa, que \u00e9 o principal \u00edndice da Bolsa de Valores de S\u00e3o Paulo, despencou ap\u00f3s a pris\u00e3o do ex-presidente Michel Temer. Bras\u00edlia &#8211; Michel Temer recebe cumprimentos ap\u00f3s posse como presidente da Rep\u00fablica em solenidade no Congresso Nacional (Fabio Rodrigues Pozzebom\/Ag\u00eancia Brasil) Por volta das 12h20, cerca de 1 hora ap\u00f3s a pris\u00e3o de [&hellip;]<\/p>\n","protected":false},"author":11,"featured_media":18660,"comment_status":"closed","ping_status":"closed","sticky":false,"template":"","format":"standard","meta":[],"categories":[60],"tags":[326,721,734],"suno_strategy":[],"class_list":["post-18624","post","type-post","status-publish","format-standard","has-post-thumbnail","hentry","category-mercado","tag-dolar","tag-ibovespa","tag-michel-temer"],"yoast_head":"<!-- This site is optimized with the Yoast SEO plugin v24.4 - https:\/\/yoast.com\/wordpress\/plugins\/seo\/ -->\n<title>Ibovespa despenca ap\u00f3s pris\u00e3o do ex-presidente Michel Temer<\/title>\n<meta name=\"description\" content=\"Ibovespa tem forte queda ap\u00f3s pris\u00e3o do ex-presidente Michel Temer; D\u00f3lar registra alta. Clique para saber mais.\" \/>\n<meta name=\"robots\" content=\"index, follow, max-snippet:-1, max-image-preview:large, max-video-preview:-1\" \/>\n<link rel=\"canonical\" href=\"https:\/\/www.suno.com.br\/noticias\/ibovespa-despenca-prisao-michel-temer\/\" \/>\n<meta property=\"og:locale\" content=\"pt_BR\" \/>\n<meta property=\"og:type\" content=\"article\" \/>\n<meta property=\"og:title\" content=\"Ibovespa despenca ap\u00f3s pris\u00e3o do ex-presidente Michel Temer\" \/>\n<meta property=\"og:description\" content=\"Ibovespa tem forte queda ap\u00f3s pris\u00e3o do ex-presidente Michel Temer; D\u00f3lar registra alta. Clique para saber mais.\" \/>\n<meta property=\"og:url\" content=\"https:\/\/www.suno.com.br\/noticias\/ibovespa-despenca-prisao-michel-temer\/\" \/>\n<meta property=\"og:site_name\" content=\"Suno Not\u00edcias\" \/>\n<meta property=\"article:publisher\" content=\"https:\/\/facebook.com\/sunoresearch\" \/>\n<meta property=\"og:image\" content=\"https:\/\/files.sunoresearch.com.br\/n\/uploads\/2019\/03\/b5b50b0b-michel-temer-1024x683.jpg\" \/>\n\t<meta property=\"og:image:width\" content=\"1024\" \/>\n\t<meta property=\"og:image:height\" content=\"683\" \/>\n\t<meta property=\"og:image:type\" content=\"image\/jpeg\" \/>\n<meta name=\"author\" content=\"Renan Bandeira\" \/>\n<meta name=\"twitter:card\" content=\"summary_large_image\" \/>\n<meta name=\"twitter:creator\" content=\"@sunoresearch\" \/>\n<meta name=\"twitter:site\" content=\"@sunoresearch\" \/>\n<meta name=\"twitter:label1\" content=\"Escrito por\" \/>\n\t<meta name=\"twitter:data1\" content=\"Renan Bandeira\" \/>\n\t<meta name=\"twitter:label2\" content=\"Est. tempo de leitura\" \/>\n\t<meta name=\"twitter:data2\" content=\"2 minutos\" \/>\n<script type=\"application\/ld+json\" class=\"yoast-schema-graph\">{\"@context\":\"https:\/\/schema.org\",\"@graph\":[{\"@type\":\"NewsArticle\",\"@id\":\"https:\/\/www.suno.com.br\/noticias\/ibovespa-despenca-prisao-michel-temer\/#article\",\"isPartOf\":{\"@id\":\"https:\/\/www.suno.com.br\/noticias\/ibovespa-despenca-prisao-michel-temer\/\"},\"author\":{\"name\":\"Renan Bandeira\",\"@id\":\"https:\/\/www.suno.com.br\/noticias\/#\/schema\/person\/fc144a1c6108bd1dcd43784e88a3c138\"},\"headline\":\"Ibovespa despenca ap\u00f3s pris\u00e3o do ex-presidente Michel Temer\",\"datePublished\":\"2019-03-21T15:21:26+00:00\",\"dateModified\":\"2019-03-21T17:19:12+00:00\",\"mainEntityOfPage\":{\"@id\":\"https:\/\/www.suno.com.br\/noticias\/ibovespa-despenca-prisao-michel-temer\/\"},\"wordCount\":412,\"publisher\":{\"@id\":\"https:\/\/www.suno.com.br\/noticias\/#organization\"},\"image\":{\"@id\":\"https:\/\/www.suno.com.br\/noticias\/ibovespa-despenca-prisao-michel-temer\/#primaryimage\"},\"thumbnailUrl\":\"https:\/\/files.sunoresearch.com.br\/n\/uploads\/2019\/03\/b5b50b0b-michel-temer-scaled.webp\",\"keywords\":[\"d\u00f3lar\",\"Ibovespa\",\"Michel Temer\"],\"articleSection\":[\"Mercado\"],\"inLanguage\":\"pt-BR\"},{\"@type\":\"WebPage\",\"@id\":\"https:\/\/www.suno.com.br\/noticias\/ibovespa-despenca-prisao-michel-temer\/\",\"url\":\"https:\/\/www.suno.com.br\/noticias\/ibovespa-despenca-prisao-michel-temer\/\",\"name\":\"Ibovespa despenca ap\u00f3s pris\u00e3o do ex-presidente Michel Temer\",\"isPartOf\":{\"@id\":\"https:\/\/www.suno.com.br\/noticias\/#website\"},\"primaryImageOfPage\":{\"@id\":\"https:\/\/www.suno.com.br\/noticias\/ibovespa-despenca-prisao-michel-temer\/#primaryimage\"},\"image\":{\"@id\":\"https:\/\/www.suno.com.br\/noticias\/ibovespa-despenca-prisao-michel-temer\/#primaryimage\"},\"thumbnailUrl\":\"https:\/\/files.sunoresearch.com.br\/n\/uploads\/2019\/03\/b5b50b0b-michel-temer-scaled.webp\",\"datePublished\":\"2019-03-21T15:21:26+00:00\",\"dateModified\":\"2019-03-21T17:19:12+00:00\",\"description\":\"Ibovespa tem forte queda ap\u00f3s pris\u00e3o do ex-presidente Michel Temer; D\u00f3lar registra alta. Clique para saber mais.\",\"breadcrumb\":{\"@id\":\"https:\/\/www.suno.com.br\/noticias\/ibovespa-despenca-prisao-michel-temer\/#breadcrumb\"},\"inLanguage\":\"pt-BR\",\"potentialAction\":[{\"@type\":\"ReadAction\",\"target\":[\"https:\/\/www.suno.com.br\/noticias\/ibovespa-despenca-prisao-michel-temer\/\"]}]},{\"@type\":\"ImageObject\",\"inLanguage\":\"pt-BR\",\"@id\":\"https:\/\/www.suno.com.br\/noticias\/ibovespa-despenca-prisao-michel-temer\/#primaryimage\",\"url\":\"https:\/\/files.sunoresearch.com.br\/n\/uploads\/2019\/03\/b5b50b0b-michel-temer-scaled.webp\",\"contentUrl\":\"https:\/\/files.sunoresearch.com.br\/n\/uploads\/2019\/03\/b5b50b0b-michel-temer-scaled.webp\",\"width\":2560,\"height\":1707,\"caption\":\"Bras\u00edlia - Michel Temer recebe cumprimentos ap\u00f3s posse como presidente da Rep\u00fablica em solenidade no Congresso Nacional (Fabio Rodrigues Pozzebom\/Ag\u00eancia Brasil)\"},{\"@type\":\"BreadcrumbList\",\"@id\":\"https:\/\/www.suno.com.br\/noticias\/ibovespa-despenca-prisao-michel-temer\/#breadcrumb\",\"itemListElement\":[{\"@type\":\"ListItem\",\"position\":1,\"name\":\"Not\u00edcias\",\"item\":\"https:\/\/www.suno.com.br\/noticias\/\"},{\"@type\":\"ListItem\",\"position\":2,\"name\":\"Mercado\",\"item\":\"https:\/\/www.suno.com.br\/noticias\/mercado\/\"},{\"@type\":\"ListItem\",\"position\":3,\"name\":\"Ibovespa despenca ap\u00f3s pris\u00e3o do ex-presidente Michel Temer\"}]},{\"@type\":\"WebSite\",\"@id\":\"https:\/\/www.suno.com.br\/noticias\/#website\",\"url\":\"https:\/\/www.suno.com.br\/noticias\/\",\"name\":\"Suno Not\u00edcias\",\"description\":\"Seu portal de informa\u00e7\u00e3o sobre o mundo dos investimentos\",\"publisher\":{\"@id\":\"https:\/\/www.suno.com.br\/noticias\/#organization\"},\"potentialAction\":[{\"@type\":\"SearchAction\",\"target\":{\"@type\":\"EntryPoint\",\"urlTemplate\":\"https:\/\/www.suno.com.br\/noticias\/?s={search_term_string}\"},\"query-input\":{\"@type\":\"PropertyValueSpecification\",\"valueRequired\":true,\"valueName\":\"search_term_string\"}}],\"inLanguage\":\"pt-BR\"},{\"@type\":\"Organization\",\"@id\":\"https:\/\/www.suno.com.br\/noticias\/#organization\",\"name\":\"Suno Not\u00edcias\",\"url\":\"https:\/\/www.suno.com.br\/noticias\/\",\"logo\":{\"@type\":\"ImageObject\",\"inLanguage\":\"pt-BR\",\"@id\":\"https:\/\/www.suno.com.br\/noticias\/#\/schema\/logo\/image\/\",\"url\":\"https:\/\/files.sunoresearch.com.br\/n\/uploads\/2021\/09\/suno-logo.png\",\"contentUrl\":\"https:\/\/files.sunoresearch.com.br\/n\/uploads\/2021\/09\/suno-logo.png\",\"width\":180,\"height\":180,\"caption\":\"Suno Not\u00edcias\"},\"image\":{\"@id\":\"https:\/\/www.suno.com.br\/noticias\/#\/schema\/logo\/image\/\"},\"sameAs\":[\"https:\/\/facebook.com\/sunoresearch\",\"https:\/\/x.com\/sunoresearch\",\"https:\/\/www.instagram.com\/suno\",\"https:\/\/www.linkedin.com\/company\/suno-research\/\",\"https:\/\/www.youtube.com\/c\/sunoresearch\"]},{\"@type\":\"Person\",\"@id\":\"https:\/\/www.suno.com.br\/noticias\/#\/schema\/person\/fc144a1c6108bd1dcd43784e88a3c138\",\"name\":\"Renan Bandeira\",\"image\":{\"@type\":\"ImageObject\",\"inLanguage\":\"pt-BR\",\"@id\":\"https:\/\/www.suno.com.br\/noticias\/#\/schema\/person\/image\/\",\"url\":\"https:\/\/secure.gravatar.com\/avatar\/68359cdb608f14f11bbefcb78f3fc747?s=96&r=g\",\"contentUrl\":\"https:\/\/secure.gravatar.com\/avatar\/68359cdb608f14f11bbefcb78f3fc747?s=96&r=g\",\"caption\":\"Renan Bandeira\"},\"description\":\"Renan Bandeira escreve sobre pol\u00edtica e economia para o portal da Suno Research. Antes da Suno, trabalhou em uma rede de televis\u00e3o, onde fazia reportagens sobre os mesmos temas. Estuda na Universidade Metodista de S\u00e3o Paulo.\",\"url\":\"https:\/\/www.suno.com.br\/noticias\/author\/renan-bandeira\/\"}]}<\/script>\n<!-- \/ Yoast SEO plugin. -->","yoast_head_json":{"title":"Ibovespa despenca ap\u00f3s pris\u00e3o do ex-presidente Michel Temer","description":"Ibovespa tem forte queda ap\u00f3s pris\u00e3o do ex-presidente Michel Temer; D\u00f3lar registra alta. Clique para saber mais.","robots":{"index":"index","follow":"follow","max-snippet":"max-snippet:-1","max-image-preview":"max-image-preview:large","max-video-preview":"max-video-preview:-1"},"canonical":"https:\/\/www.suno.com.br\/noticias\/ibovespa-despenca-prisao-michel-temer\/","og_locale":"pt_BR","og_type":"article","og_title":"Ibovespa despenca ap\u00f3s pris\u00e3o do ex-presidente Michel Temer","og_description":"Ibovespa tem forte queda ap\u00f3s pris\u00e3o do ex-presidente Michel Temer; D\u00f3lar registra alta. Clique para saber mais.","og_url":"https:\/\/www.suno.com.br\/noticias\/ibovespa-despenca-prisao-michel-temer\/","og_site_name":"Suno Not\u00edcias","article_publisher":"https:\/\/facebook.com\/sunoresearch","og_image":[{"width":1024,"height":683,"url":"https:\/\/files.sunoresearch.com.br\/n\/uploads\/2019\/03\/b5b50b0b-michel-temer-1024x683.jpg","type":"image\/jpeg"}],"author":"Renan Bandeira","twitter_card":"summary_large_image","twitter_creator":"@sunoresearch","twitter_site":"@sunoresearch","twitter_misc":{"Escrito por":"Renan Bandeira","Est. tempo de leitura":"2 minutos"},"schema":{"@context":"https:\/\/schema.org","@graph":[{"@type":"NewsArticle","@id":"https:\/\/www.suno.com.br\/noticias\/ibovespa-despenca-prisao-michel-temer\/#article","isPartOf":{"@id":"https:\/\/www.suno.com.br\/noticias\/ibovespa-despenca-prisao-michel-temer\/"},"author":{"name":"Renan Bandeira","@id":"https:\/\/www.suno.com.br\/noticias\/#\/schema\/person\/fc144a1c6108bd1dcd43784e88a3c138"},"headline":"Ibovespa despenca ap\u00f3s pris\u00e3o do ex-presidente Michel Temer","datePublished":"2019-03-21T15:21:26+00:00","dateModified":"2019-03-21T17:19:12+00:00","mainEntityOfPage":{"@id":"https:\/\/www.suno.com.br\/noticias\/ibovespa-despenca-prisao-michel-temer\/"},"wordCount":412,"publisher":{"@id":"https:\/\/www.suno.com.br\/noticias\/#organization"},"image":{"@id":"https:\/\/www.suno.com.br\/noticias\/ibovespa-despenca-prisao-michel-temer\/#primaryimage"},"thumbnailUrl":"https:\/\/files.sunoresearch.com.br\/n\/uploads\/2019\/03\/b5b50b0b-michel-temer-scaled.webp","keywords":["d\u00f3lar","Ibovespa","Michel Temer"],"articleSection":["Mercado"],"inLanguage":"pt-BR"},{"@type":"WebPage","@id":"https:\/\/www.suno.com.br\/noticias\/ibovespa-despenca-prisao-michel-temer\/","url":"https:\/\/www.suno.com.br\/noticias\/ibovespa-despenca-prisao-michel-temer\/","name":"Ibovespa despenca ap\u00f3s pris\u00e3o do ex-presidente Michel Temer","isPartOf":{"@id":"https:\/\/www.suno.com.br\/noticias\/#website"},"primaryImageOfPage":{"@id":"https:\/\/www.suno.com.br\/noticias\/ibovespa-despenca-prisao-michel-temer\/#primaryimage"},"image":{"@id":"https:\/\/www.suno.com.br\/noticias\/ibovespa-despenca-prisao-michel-temer\/#primaryimage"},"thumbnailUrl":"https:\/\/files.sunoresearch.com.br\/n\/uploads\/2019\/03\/b5b50b0b-michel-temer-scaled.webp","datePublished":"2019-03-21T15:21:26+00:00","dateModified":"2019-03-21T17:19:12+00:00","description":"Ibovespa tem forte queda ap\u00f3s pris\u00e3o do ex-presidente Michel Temer; D\u00f3lar registra alta. Clique para saber mais.","breadcrumb":{"@id":"https:\/\/www.suno.com.br\/noticias\/ibovespa-despenca-prisao-michel-temer\/#breadcrumb"},"inLanguage":"pt-BR","potentialAction":[{"@type":"ReadAction","target":["https:\/\/www.suno.com.br\/noticias\/ibovespa-despenca-prisao-michel-temer\/"]}]},{"@type":"ImageObject","inLanguage":"pt-BR","@id":"https:\/\/www.suno.com.br\/noticias\/ibovespa-despenca-prisao-michel-temer\/#primaryimage","url":"https:\/\/files.sunoresearch.com.br\/n\/uploads\/2019\/03\/b5b50b0b-michel-temer-scaled.webp","contentUrl":"https:\/\/files.sunoresearch.com.br\/n\/uploads\/2019\/03\/b5b50b0b-michel-temer-scaled.webp","width":2560,"height":1707,"caption":"Bras\u00edlia - Michel Temer recebe cumprimentos ap\u00f3s posse como presidente da Rep\u00fablica em solenidade no Congresso Nacional (Fabio Rodrigues Pozzebom\/Ag\u00eancia Brasil)"},{"@type":"BreadcrumbList","@id":"https:\/\/www.suno.com.br\/noticias\/ibovespa-despenca-prisao-michel-temer\/#breadcrumb","itemListElement":[{"@type":"ListItem","position":1,"name":"Not\u00edcias","item":"https:\/\/www.suno.com.br\/noticias\/"},{"@type":"ListItem","position":2,"name":"Mercado","item":"https:\/\/www.suno.com.br\/noticias\/mercado\/"},{"@type":"ListItem","position":3,"name":"Ibovespa despenca ap\u00f3s pris\u00e3o do ex-presidente Michel Temer"}]},{"@type":"WebSite","@id":"https:\/\/www.suno.com.br\/noticias\/#website","url":"https:\/\/www.suno.com.br\/noticias\/","name":"Suno Not\u00edcias","description":"Seu portal de informa\u00e7\u00e3o sobre o mundo dos investimentos","publisher":{"@id":"https:\/\/www.suno.com.br\/noticias\/#organization"},"potentialAction":[{"@type":"SearchAction","target":{"@type":"EntryPoint","urlTemplate":"https:\/\/www.suno.com.br\/noticias\/?s={search_term_string}"},"query-input":{"@type":"PropertyValueSpecification","valueRequired":true,"valueName":"search_term_string"}}],"inLanguage":"pt-BR"},{"@type":"Organization","@id":"https:\/\/www.suno.com.br\/noticias\/#organization","name":"Suno Not\u00edcias","url":"https:\/\/www.suno.com.br\/noticias\/","logo":{"@type":"ImageObject","inLanguage":"pt-BR","@id":"https:\/\/www.suno.com.br\/noticias\/#\/schema\/logo\/image\/","url":"https:\/\/files.sunoresearch.com.br\/n\/uploads\/2021\/09\/suno-logo.png","contentUrl":"https:\/\/files.sunoresearch.com.br\/n\/uploads\/2021\/09\/suno-logo.png","width":180,"height":180,"caption":"Suno Not\u00edcias"},"image":{"@id":"https:\/\/www.suno.com.br\/noticias\/#\/schema\/logo\/image\/"},"sameAs":["https:\/\/facebook.com\/sunoresearch","https:\/\/x.com\/sunoresearch","https:\/\/www.instagram.com\/suno","https:\/\/www.linkedin.com\/company\/suno-research\/","https:\/\/www.youtube.com\/c\/sunoresearch"]},{"@type":"Person","@id":"https:\/\/www.suno.com.br\/noticias\/#\/schema\/person\/fc144a1c6108bd1dcd43784e88a3c138","name":"Renan Bandeira","image":{"@type":"ImageObject","inLanguage":"pt-BR","@id":"https:\/\/www.suno.com.br\/noticias\/#\/schema\/person\/image\/","url":"https:\/\/secure.gravatar.com\/avatar\/68359cdb608f14f11bbefcb78f3fc747?s=96&r=g","contentUrl":"https:\/\/secure.gravatar.com\/avatar\/68359cdb608f14f11bbefcb78f3fc747?s=96&r=g","caption":"Renan Bandeira"},"description":"Renan Bandeira escreve sobre pol\u00edtica e economia para o portal da Suno Research. Antes da Suno, trabalhou em uma rede de televis\u00e3o, onde fazia reportagens sobre os mesmos temas. Estuda na Universidade Metodista de S\u00e3o Paulo.","url":"https:\/\/www.suno.com.br\/noticias\/author\/renan-bandeira\/"}]}},"default_loop_html":"<div class=\"cardsPage__listCard__boxs\"><div class=\"cardsPage__listCard__boxs__img\"><a href=\"https:\/\/www.suno.com.br\/noticias\/ibovespa-despenca-prisao-michel-temer\/\"><img class=\"mask\" src=\"https:\/\/www.suno.com.br\/noticias\/wp-content\/themes\/suno\/resources\/images\/spotlight\/spotlight1img\/bg-mask.png\" alt=\"Image Mask\"\/><img src=\"https:\/\/files.sunoresearch.com.br\/n\/uploads\/2019\/03\/b5b50b0b-michel-temer-400x200.webp\" alt=\"Ibovespa despenca ap\u00f3s pris\u00e3o do ex-presidente Michel Temer\"\/><\/a><span class=\"spotlightCategory\"><a href=\"https:\/\/www.suno.com.br\/noticias\/mercado\/\">Mercado<\/a><\/span><\/div><div class=\"cardsPage__listCard__boxs__content\"><a href=\"https:\/\/www.suno.com.br\/noticias\/ibovespa-despenca-prisao-michel-temer\/\"><h2 class=\"content__title\">Ibovespa despenca ap\u00f3s pris\u00e3o do ex-presidente Michel Temer<\/h2><\/a><div class=\"newsContent__article__meta\"><div class=\"newsContent__article__meta__authorBox\"><a href=\"https:\/\/www.suno.com.br\/noticias\/author\/renan-bandeira\/\" class=\"authorBox__avatar noMobi\"><img src=\"https:\/\/secure.gravatar.com\/avatar\/68359cdb608f14f11bbefcb78f3fc747?s=96&#038;r=g\" alt=\"Renan Bandeira\"><\/a><div class=\"authorBox__name\"><span>por\n\t\t\t<a href=\"https:\/\/www.suno.com.br\/noticias\/author\/renan-bandeira\/\"><span itemprop=\"author\">Renan Bandeira<\/span><\/a><\/span><time datetime=\"2019-03-21T12:21:26-03:00\" itemprop=\"datePublished\">21\/03\/2019 12:21<\/time><\/div><\/div><\/div><\/div><\/div>","single_layout":"posts","amp_enabled":true,"_links":{"self":[{"href":"https:\/\/www.suno.com.br\/noticias\/wp-json\/wp\/v2\/posts\/18624"}],"collection":[{"href":"https:\/\/www.suno.com.br\/noticias\/wp-json\/wp\/v2\/posts"}],"about":[{"href":"https:\/\/www.suno.com.br\/noticias\/wp-json\/wp\/v2\/types\/post"}],"author":[{"embeddable":true,"href":"https:\/\/www.suno.com.br\/noticias\/wp-json\/wp\/v2\/users\/11"}],"replies":[{"embeddable":true,"href":"https:\/\/www.suno.com.br\/noticias\/wp-json\/wp\/v2\/comments?post=18624"}],"version-history":[{"count":0,"href":"https:\/\/www.suno.com.br\/noticias\/wp-json\/wp\/v2\/posts\/18624\/revisions"}],"wp:featuredmedia":[{"embeddable":true,"href":"https:\/\/www.suno.com.br\/noticias\/wp-json\/wp\/v2\/media\/18660"}],"wp:attachment":[{"href":"https:\/\/www.suno.com.br\/noticias\/wp-json\/wp\/v2\/media?parent=18624"}],"wp:term":[{"taxonomy":"category","embeddable":true,"href":"https:\/\/www.suno.com.br\/noticias\/wp-json\/wp\/v2\/categories?post=18624"},{"taxonomy":"post_tag","embeddable":true,"href":"https:\/\/www.suno.com.br\/noticias\/wp-json\/wp\/v2\/tags?post=18624"},{"taxonomy":"suno_strategy","embeddable":true,"href":"https:\/\/www.suno.com.br\/noticias\/wp-json\/wp\/v2\/suno_strategy?post=18624"}],"curies":[{"name":"wp","href":"https:\/\/api.w.org\/{rel}","templated":true}]}}