{"id":186060,"date":"2021-09-21T13:03:50","date_gmt":"2021-09-21T16:03:50","guid":{"rendered":"https:\/\/www.suno.com.br\/noticias\/?p=186060"},"modified":"2021-09-21T13:03:50","modified_gmt":"2021-09-21T16:03:50","slug":"dolar-tarde-21092021","status":"publish","type":"post","link":"https:\/\/www.suno.com.br\/noticias\/dolar-tarde-21092021\/","title":{"rendered":"D\u00f3lar tem queda de 0,5%, negociado abaixo dos R$ 5,30"},"content":{"rendered":"<p>O <strong>d\u00f3lar<\/strong> permanece em queda na tarde desta ter\u00e7a-feira (21) com o mercado acompanhando o calote que a construtora Evergrande pode dar na China e o in\u00edcio da reuni\u00e3o para definir a <a class=\"suno-keyword\" href=\"https:\/\/www.suno.com.br\/artigos\/taxa-basica-de-juros\/\" target=\"_blank\" rel=\"noopener\" data-force=\"no\" data-priority=\"1\">taxa b\u00e1sica de juros<\/a> do Brasil, a Selic.<\/p>\t<div class=\"wrapper-featured-image\">\n\t\t<figure class=\"spotlightImg\">\n\n\t\t\t<picture>\n\t\t\t\t<source media=\"(max-width: 768px)\" srcset=\"https:\/\/files.sunoresearch.com.br\/n\/uploads\/2021\/04\/e5e794c1-dollar-4418320_1280-400x200.webp\">\n\t\t\t\t<img loading=\"lazy\" decoding=\"async\" class=\"newsContent__article__imgCapa lazyloadDisabled \" src=\"https:\/\/files.sunoresearch.com.br\/n\/uploads\/2021\/04\/e5e794c1-dollar-4418320_1280-800x450.webp\" width=\"800\" height=\"450\" alt=\"D\u00f3lar tem queda de 0,5%, negociado abaixo dos R$ 5,30\" fetchpriority=high \/>\n\t\t\t<\/picture>\n\n\t\t\t<figcaption class=\"wp-caption-text wp-caption-text--show\">D\u00f3lar - Foto: Pixabay<\/figcaption>\n\t\t<\/figure>\n\t<\/div>\n\n\n\t<p>\n\t\t<a href=\"https:\/\/lp.suno.com.br\/planilha-controle-gastos\/\" target=\"_blank\" data-element=\"shortcode-suno-banner\" title=\"Banner SUNO, clique e saiba mais\">\n\t\t\t<picture>\n\t\t\t\t<source media=\"(max-width: 500px)\" srcset=\"https:\/\/files.sunoresearch.com.br\/n\/uploads\/2023\/03\/400x300-Planilha-controle-de-gastos.png\">\n\t\t\t\t<img class=\"newsContent__article__imgCapa newsContent__article__imgCapa--banner\"\n\t\t\t\t\tsrc=\"https:\/\/files.sunoresearch.com.br\/n\/uploads\/2023\/03\/1420x240-Planilha-controle-de-gastos.png\"\n\t\t\t\t\tdata-promo-id=\"101751\"\t\t\t\t\t\t\t\t\t\twidth='1420' height='240'\t\t\t\t\talt=\"https:\/\/files.sunoresearch.com.br\/n\/uploads\/2023\/03\/1420x240-Planilha-controle-de-gastos.png\"\n\t\t\t\t>\n\t\t\t<\/picture>\n\t\t<\/a>\n\t<\/p>\n\n\n<p>Por volta das 13h, o <strong>d\u00f3lar hoje<\/strong> tinha queda de 0,58%, sendo negociado a R$ 5,29. A <strong><a class=\"suno-keyword\" href=\"https:\/\/www.suno.com.br\/artigos\/queda-dolar\/\" target=\"_blank\" rel=\"noopener\" data-force=\"no\" data-priority=\"1\">queda do d\u00f3lar<\/a> <\/strong>indica uma tentativa de recupera\u00e7\u00e3o o mercado \u00e0 vista ap\u00f3s forte alta\u00a0 no dia de ontem, motivada principalmente por preocupa\u00e7\u00e3o com a gigante do setor imobili\u00e1rio chin\u00eas, Evergrande.<\/p>\n<p>Na semana passada, a construtora chinesa afirmou que havia uma possibilidade de calote, j\u00e1 que a companhia pode n\u00e3o conseguir honrar suas d\u00edvidas. Atualmente, a companhia possui um compromisso que passa dos US$ 300 bilh\u00f5es.<\/p>\n\t<p>\n\t\t<a href=\"https:\/\/lp.suno.com.br\/planilha-da-vida-financeira\/\" target=\"_blank\" data-element=\"shortcode-suno-banner\" title=\"Banner SUNO, clique e saiba mais\">\n\t\t\t<picture>\n\t\t\t\t<source media=\"(max-width: 500px)\" srcset=\"https:\/\/files.sunoresearch.com.br\/n\/uploads\/2023\/04\/400x300-Planilha-vida-financeira-true.png\">\n\t\t\t\t<img class=\"newsContent__article__imgCapa newsContent__article__imgCapa--banner\"\n\t\t\t\t\tsrc=\"https:\/\/files.sunoresearch.com.br\/n\/uploads\/2023\/04\/1420x240-Planilha-vida-financeira-true.png\"\n\t\t\t\t\tdata-promo-id=\"106682\"\t\t\t\t\t\t\t\t\t\twidth='1420' height='240'\t\t\t\t\talt=\"https:\/\/files.sunoresearch.com.br\/n\/uploads\/2023\/04\/1420x240-Planilha-vida-financeira-true.png\"\n\t\t\t\t>\n\t\t\t<\/picture>\n\t\t<\/a>\n\t<\/p>\n\n\n<p>J\u00e1 no cen\u00e1rio interno, os investidores acompanham o <a class=\"suno-keyword\" href=\"https:\/\/www.suno.com.br\/artigos\/copom\/\" target=\"_blank\" rel=\"noopener\" data-force=\"no\" data-priority=\"2\">Comit\u00ea de Pol\u00edtica Monet\u00e1ria (Copom)<\/a> do Banco Central (BC) que inicia nesta ter\u00e7a-feira (21) a 6\u00aa reuni\u00e3o do ano para definir a taxa <strong>Selic<\/strong>. A expectativa \u00e9 de aumento, seguindo a trajet\u00f3ria dos \u00faltimos quatro encontros.\u00a0<img decoding=\"async\" class=\" lazyloaded\" src=\"https:\/\/agenciabrasil.ebc.com.br\/ebc.png?id=1422174&amp;o=rss\" data-src=\"https:\/\/agenciabrasil.ebc.com.br\/ebc.png?id=1422174&amp;o=rss\" \/><img decoding=\"async\" class=\" lazyloaded\" src=\"https:\/\/agenciabrasil.ebc.com.br\/ebc.gif?id=1422174&amp;o=rss\" data-src=\"https:\/\/agenciabrasil.ebc.com.br\/ebc.gif?id=1422174&amp;o=rss\" \/><\/p>\n<p>Com a alta da infla\u00e7\u00e3o nos \u00faltimos meses, a previs\u00e3o das\u00a0<a class=\"suno-keyword\" href=\"https:\/\/www.suno.com.br\/artigos\/instituicoes-financeiras\/\" target=\"_blank\" rel=\"noopener\" data-force=\"no\" data-priority=\"1\">institui\u00e7\u00f5es financeiras<\/a> \u00e9 de que a Selic deve subir de 5,25% ao ano para 6,25% ao ano nesta reuni\u00e3o. Amanh\u00e3 (22), ao fim do dia, o <strong>Copom<\/strong>\u00a0anunciar\u00e1 sua decis\u00e3o.<\/p>\n\t<p>\n\t\t<a href=\"https:\/\/lp.suno.com.br\/ebook-como-analisar-uma-acao\/\" target=\"_blank\" data-element=\"shortcode-suno-banner\" title=\"Banner SUNO, clique e saiba mais\">\n\t\t\t<picture>\n\t\t\t\t<source media=\"(max-width: 500px)\" srcset=\"https:\/\/files.sunoresearch.com.br\/n\/uploads\/2023\/03\/Ebook-Acoes-Mobile-1.jpg\">\n\t\t\t\t<img class=\"newsContent__article__imgCapa newsContent__article__imgCapa--banner\"\n\t\t\t\t\tsrc=\"https:\/\/files.sunoresearch.com.br\/n\/uploads\/2023\/03\/Ebook-Acoes-Desktop-1.jpg\"\n\t\t\t\t\tdata-promo-id=\"171998\"\t\t\t\t\t\t\t\t\t\twidth='1420' height='286'\t\t\t\t\talt=\"https:\/\/files.sunoresearch.com.br\/n\/uploads\/2023\/03\/Ebook-Acoes-Desktop-1.jpg\"\n\t\t\t\t>\n\t\t\t<\/picture>\n\t\t<\/a>\n\t<\/p>\n\n\n<p>No \u00faltimo\u00a0<em>Boletim Focus<\/em>, pesquisa divulgada toda semana pelo BC, o mercado previu uma expectativa de alta que chega a 8,25% at\u00e9 o final de 2021.\u00a0Os membros do Copom tamb\u00e9m sinalizaram, na ata da \u00faltima reuni\u00e3o, que devem manter a\u00a0<strong>eleva\u00e7\u00e3o da Selic<\/strong>\u00a0no mesmo patamar de 1 ponto percentual.<\/p>\n<p>&#8220;O mercado local tamb\u00e9m deve reagir positivamente com uma poss\u00edvel solu\u00e7\u00e3o para o pagamento dos precat\u00f3rios, que ser\u00e1 discutida na reuni\u00e3o entre Congresso e Governo. De acordo com Arthur Lira, presidente da C\u00e2mara, a solu\u00e7\u00e3o \u00e9 a vota\u00e7\u00e3o de uma PEC que n\u00e3o ir\u00e1 estourar o <a class=\"suno-keyword\" href=\"https:\/\/www.suno.com.br\/artigos\/teto-de-gastos\/\" target=\"_blank\" rel=\"noopener\" data-force=\"no\" data-priority=\"1\">teto de gastos<\/a>, contudo \u00e9 necess\u00e1rio que sobre or\u00e7amento para bancar o Aux\u00edlio Brasil&#8221;, informou o Trader Mesa C\u00e2mbio do Travelex Bank, Yuri Pasini<\/p>\n<h2>\u00daltima cota\u00e7\u00e3o do d\u00f3lar<\/h2>\n<p>Na \u00faltima sess\u00e3o, segunda-feira (21), o <strong>d\u00f3lar<\/strong> fechou em alta de 1,32%, negociado a R$ 5,35.<\/p>\n\t<p>\n\t\t<a href=\"https:\/\/lp.suno.com.br\/planilha-de-controle-de-investimentos\/\" target=\"_blank\" data-element=\"shortcode-suno-banner\" title=\"Banner SUNO, clique e saiba mais\">\n\t\t\t<picture>\n\t\t\t\t<source media=\"(max-width: 500px)\" srcset=\"https:\/\/files.sunoresearch.com.br\/n\/uploads\/2023\/03\/400x300-Controle-de-Investimentos.png\">\n\t\t\t\t<img class=\"newsContent__article__imgCapa newsContent__article__imgCapa--banner\"\n\t\t\t\t\tsrc=\"https:\/\/files.sunoresearch.com.br\/n\/uploads\/2023\/03\/1420x240-Controle-de-Investimentos.png\"\n\t\t\t\t\tdata-promo-id=\"75934\"\t\t\t\t\t\t\t\t\t\twidth='1420' height='240'\t\t\t\t\talt=\"https:\/\/files.sunoresearch.com.br\/n\/uploads\/2023\/03\/1420x240-Controle-de-Investimentos.png\"\n\t\t\t\t>\n\t\t\t<\/picture>\n\t\t<\/a>\n\t<\/p>\n\n\n","protected":false},"excerpt":{"rendered":"<p>O d\u00f3lar permanece em queda na tarde desta ter\u00e7a-feira (21) com o mercado acompanhando o calote que a construtora Evergrande pode dar na China e o in\u00edcio da reuni\u00e3o para definir a taxa b\u00e1sica de juros do Brasil, a Selic. D\u00f3lar &#8211; Foto: Pixabay Por volta das 13h, o d\u00f3lar hoje tinha queda de 0,58%, [&hellip;]<\/p>\n","protected":false},"author":15,"featured_media":137005,"comment_status":"closed","ping_status":"closed","sticky":false,"template":"","format":"standard","meta":[],"categories":[64],"tags":[326,105816],"suno_strategy":[],"class_list":["post-186060","post","type-post","status-publish","format-standard","has-post-thumbnail","hentry","category-negocios","tag-dolar","tag-especialistas"],"yoast_head":"<!-- This site is optimized with the Yoast SEO plugin v24.4 - https:\/\/yoast.com\/wordpress\/plugins\/seo\/ -->\n<title>D\u00f3lar tem queda de 0,5%, negociado abaixo dos R$ 5,30<\/title>\n<meta name=\"description\" content=\"Por volta das 13h02, nesta ter\u00e7a-feira (21), o d\u00f3lar hoje tinha queda de 0,58%, sendo negociado a R$ 5,29. Clique aqui e saiba mais\" \/>\n<meta name=\"robots\" content=\"index, follow, max-snippet:-1, max-image-preview:large, max-video-preview:-1\" \/>\n<link rel=\"canonical\" href=\"https:\/\/www.suno.com.br\/noticias\/dolar-tarde-21092021\/\" \/>\n<meta property=\"og:locale\" content=\"pt_BR\" \/>\n<meta property=\"og:type\" content=\"article\" \/>\n<meta property=\"og:title\" content=\"D\u00f3lar tem queda de 0,5%, negociado abaixo dos R$ 5,30\" \/>\n<meta property=\"og:description\" content=\"Por volta das 13h02, nesta ter\u00e7a-feira (21), o d\u00f3lar hoje tinha queda de 0,58%, sendo negociado a R$ 5,29. Clique aqui e saiba mais\" \/>\n<meta property=\"og:url\" content=\"https:\/\/www.suno.com.br\/noticias\/dolar-tarde-21092021\/\" \/>\n<meta property=\"og:site_name\" content=\"Suno Not\u00edcias\" \/>\n<meta property=\"article:publisher\" content=\"https:\/\/facebook.com\/sunoresearch\" \/>\n<meta property=\"og:image\" content=\"https:\/\/files.sunoresearch.com.br\/n\/uploads\/2021\/04\/e5e794c1-dollar-4418320_1280.jpg\" \/>\n\t<meta property=\"og:image:width\" content=\"1280\" \/>\n\t<meta property=\"og:image:height\" content=\"701\" \/>\n\t<meta property=\"og:image:type\" content=\"image\/jpeg\" \/>\n<meta name=\"author\" content=\"Poliana Santos\" \/>\n<meta name=\"twitter:card\" content=\"summary_large_image\" \/>\n<meta name=\"twitter:creator\" content=\"@sunoresearch\" \/>\n<meta name=\"twitter:site\" content=\"@sunoresearch\" \/>\n<meta name=\"twitter:label1\" content=\"Escrito por\" \/>\n\t<meta name=\"twitter:data1\" content=\"Poliana Santos\" \/>\n\t<meta name=\"twitter:label2\" content=\"Est. tempo de leitura\" \/>\n\t<meta name=\"twitter:data2\" content=\"2 minutos\" \/>\n<script type=\"application\/ld+json\" class=\"yoast-schema-graph\">{\"@context\":\"https:\/\/schema.org\",\"@graph\":[{\"@type\":\"NewsArticle\",\"@id\":\"https:\/\/www.suno.com.br\/noticias\/dolar-tarde-21092021\/#article\",\"isPartOf\":{\"@id\":\"https:\/\/www.suno.com.br\/noticias\/dolar-tarde-21092021\/\"},\"author\":{\"name\":\"Poliana Santos\",\"@id\":\"https:\/\/www.suno.com.br\/noticias\/#\/schema\/person\/02ec1f752758247878a2bf4abee1aeda\"},\"headline\":\"D\u00f3lar tem queda de 0,5%, negociado abaixo dos R$ 5,30\",\"datePublished\":\"2021-09-21T16:03:50+00:00\",\"mainEntityOfPage\":{\"@id\":\"https:\/\/www.suno.com.br\/noticias\/dolar-tarde-21092021\/\"},\"wordCount\":396,\"publisher\":{\"@id\":\"https:\/\/www.suno.com.br\/noticias\/#organization\"},\"image\":{\"@id\":\"https:\/\/www.suno.com.br\/noticias\/dolar-tarde-21092021\/#primaryimage\"},\"thumbnailUrl\":\"https:\/\/files.sunoresearch.com.br\/n\/uploads\/2021\/04\/e5e794c1-dollar-4418320_1280-jpg.webp\",\"keywords\":[\"d\u00f3lar\",\"Especialistas\"],\"articleSection\":[\"Neg\u00f3cios\"],\"inLanguage\":\"pt-BR\"},{\"@type\":\"WebPage\",\"@id\":\"https:\/\/www.suno.com.br\/noticias\/dolar-tarde-21092021\/\",\"url\":\"https:\/\/www.suno.com.br\/noticias\/dolar-tarde-21092021\/\",\"name\":\"D\u00f3lar tem queda de 0,5%, negociado abaixo dos R$ 5,30\",\"isPartOf\":{\"@id\":\"https:\/\/www.suno.com.br\/noticias\/#website\"},\"primaryImageOfPage\":{\"@id\":\"https:\/\/www.suno.com.br\/noticias\/dolar-tarde-21092021\/#primaryimage\"},\"image\":{\"@id\":\"https:\/\/www.suno.com.br\/noticias\/dolar-tarde-21092021\/#primaryimage\"},\"thumbnailUrl\":\"https:\/\/files.sunoresearch.com.br\/n\/uploads\/2021\/04\/e5e794c1-dollar-4418320_1280-jpg.webp\",\"datePublished\":\"2021-09-21T16:03:50+00:00\",\"description\":\"Por volta das 13h02, nesta ter\u00e7a-feira (21), o d\u00f3lar hoje tinha queda de 0,58%, sendo negociado a R$ 5,29. Clique aqui e saiba mais\",\"breadcrumb\":{\"@id\":\"https:\/\/www.suno.com.br\/noticias\/dolar-tarde-21092021\/#breadcrumb\"},\"inLanguage\":\"pt-BR\",\"potentialAction\":[{\"@type\":\"ReadAction\",\"target\":[\"https:\/\/www.suno.com.br\/noticias\/dolar-tarde-21092021\/\"]}]},{\"@type\":\"ImageObject\",\"inLanguage\":\"pt-BR\",\"@id\":\"https:\/\/www.suno.com.br\/noticias\/dolar-tarde-21092021\/#primaryimage\",\"url\":\"https:\/\/files.sunoresearch.com.br\/n\/uploads\/2021\/04\/e5e794c1-dollar-4418320_1280-jpg.webp\",\"contentUrl\":\"https:\/\/files.sunoresearch.com.br\/n\/uploads\/2021\/04\/e5e794c1-dollar-4418320_1280-jpg.webp\",\"width\":1280,\"height\":701,\"caption\":\"D\u00f3lar - Foto: Pixabay\"},{\"@type\":\"BreadcrumbList\",\"@id\":\"https:\/\/www.suno.com.br\/noticias\/dolar-tarde-21092021\/#breadcrumb\",\"itemListElement\":[{\"@type\":\"ListItem\",\"position\":1,\"name\":\"Not\u00edcias\",\"item\":\"https:\/\/www.suno.com.br\/noticias\/\"},{\"@type\":\"ListItem\",\"position\":2,\"name\":\"Neg\u00f3cios\",\"item\":\"https:\/\/www.suno.com.br\/noticias\/negocios\/\"},{\"@type\":\"ListItem\",\"position\":3,\"name\":\"D\u00f3lar tem queda de 0,5%, negociado abaixo dos R$ 5,30\"}]},{\"@type\":\"WebSite\",\"@id\":\"https:\/\/www.suno.com.br\/noticias\/#website\",\"url\":\"https:\/\/www.suno.com.br\/noticias\/\",\"name\":\"Suno Not\u00edcias\",\"description\":\"Seu portal de informa\u00e7\u00e3o sobre o mundo dos investimentos\",\"publisher\":{\"@id\":\"https:\/\/www.suno.com.br\/noticias\/#organization\"},\"potentialAction\":[{\"@type\":\"SearchAction\",\"target\":{\"@type\":\"EntryPoint\",\"urlTemplate\":\"https:\/\/www.suno.com.br\/noticias\/?s={search_term_string}\"},\"query-input\":{\"@type\":\"PropertyValueSpecification\",\"valueRequired\":true,\"valueName\":\"search_term_string\"}}],\"inLanguage\":\"pt-BR\"},{\"@type\":\"Organization\",\"@id\":\"https:\/\/www.suno.com.br\/noticias\/#organization\",\"name\":\"Suno Not\u00edcias\",\"url\":\"https:\/\/www.suno.com.br\/noticias\/\",\"logo\":{\"@type\":\"ImageObject\",\"inLanguage\":\"pt-BR\",\"@id\":\"https:\/\/www.suno.com.br\/noticias\/#\/schema\/logo\/image\/\",\"url\":\"https:\/\/files.sunoresearch.com.br\/n\/uploads\/2021\/09\/suno-logo.png\",\"contentUrl\":\"https:\/\/files.sunoresearch.com.br\/n\/uploads\/2021\/09\/suno-logo.png\",\"width\":180,\"height\":180,\"caption\":\"Suno Not\u00edcias\"},\"image\":{\"@id\":\"https:\/\/www.suno.com.br\/noticias\/#\/schema\/logo\/image\/\"},\"sameAs\":[\"https:\/\/facebook.com\/sunoresearch\",\"https:\/\/x.com\/sunoresearch\",\"https:\/\/www.instagram.com\/suno\",\"https:\/\/www.linkedin.com\/company\/suno-research\/\",\"https:\/\/www.youtube.com\/c\/sunoresearch\"]},{\"@type\":\"Person\",\"@id\":\"https:\/\/www.suno.com.br\/noticias\/#\/schema\/person\/02ec1f752758247878a2bf4abee1aeda\",\"name\":\"Poliana Santos\",\"image\":{\"@type\":\"ImageObject\",\"inLanguage\":\"pt-BR\",\"@id\":\"https:\/\/www.suno.com.br\/noticias\/#\/schema\/person\/image\/\",\"url\":\"https:\/\/secure.gravatar.com\/avatar\/0645bd32f23d87b2130f2b2dff1d3f8d?s=96&r=g\",\"contentUrl\":\"https:\/\/secure.gravatar.com\/avatar\/0645bd32f23d87b2130f2b2dff1d3f8d?s=96&r=g\",\"caption\":\"Poliana Santos\"},\"description\":\"Rep\u00f3rter no Suno Not\u00edcias, com cobertura em mercado financeiro, economia, finan\u00e7as pessoais, renda fixa e varejo. Jornalista formada pela Faculdade C\u00e1sper L\u00edbero e possui passagem na R\u00e1dio Gazeta AM com a produ\u00e7\u00e3o de conte\u00fado sobre economia, pol\u00edtica, sa\u00fade, moda e m\u00fasica. Possui certificado de conclus\u00e3o do curso de An\u00e1lise de Balan\u00e7os pela Funda\u00e7\u00e3o Bradesco, Agenda Brasil pela FAAP, Educa\u00e7\u00e3o Pol\u00edtica por Alexandre Garcia e do Tesouro Direto e Mercado de A\u00e7\u00f5es pela B3.\",\"url\":\"https:\/\/www.suno.com.br\/noticias\/author\/poliana-santos\/\"}]}<\/script>\n<!-- \/ Yoast SEO plugin. -->","yoast_head_json":{"title":"D\u00f3lar tem queda de 0,5%, negociado abaixo dos R$ 5,30","description":"Por volta das 13h02, nesta ter\u00e7a-feira (21), o d\u00f3lar hoje tinha queda de 0,58%, sendo negociado a R$ 5,29. Clique aqui e saiba mais","robots":{"index":"index","follow":"follow","max-snippet":"max-snippet:-1","max-image-preview":"max-image-preview:large","max-video-preview":"max-video-preview:-1"},"canonical":"https:\/\/www.suno.com.br\/noticias\/dolar-tarde-21092021\/","og_locale":"pt_BR","og_type":"article","og_title":"D\u00f3lar tem queda de 0,5%, negociado abaixo dos R$ 5,30","og_description":"Por volta das 13h02, nesta ter\u00e7a-feira (21), o d\u00f3lar hoje tinha queda de 0,58%, sendo negociado a R$ 5,29. Clique aqui e saiba mais","og_url":"https:\/\/www.suno.com.br\/noticias\/dolar-tarde-21092021\/","og_site_name":"Suno Not\u00edcias","article_publisher":"https:\/\/facebook.com\/sunoresearch","og_image":[{"width":1280,"height":701,"url":"https:\/\/files.sunoresearch.com.br\/n\/uploads\/2021\/04\/e5e794c1-dollar-4418320_1280.jpg","type":"image\/jpeg"}],"author":"Poliana Santos","twitter_card":"summary_large_image","twitter_creator":"@sunoresearch","twitter_site":"@sunoresearch","twitter_misc":{"Escrito por":"Poliana Santos","Est. tempo de leitura":"2 minutos"},"schema":{"@context":"https:\/\/schema.org","@graph":[{"@type":"NewsArticle","@id":"https:\/\/www.suno.com.br\/noticias\/dolar-tarde-21092021\/#article","isPartOf":{"@id":"https:\/\/www.suno.com.br\/noticias\/dolar-tarde-21092021\/"},"author":{"name":"Poliana Santos","@id":"https:\/\/www.suno.com.br\/noticias\/#\/schema\/person\/02ec1f752758247878a2bf4abee1aeda"},"headline":"D\u00f3lar tem queda de 0,5%, negociado abaixo dos R$ 5,30","datePublished":"2021-09-21T16:03:50+00:00","mainEntityOfPage":{"@id":"https:\/\/www.suno.com.br\/noticias\/dolar-tarde-21092021\/"},"wordCount":396,"publisher":{"@id":"https:\/\/www.suno.com.br\/noticias\/#organization"},"image":{"@id":"https:\/\/www.suno.com.br\/noticias\/dolar-tarde-21092021\/#primaryimage"},"thumbnailUrl":"https:\/\/files.sunoresearch.com.br\/n\/uploads\/2021\/04\/e5e794c1-dollar-4418320_1280-jpg.webp","keywords":["d\u00f3lar","Especialistas"],"articleSection":["Neg\u00f3cios"],"inLanguage":"pt-BR"},{"@type":"WebPage","@id":"https:\/\/www.suno.com.br\/noticias\/dolar-tarde-21092021\/","url":"https:\/\/www.suno.com.br\/noticias\/dolar-tarde-21092021\/","name":"D\u00f3lar tem queda de 0,5%, negociado abaixo dos R$ 5,30","isPartOf":{"@id":"https:\/\/www.suno.com.br\/noticias\/#website"},"primaryImageOfPage":{"@id":"https:\/\/www.suno.com.br\/noticias\/dolar-tarde-21092021\/#primaryimage"},"image":{"@id":"https:\/\/www.suno.com.br\/noticias\/dolar-tarde-21092021\/#primaryimage"},"thumbnailUrl":"https:\/\/files.sunoresearch.com.br\/n\/uploads\/2021\/04\/e5e794c1-dollar-4418320_1280-jpg.webp","datePublished":"2021-09-21T16:03:50+00:00","description":"Por volta das 13h02, nesta ter\u00e7a-feira (21), o d\u00f3lar hoje tinha queda de 0,58%, sendo negociado a R$ 5,29. Clique aqui e saiba mais","breadcrumb":{"@id":"https:\/\/www.suno.com.br\/noticias\/dolar-tarde-21092021\/#breadcrumb"},"inLanguage":"pt-BR","potentialAction":[{"@type":"ReadAction","target":["https:\/\/www.suno.com.br\/noticias\/dolar-tarde-21092021\/"]}]},{"@type":"ImageObject","inLanguage":"pt-BR","@id":"https:\/\/www.suno.com.br\/noticias\/dolar-tarde-21092021\/#primaryimage","url":"https:\/\/files.sunoresearch.com.br\/n\/uploads\/2021\/04\/e5e794c1-dollar-4418320_1280-jpg.webp","contentUrl":"https:\/\/files.sunoresearch.com.br\/n\/uploads\/2021\/04\/e5e794c1-dollar-4418320_1280-jpg.webp","width":1280,"height":701,"caption":"D\u00f3lar - Foto: Pixabay"},{"@type":"BreadcrumbList","@id":"https:\/\/www.suno.com.br\/noticias\/dolar-tarde-21092021\/#breadcrumb","itemListElement":[{"@type":"ListItem","position":1,"name":"Not\u00edcias","item":"https:\/\/www.suno.com.br\/noticias\/"},{"@type":"ListItem","position":2,"name":"Neg\u00f3cios","item":"https:\/\/www.suno.com.br\/noticias\/negocios\/"},{"@type":"ListItem","position":3,"name":"D\u00f3lar tem queda de 0,5%, negociado abaixo dos R$ 5,30"}]},{"@type":"WebSite","@id":"https:\/\/www.suno.com.br\/noticias\/#website","url":"https:\/\/www.suno.com.br\/noticias\/","name":"Suno Not\u00edcias","description":"Seu portal de informa\u00e7\u00e3o sobre o mundo dos investimentos","publisher":{"@id":"https:\/\/www.suno.com.br\/noticias\/#organization"},"potentialAction":[{"@type":"SearchAction","target":{"@type":"EntryPoint","urlTemplate":"https:\/\/www.suno.com.br\/noticias\/?s={search_term_string}"},"query-input":{"@type":"PropertyValueSpecification","valueRequired":true,"valueName":"search_term_string"}}],"inLanguage":"pt-BR"},{"@type":"Organization","@id":"https:\/\/www.suno.com.br\/noticias\/#organization","name":"Suno Not\u00edcias","url":"https:\/\/www.suno.com.br\/noticias\/","logo":{"@type":"ImageObject","inLanguage":"pt-BR","@id":"https:\/\/www.suno.com.br\/noticias\/#\/schema\/logo\/image\/","url":"https:\/\/files.sunoresearch.com.br\/n\/uploads\/2021\/09\/suno-logo.png","contentUrl":"https:\/\/files.sunoresearch.com.br\/n\/uploads\/2021\/09\/suno-logo.png","width":180,"height":180,"caption":"Suno Not\u00edcias"},"image":{"@id":"https:\/\/www.suno.com.br\/noticias\/#\/schema\/logo\/image\/"},"sameAs":["https:\/\/facebook.com\/sunoresearch","https:\/\/x.com\/sunoresearch","https:\/\/www.instagram.com\/suno","https:\/\/www.linkedin.com\/company\/suno-research\/","https:\/\/www.youtube.com\/c\/sunoresearch"]},{"@type":"Person","@id":"https:\/\/www.suno.com.br\/noticias\/#\/schema\/person\/02ec1f752758247878a2bf4abee1aeda","name":"Poliana Santos","image":{"@type":"ImageObject","inLanguage":"pt-BR","@id":"https:\/\/www.suno.com.br\/noticias\/#\/schema\/person\/image\/","url":"https:\/\/secure.gravatar.com\/avatar\/0645bd32f23d87b2130f2b2dff1d3f8d?s=96&r=g","contentUrl":"https:\/\/secure.gravatar.com\/avatar\/0645bd32f23d87b2130f2b2dff1d3f8d?s=96&r=g","caption":"Poliana Santos"},"description":"Rep\u00f3rter no Suno Not\u00edcias, com cobertura em mercado financeiro, economia, finan\u00e7as pessoais, renda fixa e varejo. Jornalista formada pela Faculdade C\u00e1sper L\u00edbero e possui passagem na R\u00e1dio Gazeta AM com a produ\u00e7\u00e3o de conte\u00fado sobre economia, pol\u00edtica, sa\u00fade, moda e m\u00fasica. Possui certificado de conclus\u00e3o do curso de An\u00e1lise de Balan\u00e7os pela Funda\u00e7\u00e3o Bradesco, Agenda Brasil pela FAAP, Educa\u00e7\u00e3o Pol\u00edtica por Alexandre Garcia e do Tesouro Direto e Mercado de A\u00e7\u00f5es pela B3.","url":"https:\/\/www.suno.com.br\/noticias\/author\/poliana-santos\/"}]}},"default_loop_html":"<div class=\"cardsPage__listCard__boxs\"><div class=\"cardsPage__listCard__boxs__img\"><a href=\"https:\/\/www.suno.com.br\/noticias\/dolar-tarde-21092021\/\"><img class=\"mask\" src=\"https:\/\/www.suno.com.br\/noticias\/wp-content\/themes\/suno\/resources\/images\/spotlight\/spotlight1img\/bg-mask.png\" alt=\"Image Mask\"\/><img src=\"https:\/\/files.sunoresearch.com.br\/n\/uploads\/2021\/04\/e5e794c1-dollar-4418320_1280-400x200.webp\" alt=\"D\u00f3lar tem queda de 0,5%, negociado abaixo dos R$ 5,30\"\/><\/a><span class=\"spotlightCategory\"><a href=\"https:\/\/www.suno.com.br\/noticias\/negocios\/\">Neg\u00f3cios<\/a><\/span><\/div><div class=\"cardsPage__listCard__boxs__content\"><a href=\"https:\/\/www.suno.com.br\/noticias\/dolar-tarde-21092021\/\"><h2 class=\"content__title\">D\u00f3lar tem queda de 0,5%, negociado abaixo dos R$ 5,30<\/h2><\/a><div class=\"newsContent__article__meta\"><div class=\"newsContent__article__meta__authorBox\"><a href=\"https:\/\/www.suno.com.br\/noticias\/author\/poliana-santos\/\" class=\"authorBox__avatar noMobi\"><img src=\"https:\/\/files.sunoresearch.com.br\/n\/uploads\/2020\/08\/7ef34026-whatsapp-image-2020-08-03-at-12.37.57-150x150.webp\" alt=\"Poliana Santos\"><\/a><div class=\"authorBox__name\"><span>por\n\t\t\t<a href=\"https:\/\/www.suno.com.br\/noticias\/author\/poliana-santos\/\"><span itemprop=\"author\">Poliana Santos<\/span><\/a><\/span><time datetime=\"2021-09-21T13:03:50-03:00\" itemprop=\"datePublished\">21\/09\/2021 13:03<\/time><\/div><\/div><\/div><\/div><\/div>","single_layout":"posts","amp_enabled":true,"_links":{"self":[{"href":"https:\/\/www.suno.com.br\/noticias\/wp-json\/wp\/v2\/posts\/186060"}],"collection":[{"href":"https:\/\/www.suno.com.br\/noticias\/wp-json\/wp\/v2\/posts"}],"about":[{"href":"https:\/\/www.suno.com.br\/noticias\/wp-json\/wp\/v2\/types\/post"}],"author":[{"embeddable":true,"href":"https:\/\/www.suno.com.br\/noticias\/wp-json\/wp\/v2\/users\/15"}],"replies":[{"embeddable":true,"href":"https:\/\/www.suno.com.br\/noticias\/wp-json\/wp\/v2\/comments?post=186060"}],"version-history":[{"count":1,"href":"https:\/\/www.suno.com.br\/noticias\/wp-json\/wp\/v2\/posts\/186060\/revisions"}],"predecessor-version":[{"id":186091,"href":"https:\/\/www.suno.com.br\/noticias\/wp-json\/wp\/v2\/posts\/186060\/revisions\/186091"}],"wp:featuredmedia":[{"embeddable":true,"href":"https:\/\/www.suno.com.br\/noticias\/wp-json\/wp\/v2\/media\/137005"}],"wp:attachment":[{"href":"https:\/\/www.suno.com.br\/noticias\/wp-json\/wp\/v2\/media?parent=186060"}],"wp:term":[{"taxonomy":"category","embeddable":true,"href":"https:\/\/www.suno.com.br\/noticias\/wp-json\/wp\/v2\/categories?post=186060"},{"taxonomy":"post_tag","embeddable":true,"href":"https:\/\/www.suno.com.br\/noticias\/wp-json\/wp\/v2\/tags?post=186060"},{"taxonomy":"suno_strategy","embeddable":true,"href":"https:\/\/www.suno.com.br\/noticias\/wp-json\/wp\/v2\/suno_strategy?post=186060"}],"curies":[{"name":"wp","href":"https:\/\/api.w.org\/{rel}","templated":true}]}}