{"id":18593,"date":"2019-03-21T09:20:54","date_gmt":"2019-03-21T12:20:54","guid":{"rendered":"https:\/\/www.suno.com.br\/noticias\/?p=18593"},"modified":"2019-03-21T09:20:54","modified_gmt":"2019-03-21T12:20:54","slug":"dolar-21032019","status":"publish","type":"post","link":"https:\/\/www.suno.com.br\/noticias\/dolar-21032019\/","title":{"rendered":"D\u00f3lar inicia o dia em forte alta; Reforma para militares desaponta mercado"},"content":{"rendered":"<p>O d\u00f3lar iniciou a manh\u00e3 da quinta-feira (21) com forte alta.<\/p>\t<div class=\"wrapper-featured-image\">\n\t\t<figure class=\"spotlightImg\">\n\n\t\t\t<picture>\n\t\t\t\t<source media=\"(max-width: 768px)\" srcset=\"https:\/\/files.sunoresearch.com.br\/n\/uploads\/2018\/12\/c8203b34-d\u00f3lar-400x200.webp\">\n\t\t\t\t<img loading=\"lazy\" decoding=\"async\" class=\"newsContent__article__imgCapa lazyloadDisabled newsContent__article__imgCapa--noCaption\" src=\"https:\/\/files.sunoresearch.com.br\/n\/uploads\/2018\/12\/c8203b34-d\u00f3lar-800x450.webp\" width=\"800\" height=\"450\" alt=\"D\u00f3lar inicia o dia em forte alta; Reforma para militares desaponta mercado\" fetchpriority=high \/>\n\t\t\t<\/picture>\n\n\t\t\t<figcaption class=\"wp-caption-text wp-caption-text--hide\">D\u00f3lar fecha em queda de 1,691\u00a0% na maior queda desde o in\u00edcio de 2019<\/figcaption>\n\t\t<\/figure>\n\t<\/div>\n\n\n<p>A alta da <strong>moeda norte-americana<\/strong> ainda \u00e9 reflexo da \u00faltima sess\u00e3o. Com a reforma dos militares desapontando o mercado, o <strong>d\u00f3lar<\/strong> registra um crescimento de 0,789% sendo negociado a R$\u00a03,7958.<\/p>\n<p>Outras moedas:<\/p>\n<ul>\n<li><strong>Euro<\/strong>: alta de 0,339% (R$ 4,3249);<\/li>\n<li><strong>Libra<\/strong>: queda de -0,1% (R$ 4,9759)<\/li>\n<\/ul>\n<p>Assuntos que v\u00e3o movimentar o d\u00f3lar nesta quinta-feira (21):<\/p>\n<ul>\n<li><strong>Discurso do Federal Reserve;<\/strong><\/li>\n<li><strong>Reforma da Previd\u00eancia para militares.<\/strong><\/li>\n<\/ul>\n<h2>Discurso do Federal Reserve<\/h2>\n<p>Em rela\u00e7\u00e3o ao <strong>Federal Reserve<\/strong> (Fed, banco central americano), o mercado j\u00e1 esperava um tom mais pac\u00edfico e a fala de manter a &#8220;paci\u00eancia&#8221; com o cen\u00e1rio econ\u00f4mico.<\/p>\n<p><a href=\"https:\/\/www.suno.com.br\/noticias\/federal-reserve-mantem-juros-inalterados\/\">Saiba mais:\u00a0Federal Reserve mant\u00e9m juros inalterados<\/a><\/p>\n<p>E ap\u00f3s uma reuni\u00e3o de dois dias, o banco manteve a<strong> faixa de juros<\/strong> dos Estados Unidos entre 2,25% e 2,50%. Al\u00e9m disso, os membros do <strong>Fed<\/strong> mudaram suas perspectivas para 2019. Os dois aumentos que eram previstos em dezembro, foram retirados.<\/p>\n<p>O banco central ainda alertou que &#8220;o crescimento da atividade econ\u00f4mica desacelerou de sua <strong>taxa s\u00f3lida<\/strong> no quarto trimestre&#8221;.<\/p>\n<h2>Reforma da Previd\u00eancia para militares<\/h2>\n<p>A <strong>reforma previdenci\u00e1ria para militares<\/strong> foi o principal motivo para a queda do <strong>Ibovespa<\/strong> e tamb\u00e9m para frear a queda da moeda norte-americana na \u00faltima sess\u00e3o. Aguardada pelo mercado, a proposta n\u00e3o foi agrad\u00e1vel aos olhos dos <strong>investidores<\/strong>.<\/p>\n<p>Isso porque o texto prop\u00f5e uma <strong>economia<\/strong> de R$ 10,45 bilh\u00f5es em 10 anos. A reforma ainda eleva o tempo de servi\u00e7o e tamb\u00e9m a contribui\u00e7\u00e3o da categoria.<\/p>\n<p><a href=\"https:\/\/www.suno.com.br\/noticias\/reforma-da-previdencia-militares\/\">Saiba mais:\u00a0Reforma da Previd\u00eancia dos militares: veja todos os detalhes<\/a><\/p>\n<p><a href=\"https:\/\/www.suno.com.br\/noticias\/reforma-pms-bombeiros-estados\/\">Saiba mais:\u00a0Reforma para PMs e bombeiros prev\u00ea economia de R$ 52 bi aos estados<\/a><\/p>\n<p>A economia prevista com as mudan\u00e7as \u00e9 de R$ 97,3 bilh\u00f5es. Em contrapartida, a reestrutura\u00e7\u00e3o da careira nas <strong>For\u00e7as Armadas<\/strong> custar\u00e1 R$ 86,85 bilh\u00f5es, fazendo com que o saldo fique em R$ 10,45 bilh\u00f5es em 10 anos.<\/p>\n<h2>\u00daltima cota\u00e7\u00e3o<\/h2>\n<p>Na \u00faltima quarta-feira (20), o <strong>d\u00f3lar<\/strong> registrou uma queda de 0,61%, sendo cotado em R$ 3,7661.<\/p>\n","protected":false},"excerpt":{"rendered":"<p>O d\u00f3lar iniciou a manh\u00e3 da quinta-feira (21) com forte alta. D\u00f3lar fecha em queda de 1,691\u00a0% na maior queda desde o in\u00edcio de 2019 A alta da moeda norte-americana ainda \u00e9 reflexo da \u00faltima sess\u00e3o. Com a reforma dos militares desapontando o mercado, o d\u00f3lar registra um crescimento de 0,789% sendo negociado a R$\u00a03,7958. [&hellip;]<\/p>\n","protected":false},"author":11,"featured_media":8629,"comment_status":"closed","ping_status":"closed","sticky":false,"template":"","format":"standard","meta":[],"categories":[60],"tags":[326],"suno_strategy":[],"class_list":["post-18593","post","type-post","status-publish","format-standard","has-post-thumbnail","hentry","category-mercado","tag-dolar"],"yoast_head":"<!-- This site is optimized with the Yoast SEO plugin v24.4 - https:\/\/yoast.com\/wordpress\/plugins\/seo\/ -->\n<title>D\u00f3lar inicia o dia em forte alta; Reforma para militares desaponta mercado<\/title>\n<meta name=\"description\" content=\"D\u00f3lar inicia sess\u00e3o em alta ap\u00f3s apresenta\u00e7\u00e3o da refoma da Previd\u00eancia para militares; Moeda recuou na \u00faltima sess\u00e3o. Clique e saiba mais.\" \/>\n<meta name=\"robots\" content=\"index, follow, max-snippet:-1, max-image-preview:large, max-video-preview:-1\" \/>\n<link rel=\"canonical\" href=\"https:\/\/www.suno.com.br\/noticias\/dolar-21032019\/\" \/>\n<meta property=\"og:locale\" content=\"pt_BR\" \/>\n<meta property=\"og:type\" content=\"article\" \/>\n<meta property=\"og:title\" content=\"D\u00f3lar inicia o dia em forte alta; Reforma para militares desaponta mercado\" \/>\n<meta property=\"og:description\" content=\"D\u00f3lar inicia sess\u00e3o em alta ap\u00f3s apresenta\u00e7\u00e3o da refoma da Previd\u00eancia para militares; Moeda recuou na \u00faltima sess\u00e3o. Clique e saiba mais.\" \/>\n<meta property=\"og:url\" content=\"https:\/\/www.suno.com.br\/noticias\/dolar-21032019\/\" \/>\n<meta property=\"og:site_name\" content=\"Suno Not\u00edcias\" \/>\n<meta property=\"article:publisher\" content=\"https:\/\/facebook.com\/sunoresearch\" \/>\n<meta property=\"og:image\" content=\"https:\/\/files.sunoresearch.com.br\/n\/uploads\/2018\/12\/c8203b34-d\u00f3lar.jpg\" \/>\n\t<meta property=\"og:image:width\" content=\"1140\" \/>\n\t<meta property=\"og:image:height\" content=\"760\" \/>\n\t<meta property=\"og:image:type\" content=\"image\/jpeg\" \/>\n<meta name=\"author\" content=\"Renan Bandeira\" \/>\n<meta name=\"twitter:card\" content=\"summary_large_image\" \/>\n<meta name=\"twitter:creator\" content=\"@sunoresearch\" \/>\n<meta name=\"twitter:site\" content=\"@sunoresearch\" \/>\n<meta name=\"twitter:label1\" content=\"Escrito por\" \/>\n\t<meta name=\"twitter:data1\" content=\"Renan Bandeira\" \/>\n\t<meta name=\"twitter:label2\" content=\"Est. tempo de leitura\" \/>\n\t<meta name=\"twitter:data2\" content=\"2 minutos\" \/>\n<script type=\"application\/ld+json\" class=\"yoast-schema-graph\">{\"@context\":\"https:\/\/schema.org\",\"@graph\":[{\"@type\":\"NewsArticle\",\"@id\":\"https:\/\/www.suno.com.br\/noticias\/dolar-21032019\/#article\",\"isPartOf\":{\"@id\":\"https:\/\/www.suno.com.br\/noticias\/dolar-21032019\/\"},\"author\":{\"name\":\"Renan Bandeira\",\"@id\":\"https:\/\/www.suno.com.br\/noticias\/#\/schema\/person\/fc144a1c6108bd1dcd43784e88a3c138\"},\"headline\":\"D\u00f3lar inicia o dia em forte alta; Reforma para militares desaponta mercado\",\"datePublished\":\"2019-03-21T12:20:54+00:00\",\"mainEntityOfPage\":{\"@id\":\"https:\/\/www.suno.com.br\/noticias\/dolar-21032019\/\"},\"wordCount\":354,\"publisher\":{\"@id\":\"https:\/\/www.suno.com.br\/noticias\/#organization\"},\"image\":{\"@id\":\"https:\/\/www.suno.com.br\/noticias\/dolar-21032019\/#primaryimage\"},\"thumbnailUrl\":\"https:\/\/files.sunoresearch.com.br\/n\/uploads\/2018\/12\/c8203b34-d\u00f3lar-jpg.webp\",\"keywords\":[\"d\u00f3lar\"],\"articleSection\":[\"Mercado\"],\"inLanguage\":\"pt-BR\"},{\"@type\":\"WebPage\",\"@id\":\"https:\/\/www.suno.com.br\/noticias\/dolar-21032019\/\",\"url\":\"https:\/\/www.suno.com.br\/noticias\/dolar-21032019\/\",\"name\":\"D\u00f3lar inicia o dia em forte alta; Reforma para militares desaponta mercado\",\"isPartOf\":{\"@id\":\"https:\/\/www.suno.com.br\/noticias\/#website\"},\"primaryImageOfPage\":{\"@id\":\"https:\/\/www.suno.com.br\/noticias\/dolar-21032019\/#primaryimage\"},\"image\":{\"@id\":\"https:\/\/www.suno.com.br\/noticias\/dolar-21032019\/#primaryimage\"},\"thumbnailUrl\":\"https:\/\/files.sunoresearch.com.br\/n\/uploads\/2018\/12\/c8203b34-d\u00f3lar-jpg.webp\",\"datePublished\":\"2019-03-21T12:20:54+00:00\",\"description\":\"D\u00f3lar inicia sess\u00e3o em alta ap\u00f3s apresenta\u00e7\u00e3o da refoma da Previd\u00eancia para militares; Moeda recuou na \u00faltima sess\u00e3o. Clique e saiba mais.\",\"breadcrumb\":{\"@id\":\"https:\/\/www.suno.com.br\/noticias\/dolar-21032019\/#breadcrumb\"},\"inLanguage\":\"pt-BR\",\"potentialAction\":[{\"@type\":\"ReadAction\",\"target\":[\"https:\/\/www.suno.com.br\/noticias\/dolar-21032019\/\"]}]},{\"@type\":\"ImageObject\",\"inLanguage\":\"pt-BR\",\"@id\":\"https:\/\/www.suno.com.br\/noticias\/dolar-21032019\/#primaryimage\",\"url\":\"https:\/\/files.sunoresearch.com.br\/n\/uploads\/2018\/12\/c8203b34-d\u00f3lar-jpg.webp\",\"contentUrl\":\"https:\/\/files.sunoresearch.com.br\/n\/uploads\/2018\/12\/c8203b34-d\u00f3lar-jpg.webp\",\"width\":1140,\"height\":760,\"caption\":\"D\u00f3lar fecha em queda de 1,691\u00a0% na maior queda desde o in\u00edcio de 2019\"},{\"@type\":\"BreadcrumbList\",\"@id\":\"https:\/\/www.suno.com.br\/noticias\/dolar-21032019\/#breadcrumb\",\"itemListElement\":[{\"@type\":\"ListItem\",\"position\":1,\"name\":\"Not\u00edcias\",\"item\":\"https:\/\/www.suno.com.br\/noticias\/\"},{\"@type\":\"ListItem\",\"position\":2,\"name\":\"Mercado\",\"item\":\"https:\/\/www.suno.com.br\/noticias\/mercado\/\"},{\"@type\":\"ListItem\",\"position\":3,\"name\":\"D\u00f3lar inicia o dia em forte alta; Reforma para militares desaponta mercado\"}]},{\"@type\":\"WebSite\",\"@id\":\"https:\/\/www.suno.com.br\/noticias\/#website\",\"url\":\"https:\/\/www.suno.com.br\/noticias\/\",\"name\":\"Suno Not\u00edcias\",\"description\":\"Seu portal de informa\u00e7\u00e3o sobre o mundo dos investimentos\",\"publisher\":{\"@id\":\"https:\/\/www.suno.com.br\/noticias\/#organization\"},\"potentialAction\":[{\"@type\":\"SearchAction\",\"target\":{\"@type\":\"EntryPoint\",\"urlTemplate\":\"https:\/\/www.suno.com.br\/noticias\/?s={search_term_string}\"},\"query-input\":{\"@type\":\"PropertyValueSpecification\",\"valueRequired\":true,\"valueName\":\"search_term_string\"}}],\"inLanguage\":\"pt-BR\"},{\"@type\":\"Organization\",\"@id\":\"https:\/\/www.suno.com.br\/noticias\/#organization\",\"name\":\"Suno Not\u00edcias\",\"url\":\"https:\/\/www.suno.com.br\/noticias\/\",\"logo\":{\"@type\":\"ImageObject\",\"inLanguage\":\"pt-BR\",\"@id\":\"https:\/\/www.suno.com.br\/noticias\/#\/schema\/logo\/image\/\",\"url\":\"https:\/\/files.sunoresearch.com.br\/n\/uploads\/2021\/09\/suno-logo.png\",\"contentUrl\":\"https:\/\/files.sunoresearch.com.br\/n\/uploads\/2021\/09\/suno-logo.png\",\"width\":180,\"height\":180,\"caption\":\"Suno Not\u00edcias\"},\"image\":{\"@id\":\"https:\/\/www.suno.com.br\/noticias\/#\/schema\/logo\/image\/\"},\"sameAs\":[\"https:\/\/facebook.com\/sunoresearch\",\"https:\/\/x.com\/sunoresearch\",\"https:\/\/www.instagram.com\/suno\",\"https:\/\/www.linkedin.com\/company\/suno-research\/\",\"https:\/\/www.youtube.com\/c\/sunoresearch\"]},{\"@type\":\"Person\",\"@id\":\"https:\/\/www.suno.com.br\/noticias\/#\/schema\/person\/fc144a1c6108bd1dcd43784e88a3c138\",\"name\":\"Renan Bandeira\",\"image\":{\"@type\":\"ImageObject\",\"inLanguage\":\"pt-BR\",\"@id\":\"https:\/\/www.suno.com.br\/noticias\/#\/schema\/person\/image\/\",\"url\":\"https:\/\/secure.gravatar.com\/avatar\/68359cdb608f14f11bbefcb78f3fc747?s=96&r=g\",\"contentUrl\":\"https:\/\/secure.gravatar.com\/avatar\/68359cdb608f14f11bbefcb78f3fc747?s=96&r=g\",\"caption\":\"Renan Bandeira\"},\"description\":\"Renan Bandeira escreve sobre pol\u00edtica e economia para o portal da Suno Research. Antes da Suno, trabalhou em uma rede de televis\u00e3o, onde fazia reportagens sobre os mesmos temas. Estuda na Universidade Metodista de S\u00e3o Paulo.\",\"url\":\"https:\/\/www.suno.com.br\/noticias\/author\/renan-bandeira\/\"}]}<\/script>\n<!-- \/ Yoast SEO plugin. -->","yoast_head_json":{"title":"D\u00f3lar inicia o dia em forte alta; Reforma para militares desaponta mercado","description":"D\u00f3lar inicia sess\u00e3o em alta ap\u00f3s apresenta\u00e7\u00e3o da refoma da Previd\u00eancia para militares; Moeda recuou na \u00faltima sess\u00e3o. Clique e saiba mais.","robots":{"index":"index","follow":"follow","max-snippet":"max-snippet:-1","max-image-preview":"max-image-preview:large","max-video-preview":"max-video-preview:-1"},"canonical":"https:\/\/www.suno.com.br\/noticias\/dolar-21032019\/","og_locale":"pt_BR","og_type":"article","og_title":"D\u00f3lar inicia o dia em forte alta; Reforma para militares desaponta mercado","og_description":"D\u00f3lar inicia sess\u00e3o em alta ap\u00f3s apresenta\u00e7\u00e3o da refoma da Previd\u00eancia para militares; Moeda recuou na \u00faltima sess\u00e3o. Clique e saiba mais.","og_url":"https:\/\/www.suno.com.br\/noticias\/dolar-21032019\/","og_site_name":"Suno Not\u00edcias","article_publisher":"https:\/\/facebook.com\/sunoresearch","og_image":[{"width":1140,"height":760,"url":"https:\/\/files.sunoresearch.com.br\/n\/uploads\/2018\/12\/c8203b34-d\u00f3lar.jpg","type":"image\/jpeg"}],"author":"Renan Bandeira","twitter_card":"summary_large_image","twitter_creator":"@sunoresearch","twitter_site":"@sunoresearch","twitter_misc":{"Escrito por":"Renan Bandeira","Est. tempo de leitura":"2 minutos"},"schema":{"@context":"https:\/\/schema.org","@graph":[{"@type":"NewsArticle","@id":"https:\/\/www.suno.com.br\/noticias\/dolar-21032019\/#article","isPartOf":{"@id":"https:\/\/www.suno.com.br\/noticias\/dolar-21032019\/"},"author":{"name":"Renan Bandeira","@id":"https:\/\/www.suno.com.br\/noticias\/#\/schema\/person\/fc144a1c6108bd1dcd43784e88a3c138"},"headline":"D\u00f3lar inicia o dia em forte alta; Reforma para militares desaponta mercado","datePublished":"2019-03-21T12:20:54+00:00","mainEntityOfPage":{"@id":"https:\/\/www.suno.com.br\/noticias\/dolar-21032019\/"},"wordCount":354,"publisher":{"@id":"https:\/\/www.suno.com.br\/noticias\/#organization"},"image":{"@id":"https:\/\/www.suno.com.br\/noticias\/dolar-21032019\/#primaryimage"},"thumbnailUrl":"https:\/\/files.sunoresearch.com.br\/n\/uploads\/2018\/12\/c8203b34-d\u00f3lar-jpg.webp","keywords":["d\u00f3lar"],"articleSection":["Mercado"],"inLanguage":"pt-BR"},{"@type":"WebPage","@id":"https:\/\/www.suno.com.br\/noticias\/dolar-21032019\/","url":"https:\/\/www.suno.com.br\/noticias\/dolar-21032019\/","name":"D\u00f3lar inicia o dia em forte alta; Reforma para militares desaponta mercado","isPartOf":{"@id":"https:\/\/www.suno.com.br\/noticias\/#website"},"primaryImageOfPage":{"@id":"https:\/\/www.suno.com.br\/noticias\/dolar-21032019\/#primaryimage"},"image":{"@id":"https:\/\/www.suno.com.br\/noticias\/dolar-21032019\/#primaryimage"},"thumbnailUrl":"https:\/\/files.sunoresearch.com.br\/n\/uploads\/2018\/12\/c8203b34-d\u00f3lar-jpg.webp","datePublished":"2019-03-21T12:20:54+00:00","description":"D\u00f3lar inicia sess\u00e3o em alta ap\u00f3s apresenta\u00e7\u00e3o da refoma da Previd\u00eancia para militares; Moeda recuou na \u00faltima sess\u00e3o. Clique e saiba mais.","breadcrumb":{"@id":"https:\/\/www.suno.com.br\/noticias\/dolar-21032019\/#breadcrumb"},"inLanguage":"pt-BR","potentialAction":[{"@type":"ReadAction","target":["https:\/\/www.suno.com.br\/noticias\/dolar-21032019\/"]}]},{"@type":"ImageObject","inLanguage":"pt-BR","@id":"https:\/\/www.suno.com.br\/noticias\/dolar-21032019\/#primaryimage","url":"https:\/\/files.sunoresearch.com.br\/n\/uploads\/2018\/12\/c8203b34-d\u00f3lar-jpg.webp","contentUrl":"https:\/\/files.sunoresearch.com.br\/n\/uploads\/2018\/12\/c8203b34-d\u00f3lar-jpg.webp","width":1140,"height":760,"caption":"D\u00f3lar fecha em queda de 1,691\u00a0% na maior queda desde o in\u00edcio de 2019"},{"@type":"BreadcrumbList","@id":"https:\/\/www.suno.com.br\/noticias\/dolar-21032019\/#breadcrumb","itemListElement":[{"@type":"ListItem","position":1,"name":"Not\u00edcias","item":"https:\/\/www.suno.com.br\/noticias\/"},{"@type":"ListItem","position":2,"name":"Mercado","item":"https:\/\/www.suno.com.br\/noticias\/mercado\/"},{"@type":"ListItem","position":3,"name":"D\u00f3lar inicia o dia em forte alta; Reforma para militares desaponta mercado"}]},{"@type":"WebSite","@id":"https:\/\/www.suno.com.br\/noticias\/#website","url":"https:\/\/www.suno.com.br\/noticias\/","name":"Suno Not\u00edcias","description":"Seu portal de informa\u00e7\u00e3o sobre o mundo dos investimentos","publisher":{"@id":"https:\/\/www.suno.com.br\/noticias\/#organization"},"potentialAction":[{"@type":"SearchAction","target":{"@type":"EntryPoint","urlTemplate":"https:\/\/www.suno.com.br\/noticias\/?s={search_term_string}"},"query-input":{"@type":"PropertyValueSpecification","valueRequired":true,"valueName":"search_term_string"}}],"inLanguage":"pt-BR"},{"@type":"Organization","@id":"https:\/\/www.suno.com.br\/noticias\/#organization","name":"Suno Not\u00edcias","url":"https:\/\/www.suno.com.br\/noticias\/","logo":{"@type":"ImageObject","inLanguage":"pt-BR","@id":"https:\/\/www.suno.com.br\/noticias\/#\/schema\/logo\/image\/","url":"https:\/\/files.sunoresearch.com.br\/n\/uploads\/2021\/09\/suno-logo.png","contentUrl":"https:\/\/files.sunoresearch.com.br\/n\/uploads\/2021\/09\/suno-logo.png","width":180,"height":180,"caption":"Suno Not\u00edcias"},"image":{"@id":"https:\/\/www.suno.com.br\/noticias\/#\/schema\/logo\/image\/"},"sameAs":["https:\/\/facebook.com\/sunoresearch","https:\/\/x.com\/sunoresearch","https:\/\/www.instagram.com\/suno","https:\/\/www.linkedin.com\/company\/suno-research\/","https:\/\/www.youtube.com\/c\/sunoresearch"]},{"@type":"Person","@id":"https:\/\/www.suno.com.br\/noticias\/#\/schema\/person\/fc144a1c6108bd1dcd43784e88a3c138","name":"Renan Bandeira","image":{"@type":"ImageObject","inLanguage":"pt-BR","@id":"https:\/\/www.suno.com.br\/noticias\/#\/schema\/person\/image\/","url":"https:\/\/secure.gravatar.com\/avatar\/68359cdb608f14f11bbefcb78f3fc747?s=96&r=g","contentUrl":"https:\/\/secure.gravatar.com\/avatar\/68359cdb608f14f11bbefcb78f3fc747?s=96&r=g","caption":"Renan Bandeira"},"description":"Renan Bandeira escreve sobre pol\u00edtica e economia para o portal da Suno Research. Antes da Suno, trabalhou em uma rede de televis\u00e3o, onde fazia reportagens sobre os mesmos temas. Estuda na Universidade Metodista de S\u00e3o Paulo.","url":"https:\/\/www.suno.com.br\/noticias\/author\/renan-bandeira\/"}]}},"default_loop_html":"<div class=\"cardsPage__listCard__boxs\"><div class=\"cardsPage__listCard__boxs__img\"><a href=\"https:\/\/www.suno.com.br\/noticias\/dolar-21032019\/\"><img class=\"mask\" src=\"https:\/\/www.suno.com.br\/noticias\/wp-content\/themes\/suno\/resources\/images\/spotlight\/spotlight1img\/bg-mask.png\" alt=\"Image Mask\"\/><img src=\"https:\/\/files.sunoresearch.com.br\/n\/uploads\/2018\/12\/c8203b34-d\u00f3lar-400x200.webp\" alt=\"D\u00f3lar inicia o dia em forte alta; Reforma para militares desaponta mercado\"\/><\/a><span class=\"spotlightCategory\"><a href=\"https:\/\/www.suno.com.br\/noticias\/mercado\/\">Mercado<\/a><\/span><\/div><div class=\"cardsPage__listCard__boxs__content\"><a href=\"https:\/\/www.suno.com.br\/noticias\/dolar-21032019\/\"><h2 class=\"content__title\">D\u00f3lar inicia o dia em forte alta; Reforma para militares desaponta mercado<\/h2><\/a><div class=\"newsContent__article__meta\"><div class=\"newsContent__article__meta__authorBox\"><a href=\"https:\/\/www.suno.com.br\/noticias\/author\/renan-bandeira\/\" class=\"authorBox__avatar noMobi\"><img src=\"https:\/\/secure.gravatar.com\/avatar\/68359cdb608f14f11bbefcb78f3fc747?s=96&#038;r=g\" alt=\"Renan Bandeira\"><\/a><div class=\"authorBox__name\"><span>por\n\t\t\t<a href=\"https:\/\/www.suno.com.br\/noticias\/author\/renan-bandeira\/\"><span itemprop=\"author\">Renan Bandeira<\/span><\/a><\/span><time datetime=\"2019-03-21T09:20:54-03:00\" itemprop=\"datePublished\">21\/03\/2019 09:20<\/time><\/div><\/div><\/div><\/div><\/div>","single_layout":"posts","amp_enabled":true,"_links":{"self":[{"href":"https:\/\/www.suno.com.br\/noticias\/wp-json\/wp\/v2\/posts\/18593"}],"collection":[{"href":"https:\/\/www.suno.com.br\/noticias\/wp-json\/wp\/v2\/posts"}],"about":[{"href":"https:\/\/www.suno.com.br\/noticias\/wp-json\/wp\/v2\/types\/post"}],"author":[{"embeddable":true,"href":"https:\/\/www.suno.com.br\/noticias\/wp-json\/wp\/v2\/users\/11"}],"replies":[{"embeddable":true,"href":"https:\/\/www.suno.com.br\/noticias\/wp-json\/wp\/v2\/comments?post=18593"}],"version-history":[{"count":0,"href":"https:\/\/www.suno.com.br\/noticias\/wp-json\/wp\/v2\/posts\/18593\/revisions"}],"wp:featuredmedia":[{"embeddable":true,"href":"https:\/\/www.suno.com.br\/noticias\/wp-json\/wp\/v2\/media\/8629"}],"wp:attachment":[{"href":"https:\/\/www.suno.com.br\/noticias\/wp-json\/wp\/v2\/media?parent=18593"}],"wp:term":[{"taxonomy":"category","embeddable":true,"href":"https:\/\/www.suno.com.br\/noticias\/wp-json\/wp\/v2\/categories?post=18593"},{"taxonomy":"post_tag","embeddable":true,"href":"https:\/\/www.suno.com.br\/noticias\/wp-json\/wp\/v2\/tags?post=18593"},{"taxonomy":"suno_strategy","embeddable":true,"href":"https:\/\/www.suno.com.br\/noticias\/wp-json\/wp\/v2\/suno_strategy?post=18593"}],"curies":[{"name":"wp","href":"https:\/\/api.w.org\/{rel}","templated":true}]}}