{"id":185918,"date":"2021-09-21T09:14:55","date_gmt":"2021-09-21T12:14:55","guid":{"rendered":"https:\/\/www.suno.com.br\/noticias\/?p=185918"},"modified":"2021-09-21T09:15:29","modified_gmt":"2021-09-21T12:15:29","slug":"brasil-e-um-dos-mais-sensiveis-a-desaceleracao-da-china-diz-wells-fargo","status":"publish","type":"post","link":"https:\/\/www.suno.com.br\/noticias\/brasil-e-um-dos-mais-sensiveis-a-desaceleracao-da-china-diz-wells-fargo\/","title":{"rendered":"Brasil \u00e9 um dos pa\u00edses mais sens\u00edveis \u00e0 desacelera\u00e7\u00e3o da China, diz Wells Fargo"},"content":{"rendered":"<p>A empresa americana de servi\u00e7os financeiros Wells Fargo criou um indicador para medir a sensibilidade de pa\u00edses \u00e0s oscila\u00e7\u00f5es econ\u00f4micas da <strong>China<\/strong>. Segundo o indicador, o Brasil est\u00e1 entre os pa\u00edses mais vulner\u00e1veis \u00e0 sorte da economia chinesa.<\/p>\t<div class=\"wrapper-featured-image\">\n\t\t<figure class=\"spotlightImg\">\n\n\t\t\t<picture>\n\t\t\t\t<source media=\"(max-width: 768px)\" srcset=\"https:\/\/files.sunoresearch.com.br\/n\/uploads\/2021\/09\/Brasil-China-400x200.png\">\n\t\t\t\t<img loading=\"lazy\" decoding=\"async\" class=\"newsContent__article__imgCapa lazyloadDisabled \" src=\"https:\/\/files.sunoresearch.com.br\/n\/uploads\/2021\/09\/Brasil-China-800x450.png\" width=\"800\" height=\"450\" alt=\"Brasil \u00e9 um dos pa\u00edses mais sens\u00edveis \u00e0 desacelera\u00e7\u00e3o da China, diz Wells Fargo\" fetchpriority=high \/>\n\t\t\t<\/picture>\n\n\t\t\t<figcaption class=\"wp-caption-text wp-caption-text--show\">Bandeira do Brasil e da China. Foto: Ag\u00eancia Brasil\/Beto Barata<\/figcaption>\n\t\t<\/figure>\n\t<\/div>\n\n\n\t<p>\n\t\t<a href=\"https:\/\/lp.suno.com.br\/planilha-controle-gastos\/\" target=\"_blank\" data-element=\"shortcode-suno-banner\" title=\"Banner SUNO, clique e saiba mais\">\n\t\t\t<picture>\n\t\t\t\t<source media=\"(max-width: 500px)\" srcset=\"https:\/\/files.sunoresearch.com.br\/n\/uploads\/2023\/03\/400x300-Planilha-controle-de-gastos.png\">\n\t\t\t\t<img class=\"newsContent__article__imgCapa newsContent__article__imgCapa--banner\"\n\t\t\t\t\tsrc=\"https:\/\/files.sunoresearch.com.br\/n\/uploads\/2023\/03\/1420x240-Planilha-controle-de-gastos.png\"\n\t\t\t\t\tdata-promo-id=\"101751\"\t\t\t\t\t\t\t\t\t\twidth='1420' height='240'\t\t\t\t\talt=\"https:\/\/files.sunoresearch.com.br\/n\/uploads\/2023\/03\/1420x240-Planilha-controle-de-gastos.png\"\n\t\t\t\t>\n\t\t\t<\/picture>\n\t\t<\/a>\n\t<\/p>\n\n\n<p>Um dos motivos seria a forte depend\u00eancia do Brasil aos altos <strong>pre\u00e7os das commodities<\/strong>, al\u00e9m do grande volume comercial de exporta\u00e7\u00f5es do Pa\u00eds para o gigante asi\u00e1tico. &#8220;Uma desacelera\u00e7\u00e3o econ\u00f4mica na China provavelmente resultaria em menos demanda por commodities e poderia pesar sobre cada economia&#8221;, avaliam os analistas do <strong>Wells Fargo<\/strong>.<\/p>\n<p>Al\u00e9m disso, o real est\u00e1 altamente correlacionado aos pre\u00e7os das commodities, enquanto as empresas relacionadas a esses produtos constituem um grande componente do principal <a class=\"suno-keyword\" href=\"https:\/\/www.suno.com.br\/artigos\/indice-de-acoes\/\" target=\"_blank\" rel=\"noopener\" data-force=\"no\" data-priority=\"1\">\u00edndice de a\u00e7\u00f5es<\/a>, o Ibovespa. &#8220;Como resultado, cada moeda, bem como os mercados acion\u00e1rios locais, podem ficar sob press\u00e3o&#8221;, afirmam.<\/p>\n\n\t<div data-element=\"shortcode-read-more\" class=\"readToo\">\n\t\t\t\t<ul class=\"readToo__list\">\n\t\t\t<li><a href=\"https:\/\/www.suno.com.br\/noticias\/omc-crescimento-china-crise-evergrande\/\">OMC previu crescimento de 6% para a China em 2021, antes da crise Evergrande<\/a><\/li><li><a href=\"https:\/\/www.suno.com.br\/noticias\/comercio-china-67-do-superavit-brasileiro-2021-fgv\/\">Com\u00e9rcio com China responde por 67% do super\u00e1vit brasileiro em 2021, diz FGV<\/a><\/li>\t\t<\/ul>\n\t<\/div>\n\n\n<p>Al\u00e9m do Brasil, figuram entre as na\u00e7\u00f5es que mais podem sair prejudicadas com a <strong>desacelera\u00e7\u00e3o da China<\/strong> a \u00c1frica do Sul, Cingapura, Chile, Coreia do Sul e R\u00fassia.<\/p>\n<p>&#8220;Rotulamos os pa\u00edses com <strong>exporta\u00e7\u00f5es para a China<\/strong> acima de 6% do PIB como &#8221;altamente sens\u00edveis&#8221;, diz relat\u00f3rio. Dentro dessa metodologia, o Brasil registra uma sensibilidade moderada, j\u00e1 que exporta entre 2% e 6% do PIB para a China.<\/p>\n\t<p>\n\t\t<a href=\"https:\/\/lp.suno.com.br\/planilha-da-vida-financeira\/\" target=\"_blank\" data-element=\"shortcode-suno-banner\" title=\"Banner SUNO, clique e saiba mais\">\n\t\t\t<picture>\n\t\t\t\t<source media=\"(max-width: 500px)\" srcset=\"https:\/\/files.sunoresearch.com.br\/n\/uploads\/2023\/04\/400x300-Planilha-vida-financeira-true.png\">\n\t\t\t\t<img class=\"newsContent__article__imgCapa newsContent__article__imgCapa--banner\"\n\t\t\t\t\tsrc=\"https:\/\/files.sunoresearch.com.br\/n\/uploads\/2023\/04\/1420x240-Planilha-vida-financeira-true.png\"\n\t\t\t\t\tdata-promo-id=\"106682\"\t\t\t\t\t\t\t\t\t\twidth='1420' height='240'\t\t\t\t\talt=\"https:\/\/files.sunoresearch.com.br\/n\/uploads\/2023\/04\/1420x240-Planilha-vida-financeira-true.png\"\n\t\t\t\t>\n\t\t\t<\/picture>\n\t\t<\/a>\n\t<\/p>\n\n\n<h2>China \u00e9 respons\u00e1vel por 67% do super\u00e1vit brasileiro em 2021<\/h2>\n<p>De janeiro a agosto deste ano, as movimenta\u00e7\u00f5es comerciais entre Brasil e China responderam por 67% do super\u00e1vit acumulado pela<strong> <a class=\"suno-keyword\" href=\"https:\/\/www.suno.com.br\/artigos\/balanca-comercial\/\" target=\"_blank\" rel=\"noopener\" data-force=\"no\" data-priority=\"2\">balan\u00e7a comercial<\/a><\/strong> do Pa\u00eds em 2021. Os dados s\u00e3o do Indicador de Com\u00e9rcio Exterior (Icomex), do Instituto Brasileiro de Economia da Funda\u00e7\u00e3o Getulio Vargas (Ibre\/FGV).<\/p>\n<p>O saldo est\u00e1 em US$ 52,1 bilh\u00f5es acumulados nos oito primeiros meses deste ano. S\u00f3 o com\u00e9rcio com a China foi de US$ 35 bilh\u00f5es.<\/p>\n<p>O Icomex destaca que a soja, o min\u00e9rio de ferro e o petr\u00f3leo correspondem a 45% das <strong>exporta\u00e7\u00f5es brasileiras<\/strong> de janeiro a agosto. Neste per\u00edodo, a China comprou 63% do min\u00e9rio de ferro, 69% da soja em gr\u00e3o e 49% do petr\u00f3leo.<\/p>\n<p>A <strong>China<\/strong> tamb\u00e9m teve elevada participa\u00e7\u00e3o nas compras de carne bovina (57%) e celulose (42%) brasileiras<\/p>\n\t<p>\n\t\t<a href=\"\" target=\"_blank\" data-element=\"shortcode-suno-banner\" title=\"Banner SUNO, clique e saiba mais\">\n\t\t\t<picture>\n\t\t\t\t<source media=\"(max-width: 500px)\" srcset=\"\">\n\t\t\t\t<img class=\"newsContent__article__imgCapa newsContent__article__imgCapa--banner\"\n\t\t\t\t\tsrc=\"\"\n\t\t\t\t\tdata-promo-id=\"184190\"\t\t\t\t\t\t\t\t\t\t\t\t\t\t\talt=\"\"\n\t\t\t\t>\n\t\t\t<\/picture>\n\t\t<\/a>\n\t<\/p>\n\n\n","protected":false},"excerpt":{"rendered":"<p>A empresa americana de servi\u00e7os financeiros Wells Fargo criou um indicador para medir a sensibilidade de pa\u00edses \u00e0s oscila\u00e7\u00f5es econ\u00f4micas da China. Segundo o indicador, o Brasil est\u00e1 entre os pa\u00edses mais vulner\u00e1veis \u00e0 sorte da economia chinesa. Bandeira do Brasil e da China. Foto: Ag\u00eancia Brasil\/Beto Barata Um dos motivos seria a forte depend\u00eancia [&hellip;]<\/p>\n","protected":false},"author":102,"featured_media":184572,"comment_status":"closed","ping_status":"closed","sticky":false,"template":"","format":"standard","meta":[],"categories":[62],"tags":[914,711,94403,2251],"suno_strategy":[],"class_list":["post-185918","post","type-post","status-publish","format-standard","has-post-thumbnail","hentry","category-economia","tag-balanca-comercial","tag-china","tag-commodities","tag-economia-brasileira"],"yoast_head":"<!-- This site is optimized with the Yoast SEO plugin v24.4 - https:\/\/yoast.com\/wordpress\/plugins\/seo\/ -->\n<title>Economia do Brasil \u00e9 sens\u00edvel \u00e0 desacelera\u00e7\u00e3o da China, diz Wells Fargo<\/title>\n<meta name=\"description\" content=\"Segundo a Wells Fargo, o Brasil est\u00e1 mais exposto \u00e0 desacelera\u00e7\u00e3o da China pela alta depend\u00eancia da exporta\u00e7\u00e3o de commodities. Entenda.\" \/>\n<meta name=\"robots\" content=\"index, follow, max-snippet:-1, max-image-preview:large, max-video-preview:-1\" \/>\n<link rel=\"canonical\" href=\"https:\/\/www.suno.com.br\/noticias\/brasil-e-um-dos-mais-sensiveis-a-desaceleracao-da-china-diz-wells-fargo\/\" \/>\n<meta property=\"og:locale\" content=\"pt_BR\" \/>\n<meta property=\"og:type\" content=\"article\" \/>\n<meta property=\"og:title\" content=\"Economia do Brasil \u00e9 sens\u00edvel \u00e0 desacelera\u00e7\u00e3o da China, diz Wells Fargo\" \/>\n<meta property=\"og:description\" content=\"Segundo a Wells Fargo, o Brasil est\u00e1 mais exposto \u00e0 desacelera\u00e7\u00e3o da China pela alta depend\u00eancia da exporta\u00e7\u00e3o de commodities. Entenda.\" \/>\n<meta property=\"og:url\" content=\"https:\/\/www.suno.com.br\/noticias\/brasil-e-um-dos-mais-sensiveis-a-desaceleracao-da-china-diz-wells-fargo\/\" \/>\n<meta property=\"og:site_name\" content=\"Suno Not\u00edcias\" \/>\n<meta property=\"article:publisher\" content=\"https:\/\/facebook.com\/sunoresearch\" \/>\n<meta property=\"og:image\" content=\"https:\/\/files.sunoresearch.com.br\/n\/uploads\/2021\/09\/Brasil-China.png\" \/>\n\t<meta property=\"og:image:width\" content=\"1200\" \/>\n\t<meta property=\"og:image:height\" content=\"768\" \/>\n\t<meta property=\"og:image:type\" content=\"image\/png\" \/>\n<meta name=\"author\" content=\"Monique Lima\" \/>\n<meta name=\"twitter:card\" content=\"summary_large_image\" \/>\n<meta name=\"twitter:creator\" content=\"@sunoresearch\" \/>\n<meta name=\"twitter:site\" content=\"@sunoresearch\" \/>\n<meta name=\"twitter:label1\" content=\"Escrito por\" \/>\n\t<meta name=\"twitter:data1\" content=\"Monique Lima\" \/>\n\t<meta name=\"twitter:label2\" content=\"Est. tempo de leitura\" \/>\n\t<meta name=\"twitter:data2\" content=\"2 minutos\" \/>\n<script type=\"application\/ld+json\" class=\"yoast-schema-graph\">{\"@context\":\"https:\/\/schema.org\",\"@graph\":[{\"@type\":\"NewsArticle\",\"@id\":\"https:\/\/www.suno.com.br\/noticias\/brasil-e-um-dos-mais-sensiveis-a-desaceleracao-da-china-diz-wells-fargo\/#article\",\"isPartOf\":{\"@id\":\"https:\/\/www.suno.com.br\/noticias\/brasil-e-um-dos-mais-sensiveis-a-desaceleracao-da-china-diz-wells-fargo\/\"},\"author\":{\"name\":\"Monique Lima\",\"@id\":\"https:\/\/www.suno.com.br\/noticias\/#\/schema\/person\/d712329319cc9b10f254d02d654cb36a\"},\"headline\":\"Brasil \u00e9 um dos pa\u00edses mais sens\u00edveis \u00e0 desacelera\u00e7\u00e3o da China, diz Wells Fargo\",\"datePublished\":\"2021-09-21T12:14:55+00:00\",\"dateModified\":\"2021-09-21T12:15:29+00:00\",\"mainEntityOfPage\":{\"@id\":\"https:\/\/www.suno.com.br\/noticias\/brasil-e-um-dos-mais-sensiveis-a-desaceleracao-da-china-diz-wells-fargo\/\"},\"wordCount\":399,\"publisher\":{\"@id\":\"https:\/\/www.suno.com.br\/noticias\/#organization\"},\"image\":{\"@id\":\"https:\/\/www.suno.com.br\/noticias\/brasil-e-um-dos-mais-sensiveis-a-desaceleracao-da-china-diz-wells-fargo\/#primaryimage\"},\"thumbnailUrl\":\"https:\/\/files.sunoresearch.com.br\/n\/uploads\/2021\/09\/Brasil-China.png\",\"keywords\":[\"balan\u00e7a comercial\",\"China\",\"commodities\",\"economia brasileira\"],\"articleSection\":[\"Economia\"],\"inLanguage\":\"pt-BR\"},{\"@type\":\"WebPage\",\"@id\":\"https:\/\/www.suno.com.br\/noticias\/brasil-e-um-dos-mais-sensiveis-a-desaceleracao-da-china-diz-wells-fargo\/\",\"url\":\"https:\/\/www.suno.com.br\/noticias\/brasil-e-um-dos-mais-sensiveis-a-desaceleracao-da-china-diz-wells-fargo\/\",\"name\":\"Economia do Brasil \u00e9 sens\u00edvel \u00e0 desacelera\u00e7\u00e3o da China, diz Wells Fargo\",\"isPartOf\":{\"@id\":\"https:\/\/www.suno.com.br\/noticias\/#website\"},\"primaryImageOfPage\":{\"@id\":\"https:\/\/www.suno.com.br\/noticias\/brasil-e-um-dos-mais-sensiveis-a-desaceleracao-da-china-diz-wells-fargo\/#primaryimage\"},\"image\":{\"@id\":\"https:\/\/www.suno.com.br\/noticias\/brasil-e-um-dos-mais-sensiveis-a-desaceleracao-da-china-diz-wells-fargo\/#primaryimage\"},\"thumbnailUrl\":\"https:\/\/files.sunoresearch.com.br\/n\/uploads\/2021\/09\/Brasil-China.png\",\"datePublished\":\"2021-09-21T12:14:55+00:00\",\"dateModified\":\"2021-09-21T12:15:29+00:00\",\"description\":\"Segundo a Wells Fargo, o Brasil est\u00e1 mais exposto \u00e0 desacelera\u00e7\u00e3o da China pela alta depend\u00eancia da exporta\u00e7\u00e3o de commodities. Entenda.\",\"breadcrumb\":{\"@id\":\"https:\/\/www.suno.com.br\/noticias\/brasil-e-um-dos-mais-sensiveis-a-desaceleracao-da-china-diz-wells-fargo\/#breadcrumb\"},\"inLanguage\":\"pt-BR\",\"potentialAction\":[{\"@type\":\"ReadAction\",\"target\":[\"https:\/\/www.suno.com.br\/noticias\/brasil-e-um-dos-mais-sensiveis-a-desaceleracao-da-china-diz-wells-fargo\/\"]}]},{\"@type\":\"ImageObject\",\"inLanguage\":\"pt-BR\",\"@id\":\"https:\/\/www.suno.com.br\/noticias\/brasil-e-um-dos-mais-sensiveis-a-desaceleracao-da-china-diz-wells-fargo\/#primaryimage\",\"url\":\"https:\/\/files.sunoresearch.com.br\/n\/uploads\/2021\/09\/Brasil-China.png\",\"contentUrl\":\"https:\/\/files.sunoresearch.com.br\/n\/uploads\/2021\/09\/Brasil-China.png\",\"width\":1200,\"height\":768,\"caption\":\"Bandeira do Brasil e da China. Foto: Ag\u00eancia Brasil\/Beto Barata\"},{\"@type\":\"BreadcrumbList\",\"@id\":\"https:\/\/www.suno.com.br\/noticias\/brasil-e-um-dos-mais-sensiveis-a-desaceleracao-da-china-diz-wells-fargo\/#breadcrumb\",\"itemListElement\":[{\"@type\":\"ListItem\",\"position\":1,\"name\":\"Not\u00edcias\",\"item\":\"https:\/\/www.suno.com.br\/noticias\/\"},{\"@type\":\"ListItem\",\"position\":2,\"name\":\"Economia\",\"item\":\"https:\/\/www.suno.com.br\/noticias\/economia\/\"},{\"@type\":\"ListItem\",\"position\":3,\"name\":\"Brasil \u00e9 um dos pa\u00edses mais sens\u00edveis \u00e0 desacelera\u00e7\u00e3o da China, diz Wells Fargo\"}]},{\"@type\":\"WebSite\",\"@id\":\"https:\/\/www.suno.com.br\/noticias\/#website\",\"url\":\"https:\/\/www.suno.com.br\/noticias\/\",\"name\":\"Suno Not\u00edcias\",\"description\":\"Seu portal de informa\u00e7\u00e3o sobre o mundo dos investimentos\",\"publisher\":{\"@id\":\"https:\/\/www.suno.com.br\/noticias\/#organization\"},\"potentialAction\":[{\"@type\":\"SearchAction\",\"target\":{\"@type\":\"EntryPoint\",\"urlTemplate\":\"https:\/\/www.suno.com.br\/noticias\/?s={search_term_string}\"},\"query-input\":{\"@type\":\"PropertyValueSpecification\",\"valueRequired\":true,\"valueName\":\"search_term_string\"}}],\"inLanguage\":\"pt-BR\"},{\"@type\":\"Organization\",\"@id\":\"https:\/\/www.suno.com.br\/noticias\/#organization\",\"name\":\"Suno Not\u00edcias\",\"url\":\"https:\/\/www.suno.com.br\/noticias\/\",\"logo\":{\"@type\":\"ImageObject\",\"inLanguage\":\"pt-BR\",\"@id\":\"https:\/\/www.suno.com.br\/noticias\/#\/schema\/logo\/image\/\",\"url\":\"https:\/\/files.sunoresearch.com.br\/n\/uploads\/2021\/09\/suno-logo.png\",\"contentUrl\":\"https:\/\/files.sunoresearch.com.br\/n\/uploads\/2021\/09\/suno-logo.png\",\"width\":180,\"height\":180,\"caption\":\"Suno Not\u00edcias\"},\"image\":{\"@id\":\"https:\/\/www.suno.com.br\/noticias\/#\/schema\/logo\/image\/\"},\"sameAs\":[\"https:\/\/facebook.com\/sunoresearch\",\"https:\/\/x.com\/sunoresearch\",\"https:\/\/www.instagram.com\/suno\",\"https:\/\/www.linkedin.com\/company\/suno-research\/\",\"https:\/\/www.youtube.com\/c\/sunoresearch\"]},{\"@type\":\"Person\",\"@id\":\"https:\/\/www.suno.com.br\/noticias\/#\/schema\/person\/d712329319cc9b10f254d02d654cb36a\",\"name\":\"Monique Lima\",\"image\":{\"@type\":\"ImageObject\",\"inLanguage\":\"pt-BR\",\"@id\":\"https:\/\/www.suno.com.br\/noticias\/#\/schema\/person\/image\/\",\"url\":\"https:\/\/secure.gravatar.com\/avatar\/daee7f16d906c2e9ffed236206ca2c30?s=96&r=g\",\"contentUrl\":\"https:\/\/secure.gravatar.com\/avatar\/daee7f16d906c2e9ffed236206ca2c30?s=96&r=g\",\"caption\":\"Monique Lima\"},\"description\":\"Rep\u00f3rter de Mercado no Suno Not\u00edcias, \u00e9 jornalista com experi\u00eancia na cobertura de economia, empreendedorismo, finan\u00e7as pessoais, mercado financeiro, carreira e recursos humanos. Formada em Jornalismo pela Universidade Paulista, teve experi\u00eancias em ve\u00edculos de comunica\u00e7\u00e3o como a Ag\u00eancia TradeMap, Revista Voc\u00ea S\/A e Revista Voc\u00ea RH, as duas \u00faltimas publica\u00e7\u00f5es da Editora Abril. No Suno Not\u00edcias, fala sobre as principais not\u00edcias de Fundos Imobili\u00e1rios, Fiagro, Startups e empresas listadas na Bolsa.\",\"url\":\"https:\/\/www.suno.com.br\/noticias\/author\/monique-lima\/\"}]}<\/script>\n<!-- \/ Yoast SEO plugin. -->","yoast_head_json":{"title":"Economia do Brasil \u00e9 sens\u00edvel \u00e0 desacelera\u00e7\u00e3o da China, diz Wells Fargo","description":"Segundo a Wells Fargo, o Brasil est\u00e1 mais exposto \u00e0 desacelera\u00e7\u00e3o da China pela alta depend\u00eancia da exporta\u00e7\u00e3o de commodities. Entenda.","robots":{"index":"index","follow":"follow","max-snippet":"max-snippet:-1","max-image-preview":"max-image-preview:large","max-video-preview":"max-video-preview:-1"},"canonical":"https:\/\/www.suno.com.br\/noticias\/brasil-e-um-dos-mais-sensiveis-a-desaceleracao-da-china-diz-wells-fargo\/","og_locale":"pt_BR","og_type":"article","og_title":"Economia do Brasil \u00e9 sens\u00edvel \u00e0 desacelera\u00e7\u00e3o da China, diz Wells Fargo","og_description":"Segundo a Wells Fargo, o Brasil est\u00e1 mais exposto \u00e0 desacelera\u00e7\u00e3o da China pela alta depend\u00eancia da exporta\u00e7\u00e3o de commodities. Entenda.","og_url":"https:\/\/www.suno.com.br\/noticias\/brasil-e-um-dos-mais-sensiveis-a-desaceleracao-da-china-diz-wells-fargo\/","og_site_name":"Suno Not\u00edcias","article_publisher":"https:\/\/facebook.com\/sunoresearch","og_image":[{"width":1200,"height":768,"url":"https:\/\/files.sunoresearch.com.br\/n\/uploads\/2021\/09\/Brasil-China.png","type":"image\/png"}],"author":"Monique Lima","twitter_card":"summary_large_image","twitter_creator":"@sunoresearch","twitter_site":"@sunoresearch","twitter_misc":{"Escrito por":"Monique Lima","Est. tempo de leitura":"2 minutos"},"schema":{"@context":"https:\/\/schema.org","@graph":[{"@type":"NewsArticle","@id":"https:\/\/www.suno.com.br\/noticias\/brasil-e-um-dos-mais-sensiveis-a-desaceleracao-da-china-diz-wells-fargo\/#article","isPartOf":{"@id":"https:\/\/www.suno.com.br\/noticias\/brasil-e-um-dos-mais-sensiveis-a-desaceleracao-da-china-diz-wells-fargo\/"},"author":{"name":"Monique Lima","@id":"https:\/\/www.suno.com.br\/noticias\/#\/schema\/person\/d712329319cc9b10f254d02d654cb36a"},"headline":"Brasil \u00e9 um dos pa\u00edses mais sens\u00edveis \u00e0 desacelera\u00e7\u00e3o da China, diz Wells Fargo","datePublished":"2021-09-21T12:14:55+00:00","dateModified":"2021-09-21T12:15:29+00:00","mainEntityOfPage":{"@id":"https:\/\/www.suno.com.br\/noticias\/brasil-e-um-dos-mais-sensiveis-a-desaceleracao-da-china-diz-wells-fargo\/"},"wordCount":399,"publisher":{"@id":"https:\/\/www.suno.com.br\/noticias\/#organization"},"image":{"@id":"https:\/\/www.suno.com.br\/noticias\/brasil-e-um-dos-mais-sensiveis-a-desaceleracao-da-china-diz-wells-fargo\/#primaryimage"},"thumbnailUrl":"https:\/\/files.sunoresearch.com.br\/n\/uploads\/2021\/09\/Brasil-China.png","keywords":["balan\u00e7a comercial","China","commodities","economia brasileira"],"articleSection":["Economia"],"inLanguage":"pt-BR"},{"@type":"WebPage","@id":"https:\/\/www.suno.com.br\/noticias\/brasil-e-um-dos-mais-sensiveis-a-desaceleracao-da-china-diz-wells-fargo\/","url":"https:\/\/www.suno.com.br\/noticias\/brasil-e-um-dos-mais-sensiveis-a-desaceleracao-da-china-diz-wells-fargo\/","name":"Economia do Brasil \u00e9 sens\u00edvel \u00e0 desacelera\u00e7\u00e3o da China, diz Wells Fargo","isPartOf":{"@id":"https:\/\/www.suno.com.br\/noticias\/#website"},"primaryImageOfPage":{"@id":"https:\/\/www.suno.com.br\/noticias\/brasil-e-um-dos-mais-sensiveis-a-desaceleracao-da-china-diz-wells-fargo\/#primaryimage"},"image":{"@id":"https:\/\/www.suno.com.br\/noticias\/brasil-e-um-dos-mais-sensiveis-a-desaceleracao-da-china-diz-wells-fargo\/#primaryimage"},"thumbnailUrl":"https:\/\/files.sunoresearch.com.br\/n\/uploads\/2021\/09\/Brasil-China.png","datePublished":"2021-09-21T12:14:55+00:00","dateModified":"2021-09-21T12:15:29+00:00","description":"Segundo a Wells Fargo, o Brasil est\u00e1 mais exposto \u00e0 desacelera\u00e7\u00e3o da China pela alta depend\u00eancia da exporta\u00e7\u00e3o de commodities. Entenda.","breadcrumb":{"@id":"https:\/\/www.suno.com.br\/noticias\/brasil-e-um-dos-mais-sensiveis-a-desaceleracao-da-china-diz-wells-fargo\/#breadcrumb"},"inLanguage":"pt-BR","potentialAction":[{"@type":"ReadAction","target":["https:\/\/www.suno.com.br\/noticias\/brasil-e-um-dos-mais-sensiveis-a-desaceleracao-da-china-diz-wells-fargo\/"]}]},{"@type":"ImageObject","inLanguage":"pt-BR","@id":"https:\/\/www.suno.com.br\/noticias\/brasil-e-um-dos-mais-sensiveis-a-desaceleracao-da-china-diz-wells-fargo\/#primaryimage","url":"https:\/\/files.sunoresearch.com.br\/n\/uploads\/2021\/09\/Brasil-China.png","contentUrl":"https:\/\/files.sunoresearch.com.br\/n\/uploads\/2021\/09\/Brasil-China.png","width":1200,"height":768,"caption":"Bandeira do Brasil e da China. Foto: Ag\u00eancia Brasil\/Beto Barata"},{"@type":"BreadcrumbList","@id":"https:\/\/www.suno.com.br\/noticias\/brasil-e-um-dos-mais-sensiveis-a-desaceleracao-da-china-diz-wells-fargo\/#breadcrumb","itemListElement":[{"@type":"ListItem","position":1,"name":"Not\u00edcias","item":"https:\/\/www.suno.com.br\/noticias\/"},{"@type":"ListItem","position":2,"name":"Economia","item":"https:\/\/www.suno.com.br\/noticias\/economia\/"},{"@type":"ListItem","position":3,"name":"Brasil \u00e9 um dos pa\u00edses mais sens\u00edveis \u00e0 desacelera\u00e7\u00e3o da China, diz Wells Fargo"}]},{"@type":"WebSite","@id":"https:\/\/www.suno.com.br\/noticias\/#website","url":"https:\/\/www.suno.com.br\/noticias\/","name":"Suno Not\u00edcias","description":"Seu portal de informa\u00e7\u00e3o sobre o mundo dos investimentos","publisher":{"@id":"https:\/\/www.suno.com.br\/noticias\/#organization"},"potentialAction":[{"@type":"SearchAction","target":{"@type":"EntryPoint","urlTemplate":"https:\/\/www.suno.com.br\/noticias\/?s={search_term_string}"},"query-input":{"@type":"PropertyValueSpecification","valueRequired":true,"valueName":"search_term_string"}}],"inLanguage":"pt-BR"},{"@type":"Organization","@id":"https:\/\/www.suno.com.br\/noticias\/#organization","name":"Suno Not\u00edcias","url":"https:\/\/www.suno.com.br\/noticias\/","logo":{"@type":"ImageObject","inLanguage":"pt-BR","@id":"https:\/\/www.suno.com.br\/noticias\/#\/schema\/logo\/image\/","url":"https:\/\/files.sunoresearch.com.br\/n\/uploads\/2021\/09\/suno-logo.png","contentUrl":"https:\/\/files.sunoresearch.com.br\/n\/uploads\/2021\/09\/suno-logo.png","width":180,"height":180,"caption":"Suno Not\u00edcias"},"image":{"@id":"https:\/\/www.suno.com.br\/noticias\/#\/schema\/logo\/image\/"},"sameAs":["https:\/\/facebook.com\/sunoresearch","https:\/\/x.com\/sunoresearch","https:\/\/www.instagram.com\/suno","https:\/\/www.linkedin.com\/company\/suno-research\/","https:\/\/www.youtube.com\/c\/sunoresearch"]},{"@type":"Person","@id":"https:\/\/www.suno.com.br\/noticias\/#\/schema\/person\/d712329319cc9b10f254d02d654cb36a","name":"Monique Lima","image":{"@type":"ImageObject","inLanguage":"pt-BR","@id":"https:\/\/www.suno.com.br\/noticias\/#\/schema\/person\/image\/","url":"https:\/\/secure.gravatar.com\/avatar\/daee7f16d906c2e9ffed236206ca2c30?s=96&r=g","contentUrl":"https:\/\/secure.gravatar.com\/avatar\/daee7f16d906c2e9ffed236206ca2c30?s=96&r=g","caption":"Monique Lima"},"description":"Rep\u00f3rter de Mercado no Suno Not\u00edcias, \u00e9 jornalista com experi\u00eancia na cobertura de economia, empreendedorismo, finan\u00e7as pessoais, mercado financeiro, carreira e recursos humanos. Formada em Jornalismo pela Universidade Paulista, teve experi\u00eancias em ve\u00edculos de comunica\u00e7\u00e3o como a Ag\u00eancia TradeMap, Revista Voc\u00ea S\/A e Revista Voc\u00ea RH, as duas \u00faltimas publica\u00e7\u00f5es da Editora Abril. No Suno Not\u00edcias, fala sobre as principais not\u00edcias de Fundos Imobili\u00e1rios, Fiagro, Startups e empresas listadas na Bolsa.","url":"https:\/\/www.suno.com.br\/noticias\/author\/monique-lima\/"}]}},"default_loop_html":"<div class=\"cardsPage__listCard__boxs\"><div class=\"cardsPage__listCard__boxs__img\"><a href=\"https:\/\/www.suno.com.br\/noticias\/comercio-china-67-do-superavit-brasileiro-2021-fgv\/\"><img class=\"mask\" src=\"https:\/\/www.suno.com.br\/noticias\/wp-content\/themes\/suno\/resources\/images\/spotlight\/spotlight1img\/bg-mask.png\" alt=\"Image Mask\"\/><img src=\"https:\/\/files.sunoresearch.com.br\/n\/uploads\/2021\/09\/Brasil-China-400x200.png\" alt=\"Com\u00e9rcio com China responde por 67% do super\u00e1vit brasileiro em 2021, diz FGV\"\/><\/a><span class=\"spotlightCategory\"><a href=\"https:\/\/www.suno.com.br\/noticias\/economia\/\">Economia<\/a><\/span><\/div><div class=\"cardsPage__listCard__boxs__content\"><a href=\"https:\/\/www.suno.com.br\/noticias\/comercio-china-67-do-superavit-brasileiro-2021-fgv\/\"><h2 class=\"content__title\">Com\u00e9rcio com China responde por 67% do super\u00e1vit brasileiro em 2021, diz FGV<\/h2><\/a><div class=\"newsContent__article__meta\"><div class=\"newsContent__article__meta__authorBox\"><a href=\"https:\/\/www.suno.com.br\/noticias\/author\/monique-lima\/\" class=\"authorBox__avatar noMobi\"><img src=\"https:\/\/secure.gravatar.com\/avatar\/daee7f16d906c2e9ffed236206ca2c30?s=96&#038;r=g\" alt=\"Monique Lima\"><\/a><div class=\"authorBox__name\"><span>por\n\t\t\t<a href=\"https:\/\/www.suno.com.br\/noticias\/author\/monique-lima\/\"><span itemprop=\"author\">Monique Lima<\/span><\/a><\/span><time datetime=\"2021-09-16T14:37:47-03:00\" itemprop=\"datePublished\">16\/09\/2021 14:37<\/time><\/div><\/div><\/div><\/div><\/div>","single_layout":"posts","amp_enabled":true,"_links":{"self":[{"href":"https:\/\/www.suno.com.br\/noticias\/wp-json\/wp\/v2\/posts\/185918"}],"collection":[{"href":"https:\/\/www.suno.com.br\/noticias\/wp-json\/wp\/v2\/posts"}],"about":[{"href":"https:\/\/www.suno.com.br\/noticias\/wp-json\/wp\/v2\/types\/post"}],"author":[{"embeddable":true,"href":"https:\/\/www.suno.com.br\/noticias\/wp-json\/wp\/v2\/users\/102"}],"replies":[{"embeddable":true,"href":"https:\/\/www.suno.com.br\/noticias\/wp-json\/wp\/v2\/comments?post=185918"}],"version-history":[{"count":3,"href":"https:\/\/www.suno.com.br\/noticias\/wp-json\/wp\/v2\/posts\/185918\/revisions"}],"predecessor-version":[{"id":185953,"href":"https:\/\/www.suno.com.br\/noticias\/wp-json\/wp\/v2\/posts\/185918\/revisions\/185953"}],"wp:featuredmedia":[{"embeddable":true,"href":"https:\/\/www.suno.com.br\/noticias\/wp-json\/wp\/v2\/media\/184572"}],"wp:attachment":[{"href":"https:\/\/www.suno.com.br\/noticias\/wp-json\/wp\/v2\/media?parent=185918"}],"wp:term":[{"taxonomy":"category","embeddable":true,"href":"https:\/\/www.suno.com.br\/noticias\/wp-json\/wp\/v2\/categories?post=185918"},{"taxonomy":"post_tag","embeddable":true,"href":"https:\/\/www.suno.com.br\/noticias\/wp-json\/wp\/v2\/tags?post=185918"},{"taxonomy":"suno_strategy","embeddable":true,"href":"https:\/\/www.suno.com.br\/noticias\/wp-json\/wp\/v2\/suno_strategy?post=185918"}],"curies":[{"name":"wp","href":"https:\/\/api.w.org\/{rel}","templated":true}]}}