{"id":185910,"date":"2021-09-21T08:24:35","date_gmt":"2021-09-21T11:24:35","guid":{"rendered":"https:\/\/www.suno.com.br\/noticias\/?p=185910"},"modified":"2021-09-21T08:24:35","modified_gmt":"2021-09-21T11:24:35","slug":"edital-da-privatizacao-dos-correios-deve-ser-publicado-em-abril-de-2022","status":"publish","type":"post","link":"https:\/\/www.suno.com.br\/noticias\/edital-da-privatizacao-dos-correios-deve-ser-publicado-em-abril-de-2022\/","title":{"rendered":"Edital da privatiza\u00e7\u00e3o dos Correios deve ser publicado em abril de 2022"},"content":{"rendered":"<p>O edital de privatiza\u00e7\u00e3o dos <strong>Correios<\/strong> deve ser publicado em abril de 2022, com a realiza\u00e7\u00e3o do leil\u00e3o em seguida. Segundo o diretor de Concess\u00f5es e Privatiza\u00e7\u00f5es do <a class=\"suno-keyword\" href=\"https:\/\/www.suno.com.br\/artigos\/bndes\/\" target=\"_blank\" rel=\"noopener\" data-force=\"no\" data-priority=\"2\">Banco Nacional de Desenvolvimento Econ\u00f4mico e Social (BNDES)<\/a>, F\u00e1bio Abrah\u00e3o, o objetivo \u00e9 que o processo de desestatiza\u00e7\u00e3o seja feito logo e de forma r\u00e1pida.<\/p>\t<div class=\"wrapper-featured-image\">\n\t\t<figure class=\"spotlightImg\">\n\n\t\t\t<picture>\n\t\t\t\t<source media=\"(max-width: 768px)\" srcset=\"https:\/\/files.sunoresearch.com.br\/n\/uploads\/2021\/07\/08c8c2eb-ffraz_abr_18091923261-400x200.jpg\">\n\t\t\t\t<img loading=\"lazy\" decoding=\"async\" class=\"newsContent__article__imgCapa lazyloadDisabled \" src=\"https:\/\/files.sunoresearch.com.br\/n\/uploads\/2021\/07\/08c8c2eb-ffraz_abr_18091923261-800x450.jpg\" width=\"800\" height=\"450\" alt=\"Edital da privatiza\u00e7\u00e3o dos Correios deve ser publicado em abril de 2022\" fetchpriority=high \/>\n\t\t\t<\/picture>\n\n\t\t\t<figcaption class=\"wp-caption-text wp-caption-text--show\">Correios. Foto: Fernando Fraz\u00e3o\/Ag\u00eancia Brasil.<\/figcaption>\n\t\t<\/figure>\n\t<\/div>\n\n\n\t<p>\n\t\t<a href=\"https:\/\/lp.suno.com.br\/planilha-controle-gastos\/\" target=\"_blank\" data-element=\"shortcode-suno-banner\" title=\"Banner SUNO, clique e saiba mais\">\n\t\t\t<picture>\n\t\t\t\t<source media=\"(max-width: 500px)\" srcset=\"https:\/\/files.sunoresearch.com.br\/n\/uploads\/2023\/03\/400x300-Planilha-controle-de-gastos.png\">\n\t\t\t\t<img class=\"newsContent__article__imgCapa newsContent__article__imgCapa--banner\"\n\t\t\t\t\tsrc=\"https:\/\/files.sunoresearch.com.br\/n\/uploads\/2023\/03\/1420x240-Planilha-controle-de-gastos.png\"\n\t\t\t\t\tdata-promo-id=\"101751\"\t\t\t\t\t\t\t\t\t\twidth='1420' height='240'\t\t\t\t\talt=\"https:\/\/files.sunoresearch.com.br\/n\/uploads\/2023\/03\/1420x240-Planilha-controle-de-gastos.png\"\n\t\t\t\t>\n\t\t\t<\/picture>\n\t\t<\/a>\n\t<\/p>\n\n\n<p>O projeto de lei da <strong>privatiza\u00e7\u00e3o dos Correios<\/strong> j\u00e1 foi aprovado na C\u00e2mara dos Deputados e ser\u00e1 analisado pelo Senado Federal. O relator do projeto, o senador M\u00e1rcio Bittar, deve apresentar nesta ter\u00e7a-feira (21) uma proposta para a tramita\u00e7\u00e3o da mat\u00e9ria na Casa.<\/p>\n<p>No cronograma de Abrah\u00e3o, para que o edital seja publicado em abril de 2022, o modelo de privatiza\u00e7\u00e3o precisa ser aprovado em janeiro do ano que vem pelo conselho interministerial.<\/p>\n<p>Nesse mesmo m\u00eas, tamb\u00e9m seriam abertos os dados <strong>econ\u00f4mico-financeiros<\/strong> da estatal para os<strong> investidores em potencial<\/strong>. Ap\u00f3s a aprova\u00e7\u00e3o do conselho, o edital vai para an\u00e1lise do Tribunal de Contas da Uni\u00e3o (TCU) para ent\u00e3o ser publicado em abril.<\/p>\n\t<p>\n\t\t<a href=\"https:\/\/lp.suno.com.br\/planilha-da-vida-financeira\/\" target=\"_blank\" data-element=\"shortcode-suno-banner\" title=\"Banner SUNO, clique e saiba mais\">\n\t\t\t<picture>\n\t\t\t\t<source media=\"(max-width: 500px)\" srcset=\"https:\/\/files.sunoresearch.com.br\/n\/uploads\/2023\/04\/400x300-Planilha-vida-financeira-true.png\">\n\t\t\t\t<img class=\"newsContent__article__imgCapa newsContent__article__imgCapa--banner\"\n\t\t\t\t\tsrc=\"https:\/\/files.sunoresearch.com.br\/n\/uploads\/2023\/04\/1420x240-Planilha-vida-financeira-true.png\"\n\t\t\t\t\tdata-promo-id=\"106682\"\t\t\t\t\t\t\t\t\t\twidth='1420' height='240'\t\t\t\t\talt=\"https:\/\/files.sunoresearch.com.br\/n\/uploads\/2023\/04\/1420x240-Planilha-vida-financeira-true.png\"\n\t\t\t\t>\n\t\t\t<\/picture>\n\t\t<\/a>\n\t<\/p>\n\n\n<p>&#8220;A ideia \u00e9 manter os dois servi\u00e7os, tanto o postal quanto o de encomendas. O postal se mant\u00e9m com a boa efici\u00eancias nas encomendas&#8221;, disse o diretor.<\/p>\n<p>Segundo Abrah\u00e3o, a atratividade dos Correios est\u00e1 na &#8220;capilaridade incompar\u00e1vel&#8221; em todo o Pa\u00eds. No entanto, a estatal tamb\u00e9m tem passivos relevantes, como d\u00edvidas que somam R$ 8 bilh\u00f5es.<\/p>\n<h2>Privatiza\u00e7\u00e3o dos Correios deve ser feita logo<\/h2>\n<p>Para Abrah\u00e3o, a privatiza\u00e7\u00e3o dos Correios deve ser feita logo, \u201cde forma r\u00e1pida\u201d. Segundo o executivo, com a mudan\u00e7a tecnol\u00f3gica que torna os servi\u00e7os postais cada vez menos usado, e o avan\u00e7o dos gigantes do c<strong>om\u00e9rcio eletr\u00f4nico<\/strong> na presta\u00e7\u00e3o de servi\u00e7os de entrega, a estatal \u201cvem perdendo participa\u00e7\u00e3o de mercado em velocidade n\u00e3o desprez\u00edvel\u201d.<\/p>\n\t<div data-element=\"shortcode-read-more\" class=\"knowMore\">\n\t\t\t\t<span class=\"knowMore__title\">Saiba Mais<\/span>\n\t\t\t\t<a class=\"knowMore__link\" href=\"https:\/\/www.suno.com.br\/noticias\/correios-privatizacao-outubro-magalu-mglu3-amazon-amzo34\/\">\n\t\t\tPrivatiza\u00e7\u00e3o dos Correios deve ser votada em outubro; Governo espera leil\u00e3o com Magazine Luiza (MGLU3), Amazon e Mercado Livre\t\t<\/a>\n\t<\/div>\n\n\n<p>Quanto mais a estatal sofre concorr\u00eancia, mais os gigantes do com\u00e9rcio eletr\u00f4nico como <a class=\"suno-keyword\" href=\"https:\/\/www.suno.com.br\/acoes\/MGLU3\/\" target=\"_blank\" rel=\"noopener\" data-force=\"yes\" data-priority=\"2\">Magazine Luiza (MGLU3)<\/a> e Amazon (AMZO34) ganham \u201ccapilaridade\u201d no territ\u00f3rio nacional, diminuindo aquela que \u00e9, para Abrah\u00e3o, a principal <a class=\"suno-keyword\" href=\"https:\/\/www.suno.com.br\/artigos\/vantagem-competitiva\/\" target=\"_blank\" rel=\"noopener\" data-force=\"no\" data-priority=\"1\">vantagem competitiva<\/a> dos Correios. \u201cDaqui a cinco anos, certamente o valor dos <strong>Correios<\/strong> ser\u00e1 menor.\u201d<\/p>\n<p>(Com informa\u00e7\u00f5es do Estad\u00e3o Conte\u00fado)<\/p>\n\t<p>\n\t\t<a href=\"https:\/\/lp.suno.com.br\/planilha-de-controle-de-investimentos\/\" target=\"_blank\" data-element=\"shortcode-suno-banner\" title=\"Banner SUNO, clique e saiba mais\">\n\t\t\t<picture>\n\t\t\t\t<source media=\"(max-width: 500px)\" srcset=\"https:\/\/files.sunoresearch.com.br\/n\/uploads\/2023\/03\/400x300-Controle-de-Investimentos.png\">\n\t\t\t\t<img class=\"newsContent__article__imgCapa newsContent__article__imgCapa--banner\"\n\t\t\t\t\tsrc=\"https:\/\/files.sunoresearch.com.br\/n\/uploads\/2023\/03\/1420x240-Controle-de-Investimentos.png\"\n\t\t\t\t\tdata-promo-id=\"75934\"\t\t\t\t\t\t\t\t\t\twidth='1420' height='240'\t\t\t\t\talt=\"https:\/\/files.sunoresearch.com.br\/n\/uploads\/2023\/03\/1420x240-Controle-de-Investimentos.png\"\n\t\t\t\t>\n\t\t\t<\/picture>\n\t\t<\/a>\n\t<\/p>\n\n\n","protected":false},"excerpt":{"rendered":"<p>O edital de privatiza\u00e7\u00e3o dos Correios deve ser publicado em abril de 2022, com a realiza\u00e7\u00e3o do leil\u00e3o em seguida. Segundo o diretor de Concess\u00f5es e Privatiza\u00e7\u00f5es do Banco Nacional de Desenvolvimento Econ\u00f4mico e Social (BNDES), F\u00e1bio Abrah\u00e3o, o objetivo \u00e9 que o processo de desestatiza\u00e7\u00e3o seja feito logo e de forma r\u00e1pida. Correios. Foto: [&hellip;]<\/p>\n","protected":false},"author":15,"featured_media":163855,"comment_status":"closed","ping_status":"closed","sticky":false,"template":"","format":"standard","meta":[],"categories":[64],"tags":[694,700,548,945],"suno_strategy":[],"class_list":["post-185910","post","type-post","status-publish","format-standard","has-post-thumbnail","hentry","category-negocios","tag-amazon-amzo34","tag-correios","tag-magazine-luiza-mglu3","tag-privatizacoes"],"yoast_head":"<!-- This site is optimized with the Yoast SEO plugin v24.4 - https:\/\/yoast.com\/wordpress\/plugins\/seo\/ -->\n<title>Edital da privatiza\u00e7\u00e3o dos Correios deve ser publicado em abril de 2022<\/title>\n<meta name=\"description\" content=\"O edital de privatiza\u00e7\u00e3o dos Correios deve ser publicado em abril de 2022, com a realiza\u00e7\u00e3o do leil\u00e3o em seguida. Clique aqui e saiba mais\" \/>\n<meta name=\"robots\" content=\"index, follow, max-snippet:-1, max-image-preview:large, max-video-preview:-1\" \/>\n<link rel=\"canonical\" href=\"https:\/\/www.suno.com.br\/noticias\/edital-da-privatizacao-dos-correios-deve-ser-publicado-em-abril-de-2022\/\" \/>\n<meta property=\"og:locale\" content=\"pt_BR\" \/>\n<meta property=\"og:type\" content=\"article\" \/>\n<meta property=\"og:title\" content=\"Edital da privatiza\u00e7\u00e3o dos Correios deve ser publicado em abril de 2022\" \/>\n<meta property=\"og:description\" content=\"O edital de privatiza\u00e7\u00e3o dos Correios deve ser publicado em abril de 2022, com a realiza\u00e7\u00e3o do leil\u00e3o em seguida. Clique aqui e saiba mais\" \/>\n<meta property=\"og:url\" content=\"https:\/\/www.suno.com.br\/noticias\/edital-da-privatizacao-dos-correios-deve-ser-publicado-em-abril-de-2022\/\" \/>\n<meta property=\"og:site_name\" content=\"Suno Not\u00edcias\" \/>\n<meta property=\"article:publisher\" content=\"https:\/\/facebook.com\/sunoresearch\" \/>\n<meta property=\"og:image\" content=\"https:\/\/files.sunoresearch.com.br\/n\/uploads\/2021\/07\/08c8c2eb-ffraz_abr_18091923261-scaled.jpg\" \/>\n\t<meta property=\"og:image:width\" content=\"2560\" \/>\n\t<meta property=\"og:image:height\" content=\"1707\" \/>\n\t<meta property=\"og:image:type\" content=\"image\/jpeg\" \/>\n<meta name=\"author\" content=\"Poliana Santos\" \/>\n<meta name=\"twitter:card\" content=\"summary_large_image\" \/>\n<meta name=\"twitter:creator\" content=\"@sunoresearch\" \/>\n<meta name=\"twitter:site\" content=\"@sunoresearch\" \/>\n<meta name=\"twitter:label1\" content=\"Escrito por\" \/>\n\t<meta name=\"twitter:data1\" content=\"Poliana Santos\" \/>\n\t<meta name=\"twitter:label2\" content=\"Est. tempo de leitura\" \/>\n\t<meta name=\"twitter:data2\" content=\"2 minutos\" \/>\n<script type=\"application\/ld+json\" class=\"yoast-schema-graph\">{\"@context\":\"https:\/\/schema.org\",\"@graph\":[{\"@type\":\"NewsArticle\",\"@id\":\"https:\/\/www.suno.com.br\/noticias\/edital-da-privatizacao-dos-correios-deve-ser-publicado-em-abril-de-2022\/#article\",\"isPartOf\":{\"@id\":\"https:\/\/www.suno.com.br\/noticias\/edital-da-privatizacao-dos-correios-deve-ser-publicado-em-abril-de-2022\/\"},\"author\":{\"name\":\"Poliana Santos\",\"@id\":\"https:\/\/www.suno.com.br\/noticias\/#\/schema\/person\/02ec1f752758247878a2bf4abee1aeda\"},\"headline\":\"Edital da privatiza\u00e7\u00e3o dos Correios deve ser publicado em abril de 2022\",\"datePublished\":\"2021-09-21T11:24:35+00:00\",\"mainEntityOfPage\":{\"@id\":\"https:\/\/www.suno.com.br\/noticias\/edital-da-privatizacao-dos-correios-deve-ser-publicado-em-abril-de-2022\/\"},\"wordCount\":413,\"publisher\":{\"@id\":\"https:\/\/www.suno.com.br\/noticias\/#organization\"},\"image\":{\"@id\":\"https:\/\/www.suno.com.br\/noticias\/edital-da-privatizacao-dos-correios-deve-ser-publicado-em-abril-de-2022\/#primaryimage\"},\"thumbnailUrl\":\"https:\/\/files.sunoresearch.com.br\/n\/uploads\/2021\/07\/08c8c2eb-ffraz_abr_18091923261-scaled.jpg\",\"keywords\":[\"Amazon (AMZO34)\",\"Correios\",\"Magazine Luiza (MGLU3)\",\"privatiza\u00e7\u00f5es\"],\"articleSection\":[\"Neg\u00f3cios\"],\"inLanguage\":\"pt-BR\"},{\"@type\":\"WebPage\",\"@id\":\"https:\/\/www.suno.com.br\/noticias\/edital-da-privatizacao-dos-correios-deve-ser-publicado-em-abril-de-2022\/\",\"url\":\"https:\/\/www.suno.com.br\/noticias\/edital-da-privatizacao-dos-correios-deve-ser-publicado-em-abril-de-2022\/\",\"name\":\"Edital da privatiza\u00e7\u00e3o dos Correios deve ser publicado em abril de 2022\",\"isPartOf\":{\"@id\":\"https:\/\/www.suno.com.br\/noticias\/#website\"},\"primaryImageOfPage\":{\"@id\":\"https:\/\/www.suno.com.br\/noticias\/edital-da-privatizacao-dos-correios-deve-ser-publicado-em-abril-de-2022\/#primaryimage\"},\"image\":{\"@id\":\"https:\/\/www.suno.com.br\/noticias\/edital-da-privatizacao-dos-correios-deve-ser-publicado-em-abril-de-2022\/#primaryimage\"},\"thumbnailUrl\":\"https:\/\/files.sunoresearch.com.br\/n\/uploads\/2021\/07\/08c8c2eb-ffraz_abr_18091923261-scaled.jpg\",\"datePublished\":\"2021-09-21T11:24:35+00:00\",\"description\":\"O edital de privatiza\u00e7\u00e3o dos Correios deve ser publicado em abril de 2022, com a realiza\u00e7\u00e3o do leil\u00e3o em seguida. Clique aqui e saiba mais\",\"breadcrumb\":{\"@id\":\"https:\/\/www.suno.com.br\/noticias\/edital-da-privatizacao-dos-correios-deve-ser-publicado-em-abril-de-2022\/#breadcrumb\"},\"inLanguage\":\"pt-BR\",\"potentialAction\":[{\"@type\":\"ReadAction\",\"target\":[\"https:\/\/www.suno.com.br\/noticias\/edital-da-privatizacao-dos-correios-deve-ser-publicado-em-abril-de-2022\/\"]}]},{\"@type\":\"ImageObject\",\"inLanguage\":\"pt-BR\",\"@id\":\"https:\/\/www.suno.com.br\/noticias\/edital-da-privatizacao-dos-correios-deve-ser-publicado-em-abril-de-2022\/#primaryimage\",\"url\":\"https:\/\/files.sunoresearch.com.br\/n\/uploads\/2021\/07\/08c8c2eb-ffraz_abr_18091923261-scaled.jpg\",\"contentUrl\":\"https:\/\/files.sunoresearch.com.br\/n\/uploads\/2021\/07\/08c8c2eb-ffraz_abr_18091923261-scaled.jpg\",\"width\":2560,\"height\":1707,\"caption\":\"Correios. Foto: Fernando Fraz\u00e3o\/Ag\u00eancia Brasil.\"},{\"@type\":\"BreadcrumbList\",\"@id\":\"https:\/\/www.suno.com.br\/noticias\/edital-da-privatizacao-dos-correios-deve-ser-publicado-em-abril-de-2022\/#breadcrumb\",\"itemListElement\":[{\"@type\":\"ListItem\",\"position\":1,\"name\":\"Not\u00edcias\",\"item\":\"https:\/\/www.suno.com.br\/noticias\/\"},{\"@type\":\"ListItem\",\"position\":2,\"name\":\"Neg\u00f3cios\",\"item\":\"https:\/\/www.suno.com.br\/noticias\/negocios\/\"},{\"@type\":\"ListItem\",\"position\":3,\"name\":\"Edital da privatiza\u00e7\u00e3o dos Correios deve ser publicado em abril de 2022\"}]},{\"@type\":\"WebSite\",\"@id\":\"https:\/\/www.suno.com.br\/noticias\/#website\",\"url\":\"https:\/\/www.suno.com.br\/noticias\/\",\"name\":\"Suno Not\u00edcias\",\"description\":\"Seu portal de informa\u00e7\u00e3o sobre o mundo dos investimentos\",\"publisher\":{\"@id\":\"https:\/\/www.suno.com.br\/noticias\/#organization\"},\"potentialAction\":[{\"@type\":\"SearchAction\",\"target\":{\"@type\":\"EntryPoint\",\"urlTemplate\":\"https:\/\/www.suno.com.br\/noticias\/?s={search_term_string}\"},\"query-input\":{\"@type\":\"PropertyValueSpecification\",\"valueRequired\":true,\"valueName\":\"search_term_string\"}}],\"inLanguage\":\"pt-BR\"},{\"@type\":\"Organization\",\"@id\":\"https:\/\/www.suno.com.br\/noticias\/#organization\",\"name\":\"Suno Not\u00edcias\",\"url\":\"https:\/\/www.suno.com.br\/noticias\/\",\"logo\":{\"@type\":\"ImageObject\",\"inLanguage\":\"pt-BR\",\"@id\":\"https:\/\/www.suno.com.br\/noticias\/#\/schema\/logo\/image\/\",\"url\":\"https:\/\/files.sunoresearch.com.br\/n\/uploads\/2021\/09\/suno-logo.png\",\"contentUrl\":\"https:\/\/files.sunoresearch.com.br\/n\/uploads\/2021\/09\/suno-logo.png\",\"width\":180,\"height\":180,\"caption\":\"Suno Not\u00edcias\"},\"image\":{\"@id\":\"https:\/\/www.suno.com.br\/noticias\/#\/schema\/logo\/image\/\"},\"sameAs\":[\"https:\/\/facebook.com\/sunoresearch\",\"https:\/\/x.com\/sunoresearch\",\"https:\/\/www.instagram.com\/suno\",\"https:\/\/www.linkedin.com\/company\/suno-research\/\",\"https:\/\/www.youtube.com\/c\/sunoresearch\"]},{\"@type\":\"Person\",\"@id\":\"https:\/\/www.suno.com.br\/noticias\/#\/schema\/person\/02ec1f752758247878a2bf4abee1aeda\",\"name\":\"Poliana Santos\",\"image\":{\"@type\":\"ImageObject\",\"inLanguage\":\"pt-BR\",\"@id\":\"https:\/\/www.suno.com.br\/noticias\/#\/schema\/person\/image\/\",\"url\":\"https:\/\/secure.gravatar.com\/avatar\/0645bd32f23d87b2130f2b2dff1d3f8d?s=96&r=g\",\"contentUrl\":\"https:\/\/secure.gravatar.com\/avatar\/0645bd32f23d87b2130f2b2dff1d3f8d?s=96&r=g\",\"caption\":\"Poliana Santos\"},\"description\":\"Rep\u00f3rter no Suno Not\u00edcias, com cobertura em mercado financeiro, economia, finan\u00e7as pessoais, renda fixa e varejo. Jornalista formada pela Faculdade C\u00e1sper L\u00edbero e possui passagem na R\u00e1dio Gazeta AM com a produ\u00e7\u00e3o de conte\u00fado sobre economia, pol\u00edtica, sa\u00fade, moda e m\u00fasica. Possui certificado de conclus\u00e3o do curso de An\u00e1lise de Balan\u00e7os pela Funda\u00e7\u00e3o Bradesco, Agenda Brasil pela FAAP, Educa\u00e7\u00e3o Pol\u00edtica por Alexandre Garcia e do Tesouro Direto e Mercado de A\u00e7\u00f5es pela B3.\",\"url\":\"https:\/\/www.suno.com.br\/noticias\/author\/poliana-santos\/\"}]}<\/script>\n<!-- \/ Yoast SEO plugin. -->","yoast_head_json":{"title":"Edital da privatiza\u00e7\u00e3o dos Correios deve ser publicado em abril de 2022","description":"O edital de privatiza\u00e7\u00e3o dos Correios deve ser publicado em abril de 2022, com a realiza\u00e7\u00e3o do leil\u00e3o em seguida. Clique aqui e saiba mais","robots":{"index":"index","follow":"follow","max-snippet":"max-snippet:-1","max-image-preview":"max-image-preview:large","max-video-preview":"max-video-preview:-1"},"canonical":"https:\/\/www.suno.com.br\/noticias\/edital-da-privatizacao-dos-correios-deve-ser-publicado-em-abril-de-2022\/","og_locale":"pt_BR","og_type":"article","og_title":"Edital da privatiza\u00e7\u00e3o dos Correios deve ser publicado em abril de 2022","og_description":"O edital de privatiza\u00e7\u00e3o dos Correios deve ser publicado em abril de 2022, com a realiza\u00e7\u00e3o do leil\u00e3o em seguida. Clique aqui e saiba mais","og_url":"https:\/\/www.suno.com.br\/noticias\/edital-da-privatizacao-dos-correios-deve-ser-publicado-em-abril-de-2022\/","og_site_name":"Suno Not\u00edcias","article_publisher":"https:\/\/facebook.com\/sunoresearch","og_image":[{"width":2560,"height":1707,"url":"https:\/\/files.sunoresearch.com.br\/n\/uploads\/2021\/07\/08c8c2eb-ffraz_abr_18091923261-scaled.jpg","type":"image\/jpeg"}],"author":"Poliana Santos","twitter_card":"summary_large_image","twitter_creator":"@sunoresearch","twitter_site":"@sunoresearch","twitter_misc":{"Escrito por":"Poliana Santos","Est. tempo de leitura":"2 minutos"},"schema":{"@context":"https:\/\/schema.org","@graph":[{"@type":"NewsArticle","@id":"https:\/\/www.suno.com.br\/noticias\/edital-da-privatizacao-dos-correios-deve-ser-publicado-em-abril-de-2022\/#article","isPartOf":{"@id":"https:\/\/www.suno.com.br\/noticias\/edital-da-privatizacao-dos-correios-deve-ser-publicado-em-abril-de-2022\/"},"author":{"name":"Poliana Santos","@id":"https:\/\/www.suno.com.br\/noticias\/#\/schema\/person\/02ec1f752758247878a2bf4abee1aeda"},"headline":"Edital da privatiza\u00e7\u00e3o dos Correios deve ser publicado em abril de 2022","datePublished":"2021-09-21T11:24:35+00:00","mainEntityOfPage":{"@id":"https:\/\/www.suno.com.br\/noticias\/edital-da-privatizacao-dos-correios-deve-ser-publicado-em-abril-de-2022\/"},"wordCount":413,"publisher":{"@id":"https:\/\/www.suno.com.br\/noticias\/#organization"},"image":{"@id":"https:\/\/www.suno.com.br\/noticias\/edital-da-privatizacao-dos-correios-deve-ser-publicado-em-abril-de-2022\/#primaryimage"},"thumbnailUrl":"https:\/\/files.sunoresearch.com.br\/n\/uploads\/2021\/07\/08c8c2eb-ffraz_abr_18091923261-scaled.jpg","keywords":["Amazon (AMZO34)","Correios","Magazine Luiza (MGLU3)","privatiza\u00e7\u00f5es"],"articleSection":["Neg\u00f3cios"],"inLanguage":"pt-BR"},{"@type":"WebPage","@id":"https:\/\/www.suno.com.br\/noticias\/edital-da-privatizacao-dos-correios-deve-ser-publicado-em-abril-de-2022\/","url":"https:\/\/www.suno.com.br\/noticias\/edital-da-privatizacao-dos-correios-deve-ser-publicado-em-abril-de-2022\/","name":"Edital da privatiza\u00e7\u00e3o dos Correios deve ser publicado em abril de 2022","isPartOf":{"@id":"https:\/\/www.suno.com.br\/noticias\/#website"},"primaryImageOfPage":{"@id":"https:\/\/www.suno.com.br\/noticias\/edital-da-privatizacao-dos-correios-deve-ser-publicado-em-abril-de-2022\/#primaryimage"},"image":{"@id":"https:\/\/www.suno.com.br\/noticias\/edital-da-privatizacao-dos-correios-deve-ser-publicado-em-abril-de-2022\/#primaryimage"},"thumbnailUrl":"https:\/\/files.sunoresearch.com.br\/n\/uploads\/2021\/07\/08c8c2eb-ffraz_abr_18091923261-scaled.jpg","datePublished":"2021-09-21T11:24:35+00:00","description":"O edital de privatiza\u00e7\u00e3o dos Correios deve ser publicado em abril de 2022, com a realiza\u00e7\u00e3o do leil\u00e3o em seguida. Clique aqui e saiba mais","breadcrumb":{"@id":"https:\/\/www.suno.com.br\/noticias\/edital-da-privatizacao-dos-correios-deve-ser-publicado-em-abril-de-2022\/#breadcrumb"},"inLanguage":"pt-BR","potentialAction":[{"@type":"ReadAction","target":["https:\/\/www.suno.com.br\/noticias\/edital-da-privatizacao-dos-correios-deve-ser-publicado-em-abril-de-2022\/"]}]},{"@type":"ImageObject","inLanguage":"pt-BR","@id":"https:\/\/www.suno.com.br\/noticias\/edital-da-privatizacao-dos-correios-deve-ser-publicado-em-abril-de-2022\/#primaryimage","url":"https:\/\/files.sunoresearch.com.br\/n\/uploads\/2021\/07\/08c8c2eb-ffraz_abr_18091923261-scaled.jpg","contentUrl":"https:\/\/files.sunoresearch.com.br\/n\/uploads\/2021\/07\/08c8c2eb-ffraz_abr_18091923261-scaled.jpg","width":2560,"height":1707,"caption":"Correios. Foto: Fernando Fraz\u00e3o\/Ag\u00eancia Brasil."},{"@type":"BreadcrumbList","@id":"https:\/\/www.suno.com.br\/noticias\/edital-da-privatizacao-dos-correios-deve-ser-publicado-em-abril-de-2022\/#breadcrumb","itemListElement":[{"@type":"ListItem","position":1,"name":"Not\u00edcias","item":"https:\/\/www.suno.com.br\/noticias\/"},{"@type":"ListItem","position":2,"name":"Neg\u00f3cios","item":"https:\/\/www.suno.com.br\/noticias\/negocios\/"},{"@type":"ListItem","position":3,"name":"Edital da privatiza\u00e7\u00e3o dos Correios deve ser publicado em abril de 2022"}]},{"@type":"WebSite","@id":"https:\/\/www.suno.com.br\/noticias\/#website","url":"https:\/\/www.suno.com.br\/noticias\/","name":"Suno Not\u00edcias","description":"Seu portal de informa\u00e7\u00e3o sobre o mundo dos investimentos","publisher":{"@id":"https:\/\/www.suno.com.br\/noticias\/#organization"},"potentialAction":[{"@type":"SearchAction","target":{"@type":"EntryPoint","urlTemplate":"https:\/\/www.suno.com.br\/noticias\/?s={search_term_string}"},"query-input":{"@type":"PropertyValueSpecification","valueRequired":true,"valueName":"search_term_string"}}],"inLanguage":"pt-BR"},{"@type":"Organization","@id":"https:\/\/www.suno.com.br\/noticias\/#organization","name":"Suno Not\u00edcias","url":"https:\/\/www.suno.com.br\/noticias\/","logo":{"@type":"ImageObject","inLanguage":"pt-BR","@id":"https:\/\/www.suno.com.br\/noticias\/#\/schema\/logo\/image\/","url":"https:\/\/files.sunoresearch.com.br\/n\/uploads\/2021\/09\/suno-logo.png","contentUrl":"https:\/\/files.sunoresearch.com.br\/n\/uploads\/2021\/09\/suno-logo.png","width":180,"height":180,"caption":"Suno Not\u00edcias"},"image":{"@id":"https:\/\/www.suno.com.br\/noticias\/#\/schema\/logo\/image\/"},"sameAs":["https:\/\/facebook.com\/sunoresearch","https:\/\/x.com\/sunoresearch","https:\/\/www.instagram.com\/suno","https:\/\/www.linkedin.com\/company\/suno-research\/","https:\/\/www.youtube.com\/c\/sunoresearch"]},{"@type":"Person","@id":"https:\/\/www.suno.com.br\/noticias\/#\/schema\/person\/02ec1f752758247878a2bf4abee1aeda","name":"Poliana Santos","image":{"@type":"ImageObject","inLanguage":"pt-BR","@id":"https:\/\/www.suno.com.br\/noticias\/#\/schema\/person\/image\/","url":"https:\/\/secure.gravatar.com\/avatar\/0645bd32f23d87b2130f2b2dff1d3f8d?s=96&r=g","contentUrl":"https:\/\/secure.gravatar.com\/avatar\/0645bd32f23d87b2130f2b2dff1d3f8d?s=96&r=g","caption":"Poliana Santos"},"description":"Rep\u00f3rter no Suno Not\u00edcias, com cobertura em mercado financeiro, economia, finan\u00e7as pessoais, renda fixa e varejo. Jornalista formada pela Faculdade C\u00e1sper L\u00edbero e possui passagem na R\u00e1dio Gazeta AM com a produ\u00e7\u00e3o de conte\u00fado sobre economia, pol\u00edtica, sa\u00fade, moda e m\u00fasica. Possui certificado de conclus\u00e3o do curso de An\u00e1lise de Balan\u00e7os pela Funda\u00e7\u00e3o Bradesco, Agenda Brasil pela FAAP, Educa\u00e7\u00e3o Pol\u00edtica por Alexandre Garcia e do Tesouro Direto e Mercado de A\u00e7\u00f5es pela B3.","url":"https:\/\/www.suno.com.br\/noticias\/author\/poliana-santos\/"}]}},"default_loop_html":"<div class=\"cardsPage__listCard__boxs\"><div class=\"cardsPage__listCard__boxs__img\"><a href=\"https:\/\/www.suno.com.br\/noticias\/edital-da-privatizacao-dos-correios-deve-ser-publicado-em-abril-de-2022\/\"><img class=\"mask\" src=\"https:\/\/www.suno.com.br\/noticias\/wp-content\/themes\/suno\/resources\/images\/spotlight\/spotlight1img\/bg-mask.png\" alt=\"Image Mask\"\/><img src=\"https:\/\/files.sunoresearch.com.br\/n\/uploads\/2021\/07\/08c8c2eb-ffraz_abr_18091923261-400x200.jpg\" alt=\"Edital da privatiza\u00e7\u00e3o dos Correios deve ser publicado em abril de 2022\"\/><\/a><span class=\"spotlightCategory\"><a href=\"https:\/\/www.suno.com.br\/noticias\/negocios\/\">Neg\u00f3cios<\/a><\/span><\/div><div class=\"cardsPage__listCard__boxs__content\"><a href=\"https:\/\/www.suno.com.br\/noticias\/edital-da-privatizacao-dos-correios-deve-ser-publicado-em-abril-de-2022\/\"><h2 class=\"content__title\">Edital da privatiza\u00e7\u00e3o dos Correios deve ser publicado em abril de 2022<\/h2><\/a><div class=\"newsContent__article__meta\"><div class=\"newsContent__article__meta__authorBox\"><a href=\"https:\/\/www.suno.com.br\/noticias\/author\/poliana-santos\/\" class=\"authorBox__avatar noMobi\"><img src=\"https:\/\/files.sunoresearch.com.br\/n\/uploads\/2020\/08\/7ef34026-whatsapp-image-2020-08-03-at-12.37.57-150x150.webp\" alt=\"Poliana Santos\"><\/a><div class=\"authorBox__name\"><span>por\n\t\t\t<a href=\"https:\/\/www.suno.com.br\/noticias\/author\/poliana-santos\/\"><span itemprop=\"author\">Poliana Santos<\/span><\/a><\/span><time datetime=\"2021-09-21T08:24:35-03:00\" itemprop=\"datePublished\">21\/09\/2021 08:24<\/time><\/div><\/div><\/div><\/div><\/div>","single_layout":"posts","amp_enabled":true,"_links":{"self":[{"href":"https:\/\/www.suno.com.br\/noticias\/wp-json\/wp\/v2\/posts\/185910"}],"collection":[{"href":"https:\/\/www.suno.com.br\/noticias\/wp-json\/wp\/v2\/posts"}],"about":[{"href":"https:\/\/www.suno.com.br\/noticias\/wp-json\/wp\/v2\/types\/post"}],"author":[{"embeddable":true,"href":"https:\/\/www.suno.com.br\/noticias\/wp-json\/wp\/v2\/users\/15"}],"replies":[{"embeddable":true,"href":"https:\/\/www.suno.com.br\/noticias\/wp-json\/wp\/v2\/comments?post=185910"}],"version-history":[{"count":3,"href":"https:\/\/www.suno.com.br\/noticias\/wp-json\/wp\/v2\/posts\/185910\/revisions"}],"predecessor-version":[{"id":185926,"href":"https:\/\/www.suno.com.br\/noticias\/wp-json\/wp\/v2\/posts\/185910\/revisions\/185926"}],"wp:featuredmedia":[{"embeddable":true,"href":"https:\/\/www.suno.com.br\/noticias\/wp-json\/wp\/v2\/media\/163855"}],"wp:attachment":[{"href":"https:\/\/www.suno.com.br\/noticias\/wp-json\/wp\/v2\/media?parent=185910"}],"wp:term":[{"taxonomy":"category","embeddable":true,"href":"https:\/\/www.suno.com.br\/noticias\/wp-json\/wp\/v2\/categories?post=185910"},{"taxonomy":"post_tag","embeddable":true,"href":"https:\/\/www.suno.com.br\/noticias\/wp-json\/wp\/v2\/tags?post=185910"},{"taxonomy":"suno_strategy","embeddable":true,"href":"https:\/\/www.suno.com.br\/noticias\/wp-json\/wp\/v2\/suno_strategy?post=185910"}],"curies":[{"name":"wp","href":"https:\/\/api.w.org\/{rel}","templated":true}]}}