{"id":185885,"date":"2021-09-20T22:24:56","date_gmt":"2021-09-21T01:24:56","guid":{"rendered":"https:\/\/www.suno.com.br\/noticias\/?p=185885"},"modified":"2021-09-20T22:30:15","modified_gmt":"2021-09-21T01:30:15","slug":"cosan-csan3-compra-fatia-adicional-radar","status":"publish","type":"post","link":"https:\/\/www.suno.com.br\/noticias\/cosan-csan3-compra-fatia-adicional-radar\/","title":{"rendered":"Cosan (CSAN3) anuncia compra de 47% de participa\u00e7\u00e3o no Grupo Radar por R$ 1,479 bi"},"content":{"rendered":"<p>A <a class=\"suno-keyword\" href=\"https:\/\/www.suno.com.br\/acoes\/CSAN3\/\" target=\"_blank\" rel=\"noopener\" data-force=\"yes\" data-priority=\"2\">Cosan (CSAN3)<\/a> anunciou nesta segunda (20) a compra de 47% da participa\u00e7\u00e3o adicional j\u00e1 detida pela companhia no Grupo Radar, gestora de propriedades agr\u00edcolas. O contrato de compra e venda foi fechado com a Mansilla, do fundo de investimento TIAA (Teachers Insurance and Annuity Association of America).<\/p>\t<div class=\"wrapper-featured-image\">\n\t\t<figure class=\"spotlightImg\">\n\n\t\t\t<picture>\n\t\t\t\t<source media=\"(max-width: 768px)\" srcset=\"https:\/\/files.sunoresearch.com.br\/n\/uploads\/2021\/05\/00f4e48c-1292900_544693992252750_274590456_o-400x200.webp\">\n\t\t\t\t<img loading=\"lazy\" decoding=\"async\" class=\"newsContent__article__imgCapa lazyloadDisabled \" src=\"https:\/\/files.sunoresearch.com.br\/n\/uploads\/2021\/05\/00f4e48c-1292900_544693992252750_274590456_o-800x450.webp\" width=\"800\" height=\"450\" alt=\"Cosan (CSAN3) anuncia compra de 47% de participa\u00e7\u00e3o no Grupo Radar por R$ 1,479 bi\" fetchpriority=high \/>\n\t\t\t<\/picture>\n\n\t\t\t<figcaption class=\"wp-caption-text wp-caption-text--show\">Cosan. Foto: Reprodu\u00e7\u00e3o\/Facebook<\/figcaption>\n\t\t<\/figure>\n\t<\/div>\n\n\n\t<p>\n\t\t<a href=\"https:\/\/lp.suno.com.br\/planilha-controle-gastos\/\" target=\"_blank\" data-element=\"shortcode-suno-banner\" title=\"Banner SUNO, clique e saiba mais\">\n\t\t\t<picture>\n\t\t\t\t<source media=\"(max-width: 500px)\" srcset=\"https:\/\/files.sunoresearch.com.br\/n\/uploads\/2023\/03\/400x300-Planilha-controle-de-gastos.png\">\n\t\t\t\t<img class=\"newsContent__article__imgCapa newsContent__article__imgCapa--banner\"\n\t\t\t\t\tsrc=\"https:\/\/files.sunoresearch.com.br\/n\/uploads\/2023\/03\/1420x240-Planilha-controle-de-gastos.png\"\n\t\t\t\t\tdata-promo-id=\"101751\"\t\t\t\t\t\t\t\t\t\twidth='1420' height='240'\t\t\t\t\talt=\"https:\/\/files.sunoresearch.com.br\/n\/uploads\/2023\/03\/1420x240-Planilha-controle-de-gastos.png\"\n\t\t\t\t>\n\t\t\t<\/picture>\n\t\t<\/a>\n\t<\/p>\n\n\n<p>O pre\u00e7o l\u00edquido da aquisi\u00e7\u00e3o \u00e9 de aproximadamente R$ 1,479 bilh\u00e3o. A Cosan passar\u00e1 a deter mais de 50% do total do capital social da Radar.<\/p>\n<p>&#8220;A companhia dever\u00e1 fazer a aquisi\u00e7\u00e3o por meio da estrutura de Fundo de Investimentos anunciada em <strong><a class=\"suno-keyword\" href=\"https:\/\/www.suno.com.br\/artigos\/fato-relevante\/\" target=\"_blank\" rel=\"noopener\" data-force=\"no\" data-priority=\"1\">fato relevante<\/a><\/strong> em 23 de agosto de 2021&#8243;, diz a empresa em nota ao mercado.<\/p>\n<p>A Radar \u00e9 uma gestora de propriedades agr\u00edcolas, com capacidade para investir em ativos com alto potencial produtivo no Brasil. &#8220;Por meio de um sistema de geomonitoramento via sat\u00e9lite, det\u00e9m e administra cerca de 390 propriedades rurais com um total de 96.000 hectares, dedicados ao cultivo de cana-de-a\u00e7\u00facar, soja, algod\u00e3o, milho e outros nos Estados de S\u00e3o Paulo, Maranh\u00e3o, e Mato Grosso&#8221;, explica o comunicado da Cosan.<\/p>\n<p>&#8220;Este movimento est\u00e1 alinhado \u00e0 estrat\u00e9gia de aloca\u00e7\u00e3o de capital da Cosan, refor\u00e7ando o compromisso da companhia com o desenvolvimento do agroneg\u00f3cio brasileiro e com a cria\u00e7\u00e3o de valor para seus stakeholders. O fechamento definitivo da opera\u00e7\u00e3o est\u00e1 condicionado \u00e0 aprova\u00e7\u00e3o do Conselho Administrativo de Defesa Econ\u00f4mico, Cade&#8221;, lembra a companhia.<\/p>\n\t<p>\n\t\t<a href=\"\" target=\"_blank\" data-element=\"shortcode-suno-banner\" title=\"Banner SUNO, clique e saiba mais\">\n\t\t\t<picture>\n\t\t\t\t<source media=\"(max-width: 500px)\" srcset=\"\">\n\t\t\t\t<img class=\"newsContent__article__imgCapa newsContent__article__imgCapa--banner\"\n\t\t\t\t\tsrc=\"\"\n\t\t\t\t\tdata-promo-id=\"77053\"\t\t\t\t\t\t\t\t\t\t\t\t\t\t\talt=\"\"\n\t\t\t\t>\n\t\t\t<\/picture>\n\t\t<\/a>\n\t<\/p>\n\n\n<h2>Rodada de investimentos na Compass<\/h2>\n<p>\u00c9 mais um movimento importante da companhia anunciado este m\u00eas. No \u00faltimo dia 4 de setembro, o <a class=\"suno-keyword\" href=\"https:\/\/www.suno.com.br\/acoes\/BBDC4\/\" target=\"_blank\" rel=\"noopener\" data-force=\"yes\" data-priority=\"2\">Bradesco (BBDC4)<\/a> liderou uma rodada de investimento de R$ 1,44 bilh\u00e3o na Compass, subsidi\u00e1ria da Cosan (CSAN3) que atua no segmento de g\u00e1s. A transa\u00e7\u00e3o avaliou a Compass em R$ 17,31 milh\u00f5es, pre-money.<\/p>\n<p>O aporte garantir\u00e1 \u00e0 Cosan um total R$ 2,25 bilh\u00f5es para a subsidi\u00e1ria e possibilidade de postergar um pouco mais uma\u00a0<a href=\"https:\/\/www.suno.com.br\/artigos\/ipo\/\">oferta p\u00fablica inicial de a\u00e7\u00f5es (IPO<\/a>, na sigla em ingl\u00eas). Ap\u00f3s o aporte, a holding ainda deter\u00e1\u00a0 88% da companhia.<\/p>\n<p>A Bradesco Seguros entrou com cerca de R$ 800 milh\u00f5es do total e deve ficar com 4% da\u00a0<strong>Compass<\/strong>. Brasil Capital, Prisma Capital e N\u00facleo Capital s\u00e3o os outros investidores.<\/p>\n<p>De acordo com o\u00a0<em>Brazil<\/em>\u00a0<em>Journal<\/em>, a opera\u00e7\u00e3o nasceu de um telefonema entre o presidente do\u00a0<strong>Bradesco<\/strong>\u00a0<a class=\"suno-keyword\" href=\"https:\/\/www.suno.com.br\/tudo-sobre\/luiz-carlos-trabuco\/\" target=\"_blank\" rel=\"noopener\" data-force=\"no\" data-priority=\"2\">Luiz Carlos Trabuco<\/a>\u00a0e o controlador da Cosan\u00a0<a href=\"https:\/\/www.suno.com.br\/tudo-sobre\/rubens-ometto-silveira-mello\/\">Rubens Ometto<\/a>, na sequ\u00eancia do an\u00fancio do investimento milion\u00e1rio da Atmos Capital na Compass.<\/p>\n\t<p>\n\t\t<a href=\"\" target=\"_blank\" data-element=\"shortcode-suno-banner\" title=\"Banner SUNO, clique e saiba mais\">\n\t\t\t<picture>\n\t\t\t\t<source media=\"(max-width: 500px)\" srcset=\"\">\n\t\t\t\t<img class=\"newsContent__article__imgCapa newsContent__article__imgCapa--banner\"\n\t\t\t\t\tsrc=\"\"\n\t\t\t\t\tdata-promo-id=\"89005\"\t\t\t\t\t\t\t\t\t\t\t\t\t\t\talt=\"\"\n\t\t\t\t>\n\t\t\t<\/picture>\n\t\t<\/a>\n\t<\/p>\n\n\n<p>Em maio, a gestora fechou a compra de 4,68% da subsidi\u00e1ria, por um montante de R$ 810 milh\u00f5es. A transa\u00e7\u00e3o avaliou a empresa em R$ 16,5 bilh\u00f5es e impulsionou as\u00a0<strong>a\u00e7\u00f5es da Cosan<\/strong>\u00a0na Bolsa de Valores de S\u00e3o Paulo (B3).<\/p>\n<p>Com a press\u00e3o do Bradesco de um lado e um mercado de IPO recheado de incertezas para 2022, a holding decidiu por uma nova rodada na Compass, a qual deve garantir o caixa para a aquisi\u00e7\u00e3o da\u00a0<strong>Gaspetro.<\/strong><\/p>\n<h2>Cota\u00e7\u00e3o da Cosan nesta segunda<\/h2>\n<p>A <strong>Cosan<\/strong> (CSAN3) anotou nesta segunda queda de 1,58% no fim da sess\u00e3o de hoje na Bolsa de Valores (B3), com pap\u00e9is negociados a R$ 23,02.<\/p>\n\t<p>\n\t\t<a href=\"https:\/\/lp.suno.com.br\/planilha-de-controle-de-investimentos\/\" target=\"_blank\" data-element=\"shortcode-suno-banner\" title=\"Banner SUNO, clique e saiba mais\">\n\t\t\t<picture>\n\t\t\t\t<source media=\"(max-width: 500px)\" srcset=\"https:\/\/files.sunoresearch.com.br\/n\/uploads\/2023\/03\/400x300-Controle-de-Investimentos.png\">\n\t\t\t\t<img class=\"newsContent__article__imgCapa newsContent__article__imgCapa--banner\"\n\t\t\t\t\tsrc=\"https:\/\/files.sunoresearch.com.br\/n\/uploads\/2023\/03\/1420x240-Controle-de-Investimentos.png\"\n\t\t\t\t\tdata-promo-id=\"75934\"\t\t\t\t\t\t\t\t\t\twidth='1420' height='240'\t\t\t\t\talt=\"https:\/\/files.sunoresearch.com.br\/n\/uploads\/2023\/03\/1420x240-Controle-de-Investimentos.png\"\n\t\t\t\t>\n\t\t\t<\/picture>\n\t\t<\/a>\n\t<\/p>\n\n\n<p>&nbsp;<\/p>\n","protected":false},"excerpt":{"rendered":"<p>A Cosan (CSAN3) anunciou nesta segunda (20) a compra de 47% da participa\u00e7\u00e3o adicional j\u00e1 detida pela companhia no Grupo Radar, gestora de propriedades agr\u00edcolas. O contrato de compra e venda foi fechado com a Mansilla, do fundo de investimento TIAA (Teachers Insurance and Annuity Association of America). Cosan. Foto: Reprodu\u00e7\u00e3o\/Facebook O pre\u00e7o l\u00edquido da [&hellip;]<\/p>\n","protected":false},"author":98,"featured_media":152844,"comment_status":"closed","ping_status":"closed","sticky":false,"template":"","format":"standard","meta":[],"categories":[64],"tags":[433],"suno_strategy":[],"class_list":["post-185885","post","type-post","status-publish","format-standard","has-post-thumbnail","hentry","category-negocios","tag-cosan-csan3"],"yoast_head":"<!-- This site is optimized with the Yoast SEO plugin v24.4 - https:\/\/yoast.com\/wordpress\/plugins\/seo\/ -->\n<title>Cosan (CSAN3) compra 47% de fatia adicional na Radar por R$ 1,479 bi<\/title>\n<meta name=\"description\" content=\"A Cosan (CSAN3) anunciou que comprou da Mansilla 47% da participa\u00e7\u00e3o adicional detida pela companhia no Grupo Radar. Veja mais\" \/>\n<meta name=\"robots\" content=\"index, follow, max-snippet:-1, max-image-preview:large, max-video-preview:-1\" \/>\n<link rel=\"canonical\" href=\"https:\/\/www.suno.com.br\/noticias\/cosan-csan3-compra-fatia-adicional-radar\/\" \/>\n<meta property=\"og:locale\" content=\"pt_BR\" \/>\n<meta property=\"og:type\" content=\"article\" \/>\n<meta property=\"og:title\" content=\"Cosan (CSAN3) compra 47% de fatia adicional na Radar por R$ 1,479 bi\" \/>\n<meta property=\"og:description\" content=\"A Cosan (CSAN3) anunciou que comprou da Mansilla 47% da participa\u00e7\u00e3o adicional detida pela companhia no Grupo Radar. Veja mais\" \/>\n<meta property=\"og:url\" content=\"https:\/\/www.suno.com.br\/noticias\/cosan-csan3-compra-fatia-adicional-radar\/\" \/>\n<meta property=\"og:site_name\" content=\"Suno Not\u00edcias\" \/>\n<meta property=\"article:publisher\" content=\"https:\/\/facebook.com\/sunoresearch\" \/>\n<meta property=\"og:image\" content=\"https:\/\/files.sunoresearch.com.br\/n\/uploads\/2021\/05\/00f4e48c-1292900_544693992252750_274590456_o.jpg\" \/>\n\t<meta property=\"og:image:width\" content=\"2048\" \/>\n\t<meta property=\"og:image:height\" content=\"1366\" \/>\n\t<meta property=\"og:image:type\" content=\"image\/jpeg\" \/>\n<meta name=\"author\" content=\"Marco Ant\u00f4nio Lopes\" \/>\n<meta name=\"twitter:card\" content=\"summary_large_image\" \/>\n<meta name=\"twitter:creator\" content=\"@sunoresearch\" \/>\n<meta name=\"twitter:site\" content=\"@sunoresearch\" \/>\n<meta name=\"twitter:label1\" content=\"Escrito por\" \/>\n\t<meta name=\"twitter:data1\" content=\"Marco Ant\u00f4nio Lopes\" \/>\n\t<meta name=\"twitter:label2\" content=\"Est. tempo de leitura\" \/>\n\t<meta name=\"twitter:data2\" content=\"3 minutos\" \/>\n<script type=\"application\/ld+json\" class=\"yoast-schema-graph\">{\"@context\":\"https:\/\/schema.org\",\"@graph\":[{\"@type\":\"NewsArticle\",\"@id\":\"https:\/\/www.suno.com.br\/noticias\/cosan-csan3-compra-fatia-adicional-radar\/#article\",\"isPartOf\":{\"@id\":\"https:\/\/www.suno.com.br\/noticias\/cosan-csan3-compra-fatia-adicional-radar\/\"},\"author\":{\"name\":\"Marco Ant\u00f4nio Lopes\",\"@id\":\"https:\/\/www.suno.com.br\/noticias\/#\/schema\/person\/829bbe8d57f84333b966b96229c6bf5f\"},\"headline\":\"Cosan (CSAN3) anuncia compra de 47% de participa\u00e7\u00e3o no Grupo Radar por R$ 1,479 bi\",\"datePublished\":\"2021-09-21T01:24:56+00:00\",\"dateModified\":\"2021-09-21T01:30:15+00:00\",\"mainEntityOfPage\":{\"@id\":\"https:\/\/www.suno.com.br\/noticias\/cosan-csan3-compra-fatia-adicional-radar\/\"},\"wordCount\":550,\"publisher\":{\"@id\":\"https:\/\/www.suno.com.br\/noticias\/#organization\"},\"image\":{\"@id\":\"https:\/\/www.suno.com.br\/noticias\/cosan-csan3-compra-fatia-adicional-radar\/#primaryimage\"},\"thumbnailUrl\":\"https:\/\/files.sunoresearch.com.br\/n\/uploads\/2021\/05\/00f4e48c-1292900_544693992252750_274590456_o-jpg.webp\",\"keywords\":[\"Cosan (CSAN3)\"],\"articleSection\":[\"Neg\u00f3cios\"],\"inLanguage\":\"pt-BR\"},{\"@type\":\"WebPage\",\"@id\":\"https:\/\/www.suno.com.br\/noticias\/cosan-csan3-compra-fatia-adicional-radar\/\",\"url\":\"https:\/\/www.suno.com.br\/noticias\/cosan-csan3-compra-fatia-adicional-radar\/\",\"name\":\"Cosan (CSAN3) compra 47% de fatia adicional na Radar por R$ 1,479 bi\",\"isPartOf\":{\"@id\":\"https:\/\/www.suno.com.br\/noticias\/#website\"},\"primaryImageOfPage\":{\"@id\":\"https:\/\/www.suno.com.br\/noticias\/cosan-csan3-compra-fatia-adicional-radar\/#primaryimage\"},\"image\":{\"@id\":\"https:\/\/www.suno.com.br\/noticias\/cosan-csan3-compra-fatia-adicional-radar\/#primaryimage\"},\"thumbnailUrl\":\"https:\/\/files.sunoresearch.com.br\/n\/uploads\/2021\/05\/00f4e48c-1292900_544693992252750_274590456_o-jpg.webp\",\"datePublished\":\"2021-09-21T01:24:56+00:00\",\"dateModified\":\"2021-09-21T01:30:15+00:00\",\"description\":\"A Cosan (CSAN3) anunciou que comprou da Mansilla 47% da participa\u00e7\u00e3o adicional detida pela companhia no Grupo Radar. Veja mais\",\"breadcrumb\":{\"@id\":\"https:\/\/www.suno.com.br\/noticias\/cosan-csan3-compra-fatia-adicional-radar\/#breadcrumb\"},\"inLanguage\":\"pt-BR\",\"potentialAction\":[{\"@type\":\"ReadAction\",\"target\":[\"https:\/\/www.suno.com.br\/noticias\/cosan-csan3-compra-fatia-adicional-radar\/\"]}]},{\"@type\":\"ImageObject\",\"inLanguage\":\"pt-BR\",\"@id\":\"https:\/\/www.suno.com.br\/noticias\/cosan-csan3-compra-fatia-adicional-radar\/#primaryimage\",\"url\":\"https:\/\/files.sunoresearch.com.br\/n\/uploads\/2021\/05\/00f4e48c-1292900_544693992252750_274590456_o-jpg.webp\",\"contentUrl\":\"https:\/\/files.sunoresearch.com.br\/n\/uploads\/2021\/05\/00f4e48c-1292900_544693992252750_274590456_o-jpg.webp\",\"width\":2048,\"height\":1366,\"caption\":\"Cosan. Foto: Reprodu\u00e7\u00e3o\/Facebook\"},{\"@type\":\"BreadcrumbList\",\"@id\":\"https:\/\/www.suno.com.br\/noticias\/cosan-csan3-compra-fatia-adicional-radar\/#breadcrumb\",\"itemListElement\":[{\"@type\":\"ListItem\",\"position\":1,\"name\":\"Not\u00edcias\",\"item\":\"https:\/\/www.suno.com.br\/noticias\/\"},{\"@type\":\"ListItem\",\"position\":2,\"name\":\"Neg\u00f3cios\",\"item\":\"https:\/\/www.suno.com.br\/noticias\/negocios\/\"},{\"@type\":\"ListItem\",\"position\":3,\"name\":\"Cosan (CSAN3) anuncia compra de 47% de participa\u00e7\u00e3o no Grupo Radar por R$ 1,479 bi\"}]},{\"@type\":\"WebSite\",\"@id\":\"https:\/\/www.suno.com.br\/noticias\/#website\",\"url\":\"https:\/\/www.suno.com.br\/noticias\/\",\"name\":\"Suno Not\u00edcias\",\"description\":\"Seu portal de informa\u00e7\u00e3o sobre o mundo dos investimentos\",\"publisher\":{\"@id\":\"https:\/\/www.suno.com.br\/noticias\/#organization\"},\"potentialAction\":[{\"@type\":\"SearchAction\",\"target\":{\"@type\":\"EntryPoint\",\"urlTemplate\":\"https:\/\/www.suno.com.br\/noticias\/?s={search_term_string}\"},\"query-input\":{\"@type\":\"PropertyValueSpecification\",\"valueRequired\":true,\"valueName\":\"search_term_string\"}}],\"inLanguage\":\"pt-BR\"},{\"@type\":\"Organization\",\"@id\":\"https:\/\/www.suno.com.br\/noticias\/#organization\",\"name\":\"Suno Not\u00edcias\",\"url\":\"https:\/\/www.suno.com.br\/noticias\/\",\"logo\":{\"@type\":\"ImageObject\",\"inLanguage\":\"pt-BR\",\"@id\":\"https:\/\/www.suno.com.br\/noticias\/#\/schema\/logo\/image\/\",\"url\":\"https:\/\/files.sunoresearch.com.br\/n\/uploads\/2021\/09\/suno-logo.png\",\"contentUrl\":\"https:\/\/files.sunoresearch.com.br\/n\/uploads\/2021\/09\/suno-logo.png\",\"width\":180,\"height\":180,\"caption\":\"Suno Not\u00edcias\"},\"image\":{\"@id\":\"https:\/\/www.suno.com.br\/noticias\/#\/schema\/logo\/image\/\"},\"sameAs\":[\"https:\/\/facebook.com\/sunoresearch\",\"https:\/\/x.com\/sunoresearch\",\"https:\/\/www.instagram.com\/suno\",\"https:\/\/www.linkedin.com\/company\/suno-research\/\",\"https:\/\/www.youtube.com\/c\/sunoresearch\"]},{\"@type\":\"Person\",\"@id\":\"https:\/\/www.suno.com.br\/noticias\/#\/schema\/person\/829bbe8d57f84333b966b96229c6bf5f\",\"name\":\"Marco Ant\u00f4nio Lopes\",\"image\":{\"@type\":\"ImageObject\",\"inLanguage\":\"pt-BR\",\"@id\":\"https:\/\/www.suno.com.br\/noticias\/#\/schema\/person\/image\/\",\"url\":\"https:\/\/secure.gravatar.com\/avatar\/385167b012fbc1cde32c5446ee253313?s=96&r=g\",\"contentUrl\":\"https:\/\/secure.gravatar.com\/avatar\/385167b012fbc1cde32c5446ee253313?s=96&r=g\",\"caption\":\"Marco Ant\u00f4nio Lopes\"},\"description\":\"Jornalista, \u00e9 editor no Suno Not\u00edcias. Trabalhou nas revistas Playboy, Super, Veja Comer &amp; Beber, Homem Vogue e Universo Masculino, al\u00e9m dos portais Abril.com, R7, nas editorias de Home, Esportes, Hora 7, Entretenimento e Geral, e Eu Quero Investir. Autor do livro Bruce Lee: Definitivo (Editora Conrad). Colaborou nas revistas Nova, Veja SP, Grandes Guerras, Placar, Bizz, Casa Claudia e Quatro Rodas.\",\"url\":\"https:\/\/www.suno.com.br\/noticias\/author\/marco-lopes\/\"}]}<\/script>\n<!-- \/ Yoast SEO plugin. -->","yoast_head_json":{"title":"Cosan (CSAN3) compra 47% de fatia adicional na Radar por R$ 1,479 bi","description":"A Cosan (CSAN3) anunciou que comprou da Mansilla 47% da participa\u00e7\u00e3o adicional detida pela companhia no Grupo Radar. Veja mais","robots":{"index":"index","follow":"follow","max-snippet":"max-snippet:-1","max-image-preview":"max-image-preview:large","max-video-preview":"max-video-preview:-1"},"canonical":"https:\/\/www.suno.com.br\/noticias\/cosan-csan3-compra-fatia-adicional-radar\/","og_locale":"pt_BR","og_type":"article","og_title":"Cosan (CSAN3) compra 47% de fatia adicional na Radar por R$ 1,479 bi","og_description":"A Cosan (CSAN3) anunciou que comprou da Mansilla 47% da participa\u00e7\u00e3o adicional detida pela companhia no Grupo Radar. Veja mais","og_url":"https:\/\/www.suno.com.br\/noticias\/cosan-csan3-compra-fatia-adicional-radar\/","og_site_name":"Suno Not\u00edcias","article_publisher":"https:\/\/facebook.com\/sunoresearch","og_image":[{"width":2048,"height":1366,"url":"https:\/\/files.sunoresearch.com.br\/n\/uploads\/2021\/05\/00f4e48c-1292900_544693992252750_274590456_o.jpg","type":"image\/jpeg"}],"author":"Marco Ant\u00f4nio Lopes","twitter_card":"summary_large_image","twitter_creator":"@sunoresearch","twitter_site":"@sunoresearch","twitter_misc":{"Escrito por":"Marco Ant\u00f4nio Lopes","Est. tempo de leitura":"3 minutos"},"schema":{"@context":"https:\/\/schema.org","@graph":[{"@type":"NewsArticle","@id":"https:\/\/www.suno.com.br\/noticias\/cosan-csan3-compra-fatia-adicional-radar\/#article","isPartOf":{"@id":"https:\/\/www.suno.com.br\/noticias\/cosan-csan3-compra-fatia-adicional-radar\/"},"author":{"name":"Marco Ant\u00f4nio Lopes","@id":"https:\/\/www.suno.com.br\/noticias\/#\/schema\/person\/829bbe8d57f84333b966b96229c6bf5f"},"headline":"Cosan (CSAN3) anuncia compra de 47% de participa\u00e7\u00e3o no Grupo Radar por R$ 1,479 bi","datePublished":"2021-09-21T01:24:56+00:00","dateModified":"2021-09-21T01:30:15+00:00","mainEntityOfPage":{"@id":"https:\/\/www.suno.com.br\/noticias\/cosan-csan3-compra-fatia-adicional-radar\/"},"wordCount":550,"publisher":{"@id":"https:\/\/www.suno.com.br\/noticias\/#organization"},"image":{"@id":"https:\/\/www.suno.com.br\/noticias\/cosan-csan3-compra-fatia-adicional-radar\/#primaryimage"},"thumbnailUrl":"https:\/\/files.sunoresearch.com.br\/n\/uploads\/2021\/05\/00f4e48c-1292900_544693992252750_274590456_o-jpg.webp","keywords":["Cosan (CSAN3)"],"articleSection":["Neg\u00f3cios"],"inLanguage":"pt-BR"},{"@type":"WebPage","@id":"https:\/\/www.suno.com.br\/noticias\/cosan-csan3-compra-fatia-adicional-radar\/","url":"https:\/\/www.suno.com.br\/noticias\/cosan-csan3-compra-fatia-adicional-radar\/","name":"Cosan (CSAN3) compra 47% de fatia adicional na Radar por R$ 1,479 bi","isPartOf":{"@id":"https:\/\/www.suno.com.br\/noticias\/#website"},"primaryImageOfPage":{"@id":"https:\/\/www.suno.com.br\/noticias\/cosan-csan3-compra-fatia-adicional-radar\/#primaryimage"},"image":{"@id":"https:\/\/www.suno.com.br\/noticias\/cosan-csan3-compra-fatia-adicional-radar\/#primaryimage"},"thumbnailUrl":"https:\/\/files.sunoresearch.com.br\/n\/uploads\/2021\/05\/00f4e48c-1292900_544693992252750_274590456_o-jpg.webp","datePublished":"2021-09-21T01:24:56+00:00","dateModified":"2021-09-21T01:30:15+00:00","description":"A Cosan (CSAN3) anunciou que comprou da Mansilla 47% da participa\u00e7\u00e3o adicional detida pela companhia no Grupo Radar. Veja mais","breadcrumb":{"@id":"https:\/\/www.suno.com.br\/noticias\/cosan-csan3-compra-fatia-adicional-radar\/#breadcrumb"},"inLanguage":"pt-BR","potentialAction":[{"@type":"ReadAction","target":["https:\/\/www.suno.com.br\/noticias\/cosan-csan3-compra-fatia-adicional-radar\/"]}]},{"@type":"ImageObject","inLanguage":"pt-BR","@id":"https:\/\/www.suno.com.br\/noticias\/cosan-csan3-compra-fatia-adicional-radar\/#primaryimage","url":"https:\/\/files.sunoresearch.com.br\/n\/uploads\/2021\/05\/00f4e48c-1292900_544693992252750_274590456_o-jpg.webp","contentUrl":"https:\/\/files.sunoresearch.com.br\/n\/uploads\/2021\/05\/00f4e48c-1292900_544693992252750_274590456_o-jpg.webp","width":2048,"height":1366,"caption":"Cosan. Foto: Reprodu\u00e7\u00e3o\/Facebook"},{"@type":"BreadcrumbList","@id":"https:\/\/www.suno.com.br\/noticias\/cosan-csan3-compra-fatia-adicional-radar\/#breadcrumb","itemListElement":[{"@type":"ListItem","position":1,"name":"Not\u00edcias","item":"https:\/\/www.suno.com.br\/noticias\/"},{"@type":"ListItem","position":2,"name":"Neg\u00f3cios","item":"https:\/\/www.suno.com.br\/noticias\/negocios\/"},{"@type":"ListItem","position":3,"name":"Cosan (CSAN3) anuncia compra de 47% de participa\u00e7\u00e3o no Grupo Radar por R$ 1,479 bi"}]},{"@type":"WebSite","@id":"https:\/\/www.suno.com.br\/noticias\/#website","url":"https:\/\/www.suno.com.br\/noticias\/","name":"Suno Not\u00edcias","description":"Seu portal de informa\u00e7\u00e3o sobre o mundo dos investimentos","publisher":{"@id":"https:\/\/www.suno.com.br\/noticias\/#organization"},"potentialAction":[{"@type":"SearchAction","target":{"@type":"EntryPoint","urlTemplate":"https:\/\/www.suno.com.br\/noticias\/?s={search_term_string}"},"query-input":{"@type":"PropertyValueSpecification","valueRequired":true,"valueName":"search_term_string"}}],"inLanguage":"pt-BR"},{"@type":"Organization","@id":"https:\/\/www.suno.com.br\/noticias\/#organization","name":"Suno Not\u00edcias","url":"https:\/\/www.suno.com.br\/noticias\/","logo":{"@type":"ImageObject","inLanguage":"pt-BR","@id":"https:\/\/www.suno.com.br\/noticias\/#\/schema\/logo\/image\/","url":"https:\/\/files.sunoresearch.com.br\/n\/uploads\/2021\/09\/suno-logo.png","contentUrl":"https:\/\/files.sunoresearch.com.br\/n\/uploads\/2021\/09\/suno-logo.png","width":180,"height":180,"caption":"Suno Not\u00edcias"},"image":{"@id":"https:\/\/www.suno.com.br\/noticias\/#\/schema\/logo\/image\/"},"sameAs":["https:\/\/facebook.com\/sunoresearch","https:\/\/x.com\/sunoresearch","https:\/\/www.instagram.com\/suno","https:\/\/www.linkedin.com\/company\/suno-research\/","https:\/\/www.youtube.com\/c\/sunoresearch"]},{"@type":"Person","@id":"https:\/\/www.suno.com.br\/noticias\/#\/schema\/person\/829bbe8d57f84333b966b96229c6bf5f","name":"Marco Ant\u00f4nio Lopes","image":{"@type":"ImageObject","inLanguage":"pt-BR","@id":"https:\/\/www.suno.com.br\/noticias\/#\/schema\/person\/image\/","url":"https:\/\/secure.gravatar.com\/avatar\/385167b012fbc1cde32c5446ee253313?s=96&r=g","contentUrl":"https:\/\/secure.gravatar.com\/avatar\/385167b012fbc1cde32c5446ee253313?s=96&r=g","caption":"Marco Ant\u00f4nio Lopes"},"description":"Jornalista, \u00e9 editor no Suno Not\u00edcias. Trabalhou nas revistas Playboy, Super, Veja Comer &amp; Beber, Homem Vogue e Universo Masculino, al\u00e9m dos portais Abril.com, R7, nas editorias de Home, Esportes, Hora 7, Entretenimento e Geral, e Eu Quero Investir. Autor do livro Bruce Lee: Definitivo (Editora Conrad). Colaborou nas revistas Nova, Veja SP, Grandes Guerras, Placar, Bizz, Casa Claudia e Quatro Rodas.","url":"https:\/\/www.suno.com.br\/noticias\/author\/marco-lopes\/"}]}},"default_loop_html":"<div class=\"cardsPage__listCard__boxs\"><div class=\"cardsPage__listCard__boxs__img\"><a href=\"https:\/\/www.suno.com.br\/noticias\/cosan-csan3-compra-fatia-adicional-radar\/\"><img class=\"mask\" src=\"https:\/\/www.suno.com.br\/noticias\/wp-content\/themes\/suno\/resources\/images\/spotlight\/spotlight1img\/bg-mask.png\" alt=\"Image Mask\"\/><img src=\"https:\/\/files.sunoresearch.com.br\/n\/uploads\/2021\/05\/00f4e48c-1292900_544693992252750_274590456_o-400x200.webp\" alt=\"Cosan (CSAN3) anuncia compra de 47% de participa\u00e7\u00e3o no Grupo Radar por R$ 1,479 bi\"\/><\/a><span class=\"spotlightCategory\"><a href=\"https:\/\/www.suno.com.br\/noticias\/negocios\/\">Neg\u00f3cios<\/a><\/span><\/div><div class=\"cardsPage__listCard__boxs__content\"><a href=\"https:\/\/www.suno.com.br\/noticias\/cosan-csan3-compra-fatia-adicional-radar\/\"><h2 class=\"content__title\">Cosan (CSAN3) anuncia compra de 47% de participa\u00e7\u00e3o no Grupo Radar por R$ 1,479 bi<\/h2><\/a><div class=\"newsContent__article__meta\"><div class=\"newsContent__article__meta__authorBox\"><a href=\"https:\/\/www.suno.com.br\/noticias\/author\/marco-lopes\/\" class=\"authorBox__avatar noMobi\"><img src=\"https:\/\/secure.gravatar.com\/avatar\/385167b012fbc1cde32c5446ee253313?s=96&#038;r=g\" alt=\"Marco Ant\u00f4nio Lopes\"><\/a><div class=\"authorBox__name\"><span>por\n\t\t\t<a href=\"https:\/\/www.suno.com.br\/noticias\/author\/marco-lopes\/\"><span itemprop=\"author\">Marco Ant\u00f4nio Lopes<\/span><\/a><\/span><time datetime=\"2021-09-20T22:24:56-03:00\" itemprop=\"datePublished\">20\/09\/2021 22:24<\/time><\/div><\/div><\/div><\/div><\/div>","single_layout":"posts","amp_enabled":true,"_links":{"self":[{"href":"https:\/\/www.suno.com.br\/noticias\/wp-json\/wp\/v2\/posts\/185885"}],"collection":[{"href":"https:\/\/www.suno.com.br\/noticias\/wp-json\/wp\/v2\/posts"}],"about":[{"href":"https:\/\/www.suno.com.br\/noticias\/wp-json\/wp\/v2\/types\/post"}],"author":[{"embeddable":true,"href":"https:\/\/www.suno.com.br\/noticias\/wp-json\/wp\/v2\/users\/98"}],"replies":[{"embeddable":true,"href":"https:\/\/www.suno.com.br\/noticias\/wp-json\/wp\/v2\/comments?post=185885"}],"version-history":[{"count":3,"href":"https:\/\/www.suno.com.br\/noticias\/wp-json\/wp\/v2\/posts\/185885\/revisions"}],"predecessor-version":[{"id":185890,"href":"https:\/\/www.suno.com.br\/noticias\/wp-json\/wp\/v2\/posts\/185885\/revisions\/185890"}],"wp:featuredmedia":[{"embeddable":true,"href":"https:\/\/www.suno.com.br\/noticias\/wp-json\/wp\/v2\/media\/152844"}],"wp:attachment":[{"href":"https:\/\/www.suno.com.br\/noticias\/wp-json\/wp\/v2\/media?parent=185885"}],"wp:term":[{"taxonomy":"category","embeddable":true,"href":"https:\/\/www.suno.com.br\/noticias\/wp-json\/wp\/v2\/categories?post=185885"},{"taxonomy":"post_tag","embeddable":true,"href":"https:\/\/www.suno.com.br\/noticias\/wp-json\/wp\/v2\/tags?post=185885"},{"taxonomy":"suno_strategy","embeddable":true,"href":"https:\/\/www.suno.com.br\/noticias\/wp-json\/wp\/v2\/suno_strategy?post=185885"}],"curies":[{"name":"wp","href":"https:\/\/api.w.org\/{rel}","templated":true}]}}