{"id":185668,"date":"2021-09-20T16:30:45","date_gmt":"2021-09-20T19:30:45","guid":{"rendered":"https:\/\/www.suno.com.br\/noticias\/?p=185668"},"modified":"2021-09-20T16:30:45","modified_gmt":"2021-09-20T19:30:45","slug":"caso-calote-evergrande-repercute-mercado-comentarios","status":"publish","type":"post","link":"https:\/\/www.suno.com.br\/noticias\/caso-calote-evergrande-repercute-mercado-comentarios\/","title":{"rendered":"Calote da Evergrande assusta mercado e especialistas veem risco de colapso na China"},"content":{"rendered":"<p>Com a possibilidade iminente da <strong>Evergrande<\/strong><a href=\"https:\/\/www.suno.com.br\/noticias\/ubs-ashmores-blackrock-credores-evergrande\/\">\u00a0dar um calote de US$ 300 bilh\u00f5es na China<\/a>, os mercados tombam nesta segunda-feira (20), com quedas em praticamente todos os \u00edndices mundiais, com exce\u00e7\u00e3o do Nikkei e do SSE Composite, fechados em decorr\u00eancia do feriado.<\/p>\t<div class=\"wrapper-featured-image\">\n\t\t<figure class=\"spotlightImg\">\n\n\t\t\t<picture>\n\t\t\t\t<source media=\"(max-width: 768px)\" srcset=\"https:\/\/files.sunoresearch.com.br\/n\/uploads\/2021\/09\/Residential_buildings_developed_by_Evergrande_in_Yuanyang-400x200.jpg\">\n\t\t\t\t<img loading=\"lazy\" decoding=\"async\" class=\"newsContent__article__imgCapa lazyloadDisabled \" src=\"https:\/\/files.sunoresearch.com.br\/n\/uploads\/2021\/09\/Residential_buildings_developed_by_Evergrande_in_Yuanyang-800x450.jpg\" width=\"800\" height=\"450\" alt=\"Calote da Evergrande assusta mercado e especialistas veem risco de colapso na China\" fetchpriority=high \/>\n\t\t\t<\/picture>\n\n\t\t\t<figcaption class=\"wp-caption-text wp-caption-text--show\">Evergrande. Foto: Reprodu\u00e7\u00e3o\/Site Evergrande<\/figcaption>\n\t\t<\/figure>\n\t<\/div>\n\n\n\t<p>\n\t\t<a href=\"https:\/\/lp.suno.com.br\/planilha-controle-gastos\/\" target=\"_blank\" data-element=\"shortcode-suno-banner\" title=\"Banner SUNO, clique e saiba mais\">\n\t\t\t<picture>\n\t\t\t\t<source media=\"(max-width: 500px)\" srcset=\"https:\/\/files.sunoresearch.com.br\/n\/uploads\/2023\/03\/400x300-Planilha-controle-de-gastos.png\">\n\t\t\t\t<img class=\"newsContent__article__imgCapa newsContent__article__imgCapa--banner\"\n\t\t\t\t\tsrc=\"https:\/\/files.sunoresearch.com.br\/n\/uploads\/2023\/03\/1420x240-Planilha-controle-de-gastos.png\"\n\t\t\t\t\tdata-promo-id=\"101751\"\t\t\t\t\t\t\t\t\t\twidth='1420' height='240'\t\t\t\t\talt=\"https:\/\/files.sunoresearch.com.br\/n\/uploads\/2023\/03\/1420x240-Planilha-controle-de-gastos.png\"\n\t\t\t\t>\n\t\t\t<\/picture>\n\t\t<\/a>\n\t<\/p>\n\n\n<p>A crise ganhou repercuss\u00e3o ap\u00f3s a possibilidade concreta de <strong>calote da Evergrande<\/strong>, segunda maior incorporadora imobili\u00e1ria da China, <a href=\"https:\/\/www.suno.com.br\/artigos\/risco-de-credito\/\">vir a p\u00fablico na ter\u00e7a-feira (14)<\/a> afirmar que h\u00e1 uma possibilidade de a companhia n\u00e3o conseguir honrar suas d\u00edvidas.<\/p>\n<p>Com o montante colossal a ser pago, analistas j\u00e1 alertam para a possibilidade de um colapso no <a href=\"https:\/\/www.suno.com.br\/artigos\/sistema-financeiro\"><strong>sistema financeiro chin\u00eas<\/strong><\/a>, o que eventualmente tamb\u00e9m geraria problemas em cadeia nos mercados e nas economias internacionais, considerando que a companhia chinesa possui empr\u00e9stimos e t\u00edtulos com outras institui\u00e7\u00f5es.<\/p>\n\n\t<div data-element=\"shortcode-read-more\" class=\"readToo\">\n\t\t\t\t<span class=\"readToo__title\">Leia mais<\/span>\n\t\t\t\t<ul class=\"readToo__list\">\n\t\t\t<li><a href=\"https:\/\/www.suno.com.br\/noticias\/ibovespa-abaixo-110-mil-pontos-evergrande-queda-minerio-de-ferro\/\">Ibovespa fica abaixo dos 110 mil pontos com Evergrande e queda do min\u00e9rio de ferro<\/a><\/li><li><a href=\"https:\/\/www.suno.com.br\/noticias\/ubs-ashmores-blackrock-credores-evergrande\/\">UBS, Ashmore e BlackRock s\u00e3o credores da Evergrande, que pode dar calote de US$ 300 bilh\u00f5es<\/a><\/li>\t\t<\/ul>\n\t<\/div>\n\n\n<p>Recentemente a Bloomberg revelou que algumas das maiores <a class=\"suno-keyword\" href=\"https:\/\/www.suno.com.br\/artigos\/instituicoes-financeiras\/\" target=\"_blank\" rel=\"noopener\" data-force=\"no\" data-priority=\"1\">institui\u00e7\u00f5es financeiras<\/a> do mundo, como UBS, BlackRock e Ashmore, t\u00eam &#8220;quantias significativas&#8221; em t\u00edtulos da Evergrande, que agora corre risco de <strong>fal\u00eancia<\/strong>.<\/p>\n<p>O estrategista-chefe do <strong>UBS<\/strong>, Bhanu Baweja, afirmou recentemente que o grupo &#8220;n\u00e3o deve ocasionar um evento Lehman&#8221;, em refer\u00eancia \u00e0 fal\u00eancia do banco <strong>Lehman<\/strong> Brothers, um dos principais na <a class=\"suno-keyword\" href=\"https:\/\/www.suno.com.br\/artigos\/crise-financeira\/\" target=\"_blank\" rel=\"noopener\" data-force=\"no\" data-priority=\"1\">crise financeira<\/a> desencadeada pela <a class=\"suno-keyword\" href=\"https:\/\/www.suno.com.br\/artigos\/bolha-imobiliaria\/\" target=\"_blank\" rel=\"noopener\" data-force=\"no\" data-priority=\"1\">bolha imobili\u00e1ria<\/a>, em 2008. Em nota oficial, a companhia deu um novo tom ao evento.<\/p>\n\t<p>\n\t\t<a href=\"https:\/\/lp.suno.com.br\/planilha-da-vida-financeira\/\" target=\"_blank\" data-element=\"shortcode-suno-banner\" title=\"Banner SUNO, clique e saiba mais\">\n\t\t\t<picture>\n\t\t\t\t<source media=\"(max-width: 500px)\" srcset=\"https:\/\/files.sunoresearch.com.br\/n\/uploads\/2023\/04\/400x300-Planilha-vida-financeira-true.png\">\n\t\t\t\t<img class=\"newsContent__article__imgCapa newsContent__article__imgCapa--banner\"\n\t\t\t\t\tsrc=\"https:\/\/files.sunoresearch.com.br\/n\/uploads\/2023\/04\/1420x240-Planilha-vida-financeira-true.png\"\n\t\t\t\t\tdata-promo-id=\"106682\"\t\t\t\t\t\t\t\t\t\twidth='1420' height='240'\t\t\t\t\talt=\"https:\/\/files.sunoresearch.com.br\/n\/uploads\/2023\/04\/1420x240-Planilha-vida-financeira-true.png\"\n\t\t\t\t>\n\t\t\t<\/picture>\n\t\t<\/a>\n\t<\/p>\n\n\n<p>&#8220;H\u00e1 tr\u00eas semanas n\u00e3o v\u00edamos nenhum risco iminente de ocorr\u00eancia de um evento de cr\u00e9dito para Evergrande. Desde ent\u00e3o, houve uma s\u00e9rie de contratempos que nos levaram a acreditar que um evento de cr\u00e9dito parece inevit\u00e1vel&#8221;, disse a UBS.<\/p>\n<p>A Vista Capital escreveu em julho, em carta do seus fundos, sobre a quest\u00e3o.<\/p>\n<p>&#8220;Um adendo, com implica\u00e7\u00f5es tanto para Brasil quanto para a economia global, sobre eventos recentes da China: o frenesi regulat\u00f3rio em curso, al\u00e9m dos impactos \u00f3bvios sobre as a\u00e7\u00f5es dos setores envolvidos, ter\u00e1 implica\u00e7\u00f5es potencialmente importantes sobre as perspectivas de <a class=\"suno-keyword\" href=\"https:\/\/www.suno.com.br\/artigos\/longo-prazo\/\" target=\"_blank\" rel=\"noopener\" data-force=\"no\" data-priority=\"1\">longo prazo<\/a> de crescimento da China, o que foge do escopo dessa carta&#8221;, consta no documento intitulado Carta do gestor &#8211; Vista Macro.<\/p>\n\t<p>\n\t\t<a href=\"https:\/\/lp.suno.com.br\/ebook-como-analisar-uma-acao\/\" target=\"_blank\" data-element=\"shortcode-suno-banner\" title=\"Banner SUNO, clique e saiba mais\">\n\t\t\t<picture>\n\t\t\t\t<source media=\"(max-width: 500px)\" srcset=\"https:\/\/files.sunoresearch.com.br\/n\/uploads\/2023\/03\/Ebook-Acoes-Mobile-1.jpg\">\n\t\t\t\t<img class=\"newsContent__article__imgCapa newsContent__article__imgCapa--banner\"\n\t\t\t\t\tsrc=\"https:\/\/files.sunoresearch.com.br\/n\/uploads\/2023\/03\/Ebook-Acoes-Desktop-1.jpg\"\n\t\t\t\t\tdata-promo-id=\"171998\"\t\t\t\t\t\t\t\t\t\twidth='1420' height='286'\t\t\t\t\talt=\"https:\/\/files.sunoresearch.com.br\/n\/uploads\/2023\/03\/Ebook-Acoes-Desktop-1.jpg\"\n\t\t\t\t>\n\t\t\t<\/picture>\n\t\t<\/a>\n\t<\/p>\n\n\n<p>&#8220;No entanto, a piora cont\u00ednua nos bonds da Evergrande, a principal incorporadora chinesa, tem nos chamado aten\u00e7\u00e3o, em um contexto em que as expectativas de policy easing para o setor de real estate tem sido consistentemente desapontadas. A garantia impl\u00edcita do governo central para bailout das empresas endividadas est\u00e1 em cheque. O governo chin\u00eas est\u00e1 claramente priorizando os desafios demogr\u00e1ficos de um pa\u00eds que est\u00e1 envelhecendo antes de ficar rico. O peso das hipotecas e dos altos pre\u00e7os de im\u00f3veis s\u00e3o percebidos com obst\u00e1culos centrais para a forma\u00e7\u00e3o de fam\u00edlias. Al\u00e9m disso, o governo entende que o setor de properties absorve muito do crescimento do cr\u00e9dito e contribui para enfraquecer o consumo&#8221;, acrescenta.<\/p>\n<p>Nas redes, alguns coment\u00e1rios destacam o efeito negativo e mensuram o tamanho do caos financeiro que pode ser gerado com a o <strong>efeito Evergrande<\/strong>.<\/p>\n\t<p>\n\t\t<a href=\"https:\/\/lp.suno.com.br\/planilha-de-controle-de-investimentos\/\" target=\"_blank\" data-element=\"shortcode-suno-banner\" title=\"Banner SUNO, clique e saiba mais\">\n\t\t\t<picture>\n\t\t\t\t<source media=\"(max-width: 500px)\" srcset=\"https:\/\/files.sunoresearch.com.br\/n\/uploads\/2023\/03\/400x300-Controle-de-Investimentos.png\">\n\t\t\t\t<img class=\"newsContent__article__imgCapa newsContent__article__imgCapa--banner\"\n\t\t\t\t\tsrc=\"https:\/\/files.sunoresearch.com.br\/n\/uploads\/2023\/03\/1420x240-Controle-de-Investimentos.png\"\n\t\t\t\t\tdata-promo-id=\"75934\"\t\t\t\t\t\t\t\t\t\twidth='1420' height='240'\t\t\t\t\talt=\"https:\/\/files.sunoresearch.com.br\/n\/uploads\/2023\/03\/1420x240-Controle-de-Investimentos.png\"\n\t\t\t\t>\n\t\t\t<\/picture>\n\t\t<\/a>\n\t<\/p>\n\n\n<p>&#8220;Uma curiosidade, a Evergrande deve 180 milh\u00f5es de yuans em juros por dia&#8221;, frisa o economista Igor Mundstock, fundador da Mundstock Educacional, em sua conta no Twitter.<\/p>\n<h2>Veja outros coment\u00e1rios e an\u00e1lises sobre a Evergrande nas redes sociais<\/h2>\n<p>Apesar dos credores e t\u00edtulos de d\u00edvida em outros pa\u00edses, uma parte significativa dos principais bancos citados no site da Evergrande s\u00e3o estatais, de desenvolvimento, ap\u00f3lice, entre outros. Ou seja, tem pouco envolvimento internacional\u00a0 &#8211; que fica com os bonds, detidos pela UBS e pela Ashmore, por exemplo.<\/p>\n<blockquote class=\"twitter-tweet\">\n<p dir=\"ltr\" lang=\"en\">\ud83c\udde8\ud83c\uddf3EVERGRANDE BANQUEIROS PRINCIPAIS\ud83c\udde8\ud83c\uddf3<\/p>\n<p>Banqueiros Principais<br \/>\nChina Minsheng Banking<br \/>\nBanco Agr\u00edcola da China Limited<br \/>\nChina CITIC Bank Corporation Limited<br \/>\nChina Everbright Bank Company Limited Banco<br \/>\nIndustrial e Comercial da China Limited<br \/>\nChina Zheshang Bank Co Ltd<br \/>\n\u2935\ufe0f <a href=\"https:\/\/t.co\/waEv0QbzjQ\">pic.twitter.com\/waEv0QbzjQ<\/a><\/p>\n<p>\u2014 @Denise (@Denise_Alemanha) <a href=\"https:\/\/twitter.com\/Denise_Alemanha\/status\/1439670636452974598?ref_src=twsrc%5Etfw\">September 19, 2021<\/a><\/p><\/blockquote>\n<p><script async src=\"https:\/\/platform.twitter.com\/widgets.js\" charset=\"utf-8\"><\/script><\/p>\n<p>Com a crise se alastrando internamente, bolsas e commodities caem:<\/p>\n<blockquote class=\"twitter-tweet\">\n<p dir=\"ltr\" lang=\"pt\">Mercados l\u00e1 fora amanhecem no vermelho, cont\u00e1gio da Evergrande e riscos vindos da China + semana de reuni\u00e3o do FED. Min\u00e9rio cai mais 8,6%, j\u00e1 em $92\/ton. <a href=\"https:\/\/t.co\/aLwynK0nTG\">pic.twitter.com\/aLwynK0nTG<\/a><\/p>\n<p>\u2014 Fernando Ferreira, CFA (@fernandofferre) <a href=\"https:\/\/twitter.com\/fernandofferre\/status\/1439886094418522114?ref_src=twsrc%5Etfw\">September 20, 2021<\/a><\/p><\/blockquote>\n<p><script async src=\"https:\/\/platform.twitter.com\/widgets.js\" charset=\"utf-8\"><\/script><\/p>\n<blockquote class=\"twitter-tweet\">\n<p dir=\"ltr\" lang=\"pt\">Pre\u00e7o do bond da Evergrande. Queda livre! <a href=\"https:\/\/t.co\/hKpiJPe5bl\">pic.twitter.com\/hKpiJPe5bl<\/a><\/p>\n<p>\u2014 Marcos Weigt, CGA (@mweigt) <a href=\"https:\/\/twitter.com\/mweigt\/status\/1439983391194198017?ref_src=twsrc%5Etfw\">September 20, 2021<\/a><\/p><\/blockquote>\n<p><script async src=\"https:\/\/platform.twitter.com\/widgets.js\" charset=\"utf-8\"><\/script><\/p>\n<blockquote class=\"twitter-tweet\">\n<p dir=\"ltr\" lang=\"pt\">Investidores descontentes da China Evergrande lotam a sede em protesto. <a href=\"https:\/\/t.co\/iTs1IKqJa4\">pic.twitter.com\/iTs1IKqJa4<\/a><\/p>\n<p>\u2014 Roberto C. Amorim\ud83d\uddef (@_roberto_amorim) <a href=\"https:\/\/twitter.com\/_roberto_amorim\/status\/1439951192071802880?ref_src=twsrc%5Etfw\">September 20, 2021<\/a><\/p><\/blockquote>\n<p><script async src=\"https:\/\/platform.twitter.com\/widgets.js\" charset=\"utf-8\"><\/script><\/p>\n<h2>Cota\u00e7\u00e3o da Evergrande<\/h2>\n<p>Desde o in\u00edcio do ano, as a\u00e7\u00f5es da <strong>Evergrande<\/strong> j\u00e1 caem 83%, com a derrocada iniciando em meados de junho de 2020. A cota\u00e7\u00e3o mais recente \u00e9 de HK$ 2,28, ante HK$ 25,80 vistos na metade do ano passado. A m\u00e1xima da companhia foi em 2017, com HK$ 31,55.<\/p>\n\t<p>\n\t\t<a href=\"\" target=\"_blank\" data-element=\"shortcode-suno-banner\" title=\"Banner SUNO, clique e saiba mais\">\n\t\t\t<picture>\n\t\t\t\t<source media=\"(max-width: 500px)\" srcset=\"\">\n\t\t\t\t<img class=\"newsContent__article__imgCapa newsContent__article__imgCapa--banner\"\n\t\t\t\t\tsrc=\"\"\n\t\t\t\t\tdata-promo-id=\"184190\"\t\t\t\t\t\t\t\t\t\t\t\t\t\t\talt=\"\"\n\t\t\t\t>\n\t\t\t<\/picture>\n\t\t<\/a>\n\t<\/p>\n\n\n","protected":false},"excerpt":{"rendered":"<p>Com a possibilidade iminente da Evergrande\u00a0dar um calote de US$ 300 bilh\u00f5es na China, os mercados tombam nesta segunda-feira (20), com quedas em praticamente todos os \u00edndices mundiais, com exce\u00e7\u00e3o do Nikkei e do SSE Composite, fechados em decorr\u00eancia do feriado. A crise ganhou repercuss\u00e3o ap\u00f3s a possibilidade concreta de calote da Evergrande, segunda maior [&hellip;]<\/p>\n","protected":false},"author":73,"featured_media":185516,"comment_status":"closed","ping_status":"closed","sticky":false,"template":"","format":"standard","meta":[],"categories":[64],"tags":[2204,104703,711,1880,1904],"suno_strategy":[],"class_list":["post-185668","post","type-post","status-publish","format-standard","has-post-thumbnail","hentry","category-negocios","tag-bolsa-de-valores-de-hong-kong","tag-bolsas-mundiais","tag-china","tag-hong-kong","tag-mercado-imobiliario"],"yoast_head":"<!-- This site is optimized with the Yoast SEO plugin v24.4 - https:\/\/yoast.com\/wordpress\/plugins\/seo\/ -->\n<title>Calote da Evergrande: especialistas veem risco de colapso na China<\/title>\n<meta name=\"description\" content=\"A crise ganhou repercuss\u00e3o ap\u00f3s a possibilidade concreta de calote da Evergrande, com d\u00edvida de US$ 300 bilh\u00f5es. Clique aqui e leia mais.\" \/>\n<meta name=\"robots\" content=\"index, follow, max-snippet:-1, max-image-preview:large, max-video-preview:-1\" \/>\n<link rel=\"canonical\" href=\"https:\/\/www.suno.com.br\/noticias\/caso-calote-evergrande-repercute-mercado-comentarios\/\" \/>\n<meta property=\"og:locale\" content=\"pt_BR\" \/>\n<meta property=\"og:type\" content=\"article\" \/>\n<meta property=\"og:title\" content=\"Calote da Evergrande: especialistas veem risco de colapso na China\" \/>\n<meta property=\"og:description\" content=\"A crise ganhou repercuss\u00e3o ap\u00f3s a possibilidade concreta de calote da Evergrande, com d\u00edvida de US$ 300 bilh\u00f5es. Clique aqui e leia mais.\" \/>\n<meta property=\"og:url\" content=\"https:\/\/www.suno.com.br\/noticias\/caso-calote-evergrande-repercute-mercado-comentarios\/\" \/>\n<meta property=\"og:site_name\" content=\"Suno Not\u00edcias\" \/>\n<meta property=\"article:publisher\" content=\"https:\/\/facebook.com\/sunoresearch\" \/>\n<meta property=\"og:image\" content=\"https:\/\/files.sunoresearch.com.br\/n\/uploads\/2021\/09\/Residential_buildings_developed_by_Evergrande_in_Yuanyang.jpg\" \/>\n\t<meta property=\"og:image:width\" content=\"1280\" \/>\n\t<meta property=\"og:image:height\" content=\"853\" \/>\n\t<meta property=\"og:image:type\" content=\"image\/jpeg\" \/>\n<meta name=\"author\" content=\"Eduardo Vargas\" \/>\n<meta name=\"twitter:card\" content=\"summary_large_image\" \/>\n<meta name=\"twitter:creator\" content=\"@sunoresearch\" \/>\n<meta name=\"twitter:site\" content=\"@sunoresearch\" \/>\n<meta name=\"twitter:label1\" content=\"Escrito por\" \/>\n\t<meta name=\"twitter:data1\" content=\"Eduardo Vargas\" \/>\n\t<meta name=\"twitter:label2\" content=\"Est. tempo de leitura\" \/>\n\t<meta name=\"twitter:data2\" content=\"4 minutos\" \/>\n<script type=\"application\/ld+json\" class=\"yoast-schema-graph\">{\"@context\":\"https:\/\/schema.org\",\"@graph\":[{\"@type\":\"NewsArticle\",\"@id\":\"https:\/\/www.suno.com.br\/noticias\/caso-calote-evergrande-repercute-mercado-comentarios\/#article\",\"isPartOf\":{\"@id\":\"https:\/\/www.suno.com.br\/noticias\/caso-calote-evergrande-repercute-mercado-comentarios\/\"},\"author\":{\"name\":\"Eduardo Vargas\",\"@id\":\"https:\/\/www.suno.com.br\/noticias\/#\/schema\/person\/7f4d362bf3518e76090143ae77bb49a5\"},\"headline\":\"Calote da Evergrande assusta mercado e especialistas veem risco de colapso na China\",\"datePublished\":\"2021-09-20T19:30:45+00:00\",\"mainEntityOfPage\":{\"@id\":\"https:\/\/www.suno.com.br\/noticias\/caso-calote-evergrande-repercute-mercado-comentarios\/\"},\"wordCount\":814,\"publisher\":{\"@id\":\"https:\/\/www.suno.com.br\/noticias\/#organization\"},\"image\":{\"@id\":\"https:\/\/www.suno.com.br\/noticias\/caso-calote-evergrande-repercute-mercado-comentarios\/#primaryimage\"},\"thumbnailUrl\":\"https:\/\/files.sunoresearch.com.br\/n\/uploads\/2021\/09\/Residential_buildings_developed_by_Evergrande_in_Yuanyang.jpg\",\"keywords\":[\"Bolsa de Valores de Hong Kong\",\"Bolsas mundiais\",\"China\",\"Hong Kong\",\"mercado imobili\u00e1rio\"],\"articleSection\":[\"Neg\u00f3cios\"],\"inLanguage\":\"pt-BR\"},{\"@type\":\"WebPage\",\"@id\":\"https:\/\/www.suno.com.br\/noticias\/caso-calote-evergrande-repercute-mercado-comentarios\/\",\"url\":\"https:\/\/www.suno.com.br\/noticias\/caso-calote-evergrande-repercute-mercado-comentarios\/\",\"name\":\"Calote da Evergrande: especialistas veem risco de colapso na China\",\"isPartOf\":{\"@id\":\"https:\/\/www.suno.com.br\/noticias\/#website\"},\"primaryImageOfPage\":{\"@id\":\"https:\/\/www.suno.com.br\/noticias\/caso-calote-evergrande-repercute-mercado-comentarios\/#primaryimage\"},\"image\":{\"@id\":\"https:\/\/www.suno.com.br\/noticias\/caso-calote-evergrande-repercute-mercado-comentarios\/#primaryimage\"},\"thumbnailUrl\":\"https:\/\/files.sunoresearch.com.br\/n\/uploads\/2021\/09\/Residential_buildings_developed_by_Evergrande_in_Yuanyang.jpg\",\"datePublished\":\"2021-09-20T19:30:45+00:00\",\"description\":\"A crise ganhou repercuss\u00e3o ap\u00f3s a possibilidade concreta de calote da Evergrande, com d\u00edvida de US$ 300 bilh\u00f5es. Clique aqui e leia mais.\",\"breadcrumb\":{\"@id\":\"https:\/\/www.suno.com.br\/noticias\/caso-calote-evergrande-repercute-mercado-comentarios\/#breadcrumb\"},\"inLanguage\":\"pt-BR\",\"potentialAction\":[{\"@type\":\"ReadAction\",\"target\":[\"https:\/\/www.suno.com.br\/noticias\/caso-calote-evergrande-repercute-mercado-comentarios\/\"]}]},{\"@type\":\"ImageObject\",\"inLanguage\":\"pt-BR\",\"@id\":\"https:\/\/www.suno.com.br\/noticias\/caso-calote-evergrande-repercute-mercado-comentarios\/#primaryimage\",\"url\":\"https:\/\/files.sunoresearch.com.br\/n\/uploads\/2021\/09\/Residential_buildings_developed_by_Evergrande_in_Yuanyang.jpg\",\"contentUrl\":\"https:\/\/files.sunoresearch.com.br\/n\/uploads\/2021\/09\/Residential_buildings_developed_by_Evergrande_in_Yuanyang.jpg\",\"width\":1280,\"height\":853,\"caption\":\"Evergrande. Foto: Reprodu\u00e7\u00e3o\/Site Evergrande\"},{\"@type\":\"BreadcrumbList\",\"@id\":\"https:\/\/www.suno.com.br\/noticias\/caso-calote-evergrande-repercute-mercado-comentarios\/#breadcrumb\",\"itemListElement\":[{\"@type\":\"ListItem\",\"position\":1,\"name\":\"Not\u00edcias\",\"item\":\"https:\/\/www.suno.com.br\/noticias\/\"},{\"@type\":\"ListItem\",\"position\":2,\"name\":\"Neg\u00f3cios\",\"item\":\"https:\/\/www.suno.com.br\/noticias\/negocios\/\"},{\"@type\":\"ListItem\",\"position\":3,\"name\":\"Calote da Evergrande assusta mercado e especialistas veem risco de colapso na China\"}]},{\"@type\":\"WebSite\",\"@id\":\"https:\/\/www.suno.com.br\/noticias\/#website\",\"url\":\"https:\/\/www.suno.com.br\/noticias\/\",\"name\":\"Suno Not\u00edcias\",\"description\":\"Seu portal de informa\u00e7\u00e3o sobre o mundo dos investimentos\",\"publisher\":{\"@id\":\"https:\/\/www.suno.com.br\/noticias\/#organization\"},\"potentialAction\":[{\"@type\":\"SearchAction\",\"target\":{\"@type\":\"EntryPoint\",\"urlTemplate\":\"https:\/\/www.suno.com.br\/noticias\/?s={search_term_string}\"},\"query-input\":{\"@type\":\"PropertyValueSpecification\",\"valueRequired\":true,\"valueName\":\"search_term_string\"}}],\"inLanguage\":\"pt-BR\"},{\"@type\":\"Organization\",\"@id\":\"https:\/\/www.suno.com.br\/noticias\/#organization\",\"name\":\"Suno Not\u00edcias\",\"url\":\"https:\/\/www.suno.com.br\/noticias\/\",\"logo\":{\"@type\":\"ImageObject\",\"inLanguage\":\"pt-BR\",\"@id\":\"https:\/\/www.suno.com.br\/noticias\/#\/schema\/logo\/image\/\",\"url\":\"https:\/\/files.sunoresearch.com.br\/n\/uploads\/2021\/09\/suno-logo.png\",\"contentUrl\":\"https:\/\/files.sunoresearch.com.br\/n\/uploads\/2021\/09\/suno-logo.png\",\"width\":180,\"height\":180,\"caption\":\"Suno Not\u00edcias\"},\"image\":{\"@id\":\"https:\/\/www.suno.com.br\/noticias\/#\/schema\/logo\/image\/\"},\"sameAs\":[\"https:\/\/facebook.com\/sunoresearch\",\"https:\/\/x.com\/sunoresearch\",\"https:\/\/www.instagram.com\/suno\",\"https:\/\/www.linkedin.com\/company\/suno-research\/\",\"https:\/\/www.youtube.com\/c\/sunoresearch\"]},{\"@type\":\"Person\",\"@id\":\"https:\/\/www.suno.com.br\/noticias\/#\/schema\/person\/7f4d362bf3518e76090143ae77bb49a5\",\"name\":\"Eduardo Vargas\",\"image\":{\"@type\":\"ImageObject\",\"inLanguage\":\"pt-BR\",\"@id\":\"https:\/\/www.suno.com.br\/noticias\/#\/schema\/person\/image\/\",\"url\":\"https:\/\/secure.gravatar.com\/avatar\/dac340933427a22924c9f99d1eb2e3f2?s=96&r=g\",\"contentUrl\":\"https:\/\/secure.gravatar.com\/avatar\/dac340933427a22924c9f99d1eb2e3f2?s=96&r=g\",\"caption\":\"Eduardo Vargas\"},\"description\":\"Jornalista formado pela UFSC, cobre macroeconomia, neg\u00f3cios e startups para o Suno Not\u00edcias, escrevendo principalmente not\u00edcias sobre o mercado financeiro e a bolsa de valores. No YouTube e no Instagram, \u00e9 respons\u00e1vel pela produ\u00e7\u00e3o de Reels e Shorts do Suno Not\u00edcias. Anteriormente, trabalhou cobrindo economia e cotidiano no ND+ e para o ND, maior jornal impresso de Santa Catarina. Cursou um semestre letivo de Estudos de M\u00eddia na Universidad de Buenos Aires.\",\"url\":\"https:\/\/www.suno.com.br\/noticias\/author\/eduardo-vargas\/\"}]}<\/script>\n<!-- \/ Yoast SEO plugin. -->","yoast_head_json":{"title":"Calote da Evergrande: especialistas veem risco de colapso na China","description":"A crise ganhou repercuss\u00e3o ap\u00f3s a possibilidade concreta de calote da Evergrande, com d\u00edvida de US$ 300 bilh\u00f5es. Clique aqui e leia mais.","robots":{"index":"index","follow":"follow","max-snippet":"max-snippet:-1","max-image-preview":"max-image-preview:large","max-video-preview":"max-video-preview:-1"},"canonical":"https:\/\/www.suno.com.br\/noticias\/caso-calote-evergrande-repercute-mercado-comentarios\/","og_locale":"pt_BR","og_type":"article","og_title":"Calote da Evergrande: especialistas veem risco de colapso na China","og_description":"A crise ganhou repercuss\u00e3o ap\u00f3s a possibilidade concreta de calote da Evergrande, com d\u00edvida de US$ 300 bilh\u00f5es. Clique aqui e leia mais.","og_url":"https:\/\/www.suno.com.br\/noticias\/caso-calote-evergrande-repercute-mercado-comentarios\/","og_site_name":"Suno Not\u00edcias","article_publisher":"https:\/\/facebook.com\/sunoresearch","og_image":[{"width":1280,"height":853,"url":"https:\/\/files.sunoresearch.com.br\/n\/uploads\/2021\/09\/Residential_buildings_developed_by_Evergrande_in_Yuanyang.jpg","type":"image\/jpeg"}],"author":"Eduardo Vargas","twitter_card":"summary_large_image","twitter_creator":"@sunoresearch","twitter_site":"@sunoresearch","twitter_misc":{"Escrito por":"Eduardo Vargas","Est. tempo de leitura":"4 minutos"},"schema":{"@context":"https:\/\/schema.org","@graph":[{"@type":"NewsArticle","@id":"https:\/\/www.suno.com.br\/noticias\/caso-calote-evergrande-repercute-mercado-comentarios\/#article","isPartOf":{"@id":"https:\/\/www.suno.com.br\/noticias\/caso-calote-evergrande-repercute-mercado-comentarios\/"},"author":{"name":"Eduardo Vargas","@id":"https:\/\/www.suno.com.br\/noticias\/#\/schema\/person\/7f4d362bf3518e76090143ae77bb49a5"},"headline":"Calote da Evergrande assusta mercado e especialistas veem risco de colapso na China","datePublished":"2021-09-20T19:30:45+00:00","mainEntityOfPage":{"@id":"https:\/\/www.suno.com.br\/noticias\/caso-calote-evergrande-repercute-mercado-comentarios\/"},"wordCount":814,"publisher":{"@id":"https:\/\/www.suno.com.br\/noticias\/#organization"},"image":{"@id":"https:\/\/www.suno.com.br\/noticias\/caso-calote-evergrande-repercute-mercado-comentarios\/#primaryimage"},"thumbnailUrl":"https:\/\/files.sunoresearch.com.br\/n\/uploads\/2021\/09\/Residential_buildings_developed_by_Evergrande_in_Yuanyang.jpg","keywords":["Bolsa de Valores de Hong Kong","Bolsas mundiais","China","Hong Kong","mercado imobili\u00e1rio"],"articleSection":["Neg\u00f3cios"],"inLanguage":"pt-BR"},{"@type":"WebPage","@id":"https:\/\/www.suno.com.br\/noticias\/caso-calote-evergrande-repercute-mercado-comentarios\/","url":"https:\/\/www.suno.com.br\/noticias\/caso-calote-evergrande-repercute-mercado-comentarios\/","name":"Calote da Evergrande: especialistas veem risco de colapso na China","isPartOf":{"@id":"https:\/\/www.suno.com.br\/noticias\/#website"},"primaryImageOfPage":{"@id":"https:\/\/www.suno.com.br\/noticias\/caso-calote-evergrande-repercute-mercado-comentarios\/#primaryimage"},"image":{"@id":"https:\/\/www.suno.com.br\/noticias\/caso-calote-evergrande-repercute-mercado-comentarios\/#primaryimage"},"thumbnailUrl":"https:\/\/files.sunoresearch.com.br\/n\/uploads\/2021\/09\/Residential_buildings_developed_by_Evergrande_in_Yuanyang.jpg","datePublished":"2021-09-20T19:30:45+00:00","description":"A crise ganhou repercuss\u00e3o ap\u00f3s a possibilidade concreta de calote da Evergrande, com d\u00edvida de US$ 300 bilh\u00f5es. Clique aqui e leia mais.","breadcrumb":{"@id":"https:\/\/www.suno.com.br\/noticias\/caso-calote-evergrande-repercute-mercado-comentarios\/#breadcrumb"},"inLanguage":"pt-BR","potentialAction":[{"@type":"ReadAction","target":["https:\/\/www.suno.com.br\/noticias\/caso-calote-evergrande-repercute-mercado-comentarios\/"]}]},{"@type":"ImageObject","inLanguage":"pt-BR","@id":"https:\/\/www.suno.com.br\/noticias\/caso-calote-evergrande-repercute-mercado-comentarios\/#primaryimage","url":"https:\/\/files.sunoresearch.com.br\/n\/uploads\/2021\/09\/Residential_buildings_developed_by_Evergrande_in_Yuanyang.jpg","contentUrl":"https:\/\/files.sunoresearch.com.br\/n\/uploads\/2021\/09\/Residential_buildings_developed_by_Evergrande_in_Yuanyang.jpg","width":1280,"height":853,"caption":"Evergrande. Foto: Reprodu\u00e7\u00e3o\/Site Evergrande"},{"@type":"BreadcrumbList","@id":"https:\/\/www.suno.com.br\/noticias\/caso-calote-evergrande-repercute-mercado-comentarios\/#breadcrumb","itemListElement":[{"@type":"ListItem","position":1,"name":"Not\u00edcias","item":"https:\/\/www.suno.com.br\/noticias\/"},{"@type":"ListItem","position":2,"name":"Neg\u00f3cios","item":"https:\/\/www.suno.com.br\/noticias\/negocios\/"},{"@type":"ListItem","position":3,"name":"Calote da Evergrande assusta mercado e especialistas veem risco de colapso na China"}]},{"@type":"WebSite","@id":"https:\/\/www.suno.com.br\/noticias\/#website","url":"https:\/\/www.suno.com.br\/noticias\/","name":"Suno Not\u00edcias","description":"Seu portal de informa\u00e7\u00e3o sobre o mundo dos investimentos","publisher":{"@id":"https:\/\/www.suno.com.br\/noticias\/#organization"},"potentialAction":[{"@type":"SearchAction","target":{"@type":"EntryPoint","urlTemplate":"https:\/\/www.suno.com.br\/noticias\/?s={search_term_string}"},"query-input":{"@type":"PropertyValueSpecification","valueRequired":true,"valueName":"search_term_string"}}],"inLanguage":"pt-BR"},{"@type":"Organization","@id":"https:\/\/www.suno.com.br\/noticias\/#organization","name":"Suno Not\u00edcias","url":"https:\/\/www.suno.com.br\/noticias\/","logo":{"@type":"ImageObject","inLanguage":"pt-BR","@id":"https:\/\/www.suno.com.br\/noticias\/#\/schema\/logo\/image\/","url":"https:\/\/files.sunoresearch.com.br\/n\/uploads\/2021\/09\/suno-logo.png","contentUrl":"https:\/\/files.sunoresearch.com.br\/n\/uploads\/2021\/09\/suno-logo.png","width":180,"height":180,"caption":"Suno Not\u00edcias"},"image":{"@id":"https:\/\/www.suno.com.br\/noticias\/#\/schema\/logo\/image\/"},"sameAs":["https:\/\/facebook.com\/sunoresearch","https:\/\/x.com\/sunoresearch","https:\/\/www.instagram.com\/suno","https:\/\/www.linkedin.com\/company\/suno-research\/","https:\/\/www.youtube.com\/c\/sunoresearch"]},{"@type":"Person","@id":"https:\/\/www.suno.com.br\/noticias\/#\/schema\/person\/7f4d362bf3518e76090143ae77bb49a5","name":"Eduardo Vargas","image":{"@type":"ImageObject","inLanguage":"pt-BR","@id":"https:\/\/www.suno.com.br\/noticias\/#\/schema\/person\/image\/","url":"https:\/\/secure.gravatar.com\/avatar\/dac340933427a22924c9f99d1eb2e3f2?s=96&r=g","contentUrl":"https:\/\/secure.gravatar.com\/avatar\/dac340933427a22924c9f99d1eb2e3f2?s=96&r=g","caption":"Eduardo Vargas"},"description":"Jornalista formado pela UFSC, cobre macroeconomia, neg\u00f3cios e startups para o Suno Not\u00edcias, escrevendo principalmente not\u00edcias sobre o mercado financeiro e a bolsa de valores. No YouTube e no Instagram, \u00e9 respons\u00e1vel pela produ\u00e7\u00e3o de Reels e Shorts do Suno Not\u00edcias. Anteriormente, trabalhou cobrindo economia e cotidiano no ND+ e para o ND, maior jornal impresso de Santa Catarina. Cursou um semestre letivo de Estudos de M\u00eddia na Universidad de Buenos Aires.","url":"https:\/\/www.suno.com.br\/noticias\/author\/eduardo-vargas\/"}]}},"default_loop_html":"<div class=\"cardsPage__listCard__boxs\"><div class=\"cardsPage__listCard__boxs__img\"><a href=\"https:\/\/www.suno.com.br\/noticias\/ubs-ashmores-blackrock-credores-evergrande\/\"><img class=\"mask\" src=\"https:\/\/www.suno.com.br\/noticias\/wp-content\/themes\/suno\/resources\/images\/spotlight\/spotlight1img\/bg-mask.png\" alt=\"Image Mask\"\/><img src=\"\" alt=\"UBS, Ashmore e BlackRock s\u00e3o credores da Evergrande, que pode dar calote de US$ 300 bilh\u00f5es\"\/><\/a><span class=\"spotlightCategory\"><a href=\"https:\/\/www.suno.com.br\/noticias\/internacional\/\">Internacional<\/a><\/span><\/div><div class=\"cardsPage__listCard__boxs__content\"><a href=\"https:\/\/www.suno.com.br\/noticias\/ubs-ashmores-blackrock-credores-evergrande\/\"><h2 class=\"content__title\">UBS, Ashmore e BlackRock s\u00e3o credores da Evergrande, que pode dar calote de US$ 300 bilh\u00f5es<\/h2><\/a><div class=\"newsContent__article__meta\"><div class=\"newsContent__article__meta__authorBox\"><a href=\"https:\/\/www.suno.com.br\/noticias\/author\/eduardo-vargas\/\" class=\"authorBox__avatar noMobi\"><img src=\"https:\/\/secure.gravatar.com\/avatar\/dac340933427a22924c9f99d1eb2e3f2?s=96&#038;r=g\" alt=\"Eduardo Vargas\"><\/a><div class=\"authorBox__name\"><span>por\n\t\t\t<a href=\"https:\/\/www.suno.com.br\/noticias\/author\/eduardo-vargas\/\"><span itemprop=\"author\">Eduardo Vargas<\/span><\/a><\/span><time datetime=\"2021-09-20T10:09:58-03:00\" itemprop=\"datePublished\">20\/09\/2021 10:09<\/time><\/div><\/div><\/div><\/div><\/div>","single_layout":"posts","amp_enabled":true,"_links":{"self":[{"href":"https:\/\/www.suno.com.br\/noticias\/wp-json\/wp\/v2\/posts\/185668"}],"collection":[{"href":"https:\/\/www.suno.com.br\/noticias\/wp-json\/wp\/v2\/posts"}],"about":[{"href":"https:\/\/www.suno.com.br\/noticias\/wp-json\/wp\/v2\/types\/post"}],"author":[{"embeddable":true,"href":"https:\/\/www.suno.com.br\/noticias\/wp-json\/wp\/v2\/users\/73"}],"replies":[{"embeddable":true,"href":"https:\/\/www.suno.com.br\/noticias\/wp-json\/wp\/v2\/comments?post=185668"}],"version-history":[{"count":3,"href":"https:\/\/www.suno.com.br\/noticias\/wp-json\/wp\/v2\/posts\/185668\/revisions"}],"predecessor-version":[{"id":185716,"href":"https:\/\/www.suno.com.br\/noticias\/wp-json\/wp\/v2\/posts\/185668\/revisions\/185716"}],"wp:featuredmedia":[{"embeddable":true,"href":"https:\/\/www.suno.com.br\/noticias\/wp-json\/wp\/v2\/media\/185516"}],"wp:attachment":[{"href":"https:\/\/www.suno.com.br\/noticias\/wp-json\/wp\/v2\/media?parent=185668"}],"wp:term":[{"taxonomy":"category","embeddable":true,"href":"https:\/\/www.suno.com.br\/noticias\/wp-json\/wp\/v2\/categories?post=185668"},{"taxonomy":"post_tag","embeddable":true,"href":"https:\/\/www.suno.com.br\/noticias\/wp-json\/wp\/v2\/tags?post=185668"},{"taxonomy":"suno_strategy","embeddable":true,"href":"https:\/\/www.suno.com.br\/noticias\/wp-json\/wp\/v2\/suno_strategy?post=185668"}],"curies":[{"name":"wp","href":"https:\/\/api.w.org\/{rel}","templated":true}]}}