{"id":18565,"date":"2019-03-20T19:13:11","date_gmt":"2019-03-20T22:13:11","guid":{"rendered":"https:\/\/www.suno.com.br\/noticias\/?p=18565"},"modified":"2019-03-21T00:06:27","modified_gmt":"2019-03-21T03:06:27","slug":"shell-exploracao-pre-sal","status":"publish","type":"post","link":"https:\/\/www.suno.com.br\/noticias\/shell-exploracao-pre-sal\/","title":{"rendered":"Shell planeja iniciar explora\u00e7\u00e3o em novas \u00e1reas do pr\u00e9-sal este ano"},"content":{"rendered":"<p>A Shell planeja iniciar a explora\u00e7\u00e3o de novas \u00e1reas do pr\u00e9-sal neste ano.<\/p>\t<div class=\"wrapper-featured-image\">\n\t\t<figure class=\"spotlightImg\">\n\n\t\t\t<picture>\n\t\t\t\t<source media=\"(max-width: 768px)\" srcset=\"https:\/\/files.sunoresearch.com.br\/n\/uploads\/2019\/03\/66b223c7-shell-400x200.webp\">\n\t\t\t\t<img loading=\"lazy\" decoding=\"async\" class=\"newsContent__article__imgCapa lazyloadDisabled newsContent__article__imgCapa--noCaption\" src=\"https:\/\/files.sunoresearch.com.br\/n\/uploads\/2019\/03\/66b223c7-shell-800x450.webp\" width=\"800\" height=\"450\" alt=\"Shell planeja iniciar explora\u00e7\u00e3o em novas \u00e1reas do pr\u00e9-sal este ano\" fetchpriority=high \/>\n\t\t\t<\/picture>\n\n\t\t\t<figcaption class=\"wp-caption-text wp-caption-text--hide\"><\/figcaption>\n\t\t<\/figure>\n\t<\/div>\n\n\n<p>Nos dois \u00faltimos anos, a <strong>Shell<\/strong> investiu R$ 2,17 bilh\u00f5es na compra de <strong>ativos explorat\u00f3rios nos leil\u00f5es<\/strong>\u00a0. O presidente da companhia disse que a expectativa \u00e9 perfurar quatro po\u00e7os em 2019.<\/p>\n<p><a href=\"https:\/\/www.suno.com.br\/noticias\/shell-patria-mitsubishi-termeletrica\/\">Saiba mais:\u00a0Shell, P\u00e1tria e Mitsubishi anunciam termel\u00e9trica de US$ 700 mi no RJ<\/a><\/p>\n<p>Est\u00e3o inclusos no <strong>plano de explora\u00e7\u00e3o<\/strong> os\u00a0<strong>po\u00e7os<\/strong> nas \u00e1reas do Sul de Gato do Mato e Alto de Cabo Frio Oeste, ambos no pr\u00e9-sal, e po\u00e7os na revitaliza\u00e7\u00e3o de campos maduros.<\/p>\n<p>Al\u00e9m disso, o <strong>Parque das Conchas<\/strong>, no p\u00f3s-sal da <strong>Bacia de Campos<\/strong>,receber\u00e1 investimentos para explora\u00e7\u00e3o. O objetivo \u00e9 encontrar novas descobertas, estendendo o prazo \u00fatil da \u00e1rea.<\/p>\n<p><a href=\"https:\/\/www.suno.com.br\/noticias\/petroleo-producao-caiu-anp\/\">Saiba mais &#8211; Petr\u00f3leo: produ\u00e7\u00e3o caiu 1% em 2018, diz ANP<\/a><\/p>\n<p>\u201cAchamos que d\u00e1 para extrair mais dessa \u00e1rea\u201d, disse o executivo ao Valor, ap\u00f3s participar do evento de pr\u00e9-estreia da feira <strong>Brasil Offshore<\/strong>, em <strong>Maca\u00e9<\/strong> (RJ).<\/p>\n<p>Com investimentos em novas tecnologias de produ\u00e7\u00e3o, a <strong>Shell<\/strong> conseguiu aumentar a vida \u00fatil dos campos de\u00a0Bijupir\u00e1-Salema, na <strong>Bacia de Campos<\/strong>, em cinco anos.<\/p>\n<h2>\u00c1guas profundas<\/h2>\n<p>A <strong>Shell Brasil<\/strong> iniciar\u00e1 ainda neste anos uma pesquisa sobre o ecossistema em \u00e1guas profundas. O estudo ser\u00e1 realizado em parceria com a <strong>Universidade Federal do Rio de Janeiro (UFRJ)<\/strong> e a <strong>Universidade de S\u00e3o Paulo (USP)<\/strong>. As duas institui\u00e7\u00f5es se dividiram em duas expedi\u00e7\u00f5es na costa sudeste do <strong>Pa\u00eds<\/strong>.<\/p>\n<p><a href=\"https:\/\/www.suno.com.br\/noticias\/governo-colombiano-vender-ecopetrol-ativos\/\">Saiba mais: Governo colombiano estuda vender parte da Ecopetrol e outros ativos<\/a><\/p>\n<p>Na pesquisa, a <strong>Shell<\/strong> disponibilizar\u00e1 uma embarca\u00e7\u00e3o com equipamentos de alta tecnologia. Entre eles est\u00e1 um ve\u00edculo de opera\u00e7\u00e3o remota. De acordo com a <strong>Shell Brasil<\/strong>, o objetivo \u00e9 reduzir o impacto da explora\u00e7\u00e3o do <strong>petr\u00f3leo<\/strong>\u00a0no meio ambiente.<\/p>\n<p>&#8220;Tornar nossas opera\u00e7\u00f5es mais seguras e garantir a preserva\u00e7\u00e3o da vida marinha sempre foram quest\u00f5es fundamentais para a <strong>Shell Brasil<\/strong>. Agora, com esse projeto, poderemos ir al\u00e9m, ajudando toda a ind\u00fastria na compreens\u00e3o desse ecossistema t\u00e3o espec\u00edfico e pouco acess\u00edvel, garantindo que ele seja conservado&#8221;, informou em nota a gerente geral de Tecnologias de Subsuperf\u00edcie da <strong>Shell Brasil<\/strong>, Aly Brandenburg.<\/p>\n<p>A companhia \u00e9 uma das maiores produtoras privadas de <strong>petr\u00f3leo<\/strong> no Brasil. Al\u00e9m disso, a empresa \u00e9 parceira nas explora\u00e7\u00f5es da <strong>Petrobras<\/strong>.<\/p>\n<p><a href=\"https:\/\/www.suno.com.br\/noticias\/embaixador-de-israel-estuda-elevar-importacao-de-carne-congelada-brasileira\/\">Saiba mais: Embaixador de Israel estuda elevar importa\u00e7\u00e3o de carne congelada brasileira<\/a><\/p>\n<p>Em novembro, s\u00f3 nos <strong>reservat\u00f3rios Lula<\/strong> e <strong>Sapinho\u00e1<\/strong>, os dois maiores campos produtores do Pa\u00eds, a <strong>Shell<\/strong> produziu <strong>1,1 milh\u00e3o de barris de petr\u00f3leo<\/strong> por dia, metade da produ\u00e7\u00e3o total de<strong> 2,5 milh\u00f5es de barris di\u00e1rios<\/strong> registrados no \u00faltimo boletim de produ\u00e7\u00e3o da <strong>Ag\u00eancia Nacional do Petr\u00f3leo, G\u00e1s Natural e Biocombust\u00edveis (ANP)<\/strong>.<\/p>\n","protected":false},"excerpt":{"rendered":"<p>A Shell planeja iniciar a explora\u00e7\u00e3o de novas \u00e1reas do pr\u00e9-sal neste ano. Nos dois \u00faltimos anos, a Shell investiu R$ 2,17 bilh\u00f5es na compra de ativos explorat\u00f3rios nos leil\u00f5es\u00a0. O presidente da companhia disse que a expectativa \u00e9 perfurar quatro po\u00e7os em 2019. Saiba mais:\u00a0Shell, P\u00e1tria e Mitsubishi anunciam termel\u00e9trica de US$ 700 mi [&hellip;]<\/p>\n","protected":false},"author":14,"featured_media":18567,"comment_status":"closed","ping_status":"closed","sticky":false,"template":"","format":"standard","meta":[],"categories":[60],"tags":[879,595,766,1067],"suno_strategy":[],"class_list":["post-18565","post","type-post","status-publish","format-standard","has-post-thumbnail","hentry","category-mercado","tag-gasolina","tag-petrobras-petr4","tag-petroleo","tag-shell-rdsa34-rdsa35"],"yoast_head":"<!-- This site is optimized with the Yoast SEO plugin v24.4 - https:\/\/yoast.com\/wordpress\/plugins\/seo\/ -->\n<title>Shell inicia explora\u00e7\u00e3o em novas \u00e1reas do pr\u00e9-sal este ano<\/title>\n<meta name=\"description\" content=\"Nos dois \u00faltimos anos, a Shell investiu R$ 2,17 bilh\u00f5es na compra de ativos explorat\u00f3rios nos leil\u00f5es dos \u00faltimos dois anos. Clique para ler.\" \/>\n<meta name=\"robots\" content=\"index, follow, max-snippet:-1, max-image-preview:large, max-video-preview:-1\" \/>\n<link rel=\"canonical\" href=\"https:\/\/www.suno.com.br\/noticias\/shell-exploracao-pre-sal\/\" \/>\n<meta property=\"og:locale\" content=\"pt_BR\" \/>\n<meta property=\"og:type\" content=\"article\" \/>\n<meta property=\"og:title\" content=\"Shell inicia explora\u00e7\u00e3o em novas \u00e1reas do pr\u00e9-sal este ano\" \/>\n<meta property=\"og:description\" content=\"Nos dois \u00faltimos anos, a Shell investiu R$ 2,17 bilh\u00f5es na compra de ativos explorat\u00f3rios nos leil\u00f5es dos \u00faltimos dois anos. Clique para ler.\" \/>\n<meta property=\"og:url\" content=\"https:\/\/www.suno.com.br\/noticias\/shell-exploracao-pre-sal\/\" \/>\n<meta property=\"og:site_name\" content=\"Suno Not\u00edcias\" \/>\n<meta property=\"article:publisher\" content=\"https:\/\/facebook.com\/sunoresearch\" \/>\n<meta property=\"og:image\" content=\"https:\/\/files.sunoresearch.com.br\/n\/uploads\/2019\/03\/66b223c7-shell.jpg\" \/>\n\t<meta property=\"og:image:width\" content=\"800\" \/>\n\t<meta property=\"og:image:height\" content=\"534\" \/>\n\t<meta property=\"og:image:type\" content=\"image\/jpeg\" \/>\n<meta name=\"author\" content=\"Renan Dantas\" \/>\n<meta name=\"twitter:card\" content=\"summary_large_image\" \/>\n<meta name=\"twitter:creator\" content=\"@sunoresearch\" \/>\n<meta name=\"twitter:site\" content=\"@sunoresearch\" \/>\n<meta name=\"twitter:label1\" content=\"Escrito por\" \/>\n\t<meta name=\"twitter:data1\" content=\"Renan Dantas\" \/>\n\t<meta name=\"twitter:label2\" content=\"Est. tempo de leitura\" \/>\n\t<meta name=\"twitter:data2\" content=\"2 minutos\" \/>\n<script type=\"application\/ld+json\" class=\"yoast-schema-graph\">{\"@context\":\"https:\/\/schema.org\",\"@graph\":[{\"@type\":\"NewsArticle\",\"@id\":\"https:\/\/www.suno.com.br\/noticias\/shell-exploracao-pre-sal\/#article\",\"isPartOf\":{\"@id\":\"https:\/\/www.suno.com.br\/noticias\/shell-exploracao-pre-sal\/\"},\"author\":{\"name\":\"Renan Dantas\",\"@id\":\"https:\/\/www.suno.com.br\/noticias\/#\/schema\/person\/3f7693d5795a3f6d5ce15309ee785699\"},\"headline\":\"Shell planeja iniciar explora\u00e7\u00e3o em novas \u00e1reas do pr\u00e9-sal este ano\",\"datePublished\":\"2019-03-20T22:13:11+00:00\",\"dateModified\":\"2019-03-21T03:06:27+00:00\",\"mainEntityOfPage\":{\"@id\":\"https:\/\/www.suno.com.br\/noticias\/shell-exploracao-pre-sal\/\"},\"wordCount\":488,\"publisher\":{\"@id\":\"https:\/\/www.suno.com.br\/noticias\/#organization\"},\"image\":{\"@id\":\"https:\/\/www.suno.com.br\/noticias\/shell-exploracao-pre-sal\/#primaryimage\"},\"thumbnailUrl\":\"https:\/\/files.sunoresearch.com.br\/n\/uploads\/2019\/03\/66b223c7-shell-jpg.webp\",\"keywords\":[\"Gasolina\",\"Petrobras (PETR4)\",\"Petr\u00f3leo\",\"Shell (RDSA34\/RDSA35)\"],\"articleSection\":[\"Mercado\"],\"inLanguage\":\"pt-BR\"},{\"@type\":\"WebPage\",\"@id\":\"https:\/\/www.suno.com.br\/noticias\/shell-exploracao-pre-sal\/\",\"url\":\"https:\/\/www.suno.com.br\/noticias\/shell-exploracao-pre-sal\/\",\"name\":\"Shell inicia explora\u00e7\u00e3o em novas \u00e1reas do pr\u00e9-sal este ano\",\"isPartOf\":{\"@id\":\"https:\/\/www.suno.com.br\/noticias\/#website\"},\"primaryImageOfPage\":{\"@id\":\"https:\/\/www.suno.com.br\/noticias\/shell-exploracao-pre-sal\/#primaryimage\"},\"image\":{\"@id\":\"https:\/\/www.suno.com.br\/noticias\/shell-exploracao-pre-sal\/#primaryimage\"},\"thumbnailUrl\":\"https:\/\/files.sunoresearch.com.br\/n\/uploads\/2019\/03\/66b223c7-shell-jpg.webp\",\"datePublished\":\"2019-03-20T22:13:11+00:00\",\"dateModified\":\"2019-03-21T03:06:27+00:00\",\"description\":\"Nos dois \u00faltimos anos, a Shell investiu R$ 2,17 bilh\u00f5es na compra de ativos explorat\u00f3rios nos leil\u00f5es dos \u00faltimos dois anos. Clique para ler.\",\"breadcrumb\":{\"@id\":\"https:\/\/www.suno.com.br\/noticias\/shell-exploracao-pre-sal\/#breadcrumb\"},\"inLanguage\":\"pt-BR\",\"potentialAction\":[{\"@type\":\"ReadAction\",\"target\":[\"https:\/\/www.suno.com.br\/noticias\/shell-exploracao-pre-sal\/\"]}]},{\"@type\":\"ImageObject\",\"inLanguage\":\"pt-BR\",\"@id\":\"https:\/\/www.suno.com.br\/noticias\/shell-exploracao-pre-sal\/#primaryimage\",\"url\":\"https:\/\/files.sunoresearch.com.br\/n\/uploads\/2019\/03\/66b223c7-shell-jpg.webp\",\"contentUrl\":\"https:\/\/files.sunoresearch.com.br\/n\/uploads\/2019\/03\/66b223c7-shell-jpg.webp\",\"width\":800,\"height\":534},{\"@type\":\"BreadcrumbList\",\"@id\":\"https:\/\/www.suno.com.br\/noticias\/shell-exploracao-pre-sal\/#breadcrumb\",\"itemListElement\":[{\"@type\":\"ListItem\",\"position\":1,\"name\":\"Not\u00edcias\",\"item\":\"https:\/\/www.suno.com.br\/noticias\/\"},{\"@type\":\"ListItem\",\"position\":2,\"name\":\"Mercado\",\"item\":\"https:\/\/www.suno.com.br\/noticias\/mercado\/\"},{\"@type\":\"ListItem\",\"position\":3,\"name\":\"Shell planeja iniciar explora\u00e7\u00e3o em novas \u00e1reas do pr\u00e9-sal este ano\"}]},{\"@type\":\"WebSite\",\"@id\":\"https:\/\/www.suno.com.br\/noticias\/#website\",\"url\":\"https:\/\/www.suno.com.br\/noticias\/\",\"name\":\"Suno Not\u00edcias\",\"description\":\"Seu portal de informa\u00e7\u00e3o sobre o mundo dos investimentos\",\"publisher\":{\"@id\":\"https:\/\/www.suno.com.br\/noticias\/#organization\"},\"potentialAction\":[{\"@type\":\"SearchAction\",\"target\":{\"@type\":\"EntryPoint\",\"urlTemplate\":\"https:\/\/www.suno.com.br\/noticias\/?s={search_term_string}\"},\"query-input\":{\"@type\":\"PropertyValueSpecification\",\"valueRequired\":true,\"valueName\":\"search_term_string\"}}],\"inLanguage\":\"pt-BR\"},{\"@type\":\"Organization\",\"@id\":\"https:\/\/www.suno.com.br\/noticias\/#organization\",\"name\":\"Suno Not\u00edcias\",\"url\":\"https:\/\/www.suno.com.br\/noticias\/\",\"logo\":{\"@type\":\"ImageObject\",\"inLanguage\":\"pt-BR\",\"@id\":\"https:\/\/www.suno.com.br\/noticias\/#\/schema\/logo\/image\/\",\"url\":\"https:\/\/files.sunoresearch.com.br\/n\/uploads\/2021\/09\/suno-logo.png\",\"contentUrl\":\"https:\/\/files.sunoresearch.com.br\/n\/uploads\/2021\/09\/suno-logo.png\",\"width\":180,\"height\":180,\"caption\":\"Suno Not\u00edcias\"},\"image\":{\"@id\":\"https:\/\/www.suno.com.br\/noticias\/#\/schema\/logo\/image\/\"},\"sameAs\":[\"https:\/\/facebook.com\/sunoresearch\",\"https:\/\/x.com\/sunoresearch\",\"https:\/\/www.instagram.com\/suno\",\"https:\/\/www.linkedin.com\/company\/suno-research\/\",\"https:\/\/www.youtube.com\/c\/sunoresearch\"]},{\"@type\":\"Person\",\"@id\":\"https:\/\/www.suno.com.br\/noticias\/#\/schema\/person\/3f7693d5795a3f6d5ce15309ee785699\",\"name\":\"Renan Dantas\",\"image\":{\"@type\":\"ImageObject\",\"inLanguage\":\"pt-BR\",\"@id\":\"https:\/\/www.suno.com.br\/noticias\/#\/schema\/person\/image\/\",\"url\":\"https:\/\/secure.gravatar.com\/avatar\/1787b83e7484a08e51d62ac8b41c8396?s=96&r=g\",\"contentUrl\":\"https:\/\/secure.gravatar.com\/avatar\/1787b83e7484a08e51d62ac8b41c8396?s=96&r=g\",\"caption\":\"Renan Dantas\"},\"description\":\"Escreve sobre pol\u00edtica e mercado financeiro para o portal Suno Not\u00edcias. Antes, atuou na assessoria de comunica\u00e7\u00e3o do Minist\u00e9rio P\u00fablico do Trabalho e na R\u00e1dio Mackenzie, onde apresentava e produzia um programa sobre artistas da m\u00fasica brasileira. \u00c9 estudante na Universidade Presbiteriana Mackenzie.\",\"url\":\"https:\/\/www.suno.com.br\/noticias\/author\/renan-dantas\/\"}]}<\/script>\n<!-- \/ Yoast SEO plugin. -->","yoast_head_json":{"title":"Shell inicia explora\u00e7\u00e3o em novas \u00e1reas do pr\u00e9-sal este ano","description":"Nos dois \u00faltimos anos, a Shell investiu R$ 2,17 bilh\u00f5es na compra de ativos explorat\u00f3rios nos leil\u00f5es dos \u00faltimos dois anos. Clique para ler.","robots":{"index":"index","follow":"follow","max-snippet":"max-snippet:-1","max-image-preview":"max-image-preview:large","max-video-preview":"max-video-preview:-1"},"canonical":"https:\/\/www.suno.com.br\/noticias\/shell-exploracao-pre-sal\/","og_locale":"pt_BR","og_type":"article","og_title":"Shell inicia explora\u00e7\u00e3o em novas \u00e1reas do pr\u00e9-sal este ano","og_description":"Nos dois \u00faltimos anos, a Shell investiu R$ 2,17 bilh\u00f5es na compra de ativos explorat\u00f3rios nos leil\u00f5es dos \u00faltimos dois anos. Clique para ler.","og_url":"https:\/\/www.suno.com.br\/noticias\/shell-exploracao-pre-sal\/","og_site_name":"Suno Not\u00edcias","article_publisher":"https:\/\/facebook.com\/sunoresearch","og_image":[{"width":800,"height":534,"url":"https:\/\/files.sunoresearch.com.br\/n\/uploads\/2019\/03\/66b223c7-shell.jpg","type":"image\/jpeg"}],"author":"Renan Dantas","twitter_card":"summary_large_image","twitter_creator":"@sunoresearch","twitter_site":"@sunoresearch","twitter_misc":{"Escrito por":"Renan Dantas","Est. tempo de leitura":"2 minutos"},"schema":{"@context":"https:\/\/schema.org","@graph":[{"@type":"NewsArticle","@id":"https:\/\/www.suno.com.br\/noticias\/shell-exploracao-pre-sal\/#article","isPartOf":{"@id":"https:\/\/www.suno.com.br\/noticias\/shell-exploracao-pre-sal\/"},"author":{"name":"Renan Dantas","@id":"https:\/\/www.suno.com.br\/noticias\/#\/schema\/person\/3f7693d5795a3f6d5ce15309ee785699"},"headline":"Shell planeja iniciar explora\u00e7\u00e3o em novas \u00e1reas do pr\u00e9-sal este ano","datePublished":"2019-03-20T22:13:11+00:00","dateModified":"2019-03-21T03:06:27+00:00","mainEntityOfPage":{"@id":"https:\/\/www.suno.com.br\/noticias\/shell-exploracao-pre-sal\/"},"wordCount":488,"publisher":{"@id":"https:\/\/www.suno.com.br\/noticias\/#organization"},"image":{"@id":"https:\/\/www.suno.com.br\/noticias\/shell-exploracao-pre-sal\/#primaryimage"},"thumbnailUrl":"https:\/\/files.sunoresearch.com.br\/n\/uploads\/2019\/03\/66b223c7-shell-jpg.webp","keywords":["Gasolina","Petrobras (PETR4)","Petr\u00f3leo","Shell (RDSA34\/RDSA35)"],"articleSection":["Mercado"],"inLanguage":"pt-BR"},{"@type":"WebPage","@id":"https:\/\/www.suno.com.br\/noticias\/shell-exploracao-pre-sal\/","url":"https:\/\/www.suno.com.br\/noticias\/shell-exploracao-pre-sal\/","name":"Shell inicia explora\u00e7\u00e3o em novas \u00e1reas do pr\u00e9-sal este ano","isPartOf":{"@id":"https:\/\/www.suno.com.br\/noticias\/#website"},"primaryImageOfPage":{"@id":"https:\/\/www.suno.com.br\/noticias\/shell-exploracao-pre-sal\/#primaryimage"},"image":{"@id":"https:\/\/www.suno.com.br\/noticias\/shell-exploracao-pre-sal\/#primaryimage"},"thumbnailUrl":"https:\/\/files.sunoresearch.com.br\/n\/uploads\/2019\/03\/66b223c7-shell-jpg.webp","datePublished":"2019-03-20T22:13:11+00:00","dateModified":"2019-03-21T03:06:27+00:00","description":"Nos dois \u00faltimos anos, a Shell investiu R$ 2,17 bilh\u00f5es na compra de ativos explorat\u00f3rios nos leil\u00f5es dos \u00faltimos dois anos. Clique para ler.","breadcrumb":{"@id":"https:\/\/www.suno.com.br\/noticias\/shell-exploracao-pre-sal\/#breadcrumb"},"inLanguage":"pt-BR","potentialAction":[{"@type":"ReadAction","target":["https:\/\/www.suno.com.br\/noticias\/shell-exploracao-pre-sal\/"]}]},{"@type":"ImageObject","inLanguage":"pt-BR","@id":"https:\/\/www.suno.com.br\/noticias\/shell-exploracao-pre-sal\/#primaryimage","url":"https:\/\/files.sunoresearch.com.br\/n\/uploads\/2019\/03\/66b223c7-shell-jpg.webp","contentUrl":"https:\/\/files.sunoresearch.com.br\/n\/uploads\/2019\/03\/66b223c7-shell-jpg.webp","width":800,"height":534},{"@type":"BreadcrumbList","@id":"https:\/\/www.suno.com.br\/noticias\/shell-exploracao-pre-sal\/#breadcrumb","itemListElement":[{"@type":"ListItem","position":1,"name":"Not\u00edcias","item":"https:\/\/www.suno.com.br\/noticias\/"},{"@type":"ListItem","position":2,"name":"Mercado","item":"https:\/\/www.suno.com.br\/noticias\/mercado\/"},{"@type":"ListItem","position":3,"name":"Shell planeja iniciar explora\u00e7\u00e3o em novas \u00e1reas do pr\u00e9-sal este ano"}]},{"@type":"WebSite","@id":"https:\/\/www.suno.com.br\/noticias\/#website","url":"https:\/\/www.suno.com.br\/noticias\/","name":"Suno Not\u00edcias","description":"Seu portal de informa\u00e7\u00e3o sobre o mundo dos investimentos","publisher":{"@id":"https:\/\/www.suno.com.br\/noticias\/#organization"},"potentialAction":[{"@type":"SearchAction","target":{"@type":"EntryPoint","urlTemplate":"https:\/\/www.suno.com.br\/noticias\/?s={search_term_string}"},"query-input":{"@type":"PropertyValueSpecification","valueRequired":true,"valueName":"search_term_string"}}],"inLanguage":"pt-BR"},{"@type":"Organization","@id":"https:\/\/www.suno.com.br\/noticias\/#organization","name":"Suno Not\u00edcias","url":"https:\/\/www.suno.com.br\/noticias\/","logo":{"@type":"ImageObject","inLanguage":"pt-BR","@id":"https:\/\/www.suno.com.br\/noticias\/#\/schema\/logo\/image\/","url":"https:\/\/files.sunoresearch.com.br\/n\/uploads\/2021\/09\/suno-logo.png","contentUrl":"https:\/\/files.sunoresearch.com.br\/n\/uploads\/2021\/09\/suno-logo.png","width":180,"height":180,"caption":"Suno Not\u00edcias"},"image":{"@id":"https:\/\/www.suno.com.br\/noticias\/#\/schema\/logo\/image\/"},"sameAs":["https:\/\/facebook.com\/sunoresearch","https:\/\/x.com\/sunoresearch","https:\/\/www.instagram.com\/suno","https:\/\/www.linkedin.com\/company\/suno-research\/","https:\/\/www.youtube.com\/c\/sunoresearch"]},{"@type":"Person","@id":"https:\/\/www.suno.com.br\/noticias\/#\/schema\/person\/3f7693d5795a3f6d5ce15309ee785699","name":"Renan Dantas","image":{"@type":"ImageObject","inLanguage":"pt-BR","@id":"https:\/\/www.suno.com.br\/noticias\/#\/schema\/person\/image\/","url":"https:\/\/secure.gravatar.com\/avatar\/1787b83e7484a08e51d62ac8b41c8396?s=96&r=g","contentUrl":"https:\/\/secure.gravatar.com\/avatar\/1787b83e7484a08e51d62ac8b41c8396?s=96&r=g","caption":"Renan Dantas"},"description":"Escreve sobre pol\u00edtica e mercado financeiro para o portal Suno Not\u00edcias. Antes, atuou na assessoria de comunica\u00e7\u00e3o do Minist\u00e9rio P\u00fablico do Trabalho e na R\u00e1dio Mackenzie, onde apresentava e produzia um programa sobre artistas da m\u00fasica brasileira. \u00c9 estudante na Universidade Presbiteriana Mackenzie.","url":"https:\/\/www.suno.com.br\/noticias\/author\/renan-dantas\/"}]}},"default_loop_html":"<div class=\"cardsPage__listCard__boxs\"><div class=\"cardsPage__listCard__boxs__img\"><a href=\"https:\/\/www.suno.com.br\/noticias\/shell-exploracao-pre-sal\/\"><img class=\"mask\" src=\"https:\/\/www.suno.com.br\/noticias\/wp-content\/themes\/suno\/resources\/images\/spotlight\/spotlight1img\/bg-mask.png\" alt=\"Image Mask\"\/><img src=\"https:\/\/files.sunoresearch.com.br\/n\/uploads\/2019\/03\/66b223c7-shell-400x200.webp\" alt=\"Shell planeja iniciar explora\u00e7\u00e3o em novas \u00e1reas do pr\u00e9-sal este ano\"\/><\/a><span class=\"spotlightCategory\"><a href=\"https:\/\/www.suno.com.br\/noticias\/mercado\/\">Mercado<\/a><\/span><\/div><div class=\"cardsPage__listCard__boxs__content\"><a href=\"https:\/\/www.suno.com.br\/noticias\/shell-exploracao-pre-sal\/\"><h2 class=\"content__title\">Shell planeja iniciar explora\u00e7\u00e3o em novas \u00e1reas do pr\u00e9-sal este ano<\/h2><\/a><div class=\"newsContent__article__meta\"><div class=\"newsContent__article__meta__authorBox\"><a href=\"https:\/\/www.suno.com.br\/noticias\/author\/renan-dantas\/\" class=\"authorBox__avatar noMobi\"><img src=\"https:\/\/secure.gravatar.com\/avatar\/1787b83e7484a08e51d62ac8b41c8396?s=96&#038;r=g\" alt=\"Renan Dantas\"><\/a><div class=\"authorBox__name\"><span>por\n\t\t\t<a href=\"https:\/\/www.suno.com.br\/noticias\/author\/renan-dantas\/\"><span itemprop=\"author\">Renan Dantas<\/span><\/a><\/span><time datetime=\"2019-03-20T19:13:11-03:00\" itemprop=\"datePublished\">20\/03\/2019 19:13<\/time><\/div><\/div><\/div><\/div><\/div>","single_layout":"posts","amp_enabled":true,"_links":{"self":[{"href":"https:\/\/www.suno.com.br\/noticias\/wp-json\/wp\/v2\/posts\/18565"}],"collection":[{"href":"https:\/\/www.suno.com.br\/noticias\/wp-json\/wp\/v2\/posts"}],"about":[{"href":"https:\/\/www.suno.com.br\/noticias\/wp-json\/wp\/v2\/types\/post"}],"author":[{"embeddable":true,"href":"https:\/\/www.suno.com.br\/noticias\/wp-json\/wp\/v2\/users\/14"}],"replies":[{"embeddable":true,"href":"https:\/\/www.suno.com.br\/noticias\/wp-json\/wp\/v2\/comments?post=18565"}],"version-history":[{"count":0,"href":"https:\/\/www.suno.com.br\/noticias\/wp-json\/wp\/v2\/posts\/18565\/revisions"}],"wp:featuredmedia":[{"embeddable":true,"href":"https:\/\/www.suno.com.br\/noticias\/wp-json\/wp\/v2\/media\/18567"}],"wp:attachment":[{"href":"https:\/\/www.suno.com.br\/noticias\/wp-json\/wp\/v2\/media?parent=18565"}],"wp:term":[{"taxonomy":"category","embeddable":true,"href":"https:\/\/www.suno.com.br\/noticias\/wp-json\/wp\/v2\/categories?post=18565"},{"taxonomy":"post_tag","embeddable":true,"href":"https:\/\/www.suno.com.br\/noticias\/wp-json\/wp\/v2\/tags?post=18565"},{"taxonomy":"suno_strategy","embeddable":true,"href":"https:\/\/www.suno.com.br\/noticias\/wp-json\/wp\/v2\/suno_strategy?post=18565"}],"curies":[{"name":"wp","href":"https:\/\/api.w.org\/{rel}","templated":true}]}}