{"id":185574,"date":"2021-09-20T13:38:10","date_gmt":"2021-09-20T16:38:10","guid":{"rendered":"https:\/\/www.suno.com.br\/noticias\/?p=185574"},"modified":"2021-09-20T13:38:10","modified_gmt":"2021-09-20T16:38:10","slug":"ambipar-ambp3-compra-irlandesa-lehane-environmental","status":"publish","type":"post","link":"https:\/\/www.suno.com.br\/noticias\/ambipar-ambp3-compra-irlandesa-lehane-environmental\/","title":{"rendered":"Ambipar (AMBP3) compra irlandesa Lehane Environmental e expande atua\u00e7\u00e3o na Europa"},"content":{"rendered":"<p>A <a class=\"suno-keyword\" href=\"https:\/\/www.suno.com.br\/acoes\/AMBP3\/\" target=\"_blank\" rel=\"noopener\" data-force=\"yes\" data-priority=\"2\"><strong>Ambipar<\/strong> (AMBP3)<\/a> concluiu mais uma aquisi\u00e7\u00e3o, de acordo com comunicado ao mercado nesta segunda-feira (20): comprou a irlandesa Lehane Environmental, por meio da controlada indireta Ambipar Holding UK, por valor\u00a0 n\u00e3o divulgado.<\/p>\t<div class=\"wrapper-featured-image\">\n\t\t<figure class=\"spotlightImg\">\n\n\t\t\t<picture>\n\t\t\t\t<source media=\"(max-width: 768px)\" srcset=\"https:\/\/files.sunoresearch.com.br\/n\/uploads\/2020\/07\/8aaddd12-ambipar-2-400x200.webp\">\n\t\t\t\t<img loading=\"lazy\" decoding=\"async\" class=\"newsContent__article__imgCapa lazyloadDisabled \" src=\"https:\/\/files.sunoresearch.com.br\/n\/uploads\/2020\/07\/8aaddd12-ambipar-2-800x450.webp\" width=\"800\" height=\"450\" alt=\"Ambipar (AMBP3) compra irlandesa Lehane Environmental e expande atua\u00e7\u00e3o na Europa\" fetchpriority=high \/>\n\t\t\t<\/picture>\n\n\t\t\t<figcaption class=\"wp-caption-text wp-caption-text--show\">Ambipar - Foto: Reprodu\u00e7\u00e3o\/Site<\/figcaption>\n\t\t<\/figure>\n\t<\/div>\n\n\n\t<p>\n\t\t<a href=\"https:\/\/lp.suno.com.br\/planilha-controle-gastos\/\" target=\"_blank\" data-element=\"shortcode-suno-banner\" title=\"Banner SUNO, clique e saiba mais\">\n\t\t\t<picture>\n\t\t\t\t<source media=\"(max-width: 500px)\" srcset=\"https:\/\/files.sunoresearch.com.br\/n\/uploads\/2023\/03\/400x300-Planilha-controle-de-gastos.png\">\n\t\t\t\t<img class=\"newsContent__article__imgCapa newsContent__article__imgCapa--banner\"\n\t\t\t\t\tsrc=\"https:\/\/files.sunoresearch.com.br\/n\/uploads\/2023\/03\/1420x240-Planilha-controle-de-gastos.png\"\n\t\t\t\t\tdata-promo-id=\"101751\"\t\t\t\t\t\t\t\t\t\twidth='1420' height='240'\t\t\t\t\talt=\"https:\/\/files.sunoresearch.com.br\/n\/uploads\/2023\/03\/1420x240-Planilha-controle-de-gastos.png\"\n\t\t\t\t>\n\t\t\t<\/picture>\n\t\t<\/a>\n\t<\/p>\n\n\n<p>Em documento, a Ambipar afirma que a <strong>Lehane<\/strong> \u00e9 especializada em atendimentos de emerg\u00eancias ambientais e servi\u00e7os industriais. Com mais de 45 anos de atua\u00e7\u00e3o, a empresa rec\u00e9m-adquirida possui duas bases operacionais na Irlanda, em Cork e Dublin.<\/p>\n<p>Com a aquisi\u00e7\u00e3o, a Lehane torna-se <strong>Ambipar Response<\/strong>, &#8220;que agora conta com a gest\u00e3o estrat\u00e9gica e estrutura do <strong>Grupo Ambipar<\/strong> para impulsionar o seu crescimento no mercado europeu&#8221;, diz comunicado.<\/p>\n<p>Para o analista da Guide Investimentos, Luis Sales, a nova compra \u00e9 positiva. &#8220;A Ambipar tem realizado diversas aquisi\u00e7\u00f5es desde o seu IPO, h\u00e1 um ano, com expans\u00e3o de suas opera\u00e7\u00f5es no exterior. [A empresa] passa a ter presen\u00e7a agora tamb\u00e9m na Europa, al\u00e9m de Estados Unidos com sua controlada <strong>Ambipar Holding USA<\/strong>, e unidades na Am\u00e9rica Latina&#8221;, diz em nota aos clientes.<\/p>\n<p>A transa\u00e7\u00e3o est\u00e1 em linha com o plano de expans\u00e3o da empresa, que passa a ter 11 bases de opera\u00e7\u00e3o no Reino Unido e regi\u00f5es vizinhas, com presen\u00e7a em seis pa\u00edses. Veja na imagem:<\/p>\n<figure id=\"attachment_185578\" aria-describedby=\"caption-attachment-185578\" style=\"width: 698px\" class=\"wp-caption alignnone\"><img loading=\"lazy\" decoding=\"async\" class=\"size-full wp-image-185578\" src=\"https:\/\/files.sunoresearch.com.br\/n\/uploads\/2021\/09\/Ambipar.png\" alt=\"\" width=\"698\" height=\"498\" srcset=\"https:\/\/files.sunoresearch.com.br\/n\/uploads\/2021\/09\/Ambipar.png 698w, https:\/\/files.sunoresearch.com.br\/n\/uploads\/2021\/09\/Ambipar-300x214.png 300w, https:\/\/files.sunoresearch.com.br\/n\/uploads\/2021\/09\/Ambipar-150x107.png 150w\" sizes=\"(max-width: 698px) 100vw, 698px\" \/><figcaption id=\"caption-attachment-185578\" class=\"wp-caption-text\">Fonte: Ambipar (comunicado ao mercado 20.09.2021)<\/figcaption><\/figure>\n<p>Segundo a Ambipar, a aquisi\u00e7\u00e3o da <strong>Lehane Environmental<\/strong> acrescenta ao neg\u00f3cio da companhia nos seguintes aspectos:<\/p>\n<ul>\n<li>expande geograficamente a presen\u00e7a da companhia na Europa;<\/li>\n<li>amplia a capilaridade de atendimento, reduzindo o tempo de resposta;<\/li>\n<li>gera sinergias operacionais, administrativas e oportunidades de <em>cross selling. <\/em><\/li>\n<\/ul>\n<p>&#8220;[Tudo] est\u00e1 em linha com o plano estrat\u00e9gico de crescimento, com captura de sinergias e potencial maximiza\u00e7\u00e3o das margens e retorno\u201d, diz a companhia em comunicado.<\/p>\n\t<p>\n\t\t<a href=\"https:\/\/lp.suno.com.br\/planilha-da-vida-financeira\/\" target=\"_blank\" data-element=\"shortcode-suno-banner\" title=\"Banner SUNO, clique e saiba mais\">\n\t\t\t<picture>\n\t\t\t\t<source media=\"(max-width: 500px)\" srcset=\"https:\/\/files.sunoresearch.com.br\/n\/uploads\/2023\/04\/400x300-Planilha-vida-financeira-true.png\">\n\t\t\t\t<img class=\"newsContent__article__imgCapa newsContent__article__imgCapa--banner\"\n\t\t\t\t\tsrc=\"https:\/\/files.sunoresearch.com.br\/n\/uploads\/2023\/04\/1420x240-Planilha-vida-financeira-true.png\"\n\t\t\t\t\tdata-promo-id=\"106682\"\t\t\t\t\t\t\t\t\t\twidth='1420' height='240'\t\t\t\t\talt=\"https:\/\/files.sunoresearch.com.br\/n\/uploads\/2023\/04\/1420x240-Planilha-vida-financeira-true.png\"\n\t\t\t\t>\n\t\t\t<\/picture>\n\t\t<\/a>\n\t<\/p>\n\n\n<h2>IPO da Environmental ESG Participa\u00e7\u00f5es<\/h2>\n<p>J\u00e1 noticiado em meados de agosto, o IPO da <strong>Environmental ESG Participa\u00e7\u00f5es (EESG3)<\/strong>, subsidi\u00e1ria da Ambipar, <a href=\"https:\/\/www.suno.com.br\/noticias\/ambipar-ambp3-ipo-environmental-eesg3\/\" target=\"_blank\" rel=\"noopener\">deve acontecer com o pre\u00e7o por a\u00e7\u00e3o<\/a> dentro da faixa indicativa de R$ 15,50 e R$ 20,50.<\/p>\n<p>Segundo o Brazil Journal, os bancos acreditam ter demanda para toda a oferta, que ser\u00e1 prim\u00e1ria, ou seja, o dinheiro arrecadado ir\u00e1 para o caixa da Ambipar.<\/p>\n<p>De acordo com o site, a Environmental j\u00e1 tem mais de 20 aquisi\u00e7\u00f5es realizadas, com neg\u00f3cios por todo o Brasil. E a empresa pretende acelerar ainda mais as aquisi\u00e7\u00f5es antes que novos concorrentes ampliem a presen\u00e7a no setor.<\/p>\n<p>Ap\u00f3s o IPO, a Ambipar manter\u00e1 o controle de pouco mais de 50% da Environmental. A <strong>a\u00e7\u00e3o EESG3<\/strong> ir\u00e1 estrear na bolsa em 11 de outubro, com a emiss\u00e3o de 168,4 milh\u00f5es de pap\u00e9is.<\/p>\n\t<p>\n\t\t<a href=\"https:\/\/lp.suno.com.br\/planilha-de-controle-de-investimentos\/\" target=\"_blank\" data-element=\"shortcode-suno-banner\" title=\"Banner SUNO, clique e saiba mais\">\n\t\t\t<picture>\n\t\t\t\t<source media=\"(max-width: 500px)\" srcset=\"https:\/\/files.sunoresearch.com.br\/n\/uploads\/2023\/03\/400x300-Controle-de-Investimentos.png\">\n\t\t\t\t<img class=\"newsContent__article__imgCapa newsContent__article__imgCapa--banner\"\n\t\t\t\t\tsrc=\"https:\/\/files.sunoresearch.com.br\/n\/uploads\/2023\/03\/1420x240-Controle-de-Investimentos.png\"\n\t\t\t\t\tdata-promo-id=\"75934\"\t\t\t\t\t\t\t\t\t\twidth='1420' height='240'\t\t\t\t\talt=\"https:\/\/files.sunoresearch.com.br\/n\/uploads\/2023\/03\/1420x240-Controle-de-Investimentos.png\"\n\t\t\t\t>\n\t\t\t<\/picture>\n\t\t<\/a>\n\t<\/p>\n\n\n<h2>Cota\u00e7\u00e3o da Ambipar nesta segunda (20)<\/h2>\n<p>\u00c0s 13h25 desta segunda-feira (20), a <strong>cota\u00e7\u00e3o da Ambipar<\/strong> na <a class=\"suno-keyword\" href=\"https:\/\/www.suno.com.br\/artigos\/bolsa-de-valores\/\" target=\"_blank\" rel=\"noopener\" data-force=\"no\" data-priority=\"3\">bolsa de valores<\/a> apresentava queda de 3,02%, com as <strong>a\u00e7\u00f5es AMBP3<\/strong> sendo negociadas a R$ 55,23. O Ibovespa hoje cai 3,24%, aos 107.851. O \u00edndice repercute os movimentos do mercado de commodities e a possibilidade de um calote de US$ 300 bilh\u00f5es por parte da Evergrande, segunda maior incorporadora da China.<\/p>\n<p>Desde o IPO, em julho do ano passado, os pap\u00e9is da <strong>Ambipar<\/strong> acumulam valoriza\u00e7\u00e3o de 93,58% frente a precifica\u00e7\u00e3o de R$ 24,75 da estreia.<\/p>\n\t<p>\n\t\t<a href=\"\" target=\"_blank\" data-element=\"shortcode-suno-banner\" title=\"Banner SUNO, clique e saiba mais\">\n\t\t\t<picture>\n\t\t\t\t<source media=\"(max-width: 500px)\" srcset=\"\">\n\t\t\t\t<img class=\"newsContent__article__imgCapa newsContent__article__imgCapa--banner\"\n\t\t\t\t\tsrc=\"\"\n\t\t\t\t\tdata-promo-id=\"184190\"\t\t\t\t\t\t\t\t\t\t\t\t\t\t\talt=\"\"\n\t\t\t\t>\n\t\t\t<\/picture>\n\t\t<\/a>\n\t<\/p>\n\n\n","protected":false},"excerpt":{"rendered":"<p>A Ambipar (AMBP3) concluiu mais uma aquisi\u00e7\u00e3o, de acordo com comunicado ao mercado nesta segunda-feira (20): comprou a irlandesa Lehane Environmental, por meio da controlada indireta Ambipar Holding UK, por valor\u00a0 n\u00e3o divulgado. Ambipar &#8211; Foto: Reprodu\u00e7\u00e3o\/Site Em documento, a Ambipar afirma que a Lehane \u00e9 especializada em atendimentos de emerg\u00eancias ambientais e servi\u00e7os industriais. [&hellip;]<\/p>\n","protected":false},"author":102,"featured_media":72039,"comment_status":"closed","ping_status":"closed","sticky":false,"template":"","format":"standard","meta":[],"categories":[64],"tags":[66864,105816,62812,1117],"suno_strategy":[],"class_list":["post-185574","post","type-post","status-publish","format-standard","has-post-thumbnail","hentry","category-negocios","tag-ambipar-ambp3","tag-especialistas","tag-fusoes-e-aquisicoes","tag-sustentabilidade"],"yoast_head":"<!-- This site is optimized with the Yoast SEO plugin v24.4 - https:\/\/yoast.com\/wordpress\/plugins\/seo\/ -->\n<title>Ambipar (AMBP3) compra Lehane Environmental e expande na Europa<\/title>\n<meta name=\"description\" content=\"A Ambipar (AMBP3) concluiu mais uma aquisi\u00e7\u00e3o nesta segunda (20), desta vez da irlandesa Lehane Environmental. Veja mais detalhes aqui.\" \/>\n<meta name=\"robots\" content=\"index, follow, max-snippet:-1, max-image-preview:large, max-video-preview:-1\" \/>\n<link rel=\"canonical\" href=\"https:\/\/www.suno.com.br\/noticias\/ambipar-ambp3-compra-irlandesa-lehane-environmental\/\" \/>\n<meta property=\"og:locale\" content=\"pt_BR\" \/>\n<meta property=\"og:type\" content=\"article\" \/>\n<meta property=\"og:title\" content=\"Ambipar (AMBP3) compra Lehane Environmental e expande na Europa\" \/>\n<meta property=\"og:description\" content=\"A Ambipar (AMBP3) concluiu mais uma aquisi\u00e7\u00e3o nesta segunda (20), desta vez da irlandesa Lehane Environmental. Veja mais detalhes aqui.\" \/>\n<meta property=\"og:url\" content=\"https:\/\/www.suno.com.br\/noticias\/ambipar-ambp3-compra-irlandesa-lehane-environmental\/\" \/>\n<meta property=\"og:site_name\" content=\"Suno Not\u00edcias\" \/>\n<meta property=\"article:publisher\" content=\"https:\/\/facebook.com\/sunoresearch\" \/>\n<meta property=\"og:image\" content=\"https:\/\/files.sunoresearch.com.br\/n\/uploads\/2020\/07\/8aaddd12-ambipar-2.jpg\" \/>\n\t<meta property=\"og:image:width\" content=\"4032\" \/>\n\t<meta property=\"og:image:height\" content=\"2584\" \/>\n\t<meta property=\"og:image:type\" content=\"image\/jpeg\" \/>\n<meta name=\"author\" content=\"Monique Lima\" \/>\n<meta name=\"twitter:card\" content=\"summary_large_image\" \/>\n<meta name=\"twitter:creator\" content=\"@sunoresearch\" \/>\n<meta name=\"twitter:site\" content=\"@sunoresearch\" \/>\n<meta name=\"twitter:label1\" content=\"Escrito por\" \/>\n\t<meta name=\"twitter:data1\" content=\"Monique Lima\" \/>\n\t<meta name=\"twitter:label2\" content=\"Est. tempo de leitura\" \/>\n\t<meta name=\"twitter:data2\" content=\"3 minutos\" \/>\n<script type=\"application\/ld+json\" class=\"yoast-schema-graph\">{\"@context\":\"https:\/\/schema.org\",\"@graph\":[{\"@type\":\"NewsArticle\",\"@id\":\"https:\/\/www.suno.com.br\/noticias\/ambipar-ambp3-compra-irlandesa-lehane-environmental\/#article\",\"isPartOf\":{\"@id\":\"https:\/\/www.suno.com.br\/noticias\/ambipar-ambp3-compra-irlandesa-lehane-environmental\/\"},\"author\":{\"name\":\"Monique Lima\",\"@id\":\"https:\/\/www.suno.com.br\/noticias\/#\/schema\/person\/d712329319cc9b10f254d02d654cb36a\"},\"headline\":\"Ambipar (AMBP3) compra irlandesa Lehane Environmental e expande atua\u00e7\u00e3o na Europa\",\"datePublished\":\"2021-09-20T16:38:10+00:00\",\"mainEntityOfPage\":{\"@id\":\"https:\/\/www.suno.com.br\/noticias\/ambipar-ambp3-compra-irlandesa-lehane-environmental\/\"},\"wordCount\":560,\"publisher\":{\"@id\":\"https:\/\/www.suno.com.br\/noticias\/#organization\"},\"image\":{\"@id\":\"https:\/\/www.suno.com.br\/noticias\/ambipar-ambp3-compra-irlandesa-lehane-environmental\/#primaryimage\"},\"thumbnailUrl\":\"https:\/\/files.sunoresearch.com.br\/n\/uploads\/2020\/07\/8aaddd12-ambipar-2-scaled.webp\",\"keywords\":[\"Ambipar (AMBP3)\",\"Especialistas\",\"fus\u00f5es e aquisi\u00e7\u00f5es\",\"Sustentabilidade\"],\"articleSection\":[\"Neg\u00f3cios\"],\"inLanguage\":\"pt-BR\"},{\"@type\":\"WebPage\",\"@id\":\"https:\/\/www.suno.com.br\/noticias\/ambipar-ambp3-compra-irlandesa-lehane-environmental\/\",\"url\":\"https:\/\/www.suno.com.br\/noticias\/ambipar-ambp3-compra-irlandesa-lehane-environmental\/\",\"name\":\"Ambipar (AMBP3) compra Lehane Environmental e expande na Europa\",\"isPartOf\":{\"@id\":\"https:\/\/www.suno.com.br\/noticias\/#website\"},\"primaryImageOfPage\":{\"@id\":\"https:\/\/www.suno.com.br\/noticias\/ambipar-ambp3-compra-irlandesa-lehane-environmental\/#primaryimage\"},\"image\":{\"@id\":\"https:\/\/www.suno.com.br\/noticias\/ambipar-ambp3-compra-irlandesa-lehane-environmental\/#primaryimage\"},\"thumbnailUrl\":\"https:\/\/files.sunoresearch.com.br\/n\/uploads\/2020\/07\/8aaddd12-ambipar-2-scaled.webp\",\"datePublished\":\"2021-09-20T16:38:10+00:00\",\"description\":\"A Ambipar (AMBP3) concluiu mais uma aquisi\u00e7\u00e3o nesta segunda (20), desta vez da irlandesa Lehane Environmental. Veja mais detalhes aqui.\",\"breadcrumb\":{\"@id\":\"https:\/\/www.suno.com.br\/noticias\/ambipar-ambp3-compra-irlandesa-lehane-environmental\/#breadcrumb\"},\"inLanguage\":\"pt-BR\",\"potentialAction\":[{\"@type\":\"ReadAction\",\"target\":[\"https:\/\/www.suno.com.br\/noticias\/ambipar-ambp3-compra-irlandesa-lehane-environmental\/\"]}]},{\"@type\":\"ImageObject\",\"inLanguage\":\"pt-BR\",\"@id\":\"https:\/\/www.suno.com.br\/noticias\/ambipar-ambp3-compra-irlandesa-lehane-environmental\/#primaryimage\",\"url\":\"https:\/\/files.sunoresearch.com.br\/n\/uploads\/2020\/07\/8aaddd12-ambipar-2-scaled.webp\",\"contentUrl\":\"https:\/\/files.sunoresearch.com.br\/n\/uploads\/2020\/07\/8aaddd12-ambipar-2-scaled.webp\",\"width\":2560,\"height\":1641,\"caption\":\"Ambipar - Foto: Reprodu\u00e7\u00e3o\/Site\"},{\"@type\":\"BreadcrumbList\",\"@id\":\"https:\/\/www.suno.com.br\/noticias\/ambipar-ambp3-compra-irlandesa-lehane-environmental\/#breadcrumb\",\"itemListElement\":[{\"@type\":\"ListItem\",\"position\":1,\"name\":\"Not\u00edcias\",\"item\":\"https:\/\/www.suno.com.br\/noticias\/\"},{\"@type\":\"ListItem\",\"position\":2,\"name\":\"Neg\u00f3cios\",\"item\":\"https:\/\/www.suno.com.br\/noticias\/negocios\/\"},{\"@type\":\"ListItem\",\"position\":3,\"name\":\"Ambipar (AMBP3) compra irlandesa Lehane Environmental e expande atua\u00e7\u00e3o na Europa\"}]},{\"@type\":\"WebSite\",\"@id\":\"https:\/\/www.suno.com.br\/noticias\/#website\",\"url\":\"https:\/\/www.suno.com.br\/noticias\/\",\"name\":\"Suno Not\u00edcias\",\"description\":\"Seu portal de informa\u00e7\u00e3o sobre o mundo dos investimentos\",\"publisher\":{\"@id\":\"https:\/\/www.suno.com.br\/noticias\/#organization\"},\"potentialAction\":[{\"@type\":\"SearchAction\",\"target\":{\"@type\":\"EntryPoint\",\"urlTemplate\":\"https:\/\/www.suno.com.br\/noticias\/?s={search_term_string}\"},\"query-input\":{\"@type\":\"PropertyValueSpecification\",\"valueRequired\":true,\"valueName\":\"search_term_string\"}}],\"inLanguage\":\"pt-BR\"},{\"@type\":\"Organization\",\"@id\":\"https:\/\/www.suno.com.br\/noticias\/#organization\",\"name\":\"Suno Not\u00edcias\",\"url\":\"https:\/\/www.suno.com.br\/noticias\/\",\"logo\":{\"@type\":\"ImageObject\",\"inLanguage\":\"pt-BR\",\"@id\":\"https:\/\/www.suno.com.br\/noticias\/#\/schema\/logo\/image\/\",\"url\":\"https:\/\/files.sunoresearch.com.br\/n\/uploads\/2021\/09\/suno-logo.png\",\"contentUrl\":\"https:\/\/files.sunoresearch.com.br\/n\/uploads\/2021\/09\/suno-logo.png\",\"width\":180,\"height\":180,\"caption\":\"Suno Not\u00edcias\"},\"image\":{\"@id\":\"https:\/\/www.suno.com.br\/noticias\/#\/schema\/logo\/image\/\"},\"sameAs\":[\"https:\/\/facebook.com\/sunoresearch\",\"https:\/\/x.com\/sunoresearch\",\"https:\/\/www.instagram.com\/suno\",\"https:\/\/www.linkedin.com\/company\/suno-research\/\",\"https:\/\/www.youtube.com\/c\/sunoresearch\"]},{\"@type\":\"Person\",\"@id\":\"https:\/\/www.suno.com.br\/noticias\/#\/schema\/person\/d712329319cc9b10f254d02d654cb36a\",\"name\":\"Monique Lima\",\"image\":{\"@type\":\"ImageObject\",\"inLanguage\":\"pt-BR\",\"@id\":\"https:\/\/www.suno.com.br\/noticias\/#\/schema\/person\/image\/\",\"url\":\"https:\/\/secure.gravatar.com\/avatar\/daee7f16d906c2e9ffed236206ca2c30?s=96&r=g\",\"contentUrl\":\"https:\/\/secure.gravatar.com\/avatar\/daee7f16d906c2e9ffed236206ca2c30?s=96&r=g\",\"caption\":\"Monique Lima\"},\"description\":\"Rep\u00f3rter de Mercado no Suno Not\u00edcias, \u00e9 jornalista com experi\u00eancia na cobertura de economia, empreendedorismo, finan\u00e7as pessoais, mercado financeiro, carreira e recursos humanos. Formada em Jornalismo pela Universidade Paulista, teve experi\u00eancias em ve\u00edculos de comunica\u00e7\u00e3o como a Ag\u00eancia TradeMap, Revista Voc\u00ea S\/A e Revista Voc\u00ea RH, as duas \u00faltimas publica\u00e7\u00f5es da Editora Abril. No Suno Not\u00edcias, fala sobre as principais not\u00edcias de Fundos Imobili\u00e1rios, Fiagro, Startups e empresas listadas na Bolsa.\",\"url\":\"https:\/\/www.suno.com.br\/noticias\/author\/monique-lima\/\"}]}<\/script>\n<!-- \/ Yoast SEO plugin. -->","yoast_head_json":{"title":"Ambipar (AMBP3) compra Lehane Environmental e expande na Europa","description":"A Ambipar (AMBP3) concluiu mais uma aquisi\u00e7\u00e3o nesta segunda (20), desta vez da irlandesa Lehane Environmental. Veja mais detalhes aqui.","robots":{"index":"index","follow":"follow","max-snippet":"max-snippet:-1","max-image-preview":"max-image-preview:large","max-video-preview":"max-video-preview:-1"},"canonical":"https:\/\/www.suno.com.br\/noticias\/ambipar-ambp3-compra-irlandesa-lehane-environmental\/","og_locale":"pt_BR","og_type":"article","og_title":"Ambipar (AMBP3) compra Lehane Environmental e expande na Europa","og_description":"A Ambipar (AMBP3) concluiu mais uma aquisi\u00e7\u00e3o nesta segunda (20), desta vez da irlandesa Lehane Environmental. Veja mais detalhes aqui.","og_url":"https:\/\/www.suno.com.br\/noticias\/ambipar-ambp3-compra-irlandesa-lehane-environmental\/","og_site_name":"Suno Not\u00edcias","article_publisher":"https:\/\/facebook.com\/sunoresearch","og_image":[{"width":4032,"height":2584,"url":"https:\/\/files.sunoresearch.com.br\/n\/uploads\/2020\/07\/8aaddd12-ambipar-2.jpg","type":"image\/jpeg"}],"author":"Monique Lima","twitter_card":"summary_large_image","twitter_creator":"@sunoresearch","twitter_site":"@sunoresearch","twitter_misc":{"Escrito por":"Monique Lima","Est. tempo de leitura":"3 minutos"},"schema":{"@context":"https:\/\/schema.org","@graph":[{"@type":"NewsArticle","@id":"https:\/\/www.suno.com.br\/noticias\/ambipar-ambp3-compra-irlandesa-lehane-environmental\/#article","isPartOf":{"@id":"https:\/\/www.suno.com.br\/noticias\/ambipar-ambp3-compra-irlandesa-lehane-environmental\/"},"author":{"name":"Monique Lima","@id":"https:\/\/www.suno.com.br\/noticias\/#\/schema\/person\/d712329319cc9b10f254d02d654cb36a"},"headline":"Ambipar (AMBP3) compra irlandesa Lehane Environmental e expande atua\u00e7\u00e3o na Europa","datePublished":"2021-09-20T16:38:10+00:00","mainEntityOfPage":{"@id":"https:\/\/www.suno.com.br\/noticias\/ambipar-ambp3-compra-irlandesa-lehane-environmental\/"},"wordCount":560,"publisher":{"@id":"https:\/\/www.suno.com.br\/noticias\/#organization"},"image":{"@id":"https:\/\/www.suno.com.br\/noticias\/ambipar-ambp3-compra-irlandesa-lehane-environmental\/#primaryimage"},"thumbnailUrl":"https:\/\/files.sunoresearch.com.br\/n\/uploads\/2020\/07\/8aaddd12-ambipar-2-scaled.webp","keywords":["Ambipar (AMBP3)","Especialistas","fus\u00f5es e aquisi\u00e7\u00f5es","Sustentabilidade"],"articleSection":["Neg\u00f3cios"],"inLanguage":"pt-BR"},{"@type":"WebPage","@id":"https:\/\/www.suno.com.br\/noticias\/ambipar-ambp3-compra-irlandesa-lehane-environmental\/","url":"https:\/\/www.suno.com.br\/noticias\/ambipar-ambp3-compra-irlandesa-lehane-environmental\/","name":"Ambipar (AMBP3) compra Lehane Environmental e expande na Europa","isPartOf":{"@id":"https:\/\/www.suno.com.br\/noticias\/#website"},"primaryImageOfPage":{"@id":"https:\/\/www.suno.com.br\/noticias\/ambipar-ambp3-compra-irlandesa-lehane-environmental\/#primaryimage"},"image":{"@id":"https:\/\/www.suno.com.br\/noticias\/ambipar-ambp3-compra-irlandesa-lehane-environmental\/#primaryimage"},"thumbnailUrl":"https:\/\/files.sunoresearch.com.br\/n\/uploads\/2020\/07\/8aaddd12-ambipar-2-scaled.webp","datePublished":"2021-09-20T16:38:10+00:00","description":"A Ambipar (AMBP3) concluiu mais uma aquisi\u00e7\u00e3o nesta segunda (20), desta vez da irlandesa Lehane Environmental. Veja mais detalhes aqui.","breadcrumb":{"@id":"https:\/\/www.suno.com.br\/noticias\/ambipar-ambp3-compra-irlandesa-lehane-environmental\/#breadcrumb"},"inLanguage":"pt-BR","potentialAction":[{"@type":"ReadAction","target":["https:\/\/www.suno.com.br\/noticias\/ambipar-ambp3-compra-irlandesa-lehane-environmental\/"]}]},{"@type":"ImageObject","inLanguage":"pt-BR","@id":"https:\/\/www.suno.com.br\/noticias\/ambipar-ambp3-compra-irlandesa-lehane-environmental\/#primaryimage","url":"https:\/\/files.sunoresearch.com.br\/n\/uploads\/2020\/07\/8aaddd12-ambipar-2-scaled.webp","contentUrl":"https:\/\/files.sunoresearch.com.br\/n\/uploads\/2020\/07\/8aaddd12-ambipar-2-scaled.webp","width":2560,"height":1641,"caption":"Ambipar - Foto: Reprodu\u00e7\u00e3o\/Site"},{"@type":"BreadcrumbList","@id":"https:\/\/www.suno.com.br\/noticias\/ambipar-ambp3-compra-irlandesa-lehane-environmental\/#breadcrumb","itemListElement":[{"@type":"ListItem","position":1,"name":"Not\u00edcias","item":"https:\/\/www.suno.com.br\/noticias\/"},{"@type":"ListItem","position":2,"name":"Neg\u00f3cios","item":"https:\/\/www.suno.com.br\/noticias\/negocios\/"},{"@type":"ListItem","position":3,"name":"Ambipar (AMBP3) compra irlandesa Lehane Environmental e expande atua\u00e7\u00e3o na Europa"}]},{"@type":"WebSite","@id":"https:\/\/www.suno.com.br\/noticias\/#website","url":"https:\/\/www.suno.com.br\/noticias\/","name":"Suno Not\u00edcias","description":"Seu portal de informa\u00e7\u00e3o sobre o mundo dos investimentos","publisher":{"@id":"https:\/\/www.suno.com.br\/noticias\/#organization"},"potentialAction":[{"@type":"SearchAction","target":{"@type":"EntryPoint","urlTemplate":"https:\/\/www.suno.com.br\/noticias\/?s={search_term_string}"},"query-input":{"@type":"PropertyValueSpecification","valueRequired":true,"valueName":"search_term_string"}}],"inLanguage":"pt-BR"},{"@type":"Organization","@id":"https:\/\/www.suno.com.br\/noticias\/#organization","name":"Suno Not\u00edcias","url":"https:\/\/www.suno.com.br\/noticias\/","logo":{"@type":"ImageObject","inLanguage":"pt-BR","@id":"https:\/\/www.suno.com.br\/noticias\/#\/schema\/logo\/image\/","url":"https:\/\/files.sunoresearch.com.br\/n\/uploads\/2021\/09\/suno-logo.png","contentUrl":"https:\/\/files.sunoresearch.com.br\/n\/uploads\/2021\/09\/suno-logo.png","width":180,"height":180,"caption":"Suno Not\u00edcias"},"image":{"@id":"https:\/\/www.suno.com.br\/noticias\/#\/schema\/logo\/image\/"},"sameAs":["https:\/\/facebook.com\/sunoresearch","https:\/\/x.com\/sunoresearch","https:\/\/www.instagram.com\/suno","https:\/\/www.linkedin.com\/company\/suno-research\/","https:\/\/www.youtube.com\/c\/sunoresearch"]},{"@type":"Person","@id":"https:\/\/www.suno.com.br\/noticias\/#\/schema\/person\/d712329319cc9b10f254d02d654cb36a","name":"Monique Lima","image":{"@type":"ImageObject","inLanguage":"pt-BR","@id":"https:\/\/www.suno.com.br\/noticias\/#\/schema\/person\/image\/","url":"https:\/\/secure.gravatar.com\/avatar\/daee7f16d906c2e9ffed236206ca2c30?s=96&r=g","contentUrl":"https:\/\/secure.gravatar.com\/avatar\/daee7f16d906c2e9ffed236206ca2c30?s=96&r=g","caption":"Monique Lima"},"description":"Rep\u00f3rter de Mercado no Suno Not\u00edcias, \u00e9 jornalista com experi\u00eancia na cobertura de economia, empreendedorismo, finan\u00e7as pessoais, mercado financeiro, carreira e recursos humanos. Formada em Jornalismo pela Universidade Paulista, teve experi\u00eancias em ve\u00edculos de comunica\u00e7\u00e3o como a Ag\u00eancia TradeMap, Revista Voc\u00ea S\/A e Revista Voc\u00ea RH, as duas \u00faltimas publica\u00e7\u00f5es da Editora Abril. No Suno Not\u00edcias, fala sobre as principais not\u00edcias de Fundos Imobili\u00e1rios, Fiagro, Startups e empresas listadas na Bolsa.","url":"https:\/\/www.suno.com.br\/noticias\/author\/monique-lima\/"}]}},"default_loop_html":"<div class=\"cardsPage__listCard__boxs\"><div class=\"cardsPage__listCard__boxs__img\"><a href=\"https:\/\/www.suno.com.br\/noticias\/ambipar-ambp3-compra-irlandesa-lehane-environmental\/\"><img class=\"mask\" src=\"https:\/\/www.suno.com.br\/noticias\/wp-content\/themes\/suno\/resources\/images\/spotlight\/spotlight1img\/bg-mask.png\" alt=\"Image Mask\"\/><img src=\"https:\/\/files.sunoresearch.com.br\/n\/uploads\/2020\/07\/8aaddd12-ambipar-2-400x200.webp\" alt=\"Ambipar (AMBP3) compra irlandesa Lehane Environmental e expande atua\u00e7\u00e3o na Europa\"\/><\/a><span class=\"spotlightCategory\"><a href=\"https:\/\/www.suno.com.br\/noticias\/negocios\/\">Neg\u00f3cios<\/a><\/span><\/div><div class=\"cardsPage__listCard__boxs__content\"><a href=\"https:\/\/www.suno.com.br\/noticias\/ambipar-ambp3-compra-irlandesa-lehane-environmental\/\"><h2 class=\"content__title\">Ambipar (AMBP3) compra irlandesa Lehane Environmental e expande atua\u00e7\u00e3o na Europa<\/h2><\/a><div class=\"newsContent__article__meta\"><div class=\"newsContent__article__meta__authorBox\"><a href=\"https:\/\/www.suno.com.br\/noticias\/author\/monique-lima\/\" class=\"authorBox__avatar noMobi\"><img src=\"https:\/\/secure.gravatar.com\/avatar\/daee7f16d906c2e9ffed236206ca2c30?s=96&#038;r=g\" alt=\"Monique Lima\"><\/a><div class=\"authorBox__name\"><span>por\n\t\t\t<a href=\"https:\/\/www.suno.com.br\/noticias\/author\/monique-lima\/\"><span itemprop=\"author\">Monique Lima<\/span><\/a><\/span><time datetime=\"2021-09-20T13:38:10-03:00\" itemprop=\"datePublished\">20\/09\/2021 13:38<\/time><\/div><\/div><\/div><\/div><\/div>","single_layout":"posts","amp_enabled":true,"_links":{"self":[{"href":"https:\/\/www.suno.com.br\/noticias\/wp-json\/wp\/v2\/posts\/185574"}],"collection":[{"href":"https:\/\/www.suno.com.br\/noticias\/wp-json\/wp\/v2\/posts"}],"about":[{"href":"https:\/\/www.suno.com.br\/noticias\/wp-json\/wp\/v2\/types\/post"}],"author":[{"embeddable":true,"href":"https:\/\/www.suno.com.br\/noticias\/wp-json\/wp\/v2\/users\/102"}],"replies":[{"embeddable":true,"href":"https:\/\/www.suno.com.br\/noticias\/wp-json\/wp\/v2\/comments?post=185574"}],"version-history":[{"count":3,"href":"https:\/\/www.suno.com.br\/noticias\/wp-json\/wp\/v2\/posts\/185574\/revisions"}],"predecessor-version":[{"id":185649,"href":"https:\/\/www.suno.com.br\/noticias\/wp-json\/wp\/v2\/posts\/185574\/revisions\/185649"}],"wp:featuredmedia":[{"embeddable":true,"href":"https:\/\/www.suno.com.br\/noticias\/wp-json\/wp\/v2\/media\/72039"}],"wp:attachment":[{"href":"https:\/\/www.suno.com.br\/noticias\/wp-json\/wp\/v2\/media?parent=185574"}],"wp:term":[{"taxonomy":"category","embeddable":true,"href":"https:\/\/www.suno.com.br\/noticias\/wp-json\/wp\/v2\/categories?post=185574"},{"taxonomy":"post_tag","embeddable":true,"href":"https:\/\/www.suno.com.br\/noticias\/wp-json\/wp\/v2\/tags?post=185574"},{"taxonomy":"suno_strategy","embeddable":true,"href":"https:\/\/www.suno.com.br\/noticias\/wp-json\/wp\/v2\/suno_strategy?post=185574"}],"curies":[{"name":"wp","href":"https:\/\/api.w.org\/{rel}","templated":true}]}}