{"id":185540,"date":"2021-09-20T10:55:27","date_gmt":"2021-09-20T13:55:27","guid":{"rendered":"https:\/\/www.suno.com.br\/noticias\/?p=185540"},"modified":"2021-09-20T10:55:27","modified_gmt":"2021-09-20T13:55:27","slug":"ibovespa-abaixo-110-mil-pontos-evergrande-queda-minerio-de-ferro","status":"publish","type":"post","link":"https:\/\/www.suno.com.br\/noticias\/ibovespa-abaixo-110-mil-pontos-evergrande-queda-minerio-de-ferro\/","title":{"rendered":"Ibovespa fica abaixo dos 110 mil pontos com Evergrande e queda do min\u00e9rio de ferro"},"content":{"rendered":"<p>O<strong> Ibovespa <\/strong>abre em queda de 2% <a href=\"https:\/\/www.suno.com.br\/artigos\/pregao\">no preg\u00e3o desta segunda-feira (20), ficando em 109.125 pontos<\/a>. O \u00edndice repercute os movimentos do mercado de commodities e a possibilidade de um calote de US$ 300 bilh\u00f5es por parte da Evergrande, segunda maior incorporadora da China.<\/p>\n\t<p>\n\t\t<a href=\"https:\/\/lp.suno.com.br\/planilha-controle-gastos\/\" target=\"_blank\" data-element=\"shortcode-suno-banner\" title=\"Banner SUNO, clique e saiba mais\">\n\t\t\t<picture>\n\t\t\t\t<source media=\"(max-width: 500px)\" srcset=\"https:\/\/files.sunoresearch.com.br\/n\/uploads\/2023\/03\/400x300-Planilha-controle-de-gastos.png\">\n\t\t\t\t<img class=\"newsContent__article__imgCapa newsContent__article__imgCapa--banner\"\n\t\t\t\t\tsrc=\"https:\/\/files.sunoresearch.com.br\/n\/uploads\/2023\/03\/1420x240-Planilha-controle-de-gastos.png\"\n\t\t\t\t\tdata-promo-id=\"101751\"\t\t\t\t\t\t\t\t\t\twidth='1420' height='240'\t\t\t\t\talt=\"https:\/\/files.sunoresearch.com.br\/n\/uploads\/2023\/03\/1420x240-Planilha-controle-de-gastos.png\"\n\t\t\t\t>\n\t\t\t<\/picture>\n\t\t<\/a>\n\t<\/p>\n\n\n<p>O <strong>Ibovespa hoje<\/strong> lida novamente com a press\u00e3o do pre\u00e7o do min\u00e9rio, que caiu 8,8% no preg\u00e3o do porto de Qingdao, ficando abaixo de US$ 100, menor pre\u00e7o para a commodity desde o m\u00eas de maio do ano passado.<\/p>\n<p>A tens\u00e3o internacional com a companhia asi\u00e1tica derruba Bolsas em todos os continentes e aumenta a preocupa\u00e7\u00e3o de uma crise mais intensa nos pr\u00f3ximos meses.<\/p>\n<p>Os \u00edndices futuros americanos apresentam quedas de cerca de 1,5%, entoando a queda de quase 3% da maioria das Bolsas da Europa.<\/p>\n<p>Na \u00c1sia, T\u00f3quio e Xangai ficam no verde em virtude do feriado, mas a <strong>Bolsa de Hong Kong<\/strong> cai mais 3% com a possibilidade de um calote de US$ 300 bilh\u00f5es da Evergrande.<\/p>\n<p>A companhia, a segunda maior incorporadora da China, pode ocasionar um novo <strong>colapso no sistema financeiro<\/strong> e abalar o mercado chin\u00eas, influente nas bolsas internacionais &#8212; especialmente considerando que UBS, BlackRock, Ashmores e outras institui\u00e7\u00f5es comp\u00f5em a lista de credores da gigante chinesa.<\/p>\n<p>Os pap\u00e9is da Evergrande j\u00e1 ca\u00edram mais de 83% neste ano, e derrubam a bolsa de Hong Kong, que apresenta queda de 12% em 2021. Voc\u00ea pode ler <a href=\"https:\/\/www.suno.com.br\/noticias\/evergrande-pressao-calote-300-bilhoes-china\/\">sobre o imbr\u00f3glio da companhia aqui<\/a>.<\/p>\n\t<div data-element=\"shortcode-read-more\" class=\"knowMore\">\n\t\t\t\t<span class=\"knowMore__title\">Leia mais<\/span>\n\t\t\t\t<a class=\"knowMore__link\" href=\"https:\/\/www.suno.com.br\/noticias\/mercado-alta-um-ponto-selic-inflacao-acima-meta-2022\/\">\n\t\t\tMercado projeta alta de 1 p.p. da Selic e v\u00ea infla\u00e7\u00e3o acima da meta em 2022\t\t<\/a>\n\t<\/div>\n\n\n<p>&#8220;Um evento que tr\u00e1s cautela aos investidores \u00e9 a grande construtora chinesa Evergrande, que possu\u00ed uma d\u00edvida gigante e est\u00e1 \u00e0 beira do colapso. No final da semana passada a empresa ofereceu aos seus credores o pagamento de d\u00edvidas com im\u00f3veis e com grandes descontos, para evitar o calote&#8221;, diz Pedro Galdi, analista da Mirae Asset.<\/p>\n<p>&#8220;Diante destes eventos deveremos ter as bolsas de valores vol\u00e1teis at\u00e9, pelo menos quarta-feira.&#8221;<\/p>\n<p>O especialista destaca que, al\u00e9m da tens\u00e3o com a companhia, a semana deve ser marcada pelas decis\u00f5es dos bancos centrais.<\/p>\n<p>&#8220;Esta semana promete ser altamente vol\u00e1til para as Bolsas de Valores no mundo e as justificativas s\u00e3o fortes. Na quarta-feira acontece as reuni\u00f5es do Copom e Fomc para definir juros, al\u00e9m de reuni\u00f5es ao longo da semana dos bancos centrais da China, Inglaterra, Jap\u00e3o e Turquia para decis\u00e3o sobre pol\u00edtica monet\u00e1ria&#8221;, acrescenta.<\/p>\n<p>O mercado j\u00e1 projeta uma alta de, no m\u00ednimo, um ponto percentual na <strong>Selic<\/strong>,\u00a0como modo de controlar a infla\u00e7\u00e3o e tentar lev\u00e1-la para o centro da meta, de 3,5%, em 2022. Nesse contexto, a alta de um ponto deixaria a Selic em 6,25% ao ano.<\/p>\n<p>&#8220;Temos uma semana em que \u00e9 certo que veremos uma alta dos juros. A expectativa \u00e9 de pelo menos um ponto percentual&#8221;, frisa Jansen Costa, s\u00f3cio-fundador da Fatorial Investimentos.<\/p>\n<h2>Not\u00edcias que v\u00e3o movimentar o Ibovespa hoje<\/h2>\n<ul>\n<li><b>IRB <\/b>tem novo CEO;<\/li>\n<li><strong>EDP<\/strong> receber\u00e1 novas propostas;<\/li>\n<li><b>Embraer<\/b> fecha novos contratos;<\/li>\n<\/ul>\n<h3>Raphael Carvalho \u00e9 o novo CEO da IRB<\/h3>\n<p>O\u00a0<a class=\"suno-keyword\" href=\"https:\/\/www.suno.com.br\/artigos\/conselho-administracao\/\" target=\"_blank\" rel=\"noopener\" data-force=\"no\" data-priority=\"1\">Conselho de Administra\u00e7\u00e3o<\/a>\u00a0do\u00a0<a href=\"https:\/\/www.suno.com.br\/acoes\/irbr3\/\"><strong>IRB Brasil<\/strong>\u00a0(IRBR3)<\/a>, em reuni\u00e3o realizada na \u00faltima sexta-feira (17), escolheu Raphael Afonso Godinho de Carvalho, como novo diretor-executivo (CEO) da companhia, com a previs\u00e3o para que o mesmo assuma o cargo em 1\u00ba de outubro.<\/p>\n<p>O executivo ter\u00e1 mandato unificado com os demais membros da diretoria estatut\u00e1ria, at\u00e9 o dia 2 de julho de 2023. O IRB Brasil anunciou a decis\u00e3o na manh\u00e3 desta segunda-feira (20). Raphael Carvalho\u00a0possui experi\u00eancia nos setores financeiro e de seguros, tendo atuado por mais de 30 anos em grandes institui\u00e7\u00f5es.<\/p>\n\t<p>\n\t\t<a href=\"https:\/\/lp.suno.com.br\/planilha-da-vida-financeira\/\" target=\"_blank\" data-element=\"shortcode-suno-banner\" title=\"Banner SUNO, clique e saiba mais\">\n\t\t\t<picture>\n\t\t\t\t<source media=\"(max-width: 500px)\" srcset=\"https:\/\/files.sunoresearch.com.br\/n\/uploads\/2023\/04\/400x300-Planilha-vida-financeira-true.png\">\n\t\t\t\t<img class=\"newsContent__article__imgCapa newsContent__article__imgCapa--banner\"\n\t\t\t\t\tsrc=\"https:\/\/files.sunoresearch.com.br\/n\/uploads\/2023\/04\/1420x240-Planilha-vida-financeira-true.png\"\n\t\t\t\t\tdata-promo-id=\"106682\"\t\t\t\t\t\t\t\t\t\twidth='1420' height='240'\t\t\t\t\talt=\"https:\/\/files.sunoresearch.com.br\/n\/uploads\/2023\/04\/1420x240-Planilha-vida-financeira-true.png\"\n\t\t\t\t>\n\t\t\t<\/picture>\n\t\t<\/a>\n\t<\/p>\n\n\n<p>O novo CEO\u00a0graduado em Matem\u00e1tica e Ci\u00eancias da Computa\u00e7\u00e3o pela Universidade Federal do Rio de Janeiro (UFRJ), al\u00e9m de ter conclu\u00eddo um MBA em Finan\u00e7as na PUC-Rio e especializa\u00e7\u00e3o em Harvard, nos Estados Unidos.<\/p>\n<p>De acordo com\u00a0Antonio Cassio dos Santos, presidente do Conselho de Administra\u00e7\u00e3o da empresa, o processo de escolha foi criterioso, mas que seguiu a premissa que o Conselho tem para o IRB: \u201csem pressa, mas sem pausa\u201d.<\/p>\n<p>Nos \u00faltimos seis anos e meio, Carvalho foi o presidente da Metlife no Brasil e Col\u00f4mbia. Antes, esteve \u00e0 frente da equipe de seguros da consultoria Accenture na Am\u00e9rica Latina.<\/p>\n<p>Vale lembrar que em ocasi\u00e3o anterior, o bilion\u00e1rio e maior investidor pessoa f\u00edsica da bolsa, Luiz Barsi, indicou Fabio Schvartsman para ocupar o cargo &#8211; executivo ex-<a href=\"https:\/\/www.suno.com.br\/acoes\/ugpa3\/\">Ultrapar (UGPA3)<\/a>,\u00a0<a href=\"https:\/\/www.suno.com.br\/acoes\/ugpa3\/\">Klabin (KLBN11)<\/a>\u00a0e\u00a0<a href=\"https:\/\/www.suno.com.br\/noticias\/search\/vale3\"><strong>Vale<\/strong>\u00a0(VALE3)<\/a>.<\/p>\n<p>Barsi havia levado 1,5% do capital social da companhia em uma compra, puxando os pre\u00e7os para cima nos preg\u00f5es da semana.<\/p>\n<p>No\u00a0<strong>Ibovespa hoje<\/strong>, as <strong>a\u00e7\u00f5es do IRB<\/strong> caem 0,77%, seguindo a tend\u00eancia do \u00edndice.<\/p>\n<h3>EDP receber\u00e1 novas propostas, diz coluna<\/h3>\n<p>A\u00a0<a href=\"https:\/\/www.suno.com.br\/acoes\/enbr3\/\"><strong>EDP Brasil<\/strong>\u00a0(ENBR3)<\/a> deve receber, ainda nesta segunda (20), propostas pelas tr\u00eas hidrel\u00e9tricas que est\u00e1 vendendo no Pa\u00eds. A informa\u00e7\u00e3o foi divulgada pelo colunista Lauro Jardim, no jornal <em>O Globo<\/em>.<\/p>\n<p>Segundo ele, os neg\u00f3cios da EDP Brasil giram em torno de R$ 3 bilh\u00f5es e s\u00e3o vistos como um teste para o apetite dos investidores na complicada fase do setor no mercado brasileiro, considerando a crise h\u00eddrica que assola o pa\u00eds.<\/p>\n<p>Cerca de 10 empresas est\u00e3o interessadas em comprar as<strong>\u00a0usinas hidrel\u00e9tricas<\/strong> Santo Ant\u00f4nio do Jari, Cachoeira Caldeir\u00e3o e Mascarenhas, colocadas \u00e0 venda pela EDP.<\/p>\n\t<p>\n\t\t<a href=\"https:\/\/lp.suno.com.br\/planilha-da-vida-financeira\/\" target=\"_blank\" data-element=\"shortcode-suno-banner\" title=\"Banner SUNO, clique e saiba mais\">\n\t\t\t<picture>\n\t\t\t\t<source media=\"(max-width: 500px)\" srcset=\"https:\/\/files.sunoresearch.com.br\/n\/uploads\/2023\/04\/400x300-Planilha-vida-financeira-true.png\">\n\t\t\t\t<img class=\"newsContent__article__imgCapa newsContent__article__imgCapa--banner\"\n\t\t\t\t\tsrc=\"https:\/\/files.sunoresearch.com.br\/n\/uploads\/2023\/04\/1420x240-Planilha-vida-financeira-true.png\"\n\t\t\t\t\tdata-promo-id=\"106682\"\t\t\t\t\t\t\t\t\t\twidth='1420' height='240'\t\t\t\t\talt=\"https:\/\/files.sunoresearch.com.br\/n\/uploads\/2023\/04\/1420x240-Planilha-vida-financeira-true.png\"\n\t\t\t\t>\n\t\t\t<\/picture>\n\t\t<\/a>\n\t<\/p>\n\n\n<p>A EDP colocou todo seu portf\u00f3lio de\u00a0gera\u00e7\u00e3o h\u00eddrica \u00e0 venda para dar prioridade \u00e0 gera\u00e7\u00e3o solar. At\u00e9 2025 o segmento deve receber aportes de at\u00e9 R$ 10 bilh\u00f5es, segundo progn\u00f3stico da companhia.<\/p>\n<p>As vendas das hidrel\u00e9tricas podem ter \u00e1gio, uma vez que a disputa promete ser acirrada. Os empreendimento est\u00e3o instalados em regi\u00f5es consideradas estrat\u00e9gicas. A capacidade total das unidades \u00e9 de 800 megawatts (MW).<\/p>\n<p>Com o movimento, as <strong>a\u00e7\u00f5es da EDP <\/strong>caem 028% na <strong>Bolsa de Valores hoje<\/strong>. Contudo, as concorrentes despontam em puxam alta do \u00edndice, com praticamente todas as companhias el\u00e9tricas do \u00edndice subindo &#8211; na dire\u00e7\u00e3o contr\u00e1ria do Ibovespa.<\/p>\n<h3>Embraer avan\u00e7a em parcerias<\/h3>\n<p>A Embraer (EMBR3) assinou um contrato de servi\u00e7os de longa dura\u00e7\u00e3o com a Alliance Airlines para fornecer suporte \u00e0 frota de jatos E190 da a\u00e9rea, em acordo que cobre mais de 300 componentes repar\u00e1veis e inclui materiais e servi\u00e7os de administra\u00e7\u00e3o t\u00e9cnica.<\/p>\n<p>A Alliance adquiriu uma frota de 32 jatos E190, sendo que 12 dessas aeronaves est\u00e3o atualmente na Austr\u00e1lia, e as 20 restantes programadas para entrar em opera\u00e7\u00e3o nos pr\u00f3ximos 12 meses.<\/p>\n<p>\u201cA Alliance Airlines aumentou rapidamente sua frota de E-Jets, o que provou ser fundamental \u00e0 medida que avia\u00e7\u00e3o dom\u00e9stica cresce na Austr\u00e1lia. Este contrato de servi\u00e7os permitir\u00e1 que a Alliance garanta a disponibilidade de sua frota com solu\u00e7\u00f5es eficazes, eficientes e competitivas\u201d, disse Johann Bordais, presidente da Embraer Servi\u00e7os e Suporte.<\/p>\n<p>Al\u00e9m disso, ainda nesta segunda (20), a companhia anunciou que a Eve, sua subsidi\u00e1ria com enfoque em aeronaves el\u00e9tricas, fechou contrato com a Helipass para implantar servi\u00e7os de tecnologia na Fran\u00e7a.<\/p>\n<p>A Helipass, que tem um servi\u00e7o de reserva de helic\u00f3pteros, planeja investir em reservas de aeronaves el\u00e9tricas na sua plataforma. A Eve trabalhar\u00e1 para desenvolver treinamento, apoio local e publica\u00e7\u00f5es t\u00e9cnicas para viabilizar esse servi\u00e7o<\/p>\n<p>As <strong>a\u00e7\u00f5es da Embraer<\/strong> caem 3,88% no <strong>Ibovespa nesta segunda<\/strong>.<\/p>\n<h2>Destaques do Ibovespa<\/h2>\n<p>As principais altas no Ibovespa, por volta das 10h20 s\u00e3o:<\/p>\n<ul>\n<li><a href=\"https:\/\/www.suno.com.br\/acoes\/CPLE6\/\"><strong>Copel <\/strong>(CPLE6)<\/a>: +4%<\/li>\n<li><a href=\"https:\/\/www.suno.com.br\/acoes\/ENGI11\"><strong>Energisa <\/strong>(ENGI11)<\/a>: +0,8%<\/li>\n<li><a href=\"https:\/\/www.suno.com.br\/acoes\/ELET6\/\"><strong>Eletrobras <\/strong>(ELET6)<\/a>: +0,6%<\/li>\n<li><a href=\"https:\/\/www.suno.com.br\/acoes\/RADL3\/\"><strong>Raia Drogasil <\/strong>(RADL3)<\/a>: +0,6%<\/li>\n<li><a href=\"https:\/\/www.suno.com.br\/acoes\/ABEV3\/\"><strong>Ambev <\/strong>(ABEV3)<\/a>: +0,3%<\/li>\n<\/ul>\n<p>No mesmo hor\u00e1rio, as principais quedas no Ibovespa eram:<\/p>\n<ul>\n<li><a href=\"https:\/\/www.suno.com.br\/acoes\/USIM5\"><strong>Usiminas <\/strong>(USIM5)<\/a>: -5%<\/li>\n<li><a href=\"https:\/\/www.suno.com.br\/acoes\/BRKM5\/\"><strong>Braskem <\/strong>(BRKM5)<\/a>: -4,7%<\/li>\n<li><a href=\"https:\/\/www.suno.com.br\/acoes\/PRIO3\/\"><strong>PetroRio <\/strong>(PRIO3)<\/a> -4,5%<\/li>\n<li><a href=\"https:\/\/www.suno.com.br\/acoes\/CSNA3\/\"><strong>Companhia Sider\u00fargica Nacional <\/strong>(CSNA3)<\/a>: -4,1%<\/li>\n<li><a href=\"https:\/\/www.suno.com.br\/acoes\/BIDI11\/\"><strong>Banco Inter<\/strong> (BIDI11)<\/a>: -3,9%<\/li>\n<\/ul>\n<h2>Principais \u00edndices<\/h2>\n<ul>\n<li><a href=\"https:\/\/www.suno.com.br\/artigos\/ifix\/\">IFIX<\/a>: -0,37%<\/li>\n<li><a href=\"https:\/\/www.suno.com.br\/artigos\/smll\/\">SMLL<\/a>: -0,85%<\/li>\n<li><a href=\"https:\/\/www.suno.com.br\/artigos\/idiv\/\">IDIV<\/a>: -1,25%<\/li>\n<li><a href=\"https:\/\/www.suno.com.br\/artigos\/ibrx\/\">IBRX 100<\/a>: -1,82%<\/li>\n<\/ul>\n<h2>Bolsas mundiais<\/h2>\n<p>Veja o desempenho dos principais \u00edndices acion\u00e1rios no exterior, al\u00e9m do \u00edndice Ibovespa<strong>:<\/strong><\/p>\n<ul>\n<li><a href=\"https:\/\/www.suno.com.br\/artigos\/futuro-de-sp-500\/\">Nova York (S&amp;P 500) futuro<\/a>: -1,4%<\/li>\n<li><a href=\"https:\/\/www.suno.com.br\/artigos\/indice-dow-jones-djia\/\">Nova York Dow Jones (DJIA) futuro<\/a>: -1,5%<\/li>\n<li><a href=\"https:\/\/www.suno.com.br\/artigos\/dax-30\/\">Frankfurt (DAX 30)<\/a>: -2,6%<\/li>\n<li><a href=\"https:\/\/www.suno.com.br\/artigos\/ftse-100\/\">Londres (FTSE 100)<\/a>: -1,4%<\/li>\n<li><a href=\"https:\/\/www.suno.com.br\/artigos\/cac-40\/\">Paris (CAC 40)<\/a>: -2,1%<\/li>\n<li><a href=\"https:\/\/www.suno.com.br\/artigos\/ftse-mib\/\">Mil\u00e3o (FTSE\/MIB)<\/a>: -2,5%<\/li>\n<li><a href=\"https:\/\/www.suno.com.br\/artigos\/nikkei-225\/\">T\u00f3quio (Nikkei 225)<\/a>: +0,58% (fechada e em feriado)<\/li>\n<li><a href=\"https:\/\/www.suno.com.br\/artigos\/bolsa-de-xangai\/\">Xangai (SSE Composite)<\/a>: +0,19% (fechada e em feriado)<\/li>\n<li><a href=\"https:\/\/www.suno.com.br\/artigos\/hang-seng\/\">Hong Kong (Hang Seng)<\/a>: -3,3% (fechada)<\/li>\n<\/ul>\n<h2>\u00daltima cota\u00e7\u00e3o do Ibovespa<\/h2>\n<p>No fechamento do preg\u00e3o de sexta (17), o <strong>Ibovespa<\/strong> fechou em queda de 2,07%, a 111.439 pontos.<\/p>\n\t<p>\n\t\t<a href=\"https:\/\/lp.suno.com.br\/planilha-de-controle-de-investimentos\/\" target=\"_blank\" data-element=\"shortcode-suno-banner\" title=\"Banner SUNO, clique e saiba mais\">\n\t\t\t<picture>\n\t\t\t\t<source media=\"(max-width: 500px)\" srcset=\"https:\/\/files.sunoresearch.com.br\/n\/uploads\/2023\/03\/400x300-Controle-de-Investimentos.png\">\n\t\t\t\t<img class=\"newsContent__article__imgCapa newsContent__article__imgCapa--banner\"\n\t\t\t\t\tsrc=\"https:\/\/files.sunoresearch.com.br\/n\/uploads\/2023\/03\/1420x240-Controle-de-Investimentos.png\"\n\t\t\t\t\tdata-promo-id=\"75934\"\t\t\t\t\t\t\t\t\t\twidth='1420' height='240'\t\t\t\t\talt=\"https:\/\/files.sunoresearch.com.br\/n\/uploads\/2023\/03\/1420x240-Controle-de-Investimentos.png\"\n\t\t\t\t>\n\t\t\t<\/picture>\n\t\t<\/a>\n\t<\/p>\n\n\n","protected":false},"excerpt":{"rendered":"<p>O Ibovespa abre em queda de 2% no preg\u00e3o desta segunda-feira (20), ficando em 109.125 pontos. O \u00edndice repercute os movimentos do mercado de commodities e a possibilidade de um calote de US$ 300 bilh\u00f5es por parte da Evergrande, segunda maior incorporadora da China. O Ibovespa hoje lida novamente com a press\u00e3o do pre\u00e7o do [&hellip;]<\/p>\n","protected":false},"author":73,"featured_media":0,"comment_status":"closed","ping_status":"closed","sticky":false,"template":"","format":"standard","meta":[],"categories":[60],"tags":[1937,711,1207,460,105816,721,1813,825],"suno_strategy":[],"class_list":["post-185540","post","type-post","status-publish","format-standard","hentry","category-mercado","tag-bolsa-de-valores-de-sao-paulo-b3","tag-china","tag-edp-brasil-enbr3","tag-embraer-embr3","tag-especialistas","tag-ibovespa","tag-irb-brasil-irbr3","tag-minerio-de-ferro"],"yoast_head":"<!-- This site is optimized with the Yoast SEO plugin v24.4 - https:\/\/yoast.com\/wordpress\/plugins\/seo\/ -->\n<title>Ibovespa fica abaixo dos 110 mil pontos com Evergrande e min\u00e9rio<\/title>\n<meta name=\"description\" content=\"Com uma segunda de tens\u00e3o internacional e possibilidade de calote da incorporadora chinesa, Ibovespa cai 2%. Clique aqui e leia mais.\" \/>\n<meta name=\"robots\" content=\"index, follow, max-snippet:-1, max-image-preview:large, max-video-preview:-1\" \/>\n<link rel=\"canonical\" href=\"https:\/\/www.suno.com.br\/noticias\/ibovespa-abaixo-110-mil-pontos-evergrande-queda-minerio-de-ferro\/\" \/>\n<meta property=\"og:locale\" content=\"pt_BR\" \/>\n<meta property=\"og:type\" content=\"article\" \/>\n<meta property=\"og:title\" content=\"Ibovespa fica abaixo dos 110 mil pontos com Evergrande e min\u00e9rio\" \/>\n<meta property=\"og:description\" content=\"Com uma segunda de tens\u00e3o internacional e possibilidade de calote da incorporadora chinesa, Ibovespa cai 2%. Clique aqui e leia mais.\" \/>\n<meta property=\"og:url\" content=\"https:\/\/www.suno.com.br\/noticias\/ibovespa-abaixo-110-mil-pontos-evergrande-queda-minerio-de-ferro\/\" \/>\n<meta property=\"og:site_name\" content=\"Suno Not\u00edcias\" \/>\n<meta property=\"article:publisher\" content=\"https:\/\/facebook.com\/sunoresearch\" \/>\n<meta property=\"og:image\" content=\"https:\/\/files.sunoresearch.com.br\/n\/uploads\/2021\/09\/evergrande.png\" \/>\n\t<meta property=\"og:image:width\" content=\"1234\" \/>\n\t<meta property=\"og:image:height\" content=\"678\" \/>\n\t<meta property=\"og:image:type\" content=\"image\/png\" \/>\n<meta name=\"author\" content=\"Eduardo Vargas\" \/>\n<meta name=\"twitter:card\" content=\"summary_large_image\" \/>\n<meta name=\"twitter:creator\" content=\"@sunoresearch\" \/>\n<meta name=\"twitter:site\" content=\"@sunoresearch\" \/>\n<meta name=\"twitter:label1\" content=\"Escrito por\" \/>\n\t<meta name=\"twitter:data1\" content=\"Eduardo Vargas\" \/>\n\t<meta name=\"twitter:label2\" content=\"Est. tempo de leitura\" \/>\n\t<meta name=\"twitter:data2\" content=\"6 minutos\" \/>\n<script type=\"application\/ld+json\" class=\"yoast-schema-graph\">{\"@context\":\"https:\/\/schema.org\",\"@graph\":[{\"@type\":\"NewsArticle\",\"@id\":\"https:\/\/www.suno.com.br\/noticias\/ibovespa-abaixo-110-mil-pontos-evergrande-queda-minerio-de-ferro\/#article\",\"isPartOf\":{\"@id\":\"https:\/\/www.suno.com.br\/noticias\/ibovespa-abaixo-110-mil-pontos-evergrande-queda-minerio-de-ferro\/\"},\"author\":{\"name\":\"Eduardo Vargas\",\"@id\":\"https:\/\/www.suno.com.br\/noticias\/#\/schema\/person\/7f4d362bf3518e76090143ae77bb49a5\"},\"headline\":\"Ibovespa fica abaixo dos 110 mil pontos com Evergrande e queda do min\u00e9rio de ferro\",\"datePublished\":\"2021-09-20T13:55:27+00:00\",\"mainEntityOfPage\":{\"@id\":\"https:\/\/www.suno.com.br\/noticias\/ibovespa-abaixo-110-mil-pontos-evergrande-queda-minerio-de-ferro\/\"},\"wordCount\":1413,\"publisher\":{\"@id\":\"https:\/\/www.suno.com.br\/noticias\/#organization\"},\"keywords\":[\"Bolsa de Valores de S\u00e3o Paulo (B3)\",\"China\",\"EDP Brasil (ENBR3)\",\"Embraer (EMBR3)\",\"Especialistas\",\"Ibovespa\",\"IRB Brasil (IRBR3)\",\"min\u00e9rio de ferro\"],\"articleSection\":[\"Mercado\"],\"inLanguage\":\"pt-BR\"},{\"@type\":\"WebPage\",\"@id\":\"https:\/\/www.suno.com.br\/noticias\/ibovespa-abaixo-110-mil-pontos-evergrande-queda-minerio-de-ferro\/\",\"url\":\"https:\/\/www.suno.com.br\/noticias\/ibovespa-abaixo-110-mil-pontos-evergrande-queda-minerio-de-ferro\/\",\"name\":\"Ibovespa fica abaixo dos 110 mil pontos com Evergrande e min\u00e9rio\",\"isPartOf\":{\"@id\":\"https:\/\/www.suno.com.br\/noticias\/#website\"},\"datePublished\":\"2021-09-20T13:55:27+00:00\",\"description\":\"Com uma segunda de tens\u00e3o internacional e possibilidade de calote da incorporadora chinesa, Ibovespa cai 2%. Clique aqui e leia mais.\",\"breadcrumb\":{\"@id\":\"https:\/\/www.suno.com.br\/noticias\/ibovespa-abaixo-110-mil-pontos-evergrande-queda-minerio-de-ferro\/#breadcrumb\"},\"inLanguage\":\"pt-BR\",\"potentialAction\":[{\"@type\":\"ReadAction\",\"target\":[\"https:\/\/www.suno.com.br\/noticias\/ibovespa-abaixo-110-mil-pontos-evergrande-queda-minerio-de-ferro\/\"]}]},{\"@type\":\"BreadcrumbList\",\"@id\":\"https:\/\/www.suno.com.br\/noticias\/ibovespa-abaixo-110-mil-pontos-evergrande-queda-minerio-de-ferro\/#breadcrumb\",\"itemListElement\":[{\"@type\":\"ListItem\",\"position\":1,\"name\":\"Not\u00edcias\",\"item\":\"https:\/\/www.suno.com.br\/noticias\/\"},{\"@type\":\"ListItem\",\"position\":2,\"name\":\"Mercado\",\"item\":\"https:\/\/www.suno.com.br\/noticias\/mercado\/\"},{\"@type\":\"ListItem\",\"position\":3,\"name\":\"Ibovespa fica abaixo dos 110 mil pontos com Evergrande e queda do min\u00e9rio de ferro\"}]},{\"@type\":\"WebSite\",\"@id\":\"https:\/\/www.suno.com.br\/noticias\/#website\",\"url\":\"https:\/\/www.suno.com.br\/noticias\/\",\"name\":\"Suno Not\u00edcias\",\"description\":\"Seu portal de informa\u00e7\u00e3o sobre o mundo dos investimentos\",\"publisher\":{\"@id\":\"https:\/\/www.suno.com.br\/noticias\/#organization\"},\"potentialAction\":[{\"@type\":\"SearchAction\",\"target\":{\"@type\":\"EntryPoint\",\"urlTemplate\":\"https:\/\/www.suno.com.br\/noticias\/?s={search_term_string}\"},\"query-input\":{\"@type\":\"PropertyValueSpecification\",\"valueRequired\":true,\"valueName\":\"search_term_string\"}}],\"inLanguage\":\"pt-BR\"},{\"@type\":\"Organization\",\"@id\":\"https:\/\/www.suno.com.br\/noticias\/#organization\",\"name\":\"Suno Not\u00edcias\",\"url\":\"https:\/\/www.suno.com.br\/noticias\/\",\"logo\":{\"@type\":\"ImageObject\",\"inLanguage\":\"pt-BR\",\"@id\":\"https:\/\/www.suno.com.br\/noticias\/#\/schema\/logo\/image\/\",\"url\":\"https:\/\/files.sunoresearch.com.br\/n\/uploads\/2021\/09\/suno-logo.png\",\"contentUrl\":\"https:\/\/files.sunoresearch.com.br\/n\/uploads\/2021\/09\/suno-logo.png\",\"width\":180,\"height\":180,\"caption\":\"Suno Not\u00edcias\"},\"image\":{\"@id\":\"https:\/\/www.suno.com.br\/noticias\/#\/schema\/logo\/image\/\"},\"sameAs\":[\"https:\/\/facebook.com\/sunoresearch\",\"https:\/\/x.com\/sunoresearch\",\"https:\/\/www.instagram.com\/suno\",\"https:\/\/www.linkedin.com\/company\/suno-research\/\",\"https:\/\/www.youtube.com\/c\/sunoresearch\"]},{\"@type\":\"Person\",\"@id\":\"https:\/\/www.suno.com.br\/noticias\/#\/schema\/person\/7f4d362bf3518e76090143ae77bb49a5\",\"name\":\"Eduardo Vargas\",\"image\":{\"@type\":\"ImageObject\",\"inLanguage\":\"pt-BR\",\"@id\":\"https:\/\/www.suno.com.br\/noticias\/#\/schema\/person\/image\/\",\"url\":\"https:\/\/secure.gravatar.com\/avatar\/dac340933427a22924c9f99d1eb2e3f2?s=96&r=g\",\"contentUrl\":\"https:\/\/secure.gravatar.com\/avatar\/dac340933427a22924c9f99d1eb2e3f2?s=96&r=g\",\"caption\":\"Eduardo Vargas\"},\"description\":\"Jornalista formado pela UFSC, cobre macroeconomia, neg\u00f3cios e startups para o Suno Not\u00edcias, escrevendo principalmente not\u00edcias sobre o mercado financeiro e a bolsa de valores. No YouTube e no Instagram, \u00e9 respons\u00e1vel pela produ\u00e7\u00e3o de Reels e Shorts do Suno Not\u00edcias. Anteriormente, trabalhou cobrindo economia e cotidiano no ND+ e para o ND, maior jornal impresso de Santa Catarina. Cursou um semestre letivo de Estudos de M\u00eddia na Universidad de Buenos Aires.\",\"url\":\"https:\/\/www.suno.com.br\/noticias\/author\/eduardo-vargas\/\"}]}<\/script>\n<!-- \/ Yoast SEO plugin. -->","yoast_head_json":{"title":"Ibovespa fica abaixo dos 110 mil pontos com Evergrande e min\u00e9rio","description":"Com uma segunda de tens\u00e3o internacional e possibilidade de calote da incorporadora chinesa, Ibovespa cai 2%. Clique aqui e leia mais.","robots":{"index":"index","follow":"follow","max-snippet":"max-snippet:-1","max-image-preview":"max-image-preview:large","max-video-preview":"max-video-preview:-1"},"canonical":"https:\/\/www.suno.com.br\/noticias\/ibovespa-abaixo-110-mil-pontos-evergrande-queda-minerio-de-ferro\/","og_locale":"pt_BR","og_type":"article","og_title":"Ibovespa fica abaixo dos 110 mil pontos com Evergrande e min\u00e9rio","og_description":"Com uma segunda de tens\u00e3o internacional e possibilidade de calote da incorporadora chinesa, Ibovespa cai 2%. Clique aqui e leia mais.","og_url":"https:\/\/www.suno.com.br\/noticias\/ibovespa-abaixo-110-mil-pontos-evergrande-queda-minerio-de-ferro\/","og_site_name":"Suno Not\u00edcias","article_publisher":"https:\/\/facebook.com\/sunoresearch","og_image":[{"width":1234,"height":678,"url":"https:\/\/files.sunoresearch.com.br\/n\/uploads\/2021\/09\/evergrande.png","type":"image\/png"}],"author":"Eduardo Vargas","twitter_card":"summary_large_image","twitter_creator":"@sunoresearch","twitter_site":"@sunoresearch","twitter_misc":{"Escrito por":"Eduardo Vargas","Est. tempo de leitura":"6 minutos"},"schema":{"@context":"https:\/\/schema.org","@graph":[{"@type":"NewsArticle","@id":"https:\/\/www.suno.com.br\/noticias\/ibovespa-abaixo-110-mil-pontos-evergrande-queda-minerio-de-ferro\/#article","isPartOf":{"@id":"https:\/\/www.suno.com.br\/noticias\/ibovespa-abaixo-110-mil-pontos-evergrande-queda-minerio-de-ferro\/"},"author":{"name":"Eduardo Vargas","@id":"https:\/\/www.suno.com.br\/noticias\/#\/schema\/person\/7f4d362bf3518e76090143ae77bb49a5"},"headline":"Ibovespa fica abaixo dos 110 mil pontos com Evergrande e queda do min\u00e9rio de ferro","datePublished":"2021-09-20T13:55:27+00:00","mainEntityOfPage":{"@id":"https:\/\/www.suno.com.br\/noticias\/ibovespa-abaixo-110-mil-pontos-evergrande-queda-minerio-de-ferro\/"},"wordCount":1413,"publisher":{"@id":"https:\/\/www.suno.com.br\/noticias\/#organization"},"keywords":["Bolsa de Valores de S\u00e3o Paulo (B3)","China","EDP Brasil (ENBR3)","Embraer (EMBR3)","Especialistas","Ibovespa","IRB Brasil (IRBR3)","min\u00e9rio de ferro"],"articleSection":["Mercado"],"inLanguage":"pt-BR"},{"@type":"WebPage","@id":"https:\/\/www.suno.com.br\/noticias\/ibovespa-abaixo-110-mil-pontos-evergrande-queda-minerio-de-ferro\/","url":"https:\/\/www.suno.com.br\/noticias\/ibovespa-abaixo-110-mil-pontos-evergrande-queda-minerio-de-ferro\/","name":"Ibovespa fica abaixo dos 110 mil pontos com Evergrande e min\u00e9rio","isPartOf":{"@id":"https:\/\/www.suno.com.br\/noticias\/#website"},"datePublished":"2021-09-20T13:55:27+00:00","description":"Com uma segunda de tens\u00e3o internacional e possibilidade de calote da incorporadora chinesa, Ibovespa cai 2%. Clique aqui e leia mais.","breadcrumb":{"@id":"https:\/\/www.suno.com.br\/noticias\/ibovespa-abaixo-110-mil-pontos-evergrande-queda-minerio-de-ferro\/#breadcrumb"},"inLanguage":"pt-BR","potentialAction":[{"@type":"ReadAction","target":["https:\/\/www.suno.com.br\/noticias\/ibovespa-abaixo-110-mil-pontos-evergrande-queda-minerio-de-ferro\/"]}]},{"@type":"BreadcrumbList","@id":"https:\/\/www.suno.com.br\/noticias\/ibovespa-abaixo-110-mil-pontos-evergrande-queda-minerio-de-ferro\/#breadcrumb","itemListElement":[{"@type":"ListItem","position":1,"name":"Not\u00edcias","item":"https:\/\/www.suno.com.br\/noticias\/"},{"@type":"ListItem","position":2,"name":"Mercado","item":"https:\/\/www.suno.com.br\/noticias\/mercado\/"},{"@type":"ListItem","position":3,"name":"Ibovespa fica abaixo dos 110 mil pontos com Evergrande e queda do min\u00e9rio de ferro"}]},{"@type":"WebSite","@id":"https:\/\/www.suno.com.br\/noticias\/#website","url":"https:\/\/www.suno.com.br\/noticias\/","name":"Suno Not\u00edcias","description":"Seu portal de informa\u00e7\u00e3o sobre o mundo dos investimentos","publisher":{"@id":"https:\/\/www.suno.com.br\/noticias\/#organization"},"potentialAction":[{"@type":"SearchAction","target":{"@type":"EntryPoint","urlTemplate":"https:\/\/www.suno.com.br\/noticias\/?s={search_term_string}"},"query-input":{"@type":"PropertyValueSpecification","valueRequired":true,"valueName":"search_term_string"}}],"inLanguage":"pt-BR"},{"@type":"Organization","@id":"https:\/\/www.suno.com.br\/noticias\/#organization","name":"Suno Not\u00edcias","url":"https:\/\/www.suno.com.br\/noticias\/","logo":{"@type":"ImageObject","inLanguage":"pt-BR","@id":"https:\/\/www.suno.com.br\/noticias\/#\/schema\/logo\/image\/","url":"https:\/\/files.sunoresearch.com.br\/n\/uploads\/2021\/09\/suno-logo.png","contentUrl":"https:\/\/files.sunoresearch.com.br\/n\/uploads\/2021\/09\/suno-logo.png","width":180,"height":180,"caption":"Suno Not\u00edcias"},"image":{"@id":"https:\/\/www.suno.com.br\/noticias\/#\/schema\/logo\/image\/"},"sameAs":["https:\/\/facebook.com\/sunoresearch","https:\/\/x.com\/sunoresearch","https:\/\/www.instagram.com\/suno","https:\/\/www.linkedin.com\/company\/suno-research\/","https:\/\/www.youtube.com\/c\/sunoresearch"]},{"@type":"Person","@id":"https:\/\/www.suno.com.br\/noticias\/#\/schema\/person\/7f4d362bf3518e76090143ae77bb49a5","name":"Eduardo Vargas","image":{"@type":"ImageObject","inLanguage":"pt-BR","@id":"https:\/\/www.suno.com.br\/noticias\/#\/schema\/person\/image\/","url":"https:\/\/secure.gravatar.com\/avatar\/dac340933427a22924c9f99d1eb2e3f2?s=96&r=g","contentUrl":"https:\/\/secure.gravatar.com\/avatar\/dac340933427a22924c9f99d1eb2e3f2?s=96&r=g","caption":"Eduardo Vargas"},"description":"Jornalista formado pela UFSC, cobre macroeconomia, neg\u00f3cios e startups para o Suno Not\u00edcias, escrevendo principalmente not\u00edcias sobre o mercado financeiro e a bolsa de valores. No YouTube e no Instagram, \u00e9 respons\u00e1vel pela produ\u00e7\u00e3o de Reels e Shorts do Suno Not\u00edcias. Anteriormente, trabalhou cobrindo economia e cotidiano no ND+ e para o ND, maior jornal impresso de Santa Catarina. Cursou um semestre letivo de Estudos de M\u00eddia na Universidad de Buenos Aires.","url":"https:\/\/www.suno.com.br\/noticias\/author\/eduardo-vargas\/"}]}},"default_loop_html":"<div class=\"cardsPage__listCard__boxs\"><div class=\"cardsPage__listCard__boxs__img\"><a href=\"https:\/\/www.suno.com.br\/noticias\/ibovespa-abaixo-110-mil-pontos-evergrande-queda-minerio-de-ferro\/\"><img class=\"mask\" src=\"https:\/\/www.suno.com.br\/noticias\/wp-content\/themes\/suno\/resources\/images\/spotlight\/spotlight1img\/bg-mask.png\" alt=\"Image Mask\"\/><img src=\"\" alt=\"Ibovespa fica abaixo dos 110 mil pontos com Evergrande e queda do min\u00e9rio de ferro\"\/><\/a><span class=\"spotlightCategory\"><a href=\"https:\/\/www.suno.com.br\/noticias\/mercado\/\">Mercado<\/a><\/span><\/div><div class=\"cardsPage__listCard__boxs__content\"><a href=\"https:\/\/www.suno.com.br\/noticias\/ibovespa-abaixo-110-mil-pontos-evergrande-queda-minerio-de-ferro\/\"><h2 class=\"content__title\">Ibovespa fica abaixo dos 110 mil pontos com Evergrande e queda do min\u00e9rio de ferro<\/h2><\/a><div class=\"newsContent__article__meta\"><div class=\"newsContent__article__meta__authorBox\"><a href=\"https:\/\/www.suno.com.br\/noticias\/author\/eduardo-vargas\/\" class=\"authorBox__avatar noMobi\"><img src=\"https:\/\/secure.gravatar.com\/avatar\/dac340933427a22924c9f99d1eb2e3f2?s=96&#038;r=g\" alt=\"Eduardo Vargas\"><\/a><div class=\"authorBox__name\"><span>por\n\t\t\t<a href=\"https:\/\/www.suno.com.br\/noticias\/author\/eduardo-vargas\/\"><span itemprop=\"author\">Eduardo Vargas<\/span><\/a><\/span><time datetime=\"2021-09-20T10:55:27-03:00\" itemprop=\"datePublished\">20\/09\/2021 10:55<\/time><\/div><\/div><\/div><\/div><\/div>","single_layout":"posts","amp_enabled":true,"_links":{"self":[{"href":"https:\/\/www.suno.com.br\/noticias\/wp-json\/wp\/v2\/posts\/185540"}],"collection":[{"href":"https:\/\/www.suno.com.br\/noticias\/wp-json\/wp\/v2\/posts"}],"about":[{"href":"https:\/\/www.suno.com.br\/noticias\/wp-json\/wp\/v2\/types\/post"}],"author":[{"embeddable":true,"href":"https:\/\/www.suno.com.br\/noticias\/wp-json\/wp\/v2\/users\/73"}],"replies":[{"embeddable":true,"href":"https:\/\/www.suno.com.br\/noticias\/wp-json\/wp\/v2\/comments?post=185540"}],"version-history":[{"count":4,"href":"https:\/\/www.suno.com.br\/noticias\/wp-json\/wp\/v2\/posts\/185540\/revisions"}],"predecessor-version":[{"id":185964,"href":"https:\/\/www.suno.com.br\/noticias\/wp-json\/wp\/v2\/posts\/185540\/revisions\/185964"}],"wp:attachment":[{"href":"https:\/\/www.suno.com.br\/noticias\/wp-json\/wp\/v2\/media?parent=185540"}],"wp:term":[{"taxonomy":"category","embeddable":true,"href":"https:\/\/www.suno.com.br\/noticias\/wp-json\/wp\/v2\/categories?post=185540"},{"taxonomy":"post_tag","embeddable":true,"href":"https:\/\/www.suno.com.br\/noticias\/wp-json\/wp\/v2\/tags?post=185540"},{"taxonomy":"suno_strategy","embeddable":true,"href":"https:\/\/www.suno.com.br\/noticias\/wp-json\/wp\/v2\/suno_strategy?post=185540"}],"curies":[{"name":"wp","href":"https:\/\/api.w.org\/{rel}","templated":true}]}}