{"id":185520,"date":"2021-09-20T09:19:46","date_gmt":"2021-09-20T12:19:46","guid":{"rendered":"https:\/\/www.suno.com.br\/noticias\/?p=185520"},"modified":"2021-09-20T09:20:30","modified_gmt":"2021-09-20T12:20:30","slug":"irb-brasil-irbr3-raphael-de-carvalho-novo-ceo","status":"publish","type":"post","link":"https:\/\/www.suno.com.br\/noticias\/irb-brasil-irbr3-raphael-de-carvalho-novo-ceo\/","title":{"rendered":"IRB Brasil (IRBR3) elege Raphael Carvalho como novo CEO"},"content":{"rendered":"<p>O <a class=\"suno-keyword\" href=\"https:\/\/www.suno.com.br\/artigos\/conselho-administracao\/\" target=\"_blank\" rel=\"noopener\" data-force=\"no\" data-priority=\"1\">Conselho de Administra\u00e7\u00e3o<\/a> do <a href=\"https:\/\/www.suno.com.br\/acoes\/irbr3\/\"><strong>IRB Brasil<\/strong> (IRBR3)<\/a>, em reuni\u00e3o realizada na \u00faltima sexta-feira (17), definiu o novo CEO da empresa. O escolhido foi Raphael Afonso Godinho de Carvalho, que assumir\u00e1 em 1\u00ba de outubro.<\/p>\t<div class=\"wrapper-featured-image\">\n\t\t<figure class=\"spotlightImg\">\n\n\t\t\t<picture>\n\t\t\t\t<source media=\"(max-width: 768px)\" srcset=\"https:\/\/files.sunoresearch.com.br\/n\/uploads\/2021\/03\/d53ab444-irb-3-400x200.webp\">\n\t\t\t\t<img loading=\"lazy\" decoding=\"async\" class=\"newsContent__article__imgCapa lazyloadDisabled \" src=\"https:\/\/files.sunoresearch.com.br\/n\/uploads\/2021\/03\/d53ab444-irb-3-800x450.webp\" width=\"800\" height=\"450\" alt=\"IRB Brasil (IRBR3) elege Raphael Carvalho como novo CEO\" fetchpriority=high \/>\n\t\t\t<\/picture>\n\n\t\t\t<figcaption class=\"wp-caption-text wp-caption-text--show\">IRB Brasil (IRBR3). Foto: DIvulga\u00e7\u00e3o<\/figcaption>\n\t\t<\/figure>\n\t<\/div>\n\n\n\t<p>\n\t\t<a href=\"https:\/\/lp.suno.com.br\/planilha-controle-gastos\/\" target=\"_blank\" data-element=\"shortcode-suno-banner\" title=\"Banner SUNO, clique e saiba mais\">\n\t\t\t<picture>\n\t\t\t\t<source media=\"(max-width: 500px)\" srcset=\"https:\/\/files.sunoresearch.com.br\/n\/uploads\/2023\/03\/400x300-Planilha-controle-de-gastos.png\">\n\t\t\t\t<img class=\"newsContent__article__imgCapa newsContent__article__imgCapa--banner\"\n\t\t\t\t\tsrc=\"https:\/\/files.sunoresearch.com.br\/n\/uploads\/2023\/03\/1420x240-Planilha-controle-de-gastos.png\"\n\t\t\t\t\tdata-promo-id=\"101751\"\t\t\t\t\t\t\t\t\t\twidth='1420' height='240'\t\t\t\t\talt=\"https:\/\/files.sunoresearch.com.br\/n\/uploads\/2023\/03\/1420x240-Planilha-controle-de-gastos.png\"\n\t\t\t\t>\n\t\t\t<\/picture>\n\t\t<\/a>\n\t<\/p>\n\n\n<p>O executivo ter\u00e1 mandato unificado com os demais membros da diretoria estatut\u00e1ria, at\u00e9 o dia 2 de julho de 2023. O IRB Brasil anunciou a decis\u00e3o na manh\u00e3 desta segunda-feira (20).<\/p>\n<p><strong>Raphael Carvalho<\/strong> possui experi\u00eancia nos setores financeiro e de seguros, tendo atuado por mais de 30 anos em grandes institui\u00e7\u00f5es.<\/p>\n<p>O novo <strong>presidente do IRB<\/strong> \u00e9 graduado em Matem\u00e1tica e Ci\u00eancias da Computa\u00e7\u00e3o pela Universidade Federal do Rio de Janeiro (UFRJ), al\u00e9m de ter conclu\u00eddo um MBA em Finan\u00e7as na PUC-Rio e especializa\u00e7\u00e3o em Harvard, nos Estados Unidos.<\/p>\n<p>\u201cJuntar-me ao IRB Brasil \u00e9 uma honra e um prazer. \u00c9 tamb\u00e9m um grande desafio, seguramente um dos mais instigantes que existem no mercado hoje. \u00c9 \u00fanica a oportunidade de liderar a companhia neste novo momento, ap\u00f3s todo o trabalho de saneamento e reorganiza\u00e7\u00e3o que j\u00e1 foi feito\u201d, afirma Carvalho, em nota.<\/p>\n\t<div data-element=\"shortcode-read-more\" class=\"knowMore\">\n\t\t\t\t<span class=\"knowMore__title\">Leia mais<\/span>\n\t\t\t\t<a class=\"knowMore__link\" href=\"https:\/\/www.suno.com.br\/noticias\/irb-brasil-irbr3-balanco-2t21\/\">\n\t\t\tIRB Brasil (IRBR3) reduz preju\u00edzo em quase 70%, mas neg\u00f3cios descontinuados pesam\t\t<\/a>\n\t<\/div>\n\n\n<p>&#8220;Com total foco em nossos clientes e acionistas aliado ao protagonismo de nossos colaboradores, espero contribuir nesse processo de retomada da companhia e, consequentemente, gerar valor para nossos stakeholders.&#8221;<\/p>\n<figure id=\"attachment_185525\" aria-describedby=\"caption-attachment-185525\" style=\"width: 200px\" class=\"wp-caption alignright\"><img loading=\"lazy\" decoding=\"async\" class=\"size-medium wp-image-185525\" src=\"https:\/\/files.sunoresearch.com.br\/n\/uploads\/2021\/09\/Raphael-Carvalho-Diretor-Presidente-do-IRB-Brasil-RE-2-200x300.jpg\" alt=\"Raphael Carvalho, novo CEO do IRB Brasil (IRBR3). Foto: Divulga\u00e7\u00e3o\" width=\"200\" height=\"300\" srcset=\"https:\/\/files.sunoresearch.com.br\/n\/uploads\/2021\/09\/Raphael-Carvalho-Diretor-Presidente-do-IRB-Brasil-RE-2-200x300.jpg 200w, https:\/\/files.sunoresearch.com.br\/n\/uploads\/2021\/09\/Raphael-Carvalho-Diretor-Presidente-do-IRB-Brasil-RE-2-682x1024.jpg 682w, https:\/\/files.sunoresearch.com.br\/n\/uploads\/2021\/09\/Raphael-Carvalho-Diretor-Presidente-do-IRB-Brasil-RE-2-768x1152.jpg 768w, https:\/\/files.sunoresearch.com.br\/n\/uploads\/2021\/09\/Raphael-Carvalho-Diretor-Presidente-do-IRB-Brasil-RE-2-150x225.jpg 150w, https:\/\/files.sunoresearch.com.br\/n\/uploads\/2021\/09\/Raphael-Carvalho-Diretor-Presidente-do-IRB-Brasil-RE-2.jpg 787w\" sizes=\"(max-width: 200px) 100vw, 200px\" \/><figcaption id=\"caption-attachment-185525\" class=\"wp-caption-text\">Raphael Carvalho, novo CEO do IRB Brasil (IRBR3). Foto: Divulga\u00e7\u00e3o<\/figcaption><\/figure>\n<p>De acordo com <strong>Antonio Cassio dos Santos<\/strong>, presidente do Conselho de Administra\u00e7\u00e3o da empresa, o processo de escolha foi criterioso, mas que seguiu a premissa que o Conselho tem para o IRB: &#8220;sem pressa, mas sem pausa&#8221;.<\/p>\n<p>\u201cRaphael de Carvalho \u00e9 uma escolha que re\u00fane importantes qualifica\u00e7\u00f5es para a posi\u00e7\u00e3o: viv\u00eancia s\u00eanior e diversa em neg\u00f3cios complexos, extensa experi\u00eancia como presidente na \u00e1rea de seguros e um hist\u00f3rico de lideran\u00e7a estrat\u00e9gica no segmento financeiro. Estamos muito felizes com sua chegada \u00e0 companhia.&#8221;<\/p>\n<p>Nos \u00faltimos seis anos e meio, Carvalho foi o presidente da Metlife no Brasil e Col\u00f4mbia. Antes, esteve \u00e0 frente da equipe de seguros da consultoria Accenture na Am\u00e9rica Latina.<\/p>\n<p>O executivo chega no ressegurador para dar continuidade \u00e0 <strong>reformula\u00e7\u00e3o<\/strong> realizada pela empresa desde a crise de 2020, a pior em sua hist\u00f3ria, que demandou uma completa revis\u00e3o de seus balan\u00e7os, contratos firmados e atividades.<\/p>\n\t<p>\n\t\t<a href=\"https:\/\/lp.suno.com.br\/planilha-da-vida-financeira\/\" target=\"_blank\" data-element=\"shortcode-suno-banner\" title=\"Banner SUNO, clique e saiba mais\">\n\t\t\t<picture>\n\t\t\t\t<source media=\"(max-width: 500px)\" srcset=\"https:\/\/files.sunoresearch.com.br\/n\/uploads\/2023\/04\/400x300-Planilha-vida-financeira-true.png\">\n\t\t\t\t<img class=\"newsContent__article__imgCapa newsContent__article__imgCapa--banner\"\n\t\t\t\t\tsrc=\"https:\/\/files.sunoresearch.com.br\/n\/uploads\/2023\/04\/1420x240-Planilha-vida-financeira-true.png\"\n\t\t\t\t\tdata-promo-id=\"106682\"\t\t\t\t\t\t\t\t\t\twidth='1420' height='240'\t\t\t\t\talt=\"https:\/\/files.sunoresearch.com.br\/n\/uploads\/2023\/04\/1420x240-Planilha-vida-financeira-true.png\"\n\t\t\t\t>\n\t\t\t<\/picture>\n\t\t<\/a>\n\t<\/p>\n\n\n<p>Com a chegada de Carvalho, Wilson Toneto, que ocupava interinamente o <a href=\"https:\/\/www.suno.com.br\/artigos\/ceo\/\">cargo de <strong>CEO do IRB<\/strong><\/a> desde mar\u00e7o, passar\u00e1 a ser o diretor vice-presidente t\u00e9cnico e de opera\u00e7\u00f5es.<\/p>\n<h2>Cota\u00e7\u00e3o do IRB Brasil<\/h2>\n<p>As<strong> a\u00e7\u00f5es do IRB Brasil<\/strong> encerraram o preg\u00e3o na \u00faltima sexta-feira (17) negociadas a R$ 5,18. Nos \u00faltimos 12 meses, os pap\u00e9is recuam 4,25%. A companhia vale R$ 6,56 bilh\u00f5es na B3.<\/p>\n\t<p>\n\t\t<a href=\"https:\/\/lp.suno.com.br\/planilha-de-controle-de-investimentos\/\" target=\"_blank\" data-element=\"shortcode-suno-banner\" title=\"Banner SUNO, clique e saiba mais\">\n\t\t\t<picture>\n\t\t\t\t<source media=\"(max-width: 500px)\" srcset=\"https:\/\/files.sunoresearch.com.br\/n\/uploads\/2023\/03\/400x300-Controle-de-Investimentos.png\">\n\t\t\t\t<img class=\"newsContent__article__imgCapa newsContent__article__imgCapa--banner\"\n\t\t\t\t\tsrc=\"https:\/\/files.sunoresearch.com.br\/n\/uploads\/2023\/03\/1420x240-Controle-de-Investimentos.png\"\n\t\t\t\t\tdata-promo-id=\"75934\"\t\t\t\t\t\t\t\t\t\twidth='1420' height='240'\t\t\t\t\talt=\"https:\/\/files.sunoresearch.com.br\/n\/uploads\/2023\/03\/1420x240-Controle-de-Investimentos.png\"\n\t\t\t\t>\n\t\t\t<\/picture>\n\t\t<\/a>\n\t<\/p>\n\n\n","protected":false},"excerpt":{"rendered":"<p>O Conselho de Administra\u00e7\u00e3o do IRB Brasil (IRBR3), em reuni\u00e3o realizada na \u00faltima sexta-feira (17), definiu o novo CEO da empresa. O escolhido foi Raphael Afonso Godinho de Carvalho, que assumir\u00e1 em 1\u00ba de outubro. IRB Brasil (IRBR3). Foto: DIvulga\u00e7\u00e3o O executivo ter\u00e1 mandato unificado com os demais membros da diretoria estatut\u00e1ria, at\u00e9 o dia [&hellip;]<\/p>\n","protected":false},"author":24,"featured_media":130345,"comment_status":"closed","ping_status":"closed","sticky":false,"template":"","format":"standard","meta":[],"categories":[64],"tags":[2721,1813,1222],"suno_strategy":[],"class_list":["post-185520","post","type-post","status-publish","format-standard","has-post-thumbnail","hentry","category-negocios","tag-conselho-de-administracao","tag-irb-brasil-irbr3","tag-seguros"],"yoast_head":"<!-- This site is optimized with the Yoast SEO plugin v24.4 - https:\/\/yoast.com\/wordpress\/plugins\/seo\/ -->\n<title>IRB Brasil (IRBR3) elege Raphael de Carvalho como novo CEO<\/title>\n<meta name=\"description\" content=\"O Conselho de Administra\u00e7\u00e3o do IRB Brasil (IRBR3), em reuni\u00e3o realizada na \u00faltima sexta-feira (17), definiu o novo CEO da empresa. Leia mais.\" \/>\n<meta name=\"robots\" content=\"index, follow, max-snippet:-1, max-image-preview:large, max-video-preview:-1\" \/>\n<link rel=\"canonical\" href=\"https:\/\/www.suno.com.br\/noticias\/irb-brasil-irbr3-raphael-de-carvalho-novo-ceo\/\" \/>\n<meta property=\"og:locale\" content=\"pt_BR\" \/>\n<meta property=\"og:type\" content=\"article\" \/>\n<meta property=\"og:title\" content=\"IRB Brasil (IRBR3) elege Raphael de Carvalho como novo CEO\" \/>\n<meta property=\"og:description\" content=\"O Conselho de Administra\u00e7\u00e3o do IRB Brasil (IRBR3), em reuni\u00e3o realizada na \u00faltima sexta-feira (17), definiu o novo CEO da empresa. Leia mais.\" \/>\n<meta property=\"og:url\" content=\"https:\/\/www.suno.com.br\/noticias\/irb-brasil-irbr3-raphael-de-carvalho-novo-ceo\/\" \/>\n<meta property=\"og:site_name\" content=\"Suno Not\u00edcias\" \/>\n<meta property=\"article:publisher\" content=\"https:\/\/facebook.com\/sunoresearch\" \/>\n<meta property=\"og:image\" content=\"https:\/\/files.sunoresearch.com.br\/n\/uploads\/2021\/03\/d53ab444-irb-3.jpg\" \/>\n\t<meta property=\"og:image:width\" content=\"1200\" \/>\n\t<meta property=\"og:image:height\" content=\"781\" \/>\n\t<meta property=\"og:image:type\" content=\"image\/jpeg\" \/>\n<meta name=\"author\" content=\"Jader Lazarini\" \/>\n<meta name=\"twitter:card\" content=\"summary_large_image\" \/>\n<meta name=\"twitter:creator\" content=\"@sunoresearch\" \/>\n<meta name=\"twitter:site\" content=\"@sunoresearch\" \/>\n<meta name=\"twitter:label1\" content=\"Escrito por\" \/>\n\t<meta name=\"twitter:data1\" content=\"Jader Lazarini\" \/>\n\t<meta name=\"twitter:label2\" content=\"Est. tempo de leitura\" \/>\n\t<meta name=\"twitter:data2\" content=\"3 minutos\" \/>\n<script type=\"application\/ld+json\" class=\"yoast-schema-graph\">{\"@context\":\"https:\/\/schema.org\",\"@graph\":[{\"@type\":\"NewsArticle\",\"@id\":\"https:\/\/www.suno.com.br\/noticias\/irb-brasil-irbr3-raphael-de-carvalho-novo-ceo\/#article\",\"isPartOf\":{\"@id\":\"https:\/\/www.suno.com.br\/noticias\/irb-brasil-irbr3-raphael-de-carvalho-novo-ceo\/\"},\"author\":{\"name\":\"Jader Lazarini\",\"@id\":\"https:\/\/www.suno.com.br\/noticias\/#\/schema\/person\/918d79de1f0281f01599b93f9ea6e23f\"},\"headline\":\"IRB Brasil (IRBR3) elege Raphael Carvalho como novo CEO\",\"datePublished\":\"2021-09-20T12:19:46+00:00\",\"dateModified\":\"2021-09-20T12:20:30+00:00\",\"mainEntityOfPage\":{\"@id\":\"https:\/\/www.suno.com.br\/noticias\/irb-brasil-irbr3-raphael-de-carvalho-novo-ceo\/\"},\"wordCount\":480,\"publisher\":{\"@id\":\"https:\/\/www.suno.com.br\/noticias\/#organization\"},\"image\":{\"@id\":\"https:\/\/www.suno.com.br\/noticias\/irb-brasil-irbr3-raphael-de-carvalho-novo-ceo\/#primaryimage\"},\"thumbnailUrl\":\"https:\/\/files.sunoresearch.com.br\/n\/uploads\/2021\/03\/d53ab444-irb-3-jpg.webp\",\"keywords\":[\"Conselho de Administra\u00e7\u00e3o\",\"IRB Brasil (IRBR3)\",\"seguros\"],\"articleSection\":[\"Neg\u00f3cios\"],\"inLanguage\":\"pt-BR\"},{\"@type\":\"WebPage\",\"@id\":\"https:\/\/www.suno.com.br\/noticias\/irb-brasil-irbr3-raphael-de-carvalho-novo-ceo\/\",\"url\":\"https:\/\/www.suno.com.br\/noticias\/irb-brasil-irbr3-raphael-de-carvalho-novo-ceo\/\",\"name\":\"IRB Brasil (IRBR3) elege Raphael de Carvalho como novo CEO\",\"isPartOf\":{\"@id\":\"https:\/\/www.suno.com.br\/noticias\/#website\"},\"primaryImageOfPage\":{\"@id\":\"https:\/\/www.suno.com.br\/noticias\/irb-brasil-irbr3-raphael-de-carvalho-novo-ceo\/#primaryimage\"},\"image\":{\"@id\":\"https:\/\/www.suno.com.br\/noticias\/irb-brasil-irbr3-raphael-de-carvalho-novo-ceo\/#primaryimage\"},\"thumbnailUrl\":\"https:\/\/files.sunoresearch.com.br\/n\/uploads\/2021\/03\/d53ab444-irb-3-jpg.webp\",\"datePublished\":\"2021-09-20T12:19:46+00:00\",\"dateModified\":\"2021-09-20T12:20:30+00:00\",\"description\":\"O Conselho de Administra\u00e7\u00e3o do IRB Brasil (IRBR3), em reuni\u00e3o realizada na \u00faltima sexta-feira (17), definiu o novo CEO da empresa. Leia mais.\",\"breadcrumb\":{\"@id\":\"https:\/\/www.suno.com.br\/noticias\/irb-brasil-irbr3-raphael-de-carvalho-novo-ceo\/#breadcrumb\"},\"inLanguage\":\"pt-BR\",\"potentialAction\":[{\"@type\":\"ReadAction\",\"target\":[\"https:\/\/www.suno.com.br\/noticias\/irb-brasil-irbr3-raphael-de-carvalho-novo-ceo\/\"]}]},{\"@type\":\"ImageObject\",\"inLanguage\":\"pt-BR\",\"@id\":\"https:\/\/www.suno.com.br\/noticias\/irb-brasil-irbr3-raphael-de-carvalho-novo-ceo\/#primaryimage\",\"url\":\"https:\/\/files.sunoresearch.com.br\/n\/uploads\/2021\/03\/d53ab444-irb-3-jpg.webp\",\"contentUrl\":\"https:\/\/files.sunoresearch.com.br\/n\/uploads\/2021\/03\/d53ab444-irb-3-jpg.webp\",\"width\":1200,\"height\":781,\"caption\":\"IRB Brasil (IRBR3). Foto: DIvulga\u00e7\u00e3o\"},{\"@type\":\"BreadcrumbList\",\"@id\":\"https:\/\/www.suno.com.br\/noticias\/irb-brasil-irbr3-raphael-de-carvalho-novo-ceo\/#breadcrumb\",\"itemListElement\":[{\"@type\":\"ListItem\",\"position\":1,\"name\":\"Not\u00edcias\",\"item\":\"https:\/\/www.suno.com.br\/noticias\/\"},{\"@type\":\"ListItem\",\"position\":2,\"name\":\"Neg\u00f3cios\",\"item\":\"https:\/\/www.suno.com.br\/noticias\/negocios\/\"},{\"@type\":\"ListItem\",\"position\":3,\"name\":\"IRB Brasil (IRBR3) elege Raphael Carvalho como novo CEO\"}]},{\"@type\":\"WebSite\",\"@id\":\"https:\/\/www.suno.com.br\/noticias\/#website\",\"url\":\"https:\/\/www.suno.com.br\/noticias\/\",\"name\":\"Suno Not\u00edcias\",\"description\":\"Seu portal de informa\u00e7\u00e3o sobre o mundo dos investimentos\",\"publisher\":{\"@id\":\"https:\/\/www.suno.com.br\/noticias\/#organization\"},\"potentialAction\":[{\"@type\":\"SearchAction\",\"target\":{\"@type\":\"EntryPoint\",\"urlTemplate\":\"https:\/\/www.suno.com.br\/noticias\/?s={search_term_string}\"},\"query-input\":{\"@type\":\"PropertyValueSpecification\",\"valueRequired\":true,\"valueName\":\"search_term_string\"}}],\"inLanguage\":\"pt-BR\"},{\"@type\":\"Organization\",\"@id\":\"https:\/\/www.suno.com.br\/noticias\/#organization\",\"name\":\"Suno Not\u00edcias\",\"url\":\"https:\/\/www.suno.com.br\/noticias\/\",\"logo\":{\"@type\":\"ImageObject\",\"inLanguage\":\"pt-BR\",\"@id\":\"https:\/\/www.suno.com.br\/noticias\/#\/schema\/logo\/image\/\",\"url\":\"https:\/\/files.sunoresearch.com.br\/n\/uploads\/2021\/09\/suno-logo.png\",\"contentUrl\":\"https:\/\/files.sunoresearch.com.br\/n\/uploads\/2021\/09\/suno-logo.png\",\"width\":180,\"height\":180,\"caption\":\"Suno Not\u00edcias\"},\"image\":{\"@id\":\"https:\/\/www.suno.com.br\/noticias\/#\/schema\/logo\/image\/\"},\"sameAs\":[\"https:\/\/facebook.com\/sunoresearch\",\"https:\/\/x.com\/sunoresearch\",\"https:\/\/www.instagram.com\/suno\",\"https:\/\/www.linkedin.com\/company\/suno-research\/\",\"https:\/\/www.youtube.com\/c\/sunoresearch\"]},{\"@type\":\"Person\",\"@id\":\"https:\/\/www.suno.com.br\/noticias\/#\/schema\/person\/918d79de1f0281f01599b93f9ea6e23f\",\"name\":\"Jader Lazarini\",\"image\":{\"@type\":\"ImageObject\",\"inLanguage\":\"pt-BR\",\"@id\":\"https:\/\/www.suno.com.br\/noticias\/#\/schema\/person\/image\/\",\"url\":\"https:\/\/secure.gravatar.com\/avatar\/3c1ad8caa51589841baeb923fcddea97?s=96&r=g\",\"contentUrl\":\"https:\/\/secure.gravatar.com\/avatar\/3c1ad8caa51589841baeb923fcddea97?s=96&r=g\",\"caption\":\"Jader Lazarini\"},\"description\":\"Jader Lazarini escreve sobre investimentos, finan\u00e7as, economia e neg\u00f3cios. \u00c9 bacharel em Rela\u00e7\u00f5es Internacionais e analista CNPI (2619).\",\"url\":\"https:\/\/www.suno.com.br\/noticias\/author\/jader-lazarini\/\"}]}<\/script>\n<!-- \/ Yoast SEO plugin. -->","yoast_head_json":{"title":"IRB Brasil (IRBR3) elege Raphael de Carvalho como novo CEO","description":"O Conselho de Administra\u00e7\u00e3o do IRB Brasil (IRBR3), em reuni\u00e3o realizada na \u00faltima sexta-feira (17), definiu o novo CEO da empresa. Leia mais.","robots":{"index":"index","follow":"follow","max-snippet":"max-snippet:-1","max-image-preview":"max-image-preview:large","max-video-preview":"max-video-preview:-1"},"canonical":"https:\/\/www.suno.com.br\/noticias\/irb-brasil-irbr3-raphael-de-carvalho-novo-ceo\/","og_locale":"pt_BR","og_type":"article","og_title":"IRB Brasil (IRBR3) elege Raphael de Carvalho como novo CEO","og_description":"O Conselho de Administra\u00e7\u00e3o do IRB Brasil (IRBR3), em reuni\u00e3o realizada na \u00faltima sexta-feira (17), definiu o novo CEO da empresa. Leia mais.","og_url":"https:\/\/www.suno.com.br\/noticias\/irb-brasil-irbr3-raphael-de-carvalho-novo-ceo\/","og_site_name":"Suno Not\u00edcias","article_publisher":"https:\/\/facebook.com\/sunoresearch","og_image":[{"width":1200,"height":781,"url":"https:\/\/files.sunoresearch.com.br\/n\/uploads\/2021\/03\/d53ab444-irb-3.jpg","type":"image\/jpeg"}],"author":"Jader Lazarini","twitter_card":"summary_large_image","twitter_creator":"@sunoresearch","twitter_site":"@sunoresearch","twitter_misc":{"Escrito por":"Jader Lazarini","Est. tempo de leitura":"3 minutos"},"schema":{"@context":"https:\/\/schema.org","@graph":[{"@type":"NewsArticle","@id":"https:\/\/www.suno.com.br\/noticias\/irb-brasil-irbr3-raphael-de-carvalho-novo-ceo\/#article","isPartOf":{"@id":"https:\/\/www.suno.com.br\/noticias\/irb-brasil-irbr3-raphael-de-carvalho-novo-ceo\/"},"author":{"name":"Jader Lazarini","@id":"https:\/\/www.suno.com.br\/noticias\/#\/schema\/person\/918d79de1f0281f01599b93f9ea6e23f"},"headline":"IRB Brasil (IRBR3) elege Raphael Carvalho como novo CEO","datePublished":"2021-09-20T12:19:46+00:00","dateModified":"2021-09-20T12:20:30+00:00","mainEntityOfPage":{"@id":"https:\/\/www.suno.com.br\/noticias\/irb-brasil-irbr3-raphael-de-carvalho-novo-ceo\/"},"wordCount":480,"publisher":{"@id":"https:\/\/www.suno.com.br\/noticias\/#organization"},"image":{"@id":"https:\/\/www.suno.com.br\/noticias\/irb-brasil-irbr3-raphael-de-carvalho-novo-ceo\/#primaryimage"},"thumbnailUrl":"https:\/\/files.sunoresearch.com.br\/n\/uploads\/2021\/03\/d53ab444-irb-3-jpg.webp","keywords":["Conselho de Administra\u00e7\u00e3o","IRB Brasil (IRBR3)","seguros"],"articleSection":["Neg\u00f3cios"],"inLanguage":"pt-BR"},{"@type":"WebPage","@id":"https:\/\/www.suno.com.br\/noticias\/irb-brasil-irbr3-raphael-de-carvalho-novo-ceo\/","url":"https:\/\/www.suno.com.br\/noticias\/irb-brasil-irbr3-raphael-de-carvalho-novo-ceo\/","name":"IRB Brasil (IRBR3) elege Raphael de Carvalho como novo CEO","isPartOf":{"@id":"https:\/\/www.suno.com.br\/noticias\/#website"},"primaryImageOfPage":{"@id":"https:\/\/www.suno.com.br\/noticias\/irb-brasil-irbr3-raphael-de-carvalho-novo-ceo\/#primaryimage"},"image":{"@id":"https:\/\/www.suno.com.br\/noticias\/irb-brasil-irbr3-raphael-de-carvalho-novo-ceo\/#primaryimage"},"thumbnailUrl":"https:\/\/files.sunoresearch.com.br\/n\/uploads\/2021\/03\/d53ab444-irb-3-jpg.webp","datePublished":"2021-09-20T12:19:46+00:00","dateModified":"2021-09-20T12:20:30+00:00","description":"O Conselho de Administra\u00e7\u00e3o do IRB Brasil (IRBR3), em reuni\u00e3o realizada na \u00faltima sexta-feira (17), definiu o novo CEO da empresa. Leia mais.","breadcrumb":{"@id":"https:\/\/www.suno.com.br\/noticias\/irb-brasil-irbr3-raphael-de-carvalho-novo-ceo\/#breadcrumb"},"inLanguage":"pt-BR","potentialAction":[{"@type":"ReadAction","target":["https:\/\/www.suno.com.br\/noticias\/irb-brasil-irbr3-raphael-de-carvalho-novo-ceo\/"]}]},{"@type":"ImageObject","inLanguage":"pt-BR","@id":"https:\/\/www.suno.com.br\/noticias\/irb-brasil-irbr3-raphael-de-carvalho-novo-ceo\/#primaryimage","url":"https:\/\/files.sunoresearch.com.br\/n\/uploads\/2021\/03\/d53ab444-irb-3-jpg.webp","contentUrl":"https:\/\/files.sunoresearch.com.br\/n\/uploads\/2021\/03\/d53ab444-irb-3-jpg.webp","width":1200,"height":781,"caption":"IRB Brasil (IRBR3). Foto: DIvulga\u00e7\u00e3o"},{"@type":"BreadcrumbList","@id":"https:\/\/www.suno.com.br\/noticias\/irb-brasil-irbr3-raphael-de-carvalho-novo-ceo\/#breadcrumb","itemListElement":[{"@type":"ListItem","position":1,"name":"Not\u00edcias","item":"https:\/\/www.suno.com.br\/noticias\/"},{"@type":"ListItem","position":2,"name":"Neg\u00f3cios","item":"https:\/\/www.suno.com.br\/noticias\/negocios\/"},{"@type":"ListItem","position":3,"name":"IRB Brasil (IRBR3) elege Raphael Carvalho como novo CEO"}]},{"@type":"WebSite","@id":"https:\/\/www.suno.com.br\/noticias\/#website","url":"https:\/\/www.suno.com.br\/noticias\/","name":"Suno Not\u00edcias","description":"Seu portal de informa\u00e7\u00e3o sobre o mundo dos investimentos","publisher":{"@id":"https:\/\/www.suno.com.br\/noticias\/#organization"},"potentialAction":[{"@type":"SearchAction","target":{"@type":"EntryPoint","urlTemplate":"https:\/\/www.suno.com.br\/noticias\/?s={search_term_string}"},"query-input":{"@type":"PropertyValueSpecification","valueRequired":true,"valueName":"search_term_string"}}],"inLanguage":"pt-BR"},{"@type":"Organization","@id":"https:\/\/www.suno.com.br\/noticias\/#organization","name":"Suno Not\u00edcias","url":"https:\/\/www.suno.com.br\/noticias\/","logo":{"@type":"ImageObject","inLanguage":"pt-BR","@id":"https:\/\/www.suno.com.br\/noticias\/#\/schema\/logo\/image\/","url":"https:\/\/files.sunoresearch.com.br\/n\/uploads\/2021\/09\/suno-logo.png","contentUrl":"https:\/\/files.sunoresearch.com.br\/n\/uploads\/2021\/09\/suno-logo.png","width":180,"height":180,"caption":"Suno Not\u00edcias"},"image":{"@id":"https:\/\/www.suno.com.br\/noticias\/#\/schema\/logo\/image\/"},"sameAs":["https:\/\/facebook.com\/sunoresearch","https:\/\/x.com\/sunoresearch","https:\/\/www.instagram.com\/suno","https:\/\/www.linkedin.com\/company\/suno-research\/","https:\/\/www.youtube.com\/c\/sunoresearch"]},{"@type":"Person","@id":"https:\/\/www.suno.com.br\/noticias\/#\/schema\/person\/918d79de1f0281f01599b93f9ea6e23f","name":"Jader Lazarini","image":{"@type":"ImageObject","inLanguage":"pt-BR","@id":"https:\/\/www.suno.com.br\/noticias\/#\/schema\/person\/image\/","url":"https:\/\/secure.gravatar.com\/avatar\/3c1ad8caa51589841baeb923fcddea97?s=96&r=g","contentUrl":"https:\/\/secure.gravatar.com\/avatar\/3c1ad8caa51589841baeb923fcddea97?s=96&r=g","caption":"Jader Lazarini"},"description":"Jader Lazarini escreve sobre investimentos, finan\u00e7as, economia e neg\u00f3cios. \u00c9 bacharel em Rela\u00e7\u00f5es Internacionais e analista CNPI (2619).","url":"https:\/\/www.suno.com.br\/noticias\/author\/jader-lazarini\/"}]}},"default_loop_html":"<div class=\"cardsPage__listCard__boxs\"><div class=\"cardsPage__listCard__boxs__img\"><a href=\"https:\/\/www.suno.com.br\/noticias\/irb-brasil-irbr3-raphael-de-carvalho-novo-ceo\/\"><img class=\"mask\" src=\"https:\/\/www.suno.com.br\/noticias\/wp-content\/themes\/suno\/resources\/images\/spotlight\/spotlight1img\/bg-mask.png\" alt=\"Image Mask\"\/><img src=\"https:\/\/files.sunoresearch.com.br\/n\/uploads\/2021\/03\/d53ab444-irb-3-400x200.webp\" alt=\"IRB Brasil (IRBR3) elege Raphael Carvalho como novo CEO\"\/><\/a><span class=\"spotlightCategory\"><a href=\"https:\/\/www.suno.com.br\/noticias\/negocios\/\">Neg\u00f3cios<\/a><\/span><\/div><div class=\"cardsPage__listCard__boxs__content\"><a href=\"https:\/\/www.suno.com.br\/noticias\/irb-brasil-irbr3-raphael-de-carvalho-novo-ceo\/\"><h2 class=\"content__title\">IRB Brasil (IRBR3) elege Raphael Carvalho como novo CEO<\/h2><\/a><div class=\"newsContent__article__meta\"><div class=\"newsContent__article__meta__authorBox\"><a href=\"https:\/\/www.suno.com.br\/noticias\/author\/jader-lazarini\/\" class=\"authorBox__avatar noMobi\"><img src=\"https:\/\/files.sunoresearch.com.br\/n\/uploads\/2021\/01\/178e6598-foto-perfil-2-150x150.jpg\" alt=\"Jader Lazarini\"><\/a><div class=\"authorBox__name\"><span>por\n\t\t\t<a href=\"https:\/\/www.suno.com.br\/noticias\/author\/jader-lazarini\/\"><span itemprop=\"author\">Jader Lazarini<\/span><\/a><\/span><time datetime=\"2021-09-20T09:19:46-03:00\" itemprop=\"datePublished\">20\/09\/2021 09:19<\/time><\/div><\/div><\/div><\/div><\/div>","single_layout":"posts","amp_enabled":true,"_links":{"self":[{"href":"https:\/\/www.suno.com.br\/noticias\/wp-json\/wp\/v2\/posts\/185520"}],"collection":[{"href":"https:\/\/www.suno.com.br\/noticias\/wp-json\/wp\/v2\/posts"}],"about":[{"href":"https:\/\/www.suno.com.br\/noticias\/wp-json\/wp\/v2\/types\/post"}],"author":[{"embeddable":true,"href":"https:\/\/www.suno.com.br\/noticias\/wp-json\/wp\/v2\/users\/24"}],"replies":[{"embeddable":true,"href":"https:\/\/www.suno.com.br\/noticias\/wp-json\/wp\/v2\/comments?post=185520"}],"version-history":[{"count":3,"href":"https:\/\/www.suno.com.br\/noticias\/wp-json\/wp\/v2\/posts\/185520\/revisions"}],"predecessor-version":[{"id":185536,"href":"https:\/\/www.suno.com.br\/noticias\/wp-json\/wp\/v2\/posts\/185520\/revisions\/185536"}],"wp:featuredmedia":[{"embeddable":true,"href":"https:\/\/www.suno.com.br\/noticias\/wp-json\/wp\/v2\/media\/130345"}],"wp:attachment":[{"href":"https:\/\/www.suno.com.br\/noticias\/wp-json\/wp\/v2\/media?parent=185520"}],"wp:term":[{"taxonomy":"category","embeddable":true,"href":"https:\/\/www.suno.com.br\/noticias\/wp-json\/wp\/v2\/categories?post=185520"},{"taxonomy":"post_tag","embeddable":true,"href":"https:\/\/www.suno.com.br\/noticias\/wp-json\/wp\/v2\/tags?post=185520"},{"taxonomy":"suno_strategy","embeddable":true,"href":"https:\/\/www.suno.com.br\/noticias\/wp-json\/wp\/v2\/suno_strategy?post=185520"}],"curies":[{"name":"wp","href":"https:\/\/api.w.org\/{rel}","templated":true}]}}