{"id":185498,"date":"2021-09-20T13:51:29","date_gmt":"2021-09-20T16:51:29","guid":{"rendered":"https:\/\/www.suno.com.br\/noticias\/?p=185498"},"modified":"2021-09-20T21:53:44","modified_gmt":"2021-09-21T00:53:44","slug":"mercado-alta-um-ponto-selic-inflacao-acima-meta-2022","status":"publish","type":"post","link":"https:\/\/www.suno.com.br\/noticias\/mercado-alta-um-ponto-selic-inflacao-acima-meta-2022\/","title":{"rendered":"Mercado projeta alta de 1 p.p. da Selic e v\u00ea infla\u00e7\u00e3o acima da meta em 2022"},"content":{"rendered":"<p>Sem perspectiva de arrefecimento na alta de pre\u00e7os, os analistas do <a class=\"suno-keyword\" href=\"https:\/\/www.suno.com.br\/guias\/mercado-financeiro\/\" target=\"_blank\" rel=\"noopener\" data-force=\"no\" data-priority=\"2\">mercado financeiro<\/a> acreditam que o Banco Central (BC) seguir\u00e1 com o aumento dos juros para controlar a infla\u00e7\u00e3o e tentar lev\u00e1-la para o centro da meta, de 3,5%, em 2022. De 51 <a class=\"suno-keyword\" href=\"https:\/\/www.suno.com.br\/artigos\/instituicoes-financeiras\/\" target=\"_blank\" rel=\"noopener\" data-force=\"no\" data-priority=\"1\">institui\u00e7\u00f5es financeiras<\/a> e consultorias ouvidas, 44 preveem um aumento de 1 ponto porcentual na <a class=\"suno-keyword\" href=\"https:\/\/www.suno.com.br\/artigos\/taxa-basica-de-juros\/\" target=\"_blank\" rel=\"noopener\" data-force=\"no\" data-priority=\"1\">taxa b\u00e1sica de juros<\/a>, a <strong>Selic,<\/strong> em reuni\u00e3o do Comit\u00ea de <a class=\"suno-keyword\" href=\"https:\/\/www.suno.com.br\/artigos\/politica-monetaria\/\" target=\"_blank\" rel=\"noopener\" data-force=\"no\" data-priority=\"1\">Pol\u00edtica Monet\u00e1ria<\/a> (Copom) na quarta-feira (22), deixando-a em 6,25% ao ano.<\/p>\t<div class=\"wrapper-featured-image\">\n\t\t<figure class=\"spotlightImg\">\n\n\t\t\t<picture>\n\t\t\t\t<source media=\"(max-width: 768px)\" srcset=\"https:\/\/files.sunoresearch.com.br\/n\/uploads\/2021\/08\/7c8cf9e9-jfcrz_191119mcal57152963-400x200.jpg\">\n\t\t\t\t<img loading=\"lazy\" decoding=\"async\" class=\"newsContent__article__imgCapa lazyloadDisabled \" src=\"https:\/\/files.sunoresearch.com.br\/n\/uploads\/2021\/08\/7c8cf9e9-jfcrz_191119mcal57152963-800x450.jpg\" width=\"800\" height=\"450\" alt=\"Mercado projeta alta de 1 p.p. da Selic e v\u00ea infla\u00e7\u00e3o acima da meta em 2022\" fetchpriority=high \/>\n\t\t\t<\/picture>\n\n\t\t\t<figcaption class=\"wp-caption-text wp-caption-text--show\">Campos Neto Foto: Ag\u00eancia Brasil.<\/figcaption>\n\t\t<\/figure>\n\t<\/div>\n\n\n\t<p>\n\t\t<a href=\"https:\/\/lp.suno.com.br\/planilha-controle-gastos\/\" target=\"_blank\" data-element=\"shortcode-suno-banner\" title=\"Banner SUNO, clique e saiba mais\">\n\t\t\t<picture>\n\t\t\t\t<source media=\"(max-width: 500px)\" srcset=\"https:\/\/files.sunoresearch.com.br\/n\/uploads\/2023\/03\/400x300-Planilha-controle-de-gastos.png\">\n\t\t\t\t<img class=\"newsContent__article__imgCapa newsContent__article__imgCapa--banner\"\n\t\t\t\t\tsrc=\"https:\/\/files.sunoresearch.com.br\/n\/uploads\/2023\/03\/1420x240-Planilha-controle-de-gastos.png\"\n\t\t\t\t\tdata-promo-id=\"101751\"\t\t\t\t\t\t\t\t\t\twidth='1420' height='240'\t\t\t\t\talt=\"https:\/\/files.sunoresearch.com.br\/n\/uploads\/2023\/03\/1420x240-Planilha-controle-de-gastos.png\"\n\t\t\t\t>\n\t\t\t<\/picture>\n\t\t<\/a>\n\t<\/p>\n\n\n<p>Apenas sete institui\u00e7\u00f5es consultadas mantiveram as apostas em um ajuste mais duro da taxa b\u00e1sica de juros nessa reuni\u00e3o, o que foi cogitado ap\u00f3s os dados mais recentes da infla\u00e7\u00e3o mostrarem um IPCA acumulado de 9,68% em 12 meses at\u00e9 agosto.<\/p>\n<p>Economistas chegaram a apostar em uma &#8220;paulada&#8221; nos juros ainda mais forte que a alta de 1 ponto da \u00faltima reuni\u00e3o do Copom, que elevou a Selic para 5,25% ao ano.<\/p>\n<p>Para se ter uma ideia da intensidade da medida, a \u00faltima vez que o BC aumentou a taxa b\u00e1sica de juros em mais de 1 ponto de uma s\u00f3 vez foi em 2002, no fim do governo Fernando Henrique Cardoso.<\/p>\n\t<div data-element=\"shortcode-read-more\" class=\"knowMore\">\n\t\t\t\t<span class=\"knowMore__title\">Leia mais<\/span>\n\t\t\t\t<a class=\"knowMore__link\" href=\"https:\/\/www.suno.com.br\/noticias\/selic-prognostico-2022-taxa-juros-bc-bacen\/\">\n\t\t\tSelic em 2022: analistas divergem nas previs\u00f5es; mas elei\u00e7\u00f5es e teto de gastos preocupam todos\t\t<\/a>\n\t<\/div>\n\n\n<p>No entanto, o presidente do BC, <a class=\"suno-keyword\" href=\"https:\/\/www.suno.com.br\/tudo-sobre\/roberto-campos-neto\/\" target=\"_blank\" rel=\"noopener\" data-force=\"no\" data-priority=\"2\">Roberto Campos Neto<\/a>, realinhou as expectativas na semana passada ao garantir que o Copom vai manter &#8220;o plano de voo&#8221;. Ele afirmou que o Copom elevar\u00e1 a Selic o quanto for preciso para conter a infla\u00e7\u00e3o, mas esclareceu que o colegiado n\u00e3o ir\u00e1 reagir a cada novo dado.<\/p>\n<p>&#8220;Passei a noite pensando sobre isso (a fala de Campos Neto) e voltamos para a proje\u00e7\u00e3o para alta de 1 ponto na Selic&#8221;, diz o superintendente da Assessoria Econ\u00f4mica da Associa\u00e7\u00e3o Brasileira de Bancos (ABBC), Everton Gon\u00e7alves, que antes projetava uma alta de 1,25 ponto, para 6,5%.<\/p>\n\t<p>\n\t\t<a href=\"https:\/\/lp.suno.com.br\/planilha-da-vida-financeira\/\" target=\"_blank\" data-element=\"shortcode-suno-banner\" title=\"Banner SUNO, clique e saiba mais\">\n\t\t\t<picture>\n\t\t\t\t<source media=\"(max-width: 500px)\" srcset=\"https:\/\/files.sunoresearch.com.br\/n\/uploads\/2023\/04\/400x300-Planilha-vida-financeira-true.png\">\n\t\t\t\t<img class=\"newsContent__article__imgCapa newsContent__article__imgCapa--banner\"\n\t\t\t\t\tsrc=\"https:\/\/files.sunoresearch.com.br\/n\/uploads\/2023\/04\/1420x240-Planilha-vida-financeira-true.png\"\n\t\t\t\t\tdata-promo-id=\"106682\"\t\t\t\t\t\t\t\t\t\twidth='1420' height='240'\t\t\t\t\talt=\"https:\/\/files.sunoresearch.com.br\/n\/uploads\/2023\/04\/1420x240-Planilha-vida-financeira-true.png\"\n\t\t\t\t>\n\t\t\t<\/picture>\n\t\t<\/a>\n\t<\/p>\n\n\n<p>Al\u00e9m da reuni\u00e3o desta semana, o Copom ainda ter\u00e1 mais dois encontros neste ano &#8211; em outubro e dezembro. Com a manuten\u00e7\u00e3o do ritmo atual, Gon\u00e7alves acredita que o BC continuar\u00e1 aumentando os juros no come\u00e7o de 2022, at\u00e9 que a Selic chegue a 8,5% ao ano.<\/p>\n<p>O economista diz que, para ser mais agressivo agora e trazer a infla\u00e7\u00e3o para o centro da meta de 3,5% no pr\u00f3ximo ano, o BC teria de sacrificar mais o crescimento da economia em 2022.<\/p>\n<p>&#8220;Fazer pol\u00edtica monet\u00e1ria n\u00e3o \u00e9 f\u00e1cil, tem muita sintonia fina, sobretudo em um ambiente com tantos riscos e incertezas&#8221;, diz.<\/p>\n\t<p>\n\t\t<a href=\"https:\/\/lp.suno.com.br\/ebook-como-analisar-uma-acao\/\" target=\"_blank\" data-element=\"shortcode-suno-banner\" title=\"Banner SUNO, clique e saiba mais\">\n\t\t\t<picture>\n\t\t\t\t<source media=\"(max-width: 500px)\" srcset=\"https:\/\/files.sunoresearch.com.br\/n\/uploads\/2023\/03\/Ebook-Acoes-Mobile-1.jpg\">\n\t\t\t\t<img class=\"newsContent__article__imgCapa newsContent__article__imgCapa--banner\"\n\t\t\t\t\tsrc=\"https:\/\/files.sunoresearch.com.br\/n\/uploads\/2023\/03\/Ebook-Acoes-Desktop-1.jpg\"\n\t\t\t\t\tdata-promo-id=\"171998\"\t\t\t\t\t\t\t\t\t\twidth='1420' height='286'\t\t\t\t\talt=\"https:\/\/files.sunoresearch.com.br\/n\/uploads\/2023\/03\/Ebook-Acoes-Desktop-1.jpg\"\n\t\t\t\t>\n\t\t\t<\/picture>\n\t\t<\/a>\n\t<\/p>\n\n\n<h2>Selic em 2022<\/h2>\n<p>Diante das dificuldades, parte do mercado financeiro j\u00e1 prev\u00ea que o BC vai descumprir em 2022, pelo segundo ano consecutivo, a tarefa de entregar a infla\u00e7\u00e3o dentro da meta.<\/p>\n<p>A informa\u00e7\u00e3o foi apurada pelo Estad\u00e3o\/Broadcast com agentes de mercado, inclusive com alguns que tiveram assento no Copom.<\/p>\n<p>Fontes relatam que, al\u00e9m das estimativas oficiais para a infla\u00e7\u00e3o divulgadas para clientes, imprensa e o pr\u00f3prio BC via <a class=\"suno-keyword\" href=\"https:\/\/www.suno.com.br\/artigos\/boletim-focus\/\" target=\"_blank\" rel=\"noopener\" data-force=\"no\" data-priority=\"1\">relat\u00f3rio Focus<\/a>, analistas se debru\u00e7am sobre dados e f\u00f3rmulas para obter n\u00fameros mais precisos.<\/p>\n<p>Se as previs\u00f5es formais para o IPCA de 2022 rodam os 4%, as extraoficiais giram em torno de 5%.<\/p>\n\t<p>\n\t\t<a href=\"https:\/\/lp.suno.com.br\/planilha-de-controle-de-investimentos\/\" target=\"_blank\" data-element=\"shortcode-suno-banner\" title=\"Banner SUNO, clique e saiba mais\">\n\t\t\t<picture>\n\t\t\t\t<source media=\"(max-width: 500px)\" srcset=\"https:\/\/files.sunoresearch.com.br\/n\/uploads\/2023\/03\/400x300-Controle-de-Investimentos.png\">\n\t\t\t\t<img class=\"newsContent__article__imgCapa newsContent__article__imgCapa--banner\"\n\t\t\t\t\tsrc=\"https:\/\/files.sunoresearch.com.br\/n\/uploads\/2023\/03\/1420x240-Controle-de-Investimentos.png\"\n\t\t\t\t\tdata-promo-id=\"75934\"\t\t\t\t\t\t\t\t\t\twidth='1420' height='240'\t\t\t\t\talt=\"https:\/\/files.sunoresearch.com.br\/n\/uploads\/2023\/03\/1420x240-Controle-de-Investimentos.png\"\n\t\t\t\t>\n\t\t\t<\/picture>\n\t\t<\/a>\n\t<\/p>\n\n\n<p>&#8220;O Focus e demais proje\u00e7\u00f5es p\u00fablicas s\u00e3o fundamentais para criar um consenso prospectivo. Mas \u00e9 na hora de colocar o dinheiro que se v\u00ea qual \u00e9 a informa\u00e7\u00e3o mais certeira. Se bancos, corretoras e outras casas j\u00e1 est\u00e3o usando esse material como ferramenta de base, \u00e9 ele que vale de verdade&#8221;, afirmou uma fonte.<\/p>\n<p>O economista-chefe do Banco Original, Marco Caruso, diz que, mesmo que a Selic chegue a 8%, o patamar j\u00e1 n\u00e3o \u00e9 mais suficiente para garantir a infla\u00e7\u00e3o no centro da meta em 2022.<\/p>\n<p>&#8220;Acredito que o Copom vai, sim, acomodar alguma infla\u00e7\u00e3o acima do centro da meta, at\u00e9 porque elevar demais a <strong>Selic<\/strong> agora pode a fazer a infla\u00e7\u00e3o escorregar para baixo da meta em 2023&#8243;, diz.<\/p>\n<p><em>As informa\u00e7\u00f5es s\u00e3o do jornal O Estado de S. Paulo<\/em><\/p>\n\t<p>\n\t\t<a href=\"\" target=\"_blank\" data-element=\"shortcode-suno-banner\" title=\"Banner SUNO, clique e saiba mais\">\n\t\t\t<picture>\n\t\t\t\t<source media=\"(max-width: 500px)\" srcset=\"\">\n\t\t\t\t<img class=\"newsContent__article__imgCapa newsContent__article__imgCapa--banner\"\n\t\t\t\t\tsrc=\"\"\n\t\t\t\t\tdata-promo-id=\"184190\"\t\t\t\t\t\t\t\t\t\t\t\t\t\t\talt=\"\"\n\t\t\t\t>\n\t\t\t<\/picture>\n\t\t<\/a>\n\t<\/p>\n\n\n","protected":false},"excerpt":{"rendered":"<p>Sem perspectiva de arrefecimento na alta de pre\u00e7os, os analistas do mercado financeiro acreditam que o Banco Central (BC) seguir\u00e1 com o aumento dos juros para controlar a infla\u00e7\u00e3o e tentar lev\u00e1-la para o centro da meta, de 3,5%, em 2022. De 51 institui\u00e7\u00f5es financeiras e consultorias ouvidas, 44 preveem um aumento de 1 ponto [&hellip;]<\/p>\n","protected":false},"author":73,"featured_media":179071,"comment_status":"closed","ping_status":"closed","sticky":false,"template":"","format":"standard","meta":[],"categories":[62],"tags":[106444,1104,1113,1752,290],"suno_strategy":[],"class_list":["post-185498","post","type-post","status-publish","format-standard","has-post-thumbnail","hentry","category-economia","tag-agencias","tag-copom","tag-roberto-campos-neto","tag-taxa-de-juros","tag-taxa-selic"],"yoast_head":"<!-- This site is optimized with the Yoast SEO plugin v24.4 - https:\/\/yoast.com\/wordpress\/plugins\/seo\/ -->\n<title>Mercado v\u00ea alta de um ponto da Selic e infla\u00e7\u00e3o acima da meta em 2022<\/title>\n<meta name=\"description\" content=\"Economistas chegaram a apostar em uma &quot;paulada&quot; nos juros ainda mais forte que a alta de 1 ponto da Selic na \u00faltima reuni\u00e3o. Leia mais.\" \/>\n<meta name=\"robots\" content=\"index, follow, max-snippet:-1, max-image-preview:large, max-video-preview:-1\" \/>\n<link rel=\"canonical\" href=\"https:\/\/www.suno.com.br\/noticias\/mercado-alta-um-ponto-selic-inflacao-acima-meta-2022\/\" \/>\n<meta property=\"og:locale\" content=\"pt_BR\" \/>\n<meta property=\"og:type\" content=\"article\" \/>\n<meta property=\"og:title\" content=\"Mercado v\u00ea alta de um ponto da Selic e infla\u00e7\u00e3o acima da meta em 2022\" \/>\n<meta property=\"og:description\" content=\"Economistas chegaram a apostar em uma &quot;paulada&quot; nos juros ainda mais forte que a alta de 1 ponto da Selic na \u00faltima reuni\u00e3o. Leia mais.\" \/>\n<meta property=\"og:url\" content=\"https:\/\/www.suno.com.br\/noticias\/mercado-alta-um-ponto-selic-inflacao-acima-meta-2022\/\" \/>\n<meta property=\"og:site_name\" content=\"Suno Not\u00edcias\" \/>\n<meta property=\"article:publisher\" content=\"https:\/\/facebook.com\/sunoresearch\" \/>\n<meta property=\"og:image\" content=\"https:\/\/files.sunoresearch.com.br\/n\/uploads\/2021\/08\/7c8cf9e9-jfcrz_191119mcal57152963-scaled.jpg\" \/>\n\t<meta property=\"og:image:width\" content=\"2560\" \/>\n\t<meta property=\"og:image:height\" content=\"1707\" \/>\n\t<meta property=\"og:image:type\" content=\"image\/jpeg\" \/>\n<meta name=\"author\" content=\"Eduardo Vargas\" \/>\n<meta name=\"twitter:card\" content=\"summary_large_image\" \/>\n<meta name=\"twitter:creator\" content=\"@sunoresearch\" \/>\n<meta name=\"twitter:site\" content=\"@sunoresearch\" \/>\n<meta name=\"twitter:label1\" content=\"Escrito por\" \/>\n\t<meta name=\"twitter:data1\" content=\"Eduardo Vargas\" \/>\n\t<meta name=\"twitter:label2\" content=\"Est. tempo de leitura\" \/>\n\t<meta name=\"twitter:data2\" content=\"3 minutos\" \/>\n<script type=\"application\/ld+json\" class=\"yoast-schema-graph\">{\"@context\":\"https:\/\/schema.org\",\"@graph\":[{\"@type\":\"NewsArticle\",\"@id\":\"https:\/\/www.suno.com.br\/noticias\/mercado-alta-um-ponto-selic-inflacao-acima-meta-2022\/#article\",\"isPartOf\":{\"@id\":\"https:\/\/www.suno.com.br\/noticias\/mercado-alta-um-ponto-selic-inflacao-acima-meta-2022\/\"},\"author\":{\"name\":\"Eduardo Vargas\",\"@id\":\"https:\/\/www.suno.com.br\/noticias\/#\/schema\/person\/7f4d362bf3518e76090143ae77bb49a5\"},\"headline\":\"Mercado projeta alta de 1 p.p. da Selic e v\u00ea infla\u00e7\u00e3o acima da meta em 2022\",\"datePublished\":\"2021-09-20T16:51:29+00:00\",\"dateModified\":\"2021-09-21T00:53:44+00:00\",\"mainEntityOfPage\":{\"@id\":\"https:\/\/www.suno.com.br\/noticias\/mercado-alta-um-ponto-selic-inflacao-acima-meta-2022\/\"},\"wordCount\":687,\"publisher\":{\"@id\":\"https:\/\/www.suno.com.br\/noticias\/#organization\"},\"image\":{\"@id\":\"https:\/\/www.suno.com.br\/noticias\/mercado-alta-um-ponto-selic-inflacao-acima-meta-2022\/#primaryimage\"},\"thumbnailUrl\":\"https:\/\/files.sunoresearch.com.br\/n\/uploads\/2021\/08\/7c8cf9e9-jfcrz_191119mcal57152963-scaled.jpg\",\"keywords\":[\"Ag\u00eancias\",\"Copom\",\"Roberto Campos Neto\",\"taxa de juros\",\"Taxa Selic\"],\"articleSection\":[\"Economia\"],\"inLanguage\":\"pt-BR\"},{\"@type\":\"WebPage\",\"@id\":\"https:\/\/www.suno.com.br\/noticias\/mercado-alta-um-ponto-selic-inflacao-acima-meta-2022\/\",\"url\":\"https:\/\/www.suno.com.br\/noticias\/mercado-alta-um-ponto-selic-inflacao-acima-meta-2022\/\",\"name\":\"Mercado v\u00ea alta de um ponto da Selic e infla\u00e7\u00e3o acima da meta em 2022\",\"isPartOf\":{\"@id\":\"https:\/\/www.suno.com.br\/noticias\/#website\"},\"primaryImageOfPage\":{\"@id\":\"https:\/\/www.suno.com.br\/noticias\/mercado-alta-um-ponto-selic-inflacao-acima-meta-2022\/#primaryimage\"},\"image\":{\"@id\":\"https:\/\/www.suno.com.br\/noticias\/mercado-alta-um-ponto-selic-inflacao-acima-meta-2022\/#primaryimage\"},\"thumbnailUrl\":\"https:\/\/files.sunoresearch.com.br\/n\/uploads\/2021\/08\/7c8cf9e9-jfcrz_191119mcal57152963-scaled.jpg\",\"datePublished\":\"2021-09-20T16:51:29+00:00\",\"dateModified\":\"2021-09-21T00:53:44+00:00\",\"description\":\"Economistas chegaram a apostar em uma \\\"paulada\\\" nos juros ainda mais forte que a alta de 1 ponto da Selic na \u00faltima reuni\u00e3o. Leia mais.\",\"breadcrumb\":{\"@id\":\"https:\/\/www.suno.com.br\/noticias\/mercado-alta-um-ponto-selic-inflacao-acima-meta-2022\/#breadcrumb\"},\"inLanguage\":\"pt-BR\",\"potentialAction\":[{\"@type\":\"ReadAction\",\"target\":[\"https:\/\/www.suno.com.br\/noticias\/mercado-alta-um-ponto-selic-inflacao-acima-meta-2022\/\"]}]},{\"@type\":\"ImageObject\",\"inLanguage\":\"pt-BR\",\"@id\":\"https:\/\/www.suno.com.br\/noticias\/mercado-alta-um-ponto-selic-inflacao-acima-meta-2022\/#primaryimage\",\"url\":\"https:\/\/files.sunoresearch.com.br\/n\/uploads\/2021\/08\/7c8cf9e9-jfcrz_191119mcal57152963-scaled.jpg\",\"contentUrl\":\"https:\/\/files.sunoresearch.com.br\/n\/uploads\/2021\/08\/7c8cf9e9-jfcrz_191119mcal57152963-scaled.jpg\",\"width\":2560,\"height\":1707,\"caption\":\"Campos Neto Foto: Ag\u00eancia Brasil.\"},{\"@type\":\"BreadcrumbList\",\"@id\":\"https:\/\/www.suno.com.br\/noticias\/mercado-alta-um-ponto-selic-inflacao-acima-meta-2022\/#breadcrumb\",\"itemListElement\":[{\"@type\":\"ListItem\",\"position\":1,\"name\":\"Not\u00edcias\",\"item\":\"https:\/\/www.suno.com.br\/noticias\/\"},{\"@type\":\"ListItem\",\"position\":2,\"name\":\"Economia\",\"item\":\"https:\/\/www.suno.com.br\/noticias\/economia\/\"},{\"@type\":\"ListItem\",\"position\":3,\"name\":\"Mercado projeta alta de 1 p.p. da Selic e v\u00ea infla\u00e7\u00e3o acima da meta em 2022\"}]},{\"@type\":\"WebSite\",\"@id\":\"https:\/\/www.suno.com.br\/noticias\/#website\",\"url\":\"https:\/\/www.suno.com.br\/noticias\/\",\"name\":\"Suno Not\u00edcias\",\"description\":\"Seu portal de informa\u00e7\u00e3o sobre o mundo dos investimentos\",\"publisher\":{\"@id\":\"https:\/\/www.suno.com.br\/noticias\/#organization\"},\"potentialAction\":[{\"@type\":\"SearchAction\",\"target\":{\"@type\":\"EntryPoint\",\"urlTemplate\":\"https:\/\/www.suno.com.br\/noticias\/?s={search_term_string}\"},\"query-input\":{\"@type\":\"PropertyValueSpecification\",\"valueRequired\":true,\"valueName\":\"search_term_string\"}}],\"inLanguage\":\"pt-BR\"},{\"@type\":\"Organization\",\"@id\":\"https:\/\/www.suno.com.br\/noticias\/#organization\",\"name\":\"Suno Not\u00edcias\",\"url\":\"https:\/\/www.suno.com.br\/noticias\/\",\"logo\":{\"@type\":\"ImageObject\",\"inLanguage\":\"pt-BR\",\"@id\":\"https:\/\/www.suno.com.br\/noticias\/#\/schema\/logo\/image\/\",\"url\":\"https:\/\/files.sunoresearch.com.br\/n\/uploads\/2021\/09\/suno-logo.png\",\"contentUrl\":\"https:\/\/files.sunoresearch.com.br\/n\/uploads\/2021\/09\/suno-logo.png\",\"width\":180,\"height\":180,\"caption\":\"Suno Not\u00edcias\"},\"image\":{\"@id\":\"https:\/\/www.suno.com.br\/noticias\/#\/schema\/logo\/image\/\"},\"sameAs\":[\"https:\/\/facebook.com\/sunoresearch\",\"https:\/\/x.com\/sunoresearch\",\"https:\/\/www.instagram.com\/suno\",\"https:\/\/www.linkedin.com\/company\/suno-research\/\",\"https:\/\/www.youtube.com\/c\/sunoresearch\"]},{\"@type\":\"Person\",\"@id\":\"https:\/\/www.suno.com.br\/noticias\/#\/schema\/person\/7f4d362bf3518e76090143ae77bb49a5\",\"name\":\"Eduardo Vargas\",\"image\":{\"@type\":\"ImageObject\",\"inLanguage\":\"pt-BR\",\"@id\":\"https:\/\/www.suno.com.br\/noticias\/#\/schema\/person\/image\/\",\"url\":\"https:\/\/secure.gravatar.com\/avatar\/dac340933427a22924c9f99d1eb2e3f2?s=96&r=g\",\"contentUrl\":\"https:\/\/secure.gravatar.com\/avatar\/dac340933427a22924c9f99d1eb2e3f2?s=96&r=g\",\"caption\":\"Eduardo Vargas\"},\"description\":\"Jornalista formado pela UFSC, cobre macroeconomia, neg\u00f3cios e startups para o Suno Not\u00edcias, escrevendo principalmente not\u00edcias sobre o mercado financeiro e a bolsa de valores. No YouTube e no Instagram, \u00e9 respons\u00e1vel pela produ\u00e7\u00e3o de Reels e Shorts do Suno Not\u00edcias. Anteriormente, trabalhou cobrindo economia e cotidiano no ND+ e para o ND, maior jornal impresso de Santa Catarina. Cursou um semestre letivo de Estudos de M\u00eddia na Universidad de Buenos Aires.\",\"url\":\"https:\/\/www.suno.com.br\/noticias\/author\/eduardo-vargas\/\"}]}<\/script>\n<!-- \/ Yoast SEO plugin. -->","yoast_head_json":{"title":"Mercado v\u00ea alta de um ponto da Selic e infla\u00e7\u00e3o acima da meta em 2022","description":"Economistas chegaram a apostar em uma \"paulada\" nos juros ainda mais forte que a alta de 1 ponto da Selic na \u00faltima reuni\u00e3o. Leia mais.","robots":{"index":"index","follow":"follow","max-snippet":"max-snippet:-1","max-image-preview":"max-image-preview:large","max-video-preview":"max-video-preview:-1"},"canonical":"https:\/\/www.suno.com.br\/noticias\/mercado-alta-um-ponto-selic-inflacao-acima-meta-2022\/","og_locale":"pt_BR","og_type":"article","og_title":"Mercado v\u00ea alta de um ponto da Selic e infla\u00e7\u00e3o acima da meta em 2022","og_description":"Economistas chegaram a apostar em uma \"paulada\" nos juros ainda mais forte que a alta de 1 ponto da Selic na \u00faltima reuni\u00e3o. Leia mais.","og_url":"https:\/\/www.suno.com.br\/noticias\/mercado-alta-um-ponto-selic-inflacao-acima-meta-2022\/","og_site_name":"Suno Not\u00edcias","article_publisher":"https:\/\/facebook.com\/sunoresearch","og_image":[{"width":2560,"height":1707,"url":"https:\/\/files.sunoresearch.com.br\/n\/uploads\/2021\/08\/7c8cf9e9-jfcrz_191119mcal57152963-scaled.jpg","type":"image\/jpeg"}],"author":"Eduardo Vargas","twitter_card":"summary_large_image","twitter_creator":"@sunoresearch","twitter_site":"@sunoresearch","twitter_misc":{"Escrito por":"Eduardo Vargas","Est. tempo de leitura":"3 minutos"},"schema":{"@context":"https:\/\/schema.org","@graph":[{"@type":"NewsArticle","@id":"https:\/\/www.suno.com.br\/noticias\/mercado-alta-um-ponto-selic-inflacao-acima-meta-2022\/#article","isPartOf":{"@id":"https:\/\/www.suno.com.br\/noticias\/mercado-alta-um-ponto-selic-inflacao-acima-meta-2022\/"},"author":{"name":"Eduardo Vargas","@id":"https:\/\/www.suno.com.br\/noticias\/#\/schema\/person\/7f4d362bf3518e76090143ae77bb49a5"},"headline":"Mercado projeta alta de 1 p.p. da Selic e v\u00ea infla\u00e7\u00e3o acima da meta em 2022","datePublished":"2021-09-20T16:51:29+00:00","dateModified":"2021-09-21T00:53:44+00:00","mainEntityOfPage":{"@id":"https:\/\/www.suno.com.br\/noticias\/mercado-alta-um-ponto-selic-inflacao-acima-meta-2022\/"},"wordCount":687,"publisher":{"@id":"https:\/\/www.suno.com.br\/noticias\/#organization"},"image":{"@id":"https:\/\/www.suno.com.br\/noticias\/mercado-alta-um-ponto-selic-inflacao-acima-meta-2022\/#primaryimage"},"thumbnailUrl":"https:\/\/files.sunoresearch.com.br\/n\/uploads\/2021\/08\/7c8cf9e9-jfcrz_191119mcal57152963-scaled.jpg","keywords":["Ag\u00eancias","Copom","Roberto Campos Neto","taxa de juros","Taxa Selic"],"articleSection":["Economia"],"inLanguage":"pt-BR"},{"@type":"WebPage","@id":"https:\/\/www.suno.com.br\/noticias\/mercado-alta-um-ponto-selic-inflacao-acima-meta-2022\/","url":"https:\/\/www.suno.com.br\/noticias\/mercado-alta-um-ponto-selic-inflacao-acima-meta-2022\/","name":"Mercado v\u00ea alta de um ponto da Selic e infla\u00e7\u00e3o acima da meta em 2022","isPartOf":{"@id":"https:\/\/www.suno.com.br\/noticias\/#website"},"primaryImageOfPage":{"@id":"https:\/\/www.suno.com.br\/noticias\/mercado-alta-um-ponto-selic-inflacao-acima-meta-2022\/#primaryimage"},"image":{"@id":"https:\/\/www.suno.com.br\/noticias\/mercado-alta-um-ponto-selic-inflacao-acima-meta-2022\/#primaryimage"},"thumbnailUrl":"https:\/\/files.sunoresearch.com.br\/n\/uploads\/2021\/08\/7c8cf9e9-jfcrz_191119mcal57152963-scaled.jpg","datePublished":"2021-09-20T16:51:29+00:00","dateModified":"2021-09-21T00:53:44+00:00","description":"Economistas chegaram a apostar em uma \"paulada\" nos juros ainda mais forte que a alta de 1 ponto da Selic na \u00faltima reuni\u00e3o. Leia mais.","breadcrumb":{"@id":"https:\/\/www.suno.com.br\/noticias\/mercado-alta-um-ponto-selic-inflacao-acima-meta-2022\/#breadcrumb"},"inLanguage":"pt-BR","potentialAction":[{"@type":"ReadAction","target":["https:\/\/www.suno.com.br\/noticias\/mercado-alta-um-ponto-selic-inflacao-acima-meta-2022\/"]}]},{"@type":"ImageObject","inLanguage":"pt-BR","@id":"https:\/\/www.suno.com.br\/noticias\/mercado-alta-um-ponto-selic-inflacao-acima-meta-2022\/#primaryimage","url":"https:\/\/files.sunoresearch.com.br\/n\/uploads\/2021\/08\/7c8cf9e9-jfcrz_191119mcal57152963-scaled.jpg","contentUrl":"https:\/\/files.sunoresearch.com.br\/n\/uploads\/2021\/08\/7c8cf9e9-jfcrz_191119mcal57152963-scaled.jpg","width":2560,"height":1707,"caption":"Campos Neto Foto: Ag\u00eancia Brasil."},{"@type":"BreadcrumbList","@id":"https:\/\/www.suno.com.br\/noticias\/mercado-alta-um-ponto-selic-inflacao-acima-meta-2022\/#breadcrumb","itemListElement":[{"@type":"ListItem","position":1,"name":"Not\u00edcias","item":"https:\/\/www.suno.com.br\/noticias\/"},{"@type":"ListItem","position":2,"name":"Economia","item":"https:\/\/www.suno.com.br\/noticias\/economia\/"},{"@type":"ListItem","position":3,"name":"Mercado projeta alta de 1 p.p. da Selic e v\u00ea infla\u00e7\u00e3o acima da meta em 2022"}]},{"@type":"WebSite","@id":"https:\/\/www.suno.com.br\/noticias\/#website","url":"https:\/\/www.suno.com.br\/noticias\/","name":"Suno Not\u00edcias","description":"Seu portal de informa\u00e7\u00e3o sobre o mundo dos investimentos","publisher":{"@id":"https:\/\/www.suno.com.br\/noticias\/#organization"},"potentialAction":[{"@type":"SearchAction","target":{"@type":"EntryPoint","urlTemplate":"https:\/\/www.suno.com.br\/noticias\/?s={search_term_string}"},"query-input":{"@type":"PropertyValueSpecification","valueRequired":true,"valueName":"search_term_string"}}],"inLanguage":"pt-BR"},{"@type":"Organization","@id":"https:\/\/www.suno.com.br\/noticias\/#organization","name":"Suno Not\u00edcias","url":"https:\/\/www.suno.com.br\/noticias\/","logo":{"@type":"ImageObject","inLanguage":"pt-BR","@id":"https:\/\/www.suno.com.br\/noticias\/#\/schema\/logo\/image\/","url":"https:\/\/files.sunoresearch.com.br\/n\/uploads\/2021\/09\/suno-logo.png","contentUrl":"https:\/\/files.sunoresearch.com.br\/n\/uploads\/2021\/09\/suno-logo.png","width":180,"height":180,"caption":"Suno Not\u00edcias"},"image":{"@id":"https:\/\/www.suno.com.br\/noticias\/#\/schema\/logo\/image\/"},"sameAs":["https:\/\/facebook.com\/sunoresearch","https:\/\/x.com\/sunoresearch","https:\/\/www.instagram.com\/suno","https:\/\/www.linkedin.com\/company\/suno-research\/","https:\/\/www.youtube.com\/c\/sunoresearch"]},{"@type":"Person","@id":"https:\/\/www.suno.com.br\/noticias\/#\/schema\/person\/7f4d362bf3518e76090143ae77bb49a5","name":"Eduardo Vargas","image":{"@type":"ImageObject","inLanguage":"pt-BR","@id":"https:\/\/www.suno.com.br\/noticias\/#\/schema\/person\/image\/","url":"https:\/\/secure.gravatar.com\/avatar\/dac340933427a22924c9f99d1eb2e3f2?s=96&r=g","contentUrl":"https:\/\/secure.gravatar.com\/avatar\/dac340933427a22924c9f99d1eb2e3f2?s=96&r=g","caption":"Eduardo Vargas"},"description":"Jornalista formado pela UFSC, cobre macroeconomia, neg\u00f3cios e startups para o Suno Not\u00edcias, escrevendo principalmente not\u00edcias sobre o mercado financeiro e a bolsa de valores. No YouTube e no Instagram, \u00e9 respons\u00e1vel pela produ\u00e7\u00e3o de Reels e Shorts do Suno Not\u00edcias. Anteriormente, trabalhou cobrindo economia e cotidiano no ND+ e para o ND, maior jornal impresso de Santa Catarina. Cursou um semestre letivo de Estudos de M\u00eddia na Universidad de Buenos Aires.","url":"https:\/\/www.suno.com.br\/noticias\/author\/eduardo-vargas\/"}]}},"default_loop_html":"<div class=\"cardsPage__listCard__boxs\"><div class=\"cardsPage__listCard__boxs__img\"><a href=\"https:\/\/www.suno.com.br\/noticias\/mercado-alta-um-ponto-selic-inflacao-acima-meta-2022\/\"><img class=\"mask\" src=\"https:\/\/www.suno.com.br\/noticias\/wp-content\/themes\/suno\/resources\/images\/spotlight\/spotlight1img\/bg-mask.png\" alt=\"Image Mask\"\/><img src=\"https:\/\/files.sunoresearch.com.br\/n\/uploads\/2021\/08\/7c8cf9e9-jfcrz_191119mcal57152963-400x200.jpg\" alt=\"Mercado projeta alta de 1 p.p. da Selic e v\u00ea infla\u00e7\u00e3o acima da meta em 2022\"\/><\/a><span class=\"spotlightCategory\"><a href=\"https:\/\/www.suno.com.br\/noticias\/economia\/\">Economia<\/a><\/span><\/div><div class=\"cardsPage__listCard__boxs__content\"><a href=\"https:\/\/www.suno.com.br\/noticias\/mercado-alta-um-ponto-selic-inflacao-acima-meta-2022\/\"><h2 class=\"content__title\">Mercado projeta alta de 1 p.p. da Selic e v\u00ea infla\u00e7\u00e3o acima da meta em 2022<\/h2><\/a><div class=\"newsContent__article__meta\"><div class=\"newsContent__article__meta__authorBox\"><a href=\"https:\/\/www.suno.com.br\/noticias\/author\/eduardo-vargas\/\" class=\"authorBox__avatar noMobi\"><img src=\"https:\/\/secure.gravatar.com\/avatar\/dac340933427a22924c9f99d1eb2e3f2?s=96&#038;r=g\" alt=\"Eduardo Vargas\"><\/a><div class=\"authorBox__name\"><span>por\n\t\t\t<a href=\"https:\/\/www.suno.com.br\/noticias\/author\/eduardo-vargas\/\"><span itemprop=\"author\">Eduardo Vargas<\/span><\/a><\/span><time datetime=\"2021-09-20T13:51:29-03:00\" itemprop=\"datePublished\">20\/09\/2021 13:51<\/time><\/div><\/div><\/div><\/div><\/div>","single_layout":"posts","amp_enabled":true,"_links":{"self":[{"href":"https:\/\/www.suno.com.br\/noticias\/wp-json\/wp\/v2\/posts\/185498"}],"collection":[{"href":"https:\/\/www.suno.com.br\/noticias\/wp-json\/wp\/v2\/posts"}],"about":[{"href":"https:\/\/www.suno.com.br\/noticias\/wp-json\/wp\/v2\/types\/post"}],"author":[{"embeddable":true,"href":"https:\/\/www.suno.com.br\/noticias\/wp-json\/wp\/v2\/users\/73"}],"replies":[{"embeddable":true,"href":"https:\/\/www.suno.com.br\/noticias\/wp-json\/wp\/v2\/comments?post=185498"}],"version-history":[{"count":4,"href":"https:\/\/www.suno.com.br\/noticias\/wp-json\/wp\/v2\/posts\/185498\/revisions"}],"predecessor-version":[{"id":185884,"href":"https:\/\/www.suno.com.br\/noticias\/wp-json\/wp\/v2\/posts\/185498\/revisions\/185884"}],"wp:featuredmedia":[{"embeddable":true,"href":"https:\/\/www.suno.com.br\/noticias\/wp-json\/wp\/v2\/media\/179071"}],"wp:attachment":[{"href":"https:\/\/www.suno.com.br\/noticias\/wp-json\/wp\/v2\/media?parent=185498"}],"wp:term":[{"taxonomy":"category","embeddable":true,"href":"https:\/\/www.suno.com.br\/noticias\/wp-json\/wp\/v2\/categories?post=185498"},{"taxonomy":"post_tag","embeddable":true,"href":"https:\/\/www.suno.com.br\/noticias\/wp-json\/wp\/v2\/tags?post=185498"},{"taxonomy":"suno_strategy","embeddable":true,"href":"https:\/\/www.suno.com.br\/noticias\/wp-json\/wp\/v2\/suno_strategy?post=185498"}],"curies":[{"name":"wp","href":"https:\/\/api.w.org\/{rel}","templated":true}]}}