{"id":185483,"date":"2021-09-20T18:49:05","date_gmt":"2021-09-20T21:49:05","guid":{"rendered":"https:\/\/www.suno.com.br\/noticias\/?p=185483"},"modified":"2021-09-20T18:49:05","modified_gmt":"2021-09-20T21:49:05","slug":"rumo-rail3-ferrovia-mt-investimento-r-11-bi","status":"publish","type":"post","link":"https:\/\/www.suno.com.br\/noticias\/rumo-rail3-ferrovia-mt-investimento-r-11-bi\/","title":{"rendered":"Rumo (RAIL3) assina contrato de ferrovia em MT com aportes de R$ 11 bi"},"content":{"rendered":"<p>O governador do Mato Grosso, Mauro Mendes (DEM), afirmou nesta segunda-feira (20) que a primeira ferrovia estadual mato-grossense n\u00e3o ter\u00e1 recursos p\u00fablicos. &#8220;Ser\u00e3o mais de R$ 11 bilh\u00f5es, com 100% dos recursos da <a class=\"suno-keyword\" href=\"https:\/\/www.suno.com.br\/acoes\/RAIL3\/\" target=\"_blank\" rel=\"noopener\" data-force=\"yes\" data-priority=\"2\">Rumo (RAIL3)<\/a>&#8220;, disse durante cerim\u00f4nia de assinatura do contrato, sob regime de autoriza\u00e7\u00e3o.<\/p>\t<div class=\"wrapper-featured-image\">\n\t\t<figure class=\"spotlightImg\">\n\n\t\t\t<picture>\n\t\t\t\t<source media=\"(max-width: 768px)\" srcset=\"https:\/\/files.sunoresearch.com.br\/n\/uploads\/2021\/02\/44630b86-rumo-all_easy-resize.com_-400x200.webp\">\n\t\t\t\t<img loading=\"lazy\" decoding=\"async\" class=\"newsContent__article__imgCapa lazyloadDisabled \" src=\"https:\/\/files.sunoresearch.com.br\/n\/uploads\/2021\/02\/44630b86-rumo-all_easy-resize.com_-800x450.webp\" width=\"800\" height=\"450\" alt=\"Rumo (RAIL3) assina contrato de ferrovia em MT com aportes de R$ 11 bi\" fetchpriority=high \/>\n\t\t\t<\/picture>\n\n\t\t\t<figcaption class=\"wp-caption-text wp-caption-text--show\">Rumo (RAIL3). Foto: Reprodu\u00e7\u00e3o Facebook<\/figcaption>\n\t\t<\/figure>\n\t<\/div>\n\n\n\t<p>\n\t\t<a href=\"https:\/\/lp.suno.com.br\/planilha-controle-gastos\/\" target=\"_blank\" data-element=\"shortcode-suno-banner\" title=\"Banner SUNO, clique e saiba mais\">\n\t\t\t<picture>\n\t\t\t\t<source media=\"(max-width: 500px)\" srcset=\"https:\/\/files.sunoresearch.com.br\/n\/uploads\/2023\/03\/400x300-Planilha-controle-de-gastos.png\">\n\t\t\t\t<img class=\"newsContent__article__imgCapa newsContent__article__imgCapa--banner\"\n\t\t\t\t\tsrc=\"https:\/\/files.sunoresearch.com.br\/n\/uploads\/2023\/03\/1420x240-Planilha-controle-de-gastos.png\"\n\t\t\t\t\tdata-promo-id=\"101751\"\t\t\t\t\t\t\t\t\t\twidth='1420' height='240'\t\t\t\t\talt=\"https:\/\/files.sunoresearch.com.br\/n\/uploads\/2023\/03\/1420x240-Planilha-controle-de-gastos.png\"\n\t\t\t\t>\n\t\t\t<\/picture>\n\t\t<\/a>\n\t<\/p>\n\n\n<p>Mauro Mendes afirmou que os estudos da primeira <strong>ferrovia<\/strong> estadual mato-grossense mostraram que havia &#8220;apetite&#8221; no mercado para projetos dessa magnitude. A ferrovia ser\u00e1 operada sob o regime de autoriza\u00e7\u00e3o pela Rumo, \u00fanica empresa a apresentar proposta para o projeto.<\/p>\n<p>&#8220;Um investimento de quase R$ 12 bilh\u00f5es n\u00e3o \u00e9 para qualquer um, o investidor precisa de capacidade e expertise. A Rumo \u00e9 o maior player do Brasil neste setor, era esperado que a empresa tivesse interesse, mas n\u00e3o houve outros interessados,&#8221; disse o governador a jornalistas.<\/p>\n<p>Segundo o governador, a ag\u00eancia reguladora vai fiscalizar a ferrovia, com cumprimento &#8220;rigoroso&#8221; do contrato. &#8220;N\u00e3o h\u00e1 espa\u00e7o para inseguran\u00e7a jur\u00eddica [no projeto], o investidor tem essa seguran\u00e7a&#8221;, destacou.<\/p>\n\t<p>\n\t\t<a href=\"https:\/\/lp.suno.com.br\/planilha-da-vida-financeira\/\" target=\"_blank\" data-element=\"shortcode-suno-banner\" title=\"Banner SUNO, clique e saiba mais\">\n\t\t\t<picture>\n\t\t\t\t<source media=\"(max-width: 500px)\" srcset=\"https:\/\/files.sunoresearch.com.br\/n\/uploads\/2023\/04\/400x300-Planilha-vida-financeira-true.png\">\n\t\t\t\t<img class=\"newsContent__article__imgCapa newsContent__article__imgCapa--banner\"\n\t\t\t\t\tsrc=\"https:\/\/files.sunoresearch.com.br\/n\/uploads\/2023\/04\/1420x240-Planilha-vida-financeira-true.png\"\n\t\t\t\t\tdata-promo-id=\"106682\"\t\t\t\t\t\t\t\t\t\twidth='1420' height='240'\t\t\t\t\talt=\"https:\/\/files.sunoresearch.com.br\/n\/uploads\/2023\/04\/1420x240-Planilha-vida-financeira-true.png\"\n\t\t\t\t>\n\t\t\t<\/picture>\n\t\t<\/a>\n\t<\/p>\n\n\n<p>O <a class=\"suno-keyword\" href=\"https:\/\/www.suno.com.br\/artigos\/contrato-de-adesao\/\" target=\"_blank\" rel=\"noopener\" data-force=\"no\" data-priority=\"1\">contrato de ades\u00e3o<\/a> prev\u00ea constru\u00e7\u00e3o, opera\u00e7\u00e3o, explora\u00e7\u00e3o e conserva\u00e7\u00e3o da ferrovia por 45 anos, prorrog\u00e1veis por mais 45. O <strong>investimento do projeto<\/strong> \u00e9 estimado, segundo <a class=\"suno-keyword\" href=\"https:\/\/www.suno.com.br\/artigos\/fato-relevante\/\" target=\"_blank\" rel=\"noopener\" data-force=\"no\" data-priority=\"1\">fato relevante<\/a> da Rumo, entre R$ 9 bilh\u00f5es e 11 bilh\u00f5es, com previs\u00e3o de opera\u00e7\u00e3o do primeiro terminal em 2025 ou 2026, com conclus\u00e3o em 2030.<\/p>\n<p>O projeto conecta, de modo independente, o terminal rodoferrovi\u00e1rio de Rondon\u00f3polis a Cuiab\u00e1 e a Lucas do Rio Verde.<\/p>\n<p>O <strong>presidente da Rumo<\/strong>, Jo\u00e3o Alberto Abreu, explicou que, caso alguma outra empresa queira utilizar a ferrovia, a regra utilizada ser\u00e1 equivalente a que j\u00e1 existe nas concess\u00f5es do setor ferrovi\u00e1rio. &#8220;Existem contratos espec\u00edficos de opera\u00e7\u00e3o para este fim. Caso haja interesse de qualquer empresa em usar a estrutura, vamos discutir o pagamento do direito de passagem&#8221;, disse a jornalistas.<\/p>\n<h2>Cota\u00e7\u00e3o da Rumo hoje<\/h2>\n<p>A a\u00e7\u00e3o da <strong>Rumo<\/strong> fechhou em queda de 1,83%, cotada a R$ 17,21.<\/p>\n<p><em>(Com Estad\u00e3o Conte\u00fado)<\/em><\/p>\n\t<p>\n\t\t<a href=\"\" target=\"_blank\" data-element=\"shortcode-suno-banner\" title=\"Banner SUNO, clique e saiba mais\">\n\t\t\t<picture>\n\t\t\t\t<source media=\"(max-width: 500px)\" srcset=\"\">\n\t\t\t\t<img class=\"newsContent__article__imgCapa newsContent__article__imgCapa--banner\"\n\t\t\t\t\tsrc=\"\"\n\t\t\t\t\tdata-promo-id=\"184190\"\t\t\t\t\t\t\t\t\t\t\t\t\t\t\talt=\"\"\n\t\t\t\t>\n\t\t\t<\/picture>\n\t\t<\/a>\n\t<\/p>\n\n\n","protected":false},"excerpt":{"rendered":"<p>O governador do Mato Grosso, Mauro Mendes (DEM), afirmou nesta segunda-feira (20) que a primeira ferrovia estadual mato-grossense n\u00e3o ter\u00e1 recursos p\u00fablicos. &#8220;Ser\u00e3o mais de R$ 11 bilh\u00f5es, com 100% dos recursos da Rumo (RAIL3)&#8220;, disse durante cerim\u00f4nia de assinatura do contrato, sob regime de autoriza\u00e7\u00e3o. Rumo (RAIL3). Foto: Reprodu\u00e7\u00e3o Facebook Mauro Mendes afirmou que [&hellip;]<\/p>\n","protected":false},"author":35,"featured_media":120922,"comment_status":"closed","ping_status":"closed","sticky":false,"template":"","format":"standard","meta":[],"categories":[64],"tags":[354],"suno_strategy":[],"class_list":["post-185483","post","type-post","status-publish","format-standard","has-post-thumbnail","hentry","category-negocios","tag-rumo-rail3"],"yoast_head":"<!-- This site is optimized with the Yoast SEO plugin v24.4 - https:\/\/yoast.com\/wordpress\/plugins\/seo\/ -->\n<title>Rumo (RAIL3) assina contrato de ferrovia em MT com aportes de R$ 11 bi<\/title>\n<meta name=\"description\" content=\"A primeira ferrovia estadual mato-grossense n\u00e3o ter\u00e1 recursos p\u00fablicos. Ser\u00e1 100% com recursos da Rumo (RAIL3). Clique aqui para saber mais.\" \/>\n<meta name=\"robots\" content=\"index, follow, max-snippet:-1, max-image-preview:large, max-video-preview:-1\" \/>\n<link rel=\"canonical\" href=\"https:\/\/www.suno.com.br\/noticias\/rumo-rail3-ferrovia-mt-investimento-r-11-bi\/\" \/>\n<meta property=\"og:locale\" content=\"pt_BR\" \/>\n<meta property=\"og:type\" content=\"article\" \/>\n<meta property=\"og:title\" content=\"Rumo (RAIL3) assina contrato de ferrovia em MT com aportes de R$ 11 bi\" \/>\n<meta property=\"og:description\" content=\"A primeira ferrovia estadual mato-grossense n\u00e3o ter\u00e1 recursos p\u00fablicos. Ser\u00e1 100% com recursos da Rumo (RAIL3). Clique aqui para saber mais.\" \/>\n<meta property=\"og:url\" content=\"https:\/\/www.suno.com.br\/noticias\/rumo-rail3-ferrovia-mt-investimento-r-11-bi\/\" \/>\n<meta property=\"og:site_name\" content=\"Suno Not\u00edcias\" \/>\n<meta property=\"article:publisher\" content=\"https:\/\/facebook.com\/sunoresearch\" \/>\n<meta property=\"og:image\" content=\"https:\/\/files.sunoresearch.com.br\/n\/uploads\/2021\/02\/44630b86-rumo-all_easy-resize.com_.jpg\" \/>\n\t<meta property=\"og:image:width\" content=\"1280\" \/>\n\t<meta property=\"og:image:height\" content=\"853\" \/>\n\t<meta property=\"og:image:type\" content=\"image\/jpeg\" \/>\n<meta name=\"author\" content=\"Arthur Guimar\u00e3es\" \/>\n<meta name=\"twitter:card\" content=\"summary_large_image\" \/>\n<meta name=\"twitter:creator\" content=\"@sunoresearch\" \/>\n<meta name=\"twitter:site\" content=\"@sunoresearch\" \/>\n<meta name=\"twitter:label1\" content=\"Escrito por\" \/>\n\t<meta name=\"twitter:data1\" content=\"Arthur Guimar\u00e3es\" \/>\n\t<meta name=\"twitter:label2\" content=\"Est. tempo de leitura\" \/>\n\t<meta name=\"twitter:data2\" content=\"2 minutos\" \/>\n<script type=\"application\/ld+json\" class=\"yoast-schema-graph\">{\"@context\":\"https:\/\/schema.org\",\"@graph\":[{\"@type\":\"NewsArticle\",\"@id\":\"https:\/\/www.suno.com.br\/noticias\/rumo-rail3-ferrovia-mt-investimento-r-11-bi\/#article\",\"isPartOf\":{\"@id\":\"https:\/\/www.suno.com.br\/noticias\/rumo-rail3-ferrovia-mt-investimento-r-11-bi\/\"},\"author\":{\"name\":\"Arthur Guimar\u00e3es\",\"@id\":\"https:\/\/www.suno.com.br\/noticias\/#\/schema\/person\/053a750a709a263919a20f976caae91c\"},\"headline\":\"Rumo (RAIL3) assina contrato de ferrovia em MT com aportes de R$ 11 bi\",\"datePublished\":\"2021-09-20T21:49:05+00:00\",\"mainEntityOfPage\":{\"@id\":\"https:\/\/www.suno.com.br\/noticias\/rumo-rail3-ferrovia-mt-investimento-r-11-bi\/\"},\"wordCount\":356,\"publisher\":{\"@id\":\"https:\/\/www.suno.com.br\/noticias\/#organization\"},\"image\":{\"@id\":\"https:\/\/www.suno.com.br\/noticias\/rumo-rail3-ferrovia-mt-investimento-r-11-bi\/#primaryimage\"},\"thumbnailUrl\":\"https:\/\/files.sunoresearch.com.br\/n\/uploads\/2021\/02\/44630b86-rumo-all_easy-resize.com_-jpg.webp\",\"keywords\":[\"Rumo (RAIL3)\"],\"articleSection\":[\"Neg\u00f3cios\"],\"inLanguage\":\"pt-BR\"},{\"@type\":\"WebPage\",\"@id\":\"https:\/\/www.suno.com.br\/noticias\/rumo-rail3-ferrovia-mt-investimento-r-11-bi\/\",\"url\":\"https:\/\/www.suno.com.br\/noticias\/rumo-rail3-ferrovia-mt-investimento-r-11-bi\/\",\"name\":\"Rumo (RAIL3) assina contrato de ferrovia em MT com aportes de R$ 11 bi\",\"isPartOf\":{\"@id\":\"https:\/\/www.suno.com.br\/noticias\/#website\"},\"primaryImageOfPage\":{\"@id\":\"https:\/\/www.suno.com.br\/noticias\/rumo-rail3-ferrovia-mt-investimento-r-11-bi\/#primaryimage\"},\"image\":{\"@id\":\"https:\/\/www.suno.com.br\/noticias\/rumo-rail3-ferrovia-mt-investimento-r-11-bi\/#primaryimage\"},\"thumbnailUrl\":\"https:\/\/files.sunoresearch.com.br\/n\/uploads\/2021\/02\/44630b86-rumo-all_easy-resize.com_-jpg.webp\",\"datePublished\":\"2021-09-20T21:49:05+00:00\",\"description\":\"A primeira ferrovia estadual mato-grossense n\u00e3o ter\u00e1 recursos p\u00fablicos. Ser\u00e1 100% com recursos da Rumo (RAIL3). Clique aqui para saber mais.\",\"breadcrumb\":{\"@id\":\"https:\/\/www.suno.com.br\/noticias\/rumo-rail3-ferrovia-mt-investimento-r-11-bi\/#breadcrumb\"},\"inLanguage\":\"pt-BR\",\"potentialAction\":[{\"@type\":\"ReadAction\",\"target\":[\"https:\/\/www.suno.com.br\/noticias\/rumo-rail3-ferrovia-mt-investimento-r-11-bi\/\"]}]},{\"@type\":\"ImageObject\",\"inLanguage\":\"pt-BR\",\"@id\":\"https:\/\/www.suno.com.br\/noticias\/rumo-rail3-ferrovia-mt-investimento-r-11-bi\/#primaryimage\",\"url\":\"https:\/\/files.sunoresearch.com.br\/n\/uploads\/2021\/02\/44630b86-rumo-all_easy-resize.com_-jpg.webp\",\"contentUrl\":\"https:\/\/files.sunoresearch.com.br\/n\/uploads\/2021\/02\/44630b86-rumo-all_easy-resize.com_-jpg.webp\",\"width\":1280,\"height\":853,\"caption\":\"Rumo (RAIL3). Foto: Reprodu\u00e7\u00e3o Facebook\"},{\"@type\":\"BreadcrumbList\",\"@id\":\"https:\/\/www.suno.com.br\/noticias\/rumo-rail3-ferrovia-mt-investimento-r-11-bi\/#breadcrumb\",\"itemListElement\":[{\"@type\":\"ListItem\",\"position\":1,\"name\":\"Not\u00edcias\",\"item\":\"https:\/\/www.suno.com.br\/noticias\/\"},{\"@type\":\"ListItem\",\"position\":2,\"name\":\"Neg\u00f3cios\",\"item\":\"https:\/\/www.suno.com.br\/noticias\/negocios\/\"},{\"@type\":\"ListItem\",\"position\":3,\"name\":\"Rumo (RAIL3) assina contrato de ferrovia em MT com aportes de R$ 11 bi\"}]},{\"@type\":\"WebSite\",\"@id\":\"https:\/\/www.suno.com.br\/noticias\/#website\",\"url\":\"https:\/\/www.suno.com.br\/noticias\/\",\"name\":\"Suno Not\u00edcias\",\"description\":\"Seu portal de informa\u00e7\u00e3o sobre o mundo dos investimentos\",\"publisher\":{\"@id\":\"https:\/\/www.suno.com.br\/noticias\/#organization\"},\"potentialAction\":[{\"@type\":\"SearchAction\",\"target\":{\"@type\":\"EntryPoint\",\"urlTemplate\":\"https:\/\/www.suno.com.br\/noticias\/?s={search_term_string}\"},\"query-input\":{\"@type\":\"PropertyValueSpecification\",\"valueRequired\":true,\"valueName\":\"search_term_string\"}}],\"inLanguage\":\"pt-BR\"},{\"@type\":\"Organization\",\"@id\":\"https:\/\/www.suno.com.br\/noticias\/#organization\",\"name\":\"Suno Not\u00edcias\",\"url\":\"https:\/\/www.suno.com.br\/noticias\/\",\"logo\":{\"@type\":\"ImageObject\",\"inLanguage\":\"pt-BR\",\"@id\":\"https:\/\/www.suno.com.br\/noticias\/#\/schema\/logo\/image\/\",\"url\":\"https:\/\/files.sunoresearch.com.br\/n\/uploads\/2021\/09\/suno-logo.png\",\"contentUrl\":\"https:\/\/files.sunoresearch.com.br\/n\/uploads\/2021\/09\/suno-logo.png\",\"width\":180,\"height\":180,\"caption\":\"Suno Not\u00edcias\"},\"image\":{\"@id\":\"https:\/\/www.suno.com.br\/noticias\/#\/schema\/logo\/image\/\"},\"sameAs\":[\"https:\/\/facebook.com\/sunoresearch\",\"https:\/\/x.com\/sunoresearch\",\"https:\/\/www.instagram.com\/suno\",\"https:\/\/www.linkedin.com\/company\/suno-research\/\",\"https:\/\/www.youtube.com\/c\/sunoresearch\"]},{\"@type\":\"Person\",\"@id\":\"https:\/\/www.suno.com.br\/noticias\/#\/schema\/person\/053a750a709a263919a20f976caae91c\",\"name\":\"Arthur Guimar\u00e3es\",\"image\":{\"@type\":\"ImageObject\",\"inLanguage\":\"pt-BR\",\"@id\":\"https:\/\/www.suno.com.br\/noticias\/#\/schema\/person\/image\/\",\"url\":\"https:\/\/secure.gravatar.com\/avatar\/1affd86a11209ae09eb6dd3bcad3e96c?s=96&r=g\",\"contentUrl\":\"https:\/\/secure.gravatar.com\/avatar\/1affd86a11209ae09eb6dd3bcad3e96c?s=96&r=g\",\"caption\":\"Arthur Guimar\u00e3es\"},\"description\":\"Arthur Guimar\u00e3es escreve sobre pol\u00edtica, economia e neg\u00f3cios para o portal de not\u00edcias da Suno Research. Atualmente, \u00e9 estudante de jornalismo pela Faculdade C\u00e1sper L\u00edbero.\",\"url\":\"https:\/\/www.suno.com.br\/noticias\/author\/arthur-guimaraes\/\"}]}<\/script>\n<!-- \/ Yoast SEO plugin. -->","yoast_head_json":{"title":"Rumo (RAIL3) assina contrato de ferrovia em MT com aportes de R$ 11 bi","description":"A primeira ferrovia estadual mato-grossense n\u00e3o ter\u00e1 recursos p\u00fablicos. Ser\u00e1 100% com recursos da Rumo (RAIL3). Clique aqui para saber mais.","robots":{"index":"index","follow":"follow","max-snippet":"max-snippet:-1","max-image-preview":"max-image-preview:large","max-video-preview":"max-video-preview:-1"},"canonical":"https:\/\/www.suno.com.br\/noticias\/rumo-rail3-ferrovia-mt-investimento-r-11-bi\/","og_locale":"pt_BR","og_type":"article","og_title":"Rumo (RAIL3) assina contrato de ferrovia em MT com aportes de R$ 11 bi","og_description":"A primeira ferrovia estadual mato-grossense n\u00e3o ter\u00e1 recursos p\u00fablicos. Ser\u00e1 100% com recursos da Rumo (RAIL3). Clique aqui para saber mais.","og_url":"https:\/\/www.suno.com.br\/noticias\/rumo-rail3-ferrovia-mt-investimento-r-11-bi\/","og_site_name":"Suno Not\u00edcias","article_publisher":"https:\/\/facebook.com\/sunoresearch","og_image":[{"width":1280,"height":853,"url":"https:\/\/files.sunoresearch.com.br\/n\/uploads\/2021\/02\/44630b86-rumo-all_easy-resize.com_.jpg","type":"image\/jpeg"}],"author":"Arthur Guimar\u00e3es","twitter_card":"summary_large_image","twitter_creator":"@sunoresearch","twitter_site":"@sunoresearch","twitter_misc":{"Escrito por":"Arthur Guimar\u00e3es","Est. tempo de leitura":"2 minutos"},"schema":{"@context":"https:\/\/schema.org","@graph":[{"@type":"NewsArticle","@id":"https:\/\/www.suno.com.br\/noticias\/rumo-rail3-ferrovia-mt-investimento-r-11-bi\/#article","isPartOf":{"@id":"https:\/\/www.suno.com.br\/noticias\/rumo-rail3-ferrovia-mt-investimento-r-11-bi\/"},"author":{"name":"Arthur Guimar\u00e3es","@id":"https:\/\/www.suno.com.br\/noticias\/#\/schema\/person\/053a750a709a263919a20f976caae91c"},"headline":"Rumo (RAIL3) assina contrato de ferrovia em MT com aportes de R$ 11 bi","datePublished":"2021-09-20T21:49:05+00:00","mainEntityOfPage":{"@id":"https:\/\/www.suno.com.br\/noticias\/rumo-rail3-ferrovia-mt-investimento-r-11-bi\/"},"wordCount":356,"publisher":{"@id":"https:\/\/www.suno.com.br\/noticias\/#organization"},"image":{"@id":"https:\/\/www.suno.com.br\/noticias\/rumo-rail3-ferrovia-mt-investimento-r-11-bi\/#primaryimage"},"thumbnailUrl":"https:\/\/files.sunoresearch.com.br\/n\/uploads\/2021\/02\/44630b86-rumo-all_easy-resize.com_-jpg.webp","keywords":["Rumo (RAIL3)"],"articleSection":["Neg\u00f3cios"],"inLanguage":"pt-BR"},{"@type":"WebPage","@id":"https:\/\/www.suno.com.br\/noticias\/rumo-rail3-ferrovia-mt-investimento-r-11-bi\/","url":"https:\/\/www.suno.com.br\/noticias\/rumo-rail3-ferrovia-mt-investimento-r-11-bi\/","name":"Rumo (RAIL3) assina contrato de ferrovia em MT com aportes de R$ 11 bi","isPartOf":{"@id":"https:\/\/www.suno.com.br\/noticias\/#website"},"primaryImageOfPage":{"@id":"https:\/\/www.suno.com.br\/noticias\/rumo-rail3-ferrovia-mt-investimento-r-11-bi\/#primaryimage"},"image":{"@id":"https:\/\/www.suno.com.br\/noticias\/rumo-rail3-ferrovia-mt-investimento-r-11-bi\/#primaryimage"},"thumbnailUrl":"https:\/\/files.sunoresearch.com.br\/n\/uploads\/2021\/02\/44630b86-rumo-all_easy-resize.com_-jpg.webp","datePublished":"2021-09-20T21:49:05+00:00","description":"A primeira ferrovia estadual mato-grossense n\u00e3o ter\u00e1 recursos p\u00fablicos. Ser\u00e1 100% com recursos da Rumo (RAIL3). Clique aqui para saber mais.","breadcrumb":{"@id":"https:\/\/www.suno.com.br\/noticias\/rumo-rail3-ferrovia-mt-investimento-r-11-bi\/#breadcrumb"},"inLanguage":"pt-BR","potentialAction":[{"@type":"ReadAction","target":["https:\/\/www.suno.com.br\/noticias\/rumo-rail3-ferrovia-mt-investimento-r-11-bi\/"]}]},{"@type":"ImageObject","inLanguage":"pt-BR","@id":"https:\/\/www.suno.com.br\/noticias\/rumo-rail3-ferrovia-mt-investimento-r-11-bi\/#primaryimage","url":"https:\/\/files.sunoresearch.com.br\/n\/uploads\/2021\/02\/44630b86-rumo-all_easy-resize.com_-jpg.webp","contentUrl":"https:\/\/files.sunoresearch.com.br\/n\/uploads\/2021\/02\/44630b86-rumo-all_easy-resize.com_-jpg.webp","width":1280,"height":853,"caption":"Rumo (RAIL3). Foto: Reprodu\u00e7\u00e3o Facebook"},{"@type":"BreadcrumbList","@id":"https:\/\/www.suno.com.br\/noticias\/rumo-rail3-ferrovia-mt-investimento-r-11-bi\/#breadcrumb","itemListElement":[{"@type":"ListItem","position":1,"name":"Not\u00edcias","item":"https:\/\/www.suno.com.br\/noticias\/"},{"@type":"ListItem","position":2,"name":"Neg\u00f3cios","item":"https:\/\/www.suno.com.br\/noticias\/negocios\/"},{"@type":"ListItem","position":3,"name":"Rumo (RAIL3) assina contrato de ferrovia em MT com aportes de R$ 11 bi"}]},{"@type":"WebSite","@id":"https:\/\/www.suno.com.br\/noticias\/#website","url":"https:\/\/www.suno.com.br\/noticias\/","name":"Suno Not\u00edcias","description":"Seu portal de informa\u00e7\u00e3o sobre o mundo dos investimentos","publisher":{"@id":"https:\/\/www.suno.com.br\/noticias\/#organization"},"potentialAction":[{"@type":"SearchAction","target":{"@type":"EntryPoint","urlTemplate":"https:\/\/www.suno.com.br\/noticias\/?s={search_term_string}"},"query-input":{"@type":"PropertyValueSpecification","valueRequired":true,"valueName":"search_term_string"}}],"inLanguage":"pt-BR"},{"@type":"Organization","@id":"https:\/\/www.suno.com.br\/noticias\/#organization","name":"Suno Not\u00edcias","url":"https:\/\/www.suno.com.br\/noticias\/","logo":{"@type":"ImageObject","inLanguage":"pt-BR","@id":"https:\/\/www.suno.com.br\/noticias\/#\/schema\/logo\/image\/","url":"https:\/\/files.sunoresearch.com.br\/n\/uploads\/2021\/09\/suno-logo.png","contentUrl":"https:\/\/files.sunoresearch.com.br\/n\/uploads\/2021\/09\/suno-logo.png","width":180,"height":180,"caption":"Suno Not\u00edcias"},"image":{"@id":"https:\/\/www.suno.com.br\/noticias\/#\/schema\/logo\/image\/"},"sameAs":["https:\/\/facebook.com\/sunoresearch","https:\/\/x.com\/sunoresearch","https:\/\/www.instagram.com\/suno","https:\/\/www.linkedin.com\/company\/suno-research\/","https:\/\/www.youtube.com\/c\/sunoresearch"]},{"@type":"Person","@id":"https:\/\/www.suno.com.br\/noticias\/#\/schema\/person\/053a750a709a263919a20f976caae91c","name":"Arthur Guimar\u00e3es","image":{"@type":"ImageObject","inLanguage":"pt-BR","@id":"https:\/\/www.suno.com.br\/noticias\/#\/schema\/person\/image\/","url":"https:\/\/secure.gravatar.com\/avatar\/1affd86a11209ae09eb6dd3bcad3e96c?s=96&r=g","contentUrl":"https:\/\/secure.gravatar.com\/avatar\/1affd86a11209ae09eb6dd3bcad3e96c?s=96&r=g","caption":"Arthur Guimar\u00e3es"},"description":"Arthur Guimar\u00e3es escreve sobre pol\u00edtica, economia e neg\u00f3cios para o portal de not\u00edcias da Suno Research. Atualmente, \u00e9 estudante de jornalismo pela Faculdade C\u00e1sper L\u00edbero.","url":"https:\/\/www.suno.com.br\/noticias\/author\/arthur-guimaraes\/"}]}},"default_loop_html":"<div class=\"cardsPage__listCard__boxs\"><div class=\"cardsPage__listCard__boxs__img\"><a href=\"https:\/\/www.suno.com.br\/noticias\/rumo-rail3-ferrovia-mt-investimento-r-11-bi\/\"><img class=\"mask\" src=\"https:\/\/www.suno.com.br\/noticias\/wp-content\/themes\/suno\/resources\/images\/spotlight\/spotlight1img\/bg-mask.png\" alt=\"Image Mask\"\/><img src=\"https:\/\/files.sunoresearch.com.br\/n\/uploads\/2021\/02\/44630b86-rumo-all_easy-resize.com_-400x200.webp\" alt=\"Rumo (RAIL3) assina contrato de ferrovia em MT com aportes de R$ 11 bi\"\/><\/a><span class=\"spotlightCategory\"><a href=\"https:\/\/www.suno.com.br\/noticias\/negocios\/\">Neg\u00f3cios<\/a><\/span><\/div><div class=\"cardsPage__listCard__boxs__content\"><a href=\"https:\/\/www.suno.com.br\/noticias\/rumo-rail3-ferrovia-mt-investimento-r-11-bi\/\"><h2 class=\"content__title\">Rumo (RAIL3) assina contrato de ferrovia em MT com aportes de R$ 11 bi<\/h2><\/a><div class=\"newsContent__article__meta\"><div class=\"newsContent__article__meta__authorBox\"><a href=\"https:\/\/www.suno.com.br\/noticias\/author\/arthur-guimaraes\/\" class=\"authorBox__avatar noMobi\"><img src=\"https:\/\/files.sunoresearch.com.br\/n\/uploads\/2020\/02\/dfb40897-eu-150x150.webp\" alt=\"Arthur Guimar\u00e3es\"><\/a><div class=\"authorBox__name\"><span>por\n\t\t\t<a href=\"https:\/\/www.suno.com.br\/noticias\/author\/arthur-guimaraes\/\"><span itemprop=\"author\">Arthur Guimar\u00e3es<\/span><\/a><\/span><time datetime=\"2021-09-20T18:49:05-03:00\" itemprop=\"datePublished\">20\/09\/2021 18:49<\/time><\/div><\/div><\/div><\/div><\/div>","single_layout":"posts","amp_enabled":true,"_links":{"self":[{"href":"https:\/\/www.suno.com.br\/noticias\/wp-json\/wp\/v2\/posts\/185483"}],"collection":[{"href":"https:\/\/www.suno.com.br\/noticias\/wp-json\/wp\/v2\/posts"}],"about":[{"href":"https:\/\/www.suno.com.br\/noticias\/wp-json\/wp\/v2\/types\/post"}],"author":[{"embeddable":true,"href":"https:\/\/www.suno.com.br\/noticias\/wp-json\/wp\/v2\/users\/35"}],"replies":[{"embeddable":true,"href":"https:\/\/www.suno.com.br\/noticias\/wp-json\/wp\/v2\/comments?post=185483"}],"version-history":[{"count":5,"href":"https:\/\/www.suno.com.br\/noticias\/wp-json\/wp\/v2\/posts\/185483\/revisions"}],"predecessor-version":[{"id":185822,"href":"https:\/\/www.suno.com.br\/noticias\/wp-json\/wp\/v2\/posts\/185483\/revisions\/185822"}],"wp:featuredmedia":[{"embeddable":true,"href":"https:\/\/www.suno.com.br\/noticias\/wp-json\/wp\/v2\/media\/120922"}],"wp:attachment":[{"href":"https:\/\/www.suno.com.br\/noticias\/wp-json\/wp\/v2\/media?parent=185483"}],"wp:term":[{"taxonomy":"category","embeddable":true,"href":"https:\/\/www.suno.com.br\/noticias\/wp-json\/wp\/v2\/categories?post=185483"},{"taxonomy":"post_tag","embeddable":true,"href":"https:\/\/www.suno.com.br\/noticias\/wp-json\/wp\/v2\/tags?post=185483"},{"taxonomy":"suno_strategy","embeddable":true,"href":"https:\/\/www.suno.com.br\/noticias\/wp-json\/wp\/v2\/suno_strategy?post=185483"}],"curies":[{"name":"wp","href":"https:\/\/api.w.org\/{rel}","templated":true}]}}