{"id":185414,"date":"2021-09-18T17:35:52","date_gmt":"2021-09-18T20:35:52","guid":{"rendered":"https:\/\/www.suno.com.br\/noticias\/?p=185414"},"modified":"2021-09-18T17:35:52","modified_gmt":"2021-09-18T20:35:52","slug":"positivo-posi3-aes-brasil-aesb3-espa3-agenda-dividendos-189","status":"publish","type":"post","link":"https:\/\/www.suno.com.br\/noticias\/positivo-posi3-aes-brasil-aesb3-espa3-agenda-dividendos-189\/","title":{"rendered":"Positivo (POSI3); AES Brasil (AESB3): Veja as datas de corte e quem vai pagar dividendos na semana"},"content":{"rendered":"<p>A semana ser\u00e1 mais leve para os investidores que acompanham o recebimento de <strong>dividendos<\/strong> para crescer seu patrim\u00f4nio. Ser\u00e3o apenas tr\u00eas empresas que <strong>distribuir\u00e3o proventos<\/strong> a seus acionistas.<\/p>\t<div class=\"wrapper-featured-image\">\n\t\t<figure class=\"spotlightImg\">\n\n\t\t\t<picture>\n\t\t\t\t<source media=\"(max-width: 768px)\" srcset=\"https:\/\/files.sunoresearch.com.br\/n\/uploads\/2021\/02\/caf1cd3a-vale-400x200.webp\">\n\t\t\t\t<img loading=\"lazy\" decoding=\"async\" class=\"newsContent__article__imgCapa lazyloadDisabled \" src=\"https:\/\/files.sunoresearch.com.br\/n\/uploads\/2021\/02\/caf1cd3a-vale-800x450.webp\" width=\"800\" height=\"450\" alt=\"Positivo (POSI3); AES Brasil (AESB3): Veja as datas de corte e quem vai pagar dividendos na semana\" fetchpriority=high \/>\n\t\t\t<\/picture>\n\n\t\t\t<figcaption class=\"wp-caption-text wp-caption-text--show\">Vale (VALE3) - Foto: Divulga\u00e7\u00e3o<\/figcaption>\n\t\t<\/figure>\n\t<\/div>\n\n\n\t<p>\n\t\t<a href=\"https:\/\/lp.suno.com.br\/planilha-controle-gastos\/\" target=\"_blank\" data-element=\"shortcode-suno-banner\" title=\"Banner SUNO, clique e saiba mais\">\n\t\t\t<picture>\n\t\t\t\t<source media=\"(max-width: 500px)\" srcset=\"https:\/\/files.sunoresearch.com.br\/n\/uploads\/2023\/03\/400x300-Planilha-controle-de-gastos.png\">\n\t\t\t\t<img class=\"newsContent__article__imgCapa newsContent__article__imgCapa--banner\"\n\t\t\t\t\tsrc=\"https:\/\/files.sunoresearch.com.br\/n\/uploads\/2023\/03\/1420x240-Planilha-controle-de-gastos.png\"\n\t\t\t\t\tdata-promo-id=\"101751\"\t\t\t\t\t\t\t\t\t\twidth='1420' height='240'\t\t\t\t\talt=\"https:\/\/files.sunoresearch.com.br\/n\/uploads\/2023\/03\/1420x240-Planilha-controle-de-gastos.png\"\n\t\t\t\t>\n\t\t\t<\/picture>\n\t\t<\/a>\n\t<\/p>\n\n\n<p>O principal destaque na <strong>agenda de dividendos da semana<\/strong> ser\u00e1 a chegada da <a class=\"suno-keyword\" href=\"https:\/\/www.suno.com.br\/artigos\/dividendos-datas-importantes\/\" target=\"_blank\" rel=\"noopener\" data-force=\"no\" data-priority=\"2\">data de corte<\/a> para receber a pomposa <a href=\"https:\/\/www.suno.com.br\/noticias\/vale-vale3-dividendos-recomendacao-ubs\/\">distribui\u00e7\u00e3o de R$ 40 bilh\u00f5es da Vale<\/a>. Veja mais detalhes no fim do texto.<\/p>\n<p>Vale lembrar que os investidores que t\u00eam direito aos proventos e\u00a0<strong><a class=\"suno-keyword\" href=\"https:\/\/www.suno.com.br\/artigos\/entenda-o-jcp\/\" target=\"_blank\" rel=\"noopener noreferrer\" data-force=\"no\" data-priority=\"1\">juros sobre capital pr\u00f3prio (JCP)<\/a><\/strong>\u00a0n\u00e3o precisam fazer nenhuma a\u00e7\u00e3o. O valor dos\u00a0<strong>proventos<\/strong>\u00a0ser\u00e1 depositado automaticamente na conta da corretora.<\/p>\n<p>Veja mais abaixo os detalhes de cada pagamento e as datas de corte:<\/p>\n<h2>Agenda de dividendos da semana<\/h2>\n<ul>\n<li>Segunda-feira (20\/9): <a class=\"suno-keyword\" href=\"https:\/\/www.suno.com.br\/acoes\/POSI3\/\" target=\"_blank\" rel=\"noopener\" data-force=\"yes\" data-priority=\"2\">Positivo (POSI3)<\/a><\/li>\n<li>Quarta-feira (22\/9): <a class=\"suno-keyword\" href=\"https:\/\/www.suno.com.br\/acoes\/aesb3\/\" target=\"_blank\" rel=\"noopener\" data-force=\"yes\" data-priority=\"1\">AES Brasil (AESB3)<\/a>, <a class=\"suno-keyword\" href=\"https:\/\/www.suno.com.br\/acoes\/espa3\" target=\"_blank\" rel=\"noopener\" data-force=\"yes\" data-priority=\"1\">Espa\u00e7olaser (ESPA3)<\/a><\/li>\n<\/ul>\n\t<p>\n\t\t<a href=\"\" target=\"_blank\" data-element=\"shortcode-suno-banner\" title=\"Banner SUNO, clique e saiba mais\">\n\t\t\t<picture>\n\t\t\t\t<source media=\"(max-width: 500px)\" srcset=\"\">\n\t\t\t\t<img class=\"newsContent__article__imgCapa newsContent__article__imgCapa--banner\"\n\t\t\t\t\tsrc=\"\"\n\t\t\t\t\tdata-promo-id=\"89005\"\t\t\t\t\t\t\t\t\t\t\t\t\t\t\talt=\"\"\n\t\t\t\t>\n\t\t\t<\/picture>\n\t\t<\/a>\n\t<\/p>\n\n\n<h2>Proventos da semana<\/h2>\n<h3>Segunda-feira, 20\/9<\/h3>\n<p><strong>Positivo (POSI3)<\/strong><\/p>\n<ul>\n<li><strong>Tipo:\u00a0<\/strong>Dividendos<\/li>\n<li><strong>Valor:\u00a0<\/strong>R$ 0,08521505<\/li>\n<li><strong>Data de corte<\/strong>: 30 de abril de 2021<\/li>\n<li><strong>Data de pagamento<\/strong>: 20 de setembro de 2021<\/li>\n<li><strong>Rendimento (yield)<\/strong>: 0,76%<\/li>\n<\/ul>\n<h3>Quarta-feira, 22\/9<\/h3>\n<p><strong>AES Brasil (AESB3)<\/strong><\/p>\n<ul>\n<li><strong>Tipo:\u00a0<\/strong>Dividendos<\/li>\n<li><strong>Valor:\u00a0<\/strong>R$ 0,06052081<\/li>\n<li><strong>Data de corte<\/strong>: 09 de agosto de 2021<\/li>\n<li><strong>Data de pagamento<\/strong>: 22 de setembro de 2021<\/li>\n<li><strong>Rendimento (yield)<\/strong>: 0,44%<\/li>\n<\/ul>\n<p><strong>Espa\u00e7olaser (ESPA3)<\/strong><\/p>\n<ul>\n<li><strong>Tipo:\u00a0<\/strong>Dividendos e juros sobre capital pr\u00f3prio<\/li>\n<li><strong>Valor:\u00a0<\/strong>R$ 0,04708569 (dividendos) e R$ 0,03480247 (JCP)<\/li>\n<li><strong>Data de corte<\/strong>: 6 de setembro de 2021<\/li>\n<li><strong>Data de pagamento<\/strong>: 22 de setembro de 2021<\/li>\n<li><strong>Rendimento (yield)<\/strong>: 0,25% (dividendos) e 0,19% (JCP)<\/li>\n<\/ul>\n\t<p>\n\t\t<a href=\"\" target=\"_blank\" data-element=\"shortcode-suno-banner\" title=\"Banner SUNO, clique e saiba mais\">\n\t\t\t<picture>\n\t\t\t\t<source media=\"(max-width: 500px)\" srcset=\"\">\n\t\t\t\t<img class=\"newsContent__article__imgCapa newsContent__article__imgCapa--banner\"\n\t\t\t\t\tsrc=\"\"\n\t\t\t\t\tdata-promo-id=\"77053\"\t\t\t\t\t\t\t\t\t\t\t\t\t\t\talt=\"\"\n\t\t\t\t>\n\t\t\t<\/picture>\n\t\t<\/a>\n\t<\/p>\n\n\n<h2>Data de corte para dividendos da Vale (VALE3)<\/h2>\n<p>Os investidores que querem <strong>receber os dividendos da Vale<\/strong> dever\u00e3o fechar o preg\u00e3o da pr\u00f3xima quarta-feira (22) com o ativo em carteira. Para cada a\u00e7\u00e3o, a mineradora ir\u00e1 entregar R$ 8,1083, um rendimento (<a href=\"https:\/\/www.suno.com.br\/artigos\/dividend-yield-como-calcular\/\">dividend yield<\/a>) de mais de 9% na data do an\u00fancio. O valor final do rendimento ser\u00e1 conhecido na data de corte.<\/p>\n<p>Al\u00e9m da Vale, outras seis empresas tamb\u00e9m ter\u00e3o sua <strong>data com<\/strong> nesta semana. Fique atento ao calend\u00e1rio:<\/p>\n<ul>\n<li>Segunda-feira (20\/9): <a class=\"suno-keyword\" href=\"https:\/\/www.suno.com.br\/acoes\/moar3\/\" target=\"_blank\" rel=\"noopener\" data-force=\"yes\" data-priority=\"2\"><strong>Monteiro Aranha<\/strong> (MOAR3)<\/a> \u2014 Dividendos de R$ 3,50985424 e JCP de R$ 0,57137162 com pagamento em 1\u00ba de outubro, <a class=\"suno-keyword\" href=\"https:\/\/www.suno.com.br\/acoes\/PARD3\/\" target=\"_blank\" rel=\"noopener\" data-force=\"yes\" data-priority=\"2\">Hermes Pardini (PARD3)<\/a> \u2014 JCP de R$ 0,07285750 com pagamento em 30 de setembro; <a class=\"suno-keyword\" href=\"https:\/\/www.suno.com.br\/acoes\/ROMI3\/\" target=\"_blank\" rel=\"noopener\" data-force=\"yes\" data-priority=\"2\"><strong>Ind\u00fastrias Romi<\/strong> (ROMI3)<\/a> \u2014 Dividendos de R$ 0,23 com pagamento em 28 de outubro<\/li>\n<li>Ter\u00e7a-feira (21\/9): <a class=\"suno-keyword\" href=\"https:\/\/www.suno.com.br\/acoes\/LREN3\/\" target=\"_blank\" rel=\"noopener\" data-force=\"yes\" data-priority=\"2\"><strong>Lojas Renner<\/strong> (LREN3)<\/a> \u2014 JCP de R$ 0,1278 com pagamento sem data definida<\/li>\n<li>Quarta-feira (22\/9): <a href=\"http:\/\/www.suno.com.br\/acoes\/mtsa4\/\"><strong>Metisa<\/strong> (MTSA4)<\/a> \u2014 JCP de R$ 0,385 com pagamento em 30 de setembro; <a class=\"suno-keyword\" href=\"https:\/\/www.suno.com.br\/acoes\/ODPV3\/\" target=\"_blank\" rel=\"noopener\" data-force=\"yes\" data-priority=\"2\"><strong>Odontoprev<\/strong> (ODPV3)<\/a> \u2014 JCP de R$ 0,02589886 com pagamento em 6 de outubro; <a class=\"suno-keyword\" href=\"https:\/\/www.suno.com.br\/acoes\/VALE3\/\" target=\"_blank\" rel=\"noopener\" data-force=\"yes\" data-priority=\"2\"><strong>Vale<\/strong> (VALE3)<\/a> \u2014 Dividendos de R$ 8,10831648 com pagamento em 30 de setembro<\/li>\n<\/ul>\n<p>Lembrando que essa mat\u00e9ria de agenda de\u00a0<strong>dividendos<\/strong>\u00a0n\u00e3o \u00e9 uma recomenda\u00e7\u00e3o de compra ou venda de ativos.<\/p>\n\t<p>\n\t\t<a href=\"https:\/\/lp.suno.com.br\/planilha-de-controle-de-investimentos\/\" target=\"_blank\" data-element=\"shortcode-suno-banner\" title=\"Banner SUNO, clique e saiba mais\">\n\t\t\t<picture>\n\t\t\t\t<source media=\"(max-width: 500px)\" srcset=\"https:\/\/files.sunoresearch.com.br\/n\/uploads\/2023\/03\/400x300-Controle-de-Investimentos.png\">\n\t\t\t\t<img class=\"newsContent__article__imgCapa newsContent__article__imgCapa--banner\"\n\t\t\t\t\tsrc=\"https:\/\/files.sunoresearch.com.br\/n\/uploads\/2023\/03\/1420x240-Controle-de-Investimentos.png\"\n\t\t\t\t\tdata-promo-id=\"75934\"\t\t\t\t\t\t\t\t\t\twidth='1420' height='240'\t\t\t\t\talt=\"https:\/\/files.sunoresearch.com.br\/n\/uploads\/2023\/03\/1420x240-Controle-de-Investimentos.png\"\n\t\t\t\t>\n\t\t\t<\/picture>\n\t\t<\/a>\n\t<\/p>\n\n\n","protected":false},"excerpt":{"rendered":"<p>Saiba quais s\u00e3o as empresas que pagar\u00e3o dividendos na semana e qual a data de corte para receber proventos<\/p>\n","protected":false},"author":43,"featured_media":126947,"comment_status":"closed","ping_status":"closed","sticky":false,"template":"","format":"standard","meta":[],"categories":[64],"tags":[106075,295,104994,106372,509,1957,542,582,2034,104804,676],"suno_strategy":[],"class_list":["post-185414","post","type-post","status-publish","format-standard","has-post-thumbnail","hentry","category-negocios","tag-aes-brasil-aesb3","tag-dividendos","tag-espacolaser-espa3","tag-grupo-monteiro-aranha-moar3","tag-industrias-romi-romi3","tag-juros-sobre-capital-proprio-jcp","tag-lojas-renner-lren3","tag-odontoprev-odpv3","tag-positivo-tecnologia-posi3","tag-proventos","tag-vale-vale3"],"yoast_head":"<!-- This site is optimized with the Yoast SEO plugin v24.4 - https:\/\/yoast.com\/wordpress\/plugins\/seo\/ -->\n<title>Veja as datas de corte e quem vai pagar dividendos na semana<\/title>\n<meta name=\"description\" content=\"Em semana com pagamento de Positivo (POSI3) e AES Brasil (AESB3), o destaque \u00e9 a data de corte para dividendos da Vale (VALE3). Veja mais!\" \/>\n<meta name=\"robots\" content=\"index, follow, max-snippet:-1, max-image-preview:large, max-video-preview:-1\" \/>\n<link rel=\"canonical\" href=\"https:\/\/www.suno.com.br\/noticias\/positivo-posi3-aes-brasil-aesb3-espa3-agenda-dividendos-189\/\" \/>\n<meta property=\"og:locale\" content=\"pt_BR\" \/>\n<meta property=\"og:type\" content=\"article\" \/>\n<meta property=\"og:title\" content=\"Veja as datas de corte e quem vai pagar dividendos na semana\" \/>\n<meta property=\"og:description\" content=\"Em semana com pagamento de Positivo (POSI3) e AES Brasil (AESB3), o destaque \u00e9 a data de corte para dividendos da Vale (VALE3). Veja mais!\" \/>\n<meta property=\"og:url\" content=\"https:\/\/www.suno.com.br\/noticias\/positivo-posi3-aes-brasil-aesb3-espa3-agenda-dividendos-189\/\" \/>\n<meta property=\"og:site_name\" content=\"Suno Not\u00edcias\" \/>\n<meta property=\"article:publisher\" content=\"https:\/\/facebook.com\/sunoresearch\" \/>\n<meta property=\"article:author\" content=\"https:\/\/www.facebook.com\/sunonoticias\/\" \/>\n<meta property=\"og:image\" content=\"https:\/\/files.sunoresearch.com.br\/n\/uploads\/2021\/02\/caf1cd3a-vale.jpg\" \/>\n\t<meta property=\"og:image:width\" content=\"1920\" \/>\n\t<meta property=\"og:image:height\" content=\"1280\" \/>\n\t<meta property=\"og:image:type\" content=\"image\/jpeg\" \/>\n<meta name=\"author\" content=\"Reda\u00e7\u00e3o Suno Not\u00edcias\" \/>\n<meta name=\"twitter:card\" content=\"summary_large_image\" \/>\n<meta name=\"twitter:creator\" content=\"@https:\/\/twitter.com\/sunoresearch\" \/>\n<meta name=\"twitter:site\" content=\"@sunoresearch\" \/>\n<meta name=\"twitter:label1\" content=\"Escrito por\" \/>\n\t<meta name=\"twitter:data1\" content=\"Reda\u00e7\u00e3o Suno Not\u00edcias\" \/>\n\t<meta name=\"twitter:label2\" content=\"Est. tempo de leitura\" \/>\n\t<meta name=\"twitter:data2\" content=\"2 minutos\" \/>\n<script type=\"application\/ld+json\" class=\"yoast-schema-graph\">{\"@context\":\"https:\/\/schema.org\",\"@graph\":[{\"@type\":\"NewsArticle\",\"@id\":\"https:\/\/www.suno.com.br\/noticias\/positivo-posi3-aes-brasil-aesb3-espa3-agenda-dividendos-189\/#article\",\"isPartOf\":{\"@id\":\"https:\/\/www.suno.com.br\/noticias\/positivo-posi3-aes-brasil-aesb3-espa3-agenda-dividendos-189\/\"},\"author\":{\"name\":\"Reda\u00e7\u00e3o Suno Not\u00edcias\",\"@id\":\"https:\/\/www.suno.com.br\/noticias\/#\/schema\/person\/c1b1bd3727fa852bd045e9dbff3673ea\"},\"headline\":\"Positivo (POSI3); AES Brasil (AESB3): Veja as datas de corte e quem vai pagar dividendos na semana\",\"datePublished\":\"2021-09-18T20:35:52+00:00\",\"mainEntityOfPage\":{\"@id\":\"https:\/\/www.suno.com.br\/noticias\/positivo-posi3-aes-brasil-aesb3-espa3-agenda-dividendos-189\/\"},\"wordCount\":428,\"publisher\":{\"@id\":\"https:\/\/www.suno.com.br\/noticias\/#organization\"},\"image\":{\"@id\":\"https:\/\/www.suno.com.br\/noticias\/positivo-posi3-aes-brasil-aesb3-espa3-agenda-dividendos-189\/#primaryimage\"},\"thumbnailUrl\":\"https:\/\/files.sunoresearch.com.br\/n\/uploads\/2021\/02\/caf1cd3a-vale-jpg.webp\",\"keywords\":[\"AES Brasil (AESB3)\",\"dividendos\",\"Espa\u00e7olaser (ESPA3)\",\"Grupo Monteiro Aranha (MOAR3)\",\"Ind\u00fastrias Romi (ROMI3)\",\"juros sobre capital pr\u00f3prio (JCP)\",\"Lojas Renner (LREN3)\",\"Odontoprev (ODPV3)\",\"Positivo Tecnologia (POSI3)\",\"proventos\",\"Vale (VALE3)\"],\"articleSection\":[\"Neg\u00f3cios\"],\"inLanguage\":\"pt-BR\"},{\"@type\":\"WebPage\",\"@id\":\"https:\/\/www.suno.com.br\/noticias\/positivo-posi3-aes-brasil-aesb3-espa3-agenda-dividendos-189\/\",\"url\":\"https:\/\/www.suno.com.br\/noticias\/positivo-posi3-aes-brasil-aesb3-espa3-agenda-dividendos-189\/\",\"name\":\"Veja as datas de corte e quem vai pagar dividendos na semana\",\"isPartOf\":{\"@id\":\"https:\/\/www.suno.com.br\/noticias\/#website\"},\"primaryImageOfPage\":{\"@id\":\"https:\/\/www.suno.com.br\/noticias\/positivo-posi3-aes-brasil-aesb3-espa3-agenda-dividendos-189\/#primaryimage\"},\"image\":{\"@id\":\"https:\/\/www.suno.com.br\/noticias\/positivo-posi3-aes-brasil-aesb3-espa3-agenda-dividendos-189\/#primaryimage\"},\"thumbnailUrl\":\"https:\/\/files.sunoresearch.com.br\/n\/uploads\/2021\/02\/caf1cd3a-vale-jpg.webp\",\"datePublished\":\"2021-09-18T20:35:52+00:00\",\"description\":\"Em semana com pagamento de Positivo (POSI3) e AES Brasil (AESB3), o destaque \u00e9 a data de corte para dividendos da Vale (VALE3). Veja mais!\",\"breadcrumb\":{\"@id\":\"https:\/\/www.suno.com.br\/noticias\/positivo-posi3-aes-brasil-aesb3-espa3-agenda-dividendos-189\/#breadcrumb\"},\"inLanguage\":\"pt-BR\",\"potentialAction\":[{\"@type\":\"ReadAction\",\"target\":[\"https:\/\/www.suno.com.br\/noticias\/positivo-posi3-aes-brasil-aesb3-espa3-agenda-dividendos-189\/\"]}]},{\"@type\":\"ImageObject\",\"inLanguage\":\"pt-BR\",\"@id\":\"https:\/\/www.suno.com.br\/noticias\/positivo-posi3-aes-brasil-aesb3-espa3-agenda-dividendos-189\/#primaryimage\",\"url\":\"https:\/\/files.sunoresearch.com.br\/n\/uploads\/2021\/02\/caf1cd3a-vale-jpg.webp\",\"contentUrl\":\"https:\/\/files.sunoresearch.com.br\/n\/uploads\/2021\/02\/caf1cd3a-vale-jpg.webp\",\"width\":1920,\"height\":1280,\"caption\":\"Vale (VALE3) - Foto: Divulga\u00e7\u00e3o\"},{\"@type\":\"BreadcrumbList\",\"@id\":\"https:\/\/www.suno.com.br\/noticias\/positivo-posi3-aes-brasil-aesb3-espa3-agenda-dividendos-189\/#breadcrumb\",\"itemListElement\":[{\"@type\":\"ListItem\",\"position\":1,\"name\":\"Not\u00edcias\",\"item\":\"https:\/\/www.suno.com.br\/noticias\/\"},{\"@type\":\"ListItem\",\"position\":2,\"name\":\"Neg\u00f3cios\",\"item\":\"https:\/\/www.suno.com.br\/noticias\/negocios\/\"},{\"@type\":\"ListItem\",\"position\":3,\"name\":\"Positivo (POSI3); AES Brasil (AESB3): Veja as datas de corte e quem vai pagar dividendos na semana\"}]},{\"@type\":\"WebSite\",\"@id\":\"https:\/\/www.suno.com.br\/noticias\/#website\",\"url\":\"https:\/\/www.suno.com.br\/noticias\/\",\"name\":\"Suno Not\u00edcias\",\"description\":\"Seu portal de informa\u00e7\u00e3o sobre o mundo dos investimentos\",\"publisher\":{\"@id\":\"https:\/\/www.suno.com.br\/noticias\/#organization\"},\"potentialAction\":[{\"@type\":\"SearchAction\",\"target\":{\"@type\":\"EntryPoint\",\"urlTemplate\":\"https:\/\/www.suno.com.br\/noticias\/?s={search_term_string}\"},\"query-input\":{\"@type\":\"PropertyValueSpecification\",\"valueRequired\":true,\"valueName\":\"search_term_string\"}}],\"inLanguage\":\"pt-BR\"},{\"@type\":\"Organization\",\"@id\":\"https:\/\/www.suno.com.br\/noticias\/#organization\",\"name\":\"Suno Not\u00edcias\",\"url\":\"https:\/\/www.suno.com.br\/noticias\/\",\"logo\":{\"@type\":\"ImageObject\",\"inLanguage\":\"pt-BR\",\"@id\":\"https:\/\/www.suno.com.br\/noticias\/#\/schema\/logo\/image\/\",\"url\":\"https:\/\/files.sunoresearch.com.br\/n\/uploads\/2021\/09\/suno-logo.png\",\"contentUrl\":\"https:\/\/files.sunoresearch.com.br\/n\/uploads\/2021\/09\/suno-logo.png\",\"width\":180,\"height\":180,\"caption\":\"Suno Not\u00edcias\"},\"image\":{\"@id\":\"https:\/\/www.suno.com.br\/noticias\/#\/schema\/logo\/image\/\"},\"sameAs\":[\"https:\/\/facebook.com\/sunoresearch\",\"https:\/\/x.com\/sunoresearch\",\"https:\/\/www.instagram.com\/suno\",\"https:\/\/www.linkedin.com\/company\/suno-research\/\",\"https:\/\/www.youtube.com\/c\/sunoresearch\"]},{\"@type\":\"Person\",\"@id\":\"https:\/\/www.suno.com.br\/noticias\/#\/schema\/person\/c1b1bd3727fa852bd045e9dbff3673ea\",\"name\":\"Reda\u00e7\u00e3o Suno Not\u00edcias\",\"image\":{\"@type\":\"ImageObject\",\"inLanguage\":\"pt-BR\",\"@id\":\"https:\/\/www.suno.com.br\/noticias\/#\/schema\/person\/image\/\",\"url\":\"https:\/\/secure.gravatar.com\/avatar\/b8104b9b5a71985d5238ee59fbe418af?s=96&r=g\",\"contentUrl\":\"https:\/\/secure.gravatar.com\/avatar\/b8104b9b5a71985d5238ee59fbe418af?s=96&r=g\",\"caption\":\"Reda\u00e7\u00e3o Suno Not\u00edcias\"},\"description\":\"O Suno Not\u00edcias \u00e9 um portal de informa\u00e7\u00f5es sobre Mercado Financeiro, Pol\u00edtica, Neg\u00f3cios, Economia e Finan\u00e7as Pessoais.\",\"sameAs\":[\"https:\/\/www.suno.com.br\/noticias\",\"https:\/\/www.facebook.com\/sunonoticias\/\",\"https:\/\/www.instagram.com\/sunonoticias\/\",\"https:\/\/x.com\/https:\/\/twitter.com\/sunoresearch\",\"https:\/\/www.youtube.com\/sunonoticias\"],\"url\":\"https:\/\/www.suno.com.br\/noticias\/author\/redacao-suno\/\"}]}<\/script>\n<!-- \/ Yoast SEO plugin. -->","yoast_head_json":{"title":"Veja as datas de corte e quem vai pagar dividendos na semana","description":"Em semana com pagamento de Positivo (POSI3) e AES Brasil (AESB3), o destaque \u00e9 a data de corte para dividendos da Vale (VALE3). Veja mais!","robots":{"index":"index","follow":"follow","max-snippet":"max-snippet:-1","max-image-preview":"max-image-preview:large","max-video-preview":"max-video-preview:-1"},"canonical":"https:\/\/www.suno.com.br\/noticias\/positivo-posi3-aes-brasil-aesb3-espa3-agenda-dividendos-189\/","og_locale":"pt_BR","og_type":"article","og_title":"Veja as datas de corte e quem vai pagar dividendos na semana","og_description":"Em semana com pagamento de Positivo (POSI3) e AES Brasil (AESB3), o destaque \u00e9 a data de corte para dividendos da Vale (VALE3). Veja mais!","og_url":"https:\/\/www.suno.com.br\/noticias\/positivo-posi3-aes-brasil-aesb3-espa3-agenda-dividendos-189\/","og_site_name":"Suno Not\u00edcias","article_publisher":"https:\/\/facebook.com\/sunoresearch","article_author":"https:\/\/www.facebook.com\/sunonoticias\/","og_image":[{"width":1920,"height":1280,"url":"https:\/\/files.sunoresearch.com.br\/n\/uploads\/2021\/02\/caf1cd3a-vale.jpg","type":"image\/jpeg"}],"author":"Reda\u00e7\u00e3o Suno Not\u00edcias","twitter_card":"summary_large_image","twitter_creator":"@https:\/\/twitter.com\/sunoresearch","twitter_site":"@sunoresearch","twitter_misc":{"Escrito por":"Reda\u00e7\u00e3o Suno Not\u00edcias","Est. tempo de leitura":"2 minutos"},"schema":{"@context":"https:\/\/schema.org","@graph":[{"@type":"NewsArticle","@id":"https:\/\/www.suno.com.br\/noticias\/positivo-posi3-aes-brasil-aesb3-espa3-agenda-dividendos-189\/#article","isPartOf":{"@id":"https:\/\/www.suno.com.br\/noticias\/positivo-posi3-aes-brasil-aesb3-espa3-agenda-dividendos-189\/"},"author":{"name":"Reda\u00e7\u00e3o Suno Not\u00edcias","@id":"https:\/\/www.suno.com.br\/noticias\/#\/schema\/person\/c1b1bd3727fa852bd045e9dbff3673ea"},"headline":"Positivo (POSI3); AES Brasil (AESB3): Veja as datas de corte e quem vai pagar dividendos na semana","datePublished":"2021-09-18T20:35:52+00:00","mainEntityOfPage":{"@id":"https:\/\/www.suno.com.br\/noticias\/positivo-posi3-aes-brasil-aesb3-espa3-agenda-dividendos-189\/"},"wordCount":428,"publisher":{"@id":"https:\/\/www.suno.com.br\/noticias\/#organization"},"image":{"@id":"https:\/\/www.suno.com.br\/noticias\/positivo-posi3-aes-brasil-aesb3-espa3-agenda-dividendos-189\/#primaryimage"},"thumbnailUrl":"https:\/\/files.sunoresearch.com.br\/n\/uploads\/2021\/02\/caf1cd3a-vale-jpg.webp","keywords":["AES Brasil (AESB3)","dividendos","Espa\u00e7olaser (ESPA3)","Grupo Monteiro Aranha (MOAR3)","Ind\u00fastrias Romi (ROMI3)","juros sobre capital pr\u00f3prio (JCP)","Lojas Renner (LREN3)","Odontoprev (ODPV3)","Positivo Tecnologia (POSI3)","proventos","Vale (VALE3)"],"articleSection":["Neg\u00f3cios"],"inLanguage":"pt-BR"},{"@type":"WebPage","@id":"https:\/\/www.suno.com.br\/noticias\/positivo-posi3-aes-brasil-aesb3-espa3-agenda-dividendos-189\/","url":"https:\/\/www.suno.com.br\/noticias\/positivo-posi3-aes-brasil-aesb3-espa3-agenda-dividendos-189\/","name":"Veja as datas de corte e quem vai pagar dividendos na semana","isPartOf":{"@id":"https:\/\/www.suno.com.br\/noticias\/#website"},"primaryImageOfPage":{"@id":"https:\/\/www.suno.com.br\/noticias\/positivo-posi3-aes-brasil-aesb3-espa3-agenda-dividendos-189\/#primaryimage"},"image":{"@id":"https:\/\/www.suno.com.br\/noticias\/positivo-posi3-aes-brasil-aesb3-espa3-agenda-dividendos-189\/#primaryimage"},"thumbnailUrl":"https:\/\/files.sunoresearch.com.br\/n\/uploads\/2021\/02\/caf1cd3a-vale-jpg.webp","datePublished":"2021-09-18T20:35:52+00:00","description":"Em semana com pagamento de Positivo (POSI3) e AES Brasil (AESB3), o destaque \u00e9 a data de corte para dividendos da Vale (VALE3). Veja mais!","breadcrumb":{"@id":"https:\/\/www.suno.com.br\/noticias\/positivo-posi3-aes-brasil-aesb3-espa3-agenda-dividendos-189\/#breadcrumb"},"inLanguage":"pt-BR","potentialAction":[{"@type":"ReadAction","target":["https:\/\/www.suno.com.br\/noticias\/positivo-posi3-aes-brasil-aesb3-espa3-agenda-dividendos-189\/"]}]},{"@type":"ImageObject","inLanguage":"pt-BR","@id":"https:\/\/www.suno.com.br\/noticias\/positivo-posi3-aes-brasil-aesb3-espa3-agenda-dividendos-189\/#primaryimage","url":"https:\/\/files.sunoresearch.com.br\/n\/uploads\/2021\/02\/caf1cd3a-vale-jpg.webp","contentUrl":"https:\/\/files.sunoresearch.com.br\/n\/uploads\/2021\/02\/caf1cd3a-vale-jpg.webp","width":1920,"height":1280,"caption":"Vale (VALE3) - Foto: Divulga\u00e7\u00e3o"},{"@type":"BreadcrumbList","@id":"https:\/\/www.suno.com.br\/noticias\/positivo-posi3-aes-brasil-aesb3-espa3-agenda-dividendos-189\/#breadcrumb","itemListElement":[{"@type":"ListItem","position":1,"name":"Not\u00edcias","item":"https:\/\/www.suno.com.br\/noticias\/"},{"@type":"ListItem","position":2,"name":"Neg\u00f3cios","item":"https:\/\/www.suno.com.br\/noticias\/negocios\/"},{"@type":"ListItem","position":3,"name":"Positivo (POSI3); AES Brasil (AESB3): Veja as datas de corte e quem vai pagar dividendos na semana"}]},{"@type":"WebSite","@id":"https:\/\/www.suno.com.br\/noticias\/#website","url":"https:\/\/www.suno.com.br\/noticias\/","name":"Suno Not\u00edcias","description":"Seu portal de informa\u00e7\u00e3o sobre o mundo dos investimentos","publisher":{"@id":"https:\/\/www.suno.com.br\/noticias\/#organization"},"potentialAction":[{"@type":"SearchAction","target":{"@type":"EntryPoint","urlTemplate":"https:\/\/www.suno.com.br\/noticias\/?s={search_term_string}"},"query-input":{"@type":"PropertyValueSpecification","valueRequired":true,"valueName":"search_term_string"}}],"inLanguage":"pt-BR"},{"@type":"Organization","@id":"https:\/\/www.suno.com.br\/noticias\/#organization","name":"Suno Not\u00edcias","url":"https:\/\/www.suno.com.br\/noticias\/","logo":{"@type":"ImageObject","inLanguage":"pt-BR","@id":"https:\/\/www.suno.com.br\/noticias\/#\/schema\/logo\/image\/","url":"https:\/\/files.sunoresearch.com.br\/n\/uploads\/2021\/09\/suno-logo.png","contentUrl":"https:\/\/files.sunoresearch.com.br\/n\/uploads\/2021\/09\/suno-logo.png","width":180,"height":180,"caption":"Suno Not\u00edcias"},"image":{"@id":"https:\/\/www.suno.com.br\/noticias\/#\/schema\/logo\/image\/"},"sameAs":["https:\/\/facebook.com\/sunoresearch","https:\/\/x.com\/sunoresearch","https:\/\/www.instagram.com\/suno","https:\/\/www.linkedin.com\/company\/suno-research\/","https:\/\/www.youtube.com\/c\/sunoresearch"]},{"@type":"Person","@id":"https:\/\/www.suno.com.br\/noticias\/#\/schema\/person\/c1b1bd3727fa852bd045e9dbff3673ea","name":"Reda\u00e7\u00e3o Suno Not\u00edcias","image":{"@type":"ImageObject","inLanguage":"pt-BR","@id":"https:\/\/www.suno.com.br\/noticias\/#\/schema\/person\/image\/","url":"https:\/\/secure.gravatar.com\/avatar\/b8104b9b5a71985d5238ee59fbe418af?s=96&r=g","contentUrl":"https:\/\/secure.gravatar.com\/avatar\/b8104b9b5a71985d5238ee59fbe418af?s=96&r=g","caption":"Reda\u00e7\u00e3o Suno Not\u00edcias"},"description":"O Suno Not\u00edcias \u00e9 um portal de informa\u00e7\u00f5es sobre Mercado Financeiro, Pol\u00edtica, Neg\u00f3cios, Economia e Finan\u00e7as Pessoais.","sameAs":["https:\/\/www.suno.com.br\/noticias","https:\/\/www.facebook.com\/sunonoticias\/","https:\/\/www.instagram.com\/sunonoticias\/","https:\/\/x.com\/https:\/\/twitter.com\/sunoresearch","https:\/\/www.youtube.com\/sunonoticias"],"url":"https:\/\/www.suno.com.br\/noticias\/author\/redacao-suno\/"}]}},"default_loop_html":"<div class=\"cardsPage__listCard__boxs\"><div class=\"cardsPage__listCard__boxs__img\"><a href=\"https:\/\/www.suno.com.br\/noticias\/positivo-posi3-aes-brasil-aesb3-espa3-agenda-dividendos-189\/\"><img class=\"mask\" src=\"https:\/\/www.suno.com.br\/noticias\/wp-content\/themes\/suno\/resources\/images\/spotlight\/spotlight1img\/bg-mask.png\" alt=\"Image Mask\"\/><img src=\"https:\/\/files.sunoresearch.com.br\/n\/uploads\/2021\/02\/caf1cd3a-vale-400x200.webp\" alt=\"Positivo (POSI3); AES Brasil (AESB3): Veja as datas de corte e quem vai pagar dividendos na semana\"\/><\/a><span class=\"spotlightCategory\"><a href=\"https:\/\/www.suno.com.br\/noticias\/negocios\/\">Neg\u00f3cios<\/a><\/span><\/div><div class=\"cardsPage__listCard__boxs__content\"><a href=\"https:\/\/www.suno.com.br\/noticias\/positivo-posi3-aes-brasil-aesb3-espa3-agenda-dividendos-189\/\"><h2 class=\"content__title\">Positivo (POSI3); AES Brasil (AESB3): Veja as datas de corte e quem vai pagar dividendos na semana<\/h2><\/a><div class=\"newsContent__article__meta\"><div class=\"newsContent__article__meta__authorBox\"><a href=\"https:\/\/www.suno.com.br\/noticias\/author\/redacao-suno\/\" class=\"authorBox__avatar noMobi\"><img src=\"https:\/\/files.sunoresearch.com.br\/n\/uploads\/2020\/08\/0ace682d-redacao-1-150x150.webp\" alt=\"Reda\u00e7\u00e3o Suno Not\u00edcias\"><\/a><div class=\"authorBox__name\"><span>por\n\t\t\t<a href=\"https:\/\/www.suno.com.br\/noticias\/author\/redacao-suno\/\"><span itemprop=\"author\">Reda\u00e7\u00e3o Suno Not\u00edcias<\/span><\/a><\/span><time datetime=\"2021-09-18T17:35:52-03:00\" itemprop=\"datePublished\">18\/09\/2021 17:35<\/time><\/div><\/div><\/div><\/div><\/div>","single_layout":"posts","amp_enabled":true,"_links":{"self":[{"href":"https:\/\/www.suno.com.br\/noticias\/wp-json\/wp\/v2\/posts\/185414"}],"collection":[{"href":"https:\/\/www.suno.com.br\/noticias\/wp-json\/wp\/v2\/posts"}],"about":[{"href":"https:\/\/www.suno.com.br\/noticias\/wp-json\/wp\/v2\/types\/post"}],"author":[{"embeddable":true,"href":"https:\/\/www.suno.com.br\/noticias\/wp-json\/wp\/v2\/users\/43"}],"replies":[{"embeddable":true,"href":"https:\/\/www.suno.com.br\/noticias\/wp-json\/wp\/v2\/comments?post=185414"}],"version-history":[{"count":3,"href":"https:\/\/www.suno.com.br\/noticias\/wp-json\/wp\/v2\/posts\/185414\/revisions"}],"predecessor-version":[{"id":185422,"href":"https:\/\/www.suno.com.br\/noticias\/wp-json\/wp\/v2\/posts\/185414\/revisions\/185422"}],"wp:featuredmedia":[{"embeddable":true,"href":"https:\/\/www.suno.com.br\/noticias\/wp-json\/wp\/v2\/media\/126947"}],"wp:attachment":[{"href":"https:\/\/www.suno.com.br\/noticias\/wp-json\/wp\/v2\/media?parent=185414"}],"wp:term":[{"taxonomy":"category","embeddable":true,"href":"https:\/\/www.suno.com.br\/noticias\/wp-json\/wp\/v2\/categories?post=185414"},{"taxonomy":"post_tag","embeddable":true,"href":"https:\/\/www.suno.com.br\/noticias\/wp-json\/wp\/v2\/tags?post=185414"},{"taxonomy":"suno_strategy","embeddable":true,"href":"https:\/\/www.suno.com.br\/noticias\/wp-json\/wp\/v2\/suno_strategy?post=185414"}],"curies":[{"name":"wp","href":"https:\/\/api.w.org\/{rel}","templated":true}]}}