{"id":18538,"date":"2019-03-20T17:11:45","date_gmt":"2019-03-20T20:11:45","guid":{"rendered":"https:\/\/www.suno.com.br\/noticias\/?p=18538"},"modified":"2019-03-20T17:11:45","modified_gmt":"2019-03-20T20:11:45","slug":"ibope-aprovacao-bolsonaro-marco","status":"publish","type":"post","link":"https:\/\/www.suno.com.br\/noticias\/ibope-aprovacao-bolsonaro-marco\/","title":{"rendered":"Ibope: aprova\u00e7\u00e3o do governo Bolsonaro cai de 39% para 34% em mar\u00e7o"},"content":{"rendered":"<p>A aprova\u00e7\u00e3o do governo de Jair Bolsonaro continua em queda. Em mar\u00e7o, 34% dos entrevistados considerava o governo \u00f3timo ou bom, contra 39% em fevereiro e 49% em janeiro. Os dados s\u00e3o da \u00faltima pesquisa do Ibope, divulgada nesta quarta (20).<\/p>\t<div class=\"wrapper-featured-image\">\n\t\t<figure class=\"spotlightImg\">\n\n\t\t\t<picture>\n\t\t\t\t<source media=\"(max-width: 768px)\" srcset=\"https:\/\/files.sunoresearch.com.br\/n\/uploads\/2019\/03\/dd91dc64-bolsonaro-400x200.webp\">\n\t\t\t\t<img loading=\"lazy\" decoding=\"async\" class=\"newsContent__article__imgCapa lazyloadDisabled newsContent__article__imgCapa--noCaption\" src=\"https:\/\/files.sunoresearch.com.br\/n\/uploads\/2019\/03\/dd91dc64-bolsonaro-800x450.webp\" width=\"800\" height=\"450\" alt=\"Ibope: aprova\u00e7\u00e3o do governo Bolsonaro cai de 39% para 34% em mar\u00e7o\" fetchpriority=high \/>\n\t\t\t<\/picture>\n\n\t\t\t<figcaption class=\"wp-caption-text wp-caption-text--hide\">Governo Bolsonaro <\/figcaption>\n\t\t<\/figure>\n\t<\/div>\n\n\n<p>Aqueles que consideram o <strong>governo Bolsonaro regular,<\/strong> por sua vez, representam 34% dos entrevistados. E 24% avaliam o governo como <strong>ruim ou p\u00e9ssimo<\/strong> &#8211; essa taxa era de 19% em fevereiro e de 11% em janeiro. Al\u00e9m disso, 8% <strong>n\u00e3o souberam ou n\u00e3o respondem<\/strong> \u00e0 pesquisa do <strong>Ibope.<\/strong><\/p>\n<p><a href=\"https:\/\/www.suno.com.br\/noticias\/eua-brasil-omc-ocde-entrada-paulo-guedes\/\">Saiba mais: EUA querem Brasil sem facilidades na OMC para apoiar entrada na OCDE<\/a><\/p>\n<h2>Avalia\u00e7\u00e3o do governo<\/h2>\n<p><strong>\u00d3timo\/bom<\/strong><\/p>\n<ul>\n<li>Janeiro: 49%<\/li>\n<li>Fevereiro: 39%<\/li>\n<li>Mar\u00e7o: 34%<\/li>\n<\/ul>\n<p><strong>Regular<\/strong><\/p>\n<ul>\n<li>Janeiro: 26%<\/li>\n<li>Fevereiro: 30%<\/li>\n<li>Mar\u00e7o: 34%<\/li>\n<\/ul>\n<p><strong>Ruim\/p\u00e9ssimo<\/strong><\/p>\n<ul>\n<li>Janeiro: 11%<\/li>\n<li>Fevereiro: 19%<\/li>\n<li>Mar\u00e7o: 24%<\/li>\n<\/ul>\n<p><strong>N\u00e3o sabe\/n\u00e3o respondeu<\/strong><\/p>\n<ul>\n<li>Janeiro: 14%<\/li>\n<li>Fevereiro: 12%<\/li>\n<li>Mar\u00e7o: 8%<\/li>\n<\/ul>\n<p><a href=\"https:\/\/www.suno.com.br\/noticias\/jair-bolsonaro-eua-acontecimentos-trump\/\">Saiba mais: Jair Bolsonaro nos EUA: confira as principais not\u00edcias<\/a><\/p>\n<p><a href=\"http:\/\/www.ibope.com.br\/\">A <strong>pesquisa<\/strong><\/a> foi realizada entre 16 e 19 de mar\u00e7o e ouviu 2.002 pessoas. O <strong>intervalo de confian\u00e7a<\/strong> da pesquisa \u00e9 de 95%. Isto \u00e9, se a mesma pesquisa for replicada 100 vezes, a probabilidade \u00e9 de que em 95 delas os mesmos resultados sejam registrados. A <strong>margem de erro<\/strong> \u00e9 de 2%, para mais ou para menos.<\/p>\n<p>O <strong>Ibope<\/strong> ouviu entrevistados tamb\u00e9m sobre a maneira de governar de Jair <strong>Bolsonaro.<\/strong> Pouco mais da metade (51%) aprovam, enquanto 38% desaprovam. N\u00e3o souberam responder ou n\u00e3o responderam representam 10%. No m\u00eas passado, eram 57% os que aprovavam, e 31% os que desaprovavam.<\/p>\n<p><a href=\"https:\/\/www.suno.com.br\/noticias\/reforma-da-previdencia-militares-13-bi\/\">Saiba mais: Mour\u00e3o: Reforma da Previd\u00eancia dos militares poupar\u00e1 R$ 13 bi em 10 anos<\/a><\/p>\n<p>Sobre a confian\u00e7a dos brasileiros em rela\u00e7\u00e3o a <strong>Bolsonaro,<\/strong> pouco menos da metade (49%) confiam no presidente, enquanto 44% n\u00e3o confiam, e 6% n\u00e3o souberam responder ou n\u00e3o responderam \u00e0 pesquisa.<\/p>\n<p>Na compara\u00e7\u00e3o com outros presidentes, a taxa de aprova\u00e7\u00e3o de 34% de Jair <strong>Bolsonaro<\/strong> no terceiro m\u00eas de governo \u00e9 o menor entre todos os presidentes, <strong>Fernando Henrique Cardoso<\/strong> (41%), <strong>Luiz In\u00e1cio Lula da Silva<\/strong> (51%) e <strong>Dilma Rousseff<\/strong> (56%). Se considerados todos os mandatos dos ex-presidentes (e n\u00e3o somente o primeiro), no entanto, <strong>Bolsonaro<\/strong> ganha dos segundos mandatos de <strong>FHC<\/strong> (22%) e <strong>Dilma<\/strong> (12%).<\/p>\n<p>A taxa das pessoas que consideram o governo de <strong>Bolsonaro<\/strong> ruim ou p\u00e9ssimo tamb\u00e9m \u00e9 superior a todos os outros mandatos iniciais, segundo o Ibope. <strong>FHC<\/strong> tinha uma desaprova\u00e7\u00e3o de 12% em seu terceiro m\u00eas de governo, <strong>Lula<\/strong> tinha 7% e <strong>Dilma<\/strong> tinha 5%. No segundo mandato da petista, por\u00e9m, a taxa de ruim ou p\u00e9ssimo \u00e9 a maior da s\u00e9rie hist\u00f3rica, chegando a 64%.<\/p>\n","protected":false},"excerpt":{"rendered":"<p>A aprova\u00e7\u00e3o do governo de Jair Bolsonaro continua em queda. Em mar\u00e7o, 34% dos entrevistados considerava o governo \u00f3timo ou bom, contra 39% em fevereiro e 49% em janeiro. Os dados s\u00e3o da \u00faltima pesquisa do Ibope, divulgada nesta quarta (20). Governo Bolsonaro Aqueles que consideram o governo Bolsonaro regular, por sua vez, representam 34% [&hellip;]<\/p>\n","protected":false},"author":13,"featured_media":18505,"comment_status":"closed","ping_status":"closed","sticky":false,"template":"","format":"standard","meta":[],"categories":[61],"tags":[860,719],"suno_strategy":[],"class_list":["post-18538","post","type-post","status-publish","format-standard","has-post-thumbnail","hentry","category-politica","tag-ibope","tag-jair-bolsonaro"],"yoast_head":"<!-- This site is optimized with the Yoast SEO plugin v24.4 - https:\/\/yoast.com\/wordpress\/plugins\/seo\/ -->\n<title>Ibope: aprova\u00e7\u00e3o do governo Bolsonaro cai de 39% para 34% em mar\u00e7o<\/title>\n<meta name=\"description\" content=\"Ibope: 34% dos entrevistados consideram o governo Bolsonaro \u00f3timo ou bom, contra 39% em fevereiro e 49% em janeiro. Clique e saiba mais\" \/>\n<meta name=\"robots\" content=\"index, follow, max-snippet:-1, max-image-preview:large, max-video-preview:-1\" \/>\n<link rel=\"canonical\" href=\"https:\/\/www.suno.com.br\/noticias\/ibope-aprovacao-bolsonaro-marco\/\" \/>\n<meta property=\"og:locale\" content=\"pt_BR\" \/>\n<meta property=\"og:type\" content=\"article\" \/>\n<meta property=\"og:title\" content=\"Ibope: aprova\u00e7\u00e3o do governo Bolsonaro cai de 39% para 34% em mar\u00e7o\" \/>\n<meta property=\"og:description\" content=\"Ibope: 34% dos entrevistados consideram o governo Bolsonaro \u00f3timo ou bom, contra 39% em fevereiro e 49% em janeiro. Clique e saiba mais\" \/>\n<meta property=\"og:url\" content=\"https:\/\/www.suno.com.br\/noticias\/ibope-aprovacao-bolsonaro-marco\/\" \/>\n<meta property=\"og:site_name\" content=\"Suno Not\u00edcias\" \/>\n<meta property=\"article:publisher\" content=\"https:\/\/facebook.com\/sunoresearch\" \/>\n<meta property=\"og:image\" content=\"https:\/\/files.sunoresearch.com.br\/n\/uploads\/2019\/03\/dd91dc64-bolsonaro.jpg\" \/>\n\t<meta property=\"og:image:width\" content=\"1140\" \/>\n\t<meta property=\"og:image:height\" content=\"760\" \/>\n\t<meta property=\"og:image:type\" content=\"image\/jpeg\" \/>\n<meta name=\"author\" content=\"Guilherme Caetano\" \/>\n<meta name=\"twitter:card\" content=\"summary_large_image\" \/>\n<meta name=\"twitter:creator\" content=\"@sunoresearch\" \/>\n<meta name=\"twitter:site\" content=\"@sunoresearch\" \/>\n<meta name=\"twitter:label1\" content=\"Escrito por\" \/>\n\t<meta name=\"twitter:data1\" content=\"Guilherme Caetano\" \/>\n\t<meta name=\"twitter:label2\" content=\"Est. tempo de leitura\" \/>\n\t<meta name=\"twitter:data2\" content=\"2 minutos\" \/>\n<script type=\"application\/ld+json\" class=\"yoast-schema-graph\">{\"@context\":\"https:\/\/schema.org\",\"@graph\":[{\"@type\":\"NewsArticle\",\"@id\":\"https:\/\/www.suno.com.br\/noticias\/ibope-aprovacao-bolsonaro-marco\/#article\",\"isPartOf\":{\"@id\":\"https:\/\/www.suno.com.br\/noticias\/ibope-aprovacao-bolsonaro-marco\/\"},\"author\":{\"name\":\"Guilherme Caetano\",\"@id\":\"https:\/\/www.suno.com.br\/noticias\/#\/schema\/person\/0d0c9687cd2f600c564f25980c140de9\"},\"headline\":\"Ibope: aprova\u00e7\u00e3o do governo Bolsonaro cai de 39% para 34% em mar\u00e7o\",\"datePublished\":\"2019-03-20T20:11:45+00:00\",\"mainEntityOfPage\":{\"@id\":\"https:\/\/www.suno.com.br\/noticias\/ibope-aprovacao-bolsonaro-marco\/\"},\"wordCount\":423,\"publisher\":{\"@id\":\"https:\/\/www.suno.com.br\/noticias\/#organization\"},\"image\":{\"@id\":\"https:\/\/www.suno.com.br\/noticias\/ibope-aprovacao-bolsonaro-marco\/#primaryimage\"},\"thumbnailUrl\":\"https:\/\/files.sunoresearch.com.br\/n\/uploads\/2019\/03\/dd91dc64-bolsonaro-jpg.webp\",\"keywords\":[\"Ibope\",\"Jair Bolsonaro\"],\"articleSection\":[\"Pol\u00edtica\"],\"inLanguage\":\"pt-BR\"},{\"@type\":\"WebPage\",\"@id\":\"https:\/\/www.suno.com.br\/noticias\/ibope-aprovacao-bolsonaro-marco\/\",\"url\":\"https:\/\/www.suno.com.br\/noticias\/ibope-aprovacao-bolsonaro-marco\/\",\"name\":\"Ibope: aprova\u00e7\u00e3o do governo Bolsonaro cai de 39% para 34% em mar\u00e7o\",\"isPartOf\":{\"@id\":\"https:\/\/www.suno.com.br\/noticias\/#website\"},\"primaryImageOfPage\":{\"@id\":\"https:\/\/www.suno.com.br\/noticias\/ibope-aprovacao-bolsonaro-marco\/#primaryimage\"},\"image\":{\"@id\":\"https:\/\/www.suno.com.br\/noticias\/ibope-aprovacao-bolsonaro-marco\/#primaryimage\"},\"thumbnailUrl\":\"https:\/\/files.sunoresearch.com.br\/n\/uploads\/2019\/03\/dd91dc64-bolsonaro-jpg.webp\",\"datePublished\":\"2019-03-20T20:11:45+00:00\",\"description\":\"Ibope: 34% dos entrevistados consideram o governo Bolsonaro \u00f3timo ou bom, contra 39% em fevereiro e 49% em janeiro. Clique e saiba mais\",\"breadcrumb\":{\"@id\":\"https:\/\/www.suno.com.br\/noticias\/ibope-aprovacao-bolsonaro-marco\/#breadcrumb\"},\"inLanguage\":\"pt-BR\",\"potentialAction\":[{\"@type\":\"ReadAction\",\"target\":[\"https:\/\/www.suno.com.br\/noticias\/ibope-aprovacao-bolsonaro-marco\/\"]}]},{\"@type\":\"ImageObject\",\"inLanguage\":\"pt-BR\",\"@id\":\"https:\/\/www.suno.com.br\/noticias\/ibope-aprovacao-bolsonaro-marco\/#primaryimage\",\"url\":\"https:\/\/files.sunoresearch.com.br\/n\/uploads\/2019\/03\/dd91dc64-bolsonaro-jpg.webp\",\"contentUrl\":\"https:\/\/files.sunoresearch.com.br\/n\/uploads\/2019\/03\/dd91dc64-bolsonaro-jpg.webp\",\"width\":1140,\"height\":760,\"caption\":\"Governo Bolsonaro\"},{\"@type\":\"BreadcrumbList\",\"@id\":\"https:\/\/www.suno.com.br\/noticias\/ibope-aprovacao-bolsonaro-marco\/#breadcrumb\",\"itemListElement\":[{\"@type\":\"ListItem\",\"position\":1,\"name\":\"Not\u00edcias\",\"item\":\"https:\/\/www.suno.com.br\/noticias\/\"},{\"@type\":\"ListItem\",\"position\":2,\"name\":\"Pol\u00edtica\",\"item\":\"https:\/\/www.suno.com.br\/noticias\/politica\/\"},{\"@type\":\"ListItem\",\"position\":3,\"name\":\"Ibope: aprova\u00e7\u00e3o do governo Bolsonaro cai de 39% para 34% em mar\u00e7o\"}]},{\"@type\":\"WebSite\",\"@id\":\"https:\/\/www.suno.com.br\/noticias\/#website\",\"url\":\"https:\/\/www.suno.com.br\/noticias\/\",\"name\":\"Suno Not\u00edcias\",\"description\":\"Seu portal de informa\u00e7\u00e3o sobre o mundo dos investimentos\",\"publisher\":{\"@id\":\"https:\/\/www.suno.com.br\/noticias\/#organization\"},\"potentialAction\":[{\"@type\":\"SearchAction\",\"target\":{\"@type\":\"EntryPoint\",\"urlTemplate\":\"https:\/\/www.suno.com.br\/noticias\/?s={search_term_string}\"},\"query-input\":{\"@type\":\"PropertyValueSpecification\",\"valueRequired\":true,\"valueName\":\"search_term_string\"}}],\"inLanguage\":\"pt-BR\"},{\"@type\":\"Organization\",\"@id\":\"https:\/\/www.suno.com.br\/noticias\/#organization\",\"name\":\"Suno Not\u00edcias\",\"url\":\"https:\/\/www.suno.com.br\/noticias\/\",\"logo\":{\"@type\":\"ImageObject\",\"inLanguage\":\"pt-BR\",\"@id\":\"https:\/\/www.suno.com.br\/noticias\/#\/schema\/logo\/image\/\",\"url\":\"https:\/\/files.sunoresearch.com.br\/n\/uploads\/2021\/09\/suno-logo.png\",\"contentUrl\":\"https:\/\/files.sunoresearch.com.br\/n\/uploads\/2021\/09\/suno-logo.png\",\"width\":180,\"height\":180,\"caption\":\"Suno Not\u00edcias\"},\"image\":{\"@id\":\"https:\/\/www.suno.com.br\/noticias\/#\/schema\/logo\/image\/\"},\"sameAs\":[\"https:\/\/facebook.com\/sunoresearch\",\"https:\/\/x.com\/sunoresearch\",\"https:\/\/www.instagram.com\/suno\",\"https:\/\/www.linkedin.com\/company\/suno-research\/\",\"https:\/\/www.youtube.com\/c\/sunoresearch\"]},{\"@type\":\"Person\",\"@id\":\"https:\/\/www.suno.com.br\/noticias\/#\/schema\/person\/0d0c9687cd2f600c564f25980c140de9\",\"name\":\"Guilherme Caetano\",\"image\":{\"@type\":\"ImageObject\",\"inLanguage\":\"pt-BR\",\"@id\":\"https:\/\/www.suno.com.br\/noticias\/#\/schema\/person\/image\/\",\"url\":\"https:\/\/secure.gravatar.com\/avatar\/e48357351a01702a0d19307070e081bf?s=96&r=g\",\"contentUrl\":\"https:\/\/secure.gravatar.com\/avatar\/e48357351a01702a0d19307070e081bf?s=96&r=g\",\"caption\":\"Guilherme Caetano\"},\"description\":\"Formado em jornalismo pela Escola de Comunica\u00e7\u00f5es e Artes da USP, Guilherme Caetano escreve para o portal de not\u00edcias da Suno Research. Passou pelas reda\u00e7\u00f5es da Folha de S.Paulo e da revista \u00c9poca.\",\"url\":\"https:\/\/www.suno.com.br\/noticias\/author\/guilherme-caetano\/\"}]}<\/script>\n<!-- \/ Yoast SEO plugin. -->","yoast_head_json":{"title":"Ibope: aprova\u00e7\u00e3o do governo Bolsonaro cai de 39% para 34% em mar\u00e7o","description":"Ibope: 34% dos entrevistados consideram o governo Bolsonaro \u00f3timo ou bom, contra 39% em fevereiro e 49% em janeiro. Clique e saiba mais","robots":{"index":"index","follow":"follow","max-snippet":"max-snippet:-1","max-image-preview":"max-image-preview:large","max-video-preview":"max-video-preview:-1"},"canonical":"https:\/\/www.suno.com.br\/noticias\/ibope-aprovacao-bolsonaro-marco\/","og_locale":"pt_BR","og_type":"article","og_title":"Ibope: aprova\u00e7\u00e3o do governo Bolsonaro cai de 39% para 34% em mar\u00e7o","og_description":"Ibope: 34% dos entrevistados consideram o governo Bolsonaro \u00f3timo ou bom, contra 39% em fevereiro e 49% em janeiro. Clique e saiba mais","og_url":"https:\/\/www.suno.com.br\/noticias\/ibope-aprovacao-bolsonaro-marco\/","og_site_name":"Suno Not\u00edcias","article_publisher":"https:\/\/facebook.com\/sunoresearch","og_image":[{"width":1140,"height":760,"url":"https:\/\/files.sunoresearch.com.br\/n\/uploads\/2019\/03\/dd91dc64-bolsonaro.jpg","type":"image\/jpeg"}],"author":"Guilherme Caetano","twitter_card":"summary_large_image","twitter_creator":"@sunoresearch","twitter_site":"@sunoresearch","twitter_misc":{"Escrito por":"Guilherme Caetano","Est. tempo de leitura":"2 minutos"},"schema":{"@context":"https:\/\/schema.org","@graph":[{"@type":"NewsArticle","@id":"https:\/\/www.suno.com.br\/noticias\/ibope-aprovacao-bolsonaro-marco\/#article","isPartOf":{"@id":"https:\/\/www.suno.com.br\/noticias\/ibope-aprovacao-bolsonaro-marco\/"},"author":{"name":"Guilherme Caetano","@id":"https:\/\/www.suno.com.br\/noticias\/#\/schema\/person\/0d0c9687cd2f600c564f25980c140de9"},"headline":"Ibope: aprova\u00e7\u00e3o do governo Bolsonaro cai de 39% para 34% em mar\u00e7o","datePublished":"2019-03-20T20:11:45+00:00","mainEntityOfPage":{"@id":"https:\/\/www.suno.com.br\/noticias\/ibope-aprovacao-bolsonaro-marco\/"},"wordCount":423,"publisher":{"@id":"https:\/\/www.suno.com.br\/noticias\/#organization"},"image":{"@id":"https:\/\/www.suno.com.br\/noticias\/ibope-aprovacao-bolsonaro-marco\/#primaryimage"},"thumbnailUrl":"https:\/\/files.sunoresearch.com.br\/n\/uploads\/2019\/03\/dd91dc64-bolsonaro-jpg.webp","keywords":["Ibope","Jair Bolsonaro"],"articleSection":["Pol\u00edtica"],"inLanguage":"pt-BR"},{"@type":"WebPage","@id":"https:\/\/www.suno.com.br\/noticias\/ibope-aprovacao-bolsonaro-marco\/","url":"https:\/\/www.suno.com.br\/noticias\/ibope-aprovacao-bolsonaro-marco\/","name":"Ibope: aprova\u00e7\u00e3o do governo Bolsonaro cai de 39% para 34% em mar\u00e7o","isPartOf":{"@id":"https:\/\/www.suno.com.br\/noticias\/#website"},"primaryImageOfPage":{"@id":"https:\/\/www.suno.com.br\/noticias\/ibope-aprovacao-bolsonaro-marco\/#primaryimage"},"image":{"@id":"https:\/\/www.suno.com.br\/noticias\/ibope-aprovacao-bolsonaro-marco\/#primaryimage"},"thumbnailUrl":"https:\/\/files.sunoresearch.com.br\/n\/uploads\/2019\/03\/dd91dc64-bolsonaro-jpg.webp","datePublished":"2019-03-20T20:11:45+00:00","description":"Ibope: 34% dos entrevistados consideram o governo Bolsonaro \u00f3timo ou bom, contra 39% em fevereiro e 49% em janeiro. Clique e saiba mais","breadcrumb":{"@id":"https:\/\/www.suno.com.br\/noticias\/ibope-aprovacao-bolsonaro-marco\/#breadcrumb"},"inLanguage":"pt-BR","potentialAction":[{"@type":"ReadAction","target":["https:\/\/www.suno.com.br\/noticias\/ibope-aprovacao-bolsonaro-marco\/"]}]},{"@type":"ImageObject","inLanguage":"pt-BR","@id":"https:\/\/www.suno.com.br\/noticias\/ibope-aprovacao-bolsonaro-marco\/#primaryimage","url":"https:\/\/files.sunoresearch.com.br\/n\/uploads\/2019\/03\/dd91dc64-bolsonaro-jpg.webp","contentUrl":"https:\/\/files.sunoresearch.com.br\/n\/uploads\/2019\/03\/dd91dc64-bolsonaro-jpg.webp","width":1140,"height":760,"caption":"Governo Bolsonaro"},{"@type":"BreadcrumbList","@id":"https:\/\/www.suno.com.br\/noticias\/ibope-aprovacao-bolsonaro-marco\/#breadcrumb","itemListElement":[{"@type":"ListItem","position":1,"name":"Not\u00edcias","item":"https:\/\/www.suno.com.br\/noticias\/"},{"@type":"ListItem","position":2,"name":"Pol\u00edtica","item":"https:\/\/www.suno.com.br\/noticias\/politica\/"},{"@type":"ListItem","position":3,"name":"Ibope: aprova\u00e7\u00e3o do governo Bolsonaro cai de 39% para 34% em mar\u00e7o"}]},{"@type":"WebSite","@id":"https:\/\/www.suno.com.br\/noticias\/#website","url":"https:\/\/www.suno.com.br\/noticias\/","name":"Suno Not\u00edcias","description":"Seu portal de informa\u00e7\u00e3o sobre o mundo dos investimentos","publisher":{"@id":"https:\/\/www.suno.com.br\/noticias\/#organization"},"potentialAction":[{"@type":"SearchAction","target":{"@type":"EntryPoint","urlTemplate":"https:\/\/www.suno.com.br\/noticias\/?s={search_term_string}"},"query-input":{"@type":"PropertyValueSpecification","valueRequired":true,"valueName":"search_term_string"}}],"inLanguage":"pt-BR"},{"@type":"Organization","@id":"https:\/\/www.suno.com.br\/noticias\/#organization","name":"Suno Not\u00edcias","url":"https:\/\/www.suno.com.br\/noticias\/","logo":{"@type":"ImageObject","inLanguage":"pt-BR","@id":"https:\/\/www.suno.com.br\/noticias\/#\/schema\/logo\/image\/","url":"https:\/\/files.sunoresearch.com.br\/n\/uploads\/2021\/09\/suno-logo.png","contentUrl":"https:\/\/files.sunoresearch.com.br\/n\/uploads\/2021\/09\/suno-logo.png","width":180,"height":180,"caption":"Suno Not\u00edcias"},"image":{"@id":"https:\/\/www.suno.com.br\/noticias\/#\/schema\/logo\/image\/"},"sameAs":["https:\/\/facebook.com\/sunoresearch","https:\/\/x.com\/sunoresearch","https:\/\/www.instagram.com\/suno","https:\/\/www.linkedin.com\/company\/suno-research\/","https:\/\/www.youtube.com\/c\/sunoresearch"]},{"@type":"Person","@id":"https:\/\/www.suno.com.br\/noticias\/#\/schema\/person\/0d0c9687cd2f600c564f25980c140de9","name":"Guilherme Caetano","image":{"@type":"ImageObject","inLanguage":"pt-BR","@id":"https:\/\/www.suno.com.br\/noticias\/#\/schema\/person\/image\/","url":"https:\/\/secure.gravatar.com\/avatar\/e48357351a01702a0d19307070e081bf?s=96&r=g","contentUrl":"https:\/\/secure.gravatar.com\/avatar\/e48357351a01702a0d19307070e081bf?s=96&r=g","caption":"Guilherme Caetano"},"description":"Formado em jornalismo pela Escola de Comunica\u00e7\u00f5es e Artes da USP, Guilherme Caetano escreve para o portal de not\u00edcias da Suno Research. Passou pelas reda\u00e7\u00f5es da Folha de S.Paulo e da revista \u00c9poca.","url":"https:\/\/www.suno.com.br\/noticias\/author\/guilherme-caetano\/"}]}},"default_loop_html":"<div class=\"cardsPage__listCard__boxs\"><div class=\"cardsPage__listCard__boxs__img\"><a href=\"https:\/\/www.suno.com.br\/noticias\/ibope-aprovacao-bolsonaro-marco\/\"><img class=\"mask\" src=\"https:\/\/www.suno.com.br\/noticias\/wp-content\/themes\/suno\/resources\/images\/spotlight\/spotlight1img\/bg-mask.png\" alt=\"Image Mask\"\/><img src=\"https:\/\/files.sunoresearch.com.br\/n\/uploads\/2019\/03\/dd91dc64-bolsonaro-400x200.webp\" alt=\"Ibope: aprova\u00e7\u00e3o do governo Bolsonaro cai de 39% para 34% em mar\u00e7o\"\/><\/a><span class=\"spotlightCategory\"><a href=\"https:\/\/www.suno.com.br\/noticias\/politica\/\">Pol\u00edtica<\/a><\/span><\/div><div class=\"cardsPage__listCard__boxs__content\"><a href=\"https:\/\/www.suno.com.br\/noticias\/ibope-aprovacao-bolsonaro-marco\/\"><h2 class=\"content__title\">Ibope: aprova\u00e7\u00e3o do governo Bolsonaro cai de 39% para 34% em mar\u00e7o<\/h2><\/a><div class=\"newsContent__article__meta\"><div class=\"newsContent__article__meta__authorBox\"><a href=\"https:\/\/www.suno.com.br\/noticias\/author\/guilherme-caetano\/\" class=\"authorBox__avatar noMobi\"><img src=\"https:\/\/secure.gravatar.com\/avatar\/e48357351a01702a0d19307070e081bf?s=96&#038;r=g\" alt=\"Guilherme Caetano\"><\/a><div class=\"authorBox__name\"><span>por\n\t\t\t<a href=\"https:\/\/www.suno.com.br\/noticias\/author\/guilherme-caetano\/\"><span itemprop=\"author\">Guilherme Caetano<\/span><\/a><\/span><time datetime=\"2019-03-20T17:11:45-03:00\" itemprop=\"datePublished\">20\/03\/2019 17:11<\/time><\/div><\/div><\/div><\/div><\/div>","single_layout":"posts","amp_enabled":true,"_links":{"self":[{"href":"https:\/\/www.suno.com.br\/noticias\/wp-json\/wp\/v2\/posts\/18538"}],"collection":[{"href":"https:\/\/www.suno.com.br\/noticias\/wp-json\/wp\/v2\/posts"}],"about":[{"href":"https:\/\/www.suno.com.br\/noticias\/wp-json\/wp\/v2\/types\/post"}],"author":[{"embeddable":true,"href":"https:\/\/www.suno.com.br\/noticias\/wp-json\/wp\/v2\/users\/13"}],"replies":[{"embeddable":true,"href":"https:\/\/www.suno.com.br\/noticias\/wp-json\/wp\/v2\/comments?post=18538"}],"version-history":[{"count":0,"href":"https:\/\/www.suno.com.br\/noticias\/wp-json\/wp\/v2\/posts\/18538\/revisions"}],"wp:featuredmedia":[{"embeddable":true,"href":"https:\/\/www.suno.com.br\/noticias\/wp-json\/wp\/v2\/media\/18505"}],"wp:attachment":[{"href":"https:\/\/www.suno.com.br\/noticias\/wp-json\/wp\/v2\/media?parent=18538"}],"wp:term":[{"taxonomy":"category","embeddable":true,"href":"https:\/\/www.suno.com.br\/noticias\/wp-json\/wp\/v2\/categories?post=18538"},{"taxonomy":"post_tag","embeddable":true,"href":"https:\/\/www.suno.com.br\/noticias\/wp-json\/wp\/v2\/tags?post=18538"},{"taxonomy":"suno_strategy","embeddable":true,"href":"https:\/\/www.suno.com.br\/noticias\/wp-json\/wp\/v2\/suno_strategy?post=18538"}],"curies":[{"name":"wp","href":"https:\/\/api.w.org\/{rel}","templated":true}]}}