{"id":185156,"date":"2021-09-17T14:55:21","date_gmt":"2021-09-17T17:55:21","guid":{"rendered":"https:\/\/www.suno.com.br\/noticias\/?p=185156"},"modified":"2021-09-17T14:55:21","modified_gmt":"2021-09-17T17:55:21","slug":"inflacao-pib-fgv-crise-hidrica-fgv-setor-servicos","status":"publish","type":"post","link":"https:\/\/www.suno.com.br\/noticias\/inflacao-pib-fgv-crise-hidrica-fgv-setor-servicos\/","title":{"rendered":"Apesar da infla\u00e7\u00e3o e da crise h\u00eddrica, setor de servi\u00e7os puxar\u00e1 PIB, diz FGV"},"content":{"rendered":"<p>O avan\u00e7o da imuniza\u00e7\u00e3o da popula\u00e7\u00e3o brasileira contra a covid-19 deve sustentar uma recupera\u00e7\u00e3o do <a href=\"https:\/\/www.suno.com.br\/artigos\/pib-produto-interno-bruto\/\">Produto Interno Bruto (<strong>PIB<\/strong>)<\/a> ao longo do segundo semestre de 2021, atrav\u00e9s do avan\u00e7o no consumo de servi\u00e7os, segundo a Funda\u00e7\u00e3o Get\u00falio Vargas (FGV).<\/p>\t<div class=\"wrapper-featured-image\">\n\t\t<figure class=\"spotlightImg\">\n\n\t\t\t<picture>\n\t\t\t\t<source media=\"(max-width: 768px)\" srcset=\"https:\/\/files.sunoresearch.com.br\/n\/uploads\/2018\/10\/80decce8-setor-de-servi\u00e7o-400x200.webp\">\n\t\t\t\t<img loading=\"lazy\" decoding=\"async\" class=\"newsContent__article__imgCapa lazyloadDisabled \" src=\"https:\/\/files.sunoresearch.com.br\/n\/uploads\/2018\/10\/80decce8-setor-de-servi\u00e7o-800x450.webp\" width=\"800\" height=\"450\" alt=\"Apesar da infla\u00e7\u00e3o e da crise h\u00eddrica, setor de servi\u00e7os puxar\u00e1 PIB, diz FGV\" fetchpriority=high \/>\n\t\t\t<\/picture>\n\n\t\t\t<figcaption class=\"wp-caption-text wp-caption-text--show\">O PIB brasileiro avan\u00e7ou 0,6% em julho ante junho, segundo o Monitor do PIB divulgado nesta sexta-feira, 17, pela FGV - Foto: Divulga\u00e7\u00e3o<\/figcaption>\n\t\t<\/figure>\n\t<\/div>\n\n\n\t<p>\n\t\t<a href=\"https:\/\/lp.suno.com.br\/planilha-controle-gastos\/\" target=\"_blank\" data-element=\"shortcode-suno-banner\" title=\"Banner SUNO, clique e saiba mais\">\n\t\t\t<picture>\n\t\t\t\t<source media=\"(max-width: 500px)\" srcset=\"https:\/\/files.sunoresearch.com.br\/n\/uploads\/2023\/03\/400x300-Planilha-controle-de-gastos.png\">\n\t\t\t\t<img class=\"newsContent__article__imgCapa newsContent__article__imgCapa--banner\"\n\t\t\t\t\tsrc=\"https:\/\/files.sunoresearch.com.br\/n\/uploads\/2023\/03\/1420x240-Planilha-controle-de-gastos.png\"\n\t\t\t\t\tdata-promo-id=\"101751\"\t\t\t\t\t\t\t\t\t\twidth='1420' height='240'\t\t\t\t\talt=\"https:\/\/files.sunoresearch.com.br\/n\/uploads\/2023\/03\/1420x240-Planilha-controle-de-gastos.png\"\n\t\t\t\t>\n\t\t\t<\/picture>\n\t\t<\/a>\n\t<\/p>\n\n\n<p>No entanto, as press\u00f5es da <strong>infla\u00e7\u00e3o,<\/strong> que corroem a renda das fam\u00edlias, e a <strong>crise h\u00eddrica,<\/strong> <a href=\"https:\/\/www.suno.com.br\/artigos\/custo-brasil\/\">que aumenta custos do setor produtivo<\/a>, geram incertezas sobre a velocidade da <strong>retomada do PIB<\/strong>.<\/p>\n<p>A avalia\u00e7\u00e3o \u00e9 do pesquisador Claudio Considera, coordenador do N\u00facleo de Contas Nacionais do Instituto Brasileiro de Economia da Funda\u00e7\u00e3o Getulio Vargas (Ibre\/FGV).<\/p>\n\t<div data-element=\"shortcode-read-more\" class=\"knowMore\">\n\t\t\t\t<span class=\"knowMore__title\">Leia mais<\/span>\n\t\t\t\t<a class=\"knowMore__link\" href=\"https:\/\/www.suno.com.br\/noticias\/pib-fgv-monitor-julho-junho-crescimento-economia\/\">\n\t\t\tPIB cresce 0,6% em julho comparado a junho, aponta Monitor da FGV\t\t<\/a>\n\t<\/div>\n\n\n<p>&#8220;Esses dois elementos (infla\u00e7\u00e3o e crise h\u00eddrica) criam um ponto de interroga\u00e7\u00e3o para o segundo semestre. Os pr\u00f3ximos dois trimestres, na s\u00e9rie com ajuste sazonal, devem vir positivos. O resultado pode ser comemorado, mas com cautela&#8221;, ponderou Claudio Considera.<\/p>\n<p>O PIB brasileiro avan\u00e7ou 0,6% em julho ante junho, segundo o Monitor do PIB divulgado nesta sexta-feira, 17, pela <strong>FGV<\/strong>. Na compara\u00e7\u00e3o com julho de 2020, a atividade econ\u00f4mica cresceu 6,6% em julho de 2021.<\/p>\n\t<p>\n\t\t<a href=\"https:\/\/lp.suno.com.br\/planilha-da-vida-financeira\/\" target=\"_blank\" data-element=\"shortcode-suno-banner\" title=\"Banner SUNO, clique e saiba mais\">\n\t\t\t<picture>\n\t\t\t\t<source media=\"(max-width: 500px)\" srcset=\"https:\/\/files.sunoresearch.com.br\/n\/uploads\/2023\/04\/400x300-Planilha-vida-financeira-true.png\">\n\t\t\t\t<img class=\"newsContent__article__imgCapa newsContent__article__imgCapa--banner\"\n\t\t\t\t\tsrc=\"https:\/\/files.sunoresearch.com.br\/n\/uploads\/2023\/04\/1420x240-Planilha-vida-financeira-true.png\"\n\t\t\t\t\tdata-promo-id=\"106682\"\t\t\t\t\t\t\t\t\t\twidth='1420' height='240'\t\t\t\t\talt=\"https:\/\/files.sunoresearch.com.br\/n\/uploads\/2023\/04\/1420x240-Planilha-vida-financeira-true.png\"\n\t\t\t\t>\n\t\t\t<\/picture>\n\t\t<\/a>\n\t<\/p>\n\n\n<p>&#8220;O resultado de julho foi positivo, o que era de se esperar, porque a <strong>economia<\/strong> est\u00e1 melhorando. Com o aumento do alcance da vacina\u00e7\u00e3o, voc\u00ea passa a ter um avan\u00e7o crescente no consumo de servi\u00e7os&#8221;, justificou Considera.<\/p>\n<p>&#8220;A ind\u00fastria teve crescimentos fortes em meses anteriores, agora amenizou um pouco, mas deve continuar crescendo, porque a desvaloriza\u00e7\u00e3o cambial protege a competitividade&#8221;, opinou.<\/p>\n\t<p>\n\t\t<a href=\"https:\/\/lp.suno.com.br\/ebook-como-analisar-uma-acao\/\" target=\"_blank\" data-element=\"shortcode-suno-banner\" title=\"Banner SUNO, clique e saiba mais\">\n\t\t\t<picture>\n\t\t\t\t<source media=\"(max-width: 500px)\" srcset=\"https:\/\/files.sunoresearch.com.br\/n\/uploads\/2023\/03\/Ebook-Acoes-Mobile-1.jpg\">\n\t\t\t\t<img class=\"newsContent__article__imgCapa newsContent__article__imgCapa--banner\"\n\t\t\t\t\tsrc=\"https:\/\/files.sunoresearch.com.br\/n\/uploads\/2023\/03\/Ebook-Acoes-Desktop-1.jpg\"\n\t\t\t\t\tdata-promo-id=\"171998\"\t\t\t\t\t\t\t\t\t\twidth='1420' height='286'\t\t\t\t\talt=\"https:\/\/files.sunoresearch.com.br\/n\/uploads\/2023\/03\/Ebook-Acoes-Desktop-1.jpg\"\n\t\t\t\t>\n\t\t\t<\/picture>\n\t\t<\/a>\n\t<\/p>\n\n\n<p>O Monitor do PIB antecipa a tend\u00eancia do principal \u00edndice da economia a partir das mesmas fontes de dados e metodologia empregadas pelo <a class=\"suno-keyword\" href=\"https:\/\/www.suno.com.br\/artigos\/ibge\/\" target=\"_blank\" rel=\"noopener\" data-force=\"no\" data-priority=\"3\">Instituto Brasileiro de Geografia e Estat\u00edstica (<strong>IBGE<\/strong>)<\/a>, respons\u00e1vel pelo c\u00e1lculo oficial das Contas Nacionais.<\/p>\n<p>Na passagem de junho para julho, pelo lado da oferta, o PIB agropecu\u00e1rio cresceu 0,6%, enquanto o de servi\u00e7os aumentou tamb\u00e9m 0,6%. J\u00e1 o PIB industrial diminuiu 1,1%.<\/p>\n<p>Sob a \u00f3tica da demanda, o consumo das fam\u00edlias aumentou 1,2% em julho ante junho, e o consumo do governo avan\u00e7ou 6,7%. A <a class=\"suno-keyword\" href=\"https:\/\/www.suno.com.br\/artigos\/formacao-bruta-capital-fixo-fbcf\/\" target=\"_blank\" rel=\"noopener\" data-force=\"no\" data-priority=\"1\">Forma\u00e7\u00e3o Bruta de Capital Fixo<\/a> (<strong>FBCF<\/strong>, medida dos investimentos no PIB) despencou 5,3%. As exporta\u00e7\u00f5es ca\u00edram 9,7%, enquanto as importa\u00e7\u00f5es aumentaram 6,8%.<\/p>\n<p>Em termos monet\u00e1rios, o PIB alcan\u00e7ou aproximadamente R$ 4,946 trilh\u00f5es de janeiro a julho de 2021, em valores correntes.<\/p>\n\t<p>\n\t\t<a href=\"https:\/\/lp.suno.com.br\/planilha-de-controle-de-investimentos\/\" target=\"_blank\" data-element=\"shortcode-suno-banner\" title=\"Banner SUNO, clique e saiba mais\">\n\t\t\t<picture>\n\t\t\t\t<source media=\"(max-width: 500px)\" srcset=\"https:\/\/files.sunoresearch.com.br\/n\/uploads\/2023\/03\/400x300-Controle-de-Investimentos.png\">\n\t\t\t\t<img class=\"newsContent__article__imgCapa newsContent__article__imgCapa--banner\"\n\t\t\t\t\tsrc=\"https:\/\/files.sunoresearch.com.br\/n\/uploads\/2023\/03\/1420x240-Controle-de-Investimentos.png\"\n\t\t\t\t\tdata-promo-id=\"75934\"\t\t\t\t\t\t\t\t\t\twidth='1420' height='240'\t\t\t\t\talt=\"https:\/\/files.sunoresearch.com.br\/n\/uploads\/2023\/03\/1420x240-Controle-de-Investimentos.png\"\n\t\t\t\t>\n\t\t\t<\/picture>\n\t\t<\/a>\n\t<\/p>\n\n\n<p>A taxa de investimento da economia foi de 17,4% no m\u00eas de julho de 2021.<\/p>\n<h2>Minist\u00e9rio da Economia mant\u00e9m proje\u00e7\u00e3o do PIB e piora a de infla\u00e7\u00e3o<\/h2>\n<p>A Secretaria de <a class=\"suno-keyword\" href=\"https:\/\/www.suno.com.br\/artigos\/politica-economica\/\" target=\"_blank\" rel=\"noopener\" data-force=\"no\" data-priority=\"1\">Pol\u00edtica Econ\u00f4mica<\/a> (SPE) do <strong>Minist\u00e9rio da Economia<\/strong> manteve a proje\u00e7\u00e3o para o PIB e elevou a estimativa para a infla\u00e7\u00e3o, de 5,9% para 7,9%, por influ\u00eancia da alta nos pre\u00e7os dos combust\u00edveis e energia el\u00e9trica.<\/p>\n<p>No segundo trimestre do ano, o PIB teve recuo na margem de 0,1% em rela\u00e7\u00e3o ao per\u00edodo anterior (com ajuste sazonal, j\u00e1 que s\u00e3o per\u00edodos diferentes) e cresceu 12,4% na compara\u00e7\u00e3o interanual, mostrando recupera\u00e7\u00e3o em rela\u00e7\u00e3o \u00e0 crise de 2020, segundo a SPE.<\/p>\n<p>A pasta destaca que a redu\u00e7\u00e3o no segundo trimestre se encontra pr\u00f3xima \u00e0 estabilidade, em um trimestre com o maior n\u00famero de mortes da pandemia de covid-19.<\/p>\n<p>Apesar da queda do ritmo da atividade nesse per\u00edodo, os dados mensais de indicadores mostram que a recupera\u00e7\u00e3o da economia continua no terceiro trimestre.<\/p>\n<p>A proje\u00e7\u00e3o do <strong>PIB<\/strong> para o per\u00edodo \u00e9 de crescimento de 0,6% em rela\u00e7\u00e3o ao segundo trimestre (com ajuste sazonal) <a href=\"https:\/\/www.suno.com.br\/artigos\/crescimento-economico\">e de 5% em rela\u00e7\u00e3o ao mesmo trimestre do ano passado<\/a>.<\/p>\n<p><em>Com informa\u00e7\u00f5es do Estad\u00e3o Conte\u00fado<\/em><\/p>\n\t<p>\n\t\t<a href=\"\" target=\"_blank\" data-element=\"shortcode-suno-banner\" title=\"Banner SUNO, clique e saiba mais\">\n\t\t\t<picture>\n\t\t\t\t<source media=\"(max-width: 500px)\" srcset=\"\">\n\t\t\t\t<img class=\"newsContent__article__imgCapa newsContent__article__imgCapa--banner\"\n\t\t\t\t\tsrc=\"\"\n\t\t\t\t\tdata-promo-id=\"184190\"\t\t\t\t\t\t\t\t\t\t\t\t\t\t\talt=\"\"\n\t\t\t\t>\n\t\t\t<\/picture>\n\t\t<\/a>\n\t<\/p>\n\n\n","protected":false},"excerpt":{"rendered":"<p>O avan\u00e7o da imuniza\u00e7\u00e3o da popula\u00e7\u00e3o brasileira contra a covid-19 deve sustentar uma recupera\u00e7\u00e3o do Produto Interno Bruto (PIB) ao longo do segundo semestre de 2021, atrav\u00e9s do avan\u00e7o no consumo de servi\u00e7os, segundo a Funda\u00e7\u00e3o Get\u00falio Vargas (FGV). O PIB brasileiro avan\u00e7ou 0,6% em julho ante junho, segundo o Monitor do PIB divulgado nesta [&hellip;]<\/p>\n","protected":false},"author":73,"featured_media":5345,"comment_status":"closed","ping_status":"closed","sticky":false,"template":"","format":"standard","meta":[],"categories":[62],"tags":[106444,797,807,1245],"suno_strategy":[],"class_list":["post-185156","post","type-post","status-publish","format-standard","has-post-thumbnail","hentry","category-economia","tag-agencias","tag-fgv","tag-produto-interno-bruto-pib","tag-setor-de-servicos"],"yoast_head":"<!-- This site is optimized with the Yoast SEO plugin v24.4 - https:\/\/yoast.com\/wordpress\/plugins\/seo\/ -->\n<title>FGV: Apesar da infla\u00e7\u00e3o e da crise h\u00eddrica, setor de servi\u00e7os puxar\u00e1 PIB<\/title>\n<meta name=\"description\" content=\"O PIB brasileiro avan\u00e7ou 0,6% em julho ante junho, segundo o Monitor do PIB divulgado pela pr\u00f3pria FGV. Clique aqui e leia mais.\" \/>\n<meta name=\"robots\" content=\"index, follow, max-snippet:-1, max-image-preview:large, max-video-preview:-1\" \/>\n<link rel=\"canonical\" href=\"https:\/\/www.suno.com.br\/noticias\/inflacao-pib-fgv-crise-hidrica-fgv-setor-servicos\/\" \/>\n<meta property=\"og:locale\" content=\"pt_BR\" \/>\n<meta property=\"og:type\" content=\"article\" \/>\n<meta property=\"og:title\" content=\"FGV: Apesar da infla\u00e7\u00e3o e da crise h\u00eddrica, setor de servi\u00e7os puxar\u00e1 PIB\" \/>\n<meta property=\"og:description\" content=\"O PIB brasileiro avan\u00e7ou 0,6% em julho ante junho, segundo o Monitor do PIB divulgado pela pr\u00f3pria FGV. Clique aqui e leia mais.\" \/>\n<meta property=\"og:url\" content=\"https:\/\/www.suno.com.br\/noticias\/inflacao-pib-fgv-crise-hidrica-fgv-setor-servicos\/\" \/>\n<meta property=\"og:site_name\" content=\"Suno Not\u00edcias\" \/>\n<meta property=\"article:publisher\" content=\"https:\/\/facebook.com\/sunoresearch\" \/>\n<meta property=\"og:image\" content=\"https:\/\/files.sunoresearch.com.br\/n\/uploads\/2018\/10\/80decce8-setor-de-servi\u00e7o.jpg\" \/>\n\t<meta property=\"og:image:width\" content=\"1920\" \/>\n\t<meta property=\"og:image:height\" content=\"1241\" \/>\n\t<meta property=\"og:image:type\" content=\"image\/jpeg\" \/>\n<meta name=\"author\" content=\"Eduardo Vargas\" \/>\n<meta name=\"twitter:card\" content=\"summary_large_image\" \/>\n<meta name=\"twitter:creator\" content=\"@sunoresearch\" \/>\n<meta name=\"twitter:site\" content=\"@sunoresearch\" \/>\n<meta name=\"twitter:label1\" content=\"Escrito por\" \/>\n\t<meta name=\"twitter:data1\" content=\"Eduardo Vargas\" \/>\n\t<meta name=\"twitter:label2\" content=\"Est. tempo de leitura\" \/>\n\t<meta name=\"twitter:data2\" content=\"3 minutos\" \/>\n<script type=\"application\/ld+json\" class=\"yoast-schema-graph\">{\"@context\":\"https:\/\/schema.org\",\"@graph\":[{\"@type\":\"NewsArticle\",\"@id\":\"https:\/\/www.suno.com.br\/noticias\/inflacao-pib-fgv-crise-hidrica-fgv-setor-servicos\/#article\",\"isPartOf\":{\"@id\":\"https:\/\/www.suno.com.br\/noticias\/inflacao-pib-fgv-crise-hidrica-fgv-setor-servicos\/\"},\"author\":{\"name\":\"Eduardo Vargas\",\"@id\":\"https:\/\/www.suno.com.br\/noticias\/#\/schema\/person\/7f4d362bf3518e76090143ae77bb49a5\"},\"headline\":\"Apesar da infla\u00e7\u00e3o e da crise h\u00eddrica, setor de servi\u00e7os puxar\u00e1 PIB, diz FGV\",\"datePublished\":\"2021-09-17T17:55:21+00:00\",\"mainEntityOfPage\":{\"@id\":\"https:\/\/www.suno.com.br\/noticias\/inflacao-pib-fgv-crise-hidrica-fgv-setor-servicos\/\"},\"wordCount\":641,\"publisher\":{\"@id\":\"https:\/\/www.suno.com.br\/noticias\/#organization\"},\"image\":{\"@id\":\"https:\/\/www.suno.com.br\/noticias\/inflacao-pib-fgv-crise-hidrica-fgv-setor-servicos\/#primaryimage\"},\"thumbnailUrl\":\"https:\/\/files.sunoresearch.com.br\/n\/uploads\/2018\/10\/80decce8-setor-de-servi\u00e7o-jpg.webp\",\"keywords\":[\"Ag\u00eancias\",\"FGV\",\"Produto Interno Bruto (PIB)\",\"setor de servi\u00e7os\"],\"articleSection\":[\"Economia\"],\"inLanguage\":\"pt-BR\"},{\"@type\":\"WebPage\",\"@id\":\"https:\/\/www.suno.com.br\/noticias\/inflacao-pib-fgv-crise-hidrica-fgv-setor-servicos\/\",\"url\":\"https:\/\/www.suno.com.br\/noticias\/inflacao-pib-fgv-crise-hidrica-fgv-setor-servicos\/\",\"name\":\"FGV: Apesar da infla\u00e7\u00e3o e da crise h\u00eddrica, setor de servi\u00e7os puxar\u00e1 PIB\",\"isPartOf\":{\"@id\":\"https:\/\/www.suno.com.br\/noticias\/#website\"},\"primaryImageOfPage\":{\"@id\":\"https:\/\/www.suno.com.br\/noticias\/inflacao-pib-fgv-crise-hidrica-fgv-setor-servicos\/#primaryimage\"},\"image\":{\"@id\":\"https:\/\/www.suno.com.br\/noticias\/inflacao-pib-fgv-crise-hidrica-fgv-setor-servicos\/#primaryimage\"},\"thumbnailUrl\":\"https:\/\/files.sunoresearch.com.br\/n\/uploads\/2018\/10\/80decce8-setor-de-servi\u00e7o-jpg.webp\",\"datePublished\":\"2021-09-17T17:55:21+00:00\",\"description\":\"O PIB brasileiro avan\u00e7ou 0,6% em julho ante junho, segundo o Monitor do PIB divulgado pela pr\u00f3pria FGV. Clique aqui e leia mais.\",\"breadcrumb\":{\"@id\":\"https:\/\/www.suno.com.br\/noticias\/inflacao-pib-fgv-crise-hidrica-fgv-setor-servicos\/#breadcrumb\"},\"inLanguage\":\"pt-BR\",\"potentialAction\":[{\"@type\":\"ReadAction\",\"target\":[\"https:\/\/www.suno.com.br\/noticias\/inflacao-pib-fgv-crise-hidrica-fgv-setor-servicos\/\"]}]},{\"@type\":\"ImageObject\",\"inLanguage\":\"pt-BR\",\"@id\":\"https:\/\/www.suno.com.br\/noticias\/inflacao-pib-fgv-crise-hidrica-fgv-setor-servicos\/#primaryimage\",\"url\":\"https:\/\/files.sunoresearch.com.br\/n\/uploads\/2018\/10\/80decce8-setor-de-servi\u00e7o-jpg.webp\",\"contentUrl\":\"https:\/\/files.sunoresearch.com.br\/n\/uploads\/2018\/10\/80decce8-setor-de-servi\u00e7o-jpg.webp\",\"width\":1920,\"height\":1241,\"caption\":\"O PIB brasileiro avan\u00e7ou 0,6% em julho ante junho, segundo o Monitor do PIB divulgado nesta sexta-feira, 17, pela FGV - Foto: Divulga\u00e7\u00e3o\"},{\"@type\":\"BreadcrumbList\",\"@id\":\"https:\/\/www.suno.com.br\/noticias\/inflacao-pib-fgv-crise-hidrica-fgv-setor-servicos\/#breadcrumb\",\"itemListElement\":[{\"@type\":\"ListItem\",\"position\":1,\"name\":\"Not\u00edcias\",\"item\":\"https:\/\/www.suno.com.br\/noticias\/\"},{\"@type\":\"ListItem\",\"position\":2,\"name\":\"Economia\",\"item\":\"https:\/\/www.suno.com.br\/noticias\/economia\/\"},{\"@type\":\"ListItem\",\"position\":3,\"name\":\"Apesar da infla\u00e7\u00e3o e da crise h\u00eddrica, setor de servi\u00e7os puxar\u00e1 PIB, diz FGV\"}]},{\"@type\":\"WebSite\",\"@id\":\"https:\/\/www.suno.com.br\/noticias\/#website\",\"url\":\"https:\/\/www.suno.com.br\/noticias\/\",\"name\":\"Suno Not\u00edcias\",\"description\":\"Seu portal de informa\u00e7\u00e3o sobre o mundo dos investimentos\",\"publisher\":{\"@id\":\"https:\/\/www.suno.com.br\/noticias\/#organization\"},\"potentialAction\":[{\"@type\":\"SearchAction\",\"target\":{\"@type\":\"EntryPoint\",\"urlTemplate\":\"https:\/\/www.suno.com.br\/noticias\/?s={search_term_string}\"},\"query-input\":{\"@type\":\"PropertyValueSpecification\",\"valueRequired\":true,\"valueName\":\"search_term_string\"}}],\"inLanguage\":\"pt-BR\"},{\"@type\":\"Organization\",\"@id\":\"https:\/\/www.suno.com.br\/noticias\/#organization\",\"name\":\"Suno Not\u00edcias\",\"url\":\"https:\/\/www.suno.com.br\/noticias\/\",\"logo\":{\"@type\":\"ImageObject\",\"inLanguage\":\"pt-BR\",\"@id\":\"https:\/\/www.suno.com.br\/noticias\/#\/schema\/logo\/image\/\",\"url\":\"https:\/\/files.sunoresearch.com.br\/n\/uploads\/2021\/09\/suno-logo.png\",\"contentUrl\":\"https:\/\/files.sunoresearch.com.br\/n\/uploads\/2021\/09\/suno-logo.png\",\"width\":180,\"height\":180,\"caption\":\"Suno Not\u00edcias\"},\"image\":{\"@id\":\"https:\/\/www.suno.com.br\/noticias\/#\/schema\/logo\/image\/\"},\"sameAs\":[\"https:\/\/facebook.com\/sunoresearch\",\"https:\/\/x.com\/sunoresearch\",\"https:\/\/www.instagram.com\/suno\",\"https:\/\/www.linkedin.com\/company\/suno-research\/\",\"https:\/\/www.youtube.com\/c\/sunoresearch\"]},{\"@type\":\"Person\",\"@id\":\"https:\/\/www.suno.com.br\/noticias\/#\/schema\/person\/7f4d362bf3518e76090143ae77bb49a5\",\"name\":\"Eduardo Vargas\",\"image\":{\"@type\":\"ImageObject\",\"inLanguage\":\"pt-BR\",\"@id\":\"https:\/\/www.suno.com.br\/noticias\/#\/schema\/person\/image\/\",\"url\":\"https:\/\/secure.gravatar.com\/avatar\/dac340933427a22924c9f99d1eb2e3f2?s=96&r=g\",\"contentUrl\":\"https:\/\/secure.gravatar.com\/avatar\/dac340933427a22924c9f99d1eb2e3f2?s=96&r=g\",\"caption\":\"Eduardo Vargas\"},\"description\":\"Jornalista formado pela UFSC, cobre macroeconomia, neg\u00f3cios e startups para o Suno Not\u00edcias, escrevendo principalmente not\u00edcias sobre o mercado financeiro e a bolsa de valores. No YouTube e no Instagram, \u00e9 respons\u00e1vel pela produ\u00e7\u00e3o de Reels e Shorts do Suno Not\u00edcias. Anteriormente, trabalhou cobrindo economia e cotidiano no ND+ e para o ND, maior jornal impresso de Santa Catarina. Cursou um semestre letivo de Estudos de M\u00eddia na Universidad de Buenos Aires.\",\"url\":\"https:\/\/www.suno.com.br\/noticias\/author\/eduardo-vargas\/\"}]}<\/script>\n<!-- \/ Yoast SEO plugin. -->","yoast_head_json":{"title":"FGV: Apesar da infla\u00e7\u00e3o e da crise h\u00eddrica, setor de servi\u00e7os puxar\u00e1 PIB","description":"O PIB brasileiro avan\u00e7ou 0,6% em julho ante junho, segundo o Monitor do PIB divulgado pela pr\u00f3pria FGV. Clique aqui e leia mais.","robots":{"index":"index","follow":"follow","max-snippet":"max-snippet:-1","max-image-preview":"max-image-preview:large","max-video-preview":"max-video-preview:-1"},"canonical":"https:\/\/www.suno.com.br\/noticias\/inflacao-pib-fgv-crise-hidrica-fgv-setor-servicos\/","og_locale":"pt_BR","og_type":"article","og_title":"FGV: Apesar da infla\u00e7\u00e3o e da crise h\u00eddrica, setor de servi\u00e7os puxar\u00e1 PIB","og_description":"O PIB brasileiro avan\u00e7ou 0,6% em julho ante junho, segundo o Monitor do PIB divulgado pela pr\u00f3pria FGV. Clique aqui e leia mais.","og_url":"https:\/\/www.suno.com.br\/noticias\/inflacao-pib-fgv-crise-hidrica-fgv-setor-servicos\/","og_site_name":"Suno Not\u00edcias","article_publisher":"https:\/\/facebook.com\/sunoresearch","og_image":[{"width":1920,"height":1241,"url":"https:\/\/files.sunoresearch.com.br\/n\/uploads\/2018\/10\/80decce8-setor-de-servi\u00e7o.jpg","type":"image\/jpeg"}],"author":"Eduardo Vargas","twitter_card":"summary_large_image","twitter_creator":"@sunoresearch","twitter_site":"@sunoresearch","twitter_misc":{"Escrito por":"Eduardo Vargas","Est. tempo de leitura":"3 minutos"},"schema":{"@context":"https:\/\/schema.org","@graph":[{"@type":"NewsArticle","@id":"https:\/\/www.suno.com.br\/noticias\/inflacao-pib-fgv-crise-hidrica-fgv-setor-servicos\/#article","isPartOf":{"@id":"https:\/\/www.suno.com.br\/noticias\/inflacao-pib-fgv-crise-hidrica-fgv-setor-servicos\/"},"author":{"name":"Eduardo Vargas","@id":"https:\/\/www.suno.com.br\/noticias\/#\/schema\/person\/7f4d362bf3518e76090143ae77bb49a5"},"headline":"Apesar da infla\u00e7\u00e3o e da crise h\u00eddrica, setor de servi\u00e7os puxar\u00e1 PIB, diz FGV","datePublished":"2021-09-17T17:55:21+00:00","mainEntityOfPage":{"@id":"https:\/\/www.suno.com.br\/noticias\/inflacao-pib-fgv-crise-hidrica-fgv-setor-servicos\/"},"wordCount":641,"publisher":{"@id":"https:\/\/www.suno.com.br\/noticias\/#organization"},"image":{"@id":"https:\/\/www.suno.com.br\/noticias\/inflacao-pib-fgv-crise-hidrica-fgv-setor-servicos\/#primaryimage"},"thumbnailUrl":"https:\/\/files.sunoresearch.com.br\/n\/uploads\/2018\/10\/80decce8-setor-de-servi\u00e7o-jpg.webp","keywords":["Ag\u00eancias","FGV","Produto Interno Bruto (PIB)","setor de servi\u00e7os"],"articleSection":["Economia"],"inLanguage":"pt-BR"},{"@type":"WebPage","@id":"https:\/\/www.suno.com.br\/noticias\/inflacao-pib-fgv-crise-hidrica-fgv-setor-servicos\/","url":"https:\/\/www.suno.com.br\/noticias\/inflacao-pib-fgv-crise-hidrica-fgv-setor-servicos\/","name":"FGV: Apesar da infla\u00e7\u00e3o e da crise h\u00eddrica, setor de servi\u00e7os puxar\u00e1 PIB","isPartOf":{"@id":"https:\/\/www.suno.com.br\/noticias\/#website"},"primaryImageOfPage":{"@id":"https:\/\/www.suno.com.br\/noticias\/inflacao-pib-fgv-crise-hidrica-fgv-setor-servicos\/#primaryimage"},"image":{"@id":"https:\/\/www.suno.com.br\/noticias\/inflacao-pib-fgv-crise-hidrica-fgv-setor-servicos\/#primaryimage"},"thumbnailUrl":"https:\/\/files.sunoresearch.com.br\/n\/uploads\/2018\/10\/80decce8-setor-de-servi\u00e7o-jpg.webp","datePublished":"2021-09-17T17:55:21+00:00","description":"O PIB brasileiro avan\u00e7ou 0,6% em julho ante junho, segundo o Monitor do PIB divulgado pela pr\u00f3pria FGV. Clique aqui e leia mais.","breadcrumb":{"@id":"https:\/\/www.suno.com.br\/noticias\/inflacao-pib-fgv-crise-hidrica-fgv-setor-servicos\/#breadcrumb"},"inLanguage":"pt-BR","potentialAction":[{"@type":"ReadAction","target":["https:\/\/www.suno.com.br\/noticias\/inflacao-pib-fgv-crise-hidrica-fgv-setor-servicos\/"]}]},{"@type":"ImageObject","inLanguage":"pt-BR","@id":"https:\/\/www.suno.com.br\/noticias\/inflacao-pib-fgv-crise-hidrica-fgv-setor-servicos\/#primaryimage","url":"https:\/\/files.sunoresearch.com.br\/n\/uploads\/2018\/10\/80decce8-setor-de-servi\u00e7o-jpg.webp","contentUrl":"https:\/\/files.sunoresearch.com.br\/n\/uploads\/2018\/10\/80decce8-setor-de-servi\u00e7o-jpg.webp","width":1920,"height":1241,"caption":"O PIB brasileiro avan\u00e7ou 0,6% em julho ante junho, segundo o Monitor do PIB divulgado nesta sexta-feira, 17, pela FGV - Foto: Divulga\u00e7\u00e3o"},{"@type":"BreadcrumbList","@id":"https:\/\/www.suno.com.br\/noticias\/inflacao-pib-fgv-crise-hidrica-fgv-setor-servicos\/#breadcrumb","itemListElement":[{"@type":"ListItem","position":1,"name":"Not\u00edcias","item":"https:\/\/www.suno.com.br\/noticias\/"},{"@type":"ListItem","position":2,"name":"Economia","item":"https:\/\/www.suno.com.br\/noticias\/economia\/"},{"@type":"ListItem","position":3,"name":"Apesar da infla\u00e7\u00e3o e da crise h\u00eddrica, setor de servi\u00e7os puxar\u00e1 PIB, diz FGV"}]},{"@type":"WebSite","@id":"https:\/\/www.suno.com.br\/noticias\/#website","url":"https:\/\/www.suno.com.br\/noticias\/","name":"Suno Not\u00edcias","description":"Seu portal de informa\u00e7\u00e3o sobre o mundo dos investimentos","publisher":{"@id":"https:\/\/www.suno.com.br\/noticias\/#organization"},"potentialAction":[{"@type":"SearchAction","target":{"@type":"EntryPoint","urlTemplate":"https:\/\/www.suno.com.br\/noticias\/?s={search_term_string}"},"query-input":{"@type":"PropertyValueSpecification","valueRequired":true,"valueName":"search_term_string"}}],"inLanguage":"pt-BR"},{"@type":"Organization","@id":"https:\/\/www.suno.com.br\/noticias\/#organization","name":"Suno Not\u00edcias","url":"https:\/\/www.suno.com.br\/noticias\/","logo":{"@type":"ImageObject","inLanguage":"pt-BR","@id":"https:\/\/www.suno.com.br\/noticias\/#\/schema\/logo\/image\/","url":"https:\/\/files.sunoresearch.com.br\/n\/uploads\/2021\/09\/suno-logo.png","contentUrl":"https:\/\/files.sunoresearch.com.br\/n\/uploads\/2021\/09\/suno-logo.png","width":180,"height":180,"caption":"Suno Not\u00edcias"},"image":{"@id":"https:\/\/www.suno.com.br\/noticias\/#\/schema\/logo\/image\/"},"sameAs":["https:\/\/facebook.com\/sunoresearch","https:\/\/x.com\/sunoresearch","https:\/\/www.instagram.com\/suno","https:\/\/www.linkedin.com\/company\/suno-research\/","https:\/\/www.youtube.com\/c\/sunoresearch"]},{"@type":"Person","@id":"https:\/\/www.suno.com.br\/noticias\/#\/schema\/person\/7f4d362bf3518e76090143ae77bb49a5","name":"Eduardo Vargas","image":{"@type":"ImageObject","inLanguage":"pt-BR","@id":"https:\/\/www.suno.com.br\/noticias\/#\/schema\/person\/image\/","url":"https:\/\/secure.gravatar.com\/avatar\/dac340933427a22924c9f99d1eb2e3f2?s=96&r=g","contentUrl":"https:\/\/secure.gravatar.com\/avatar\/dac340933427a22924c9f99d1eb2e3f2?s=96&r=g","caption":"Eduardo Vargas"},"description":"Jornalista formado pela UFSC, cobre macroeconomia, neg\u00f3cios e startups para o Suno Not\u00edcias, escrevendo principalmente not\u00edcias sobre o mercado financeiro e a bolsa de valores. No YouTube e no Instagram, \u00e9 respons\u00e1vel pela produ\u00e7\u00e3o de Reels e Shorts do Suno Not\u00edcias. Anteriormente, trabalhou cobrindo economia e cotidiano no ND+ e para o ND, maior jornal impresso de Santa Catarina. Cursou um semestre letivo de Estudos de M\u00eddia na Universidad de Buenos Aires.","url":"https:\/\/www.suno.com.br\/noticias\/author\/eduardo-vargas\/"}]}},"default_loop_html":"<div class=\"cardsPage__listCard__boxs\"><div class=\"cardsPage__listCard__boxs__img\"><a href=\"https:\/\/www.suno.com.br\/noticias\/inflacao-pib-fgv-crise-hidrica-fgv-setor-servicos\/\"><img class=\"mask\" src=\"https:\/\/www.suno.com.br\/noticias\/wp-content\/themes\/suno\/resources\/images\/spotlight\/spotlight1img\/bg-mask.png\" alt=\"Image Mask\"\/><img src=\"https:\/\/files.sunoresearch.com.br\/n\/uploads\/2018\/10\/80decce8-setor-de-servi\u00e7o-400x200.webp\" alt=\"Apesar da infla\u00e7\u00e3o e da crise h\u00eddrica, setor de servi\u00e7os puxar\u00e1 PIB, diz FGV\"\/><\/a><span class=\"spotlightCategory\"><a href=\"https:\/\/www.suno.com.br\/noticias\/economia\/\">Economia<\/a><\/span><\/div><div class=\"cardsPage__listCard__boxs__content\"><a href=\"https:\/\/www.suno.com.br\/noticias\/inflacao-pib-fgv-crise-hidrica-fgv-setor-servicos\/\"><h2 class=\"content__title\">Apesar da infla\u00e7\u00e3o e da crise h\u00eddrica, setor de servi\u00e7os puxar\u00e1 PIB, diz FGV<\/h2><\/a><div class=\"newsContent__article__meta\"><div class=\"newsContent__article__meta__authorBox\"><a href=\"https:\/\/www.suno.com.br\/noticias\/author\/eduardo-vargas\/\" class=\"authorBox__avatar noMobi\"><img src=\"https:\/\/secure.gravatar.com\/avatar\/dac340933427a22924c9f99d1eb2e3f2?s=96&#038;r=g\" alt=\"Eduardo Vargas\"><\/a><div class=\"authorBox__name\"><span>por\n\t\t\t<a href=\"https:\/\/www.suno.com.br\/noticias\/author\/eduardo-vargas\/\"><span itemprop=\"author\">Eduardo Vargas<\/span><\/a><\/span><time datetime=\"2021-09-17T14:55:21-03:00\" itemprop=\"datePublished\">17\/09\/2021 14:55<\/time><\/div><\/div><\/div><\/div><\/div>","single_layout":"posts","amp_enabled":true,"_links":{"self":[{"href":"https:\/\/www.suno.com.br\/noticias\/wp-json\/wp\/v2\/posts\/185156"}],"collection":[{"href":"https:\/\/www.suno.com.br\/noticias\/wp-json\/wp\/v2\/posts"}],"about":[{"href":"https:\/\/www.suno.com.br\/noticias\/wp-json\/wp\/v2\/types\/post"}],"author":[{"embeddable":true,"href":"https:\/\/www.suno.com.br\/noticias\/wp-json\/wp\/v2\/users\/73"}],"replies":[{"embeddable":true,"href":"https:\/\/www.suno.com.br\/noticias\/wp-json\/wp\/v2\/comments?post=185156"}],"version-history":[{"count":2,"href":"https:\/\/www.suno.com.br\/noticias\/wp-json\/wp\/v2\/posts\/185156\/revisions"}],"predecessor-version":[{"id":185166,"href":"https:\/\/www.suno.com.br\/noticias\/wp-json\/wp\/v2\/posts\/185156\/revisions\/185166"}],"wp:featuredmedia":[{"embeddable":true,"href":"https:\/\/www.suno.com.br\/noticias\/wp-json\/wp\/v2\/media\/5345"}],"wp:attachment":[{"href":"https:\/\/www.suno.com.br\/noticias\/wp-json\/wp\/v2\/media?parent=185156"}],"wp:term":[{"taxonomy":"category","embeddable":true,"href":"https:\/\/www.suno.com.br\/noticias\/wp-json\/wp\/v2\/categories?post=185156"},{"taxonomy":"post_tag","embeddable":true,"href":"https:\/\/www.suno.com.br\/noticias\/wp-json\/wp\/v2\/tags?post=185156"},{"taxonomy":"suno_strategy","embeddable":true,"href":"https:\/\/www.suno.com.br\/noticias\/wp-json\/wp\/v2\/suno_strategy?post=185156"}],"curies":[{"name":"wp","href":"https:\/\/api.w.org\/{rel}","templated":true}]}}