{"id":185123,"date":"2021-09-17T16:09:04","date_gmt":"2021-09-17T19:09:04","guid":{"rendered":"https:\/\/www.suno.com.br\/noticias\/?p=185123"},"modified":"2021-09-17T16:59:06","modified_gmt":"2021-09-17T19:59:06","slug":"iof-na-contramao-da-economia-fgv","status":"publish","type":"post","link":"https:\/\/www.suno.com.br\/noticias\/iof-na-contramao-da-economia-fgv\/","title":{"rendered":"Decis\u00e3o do IOF vai na contram\u00e3o do que economia precisa, diz FGV"},"content":{"rendered":"<p>A decis\u00e3o de aumentar a al\u00edquota do <a class=\"suno-keyword\" href=\"https:\/\/www.suno.com.br\/artigos\/iof\/\" target=\"_blank\" rel=\"noopener\" data-force=\"no\" data-priority=\"2\">Imposto sobre Opera\u00e7\u00f5es Financeiras (<strong>IOF<\/strong>)<\/a> para financiar o programa Aux\u00edlio Brasil \u00e9 mais uma op\u00e7\u00e3o pela sa\u00edda f\u00e1cil de colocar o contribuinte para pagar custos adicionais. A avalia\u00e7\u00e3o \u00e9 da pesquisadora de finan\u00e7as p\u00fablicas do Instituto Brasileiro de Economia da Funda\u00e7\u00e3o Getulio Vargas (Ibre\/FGV) Juliana Damasceno.<\/p>\t<div class=\"wrapper-featured-image\">\n\t\t<figure class=\"spotlightImg\">\n\n\t\t\t<picture>\n\t\t\t\t<source media=\"(max-width: 768px)\" srcset=\"https:\/\/files.sunoresearch.com.br\/n\/uploads\/2021\/03\/46fb6db6-coins-948603_1280-1-400x200.webp\">\n\t\t\t\t<img loading=\"lazy\" decoding=\"async\" class=\"newsContent__article__imgCapa lazyloadDisabled \" src=\"https:\/\/files.sunoresearch.com.br\/n\/uploads\/2021\/03\/46fb6db6-coins-948603_1280-1-800x450.webp\" width=\"800\" height=\"450\" alt=\"Decis\u00e3o do IOF vai na contram\u00e3o do que economia precisa, diz FGV\" fetchpriority=high \/>\n\t\t\t<\/picture>\n\n\t\t\t<figcaption class=\"wp-caption-text wp-caption-text--show\">Foto: Pixabay<\/figcaption>\n\t\t<\/figure>\n\t<\/div>\n\n\n\t<p>\n\t\t<a href=\"https:\/\/lp.suno.com.br\/planilha-controle-gastos\/\" target=\"_blank\" data-element=\"shortcode-suno-banner\" title=\"Banner SUNO, clique e saiba mais\">\n\t\t\t<picture>\n\t\t\t\t<source media=\"(max-width: 500px)\" srcset=\"https:\/\/files.sunoresearch.com.br\/n\/uploads\/2023\/03\/400x300-Planilha-controle-de-gastos.png\">\n\t\t\t\t<img class=\"newsContent__article__imgCapa newsContent__article__imgCapa--banner\"\n\t\t\t\t\tsrc=\"https:\/\/files.sunoresearch.com.br\/n\/uploads\/2023\/03\/1420x240-Planilha-controle-de-gastos.png\"\n\t\t\t\t\tdata-promo-id=\"101751\"\t\t\t\t\t\t\t\t\t\twidth='1420' height='240'\t\t\t\t\talt=\"https:\/\/files.sunoresearch.com.br\/n\/uploads\/2023\/03\/1420x240-Planilha-controle-de-gastos.png\"\n\t\t\t\t>\n\t\t\t<\/picture>\n\t\t<\/a>\n\t<\/p>\n\n\n<p>&#8220;A arrecada\u00e7\u00e3o por IOF \u00e9 r\u00e1pida e em larga escala, mas gera aumento de custos para a <strong>economia<\/strong> inteira. Aumentar imposto neste momento, com <a class=\"suno-keyword\" href=\"https:\/\/www.suno.com.br\/artigos\/carga-tributaria\/\" target=\"_blank\" rel=\"noopener\" data-force=\"no\" data-priority=\"1\">carga tribut\u00e1ria<\/a> j\u00e1 elevada e infla\u00e7\u00e3o no acelerador, n\u00e3o faz sentido&#8221;, afirma Juliana. &#8220;Isso vai na contram\u00e3o do que a economia precisa para se recuperar. \u00c9 uma nova queda de renda dispon\u00edvel, agora por aumento de taxa\u00e7\u00e3o. A perspectiva de consumo para os pr\u00f3ximos meses fica bastante desfavor\u00e1vel.&#8221;<\/p>\n<p>Para ela, revisar gastos ineficientes, como benef\u00edcios fiscais, seria uma solu\u00e7\u00e3o mais adequada para o <strong>Aux\u00edlio Brasil<\/strong> caber no Or\u00e7amento.<\/p>\n\t<p>\n\t\t<a href=\"https:\/\/lp.suno.com.br\/planilha-da-vida-financeira\/\" target=\"_blank\" data-element=\"shortcode-suno-banner\" title=\"Banner SUNO, clique e saiba mais\">\n\t\t\t<picture>\n\t\t\t\t<source media=\"(max-width: 500px)\" srcset=\"https:\/\/files.sunoresearch.com.br\/n\/uploads\/2023\/04\/400x300-Planilha-vida-financeira-true.png\">\n\t\t\t\t<img class=\"newsContent__article__imgCapa newsContent__article__imgCapa--banner\"\n\t\t\t\t\tsrc=\"https:\/\/files.sunoresearch.com.br\/n\/uploads\/2023\/04\/1420x240-Planilha-vida-financeira-true.png\"\n\t\t\t\t\tdata-promo-id=\"106682\"\t\t\t\t\t\t\t\t\t\twidth='1420' height='240'\t\t\t\t\talt=\"https:\/\/files.sunoresearch.com.br\/n\/uploads\/2023\/04\/1420x240-Planilha-vida-financeira-true.png\"\n\t\t\t\t>\n\t\t\t<\/picture>\n\t\t<\/a>\n\t<\/p>\n\n\n<p>A pesquisadora ressalta que o risco de acomodar custos de forma indiscriminada faz parte do problema da incapacidade do Pa\u00eds em rever despesas, que levou ao congelamento de gastos em termos reais por 20 anos.<\/p>\n<p>Ela tamb\u00e9m questiona o fato de a decis\u00e3o sobre o IOF ter acontecido no mesmo dia em que o governo elevou de 6,2% para 8,4% a proje\u00e7\u00e3o para o <a class=\"suno-keyword\" href=\"https:\/\/www.suno.com.br\/artigos\/inpc\/\" target=\"_blank\" rel=\"noopener\" data-force=\"no\" data-priority=\"2\">\u00cdndice Nacional de Pre\u00e7os ao Consumidor (INPC)<\/a> de 2021.<\/p>\n\t<p>\n\t\t<a href=\"https:\/\/lp.suno.com.br\/ebook-como-analisar-uma-acao\/\" target=\"_blank\" data-element=\"shortcode-suno-banner\" title=\"Banner SUNO, clique e saiba mais\">\n\t\t\t<picture>\n\t\t\t\t<source media=\"(max-width: 500px)\" srcset=\"https:\/\/files.sunoresearch.com.br\/n\/uploads\/2023\/03\/Ebook-Acoes-Mobile-1.jpg\">\n\t\t\t\t<img class=\"newsContent__article__imgCapa newsContent__article__imgCapa--banner\"\n\t\t\t\t\tsrc=\"https:\/\/files.sunoresearch.com.br\/n\/uploads\/2023\/03\/Ebook-Acoes-Desktop-1.jpg\"\n\t\t\t\t\tdata-promo-id=\"171998\"\t\t\t\t\t\t\t\t\t\twidth='1420' height='286'\t\t\t\t\talt=\"https:\/\/files.sunoresearch.com.br\/n\/uploads\/2023\/03\/Ebook-Acoes-Desktop-1.jpg\"\n\t\t\t\t>\n\t\t\t<\/picture>\n\t\t<\/a>\n\t<\/p>\n\n\n<p>&#8220;Pode ser revista com a mudan\u00e7a no IOF, porque o canal de custo fica mais caro. \u00c9 uma m\u00e1 not\u00edcia para empresas e cidad\u00e3os, porque refor\u00e7a a press\u00e3o inflacion\u00e1ria, encarece empr\u00e9stimos com Selic j\u00e1 bastante alta. Na pr\u00e1tica, tem juro maior e imposto maior&#8221;, diz a pesquisadora.<\/p>\n<h2>Decreto que aumenta IOF para custear Aux\u00edlio Brasil \u00e9 publicado no DOU<\/h2>\n<p>O Di\u00e1rio Oficial da Uni\u00e3o (DOU) publicou hoje (17) um <a href=\"https:\/\/www.in.gov.br\/en\/web\/dou\/-\/decreto-n-10.797-de-16-de-setembro-de-2021-345435328\" target=\"_blank\" rel=\"noopener\">decreto assinado<\/a> pelo presidente Jair Bolsonaro com as novas al\u00edquotas do Imposto sobre Opera\u00e7\u00f5es Financeiras (<strong>IOF<\/strong>), que incide sobre opera\u00e7\u00f5es de cr\u00e9dito, c\u00e2mbio e seguro ou relativas a t\u00edtulos ou valores mobili\u00e1rios. As novas al\u00edquotas valem para pessoas f\u00edsicas e jur\u00eddicas e ser\u00e3o aplicadas no per\u00edodo de 20 de setembro at\u00e9 31 de dezembro de 2021.<img decoding=\"async\" style=\"width: 1px; height: 1px;\" src=\"https:\/\/agenciabrasil.ebc.com.br\/ebc.png?id=1421941&amp;o=rss\" \/><img decoding=\"async\" style=\"width: 1px; height: 1px;\" src=\"https:\/\/agenciabrasil.ebc.com.br\/ebc.gif?id=1421941&amp;o=rss\" \/><\/p>\n\t<div data-element=\"shortcode-read-more\" class=\"knowMore\">\n\t\t\t\t<span class=\"knowMore__title\">Saiba Mais<\/span>\n\t\t\t\t<a class=\"knowMore__link\" href=\"https:\/\/www.suno.com.br\/noticias\/decreto-de-bolsonaro-que-aumenta-iof-para-custear-auxilio-brasil-e-publicado-no-dou\/\">\n\t\t\tDecreto de Bolsonaro que aumenta IOF para custear Aux\u00edlio Brasil \u00e9 publicado no DOU\t\t<\/a>\n\t<\/div>\n\n\n<p>Para as pessoas f\u00edsicas a atual <strong>al\u00edquota <\/strong>passa de 3% ao ano (di\u00e1ria de 0,0082%) para 4,08% (di\u00e1ria de 0,01118%). J\u00e1 para as pessoas jur\u00eddicas, a al\u00edquota anual passa de 1,5% ao ano (atual al\u00edquota di\u00e1ria de 0,0041%) para 2,04% (di\u00e1ria de 0,00559%).<\/p>\n<p>\u201cA arrecada\u00e7\u00e3o obtida com a medida com <strong>IOF<\/strong> custear\u00e1 ainda as propostas de redu\u00e7\u00e3o a zero da al\u00edquota da contribui\u00e7\u00e3o para o PIS\/Cofins incidente na importa\u00e7\u00e3o de milho, com impacto de R$ 66,47 milh\u00f5es de reais no ano de 2021 e o aumento do valor da cota de importa\u00e7\u00e3o pelo CNPQ, que acarreta ren\u00fancia fiscal no valor de R$ 236,49 milh\u00f5es no ano de 2021\u201d, informou o Minist\u00e9rio da Economia.<\/p>\n<p>(Com informa\u00e7\u00f5es do Estad\u00e3o Conte\u00fado)<\/p>\n\t<p>\n\t\t<a href=\"https:\/\/lp.suno.com.br\/planilha-de-controle-de-investimentos\/\" target=\"_blank\" data-element=\"shortcode-suno-banner\" title=\"Banner SUNO, clique e saiba mais\">\n\t\t\t<picture>\n\t\t\t\t<source media=\"(max-width: 500px)\" srcset=\"https:\/\/files.sunoresearch.com.br\/n\/uploads\/2023\/03\/400x300-Controle-de-Investimentos.png\">\n\t\t\t\t<img class=\"newsContent__article__imgCapa newsContent__article__imgCapa--banner\"\n\t\t\t\t\tsrc=\"https:\/\/files.sunoresearch.com.br\/n\/uploads\/2023\/03\/1420x240-Controle-de-Investimentos.png\"\n\t\t\t\t\tdata-promo-id=\"75934\"\t\t\t\t\t\t\t\t\t\twidth='1420' height='240'\t\t\t\t\talt=\"https:\/\/files.sunoresearch.com.br\/n\/uploads\/2023\/03\/1420x240-Controle-de-Investimentos.png\"\n\t\t\t\t>\n\t\t\t<\/picture>\n\t\t<\/a>\n\t<\/p>\n\n\n","protected":false},"excerpt":{"rendered":"<p>A decis\u00e3o de aumentar a al\u00edquota do Imposto sobre Opera\u00e7\u00f5es Financeiras (IOF) para financiar o programa Aux\u00edlio Brasil \u00e9 mais uma op\u00e7\u00e3o pela sa\u00edda f\u00e1cil de colocar o contribuinte para pagar custos adicionais. A avalia\u00e7\u00e3o \u00e9 da pesquisadora de finan\u00e7as p\u00fablicas do Instituto Brasileiro de Economia da Funda\u00e7\u00e3o Getulio Vargas (Ibre\/FGV) Juliana Damasceno. Foto: Pixabay [&hellip;]<\/p>\n","protected":false},"author":15,"featured_media":136138,"comment_status":"closed","ping_status":"closed","sticky":false,"template":"","format":"standard","meta":[],"categories":[62],"tags":[],"suno_strategy":[],"class_list":["post-185123","post","type-post","status-publish","format-standard","has-post-thumbnail","hentry","category-economia"],"yoast_head":"<!-- This site is optimized with the Yoast SEO plugin v24.4 - https:\/\/yoast.com\/wordpress\/plugins\/seo\/ -->\n<title>Decis\u00e3o do IOF vai na contram\u00e3o do que economia precisa, diz FGV<\/title>\n<meta name=\"description\" content=\"Aumentar al\u00edquota do IOF \u00e9 mais uma op\u00e7\u00e3o pela sa\u00edda f\u00e1cil de colocar o contribuinte para pagar custos adicionais, diz FGV. Clique aqui\" \/>\n<meta name=\"robots\" content=\"index, follow, max-snippet:-1, max-image-preview:large, max-video-preview:-1\" \/>\n<link rel=\"canonical\" href=\"https:\/\/www.suno.com.br\/noticias\/iof-na-contramao-da-economia-fgv\/\" \/>\n<meta property=\"og:locale\" content=\"pt_BR\" \/>\n<meta property=\"og:type\" content=\"article\" \/>\n<meta property=\"og:title\" content=\"Decis\u00e3o do IOF vai na contram\u00e3o do que economia precisa, diz FGV\" \/>\n<meta property=\"og:description\" content=\"Aumentar al\u00edquota do IOF \u00e9 mais uma op\u00e7\u00e3o pela sa\u00edda f\u00e1cil de colocar o contribuinte para pagar custos adicionais, diz FGV. Clique aqui\" \/>\n<meta property=\"og:url\" content=\"https:\/\/www.suno.com.br\/noticias\/iof-na-contramao-da-economia-fgv\/\" \/>\n<meta property=\"og:site_name\" content=\"Suno Not\u00edcias\" \/>\n<meta property=\"article:publisher\" content=\"https:\/\/facebook.com\/sunoresearch\" \/>\n<meta property=\"og:image\" content=\"https:\/\/files.sunoresearch.com.br\/n\/uploads\/2021\/03\/46fb6db6-coins-948603_1280-1.jpg\" \/>\n\t<meta property=\"og:image:width\" content=\"1280\" \/>\n\t<meta property=\"og:image:height\" content=\"853\" \/>\n\t<meta property=\"og:image:type\" content=\"image\/jpeg\" \/>\n<meta name=\"author\" content=\"Poliana Santos\" \/>\n<meta name=\"twitter:card\" content=\"summary_large_image\" \/>\n<meta name=\"twitter:creator\" content=\"@sunoresearch\" \/>\n<meta name=\"twitter:site\" content=\"@sunoresearch\" \/>\n<meta name=\"twitter:label1\" content=\"Escrito por\" \/>\n\t<meta name=\"twitter:data1\" content=\"Poliana Santos\" \/>\n\t<meta name=\"twitter:label2\" content=\"Est. tempo de leitura\" \/>\n\t<meta name=\"twitter:data2\" content=\"3 minutos\" \/>\n<script type=\"application\/ld+json\" class=\"yoast-schema-graph\">{\"@context\":\"https:\/\/schema.org\",\"@graph\":[{\"@type\":\"NewsArticle\",\"@id\":\"https:\/\/www.suno.com.br\/noticias\/iof-na-contramao-da-economia-fgv\/#article\",\"isPartOf\":{\"@id\":\"https:\/\/www.suno.com.br\/noticias\/iof-na-contramao-da-economia-fgv\/\"},\"author\":{\"name\":\"Poliana Santos\",\"@id\":\"https:\/\/www.suno.com.br\/noticias\/#\/schema\/person\/02ec1f752758247878a2bf4abee1aeda\"},\"headline\":\"Decis\u00e3o do IOF vai na contram\u00e3o do que economia precisa, diz FGV\",\"datePublished\":\"2021-09-17T19:09:04+00:00\",\"dateModified\":\"2021-09-17T19:59:06+00:00\",\"mainEntityOfPage\":{\"@id\":\"https:\/\/www.suno.com.br\/noticias\/iof-na-contramao-da-economia-fgv\/\"},\"wordCount\":545,\"publisher\":{\"@id\":\"https:\/\/www.suno.com.br\/noticias\/#organization\"},\"image\":{\"@id\":\"https:\/\/www.suno.com.br\/noticias\/iof-na-contramao-da-economia-fgv\/#primaryimage\"},\"thumbnailUrl\":\"https:\/\/files.sunoresearch.com.br\/n\/uploads\/2021\/03\/46fb6db6-coins-948603_1280-1-jpg.webp\",\"articleSection\":[\"Economia\"],\"inLanguage\":\"pt-BR\"},{\"@type\":\"WebPage\",\"@id\":\"https:\/\/www.suno.com.br\/noticias\/iof-na-contramao-da-economia-fgv\/\",\"url\":\"https:\/\/www.suno.com.br\/noticias\/iof-na-contramao-da-economia-fgv\/\",\"name\":\"Decis\u00e3o do IOF vai na contram\u00e3o do que economia precisa, diz FGV\",\"isPartOf\":{\"@id\":\"https:\/\/www.suno.com.br\/noticias\/#website\"},\"primaryImageOfPage\":{\"@id\":\"https:\/\/www.suno.com.br\/noticias\/iof-na-contramao-da-economia-fgv\/#primaryimage\"},\"image\":{\"@id\":\"https:\/\/www.suno.com.br\/noticias\/iof-na-contramao-da-economia-fgv\/#primaryimage\"},\"thumbnailUrl\":\"https:\/\/files.sunoresearch.com.br\/n\/uploads\/2021\/03\/46fb6db6-coins-948603_1280-1-jpg.webp\",\"datePublished\":\"2021-09-17T19:09:04+00:00\",\"dateModified\":\"2021-09-17T19:59:06+00:00\",\"description\":\"Aumentar al\u00edquota do IOF \u00e9 mais uma op\u00e7\u00e3o pela sa\u00edda f\u00e1cil de colocar o contribuinte para pagar custos adicionais, diz FGV. Clique aqui\",\"breadcrumb\":{\"@id\":\"https:\/\/www.suno.com.br\/noticias\/iof-na-contramao-da-economia-fgv\/#breadcrumb\"},\"inLanguage\":\"pt-BR\",\"potentialAction\":[{\"@type\":\"ReadAction\",\"target\":[\"https:\/\/www.suno.com.br\/noticias\/iof-na-contramao-da-economia-fgv\/\"]}]},{\"@type\":\"ImageObject\",\"inLanguage\":\"pt-BR\",\"@id\":\"https:\/\/www.suno.com.br\/noticias\/iof-na-contramao-da-economia-fgv\/#primaryimage\",\"url\":\"https:\/\/files.sunoresearch.com.br\/n\/uploads\/2021\/03\/46fb6db6-coins-948603_1280-1-jpg.webp\",\"contentUrl\":\"https:\/\/files.sunoresearch.com.br\/n\/uploads\/2021\/03\/46fb6db6-coins-948603_1280-1-jpg.webp\",\"width\":1280,\"height\":853,\"caption\":\"Foto: Pixabay\"},{\"@type\":\"BreadcrumbList\",\"@id\":\"https:\/\/www.suno.com.br\/noticias\/iof-na-contramao-da-economia-fgv\/#breadcrumb\",\"itemListElement\":[{\"@type\":\"ListItem\",\"position\":1,\"name\":\"Not\u00edcias\",\"item\":\"https:\/\/www.suno.com.br\/noticias\/\"},{\"@type\":\"ListItem\",\"position\":2,\"name\":\"Economia\",\"item\":\"https:\/\/www.suno.com.br\/noticias\/economia\/\"},{\"@type\":\"ListItem\",\"position\":3,\"name\":\"Decis\u00e3o do IOF vai na contram\u00e3o do que economia precisa, diz FGV\"}]},{\"@type\":\"WebSite\",\"@id\":\"https:\/\/www.suno.com.br\/noticias\/#website\",\"url\":\"https:\/\/www.suno.com.br\/noticias\/\",\"name\":\"Suno Not\u00edcias\",\"description\":\"Seu portal de informa\u00e7\u00e3o sobre o mundo dos investimentos\",\"publisher\":{\"@id\":\"https:\/\/www.suno.com.br\/noticias\/#organization\"},\"potentialAction\":[{\"@type\":\"SearchAction\",\"target\":{\"@type\":\"EntryPoint\",\"urlTemplate\":\"https:\/\/www.suno.com.br\/noticias\/?s={search_term_string}\"},\"query-input\":{\"@type\":\"PropertyValueSpecification\",\"valueRequired\":true,\"valueName\":\"search_term_string\"}}],\"inLanguage\":\"pt-BR\"},{\"@type\":\"Organization\",\"@id\":\"https:\/\/www.suno.com.br\/noticias\/#organization\",\"name\":\"Suno Not\u00edcias\",\"url\":\"https:\/\/www.suno.com.br\/noticias\/\",\"logo\":{\"@type\":\"ImageObject\",\"inLanguage\":\"pt-BR\",\"@id\":\"https:\/\/www.suno.com.br\/noticias\/#\/schema\/logo\/image\/\",\"url\":\"https:\/\/files.sunoresearch.com.br\/n\/uploads\/2021\/09\/suno-logo.png\",\"contentUrl\":\"https:\/\/files.sunoresearch.com.br\/n\/uploads\/2021\/09\/suno-logo.png\",\"width\":180,\"height\":180,\"caption\":\"Suno Not\u00edcias\"},\"image\":{\"@id\":\"https:\/\/www.suno.com.br\/noticias\/#\/schema\/logo\/image\/\"},\"sameAs\":[\"https:\/\/facebook.com\/sunoresearch\",\"https:\/\/x.com\/sunoresearch\",\"https:\/\/www.instagram.com\/suno\",\"https:\/\/www.linkedin.com\/company\/suno-research\/\",\"https:\/\/www.youtube.com\/c\/sunoresearch\"]},{\"@type\":\"Person\",\"@id\":\"https:\/\/www.suno.com.br\/noticias\/#\/schema\/person\/02ec1f752758247878a2bf4abee1aeda\",\"name\":\"Poliana Santos\",\"image\":{\"@type\":\"ImageObject\",\"inLanguage\":\"pt-BR\",\"@id\":\"https:\/\/www.suno.com.br\/noticias\/#\/schema\/person\/image\/\",\"url\":\"https:\/\/secure.gravatar.com\/avatar\/0645bd32f23d87b2130f2b2dff1d3f8d?s=96&r=g\",\"contentUrl\":\"https:\/\/secure.gravatar.com\/avatar\/0645bd32f23d87b2130f2b2dff1d3f8d?s=96&r=g\",\"caption\":\"Poliana Santos\"},\"description\":\"Rep\u00f3rter no Suno Not\u00edcias, com cobertura em mercado financeiro, economia, finan\u00e7as pessoais, renda fixa e varejo. Jornalista formada pela Faculdade C\u00e1sper L\u00edbero e possui passagem na R\u00e1dio Gazeta AM com a produ\u00e7\u00e3o de conte\u00fado sobre economia, pol\u00edtica, sa\u00fade, moda e m\u00fasica. Possui certificado de conclus\u00e3o do curso de An\u00e1lise de Balan\u00e7os pela Funda\u00e7\u00e3o Bradesco, Agenda Brasil pela FAAP, Educa\u00e7\u00e3o Pol\u00edtica por Alexandre Garcia e do Tesouro Direto e Mercado de A\u00e7\u00f5es pela B3.\",\"url\":\"https:\/\/www.suno.com.br\/noticias\/author\/poliana-santos\/\"}]}<\/script>\n<!-- \/ Yoast SEO plugin. -->","yoast_head_json":{"title":"Decis\u00e3o do IOF vai na contram\u00e3o do que economia precisa, diz FGV","description":"Aumentar al\u00edquota do IOF \u00e9 mais uma op\u00e7\u00e3o pela sa\u00edda f\u00e1cil de colocar o contribuinte para pagar custos adicionais, diz FGV. Clique aqui","robots":{"index":"index","follow":"follow","max-snippet":"max-snippet:-1","max-image-preview":"max-image-preview:large","max-video-preview":"max-video-preview:-1"},"canonical":"https:\/\/www.suno.com.br\/noticias\/iof-na-contramao-da-economia-fgv\/","og_locale":"pt_BR","og_type":"article","og_title":"Decis\u00e3o do IOF vai na contram\u00e3o do que economia precisa, diz FGV","og_description":"Aumentar al\u00edquota do IOF \u00e9 mais uma op\u00e7\u00e3o pela sa\u00edda f\u00e1cil de colocar o contribuinte para pagar custos adicionais, diz FGV. Clique aqui","og_url":"https:\/\/www.suno.com.br\/noticias\/iof-na-contramao-da-economia-fgv\/","og_site_name":"Suno Not\u00edcias","article_publisher":"https:\/\/facebook.com\/sunoresearch","og_image":[{"width":1280,"height":853,"url":"https:\/\/files.sunoresearch.com.br\/n\/uploads\/2021\/03\/46fb6db6-coins-948603_1280-1.jpg","type":"image\/jpeg"}],"author":"Poliana Santos","twitter_card":"summary_large_image","twitter_creator":"@sunoresearch","twitter_site":"@sunoresearch","twitter_misc":{"Escrito por":"Poliana Santos","Est. tempo de leitura":"3 minutos"},"schema":{"@context":"https:\/\/schema.org","@graph":[{"@type":"NewsArticle","@id":"https:\/\/www.suno.com.br\/noticias\/iof-na-contramao-da-economia-fgv\/#article","isPartOf":{"@id":"https:\/\/www.suno.com.br\/noticias\/iof-na-contramao-da-economia-fgv\/"},"author":{"name":"Poliana Santos","@id":"https:\/\/www.suno.com.br\/noticias\/#\/schema\/person\/02ec1f752758247878a2bf4abee1aeda"},"headline":"Decis\u00e3o do IOF vai na contram\u00e3o do que economia precisa, diz FGV","datePublished":"2021-09-17T19:09:04+00:00","dateModified":"2021-09-17T19:59:06+00:00","mainEntityOfPage":{"@id":"https:\/\/www.suno.com.br\/noticias\/iof-na-contramao-da-economia-fgv\/"},"wordCount":545,"publisher":{"@id":"https:\/\/www.suno.com.br\/noticias\/#organization"},"image":{"@id":"https:\/\/www.suno.com.br\/noticias\/iof-na-contramao-da-economia-fgv\/#primaryimage"},"thumbnailUrl":"https:\/\/files.sunoresearch.com.br\/n\/uploads\/2021\/03\/46fb6db6-coins-948603_1280-1-jpg.webp","articleSection":["Economia"],"inLanguage":"pt-BR"},{"@type":"WebPage","@id":"https:\/\/www.suno.com.br\/noticias\/iof-na-contramao-da-economia-fgv\/","url":"https:\/\/www.suno.com.br\/noticias\/iof-na-contramao-da-economia-fgv\/","name":"Decis\u00e3o do IOF vai na contram\u00e3o do que economia precisa, diz FGV","isPartOf":{"@id":"https:\/\/www.suno.com.br\/noticias\/#website"},"primaryImageOfPage":{"@id":"https:\/\/www.suno.com.br\/noticias\/iof-na-contramao-da-economia-fgv\/#primaryimage"},"image":{"@id":"https:\/\/www.suno.com.br\/noticias\/iof-na-contramao-da-economia-fgv\/#primaryimage"},"thumbnailUrl":"https:\/\/files.sunoresearch.com.br\/n\/uploads\/2021\/03\/46fb6db6-coins-948603_1280-1-jpg.webp","datePublished":"2021-09-17T19:09:04+00:00","dateModified":"2021-09-17T19:59:06+00:00","description":"Aumentar al\u00edquota do IOF \u00e9 mais uma op\u00e7\u00e3o pela sa\u00edda f\u00e1cil de colocar o contribuinte para pagar custos adicionais, diz FGV. Clique aqui","breadcrumb":{"@id":"https:\/\/www.suno.com.br\/noticias\/iof-na-contramao-da-economia-fgv\/#breadcrumb"},"inLanguage":"pt-BR","potentialAction":[{"@type":"ReadAction","target":["https:\/\/www.suno.com.br\/noticias\/iof-na-contramao-da-economia-fgv\/"]}]},{"@type":"ImageObject","inLanguage":"pt-BR","@id":"https:\/\/www.suno.com.br\/noticias\/iof-na-contramao-da-economia-fgv\/#primaryimage","url":"https:\/\/files.sunoresearch.com.br\/n\/uploads\/2021\/03\/46fb6db6-coins-948603_1280-1-jpg.webp","contentUrl":"https:\/\/files.sunoresearch.com.br\/n\/uploads\/2021\/03\/46fb6db6-coins-948603_1280-1-jpg.webp","width":1280,"height":853,"caption":"Foto: Pixabay"},{"@type":"BreadcrumbList","@id":"https:\/\/www.suno.com.br\/noticias\/iof-na-contramao-da-economia-fgv\/#breadcrumb","itemListElement":[{"@type":"ListItem","position":1,"name":"Not\u00edcias","item":"https:\/\/www.suno.com.br\/noticias\/"},{"@type":"ListItem","position":2,"name":"Economia","item":"https:\/\/www.suno.com.br\/noticias\/economia\/"},{"@type":"ListItem","position":3,"name":"Decis\u00e3o do IOF vai na contram\u00e3o do que economia precisa, diz FGV"}]},{"@type":"WebSite","@id":"https:\/\/www.suno.com.br\/noticias\/#website","url":"https:\/\/www.suno.com.br\/noticias\/","name":"Suno Not\u00edcias","description":"Seu portal de informa\u00e7\u00e3o sobre o mundo dos investimentos","publisher":{"@id":"https:\/\/www.suno.com.br\/noticias\/#organization"},"potentialAction":[{"@type":"SearchAction","target":{"@type":"EntryPoint","urlTemplate":"https:\/\/www.suno.com.br\/noticias\/?s={search_term_string}"},"query-input":{"@type":"PropertyValueSpecification","valueRequired":true,"valueName":"search_term_string"}}],"inLanguage":"pt-BR"},{"@type":"Organization","@id":"https:\/\/www.suno.com.br\/noticias\/#organization","name":"Suno Not\u00edcias","url":"https:\/\/www.suno.com.br\/noticias\/","logo":{"@type":"ImageObject","inLanguage":"pt-BR","@id":"https:\/\/www.suno.com.br\/noticias\/#\/schema\/logo\/image\/","url":"https:\/\/files.sunoresearch.com.br\/n\/uploads\/2021\/09\/suno-logo.png","contentUrl":"https:\/\/files.sunoresearch.com.br\/n\/uploads\/2021\/09\/suno-logo.png","width":180,"height":180,"caption":"Suno Not\u00edcias"},"image":{"@id":"https:\/\/www.suno.com.br\/noticias\/#\/schema\/logo\/image\/"},"sameAs":["https:\/\/facebook.com\/sunoresearch","https:\/\/x.com\/sunoresearch","https:\/\/www.instagram.com\/suno","https:\/\/www.linkedin.com\/company\/suno-research\/","https:\/\/www.youtube.com\/c\/sunoresearch"]},{"@type":"Person","@id":"https:\/\/www.suno.com.br\/noticias\/#\/schema\/person\/02ec1f752758247878a2bf4abee1aeda","name":"Poliana Santos","image":{"@type":"ImageObject","inLanguage":"pt-BR","@id":"https:\/\/www.suno.com.br\/noticias\/#\/schema\/person\/image\/","url":"https:\/\/secure.gravatar.com\/avatar\/0645bd32f23d87b2130f2b2dff1d3f8d?s=96&r=g","contentUrl":"https:\/\/secure.gravatar.com\/avatar\/0645bd32f23d87b2130f2b2dff1d3f8d?s=96&r=g","caption":"Poliana Santos"},"description":"Rep\u00f3rter no Suno Not\u00edcias, com cobertura em mercado financeiro, economia, finan\u00e7as pessoais, renda fixa e varejo. Jornalista formada pela Faculdade C\u00e1sper L\u00edbero e possui passagem na R\u00e1dio Gazeta AM com a produ\u00e7\u00e3o de conte\u00fado sobre economia, pol\u00edtica, sa\u00fade, moda e m\u00fasica. Possui certificado de conclus\u00e3o do curso de An\u00e1lise de Balan\u00e7os pela Funda\u00e7\u00e3o Bradesco, Agenda Brasil pela FAAP, Educa\u00e7\u00e3o Pol\u00edtica por Alexandre Garcia e do Tesouro Direto e Mercado de A\u00e7\u00f5es pela B3.","url":"https:\/\/www.suno.com.br\/noticias\/author\/poliana-santos\/"}]}},"default_loop_html":"<div class=\"cardsPage__listCard__boxs\"><div class=\"cardsPage__listCard__boxs__img\"><a href=\"https:\/\/www.suno.com.br\/noticias\/iof-na-contramao-da-economia-fgv\/\"><img class=\"mask\" src=\"https:\/\/www.suno.com.br\/noticias\/wp-content\/themes\/suno\/resources\/images\/spotlight\/spotlight1img\/bg-mask.png\" alt=\"Image Mask\"\/><img src=\"https:\/\/files.sunoresearch.com.br\/n\/uploads\/2021\/03\/46fb6db6-coins-948603_1280-1-400x200.webp\" alt=\"Decis\u00e3o do IOF vai na contram\u00e3o do que economia precisa, diz FGV\"\/><\/a><span class=\"spotlightCategory\"><a href=\"https:\/\/www.suno.com.br\/noticias\/economia\/\">Economia<\/a><\/span><\/div><div class=\"cardsPage__listCard__boxs__content\"><a href=\"https:\/\/www.suno.com.br\/noticias\/iof-na-contramao-da-economia-fgv\/\"><h2 class=\"content__title\">Decis\u00e3o do IOF vai na contram\u00e3o do que economia precisa, diz FGV<\/h2><\/a><div class=\"newsContent__article__meta\"><div class=\"newsContent__article__meta__authorBox\"><a href=\"https:\/\/www.suno.com.br\/noticias\/author\/poliana-santos\/\" class=\"authorBox__avatar noMobi\"><img src=\"https:\/\/files.sunoresearch.com.br\/n\/uploads\/2020\/08\/7ef34026-whatsapp-image-2020-08-03-at-12.37.57-150x150.webp\" alt=\"Poliana Santos\"><\/a><div class=\"authorBox__name\"><span>por\n\t\t\t<a href=\"https:\/\/www.suno.com.br\/noticias\/author\/poliana-santos\/\"><span itemprop=\"author\">Poliana Santos<\/span><\/a><\/span><time datetime=\"2021-09-17T16:09:04-03:00\" itemprop=\"datePublished\">17\/09\/2021 16:09<\/time><\/div><\/div><\/div><\/div><\/div>","single_layout":"posts","amp_enabled":true,"_links":{"self":[{"href":"https:\/\/www.suno.com.br\/noticias\/wp-json\/wp\/v2\/posts\/185123"}],"collection":[{"href":"https:\/\/www.suno.com.br\/noticias\/wp-json\/wp\/v2\/posts"}],"about":[{"href":"https:\/\/www.suno.com.br\/noticias\/wp-json\/wp\/v2\/types\/post"}],"author":[{"embeddable":true,"href":"https:\/\/www.suno.com.br\/noticias\/wp-json\/wp\/v2\/users\/15"}],"replies":[{"embeddable":true,"href":"https:\/\/www.suno.com.br\/noticias\/wp-json\/wp\/v2\/comments?post=185123"}],"version-history":[{"count":3,"href":"https:\/\/www.suno.com.br\/noticias\/wp-json\/wp\/v2\/posts\/185123\/revisions"}],"predecessor-version":[{"id":185226,"href":"https:\/\/www.suno.com.br\/noticias\/wp-json\/wp\/v2\/posts\/185123\/revisions\/185226"}],"wp:featuredmedia":[{"embeddable":true,"href":"https:\/\/www.suno.com.br\/noticias\/wp-json\/wp\/v2\/media\/136138"}],"wp:attachment":[{"href":"https:\/\/www.suno.com.br\/noticias\/wp-json\/wp\/v2\/media?parent=185123"}],"wp:term":[{"taxonomy":"category","embeddable":true,"href":"https:\/\/www.suno.com.br\/noticias\/wp-json\/wp\/v2\/categories?post=185123"},{"taxonomy":"post_tag","embeddable":true,"href":"https:\/\/www.suno.com.br\/noticias\/wp-json\/wp\/v2\/tags?post=185123"},{"taxonomy":"suno_strategy","embeddable":true,"href":"https:\/\/www.suno.com.br\/noticias\/wp-json\/wp\/v2\/suno_strategy?post=185123"}],"curies":[{"name":"wp","href":"https:\/\/api.w.org\/{rel}","templated":true}]}}