{"id":18504,"date":"2019-03-20T13:12:46","date_gmt":"2019-03-20T16:12:46","guid":{"rendered":"https:\/\/www.suno.com.br\/noticias\/?p=18504"},"modified":"2019-03-20T13:12:46","modified_gmt":"2019-03-20T16:12:46","slug":"monitor-pib-fgv-crescimento-economico-janeiro","status":"publish","type":"post","link":"https:\/\/www.suno.com.br\/noticias\/monitor-pib-fgv-crescimento-economico-janeiro\/","title":{"rendered":"Monitor do PIB da FGV mostra crescimento econ\u00f4mico de 0,3% em janeiro"},"content":{"rendered":"<p>O <strong>monitor do PIB<\/strong> da <strong>Funda\u00e7\u00e3o Get\u00falio Vargas<\/strong> (FGV) apontou um crescimento de 0,3% em janeiro na compara\u00e7\u00e3o com dezembro. Os dados foram divulgados nesta quarta-feira (20).<\/p>\t<div class=\"wrapper-featured-image\">\n\t\t<figure class=\"spotlightImg\">\n\n\t\t\t<picture>\n\t\t\t\t<source media=\"(max-width: 768px)\" srcset=\"https:\/\/files.sunoresearch.com.br\/n\/uploads\/2019\/02\/bd120984-fgv-400x200.webp\">\n\t\t\t\t<img loading=\"lazy\" decoding=\"async\" class=\"newsContent__article__imgCapa lazyloadDisabled newsContent__article__imgCapa--noCaption\" src=\"https:\/\/files.sunoresearch.com.br\/n\/uploads\/2019\/02\/bd120984-fgv-800x450.webp\" width=\"800\" height=\"450\" alt=\"Monitor do PIB da FGV mostra crescimento econ\u00f4mico de 0,3% em janeiro\" fetchpriority=high \/>\n\t\t\t<\/picture>\n\n\t\t\t<figcaption class=\"wp-caption-text wp-caption-text--hide\">Antes da divulga\u00e7\u00e3o do Monitor do PIB, o Minist\u00e9rio da Economia divulgou documento que manteve previs\u00e3o do crescimento para 2021 - Foto: Divulga\u00e7\u00e3o\/FGV<\/figcaption>\n\t\t<\/figure>\n\t<\/div>\n\n\n<p>Segundo a <strong>FGV,<\/strong> na compara\u00e7\u00e3o com o mesmo m\u00eas do ano anterior, a atividade econ\u00f4mica cresceu 1,1%. Entre os trimestres m\u00f3veis &#8211; de novembro de 2018 a janeiro de 2019 e de agosto a outubro de 2018 &#8211; o crescimento foi de 0,2%.<\/p>\n<p><a href=\"https:\/\/www.suno.com.br\/noticias\/fgv-produto-interno-bruto-cresceu-2018\/\">Saiba mais: FGV: Produto Interno Bruto cresceu 1,1% em 2018\u00a0<\/a><\/p>\n<p>Segundo a <strong>FGV,<\/strong>\u00a0esses resultados mostram que a partir do final de 2018 h\u00e1 uma perda de f\u00f4lego da economia. Uma desacelera\u00e7\u00e3o explicada principalmente pela retra\u00e7\u00e3o da <strong>ind\u00fastria da transforma\u00e7\u00e3o.<\/strong> Isso teria impactado outros segmentos da economia, e em particular os investimentos, que come\u00e7aram a diminuir.<\/p>\n<h2>Recuo na ind\u00fastria da transforma\u00e7\u00e3o<\/h2>\n<p>Nesta compara\u00e7\u00e3o com esses trimestre m\u00f3veis, apenas a ind\u00fastria de transforma\u00e7\u00e3o, a constru\u00e7\u00e3o e os impostos apresentaram recuo (respectivamente -2,9%, -1,5% e -1,5%). O restante dos setores da atividade econ\u00f4mica apresentaram resultados positivos. Em particular, o setor externo (importa\u00e7\u00f5es e exporta\u00e7\u00f5es) e a agropecu\u00e1ria registraram eleva\u00e7\u00e3o de\u00a0respectivamente 14,2% e 7,7% e 6,5%.<\/p>\n<p>Por sua vez, o consumo das fam\u00edlias cresceu 1,4% no trimestre m\u00f3vel findo em janeiro, em compara\u00e7\u00e3o ao mesmo trimestre de 2018. A forma\u00e7\u00e3o bruta de capital fixo <strong>(FBCF),<\/strong> cresceu 2,4% na mesma base de compara\u00e7\u00e3o. Entretanto, ela segue em trajet\u00f3ria descendente.<\/p>\n<p><a href=\"https:\/\/www.suno.com.br\/noticias\/economia-cai-outubro-pib-fgv\/\">Saiba mais: Economia cai 0,3% em outubro, aponta monitor do PIB da FGV\u00a0<\/a><\/p>\n<p>Esse resultado do monitor do <strong>PIB<\/strong> da <strong>FGV<\/strong> \u00e9 oposto a quanto registrado pelo <strong>\u00cdndice de Atividade Econ\u00f4mica do Banco Central (IBC-Br)<\/strong>. A pr\u00e9via do resultado do <a href=\"https:\/\/www.suno.com.br\/artigos\/pib-produto-interno-bruto\/\"><strong>Produto Interno Bruto<\/strong><\/a>, divulgada pelo <strong>BC<\/strong> essa semana, tinha indicado um recuo de 0,41%, na compara\u00e7\u00e3o com dezembro de 2018.<\/p>\n<p>No ano passado o <strong>PIB<\/strong> brasileiro registrou uma expans\u00e3o de 1,1%. Um desempenho igual ao registrado em 2017, e que contrariou as previs\u00f5es do come\u00e7o do ano.<\/p>\n<p><a href=\"https:\/\/www.suno.com.br\/noticias\/ibge-pib-do-brasil-cresce-2018\/\">Saiba mais: IBGE: PIB do Brasil cresce 1,1% em 2018\u00a0<\/a><\/p>\n<p>Essa perda de f\u00f4lego da economia &#8211; causada por uma s\u00e9rie de fatores, como a incerteza eleitoral ou a greve dos caminhoneiros &#8211; teve efeitos sobre a previs\u00e3o do <strong>PIB<\/strong> para esse ano. Os analistas participantes do <strong>Boletim Focus<\/strong> do <strong>BC<\/strong> reduziram de 2,28% para 2,01% a previs\u00e3o para o crescimento da economia brasileira em 2019.<\/p>\n","protected":false},"excerpt":{"rendered":"<p>O monitor do PIB da Funda\u00e7\u00e3o Get\u00falio Vargas (FGV) apontou um crescimento de 0,3% em janeiro na compara\u00e7\u00e3o com dezembro. Os dados foram divulgados nesta quarta-feira (20). Antes da divulga\u00e7\u00e3o do Monitor do PIB, o Minist\u00e9rio da Economia divulgou documento que manteve previs\u00e3o do crescimento para 2021 &#8211; Foto: Divulga\u00e7\u00e3o\/FGV Segundo a FGV, na compara\u00e7\u00e3o [&hellip;]<\/p>\n","protected":false},"author":9,"featured_media":15808,"comment_status":"closed","ping_status":"closed","sticky":false,"template":"","format":"standard","meta":[],"categories":[62],"tags":[797,807],"suno_strategy":[],"class_list":["post-18504","post","type-post","status-publish","format-standard","has-post-thumbnail","hentry","category-economia","tag-fgv","tag-produto-interno-bruto-pib"],"yoast_head":"<!-- This site is optimized with the Yoast SEO plugin v24.4 - https:\/\/yoast.com\/wordpress\/plugins\/seo\/ -->\n<title>Monitor do PIB da FGV mostra crescimento econ\u00f4mico de 0,3% em janeiro<\/title>\n<meta name=\"description\" content=\"O monitor do PIB da FGV apontou um crescimento de 0,3% em janeiro na compara\u00e7\u00e3o com dezembro. Clique aqui para saber masi.\" \/>\n<meta name=\"robots\" content=\"index, follow, max-snippet:-1, max-image-preview:large, max-video-preview:-1\" \/>\n<link rel=\"canonical\" href=\"https:\/\/www.suno.com.br\/noticias\/monitor-pib-fgv-crescimento-economico-janeiro\/\" \/>\n<meta property=\"og:locale\" content=\"pt_BR\" \/>\n<meta property=\"og:type\" content=\"article\" \/>\n<meta property=\"og:title\" content=\"Monitor do PIB da FGV mostra crescimento econ\u00f4mico de 0,3% em janeiro\" \/>\n<meta property=\"og:description\" content=\"O monitor do PIB da FGV apontou um crescimento de 0,3% em janeiro na compara\u00e7\u00e3o com dezembro. Clique aqui para saber masi.\" \/>\n<meta property=\"og:url\" content=\"https:\/\/www.suno.com.br\/noticias\/monitor-pib-fgv-crescimento-economico-janeiro\/\" \/>\n<meta property=\"og:site_name\" content=\"Suno Not\u00edcias\" \/>\n<meta property=\"article:publisher\" content=\"https:\/\/facebook.com\/sunoresearch\" \/>\n<meta property=\"og:image\" content=\"https:\/\/files.sunoresearch.com.br\/n\/uploads\/2019\/02\/bd120984-fgv.jpg\" \/>\n\t<meta property=\"og:image:width\" content=\"2402\" \/>\n\t<meta property=\"og:image:height\" content=\"1127\" \/>\n\t<meta property=\"og:image:type\" content=\"image\/jpeg\" \/>\n<meta name=\"author\" content=\"Carlo Cauti\" \/>\n<meta name=\"twitter:card\" content=\"summary_large_image\" \/>\n<meta name=\"twitter:creator\" content=\"@sunoresearch\" \/>\n<meta name=\"twitter:site\" content=\"@sunoresearch\" \/>\n<meta name=\"twitter:label1\" content=\"Escrito por\" \/>\n\t<meta name=\"twitter:data1\" content=\"Carlo Cauti\" \/>\n\t<meta name=\"twitter:label2\" content=\"Est. tempo de leitura\" \/>\n\t<meta name=\"twitter:data2\" content=\"2 minutos\" \/>\n<script type=\"application\/ld+json\" class=\"yoast-schema-graph\">{\"@context\":\"https:\/\/schema.org\",\"@graph\":[{\"@type\":\"NewsArticle\",\"@id\":\"https:\/\/www.suno.com.br\/noticias\/monitor-pib-fgv-crescimento-economico-janeiro\/#article\",\"isPartOf\":{\"@id\":\"https:\/\/www.suno.com.br\/noticias\/monitor-pib-fgv-crescimento-economico-janeiro\/\"},\"author\":{\"name\":\"Carlo Cauti\",\"@id\":\"https:\/\/www.suno.com.br\/noticias\/#\/schema\/person\/e6e0f723cc177805027f4566c1d5e0c8\"},\"headline\":\"Monitor do PIB da FGV mostra crescimento econ\u00f4mico de 0,3% em janeiro\",\"datePublished\":\"2019-03-20T16:12:46+00:00\",\"mainEntityOfPage\":{\"@id\":\"https:\/\/www.suno.com.br\/noticias\/monitor-pib-fgv-crescimento-economico-janeiro\/\"},\"wordCount\":405,\"publisher\":{\"@id\":\"https:\/\/www.suno.com.br\/noticias\/#organization\"},\"image\":{\"@id\":\"https:\/\/www.suno.com.br\/noticias\/monitor-pib-fgv-crescimento-economico-janeiro\/#primaryimage\"},\"thumbnailUrl\":\"https:\/\/files.sunoresearch.com.br\/n\/uploads\/2019\/02\/bd120984-fgv-jpg.webp\",\"keywords\":[\"FGV\",\"Produto Interno Bruto (PIB)\"],\"articleSection\":[\"Economia\"],\"inLanguage\":\"pt-BR\"},{\"@type\":\"WebPage\",\"@id\":\"https:\/\/www.suno.com.br\/noticias\/monitor-pib-fgv-crescimento-economico-janeiro\/\",\"url\":\"https:\/\/www.suno.com.br\/noticias\/monitor-pib-fgv-crescimento-economico-janeiro\/\",\"name\":\"Monitor do PIB da FGV mostra crescimento econ\u00f4mico de 0,3% em janeiro\",\"isPartOf\":{\"@id\":\"https:\/\/www.suno.com.br\/noticias\/#website\"},\"primaryImageOfPage\":{\"@id\":\"https:\/\/www.suno.com.br\/noticias\/monitor-pib-fgv-crescimento-economico-janeiro\/#primaryimage\"},\"image\":{\"@id\":\"https:\/\/www.suno.com.br\/noticias\/monitor-pib-fgv-crescimento-economico-janeiro\/#primaryimage\"},\"thumbnailUrl\":\"https:\/\/files.sunoresearch.com.br\/n\/uploads\/2019\/02\/bd120984-fgv-jpg.webp\",\"datePublished\":\"2019-03-20T16:12:46+00:00\",\"description\":\"O monitor do PIB da FGV apontou um crescimento de 0,3% em janeiro na compara\u00e7\u00e3o com dezembro. Clique aqui para saber masi.\",\"breadcrumb\":{\"@id\":\"https:\/\/www.suno.com.br\/noticias\/monitor-pib-fgv-crescimento-economico-janeiro\/#breadcrumb\"},\"inLanguage\":\"pt-BR\",\"potentialAction\":[{\"@type\":\"ReadAction\",\"target\":[\"https:\/\/www.suno.com.br\/noticias\/monitor-pib-fgv-crescimento-economico-janeiro\/\"]}]},{\"@type\":\"ImageObject\",\"inLanguage\":\"pt-BR\",\"@id\":\"https:\/\/www.suno.com.br\/noticias\/monitor-pib-fgv-crescimento-economico-janeiro\/#primaryimage\",\"url\":\"https:\/\/files.sunoresearch.com.br\/n\/uploads\/2019\/02\/bd120984-fgv-jpg.webp\",\"contentUrl\":\"https:\/\/files.sunoresearch.com.br\/n\/uploads\/2019\/02\/bd120984-fgv-jpg.webp\",\"width\":2402,\"height\":1127,\"caption\":\"Antes da divulga\u00e7\u00e3o do Monitor do PIB, o Minist\u00e9rio da Economia divulgou documento que manteve previs\u00e3o do crescimento para 2021 - Foto: Divulga\u00e7\u00e3o\/FGV\"},{\"@type\":\"BreadcrumbList\",\"@id\":\"https:\/\/www.suno.com.br\/noticias\/monitor-pib-fgv-crescimento-economico-janeiro\/#breadcrumb\",\"itemListElement\":[{\"@type\":\"ListItem\",\"position\":1,\"name\":\"Not\u00edcias\",\"item\":\"https:\/\/www.suno.com.br\/noticias\/\"},{\"@type\":\"ListItem\",\"position\":2,\"name\":\"Economia\",\"item\":\"https:\/\/www.suno.com.br\/noticias\/economia\/\"},{\"@type\":\"ListItem\",\"position\":3,\"name\":\"Monitor do PIB da FGV mostra crescimento econ\u00f4mico de 0,3% em janeiro\"}]},{\"@type\":\"WebSite\",\"@id\":\"https:\/\/www.suno.com.br\/noticias\/#website\",\"url\":\"https:\/\/www.suno.com.br\/noticias\/\",\"name\":\"Suno Not\u00edcias\",\"description\":\"Seu portal de informa\u00e7\u00e3o sobre o mundo dos investimentos\",\"publisher\":{\"@id\":\"https:\/\/www.suno.com.br\/noticias\/#organization\"},\"potentialAction\":[{\"@type\":\"SearchAction\",\"target\":{\"@type\":\"EntryPoint\",\"urlTemplate\":\"https:\/\/www.suno.com.br\/noticias\/?s={search_term_string}\"},\"query-input\":{\"@type\":\"PropertyValueSpecification\",\"valueRequired\":true,\"valueName\":\"search_term_string\"}}],\"inLanguage\":\"pt-BR\"},{\"@type\":\"Organization\",\"@id\":\"https:\/\/www.suno.com.br\/noticias\/#organization\",\"name\":\"Suno Not\u00edcias\",\"url\":\"https:\/\/www.suno.com.br\/noticias\/\",\"logo\":{\"@type\":\"ImageObject\",\"inLanguage\":\"pt-BR\",\"@id\":\"https:\/\/www.suno.com.br\/noticias\/#\/schema\/logo\/image\/\",\"url\":\"https:\/\/files.sunoresearch.com.br\/n\/uploads\/2021\/09\/suno-logo.png\",\"contentUrl\":\"https:\/\/files.sunoresearch.com.br\/n\/uploads\/2021\/09\/suno-logo.png\",\"width\":180,\"height\":180,\"caption\":\"Suno Not\u00edcias\"},\"image\":{\"@id\":\"https:\/\/www.suno.com.br\/noticias\/#\/schema\/logo\/image\/\"},\"sameAs\":[\"https:\/\/facebook.com\/sunoresearch\",\"https:\/\/x.com\/sunoresearch\",\"https:\/\/www.instagram.com\/suno\",\"https:\/\/www.linkedin.com\/company\/suno-research\/\",\"https:\/\/www.youtube.com\/c\/sunoresearch\"]},{\"@type\":\"Person\",\"@id\":\"https:\/\/www.suno.com.br\/noticias\/#\/schema\/person\/e6e0f723cc177805027f4566c1d5e0c8\",\"name\":\"Carlo Cauti\",\"image\":{\"@type\":\"ImageObject\",\"inLanguage\":\"pt-BR\",\"@id\":\"https:\/\/www.suno.com.br\/noticias\/#\/schema\/person\/image\/\",\"url\":\"https:\/\/secure.gravatar.com\/avatar\/3ada9e0bd164c23abd4792a9606d583c?s=96&r=g\",\"contentUrl\":\"https:\/\/secure.gravatar.com\/avatar\/3ada9e0bd164c23abd4792a9606d583c?s=96&r=g\",\"caption\":\"Carlo Cauti\"},\"description\":\"Editor multim\u00eddia do SUNO Not\u00edcias. Italiano, formado em Ci\u00eancias Pol\u00edticas pela universidade LUISS G. Carli de Roma e mestre cum laude em Rela\u00e7\u00f5es Internacionais, Jornalismo Internacional e de Guerra e em Economia Internacional. Concluiu tamb\u00e9m um MBA em Finan\u00e7as na B3. No Brasil, teve passagem por ve\u00edculos como Estad\u00e3o, Globo, Veja e EXAME. e nas ag\u00eancias de not\u00edcias italianas ANSA e NOVA.\",\"url\":\"https:\/\/www.suno.com.br\/noticias\/author\/carlo-cauti\/\"}]}<\/script>\n<!-- \/ Yoast SEO plugin. -->","yoast_head_json":{"title":"Monitor do PIB da FGV mostra crescimento econ\u00f4mico de 0,3% em janeiro","description":"O monitor do PIB da FGV apontou um crescimento de 0,3% em janeiro na compara\u00e7\u00e3o com dezembro. Clique aqui para saber masi.","robots":{"index":"index","follow":"follow","max-snippet":"max-snippet:-1","max-image-preview":"max-image-preview:large","max-video-preview":"max-video-preview:-1"},"canonical":"https:\/\/www.suno.com.br\/noticias\/monitor-pib-fgv-crescimento-economico-janeiro\/","og_locale":"pt_BR","og_type":"article","og_title":"Monitor do PIB da FGV mostra crescimento econ\u00f4mico de 0,3% em janeiro","og_description":"O monitor do PIB da FGV apontou um crescimento de 0,3% em janeiro na compara\u00e7\u00e3o com dezembro. Clique aqui para saber masi.","og_url":"https:\/\/www.suno.com.br\/noticias\/monitor-pib-fgv-crescimento-economico-janeiro\/","og_site_name":"Suno Not\u00edcias","article_publisher":"https:\/\/facebook.com\/sunoresearch","og_image":[{"width":2402,"height":1127,"url":"https:\/\/files.sunoresearch.com.br\/n\/uploads\/2019\/02\/bd120984-fgv.jpg","type":"image\/jpeg"}],"author":"Carlo Cauti","twitter_card":"summary_large_image","twitter_creator":"@sunoresearch","twitter_site":"@sunoresearch","twitter_misc":{"Escrito por":"Carlo Cauti","Est. tempo de leitura":"2 minutos"},"schema":{"@context":"https:\/\/schema.org","@graph":[{"@type":"NewsArticle","@id":"https:\/\/www.suno.com.br\/noticias\/monitor-pib-fgv-crescimento-economico-janeiro\/#article","isPartOf":{"@id":"https:\/\/www.suno.com.br\/noticias\/monitor-pib-fgv-crescimento-economico-janeiro\/"},"author":{"name":"Carlo Cauti","@id":"https:\/\/www.suno.com.br\/noticias\/#\/schema\/person\/e6e0f723cc177805027f4566c1d5e0c8"},"headline":"Monitor do PIB da FGV mostra crescimento econ\u00f4mico de 0,3% em janeiro","datePublished":"2019-03-20T16:12:46+00:00","mainEntityOfPage":{"@id":"https:\/\/www.suno.com.br\/noticias\/monitor-pib-fgv-crescimento-economico-janeiro\/"},"wordCount":405,"publisher":{"@id":"https:\/\/www.suno.com.br\/noticias\/#organization"},"image":{"@id":"https:\/\/www.suno.com.br\/noticias\/monitor-pib-fgv-crescimento-economico-janeiro\/#primaryimage"},"thumbnailUrl":"https:\/\/files.sunoresearch.com.br\/n\/uploads\/2019\/02\/bd120984-fgv-jpg.webp","keywords":["FGV","Produto Interno Bruto (PIB)"],"articleSection":["Economia"],"inLanguage":"pt-BR"},{"@type":"WebPage","@id":"https:\/\/www.suno.com.br\/noticias\/monitor-pib-fgv-crescimento-economico-janeiro\/","url":"https:\/\/www.suno.com.br\/noticias\/monitor-pib-fgv-crescimento-economico-janeiro\/","name":"Monitor do PIB da FGV mostra crescimento econ\u00f4mico de 0,3% em janeiro","isPartOf":{"@id":"https:\/\/www.suno.com.br\/noticias\/#website"},"primaryImageOfPage":{"@id":"https:\/\/www.suno.com.br\/noticias\/monitor-pib-fgv-crescimento-economico-janeiro\/#primaryimage"},"image":{"@id":"https:\/\/www.suno.com.br\/noticias\/monitor-pib-fgv-crescimento-economico-janeiro\/#primaryimage"},"thumbnailUrl":"https:\/\/files.sunoresearch.com.br\/n\/uploads\/2019\/02\/bd120984-fgv-jpg.webp","datePublished":"2019-03-20T16:12:46+00:00","description":"O monitor do PIB da FGV apontou um crescimento de 0,3% em janeiro na compara\u00e7\u00e3o com dezembro. Clique aqui para saber masi.","breadcrumb":{"@id":"https:\/\/www.suno.com.br\/noticias\/monitor-pib-fgv-crescimento-economico-janeiro\/#breadcrumb"},"inLanguage":"pt-BR","potentialAction":[{"@type":"ReadAction","target":["https:\/\/www.suno.com.br\/noticias\/monitor-pib-fgv-crescimento-economico-janeiro\/"]}]},{"@type":"ImageObject","inLanguage":"pt-BR","@id":"https:\/\/www.suno.com.br\/noticias\/monitor-pib-fgv-crescimento-economico-janeiro\/#primaryimage","url":"https:\/\/files.sunoresearch.com.br\/n\/uploads\/2019\/02\/bd120984-fgv-jpg.webp","contentUrl":"https:\/\/files.sunoresearch.com.br\/n\/uploads\/2019\/02\/bd120984-fgv-jpg.webp","width":2402,"height":1127,"caption":"Antes da divulga\u00e7\u00e3o do Monitor do PIB, o Minist\u00e9rio da Economia divulgou documento que manteve previs\u00e3o do crescimento para 2021 - Foto: Divulga\u00e7\u00e3o\/FGV"},{"@type":"BreadcrumbList","@id":"https:\/\/www.suno.com.br\/noticias\/monitor-pib-fgv-crescimento-economico-janeiro\/#breadcrumb","itemListElement":[{"@type":"ListItem","position":1,"name":"Not\u00edcias","item":"https:\/\/www.suno.com.br\/noticias\/"},{"@type":"ListItem","position":2,"name":"Economia","item":"https:\/\/www.suno.com.br\/noticias\/economia\/"},{"@type":"ListItem","position":3,"name":"Monitor do PIB da FGV mostra crescimento econ\u00f4mico de 0,3% em janeiro"}]},{"@type":"WebSite","@id":"https:\/\/www.suno.com.br\/noticias\/#website","url":"https:\/\/www.suno.com.br\/noticias\/","name":"Suno Not\u00edcias","description":"Seu portal de informa\u00e7\u00e3o sobre o mundo dos investimentos","publisher":{"@id":"https:\/\/www.suno.com.br\/noticias\/#organization"},"potentialAction":[{"@type":"SearchAction","target":{"@type":"EntryPoint","urlTemplate":"https:\/\/www.suno.com.br\/noticias\/?s={search_term_string}"},"query-input":{"@type":"PropertyValueSpecification","valueRequired":true,"valueName":"search_term_string"}}],"inLanguage":"pt-BR"},{"@type":"Organization","@id":"https:\/\/www.suno.com.br\/noticias\/#organization","name":"Suno Not\u00edcias","url":"https:\/\/www.suno.com.br\/noticias\/","logo":{"@type":"ImageObject","inLanguage":"pt-BR","@id":"https:\/\/www.suno.com.br\/noticias\/#\/schema\/logo\/image\/","url":"https:\/\/files.sunoresearch.com.br\/n\/uploads\/2021\/09\/suno-logo.png","contentUrl":"https:\/\/files.sunoresearch.com.br\/n\/uploads\/2021\/09\/suno-logo.png","width":180,"height":180,"caption":"Suno Not\u00edcias"},"image":{"@id":"https:\/\/www.suno.com.br\/noticias\/#\/schema\/logo\/image\/"},"sameAs":["https:\/\/facebook.com\/sunoresearch","https:\/\/x.com\/sunoresearch","https:\/\/www.instagram.com\/suno","https:\/\/www.linkedin.com\/company\/suno-research\/","https:\/\/www.youtube.com\/c\/sunoresearch"]},{"@type":"Person","@id":"https:\/\/www.suno.com.br\/noticias\/#\/schema\/person\/e6e0f723cc177805027f4566c1d5e0c8","name":"Carlo Cauti","image":{"@type":"ImageObject","inLanguage":"pt-BR","@id":"https:\/\/www.suno.com.br\/noticias\/#\/schema\/person\/image\/","url":"https:\/\/secure.gravatar.com\/avatar\/3ada9e0bd164c23abd4792a9606d583c?s=96&r=g","contentUrl":"https:\/\/secure.gravatar.com\/avatar\/3ada9e0bd164c23abd4792a9606d583c?s=96&r=g","caption":"Carlo Cauti"},"description":"Editor multim\u00eddia do SUNO Not\u00edcias. Italiano, formado em Ci\u00eancias Pol\u00edticas pela universidade LUISS G. Carli de Roma e mestre cum laude em Rela\u00e7\u00f5es Internacionais, Jornalismo Internacional e de Guerra e em Economia Internacional. Concluiu tamb\u00e9m um MBA em Finan\u00e7as na B3. No Brasil, teve passagem por ve\u00edculos como Estad\u00e3o, Globo, Veja e EXAME. e nas ag\u00eancias de not\u00edcias italianas ANSA e NOVA.","url":"https:\/\/www.suno.com.br\/noticias\/author\/carlo-cauti\/"}]}},"default_loop_html":"<div class=\"cardsPage__listCard__boxs\"><div class=\"cardsPage__listCard__boxs__img\"><a href=\"https:\/\/www.suno.com.br\/noticias\/monitor-pib-fgv-crescimento-economico-janeiro\/\"><img class=\"mask\" src=\"https:\/\/www.suno.com.br\/noticias\/wp-content\/themes\/suno\/resources\/images\/spotlight\/spotlight1img\/bg-mask.png\" alt=\"Image Mask\"\/><img src=\"https:\/\/files.sunoresearch.com.br\/n\/uploads\/2019\/02\/bd120984-fgv-400x200.webp\" alt=\"Monitor do PIB da FGV mostra crescimento econ\u00f4mico de 0,3% em janeiro\"\/><\/a><span class=\"spotlightCategory\"><a href=\"https:\/\/www.suno.com.br\/noticias\/economia\/\">Economia<\/a><\/span><\/div><div class=\"cardsPage__listCard__boxs__content\"><a href=\"https:\/\/www.suno.com.br\/noticias\/monitor-pib-fgv-crescimento-economico-janeiro\/\"><h2 class=\"content__title\">Monitor do PIB da FGV mostra crescimento econ\u00f4mico de 0,3% em janeiro<\/h2><\/a><div class=\"newsContent__article__meta\"><div class=\"newsContent__article__meta__authorBox\"><a href=\"https:\/\/www.suno.com.br\/noticias\/author\/carlo-cauti\/\" class=\"authorBox__avatar noMobi\"><img src=\"https:\/\/files.sunoresearch.com.br\/n\/uploads\/2020\/08\/e3745f9a-perfil-carlo-cauti-150x150.webp\" alt=\"Carlo Cauti\"><\/a><div class=\"authorBox__name\"><span>por\n\t\t\t<a href=\"https:\/\/www.suno.com.br\/noticias\/author\/carlo-cauti\/\"><span itemprop=\"author\">Carlo Cauti<\/span><\/a><\/span><time datetime=\"2019-03-20T13:12:46-03:00\" itemprop=\"datePublished\">20\/03\/2019 13:12<\/time><\/div><\/div><\/div><\/div><\/div>","single_layout":"posts","amp_enabled":true,"_links":{"self":[{"href":"https:\/\/www.suno.com.br\/noticias\/wp-json\/wp\/v2\/posts\/18504"}],"collection":[{"href":"https:\/\/www.suno.com.br\/noticias\/wp-json\/wp\/v2\/posts"}],"about":[{"href":"https:\/\/www.suno.com.br\/noticias\/wp-json\/wp\/v2\/types\/post"}],"author":[{"embeddable":true,"href":"https:\/\/www.suno.com.br\/noticias\/wp-json\/wp\/v2\/users\/9"}],"replies":[{"embeddable":true,"href":"https:\/\/www.suno.com.br\/noticias\/wp-json\/wp\/v2\/comments?post=18504"}],"version-history":[{"count":0,"href":"https:\/\/www.suno.com.br\/noticias\/wp-json\/wp\/v2\/posts\/18504\/revisions"}],"wp:featuredmedia":[{"embeddable":true,"href":"https:\/\/www.suno.com.br\/noticias\/wp-json\/wp\/v2\/media\/15808"}],"wp:attachment":[{"href":"https:\/\/www.suno.com.br\/noticias\/wp-json\/wp\/v2\/media?parent=18504"}],"wp:term":[{"taxonomy":"category","embeddable":true,"href":"https:\/\/www.suno.com.br\/noticias\/wp-json\/wp\/v2\/categories?post=18504"},{"taxonomy":"post_tag","embeddable":true,"href":"https:\/\/www.suno.com.br\/noticias\/wp-json\/wp\/v2\/tags?post=18504"},{"taxonomy":"suno_strategy","embeddable":true,"href":"https:\/\/www.suno.com.br\/noticias\/wp-json\/wp\/v2\/suno_strategy?post=18504"}],"curies":[{"name":"wp","href":"https:\/\/api.w.org\/{rel}","templated":true}]}}