{"id":185026,"date":"2021-09-17T14:59:33","date_gmt":"2021-09-17T17:59:33","guid":{"rendered":"https:\/\/www.suno.com.br\/noticias\/?p=185026"},"modified":"2021-09-17T14:59:33","modified_gmt":"2021-09-17T17:59:33","slug":"bolsonaro-agricultura-projeto-auxilio-emergencial-pl","status":"publish","type":"post","link":"https:\/\/www.suno.com.br\/noticias\/bolsonaro-agricultura-projeto-auxilio-emergencial-pl\/","title":{"rendered":"Bolsonaro veta projeto de aux\u00edlio emergencial \u00e0 agricultura"},"content":{"rendered":"<p>O presidente da Rep\u00fablica, Jair Bolsonaro, vetou integralmente projeto de lei que prev\u00ea <a href=\"https:\/\/www.suno.com.br\/artigos\/plano-safra\/\">medidas emergenciais de amparo<\/a> \u00e0 <strong>agricultura<\/strong> familiar para mitigar os efeitos econ\u00f4micos da pandemia de covid-19. Pelo projeto, aprovado pelo Congresso no m\u00eas passado, a Uni\u00e3o teria de pagar um aux\u00edlio de R$ 2,5 mil por fam\u00edlia para produtores em situa\u00e7\u00e3o de pobreza e extrema pobreza.<\/p>\t<div class=\"wrapper-featured-image\">\n\t\t<figure class=\"spotlightImg\">\n\n\t\t\t<picture>\n\t\t\t\t<source media=\"(max-width: 768px)\" srcset=\"https:\/\/files.sunoresearch.com.br\/n\/uploads\/2021\/09\/bolsonaro-agencia-brasil-400x200.jpg\">\n\t\t\t\t<img loading=\"lazy\" decoding=\"async\" class=\"newsContent__article__imgCapa lazyloadDisabled \" src=\"https:\/\/files.sunoresearch.com.br\/n\/uploads\/2021\/09\/bolsonaro-agencia-brasil-800x450.jpg\" width=\"800\" height=\"450\" alt=\"Bolsonaro veta projeto de aux\u00edlio emergencial \u00e0 agricultura\" fetchpriority=high \/>\n\t\t\t<\/picture>\n\n\t\t\t<figcaption class=\"wp-caption-text wp-caption-text--show\">PL da agricultura retomaria dispositivos vetados pelo governo em outro projeto de socorro a agricultores - Foto: Marcelo Camargo Ag\u00eancia Brasil<\/figcaption>\n\t\t<\/figure>\n\t<\/div>\n\n\n\t<p>\n\t\t<a href=\"https:\/\/lp.suno.com.br\/planilha-controle-gastos\/\" target=\"_blank\" data-element=\"shortcode-suno-banner\" title=\"Banner SUNO, clique e saiba mais\">\n\t\t\t<picture>\n\t\t\t\t<source media=\"(max-width: 500px)\" srcset=\"https:\/\/files.sunoresearch.com.br\/n\/uploads\/2023\/03\/400x300-Planilha-controle-de-gastos.png\">\n\t\t\t\t<img class=\"newsContent__article__imgCapa newsContent__article__imgCapa--banner\"\n\t\t\t\t\tsrc=\"https:\/\/files.sunoresearch.com.br\/n\/uploads\/2023\/03\/1420x240-Planilha-controle-de-gastos.png\"\n\t\t\t\t\tdata-promo-id=\"101751\"\t\t\t\t\t\t\t\t\t\twidth='1420' height='240'\t\t\t\t\talt=\"https:\/\/files.sunoresearch.com.br\/n\/uploads\/2023\/03\/1420x240-Planilha-controle-de-gastos.png\"\n\t\t\t\t>\n\t\t\t<\/picture>\n\t\t<\/a>\n\t<\/p>\n\n\n<p>O texto do PL de aux\u00edlio \u00e0 agricultura retomaria dispositivos vetados pelo governo em outro projeto de socorro a <strong>agricultores<\/strong> familiares aprovado em 2020, e, entre as medidas, permitiria a prorroga\u00e7\u00e3o de d\u00edvidas rurais at\u00e9 dezembro de 2022.<\/p>\n<p>O veto de <strong>Bolsonaro<\/strong> est\u00e1 publicado no Di\u00e1rio Oficial da Uni\u00e3o (DOU) desta sexta-feira (17).<\/p>\n\t<div data-element=\"shortcode-read-more\" class=\"knowMore\">\n\t\t\t\t<span class=\"knowMore__title\">Leia mais<\/span>\n\t\t\t\t<a class=\"knowMore__link\" href=\"https:\/\/www.suno.com.br\/noticias\/agricultura-valor-bruto-da-producao-deve-ter-aumento-de-10-em-2020\/\">\n\t\t\tAgricultura: Valor Bruto da Produ\u00e7\u00e3o deve ter aumento de 10% em 2020\t\t<\/a>\n\t<\/div>\n\n\n<p>Entre as justificativas para rejeitar a mat\u00e9ria,<a href=\"https:\/\/www.suno.com.br\/artigos\/receita-liquida\"> o governo alegou que as medidas acarretariam em ren\u00fancia de receitas<\/a> sem a apresenta\u00e7\u00e3o da estimativa do impacto or\u00e7ament\u00e1rio e financeiro e das medidas compensat\u00f3rias, violando regras constitucionais, fiscais e or\u00e7ament\u00e1rias.<\/p>\n<p>Em nota, a Secretaria-Geral da Rep\u00fablica refor\u00e7ou que &#8220;a proposi\u00e7\u00e3o legislativa foi objeto de veto para fins de atendimento \u00e0s normas or\u00e7ament\u00e1rias e financeiras vigentes, assim como para n\u00e3o incidir em sobreposi\u00e7\u00e3o de a\u00e7\u00f5es com os programas &#8220;Alimenta Brasil&#8221; e de &#8220;Fomento \u00e0s Atividades Produtivas Rurais&#8221; &#8212; inclusive, em rela\u00e7\u00e3o \u00e0 distribui\u00e7\u00e3o de recursos or\u00e7ament\u00e1rios, que j\u00e1 atendem um n\u00famero significativo de pessoas que s\u00e3o contempladas por tais benef\u00edcios de forma perene&#8221;.<\/p>\n\t<p>\n\t\t<a href=\"https:\/\/lp.suno.com.br\/planilha-da-vida-financeira\/\" target=\"_blank\" data-element=\"shortcode-suno-banner\" title=\"Banner SUNO, clique e saiba mais\">\n\t\t\t<picture>\n\t\t\t\t<source media=\"(max-width: 500px)\" srcset=\"https:\/\/files.sunoresearch.com.br\/n\/uploads\/2023\/04\/400x300-Planilha-vida-financeira-true.png\">\n\t\t\t\t<img class=\"newsContent__article__imgCapa newsContent__article__imgCapa--banner\"\n\t\t\t\t\tsrc=\"https:\/\/files.sunoresearch.com.br\/n\/uploads\/2023\/04\/1420x240-Planilha-vida-financeira-true.png\"\n\t\t\t\t\tdata-promo-id=\"106682\"\t\t\t\t\t\t\t\t\t\twidth='1420' height='240'\t\t\t\t\talt=\"https:\/\/files.sunoresearch.com.br\/n\/uploads\/2023\/04\/1420x240-Planilha-vida-financeira-true.png\"\n\t\t\t\t>\n\t\t\t<\/picture>\n\t\t<\/a>\n\t<\/p>\n\n\n<h2>Decreto de Bolsonaro que aumenta IOF para custear Aux\u00edlio Brasil \u00e9 publicado<\/h2>\n<p>O Di\u00e1rio Oficial da Uni\u00e3o (DOU) publicou hoje (17) o <a href=\"https:\/\/www.in.gov.br\/en\/web\/dou\/-\/decreto-n-10.797-de-16-de-setembro-de-2021-345435328\" target=\"_blank\" rel=\"noopener\">decreto assinado<\/a> pelo presidente Jair Bolsonaro com as novas al\u00edquotas do Imposto sobre Opera\u00e7\u00f5es Financeiras (<strong>IOF<\/strong>), que incide sobre opera\u00e7\u00f5es de cr\u00e9dito, c\u00e2mbio e seguro ou relativas a t\u00edtulos ou valores mobili\u00e1rios.<\/p>\n<p>As novas al\u00edquotas valem para pessoas f\u00edsicas e jur\u00eddicas e ser\u00e3o aplicadas no per\u00edodo de 20 de setembro at\u00e9 31 de dezembro de 2021.<\/p>\n\t<p>\n\t\t<a href=\"https:\/\/lp.suno.com.br\/ebook-como-analisar-uma-acao\/\" target=\"_blank\" data-element=\"shortcode-suno-banner\" title=\"Banner SUNO, clique e saiba mais\">\n\t\t\t<picture>\n\t\t\t\t<source media=\"(max-width: 500px)\" srcset=\"https:\/\/files.sunoresearch.com.br\/n\/uploads\/2023\/03\/Ebook-Acoes-Mobile-1.jpg\">\n\t\t\t\t<img class=\"newsContent__article__imgCapa newsContent__article__imgCapa--banner\"\n\t\t\t\t\tsrc=\"https:\/\/files.sunoresearch.com.br\/n\/uploads\/2023\/03\/Ebook-Acoes-Desktop-1.jpg\"\n\t\t\t\t\tdata-promo-id=\"171998\"\t\t\t\t\t\t\t\t\t\twidth='1420' height='286'\t\t\t\t\talt=\"https:\/\/files.sunoresearch.com.br\/n\/uploads\/2023\/03\/Ebook-Acoes-Desktop-1.jpg\"\n\t\t\t\t>\n\t\t\t<\/picture>\n\t\t<\/a>\n\t<\/p>\n\n\n<p>Para as pessoas f\u00edsicas a atual al\u00edquota do IOF passa de 3% ao ano (di\u00e1ria de 0,0082%) para 4,08% (di\u00e1ria de 0,01118%). J\u00e1 para as pessoas jur\u00eddicas, a al\u00edquota anual passa de 1,5% ao ano (atual al\u00edquota di\u00e1ria de 0,0041%) para 2,04% (di\u00e1ria de 0,00559%).<\/p>\n<p>\u201cA arrecada\u00e7\u00e3o obtida com a medida custear\u00e1 ainda as propostas de redu\u00e7\u00e3o a zero da al\u00edquota da contribui\u00e7\u00e3o para o<strong> PIS\/Cofins<\/strong> incidente na importa\u00e7\u00e3o de milho, com impacto de R$ 66,47 milh\u00f5es de reais no ano de 2021 e o aumento do valor da cota de importa\u00e7\u00e3o pelo CNPQ, que acarreta <a class=\"suno-keyword\" href=\"https:\/\/www.suno.com.br\/artigos\/renuncia-fiscal\/\" target=\"_blank\" rel=\"noopener\" data-force=\"no\" data-priority=\"1\">ren\u00fancia fiscal<\/a> no valor de R$ 236,49 milh\u00f5es no ano de 2021\u201d, informou o Minist\u00e9rio da Economia.<\/p>\n\t<p>\n\t\t<a href=\"https:\/\/lp.suno.com.br\/planilha-de-controle-de-investimentos\/\" target=\"_blank\" data-element=\"shortcode-suno-banner\" title=\"Banner SUNO, clique e saiba mais\">\n\t\t\t<picture>\n\t\t\t\t<source media=\"(max-width: 500px)\" srcset=\"https:\/\/files.sunoresearch.com.br\/n\/uploads\/2023\/03\/400x300-Controle-de-Investimentos.png\">\n\t\t\t\t<img class=\"newsContent__article__imgCapa newsContent__article__imgCapa--banner\"\n\t\t\t\t\tsrc=\"https:\/\/files.sunoresearch.com.br\/n\/uploads\/2023\/03\/1420x240-Controle-de-Investimentos.png\"\n\t\t\t\t\tdata-promo-id=\"75934\"\t\t\t\t\t\t\t\t\t\twidth='1420' height='240'\t\t\t\t\talt=\"https:\/\/files.sunoresearch.com.br\/n\/uploads\/2023\/03\/1420x240-Controle-de-Investimentos.png\"\n\t\t\t\t>\n\t\t\t<\/picture>\n\t\t<\/a>\n\t<\/p>\n\n\n<h2>Agricultura confirma casos de &#8216;vaca louca&#8217; e exporta\u00e7\u00f5es \u00e0 China continuam suspensas<\/h2>\n<p>A Secretaria de Defesa Agropecu\u00e1ria do Minist\u00e9rio da Agricultura, Pecu\u00e1ria e Abastecimento (Mapa) confirmou no s\u00e1bado (4) dois casos at\u00edpicos da doen\u00e7a da <strong>vaca louca<\/strong> em frigor\u00edficos de Nova Cana\u00e3 do Norte (MT) e de Belo Horizonte (MG). Cumprindo o protocolo sanit\u00e1rio, o governo brasileiro suspendeu exporta\u00e7\u00f5es para a China.<\/p>\n<p><img decoding=\"async\" style=\"width: 1px; height: 1px;\" src=\"https:\/\/agenciabrasil.ebc.com.br\/ebc.png?id=1421941&amp;o=rss\" \/>Os dois casos de Encefalopatia Espongiforme Bovina (EEB) at\u00edpica \u2014 conhecida como vaca louca \u2014, um em cada estabelecimento, foram detectados durante a inspe\u00e7\u00e3o ante-mortem. <a href=\"https:\/\/www.suno.com.br\/artigos\/fiagro\/\">De acordo com o Minist\u00e9rio da <strong>Agricultura<\/strong><\/a>, tratava-se de bovinos de descarte que apresentavam idade avan\u00e7ada e que estavam em dec\u00fabito nos currais.<img decoding=\"async\" style=\"width: 1px; height: 1px;\" src=\"https:\/\/agenciabrasil.ebc.com.br\/ebc.gif?id=1421941&amp;o=rss\" \/><\/p>\n<p><em>Com informa\u00e7\u00f5es do Estad\u00e3o Conte\u00fado<\/em><\/p>\n\t<p>\n\t\t<a href=\"\" target=\"_blank\" data-element=\"shortcode-suno-banner\" title=\"Banner SUNO, clique e saiba mais\">\n\t\t\t<picture>\n\t\t\t\t<source media=\"(max-width: 500px)\" srcset=\"\">\n\t\t\t\t<img class=\"newsContent__article__imgCapa newsContent__article__imgCapa--banner\"\n\t\t\t\t\tsrc=\"\"\n\t\t\t\t\tdata-promo-id=\"184190\"\t\t\t\t\t\t\t\t\t\t\t\t\t\t\talt=\"\"\n\t\t\t\t>\n\t\t\t<\/picture>\n\t\t<\/a>\n\t<\/p>\n\n\n","protected":false},"excerpt":{"rendered":"<p>O presidente da Rep\u00fablica, Jair Bolsonaro, vetou integralmente projeto de lei que prev\u00ea medidas emergenciais de amparo \u00e0 agricultura familiar para mitigar os efeitos econ\u00f4micos da pandemia de covid-19. Pelo projeto, aprovado pelo Congresso no m\u00eas passado, a Uni\u00e3o teria de pagar um aux\u00edlio de R$ 2,5 mil por fam\u00edlia para produtores em situa\u00e7\u00e3o de [&hellip;]<\/p>\n","protected":false},"author":73,"featured_media":181284,"comment_status":"closed","ping_status":"closed","sticky":false,"template":"","format":"standard","meta":[],"categories":[61],"tags":[106444,1121,719,1122],"suno_strategy":[],"class_list":["post-185026","post","type-post","status-publish","format-standard","has-post-thumbnail","hentry","category-politica","tag-agencias","tag-agronegocio","tag-jair-bolsonaro","tag-ministerio-da-agricultura"],"yoast_head":"<!-- This site is optimized with the Yoast SEO plugin v24.4 - https:\/\/yoast.com\/wordpress\/plugins\/seo\/ -->\n<title>Bolsonaro veta projeto de aux\u00edlio emergencial \u00e0 agricultura<\/title>\n<meta name=\"description\" content=\"O PL de aux\u00edlio \u00e0 agricultura retomaria dispositivos vetados pelo governo em outro projeto de socorro a agricultores familiares. Leia mais.\" \/>\n<meta name=\"robots\" content=\"index, follow, max-snippet:-1, max-image-preview:large, max-video-preview:-1\" \/>\n<link rel=\"canonical\" href=\"https:\/\/www.suno.com.br\/noticias\/bolsonaro-agricultura-projeto-auxilio-emergencial-pl\/\" \/>\n<meta property=\"og:locale\" content=\"pt_BR\" \/>\n<meta property=\"og:type\" content=\"article\" \/>\n<meta property=\"og:title\" content=\"Bolsonaro veta projeto de aux\u00edlio emergencial \u00e0 agricultura\" \/>\n<meta property=\"og:description\" content=\"O PL de aux\u00edlio \u00e0 agricultura retomaria dispositivos vetados pelo governo em outro projeto de socorro a agricultores familiares. Leia mais.\" \/>\n<meta property=\"og:url\" content=\"https:\/\/www.suno.com.br\/noticias\/bolsonaro-agricultura-projeto-auxilio-emergencial-pl\/\" \/>\n<meta property=\"og:site_name\" content=\"Suno Not\u00edcias\" \/>\n<meta property=\"article:publisher\" content=\"https:\/\/facebook.com\/sunoresearch\" \/>\n<meta property=\"og:image\" content=\"https:\/\/files.sunoresearch.com.br\/n\/uploads\/2021\/09\/bolsonaro-agencia-brasil-scaled.jpg\" \/>\n\t<meta property=\"og:image:width\" content=\"2560\" \/>\n\t<meta property=\"og:image:height\" content=\"1707\" \/>\n\t<meta property=\"og:image:type\" content=\"image\/jpeg\" \/>\n<meta name=\"author\" content=\"Eduardo Vargas\" \/>\n<meta name=\"twitter:card\" content=\"summary_large_image\" \/>\n<meta name=\"twitter:creator\" content=\"@sunoresearch\" \/>\n<meta name=\"twitter:site\" content=\"@sunoresearch\" \/>\n<meta name=\"twitter:label1\" content=\"Escrito por\" \/>\n\t<meta name=\"twitter:data1\" content=\"Eduardo Vargas\" \/>\n\t<meta name=\"twitter:label2\" content=\"Est. tempo de leitura\" \/>\n\t<meta name=\"twitter:data2\" content=\"3 minutos\" \/>\n<script type=\"application\/ld+json\" class=\"yoast-schema-graph\">{\"@context\":\"https:\/\/schema.org\",\"@graph\":[{\"@type\":\"NewsArticle\",\"@id\":\"https:\/\/www.suno.com.br\/noticias\/bolsonaro-agricultura-projeto-auxilio-emergencial-pl\/#article\",\"isPartOf\":{\"@id\":\"https:\/\/www.suno.com.br\/noticias\/bolsonaro-agricultura-projeto-auxilio-emergencial-pl\/\"},\"author\":{\"name\":\"Eduardo Vargas\",\"@id\":\"https:\/\/www.suno.com.br\/noticias\/#\/schema\/person\/7f4d362bf3518e76090143ae77bb49a5\"},\"headline\":\"Bolsonaro veta projeto de aux\u00edlio emergencial \u00e0 agricultura\",\"datePublished\":\"2021-09-17T17:59:33+00:00\",\"mainEntityOfPage\":{\"@id\":\"https:\/\/www.suno.com.br\/noticias\/bolsonaro-agricultura-projeto-auxilio-emergencial-pl\/\"},\"wordCount\":618,\"publisher\":{\"@id\":\"https:\/\/www.suno.com.br\/noticias\/#organization\"},\"image\":{\"@id\":\"https:\/\/www.suno.com.br\/noticias\/bolsonaro-agricultura-projeto-auxilio-emergencial-pl\/#primaryimage\"},\"thumbnailUrl\":\"https:\/\/files.sunoresearch.com.br\/n\/uploads\/2021\/09\/bolsonaro-agencia-brasil-scaled.jpg\",\"keywords\":[\"Ag\u00eancias\",\"Agroneg\u00f3cio\",\"Jair Bolsonaro\",\"Minist\u00e9rio da Agricultura\"],\"articleSection\":[\"Pol\u00edtica\"],\"inLanguage\":\"pt-BR\"},{\"@type\":\"WebPage\",\"@id\":\"https:\/\/www.suno.com.br\/noticias\/bolsonaro-agricultura-projeto-auxilio-emergencial-pl\/\",\"url\":\"https:\/\/www.suno.com.br\/noticias\/bolsonaro-agricultura-projeto-auxilio-emergencial-pl\/\",\"name\":\"Bolsonaro veta projeto de aux\u00edlio emergencial \u00e0 agricultura\",\"isPartOf\":{\"@id\":\"https:\/\/www.suno.com.br\/noticias\/#website\"},\"primaryImageOfPage\":{\"@id\":\"https:\/\/www.suno.com.br\/noticias\/bolsonaro-agricultura-projeto-auxilio-emergencial-pl\/#primaryimage\"},\"image\":{\"@id\":\"https:\/\/www.suno.com.br\/noticias\/bolsonaro-agricultura-projeto-auxilio-emergencial-pl\/#primaryimage\"},\"thumbnailUrl\":\"https:\/\/files.sunoresearch.com.br\/n\/uploads\/2021\/09\/bolsonaro-agencia-brasil-scaled.jpg\",\"datePublished\":\"2021-09-17T17:59:33+00:00\",\"description\":\"O PL de aux\u00edlio \u00e0 agricultura retomaria dispositivos vetados pelo governo em outro projeto de socorro a agricultores familiares. Leia mais.\",\"breadcrumb\":{\"@id\":\"https:\/\/www.suno.com.br\/noticias\/bolsonaro-agricultura-projeto-auxilio-emergencial-pl\/#breadcrumb\"},\"inLanguage\":\"pt-BR\",\"potentialAction\":[{\"@type\":\"ReadAction\",\"target\":[\"https:\/\/www.suno.com.br\/noticias\/bolsonaro-agricultura-projeto-auxilio-emergencial-pl\/\"]}]},{\"@type\":\"ImageObject\",\"inLanguage\":\"pt-BR\",\"@id\":\"https:\/\/www.suno.com.br\/noticias\/bolsonaro-agricultura-projeto-auxilio-emergencial-pl\/#primaryimage\",\"url\":\"https:\/\/files.sunoresearch.com.br\/n\/uploads\/2021\/09\/bolsonaro-agencia-brasil-scaled.jpg\",\"contentUrl\":\"https:\/\/files.sunoresearch.com.br\/n\/uploads\/2021\/09\/bolsonaro-agencia-brasil-scaled.jpg\",\"width\":2560,\"height\":1707,\"caption\":\"PL da agricultura retomaria dispositivos vetados pelo governo em outro projeto de socorro a agricultores - Foto: Marcelo Camargo Ag\u00eancia Brasil\"},{\"@type\":\"BreadcrumbList\",\"@id\":\"https:\/\/www.suno.com.br\/noticias\/bolsonaro-agricultura-projeto-auxilio-emergencial-pl\/#breadcrumb\",\"itemListElement\":[{\"@type\":\"ListItem\",\"position\":1,\"name\":\"Not\u00edcias\",\"item\":\"https:\/\/www.suno.com.br\/noticias\/\"},{\"@type\":\"ListItem\",\"position\":2,\"name\":\"Pol\u00edtica\",\"item\":\"https:\/\/www.suno.com.br\/noticias\/politica\/\"},{\"@type\":\"ListItem\",\"position\":3,\"name\":\"Bolsonaro veta projeto de aux\u00edlio emergencial \u00e0 agricultura\"}]},{\"@type\":\"WebSite\",\"@id\":\"https:\/\/www.suno.com.br\/noticias\/#website\",\"url\":\"https:\/\/www.suno.com.br\/noticias\/\",\"name\":\"Suno Not\u00edcias\",\"description\":\"Seu portal de informa\u00e7\u00e3o sobre o mundo dos investimentos\",\"publisher\":{\"@id\":\"https:\/\/www.suno.com.br\/noticias\/#organization\"},\"potentialAction\":[{\"@type\":\"SearchAction\",\"target\":{\"@type\":\"EntryPoint\",\"urlTemplate\":\"https:\/\/www.suno.com.br\/noticias\/?s={search_term_string}\"},\"query-input\":{\"@type\":\"PropertyValueSpecification\",\"valueRequired\":true,\"valueName\":\"search_term_string\"}}],\"inLanguage\":\"pt-BR\"},{\"@type\":\"Organization\",\"@id\":\"https:\/\/www.suno.com.br\/noticias\/#organization\",\"name\":\"Suno Not\u00edcias\",\"url\":\"https:\/\/www.suno.com.br\/noticias\/\",\"logo\":{\"@type\":\"ImageObject\",\"inLanguage\":\"pt-BR\",\"@id\":\"https:\/\/www.suno.com.br\/noticias\/#\/schema\/logo\/image\/\",\"url\":\"https:\/\/files.sunoresearch.com.br\/n\/uploads\/2021\/09\/suno-logo.png\",\"contentUrl\":\"https:\/\/files.sunoresearch.com.br\/n\/uploads\/2021\/09\/suno-logo.png\",\"width\":180,\"height\":180,\"caption\":\"Suno Not\u00edcias\"},\"image\":{\"@id\":\"https:\/\/www.suno.com.br\/noticias\/#\/schema\/logo\/image\/\"},\"sameAs\":[\"https:\/\/facebook.com\/sunoresearch\",\"https:\/\/x.com\/sunoresearch\",\"https:\/\/www.instagram.com\/suno\",\"https:\/\/www.linkedin.com\/company\/suno-research\/\",\"https:\/\/www.youtube.com\/c\/sunoresearch\"]},{\"@type\":\"Person\",\"@id\":\"https:\/\/www.suno.com.br\/noticias\/#\/schema\/person\/7f4d362bf3518e76090143ae77bb49a5\",\"name\":\"Eduardo Vargas\",\"image\":{\"@type\":\"ImageObject\",\"inLanguage\":\"pt-BR\",\"@id\":\"https:\/\/www.suno.com.br\/noticias\/#\/schema\/person\/image\/\",\"url\":\"https:\/\/secure.gravatar.com\/avatar\/dac340933427a22924c9f99d1eb2e3f2?s=96&r=g\",\"contentUrl\":\"https:\/\/secure.gravatar.com\/avatar\/dac340933427a22924c9f99d1eb2e3f2?s=96&r=g\",\"caption\":\"Eduardo Vargas\"},\"description\":\"Jornalista formado pela UFSC, cobre macroeconomia, neg\u00f3cios e startups para o Suno Not\u00edcias, escrevendo principalmente not\u00edcias sobre o mercado financeiro e a bolsa de valores. No YouTube e no Instagram, \u00e9 respons\u00e1vel pela produ\u00e7\u00e3o de Reels e Shorts do Suno Not\u00edcias. Anteriormente, trabalhou cobrindo economia e cotidiano no ND+ e para o ND, maior jornal impresso de Santa Catarina. Cursou um semestre letivo de Estudos de M\u00eddia na Universidad de Buenos Aires.\",\"url\":\"https:\/\/www.suno.com.br\/noticias\/author\/eduardo-vargas\/\"}]}<\/script>\n<!-- \/ Yoast SEO plugin. -->","yoast_head_json":{"title":"Bolsonaro veta projeto de aux\u00edlio emergencial \u00e0 agricultura","description":"O PL de aux\u00edlio \u00e0 agricultura retomaria dispositivos vetados pelo governo em outro projeto de socorro a agricultores familiares. Leia mais.","robots":{"index":"index","follow":"follow","max-snippet":"max-snippet:-1","max-image-preview":"max-image-preview:large","max-video-preview":"max-video-preview:-1"},"canonical":"https:\/\/www.suno.com.br\/noticias\/bolsonaro-agricultura-projeto-auxilio-emergencial-pl\/","og_locale":"pt_BR","og_type":"article","og_title":"Bolsonaro veta projeto de aux\u00edlio emergencial \u00e0 agricultura","og_description":"O PL de aux\u00edlio \u00e0 agricultura retomaria dispositivos vetados pelo governo em outro projeto de socorro a agricultores familiares. Leia mais.","og_url":"https:\/\/www.suno.com.br\/noticias\/bolsonaro-agricultura-projeto-auxilio-emergencial-pl\/","og_site_name":"Suno Not\u00edcias","article_publisher":"https:\/\/facebook.com\/sunoresearch","og_image":[{"width":2560,"height":1707,"url":"https:\/\/files.sunoresearch.com.br\/n\/uploads\/2021\/09\/bolsonaro-agencia-brasil-scaled.jpg","type":"image\/jpeg"}],"author":"Eduardo Vargas","twitter_card":"summary_large_image","twitter_creator":"@sunoresearch","twitter_site":"@sunoresearch","twitter_misc":{"Escrito por":"Eduardo Vargas","Est. tempo de leitura":"3 minutos"},"schema":{"@context":"https:\/\/schema.org","@graph":[{"@type":"NewsArticle","@id":"https:\/\/www.suno.com.br\/noticias\/bolsonaro-agricultura-projeto-auxilio-emergencial-pl\/#article","isPartOf":{"@id":"https:\/\/www.suno.com.br\/noticias\/bolsonaro-agricultura-projeto-auxilio-emergencial-pl\/"},"author":{"name":"Eduardo Vargas","@id":"https:\/\/www.suno.com.br\/noticias\/#\/schema\/person\/7f4d362bf3518e76090143ae77bb49a5"},"headline":"Bolsonaro veta projeto de aux\u00edlio emergencial \u00e0 agricultura","datePublished":"2021-09-17T17:59:33+00:00","mainEntityOfPage":{"@id":"https:\/\/www.suno.com.br\/noticias\/bolsonaro-agricultura-projeto-auxilio-emergencial-pl\/"},"wordCount":618,"publisher":{"@id":"https:\/\/www.suno.com.br\/noticias\/#organization"},"image":{"@id":"https:\/\/www.suno.com.br\/noticias\/bolsonaro-agricultura-projeto-auxilio-emergencial-pl\/#primaryimage"},"thumbnailUrl":"https:\/\/files.sunoresearch.com.br\/n\/uploads\/2021\/09\/bolsonaro-agencia-brasil-scaled.jpg","keywords":["Ag\u00eancias","Agroneg\u00f3cio","Jair Bolsonaro","Minist\u00e9rio da Agricultura"],"articleSection":["Pol\u00edtica"],"inLanguage":"pt-BR"},{"@type":"WebPage","@id":"https:\/\/www.suno.com.br\/noticias\/bolsonaro-agricultura-projeto-auxilio-emergencial-pl\/","url":"https:\/\/www.suno.com.br\/noticias\/bolsonaro-agricultura-projeto-auxilio-emergencial-pl\/","name":"Bolsonaro veta projeto de aux\u00edlio emergencial \u00e0 agricultura","isPartOf":{"@id":"https:\/\/www.suno.com.br\/noticias\/#website"},"primaryImageOfPage":{"@id":"https:\/\/www.suno.com.br\/noticias\/bolsonaro-agricultura-projeto-auxilio-emergencial-pl\/#primaryimage"},"image":{"@id":"https:\/\/www.suno.com.br\/noticias\/bolsonaro-agricultura-projeto-auxilio-emergencial-pl\/#primaryimage"},"thumbnailUrl":"https:\/\/files.sunoresearch.com.br\/n\/uploads\/2021\/09\/bolsonaro-agencia-brasil-scaled.jpg","datePublished":"2021-09-17T17:59:33+00:00","description":"O PL de aux\u00edlio \u00e0 agricultura retomaria dispositivos vetados pelo governo em outro projeto de socorro a agricultores familiares. Leia mais.","breadcrumb":{"@id":"https:\/\/www.suno.com.br\/noticias\/bolsonaro-agricultura-projeto-auxilio-emergencial-pl\/#breadcrumb"},"inLanguage":"pt-BR","potentialAction":[{"@type":"ReadAction","target":["https:\/\/www.suno.com.br\/noticias\/bolsonaro-agricultura-projeto-auxilio-emergencial-pl\/"]}]},{"@type":"ImageObject","inLanguage":"pt-BR","@id":"https:\/\/www.suno.com.br\/noticias\/bolsonaro-agricultura-projeto-auxilio-emergencial-pl\/#primaryimage","url":"https:\/\/files.sunoresearch.com.br\/n\/uploads\/2021\/09\/bolsonaro-agencia-brasil-scaled.jpg","contentUrl":"https:\/\/files.sunoresearch.com.br\/n\/uploads\/2021\/09\/bolsonaro-agencia-brasil-scaled.jpg","width":2560,"height":1707,"caption":"PL da agricultura retomaria dispositivos vetados pelo governo em outro projeto de socorro a agricultores - Foto: Marcelo Camargo Ag\u00eancia Brasil"},{"@type":"BreadcrumbList","@id":"https:\/\/www.suno.com.br\/noticias\/bolsonaro-agricultura-projeto-auxilio-emergencial-pl\/#breadcrumb","itemListElement":[{"@type":"ListItem","position":1,"name":"Not\u00edcias","item":"https:\/\/www.suno.com.br\/noticias\/"},{"@type":"ListItem","position":2,"name":"Pol\u00edtica","item":"https:\/\/www.suno.com.br\/noticias\/politica\/"},{"@type":"ListItem","position":3,"name":"Bolsonaro veta projeto de aux\u00edlio emergencial \u00e0 agricultura"}]},{"@type":"WebSite","@id":"https:\/\/www.suno.com.br\/noticias\/#website","url":"https:\/\/www.suno.com.br\/noticias\/","name":"Suno Not\u00edcias","description":"Seu portal de informa\u00e7\u00e3o sobre o mundo dos investimentos","publisher":{"@id":"https:\/\/www.suno.com.br\/noticias\/#organization"},"potentialAction":[{"@type":"SearchAction","target":{"@type":"EntryPoint","urlTemplate":"https:\/\/www.suno.com.br\/noticias\/?s={search_term_string}"},"query-input":{"@type":"PropertyValueSpecification","valueRequired":true,"valueName":"search_term_string"}}],"inLanguage":"pt-BR"},{"@type":"Organization","@id":"https:\/\/www.suno.com.br\/noticias\/#organization","name":"Suno Not\u00edcias","url":"https:\/\/www.suno.com.br\/noticias\/","logo":{"@type":"ImageObject","inLanguage":"pt-BR","@id":"https:\/\/www.suno.com.br\/noticias\/#\/schema\/logo\/image\/","url":"https:\/\/files.sunoresearch.com.br\/n\/uploads\/2021\/09\/suno-logo.png","contentUrl":"https:\/\/files.sunoresearch.com.br\/n\/uploads\/2021\/09\/suno-logo.png","width":180,"height":180,"caption":"Suno Not\u00edcias"},"image":{"@id":"https:\/\/www.suno.com.br\/noticias\/#\/schema\/logo\/image\/"},"sameAs":["https:\/\/facebook.com\/sunoresearch","https:\/\/x.com\/sunoresearch","https:\/\/www.instagram.com\/suno","https:\/\/www.linkedin.com\/company\/suno-research\/","https:\/\/www.youtube.com\/c\/sunoresearch"]},{"@type":"Person","@id":"https:\/\/www.suno.com.br\/noticias\/#\/schema\/person\/7f4d362bf3518e76090143ae77bb49a5","name":"Eduardo Vargas","image":{"@type":"ImageObject","inLanguage":"pt-BR","@id":"https:\/\/www.suno.com.br\/noticias\/#\/schema\/person\/image\/","url":"https:\/\/secure.gravatar.com\/avatar\/dac340933427a22924c9f99d1eb2e3f2?s=96&r=g","contentUrl":"https:\/\/secure.gravatar.com\/avatar\/dac340933427a22924c9f99d1eb2e3f2?s=96&r=g","caption":"Eduardo Vargas"},"description":"Jornalista formado pela UFSC, cobre macroeconomia, neg\u00f3cios e startups para o Suno Not\u00edcias, escrevendo principalmente not\u00edcias sobre o mercado financeiro e a bolsa de valores. No YouTube e no Instagram, \u00e9 respons\u00e1vel pela produ\u00e7\u00e3o de Reels e Shorts do Suno Not\u00edcias. Anteriormente, trabalhou cobrindo economia e cotidiano no ND+ e para o ND, maior jornal impresso de Santa Catarina. Cursou um semestre letivo de Estudos de M\u00eddia na Universidad de Buenos Aires.","url":"https:\/\/www.suno.com.br\/noticias\/author\/eduardo-vargas\/"}]}},"default_loop_html":"<div class=\"cardsPage__listCard__boxs\"><div class=\"cardsPage__listCard__boxs__img\"><a href=\"https:\/\/www.suno.com.br\/noticias\/bolsonaro-agricultura-projeto-auxilio-emergencial-pl\/\"><img class=\"mask\" src=\"https:\/\/www.suno.com.br\/noticias\/wp-content\/themes\/suno\/resources\/images\/spotlight\/spotlight1img\/bg-mask.png\" alt=\"Image Mask\"\/><img src=\"https:\/\/files.sunoresearch.com.br\/n\/uploads\/2021\/09\/bolsonaro-agencia-brasil-400x200.jpg\" alt=\"Bolsonaro veta projeto de aux\u00edlio emergencial \u00e0 agricultura\"\/><\/a><span class=\"spotlightCategory\"><a href=\"https:\/\/www.suno.com.br\/noticias\/politica\/\">Pol\u00edtica<\/a><\/span><\/div><div class=\"cardsPage__listCard__boxs__content\"><a href=\"https:\/\/www.suno.com.br\/noticias\/bolsonaro-agricultura-projeto-auxilio-emergencial-pl\/\"><h2 class=\"content__title\">Bolsonaro veta projeto de aux\u00edlio emergencial \u00e0 agricultura<\/h2><\/a><div class=\"newsContent__article__meta\"><div class=\"newsContent__article__meta__authorBox\"><a href=\"https:\/\/www.suno.com.br\/noticias\/author\/eduardo-vargas\/\" class=\"authorBox__avatar noMobi\"><img src=\"https:\/\/secure.gravatar.com\/avatar\/dac340933427a22924c9f99d1eb2e3f2?s=96&#038;r=g\" alt=\"Eduardo Vargas\"><\/a><div class=\"authorBox__name\"><span>por\n\t\t\t<a href=\"https:\/\/www.suno.com.br\/noticias\/author\/eduardo-vargas\/\"><span itemprop=\"author\">Eduardo Vargas<\/span><\/a><\/span><time datetime=\"2021-09-17T14:59:33-03:00\" itemprop=\"datePublished\">17\/09\/2021 14:59<\/time><\/div><\/div><\/div><\/div><\/div>","single_layout":"posts","amp_enabled":true,"_links":{"self":[{"href":"https:\/\/www.suno.com.br\/noticias\/wp-json\/wp\/v2\/posts\/185026"}],"collection":[{"href":"https:\/\/www.suno.com.br\/noticias\/wp-json\/wp\/v2\/posts"}],"about":[{"href":"https:\/\/www.suno.com.br\/noticias\/wp-json\/wp\/v2\/types\/post"}],"author":[{"embeddable":true,"href":"https:\/\/www.suno.com.br\/noticias\/wp-json\/wp\/v2\/users\/73"}],"replies":[{"embeddable":true,"href":"https:\/\/www.suno.com.br\/noticias\/wp-json\/wp\/v2\/comments?post=185026"}],"version-history":[{"count":4,"href":"https:\/\/www.suno.com.br\/noticias\/wp-json\/wp\/v2\/posts\/185026\/revisions"}],"predecessor-version":[{"id":185174,"href":"https:\/\/www.suno.com.br\/noticias\/wp-json\/wp\/v2\/posts\/185026\/revisions\/185174"}],"wp:featuredmedia":[{"embeddable":true,"href":"https:\/\/www.suno.com.br\/noticias\/wp-json\/wp\/v2\/media\/181284"}],"wp:attachment":[{"href":"https:\/\/www.suno.com.br\/noticias\/wp-json\/wp\/v2\/media?parent=185026"}],"wp:term":[{"taxonomy":"category","embeddable":true,"href":"https:\/\/www.suno.com.br\/noticias\/wp-json\/wp\/v2\/categories?post=185026"},{"taxonomy":"post_tag","embeddable":true,"href":"https:\/\/www.suno.com.br\/noticias\/wp-json\/wp\/v2\/tags?post=185026"},{"taxonomy":"suno_strategy","embeddable":true,"href":"https:\/\/www.suno.com.br\/noticias\/wp-json\/wp\/v2\/suno_strategy?post=185026"}],"curies":[{"name":"wp","href":"https:\/\/api.w.org\/{rel}","templated":true}]}}