{"id":185021,"date":"2021-09-17T13:50:47","date_gmt":"2021-09-17T16:50:47","guid":{"rendered":"https:\/\/www.suno.com.br\/noticias\/?p=185021"},"modified":"2021-09-17T17:52:39","modified_gmt":"2021-09-17T20:52:39","slug":"juros-oscila-estabilidade-influencia-iof","status":"publish","type":"post","link":"https:\/\/www.suno.com.br\/noticias\/juros-oscila-estabilidade-influencia-iof\/","title":{"rendered":"Juros oscilam perto da estabilidade mas sem influ\u00eancia do IOF"},"content":{"rendered":"<p>Os <strong>juros<\/strong> <a href=\"https:\/\/www.suno.com.br\/artigos\/juros-futuros\/\">futuros oscilam perto da estabilidade na manh\u00e3 desta sexta-feira (17)<\/a> e apresentam longos oscilando entre vi\u00e9s de alta e baixa em meio ao fortalecimento do d\u00f3lar ante o real.<\/p>\t<div class=\"wrapper-featured-image\">\n\t\t<figure class=\"spotlightImg\">\n\n\t\t\t<picture>\n\t\t\t\t<source media=\"(max-width: 768px)\" srcset=\"https:\/\/files.sunoresearch.com.br\/n\/uploads\/2021\/06\/db94f783-banco_central_0514203042-400x200.jpg\">\n\t\t\t\t<img loading=\"lazy\" decoding=\"async\" class=\"newsContent__article__imgCapa lazyloadDisabled \" src=\"https:\/\/files.sunoresearch.com.br\/n\/uploads\/2021\/06\/db94f783-banco_central_0514203042-800x450.jpg\" width=\"800\" height=\"450\" alt=\"Juros oscilam perto da estabilidade mas sem influ\u00eancia do IOF\" fetchpriority=high \/>\n\t\t\t<\/picture>\n\n\t\t\t<figcaption class=\"wp-caption-text wp-caption-text--show\">Na quinta, os juros oscilaram o dia todo perto da estabilidade, alternando vi\u00e9s de alta e de baixa durante a sess\u00e3o para encerrarem pr\u00f3ximos dos ajustes anteriores - Foto: Marcello Casal Jr\/Ag\u00eancia Brasil<\/figcaption>\n\t\t<\/figure>\n\t<\/div>\n\n\n\t<p>\n\t\t<a href=\"https:\/\/lp.suno.com.br\/planilha-controle-gastos\/\" target=\"_blank\" data-element=\"shortcode-suno-banner\" title=\"Banner SUNO, clique e saiba mais\">\n\t\t\t<picture>\n\t\t\t\t<source media=\"(max-width: 500px)\" srcset=\"https:\/\/files.sunoresearch.com.br\/n\/uploads\/2023\/03\/400x300-Planilha-controle-de-gastos.png\">\n\t\t\t\t<img class=\"newsContent__article__imgCapa newsContent__article__imgCapa--banner\"\n\t\t\t\t\tsrc=\"https:\/\/files.sunoresearch.com.br\/n\/uploads\/2023\/03\/1420x240-Planilha-controle-de-gastos.png\"\n\t\t\t\t\tdata-promo-id=\"101751\"\t\t\t\t\t\t\t\t\t\twidth='1420' height='240'\t\t\t\t\talt=\"https:\/\/files.sunoresearch.com.br\/n\/uploads\/2023\/03\/1420x240-Planilha-controle-de-gastos.png\"\n\t\t\t\t>\n\t\t\t<\/picture>\n\t\t<\/a>\n\t<\/p>\n\n\n<p>Segundo operadores, o aumento do Imposto sobre Opera\u00e7\u00f5es Financeiras (<strong>IOF<\/strong>) acabou n\u00e3o pesando negativamente nos juros, como alguns esperavam.<\/p>\n<p>&#8220;O IOF significa um aperto no cr\u00e9dito e acaba servindo de linha auxiliar para a <strong><a class=\"suno-keyword\" href=\"https:\/\/www.suno.com.br\/artigos\/politica-monetaria\/\" target=\"_blank\" rel=\"noopener\" data-force=\"no\" data-priority=\"1\">pol\u00edtica monet\u00e1ria<\/a><\/strong>. E, sob o ponto de vista fiscal, \u00e9 melhor financiar os programas assistenciais via aumento de imposto do que sem indicar a fonte de custeio&#8221;, diz o estrategista-chefe da Renascen\u00e7a DTVM, S\u00e9rgio Goldenstein.<\/p>\n\n\t<div data-element=\"shortcode-read-more\" class=\"readToo\">\n\t\t\t\t<span class=\"readToo__title\">Leia mais<\/span>\n\t\t\t\t<ul class=\"readToo__list\">\n\t\t\t<li><a href=\"https:\/\/www.suno.com.br\/noticias\/pib-fgv-monitor-julho-junho-crescimento-economia\/\">PIB cresce 0,6% em julho comparado a junho, aponta Monitor da FGV<\/a><\/li><li><a href=\"https:\/\/www.suno.com.br\/noticias\/ibovespa-abre-queda-minerio-alta-iof-vale-vale3\/\">Ibovespa abre em queda com min\u00e9rio de ferro e IOF no radar; Vale (VALE3) cai 3%<\/a><\/li>\t\t<\/ul>\n\t<\/div>\n\n\n<p>\u00c0s 9h45, a taxa do contrato de dep\u00f3sito interfinanceiro (<strong>DI<\/strong>) para janeiro de 2027 marcava 10,54%, de 10,55% no ajuste anterior.<\/p>\n<p>O DI para janeiro de 2023 estava em 9,01%, de 8,98%, e o para janeiro de 2022 exibia taxa de 7,060%, de 7,061% no ajuste de ontem.<\/p>\n\t<p>\n\t\t<a href=\"https:\/\/lp.suno.com.br\/planilha-da-vida-financeira\/\" target=\"_blank\" data-element=\"shortcode-suno-banner\" title=\"Banner SUNO, clique e saiba mais\">\n\t\t\t<picture>\n\t\t\t\t<source media=\"(max-width: 500px)\" srcset=\"https:\/\/files.sunoresearch.com.br\/n\/uploads\/2023\/04\/400x300-Planilha-vida-financeira-true.png\">\n\t\t\t\t<img class=\"newsContent__article__imgCapa newsContent__article__imgCapa--banner\"\n\t\t\t\t\tsrc=\"https:\/\/files.sunoresearch.com.br\/n\/uploads\/2023\/04\/1420x240-Planilha-vida-financeira-true.png\"\n\t\t\t\t\tdata-promo-id=\"106682\"\t\t\t\t\t\t\t\t\t\twidth='1420' height='240'\t\t\t\t\talt=\"https:\/\/files.sunoresearch.com.br\/n\/uploads\/2023\/04\/1420x240-Planilha-vida-financeira-true.png\"\n\t\t\t\t>\n\t\t\t<\/picture>\n\t\t<\/a>\n\t<\/p>\n\n\n<h2>Entenda a alta do IOF<\/h2>\n<p>O Di\u00e1rio Oficial da Uni\u00e3o (DOU) publicou hoje (17) o\u00a0<a href=\"https:\/\/www.in.gov.br\/en\/web\/dou\/-\/decreto-n-10.797-de-16-de-setembro-de-2021-345435328\" target=\"_blank\" rel=\"noopener\">decreto assinado<\/a> pelo presidente Jair Bolsonaro com as novas al\u00edquotas do IOF, que incide sobre opera\u00e7\u00f5es de cr\u00e9dito, c\u00e2mbio e seguro ou relativas a t\u00edtulos ou valores mobili\u00e1rios. As novas al\u00edquotas valem para pessoas f\u00edsicas e jur\u00eddicas e ser\u00e3o aplicadas no per\u00edodo de 20 de setembro at\u00e9 31 de dezembro de 2021.<img decoding=\"async\" style=\"width: 1px; height: 1px;\" src=\"https:\/\/agenciabrasil.ebc.com.br\/ebc.png?id=1421941&amp;o=rss\" \/><img decoding=\"async\" style=\"width: 1px; height: 1px;\" src=\"https:\/\/agenciabrasil.ebc.com.br\/ebc.gif?id=1421941&amp;o=rss\" \/><\/p>\n<p>Para as pessoas f\u00edsicas a atual <strong>al\u00edquota<\/strong>\u00a0passa de 3% ao ano (di\u00e1ria de 0,0082%) para 4,08% (di\u00e1ria de 0,01118%). J\u00e1 para as pessoas jur\u00eddicas, a al\u00edquota anual passa de 1,5% ao ano (atual al\u00edquota di\u00e1ria de 0,0041%) para 2,04% (di\u00e1ria de 0,00559%).<\/p>\n\t<p>\n\t\t<a href=\"https:\/\/lp.suno.com.br\/ebook-como-analisar-uma-acao\/\" target=\"_blank\" data-element=\"shortcode-suno-banner\" title=\"Banner SUNO, clique e saiba mais\">\n\t\t\t<picture>\n\t\t\t\t<source media=\"(max-width: 500px)\" srcset=\"https:\/\/files.sunoresearch.com.br\/n\/uploads\/2023\/03\/Ebook-Acoes-Mobile-1.jpg\">\n\t\t\t\t<img class=\"newsContent__article__imgCapa newsContent__article__imgCapa--banner\"\n\t\t\t\t\tsrc=\"https:\/\/files.sunoresearch.com.br\/n\/uploads\/2023\/03\/Ebook-Acoes-Desktop-1.jpg\"\n\t\t\t\t\tdata-promo-id=\"171998\"\t\t\t\t\t\t\t\t\t\twidth='1420' height='286'\t\t\t\t\talt=\"https:\/\/files.sunoresearch.com.br\/n\/uploads\/2023\/03\/Ebook-Acoes-Desktop-1.jpg\"\n\t\t\t\t>\n\t\t\t<\/picture>\n\t\t<\/a>\n\t<\/p>\n\n\n<p>\u201cA arrecada\u00e7\u00e3o obtida com a medida custear\u00e1 ainda as propostas de redu\u00e7\u00e3o a zero da al\u00edquota da contribui\u00e7\u00e3o para o PIS\/Cofins incidente na importa\u00e7\u00e3o de milho, com impacto de R$ 66,47 milh\u00f5es de reais no ano de 2021 e o aumento do valor da cota de importa\u00e7\u00e3o pelo CNPQ, que acarreta <a class=\"suno-keyword\" href=\"https:\/\/www.suno.com.br\/artigos\/renuncia-fiscal\/\" target=\"_blank\" rel=\"noopener\" data-force=\"no\" data-priority=\"1\">ren\u00fancia fiscal<\/a> no valor de R$ 236,49 milh\u00f5es no ano de 2021\u201d, informou o Minist\u00e9rio da Economia.<\/p>\n<p>A pasta ainda afirmou que os valores arrecadados ser\u00e3o utilizados para custear o Aux\u00edlio Brasil, programa do governo que deve substituir o Bolsa Fam\u00edlia. Segundo a pasta, os gastos com o novo programa acarretar\u00e3o, neste ano, um acr\u00e9scimo de R$ 1,62 bilh\u00e3o na despesa obrigat\u00f3ria de car\u00e1ter continuado.<\/p>\n<h2>Juros ontem<\/h2>\n<p>Na quinta (16), os juros oscilaram o dia todo perto da estabilidade, alternando vi\u00e9s de alta e de baixa durante a sess\u00e3o para encerrarem pr\u00f3ximos dos ajustes anteriores.<\/p>\n\t<p>\n\t\t<a href=\"https:\/\/lp.suno.com.br\/planilha-de-controle-de-investimentos\/\" target=\"_blank\" data-element=\"shortcode-suno-banner\" title=\"Banner SUNO, clique e saiba mais\">\n\t\t\t<picture>\n\t\t\t\t<source media=\"(max-width: 500px)\" srcset=\"https:\/\/files.sunoresearch.com.br\/n\/uploads\/2023\/03\/400x300-Controle-de-Investimentos.png\">\n\t\t\t\t<img class=\"newsContent__article__imgCapa newsContent__article__imgCapa--banner\"\n\t\t\t\t\tsrc=\"https:\/\/files.sunoresearch.com.br\/n\/uploads\/2023\/03\/1420x240-Controle-de-Investimentos.png\"\n\t\t\t\t\tdata-promo-id=\"75934\"\t\t\t\t\t\t\t\t\t\twidth='1420' height='240'\t\t\t\t\talt=\"https:\/\/files.sunoresearch.com.br\/n\/uploads\/2023\/03\/1420x240-Controle-de-Investimentos.png\"\n\t\t\t\t>\n\t\t\t<\/picture>\n\t\t<\/a>\n\t<\/p>\n\n\n<p>O movimento reflete o compasso de espera sobre como v\u00e3o evoluir as reformas pendentes e a quest\u00e3o dos precat\u00f3rios e, na ponta curta, o mercado j\u00e1 tinha se ajustado \u00e0 mensagem do Banco Central de que n\u00e3o pretende acelerar o <a href=\"https:\/\/www.suno.com.br\/artigos\/taxa-selic\">ritmo de alta da <strong>Selic<\/strong><\/a> e agora \u00e9 esperar pela decis\u00e3o da pr\u00f3xima semana.<\/p>\n<p>No aguardo das defini\u00e7\u00f5es do cen\u00e1rio fiscal e j\u00e1 embutindo muito <a class=\"suno-keyword\" href=\"https:\/\/www.suno.com.br\/artigos\/premio-de-risco\/\" target=\"_blank\" rel=\"noopener\" data-force=\"no\" data-priority=\"1\">pr\u00eamio de risco<\/a> pela expectativa de deteriora\u00e7\u00e3o, os <strong>juros<\/strong> tiveram desempenho at\u00e9 melhor do que os demais ativos &#8211; a Bolsa passou o dia em queda firme e o d\u00f3lar subiu para o n\u00edvel de R$ 5,26.<\/p>\n<p><em>Com informa\u00e7\u00f5es do Estad\u00e3o Conte\u00fado<\/em><\/p>\n\t<p>\n\t\t<a href=\"\" target=\"_blank\" data-element=\"shortcode-suno-banner\" title=\"Banner SUNO, clique e saiba mais\">\n\t\t\t<picture>\n\t\t\t\t<source media=\"(max-width: 500px)\" srcset=\"\">\n\t\t\t\t<img class=\"newsContent__article__imgCapa newsContent__article__imgCapa--banner\"\n\t\t\t\t\tsrc=\"\"\n\t\t\t\t\tdata-promo-id=\"184190\"\t\t\t\t\t\t\t\t\t\t\t\t\t\t\talt=\"\"\n\t\t\t\t>\n\t\t\t<\/picture>\n\t\t<\/a>\n\t<\/p>\n\n\n","protected":false},"excerpt":{"rendered":"<p>Os juros futuros oscilam perto da estabilidade na manh\u00e3 desta sexta-feira (17) e apresentam longos oscilando entre vi\u00e9s de alta e baixa em meio ao fortalecimento do d\u00f3lar ante o real. Com min\u00e9rio em derrocada, Vale puxa quedas do Ibovespa, sendo a companhia mais relevante do \u00edndice &#8211; Foto: Divulga\u00e7\u00e3o Segundo operadores, o aumento do [&hellip;]<\/p>\n","protected":false},"author":73,"featured_media":158753,"comment_status":"closed","ping_status":"closed","sticky":false,"template":"","format":"standard","meta":[],"categories":[60],"tags":[106444,704,2197,1752,290],"suno_strategy":[],"class_list":["post-185021","post","type-post","status-publish","format-standard","has-post-thumbnail","hentry","category-mercado","tag-agencias","tag-impostos","tag-juros-futuros","tag-taxa-de-juros","tag-taxa-selic"],"yoast_head":"<!-- This site is optimized with the Yoast SEO plugin v24.4 - https:\/\/yoast.com\/wordpress\/plugins\/seo\/ -->\n<title>Juros oscilam perto da estabilidade mas sem influ\u00eancia do IOF<\/title>\n<meta name=\"description\" content=\"Segundo operadores, o aumento do IOF acabou n\u00e3o pesando negativamente nos juros, como alguns esperavam. Clique aqui e leia mais.\" \/>\n<meta name=\"robots\" content=\"index, follow, max-snippet:-1, max-image-preview:large, max-video-preview:-1\" \/>\n<link rel=\"canonical\" href=\"https:\/\/www.suno.com.br\/noticias\/juros-oscila-estabilidade-influencia-iof\/\" \/>\n<meta property=\"og:locale\" content=\"pt_BR\" \/>\n<meta property=\"og:type\" content=\"article\" \/>\n<meta property=\"og:title\" content=\"Juros oscilam perto da estabilidade mas sem influ\u00eancia do IOF\" \/>\n<meta property=\"og:description\" content=\"Segundo operadores, o aumento do IOF acabou n\u00e3o pesando negativamente nos juros, como alguns esperavam. Clique aqui e leia mais.\" \/>\n<meta property=\"og:url\" content=\"https:\/\/www.suno.com.br\/noticias\/juros-oscila-estabilidade-influencia-iof\/\" \/>\n<meta property=\"og:site_name\" content=\"Suno Not\u00edcias\" \/>\n<meta property=\"article:publisher\" content=\"https:\/\/facebook.com\/sunoresearch\" \/>\n<meta property=\"og:image\" content=\"https:\/\/files.sunoresearch.com.br\/n\/uploads\/2021\/06\/db94f783-banco_central_0514203042-scaled.jpg\" \/>\n\t<meta property=\"og:image:width\" content=\"2560\" \/>\n\t<meta property=\"og:image:height\" content=\"1707\" \/>\n\t<meta property=\"og:image:type\" content=\"image\/jpeg\" \/>\n<meta name=\"author\" content=\"Eduardo Vargas\" \/>\n<meta name=\"twitter:card\" content=\"summary_large_image\" \/>\n<meta name=\"twitter:creator\" content=\"@sunoresearch\" \/>\n<meta name=\"twitter:site\" content=\"@sunoresearch\" \/>\n<meta name=\"twitter:label1\" content=\"Escrito por\" \/>\n\t<meta name=\"twitter:data1\" content=\"Eduardo Vargas\" \/>\n\t<meta name=\"twitter:label2\" content=\"Est. tempo de leitura\" \/>\n\t<meta name=\"twitter:data2\" content=\"3 minutos\" \/>\n<script type=\"application\/ld+json\" class=\"yoast-schema-graph\">{\"@context\":\"https:\/\/schema.org\",\"@graph\":[{\"@type\":\"NewsArticle\",\"@id\":\"https:\/\/www.suno.com.br\/noticias\/juros-oscila-estabilidade-influencia-iof\/#article\",\"isPartOf\":{\"@id\":\"https:\/\/www.suno.com.br\/noticias\/juros-oscila-estabilidade-influencia-iof\/\"},\"author\":{\"name\":\"Eduardo Vargas\",\"@id\":\"https:\/\/www.suno.com.br\/noticias\/#\/schema\/person\/7f4d362bf3518e76090143ae77bb49a5\"},\"headline\":\"Juros oscilam perto da estabilidade mas sem influ\u00eancia do IOF\",\"datePublished\":\"2021-09-17T16:50:47+00:00\",\"dateModified\":\"2021-09-17T20:52:39+00:00\",\"mainEntityOfPage\":{\"@id\":\"https:\/\/www.suno.com.br\/noticias\/juros-oscila-estabilidade-influencia-iof\/\"},\"wordCount\":581,\"publisher\":{\"@id\":\"https:\/\/www.suno.com.br\/noticias\/#organization\"},\"image\":{\"@id\":\"https:\/\/www.suno.com.br\/noticias\/juros-oscila-estabilidade-influencia-iof\/#primaryimage\"},\"thumbnailUrl\":\"https:\/\/files.sunoresearch.com.br\/n\/uploads\/2021\/06\/db94f783-banco_central_0514203042-scaled.jpg\",\"keywords\":[\"Ag\u00eancias\",\"impostos\",\"juros futuros\",\"taxa de juros\",\"Taxa Selic\"],\"articleSection\":[\"Mercado\"],\"inLanguage\":\"pt-BR\"},{\"@type\":\"WebPage\",\"@id\":\"https:\/\/www.suno.com.br\/noticias\/juros-oscila-estabilidade-influencia-iof\/\",\"url\":\"https:\/\/www.suno.com.br\/noticias\/juros-oscila-estabilidade-influencia-iof\/\",\"name\":\"Juros oscilam perto da estabilidade mas sem influ\u00eancia do IOF\",\"isPartOf\":{\"@id\":\"https:\/\/www.suno.com.br\/noticias\/#website\"},\"primaryImageOfPage\":{\"@id\":\"https:\/\/www.suno.com.br\/noticias\/juros-oscila-estabilidade-influencia-iof\/#primaryimage\"},\"image\":{\"@id\":\"https:\/\/www.suno.com.br\/noticias\/juros-oscila-estabilidade-influencia-iof\/#primaryimage\"},\"thumbnailUrl\":\"https:\/\/files.sunoresearch.com.br\/n\/uploads\/2021\/06\/db94f783-banco_central_0514203042-scaled.jpg\",\"datePublished\":\"2021-09-17T16:50:47+00:00\",\"dateModified\":\"2021-09-17T20:52:39+00:00\",\"description\":\"Segundo operadores, o aumento do IOF acabou n\u00e3o pesando negativamente nos juros, como alguns esperavam. Clique aqui e leia mais.\",\"breadcrumb\":{\"@id\":\"https:\/\/www.suno.com.br\/noticias\/juros-oscila-estabilidade-influencia-iof\/#breadcrumb\"},\"inLanguage\":\"pt-BR\",\"potentialAction\":[{\"@type\":\"ReadAction\",\"target\":[\"https:\/\/www.suno.com.br\/noticias\/juros-oscila-estabilidade-influencia-iof\/\"]}]},{\"@type\":\"ImageObject\",\"inLanguage\":\"pt-BR\",\"@id\":\"https:\/\/www.suno.com.br\/noticias\/juros-oscila-estabilidade-influencia-iof\/#primaryimage\",\"url\":\"https:\/\/files.sunoresearch.com.br\/n\/uploads\/2021\/06\/db94f783-banco_central_0514203042-scaled.jpg\",\"contentUrl\":\"https:\/\/files.sunoresearch.com.br\/n\/uploads\/2021\/06\/db94f783-banco_central_0514203042-scaled.jpg\",\"width\":2560,\"height\":1707,\"caption\":\"Na quinta, os juros oscilaram o dia todo perto da estabilidade, alternando vi\u00e9s de alta e de baixa durante a sess\u00e3o para encerrarem pr\u00f3ximos dos ajustes anteriores - Foto: Marcello Casal Jr\/Ag\u00eancia Brasil\"},{\"@type\":\"BreadcrumbList\",\"@id\":\"https:\/\/www.suno.com.br\/noticias\/juros-oscila-estabilidade-influencia-iof\/#breadcrumb\",\"itemListElement\":[{\"@type\":\"ListItem\",\"position\":1,\"name\":\"Not\u00edcias\",\"item\":\"https:\/\/www.suno.com.br\/noticias\/\"},{\"@type\":\"ListItem\",\"position\":2,\"name\":\"Mercado\",\"item\":\"https:\/\/www.suno.com.br\/noticias\/mercado\/\"},{\"@type\":\"ListItem\",\"position\":3,\"name\":\"Juros oscilam perto da estabilidade mas sem influ\u00eancia do IOF\"}]},{\"@type\":\"WebSite\",\"@id\":\"https:\/\/www.suno.com.br\/noticias\/#website\",\"url\":\"https:\/\/www.suno.com.br\/noticias\/\",\"name\":\"Suno Not\u00edcias\",\"description\":\"Seu portal de informa\u00e7\u00e3o sobre o mundo dos investimentos\",\"publisher\":{\"@id\":\"https:\/\/www.suno.com.br\/noticias\/#organization\"},\"potentialAction\":[{\"@type\":\"SearchAction\",\"target\":{\"@type\":\"EntryPoint\",\"urlTemplate\":\"https:\/\/www.suno.com.br\/noticias\/?s={search_term_string}\"},\"query-input\":{\"@type\":\"PropertyValueSpecification\",\"valueRequired\":true,\"valueName\":\"search_term_string\"}}],\"inLanguage\":\"pt-BR\"},{\"@type\":\"Organization\",\"@id\":\"https:\/\/www.suno.com.br\/noticias\/#organization\",\"name\":\"Suno Not\u00edcias\",\"url\":\"https:\/\/www.suno.com.br\/noticias\/\",\"logo\":{\"@type\":\"ImageObject\",\"inLanguage\":\"pt-BR\",\"@id\":\"https:\/\/www.suno.com.br\/noticias\/#\/schema\/logo\/image\/\",\"url\":\"https:\/\/files.sunoresearch.com.br\/n\/uploads\/2021\/09\/suno-logo.png\",\"contentUrl\":\"https:\/\/files.sunoresearch.com.br\/n\/uploads\/2021\/09\/suno-logo.png\",\"width\":180,\"height\":180,\"caption\":\"Suno Not\u00edcias\"},\"image\":{\"@id\":\"https:\/\/www.suno.com.br\/noticias\/#\/schema\/logo\/image\/\"},\"sameAs\":[\"https:\/\/facebook.com\/sunoresearch\",\"https:\/\/x.com\/sunoresearch\",\"https:\/\/www.instagram.com\/suno\",\"https:\/\/www.linkedin.com\/company\/suno-research\/\",\"https:\/\/www.youtube.com\/c\/sunoresearch\"]},{\"@type\":\"Person\",\"@id\":\"https:\/\/www.suno.com.br\/noticias\/#\/schema\/person\/7f4d362bf3518e76090143ae77bb49a5\",\"name\":\"Eduardo Vargas\",\"image\":{\"@type\":\"ImageObject\",\"inLanguage\":\"pt-BR\",\"@id\":\"https:\/\/www.suno.com.br\/noticias\/#\/schema\/person\/image\/\",\"url\":\"https:\/\/secure.gravatar.com\/avatar\/dac340933427a22924c9f99d1eb2e3f2?s=96&r=g\",\"contentUrl\":\"https:\/\/secure.gravatar.com\/avatar\/dac340933427a22924c9f99d1eb2e3f2?s=96&r=g\",\"caption\":\"Eduardo Vargas\"},\"description\":\"Jornalista formado pela UFSC, cobre macroeconomia, neg\u00f3cios e startups para o Suno Not\u00edcias, escrevendo principalmente not\u00edcias sobre o mercado financeiro e a bolsa de valores. No YouTube e no Instagram, \u00e9 respons\u00e1vel pela produ\u00e7\u00e3o de Reels e Shorts do Suno Not\u00edcias. Anteriormente, trabalhou cobrindo economia e cotidiano no ND+ e para o ND, maior jornal impresso de Santa Catarina. Cursou um semestre letivo de Estudos de M\u00eddia na Universidad de Buenos Aires.\",\"url\":\"https:\/\/www.suno.com.br\/noticias\/author\/eduardo-vargas\/\"}]}<\/script>\n<!-- \/ Yoast SEO plugin. -->","yoast_head_json":{"title":"Juros oscilam perto da estabilidade mas sem influ\u00eancia do IOF","description":"Segundo operadores, o aumento do IOF acabou n\u00e3o pesando negativamente nos juros, como alguns esperavam. Clique aqui e leia mais.","robots":{"index":"index","follow":"follow","max-snippet":"max-snippet:-1","max-image-preview":"max-image-preview:large","max-video-preview":"max-video-preview:-1"},"canonical":"https:\/\/www.suno.com.br\/noticias\/juros-oscila-estabilidade-influencia-iof\/","og_locale":"pt_BR","og_type":"article","og_title":"Juros oscilam perto da estabilidade mas sem influ\u00eancia do IOF","og_description":"Segundo operadores, o aumento do IOF acabou n\u00e3o pesando negativamente nos juros, como alguns esperavam. Clique aqui e leia mais.","og_url":"https:\/\/www.suno.com.br\/noticias\/juros-oscila-estabilidade-influencia-iof\/","og_site_name":"Suno Not\u00edcias","article_publisher":"https:\/\/facebook.com\/sunoresearch","og_image":[{"width":2560,"height":1707,"url":"https:\/\/files.sunoresearch.com.br\/n\/uploads\/2021\/06\/db94f783-banco_central_0514203042-scaled.jpg","type":"image\/jpeg"}],"author":"Eduardo Vargas","twitter_card":"summary_large_image","twitter_creator":"@sunoresearch","twitter_site":"@sunoresearch","twitter_misc":{"Escrito por":"Eduardo Vargas","Est. tempo de leitura":"3 minutos"},"schema":{"@context":"https:\/\/schema.org","@graph":[{"@type":"NewsArticle","@id":"https:\/\/www.suno.com.br\/noticias\/juros-oscila-estabilidade-influencia-iof\/#article","isPartOf":{"@id":"https:\/\/www.suno.com.br\/noticias\/juros-oscila-estabilidade-influencia-iof\/"},"author":{"name":"Eduardo Vargas","@id":"https:\/\/www.suno.com.br\/noticias\/#\/schema\/person\/7f4d362bf3518e76090143ae77bb49a5"},"headline":"Juros oscilam perto da estabilidade mas sem influ\u00eancia do IOF","datePublished":"2021-09-17T16:50:47+00:00","dateModified":"2021-09-17T20:52:39+00:00","mainEntityOfPage":{"@id":"https:\/\/www.suno.com.br\/noticias\/juros-oscila-estabilidade-influencia-iof\/"},"wordCount":581,"publisher":{"@id":"https:\/\/www.suno.com.br\/noticias\/#organization"},"image":{"@id":"https:\/\/www.suno.com.br\/noticias\/juros-oscila-estabilidade-influencia-iof\/#primaryimage"},"thumbnailUrl":"https:\/\/files.sunoresearch.com.br\/n\/uploads\/2021\/06\/db94f783-banco_central_0514203042-scaled.jpg","keywords":["Ag\u00eancias","impostos","juros futuros","taxa de juros","Taxa Selic"],"articleSection":["Mercado"],"inLanguage":"pt-BR"},{"@type":"WebPage","@id":"https:\/\/www.suno.com.br\/noticias\/juros-oscila-estabilidade-influencia-iof\/","url":"https:\/\/www.suno.com.br\/noticias\/juros-oscila-estabilidade-influencia-iof\/","name":"Juros oscilam perto da estabilidade mas sem influ\u00eancia do IOF","isPartOf":{"@id":"https:\/\/www.suno.com.br\/noticias\/#website"},"primaryImageOfPage":{"@id":"https:\/\/www.suno.com.br\/noticias\/juros-oscila-estabilidade-influencia-iof\/#primaryimage"},"image":{"@id":"https:\/\/www.suno.com.br\/noticias\/juros-oscila-estabilidade-influencia-iof\/#primaryimage"},"thumbnailUrl":"https:\/\/files.sunoresearch.com.br\/n\/uploads\/2021\/06\/db94f783-banco_central_0514203042-scaled.jpg","datePublished":"2021-09-17T16:50:47+00:00","dateModified":"2021-09-17T20:52:39+00:00","description":"Segundo operadores, o aumento do IOF acabou n\u00e3o pesando negativamente nos juros, como alguns esperavam. Clique aqui e leia mais.","breadcrumb":{"@id":"https:\/\/www.suno.com.br\/noticias\/juros-oscila-estabilidade-influencia-iof\/#breadcrumb"},"inLanguage":"pt-BR","potentialAction":[{"@type":"ReadAction","target":["https:\/\/www.suno.com.br\/noticias\/juros-oscila-estabilidade-influencia-iof\/"]}]},{"@type":"ImageObject","inLanguage":"pt-BR","@id":"https:\/\/www.suno.com.br\/noticias\/juros-oscila-estabilidade-influencia-iof\/#primaryimage","url":"https:\/\/files.sunoresearch.com.br\/n\/uploads\/2021\/06\/db94f783-banco_central_0514203042-scaled.jpg","contentUrl":"https:\/\/files.sunoresearch.com.br\/n\/uploads\/2021\/06\/db94f783-banco_central_0514203042-scaled.jpg","width":2560,"height":1707,"caption":"Na quinta, os juros oscilaram o dia todo perto da estabilidade, alternando vi\u00e9s de alta e de baixa durante a sess\u00e3o para encerrarem pr\u00f3ximos dos ajustes anteriores - Foto: Marcello Casal Jr\/Ag\u00eancia Brasil"},{"@type":"BreadcrumbList","@id":"https:\/\/www.suno.com.br\/noticias\/juros-oscila-estabilidade-influencia-iof\/#breadcrumb","itemListElement":[{"@type":"ListItem","position":1,"name":"Not\u00edcias","item":"https:\/\/www.suno.com.br\/noticias\/"},{"@type":"ListItem","position":2,"name":"Mercado","item":"https:\/\/www.suno.com.br\/noticias\/mercado\/"},{"@type":"ListItem","position":3,"name":"Juros oscilam perto da estabilidade mas sem influ\u00eancia do IOF"}]},{"@type":"WebSite","@id":"https:\/\/www.suno.com.br\/noticias\/#website","url":"https:\/\/www.suno.com.br\/noticias\/","name":"Suno Not\u00edcias","description":"Seu portal de informa\u00e7\u00e3o sobre o mundo dos investimentos","publisher":{"@id":"https:\/\/www.suno.com.br\/noticias\/#organization"},"potentialAction":[{"@type":"SearchAction","target":{"@type":"EntryPoint","urlTemplate":"https:\/\/www.suno.com.br\/noticias\/?s={search_term_string}"},"query-input":{"@type":"PropertyValueSpecification","valueRequired":true,"valueName":"search_term_string"}}],"inLanguage":"pt-BR"},{"@type":"Organization","@id":"https:\/\/www.suno.com.br\/noticias\/#organization","name":"Suno Not\u00edcias","url":"https:\/\/www.suno.com.br\/noticias\/","logo":{"@type":"ImageObject","inLanguage":"pt-BR","@id":"https:\/\/www.suno.com.br\/noticias\/#\/schema\/logo\/image\/","url":"https:\/\/files.sunoresearch.com.br\/n\/uploads\/2021\/09\/suno-logo.png","contentUrl":"https:\/\/files.sunoresearch.com.br\/n\/uploads\/2021\/09\/suno-logo.png","width":180,"height":180,"caption":"Suno Not\u00edcias"},"image":{"@id":"https:\/\/www.suno.com.br\/noticias\/#\/schema\/logo\/image\/"},"sameAs":["https:\/\/facebook.com\/sunoresearch","https:\/\/x.com\/sunoresearch","https:\/\/www.instagram.com\/suno","https:\/\/www.linkedin.com\/company\/suno-research\/","https:\/\/www.youtube.com\/c\/sunoresearch"]},{"@type":"Person","@id":"https:\/\/www.suno.com.br\/noticias\/#\/schema\/person\/7f4d362bf3518e76090143ae77bb49a5","name":"Eduardo Vargas","image":{"@type":"ImageObject","inLanguage":"pt-BR","@id":"https:\/\/www.suno.com.br\/noticias\/#\/schema\/person\/image\/","url":"https:\/\/secure.gravatar.com\/avatar\/dac340933427a22924c9f99d1eb2e3f2?s=96&r=g","contentUrl":"https:\/\/secure.gravatar.com\/avatar\/dac340933427a22924c9f99d1eb2e3f2?s=96&r=g","caption":"Eduardo Vargas"},"description":"Jornalista formado pela UFSC, cobre macroeconomia, neg\u00f3cios e startups para o Suno Not\u00edcias, escrevendo principalmente not\u00edcias sobre o mercado financeiro e a bolsa de valores. No YouTube e no Instagram, \u00e9 respons\u00e1vel pela produ\u00e7\u00e3o de Reels e Shorts do Suno Not\u00edcias. Anteriormente, trabalhou cobrindo economia e cotidiano no ND+ e para o ND, maior jornal impresso de Santa Catarina. Cursou um semestre letivo de Estudos de M\u00eddia na Universidad de Buenos Aires.","url":"https:\/\/www.suno.com.br\/noticias\/author\/eduardo-vargas\/"}]}},"default_loop_html":"<div class=\"cardsPage__listCard__boxs\"><div class=\"cardsPage__listCard__boxs__img\"><a href=\"https:\/\/www.suno.com.br\/noticias\/ibovespa-abre-queda-minerio-alta-iof-vale-vale3\/\"><img class=\"mask\" src=\"https:\/\/www.suno.com.br\/noticias\/wp-content\/themes\/suno\/resources\/images\/spotlight\/spotlight1img\/bg-mask.png\" alt=\"Image Mask\"\/><img src=\"https:\/\/files.sunoresearch.com.br\/n\/uploads\/2021\/01\/29cca9f3-brasil-vale-20190129-022-copy-400x200.webp\" alt=\"Ibovespa abre em queda com min\u00e9rio de ferro e IOF no radar; Vale (VALE3) cai 3%\"\/><\/a><span class=\"spotlightCategory\"><a href=\"https:\/\/www.suno.com.br\/noticias\/mercado\/\">Mercado<\/a><\/span><\/div><div class=\"cardsPage__listCard__boxs__content\"><a href=\"https:\/\/www.suno.com.br\/noticias\/ibovespa-abre-queda-minerio-alta-iof-vale-vale3\/\"><h2 class=\"content__title\">Ibovespa abre em queda com min\u00e9rio de ferro e IOF no radar; Vale (VALE3) cai 3%<\/h2><\/a><div class=\"newsContent__article__meta\"><div class=\"newsContent__article__meta__authorBox\"><a href=\"https:\/\/www.suno.com.br\/noticias\/author\/eduardo-vargas\/\" class=\"authorBox__avatar noMobi\"><img src=\"https:\/\/secure.gravatar.com\/avatar\/dac340933427a22924c9f99d1eb2e3f2?s=96&#038;r=g\" alt=\"Eduardo Vargas\"><\/a><div class=\"authorBox__name\"><span>por\n\t\t\t<a href=\"https:\/\/www.suno.com.br\/noticias\/author\/eduardo-vargas\/\"><span itemprop=\"author\">Eduardo Vargas<\/span><\/a><\/span><time datetime=\"2021-09-17T11:22:11-03:00\" itemprop=\"datePublished\">17\/09\/2021 11:22<\/time><\/div><\/div><\/div><\/div><\/div>","single_layout":"posts","amp_enabled":true,"_links":{"self":[{"href":"https:\/\/www.suno.com.br\/noticias\/wp-json\/wp\/v2\/posts\/185021"}],"collection":[{"href":"https:\/\/www.suno.com.br\/noticias\/wp-json\/wp\/v2\/posts"}],"about":[{"href":"https:\/\/www.suno.com.br\/noticias\/wp-json\/wp\/v2\/types\/post"}],"author":[{"embeddable":true,"href":"https:\/\/www.suno.com.br\/noticias\/wp-json\/wp\/v2\/users\/73"}],"replies":[{"embeddable":true,"href":"https:\/\/www.suno.com.br\/noticias\/wp-json\/wp\/v2\/comments?post=185021"}],"version-history":[{"count":2,"href":"https:\/\/www.suno.com.br\/noticias\/wp-json\/wp\/v2\/posts\/185021\/revisions"}],"predecessor-version":[{"id":185141,"href":"https:\/\/www.suno.com.br\/noticias\/wp-json\/wp\/v2\/posts\/185021\/revisions\/185141"}],"wp:featuredmedia":[{"embeddable":true,"href":"https:\/\/www.suno.com.br\/noticias\/wp-json\/wp\/v2\/media\/158753"}],"wp:attachment":[{"href":"https:\/\/www.suno.com.br\/noticias\/wp-json\/wp\/v2\/media?parent=185021"}],"wp:term":[{"taxonomy":"category","embeddable":true,"href":"https:\/\/www.suno.com.br\/noticias\/wp-json\/wp\/v2\/categories?post=185021"},{"taxonomy":"post_tag","embeddable":true,"href":"https:\/\/www.suno.com.br\/noticias\/wp-json\/wp\/v2\/tags?post=185021"},{"taxonomy":"suno_strategy","embeddable":true,"href":"https:\/\/www.suno.com.br\/noticias\/wp-json\/wp\/v2\/suno_strategy?post=185021"}],"curies":[{"name":"wp","href":"https:\/\/api.w.org\/{rel}","templated":true}]}}