{"id":185010,"date":"2021-09-17T11:22:11","date_gmt":"2021-09-17T14:22:11","guid":{"rendered":"https:\/\/www.suno.com.br\/noticias\/?p=185010"},"modified":"2021-09-17T11:32:19","modified_gmt":"2021-09-17T14:32:19","slug":"ibovespa-abre-queda-minerio-alta-iof-vale-vale3","status":"publish","type":"post","link":"https:\/\/www.suno.com.br\/noticias\/ibovespa-abre-queda-minerio-alta-iof-vale-vale3\/","title":{"rendered":"Ibovespa abre em queda com min\u00e9rio de ferro e IOF no radar; Vale (VALE3) cai 3%"},"content":{"rendered":"<p>O<strong> Ibovespa <\/strong>abre em queda <a href=\"https:\/\/www.suno.com.br\/artigos\/pregao\">no preg\u00e3o desta sexta-feira (17), com baixa de 1,08% aos 112.566 pontos<\/a>. O \u00edndice repercute os movimentos do min\u00e9rio de ferro, que cai 4,9% a US$ 101,95 por tonelada no Porto de Qingdao, na China. Al\u00e9m disso, o mercado digere a not\u00edcia <a href=\"https:\/\/www.suno.com.br\/noticias\/bolsonaro-eleva-iof-novo-bolsa-familia\/\">sobre o aumento das al\u00edquotas do IOF<\/a>, divulgadas ontem pelo governo federal, para financiar o Bolsa Fam\u00edlia.<\/p>\t<div class=\"wrapper-featured-image\">\n\t\t<figure class=\"spotlightImg\">\n\n\t\t\t<picture>\n\t\t\t\t<source media=\"(max-width: 768px)\" srcset=\"https:\/\/files.sunoresearch.com.br\/n\/uploads\/2021\/01\/29cca9f3-brasil-vale-20190129-022-copy-400x200.webp\">\n\t\t\t\t<img loading=\"lazy\" decoding=\"async\" class=\"newsContent__article__imgCapa lazyloadDisabled \" src=\"https:\/\/files.sunoresearch.com.br\/n\/uploads\/2021\/01\/29cca9f3-brasil-vale-20190129-022-copy-800x450.webp\" width=\"800\" height=\"450\" alt=\"Ibovespa abre em queda com min\u00e9rio de ferro e IOF no radar; Vale (VALE3) cai 3%\" fetchpriority=high \/>\n\t\t\t<\/picture>\n\n\t\t\t<figcaption class=\"wp-caption-text wp-caption-text--show\">Com min\u00e9rio em derrocada, Vale puxa quedas do Ibovespa, sendo a companhia mais relevante do \u00edndice - Foto: Divulga\u00e7\u00e3o<\/figcaption>\n\t\t<\/figure>\n\t<\/div>\n\n\n\t<p>\n\t\t<a href=\"https:\/\/lp.suno.com.br\/planilha-controle-gastos\/\" target=\"_blank\" data-element=\"shortcode-suno-banner\" title=\"Banner SUNO, clique e saiba mais\">\n\t\t\t<picture>\n\t\t\t\t<source media=\"(max-width: 500px)\" srcset=\"https:\/\/files.sunoresearch.com.br\/n\/uploads\/2023\/03\/400x300-Planilha-controle-de-gastos.png\">\n\t\t\t\t<img class=\"newsContent__article__imgCapa newsContent__article__imgCapa--banner\"\n\t\t\t\t\tsrc=\"https:\/\/files.sunoresearch.com.br\/n\/uploads\/2023\/03\/1420x240-Planilha-controle-de-gastos.png\"\n\t\t\t\t\tdata-promo-id=\"101751\"\t\t\t\t\t\t\t\t\t\twidth='1420' height='240'\t\t\t\t\talt=\"https:\/\/files.sunoresearch.com.br\/n\/uploads\/2023\/03\/1420x240-Planilha-controle-de-gastos.png\"\n\t\t\t\t>\n\t\t\t<\/picture>\n\t\t<\/a>\n\t<\/p>\n\n\n<p>O <strong>Ibovespa hoje<\/strong> lida com uma queda em bloco das companhias vinculadas \u00e0 commodity, que encabe\u00e7am as baixas do \u00edndice.<\/p>\n<p>O decreto eleva a al\u00edquota do Imposto Sobre Opera\u00e7\u00f5es Financeiras (<strong>IOF<\/strong>) at\u00e9 o fim deste ano, para aumentar a arrecada\u00e7\u00e3o federal e financiar o Aux\u00edlio Brasil, que vai substituir o Bolsa Fam\u00edlia.<\/p>\n<p>As al\u00edquotas do IOF ser\u00e3o elevadas de 1,50% anual (0,0041%\/dia) para 2,04% (0,00559%) para Pessoa Jur\u00eddica. Para Pessoa F\u00edsica, subiria de 3% anual (0,0082%\/dia) para 4,08% (0,01118% na al\u00edquota di\u00e1ria).<\/p>\n<p>A<a href=\"https:\/\/www.suno.com.br\/noticias\/comissao-camara-aprova-admissibilidade-pec-precatorios\/\"> admissibilidade da PEC dos Precat\u00f3rios<\/a> tamb\u00e9m segue no radar.\u00a0 O adiamento da quita\u00e7\u00e3o das d\u00edvidas do governo federal est\u00e1 no debate sobre a quest\u00e3o fiscal.<\/p>\n<p>Nos indicadores, a Europa divulgou um IPC (\u00cdndice de Pre\u00e7os ao Consumidor) de 3% ao ano, dentro das expectativas, assim como a alta de 0,4% no m\u00eas de agosto. A sexta (17) deve contar com resultados de menor impacto nos mercados, como o da Confian\u00e7a do Consumidor Michigan ainda na parte da manh\u00e3.<\/p>\n<h2>Not\u00edcias que v\u00e3o movimentar o Ibovespa hoje<\/h2>\n<ul>\n<li><b>Vale <\/b>pagar\u00e1 R$ 8 por a\u00e7\u00e3o em dividendos<\/li>\n<li><b>Gol <\/b>refinancia\u00a0 d\u00edvida de R$ 1,2bilh\u00f5es<\/li>\n<li><b>Renner\u00a0<\/b>prop\u00f5e bonifica\u00e7\u00e3o de 1 a\u00e7\u00e3o a cada 10<\/li>\n<\/ul>\n<h3>Vale anunciou novos dividendos<\/h3>\n<p>Ap\u00f3s o preg\u00e3o da quinta (16) a <a href=\"https:\/\/www.suno.com.br\/acoes\/vale3\/\"><strong>Vale<\/strong>\u00a0(VALE3)<\/a> divulgou que aprovou o pagamento de R$ 8,1083 por a\u00e7\u00e3o em dividendos. Os proventos s\u00e3o referentes ao primeiro semestre deste ano, com o valor apurado com base no balan\u00e7o de 30 de junho.<\/p>\n<p>O pagamento dos<strong>\u00a0dividendos da Vale<\/strong> deve ocorrer no dia 30 de setembro. A data de corte para os investidores donos de a\u00e7\u00f5es da mineradora, negociadas na B3, ser\u00e1 em 22 de setembro, enquanto a record date para os detentores de ADRs, negociados na NYSE, est\u00e1 marcada para 24 de setembro.<\/p>\n<p>Assim, a\u00a0<strong>a\u00e7\u00e3o da Vale<\/strong>\u00a0passar\u00e1 a ser negociada \u201c<strong>ex-dividendo<\/strong>\u201d na\u00a0<strong>Bolsa de Valores brasileira<\/strong> e na Bolsa americana a partir da pr\u00f3xima quinta-feira (23).<\/p>\n\t<p>\n\t\t<a href=\"https:\/\/lp.suno.com.br\/planilha-da-vida-financeira\/\" target=\"_blank\" data-element=\"shortcode-suno-banner\" title=\"Banner SUNO, clique e saiba mais\">\n\t\t\t<picture>\n\t\t\t\t<source media=\"(max-width: 500px)\" srcset=\"https:\/\/files.sunoresearch.com.br\/n\/uploads\/2023\/04\/400x300-Planilha-vida-financeira-true.png\">\n\t\t\t\t<img class=\"newsContent__article__imgCapa newsContent__article__imgCapa--banner\"\n\t\t\t\t\tsrc=\"https:\/\/files.sunoresearch.com.br\/n\/uploads\/2023\/04\/1420x240-Planilha-vida-financeira-true.png\"\n\t\t\t\t\tdata-promo-id=\"106682\"\t\t\t\t\t\t\t\t\t\twidth='1420' height='240'\t\t\t\t\talt=\"https:\/\/files.sunoresearch.com.br\/n\/uploads\/2023\/04\/1420x240-Planilha-vida-financeira-true.png\"\n\t\t\t\t>\n\t\t\t<\/picture>\n\t\t<\/a>\n\t<\/p>\n\n\n<p>O valor dos dividendos por a\u00e7\u00e3o pode sofrer uma pequena altera\u00e7\u00e3o devido ao programa de recompra.<\/p>\n<p>A companhia aprovou ainda o cancelamento de 152.016.372 a\u00e7\u00f5es ordin\u00e1rias de sua emiss\u00e3o, adquiridas em programas de recompra anteriores. O valor do <strong>capital social da Vale<\/strong>\u00a0n\u00e3o sofreu altera\u00e7\u00e3o, mas agora est\u00e1 dividido em 5.132.458.398 pap\u00e9is ordin\u00e1rios e 12 preferenciais de classe especial.<\/p>\n<p>&#8220;A not\u00edcia \u00e9 muito positiva para os acionistas, j\u00e1 que s\u00f3 esta distribui\u00e7\u00e3o equivale a um dividend Yield de quase 10%, lembrando que ela j\u00e1 fez distribui\u00e7\u00e3o de dividendos em duas parcelas no 1S21. O pre\u00e7o da a\u00e7\u00e3o da Vale tem sofrido muito com a forte queda no pre\u00e7o do min\u00e9rio de ferro a alguns preg\u00f5es. Hoje, mesmo com nova queda no pre\u00e7o do min\u00e9rio de ferro, \u00e9 poss\u00edvel alguma rea\u00e7\u00e3o no pre\u00e7o da a\u00e7\u00e3o&#8221;, analisa Pedro Galdi (CNPI) da Mirae Asset.<\/p>\n<p>Por outro lado, a mineradora sofre com as baixas recentes do pre\u00e7o do min\u00e9rio de ferro, que cai 3.38 nos pre\u00e7os futuros. O movimento recentes fez o UBS rebaixar a classifica\u00e7\u00e3o da Vale para venda.<\/p>\n<p>&#8220;Especificamente, n\u00f3s reduzimos nossas previs\u00f5es para o pre\u00e7o do min\u00e9rio de ferro, considerando quedas de 10%, 12% e 6% no tri\u00eanio 2021-23, representando pre\u00e7o de US$ 163, US$ 89 e US$ 80 por tonelada&#8221;, consta no relat\u00f3rio<\/p>\n<p>&#8220;N\u00f3s rebaixamos o valor para um contra-consenso considerando que o excedente de min\u00e9rio est\u00e1 agora chegando rapidamente a 2022. Caracterizamos isso como fruto de:<\/p>\n<ul>\n<li>Produ\u00e7\u00e3o de a\u00e7o da China pesa sobre a demanda da commodity<\/li>\n<li>Oferta global de min\u00e9rio segue crescendo oferta global de IO continua aumentando<\/li>\n<li>Sucata segue movimentando de 10 a 20 milh\u00f5es de toneladas de min\u00e9rio ao ano<\/li>\n<li>As minas de ferro chinesas crescem cerca de 10 a 20 milh\u00f5es de toneladas por ano&#8221;<\/li>\n<\/ul>\n<p>Com as novidades, a companhia cai 2,1% no <strong>Ibovespa hoje<\/strong>, seguindo a tend\u00eancia do \u00edndice.<\/p>\n<h3>Gol refinancia d\u00edvida bilion\u00e1ria<\/h3>\n<p>A\u00a0<a class=\"suno-keyword\" href=\"https:\/\/www.suno.com.br\/acoes\/GOLL4\/\" target=\"_blank\" rel=\"noopener\" data-force=\"yes\" data-priority=\"2\"><strong>Gol<\/strong>\u00a0(GOLL4)<\/a> concluiu um refinanciamento de R$ 1,2 bilh\u00e3o, correspondente \u00e0 d\u00edvida da GLA Linhas A\u00e9reas, uma unidade operacional da a\u00e9rea. Segundo a companhia, com isso, ela retorna ao seu menor patamar de d\u00edvida de <a class=\"suno-keyword\" href=\"https:\/\/www.suno.com.br\/artigos\/curto-prazo\/\" target=\"_blank\" rel=\"noopener\" data-force=\"no\" data-priority=\"1\">curto prazo<\/a>\u00a0desde 2014, chegando a R$ 500 milh\u00f5es ao final do terceiro trimestre de 2021.<\/p>\n<p>Em comunicado ao mercado desta sexta-feira (17), a a\u00e9rea informou que esse<strong>\u00a0refinanciamento de d\u00edvida<\/strong>\u00a0\u00e9 a \u00faltima etapa do seu programa de\u00a0<em>liability management\u00a0<\/em>(gest\u00e3o de responsabilidade, em tradu\u00e7\u00e3o livre).<\/p>\n\t<p>\n\t\t<a href=\"https:\/\/lp.suno.com.br\/planilha-da-vida-financeira\/\" target=\"_blank\" data-element=\"shortcode-suno-banner\" title=\"Banner SUNO, clique e saiba mais\">\n\t\t\t<picture>\n\t\t\t\t<source media=\"(max-width: 500px)\" srcset=\"https:\/\/files.sunoresearch.com.br\/n\/uploads\/2023\/04\/400x300-Planilha-vida-financeira-true.png\">\n\t\t\t\t<img class=\"newsContent__article__imgCapa newsContent__article__imgCapa--banner\"\n\t\t\t\t\tsrc=\"https:\/\/files.sunoresearch.com.br\/n\/uploads\/2023\/04\/1420x240-Planilha-vida-financeira-true.png\"\n\t\t\t\t\tdata-promo-id=\"106682\"\t\t\t\t\t\t\t\t\t\twidth='1420' height='240'\t\t\t\t\talt=\"https:\/\/files.sunoresearch.com.br\/n\/uploads\/2023\/04\/1420x240-Planilha-vida-financeira-true.png\"\n\t\t\t\t>\n\t\t\t<\/picture>\n\t\t<\/a>\n\t<\/p>\n\n\n<p>Com o programa, a Gol utilizou ativos do seu <strong>balan\u00e7o<\/strong> patrimonial para reduzir em R$2,1 bilh\u00f5es a d\u00edvida de curto prazo, no per\u00edodo de 12 meses finalizado em junho deste ano.<\/p>\n<p>\u201cEm parceria com seus provedores de\u00a0<em>leasing<\/em>\u00a0de aeronaves, a companhia manteve o passivo de arrendamentos em aproximadamente 45% do total do endividamento no mesmo per\u00edodo, com uma\u00a0<a class=\"suno-keyword\" href=\"https:\/\/www.suno.com.br\/artigos\/taxa-de-desconto\/\" target=\"_blank\" rel=\"noopener\" data-force=\"no\" data-priority=\"1\">taxa de desconto<\/a> est\u00e1vel em IFRS16\u2033, consta no comunicado da Gol.<\/p>\n<p>Com o movimento, as <strong>a\u00e7\u00f5es da Gol<\/strong> s0bem 0,30% no Ibovespa.<\/p>\n<h3>Renner prop\u00f5e bonifica\u00e7\u00e3o<\/h3>\n<p>As <a class=\"suno-keyword\" href=\"https:\/\/www.suno.com.br\/acoes\/LREN3\/\" target=\"_blank\" rel=\"noopener\" data-force=\"yes\" data-priority=\"2\">Lojas\u00a0<strong>Renner<\/strong>\u00a0(LREN3)<\/a> propuseram a bonifica\u00e7\u00e3o de 1 a\u00e7\u00e3o para cada 10 pap\u00e9is detidos pelos acionistas da varejista. O tema ser\u00e1 votado em Assembleia Geral Extraordin\u00e1ria (AGE), marcada para 21 de outubro.<\/p>\n<p>Os recursos para pagar a bonifica\u00e7\u00e3o vir\u00e3o com a incorpora\u00e7\u00e3o do saldo de reserva de capitais e da reserva de lucros, o que aumentar\u00e1 o capital social da Renner em R$ 1,23 bilh\u00e3o. A divis\u00e3o ser\u00e1 da seguinte forma:<\/p>\n<ul>\n<li>R$ 30.759.076,65: conta de Reservas de Capital (Reserva de Plano de\u00a0<a class=\"suno-keyword\" href=\"https:\/\/www.suno.com.br\/artigos\/opcao-de-compra\/\" target=\"_blank\" rel=\"noopener\" data-force=\"no\" data-priority=\"1\">Op\u00e7\u00f5es de Compra<\/a>);<\/li>\n<li>R$ 1.200.000.000,00: conta de Reservas de Lucros (composta pela Reserva para Investimento e Expans\u00e3o, Reserva Legal e Reserva de\u00a0<a class=\"suno-keyword\" href=\"https:\/\/www.suno.com.br\/artigos\/incentivos-fiscais\/\" target=\"_blank\" rel=\"noopener\" data-force=\"no\" data-priority=\"1\">Incentivos Fiscais<\/a>).<\/li>\n<\/ul>\n<p>A varejista destaca que os recursos ser\u00e3o convertidos em 89,86 milh\u00f5es de\u00a0novas\u00a0<a class=\"suno-keyword\" href=\"https:\/\/www.suno.com.br\/artigos\/o-que-sao-acoes-ordinarias-preferenciais-e-units\/\" target=\"_blank\" rel=\"noopener\" data-force=\"no\" data-priority=\"1\">a\u00e7\u00f5es ordin\u00e1rias<\/a>, correspondentes a 10% do montante atual em circula\u00e7\u00e3o no mercado (free float), e doada aos acionistas na propor\u00e7\u00e3o de 1 a\u00e7\u00e3o a cada 10 detidas.<\/p>\n<p>O valor por\u00a0<strong>a\u00e7\u00e3o LREN3<\/strong>\u00a0ser\u00e1 de R$ 13,35, e ser\u00e1 distribu\u00edda 1 nova a\u00e7\u00e3o para cada 10 pap\u00e9is que o acionista possui.<\/p>\n<p>As <strong>a\u00e7\u00f5es da Renner<\/strong> sobem 0,11% no <strong>Ibovespa nesta sexta<\/strong>.<\/p>\n<h2>Destaques do Ibovespa<\/h2>\n<p>As principais altas no Ibovespa, por volta das 10h30 s\u00e3o:<\/p>\n<ul>\n<li><a href=\"https:\/\/www.suno.com.br\/acoes\/LCAM3\/\"><strong>Azul <\/strong>(AZUL4)<\/a>: +0,4%<\/li>\n<li><a href=\"https:\/\/www.suno.com.br\/acoes\/ELET3\/\"><strong>Ecorodovias <\/strong>(ECOR3)<\/a>: +0,4%<\/li>\n<li><a href=\"https:\/\/www.suno.com.br\/acoes\/JBSS3\"><strong>Embraer <\/strong>(EMBR3)<\/a>: +0,2%<\/li>\n<li><a href=\"https:\/\/www.suno.com.br\/acoes\/PCAR3\/\"><strong>NTCO <\/strong>(NTCO3)<\/a>: +0,2%<\/li>\n<li><a href=\"https:\/\/www.suno.com.br\/acoes\/PRIO3\/\"><strong>Alpargatas <\/strong>(ALPA4)<\/a>: +0,2%<\/li>\n<\/ul>\n<p>No mesmo hor\u00e1rio, as principais quedas no Ibovespa eram:<\/p>\n<ul>\n<li><a href=\"https:\/\/www.suno.com.br\/acoes\/usim5\"><strong>Usiminas <\/strong>(USIM5)<\/a>: -4,1%<\/li>\n<li><a href=\"https:\/\/www.suno.com.br\/acoes\/LCAM3\/\"><strong>Gerdau <\/strong>(GGBR4)<\/a>: -3,6%<\/li>\n<li><a href=\"https:\/\/www.suno.com.br\/acoes\/LCAM3\/\"><strong>Bradespar <\/strong>(BRAP4)<\/a> -3,6%<\/li>\n<li><a href=\"https:\/\/www.suno.com.br\/acoes\/PETR4\/\"><strong>Gerdau Metais <\/strong>(GOAU4)<\/a>: -3,1%<\/li>\n<li><a href=\"https:\/\/www.suno.com.br\/acoes\/RDOR3\/\"><strong>CSN <\/strong>(CSNA3)<\/a>: -2,9%<\/li>\n<\/ul>\n<h2>Principais \u00edndices<\/h2>\n<ul>\n<li><a href=\"https:\/\/www.suno.com.br\/artigos\/ifix\/\">IFIX<\/a>: +0,14%<\/li>\n<li><a href=\"https:\/\/www.suno.com.br\/artigos\/smll\/\">SMLL<\/a>: -0,40%<\/li>\n<li><a href=\"https:\/\/www.suno.com.br\/artigos\/idiv\/\">IDIV<\/a>: -0,81%<\/li>\n<li><a href=\"https:\/\/www.suno.com.br\/artigos\/ibrx\/\">IBRX 100<\/a>: -0,68%<\/li>\n<\/ul>\n<h2>Bolsas mundiais<\/h2>\n<p>Veja o desempenho dos principais \u00edndices acion\u00e1rios no exterior, al\u00e9m do \u00edndice Ibovespa<strong>:<\/strong><\/p>\n<ul>\n<li><a href=\"https:\/\/www.suno.com.br\/artigos\/futuro-de-sp-500\/\">Nova York (S&amp;P 500) futuro<\/a>: -0,18%<\/li>\n<li><a href=\"https:\/\/www.suno.com.br\/artigos\/indice-dow-jones-djia\/\">Nova York Dow Jones (DJIA) futuro<\/a>: -0,12%<\/li>\n<li><a href=\"https:\/\/www.suno.com.br\/artigos\/dax-30\/\">Frankfurt (DAX 30)<\/a>: +0,02%<\/li>\n<li><a href=\"https:\/\/www.suno.com.br\/artigos\/ftse-100\/\">Londres (FTSE 100)<\/a>: +0,13%<\/li>\n<li><a href=\"https:\/\/www.suno.com.br\/artigos\/cac-40\/\">Paris (CAC 40)<\/a>: +0,42%<\/li>\n<li><a href=\"https:\/\/www.suno.com.br\/artigos\/ftse-mib\/\">Mil\u00e3o (FTSE\/MIB)<\/a>: +0,11%<\/li>\n<li><a href=\"https:\/\/www.suno.com.br\/artigos\/nikkei-225\/\">T\u00f3quio (Nikkei 225)<\/a>: +0,58% (fechada)<\/li>\n<li><a href=\"https:\/\/www.suno.com.br\/artigos\/bolsa-de-xangai\/\">Xangai (SSE Composite)<\/a>: +0,19% (fechada)<\/li>\n<li><a href=\"https:\/\/www.suno.com.br\/artigos\/hang-seng\/\">Hong Kong (Hang Seng)<\/a>: +1,03% (fechada)<\/li>\n<\/ul>\n<h2>\u00daltima cota\u00e7\u00e3o do Ibovespa<\/h2>\n<p>No fechamento do preg\u00e3o de quinta (16), o <strong>Ibovespa<\/strong> fechou em queda de 1,10%, aos 113.794 pontos.<\/p>\n\t<p>\n\t\t<a href=\"https:\/\/lp.suno.com.br\/planilha-de-controle-de-investimentos\/\" target=\"_blank\" data-element=\"shortcode-suno-banner\" title=\"Banner SUNO, clique e saiba mais\">\n\t\t\t<picture>\n\t\t\t\t<source media=\"(max-width: 500px)\" srcset=\"https:\/\/files.sunoresearch.com.br\/n\/uploads\/2023\/03\/400x300-Controle-de-Investimentos.png\">\n\t\t\t\t<img class=\"newsContent__article__imgCapa newsContent__article__imgCapa--banner\"\n\t\t\t\t\tsrc=\"https:\/\/files.sunoresearch.com.br\/n\/uploads\/2023\/03\/1420x240-Controle-de-Investimentos.png\"\n\t\t\t\t\tdata-promo-id=\"75934\"\t\t\t\t\t\t\t\t\t\twidth='1420' height='240'\t\t\t\t\talt=\"https:\/\/files.sunoresearch.com.br\/n\/uploads\/2023\/03\/1420x240-Controle-de-Investimentos.png\"\n\t\t\t\t>\n\t\t\t<\/picture>\n\t\t<\/a>\n\t<\/p>\n\n\n","protected":false},"excerpt":{"rendered":"<p>O Ibovespa abre em queda no preg\u00e3o desta sexta-feira (17), com baixa de 1,08% aos 112.566 pontos. O \u00edndice repercute os movimentos do min\u00e9rio de ferro, que cai 4,9% a US$ 101,95 por tonelada no Porto de Qingdao, na China. Al\u00e9m disso, o mercado digere a not\u00edcia sobre o aumento das al\u00edquotas do IOF, divulgadas [&hellip;]<\/p>\n","protected":false},"author":73,"featured_media":114885,"comment_status":"closed","ping_status":"closed","sticky":false,"template":"","format":"standard","meta":[],"categories":[60],"tags":[104703,105816,489,721,542,825,676],"suno_strategy":[],"class_list":["post-185010","post","type-post","status-publish","format-standard","has-post-thumbnail","hentry","category-mercado","tag-bolsas-mundiais","tag-especialistas","tag-gol-linhas-aereas-goll11-goll4","tag-ibovespa","tag-lojas-renner-lren3","tag-minerio-de-ferro","tag-vale-vale3"],"yoast_head":"<!-- This site is optimized with the Yoast SEO plugin v24.4 - https:\/\/yoast.com\/wordpress\/plugins\/seo\/ -->\n<title>Ibovespa abre em queda com min\u00e9rio e alta do IOF; Vale (VALE3) cai 2%<\/title>\n<meta name=\"description\" content=\"Ap\u00f3s novas baixas no min\u00e9rio de ferro, a Vale puxa as quedas do Ibovespa junto com a\u00e7\u00f5es vinculadas \u00e0 commodity. Leia mais.\" \/>\n<meta name=\"robots\" content=\"index, follow, max-snippet:-1, max-image-preview:large, max-video-preview:-1\" \/>\n<link rel=\"canonical\" href=\"https:\/\/www.suno.com.br\/noticias\/ibovespa-abre-queda-minerio-alta-iof-vale-vale3\/\" \/>\n<meta property=\"og:locale\" content=\"pt_BR\" \/>\n<meta property=\"og:type\" content=\"article\" \/>\n<meta property=\"og:title\" content=\"Ibovespa abre em queda com min\u00e9rio e alta do IOF; Vale (VALE3) cai 2%\" \/>\n<meta property=\"og:description\" content=\"Ap\u00f3s novas baixas no min\u00e9rio de ferro, a Vale puxa as quedas do Ibovespa junto com a\u00e7\u00f5es vinculadas \u00e0 commodity. Leia mais.\" \/>\n<meta property=\"og:url\" content=\"https:\/\/www.suno.com.br\/noticias\/ibovespa-abre-queda-minerio-alta-iof-vale-vale3\/\" \/>\n<meta property=\"og:site_name\" content=\"Suno Not\u00edcias\" \/>\n<meta property=\"article:publisher\" content=\"https:\/\/facebook.com\/sunoresearch\" \/>\n<meta property=\"og:image\" content=\"https:\/\/files.sunoresearch.com.br\/n\/uploads\/2021\/01\/29cca9f3-brasil-vale-20190129-022-copy.jpg\" \/>\n\t<meta property=\"og:image:width\" content=\"1500\" \/>\n\t<meta property=\"og:image:height\" content=\"1000\" \/>\n\t<meta property=\"og:image:type\" content=\"image\/jpeg\" \/>\n<meta name=\"author\" content=\"Eduardo Vargas\" \/>\n<meta name=\"twitter:card\" content=\"summary_large_image\" \/>\n<meta name=\"twitter:creator\" content=\"@sunoresearch\" \/>\n<meta name=\"twitter:site\" content=\"@sunoresearch\" \/>\n<meta name=\"twitter:label1\" content=\"Escrito por\" \/>\n\t<meta name=\"twitter:data1\" content=\"Eduardo Vargas\" \/>\n\t<meta name=\"twitter:label2\" content=\"Est. tempo de leitura\" \/>\n\t<meta name=\"twitter:data2\" content=\"6 minutos\" \/>\n<script type=\"application\/ld+json\" class=\"yoast-schema-graph\">{\"@context\":\"https:\/\/schema.org\",\"@graph\":[{\"@type\":\"NewsArticle\",\"@id\":\"https:\/\/www.suno.com.br\/noticias\/ibovespa-abre-queda-minerio-alta-iof-vale-vale3\/#article\",\"isPartOf\":{\"@id\":\"https:\/\/www.suno.com.br\/noticias\/ibovespa-abre-queda-minerio-alta-iof-vale-vale3\/\"},\"author\":{\"name\":\"Eduardo Vargas\",\"@id\":\"https:\/\/www.suno.com.br\/noticias\/#\/schema\/person\/7f4d362bf3518e76090143ae77bb49a5\"},\"headline\":\"Ibovespa abre em queda com min\u00e9rio de ferro e IOF no radar; Vale (VALE3) cai 3%\",\"datePublished\":\"2021-09-17T14:22:11+00:00\",\"dateModified\":\"2021-09-17T14:32:19+00:00\",\"mainEntityOfPage\":{\"@id\":\"https:\/\/www.suno.com.br\/noticias\/ibovespa-abre-queda-minerio-alta-iof-vale-vale3\/\"},\"wordCount\":1256,\"publisher\":{\"@id\":\"https:\/\/www.suno.com.br\/noticias\/#organization\"},\"image\":{\"@id\":\"https:\/\/www.suno.com.br\/noticias\/ibovespa-abre-queda-minerio-alta-iof-vale-vale3\/#primaryimage\"},\"thumbnailUrl\":\"https:\/\/files.sunoresearch.com.br\/n\/uploads\/2021\/01\/29cca9f3-brasil-vale-20190129-022-copy-jpg.webp\",\"keywords\":[\"Bolsas mundiais\",\"Especialistas\",\"Gol Linhas A\u00e9reas (GOLL11\/GOLL4)\",\"Ibovespa\",\"Lojas Renner (LREN3)\",\"min\u00e9rio de ferro\",\"Vale (VALE3)\"],\"articleSection\":[\"Mercado\"],\"inLanguage\":\"pt-BR\"},{\"@type\":\"WebPage\",\"@id\":\"https:\/\/www.suno.com.br\/noticias\/ibovespa-abre-queda-minerio-alta-iof-vale-vale3\/\",\"url\":\"https:\/\/www.suno.com.br\/noticias\/ibovespa-abre-queda-minerio-alta-iof-vale-vale3\/\",\"name\":\"Ibovespa abre em queda com min\u00e9rio e alta do IOF; Vale (VALE3) cai 2%\",\"isPartOf\":{\"@id\":\"https:\/\/www.suno.com.br\/noticias\/#website\"},\"primaryImageOfPage\":{\"@id\":\"https:\/\/www.suno.com.br\/noticias\/ibovespa-abre-queda-minerio-alta-iof-vale-vale3\/#primaryimage\"},\"image\":{\"@id\":\"https:\/\/www.suno.com.br\/noticias\/ibovespa-abre-queda-minerio-alta-iof-vale-vale3\/#primaryimage\"},\"thumbnailUrl\":\"https:\/\/files.sunoresearch.com.br\/n\/uploads\/2021\/01\/29cca9f3-brasil-vale-20190129-022-copy-jpg.webp\",\"datePublished\":\"2021-09-17T14:22:11+00:00\",\"dateModified\":\"2021-09-17T14:32:19+00:00\",\"description\":\"Ap\u00f3s novas baixas no min\u00e9rio de ferro, a Vale puxa as quedas do Ibovespa junto com a\u00e7\u00f5es vinculadas \u00e0 commodity. Leia mais.\",\"breadcrumb\":{\"@id\":\"https:\/\/www.suno.com.br\/noticias\/ibovespa-abre-queda-minerio-alta-iof-vale-vale3\/#breadcrumb\"},\"inLanguage\":\"pt-BR\",\"potentialAction\":[{\"@type\":\"ReadAction\",\"target\":[\"https:\/\/www.suno.com.br\/noticias\/ibovespa-abre-queda-minerio-alta-iof-vale-vale3\/\"]}]},{\"@type\":\"ImageObject\",\"inLanguage\":\"pt-BR\",\"@id\":\"https:\/\/www.suno.com.br\/noticias\/ibovespa-abre-queda-minerio-alta-iof-vale-vale3\/#primaryimage\",\"url\":\"https:\/\/files.sunoresearch.com.br\/n\/uploads\/2021\/01\/29cca9f3-brasil-vale-20190129-022-copy-jpg.webp\",\"contentUrl\":\"https:\/\/files.sunoresearch.com.br\/n\/uploads\/2021\/01\/29cca9f3-brasil-vale-20190129-022-copy-jpg.webp\",\"width\":1500,\"height\":1000,\"caption\":\"Com min\u00e9rio em derrocada, Vale puxa quedas do Ibovespa, sendo a companhia mais relevante do \u00edndice - Foto: Divulga\u00e7\u00e3o\"},{\"@type\":\"BreadcrumbList\",\"@id\":\"https:\/\/www.suno.com.br\/noticias\/ibovespa-abre-queda-minerio-alta-iof-vale-vale3\/#breadcrumb\",\"itemListElement\":[{\"@type\":\"ListItem\",\"position\":1,\"name\":\"Not\u00edcias\",\"item\":\"https:\/\/www.suno.com.br\/noticias\/\"},{\"@type\":\"ListItem\",\"position\":2,\"name\":\"Mercado\",\"item\":\"https:\/\/www.suno.com.br\/noticias\/mercado\/\"},{\"@type\":\"ListItem\",\"position\":3,\"name\":\"Ibovespa abre em queda com min\u00e9rio de ferro e IOF no radar; Vale (VALE3) cai 3%\"}]},{\"@type\":\"WebSite\",\"@id\":\"https:\/\/www.suno.com.br\/noticias\/#website\",\"url\":\"https:\/\/www.suno.com.br\/noticias\/\",\"name\":\"Suno Not\u00edcias\",\"description\":\"Seu portal de informa\u00e7\u00e3o sobre o mundo dos investimentos\",\"publisher\":{\"@id\":\"https:\/\/www.suno.com.br\/noticias\/#organization\"},\"potentialAction\":[{\"@type\":\"SearchAction\",\"target\":{\"@type\":\"EntryPoint\",\"urlTemplate\":\"https:\/\/www.suno.com.br\/noticias\/?s={search_term_string}\"},\"query-input\":{\"@type\":\"PropertyValueSpecification\",\"valueRequired\":true,\"valueName\":\"search_term_string\"}}],\"inLanguage\":\"pt-BR\"},{\"@type\":\"Organization\",\"@id\":\"https:\/\/www.suno.com.br\/noticias\/#organization\",\"name\":\"Suno Not\u00edcias\",\"url\":\"https:\/\/www.suno.com.br\/noticias\/\",\"logo\":{\"@type\":\"ImageObject\",\"inLanguage\":\"pt-BR\",\"@id\":\"https:\/\/www.suno.com.br\/noticias\/#\/schema\/logo\/image\/\",\"url\":\"https:\/\/files.sunoresearch.com.br\/n\/uploads\/2021\/09\/suno-logo.png\",\"contentUrl\":\"https:\/\/files.sunoresearch.com.br\/n\/uploads\/2021\/09\/suno-logo.png\",\"width\":180,\"height\":180,\"caption\":\"Suno Not\u00edcias\"},\"image\":{\"@id\":\"https:\/\/www.suno.com.br\/noticias\/#\/schema\/logo\/image\/\"},\"sameAs\":[\"https:\/\/facebook.com\/sunoresearch\",\"https:\/\/x.com\/sunoresearch\",\"https:\/\/www.instagram.com\/suno\",\"https:\/\/www.linkedin.com\/company\/suno-research\/\",\"https:\/\/www.youtube.com\/c\/sunoresearch\"]},{\"@type\":\"Person\",\"@id\":\"https:\/\/www.suno.com.br\/noticias\/#\/schema\/person\/7f4d362bf3518e76090143ae77bb49a5\",\"name\":\"Eduardo Vargas\",\"image\":{\"@type\":\"ImageObject\",\"inLanguage\":\"pt-BR\",\"@id\":\"https:\/\/www.suno.com.br\/noticias\/#\/schema\/person\/image\/\",\"url\":\"https:\/\/secure.gravatar.com\/avatar\/dac340933427a22924c9f99d1eb2e3f2?s=96&r=g\",\"contentUrl\":\"https:\/\/secure.gravatar.com\/avatar\/dac340933427a22924c9f99d1eb2e3f2?s=96&r=g\",\"caption\":\"Eduardo Vargas\"},\"description\":\"Jornalista formado pela UFSC, cobre macroeconomia, neg\u00f3cios e startups para o Suno Not\u00edcias, escrevendo principalmente not\u00edcias sobre o mercado financeiro e a bolsa de valores. No YouTube e no Instagram, \u00e9 respons\u00e1vel pela produ\u00e7\u00e3o de Reels e Shorts do Suno Not\u00edcias. Anteriormente, trabalhou cobrindo economia e cotidiano no ND+ e para o ND, maior jornal impresso de Santa Catarina. Cursou um semestre letivo de Estudos de M\u00eddia na Universidad de Buenos Aires.\",\"url\":\"https:\/\/www.suno.com.br\/noticias\/author\/eduardo-vargas\/\"}]}<\/script>\n<!-- \/ Yoast SEO plugin. -->","yoast_head_json":{"title":"Ibovespa abre em queda com min\u00e9rio e alta do IOF; Vale (VALE3) cai 2%","description":"Ap\u00f3s novas baixas no min\u00e9rio de ferro, a Vale puxa as quedas do Ibovespa junto com a\u00e7\u00f5es vinculadas \u00e0 commodity. Leia mais.","robots":{"index":"index","follow":"follow","max-snippet":"max-snippet:-1","max-image-preview":"max-image-preview:large","max-video-preview":"max-video-preview:-1"},"canonical":"https:\/\/www.suno.com.br\/noticias\/ibovespa-abre-queda-minerio-alta-iof-vale-vale3\/","og_locale":"pt_BR","og_type":"article","og_title":"Ibovespa abre em queda com min\u00e9rio e alta do IOF; Vale (VALE3) cai 2%","og_description":"Ap\u00f3s novas baixas no min\u00e9rio de ferro, a Vale puxa as quedas do Ibovespa junto com a\u00e7\u00f5es vinculadas \u00e0 commodity. Leia mais.","og_url":"https:\/\/www.suno.com.br\/noticias\/ibovespa-abre-queda-minerio-alta-iof-vale-vale3\/","og_site_name":"Suno Not\u00edcias","article_publisher":"https:\/\/facebook.com\/sunoresearch","og_image":[{"width":1500,"height":1000,"url":"https:\/\/files.sunoresearch.com.br\/n\/uploads\/2021\/01\/29cca9f3-brasil-vale-20190129-022-copy.jpg","type":"image\/jpeg"}],"author":"Eduardo Vargas","twitter_card":"summary_large_image","twitter_creator":"@sunoresearch","twitter_site":"@sunoresearch","twitter_misc":{"Escrito por":"Eduardo Vargas","Est. tempo de leitura":"6 minutos"},"schema":{"@context":"https:\/\/schema.org","@graph":[{"@type":"NewsArticle","@id":"https:\/\/www.suno.com.br\/noticias\/ibovespa-abre-queda-minerio-alta-iof-vale-vale3\/#article","isPartOf":{"@id":"https:\/\/www.suno.com.br\/noticias\/ibovespa-abre-queda-minerio-alta-iof-vale-vale3\/"},"author":{"name":"Eduardo Vargas","@id":"https:\/\/www.suno.com.br\/noticias\/#\/schema\/person\/7f4d362bf3518e76090143ae77bb49a5"},"headline":"Ibovespa abre em queda com min\u00e9rio de ferro e IOF no radar; Vale (VALE3) cai 3%","datePublished":"2021-09-17T14:22:11+00:00","dateModified":"2021-09-17T14:32:19+00:00","mainEntityOfPage":{"@id":"https:\/\/www.suno.com.br\/noticias\/ibovespa-abre-queda-minerio-alta-iof-vale-vale3\/"},"wordCount":1256,"publisher":{"@id":"https:\/\/www.suno.com.br\/noticias\/#organization"},"image":{"@id":"https:\/\/www.suno.com.br\/noticias\/ibovespa-abre-queda-minerio-alta-iof-vale-vale3\/#primaryimage"},"thumbnailUrl":"https:\/\/files.sunoresearch.com.br\/n\/uploads\/2021\/01\/29cca9f3-brasil-vale-20190129-022-copy-jpg.webp","keywords":["Bolsas mundiais","Especialistas","Gol Linhas A\u00e9reas (GOLL11\/GOLL4)","Ibovespa","Lojas Renner (LREN3)","min\u00e9rio de ferro","Vale (VALE3)"],"articleSection":["Mercado"],"inLanguage":"pt-BR"},{"@type":"WebPage","@id":"https:\/\/www.suno.com.br\/noticias\/ibovespa-abre-queda-minerio-alta-iof-vale-vale3\/","url":"https:\/\/www.suno.com.br\/noticias\/ibovespa-abre-queda-minerio-alta-iof-vale-vale3\/","name":"Ibovespa abre em queda com min\u00e9rio e alta do IOF; Vale (VALE3) cai 2%","isPartOf":{"@id":"https:\/\/www.suno.com.br\/noticias\/#website"},"primaryImageOfPage":{"@id":"https:\/\/www.suno.com.br\/noticias\/ibovespa-abre-queda-minerio-alta-iof-vale-vale3\/#primaryimage"},"image":{"@id":"https:\/\/www.suno.com.br\/noticias\/ibovespa-abre-queda-minerio-alta-iof-vale-vale3\/#primaryimage"},"thumbnailUrl":"https:\/\/files.sunoresearch.com.br\/n\/uploads\/2021\/01\/29cca9f3-brasil-vale-20190129-022-copy-jpg.webp","datePublished":"2021-09-17T14:22:11+00:00","dateModified":"2021-09-17T14:32:19+00:00","description":"Ap\u00f3s novas baixas no min\u00e9rio de ferro, a Vale puxa as quedas do Ibovespa junto com a\u00e7\u00f5es vinculadas \u00e0 commodity. Leia mais.","breadcrumb":{"@id":"https:\/\/www.suno.com.br\/noticias\/ibovespa-abre-queda-minerio-alta-iof-vale-vale3\/#breadcrumb"},"inLanguage":"pt-BR","potentialAction":[{"@type":"ReadAction","target":["https:\/\/www.suno.com.br\/noticias\/ibovespa-abre-queda-minerio-alta-iof-vale-vale3\/"]}]},{"@type":"ImageObject","inLanguage":"pt-BR","@id":"https:\/\/www.suno.com.br\/noticias\/ibovespa-abre-queda-minerio-alta-iof-vale-vale3\/#primaryimage","url":"https:\/\/files.sunoresearch.com.br\/n\/uploads\/2021\/01\/29cca9f3-brasil-vale-20190129-022-copy-jpg.webp","contentUrl":"https:\/\/files.sunoresearch.com.br\/n\/uploads\/2021\/01\/29cca9f3-brasil-vale-20190129-022-copy-jpg.webp","width":1500,"height":1000,"caption":"Com min\u00e9rio em derrocada, Vale puxa quedas do Ibovespa, sendo a companhia mais relevante do \u00edndice - Foto: Divulga\u00e7\u00e3o"},{"@type":"BreadcrumbList","@id":"https:\/\/www.suno.com.br\/noticias\/ibovespa-abre-queda-minerio-alta-iof-vale-vale3\/#breadcrumb","itemListElement":[{"@type":"ListItem","position":1,"name":"Not\u00edcias","item":"https:\/\/www.suno.com.br\/noticias\/"},{"@type":"ListItem","position":2,"name":"Mercado","item":"https:\/\/www.suno.com.br\/noticias\/mercado\/"},{"@type":"ListItem","position":3,"name":"Ibovespa abre em queda com min\u00e9rio de ferro e IOF no radar; Vale (VALE3) cai 3%"}]},{"@type":"WebSite","@id":"https:\/\/www.suno.com.br\/noticias\/#website","url":"https:\/\/www.suno.com.br\/noticias\/","name":"Suno Not\u00edcias","description":"Seu portal de informa\u00e7\u00e3o sobre o mundo dos investimentos","publisher":{"@id":"https:\/\/www.suno.com.br\/noticias\/#organization"},"potentialAction":[{"@type":"SearchAction","target":{"@type":"EntryPoint","urlTemplate":"https:\/\/www.suno.com.br\/noticias\/?s={search_term_string}"},"query-input":{"@type":"PropertyValueSpecification","valueRequired":true,"valueName":"search_term_string"}}],"inLanguage":"pt-BR"},{"@type":"Organization","@id":"https:\/\/www.suno.com.br\/noticias\/#organization","name":"Suno Not\u00edcias","url":"https:\/\/www.suno.com.br\/noticias\/","logo":{"@type":"ImageObject","inLanguage":"pt-BR","@id":"https:\/\/www.suno.com.br\/noticias\/#\/schema\/logo\/image\/","url":"https:\/\/files.sunoresearch.com.br\/n\/uploads\/2021\/09\/suno-logo.png","contentUrl":"https:\/\/files.sunoresearch.com.br\/n\/uploads\/2021\/09\/suno-logo.png","width":180,"height":180,"caption":"Suno Not\u00edcias"},"image":{"@id":"https:\/\/www.suno.com.br\/noticias\/#\/schema\/logo\/image\/"},"sameAs":["https:\/\/facebook.com\/sunoresearch","https:\/\/x.com\/sunoresearch","https:\/\/www.instagram.com\/suno","https:\/\/www.linkedin.com\/company\/suno-research\/","https:\/\/www.youtube.com\/c\/sunoresearch"]},{"@type":"Person","@id":"https:\/\/www.suno.com.br\/noticias\/#\/schema\/person\/7f4d362bf3518e76090143ae77bb49a5","name":"Eduardo Vargas","image":{"@type":"ImageObject","inLanguage":"pt-BR","@id":"https:\/\/www.suno.com.br\/noticias\/#\/schema\/person\/image\/","url":"https:\/\/secure.gravatar.com\/avatar\/dac340933427a22924c9f99d1eb2e3f2?s=96&r=g","contentUrl":"https:\/\/secure.gravatar.com\/avatar\/dac340933427a22924c9f99d1eb2e3f2?s=96&r=g","caption":"Eduardo Vargas"},"description":"Jornalista formado pela UFSC, cobre macroeconomia, neg\u00f3cios e startups para o Suno Not\u00edcias, escrevendo principalmente not\u00edcias sobre o mercado financeiro e a bolsa de valores. No YouTube e no Instagram, \u00e9 respons\u00e1vel pela produ\u00e7\u00e3o de Reels e Shorts do Suno Not\u00edcias. Anteriormente, trabalhou cobrindo economia e cotidiano no ND+ e para o ND, maior jornal impresso de Santa Catarina. Cursou um semestre letivo de Estudos de M\u00eddia na Universidad de Buenos Aires.","url":"https:\/\/www.suno.com.br\/noticias\/author\/eduardo-vargas\/"}]}},"default_loop_html":"<div class=\"cardsPage__listCard__boxs\"><div class=\"cardsPage__listCard__boxs__img\"><a href=\"https:\/\/www.suno.com.br\/noticias\/ibovespa-abre-queda-minerio-alta-iof-vale-vale3\/\"><img class=\"mask\" src=\"https:\/\/www.suno.com.br\/noticias\/wp-content\/themes\/suno\/resources\/images\/spotlight\/spotlight1img\/bg-mask.png\" alt=\"Image Mask\"\/><img src=\"https:\/\/files.sunoresearch.com.br\/n\/uploads\/2021\/01\/29cca9f3-brasil-vale-20190129-022-copy-400x200.webp\" alt=\"Ibovespa abre em queda com min\u00e9rio de ferro e IOF no radar; Vale (VALE3) cai 3%\"\/><\/a><span class=\"spotlightCategory\"><a href=\"https:\/\/www.suno.com.br\/noticias\/mercado\/\">Mercado<\/a><\/span><\/div><div class=\"cardsPage__listCard__boxs__content\"><a href=\"https:\/\/www.suno.com.br\/noticias\/ibovespa-abre-queda-minerio-alta-iof-vale-vale3\/\"><h2 class=\"content__title\">Ibovespa abre em queda com min\u00e9rio de ferro e IOF no radar; Vale (VALE3) cai 3%<\/h2><\/a><div class=\"newsContent__article__meta\"><div class=\"newsContent__article__meta__authorBox\"><a href=\"https:\/\/www.suno.com.br\/noticias\/author\/eduardo-vargas\/\" class=\"authorBox__avatar noMobi\"><img src=\"https:\/\/secure.gravatar.com\/avatar\/dac340933427a22924c9f99d1eb2e3f2?s=96&#038;r=g\" alt=\"Eduardo Vargas\"><\/a><div class=\"authorBox__name\"><span>por\n\t\t\t<a href=\"https:\/\/www.suno.com.br\/noticias\/author\/eduardo-vargas\/\"><span itemprop=\"author\">Eduardo Vargas<\/span><\/a><\/span><time datetime=\"2021-09-17T11:22:11-03:00\" itemprop=\"datePublished\">17\/09\/2021 11:22<\/time><\/div><\/div><\/div><\/div><\/div>","single_layout":"posts","amp_enabled":true,"_links":{"self":[{"href":"https:\/\/www.suno.com.br\/noticias\/wp-json\/wp\/v2\/posts\/185010"}],"collection":[{"href":"https:\/\/www.suno.com.br\/noticias\/wp-json\/wp\/v2\/posts"}],"about":[{"href":"https:\/\/www.suno.com.br\/noticias\/wp-json\/wp\/v2\/types\/post"}],"author":[{"embeddable":true,"href":"https:\/\/www.suno.com.br\/noticias\/wp-json\/wp\/v2\/users\/73"}],"replies":[{"embeddable":true,"href":"https:\/\/www.suno.com.br\/noticias\/wp-json\/wp\/v2\/comments?post=185010"}],"version-history":[{"count":3,"href":"https:\/\/www.suno.com.br\/noticias\/wp-json\/wp\/v2\/posts\/185010\/revisions"}],"predecessor-version":[{"id":185065,"href":"https:\/\/www.suno.com.br\/noticias\/wp-json\/wp\/v2\/posts\/185010\/revisions\/185065"}],"wp:featuredmedia":[{"embeddable":true,"href":"https:\/\/www.suno.com.br\/noticias\/wp-json\/wp\/v2\/media\/114885"}],"wp:attachment":[{"href":"https:\/\/www.suno.com.br\/noticias\/wp-json\/wp\/v2\/media?parent=185010"}],"wp:term":[{"taxonomy":"category","embeddable":true,"href":"https:\/\/www.suno.com.br\/noticias\/wp-json\/wp\/v2\/categories?post=185010"},{"taxonomy":"post_tag","embeddable":true,"href":"https:\/\/www.suno.com.br\/noticias\/wp-json\/wp\/v2\/tags?post=185010"},{"taxonomy":"suno_strategy","embeddable":true,"href":"https:\/\/www.suno.com.br\/noticias\/wp-json\/wp\/v2\/suno_strategy?post=185010"}],"curies":[{"name":"wp","href":"https:\/\/api.w.org\/{rel}","templated":true}]}}