{"id":184861,"date":"2021-09-16T20:06:15","date_gmt":"2021-09-16T23:06:15","guid":{"rendered":"https:\/\/www.suno.com.br\/noticias\/?p=184861"},"modified":"2021-09-16T20:31:22","modified_gmt":"2021-09-16T23:31:22","slug":"bolsonaro-eleva-iof-novo-bolsa-familia","status":"publish","type":"post","link":"https:\/\/www.suno.com.br\/noticias\/bolsonaro-eleva-iof-novo-bolsa-familia\/","title":{"rendered":"Governo eleva al\u00edquota do IOF at\u00e9 dezembro para bancar o novo Bolsa Fam\u00edlia"},"content":{"rendered":"<p>O presidente da Rep\u00fablica Jair Bolsonaro assinou nesta quinta-feira (16) decreto para elevar a al\u00edquota do Imposto Sobre Opera\u00e7\u00f5es Financeiras (<strong>IOF<\/strong>) at\u00e9 o fim deste ano. A medida tem por objetivo aumentar a arrecada\u00e7\u00e3o federal para financiar o Aux\u00edlio Brasil, programa proposto pelo governo para substituir o Bolsa Fam\u00edlia. A informa\u00e7\u00e3o \u00e9 do <em>G1<\/em>.<\/p>\t<div class=\"wrapper-featured-image\">\n\t\t<figure class=\"spotlightImg\">\n\n\t\t\t<picture>\n\t\t\t\t<source media=\"(max-width: 768px)\" srcset=\"https:\/\/files.sunoresearch.com.br\/n\/uploads\/2021\/09\/bolsonaro-agencia-brasil-400x200.jpg\">\n\t\t\t\t<img loading=\"lazy\" decoding=\"async\" class=\"newsContent__article__imgCapa lazyloadDisabled \" src=\"https:\/\/files.sunoresearch.com.br\/n\/uploads\/2021\/09\/bolsonaro-agencia-brasil-800x450.jpg\" width=\"800\" height=\"450\" alt=\"Governo eleva al\u00edquota do IOF at\u00e9 dezembro para bancar o novo Bolsa Fam\u00edlia\" fetchpriority=high \/>\n\t\t\t<\/picture>\n\n\t\t\t<figcaption class=\"wp-caption-text wp-caption-text--show\">PL da agricultura retomaria dispositivos vetados pelo governo em outro projeto de socorro a agricultores - Foto: Marcelo Camargo Ag\u00eancia Brasil<\/figcaption>\n\t\t<\/figure>\n\t<\/div>\n\n\n\t<p>\n\t\t<a href=\"https:\/\/lp.suno.com.br\/planilha-controle-gastos\/\" target=\"_blank\" data-element=\"shortcode-suno-banner\" title=\"Banner SUNO, clique e saiba mais\">\n\t\t\t<picture>\n\t\t\t\t<source media=\"(max-width: 500px)\" srcset=\"https:\/\/files.sunoresearch.com.br\/n\/uploads\/2023\/03\/400x300-Planilha-controle-de-gastos.png\">\n\t\t\t\t<img class=\"newsContent__article__imgCapa newsContent__article__imgCapa--banner\"\n\t\t\t\t\tsrc=\"https:\/\/files.sunoresearch.com.br\/n\/uploads\/2023\/03\/1420x240-Planilha-controle-de-gastos.png\"\n\t\t\t\t\tdata-promo-id=\"101751\"\t\t\t\t\t\t\t\t\t\twidth='1420' height='240'\t\t\t\t\talt=\"https:\/\/files.sunoresearch.com.br\/n\/uploads\/2023\/03\/1420x240-Planilha-controle-de-gastos.png\"\n\t\t\t\t>\n\t\t\t<\/picture>\n\t\t<\/a>\n\t<\/p>\n\n\n<p>At\u00e9 o fechamento desta mat\u00e9ria, o decreto n\u00e3o havia sido publicado no Di\u00e1rio Oficial da Uni\u00e3o. De acordo com o portal de not\u00edcias G1, a mudan\u00e7a entrar\u00e1 em vigor na pr\u00f3xima segunda-feira (20) e valer\u00e1 at\u00e9 o dia 31 de dezembro.<\/p>\n<p>O governo federal n\u00e3o divulgou a nova tabela do IOF, mas a reportagem do site do Valor Econ\u00f4mico conseguiu apurar a proposta do Minist\u00e9rio da Economia e divulgou as <strong>al\u00edquotas do IOF<\/strong> ainda n\u00e3o anunciadas. A do IOF seria elevada de 1,50% anual (0,0041%\/dia) para 2,04% (0,00559%) para PJ, segundo o Valor. Para\u00a0 PF, subiria de 3% anual (0,0082%\/dia) para 4,08% (0,01118% na al\u00edquota di\u00e1ria), informou a p\u00e1gina do jornal.<\/p>\n<p>Hoje, o tributo \u00e9 apurado diariamente e, pelas regras atuais, tem uma cobran\u00e7a m\u00e1xima de 3% ao ano para <a class=\"suno-keyword\" href=\"https:\/\/www.suno.com.br\/artigos\/pessoa-juridica\/\" target=\"_blank\" rel=\"noopener\" data-force=\"no\" data-priority=\"2\">pessoa jur\u00eddica<\/a> e de 6% para <a class=\"suno-keyword\" href=\"https:\/\/www.suno.com.br\/artigos\/pessoa-fisica\/\" target=\"_blank\" rel=\"noopener\" data-force=\"no\" data-priority=\"1\">pessoa f\u00edsica<\/a>. A <strong>alta do IOF<\/strong> afetar\u00e1 tanto pessoas jur\u00eddicas quanto f\u00edsicas.<\/p>\n<p>De acordo com a administra\u00e7\u00e3o federal, o <strong>aumento do imposto\u00a0<\/strong>permitir\u00e1 uma arrecada\u00e7\u00e3o extra de R$ 2,14 bilh\u00f5es, cujo montante ser\u00e1 utilizado para custear o novo Bolsa Fam\u00edlia.<\/p>\n\t<p>\n\t\t<a href=\"https:\/\/lp.suno.com.br\/planilha-da-vida-financeira\/\" target=\"_blank\" data-element=\"shortcode-suno-banner\" title=\"Banner SUNO, clique e saiba mais\">\n\t\t\t<picture>\n\t\t\t\t<source media=\"(max-width: 500px)\" srcset=\"https:\/\/files.sunoresearch.com.br\/n\/uploads\/2023\/04\/400x300-Planilha-vida-financeira-true.png\">\n\t\t\t\t<img class=\"newsContent__article__imgCapa newsContent__article__imgCapa--banner\"\n\t\t\t\t\tsrc=\"https:\/\/files.sunoresearch.com.br\/n\/uploads\/2023\/04\/1420x240-Planilha-vida-financeira-true.png\"\n\t\t\t\t\tdata-promo-id=\"106682\"\t\t\t\t\t\t\t\t\t\twidth='1420' height='240'\t\t\t\t\talt=\"https:\/\/files.sunoresearch.com.br\/n\/uploads\/2023\/04\/1420x240-Planilha-vida-financeira-true.png\"\n\t\t\t\t>\n\t\t\t<\/picture>\n\t\t<\/a>\n\t<\/p>\n\n\n<p>O presidente da Rep\u00fablica enviou no m\u00eas passado uma medida provis\u00f3ria que prev\u00ea nove tipos de a\u00e7\u00f5es de transfer\u00eancia de renda por meio de benef\u00edcios financeiros a fam\u00edlias em situa\u00e7\u00e3o de extrema pobreza e de pobreza. Os crit\u00e9rios que definem as situa\u00e7\u00f5es ainda ser\u00e3o definidos por regulamento do Poder Executivo. O governo federal tamb\u00e9m n\u00e3o divulgou o valor das parcelas a serem pagas.<\/p>\n<p>&#8220;A medida ir\u00e1 beneficiar diretamente cerca de 17 milh\u00f5es de fam\u00edlias e \u00e9 destinada a mitigar parte dos efeitos econ\u00f4micos danosos causados pela pandemia&#8221;, escreveu a Secretaria-Geral da Presid\u00eancia da Rep\u00fablica, conforme reportou o <em>G1<\/em>.<\/p>\n\t<p>\n\t\t<a href=\"https:\/\/lp.suno.com.br\/ebook-como-analisar-uma-acao\/\" target=\"_blank\" data-element=\"shortcode-suno-banner\" title=\"Banner SUNO, clique e saiba mais\">\n\t\t\t<picture>\n\t\t\t\t<source media=\"(max-width: 500px)\" srcset=\"https:\/\/files.sunoresearch.com.br\/n\/uploads\/2023\/03\/Ebook-Acoes-Mobile-1.jpg\">\n\t\t\t\t<img class=\"newsContent__article__imgCapa newsContent__article__imgCapa--banner\"\n\t\t\t\t\tsrc=\"https:\/\/files.sunoresearch.com.br\/n\/uploads\/2023\/03\/Ebook-Acoes-Desktop-1.jpg\"\n\t\t\t\t\tdata-promo-id=\"171998\"\t\t\t\t\t\t\t\t\t\twidth='1420' height='286'\t\t\t\t\talt=\"https:\/\/files.sunoresearch.com.br\/n\/uploads\/2023\/03\/Ebook-Acoes-Desktop-1.jpg\"\n\t\t\t\t>\n\t\t\t<\/picture>\n\t\t<\/a>\n\t<\/p>\n\n\n<p>Entre abril e dezembro do ano passado, o governo federal decidiu reduzir a <strong>cobran\u00e7a do IOF <\/strong>para baratear o cr\u00e9dito, em raz\u00e3o dos impactos gerados pela pandemia do novo coronav\u00edrus (Covid-19).<\/p>\n<p>Desde janeiro de 2021, a cobran\u00e7a do IOF foi retomada.<\/p>\n<h2>Entenda o IOF<\/h2>\n<p>O Imposto Sobre Opera\u00e7\u00f5es Financeiras normalmente \u00e9 cobrado sobre diversas opera\u00e7\u00f5es, dentre elas:<\/p>\n<ul>\n<li>C\u00e2mbio<\/li>\n<li>Empr\u00e9stimos e financiamentos<\/li>\n<li>Seguros<\/li>\n<li>Cheque especial<\/li>\n<li>Cart\u00e3o de cr\u00e9dito<\/li>\n<li>Aplica\u00e7\u00f5es em renda fixa<\/li>\n<\/ul>\n<p>O imposto federal \u00e9 cobrado sobre as opera\u00e7\u00f5es financeiras e, como todos os impostos regulat\u00f3rios, seu objetivo b\u00e1sico \u00e9 a arrecada\u00e7\u00e3o, al\u00e9m da regula\u00e7\u00e3o econ\u00f4mica. Isto \u00e9, atrav\u00e9s de impostos como o <strong>IOF,<\/strong> o governo consegue saber como anda a <a class=\"suno-keyword\" href=\"https:\/\/www.suno.com.br\/artigos\/oferta-demanda\/\" target=\"_blank\" rel=\"noopener\" data-force=\"no\" data-priority=\"1\">oferta e demanda<\/a> de cr\u00e9dito no Brasil.<\/p>\n<p><em>(Com Ag\u00eancia C\u00e2mara de Not\u00edcias)<\/em><\/p>\n\t<p>\n\t\t<a href=\"\" target=\"_blank\" data-element=\"shortcode-suno-banner\" title=\"Banner SUNO, clique e saiba mais\">\n\t\t\t<picture>\n\t\t\t\t<source media=\"(max-width: 500px)\" srcset=\"\">\n\t\t\t\t<img class=\"newsContent__article__imgCapa newsContent__article__imgCapa--banner\"\n\t\t\t\t\tsrc=\"\"\n\t\t\t\t\tdata-promo-id=\"184190\"\t\t\t\t\t\t\t\t\t\t\t\t\t\t\talt=\"\"\n\t\t\t\t>\n\t\t\t<\/picture>\n\t\t<\/a>\n\t<\/p>\n\n\n","protected":false},"excerpt":{"rendered":"<p>O presidente da Rep\u00fablica Jair Bolsonaro assinou nesta quinta-feira (16) decreto para elevar a al\u00edquota do Imposto Sobre Opera\u00e7\u00f5es Financeiras (IOF) at\u00e9 o fim deste ano. A medida tem por objetivo aumentar a arrecada\u00e7\u00e3o federal para financiar o Aux\u00edlio Brasil, programa proposto pelo governo para substituir o Bolsa Fam\u00edlia. A informa\u00e7\u00e3o \u00e9 do G1. PL [&hellip;]<\/p>\n","protected":false},"author":35,"featured_media":181284,"comment_status":"closed","ping_status":"closed","sticky":false,"template":"","format":"standard","meta":[],"categories":[61],"tags":[774,704,719],"suno_strategy":[],"class_list":["post-184861","post","type-post","status-publish","format-standard","has-post-thumbnail","hentry","category-politica","tag-bolsa-familia","tag-impostos","tag-jair-bolsonaro"],"yoast_head":"<!-- This site is optimized with the Yoast SEO plugin v24.4 - https:\/\/yoast.com\/wordpress\/plugins\/seo\/ -->\n<title>Governo eleva al\u00edquota do IOF para custear novo Bolsa Fam\u00edlia<\/title>\n<meta name=\"description\" content=\"O presidente Jair Bolsonaro elevou a al\u00edquota do IOF at\u00e9 o fim deste ano para bancar o novo Bolsa Fam\u00edlia. Clique aqui para saber mais.\" \/>\n<meta name=\"robots\" content=\"index, follow, max-snippet:-1, max-image-preview:large, max-video-preview:-1\" \/>\n<link rel=\"canonical\" href=\"https:\/\/www.suno.com.br\/noticias\/bolsonaro-eleva-iof-novo-bolsa-familia\/\" \/>\n<meta property=\"og:locale\" content=\"pt_BR\" \/>\n<meta property=\"og:type\" content=\"article\" \/>\n<meta property=\"og:title\" content=\"Governo eleva al\u00edquota do IOF para custear novo Bolsa Fam\u00edlia\" \/>\n<meta property=\"og:description\" content=\"O presidente Jair Bolsonaro elevou a al\u00edquota do IOF at\u00e9 o fim deste ano para bancar o novo Bolsa Fam\u00edlia. Clique aqui para saber mais.\" \/>\n<meta property=\"og:url\" content=\"https:\/\/www.suno.com.br\/noticias\/bolsonaro-eleva-iof-novo-bolsa-familia\/\" \/>\n<meta property=\"og:site_name\" content=\"Suno Not\u00edcias\" \/>\n<meta property=\"article:publisher\" content=\"https:\/\/facebook.com\/sunoresearch\" \/>\n<meta property=\"og:image\" content=\"https:\/\/files.sunoresearch.com.br\/n\/uploads\/2021\/09\/bolsonaro-agencia-brasil-scaled.jpg\" \/>\n\t<meta property=\"og:image:width\" content=\"2560\" \/>\n\t<meta property=\"og:image:height\" content=\"1707\" \/>\n\t<meta property=\"og:image:type\" content=\"image\/jpeg\" \/>\n<meta name=\"author\" content=\"Arthur Guimar\u00e3es\" \/>\n<meta name=\"twitter:card\" content=\"summary_large_image\" \/>\n<meta name=\"twitter:creator\" content=\"@sunoresearch\" \/>\n<meta name=\"twitter:site\" content=\"@sunoresearch\" \/>\n<meta name=\"twitter:label1\" content=\"Escrito por\" \/>\n\t<meta name=\"twitter:data1\" content=\"Arthur Guimar\u00e3es\" \/>\n\t<meta name=\"twitter:label2\" content=\"Est. tempo de leitura\" \/>\n\t<meta name=\"twitter:data2\" content=\"3 minutos\" \/>\n<script type=\"application\/ld+json\" class=\"yoast-schema-graph\">{\"@context\":\"https:\/\/schema.org\",\"@graph\":[{\"@type\":\"NewsArticle\",\"@id\":\"https:\/\/www.suno.com.br\/noticias\/bolsonaro-eleva-iof-novo-bolsa-familia\/#article\",\"isPartOf\":{\"@id\":\"https:\/\/www.suno.com.br\/noticias\/bolsonaro-eleva-iof-novo-bolsa-familia\/\"},\"author\":{\"name\":\"Arthur Guimar\u00e3es\",\"@id\":\"https:\/\/www.suno.com.br\/noticias\/#\/schema\/person\/053a750a709a263919a20f976caae91c\"},\"headline\":\"Governo eleva al\u00edquota do IOF at\u00e9 dezembro para bancar o novo Bolsa Fam\u00edlia\",\"datePublished\":\"2021-09-16T23:06:15+00:00\",\"dateModified\":\"2021-09-16T23:31:22+00:00\",\"mainEntityOfPage\":{\"@id\":\"https:\/\/www.suno.com.br\/noticias\/bolsonaro-eleva-iof-novo-bolsa-familia\/\"},\"wordCount\":531,\"publisher\":{\"@id\":\"https:\/\/www.suno.com.br\/noticias\/#organization\"},\"image\":{\"@id\":\"https:\/\/www.suno.com.br\/noticias\/bolsonaro-eleva-iof-novo-bolsa-familia\/#primaryimage\"},\"thumbnailUrl\":\"https:\/\/files.sunoresearch.com.br\/n\/uploads\/2021\/09\/bolsonaro-agencia-brasil-scaled.jpg\",\"keywords\":[\"Bolsa Fam\u00edlia\",\"impostos\",\"Jair Bolsonaro\"],\"articleSection\":[\"Pol\u00edtica\"],\"inLanguage\":\"pt-BR\"},{\"@type\":\"WebPage\",\"@id\":\"https:\/\/www.suno.com.br\/noticias\/bolsonaro-eleva-iof-novo-bolsa-familia\/\",\"url\":\"https:\/\/www.suno.com.br\/noticias\/bolsonaro-eleva-iof-novo-bolsa-familia\/\",\"name\":\"Governo eleva al\u00edquota do IOF para custear novo Bolsa Fam\u00edlia\",\"isPartOf\":{\"@id\":\"https:\/\/www.suno.com.br\/noticias\/#website\"},\"primaryImageOfPage\":{\"@id\":\"https:\/\/www.suno.com.br\/noticias\/bolsonaro-eleva-iof-novo-bolsa-familia\/#primaryimage\"},\"image\":{\"@id\":\"https:\/\/www.suno.com.br\/noticias\/bolsonaro-eleva-iof-novo-bolsa-familia\/#primaryimage\"},\"thumbnailUrl\":\"https:\/\/files.sunoresearch.com.br\/n\/uploads\/2021\/09\/bolsonaro-agencia-brasil-scaled.jpg\",\"datePublished\":\"2021-09-16T23:06:15+00:00\",\"dateModified\":\"2021-09-16T23:31:22+00:00\",\"description\":\"O presidente Jair Bolsonaro elevou a al\u00edquota do IOF at\u00e9 o fim deste ano para bancar o novo Bolsa Fam\u00edlia. Clique aqui para saber mais.\",\"breadcrumb\":{\"@id\":\"https:\/\/www.suno.com.br\/noticias\/bolsonaro-eleva-iof-novo-bolsa-familia\/#breadcrumb\"},\"inLanguage\":\"pt-BR\",\"potentialAction\":[{\"@type\":\"ReadAction\",\"target\":[\"https:\/\/www.suno.com.br\/noticias\/bolsonaro-eleva-iof-novo-bolsa-familia\/\"]}]},{\"@type\":\"ImageObject\",\"inLanguage\":\"pt-BR\",\"@id\":\"https:\/\/www.suno.com.br\/noticias\/bolsonaro-eleva-iof-novo-bolsa-familia\/#primaryimage\",\"url\":\"https:\/\/files.sunoresearch.com.br\/n\/uploads\/2021\/09\/bolsonaro-agencia-brasil-scaled.jpg\",\"contentUrl\":\"https:\/\/files.sunoresearch.com.br\/n\/uploads\/2021\/09\/bolsonaro-agencia-brasil-scaled.jpg\",\"width\":2560,\"height\":1707,\"caption\":\"PL da agricultura retomaria dispositivos vetados pelo governo em outro projeto de socorro a agricultores - Foto: Marcelo Camargo Ag\u00eancia Brasil\"},{\"@type\":\"BreadcrumbList\",\"@id\":\"https:\/\/www.suno.com.br\/noticias\/bolsonaro-eleva-iof-novo-bolsa-familia\/#breadcrumb\",\"itemListElement\":[{\"@type\":\"ListItem\",\"position\":1,\"name\":\"Not\u00edcias\",\"item\":\"https:\/\/www.suno.com.br\/noticias\/\"},{\"@type\":\"ListItem\",\"position\":2,\"name\":\"Pol\u00edtica\",\"item\":\"https:\/\/www.suno.com.br\/noticias\/politica\/\"},{\"@type\":\"ListItem\",\"position\":3,\"name\":\"Governo eleva al\u00edquota do IOF at\u00e9 dezembro para bancar o novo Bolsa Fam\u00edlia\"}]},{\"@type\":\"WebSite\",\"@id\":\"https:\/\/www.suno.com.br\/noticias\/#website\",\"url\":\"https:\/\/www.suno.com.br\/noticias\/\",\"name\":\"Suno Not\u00edcias\",\"description\":\"Seu portal de informa\u00e7\u00e3o sobre o mundo dos investimentos\",\"publisher\":{\"@id\":\"https:\/\/www.suno.com.br\/noticias\/#organization\"},\"potentialAction\":[{\"@type\":\"SearchAction\",\"target\":{\"@type\":\"EntryPoint\",\"urlTemplate\":\"https:\/\/www.suno.com.br\/noticias\/?s={search_term_string}\"},\"query-input\":{\"@type\":\"PropertyValueSpecification\",\"valueRequired\":true,\"valueName\":\"search_term_string\"}}],\"inLanguage\":\"pt-BR\"},{\"@type\":\"Organization\",\"@id\":\"https:\/\/www.suno.com.br\/noticias\/#organization\",\"name\":\"Suno Not\u00edcias\",\"url\":\"https:\/\/www.suno.com.br\/noticias\/\",\"logo\":{\"@type\":\"ImageObject\",\"inLanguage\":\"pt-BR\",\"@id\":\"https:\/\/www.suno.com.br\/noticias\/#\/schema\/logo\/image\/\",\"url\":\"https:\/\/files.sunoresearch.com.br\/n\/uploads\/2021\/09\/suno-logo.png\",\"contentUrl\":\"https:\/\/files.sunoresearch.com.br\/n\/uploads\/2021\/09\/suno-logo.png\",\"width\":180,\"height\":180,\"caption\":\"Suno Not\u00edcias\"},\"image\":{\"@id\":\"https:\/\/www.suno.com.br\/noticias\/#\/schema\/logo\/image\/\"},\"sameAs\":[\"https:\/\/facebook.com\/sunoresearch\",\"https:\/\/x.com\/sunoresearch\",\"https:\/\/www.instagram.com\/suno\",\"https:\/\/www.linkedin.com\/company\/suno-research\/\",\"https:\/\/www.youtube.com\/c\/sunoresearch\"]},{\"@type\":\"Person\",\"@id\":\"https:\/\/www.suno.com.br\/noticias\/#\/schema\/person\/053a750a709a263919a20f976caae91c\",\"name\":\"Arthur Guimar\u00e3es\",\"image\":{\"@type\":\"ImageObject\",\"inLanguage\":\"pt-BR\",\"@id\":\"https:\/\/www.suno.com.br\/noticias\/#\/schema\/person\/image\/\",\"url\":\"https:\/\/secure.gravatar.com\/avatar\/1affd86a11209ae09eb6dd3bcad3e96c?s=96&r=g\",\"contentUrl\":\"https:\/\/secure.gravatar.com\/avatar\/1affd86a11209ae09eb6dd3bcad3e96c?s=96&r=g\",\"caption\":\"Arthur Guimar\u00e3es\"},\"description\":\"Arthur Guimar\u00e3es escreve sobre pol\u00edtica, economia e neg\u00f3cios para o portal de not\u00edcias da Suno Research. Atualmente, \u00e9 estudante de jornalismo pela Faculdade C\u00e1sper L\u00edbero.\",\"url\":\"https:\/\/www.suno.com.br\/noticias\/author\/arthur-guimaraes\/\"}]}<\/script>\n<!-- \/ Yoast SEO plugin. -->","yoast_head_json":{"title":"Governo eleva al\u00edquota do IOF para custear novo Bolsa Fam\u00edlia","description":"O presidente Jair Bolsonaro elevou a al\u00edquota do IOF at\u00e9 o fim deste ano para bancar o novo Bolsa Fam\u00edlia. Clique aqui para saber mais.","robots":{"index":"index","follow":"follow","max-snippet":"max-snippet:-1","max-image-preview":"max-image-preview:large","max-video-preview":"max-video-preview:-1"},"canonical":"https:\/\/www.suno.com.br\/noticias\/bolsonaro-eleva-iof-novo-bolsa-familia\/","og_locale":"pt_BR","og_type":"article","og_title":"Governo eleva al\u00edquota do IOF para custear novo Bolsa Fam\u00edlia","og_description":"O presidente Jair Bolsonaro elevou a al\u00edquota do IOF at\u00e9 o fim deste ano para bancar o novo Bolsa Fam\u00edlia. Clique aqui para saber mais.","og_url":"https:\/\/www.suno.com.br\/noticias\/bolsonaro-eleva-iof-novo-bolsa-familia\/","og_site_name":"Suno Not\u00edcias","article_publisher":"https:\/\/facebook.com\/sunoresearch","og_image":[{"width":2560,"height":1707,"url":"https:\/\/files.sunoresearch.com.br\/n\/uploads\/2021\/09\/bolsonaro-agencia-brasil-scaled.jpg","type":"image\/jpeg"}],"author":"Arthur Guimar\u00e3es","twitter_card":"summary_large_image","twitter_creator":"@sunoresearch","twitter_site":"@sunoresearch","twitter_misc":{"Escrito por":"Arthur Guimar\u00e3es","Est. tempo de leitura":"3 minutos"},"schema":{"@context":"https:\/\/schema.org","@graph":[{"@type":"NewsArticle","@id":"https:\/\/www.suno.com.br\/noticias\/bolsonaro-eleva-iof-novo-bolsa-familia\/#article","isPartOf":{"@id":"https:\/\/www.suno.com.br\/noticias\/bolsonaro-eleva-iof-novo-bolsa-familia\/"},"author":{"name":"Arthur Guimar\u00e3es","@id":"https:\/\/www.suno.com.br\/noticias\/#\/schema\/person\/053a750a709a263919a20f976caae91c"},"headline":"Governo eleva al\u00edquota do IOF at\u00e9 dezembro para bancar o novo Bolsa Fam\u00edlia","datePublished":"2021-09-16T23:06:15+00:00","dateModified":"2021-09-16T23:31:22+00:00","mainEntityOfPage":{"@id":"https:\/\/www.suno.com.br\/noticias\/bolsonaro-eleva-iof-novo-bolsa-familia\/"},"wordCount":531,"publisher":{"@id":"https:\/\/www.suno.com.br\/noticias\/#organization"},"image":{"@id":"https:\/\/www.suno.com.br\/noticias\/bolsonaro-eleva-iof-novo-bolsa-familia\/#primaryimage"},"thumbnailUrl":"https:\/\/files.sunoresearch.com.br\/n\/uploads\/2021\/09\/bolsonaro-agencia-brasil-scaled.jpg","keywords":["Bolsa Fam\u00edlia","impostos","Jair Bolsonaro"],"articleSection":["Pol\u00edtica"],"inLanguage":"pt-BR"},{"@type":"WebPage","@id":"https:\/\/www.suno.com.br\/noticias\/bolsonaro-eleva-iof-novo-bolsa-familia\/","url":"https:\/\/www.suno.com.br\/noticias\/bolsonaro-eleva-iof-novo-bolsa-familia\/","name":"Governo eleva al\u00edquota do IOF para custear novo Bolsa Fam\u00edlia","isPartOf":{"@id":"https:\/\/www.suno.com.br\/noticias\/#website"},"primaryImageOfPage":{"@id":"https:\/\/www.suno.com.br\/noticias\/bolsonaro-eleva-iof-novo-bolsa-familia\/#primaryimage"},"image":{"@id":"https:\/\/www.suno.com.br\/noticias\/bolsonaro-eleva-iof-novo-bolsa-familia\/#primaryimage"},"thumbnailUrl":"https:\/\/files.sunoresearch.com.br\/n\/uploads\/2021\/09\/bolsonaro-agencia-brasil-scaled.jpg","datePublished":"2021-09-16T23:06:15+00:00","dateModified":"2021-09-16T23:31:22+00:00","description":"O presidente Jair Bolsonaro elevou a al\u00edquota do IOF at\u00e9 o fim deste ano para bancar o novo Bolsa Fam\u00edlia. Clique aqui para saber mais.","breadcrumb":{"@id":"https:\/\/www.suno.com.br\/noticias\/bolsonaro-eleva-iof-novo-bolsa-familia\/#breadcrumb"},"inLanguage":"pt-BR","potentialAction":[{"@type":"ReadAction","target":["https:\/\/www.suno.com.br\/noticias\/bolsonaro-eleva-iof-novo-bolsa-familia\/"]}]},{"@type":"ImageObject","inLanguage":"pt-BR","@id":"https:\/\/www.suno.com.br\/noticias\/bolsonaro-eleva-iof-novo-bolsa-familia\/#primaryimage","url":"https:\/\/files.sunoresearch.com.br\/n\/uploads\/2021\/09\/bolsonaro-agencia-brasil-scaled.jpg","contentUrl":"https:\/\/files.sunoresearch.com.br\/n\/uploads\/2021\/09\/bolsonaro-agencia-brasil-scaled.jpg","width":2560,"height":1707,"caption":"PL da agricultura retomaria dispositivos vetados pelo governo em outro projeto de socorro a agricultores - Foto: Marcelo Camargo Ag\u00eancia Brasil"},{"@type":"BreadcrumbList","@id":"https:\/\/www.suno.com.br\/noticias\/bolsonaro-eleva-iof-novo-bolsa-familia\/#breadcrumb","itemListElement":[{"@type":"ListItem","position":1,"name":"Not\u00edcias","item":"https:\/\/www.suno.com.br\/noticias\/"},{"@type":"ListItem","position":2,"name":"Pol\u00edtica","item":"https:\/\/www.suno.com.br\/noticias\/politica\/"},{"@type":"ListItem","position":3,"name":"Governo eleva al\u00edquota do IOF at\u00e9 dezembro para bancar o novo Bolsa Fam\u00edlia"}]},{"@type":"WebSite","@id":"https:\/\/www.suno.com.br\/noticias\/#website","url":"https:\/\/www.suno.com.br\/noticias\/","name":"Suno Not\u00edcias","description":"Seu portal de informa\u00e7\u00e3o sobre o mundo dos investimentos","publisher":{"@id":"https:\/\/www.suno.com.br\/noticias\/#organization"},"potentialAction":[{"@type":"SearchAction","target":{"@type":"EntryPoint","urlTemplate":"https:\/\/www.suno.com.br\/noticias\/?s={search_term_string}"},"query-input":{"@type":"PropertyValueSpecification","valueRequired":true,"valueName":"search_term_string"}}],"inLanguage":"pt-BR"},{"@type":"Organization","@id":"https:\/\/www.suno.com.br\/noticias\/#organization","name":"Suno Not\u00edcias","url":"https:\/\/www.suno.com.br\/noticias\/","logo":{"@type":"ImageObject","inLanguage":"pt-BR","@id":"https:\/\/www.suno.com.br\/noticias\/#\/schema\/logo\/image\/","url":"https:\/\/files.sunoresearch.com.br\/n\/uploads\/2021\/09\/suno-logo.png","contentUrl":"https:\/\/files.sunoresearch.com.br\/n\/uploads\/2021\/09\/suno-logo.png","width":180,"height":180,"caption":"Suno Not\u00edcias"},"image":{"@id":"https:\/\/www.suno.com.br\/noticias\/#\/schema\/logo\/image\/"},"sameAs":["https:\/\/facebook.com\/sunoresearch","https:\/\/x.com\/sunoresearch","https:\/\/www.instagram.com\/suno","https:\/\/www.linkedin.com\/company\/suno-research\/","https:\/\/www.youtube.com\/c\/sunoresearch"]},{"@type":"Person","@id":"https:\/\/www.suno.com.br\/noticias\/#\/schema\/person\/053a750a709a263919a20f976caae91c","name":"Arthur Guimar\u00e3es","image":{"@type":"ImageObject","inLanguage":"pt-BR","@id":"https:\/\/www.suno.com.br\/noticias\/#\/schema\/person\/image\/","url":"https:\/\/secure.gravatar.com\/avatar\/1affd86a11209ae09eb6dd3bcad3e96c?s=96&r=g","contentUrl":"https:\/\/secure.gravatar.com\/avatar\/1affd86a11209ae09eb6dd3bcad3e96c?s=96&r=g","caption":"Arthur Guimar\u00e3es"},"description":"Arthur Guimar\u00e3es escreve sobre pol\u00edtica, economia e neg\u00f3cios para o portal de not\u00edcias da Suno Research. Atualmente, \u00e9 estudante de jornalismo pela Faculdade C\u00e1sper L\u00edbero.","url":"https:\/\/www.suno.com.br\/noticias\/author\/arthur-guimaraes\/"}]}},"default_loop_html":"<div class=\"cardsPage__listCard__boxs\"><div class=\"cardsPage__listCard__boxs__img\"><a href=\"https:\/\/www.suno.com.br\/noticias\/bolsonaro-eleva-iof-novo-bolsa-familia\/\"><img class=\"mask\" src=\"https:\/\/www.suno.com.br\/noticias\/wp-content\/themes\/suno\/resources\/images\/spotlight\/spotlight1img\/bg-mask.png\" alt=\"Image Mask\"\/><img src=\"https:\/\/files.sunoresearch.com.br\/n\/uploads\/2021\/09\/bolsonaro-agencia-brasil-400x200.jpg\" alt=\"Governo eleva al\u00edquota do IOF at\u00e9 dezembro para bancar o novo Bolsa Fam\u00edlia\"\/><\/a><span class=\"spotlightCategory\"><a href=\"https:\/\/www.suno.com.br\/noticias\/politica\/\">Pol\u00edtica<\/a><\/span><\/div><div class=\"cardsPage__listCard__boxs__content\"><a href=\"https:\/\/www.suno.com.br\/noticias\/bolsonaro-eleva-iof-novo-bolsa-familia\/\"><h2 class=\"content__title\">Governo eleva al\u00edquota do IOF at\u00e9 dezembro para bancar o novo Bolsa Fam\u00edlia<\/h2><\/a><div class=\"newsContent__article__meta\"><div class=\"newsContent__article__meta__authorBox\"><a href=\"https:\/\/www.suno.com.br\/noticias\/author\/arthur-guimaraes\/\" class=\"authorBox__avatar noMobi\"><img src=\"https:\/\/files.sunoresearch.com.br\/n\/uploads\/2020\/02\/dfb40897-eu-150x150.webp\" alt=\"Arthur Guimar\u00e3es\"><\/a><div class=\"authorBox__name\"><span>por\n\t\t\t<a href=\"https:\/\/www.suno.com.br\/noticias\/author\/arthur-guimaraes\/\"><span itemprop=\"author\">Arthur Guimar\u00e3es<\/span><\/a><\/span><time datetime=\"2021-09-16T20:06:15-03:00\" itemprop=\"datePublished\">16\/09\/2021 20:06<\/time><\/div><\/div><\/div><\/div><\/div>","single_layout":"posts","amp_enabled":true,"_links":{"self":[{"href":"https:\/\/www.suno.com.br\/noticias\/wp-json\/wp\/v2\/posts\/184861"}],"collection":[{"href":"https:\/\/www.suno.com.br\/noticias\/wp-json\/wp\/v2\/posts"}],"about":[{"href":"https:\/\/www.suno.com.br\/noticias\/wp-json\/wp\/v2\/types\/post"}],"author":[{"embeddable":true,"href":"https:\/\/www.suno.com.br\/noticias\/wp-json\/wp\/v2\/users\/35"}],"replies":[{"embeddable":true,"href":"https:\/\/www.suno.com.br\/noticias\/wp-json\/wp\/v2\/comments?post=184861"}],"version-history":[{"count":5,"href":"https:\/\/www.suno.com.br\/noticias\/wp-json\/wp\/v2\/posts\/184861\/revisions"}],"predecessor-version":[{"id":184893,"href":"https:\/\/www.suno.com.br\/noticias\/wp-json\/wp\/v2\/posts\/184861\/revisions\/184893"}],"wp:featuredmedia":[{"embeddable":true,"href":"https:\/\/www.suno.com.br\/noticias\/wp-json\/wp\/v2\/media\/181284"}],"wp:attachment":[{"href":"https:\/\/www.suno.com.br\/noticias\/wp-json\/wp\/v2\/media?parent=184861"}],"wp:term":[{"taxonomy":"category","embeddable":true,"href":"https:\/\/www.suno.com.br\/noticias\/wp-json\/wp\/v2\/categories?post=184861"},{"taxonomy":"post_tag","embeddable":true,"href":"https:\/\/www.suno.com.br\/noticias\/wp-json\/wp\/v2\/tags?post=184861"},{"taxonomy":"suno_strategy","embeddable":true,"href":"https:\/\/www.suno.com.br\/noticias\/wp-json\/wp\/v2\/suno_strategy?post=184861"}],"curies":[{"name":"wp","href":"https:\/\/api.w.org\/{rel}","templated":true}]}}