{"id":184774,"date":"2021-09-16T20:51:51","date_gmt":"2021-09-16T23:51:51","guid":{"rendered":"https:\/\/www.suno.com.br\/noticias\/?p=184774"},"modified":"2021-09-16T20:51:51","modified_gmt":"2021-09-16T23:51:51","slug":"risco-fiscal-despesas-caem-economistas","status":"publish","type":"post","link":"https:\/\/www.suno.com.br\/noticias\/risco-fiscal-despesas-caem-economistas\/","title":{"rendered":"Despesas p\u00fablicas caem, mas risco fiscal se mant\u00e9m, dizem economistas"},"content":{"rendered":"<p>Apesar do <strong>risco\u00a0fiscal<\/strong> preocupar investidores brasileiros, proje\u00e7\u00f5es do <a class=\"suno-keyword\" href=\"https:\/\/www.suno.com.br\/artigos\/ministerio-da-economia\/\" target=\"_blank\" rel=\"noopener\" data-force=\"no\" data-priority=\"3\">Minist\u00e9rio da Economia<\/a> mostram que o governo vai entregar uma despesa menor do que encontrou &#8211; 17,5% do Produto Interno Bruto (<strong>PIB<\/strong>) em 2022, em compara\u00e7\u00e3o a 19,3% em 2018. O quadro atual, no entanto, \u00e9 de alta dos <a class=\"suno-keyword\" href=\"https:\/\/www.suno.com.br\/artigos\/juros-futuros\/\" target=\"_blank\" rel=\"noopener\" data-force=\"no\" data-priority=\"1\">juros futuros<\/a>, com falta de credibilidade por causa da trajet\u00f3ria das contas p\u00fablicas e do medo do populismo no ano eleitoral.<\/p>\t<div class=\"wrapper-featured-image\">\n\t\t<figure class=\"spotlightImg\">\n\n\t\t\t<picture>\n\t\t\t\t<source media=\"(max-width: 768px)\" srcset=\"https:\/\/files.sunoresearch.com.br\/n\/uploads\/2020\/12\/42341aeb-df0d32da138a2cbd0e5cc8b79bf59511-400x200.webp\">\n\t\t\t\t<img loading=\"lazy\" decoding=\"async\" class=\"newsContent__article__imgCapa lazyloadDisabled \" src=\"https:\/\/files.sunoresearch.com.br\/n\/uploads\/2020\/12\/42341aeb-df0d32da138a2cbd0e5cc8b79bf59511-jpg.webp\" width=\"800\" height=\"450\" alt=\"Despesas p\u00fablicas caem, mas risco fiscal se mant\u00e9m, dizem economistas\" fetchpriority=high \/>\n\t\t\t<\/picture>\n\n\t\t\t<figcaption class=\"wp-caption-text wp-caption-text--show\">Risco fiscal preocupa analistas. Foto: Pixabay<\/figcaption>\n\t\t<\/figure>\n\t<\/div>\n\n\n\t<p>\n\t\t<a href=\"https:\/\/lp.suno.com.br\/planilha-controle-gastos\/\" target=\"_blank\" data-element=\"shortcode-suno-banner\" title=\"Banner SUNO, clique e saiba mais\">\n\t\t\t<picture>\n\t\t\t\t<source media=\"(max-width: 500px)\" srcset=\"https:\/\/files.sunoresearch.com.br\/n\/uploads\/2023\/03\/400x300-Planilha-controle-de-gastos.png\">\n\t\t\t\t<img class=\"newsContent__article__imgCapa newsContent__article__imgCapa--banner\"\n\t\t\t\t\tsrc=\"https:\/\/files.sunoresearch.com.br\/n\/uploads\/2023\/03\/1420x240-Planilha-controle-de-gastos.png\"\n\t\t\t\t\tdata-promo-id=\"101751\"\t\t\t\t\t\t\t\t\t\twidth='1420' height='240'\t\t\t\t\talt=\"https:\/\/files.sunoresearch.com.br\/n\/uploads\/2023\/03\/1420x240-Planilha-controle-de-gastos.png\"\n\t\t\t\t>\n\t\t\t<\/picture>\n\t\t<\/a>\n\t<\/p>\n\n\n<p>Os indicadores das contas p\u00fablicas mostram uma redu\u00e7\u00e3o das principais despesas obrigat\u00f3rias nos \u00faltimos tr\u00eas anos, como pessoal, Previd\u00eancia e subs\u00eddios.<\/p>\n<p>Essa contradi\u00e7\u00e3o do quadro recente da economia brasileira tem chamado a aten\u00e7\u00e3o de economistas. O maior problema, reconhecido at\u00e9 mesmo por integrantes da equipe econ\u00f4mica, \u00e9 que o governo n\u00e3o est\u00e1 conseguindo coordenar as expectativas e tirar proveito dessa redu\u00e7\u00e3o dos gastos obrigat\u00f3rios, que incluem pagamento de sal\u00e1rios e benef\u00edcios previdenci\u00e1rios.<\/p>\n\t<div data-element=\"shortcode-read-more\" class=\"knowMore\">\n\t\t\t\t<span class=\"knowMore__title\">Saiba mais<\/span>\n\t\t\t\t<a class=\"knowMore__link\" href=\"https:\/\/www.suno.com.br\/noticias\/ministerio-economia-pib-projecao-crescimento-2021\/\">\n\t\t\tMinist\u00e9rio da Economia mant\u00e9m proje\u00e7\u00e3o do PIB e piora a de infla\u00e7\u00e3o para 2021\t\t<\/a>\n\t<\/div>\n\n\n<p>Um ponto de consenso \u00e9 que governo e Congresso n\u00e3o podem perder mais tempo e precisam resolver o quanto antes os dois principais problemas: o novo Bolsa Fam\u00edlia e o pagamento de <strong>precat\u00f3rios<\/strong>, d\u00edvidas que a Uni\u00e3o \u00e9 obrigada a quitar depois de derrotas na Justi\u00e7a.<\/p>\n<p>Segundo apurou o <b>Estad\u00e3o<\/b>, a costura pol\u00edtica est\u00e1 sendo feita para aprova\u00e7\u00e3o de uma Proposta de Emenda \u00e0 Constitui\u00e7\u00e3o (PEC). O grupo pol\u00edtico prefere apoiar a proposta do vice-presidente da C\u00e2mara, Marcelo Ramos (PL-AM), que retira os precat\u00f3rios do <a class=\"suno-keyword\" href=\"https:\/\/www.suno.com.br\/artigos\/teto-de-gastos\/\" target=\"_blank\" rel=\"noopener\" data-force=\"no\" data-priority=\"1\">teto de gastos<\/a>, a regra que impede que as despesas cres\u00e7am em ritmo superior \u00e0 infla\u00e7\u00e3o. Ramos se reuniu ontem \u00e0 noite com o secret\u00e1rio especial de Tesouro e Or\u00e7amento, Bruno Funchal, para tratar o assunto.<\/p>\n\t<p>\n\t\t<a href=\"https:\/\/lp.suno.com.br\/ebook-como-analisar-uma-acao\/\" target=\"_blank\" data-element=\"shortcode-suno-banner\" title=\"Banner SUNO, clique e saiba mais\">\n\t\t\t<picture>\n\t\t\t\t<source media=\"(max-width: 500px)\" srcset=\"https:\/\/files.sunoresearch.com.br\/n\/uploads\/2023\/03\/Ebook-Acoes-Mobile-1.jpg\">\n\t\t\t\t<img class=\"newsContent__article__imgCapa newsContent__article__imgCapa--banner\"\n\t\t\t\t\tsrc=\"https:\/\/files.sunoresearch.com.br\/n\/uploads\/2023\/03\/Ebook-Acoes-Desktop-1.jpg\"\n\t\t\t\t\tdata-promo-id=\"171998\"\t\t\t\t\t\t\t\t\t\twidth='1420' height='286'\t\t\t\t\talt=\"https:\/\/files.sunoresearch.com.br\/n\/uploads\/2023\/03\/Ebook-Acoes-Desktop-1.jpg\"\n\t\t\t\t>\n\t\t\t<\/picture>\n\t\t<\/a>\n\t<\/p>\n\n\n<p>J\u00e1 o ministro da Economia, Paulo Guedes, quer um acordo para uma <strong>PEC<\/strong> que contenha a solu\u00e7\u00e3o &#8220;Fux-Dantas&#8221;. Essa proposta estava sendo constru\u00edda pelo presidente do Supremo Tribunal Federal (STF), Luiz Fux, e pelo ministro Bruno Dantas, do Tribunal de Contas da Uni\u00e3o (TCU). Cria uma esp\u00e9cie de subteto para o pagamento dessas despesas. Ontem, Guedes fez um &#8220;pedido desesperado de socorro&#8221; a Fux, que brincou que o &#8220;filho&#8221; n\u00e3o era dele.<\/p>\n<p>\u00c9 preciso que a PEC seja aprovada at\u00e9 o final de outubro para o governo enviar uma mensagem modificativa do projeto de lei do Or\u00e7amento, quando se espera definir os recursos para refor\u00e7o do Bolsa Fam\u00edlia, com benef\u00edcio de R$ 300. Para isso, negocia-se uma tramita\u00e7\u00e3o mais r\u00e1pida da PEC.<\/p>\n\t<p>\n\t\t<a href=\"https:\/\/lp.suno.com.br\/planilha-de-controle-de-investimentos\/\" target=\"_blank\" data-element=\"shortcode-suno-banner\" title=\"Banner SUNO, clique e saiba mais\">\n\t\t\t<picture>\n\t\t\t\t<source media=\"(max-width: 500px)\" srcset=\"https:\/\/files.sunoresearch.com.br\/n\/uploads\/2023\/03\/400x300-Controle-de-Investimentos.png\">\n\t\t\t\t<img class=\"newsContent__article__imgCapa newsContent__article__imgCapa--banner\"\n\t\t\t\t\tsrc=\"https:\/\/files.sunoresearch.com.br\/n\/uploads\/2023\/03\/1420x240-Controle-de-Investimentos.png\"\n\t\t\t\t\tdata-promo-id=\"75934\"\t\t\t\t\t\t\t\t\t\twidth='1420' height='240'\t\t\t\t\talt=\"https:\/\/files.sunoresearch.com.br\/n\/uploads\/2023\/03\/1420x240-Controle-de-Investimentos.png\"\n\t\t\t\t>\n\t\t\t<\/picture>\n\t\t<\/a>\n\t<\/p>\n\n\n<h2>For\u00e7as pol\u00edticas precisam se unir para resolver o risco fiscal, afirma economista<\/h2>\n<p>Para o coordenador do Observat\u00f3rio Fiscal da Funda\u00e7\u00e3o Get\u00falio Vargas (FGV), Manoel Pires, h\u00e1 muitas perguntas sem resposta e o receio de a economia passar por um per\u00edodo de <strong>estagfla\u00e7\u00e3o<\/strong>, combina\u00e7\u00e3o perversa de crescimento pequeno e alta de pre\u00e7os. &#8220;As for\u00e7as pol\u00edticas precisam achar uma forma de equacionar&#8221;, diz ele, que aponta as emendas parlamentares, outro ponto a ser resolvido para diminuir a incerteza.<\/p>\n<p>&#8220;O governo se comunica muito mal. Tem coisa boa, sim, mas o que tem de bom \u00e9 retrovisor, \u00e9 passado. E o que preocupa mais \u00e9 o futuro&#8221;, afirma o economista-chefe e s\u00f3cio da RPS Capital, <a class=\"suno-keyword\" href=\"https:\/\/www.suno.com.br\/tudo-sobre\/gabriel-leal\/\" target=\"_blank\" rel=\"noopener\" data-force=\"no\" data-priority=\"2\">Gabriel Leal<\/a> de Barros. Segundo ele, o pre\u00e7o mais favor\u00e1vel das commodities (produtos b\u00e1sicos, como alimentos, min\u00e9rio de ferro e petr\u00f3leo) e o aumento das receitas ajudaram o governo a melhorar o quadro da d\u00edvida e do rombo nas contas. &#8220;Mas o governo n\u00e3o soube capitalizar os pequenos ganhos que teve&#8221;, diz.<\/p>\n\t<p>\n\t\t<a href=\"https:\/\/lp.suno.com.br\/planilha-da-vida-financeira\/\" target=\"_blank\" data-element=\"shortcode-suno-banner\" title=\"Banner SUNO, clique e saiba mais\">\n\t\t\t<picture>\n\t\t\t\t<source media=\"(max-width: 500px)\" srcset=\"https:\/\/files.sunoresearch.com.br\/n\/uploads\/2023\/04\/400x300-Planilha-vida-financeira-true.png\">\n\t\t\t\t<img class=\"newsContent__article__imgCapa newsContent__article__imgCapa--banner\"\n\t\t\t\t\tsrc=\"https:\/\/files.sunoresearch.com.br\/n\/uploads\/2023\/04\/1420x240-Planilha-vida-financeira-true.png\"\n\t\t\t\t\tdata-promo-id=\"106682\"\t\t\t\t\t\t\t\t\t\twidth='1420' height='240'\t\t\t\t\talt=\"https:\/\/files.sunoresearch.com.br\/n\/uploads\/2023\/04\/1420x240-Planilha-vida-financeira-true.png\"\n\t\t\t\t>\n\t\t\t<\/picture>\n\t\t<\/a>\n\t<\/p>\n\n\n<p>Segundo Tiago Pessoa, respons\u00e1vel pelas mesas de opera\u00e7\u00f5es do Morgan Stanley para Am\u00e9rica Latina, os precat\u00f3rios est\u00e3o gerando uma grande <strong>risco fiscal<\/strong> no mercado. &#8220;O Guedes falou num evento, e ele est\u00e1 certo, que esse barulho pol\u00edtico deixa a <a class=\"suno-keyword\" href=\"https:\/\/www.suno.com.br\/artigos\/curva-de-juros\/\" target=\"_blank\" rel=\"noopener\" data-force=\"no\" data-priority=\"1\">curva de juros<\/a> mais alta, mas muito desse barulho vem do pr\u00f3prio governo.&#8221; Segundo Pessoa, insistir nesse modelo de parcelamento dessa d\u00edvida, que vai ser mais cara do que pagar, abre o precedente para governos futuros criarem essa morat\u00f3ria seletiva de outras despesas.<\/p>\n<p><em>(Com informa\u00e7\u00f5es da Ag\u00eancia Estado)<\/em><\/p>\n\t<p>\n\t\t<a href=\"\" target=\"_blank\" data-element=\"shortcode-suno-banner\" title=\"Banner SUNO, clique e saiba mais\">\n\t\t\t<picture>\n\t\t\t\t<source media=\"(max-width: 500px)\" srcset=\"\">\n\t\t\t\t<img class=\"newsContent__article__imgCapa newsContent__article__imgCapa--banner\"\n\t\t\t\t\tsrc=\"\"\n\t\t\t\t\tdata-promo-id=\"184190\"\t\t\t\t\t\t\t\t\t\t\t\t\t\t\talt=\"\"\n\t\t\t\t>\n\t\t\t<\/picture>\n\t\t<\/a>\n\t<\/p>\n\n\n","protected":false},"excerpt":{"rendered":"<p>Apesar do risco\u00a0fiscal preocupar investidores brasileiros, proje\u00e7\u00f5es do Minist\u00e9rio da Economia mostram que o governo vai entregar uma despesa menor do que encontrou &#8211; 17,5% do Produto Interno Bruto (PIB) em 2022, em compara\u00e7\u00e3o a 19,3% em 2018. O quadro atual, no entanto, \u00e9 de alta dos juros futuros, com falta de credibilidade por causa [&hellip;]<\/p>\n","protected":false},"author":43,"featured_media":104711,"comment_status":"closed","ping_status":"closed","sticky":false,"template":"","format":"standard","meta":[],"categories":[62],"tags":[104591,807],"suno_strategy":[],"class_list":["post-184774","post","type-post","status-publish","format-standard","has-post-thumbnail","hentry","category-economia","tag-precatorios","tag-produto-interno-bruto-pib"],"yoast_head":"<!-- This site is optimized with the Yoast SEO plugin v24.4 - https:\/\/yoast.com\/wordpress\/plugins\/seo\/ -->\n<title>Despesas p\u00fablicas caem, mas risco fiscal se mant\u00e9m, dizem economistas<\/title>\n<meta name=\"description\" content=\"Apesar do risco fiscal, Minist\u00e9rio da Economia indica que o governo vai entregar uma despesa menor do que encontrou. Saiba mais\" \/>\n<meta name=\"robots\" content=\"index, follow, max-snippet:-1, max-image-preview:large, max-video-preview:-1\" \/>\n<link rel=\"canonical\" href=\"https:\/\/www.suno.com.br\/noticias\/risco-fiscal-despesas-caem-economistas\/\" \/>\n<meta property=\"og:locale\" content=\"pt_BR\" \/>\n<meta property=\"og:type\" content=\"article\" \/>\n<meta property=\"og:title\" content=\"Despesas p\u00fablicas caem, mas risco fiscal se mant\u00e9m, dizem economistas\" \/>\n<meta property=\"og:description\" content=\"Apesar do risco fiscal, Minist\u00e9rio da Economia indica que o governo vai entregar uma despesa menor do que encontrou. Saiba mais\" \/>\n<meta property=\"og:url\" content=\"https:\/\/www.suno.com.br\/noticias\/risco-fiscal-despesas-caem-economistas\/\" \/>\n<meta property=\"og:site_name\" content=\"Suno Not\u00edcias\" \/>\n<meta property=\"article:publisher\" content=\"https:\/\/facebook.com\/sunoresearch\" \/>\n<meta property=\"article:author\" content=\"https:\/\/www.facebook.com\/sunonoticias\/\" \/>\n<meta property=\"og:image\" content=\"https:\/\/files.sunoresearch.com.br\/n\/uploads\/2020\/12\/42341aeb-df0d32da138a2cbd0e5cc8b79bf59511.jpg\" \/>\n\t<meta property=\"og:image:width\" content=\"569\" \/>\n\t<meta property=\"og:image:height\" content=\"380\" \/>\n\t<meta property=\"og:image:type\" content=\"image\/jpeg\" \/>\n<meta name=\"author\" content=\"Reda\u00e7\u00e3o Suno Not\u00edcias\" \/>\n<meta name=\"twitter:card\" content=\"summary_large_image\" \/>\n<meta name=\"twitter:creator\" content=\"@https:\/\/twitter.com\/sunoresearch\" \/>\n<meta name=\"twitter:site\" content=\"@sunoresearch\" \/>\n<meta name=\"twitter:label1\" content=\"Escrito por\" \/>\n\t<meta name=\"twitter:data1\" content=\"Reda\u00e7\u00e3o Suno Not\u00edcias\" \/>\n\t<meta name=\"twitter:label2\" content=\"Est. tempo de leitura\" \/>\n\t<meta name=\"twitter:data2\" content=\"3 minutos\" \/>\n<script type=\"application\/ld+json\" class=\"yoast-schema-graph\">{\"@context\":\"https:\/\/schema.org\",\"@graph\":[{\"@type\":\"NewsArticle\",\"@id\":\"https:\/\/www.suno.com.br\/noticias\/risco-fiscal-despesas-caem-economistas\/#article\",\"isPartOf\":{\"@id\":\"https:\/\/www.suno.com.br\/noticias\/risco-fiscal-despesas-caem-economistas\/\"},\"author\":{\"name\":\"Reda\u00e7\u00e3o Suno Not\u00edcias\",\"@id\":\"https:\/\/www.suno.com.br\/noticias\/#\/schema\/person\/c1b1bd3727fa852bd045e9dbff3673ea\"},\"headline\":\"Despesas p\u00fablicas caem, mas risco fiscal se mant\u00e9m, dizem economistas\",\"datePublished\":\"2021-09-16T23:51:51+00:00\",\"mainEntityOfPage\":{\"@id\":\"https:\/\/www.suno.com.br\/noticias\/risco-fiscal-despesas-caem-economistas\/\"},\"wordCount\":731,\"publisher\":{\"@id\":\"https:\/\/www.suno.com.br\/noticias\/#organization\"},\"image\":{\"@id\":\"https:\/\/www.suno.com.br\/noticias\/risco-fiscal-despesas-caem-economistas\/#primaryimage\"},\"thumbnailUrl\":\"https:\/\/files.sunoresearch.com.br\/n\/uploads\/2020\/12\/42341aeb-df0d32da138a2cbd0e5cc8b79bf59511-jpg.webp\",\"keywords\":[\"precat\u00f3rios\",\"Produto Interno Bruto (PIB)\"],\"articleSection\":[\"Economia\"],\"inLanguage\":\"pt-BR\"},{\"@type\":\"WebPage\",\"@id\":\"https:\/\/www.suno.com.br\/noticias\/risco-fiscal-despesas-caem-economistas\/\",\"url\":\"https:\/\/www.suno.com.br\/noticias\/risco-fiscal-despesas-caem-economistas\/\",\"name\":\"Despesas p\u00fablicas caem, mas risco fiscal se mant\u00e9m, dizem economistas\",\"isPartOf\":{\"@id\":\"https:\/\/www.suno.com.br\/noticias\/#website\"},\"primaryImageOfPage\":{\"@id\":\"https:\/\/www.suno.com.br\/noticias\/risco-fiscal-despesas-caem-economistas\/#primaryimage\"},\"image\":{\"@id\":\"https:\/\/www.suno.com.br\/noticias\/risco-fiscal-despesas-caem-economistas\/#primaryimage\"},\"thumbnailUrl\":\"https:\/\/files.sunoresearch.com.br\/n\/uploads\/2020\/12\/42341aeb-df0d32da138a2cbd0e5cc8b79bf59511-jpg.webp\",\"datePublished\":\"2021-09-16T23:51:51+00:00\",\"description\":\"Apesar do risco fiscal, Minist\u00e9rio da Economia indica que o governo vai entregar uma despesa menor do que encontrou. Saiba mais\",\"breadcrumb\":{\"@id\":\"https:\/\/www.suno.com.br\/noticias\/risco-fiscal-despesas-caem-economistas\/#breadcrumb\"},\"inLanguage\":\"pt-BR\",\"potentialAction\":[{\"@type\":\"ReadAction\",\"target\":[\"https:\/\/www.suno.com.br\/noticias\/risco-fiscal-despesas-caem-economistas\/\"]}]},{\"@type\":\"ImageObject\",\"inLanguage\":\"pt-BR\",\"@id\":\"https:\/\/www.suno.com.br\/noticias\/risco-fiscal-despesas-caem-economistas\/#primaryimage\",\"url\":\"https:\/\/files.sunoresearch.com.br\/n\/uploads\/2020\/12\/42341aeb-df0d32da138a2cbd0e5cc8b79bf59511-jpg.webp\",\"contentUrl\":\"https:\/\/files.sunoresearch.com.br\/n\/uploads\/2020\/12\/42341aeb-df0d32da138a2cbd0e5cc8b79bf59511-jpg.webp\",\"width\":569,\"height\":380,\"caption\":\"Risco fiscal preocupa analistas. Foto: Pixabay\"},{\"@type\":\"BreadcrumbList\",\"@id\":\"https:\/\/www.suno.com.br\/noticias\/risco-fiscal-despesas-caem-economistas\/#breadcrumb\",\"itemListElement\":[{\"@type\":\"ListItem\",\"position\":1,\"name\":\"Not\u00edcias\",\"item\":\"https:\/\/www.suno.com.br\/noticias\/\"},{\"@type\":\"ListItem\",\"position\":2,\"name\":\"Economia\",\"item\":\"https:\/\/www.suno.com.br\/noticias\/economia\/\"},{\"@type\":\"ListItem\",\"position\":3,\"name\":\"Despesas p\u00fablicas caem, mas risco fiscal se mant\u00e9m, dizem economistas\"}]},{\"@type\":\"WebSite\",\"@id\":\"https:\/\/www.suno.com.br\/noticias\/#website\",\"url\":\"https:\/\/www.suno.com.br\/noticias\/\",\"name\":\"Suno Not\u00edcias\",\"description\":\"Seu portal de informa\u00e7\u00e3o sobre o mundo dos investimentos\",\"publisher\":{\"@id\":\"https:\/\/www.suno.com.br\/noticias\/#organization\"},\"potentialAction\":[{\"@type\":\"SearchAction\",\"target\":{\"@type\":\"EntryPoint\",\"urlTemplate\":\"https:\/\/www.suno.com.br\/noticias\/?s={search_term_string}\"},\"query-input\":{\"@type\":\"PropertyValueSpecification\",\"valueRequired\":true,\"valueName\":\"search_term_string\"}}],\"inLanguage\":\"pt-BR\"},{\"@type\":\"Organization\",\"@id\":\"https:\/\/www.suno.com.br\/noticias\/#organization\",\"name\":\"Suno Not\u00edcias\",\"url\":\"https:\/\/www.suno.com.br\/noticias\/\",\"logo\":{\"@type\":\"ImageObject\",\"inLanguage\":\"pt-BR\",\"@id\":\"https:\/\/www.suno.com.br\/noticias\/#\/schema\/logo\/image\/\",\"url\":\"https:\/\/files.sunoresearch.com.br\/n\/uploads\/2021\/09\/suno-logo.png\",\"contentUrl\":\"https:\/\/files.sunoresearch.com.br\/n\/uploads\/2021\/09\/suno-logo.png\",\"width\":180,\"height\":180,\"caption\":\"Suno Not\u00edcias\"},\"image\":{\"@id\":\"https:\/\/www.suno.com.br\/noticias\/#\/schema\/logo\/image\/\"},\"sameAs\":[\"https:\/\/facebook.com\/sunoresearch\",\"https:\/\/x.com\/sunoresearch\",\"https:\/\/www.instagram.com\/suno\",\"https:\/\/www.linkedin.com\/company\/suno-research\/\",\"https:\/\/www.youtube.com\/c\/sunoresearch\"]},{\"@type\":\"Person\",\"@id\":\"https:\/\/www.suno.com.br\/noticias\/#\/schema\/person\/c1b1bd3727fa852bd045e9dbff3673ea\",\"name\":\"Reda\u00e7\u00e3o Suno Not\u00edcias\",\"image\":{\"@type\":\"ImageObject\",\"inLanguage\":\"pt-BR\",\"@id\":\"https:\/\/www.suno.com.br\/noticias\/#\/schema\/person\/image\/\",\"url\":\"https:\/\/secure.gravatar.com\/avatar\/b8104b9b5a71985d5238ee59fbe418af?s=96&r=g\",\"contentUrl\":\"https:\/\/secure.gravatar.com\/avatar\/b8104b9b5a71985d5238ee59fbe418af?s=96&r=g\",\"caption\":\"Reda\u00e7\u00e3o Suno Not\u00edcias\"},\"description\":\"O Suno Not\u00edcias \u00e9 um portal de informa\u00e7\u00f5es sobre Mercado Financeiro, Pol\u00edtica, Neg\u00f3cios, Economia e Finan\u00e7as Pessoais.\",\"sameAs\":[\"https:\/\/www.suno.com.br\/noticias\",\"https:\/\/www.facebook.com\/sunonoticias\/\",\"https:\/\/www.instagram.com\/sunonoticias\/\",\"https:\/\/x.com\/https:\/\/twitter.com\/sunoresearch\",\"https:\/\/www.youtube.com\/sunonoticias\"],\"url\":\"https:\/\/www.suno.com.br\/noticias\/author\/redacao-suno\/\"}]}<\/script>\n<!-- \/ Yoast SEO plugin. -->","yoast_head_json":{"title":"Despesas p\u00fablicas caem, mas risco fiscal se mant\u00e9m, dizem economistas","description":"Apesar do risco fiscal, Minist\u00e9rio da Economia indica que o governo vai entregar uma despesa menor do que encontrou. Saiba mais","robots":{"index":"index","follow":"follow","max-snippet":"max-snippet:-1","max-image-preview":"max-image-preview:large","max-video-preview":"max-video-preview:-1"},"canonical":"https:\/\/www.suno.com.br\/noticias\/risco-fiscal-despesas-caem-economistas\/","og_locale":"pt_BR","og_type":"article","og_title":"Despesas p\u00fablicas caem, mas risco fiscal se mant\u00e9m, dizem economistas","og_description":"Apesar do risco fiscal, Minist\u00e9rio da Economia indica que o governo vai entregar uma despesa menor do que encontrou. Saiba mais","og_url":"https:\/\/www.suno.com.br\/noticias\/risco-fiscal-despesas-caem-economistas\/","og_site_name":"Suno Not\u00edcias","article_publisher":"https:\/\/facebook.com\/sunoresearch","article_author":"https:\/\/www.facebook.com\/sunonoticias\/","og_image":[{"width":569,"height":380,"url":"https:\/\/files.sunoresearch.com.br\/n\/uploads\/2020\/12\/42341aeb-df0d32da138a2cbd0e5cc8b79bf59511.jpg","type":"image\/jpeg"}],"author":"Reda\u00e7\u00e3o Suno Not\u00edcias","twitter_card":"summary_large_image","twitter_creator":"@https:\/\/twitter.com\/sunoresearch","twitter_site":"@sunoresearch","twitter_misc":{"Escrito por":"Reda\u00e7\u00e3o Suno Not\u00edcias","Est. tempo de leitura":"3 minutos"},"schema":{"@context":"https:\/\/schema.org","@graph":[{"@type":"NewsArticle","@id":"https:\/\/www.suno.com.br\/noticias\/risco-fiscal-despesas-caem-economistas\/#article","isPartOf":{"@id":"https:\/\/www.suno.com.br\/noticias\/risco-fiscal-despesas-caem-economistas\/"},"author":{"name":"Reda\u00e7\u00e3o Suno Not\u00edcias","@id":"https:\/\/www.suno.com.br\/noticias\/#\/schema\/person\/c1b1bd3727fa852bd045e9dbff3673ea"},"headline":"Despesas p\u00fablicas caem, mas risco fiscal se mant\u00e9m, dizem economistas","datePublished":"2021-09-16T23:51:51+00:00","mainEntityOfPage":{"@id":"https:\/\/www.suno.com.br\/noticias\/risco-fiscal-despesas-caem-economistas\/"},"wordCount":731,"publisher":{"@id":"https:\/\/www.suno.com.br\/noticias\/#organization"},"image":{"@id":"https:\/\/www.suno.com.br\/noticias\/risco-fiscal-despesas-caem-economistas\/#primaryimage"},"thumbnailUrl":"https:\/\/files.sunoresearch.com.br\/n\/uploads\/2020\/12\/42341aeb-df0d32da138a2cbd0e5cc8b79bf59511-jpg.webp","keywords":["precat\u00f3rios","Produto Interno Bruto (PIB)"],"articleSection":["Economia"],"inLanguage":"pt-BR"},{"@type":"WebPage","@id":"https:\/\/www.suno.com.br\/noticias\/risco-fiscal-despesas-caem-economistas\/","url":"https:\/\/www.suno.com.br\/noticias\/risco-fiscal-despesas-caem-economistas\/","name":"Despesas p\u00fablicas caem, mas risco fiscal se mant\u00e9m, dizem economistas","isPartOf":{"@id":"https:\/\/www.suno.com.br\/noticias\/#website"},"primaryImageOfPage":{"@id":"https:\/\/www.suno.com.br\/noticias\/risco-fiscal-despesas-caem-economistas\/#primaryimage"},"image":{"@id":"https:\/\/www.suno.com.br\/noticias\/risco-fiscal-despesas-caem-economistas\/#primaryimage"},"thumbnailUrl":"https:\/\/files.sunoresearch.com.br\/n\/uploads\/2020\/12\/42341aeb-df0d32da138a2cbd0e5cc8b79bf59511-jpg.webp","datePublished":"2021-09-16T23:51:51+00:00","description":"Apesar do risco fiscal, Minist\u00e9rio da Economia indica que o governo vai entregar uma despesa menor do que encontrou. Saiba mais","breadcrumb":{"@id":"https:\/\/www.suno.com.br\/noticias\/risco-fiscal-despesas-caem-economistas\/#breadcrumb"},"inLanguage":"pt-BR","potentialAction":[{"@type":"ReadAction","target":["https:\/\/www.suno.com.br\/noticias\/risco-fiscal-despesas-caem-economistas\/"]}]},{"@type":"ImageObject","inLanguage":"pt-BR","@id":"https:\/\/www.suno.com.br\/noticias\/risco-fiscal-despesas-caem-economistas\/#primaryimage","url":"https:\/\/files.sunoresearch.com.br\/n\/uploads\/2020\/12\/42341aeb-df0d32da138a2cbd0e5cc8b79bf59511-jpg.webp","contentUrl":"https:\/\/files.sunoresearch.com.br\/n\/uploads\/2020\/12\/42341aeb-df0d32da138a2cbd0e5cc8b79bf59511-jpg.webp","width":569,"height":380,"caption":"Risco fiscal preocupa analistas. Foto: Pixabay"},{"@type":"BreadcrumbList","@id":"https:\/\/www.suno.com.br\/noticias\/risco-fiscal-despesas-caem-economistas\/#breadcrumb","itemListElement":[{"@type":"ListItem","position":1,"name":"Not\u00edcias","item":"https:\/\/www.suno.com.br\/noticias\/"},{"@type":"ListItem","position":2,"name":"Economia","item":"https:\/\/www.suno.com.br\/noticias\/economia\/"},{"@type":"ListItem","position":3,"name":"Despesas p\u00fablicas caem, mas risco fiscal se mant\u00e9m, dizem economistas"}]},{"@type":"WebSite","@id":"https:\/\/www.suno.com.br\/noticias\/#website","url":"https:\/\/www.suno.com.br\/noticias\/","name":"Suno Not\u00edcias","description":"Seu portal de informa\u00e7\u00e3o sobre o mundo dos investimentos","publisher":{"@id":"https:\/\/www.suno.com.br\/noticias\/#organization"},"potentialAction":[{"@type":"SearchAction","target":{"@type":"EntryPoint","urlTemplate":"https:\/\/www.suno.com.br\/noticias\/?s={search_term_string}"},"query-input":{"@type":"PropertyValueSpecification","valueRequired":true,"valueName":"search_term_string"}}],"inLanguage":"pt-BR"},{"@type":"Organization","@id":"https:\/\/www.suno.com.br\/noticias\/#organization","name":"Suno Not\u00edcias","url":"https:\/\/www.suno.com.br\/noticias\/","logo":{"@type":"ImageObject","inLanguage":"pt-BR","@id":"https:\/\/www.suno.com.br\/noticias\/#\/schema\/logo\/image\/","url":"https:\/\/files.sunoresearch.com.br\/n\/uploads\/2021\/09\/suno-logo.png","contentUrl":"https:\/\/files.sunoresearch.com.br\/n\/uploads\/2021\/09\/suno-logo.png","width":180,"height":180,"caption":"Suno Not\u00edcias"},"image":{"@id":"https:\/\/www.suno.com.br\/noticias\/#\/schema\/logo\/image\/"},"sameAs":["https:\/\/facebook.com\/sunoresearch","https:\/\/x.com\/sunoresearch","https:\/\/www.instagram.com\/suno","https:\/\/www.linkedin.com\/company\/suno-research\/","https:\/\/www.youtube.com\/c\/sunoresearch"]},{"@type":"Person","@id":"https:\/\/www.suno.com.br\/noticias\/#\/schema\/person\/c1b1bd3727fa852bd045e9dbff3673ea","name":"Reda\u00e7\u00e3o Suno Not\u00edcias","image":{"@type":"ImageObject","inLanguage":"pt-BR","@id":"https:\/\/www.suno.com.br\/noticias\/#\/schema\/person\/image\/","url":"https:\/\/secure.gravatar.com\/avatar\/b8104b9b5a71985d5238ee59fbe418af?s=96&r=g","contentUrl":"https:\/\/secure.gravatar.com\/avatar\/b8104b9b5a71985d5238ee59fbe418af?s=96&r=g","caption":"Reda\u00e7\u00e3o Suno Not\u00edcias"},"description":"O Suno Not\u00edcias \u00e9 um portal de informa\u00e7\u00f5es sobre Mercado Financeiro, Pol\u00edtica, Neg\u00f3cios, Economia e Finan\u00e7as Pessoais.","sameAs":["https:\/\/www.suno.com.br\/noticias","https:\/\/www.facebook.com\/sunonoticias\/","https:\/\/www.instagram.com\/sunonoticias\/","https:\/\/x.com\/https:\/\/twitter.com\/sunoresearch","https:\/\/www.youtube.com\/sunonoticias"],"url":"https:\/\/www.suno.com.br\/noticias\/author\/redacao-suno\/"}]}},"default_loop_html":"<div class=\"cardsPage__listCard__boxs\"><div class=\"cardsPage__listCard__boxs__img\"><a href=\"https:\/\/www.suno.com.br\/noticias\/risco-fiscal-despesas-caem-economistas\/\"><img class=\"mask\" src=\"https:\/\/www.suno.com.br\/noticias\/wp-content\/themes\/suno\/resources\/images\/spotlight\/spotlight1img\/bg-mask.png\" alt=\"Image Mask\"\/><img src=\"https:\/\/files.sunoresearch.com.br\/n\/uploads\/2020\/12\/42341aeb-df0d32da138a2cbd0e5cc8b79bf59511-400x200.webp\" alt=\"Despesas p\u00fablicas caem, mas risco fiscal se mant\u00e9m, dizem economistas\"\/><\/a><span class=\"spotlightCategory\"><a href=\"https:\/\/www.suno.com.br\/noticias\/economia\/\">Economia<\/a><\/span><\/div><div class=\"cardsPage__listCard__boxs__content\"><a href=\"https:\/\/www.suno.com.br\/noticias\/risco-fiscal-despesas-caem-economistas\/\"><h2 class=\"content__title\">Despesas p\u00fablicas caem, mas risco fiscal se mant\u00e9m, dizem economistas<\/h2><\/a><div class=\"newsContent__article__meta\"><div class=\"newsContent__article__meta__authorBox\"><a href=\"https:\/\/www.suno.com.br\/noticias\/author\/redacao-suno\/\" class=\"authorBox__avatar noMobi\"><img src=\"https:\/\/files.sunoresearch.com.br\/n\/uploads\/2020\/08\/0ace682d-redacao-1-150x150.webp\" alt=\"Reda\u00e7\u00e3o Suno Not\u00edcias\"><\/a><div class=\"authorBox__name\"><span>por\n\t\t\t<a href=\"https:\/\/www.suno.com.br\/noticias\/author\/redacao-suno\/\"><span itemprop=\"author\">Reda\u00e7\u00e3o Suno Not\u00edcias<\/span><\/a><\/span><time datetime=\"2021-09-16T20:51:51-03:00\" itemprop=\"datePublished\">16\/09\/2021 20:51<\/time><\/div><\/div><\/div><\/div><\/div>","single_layout":"posts","amp_enabled":true,"_links":{"self":[{"href":"https:\/\/www.suno.com.br\/noticias\/wp-json\/wp\/v2\/posts\/184774"}],"collection":[{"href":"https:\/\/www.suno.com.br\/noticias\/wp-json\/wp\/v2\/posts"}],"about":[{"href":"https:\/\/www.suno.com.br\/noticias\/wp-json\/wp\/v2\/types\/post"}],"author":[{"embeddable":true,"href":"https:\/\/www.suno.com.br\/noticias\/wp-json\/wp\/v2\/users\/43"}],"replies":[{"embeddable":true,"href":"https:\/\/www.suno.com.br\/noticias\/wp-json\/wp\/v2\/comments?post=184774"}],"version-history":[{"count":4,"href":"https:\/\/www.suno.com.br\/noticias\/wp-json\/wp\/v2\/posts\/184774\/revisions"}],"predecessor-version":[{"id":184897,"href":"https:\/\/www.suno.com.br\/noticias\/wp-json\/wp\/v2\/posts\/184774\/revisions\/184897"}],"wp:featuredmedia":[{"embeddable":true,"href":"https:\/\/www.suno.com.br\/noticias\/wp-json\/wp\/v2\/media\/104711"}],"wp:attachment":[{"href":"https:\/\/www.suno.com.br\/noticias\/wp-json\/wp\/v2\/media?parent=184774"}],"wp:term":[{"taxonomy":"category","embeddable":true,"href":"https:\/\/www.suno.com.br\/noticias\/wp-json\/wp\/v2\/categories?post=184774"},{"taxonomy":"post_tag","embeddable":true,"href":"https:\/\/www.suno.com.br\/noticias\/wp-json\/wp\/v2\/tags?post=184774"},{"taxonomy":"suno_strategy","embeddable":true,"href":"https:\/\/www.suno.com.br\/noticias\/wp-json\/wp\/v2\/suno_strategy?post=184774"}],"curies":[{"name":"wp","href":"https:\/\/api.w.org\/{rel}","templated":true}]}}