{"id":184691,"date":"2021-09-23T14:32:07","date_gmt":"2021-09-23T17:32:07","guid":{"rendered":"https:\/\/www.suno.com.br\/noticias\/?p=184691"},"modified":"2021-09-23T14:32:07","modified_gmt":"2021-09-23T17:32:07","slug":"alta-selic-investimento-renda-fixa","status":"publish","type":"post","link":"https:\/\/www.suno.com.br\/noticias\/alta-selic-investimento-renda-fixa\/","title":{"rendered":"Com a escalada da Selic, a renda fixa vale mesmo a pena?"},"content":{"rendered":"<p>Enquanto a <a class=\"suno-keyword\" href=\"https:\/\/www.suno.com.br\/artigos\/taxa-basica-de-juros\/\" target=\"_blank\" rel=\"noopener\" data-force=\"no\" data-priority=\"1\">taxa b\u00e1sica de juros<\/a> (<strong>Selic<\/strong>) estava bem mais baixa, investidores eram naturalmente atra\u00eddos para a renda vari\u00e1vel. Com a Selic subindo pela quinta vez consecutiva, a renda fixa parece estar mais atraente. Mas ser\u00e1 que vale mesmo apostar tudo na renda fixa?<\/p>\t<div class=\"wrapper-featured-image\">\n\t\t<figure class=\"spotlightImg\">\n\n\t\t\t<picture>\n\t\t\t\t<source media=\"(max-width: 768px)\" srcset=\"https:\/\/files.sunoresearch.com.br\/n\/uploads\/2021\/09\/calculator-385506_1280-1-400x200.jpg\">\n\t\t\t\t<img loading=\"lazy\" decoding=\"async\" class=\"newsContent__article__imgCapa lazyloadDisabled \" src=\"https:\/\/files.sunoresearch.com.br\/n\/uploads\/2021\/09\/calculator-385506_1280-1-800x450.jpg\" width=\"800\" height=\"450\" alt=\"Com a escalada da Selic, a renda fixa vale mesmo a pena?\" fetchpriority=high \/>\n\t\t\t<\/picture>\n\n\t\t\t<figcaption class=\"wp-caption-text wp-caption-text--show\">Calculadora. Foto: Pixabay<\/figcaption>\n\t\t<\/figure>\n\t<\/div>\n\n\n\t<p>\n\t\t<a href=\"https:\/\/lp.suno.com.br\/planilha-controle-gastos\/\" target=\"_blank\" data-element=\"shortcode-suno-banner\" title=\"Banner SUNO, clique e saiba mais\">\n\t\t\t<picture>\n\t\t\t\t<source media=\"(max-width: 500px)\" srcset=\"https:\/\/files.sunoresearch.com.br\/n\/uploads\/2023\/03\/400x300-Planilha-controle-de-gastos.png\">\n\t\t\t\t<img class=\"newsContent__article__imgCapa newsContent__article__imgCapa--banner\"\n\t\t\t\t\tsrc=\"https:\/\/files.sunoresearch.com.br\/n\/uploads\/2023\/03\/1420x240-Planilha-controle-de-gastos.png\"\n\t\t\t\t\tdata-promo-id=\"101751\"\t\t\t\t\t\t\t\t\t\twidth='1420' height='240'\t\t\t\t\talt=\"https:\/\/files.sunoresearch.com.br\/n\/uploads\/2023\/03\/1420x240-Planilha-controle-de-gastos.png\"\n\t\t\t\t>\n\t\t\t<\/picture>\n\t\t<\/a>\n\t<\/p>\n\n\n<p>A renda fixa e a <strong>renda vari\u00e1vel<\/strong> s\u00e3o inversamente proporcionais &#8212; ou seja, quando a Selic est\u00e1 alta, os investidores tendem a migrar para primeira porque os riscos s\u00e3o menores. Quando a <strong>taxa de juros da economia<\/strong> est\u00e1 baixa, os investidores podem se arriscar um pouco na renda vari\u00e1vel, buscando ganhos maiores.<\/p>\n<p>Agora, ap\u00f3s um per\u00edodo em sua m\u00ednima hist\u00f3rica, a Selic volta \u00e0 sua escalada, com a pol\u00edtica monet\u00e1ria mais firme do Banco Central (BC) para tentar conter a alta dos \u00edndices de infla\u00e7\u00e3o. Nesta quarta-feira (22), o Comit\u00ea de <a class=\"suno-keyword\" href=\"https:\/\/www.suno.com.br\/artigos\/politica-monetaria\/\" target=\"_blank\" rel=\"noopener\" data-force=\"no\" data-priority=\"1\">Pol\u00edtica Monet\u00e1ria<\/a> (Copom) do Banco Central (BC) aumentou a taxa b\u00e1sica de juros em 1 ponto percentual, para 6,25% ao ano, e promete outro aumento de 1 ponto percentual na pr\u00f3xima reuni\u00e3o.<\/p>\n\t<p>\n\t\t<a href=\"\" target=\"_blank\" data-element=\"shortcode-suno-banner\" title=\"Banner SUNO, clique e saiba mais\">\n\t\t\t<picture>\n\t\t\t\t<source media=\"(max-width: 500px)\" srcset=\"\">\n\t\t\t\t<img class=\"newsContent__article__imgCapa newsContent__article__imgCapa--banner\"\n\t\t\t\t\tsrc=\"\"\n\t\t\t\t\tdata-promo-id=\"88999\"\t\t\t\t\t\t\t\t\t\t\t\t\t\t\talt=\"\"\n\t\t\t\t>\n\t\t\t<\/picture>\n\t\t<\/a>\n\t<\/p>\n\n\n<p>Pesquisa de agosto da XP sobre Sentimento de Mercado mostrou que os investidores est\u00e3o mais interessados por renda fixa e Tesouro Direto, com o avan\u00e7o da taxa b\u00e1sica de juros. De acordo com o levantamento, o apetite por<strong> Tesouro Direto<\/strong> e renda fixa cresceu 27 pontos percentuais entre julho e agosto. Cerca de 16% dos investidores pretendem aumentar suas posi\u00e7\u00f5es nessa classe de ativos, uma queda de 20 p.p. em rela\u00e7\u00e3o a julho.<\/p>\n<p>Os analistas explicam o movimento. Jansen Costa, s\u00f3cio fundador da Fatorial Investimentos, explica que &#8220;a alta da Selic influencia no mercado de renda fixa porque ela fica automaticamente mais interessante. Os p\u00f3s-fixados come\u00e7am a render mais com a alta da Selic.&#8221;<\/p>\n<p>Em rela\u00e7\u00e3o ao prefixado atrelado ao IPCA, Costa acredita que haver\u00e1 uma mudan\u00e7a expressiva, ap\u00f3s essa recente<strong> alta da Selic<\/strong>, &#8220;pois essa alta de juros j\u00e1 foi precificada anteriormente.&#8221;<\/p>\n<p>&#8220;O investidor j\u00e1 deveria ter se antecipado, j\u00e1 que o mercado vem dando h\u00e1 um tempo boas oportunidades no prefixado com taxas elevadas. Como na semana passada o mercado acreditava em uma alta de 1,25% na Selic e essa expectativa mudou para 1% ap\u00f3s a<a href=\"https:\/\/www.suno.com.br\/noticias\/campos-neto-levar-selic-precisar\/\"> fala do presidente do Banco Central<\/a>, Roberto Campos Neto, quem aplicou em prefixado na semana anterior est\u00e1 ganhando mais dinheiro do que aplicando agora&#8221;, destaca.<\/p>\n<h2>A renda fixa &#8220;t\u00e1 on?&#8221; A vari\u00e1vel tamb\u00e9m<\/h2>\n<p>Na avalia\u00e7\u00e3o de Jo\u00e3o Beck, economista e s\u00f3cio da BRA, \u201cdepende da renda fixa.\u201d Ele explica que a categoria que tem gerado mais ganho ao acionista e apresentado maior rentabilidade \u00e9 a renda fixa p\u00f3s fixada.<\/p>\n<p>Como a taxa de juros tem vindo, sequencialmente, mais alta do que o esperado, lembra ele, a renda fixa p\u00f3s fixada ainda \u00e9 a categoria de aplica\u00e7\u00e3o mais recomendada no momento.<\/p>\n<p>Mas ser\u00e1 que, com a renda fixa \u2018on\u2019, a renda vari\u00e1vel ficou \u2018off\u2019? N\u00e3o necessariamente. Beck explica que, sempre que a Selic sobe, o mercado j\u00e1 coloca isso na conta de maneira simult\u00e2nea. Assim, com a alta da taxa de juros, a Bolsa j\u00e1 tende a cair e os pre\u00e7os j\u00e1 ficam mais atrativos.<\/p>\n<p>Atualmente, os \u00faltimos balan\u00e7os divulgados por empresas surpreenderam positivamente o mercado. Como a <a class=\"suno-keyword\" href=\"https:\/\/www.suno.com.br\/artigos\/bolsa-de-valores\/\" target=\"_blank\" rel=\"noopener\" data-force=\"no\" data-priority=\"3\">Bolsa de Valores<\/a> parece n\u00e3o estar respondendo a esse est\u00edmulo, ent\u00e3o, afirma Beck, a renda vari\u00e1vel est\u00e1 barata, de certo modo.<\/p>\n\t<p>\n\t\t<a href=\"https:\/\/lp.suno.com.br\/planilha-da-vida-financeira\/\" target=\"_blank\" data-element=\"shortcode-suno-banner\" title=\"Banner SUNO, clique e saiba mais\">\n\t\t\t<picture>\n\t\t\t\t<source media=\"(max-width: 500px)\" srcset=\"https:\/\/files.sunoresearch.com.br\/n\/uploads\/2023\/04\/400x300-Planilha-vida-financeira-true.png\">\n\t\t\t\t<img class=\"newsContent__article__imgCapa newsContent__article__imgCapa--banner\"\n\t\t\t\t\tsrc=\"https:\/\/files.sunoresearch.com.br\/n\/uploads\/2023\/04\/1420x240-Planilha-vida-financeira-true.png\"\n\t\t\t\t\tdata-promo-id=\"106682\"\t\t\t\t\t\t\t\t\t\twidth='1420' height='240'\t\t\t\t\talt=\"https:\/\/files.sunoresearch.com.br\/n\/uploads\/2023\/04\/1420x240-Planilha-vida-financeira-true.png\"\n\t\t\t\t>\n\t\t\t<\/picture>\n\t\t<\/a>\n\t<\/p>\n\n\n<p>O economista pondera que alguns investidores est\u00e3o deixando a renda vari\u00e1vel de lado porque est\u00e3o com medo do cen\u00e1rio macroecon\u00f4mico. O temor com a <strong>crise h\u00eddrica aumenta<\/strong>, por exemplo, e, com ele, cresce a amea\u00e7a da infla\u00e7\u00e3o. A retomada da economia est\u00e1 cercada de incertezas. Existem o risco fiscal e a demora na aprova\u00e7\u00e3o de reformas. Sem contar a possibilidade de a crise com a incorporadora Evergrande, ainda amea\u00e7ada de dar um calote bilion\u00e1rio, se acentuar &#8212; mesmo com sinaliza\u00e7\u00f5es de que a companhia v\u00e1 pagar parte da d\u00edvida. Al\u00e9m disso, o crescimento dos Estados Unidos tem levado parte dos investidores para l\u00e1.<\/p>\n<p>Apesar de todas essas vari\u00e1veis, a <strong>Bolsa de Valores<\/strong> ainda continua atraente, na avalia\u00e7\u00e3o de Jo\u00e3o. \u201cSe considerarmos que as empresas v\u00e3o continuar entregando bons resultados, voc\u00ea tem uma Bolsa muito mais valiosa e chamativa aos investidores\u201d, ressalta.<\/p>\n<p>A d\u00favida, portanto, permanece. Se a renda fixa e a renda vari\u00e1vel continuam como boas op\u00e7\u00f5es, qual tipo de investimento se deve priorizar em tempos de escalada da Selic?<\/p>\n<p>Para Beck, se levarmos em considera\u00e7\u00e3o todos os tipos de investimentos dispon\u00edveis no Brasil, o que est\u00e1 mais barato \u00e9 a Bolsa brasileira. Ele considera que, mesmo com os riscos da economia do pa\u00eds, a Bolsa se mant\u00e9m como a melhor e mais rent\u00e1vel alternativa no momento.<\/p>\n<h2><strong>Investir com cuidado<\/strong><\/h2>\n<p>Antes de qualquer investimento \u00e9 importante ressaltar que quitar as d\u00edvidas e fazer uma reserva de emerg\u00eancia deve sempre ser a prioridade. Os analistas da SUNO Research sempre salientam que \u00e9 necess\u00e1rio antes poupar dinheiro para depois investir, e nunca se endividar para investir ou investir endividado. Esta mat\u00e9ria n\u00e3o \u00e9 uma recomenda\u00e7\u00e3o de investimento.<\/p>\n\t<p>\n\t\t<a href=\"https:\/\/lp.suno.com.br\/planilha-de-controle-de-investimentos\/\" target=\"_blank\" data-element=\"shortcode-suno-banner\" title=\"Banner SUNO, clique e saiba mais\">\n\t\t\t<picture>\n\t\t\t\t<source media=\"(max-width: 500px)\" srcset=\"https:\/\/files.sunoresearch.com.br\/n\/uploads\/2023\/03\/400x300-Controle-de-Investimentos.png\">\n\t\t\t\t<img class=\"newsContent__article__imgCapa newsContent__article__imgCapa--banner\"\n\t\t\t\t\tsrc=\"https:\/\/files.sunoresearch.com.br\/n\/uploads\/2023\/03\/1420x240-Controle-de-Investimentos.png\"\n\t\t\t\t\tdata-promo-id=\"75934\"\t\t\t\t\t\t\t\t\t\twidth='1420' height='240'\t\t\t\t\talt=\"https:\/\/files.sunoresearch.com.br\/n\/uploads\/2023\/03\/1420x240-Controle-de-Investimentos.png\"\n\t\t\t\t>\n\t\t\t<\/picture>\n\t\t<\/a>\n\t<\/p>\n\n\n","protected":false},"excerpt":{"rendered":"<p>Enquanto a taxa b\u00e1sica de juros (Selic) estava bem mais baixa, investidores eram naturalmente atra\u00eddos para a renda vari\u00e1vel. Com a Selic subindo pela quinta vez consecutiva, a renda fixa parece estar mais atraente. Mas ser\u00e1 que vale mesmo apostar tudo na renda fixa? Calculadora. Foto: Pixabay A renda fixa e a renda vari\u00e1vel s\u00e3o [&hellip;]<\/p>\n","protected":false},"author":39,"featured_media":185194,"comment_status":"closed","ping_status":"closed","sticky":false,"template":"","format":"standard","meta":[],"categories":[60],"tags":[105815,105816,308,290],"suno_strategy":[],"class_list":["post-184691","post","type-post","status-publish","format-standard","has-post-thumbnail","hentry","category-mercado","tag-especial","tag-especialistas","tag-renda-fixa","tag-taxa-selic"],"yoast_head":"<!-- This site is optimized with the Yoast SEO plugin v24.4 - https:\/\/yoast.com\/wordpress\/plugins\/seo\/ -->\n<title>Com a escalada da Selic, a renda fixa vale mesmo a pena?<\/title>\n<meta name=\"description\" content=\"Com a Selic subindo novamente, a renda fixa parece estar mais atraente, mas ser\u00e1 que ela \u00e9 uma boa op\u00e7\u00e3o? Clique aqui e confira!\" \/>\n<meta name=\"robots\" content=\"index, follow, max-snippet:-1, max-image-preview:large, max-video-preview:-1\" \/>\n<link rel=\"canonical\" href=\"https:\/\/www.suno.com.br\/noticias\/alta-selic-investimento-renda-fixa\/\" \/>\n<meta property=\"og:locale\" content=\"pt_BR\" \/>\n<meta property=\"og:type\" content=\"article\" \/>\n<meta property=\"og:title\" content=\"Com a escalada da Selic, a renda fixa vale mesmo a pena?\" \/>\n<meta property=\"og:description\" content=\"Com a Selic subindo novamente, a renda fixa parece estar mais atraente, mas ser\u00e1 que ela \u00e9 uma boa op\u00e7\u00e3o? Clique aqui e confira!\" \/>\n<meta property=\"og:url\" content=\"https:\/\/www.suno.com.br\/noticias\/alta-selic-investimento-renda-fixa\/\" \/>\n<meta property=\"og:site_name\" content=\"Suno Not\u00edcias\" \/>\n<meta property=\"article:publisher\" content=\"https:\/\/facebook.com\/sunoresearch\" \/>\n<meta property=\"og:image\" content=\"https:\/\/files.sunoresearch.com.br\/n\/uploads\/2021\/09\/calculator-385506_1280-1.jpg\" \/>\n\t<meta property=\"og:image:width\" content=\"1280\" \/>\n\t<meta property=\"og:image:height\" content=\"754\" \/>\n\t<meta property=\"og:image:type\" content=\"image\/jpeg\" \/>\n<meta name=\"author\" content=\"Laura Moutinho\" \/>\n<meta name=\"twitter:card\" content=\"summary_large_image\" \/>\n<meta name=\"twitter:creator\" content=\"@sunoresearch\" \/>\n<meta name=\"twitter:site\" content=\"@sunoresearch\" \/>\n<meta name=\"twitter:label1\" content=\"Escrito por\" \/>\n\t<meta name=\"twitter:data1\" content=\"Laura Moutinho\" \/>\n\t<meta name=\"twitter:label2\" content=\"Est. tempo de leitura\" \/>\n\t<meta name=\"twitter:data2\" content=\"4 minutos\" \/>\n<script type=\"application\/ld+json\" class=\"yoast-schema-graph\">{\"@context\":\"https:\/\/schema.org\",\"@graph\":[{\"@type\":\"NewsArticle\",\"@id\":\"https:\/\/www.suno.com.br\/noticias\/alta-selic-investimento-renda-fixa\/#article\",\"isPartOf\":{\"@id\":\"https:\/\/www.suno.com.br\/noticias\/alta-selic-investimento-renda-fixa\/\"},\"author\":{\"name\":\"Laura Moutinho\",\"@id\":\"https:\/\/www.suno.com.br\/noticias\/#\/schema\/person\/3df0d2808748b74496efe5dbeaef2c72\"},\"headline\":\"Com a escalada da Selic, a renda fixa vale mesmo a pena?\",\"datePublished\":\"2021-09-23T17:32:07+00:00\",\"mainEntityOfPage\":{\"@id\":\"https:\/\/www.suno.com.br\/noticias\/alta-selic-investimento-renda-fixa\/\"},\"wordCount\":907,\"publisher\":{\"@id\":\"https:\/\/www.suno.com.br\/noticias\/#organization\"},\"image\":{\"@id\":\"https:\/\/www.suno.com.br\/noticias\/alta-selic-investimento-renda-fixa\/#primaryimage\"},\"thumbnailUrl\":\"https:\/\/files.sunoresearch.com.br\/n\/uploads\/2021\/09\/calculator-385506_1280-1.jpg\",\"keywords\":[\"Especiais\",\"Especialistas\",\"Renda Fixa\",\"Taxa Selic\"],\"articleSection\":[\"Mercado\"],\"inLanguage\":\"pt-BR\"},{\"@type\":\"WebPage\",\"@id\":\"https:\/\/www.suno.com.br\/noticias\/alta-selic-investimento-renda-fixa\/\",\"url\":\"https:\/\/www.suno.com.br\/noticias\/alta-selic-investimento-renda-fixa\/\",\"name\":\"Com a escalada da Selic, a renda fixa vale mesmo a pena?\",\"isPartOf\":{\"@id\":\"https:\/\/www.suno.com.br\/noticias\/#website\"},\"primaryImageOfPage\":{\"@id\":\"https:\/\/www.suno.com.br\/noticias\/alta-selic-investimento-renda-fixa\/#primaryimage\"},\"image\":{\"@id\":\"https:\/\/www.suno.com.br\/noticias\/alta-selic-investimento-renda-fixa\/#primaryimage\"},\"thumbnailUrl\":\"https:\/\/files.sunoresearch.com.br\/n\/uploads\/2021\/09\/calculator-385506_1280-1.jpg\",\"datePublished\":\"2021-09-23T17:32:07+00:00\",\"description\":\"Com a Selic subindo novamente, a renda fixa parece estar mais atraente, mas ser\u00e1 que ela \u00e9 uma boa op\u00e7\u00e3o? Clique aqui e confira!\",\"breadcrumb\":{\"@id\":\"https:\/\/www.suno.com.br\/noticias\/alta-selic-investimento-renda-fixa\/#breadcrumb\"},\"inLanguage\":\"pt-BR\",\"potentialAction\":[{\"@type\":\"ReadAction\",\"target\":[\"https:\/\/www.suno.com.br\/noticias\/alta-selic-investimento-renda-fixa\/\"]}]},{\"@type\":\"ImageObject\",\"inLanguage\":\"pt-BR\",\"@id\":\"https:\/\/www.suno.com.br\/noticias\/alta-selic-investimento-renda-fixa\/#primaryimage\",\"url\":\"https:\/\/files.sunoresearch.com.br\/n\/uploads\/2021\/09\/calculator-385506_1280-1.jpg\",\"contentUrl\":\"https:\/\/files.sunoresearch.com.br\/n\/uploads\/2021\/09\/calculator-385506_1280-1.jpg\",\"width\":1280,\"height\":754,\"caption\":\"Calculadora. Foto: Pixabay\"},{\"@type\":\"BreadcrumbList\",\"@id\":\"https:\/\/www.suno.com.br\/noticias\/alta-selic-investimento-renda-fixa\/#breadcrumb\",\"itemListElement\":[{\"@type\":\"ListItem\",\"position\":1,\"name\":\"Not\u00edcias\",\"item\":\"https:\/\/www.suno.com.br\/noticias\/\"},{\"@type\":\"ListItem\",\"position\":2,\"name\":\"Mercado\",\"item\":\"https:\/\/www.suno.com.br\/noticias\/mercado\/\"},{\"@type\":\"ListItem\",\"position\":3,\"name\":\"Com a escalada da Selic, a renda fixa vale mesmo a pena?\"}]},{\"@type\":\"WebSite\",\"@id\":\"https:\/\/www.suno.com.br\/noticias\/#website\",\"url\":\"https:\/\/www.suno.com.br\/noticias\/\",\"name\":\"Suno Not\u00edcias\",\"description\":\"Seu portal de informa\u00e7\u00e3o sobre o mundo dos investimentos\",\"publisher\":{\"@id\":\"https:\/\/www.suno.com.br\/noticias\/#organization\"},\"potentialAction\":[{\"@type\":\"SearchAction\",\"target\":{\"@type\":\"EntryPoint\",\"urlTemplate\":\"https:\/\/www.suno.com.br\/noticias\/?s={search_term_string}\"},\"query-input\":{\"@type\":\"PropertyValueSpecification\",\"valueRequired\":true,\"valueName\":\"search_term_string\"}}],\"inLanguage\":\"pt-BR\"},{\"@type\":\"Organization\",\"@id\":\"https:\/\/www.suno.com.br\/noticias\/#organization\",\"name\":\"Suno Not\u00edcias\",\"url\":\"https:\/\/www.suno.com.br\/noticias\/\",\"logo\":{\"@type\":\"ImageObject\",\"inLanguage\":\"pt-BR\",\"@id\":\"https:\/\/www.suno.com.br\/noticias\/#\/schema\/logo\/image\/\",\"url\":\"https:\/\/files.sunoresearch.com.br\/n\/uploads\/2021\/09\/suno-logo.png\",\"contentUrl\":\"https:\/\/files.sunoresearch.com.br\/n\/uploads\/2021\/09\/suno-logo.png\",\"width\":180,\"height\":180,\"caption\":\"Suno Not\u00edcias\"},\"image\":{\"@id\":\"https:\/\/www.suno.com.br\/noticias\/#\/schema\/logo\/image\/\"},\"sameAs\":[\"https:\/\/facebook.com\/sunoresearch\",\"https:\/\/x.com\/sunoresearch\",\"https:\/\/www.instagram.com\/suno\",\"https:\/\/www.linkedin.com\/company\/suno-research\/\",\"https:\/\/www.youtube.com\/c\/sunoresearch\"]},{\"@type\":\"Person\",\"@id\":\"https:\/\/www.suno.com.br\/noticias\/#\/schema\/person\/3df0d2808748b74496efe5dbeaef2c72\",\"name\":\"Laura Moutinho\",\"image\":{\"@type\":\"ImageObject\",\"inLanguage\":\"pt-BR\",\"@id\":\"https:\/\/www.suno.com.br\/noticias\/#\/schema\/person\/image\/\",\"url\":\"https:\/\/secure.gravatar.com\/avatar\/7571c7c8ca3a6fca5e41384ece5557ff?s=96&r=g\",\"contentUrl\":\"https:\/\/secure.gravatar.com\/avatar\/7571c7c8ca3a6fca5e41384ece5557ff?s=96&r=g\",\"caption\":\"Laura Moutinho\"},\"description\":\"Estagi\u00e1ria na Suno Not\u00edcias, escreve not\u00edcias que afetam o mercado financeiro. Estuda administra\u00e7\u00e3o na Universidade Presbiteriana Mackenzie.\",\"url\":\"https:\/\/www.suno.com.br\/noticias\/author\/laura-moutinho\/\"}]}<\/script>\n<!-- \/ Yoast SEO plugin. -->","yoast_head_json":{"title":"Com a escalada da Selic, a renda fixa vale mesmo a pena?","description":"Com a Selic subindo novamente, a renda fixa parece estar mais atraente, mas ser\u00e1 que ela \u00e9 uma boa op\u00e7\u00e3o? Clique aqui e confira!","robots":{"index":"index","follow":"follow","max-snippet":"max-snippet:-1","max-image-preview":"max-image-preview:large","max-video-preview":"max-video-preview:-1"},"canonical":"https:\/\/www.suno.com.br\/noticias\/alta-selic-investimento-renda-fixa\/","og_locale":"pt_BR","og_type":"article","og_title":"Com a escalada da Selic, a renda fixa vale mesmo a pena?","og_description":"Com a Selic subindo novamente, a renda fixa parece estar mais atraente, mas ser\u00e1 que ela \u00e9 uma boa op\u00e7\u00e3o? Clique aqui e confira!","og_url":"https:\/\/www.suno.com.br\/noticias\/alta-selic-investimento-renda-fixa\/","og_site_name":"Suno Not\u00edcias","article_publisher":"https:\/\/facebook.com\/sunoresearch","og_image":[{"width":1280,"height":754,"url":"https:\/\/files.sunoresearch.com.br\/n\/uploads\/2021\/09\/calculator-385506_1280-1.jpg","type":"image\/jpeg"}],"author":"Laura Moutinho","twitter_card":"summary_large_image","twitter_creator":"@sunoresearch","twitter_site":"@sunoresearch","twitter_misc":{"Escrito por":"Laura Moutinho","Est. tempo de leitura":"4 minutos"},"schema":{"@context":"https:\/\/schema.org","@graph":[{"@type":"NewsArticle","@id":"https:\/\/www.suno.com.br\/noticias\/alta-selic-investimento-renda-fixa\/#article","isPartOf":{"@id":"https:\/\/www.suno.com.br\/noticias\/alta-selic-investimento-renda-fixa\/"},"author":{"name":"Laura Moutinho","@id":"https:\/\/www.suno.com.br\/noticias\/#\/schema\/person\/3df0d2808748b74496efe5dbeaef2c72"},"headline":"Com a escalada da Selic, a renda fixa vale mesmo a pena?","datePublished":"2021-09-23T17:32:07+00:00","mainEntityOfPage":{"@id":"https:\/\/www.suno.com.br\/noticias\/alta-selic-investimento-renda-fixa\/"},"wordCount":907,"publisher":{"@id":"https:\/\/www.suno.com.br\/noticias\/#organization"},"image":{"@id":"https:\/\/www.suno.com.br\/noticias\/alta-selic-investimento-renda-fixa\/#primaryimage"},"thumbnailUrl":"https:\/\/files.sunoresearch.com.br\/n\/uploads\/2021\/09\/calculator-385506_1280-1.jpg","keywords":["Especiais","Especialistas","Renda Fixa","Taxa Selic"],"articleSection":["Mercado"],"inLanguage":"pt-BR"},{"@type":"WebPage","@id":"https:\/\/www.suno.com.br\/noticias\/alta-selic-investimento-renda-fixa\/","url":"https:\/\/www.suno.com.br\/noticias\/alta-selic-investimento-renda-fixa\/","name":"Com a escalada da Selic, a renda fixa vale mesmo a pena?","isPartOf":{"@id":"https:\/\/www.suno.com.br\/noticias\/#website"},"primaryImageOfPage":{"@id":"https:\/\/www.suno.com.br\/noticias\/alta-selic-investimento-renda-fixa\/#primaryimage"},"image":{"@id":"https:\/\/www.suno.com.br\/noticias\/alta-selic-investimento-renda-fixa\/#primaryimage"},"thumbnailUrl":"https:\/\/files.sunoresearch.com.br\/n\/uploads\/2021\/09\/calculator-385506_1280-1.jpg","datePublished":"2021-09-23T17:32:07+00:00","description":"Com a Selic subindo novamente, a renda fixa parece estar mais atraente, mas ser\u00e1 que ela \u00e9 uma boa op\u00e7\u00e3o? Clique aqui e confira!","breadcrumb":{"@id":"https:\/\/www.suno.com.br\/noticias\/alta-selic-investimento-renda-fixa\/#breadcrumb"},"inLanguage":"pt-BR","potentialAction":[{"@type":"ReadAction","target":["https:\/\/www.suno.com.br\/noticias\/alta-selic-investimento-renda-fixa\/"]}]},{"@type":"ImageObject","inLanguage":"pt-BR","@id":"https:\/\/www.suno.com.br\/noticias\/alta-selic-investimento-renda-fixa\/#primaryimage","url":"https:\/\/files.sunoresearch.com.br\/n\/uploads\/2021\/09\/calculator-385506_1280-1.jpg","contentUrl":"https:\/\/files.sunoresearch.com.br\/n\/uploads\/2021\/09\/calculator-385506_1280-1.jpg","width":1280,"height":754,"caption":"Calculadora. Foto: Pixabay"},{"@type":"BreadcrumbList","@id":"https:\/\/www.suno.com.br\/noticias\/alta-selic-investimento-renda-fixa\/#breadcrumb","itemListElement":[{"@type":"ListItem","position":1,"name":"Not\u00edcias","item":"https:\/\/www.suno.com.br\/noticias\/"},{"@type":"ListItem","position":2,"name":"Mercado","item":"https:\/\/www.suno.com.br\/noticias\/mercado\/"},{"@type":"ListItem","position":3,"name":"Com a escalada da Selic, a renda fixa vale mesmo a pena?"}]},{"@type":"WebSite","@id":"https:\/\/www.suno.com.br\/noticias\/#website","url":"https:\/\/www.suno.com.br\/noticias\/","name":"Suno Not\u00edcias","description":"Seu portal de informa\u00e7\u00e3o sobre o mundo dos investimentos","publisher":{"@id":"https:\/\/www.suno.com.br\/noticias\/#organization"},"potentialAction":[{"@type":"SearchAction","target":{"@type":"EntryPoint","urlTemplate":"https:\/\/www.suno.com.br\/noticias\/?s={search_term_string}"},"query-input":{"@type":"PropertyValueSpecification","valueRequired":true,"valueName":"search_term_string"}}],"inLanguage":"pt-BR"},{"@type":"Organization","@id":"https:\/\/www.suno.com.br\/noticias\/#organization","name":"Suno Not\u00edcias","url":"https:\/\/www.suno.com.br\/noticias\/","logo":{"@type":"ImageObject","inLanguage":"pt-BR","@id":"https:\/\/www.suno.com.br\/noticias\/#\/schema\/logo\/image\/","url":"https:\/\/files.sunoresearch.com.br\/n\/uploads\/2021\/09\/suno-logo.png","contentUrl":"https:\/\/files.sunoresearch.com.br\/n\/uploads\/2021\/09\/suno-logo.png","width":180,"height":180,"caption":"Suno Not\u00edcias"},"image":{"@id":"https:\/\/www.suno.com.br\/noticias\/#\/schema\/logo\/image\/"},"sameAs":["https:\/\/facebook.com\/sunoresearch","https:\/\/x.com\/sunoresearch","https:\/\/www.instagram.com\/suno","https:\/\/www.linkedin.com\/company\/suno-research\/","https:\/\/www.youtube.com\/c\/sunoresearch"]},{"@type":"Person","@id":"https:\/\/www.suno.com.br\/noticias\/#\/schema\/person\/3df0d2808748b74496efe5dbeaef2c72","name":"Laura Moutinho","image":{"@type":"ImageObject","inLanguage":"pt-BR","@id":"https:\/\/www.suno.com.br\/noticias\/#\/schema\/person\/image\/","url":"https:\/\/secure.gravatar.com\/avatar\/7571c7c8ca3a6fca5e41384ece5557ff?s=96&r=g","contentUrl":"https:\/\/secure.gravatar.com\/avatar\/7571c7c8ca3a6fca5e41384ece5557ff?s=96&r=g","caption":"Laura Moutinho"},"description":"Estagi\u00e1ria na Suno Not\u00edcias, escreve not\u00edcias que afetam o mercado financeiro. Estuda administra\u00e7\u00e3o na Universidade Presbiteriana Mackenzie.","url":"https:\/\/www.suno.com.br\/noticias\/author\/laura-moutinho\/"}]}},"default_loop_html":"<div class=\"cardsPage__listCard__boxs\"><div class=\"cardsPage__listCard__boxs__img\"><a href=\"https:\/\/www.suno.com.br\/noticias\/alta-selic-investimento-renda-fixa\/\"><img class=\"mask\" src=\"https:\/\/www.suno.com.br\/noticias\/wp-content\/themes\/suno\/resources\/images\/spotlight\/spotlight1img\/bg-mask.png\" alt=\"Image Mask\"\/><img src=\"https:\/\/files.sunoresearch.com.br\/n\/uploads\/2021\/09\/calculator-385506_1280-1-400x200.jpg\" alt=\"Com a escalada da Selic, a renda fixa vale mesmo a pena?\"\/><\/a><span class=\"spotlightCategory\"><a href=\"https:\/\/www.suno.com.br\/noticias\/mercado\/\">Mercado<\/a><\/span><\/div><div class=\"cardsPage__listCard__boxs__content\"><a href=\"https:\/\/www.suno.com.br\/noticias\/alta-selic-investimento-renda-fixa\/\"><h2 class=\"content__title\">Com a escalada da Selic, a renda fixa vale mesmo a pena?<\/h2><\/a><div class=\"newsContent__article__meta\"><div class=\"newsContent__article__meta__authorBox\"><a href=\"https:\/\/www.suno.com.br\/noticias\/author\/laura-moutinho\/\" class=\"authorBox__avatar noMobi\"><img src=\"https:\/\/files.sunoresearch.com.br\/n\/uploads\/2020\/08\/531ff69d-whatsapp-image-2020-08-03-at-14.54.38-150x150.webp\" alt=\"Laura Moutinho\"><\/a><div class=\"authorBox__name\"><span>por\n\t\t\t<a href=\"https:\/\/www.suno.com.br\/noticias\/author\/laura-moutinho\/\"><span itemprop=\"author\">Laura Moutinho<\/span><\/a><\/span><time datetime=\"2021-09-23T14:32:07-03:00\" itemprop=\"datePublished\">23\/09\/2021 14:32<\/time><\/div><\/div><\/div><\/div><\/div>","single_layout":"posts","amp_enabled":true,"_links":{"self":[{"href":"https:\/\/www.suno.com.br\/noticias\/wp-json\/wp\/v2\/posts\/184691"}],"collection":[{"href":"https:\/\/www.suno.com.br\/noticias\/wp-json\/wp\/v2\/posts"}],"about":[{"href":"https:\/\/www.suno.com.br\/noticias\/wp-json\/wp\/v2\/types\/post"}],"author":[{"embeddable":true,"href":"https:\/\/www.suno.com.br\/noticias\/wp-json\/wp\/v2\/users\/39"}],"replies":[{"embeddable":true,"href":"https:\/\/www.suno.com.br\/noticias\/wp-json\/wp\/v2\/comments?post=184691"}],"version-history":[{"count":3,"href":"https:\/\/www.suno.com.br\/noticias\/wp-json\/wp\/v2\/posts\/184691\/revisions"}],"predecessor-version":[{"id":186827,"href":"https:\/\/www.suno.com.br\/noticias\/wp-json\/wp\/v2\/posts\/184691\/revisions\/186827"}],"wp:featuredmedia":[{"embeddable":true,"href":"https:\/\/www.suno.com.br\/noticias\/wp-json\/wp\/v2\/media\/185194"}],"wp:attachment":[{"href":"https:\/\/www.suno.com.br\/noticias\/wp-json\/wp\/v2\/media?parent=184691"}],"wp:term":[{"taxonomy":"category","embeddable":true,"href":"https:\/\/www.suno.com.br\/noticias\/wp-json\/wp\/v2\/categories?post=184691"},{"taxonomy":"post_tag","embeddable":true,"href":"https:\/\/www.suno.com.br\/noticias\/wp-json\/wp\/v2\/tags?post=184691"},{"taxonomy":"suno_strategy","embeddable":true,"href":"https:\/\/www.suno.com.br\/noticias\/wp-json\/wp\/v2\/suno_strategy?post=184691"}],"curies":[{"name":"wp","href":"https:\/\/api.w.org\/{rel}","templated":true}]}}