{"id":184652,"date":"2021-09-16T17:03:56","date_gmt":"2021-09-16T20:03:56","guid":{"rendered":"https:\/\/www.suno.com.br\/noticias\/?p=184652"},"modified":"2021-09-16T18:45:16","modified_gmt":"2021-09-16T21:45:16","slug":"petrobras-petr4-lira-politica-de-precos-explicacoes","status":"publish","type":"post","link":"https:\/\/www.suno.com.br\/noticias\/petrobras-petr4-lira-politica-de-precos-explicacoes\/","title":{"rendered":"Petrobras (PETR4): Lira diz que pol\u00edtica de pre\u00e7os da companhia n\u00e3o est\u00e1 bem explicada"},"content":{"rendered":"<p>O presidente da C\u00e2mara dos Deputados, Arthur Lira (PP-AL), afirmou nesta quinta-feira (16) que a Casa n\u00e3o ficou satisfeita com os esclarecimentos prestados pelo presidente da <a class=\"suno-keyword\" href=\"https:\/\/www.suno.com.br\/acoes\/PETR4\/\" target=\"_blank\" rel=\"noopener\" data-force=\"yes\" data-priority=\"2\"><strong>Petrobras<\/strong> (PETR4)<\/a>, Joaquim Silva e Luna, e continuar\u00e1 cobrando da <a href=\"https:\/\/www.suno.com.br\/artigos\/estatal-so-se-for-de-graca\/\">estatal mais explica\u00e7\u00f5es sobre a pol\u00edtica de pre\u00e7os<\/a>.<\/p>\t<div class=\"wrapper-featured-image\">\n\t\t<figure class=\"spotlightImg\">\n\n\t\t\t<picture>\n\t\t\t\t<source media=\"(max-width: 768px)\" srcset=\"https:\/\/files.sunoresearch.com.br\/n\/uploads\/2021\/05\/6b5b61ef-divulgacao-petrobras-400x200.webp\">\n\t\t\t\t<img loading=\"lazy\" decoding=\"async\" class=\"newsContent__article__imgCapa lazyloadDisabled \" src=\"https:\/\/files.sunoresearch.com.br\/n\/uploads\/2021\/05\/6b5b61ef-divulgacao-petrobras-800x450.webp\" width=\"800\" height=\"450\" alt=\"Petrobras (PETR4): Lira diz que pol\u00edtica de pre\u00e7os da companhia n\u00e3o est\u00e1 bem explicada\" fetchpriority=high \/>\n\t\t\t<\/picture>\n\n\t\t\t<figcaption class=\"wp-caption-text wp-caption-text--show\">Petrobras. Foto: Divulga\u00e7\u00e3o<\/figcaption>\n\t\t<\/figure>\n\t<\/div>\n\n\n\t<p>\n\t\t<a href=\"https:\/\/lp.suno.com.br\/planilha-controle-gastos\/\" target=\"_blank\" data-element=\"shortcode-suno-banner\" title=\"Banner SUNO, clique e saiba mais\">\n\t\t\t<picture>\n\t\t\t\t<source media=\"(max-width: 500px)\" srcset=\"https:\/\/files.sunoresearch.com.br\/n\/uploads\/2023\/03\/400x300-Planilha-controle-de-gastos.png\">\n\t\t\t\t<img class=\"newsContent__article__imgCapa newsContent__article__imgCapa--banner\"\n\t\t\t\t\tsrc=\"https:\/\/files.sunoresearch.com.br\/n\/uploads\/2023\/03\/1420x240-Planilha-controle-de-gastos.png\"\n\t\t\t\t\tdata-promo-id=\"101751\"\t\t\t\t\t\t\t\t\t\twidth='1420' height='240'\t\t\t\t\talt=\"https:\/\/files.sunoresearch.com.br\/n\/uploads\/2023\/03\/1420x240-Planilha-controle-de-gastos.png\"\n\t\t\t\t>\n\t\t\t<\/picture>\n\t\t<\/a>\n\t<\/p>\n\n\n<p>O parlamentar n\u00e3o defendeu, em live da Necton Investimentos, uma pr\u00e1tica de interven\u00e7\u00e3o ou tabelamento de pre\u00e7os, mas cobrou que a pol\u00edtica da <strong>Petrobras<\/strong> seja &#8220;justa&#8221; para dividir com o &#8220;povo brasileiro um pouco da riqueza que ela arrecada&#8221;.<\/p>\n<p>&#8220;Sem alvoro\u00e7o, tumulto, n\u00e3o est\u00e1 claro qual a pol\u00edtica da Petrobras nesse momento de crise energ\u00e9tica. Priorizar por exemplo suas t\u00e9rmicas que poderiam estar funcionando, as refinarias que poderiam estar funcionando com g\u00e1s natural, est\u00e3o com \u00f3leo diesel, poderiam estar com \u00f3leo, g\u00e1s? Onde \u00e9 vantagem, desvantagem&#8221;, disse Lira<\/p>\n<p>O presidente da C\u00e2mara afirmou que &#8220;n\u00e3o \u00e9 poss\u00edvel ficar em estado de in\u00e9rcia diante da situa\u00e7\u00e3o. Explicou: &#8220;Se for verdade, absurdo esse pre\u00e7o de extra\u00e7\u00e3o do g\u00e1s, de importa\u00e7\u00e3o e pre\u00e7o de venda da Petrobras: n\u00e3o se justifica extra\u00e7\u00e3o entre US$1 e US$2 e venda de US$ 10. Se for verdade temos que corrigir, vai refletir diretamente no bolso.&#8221;<\/p>\n<p>O presidente da C\u00e2mara ainda reclamou do valor &#8220;absurdo&#8221; do <strong>g\u00e1s natural<\/strong>, destacado como um dos principais problemas que a Petrobras precisar\u00e1 esclarecer.<\/p>\n<p>&#8220;G\u00e1s natural \u00e9 um problema. Temos a informa\u00e7\u00e3o de que o g\u00e1s \u00e9 extra\u00eddo do pr\u00e9-sal a perto de US$ 2, \u00e9 importado do Qatar a perto de US$ 3. E as informa\u00e7\u00f5es que nos chegam \u00e9 que a Petrobras repasse esse g\u00e1s a US$ 10 no Pa\u00eds porque encaminha pelo seu gasoduto. Se tem algum problema l\u00f3gico, temos que atacar o problema&#8221;, disse <strong>Arthur Lira<\/strong>.<\/p>\n<p>O deputado federal criticou que, num momento de <strong>crise en\u00e9rgica<\/strong>, existam de oito a nove t\u00e9rmicas paradas por falta de g\u00e1s natural, o qual seria fornecido pela Petrobras. Ressalvou, contudo, que tal informa\u00e7\u00e3o precisa ser verificada.<\/p>\n\t<p>\n\t\t<a href=\"https:\/\/lp.suno.com.br\/planilha-da-vida-financeira\/\" target=\"_blank\" data-element=\"shortcode-suno-banner\" title=\"Banner SUNO, clique e saiba mais\">\n\t\t\t<picture>\n\t\t\t\t<source media=\"(max-width: 500px)\" srcset=\"https:\/\/files.sunoresearch.com.br\/n\/uploads\/2023\/04\/400x300-Planilha-vida-financeira-true.png\">\n\t\t\t\t<img class=\"newsContent__article__imgCapa newsContent__article__imgCapa--banner\"\n\t\t\t\t\tsrc=\"https:\/\/files.sunoresearch.com.br\/n\/uploads\/2023\/04\/1420x240-Planilha-vida-financeira-true.png\"\n\t\t\t\t\tdata-promo-id=\"106682\"\t\t\t\t\t\t\t\t\t\twidth='1420' height='240'\t\t\t\t\talt=\"https:\/\/files.sunoresearch.com.br\/n\/uploads\/2023\/04\/1420x240-Planilha-vida-financeira-true.png\"\n\t\t\t\t>\n\t\t\t<\/picture>\n\t\t<\/a>\n\t<\/p>\n\n\n<p>Segundo Arthur Lira, requerimentos de informa\u00e7\u00e3o elaborados por deputados sair\u00e3o da C\u00e2mara com destino \u00e0 Petrobras.<\/p>\n<p>&#8220;Provid\u00eancias podem ser pedidas, requerimentos podem ser feitos. Solicita\u00e7\u00f5es de ajuda a outros \u00f3rg\u00e3os de controle. Mas \u00e9 importante que a Petrobras se antecipe, esclare\u00e7a, contribua, venha a p\u00fablico prestar esclarecimentos e se solidarizar com informa\u00e7\u00f5es adequadas&#8221;, afirmou. &#8220;L\u00f3gico que Congresso vai tomar e seguir com provid\u00eancias, sem machucar a economia, a empresa.&#8221;<\/p>\n\t<p>\n\t\t<a href=\"https:\/\/lp.suno.com.br\/planilha-de-controle-de-investimentos\/\" target=\"_blank\" data-element=\"shortcode-suno-banner\" title=\"Banner SUNO, clique e saiba mais\">\n\t\t\t<picture>\n\t\t\t\t<source media=\"(max-width: 500px)\" srcset=\"https:\/\/files.sunoresearch.com.br\/n\/uploads\/2023\/03\/400x300-Controle-de-Investimentos.png\">\n\t\t\t\t<img class=\"newsContent__article__imgCapa newsContent__article__imgCapa--banner\"\n\t\t\t\t\tsrc=\"https:\/\/files.sunoresearch.com.br\/n\/uploads\/2023\/03\/1420x240-Controle-de-Investimentos.png\"\n\t\t\t\t\tdata-promo-id=\"75934\"\t\t\t\t\t\t\t\t\t\twidth='1420' height='240'\t\t\t\t\talt=\"https:\/\/files.sunoresearch.com.br\/n\/uploads\/2023\/03\/1420x240-Controle-de-Investimentos.png\"\n\t\t\t\t>\n\t\t\t<\/picture>\n\t\t<\/a>\n\t<\/p>\n\n\n<h2>Deputado quer investiga\u00e7\u00e3o sobre pol\u00edtica de pre\u00e7os da Petrobras<\/h2>\n<p>O deputado Elmar Nascimento (DEM-BA) quer pedir ao <a class=\"suno-keyword\" href=\"https:\/\/www.suno.com.br\/artigos\/cade\/\" target=\"_blank\" rel=\"noopener\" data-force=\"no\" data-priority=\"2\">Conselho Administrativo de Defesa Econ\u00f4mica (Cade)<\/a> e ao Minist\u00e9rio P\u00fablico investiga\u00e7\u00e3o sobre a forma\u00e7\u00e3o de <strong>pre\u00e7os dos combust\u00edveis<\/strong> pela Petrobras.<\/p>\n<p>&#8220;S\u00e3o atividades parlamentares individuais de cada deputado, n\u00e3o \u00e9 uma a\u00e7\u00e3o da C\u00e2mara organizada&#8221;, comentou Lira sobre a iniciativa. &#8220;Num momento dr\u00e1stico de crise en\u00e9rgica, sa\u00edda de pandemia, n\u00e3o \u00e9 justo que se preconize s\u00f3 lucro e resultado de <a href=\"https:\/\/www.suno.com.br\/guias\/dividendos\/\">divis\u00e3o de dividendos e repasse de lucros<\/a>. \u00c9 importante que se pense em pol\u00edtica energ\u00e9tica de esfor\u00e7o se tenha vi\u00e9s em pensar em estruturar setores, em facilitar desenvolvimento e investimentos no Pa\u00eds&#8221;, afirmou o presidente da Casa.<\/p>\n\t<p>\n\t\t<a href=\"https:\/\/lp.suno.com.br\/ebook-como-analisar-uma-acao\/\" target=\"_blank\" data-element=\"shortcode-suno-banner\" title=\"Banner SUNO, clique e saiba mais\">\n\t\t\t<picture>\n\t\t\t\t<source media=\"(max-width: 500px)\" srcset=\"https:\/\/files.sunoresearch.com.br\/n\/uploads\/2023\/03\/Ebook-Acoes-Mobile-1.jpg\">\n\t\t\t\t<img class=\"newsContent__article__imgCapa newsContent__article__imgCapa--banner\"\n\t\t\t\t\tsrc=\"https:\/\/files.sunoresearch.com.br\/n\/uploads\/2023\/03\/Ebook-Acoes-Desktop-1.jpg\"\n\t\t\t\t\tdata-promo-id=\"171998\"\t\t\t\t\t\t\t\t\t\twidth='1420' height='286'\t\t\t\t\talt=\"https:\/\/files.sunoresearch.com.br\/n\/uploads\/2023\/03\/Ebook-Acoes-Desktop-1.jpg\"\n\t\t\t\t>\n\t\t\t<\/picture>\n\t\t<\/a>\n\t<\/p>\n\n\n<p>Ap\u00f3s o presidente do <a href=\"https:\/\/www.suno.com.br\/artigos\/bacen\/\">Banco Central (BC)<\/a>, Roberto Campos Neto, afirmar nesta semana que o <strong>aumento de pre\u00e7os<\/strong> praticado pela Petrobras ocorre de forma mais r\u00e1pida que em outros pa\u00edses, Lira endossou a avalia\u00e7\u00e3o. &#8220;Precisamos saber onde est\u00e1 o problema do pre\u00e7o dos combust\u00edveis, h\u00e1 quem diga que a Petrobras repassa muito r\u00e1pido, \u00e9 das empresas que mais repassam o aumento do barril e do <strong>d\u00f3lar<\/strong> com rela\u00e7\u00e3o a outras petrol\u00edferas do mundo&#8221;, disse o presidente da C\u00e2mara.<\/p>\n<p>&#8220;A pandemia machucou demais, isso reverbera na Casa&#8221;, comentou <strong>Lira<\/strong> sobre a movimenta\u00e7\u00e3o na C\u00e2mara para cobrar esclarecimentos da estatal. Ao mostrar que n\u00e3o ficou satisfeito com as explica\u00e7\u00f5es concedidas pelo presidente da Petrobras na C\u00e2mara, Lira refor\u00e7ou ser necess\u00e1rio entender a origem dos problemas para surgir uma solu\u00e7\u00e3o, principalmente em rela\u00e7\u00e3o ao pre\u00e7o do g\u00e1s. &#8220;Que t\u00e9rmicas funcionem. Elas n\u00e3o resolver\u00e3o <strong>problema energ\u00e9tico<\/strong>, mas amenizam&#8221;, disse.<\/p>\n<p><em>(Com Estad\u00e3o Conte\u00fado)<\/em><\/p>\n\t<p>\n\t\t<a href=\"\" target=\"_blank\" data-element=\"shortcode-suno-banner\" title=\"Banner SUNO, clique e saiba mais\">\n\t\t\t<picture>\n\t\t\t\t<source media=\"(max-width: 500px)\" srcset=\"\">\n\t\t\t\t<img class=\"newsContent__article__imgCapa newsContent__article__imgCapa--banner\"\n\t\t\t\t\tsrc=\"\"\n\t\t\t\t\tdata-promo-id=\"184190\"\t\t\t\t\t\t\t\t\t\t\t\t\t\t\talt=\"\"\n\t\t\t\t>\n\t\t\t<\/picture>\n\t\t<\/a>\n\t<\/p>\n\n\n","protected":false},"excerpt":{"rendered":"<p>O presidente da C\u00e2mara dos Deputados, Arthur Lira (PP-AL), afirmou nesta quinta-feira (16) que a Casa n\u00e3o ficou satisfeita com os esclarecimentos prestados pelo presidente da Petrobras (PETR4), Joaquim Silva e Luna, e continuar\u00e1 cobrando da estatal mais explica\u00e7\u00f5es sobre a pol\u00edtica de pre\u00e7os. Petrobras. Foto: Divulga\u00e7\u00e3o O parlamentar n\u00e3o defendeu, em live da Necton [&hellip;]<\/p>\n","protected":false},"author":35,"featured_media":150081,"comment_status":"closed","ping_status":"closed","sticky":false,"template":"","format":"standard","meta":[],"categories":[64],"tags":[104858,1437,105988,595],"suno_strategy":[],"class_list":["post-184652","post","type-post","status-publish","format-standard","has-post-thumbnail","hentry","category-negocios","tag-arthur-lira","tag-combustiveis","tag-joaquim-silva-e-luna","tag-petrobras-petr4"],"yoast_head":"<!-- This site is optimized with the Yoast SEO plugin v24.4 - https:\/\/yoast.com\/wordpress\/plugins\/seo\/ -->\n<title>Petrobras (PETR4): Lira diz que pol\u00edtica n\u00e3o est\u00e1 clara e quer explica\u00e7\u00f5es<\/title>\n<meta name=\"description\" content=\"O presidente da C\u00e2mara n\u00e3o ficou satisfeito com esclarecimentos prestados pelo presidente da Petrobras (PETR4). Clique aqui para saber mais.\" \/>\n<meta name=\"robots\" content=\"index, follow, max-snippet:-1, max-image-preview:large, max-video-preview:-1\" \/>\n<link rel=\"canonical\" href=\"https:\/\/www.suno.com.br\/noticias\/petrobras-petr4-lira-politica-de-precos-explicacoes\/\" \/>\n<meta property=\"og:locale\" content=\"pt_BR\" \/>\n<meta property=\"og:type\" content=\"article\" \/>\n<meta property=\"og:title\" content=\"Petrobras (PETR4): Lira diz que pol\u00edtica n\u00e3o est\u00e1 clara e quer explica\u00e7\u00f5es\" \/>\n<meta property=\"og:description\" content=\"O presidente da C\u00e2mara n\u00e3o ficou satisfeito com esclarecimentos prestados pelo presidente da Petrobras (PETR4). Clique aqui para saber mais.\" \/>\n<meta property=\"og:url\" content=\"https:\/\/www.suno.com.br\/noticias\/petrobras-petr4-lira-politica-de-precos-explicacoes\/\" \/>\n<meta property=\"og:site_name\" content=\"Suno Not\u00edcias\" \/>\n<meta property=\"article:publisher\" content=\"https:\/\/facebook.com\/sunoresearch\" \/>\n<meta property=\"og:image\" content=\"https:\/\/files.sunoresearch.com.br\/n\/uploads\/2021\/05\/6b5b61ef-divulgacao-petrobras.jpg\" \/>\n\t<meta property=\"og:image:width\" content=\"1086\" \/>\n\t<meta property=\"og:image:height\" content=\"652\" \/>\n\t<meta property=\"og:image:type\" content=\"image\/jpeg\" \/>\n<meta name=\"author\" content=\"Arthur Guimar\u00e3es\" \/>\n<meta name=\"twitter:card\" content=\"summary_large_image\" \/>\n<meta name=\"twitter:creator\" content=\"@sunoresearch\" \/>\n<meta name=\"twitter:site\" content=\"@sunoresearch\" \/>\n<meta name=\"twitter:label1\" content=\"Escrito por\" \/>\n\t<meta name=\"twitter:data1\" content=\"Arthur Guimar\u00e3es\" \/>\n\t<meta name=\"twitter:label2\" content=\"Est. tempo de leitura\" \/>\n\t<meta name=\"twitter:data2\" content=\"3 minutos\" \/>\n<script type=\"application\/ld+json\" class=\"yoast-schema-graph\">{\"@context\":\"https:\/\/schema.org\",\"@graph\":[{\"@type\":\"NewsArticle\",\"@id\":\"https:\/\/www.suno.com.br\/noticias\/petrobras-petr4-lira-politica-de-precos-explicacoes\/#article\",\"isPartOf\":{\"@id\":\"https:\/\/www.suno.com.br\/noticias\/petrobras-petr4-lira-politica-de-precos-explicacoes\/\"},\"author\":{\"name\":\"Arthur Guimar\u00e3es\",\"@id\":\"https:\/\/www.suno.com.br\/noticias\/#\/schema\/person\/053a750a709a263919a20f976caae91c\"},\"headline\":\"Petrobras (PETR4): Lira diz que pol\u00edtica de pre\u00e7os da companhia n\u00e3o est\u00e1 bem explicada\",\"datePublished\":\"2021-09-16T20:03:56+00:00\",\"dateModified\":\"2021-09-16T21:45:16+00:00\",\"mainEntityOfPage\":{\"@id\":\"https:\/\/www.suno.com.br\/noticias\/petrobras-petr4-lira-politica-de-precos-explicacoes\/\"},\"wordCount\":771,\"publisher\":{\"@id\":\"https:\/\/www.suno.com.br\/noticias\/#organization\"},\"image\":{\"@id\":\"https:\/\/www.suno.com.br\/noticias\/petrobras-petr4-lira-politica-de-precos-explicacoes\/#primaryimage\"},\"thumbnailUrl\":\"https:\/\/files.sunoresearch.com.br\/n\/uploads\/2021\/05\/6b5b61ef-divulgacao-petrobras.jpg\",\"keywords\":[\"Arthur Lira\",\"combust\u00edveis\",\"Joaquim Silva e Luna\",\"Petrobras (PETR4)\"],\"articleSection\":[\"Neg\u00f3cios\"],\"inLanguage\":\"pt-BR\"},{\"@type\":\"WebPage\",\"@id\":\"https:\/\/www.suno.com.br\/noticias\/petrobras-petr4-lira-politica-de-precos-explicacoes\/\",\"url\":\"https:\/\/www.suno.com.br\/noticias\/petrobras-petr4-lira-politica-de-precos-explicacoes\/\",\"name\":\"Petrobras (PETR4): Lira diz que pol\u00edtica n\u00e3o est\u00e1 clara e quer explica\u00e7\u00f5es\",\"isPartOf\":{\"@id\":\"https:\/\/www.suno.com.br\/noticias\/#website\"},\"primaryImageOfPage\":{\"@id\":\"https:\/\/www.suno.com.br\/noticias\/petrobras-petr4-lira-politica-de-precos-explicacoes\/#primaryimage\"},\"image\":{\"@id\":\"https:\/\/www.suno.com.br\/noticias\/petrobras-petr4-lira-politica-de-precos-explicacoes\/#primaryimage\"},\"thumbnailUrl\":\"https:\/\/files.sunoresearch.com.br\/n\/uploads\/2021\/05\/6b5b61ef-divulgacao-petrobras.jpg\",\"datePublished\":\"2021-09-16T20:03:56+00:00\",\"dateModified\":\"2021-09-16T21:45:16+00:00\",\"description\":\"O presidente da C\u00e2mara n\u00e3o ficou satisfeito com esclarecimentos prestados pelo presidente da Petrobras (PETR4). Clique aqui para saber mais.\",\"breadcrumb\":{\"@id\":\"https:\/\/www.suno.com.br\/noticias\/petrobras-petr4-lira-politica-de-precos-explicacoes\/#breadcrumb\"},\"inLanguage\":\"pt-BR\",\"potentialAction\":[{\"@type\":\"ReadAction\",\"target\":[\"https:\/\/www.suno.com.br\/noticias\/petrobras-petr4-lira-politica-de-precos-explicacoes\/\"]}]},{\"@type\":\"ImageObject\",\"inLanguage\":\"pt-BR\",\"@id\":\"https:\/\/www.suno.com.br\/noticias\/petrobras-petr4-lira-politica-de-precos-explicacoes\/#primaryimage\",\"url\":\"https:\/\/files.sunoresearch.com.br\/n\/uploads\/2021\/05\/6b5b61ef-divulgacao-petrobras.jpg\",\"contentUrl\":\"https:\/\/files.sunoresearch.com.br\/n\/uploads\/2021\/05\/6b5b61ef-divulgacao-petrobras.jpg\",\"width\":1086,\"height\":652,\"caption\":\"Petrobras. Foto: Divulga\u00e7\u00e3o\"},{\"@type\":\"BreadcrumbList\",\"@id\":\"https:\/\/www.suno.com.br\/noticias\/petrobras-petr4-lira-politica-de-precos-explicacoes\/#breadcrumb\",\"itemListElement\":[{\"@type\":\"ListItem\",\"position\":1,\"name\":\"Not\u00edcias\",\"item\":\"https:\/\/www.suno.com.br\/noticias\/\"},{\"@type\":\"ListItem\",\"position\":2,\"name\":\"Neg\u00f3cios\",\"item\":\"https:\/\/www.suno.com.br\/noticias\/negocios\/\"},{\"@type\":\"ListItem\",\"position\":3,\"name\":\"Petrobras (PETR4): Lira diz que pol\u00edtica de pre\u00e7os da companhia n\u00e3o est\u00e1 bem explicada\"}]},{\"@type\":\"WebSite\",\"@id\":\"https:\/\/www.suno.com.br\/noticias\/#website\",\"url\":\"https:\/\/www.suno.com.br\/noticias\/\",\"name\":\"Suno Not\u00edcias\",\"description\":\"Seu portal de informa\u00e7\u00e3o sobre o mundo dos investimentos\",\"publisher\":{\"@id\":\"https:\/\/www.suno.com.br\/noticias\/#organization\"},\"potentialAction\":[{\"@type\":\"SearchAction\",\"target\":{\"@type\":\"EntryPoint\",\"urlTemplate\":\"https:\/\/www.suno.com.br\/noticias\/?s={search_term_string}\"},\"query-input\":{\"@type\":\"PropertyValueSpecification\",\"valueRequired\":true,\"valueName\":\"search_term_string\"}}],\"inLanguage\":\"pt-BR\"},{\"@type\":\"Organization\",\"@id\":\"https:\/\/www.suno.com.br\/noticias\/#organization\",\"name\":\"Suno Not\u00edcias\",\"url\":\"https:\/\/www.suno.com.br\/noticias\/\",\"logo\":{\"@type\":\"ImageObject\",\"inLanguage\":\"pt-BR\",\"@id\":\"https:\/\/www.suno.com.br\/noticias\/#\/schema\/logo\/image\/\",\"url\":\"https:\/\/files.sunoresearch.com.br\/n\/uploads\/2021\/09\/suno-logo.png\",\"contentUrl\":\"https:\/\/files.sunoresearch.com.br\/n\/uploads\/2021\/09\/suno-logo.png\",\"width\":180,\"height\":180,\"caption\":\"Suno Not\u00edcias\"},\"image\":{\"@id\":\"https:\/\/www.suno.com.br\/noticias\/#\/schema\/logo\/image\/\"},\"sameAs\":[\"https:\/\/facebook.com\/sunoresearch\",\"https:\/\/x.com\/sunoresearch\",\"https:\/\/www.instagram.com\/suno\",\"https:\/\/www.linkedin.com\/company\/suno-research\/\",\"https:\/\/www.youtube.com\/c\/sunoresearch\"]},{\"@type\":\"Person\",\"@id\":\"https:\/\/www.suno.com.br\/noticias\/#\/schema\/person\/053a750a709a263919a20f976caae91c\",\"name\":\"Arthur Guimar\u00e3es\",\"image\":{\"@type\":\"ImageObject\",\"inLanguage\":\"pt-BR\",\"@id\":\"https:\/\/www.suno.com.br\/noticias\/#\/schema\/person\/image\/\",\"url\":\"https:\/\/secure.gravatar.com\/avatar\/1affd86a11209ae09eb6dd3bcad3e96c?s=96&r=g\",\"contentUrl\":\"https:\/\/secure.gravatar.com\/avatar\/1affd86a11209ae09eb6dd3bcad3e96c?s=96&r=g\",\"caption\":\"Arthur Guimar\u00e3es\"},\"description\":\"Arthur Guimar\u00e3es escreve sobre pol\u00edtica, economia e neg\u00f3cios para o portal de not\u00edcias da Suno Research. Atualmente, \u00e9 estudante de jornalismo pela Faculdade C\u00e1sper L\u00edbero.\",\"url\":\"https:\/\/www.suno.com.br\/noticias\/author\/arthur-guimaraes\/\"}]}<\/script>\n<!-- \/ Yoast SEO plugin. -->","yoast_head_json":{"title":"Petrobras (PETR4): Lira diz que pol\u00edtica n\u00e3o est\u00e1 clara e quer explica\u00e7\u00f5es","description":"O presidente da C\u00e2mara n\u00e3o ficou satisfeito com esclarecimentos prestados pelo presidente da Petrobras (PETR4). Clique aqui para saber mais.","robots":{"index":"index","follow":"follow","max-snippet":"max-snippet:-1","max-image-preview":"max-image-preview:large","max-video-preview":"max-video-preview:-1"},"canonical":"https:\/\/www.suno.com.br\/noticias\/petrobras-petr4-lira-politica-de-precos-explicacoes\/","og_locale":"pt_BR","og_type":"article","og_title":"Petrobras (PETR4): Lira diz que pol\u00edtica n\u00e3o est\u00e1 clara e quer explica\u00e7\u00f5es","og_description":"O presidente da C\u00e2mara n\u00e3o ficou satisfeito com esclarecimentos prestados pelo presidente da Petrobras (PETR4). Clique aqui para saber mais.","og_url":"https:\/\/www.suno.com.br\/noticias\/petrobras-petr4-lira-politica-de-precos-explicacoes\/","og_site_name":"Suno Not\u00edcias","article_publisher":"https:\/\/facebook.com\/sunoresearch","og_image":[{"width":1086,"height":652,"url":"https:\/\/files.sunoresearch.com.br\/n\/uploads\/2021\/05\/6b5b61ef-divulgacao-petrobras.jpg","type":"image\/jpeg"}],"author":"Arthur Guimar\u00e3es","twitter_card":"summary_large_image","twitter_creator":"@sunoresearch","twitter_site":"@sunoresearch","twitter_misc":{"Escrito por":"Arthur Guimar\u00e3es","Est. tempo de leitura":"3 minutos"},"schema":{"@context":"https:\/\/schema.org","@graph":[{"@type":"NewsArticle","@id":"https:\/\/www.suno.com.br\/noticias\/petrobras-petr4-lira-politica-de-precos-explicacoes\/#article","isPartOf":{"@id":"https:\/\/www.suno.com.br\/noticias\/petrobras-petr4-lira-politica-de-precos-explicacoes\/"},"author":{"name":"Arthur Guimar\u00e3es","@id":"https:\/\/www.suno.com.br\/noticias\/#\/schema\/person\/053a750a709a263919a20f976caae91c"},"headline":"Petrobras (PETR4): Lira diz que pol\u00edtica de pre\u00e7os da companhia n\u00e3o est\u00e1 bem explicada","datePublished":"2021-09-16T20:03:56+00:00","dateModified":"2021-09-16T21:45:16+00:00","mainEntityOfPage":{"@id":"https:\/\/www.suno.com.br\/noticias\/petrobras-petr4-lira-politica-de-precos-explicacoes\/"},"wordCount":771,"publisher":{"@id":"https:\/\/www.suno.com.br\/noticias\/#organization"},"image":{"@id":"https:\/\/www.suno.com.br\/noticias\/petrobras-petr4-lira-politica-de-precos-explicacoes\/#primaryimage"},"thumbnailUrl":"https:\/\/files.sunoresearch.com.br\/n\/uploads\/2021\/05\/6b5b61ef-divulgacao-petrobras.jpg","keywords":["Arthur Lira","combust\u00edveis","Joaquim Silva e Luna","Petrobras (PETR4)"],"articleSection":["Neg\u00f3cios"],"inLanguage":"pt-BR"},{"@type":"WebPage","@id":"https:\/\/www.suno.com.br\/noticias\/petrobras-petr4-lira-politica-de-precos-explicacoes\/","url":"https:\/\/www.suno.com.br\/noticias\/petrobras-petr4-lira-politica-de-precos-explicacoes\/","name":"Petrobras (PETR4): Lira diz que pol\u00edtica n\u00e3o est\u00e1 clara e quer explica\u00e7\u00f5es","isPartOf":{"@id":"https:\/\/www.suno.com.br\/noticias\/#website"},"primaryImageOfPage":{"@id":"https:\/\/www.suno.com.br\/noticias\/petrobras-petr4-lira-politica-de-precos-explicacoes\/#primaryimage"},"image":{"@id":"https:\/\/www.suno.com.br\/noticias\/petrobras-petr4-lira-politica-de-precos-explicacoes\/#primaryimage"},"thumbnailUrl":"https:\/\/files.sunoresearch.com.br\/n\/uploads\/2021\/05\/6b5b61ef-divulgacao-petrobras.jpg","datePublished":"2021-09-16T20:03:56+00:00","dateModified":"2021-09-16T21:45:16+00:00","description":"O presidente da C\u00e2mara n\u00e3o ficou satisfeito com esclarecimentos prestados pelo presidente da Petrobras (PETR4). Clique aqui para saber mais.","breadcrumb":{"@id":"https:\/\/www.suno.com.br\/noticias\/petrobras-petr4-lira-politica-de-precos-explicacoes\/#breadcrumb"},"inLanguage":"pt-BR","potentialAction":[{"@type":"ReadAction","target":["https:\/\/www.suno.com.br\/noticias\/petrobras-petr4-lira-politica-de-precos-explicacoes\/"]}]},{"@type":"ImageObject","inLanguage":"pt-BR","@id":"https:\/\/www.suno.com.br\/noticias\/petrobras-petr4-lira-politica-de-precos-explicacoes\/#primaryimage","url":"https:\/\/files.sunoresearch.com.br\/n\/uploads\/2021\/05\/6b5b61ef-divulgacao-petrobras.jpg","contentUrl":"https:\/\/files.sunoresearch.com.br\/n\/uploads\/2021\/05\/6b5b61ef-divulgacao-petrobras.jpg","width":1086,"height":652,"caption":"Petrobras. Foto: Divulga\u00e7\u00e3o"},{"@type":"BreadcrumbList","@id":"https:\/\/www.suno.com.br\/noticias\/petrobras-petr4-lira-politica-de-precos-explicacoes\/#breadcrumb","itemListElement":[{"@type":"ListItem","position":1,"name":"Not\u00edcias","item":"https:\/\/www.suno.com.br\/noticias\/"},{"@type":"ListItem","position":2,"name":"Neg\u00f3cios","item":"https:\/\/www.suno.com.br\/noticias\/negocios\/"},{"@type":"ListItem","position":3,"name":"Petrobras (PETR4): Lira diz que pol\u00edtica de pre\u00e7os da companhia n\u00e3o est\u00e1 bem explicada"}]},{"@type":"WebSite","@id":"https:\/\/www.suno.com.br\/noticias\/#website","url":"https:\/\/www.suno.com.br\/noticias\/","name":"Suno Not\u00edcias","description":"Seu portal de informa\u00e7\u00e3o sobre o mundo dos investimentos","publisher":{"@id":"https:\/\/www.suno.com.br\/noticias\/#organization"},"potentialAction":[{"@type":"SearchAction","target":{"@type":"EntryPoint","urlTemplate":"https:\/\/www.suno.com.br\/noticias\/?s={search_term_string}"},"query-input":{"@type":"PropertyValueSpecification","valueRequired":true,"valueName":"search_term_string"}}],"inLanguage":"pt-BR"},{"@type":"Organization","@id":"https:\/\/www.suno.com.br\/noticias\/#organization","name":"Suno Not\u00edcias","url":"https:\/\/www.suno.com.br\/noticias\/","logo":{"@type":"ImageObject","inLanguage":"pt-BR","@id":"https:\/\/www.suno.com.br\/noticias\/#\/schema\/logo\/image\/","url":"https:\/\/files.sunoresearch.com.br\/n\/uploads\/2021\/09\/suno-logo.png","contentUrl":"https:\/\/files.sunoresearch.com.br\/n\/uploads\/2021\/09\/suno-logo.png","width":180,"height":180,"caption":"Suno Not\u00edcias"},"image":{"@id":"https:\/\/www.suno.com.br\/noticias\/#\/schema\/logo\/image\/"},"sameAs":["https:\/\/facebook.com\/sunoresearch","https:\/\/x.com\/sunoresearch","https:\/\/www.instagram.com\/suno","https:\/\/www.linkedin.com\/company\/suno-research\/","https:\/\/www.youtube.com\/c\/sunoresearch"]},{"@type":"Person","@id":"https:\/\/www.suno.com.br\/noticias\/#\/schema\/person\/053a750a709a263919a20f976caae91c","name":"Arthur Guimar\u00e3es","image":{"@type":"ImageObject","inLanguage":"pt-BR","@id":"https:\/\/www.suno.com.br\/noticias\/#\/schema\/person\/image\/","url":"https:\/\/secure.gravatar.com\/avatar\/1affd86a11209ae09eb6dd3bcad3e96c?s=96&r=g","contentUrl":"https:\/\/secure.gravatar.com\/avatar\/1affd86a11209ae09eb6dd3bcad3e96c?s=96&r=g","caption":"Arthur Guimar\u00e3es"},"description":"Arthur Guimar\u00e3es escreve sobre pol\u00edtica, economia e neg\u00f3cios para o portal de not\u00edcias da Suno Research. Atualmente, \u00e9 estudante de jornalismo pela Faculdade C\u00e1sper L\u00edbero.","url":"https:\/\/www.suno.com.br\/noticias\/author\/arthur-guimaraes\/"}]}},"default_loop_html":"<div class=\"cardsPage__listCard__boxs\"><div class=\"cardsPage__listCard__boxs__img\"><a href=\"https:\/\/www.suno.com.br\/noticias\/petrobras-petr4-lira-politica-de-precos-explicacoes\/\"><img class=\"mask\" src=\"https:\/\/www.suno.com.br\/noticias\/wp-content\/themes\/suno\/resources\/images\/spotlight\/spotlight1img\/bg-mask.png\" alt=\"Image Mask\"\/><img src=\"https:\/\/files.sunoresearch.com.br\/n\/uploads\/2021\/05\/6b5b61ef-divulgacao-petrobras-400x200.webp\" alt=\"Petrobras (PETR4): Lira diz que pol\u00edtica de pre\u00e7os da companhia n\u00e3o est\u00e1 bem explicada\"\/><\/a><span class=\"spotlightCategory\"><a href=\"https:\/\/www.suno.com.br\/noticias\/negocios\/\">Neg\u00f3cios<\/a><\/span><\/div><div class=\"cardsPage__listCard__boxs__content\"><a href=\"https:\/\/www.suno.com.br\/noticias\/petrobras-petr4-lira-politica-de-precos-explicacoes\/\"><h2 class=\"content__title\">Petrobras (PETR4): Lira diz que pol\u00edtica de pre\u00e7os da companhia n\u00e3o est\u00e1 bem explicada<\/h2><\/a><div class=\"newsContent__article__meta\"><div class=\"newsContent__article__meta__authorBox\"><a href=\"https:\/\/www.suno.com.br\/noticias\/author\/arthur-guimaraes\/\" class=\"authorBox__avatar noMobi\"><img src=\"https:\/\/files.sunoresearch.com.br\/n\/uploads\/2020\/02\/dfb40897-eu-150x150.webp\" alt=\"Arthur Guimar\u00e3es\"><\/a><div class=\"authorBox__name\"><span>por\n\t\t\t<a href=\"https:\/\/www.suno.com.br\/noticias\/author\/arthur-guimaraes\/\"><span itemprop=\"author\">Arthur Guimar\u00e3es<\/span><\/a><\/span><time datetime=\"2021-09-16T17:03:56-03:00\" itemprop=\"datePublished\">16\/09\/2021 17:03<\/time><\/div><\/div><\/div><\/div><\/div>","single_layout":"posts","amp_enabled":true,"_links":{"self":[{"href":"https:\/\/www.suno.com.br\/noticias\/wp-json\/wp\/v2\/posts\/184652"}],"collection":[{"href":"https:\/\/www.suno.com.br\/noticias\/wp-json\/wp\/v2\/posts"}],"about":[{"href":"https:\/\/www.suno.com.br\/noticias\/wp-json\/wp\/v2\/types\/post"}],"author":[{"embeddable":true,"href":"https:\/\/www.suno.com.br\/noticias\/wp-json\/wp\/v2\/users\/35"}],"replies":[{"embeddable":true,"href":"https:\/\/www.suno.com.br\/noticias\/wp-json\/wp\/v2\/comments?post=184652"}],"version-history":[{"count":4,"href":"https:\/\/www.suno.com.br\/noticias\/wp-json\/wp\/v2\/posts\/184652\/revisions"}],"predecessor-version":[{"id":184830,"href":"https:\/\/www.suno.com.br\/noticias\/wp-json\/wp\/v2\/posts\/184652\/revisions\/184830"}],"wp:featuredmedia":[{"embeddable":true,"href":"https:\/\/www.suno.com.br\/noticias\/wp-json\/wp\/v2\/media\/150081"}],"wp:attachment":[{"href":"https:\/\/www.suno.com.br\/noticias\/wp-json\/wp\/v2\/media?parent=184652"}],"wp:term":[{"taxonomy":"category","embeddable":true,"href":"https:\/\/www.suno.com.br\/noticias\/wp-json\/wp\/v2\/categories?post=184652"},{"taxonomy":"post_tag","embeddable":true,"href":"https:\/\/www.suno.com.br\/noticias\/wp-json\/wp\/v2\/tags?post=184652"},{"taxonomy":"suno_strategy","embeddable":true,"href":"https:\/\/www.suno.com.br\/noticias\/wp-json\/wp\/v2\/suno_strategy?post=184652"}],"curies":[{"name":"wp","href":"https:\/\/api.w.org\/{rel}","templated":true}]}}