{"id":184567,"date":"2021-09-16T12:20:44","date_gmt":"2021-09-16T15:20:44","guid":{"rendered":"https:\/\/www.suno.com.br\/noticias\/?p=184567"},"modified":"2021-09-16T12:20:44","modified_gmt":"2021-09-16T15:20:44","slug":"estimulos-expansao-lagarde-bce","status":"publish","type":"post","link":"https:\/\/www.suno.com.br\/noticias\/estimulos-expansao-lagarde-bce\/","title":{"rendered":"Est\u00edmulos monet\u00e1rios s\u00e3o necess\u00e1rios para seguir expans\u00e3o, diz Lagarde, do BCE"},"content":{"rendered":"<p>Para a presidente do Banco Central Europeu (<strong>BCE<\/strong>), <a class=\"suno-keyword\" href=\"https:\/\/www.suno.com.br\/tudo-sobre\/christine-lagarde\/\" target=\"_blank\" rel=\"noopener\" data-force=\"no\" data-priority=\"2\">Christine Lagarde<\/a>, o apoio monet\u00e1rio e fiscal simult\u00e2neos ainda s\u00e3o necess\u00e1rios para a economia da <a class=\"suno-keyword\" href=\"https:\/\/www.suno.com.br\/artigos\/zona-do-euro\/\" target=\"_blank\" rel=\"noopener\" data-force=\"no\" data-priority=\"1\">zona do euro<\/a> seguir em expans\u00e3o no futuro pr\u00f3ximo, segundo afirma\u00e7\u00e3o feita no painel organizado pela Escola de Altos Estudos Comerciais de Paris e pela Liga Europeia para Coopera\u00e7\u00e3o Econ\u00f4mica.<\/p>\t<div class=\"wrapper-featured-image\">\n\t\t<figure class=\"spotlightImg\">\n\n\t\t\t<picture>\n\t\t\t\t<source media=\"(max-width: 768px)\" srcset=\"https:\/\/files.sunoresearch.com.br\/n\/uploads\/2021\/09\/lagarde-bce-400x200.png\">\n\t\t\t\t<img loading=\"lazy\" decoding=\"async\" class=\"newsContent__article__imgCapa lazyloadDisabled \" src=\"https:\/\/files.sunoresearch.com.br\/n\/uploads\/2021\/09\/lagarde-bce-800x450.png\" width=\"800\" height=\"450\" alt=\"Est\u00edmulos monet\u00e1rios s\u00e3o necess\u00e1rios para seguir expans\u00e3o, diz Lagarde, do BCE\" fetchpriority=high \/>\n\t\t\t<\/picture>\n\n\t\t\t<figcaption class=\"wp-caption-text wp-caption-text--show\">Para dar suporte \u00e0 recupera\u00e7\u00e3o econ\u00f4mica, Lagarde disse que ser\u00e1 necess\u00e1rio manter as condi\u00e7\u00f5es financeiras &quot;favor\u00e1veis&quot; na zona do euro, algo que deve ser garantido pela revis\u00e3o da estrat\u00e9gia de pol\u00edtica monet\u00e1ria do BCE com base nos dados de infla\u00e7\u00e3o - Foto: Reprodu\u00e7\u00e3o\/World Economic Forum<\/figcaption>\n\t\t<\/figure>\n\t<\/div>\n\n\n\t<p>\n\t\t<a href=\"https:\/\/lp.suno.com.br\/planilha-controle-gastos\/\" target=\"_blank\" data-element=\"shortcode-suno-banner\" title=\"Banner SUNO, clique e saiba mais\">\n\t\t\t<picture>\n\t\t\t\t<source media=\"(max-width: 500px)\" srcset=\"https:\/\/files.sunoresearch.com.br\/n\/uploads\/2023\/03\/400x300-Planilha-controle-de-gastos.png\">\n\t\t\t\t<img class=\"newsContent__article__imgCapa newsContent__article__imgCapa--banner\"\n\t\t\t\t\tsrc=\"https:\/\/files.sunoresearch.com.br\/n\/uploads\/2023\/03\/1420x240-Planilha-controle-de-gastos.png\"\n\t\t\t\t\tdata-promo-id=\"101751\"\t\t\t\t\t\t\t\t\t\twidth='1420' height='240'\t\t\t\t\talt=\"https:\/\/files.sunoresearch.com.br\/n\/uploads\/2023\/03\/1420x240-Planilha-controle-de-gastos.png\"\n\t\t\t\t>\n\t\t\t<\/picture>\n\t\t<\/a>\n\t<\/p>\n\n\n<p>Ainda que a recupera\u00e7\u00e3o econ\u00f4mica do bloco esteja em ritmo &#8220;mais acelerado que o esperado h\u00e1 seis meses&#8221;, <strong>Lagarde<\/strong> argumentou, nesta quinta (16), que o BCE n\u00e3o pode repetir os &#8220;erros do passado&#8221; e manter as condi\u00e7\u00f5es financeiras favor\u00e1veis, \u00e0 medida que empresas na zona do euro come\u00e7am a reinvestir capital, e n\u00e3o apenas recuperar a liquidez perdida durante a crise do coronav\u00edrus.<\/p>\n<p>Para o <strong>fiscal,<\/strong> Lagarde diz que o apoio deve deixar de ser generalizado, para tornar-se mais direcionado a setores espec\u00edficos da economia.<\/p>\n\t<div data-element=\"shortcode-read-more\" class=\"knowMore\">\n\t\t\t\t<span class=\"knowMore__title\">Leia mais<\/span>\n\t\t\t\t<a class=\"knowMore__link\" href=\"https:\/\/www.suno.com.br\/noticias\/inflacao-desaceleracao-2022-banco-central-europeu\/\">\n\t\t\tInfla\u00e7\u00e3o deve ter &#039;not\u00e1vel&#039; desacelera\u00e7\u00e3o em 2022, diz dirigente do BCE\t\t<\/a>\n\t<\/div>\n\n\n<p>A <strong>banqueira central<\/strong> ainda alertou que, apesar do bloco monet\u00e1rio ter retomado o n\u00edvel de crescimento do per\u00edodo anterior \u00e0 pandemia, a trajet\u00f3ria de crescimento esperada \u00e0 \u00e9poca n\u00e3o foi retomada.<\/p>\n<p>Os <strong>suportes<\/strong> econ\u00f4micos tamb\u00e9m seguir\u00e3o necess\u00e1rios, segundo ela, para atingir os objetivos de <a class=\"suno-keyword\" href=\"https:\/\/www.suno.com.br\/artigos\/longo-prazo\/\" target=\"_blank\" rel=\"noopener\" data-force=\"no\" data-priority=\"1\">longo prazo<\/a> da <strong>UE,<\/strong> como a planejada transi\u00e7\u00e3o verde e tecnol\u00f3gica. &#8220;Transi\u00e7\u00e3o verde \u00e9 imperativa e ditar\u00e1 onde dinheiro ser\u00e1 gasto&#8221;, afirmou a presidente do BCE.<\/p>\n\t<p>\n\t\t<a href=\"https:\/\/lp.suno.com.br\/planilha-da-vida-financeira\/\" target=\"_blank\" data-element=\"shortcode-suno-banner\" title=\"Banner SUNO, clique e saiba mais\">\n\t\t\t<picture>\n\t\t\t\t<source media=\"(max-width: 500px)\" srcset=\"https:\/\/files.sunoresearch.com.br\/n\/uploads\/2023\/04\/400x300-Planilha-vida-financeira-true.png\">\n\t\t\t\t<img class=\"newsContent__article__imgCapa newsContent__article__imgCapa--banner\"\n\t\t\t\t\tsrc=\"https:\/\/files.sunoresearch.com.br\/n\/uploads\/2023\/04\/1420x240-Planilha-vida-financeira-true.png\"\n\t\t\t\t\tdata-promo-id=\"106682\"\t\t\t\t\t\t\t\t\t\twidth='1420' height='240'\t\t\t\t\talt=\"https:\/\/files.sunoresearch.com.br\/n\/uploads\/2023\/04\/1420x240-Planilha-vida-financeira-true.png\"\n\t\t\t\t>\n\t\t\t<\/picture>\n\t\t<\/a>\n\t<\/p>\n\n\n<h2>N\u00e3o \u00e9 boa ideia avaliar posi\u00e7\u00e3o da pol\u00edtica monet\u00e1ria por volume, diz BCE<\/h2>\n<p>O volume do programa de relaxamento quantitativo (QE, na sigla em ingl\u00eas) do BCE n\u00e3o \u00e9 um boa forma de avaliar a posi\u00e7\u00e3o da <a href=\"https:\/\/www.suno.com.br\/artigos\/politica-monetaria\/\"><strong>pol\u00edtica monet\u00e1ria<\/strong> <\/a>do BC comum, segundo afirmou nesta quarta-feira o economista chefe do BCE, Philip Lane, durante evento online organizado pelo Instituto para Estabilidade Monet\u00e1ria e Financeira.<\/p>\n<p>De acordo com ele, a <strong>zona do euro<\/strong> ainda est\u00e1 &#8220;distante&#8221; da <a class=\"suno-keyword\" href=\"https:\/\/www.suno.com.br\/artigos\/meta-de-inflacao\/\" target=\"_blank\" rel=\"noopener\" data-force=\"no\" data-priority=\"1\">meta de infla\u00e7\u00e3o<\/a> sustentada de 2% ao ano do BCE, e tampouco as expectativas inflacion\u00e1rias est\u00e3o &#8220;ancoradas&#8221;. Lane afirmou estar contente com o fato de que a pol\u00edtica acomodat\u00edcia do banco est\u00e1 ajudando a elevar o n\u00facleo da infla\u00e7\u00e3o, que exclui setores da economia vol\u00e1teis, como energia e alimentos.<\/p>\n\t<p>\n\t\t<a href=\"https:\/\/lp.suno.com.br\/ebook-como-analisar-uma-acao\/\" target=\"_blank\" data-element=\"shortcode-suno-banner\" title=\"Banner SUNO, clique e saiba mais\">\n\t\t\t<picture>\n\t\t\t\t<source media=\"(max-width: 500px)\" srcset=\"https:\/\/files.sunoresearch.com.br\/n\/uploads\/2023\/03\/Ebook-Acoes-Mobile-1.jpg\">\n\t\t\t\t<img class=\"newsContent__article__imgCapa newsContent__article__imgCapa--banner\"\n\t\t\t\t\tsrc=\"https:\/\/files.sunoresearch.com.br\/n\/uploads\/2023\/03\/Ebook-Acoes-Desktop-1.jpg\"\n\t\t\t\t\tdata-promo-id=\"171998\"\t\t\t\t\t\t\t\t\t\twidth='1420' height='286'\t\t\t\t\talt=\"https:\/\/files.sunoresearch.com.br\/n\/uploads\/2023\/03\/Ebook-Acoes-Desktop-1.jpg\"\n\t\t\t\t>\n\t\t\t<\/picture>\n\t\t<\/a>\n\t<\/p>\n\n\n<p>O economista tamb\u00e9m argumentou que a curva de <strong>juros<\/strong> na regi\u00e3o ainda est\u00e1 &#8220;bastante baixa&#8221;, ainda que n\u00e3o na mesma medida dos n\u00fameros vistos em dezembro de 2020.<\/p>\n<p>Philip Lane afirmou tamb\u00e9m que uma decis\u00e3o sobre reduzir o ritmo das compras de b\u00f4nus \u00e9 algo independente do debate entre os dirigentes sobre o n\u00edvel dos juros. A declara\u00e7\u00e3o est\u00e1 em linha similar a declara\u00e7\u00f5es recentes do <strong>Federal Reserve<\/strong> (Fed, o banco central americano).<\/p>\n\t<p>\n\t\t<a href=\"https:\/\/lp.suno.com.br\/planilha-de-controle-de-investimentos\/\" target=\"_blank\" data-element=\"shortcode-suno-banner\" title=\"Banner SUNO, clique e saiba mais\">\n\t\t\t<picture>\n\t\t\t\t<source media=\"(max-width: 500px)\" srcset=\"https:\/\/files.sunoresearch.com.br\/n\/uploads\/2023\/03\/400x300-Controle-de-Investimentos.png\">\n\t\t\t\t<img class=\"newsContent__article__imgCapa newsContent__article__imgCapa--banner\"\n\t\t\t\t\tsrc=\"https:\/\/files.sunoresearch.com.br\/n\/uploads\/2023\/03\/1420x240-Controle-de-Investimentos.png\"\n\t\t\t\t\tdata-promo-id=\"75934\"\t\t\t\t\t\t\t\t\t\twidth='1420' height='240'\t\t\t\t\talt=\"https:\/\/files.sunoresearch.com.br\/n\/uploads\/2023\/03\/1420x240-Controle-de-Investimentos.png\"\n\t\t\t\t>\n\t\t\t<\/picture>\n\t\t<\/a>\n\t<\/p>\n\n\n<p>Eke disse que o <strong>BCE<\/strong> encerrar\u00e1 seu programa de relaxamento quantitativo (QE, na sigla em ingl\u00eas) antes de uma eleva\u00e7\u00e3o nos juros. Notou tamb\u00e9m que as compras de b\u00f4nus t\u00eam sido eficazes no per\u00edodo da pandemia, mas isso n\u00e3o significa que sejam necess\u00e1rias em tempos normais.<\/p>\n<p><em>Com informa\u00e7\u00f5es do Estad\u00e3o Conte\u00fado<\/em><\/p>\n\t<p>\n\t\t<a href=\"\" target=\"_blank\" data-element=\"shortcode-suno-banner\" title=\"Banner SUNO, clique e saiba mais\">\n\t\t\t<picture>\n\t\t\t\t<source media=\"(max-width: 500px)\" srcset=\"\">\n\t\t\t\t<img class=\"newsContent__article__imgCapa newsContent__article__imgCapa--banner\"\n\t\t\t\t\tsrc=\"\"\n\t\t\t\t\tdata-promo-id=\"184190\"\t\t\t\t\t\t\t\t\t\t\t\t\t\t\talt=\"\"\n\t\t\t\t>\n\t\t\t<\/picture>\n\t\t<\/a>\n\t<\/p>\n\n\n","protected":false},"excerpt":{"rendered":"<p>Para a presidente do Banco Central Europeu (BCE), Christine Lagarde, o apoio monet\u00e1rio e fiscal simult\u00e2neos ainda s\u00e3o necess\u00e1rios para a economia da zona do euro seguir em expans\u00e3o no futuro pr\u00f3ximo, segundo afirma\u00e7\u00e3o feita no painel organizado pela Escola de Altos Estudos Comerciais de Paris e pela Liga Europeia para Coopera\u00e7\u00e3o Econ\u00f4mica. Para dar [&hellip;]<\/p>\n","protected":false},"author":73,"featured_media":184590,"comment_status":"closed","ping_status":"closed","sticky":false,"template":"","format":"standard","meta":[],"categories":[63],"tags":[106444,863,958,710,2448],"suno_strategy":[],"class_list":["post-184567","post","type-post","status-publish","format-standard","has-post-thumbnail","hentry","category-internacional","tag-agencias","tag-banco-central-europeu-bce","tag-euro","tag-europa","tag-politica-monetaria"],"yoast_head":"<!-- This site is optimized with the Yoast SEO plugin v24.4 - https:\/\/yoast.com\/wordpress\/plugins\/seo\/ -->\n<title>Est\u00edmulos seguem necess\u00e1rios para expans\u00e3o, diz Lagarde, do BCE<\/title>\n<meta name=\"description\" content=\"A presidente do BCE, Christine Lagarde argumentou que o banco n\u00e3o pode repetir os &quot;erros do passado&quot;. Clique aqui e leia mais.\" \/>\n<meta name=\"robots\" content=\"index, follow, max-snippet:-1, max-image-preview:large, max-video-preview:-1\" \/>\n<link rel=\"canonical\" href=\"https:\/\/www.suno.com.br\/noticias\/estimulos-expansao-lagarde-bce\/\" \/>\n<meta property=\"og:locale\" content=\"pt_BR\" \/>\n<meta property=\"og:type\" content=\"article\" \/>\n<meta property=\"og:title\" content=\"Est\u00edmulos seguem necess\u00e1rios para expans\u00e3o, diz Lagarde, do BCE\" \/>\n<meta property=\"og:description\" content=\"A presidente do BCE, Christine Lagarde argumentou que o banco n\u00e3o pode repetir os &quot;erros do passado&quot;. Clique aqui e leia mais.\" \/>\n<meta property=\"og:url\" content=\"https:\/\/www.suno.com.br\/noticias\/estimulos-expansao-lagarde-bce\/\" \/>\n<meta property=\"og:site_name\" content=\"Suno Not\u00edcias\" \/>\n<meta property=\"article:publisher\" content=\"https:\/\/facebook.com\/sunoresearch\" \/>\n<meta property=\"og:image\" content=\"https:\/\/files.sunoresearch.com.br\/n\/uploads\/2021\/09\/lagarde-bce.png\" \/>\n\t<meta property=\"og:image:width\" content=\"1296\" \/>\n\t<meta property=\"og:image:height\" content=\"754\" \/>\n\t<meta property=\"og:image:type\" content=\"image\/png\" \/>\n<meta name=\"author\" content=\"Eduardo Vargas\" \/>\n<meta name=\"twitter:card\" content=\"summary_large_image\" \/>\n<meta name=\"twitter:creator\" content=\"@sunoresearch\" \/>\n<meta name=\"twitter:site\" content=\"@sunoresearch\" \/>\n<meta name=\"twitter:label1\" content=\"Escrito por\" \/>\n\t<meta name=\"twitter:data1\" content=\"Eduardo Vargas\" \/>\n\t<meta name=\"twitter:label2\" content=\"Est. tempo de leitura\" \/>\n\t<meta name=\"twitter:data2\" content=\"3 minutos\" \/>\n<script type=\"application\/ld+json\" class=\"yoast-schema-graph\">{\"@context\":\"https:\/\/schema.org\",\"@graph\":[{\"@type\":\"NewsArticle\",\"@id\":\"https:\/\/www.suno.com.br\/noticias\/estimulos-expansao-lagarde-bce\/#article\",\"isPartOf\":{\"@id\":\"https:\/\/www.suno.com.br\/noticias\/estimulos-expansao-lagarde-bce\/\"},\"author\":{\"name\":\"Eduardo Vargas\",\"@id\":\"https:\/\/www.suno.com.br\/noticias\/#\/schema\/person\/7f4d362bf3518e76090143ae77bb49a5\"},\"headline\":\"Est\u00edmulos monet\u00e1rios s\u00e3o necess\u00e1rios para seguir expans\u00e3o, diz Lagarde, do BCE\",\"datePublished\":\"2021-09-16T15:20:44+00:00\",\"mainEntityOfPage\":{\"@id\":\"https:\/\/www.suno.com.br\/noticias\/estimulos-expansao-lagarde-bce\/\"},\"wordCount\":554,\"publisher\":{\"@id\":\"https:\/\/www.suno.com.br\/noticias\/#organization\"},\"image\":{\"@id\":\"https:\/\/www.suno.com.br\/noticias\/estimulos-expansao-lagarde-bce\/#primaryimage\"},\"thumbnailUrl\":\"https:\/\/files.sunoresearch.com.br\/n\/uploads\/2021\/09\/lagarde-bce.png\",\"keywords\":[\"Ag\u00eancias\",\"Banco Central Europeu (BCE)\",\"Euro\",\"Europa\",\"pol\u00edtica monet\u00e1ria\"],\"articleSection\":[\"Internacional\"],\"inLanguage\":\"pt-BR\"},{\"@type\":\"WebPage\",\"@id\":\"https:\/\/www.suno.com.br\/noticias\/estimulos-expansao-lagarde-bce\/\",\"url\":\"https:\/\/www.suno.com.br\/noticias\/estimulos-expansao-lagarde-bce\/\",\"name\":\"Est\u00edmulos seguem necess\u00e1rios para expans\u00e3o, diz Lagarde, do BCE\",\"isPartOf\":{\"@id\":\"https:\/\/www.suno.com.br\/noticias\/#website\"},\"primaryImageOfPage\":{\"@id\":\"https:\/\/www.suno.com.br\/noticias\/estimulos-expansao-lagarde-bce\/#primaryimage\"},\"image\":{\"@id\":\"https:\/\/www.suno.com.br\/noticias\/estimulos-expansao-lagarde-bce\/#primaryimage\"},\"thumbnailUrl\":\"https:\/\/files.sunoresearch.com.br\/n\/uploads\/2021\/09\/lagarde-bce.png\",\"datePublished\":\"2021-09-16T15:20:44+00:00\",\"description\":\"A presidente do BCE, Christine Lagarde argumentou que o banco n\u00e3o pode repetir os \\\"erros do passado\\\". Clique aqui e leia mais.\",\"breadcrumb\":{\"@id\":\"https:\/\/www.suno.com.br\/noticias\/estimulos-expansao-lagarde-bce\/#breadcrumb\"},\"inLanguage\":\"pt-BR\",\"potentialAction\":[{\"@type\":\"ReadAction\",\"target\":[\"https:\/\/www.suno.com.br\/noticias\/estimulos-expansao-lagarde-bce\/\"]}]},{\"@type\":\"ImageObject\",\"inLanguage\":\"pt-BR\",\"@id\":\"https:\/\/www.suno.com.br\/noticias\/estimulos-expansao-lagarde-bce\/#primaryimage\",\"url\":\"https:\/\/files.sunoresearch.com.br\/n\/uploads\/2021\/09\/lagarde-bce.png\",\"contentUrl\":\"https:\/\/files.sunoresearch.com.br\/n\/uploads\/2021\/09\/lagarde-bce.png\",\"width\":1296,\"height\":754,\"caption\":\"Para dar suporte \u00e0 recupera\u00e7\u00e3o econ\u00f4mica, Lagarde disse que ser\u00e1 necess\u00e1rio manter as condi\u00e7\u00f5es financeiras \\\"favor\u00e1veis\\\" na zona do euro, algo que deve ser garantido pela revis\u00e3o da estrat\u00e9gia de pol\u00edtica monet\u00e1ria do BCE com base nos dados de infla\u00e7\u00e3o - Foto: Reprodu\u00e7\u00e3o\/World Economic Forum\"},{\"@type\":\"BreadcrumbList\",\"@id\":\"https:\/\/www.suno.com.br\/noticias\/estimulos-expansao-lagarde-bce\/#breadcrumb\",\"itemListElement\":[{\"@type\":\"ListItem\",\"position\":1,\"name\":\"Not\u00edcias\",\"item\":\"https:\/\/www.suno.com.br\/noticias\/\"},{\"@type\":\"ListItem\",\"position\":2,\"name\":\"Internacional\",\"item\":\"https:\/\/www.suno.com.br\/noticias\/internacional\/\"},{\"@type\":\"ListItem\",\"position\":3,\"name\":\"Est\u00edmulos monet\u00e1rios s\u00e3o necess\u00e1rios para seguir expans\u00e3o, diz Lagarde, do BCE\"}]},{\"@type\":\"WebSite\",\"@id\":\"https:\/\/www.suno.com.br\/noticias\/#website\",\"url\":\"https:\/\/www.suno.com.br\/noticias\/\",\"name\":\"Suno Not\u00edcias\",\"description\":\"Seu portal de informa\u00e7\u00e3o sobre o mundo dos investimentos\",\"publisher\":{\"@id\":\"https:\/\/www.suno.com.br\/noticias\/#organization\"},\"potentialAction\":[{\"@type\":\"SearchAction\",\"target\":{\"@type\":\"EntryPoint\",\"urlTemplate\":\"https:\/\/www.suno.com.br\/noticias\/?s={search_term_string}\"},\"query-input\":{\"@type\":\"PropertyValueSpecification\",\"valueRequired\":true,\"valueName\":\"search_term_string\"}}],\"inLanguage\":\"pt-BR\"},{\"@type\":\"Organization\",\"@id\":\"https:\/\/www.suno.com.br\/noticias\/#organization\",\"name\":\"Suno Not\u00edcias\",\"url\":\"https:\/\/www.suno.com.br\/noticias\/\",\"logo\":{\"@type\":\"ImageObject\",\"inLanguage\":\"pt-BR\",\"@id\":\"https:\/\/www.suno.com.br\/noticias\/#\/schema\/logo\/image\/\",\"url\":\"https:\/\/files.sunoresearch.com.br\/n\/uploads\/2021\/09\/suno-logo.png\",\"contentUrl\":\"https:\/\/files.sunoresearch.com.br\/n\/uploads\/2021\/09\/suno-logo.png\",\"width\":180,\"height\":180,\"caption\":\"Suno Not\u00edcias\"},\"image\":{\"@id\":\"https:\/\/www.suno.com.br\/noticias\/#\/schema\/logo\/image\/\"},\"sameAs\":[\"https:\/\/facebook.com\/sunoresearch\",\"https:\/\/x.com\/sunoresearch\",\"https:\/\/www.instagram.com\/suno\",\"https:\/\/www.linkedin.com\/company\/suno-research\/\",\"https:\/\/www.youtube.com\/c\/sunoresearch\"]},{\"@type\":\"Person\",\"@id\":\"https:\/\/www.suno.com.br\/noticias\/#\/schema\/person\/7f4d362bf3518e76090143ae77bb49a5\",\"name\":\"Eduardo Vargas\",\"image\":{\"@type\":\"ImageObject\",\"inLanguage\":\"pt-BR\",\"@id\":\"https:\/\/www.suno.com.br\/noticias\/#\/schema\/person\/image\/\",\"url\":\"https:\/\/secure.gravatar.com\/avatar\/dac340933427a22924c9f99d1eb2e3f2?s=96&r=g\",\"contentUrl\":\"https:\/\/secure.gravatar.com\/avatar\/dac340933427a22924c9f99d1eb2e3f2?s=96&r=g\",\"caption\":\"Eduardo Vargas\"},\"description\":\"Jornalista formado pela UFSC, cobre macroeconomia, neg\u00f3cios e startups para o Suno Not\u00edcias, escrevendo principalmente not\u00edcias sobre o mercado financeiro e a bolsa de valores. No YouTube e no Instagram, \u00e9 respons\u00e1vel pela produ\u00e7\u00e3o de Reels e Shorts do Suno Not\u00edcias. Anteriormente, trabalhou cobrindo economia e cotidiano no ND+ e para o ND, maior jornal impresso de Santa Catarina. Cursou um semestre letivo de Estudos de M\u00eddia na Universidad de Buenos Aires.\",\"url\":\"https:\/\/www.suno.com.br\/noticias\/author\/eduardo-vargas\/\"}]}<\/script>\n<!-- \/ Yoast SEO plugin. -->","yoast_head_json":{"title":"Est\u00edmulos seguem necess\u00e1rios para expans\u00e3o, diz Lagarde, do BCE","description":"A presidente do BCE, Christine Lagarde argumentou que o banco n\u00e3o pode repetir os \"erros do passado\". Clique aqui e leia mais.","robots":{"index":"index","follow":"follow","max-snippet":"max-snippet:-1","max-image-preview":"max-image-preview:large","max-video-preview":"max-video-preview:-1"},"canonical":"https:\/\/www.suno.com.br\/noticias\/estimulos-expansao-lagarde-bce\/","og_locale":"pt_BR","og_type":"article","og_title":"Est\u00edmulos seguem necess\u00e1rios para expans\u00e3o, diz Lagarde, do BCE","og_description":"A presidente do BCE, Christine Lagarde argumentou que o banco n\u00e3o pode repetir os \"erros do passado\". Clique aqui e leia mais.","og_url":"https:\/\/www.suno.com.br\/noticias\/estimulos-expansao-lagarde-bce\/","og_site_name":"Suno Not\u00edcias","article_publisher":"https:\/\/facebook.com\/sunoresearch","og_image":[{"width":1296,"height":754,"url":"https:\/\/files.sunoresearch.com.br\/n\/uploads\/2021\/09\/lagarde-bce.png","type":"image\/png"}],"author":"Eduardo Vargas","twitter_card":"summary_large_image","twitter_creator":"@sunoresearch","twitter_site":"@sunoresearch","twitter_misc":{"Escrito por":"Eduardo Vargas","Est. tempo de leitura":"3 minutos"},"schema":{"@context":"https:\/\/schema.org","@graph":[{"@type":"NewsArticle","@id":"https:\/\/www.suno.com.br\/noticias\/estimulos-expansao-lagarde-bce\/#article","isPartOf":{"@id":"https:\/\/www.suno.com.br\/noticias\/estimulos-expansao-lagarde-bce\/"},"author":{"name":"Eduardo Vargas","@id":"https:\/\/www.suno.com.br\/noticias\/#\/schema\/person\/7f4d362bf3518e76090143ae77bb49a5"},"headline":"Est\u00edmulos monet\u00e1rios s\u00e3o necess\u00e1rios para seguir expans\u00e3o, diz Lagarde, do BCE","datePublished":"2021-09-16T15:20:44+00:00","mainEntityOfPage":{"@id":"https:\/\/www.suno.com.br\/noticias\/estimulos-expansao-lagarde-bce\/"},"wordCount":554,"publisher":{"@id":"https:\/\/www.suno.com.br\/noticias\/#organization"},"image":{"@id":"https:\/\/www.suno.com.br\/noticias\/estimulos-expansao-lagarde-bce\/#primaryimage"},"thumbnailUrl":"https:\/\/files.sunoresearch.com.br\/n\/uploads\/2021\/09\/lagarde-bce.png","keywords":["Ag\u00eancias","Banco Central Europeu (BCE)","Euro","Europa","pol\u00edtica monet\u00e1ria"],"articleSection":["Internacional"],"inLanguage":"pt-BR"},{"@type":"WebPage","@id":"https:\/\/www.suno.com.br\/noticias\/estimulos-expansao-lagarde-bce\/","url":"https:\/\/www.suno.com.br\/noticias\/estimulos-expansao-lagarde-bce\/","name":"Est\u00edmulos seguem necess\u00e1rios para expans\u00e3o, diz Lagarde, do BCE","isPartOf":{"@id":"https:\/\/www.suno.com.br\/noticias\/#website"},"primaryImageOfPage":{"@id":"https:\/\/www.suno.com.br\/noticias\/estimulos-expansao-lagarde-bce\/#primaryimage"},"image":{"@id":"https:\/\/www.suno.com.br\/noticias\/estimulos-expansao-lagarde-bce\/#primaryimage"},"thumbnailUrl":"https:\/\/files.sunoresearch.com.br\/n\/uploads\/2021\/09\/lagarde-bce.png","datePublished":"2021-09-16T15:20:44+00:00","description":"A presidente do BCE, Christine Lagarde argumentou que o banco n\u00e3o pode repetir os \"erros do passado\". Clique aqui e leia mais.","breadcrumb":{"@id":"https:\/\/www.suno.com.br\/noticias\/estimulos-expansao-lagarde-bce\/#breadcrumb"},"inLanguage":"pt-BR","potentialAction":[{"@type":"ReadAction","target":["https:\/\/www.suno.com.br\/noticias\/estimulos-expansao-lagarde-bce\/"]}]},{"@type":"ImageObject","inLanguage":"pt-BR","@id":"https:\/\/www.suno.com.br\/noticias\/estimulos-expansao-lagarde-bce\/#primaryimage","url":"https:\/\/files.sunoresearch.com.br\/n\/uploads\/2021\/09\/lagarde-bce.png","contentUrl":"https:\/\/files.sunoresearch.com.br\/n\/uploads\/2021\/09\/lagarde-bce.png","width":1296,"height":754,"caption":"Para dar suporte \u00e0 recupera\u00e7\u00e3o econ\u00f4mica, Lagarde disse que ser\u00e1 necess\u00e1rio manter as condi\u00e7\u00f5es financeiras \"favor\u00e1veis\" na zona do euro, algo que deve ser garantido pela revis\u00e3o da estrat\u00e9gia de pol\u00edtica monet\u00e1ria do BCE com base nos dados de infla\u00e7\u00e3o - Foto: Reprodu\u00e7\u00e3o\/World Economic Forum"},{"@type":"BreadcrumbList","@id":"https:\/\/www.suno.com.br\/noticias\/estimulos-expansao-lagarde-bce\/#breadcrumb","itemListElement":[{"@type":"ListItem","position":1,"name":"Not\u00edcias","item":"https:\/\/www.suno.com.br\/noticias\/"},{"@type":"ListItem","position":2,"name":"Internacional","item":"https:\/\/www.suno.com.br\/noticias\/internacional\/"},{"@type":"ListItem","position":3,"name":"Est\u00edmulos monet\u00e1rios s\u00e3o necess\u00e1rios para seguir expans\u00e3o, diz Lagarde, do BCE"}]},{"@type":"WebSite","@id":"https:\/\/www.suno.com.br\/noticias\/#website","url":"https:\/\/www.suno.com.br\/noticias\/","name":"Suno Not\u00edcias","description":"Seu portal de informa\u00e7\u00e3o sobre o mundo dos investimentos","publisher":{"@id":"https:\/\/www.suno.com.br\/noticias\/#organization"},"potentialAction":[{"@type":"SearchAction","target":{"@type":"EntryPoint","urlTemplate":"https:\/\/www.suno.com.br\/noticias\/?s={search_term_string}"},"query-input":{"@type":"PropertyValueSpecification","valueRequired":true,"valueName":"search_term_string"}}],"inLanguage":"pt-BR"},{"@type":"Organization","@id":"https:\/\/www.suno.com.br\/noticias\/#organization","name":"Suno Not\u00edcias","url":"https:\/\/www.suno.com.br\/noticias\/","logo":{"@type":"ImageObject","inLanguage":"pt-BR","@id":"https:\/\/www.suno.com.br\/noticias\/#\/schema\/logo\/image\/","url":"https:\/\/files.sunoresearch.com.br\/n\/uploads\/2021\/09\/suno-logo.png","contentUrl":"https:\/\/files.sunoresearch.com.br\/n\/uploads\/2021\/09\/suno-logo.png","width":180,"height":180,"caption":"Suno Not\u00edcias"},"image":{"@id":"https:\/\/www.suno.com.br\/noticias\/#\/schema\/logo\/image\/"},"sameAs":["https:\/\/facebook.com\/sunoresearch","https:\/\/x.com\/sunoresearch","https:\/\/www.instagram.com\/suno","https:\/\/www.linkedin.com\/company\/suno-research\/","https:\/\/www.youtube.com\/c\/sunoresearch"]},{"@type":"Person","@id":"https:\/\/www.suno.com.br\/noticias\/#\/schema\/person\/7f4d362bf3518e76090143ae77bb49a5","name":"Eduardo Vargas","image":{"@type":"ImageObject","inLanguage":"pt-BR","@id":"https:\/\/www.suno.com.br\/noticias\/#\/schema\/person\/image\/","url":"https:\/\/secure.gravatar.com\/avatar\/dac340933427a22924c9f99d1eb2e3f2?s=96&r=g","contentUrl":"https:\/\/secure.gravatar.com\/avatar\/dac340933427a22924c9f99d1eb2e3f2?s=96&r=g","caption":"Eduardo Vargas"},"description":"Jornalista formado pela UFSC, cobre macroeconomia, neg\u00f3cios e startups para o Suno Not\u00edcias, escrevendo principalmente not\u00edcias sobre o mercado financeiro e a bolsa de valores. No YouTube e no Instagram, \u00e9 respons\u00e1vel pela produ\u00e7\u00e3o de Reels e Shorts do Suno Not\u00edcias. Anteriormente, trabalhou cobrindo economia e cotidiano no ND+ e para o ND, maior jornal impresso de Santa Catarina. Cursou um semestre letivo de Estudos de M\u00eddia na Universidad de Buenos Aires.","url":"https:\/\/www.suno.com.br\/noticias\/author\/eduardo-vargas\/"}]}},"default_loop_html":"<div class=\"cardsPage__listCard__boxs\"><div class=\"cardsPage__listCard__boxs__img\"><a href=\"https:\/\/www.suno.com.br\/noticias\/estimulos-expansao-lagarde-bce\/\"><img class=\"mask\" src=\"https:\/\/www.suno.com.br\/noticias\/wp-content\/themes\/suno\/resources\/images\/spotlight\/spotlight1img\/bg-mask.png\" alt=\"Image Mask\"\/><img src=\"https:\/\/files.sunoresearch.com.br\/n\/uploads\/2021\/09\/lagarde-bce-400x200.png\" alt=\"Est\u00edmulos monet\u00e1rios s\u00e3o necess\u00e1rios para seguir expans\u00e3o, diz Lagarde, do BCE\"\/><\/a><span class=\"spotlightCategory\"><a href=\"https:\/\/www.suno.com.br\/noticias\/internacional\/\">Internacional<\/a><\/span><\/div><div class=\"cardsPage__listCard__boxs__content\"><a href=\"https:\/\/www.suno.com.br\/noticias\/estimulos-expansao-lagarde-bce\/\"><h2 class=\"content__title\">Est\u00edmulos monet\u00e1rios s\u00e3o necess\u00e1rios para seguir expans\u00e3o, diz Lagarde, do BCE<\/h2><\/a><div class=\"newsContent__article__meta\"><div class=\"newsContent__article__meta__authorBox\"><a href=\"https:\/\/www.suno.com.br\/noticias\/author\/eduardo-vargas\/\" class=\"authorBox__avatar noMobi\"><img src=\"https:\/\/secure.gravatar.com\/avatar\/dac340933427a22924c9f99d1eb2e3f2?s=96&#038;r=g\" alt=\"Eduardo Vargas\"><\/a><div class=\"authorBox__name\"><span>por\n\t\t\t<a href=\"https:\/\/www.suno.com.br\/noticias\/author\/eduardo-vargas\/\"><span itemprop=\"author\">Eduardo Vargas<\/span><\/a><\/span><time datetime=\"2021-09-16T12:20:44-03:00\" itemprop=\"datePublished\">16\/09\/2021 12:20<\/time><\/div><\/div><\/div><\/div><\/div>","single_layout":"posts","amp_enabled":true,"_links":{"self":[{"href":"https:\/\/www.suno.com.br\/noticias\/wp-json\/wp\/v2\/posts\/184567"}],"collection":[{"href":"https:\/\/www.suno.com.br\/noticias\/wp-json\/wp\/v2\/posts"}],"about":[{"href":"https:\/\/www.suno.com.br\/noticias\/wp-json\/wp\/v2\/types\/post"}],"author":[{"embeddable":true,"href":"https:\/\/www.suno.com.br\/noticias\/wp-json\/wp\/v2\/users\/73"}],"replies":[{"embeddable":true,"href":"https:\/\/www.suno.com.br\/noticias\/wp-json\/wp\/v2\/comments?post=184567"}],"version-history":[{"count":4,"href":"https:\/\/www.suno.com.br\/noticias\/wp-json\/wp\/v2\/posts\/184567\/revisions"}],"predecessor-version":[{"id":184594,"href":"https:\/\/www.suno.com.br\/noticias\/wp-json\/wp\/v2\/posts\/184567\/revisions\/184594"}],"wp:featuredmedia":[{"embeddable":true,"href":"https:\/\/www.suno.com.br\/noticias\/wp-json\/wp\/v2\/media\/184590"}],"wp:attachment":[{"href":"https:\/\/www.suno.com.br\/noticias\/wp-json\/wp\/v2\/media?parent=184567"}],"wp:term":[{"taxonomy":"category","embeddable":true,"href":"https:\/\/www.suno.com.br\/noticias\/wp-json\/wp\/v2\/categories?post=184567"},{"taxonomy":"post_tag","embeddable":true,"href":"https:\/\/www.suno.com.br\/noticias\/wp-json\/wp\/v2\/tags?post=184567"},{"taxonomy":"suno_strategy","embeddable":true,"href":"https:\/\/www.suno.com.br\/noticias\/wp-json\/wp\/v2\/suno_strategy?post=184567"}],"curies":[{"name":"wp","href":"https:\/\/api.w.org\/{rel}","templated":true}]}}