{"id":184475,"date":"2021-09-16T08:39:19","date_gmt":"2021-09-16T11:39:19","guid":{"rendered":"https:\/\/www.suno.com.br\/noticias\/?p=184475"},"modified":"2021-09-16T08:39:19","modified_gmt":"2021-09-16T11:39:19","slug":"grupo-votorantim-estreia-em-properties-com-compra-de-r-1-bilhao-diz-site","status":"publish","type":"post","link":"https:\/\/www.suno.com.br\/noticias\/grupo-votorantim-estreia-em-properties-com-compra-de-r-1-bilhao-diz-site\/","title":{"rendered":"Grupo Votorantim estreia em properties com compra de R$ 1 bilh\u00e3o, diz site"},"content":{"rendered":"<p>O Grupo <strong>Votorantim<\/strong> deve comprar 60% de participa\u00e7\u00e3o na torre corporativa do Alto das Na\u00e7\u00f5es por R$ 1 bilh\u00e3o, diz o Brazil Journal. Complexo multiuso em desenvolvimento pela WTorre, o pr\u00e9dio fica na Marginal Pinheiros, em S\u00e3o Paulo.<\/p>\t<div class=\"wrapper-featured-image\">\n\t\t<figure class=\"spotlightImg\">\n\n\t\t\t<picture>\n\t\t\t\t<source media=\"(max-width: 768px)\" srcset=\"https:\/\/files.sunoresearch.com.br\/n\/uploads\/2021\/05\/4188981e-voto-400x200.webp\">\n\t\t\t\t<img loading=\"lazy\" decoding=\"async\" class=\"newsContent__article__imgCapa lazyloadDisabled \" src=\"https:\/\/files.sunoresearch.com.br\/n\/uploads\/2021\/05\/4188981e-voto-800x450.webp\" width=\"800\" height=\"450\" alt=\"Grupo Votorantim estreia em properties com compra de R$ 1 bilh\u00e3o, diz site\" fetchpriority=high \/>\n\t\t\t<\/picture>\n\n\t\t\t<figcaption class=\"wp-caption-text wp-caption-text--show\">Grupo Votorantim. Foto: Divulga\u00e7\u00e3o Votorantim<\/figcaption>\n\t\t<\/figure>\n\t<\/div>\n\n\n\t<p>\n\t\t<a href=\"https:\/\/lp.suno.com.br\/planilha-controle-gastos\/\" target=\"_blank\" data-element=\"shortcode-suno-banner\" title=\"Banner SUNO, clique e saiba mais\">\n\t\t\t<picture>\n\t\t\t\t<source media=\"(max-width: 500px)\" srcset=\"https:\/\/files.sunoresearch.com.br\/n\/uploads\/2023\/03\/400x300-Planilha-controle-de-gastos.png\">\n\t\t\t\t<img class=\"newsContent__article__imgCapa newsContent__article__imgCapa--banner\"\n\t\t\t\t\tsrc=\"https:\/\/files.sunoresearch.com.br\/n\/uploads\/2023\/03\/1420x240-Planilha-controle-de-gastos.png\"\n\t\t\t\t\tdata-promo-id=\"101751\"\t\t\t\t\t\t\t\t\t\twidth='1420' height='240'\t\t\t\t\talt=\"https:\/\/files.sunoresearch.com.br\/n\/uploads\/2023\/03\/1420x240-Planilha-controle-de-gastos.png\"\n\t\t\t\t>\n\t\t\t<\/picture>\n\t\t<\/a>\n\t<\/p>\n\n\n<p>A transa\u00e7\u00e3o, que ser\u00e1 assinada nos pr\u00f3ximos dias, segundo o site, marca a entrada do <strong>Grupo Votorantim<\/strong> no segmento de <strong>properties<\/strong>.<\/p>\n<p>Recentemente, a holding criou uma plataforma de neg\u00f3cios imobili\u00e1rios, chamada <strong>Altre<\/strong>. Esta nova unidade do Grupo nasceu depois que a holding mapeou seus im\u00f3veis que tinham potencial para loca\u00e7\u00e3o e neg\u00f3cios, e n\u00e3o eram estrat\u00e9gicos para suas unidades operacionais.<\/p>\n<p>Num primeiro momento, o foco da Altre ser\u00e1 em loteamentos, <a class=\"suno-keyword\" href=\"https:\/\/www.suno.com.br\/artigos\/lajes-corporativas\/\" target=\"_blank\" rel=\"noopener\" data-force=\"no\" data-priority=\"1\">lajes corporativas<\/a> e galp\u00f5es log\u00edsticos. Somente no munic\u00edpio de Votorantim &#8211; onde o Grupo nasceu -, a Altre \u00e9 dona de metade dos terrenos da regi\u00e3o, informa o Brazil Journal. Na regi\u00e3o de Sorocaba e Recife, a nova unidade tamb\u00e9m tem uma \u00e1rea para <a class=\"suno-keyword\" href=\"https:\/\/www.suno.com.br\/artigos\/incorporacao-imobiliaria\/\" target=\"_blank\" rel=\"noopener\" data-force=\"no\" data-priority=\"1\">incorpora\u00e7\u00e3o imobili\u00e1ria<\/a> substancial.<\/p>\n\t<p>\n\t\t<a href=\"\" target=\"_blank\" data-element=\"shortcode-suno-banner\" title=\"Banner SUNO, clique e saiba mais\">\n\t\t\t<picture>\n\t\t\t\t<source media=\"(max-width: 500px)\" srcset=\"\">\n\t\t\t\t<img class=\"newsContent__article__imgCapa newsContent__article__imgCapa--banner\"\n\t\t\t\t\tsrc=\"\"\n\t\t\t\t\tdata-promo-id=\"77014\"\t\t\t\t\t\t\t\t\t\t\t\t\t\t\talt=\"\"\n\t\t\t\t>\n\t\t\t<\/picture>\n\t\t<\/a>\n\t<\/p>\n\n\n<p>Com isso, somam-se a esses im\u00f3veis, que est\u00e3o sendo desenvolvidos pela holding, a ic\u00f4nica <strong>torre do Alto das Na\u00e7\u00f5es<\/strong> (que deve ser a mais alta de S\u00e3o Paulo quando ficar pronta, em 2026). As fontes do site informam que, eventualmente, a Altre poder\u00e1 buscar investimentos de terceiros ou mesmo um IPO.<\/p>\n<p>O Grupo Votorantim pretende nomear<strong> Sergio Malacrida<\/strong> como CEO da Altre. Atualmente, o executivo \u00e9 CFO da holding e j\u00e1 passou por postos como tesoureiro da <strong>Fibria<\/strong> e CFO da <strong>Votorantim Energia<\/strong>. Ele j\u00e1 tem 10 anos de casa e experi\u00eancia na \u00e1rea financeira e de gest\u00e3o.<\/p>\n<h2>Alto das Na\u00e7\u00f5es &#8211; estreia da Votorantim em properties<\/h2>\n<figure id=\"attachment_184484\" aria-describedby=\"caption-attachment-184484\" style=\"width: 882px\" class=\"wp-caption alignnone\"><img loading=\"lazy\" decoding=\"async\" class=\"size-full wp-image-184484\" src=\"https:\/\/files.sunoresearch.com.br\/n\/uploads\/2021\/09\/alto-nacoes-wtorre.png\" alt=\"Alto das Na\u00e7\u00f5es \" width=\"882\" height=\"762\" srcset=\"https:\/\/files.sunoresearch.com.br\/n\/uploads\/2021\/09\/alto-nacoes-wtorre.png 882w, https:\/\/files.sunoresearch.com.br\/n\/uploads\/2021\/09\/alto-nacoes-wtorre-300x259.png 300w, https:\/\/files.sunoresearch.com.br\/n\/uploads\/2021\/09\/alto-nacoes-wtorre-768x664.png 768w, https:\/\/files.sunoresearch.com.br\/n\/uploads\/2021\/09\/alto-nacoes-wtorre-150x130.png 150w\" sizes=\"(max-width: 882px) 100vw, 882px\" \/><figcaption id=\"caption-attachment-184484\" class=\"wp-caption-text\">Complexo Alto das Na\u00e7\u00f5es. Foto: Reprodu\u00e7\u00e3o do site.<\/figcaption><\/figure>\n<p>O Alto das Na\u00e7\u00f5es ser\u00e1 um complexo multiuso com mais de 320 mil m\u00b2, desenvolvido pela <strong>WTorre<\/strong> em parceria com o<strong> Carrefour Property<\/strong>, subsidi\u00e1ria do <a class=\"suno-keyword\" href=\"https:\/\/www.suno.com.br\/acoes\/CRFB3\/\" target=\"_blank\" rel=\"noopener\" data-force=\"yes\" data-priority=\"2\">Carrefour (CRFB3)<\/a>.<\/p>\n<p>De acordo com o site do projeto, a torre corporativa ser\u00e1 a mais alta do Pa\u00eds, com 216m de altura, se comparada com as torres corporativas existentes hoje.<\/p>\n\t<p>\n\t\t<a href=\"\" target=\"_blank\" data-element=\"shortcode-suno-banner\" title=\"Banner SUNO, clique e saiba mais\">\n\t\t\t<picture>\n\t\t\t\t<source media=\"(max-width: 500px)\" srcset=\"\">\n\t\t\t\t<img class=\"newsContent__article__imgCapa newsContent__article__imgCapa--banner\"\n\t\t\t\t\tsrc=\"\"\n\t\t\t\t\tdata-promo-id=\"77050\"\t\t\t\t\t\t\t\t\t\t\t\t\t\t\talt=\"\"\n\t\t\t\t>\n\t\t\t<\/picture>\n\t\t<\/a>\n\t<\/p>\n\n\n<p>Localizado no eixo Berrini\/Chucri Zaidan, o Alto das Na\u00e7\u00f5es prev\u00ea o desenvolvimento de um pr\u00e9dio comercial de 216 metros de altura, um centro comercial, uma torre mista com 20 mil m\u00b2 e uma residencial com mais de 35 mil m\u00b2 e cerca de 216 unidades.<\/p>\n<p>O Grupo Votorantim deve adquirir 60% da torre corporativa, os 40% restantes ficar\u00e3o com investidores do projeto.<\/p>\n<p>O complexo tem previs\u00e3o de seis anos de desenvolvimento e as entregas ser\u00e3o divididas em duas fases. Para meados de 2022, a primeira etapa contemplar\u00e1 a nova loja Carrefour e um centro comercial.<\/p>\n<p>J\u00e1 a segunda fase, com entrega das torres corporativa e residencial, que comp\u00f5e o im\u00f3vel a ser adquirido pela <strong>Votorantim<\/strong>, est\u00e1 programada para 2026.<\/p>\n\t<p>\n\t\t<a href=\"https:\/\/lp.suno.com.br\/planilha-de-controle-de-investimentos\/\" target=\"_blank\" data-element=\"shortcode-suno-banner\" title=\"Banner SUNO, clique e saiba mais\">\n\t\t\t<picture>\n\t\t\t\t<source media=\"(max-width: 500px)\" srcset=\"https:\/\/files.sunoresearch.com.br\/n\/uploads\/2023\/03\/400x300-Controle-de-Investimentos.png\">\n\t\t\t\t<img class=\"newsContent__article__imgCapa newsContent__article__imgCapa--banner\"\n\t\t\t\t\tsrc=\"https:\/\/files.sunoresearch.com.br\/n\/uploads\/2023\/03\/1420x240-Controle-de-Investimentos.png\"\n\t\t\t\t\tdata-promo-id=\"75934\"\t\t\t\t\t\t\t\t\t\twidth='1420' height='240'\t\t\t\t\talt=\"https:\/\/files.sunoresearch.com.br\/n\/uploads\/2023\/03\/1420x240-Controle-de-Investimentos.png\"\n\t\t\t\t>\n\t\t\t<\/picture>\n\t\t<\/a>\n\t<\/p>\n\n\n","protected":false},"excerpt":{"rendered":"<p>O Grupo Votorantim deve comprar 60% de participa\u00e7\u00e3o na torre corporativa do Alto das Na\u00e7\u00f5es por R$ 1 bilh\u00e3o, diz o Brazil Journal. Complexo multiuso em desenvolvimento pela WTorre, o pr\u00e9dio fica na Marginal Pinheiros, em S\u00e3o Paulo. Grupo Votorantim. Foto: Divulga\u00e7\u00e3o Votorantim A transa\u00e7\u00e3o, que ser\u00e1 assinada nos pr\u00f3ximos dias, segundo o site, marca [&hellip;]<\/p>\n","protected":false},"author":102,"featured_media":151499,"comment_status":"closed","ping_status":"closed","sticky":false,"template":"","format":"standard","meta":[],"categories":[64],"tags":[1279,1904,106333],"suno_strategy":[],"class_list":["post-184475","post","type-post","status-publish","format-standard","has-post-thumbnail","hentry","category-negocios","tag-grupo-votorantim","tag-mercado-imobiliario","tag-votorantim"],"yoast_head":"<!-- This site is optimized with the Yoast SEO plugin v24.4 - https:\/\/yoast.com\/wordpress\/plugins\/seo\/ -->\n<title>Grupo Votorantim estreia em properties com compra de R$ 1 bi, diz site<\/title>\n<meta name=\"description\" content=\"Grupo Votorantim deve adquirir 60% de participa\u00e7\u00e3o na torre do Alto das Na\u00e7\u00f5es, empreendimento em desenvolvimento. Entenda mais aqui.\" \/>\n<meta name=\"robots\" content=\"index, follow, max-snippet:-1, max-image-preview:large, max-video-preview:-1\" \/>\n<link rel=\"canonical\" href=\"https:\/\/www.suno.com.br\/noticias\/grupo-votorantim-estreia-em-properties-com-compra-de-r-1-bilhao-diz-site\/\" \/>\n<meta property=\"og:locale\" content=\"pt_BR\" \/>\n<meta property=\"og:type\" content=\"article\" \/>\n<meta property=\"og:title\" content=\"Grupo Votorantim estreia em properties com compra de R$ 1 bi, diz site\" \/>\n<meta property=\"og:description\" content=\"Grupo Votorantim deve adquirir 60% de participa\u00e7\u00e3o na torre do Alto das Na\u00e7\u00f5es, empreendimento em desenvolvimento. Entenda mais aqui.\" \/>\n<meta property=\"og:url\" content=\"https:\/\/www.suno.com.br\/noticias\/grupo-votorantim-estreia-em-properties-com-compra-de-r-1-bilhao-diz-site\/\" \/>\n<meta property=\"og:site_name\" content=\"Suno Not\u00edcias\" \/>\n<meta property=\"article:publisher\" content=\"https:\/\/facebook.com\/sunoresearch\" \/>\n<meta property=\"og:image\" content=\"https:\/\/files.sunoresearch.com.br\/n\/uploads\/2021\/05\/4188981e-voto-1024x621.png\" \/>\n\t<meta property=\"og:image:width\" content=\"1024\" \/>\n\t<meta property=\"og:image:height\" content=\"621\" \/>\n\t<meta property=\"og:image:type\" content=\"image\/png\" \/>\n<meta name=\"author\" content=\"Monique Lima\" \/>\n<meta name=\"twitter:card\" content=\"summary_large_image\" \/>\n<meta name=\"twitter:creator\" content=\"@sunoresearch\" \/>\n<meta name=\"twitter:site\" content=\"@sunoresearch\" \/>\n<meta name=\"twitter:label1\" content=\"Escrito por\" \/>\n\t<meta name=\"twitter:data1\" content=\"Monique Lima\" \/>\n\t<meta name=\"twitter:label2\" content=\"Est. tempo de leitura\" \/>\n\t<meta name=\"twitter:data2\" content=\"3 minutos\" \/>\n<script type=\"application\/ld+json\" class=\"yoast-schema-graph\">{\"@context\":\"https:\/\/schema.org\",\"@graph\":[{\"@type\":\"NewsArticle\",\"@id\":\"https:\/\/www.suno.com.br\/noticias\/grupo-votorantim-estreia-em-properties-com-compra-de-r-1-bilhao-diz-site\/#article\",\"isPartOf\":{\"@id\":\"https:\/\/www.suno.com.br\/noticias\/grupo-votorantim-estreia-em-properties-com-compra-de-r-1-bilhao-diz-site\/\"},\"author\":{\"name\":\"Monique Lima\",\"@id\":\"https:\/\/www.suno.com.br\/noticias\/#\/schema\/person\/d712329319cc9b10f254d02d654cb36a\"},\"headline\":\"Grupo Votorantim estreia em properties com compra de R$ 1 bilh\u00e3o, diz site\",\"datePublished\":\"2021-09-16T11:39:19+00:00\",\"mainEntityOfPage\":{\"@id\":\"https:\/\/www.suno.com.br\/noticias\/grupo-votorantim-estreia-em-properties-com-compra-de-r-1-bilhao-diz-site\/\"},\"wordCount\":504,\"publisher\":{\"@id\":\"https:\/\/www.suno.com.br\/noticias\/#organization\"},\"image\":{\"@id\":\"https:\/\/www.suno.com.br\/noticias\/grupo-votorantim-estreia-em-properties-com-compra-de-r-1-bilhao-diz-site\/#primaryimage\"},\"thumbnailUrl\":\"https:\/\/files.sunoresearch.com.br\/n\/uploads\/2021\/05\/4188981e-voto-png.webp\",\"keywords\":[\"Grupo Votorantim\",\"mercado imobili\u00e1rio\",\"Votorantim\"],\"articleSection\":[\"Neg\u00f3cios\"],\"inLanguage\":\"pt-BR\"},{\"@type\":\"WebPage\",\"@id\":\"https:\/\/www.suno.com.br\/noticias\/grupo-votorantim-estreia-em-properties-com-compra-de-r-1-bilhao-diz-site\/\",\"url\":\"https:\/\/www.suno.com.br\/noticias\/grupo-votorantim-estreia-em-properties-com-compra-de-r-1-bilhao-diz-site\/\",\"name\":\"Grupo Votorantim estreia em properties com compra de R$ 1 bi, diz site\",\"isPartOf\":{\"@id\":\"https:\/\/www.suno.com.br\/noticias\/#website\"},\"primaryImageOfPage\":{\"@id\":\"https:\/\/www.suno.com.br\/noticias\/grupo-votorantim-estreia-em-properties-com-compra-de-r-1-bilhao-diz-site\/#primaryimage\"},\"image\":{\"@id\":\"https:\/\/www.suno.com.br\/noticias\/grupo-votorantim-estreia-em-properties-com-compra-de-r-1-bilhao-diz-site\/#primaryimage\"},\"thumbnailUrl\":\"https:\/\/files.sunoresearch.com.br\/n\/uploads\/2021\/05\/4188981e-voto-png.webp\",\"datePublished\":\"2021-09-16T11:39:19+00:00\",\"description\":\"Grupo Votorantim deve adquirir 60% de participa\u00e7\u00e3o na torre do Alto das Na\u00e7\u00f5es, empreendimento em desenvolvimento. Entenda mais aqui.\",\"breadcrumb\":{\"@id\":\"https:\/\/www.suno.com.br\/noticias\/grupo-votorantim-estreia-em-properties-com-compra-de-r-1-bilhao-diz-site\/#breadcrumb\"},\"inLanguage\":\"pt-BR\",\"potentialAction\":[{\"@type\":\"ReadAction\",\"target\":[\"https:\/\/www.suno.com.br\/noticias\/grupo-votorantim-estreia-em-properties-com-compra-de-r-1-bilhao-diz-site\/\"]}]},{\"@type\":\"ImageObject\",\"inLanguage\":\"pt-BR\",\"@id\":\"https:\/\/www.suno.com.br\/noticias\/grupo-votorantim-estreia-em-properties-com-compra-de-r-1-bilhao-diz-site\/#primaryimage\",\"url\":\"https:\/\/files.sunoresearch.com.br\/n\/uploads\/2021\/05\/4188981e-voto-png.webp\",\"contentUrl\":\"https:\/\/files.sunoresearch.com.br\/n\/uploads\/2021\/05\/4188981e-voto-png.webp\",\"width\":1536,\"height\":931,\"caption\":\"Grupo Votorantim. Foto: Divulga\u00e7\u00e3o Votorantim\"},{\"@type\":\"BreadcrumbList\",\"@id\":\"https:\/\/www.suno.com.br\/noticias\/grupo-votorantim-estreia-em-properties-com-compra-de-r-1-bilhao-diz-site\/#breadcrumb\",\"itemListElement\":[{\"@type\":\"ListItem\",\"position\":1,\"name\":\"Not\u00edcias\",\"item\":\"https:\/\/www.suno.com.br\/noticias\/\"},{\"@type\":\"ListItem\",\"position\":2,\"name\":\"Neg\u00f3cios\",\"item\":\"https:\/\/www.suno.com.br\/noticias\/negocios\/\"},{\"@type\":\"ListItem\",\"position\":3,\"name\":\"Grupo Votorantim estreia em properties com compra de R$ 1 bilh\u00e3o, diz site\"}]},{\"@type\":\"WebSite\",\"@id\":\"https:\/\/www.suno.com.br\/noticias\/#website\",\"url\":\"https:\/\/www.suno.com.br\/noticias\/\",\"name\":\"Suno Not\u00edcias\",\"description\":\"Seu portal de informa\u00e7\u00e3o sobre o mundo dos investimentos\",\"publisher\":{\"@id\":\"https:\/\/www.suno.com.br\/noticias\/#organization\"},\"potentialAction\":[{\"@type\":\"SearchAction\",\"target\":{\"@type\":\"EntryPoint\",\"urlTemplate\":\"https:\/\/www.suno.com.br\/noticias\/?s={search_term_string}\"},\"query-input\":{\"@type\":\"PropertyValueSpecification\",\"valueRequired\":true,\"valueName\":\"search_term_string\"}}],\"inLanguage\":\"pt-BR\"},{\"@type\":\"Organization\",\"@id\":\"https:\/\/www.suno.com.br\/noticias\/#organization\",\"name\":\"Suno Not\u00edcias\",\"url\":\"https:\/\/www.suno.com.br\/noticias\/\",\"logo\":{\"@type\":\"ImageObject\",\"inLanguage\":\"pt-BR\",\"@id\":\"https:\/\/www.suno.com.br\/noticias\/#\/schema\/logo\/image\/\",\"url\":\"https:\/\/files.sunoresearch.com.br\/n\/uploads\/2021\/09\/suno-logo.png\",\"contentUrl\":\"https:\/\/files.sunoresearch.com.br\/n\/uploads\/2021\/09\/suno-logo.png\",\"width\":180,\"height\":180,\"caption\":\"Suno Not\u00edcias\"},\"image\":{\"@id\":\"https:\/\/www.suno.com.br\/noticias\/#\/schema\/logo\/image\/\"},\"sameAs\":[\"https:\/\/facebook.com\/sunoresearch\",\"https:\/\/x.com\/sunoresearch\",\"https:\/\/www.instagram.com\/suno\",\"https:\/\/www.linkedin.com\/company\/suno-research\/\",\"https:\/\/www.youtube.com\/c\/sunoresearch\"]},{\"@type\":\"Person\",\"@id\":\"https:\/\/www.suno.com.br\/noticias\/#\/schema\/person\/d712329319cc9b10f254d02d654cb36a\",\"name\":\"Monique Lima\",\"image\":{\"@type\":\"ImageObject\",\"inLanguage\":\"pt-BR\",\"@id\":\"https:\/\/www.suno.com.br\/noticias\/#\/schema\/person\/image\/\",\"url\":\"https:\/\/secure.gravatar.com\/avatar\/daee7f16d906c2e9ffed236206ca2c30?s=96&r=g\",\"contentUrl\":\"https:\/\/secure.gravatar.com\/avatar\/daee7f16d906c2e9ffed236206ca2c30?s=96&r=g\",\"caption\":\"Monique Lima\"},\"description\":\"Rep\u00f3rter de Mercado no Suno Not\u00edcias, \u00e9 jornalista com experi\u00eancia na cobertura de economia, empreendedorismo, finan\u00e7as pessoais, mercado financeiro, carreira e recursos humanos. Formada em Jornalismo pela Universidade Paulista, teve experi\u00eancias em ve\u00edculos de comunica\u00e7\u00e3o como a Ag\u00eancia TradeMap, Revista Voc\u00ea S\/A e Revista Voc\u00ea RH, as duas \u00faltimas publica\u00e7\u00f5es da Editora Abril. No Suno Not\u00edcias, fala sobre as principais not\u00edcias de Fundos Imobili\u00e1rios, Fiagro, Startups e empresas listadas na Bolsa.\",\"url\":\"https:\/\/www.suno.com.br\/noticias\/author\/monique-lima\/\"}]}<\/script>\n<!-- \/ Yoast SEO plugin. -->","yoast_head_json":{"title":"Grupo Votorantim estreia em properties com compra de R$ 1 bi, diz site","description":"Grupo Votorantim deve adquirir 60% de participa\u00e7\u00e3o na torre do Alto das Na\u00e7\u00f5es, empreendimento em desenvolvimento. Entenda mais aqui.","robots":{"index":"index","follow":"follow","max-snippet":"max-snippet:-1","max-image-preview":"max-image-preview:large","max-video-preview":"max-video-preview:-1"},"canonical":"https:\/\/www.suno.com.br\/noticias\/grupo-votorantim-estreia-em-properties-com-compra-de-r-1-bilhao-diz-site\/","og_locale":"pt_BR","og_type":"article","og_title":"Grupo Votorantim estreia em properties com compra de R$ 1 bi, diz site","og_description":"Grupo Votorantim deve adquirir 60% de participa\u00e7\u00e3o na torre do Alto das Na\u00e7\u00f5es, empreendimento em desenvolvimento. Entenda mais aqui.","og_url":"https:\/\/www.suno.com.br\/noticias\/grupo-votorantim-estreia-em-properties-com-compra-de-r-1-bilhao-diz-site\/","og_site_name":"Suno Not\u00edcias","article_publisher":"https:\/\/facebook.com\/sunoresearch","og_image":[{"width":1024,"height":621,"url":"https:\/\/files.sunoresearch.com.br\/n\/uploads\/2021\/05\/4188981e-voto-1024x621.png","type":"image\/png"}],"author":"Monique Lima","twitter_card":"summary_large_image","twitter_creator":"@sunoresearch","twitter_site":"@sunoresearch","twitter_misc":{"Escrito por":"Monique Lima","Est. tempo de leitura":"3 minutos"},"schema":{"@context":"https:\/\/schema.org","@graph":[{"@type":"NewsArticle","@id":"https:\/\/www.suno.com.br\/noticias\/grupo-votorantim-estreia-em-properties-com-compra-de-r-1-bilhao-diz-site\/#article","isPartOf":{"@id":"https:\/\/www.suno.com.br\/noticias\/grupo-votorantim-estreia-em-properties-com-compra-de-r-1-bilhao-diz-site\/"},"author":{"name":"Monique Lima","@id":"https:\/\/www.suno.com.br\/noticias\/#\/schema\/person\/d712329319cc9b10f254d02d654cb36a"},"headline":"Grupo Votorantim estreia em properties com compra de R$ 1 bilh\u00e3o, diz site","datePublished":"2021-09-16T11:39:19+00:00","mainEntityOfPage":{"@id":"https:\/\/www.suno.com.br\/noticias\/grupo-votorantim-estreia-em-properties-com-compra-de-r-1-bilhao-diz-site\/"},"wordCount":504,"publisher":{"@id":"https:\/\/www.suno.com.br\/noticias\/#organization"},"image":{"@id":"https:\/\/www.suno.com.br\/noticias\/grupo-votorantim-estreia-em-properties-com-compra-de-r-1-bilhao-diz-site\/#primaryimage"},"thumbnailUrl":"https:\/\/files.sunoresearch.com.br\/n\/uploads\/2021\/05\/4188981e-voto-png.webp","keywords":["Grupo Votorantim","mercado imobili\u00e1rio","Votorantim"],"articleSection":["Neg\u00f3cios"],"inLanguage":"pt-BR"},{"@type":"WebPage","@id":"https:\/\/www.suno.com.br\/noticias\/grupo-votorantim-estreia-em-properties-com-compra-de-r-1-bilhao-diz-site\/","url":"https:\/\/www.suno.com.br\/noticias\/grupo-votorantim-estreia-em-properties-com-compra-de-r-1-bilhao-diz-site\/","name":"Grupo Votorantim estreia em properties com compra de R$ 1 bi, diz site","isPartOf":{"@id":"https:\/\/www.suno.com.br\/noticias\/#website"},"primaryImageOfPage":{"@id":"https:\/\/www.suno.com.br\/noticias\/grupo-votorantim-estreia-em-properties-com-compra-de-r-1-bilhao-diz-site\/#primaryimage"},"image":{"@id":"https:\/\/www.suno.com.br\/noticias\/grupo-votorantim-estreia-em-properties-com-compra-de-r-1-bilhao-diz-site\/#primaryimage"},"thumbnailUrl":"https:\/\/files.sunoresearch.com.br\/n\/uploads\/2021\/05\/4188981e-voto-png.webp","datePublished":"2021-09-16T11:39:19+00:00","description":"Grupo Votorantim deve adquirir 60% de participa\u00e7\u00e3o na torre do Alto das Na\u00e7\u00f5es, empreendimento em desenvolvimento. Entenda mais aqui.","breadcrumb":{"@id":"https:\/\/www.suno.com.br\/noticias\/grupo-votorantim-estreia-em-properties-com-compra-de-r-1-bilhao-diz-site\/#breadcrumb"},"inLanguage":"pt-BR","potentialAction":[{"@type":"ReadAction","target":["https:\/\/www.suno.com.br\/noticias\/grupo-votorantim-estreia-em-properties-com-compra-de-r-1-bilhao-diz-site\/"]}]},{"@type":"ImageObject","inLanguage":"pt-BR","@id":"https:\/\/www.suno.com.br\/noticias\/grupo-votorantim-estreia-em-properties-com-compra-de-r-1-bilhao-diz-site\/#primaryimage","url":"https:\/\/files.sunoresearch.com.br\/n\/uploads\/2021\/05\/4188981e-voto-png.webp","contentUrl":"https:\/\/files.sunoresearch.com.br\/n\/uploads\/2021\/05\/4188981e-voto-png.webp","width":1536,"height":931,"caption":"Grupo Votorantim. Foto: Divulga\u00e7\u00e3o Votorantim"},{"@type":"BreadcrumbList","@id":"https:\/\/www.suno.com.br\/noticias\/grupo-votorantim-estreia-em-properties-com-compra-de-r-1-bilhao-diz-site\/#breadcrumb","itemListElement":[{"@type":"ListItem","position":1,"name":"Not\u00edcias","item":"https:\/\/www.suno.com.br\/noticias\/"},{"@type":"ListItem","position":2,"name":"Neg\u00f3cios","item":"https:\/\/www.suno.com.br\/noticias\/negocios\/"},{"@type":"ListItem","position":3,"name":"Grupo Votorantim estreia em properties com compra de R$ 1 bilh\u00e3o, diz site"}]},{"@type":"WebSite","@id":"https:\/\/www.suno.com.br\/noticias\/#website","url":"https:\/\/www.suno.com.br\/noticias\/","name":"Suno Not\u00edcias","description":"Seu portal de informa\u00e7\u00e3o sobre o mundo dos investimentos","publisher":{"@id":"https:\/\/www.suno.com.br\/noticias\/#organization"},"potentialAction":[{"@type":"SearchAction","target":{"@type":"EntryPoint","urlTemplate":"https:\/\/www.suno.com.br\/noticias\/?s={search_term_string}"},"query-input":{"@type":"PropertyValueSpecification","valueRequired":true,"valueName":"search_term_string"}}],"inLanguage":"pt-BR"},{"@type":"Organization","@id":"https:\/\/www.suno.com.br\/noticias\/#organization","name":"Suno Not\u00edcias","url":"https:\/\/www.suno.com.br\/noticias\/","logo":{"@type":"ImageObject","inLanguage":"pt-BR","@id":"https:\/\/www.suno.com.br\/noticias\/#\/schema\/logo\/image\/","url":"https:\/\/files.sunoresearch.com.br\/n\/uploads\/2021\/09\/suno-logo.png","contentUrl":"https:\/\/files.sunoresearch.com.br\/n\/uploads\/2021\/09\/suno-logo.png","width":180,"height":180,"caption":"Suno Not\u00edcias"},"image":{"@id":"https:\/\/www.suno.com.br\/noticias\/#\/schema\/logo\/image\/"},"sameAs":["https:\/\/facebook.com\/sunoresearch","https:\/\/x.com\/sunoresearch","https:\/\/www.instagram.com\/suno","https:\/\/www.linkedin.com\/company\/suno-research\/","https:\/\/www.youtube.com\/c\/sunoresearch"]},{"@type":"Person","@id":"https:\/\/www.suno.com.br\/noticias\/#\/schema\/person\/d712329319cc9b10f254d02d654cb36a","name":"Monique Lima","image":{"@type":"ImageObject","inLanguage":"pt-BR","@id":"https:\/\/www.suno.com.br\/noticias\/#\/schema\/person\/image\/","url":"https:\/\/secure.gravatar.com\/avatar\/daee7f16d906c2e9ffed236206ca2c30?s=96&r=g","contentUrl":"https:\/\/secure.gravatar.com\/avatar\/daee7f16d906c2e9ffed236206ca2c30?s=96&r=g","caption":"Monique Lima"},"description":"Rep\u00f3rter de Mercado no Suno Not\u00edcias, \u00e9 jornalista com experi\u00eancia na cobertura de economia, empreendedorismo, finan\u00e7as pessoais, mercado financeiro, carreira e recursos humanos. Formada em Jornalismo pela Universidade Paulista, teve experi\u00eancias em ve\u00edculos de comunica\u00e7\u00e3o como a Ag\u00eancia TradeMap, Revista Voc\u00ea S\/A e Revista Voc\u00ea RH, as duas \u00faltimas publica\u00e7\u00f5es da Editora Abril. No Suno Not\u00edcias, fala sobre as principais not\u00edcias de Fundos Imobili\u00e1rios, Fiagro, Startups e empresas listadas na Bolsa.","url":"https:\/\/www.suno.com.br\/noticias\/author\/monique-lima\/"}]}},"default_loop_html":"<div class=\"cardsPage__listCard__boxs\"><div class=\"cardsPage__listCard__boxs__img\"><a href=\"https:\/\/www.suno.com.br\/noticias\/grupo-votorantim-estreia-em-properties-com-compra-de-r-1-bilhao-diz-site\/\"><img class=\"mask\" src=\"https:\/\/www.suno.com.br\/noticias\/wp-content\/themes\/suno\/resources\/images\/spotlight\/spotlight1img\/bg-mask.png\" alt=\"Image Mask\"\/><img src=\"https:\/\/files.sunoresearch.com.br\/n\/uploads\/2021\/05\/4188981e-voto-400x200.webp\" alt=\"Grupo Votorantim estreia em properties com compra de R$ 1 bilh\u00e3o, diz site\"\/><\/a><span class=\"spotlightCategory\"><a href=\"https:\/\/www.suno.com.br\/noticias\/negocios\/\">Neg\u00f3cios<\/a><\/span><\/div><div class=\"cardsPage__listCard__boxs__content\"><a href=\"https:\/\/www.suno.com.br\/noticias\/grupo-votorantim-estreia-em-properties-com-compra-de-r-1-bilhao-diz-site\/\"><h2 class=\"content__title\">Grupo Votorantim estreia em properties com compra de R$ 1 bilh\u00e3o, diz site<\/h2><\/a><div class=\"newsContent__article__meta\"><div class=\"newsContent__article__meta__authorBox\"><a href=\"https:\/\/www.suno.com.br\/noticias\/author\/monique-lima\/\" class=\"authorBox__avatar noMobi\"><img src=\"https:\/\/secure.gravatar.com\/avatar\/daee7f16d906c2e9ffed236206ca2c30?s=96&#038;r=g\" alt=\"Monique Lima\"><\/a><div class=\"authorBox__name\"><span>por\n\t\t\t<a href=\"https:\/\/www.suno.com.br\/noticias\/author\/monique-lima\/\"><span itemprop=\"author\">Monique Lima<\/span><\/a><\/span><time datetime=\"2021-09-16T08:39:19-03:00\" itemprop=\"datePublished\">16\/09\/2021 08:39<\/time><\/div><\/div><\/div><\/div><\/div>","single_layout":"posts","amp_enabled":true,"_links":{"self":[{"href":"https:\/\/www.suno.com.br\/noticias\/wp-json\/wp\/v2\/posts\/184475"}],"collection":[{"href":"https:\/\/www.suno.com.br\/noticias\/wp-json\/wp\/v2\/posts"}],"about":[{"href":"https:\/\/www.suno.com.br\/noticias\/wp-json\/wp\/v2\/types\/post"}],"author":[{"embeddable":true,"href":"https:\/\/www.suno.com.br\/noticias\/wp-json\/wp\/v2\/users\/102"}],"replies":[{"embeddable":true,"href":"https:\/\/www.suno.com.br\/noticias\/wp-json\/wp\/v2\/comments?post=184475"}],"version-history":[{"count":3,"href":"https:\/\/www.suno.com.br\/noticias\/wp-json\/wp\/v2\/posts\/184475\/revisions"}],"predecessor-version":[{"id":184492,"href":"https:\/\/www.suno.com.br\/noticias\/wp-json\/wp\/v2\/posts\/184475\/revisions\/184492"}],"wp:featuredmedia":[{"embeddable":true,"href":"https:\/\/www.suno.com.br\/noticias\/wp-json\/wp\/v2\/media\/151499"}],"wp:attachment":[{"href":"https:\/\/www.suno.com.br\/noticias\/wp-json\/wp\/v2\/media?parent=184475"}],"wp:term":[{"taxonomy":"category","embeddable":true,"href":"https:\/\/www.suno.com.br\/noticias\/wp-json\/wp\/v2\/categories?post=184475"},{"taxonomy":"post_tag","embeddable":true,"href":"https:\/\/www.suno.com.br\/noticias\/wp-json\/wp\/v2\/tags?post=184475"},{"taxonomy":"suno_strategy","embeddable":true,"href":"https:\/\/www.suno.com.br\/noticias\/wp-json\/wp\/v2\/suno_strategy?post=184475"}],"curies":[{"name":"wp","href":"https:\/\/api.w.org\/{rel}","templated":true}]}}