{"id":18444,"date":"2019-03-19T19:15:16","date_gmt":"2019-03-19T22:15:16","guid":{"rendered":"https:\/\/www.suno.com.br\/noticias\/?p=18444"},"modified":"2021-02-18T14:27:55","modified_gmt":"2021-02-18T17:27:55","slug":"madero-ipo-projeta-lucro","status":"publish","type":"post","link":"https:\/\/www.suno.com.br\/noticias\/madero-ipo-projeta-lucro\/","title":{"rendered":"Madero: grupo prepara IPO em 2020 e projeta elevar lucro em 50%"},"content":{"rendered":"<p>A Madero est\u00e1 projetando para 2020 uma oferta p\u00fablica de a\u00e7\u00f5es <a href=\"https:\/\/www.suno.com.br\/artigos\/vale-pena-investir-em-um-ipo\/\">(IPO, na sigla em ingl\u00eas)<\/a>.<\/p>\t<div class=\"wrapper-featured-image\">\n\t\t<figure class=\"spotlightImg\">\n\n\t\t\t<picture>\n\t\t\t\t<source media=\"(max-width: 768px)\" srcset=\"https:\/\/files.sunoresearch.com.br\/n\/uploads\/2019\/01\/7c7cab42-madero-cheeseburger-400x200.webp\">\n\t\t\t\t<img loading=\"lazy\" decoding=\"async\" class=\"newsContent__article__imgCapa lazyloadDisabled newsContent__article__imgCapa--noCaption\" src=\"https:\/\/files.sunoresearch.com.br\/n\/uploads\/2019\/01\/7c7cab42-madero-cheeseburger-jpg.webp\" width=\"800\" height=\"450\" alt=\"Madero: grupo prepara IPO em 2020 e projeta elevar lucro em 50%\" fetchpriority=high \/>\n\t\t\t<\/picture>\n\n\t\t\t<figcaption class=\"wp-caption-text wp-caption-text--hide\">Madero <\/figcaption>\n\t\t<\/figure>\n\t<\/div>\n\n\n<p>Em entrevista ao jornal &#8220;Valor Econ\u00f4mico&#8221;, <strong>Luiz Durski Junior<\/strong> disse que planeja lan\u00e7ar a oferta a partir do segundo semestre, ap\u00f3s a divulga\u00e7\u00e3o do<strong> balan\u00e7o consolidado<\/strong> de 2019 da <strong>Madero<\/strong>.\u00a0Durski\u00a0 projeta ainda que o grupo possa atingir um <strong>lucro antes de juros, amortiza\u00e7\u00e3o e deprecia\u00e7\u00e3o (Ebitda)<\/strong> de R$ 300 milh\u00f5es neste ano, uma alta de 50% em rela\u00e7\u00e3o a 2018.<\/p>\n<p><a href=\"https:\/\/www.suno.com.br\/noticias\/mcdonalds-dobra-lucro-do-quarto-trimestre-para-us-142-bilhao\/\">Saiba mais:\u00a0McDonald&#8217;s dobra lucro do quarto trimestre para US$ 1,42 bilh\u00e3o<\/a><\/p>\n<p>Para lan\u00e7ar o <strong>IPO<\/strong>, a <strong>Madero<\/strong> depende do ambiente econ\u00f4mico. A rede precisa ainda alcan\u00e7ar as metas de <strong>lucro<\/strong>. Em 2017, o <strong>Ebitda<\/strong> da rede foi de R$ 104 milh\u00f5es. Para 2018, a expectativa \u00e9 que esse n\u00famero chegue de R$ 150 milh\u00f5es a R$ 200 milh\u00f5es.<\/p>\n<p>De acordo com\u00a0<strong>Durski Junior<\/strong>, em 2018 os lucros superaram as proje\u00e7\u00f5es, chegando a R$ 198 milh\u00f5es. Segundo o empres\u00e1rio, se esse ano a <strong>Madero<\/strong>\u00a0ter o mesmo desempenho do ano passado, seria poss\u00edvel obter os resultados pretendidos.<\/p>\n<p><a href=\"https:\/\/www.suno.com.br\/noticias\/burger-king-3g-tera-maior-fatia\/\">Saiba mais:\u00a0Burger King: 3G Capital poder\u00e1 ter maior fatia ap\u00f3s follow-on\u00a0<\/a><\/p>\n<p>Ao imaginar esse cen\u00e1rio e um m\u00faltiplo de 14 vezes, chega-se a avalia\u00e7\u00e3o que a empresa possa valer R$ 4 bilh\u00f5es. \u201cSe considerar o ano de 2020, quando projetamos R$ 350 milh\u00f5es de <strong>Ebitda<\/strong>, a\u00ed o valor vai para quase R$ 5 bilh\u00f5es\u201d, disse\u00a0<strong>Durski Junior<\/strong> ao &#8220;Valor&#8221;.<\/p>\n<h2>Madero e Carlyle<\/h2>\n<p>No in\u00edcio do ano, a\u00a0\u00a0<strong>Carlyle<\/strong> fechou um <a href=\"https:\/\/www.suno.com.br\/artigos\/ordem-de-compra\/\">acordo para adquirir 23,3%<\/a> da rede Madero por R$ 700 milh\u00f5es.\u00a0Do valor total, R$ 600 milh\u00f5es foram destinados \u00e0\u00a0<strong>Madero<\/strong>, que usar\u00e1 da maior parte do montante para pagar d\u00edvidas. O restante ficar\u00e1 com os s\u00f3cios. A cadeia de <strong>restaurantes<\/strong> foi avaliada em R$ 3 bilh\u00f5es.<\/p>\n<p><a href=\"https:\/\/www.suno.com.br\/noticias\/carlyle-adquire-rede-restaurantes-madero\/\">Saiba mais: Carlyle adquire 23% da rede de restaurantes Madero por R$ 700 milh\u00f5es<\/a><\/p>\n<p>Durski Junior \u00e9 o maior acionista da rede.\u00a0Atualmente, a\u00a0<strong>Madero<\/strong> tem mais de 120 restaurantes que, em 2017, faturaram R$ 510 milh\u00f5es, segundo informa\u00e7\u00f5es da empresa. A proje\u00e7\u00e3o para 2018 havia sido de ultrapassar os R$ 800 milh\u00f5es.<\/p>\n","protected":false},"excerpt":{"rendered":"<p>A Madero est\u00e1 projetando para 2020 uma oferta p\u00fablica de a\u00e7\u00f5es (IPO, na sigla em ingl\u00eas). Madero Em entrevista ao jornal &#8220;Valor Econ\u00f4mico&#8221;, Luiz Durski Junior disse que planeja lan\u00e7ar a oferta a partir do segundo semestre, ap\u00f3s a divulga\u00e7\u00e3o do balan\u00e7o consolidado de 2019 da Madero.\u00a0Durski\u00a0 projeta ainda que o grupo possa atingir um [&hellip;]<\/p>\n","protected":false},"author":14,"featured_media":13000,"comment_status":"closed","ping_status":"closed","sticky":false,"template":"","format":"standard","meta":[],"categories":[64],"tags":[319,1250,1607],"suno_strategy":[],"class_list":["post-18444","post","type-post","status-publish","format-standard","has-post-thumbnail","hentry","category-negocios","tag-ipo-oferta-inicial-de-acoes","tag-madero","tag-resultado-das-empresas"],"yoast_head":"<!-- This site is optimized with the Yoast SEO plugin v24.4 - https:\/\/yoast.com\/wordpress\/plugins\/seo\/ -->\n<title>Madero: grupo prepara IPO em 2020 e projeta elevar lucro em 50%<\/title>\n<meta name=\"description\" content=\"Luiz Durski disse que prepara para lan\u00e7ar a oferta a partir do ano que vem, ap\u00f3s a divulga\u00e7\u00e3o do balan\u00e7o da Madero. Clique para saber mais.\" \/>\n<meta name=\"robots\" content=\"index, follow, max-snippet:-1, max-image-preview:large, max-video-preview:-1\" \/>\n<link rel=\"canonical\" href=\"https:\/\/www.suno.com.br\/noticias\/madero-ipo-projeta-lucro\/\" \/>\n<meta property=\"og:locale\" content=\"pt_BR\" \/>\n<meta property=\"og:type\" content=\"article\" \/>\n<meta property=\"og:title\" content=\"Madero: grupo prepara IPO em 2020 e projeta elevar lucro em 50%\" \/>\n<meta property=\"og:description\" content=\"Luiz Durski disse que prepara para lan\u00e7ar a oferta a partir do ano que vem, ap\u00f3s a divulga\u00e7\u00e3o do balan\u00e7o da Madero. Clique para saber mais.\" \/>\n<meta property=\"og:url\" content=\"https:\/\/www.suno.com.br\/noticias\/madero-ipo-projeta-lucro\/\" \/>\n<meta property=\"og:site_name\" content=\"Suno Not\u00edcias\" \/>\n<meta property=\"article:publisher\" content=\"https:\/\/facebook.com\/sunoresearch\" \/>\n<meta property=\"og:image\" content=\"https:\/\/files.sunoresearch.com.br\/n\/uploads\/2019\/01\/7c7cab42-madero-cheeseburger.jpg\" \/>\n\t<meta property=\"og:image:width\" content=\"800\" \/>\n\t<meta property=\"og:image:height\" content=\"450\" \/>\n\t<meta property=\"og:image:type\" content=\"image\/jpeg\" \/>\n<meta name=\"author\" content=\"Renan Dantas\" \/>\n<meta name=\"twitter:card\" content=\"summary_large_image\" \/>\n<meta name=\"twitter:creator\" content=\"@sunoresearch\" \/>\n<meta name=\"twitter:site\" content=\"@sunoresearch\" \/>\n<meta name=\"twitter:label1\" content=\"Escrito por\" \/>\n\t<meta name=\"twitter:data1\" content=\"Renan Dantas\" \/>\n\t<meta name=\"twitter:label2\" content=\"Est. tempo de leitura\" \/>\n\t<meta name=\"twitter:data2\" content=\"2 minutos\" \/>\n<script type=\"application\/ld+json\" class=\"yoast-schema-graph\">{\"@context\":\"https:\/\/schema.org\",\"@graph\":[{\"@type\":\"NewsArticle\",\"@id\":\"https:\/\/www.suno.com.br\/noticias\/madero-ipo-projeta-lucro\/#article\",\"isPartOf\":{\"@id\":\"https:\/\/www.suno.com.br\/noticias\/madero-ipo-projeta-lucro\/\"},\"author\":{\"name\":\"Renan Dantas\",\"@id\":\"https:\/\/www.suno.com.br\/noticias\/#\/schema\/person\/3f7693d5795a3f6d5ce15309ee785699\"},\"headline\":\"Madero: grupo prepara IPO em 2020 e projeta elevar lucro em 50%\",\"datePublished\":\"2019-03-19T22:15:16+00:00\",\"dateModified\":\"2021-02-18T17:27:55+00:00\",\"mainEntityOfPage\":{\"@id\":\"https:\/\/www.suno.com.br\/noticias\/madero-ipo-projeta-lucro\/\"},\"wordCount\":366,\"publisher\":{\"@id\":\"https:\/\/www.suno.com.br\/noticias\/#organization\"},\"image\":{\"@id\":\"https:\/\/www.suno.com.br\/noticias\/madero-ipo-projeta-lucro\/#primaryimage\"},\"thumbnailUrl\":\"https:\/\/files.sunoresearch.com.br\/n\/uploads\/2019\/01\/7c7cab42-madero-cheeseburger-jpg.webp\",\"keywords\":[\"IPO (Oferta Inicial de A\u00e7\u00f5es)\",\"Madero\",\"Resultado das empresas\"],\"articleSection\":[\"Neg\u00f3cios\"],\"inLanguage\":\"pt-BR\"},{\"@type\":\"WebPage\",\"@id\":\"https:\/\/www.suno.com.br\/noticias\/madero-ipo-projeta-lucro\/\",\"url\":\"https:\/\/www.suno.com.br\/noticias\/madero-ipo-projeta-lucro\/\",\"name\":\"Madero: grupo prepara IPO em 2020 e projeta elevar lucro em 50%\",\"isPartOf\":{\"@id\":\"https:\/\/www.suno.com.br\/noticias\/#website\"},\"primaryImageOfPage\":{\"@id\":\"https:\/\/www.suno.com.br\/noticias\/madero-ipo-projeta-lucro\/#primaryimage\"},\"image\":{\"@id\":\"https:\/\/www.suno.com.br\/noticias\/madero-ipo-projeta-lucro\/#primaryimage\"},\"thumbnailUrl\":\"https:\/\/files.sunoresearch.com.br\/n\/uploads\/2019\/01\/7c7cab42-madero-cheeseburger-jpg.webp\",\"datePublished\":\"2019-03-19T22:15:16+00:00\",\"dateModified\":\"2021-02-18T17:27:55+00:00\",\"description\":\"Luiz Durski disse que prepara para lan\u00e7ar a oferta a partir do ano que vem, ap\u00f3s a divulga\u00e7\u00e3o do balan\u00e7o da Madero. Clique para saber mais.\",\"breadcrumb\":{\"@id\":\"https:\/\/www.suno.com.br\/noticias\/madero-ipo-projeta-lucro\/#breadcrumb\"},\"inLanguage\":\"pt-BR\",\"potentialAction\":[{\"@type\":\"ReadAction\",\"target\":[\"https:\/\/www.suno.com.br\/noticias\/madero-ipo-projeta-lucro\/\"]}]},{\"@type\":\"ImageObject\",\"inLanguage\":\"pt-BR\",\"@id\":\"https:\/\/www.suno.com.br\/noticias\/madero-ipo-projeta-lucro\/#primaryimage\",\"url\":\"https:\/\/files.sunoresearch.com.br\/n\/uploads\/2019\/01\/7c7cab42-madero-cheeseburger-jpg.webp\",\"contentUrl\":\"https:\/\/files.sunoresearch.com.br\/n\/uploads\/2019\/01\/7c7cab42-madero-cheeseburger-jpg.webp\",\"width\":800,\"height\":450,\"caption\":\"Madero\"},{\"@type\":\"BreadcrumbList\",\"@id\":\"https:\/\/www.suno.com.br\/noticias\/madero-ipo-projeta-lucro\/#breadcrumb\",\"itemListElement\":[{\"@type\":\"ListItem\",\"position\":1,\"name\":\"Not\u00edcias\",\"item\":\"https:\/\/www.suno.com.br\/noticias\/\"},{\"@type\":\"ListItem\",\"position\":2,\"name\":\"Neg\u00f3cios\",\"item\":\"https:\/\/www.suno.com.br\/noticias\/negocios\/\"},{\"@type\":\"ListItem\",\"position\":3,\"name\":\"Madero: grupo prepara IPO em 2020 e projeta elevar lucro em 50%\"}]},{\"@type\":\"WebSite\",\"@id\":\"https:\/\/www.suno.com.br\/noticias\/#website\",\"url\":\"https:\/\/www.suno.com.br\/noticias\/\",\"name\":\"Suno Not\u00edcias\",\"description\":\"Seu portal de informa\u00e7\u00e3o sobre o mundo dos investimentos\",\"publisher\":{\"@id\":\"https:\/\/www.suno.com.br\/noticias\/#organization\"},\"potentialAction\":[{\"@type\":\"SearchAction\",\"target\":{\"@type\":\"EntryPoint\",\"urlTemplate\":\"https:\/\/www.suno.com.br\/noticias\/?s={search_term_string}\"},\"query-input\":{\"@type\":\"PropertyValueSpecification\",\"valueRequired\":true,\"valueName\":\"search_term_string\"}}],\"inLanguage\":\"pt-BR\"},{\"@type\":\"Organization\",\"@id\":\"https:\/\/www.suno.com.br\/noticias\/#organization\",\"name\":\"Suno Not\u00edcias\",\"url\":\"https:\/\/www.suno.com.br\/noticias\/\",\"logo\":{\"@type\":\"ImageObject\",\"inLanguage\":\"pt-BR\",\"@id\":\"https:\/\/www.suno.com.br\/noticias\/#\/schema\/logo\/image\/\",\"url\":\"https:\/\/files.sunoresearch.com.br\/n\/uploads\/2021\/09\/suno-logo.png\",\"contentUrl\":\"https:\/\/files.sunoresearch.com.br\/n\/uploads\/2021\/09\/suno-logo.png\",\"width\":180,\"height\":180,\"caption\":\"Suno Not\u00edcias\"},\"image\":{\"@id\":\"https:\/\/www.suno.com.br\/noticias\/#\/schema\/logo\/image\/\"},\"sameAs\":[\"https:\/\/facebook.com\/sunoresearch\",\"https:\/\/x.com\/sunoresearch\",\"https:\/\/www.instagram.com\/suno\",\"https:\/\/www.linkedin.com\/company\/suno-research\/\",\"https:\/\/www.youtube.com\/c\/sunoresearch\"]},{\"@type\":\"Person\",\"@id\":\"https:\/\/www.suno.com.br\/noticias\/#\/schema\/person\/3f7693d5795a3f6d5ce15309ee785699\",\"name\":\"Renan Dantas\",\"image\":{\"@type\":\"ImageObject\",\"inLanguage\":\"pt-BR\",\"@id\":\"https:\/\/www.suno.com.br\/noticias\/#\/schema\/person\/image\/\",\"url\":\"https:\/\/secure.gravatar.com\/avatar\/1787b83e7484a08e51d62ac8b41c8396?s=96&r=g\",\"contentUrl\":\"https:\/\/secure.gravatar.com\/avatar\/1787b83e7484a08e51d62ac8b41c8396?s=96&r=g\",\"caption\":\"Renan Dantas\"},\"description\":\"Escreve sobre pol\u00edtica e mercado financeiro para o portal Suno Not\u00edcias. Antes, atuou na assessoria de comunica\u00e7\u00e3o do Minist\u00e9rio P\u00fablico do Trabalho e na R\u00e1dio Mackenzie, onde apresentava e produzia um programa sobre artistas da m\u00fasica brasileira. \u00c9 estudante na Universidade Presbiteriana Mackenzie.\",\"url\":\"https:\/\/www.suno.com.br\/noticias\/author\/renan-dantas\/\"}]}<\/script>\n<!-- \/ Yoast SEO plugin. -->","yoast_head_json":{"title":"Madero: grupo prepara IPO em 2020 e projeta elevar lucro em 50%","description":"Luiz Durski disse que prepara para lan\u00e7ar a oferta a partir do ano que vem, ap\u00f3s a divulga\u00e7\u00e3o do balan\u00e7o da Madero. Clique para saber mais.","robots":{"index":"index","follow":"follow","max-snippet":"max-snippet:-1","max-image-preview":"max-image-preview:large","max-video-preview":"max-video-preview:-1"},"canonical":"https:\/\/www.suno.com.br\/noticias\/madero-ipo-projeta-lucro\/","og_locale":"pt_BR","og_type":"article","og_title":"Madero: grupo prepara IPO em 2020 e projeta elevar lucro em 50%","og_description":"Luiz Durski disse que prepara para lan\u00e7ar a oferta a partir do ano que vem, ap\u00f3s a divulga\u00e7\u00e3o do balan\u00e7o da Madero. Clique para saber mais.","og_url":"https:\/\/www.suno.com.br\/noticias\/madero-ipo-projeta-lucro\/","og_site_name":"Suno Not\u00edcias","article_publisher":"https:\/\/facebook.com\/sunoresearch","og_image":[{"width":800,"height":450,"url":"https:\/\/files.sunoresearch.com.br\/n\/uploads\/2019\/01\/7c7cab42-madero-cheeseburger.jpg","type":"image\/jpeg"}],"author":"Renan Dantas","twitter_card":"summary_large_image","twitter_creator":"@sunoresearch","twitter_site":"@sunoresearch","twitter_misc":{"Escrito por":"Renan Dantas","Est. tempo de leitura":"2 minutos"},"schema":{"@context":"https:\/\/schema.org","@graph":[{"@type":"NewsArticle","@id":"https:\/\/www.suno.com.br\/noticias\/madero-ipo-projeta-lucro\/#article","isPartOf":{"@id":"https:\/\/www.suno.com.br\/noticias\/madero-ipo-projeta-lucro\/"},"author":{"name":"Renan Dantas","@id":"https:\/\/www.suno.com.br\/noticias\/#\/schema\/person\/3f7693d5795a3f6d5ce15309ee785699"},"headline":"Madero: grupo prepara IPO em 2020 e projeta elevar lucro em 50%","datePublished":"2019-03-19T22:15:16+00:00","dateModified":"2021-02-18T17:27:55+00:00","mainEntityOfPage":{"@id":"https:\/\/www.suno.com.br\/noticias\/madero-ipo-projeta-lucro\/"},"wordCount":366,"publisher":{"@id":"https:\/\/www.suno.com.br\/noticias\/#organization"},"image":{"@id":"https:\/\/www.suno.com.br\/noticias\/madero-ipo-projeta-lucro\/#primaryimage"},"thumbnailUrl":"https:\/\/files.sunoresearch.com.br\/n\/uploads\/2019\/01\/7c7cab42-madero-cheeseburger-jpg.webp","keywords":["IPO (Oferta Inicial de A\u00e7\u00f5es)","Madero","Resultado das empresas"],"articleSection":["Neg\u00f3cios"],"inLanguage":"pt-BR"},{"@type":"WebPage","@id":"https:\/\/www.suno.com.br\/noticias\/madero-ipo-projeta-lucro\/","url":"https:\/\/www.suno.com.br\/noticias\/madero-ipo-projeta-lucro\/","name":"Madero: grupo prepara IPO em 2020 e projeta elevar lucro em 50%","isPartOf":{"@id":"https:\/\/www.suno.com.br\/noticias\/#website"},"primaryImageOfPage":{"@id":"https:\/\/www.suno.com.br\/noticias\/madero-ipo-projeta-lucro\/#primaryimage"},"image":{"@id":"https:\/\/www.suno.com.br\/noticias\/madero-ipo-projeta-lucro\/#primaryimage"},"thumbnailUrl":"https:\/\/files.sunoresearch.com.br\/n\/uploads\/2019\/01\/7c7cab42-madero-cheeseburger-jpg.webp","datePublished":"2019-03-19T22:15:16+00:00","dateModified":"2021-02-18T17:27:55+00:00","description":"Luiz Durski disse que prepara para lan\u00e7ar a oferta a partir do ano que vem, ap\u00f3s a divulga\u00e7\u00e3o do balan\u00e7o da Madero. Clique para saber mais.","breadcrumb":{"@id":"https:\/\/www.suno.com.br\/noticias\/madero-ipo-projeta-lucro\/#breadcrumb"},"inLanguage":"pt-BR","potentialAction":[{"@type":"ReadAction","target":["https:\/\/www.suno.com.br\/noticias\/madero-ipo-projeta-lucro\/"]}]},{"@type":"ImageObject","inLanguage":"pt-BR","@id":"https:\/\/www.suno.com.br\/noticias\/madero-ipo-projeta-lucro\/#primaryimage","url":"https:\/\/files.sunoresearch.com.br\/n\/uploads\/2019\/01\/7c7cab42-madero-cheeseburger-jpg.webp","contentUrl":"https:\/\/files.sunoresearch.com.br\/n\/uploads\/2019\/01\/7c7cab42-madero-cheeseburger-jpg.webp","width":800,"height":450,"caption":"Madero"},{"@type":"BreadcrumbList","@id":"https:\/\/www.suno.com.br\/noticias\/madero-ipo-projeta-lucro\/#breadcrumb","itemListElement":[{"@type":"ListItem","position":1,"name":"Not\u00edcias","item":"https:\/\/www.suno.com.br\/noticias\/"},{"@type":"ListItem","position":2,"name":"Neg\u00f3cios","item":"https:\/\/www.suno.com.br\/noticias\/negocios\/"},{"@type":"ListItem","position":3,"name":"Madero: grupo prepara IPO em 2020 e projeta elevar lucro em 50%"}]},{"@type":"WebSite","@id":"https:\/\/www.suno.com.br\/noticias\/#website","url":"https:\/\/www.suno.com.br\/noticias\/","name":"Suno Not\u00edcias","description":"Seu portal de informa\u00e7\u00e3o sobre o mundo dos investimentos","publisher":{"@id":"https:\/\/www.suno.com.br\/noticias\/#organization"},"potentialAction":[{"@type":"SearchAction","target":{"@type":"EntryPoint","urlTemplate":"https:\/\/www.suno.com.br\/noticias\/?s={search_term_string}"},"query-input":{"@type":"PropertyValueSpecification","valueRequired":true,"valueName":"search_term_string"}}],"inLanguage":"pt-BR"},{"@type":"Organization","@id":"https:\/\/www.suno.com.br\/noticias\/#organization","name":"Suno Not\u00edcias","url":"https:\/\/www.suno.com.br\/noticias\/","logo":{"@type":"ImageObject","inLanguage":"pt-BR","@id":"https:\/\/www.suno.com.br\/noticias\/#\/schema\/logo\/image\/","url":"https:\/\/files.sunoresearch.com.br\/n\/uploads\/2021\/09\/suno-logo.png","contentUrl":"https:\/\/files.sunoresearch.com.br\/n\/uploads\/2021\/09\/suno-logo.png","width":180,"height":180,"caption":"Suno Not\u00edcias"},"image":{"@id":"https:\/\/www.suno.com.br\/noticias\/#\/schema\/logo\/image\/"},"sameAs":["https:\/\/facebook.com\/sunoresearch","https:\/\/x.com\/sunoresearch","https:\/\/www.instagram.com\/suno","https:\/\/www.linkedin.com\/company\/suno-research\/","https:\/\/www.youtube.com\/c\/sunoresearch"]},{"@type":"Person","@id":"https:\/\/www.suno.com.br\/noticias\/#\/schema\/person\/3f7693d5795a3f6d5ce15309ee785699","name":"Renan Dantas","image":{"@type":"ImageObject","inLanguage":"pt-BR","@id":"https:\/\/www.suno.com.br\/noticias\/#\/schema\/person\/image\/","url":"https:\/\/secure.gravatar.com\/avatar\/1787b83e7484a08e51d62ac8b41c8396?s=96&r=g","contentUrl":"https:\/\/secure.gravatar.com\/avatar\/1787b83e7484a08e51d62ac8b41c8396?s=96&r=g","caption":"Renan Dantas"},"description":"Escreve sobre pol\u00edtica e mercado financeiro para o portal Suno Not\u00edcias. Antes, atuou na assessoria de comunica\u00e7\u00e3o do Minist\u00e9rio P\u00fablico do Trabalho e na R\u00e1dio Mackenzie, onde apresentava e produzia um programa sobre artistas da m\u00fasica brasileira. \u00c9 estudante na Universidade Presbiteriana Mackenzie.","url":"https:\/\/www.suno.com.br\/noticias\/author\/renan-dantas\/"}]}},"default_loop_html":"<div class=\"cardsPage__listCard__boxs\"><div class=\"cardsPage__listCard__boxs__img\"><a href=\"https:\/\/www.suno.com.br\/noticias\/madero-ipo-projeta-lucro\/\"><img class=\"mask\" src=\"https:\/\/www.suno.com.br\/noticias\/wp-content\/themes\/suno\/resources\/images\/spotlight\/spotlight1img\/bg-mask.png\" alt=\"Image Mask\"\/><img src=\"https:\/\/files.sunoresearch.com.br\/n\/uploads\/2019\/01\/7c7cab42-madero-cheeseburger-400x200.webp\" alt=\"Madero: grupo prepara IPO em 2020 e projeta elevar lucro em 50%\"\/><\/a><span class=\"spotlightCategory\"><a href=\"https:\/\/www.suno.com.br\/noticias\/negocios\/\">Neg\u00f3cios<\/a><\/span><\/div><div class=\"cardsPage__listCard__boxs__content\"><a href=\"https:\/\/www.suno.com.br\/noticias\/madero-ipo-projeta-lucro\/\"><h2 class=\"content__title\">Madero: grupo prepara IPO em 2020 e projeta elevar lucro em 50%<\/h2><\/a><div class=\"newsContent__article__meta\"><div class=\"newsContent__article__meta__authorBox\"><a href=\"https:\/\/www.suno.com.br\/noticias\/author\/renan-dantas\/\" class=\"authorBox__avatar noMobi\"><img src=\"https:\/\/secure.gravatar.com\/avatar\/1787b83e7484a08e51d62ac8b41c8396?s=96&#038;r=g\" alt=\"Renan Dantas\"><\/a><div class=\"authorBox__name\"><span>por\n\t\t\t<a href=\"https:\/\/www.suno.com.br\/noticias\/author\/renan-dantas\/\"><span itemprop=\"author\">Renan Dantas<\/span><\/a><\/span><time datetime=\"2019-03-19T19:15:16-03:00\" itemprop=\"datePublished\">19\/03\/2019 19:15<\/time><\/div><\/div><\/div><\/div><\/div>","single_layout":"posts","amp_enabled":true,"_links":{"self":[{"href":"https:\/\/www.suno.com.br\/noticias\/wp-json\/wp\/v2\/posts\/18444"}],"collection":[{"href":"https:\/\/www.suno.com.br\/noticias\/wp-json\/wp\/v2\/posts"}],"about":[{"href":"https:\/\/www.suno.com.br\/noticias\/wp-json\/wp\/v2\/types\/post"}],"author":[{"embeddable":true,"href":"https:\/\/www.suno.com.br\/noticias\/wp-json\/wp\/v2\/users\/14"}],"replies":[{"embeddable":true,"href":"https:\/\/www.suno.com.br\/noticias\/wp-json\/wp\/v2\/comments?post=18444"}],"version-history":[{"count":0,"href":"https:\/\/www.suno.com.br\/noticias\/wp-json\/wp\/v2\/posts\/18444\/revisions"}],"wp:featuredmedia":[{"embeddable":true,"href":"https:\/\/www.suno.com.br\/noticias\/wp-json\/wp\/v2\/media\/13000"}],"wp:attachment":[{"href":"https:\/\/www.suno.com.br\/noticias\/wp-json\/wp\/v2\/media?parent=18444"}],"wp:term":[{"taxonomy":"category","embeddable":true,"href":"https:\/\/www.suno.com.br\/noticias\/wp-json\/wp\/v2\/categories?post=18444"},{"taxonomy":"post_tag","embeddable":true,"href":"https:\/\/www.suno.com.br\/noticias\/wp-json\/wp\/v2\/tags?post=18444"},{"taxonomy":"suno_strategy","embeddable":true,"href":"https:\/\/www.suno.com.br\/noticias\/wp-json\/wp\/v2\/suno_strategy?post=18444"}],"curies":[{"name":"wp","href":"https:\/\/api.w.org\/{rel}","templated":true}]}}