{"id":184393,"date":"2021-09-15T19:51:44","date_gmt":"2021-09-15T22:51:44","guid":{"rendered":"https:\/\/www.suno.com.br\/noticias\/?p=184393"},"modified":"2021-09-15T19:51:44","modified_gmt":"2021-09-15T22:51:44","slug":"brmalls-brml3-aprova-recompra-acoes","status":"publish","type":"post","link":"https:\/\/www.suno.com.br\/noticias\/brmalls-brml3-aprova-recompra-acoes\/","title":{"rendered":"brMalls (BRML3) anuncia programa de recompra de a\u00e7\u00f5es"},"content":{"rendered":"<p>A <a href=\"https:\/\/www.suno.com.br\/acoes\/brml3\/\"><strong>brMalls<\/strong> (BRML3)\u00a0<\/a>anunciou nesta quarta-feira (15) um programa de recompra de a\u00e7\u00f5es.<\/p>\t<div class=\"wrapper-featured-image\">\n\t\t<figure class=\"spotlightImg\">\n\n\t\t\t<picture>\n\t\t\t\t<source media=\"(max-width: 768px)\" srcset=\"https:\/\/files.sunoresearch.com.br\/n\/uploads\/2021\/09\/shopping-mall-1659089_1280-400x200.jpg\">\n\t\t\t\t<img loading=\"lazy\" decoding=\"async\" class=\"newsContent__article__imgCapa lazyloadDisabled \" src=\"https:\/\/files.sunoresearch.com.br\/n\/uploads\/2021\/09\/shopping-mall-1659089_1280-800x450.jpg\" width=\"800\" height=\"450\" alt=\"brMalls (BRML3) anuncia programa de recompra de a\u00e7\u00f5es\" fetchpriority=high \/>\n\t\t\t<\/picture>\n\n\t\t\t<figcaption class=\"wp-caption-text wp-caption-text--show\">shopping. Foto: Pixabay<\/figcaption>\n\t\t<\/figure>\n\t<\/div>\n\n\n\t<p>\n\t\t<a href=\"https:\/\/lp.suno.com.br\/planilha-controle-gastos\/\" target=\"_blank\" data-element=\"shortcode-suno-banner\" title=\"Banner SUNO, clique e saiba mais\">\n\t\t\t<picture>\n\t\t\t\t<source media=\"(max-width: 500px)\" srcset=\"https:\/\/files.sunoresearch.com.br\/n\/uploads\/2023\/03\/400x300-Planilha-controle-de-gastos.png\">\n\t\t\t\t<img class=\"newsContent__article__imgCapa newsContent__article__imgCapa--banner\"\n\t\t\t\t\tsrc=\"https:\/\/files.sunoresearch.com.br\/n\/uploads\/2023\/03\/1420x240-Planilha-controle-de-gastos.png\"\n\t\t\t\t\tdata-promo-id=\"101751\"\t\t\t\t\t\t\t\t\t\twidth='1420' height='240'\t\t\t\t\talt=\"https:\/\/files.sunoresearch.com.br\/n\/uploads\/2023\/03\/1420x240-Planilha-controle-de-gastos.png\"\n\t\t\t\t>\n\t\t\t<\/picture>\n\t\t<\/a>\n\t<\/p>\n\n\n<p>Poder\u00e3o ser adquiridas at\u00e9 42.186.434 <strong>a\u00e7\u00f5es ordin\u00e1rias da brMalls<\/strong>, o que representa 5% do total de a\u00e7\u00f5es em circula\u00e7\u00e3o no mercado. Os pap\u00e9is ser\u00e3o comprados a pre\u00e7o de mercado na <strong>Bolsa de Valores de S\u00e3o Paulo<\/strong> (<strong>B3<\/strong>).<\/p>\n<p>As a\u00e7\u00f5es adquiridas ser\u00e3o mantidas em tesouraria, e assim a companhia pretende maximizar sua aloca\u00e7\u00e3o de caixa, gerando valor aos acionistas.<\/p>\n\t<p>\n\t\t<a href=\"https:\/\/lp.suno.com.br\/planilha-da-vida-financeira\/\" target=\"_blank\" data-element=\"shortcode-suno-banner\" title=\"Banner SUNO, clique e saiba mais\">\n\t\t\t<picture>\n\t\t\t\t<source media=\"(max-width: 500px)\" srcset=\"https:\/\/files.sunoresearch.com.br\/n\/uploads\/2023\/04\/400x300-Planilha-vida-financeira-true.png\">\n\t\t\t\t<img class=\"newsContent__article__imgCapa newsContent__article__imgCapa--banner\"\n\t\t\t\t\tsrc=\"https:\/\/files.sunoresearch.com.br\/n\/uploads\/2023\/04\/1420x240-Planilha-vida-financeira-true.png\"\n\t\t\t\t\tdata-promo-id=\"106682\"\t\t\t\t\t\t\t\t\t\twidth='1420' height='240'\t\t\t\t\talt=\"https:\/\/files.sunoresearch.com.br\/n\/uploads\/2023\/04\/1420x240-Planilha-vida-financeira-true.png\"\n\t\t\t\t>\n\t\t\t<\/picture>\n\t\t<\/a>\n\t<\/p>\n\n\n<p>O programa permanecer\u00e1 vigente por 12 meses, contados a partir de amanh\u00e3, 16 de setembro.<\/p>\n<p>A recompra das a\u00e7\u00f5es ser\u00e1 realizada pela pr\u00f3pria\u00a0 brMalls ou pela Proffito Holding, subsidi\u00e1ria integral da companhia, conforme mostra fato relevante arquivado na Comiss\u00e3o de Valores Mobili\u00e1rios (CVM).<\/p>\n<p>A <strong>a\u00e7\u00e3o da brMalls (BRML3)<\/strong> encerrou o preg\u00e3o de hoje em queda de 1,26%, <strong>valendo R$ 8,62<\/strong>, antes do an\u00fancio da aprova\u00e7\u00e3o do programa de recompra de a\u00e7\u00f5es. No ano, o papel da companhia acumula uma queda de 12,93%, frente ao fechamento a R$ 9,90 ao final de dezembro de 2020.<\/p>\n<h4>Veja tamb\u00e9m:<\/h4>\n<h2>brMalls tem queda de 41,5% no lucro l\u00edquido ajustado no 1T21<\/h2>\n<p>A brMalls \u00a0um lucro l\u00edquido ajustado de R$ 76,016 milh\u00f5es no primeiro trimestre desse ano, um recuo de 41,5% em compara\u00e7\u00e3o com o lucro apurado um ano antes.<\/p>\n\t<p>\n\t\t<a href=\"https:\/\/lp.suno.com.br\/ebook-como-analisar-uma-acao\/\" target=\"_blank\" data-element=\"shortcode-suno-banner\" title=\"Banner SUNO, clique e saiba mais\">\n\t\t\t<picture>\n\t\t\t\t<source media=\"(max-width: 500px)\" srcset=\"https:\/\/files.sunoresearch.com.br\/n\/uploads\/2023\/03\/Ebook-Acoes-Mobile-1.jpg\">\n\t\t\t\t<img class=\"newsContent__article__imgCapa newsContent__article__imgCapa--banner\"\n\t\t\t\t\tsrc=\"https:\/\/files.sunoresearch.com.br\/n\/uploads\/2023\/03\/Ebook-Acoes-Desktop-1.jpg\"\n\t\t\t\t\tdata-promo-id=\"171998\"\t\t\t\t\t\t\t\t\t\twidth='1420' height='286'\t\t\t\t\talt=\"https:\/\/files.sunoresearch.com.br\/n\/uploads\/2023\/03\/Ebook-Acoes-Desktop-1.jpg\"\n\t\t\t\t>\n\t\t\t<\/picture>\n\t\t<\/a>\n\t<\/p>\n\n\n<p>Entre janeiro e mar\u00e7o desse ano, a <a href=\"https:\/\/www.suno.com.br\/artigos\/o-que-receita-liquida\/\">receita l\u00edquida<\/a> da brMalls totalizou R$ 241,131 milh\u00f5es, sendo 18,5% menor em compara\u00e7\u00e3o com a receita ao final de mar\u00e7o do ano passado.<\/p>\n<p>J\u00e1 o <a href=\"https:\/\/www.suno.com.br\/artigos\/ebitda\/\">Ebitda ajustado (lucro antes de juros, impostos, amortiza\u00e7\u00f5es e impostos)<\/a>\u00a0 ajustado companhia caiu 17,2% na compara\u00e7\u00e3o ano a ano, e somou R$ 171,117 milh\u00f5es nos tr\u00eas primeiros meses desse ano. A margem Ebitda ajustada subiu 1,2 ponto percentual, para 71%, na mesma base comparativa.<\/p>\n<p>Por sua vez, <a href=\"https:\/\/www.suno.com.br\/artigos\/noi\/\">o NOI<\/a> somou R$ 206,2 milh\u00f5es no trimestre, sendo 20,1% abaixo do apurado no mesmo per\u00edodo no ano passado.<\/p>\n<p>A <strong>brMalls<\/strong> destaca que as vendas totais durante o primeiro trimestre desse ano atingiram R$ 2,8 bilh\u00f5es, uma queda de 26,2% quando comparada com o as vendas no mesmo per\u00edodo do ano passado.<\/p>\n\t<p>\n\t\t<a href=\"\" target=\"_blank\" data-element=\"shortcode-suno-banner\" title=\"Banner SUNO, clique e saiba mais\">\n\t\t\t<picture>\n\t\t\t\t<source media=\"(max-width: 500px)\" srcset=\"\">\n\t\t\t\t<img class=\"newsContent__article__imgCapa newsContent__article__imgCapa--banner\"\n\t\t\t\t\tsrc=\"\"\n\t\t\t\t\tdata-promo-id=\"184190\"\t\t\t\t\t\t\t\t\t\t\t\t\t\t\talt=\"\"\n\t\t\t\t>\n\t\t\t<\/picture>\n\t\t<\/a>\n\t<\/p>\n\n\n","protected":false},"excerpt":{"rendered":"<p>A brMalls (BRML3)\u00a0anunciou nesta quarta-feira (15) um programa de recompra de a\u00e7\u00f5es. shopping. Foto: Pixabay Poder\u00e3o ser adquiridas at\u00e9 42.186.434 a\u00e7\u00f5es ordin\u00e1rias da brMalls, o que representa 5% do total de a\u00e7\u00f5es em circula\u00e7\u00e3o no mercado. Os pap\u00e9is ser\u00e3o comprados a pre\u00e7o de mercado na Bolsa de Valores de S\u00e3o Paulo (B3). As a\u00e7\u00f5es adquiridas [&hellip;]<\/p>\n","protected":false},"author":39,"featured_media":184401,"comment_status":"closed","ping_status":"closed","sticky":false,"template":"","format":"standard","meta":[],"categories":[64],"tags":[79856,4964],"suno_strategy":[],"class_list":["post-184393","post","type-post","status-publish","format-standard","has-post-thumbnail","hentry","category-negocios","tag-br-malls-brml3","tag-recompra-de-acoes"],"yoast_head":"<!-- This site is optimized with the Yoast SEO plugin v24.4 - https:\/\/yoast.com\/wordpress\/plugins\/seo\/ -->\n<title>brMalls (BRML3) anuncia programa de recompra de a\u00e7\u00f5es<\/title>\n<meta name=\"description\" content=\"A brMalls (BRML3)\u00a0aprovou nesta quarta-feira (14) um programa de recompra de a\u00e7\u00f5es de emiss\u00e3o pr\u00f3pria. Clique aqui e saiba mais!\" \/>\n<meta name=\"robots\" content=\"index, follow, max-snippet:-1, max-image-preview:large, max-video-preview:-1\" \/>\n<link rel=\"canonical\" href=\"https:\/\/www.suno.com.br\/noticias\/brmalls-brml3-aprova-recompra-acoes\/\" \/>\n<meta property=\"og:locale\" content=\"pt_BR\" \/>\n<meta property=\"og:type\" content=\"article\" \/>\n<meta property=\"og:title\" content=\"brMalls (BRML3) anuncia programa de recompra de a\u00e7\u00f5es\" \/>\n<meta property=\"og:description\" content=\"A brMalls (BRML3)\u00a0aprovou nesta quarta-feira (14) um programa de recompra de a\u00e7\u00f5es de emiss\u00e3o pr\u00f3pria. Clique aqui e saiba mais!\" \/>\n<meta property=\"og:url\" content=\"https:\/\/www.suno.com.br\/noticias\/brmalls-brml3-aprova-recompra-acoes\/\" \/>\n<meta property=\"og:site_name\" content=\"Suno Not\u00edcias\" \/>\n<meta property=\"article:publisher\" content=\"https:\/\/facebook.com\/sunoresearch\" \/>\n<meta property=\"og:image\" content=\"https:\/\/files.sunoresearch.com.br\/n\/uploads\/2021\/09\/shopping-mall-1659089_1280.jpg\" \/>\n\t<meta property=\"og:image:width\" content=\"1280\" \/>\n\t<meta property=\"og:image:height\" content=\"960\" \/>\n\t<meta property=\"og:image:type\" content=\"image\/jpeg\" \/>\n<meta name=\"author\" content=\"Laura Moutinho\" \/>\n<meta name=\"twitter:card\" content=\"summary_large_image\" \/>\n<meta name=\"twitter:creator\" content=\"@sunoresearch\" \/>\n<meta name=\"twitter:site\" content=\"@sunoresearch\" \/>\n<meta name=\"twitter:label1\" content=\"Escrito por\" \/>\n\t<meta name=\"twitter:data1\" content=\"Laura Moutinho\" \/>\n\t<meta name=\"twitter:label2\" content=\"Est. tempo de leitura\" \/>\n\t<meta name=\"twitter:data2\" content=\"2 minutos\" \/>\n<script type=\"application\/ld+json\" class=\"yoast-schema-graph\">{\"@context\":\"https:\/\/schema.org\",\"@graph\":[{\"@type\":\"NewsArticle\",\"@id\":\"https:\/\/www.suno.com.br\/noticias\/brmalls-brml3-aprova-recompra-acoes\/#article\",\"isPartOf\":{\"@id\":\"https:\/\/www.suno.com.br\/noticias\/brmalls-brml3-aprova-recompra-acoes\/\"},\"author\":{\"name\":\"Laura Moutinho\",\"@id\":\"https:\/\/www.suno.com.br\/noticias\/#\/schema\/person\/3df0d2808748b74496efe5dbeaef2c72\"},\"headline\":\"brMalls (BRML3) anuncia programa de recompra de a\u00e7\u00f5es\",\"datePublished\":\"2021-09-15T22:51:44+00:00\",\"mainEntityOfPage\":{\"@id\":\"https:\/\/www.suno.com.br\/noticias\/brmalls-brml3-aprova-recompra-acoes\/\"},\"wordCount\":376,\"publisher\":{\"@id\":\"https:\/\/www.suno.com.br\/noticias\/#organization\"},\"image\":{\"@id\":\"https:\/\/www.suno.com.br\/noticias\/brmalls-brml3-aprova-recompra-acoes\/#primaryimage\"},\"thumbnailUrl\":\"https:\/\/files.sunoresearch.com.br\/n\/uploads\/2021\/09\/shopping-mall-1659089_1280.jpg\",\"keywords\":[\"BRMalls (BRML3)\",\"recompra de a\u00e7\u00f5es\"],\"articleSection\":[\"Neg\u00f3cios\"],\"inLanguage\":\"pt-BR\"},{\"@type\":\"WebPage\",\"@id\":\"https:\/\/www.suno.com.br\/noticias\/brmalls-brml3-aprova-recompra-acoes\/\",\"url\":\"https:\/\/www.suno.com.br\/noticias\/brmalls-brml3-aprova-recompra-acoes\/\",\"name\":\"brMalls (BRML3) anuncia programa de recompra de a\u00e7\u00f5es\",\"isPartOf\":{\"@id\":\"https:\/\/www.suno.com.br\/noticias\/#website\"},\"primaryImageOfPage\":{\"@id\":\"https:\/\/www.suno.com.br\/noticias\/brmalls-brml3-aprova-recompra-acoes\/#primaryimage\"},\"image\":{\"@id\":\"https:\/\/www.suno.com.br\/noticias\/brmalls-brml3-aprova-recompra-acoes\/#primaryimage\"},\"thumbnailUrl\":\"https:\/\/files.sunoresearch.com.br\/n\/uploads\/2021\/09\/shopping-mall-1659089_1280.jpg\",\"datePublished\":\"2021-09-15T22:51:44+00:00\",\"description\":\"A brMalls (BRML3)\u00a0aprovou nesta quarta-feira (14) um programa de recompra de a\u00e7\u00f5es de emiss\u00e3o pr\u00f3pria. Clique aqui e saiba mais!\",\"breadcrumb\":{\"@id\":\"https:\/\/www.suno.com.br\/noticias\/brmalls-brml3-aprova-recompra-acoes\/#breadcrumb\"},\"inLanguage\":\"pt-BR\",\"potentialAction\":[{\"@type\":\"ReadAction\",\"target\":[\"https:\/\/www.suno.com.br\/noticias\/brmalls-brml3-aprova-recompra-acoes\/\"]}]},{\"@type\":\"ImageObject\",\"inLanguage\":\"pt-BR\",\"@id\":\"https:\/\/www.suno.com.br\/noticias\/brmalls-brml3-aprova-recompra-acoes\/#primaryimage\",\"url\":\"https:\/\/files.sunoresearch.com.br\/n\/uploads\/2021\/09\/shopping-mall-1659089_1280.jpg\",\"contentUrl\":\"https:\/\/files.sunoresearch.com.br\/n\/uploads\/2021\/09\/shopping-mall-1659089_1280.jpg\",\"width\":1280,\"height\":960,\"caption\":\"shopping. Foto: Pixabay\"},{\"@type\":\"BreadcrumbList\",\"@id\":\"https:\/\/www.suno.com.br\/noticias\/brmalls-brml3-aprova-recompra-acoes\/#breadcrumb\",\"itemListElement\":[{\"@type\":\"ListItem\",\"position\":1,\"name\":\"Not\u00edcias\",\"item\":\"https:\/\/www.suno.com.br\/noticias\/\"},{\"@type\":\"ListItem\",\"position\":2,\"name\":\"Neg\u00f3cios\",\"item\":\"https:\/\/www.suno.com.br\/noticias\/negocios\/\"},{\"@type\":\"ListItem\",\"position\":3,\"name\":\"brMalls (BRML3) anuncia programa de recompra de a\u00e7\u00f5es\"}]},{\"@type\":\"WebSite\",\"@id\":\"https:\/\/www.suno.com.br\/noticias\/#website\",\"url\":\"https:\/\/www.suno.com.br\/noticias\/\",\"name\":\"Suno Not\u00edcias\",\"description\":\"Seu portal de informa\u00e7\u00e3o sobre o mundo dos investimentos\",\"publisher\":{\"@id\":\"https:\/\/www.suno.com.br\/noticias\/#organization\"},\"potentialAction\":[{\"@type\":\"SearchAction\",\"target\":{\"@type\":\"EntryPoint\",\"urlTemplate\":\"https:\/\/www.suno.com.br\/noticias\/?s={search_term_string}\"},\"query-input\":{\"@type\":\"PropertyValueSpecification\",\"valueRequired\":true,\"valueName\":\"search_term_string\"}}],\"inLanguage\":\"pt-BR\"},{\"@type\":\"Organization\",\"@id\":\"https:\/\/www.suno.com.br\/noticias\/#organization\",\"name\":\"Suno Not\u00edcias\",\"url\":\"https:\/\/www.suno.com.br\/noticias\/\",\"logo\":{\"@type\":\"ImageObject\",\"inLanguage\":\"pt-BR\",\"@id\":\"https:\/\/www.suno.com.br\/noticias\/#\/schema\/logo\/image\/\",\"url\":\"https:\/\/files.sunoresearch.com.br\/n\/uploads\/2021\/09\/suno-logo.png\",\"contentUrl\":\"https:\/\/files.sunoresearch.com.br\/n\/uploads\/2021\/09\/suno-logo.png\",\"width\":180,\"height\":180,\"caption\":\"Suno Not\u00edcias\"},\"image\":{\"@id\":\"https:\/\/www.suno.com.br\/noticias\/#\/schema\/logo\/image\/\"},\"sameAs\":[\"https:\/\/facebook.com\/sunoresearch\",\"https:\/\/x.com\/sunoresearch\",\"https:\/\/www.instagram.com\/suno\",\"https:\/\/www.linkedin.com\/company\/suno-research\/\",\"https:\/\/www.youtube.com\/c\/sunoresearch\"]},{\"@type\":\"Person\",\"@id\":\"https:\/\/www.suno.com.br\/noticias\/#\/schema\/person\/3df0d2808748b74496efe5dbeaef2c72\",\"name\":\"Laura Moutinho\",\"image\":{\"@type\":\"ImageObject\",\"inLanguage\":\"pt-BR\",\"@id\":\"https:\/\/www.suno.com.br\/noticias\/#\/schema\/person\/image\/\",\"url\":\"https:\/\/secure.gravatar.com\/avatar\/7571c7c8ca3a6fca5e41384ece5557ff?s=96&r=g\",\"contentUrl\":\"https:\/\/secure.gravatar.com\/avatar\/7571c7c8ca3a6fca5e41384ece5557ff?s=96&r=g\",\"caption\":\"Laura Moutinho\"},\"description\":\"Estagi\u00e1ria na Suno Not\u00edcias, escreve not\u00edcias que afetam o mercado financeiro. Estuda administra\u00e7\u00e3o na Universidade Presbiteriana Mackenzie.\",\"url\":\"https:\/\/www.suno.com.br\/noticias\/author\/laura-moutinho\/\"}]}<\/script>\n<!-- \/ Yoast SEO plugin. -->","yoast_head_json":{"title":"brMalls (BRML3) anuncia programa de recompra de a\u00e7\u00f5es","description":"A brMalls (BRML3)\u00a0aprovou nesta quarta-feira (14) um programa de recompra de a\u00e7\u00f5es de emiss\u00e3o pr\u00f3pria. Clique aqui e saiba mais!","robots":{"index":"index","follow":"follow","max-snippet":"max-snippet:-1","max-image-preview":"max-image-preview:large","max-video-preview":"max-video-preview:-1"},"canonical":"https:\/\/www.suno.com.br\/noticias\/brmalls-brml3-aprova-recompra-acoes\/","og_locale":"pt_BR","og_type":"article","og_title":"brMalls (BRML3) anuncia programa de recompra de a\u00e7\u00f5es","og_description":"A brMalls (BRML3)\u00a0aprovou nesta quarta-feira (14) um programa de recompra de a\u00e7\u00f5es de emiss\u00e3o pr\u00f3pria. Clique aqui e saiba mais!","og_url":"https:\/\/www.suno.com.br\/noticias\/brmalls-brml3-aprova-recompra-acoes\/","og_site_name":"Suno Not\u00edcias","article_publisher":"https:\/\/facebook.com\/sunoresearch","og_image":[{"width":1280,"height":960,"url":"https:\/\/files.sunoresearch.com.br\/n\/uploads\/2021\/09\/shopping-mall-1659089_1280.jpg","type":"image\/jpeg"}],"author":"Laura Moutinho","twitter_card":"summary_large_image","twitter_creator":"@sunoresearch","twitter_site":"@sunoresearch","twitter_misc":{"Escrito por":"Laura Moutinho","Est. tempo de leitura":"2 minutos"},"schema":{"@context":"https:\/\/schema.org","@graph":[{"@type":"NewsArticle","@id":"https:\/\/www.suno.com.br\/noticias\/brmalls-brml3-aprova-recompra-acoes\/#article","isPartOf":{"@id":"https:\/\/www.suno.com.br\/noticias\/brmalls-brml3-aprova-recompra-acoes\/"},"author":{"name":"Laura Moutinho","@id":"https:\/\/www.suno.com.br\/noticias\/#\/schema\/person\/3df0d2808748b74496efe5dbeaef2c72"},"headline":"brMalls (BRML3) anuncia programa de recompra de a\u00e7\u00f5es","datePublished":"2021-09-15T22:51:44+00:00","mainEntityOfPage":{"@id":"https:\/\/www.suno.com.br\/noticias\/brmalls-brml3-aprova-recompra-acoes\/"},"wordCount":376,"publisher":{"@id":"https:\/\/www.suno.com.br\/noticias\/#organization"},"image":{"@id":"https:\/\/www.suno.com.br\/noticias\/brmalls-brml3-aprova-recompra-acoes\/#primaryimage"},"thumbnailUrl":"https:\/\/files.sunoresearch.com.br\/n\/uploads\/2021\/09\/shopping-mall-1659089_1280.jpg","keywords":["BRMalls (BRML3)","recompra de a\u00e7\u00f5es"],"articleSection":["Neg\u00f3cios"],"inLanguage":"pt-BR"},{"@type":"WebPage","@id":"https:\/\/www.suno.com.br\/noticias\/brmalls-brml3-aprova-recompra-acoes\/","url":"https:\/\/www.suno.com.br\/noticias\/brmalls-brml3-aprova-recompra-acoes\/","name":"brMalls (BRML3) anuncia programa de recompra de a\u00e7\u00f5es","isPartOf":{"@id":"https:\/\/www.suno.com.br\/noticias\/#website"},"primaryImageOfPage":{"@id":"https:\/\/www.suno.com.br\/noticias\/brmalls-brml3-aprova-recompra-acoes\/#primaryimage"},"image":{"@id":"https:\/\/www.suno.com.br\/noticias\/brmalls-brml3-aprova-recompra-acoes\/#primaryimage"},"thumbnailUrl":"https:\/\/files.sunoresearch.com.br\/n\/uploads\/2021\/09\/shopping-mall-1659089_1280.jpg","datePublished":"2021-09-15T22:51:44+00:00","description":"A brMalls (BRML3)\u00a0aprovou nesta quarta-feira (14) um programa de recompra de a\u00e7\u00f5es de emiss\u00e3o pr\u00f3pria. Clique aqui e saiba mais!","breadcrumb":{"@id":"https:\/\/www.suno.com.br\/noticias\/brmalls-brml3-aprova-recompra-acoes\/#breadcrumb"},"inLanguage":"pt-BR","potentialAction":[{"@type":"ReadAction","target":["https:\/\/www.suno.com.br\/noticias\/brmalls-brml3-aprova-recompra-acoes\/"]}]},{"@type":"ImageObject","inLanguage":"pt-BR","@id":"https:\/\/www.suno.com.br\/noticias\/brmalls-brml3-aprova-recompra-acoes\/#primaryimage","url":"https:\/\/files.sunoresearch.com.br\/n\/uploads\/2021\/09\/shopping-mall-1659089_1280.jpg","contentUrl":"https:\/\/files.sunoresearch.com.br\/n\/uploads\/2021\/09\/shopping-mall-1659089_1280.jpg","width":1280,"height":960,"caption":"shopping. Foto: Pixabay"},{"@type":"BreadcrumbList","@id":"https:\/\/www.suno.com.br\/noticias\/brmalls-brml3-aprova-recompra-acoes\/#breadcrumb","itemListElement":[{"@type":"ListItem","position":1,"name":"Not\u00edcias","item":"https:\/\/www.suno.com.br\/noticias\/"},{"@type":"ListItem","position":2,"name":"Neg\u00f3cios","item":"https:\/\/www.suno.com.br\/noticias\/negocios\/"},{"@type":"ListItem","position":3,"name":"brMalls (BRML3) anuncia programa de recompra de a\u00e7\u00f5es"}]},{"@type":"WebSite","@id":"https:\/\/www.suno.com.br\/noticias\/#website","url":"https:\/\/www.suno.com.br\/noticias\/","name":"Suno Not\u00edcias","description":"Seu portal de informa\u00e7\u00e3o sobre o mundo dos investimentos","publisher":{"@id":"https:\/\/www.suno.com.br\/noticias\/#organization"},"potentialAction":[{"@type":"SearchAction","target":{"@type":"EntryPoint","urlTemplate":"https:\/\/www.suno.com.br\/noticias\/?s={search_term_string}"},"query-input":{"@type":"PropertyValueSpecification","valueRequired":true,"valueName":"search_term_string"}}],"inLanguage":"pt-BR"},{"@type":"Organization","@id":"https:\/\/www.suno.com.br\/noticias\/#organization","name":"Suno Not\u00edcias","url":"https:\/\/www.suno.com.br\/noticias\/","logo":{"@type":"ImageObject","inLanguage":"pt-BR","@id":"https:\/\/www.suno.com.br\/noticias\/#\/schema\/logo\/image\/","url":"https:\/\/files.sunoresearch.com.br\/n\/uploads\/2021\/09\/suno-logo.png","contentUrl":"https:\/\/files.sunoresearch.com.br\/n\/uploads\/2021\/09\/suno-logo.png","width":180,"height":180,"caption":"Suno Not\u00edcias"},"image":{"@id":"https:\/\/www.suno.com.br\/noticias\/#\/schema\/logo\/image\/"},"sameAs":["https:\/\/facebook.com\/sunoresearch","https:\/\/x.com\/sunoresearch","https:\/\/www.instagram.com\/suno","https:\/\/www.linkedin.com\/company\/suno-research\/","https:\/\/www.youtube.com\/c\/sunoresearch"]},{"@type":"Person","@id":"https:\/\/www.suno.com.br\/noticias\/#\/schema\/person\/3df0d2808748b74496efe5dbeaef2c72","name":"Laura Moutinho","image":{"@type":"ImageObject","inLanguage":"pt-BR","@id":"https:\/\/www.suno.com.br\/noticias\/#\/schema\/person\/image\/","url":"https:\/\/secure.gravatar.com\/avatar\/7571c7c8ca3a6fca5e41384ece5557ff?s=96&r=g","contentUrl":"https:\/\/secure.gravatar.com\/avatar\/7571c7c8ca3a6fca5e41384ece5557ff?s=96&r=g","caption":"Laura Moutinho"},"description":"Estagi\u00e1ria na Suno Not\u00edcias, escreve not\u00edcias que afetam o mercado financeiro. Estuda administra\u00e7\u00e3o na Universidade Presbiteriana Mackenzie.","url":"https:\/\/www.suno.com.br\/noticias\/author\/laura-moutinho\/"}]}},"default_loop_html":"<div class=\"cardsPage__listCard__boxs\"><div class=\"cardsPage__listCard__boxs__img\"><a href=\"https:\/\/www.suno.com.br\/noticias\/brmalls-brml3-aprova-recompra-acoes\/\"><img class=\"mask\" src=\"https:\/\/www.suno.com.br\/noticias\/wp-content\/themes\/suno\/resources\/images\/spotlight\/spotlight1img\/bg-mask.png\" alt=\"Image Mask\"\/><img src=\"https:\/\/files.sunoresearch.com.br\/n\/uploads\/2021\/09\/shopping-mall-1659089_1280-400x200.jpg\" alt=\"brMalls (BRML3) anuncia programa de recompra de a\u00e7\u00f5es\"\/><\/a><span class=\"spotlightCategory\"><a href=\"https:\/\/www.suno.com.br\/noticias\/negocios\/\">Neg\u00f3cios<\/a><\/span><\/div><div class=\"cardsPage__listCard__boxs__content\"><a href=\"https:\/\/www.suno.com.br\/noticias\/brmalls-brml3-aprova-recompra-acoes\/\"><h2 class=\"content__title\">brMalls (BRML3) anuncia programa de recompra de a\u00e7\u00f5es<\/h2><\/a><div class=\"newsContent__article__meta\"><div class=\"newsContent__article__meta__authorBox\"><a href=\"https:\/\/www.suno.com.br\/noticias\/author\/laura-moutinho\/\" class=\"authorBox__avatar noMobi\"><img src=\"https:\/\/files.sunoresearch.com.br\/n\/uploads\/2020\/08\/531ff69d-whatsapp-image-2020-08-03-at-14.54.38-150x150.webp\" alt=\"Laura Moutinho\"><\/a><div class=\"authorBox__name\"><span>por\n\t\t\t<a href=\"https:\/\/www.suno.com.br\/noticias\/author\/laura-moutinho\/\"><span itemprop=\"author\">Laura Moutinho<\/span><\/a><\/span><time datetime=\"2021-09-15T19:51:44-03:00\" itemprop=\"datePublished\">15\/09\/2021 19:51<\/time><\/div><\/div><\/div><\/div><\/div>","single_layout":"posts","amp_enabled":true,"_links":{"self":[{"href":"https:\/\/www.suno.com.br\/noticias\/wp-json\/wp\/v2\/posts\/184393"}],"collection":[{"href":"https:\/\/www.suno.com.br\/noticias\/wp-json\/wp\/v2\/posts"}],"about":[{"href":"https:\/\/www.suno.com.br\/noticias\/wp-json\/wp\/v2\/types\/post"}],"author":[{"embeddable":true,"href":"https:\/\/www.suno.com.br\/noticias\/wp-json\/wp\/v2\/users\/39"}],"replies":[{"embeddable":true,"href":"https:\/\/www.suno.com.br\/noticias\/wp-json\/wp\/v2\/comments?post=184393"}],"version-history":[{"count":3,"href":"https:\/\/www.suno.com.br\/noticias\/wp-json\/wp\/v2\/posts\/184393\/revisions"}],"predecessor-version":[{"id":184408,"href":"https:\/\/www.suno.com.br\/noticias\/wp-json\/wp\/v2\/posts\/184393\/revisions\/184408"}],"wp:featuredmedia":[{"embeddable":true,"href":"https:\/\/www.suno.com.br\/noticias\/wp-json\/wp\/v2\/media\/184401"}],"wp:attachment":[{"href":"https:\/\/www.suno.com.br\/noticias\/wp-json\/wp\/v2\/media?parent=184393"}],"wp:term":[{"taxonomy":"category","embeddable":true,"href":"https:\/\/www.suno.com.br\/noticias\/wp-json\/wp\/v2\/categories?post=184393"},{"taxonomy":"post_tag","embeddable":true,"href":"https:\/\/www.suno.com.br\/noticias\/wp-json\/wp\/v2\/tags?post=184393"},{"taxonomy":"suno_strategy","embeddable":true,"href":"https:\/\/www.suno.com.br\/noticias\/wp-json\/wp\/v2\/suno_strategy?post=184393"}],"curies":[{"name":"wp","href":"https:\/\/api.w.org\/{rel}","templated":true}]}}