{"id":184329,"date":"2021-09-15T23:28:38","date_gmt":"2021-09-16T02:28:38","guid":{"rendered":"https:\/\/www.suno.com.br\/noticias\/?p=184329"},"modified":"2021-09-15T23:28:38","modified_gmt":"2021-09-16T02:28:38","slug":"randon-rapt4-nova-linha-ferrea","status":"publish","type":"post","link":"https:\/\/www.suno.com.br\/noticias\/randon-rapt4-nova-linha-ferrea\/","title":{"rendered":"Randon (RAPT4) anuncia nova linha f\u00e9rrea no interior de SP"},"content":{"rendered":"<p>O grupo <strong>Randon (RAPT4<\/strong>) anunciou hoje (15) que ir\u00e1 inaugurar linha f\u00e9rrea em Araraquara (SP), para acelerar seu servi\u00e7o de distribui\u00e7\u00e3o.\u00a0 A obra ficar\u00e1 pronta em 2023.<\/p>\t<div class=\"wrapper-featured-image\">\n\t\t<figure class=\"spotlightImg\">\n\n\t\t\t<picture>\n\t\t\t\t<source media=\"(max-width: 768px)\" srcset=\"https:\/\/files.sunoresearch.com.br\/n\/uploads\/2021\/08\/48062198-railway-tracks-3455169_1920-400x200.jpg\">\n\t\t\t\t<img loading=\"lazy\" decoding=\"async\" class=\"newsContent__article__imgCapa lazyloadDisabled \" src=\"https:\/\/files.sunoresearch.com.br\/n\/uploads\/2021\/08\/48062198-railway-tracks-3455169_1920-800x450.jpg\" width=\"800\" height=\"450\" alt=\"Randon (RAPT4) anuncia nova linha f\u00e9rrea no interior de SP\" fetchpriority=high \/>\n\t\t\t<\/picture>\n\n\t\t\t<figcaption class=\"wp-caption-text wp-caption-text--show\">Ap\u00f3s entrar em per\u00edodo de queda, min\u00e9rio de ferro retomou o patamar de US$ 120 e puxa altas do Ibovespa - Foto: Pixabay<\/figcaption>\n\t\t<\/figure>\n\t<\/div>\n\n\n\t<p>\n\t\t<a href=\"https:\/\/lp.suno.com.br\/planilha-controle-gastos\/\" target=\"_blank\" data-element=\"shortcode-suno-banner\" title=\"Banner SUNO, clique e saiba mais\">\n\t\t\t<picture>\n\t\t\t\t<source media=\"(max-width: 500px)\" srcset=\"https:\/\/files.sunoresearch.com.br\/n\/uploads\/2023\/03\/400x300-Planilha-controle-de-gastos.png\">\n\t\t\t\t<img class=\"newsContent__article__imgCapa newsContent__article__imgCapa--banner\"\n\t\t\t\t\tsrc=\"https:\/\/files.sunoresearch.com.br\/n\/uploads\/2023\/03\/1420x240-Planilha-controle-de-gastos.png\"\n\t\t\t\t\tdata-promo-id=\"101751\"\t\t\t\t\t\t\t\t\t\twidth='1420' height='240'\t\t\t\t\talt=\"https:\/\/files.sunoresearch.com.br\/n\/uploads\/2023\/03\/1420x240-Planilha-controle-de-gastos.png\"\n\t\t\t\t>\n\t\t\t<\/picture>\n\t\t<\/a>\n\t<\/p>\n\n\n<p>A linha f\u00e9rrea partir\u00e1 de dentro da f\u00e1brica e percorrer\u00e1 1,5 km transportando vag\u00f5es, reboques e semirreboques a um ramal principal na mesma cidade, de onde ser\u00e3o enviados para clientes da empresa em todo o Pa\u00eds por ferrovias.<\/p>\n<p>O presidente da empresa, Daniel Randon, diz que o transporte hoje \u00e9 feito por rodovia, o que exige complexa log\u00edstica. Os implementos precisam ser levados at\u00e9 a cidade de Sumar\u00e9, onde s\u00e3o montados em um galp\u00e3o, num percurso total de 150 km.<\/p>\n<p>&#8220;Com a linha, eles v\u00e3o sair de dentro da f\u00e1brica montados at\u00e9 o ramal, onde teremos \u00e1rea de armazenamento para 40 a 50 vag\u00f5es&#8221;, afirma Randon. &#8220;Vamos diminuir o tempo de entrega no m\u00ednimo em cinco dias, al\u00e9m de reduzir custo log\u00edstico e melhorar a qualidade da opera\u00e7\u00e3o.&#8221;<\/p>\n\t<p>\n\t\t<a href=\"https:\/\/lp.suno.com.br\/planilha-da-vida-financeira\/\" target=\"_blank\" data-element=\"shortcode-suno-banner\" title=\"Banner SUNO, clique e saiba mais\">\n\t\t\t<picture>\n\t\t\t\t<source media=\"(max-width: 500px)\" srcset=\"https:\/\/files.sunoresearch.com.br\/n\/uploads\/2023\/04\/400x300-Planilha-vida-financeira-true.png\">\n\t\t\t\t<img class=\"newsContent__article__imgCapa newsContent__article__imgCapa--banner\"\n\t\t\t\t\tsrc=\"https:\/\/files.sunoresearch.com.br\/n\/uploads\/2023\/04\/1420x240-Planilha-vida-financeira-true.png\"\n\t\t\t\t\tdata-promo-id=\"106682\"\t\t\t\t\t\t\t\t\t\twidth='1420' height='240'\t\t\t\t\talt=\"https:\/\/files.sunoresearch.com.br\/n\/uploads\/2023\/04\/1420x240-Planilha-vida-financeira-true.png\"\n\t\t\t\t>\n\t\t\t<\/picture>\n\t\t<\/a>\n\t<\/p>\n\n\n<p>O projeto est\u00e1 contemplado no investimento de R$ 40 milh\u00f5es que o grupo fez na amplia\u00e7\u00e3o da <a class=\"suno-keyword\" href=\"https:\/\/www.suno.com.br\/artigos\/capacidade-produtiva\/\" target=\"_blank\" rel=\"noopener\" data-force=\"no\" data-priority=\"1\">capacidade produtiva<\/a> da f\u00e1brica, que passa de 25 para 45 reboques ao dia e de 8 para 16 vag\u00f5es. Como \u00e9 uma opera\u00e7\u00e3o conectada a outras do grupo, a capacidade total di\u00e1ria atingir\u00e1 150 reboques, ante 130 hoje. A Randon j\u00e1 estava trabalhando para ampliar a capacidade produtiva de diversas unidades, tendo adquirido sete empresas em dois anos.<\/p>\n<h2><b>Randon segue ampliando neg\u00f3cios<\/b><\/h2>\n<p>A amplia\u00e7\u00e3o j\u00e1 gerou 170 novos postos de trabalho e mais 90 ser\u00e3o abertos nos pr\u00f3ximos meses. A unidade de Araraquara emprega atualmente 500 funcion\u00e1rios. O grupo todo tem 14 mil funcion\u00e1rios, dos quais mil no exterior.<\/p>\n<p>Segundo o diretor-geral da Randon Implementos, Sandro Trentin, h\u00e1 grande demanda por semirreboques e vag\u00f5es ferrovi\u00e1rios principalmente por parte dos setores de agroneg\u00f3cio e minera\u00e7\u00e3o, assim como de transporte de produtos em geral por causa do aumento de vendas pelo e-commerce.<\/p>\n\t<div data-element=\"shortcode-read-more\" class=\"knowMore\">\n\t\t\t\t<span class=\"knowMore__title\">Saiba mais:<\/span>\n\t\t\t\t<a class=\"knowMore__link\" href=\"https:\/\/www.suno.com.br\/noticias\/randon-rapt4-balanco-2tri\/\">\n\t\t\tRandon (RAPT4) v\u00ea lucro subir 121% no 2TRI com aquisi\u00e7\u00f5es e forte demanda do transporte agr\u00edcola\t\t<\/a>\n\t<\/div>\n\n\n<p>A empresa opera com capacidade plena, e alguns produtos precisam de tr\u00eas a quatro meses para serem entregues. &#8220;Com a amplia\u00e7\u00e3o vamos poder operar com prazos m\u00e9dios de mercado, que \u00e9 de 45 a 60 dias&#8221;, afirma Trentin. Com as reformas, o grupo tamb\u00e9m quer estar preparado para atender a demandas que devem surgir com os novos programas de concess\u00f5es.<\/p>\n\t<p>\n\t\t<a href=\"https:\/\/lp.suno.com.br\/planilha-de-controle-de-investimentos\/\" target=\"_blank\" data-element=\"shortcode-suno-banner\" title=\"Banner SUNO, clique e saiba mais\">\n\t\t\t<picture>\n\t\t\t\t<source media=\"(max-width: 500px)\" srcset=\"https:\/\/files.sunoresearch.com.br\/n\/uploads\/2023\/03\/400x300-Controle-de-Investimentos.png\">\n\t\t\t\t<img class=\"newsContent__article__imgCapa newsContent__article__imgCapa--banner\"\n\t\t\t\t\tsrc=\"https:\/\/files.sunoresearch.com.br\/n\/uploads\/2023\/03\/1420x240-Controle-de-Investimentos.png\"\n\t\t\t\t\tdata-promo-id=\"75934\"\t\t\t\t\t\t\t\t\t\twidth='1420' height='240'\t\t\t\t\talt=\"https:\/\/files.sunoresearch.com.br\/n\/uploads\/2023\/03\/1420x240-Controle-de-Investimentos.png\"\n\t\t\t\t>\n\t\t\t<\/picture>\n\t\t<\/a>\n\t<\/p>\n\n\n<p>O grupo tamb\u00e9m atua nos ramos de autope\u00e7as para caminh\u00f5es, \u00f4nibus, reboques e m\u00e1quinas agr\u00edcolas, usinagem, seguro, banco e cons\u00f3rcio, al\u00e9m de tecnologia por meio da Randon Tech Solution, unidade de acelera\u00e7\u00e3o e desenvolvimento de automa\u00e7\u00e3o.<\/p>\n<p>A divis\u00e3o adquiriu em fevereiro, a Auttom, de Caxias do Sul (RS), que atua com solu\u00e7\u00f5es tecnol\u00f3gicas em automa\u00e7\u00e3o e rob\u00f3tica industrial. Essa empresa foi respons\u00e1vel pela compra, em leil\u00e3o, de 250 rob\u00f4s da Ford que operavam na f\u00e1brica de caminh\u00f5es no ABC paulista, fechada em 2019. Eles ser\u00e3o instalados na filial de Araraquara e nas demais unidades grupo.<\/p>\n\t<p>\n\t\t<a href=\"https:\/\/lp.suno.com.br\/ebook-como-analisar-uma-acao\/\" target=\"_blank\" data-element=\"shortcode-suno-banner\" title=\"Banner SUNO, clique e saiba mais\">\n\t\t\t<picture>\n\t\t\t\t<source media=\"(max-width: 500px)\" srcset=\"https:\/\/files.sunoresearch.com.br\/n\/uploads\/2023\/03\/Ebook-Acoes-Mobile-1.jpg\">\n\t\t\t\t<img class=\"newsContent__article__imgCapa newsContent__article__imgCapa--banner\"\n\t\t\t\t\tsrc=\"https:\/\/files.sunoresearch.com.br\/n\/uploads\/2023\/03\/Ebook-Acoes-Desktop-1.jpg\"\n\t\t\t\t\tdata-promo-id=\"171998\"\t\t\t\t\t\t\t\t\t\twidth='1420' height='286'\t\t\t\t\talt=\"https:\/\/files.sunoresearch.com.br\/n\/uploads\/2023\/03\/Ebook-Acoes-Desktop-1.jpg\"\n\t\t\t\t>\n\t\t\t<\/picture>\n\t\t<\/a>\n\t<\/p>\n\n\n<p>As outras empresas adquiridas pela <strong>Randon<\/strong> em 2020 e 2021 foram Nakata, Fundituba, CNCS, Menfund, Ferrari Metal\u00fargica e uma corretora de seguros.<\/p>\n<p><em>(Com informa\u00e7\u00f5es da Ag\u00eancia Estado)<\/em><\/p>\n\t<p>\n\t\t<a href=\"\" target=\"_blank\" data-element=\"shortcode-suno-banner\" title=\"Banner SUNO, clique e saiba mais\">\n\t\t\t<picture>\n\t\t\t\t<source media=\"(max-width: 500px)\" srcset=\"\">\n\t\t\t\t<img class=\"newsContent__article__imgCapa newsContent__article__imgCapa--banner\"\n\t\t\t\t\tsrc=\"\"\n\t\t\t\t\tdata-promo-id=\"184190\"\t\t\t\t\t\t\t\t\t\t\t\t\t\t\talt=\"\"\n\t\t\t\t>\n\t\t\t<\/picture>\n\t\t<\/a>\n\t<\/p>\n\n\n","protected":false},"excerpt":{"rendered":"<p>O grupo Randon (RAPT4) anunciou hoje (15) que ir\u00e1 inaugurar linha f\u00e9rrea em Araraquara (SP), para acelerar seu servi\u00e7o de distribui\u00e7\u00e3o.\u00a0 A obra ficar\u00e1 pronta em 2023. Ap\u00f3s entrar em per\u00edodo de queda, min\u00e9rio de ferro retomou o patamar de US$ 120 e puxa altas do Ibovespa &#8211; Foto: Pixabay A linha f\u00e9rrea partir\u00e1 de [&hellip;]<\/p>\n","protected":false},"author":118,"featured_media":179702,"comment_status":"closed","ping_status":"closed","sticky":false,"template":"","format":"standard","meta":[],"categories":[64],"tags":[614],"suno_strategy":[],"class_list":["post-184329","post","type-post","status-publish","format-standard","has-post-thumbnail","hentry","category-negocios","tag-randon-rapt3-rapt4"],"yoast_head":"<!-- This site is optimized with the Yoast SEO plugin v24.4 - https:\/\/yoast.com\/wordpress\/plugins\/seo\/ -->\n<title>Randon (RAPT4) anuncia nova linha f\u00e9rrea no interior de SP<\/title>\n<meta name=\"description\" content=\"O grupo Randon (RAPT4) anunciou hoje (15) que ir\u00e1 inaugurar linha f\u00e9rrea em Araraquara (SP), com inaugura\u00e7\u00e3o prevista para 2023. Saiba mais\" \/>\n<meta name=\"robots\" content=\"index, follow, max-snippet:-1, max-image-preview:large, max-video-preview:-1\" \/>\n<link rel=\"canonical\" href=\"https:\/\/www.suno.com.br\/noticias\/randon-rapt4-nova-linha-ferrea\/\" \/>\n<meta property=\"og:locale\" content=\"pt_BR\" \/>\n<meta property=\"og:type\" content=\"article\" \/>\n<meta property=\"og:title\" content=\"Randon (RAPT4) anuncia nova linha f\u00e9rrea no interior de SP\" \/>\n<meta property=\"og:description\" content=\"O grupo Randon (RAPT4) anunciou hoje (15) que ir\u00e1 inaugurar linha f\u00e9rrea em Araraquara (SP), com inaugura\u00e7\u00e3o prevista para 2023. Saiba mais\" \/>\n<meta property=\"og:url\" content=\"https:\/\/www.suno.com.br\/noticias\/randon-rapt4-nova-linha-ferrea\/\" \/>\n<meta property=\"og:site_name\" content=\"Suno Not\u00edcias\" \/>\n<meta property=\"article:publisher\" content=\"https:\/\/facebook.com\/sunoresearch\" \/>\n<meta property=\"og:image\" content=\"https:\/\/files.sunoresearch.com.br\/n\/uploads\/2021\/08\/48062198-railway-tracks-3455169_1920.jpg\" \/>\n\t<meta property=\"og:image:width\" content=\"1920\" \/>\n\t<meta property=\"og:image:height\" content=\"1280\" \/>\n\t<meta property=\"og:image:type\" content=\"image\/jpeg\" \/>\n<meta name=\"author\" content=\"Bruno Galv\u00e3o\" \/>\n<meta name=\"twitter:card\" content=\"summary_large_image\" \/>\n<meta name=\"twitter:creator\" content=\"@sunoresearch\" \/>\n<meta name=\"twitter:site\" content=\"@sunoresearch\" \/>\n<meta name=\"twitter:label1\" content=\"Escrito por\" \/>\n\t<meta name=\"twitter:data1\" content=\"Bruno Galv\u00e3o\" \/>\n\t<meta name=\"twitter:label2\" content=\"Est. tempo de leitura\" \/>\n\t<meta name=\"twitter:data2\" content=\"3 minutos\" \/>\n<script type=\"application\/ld+json\" class=\"yoast-schema-graph\">{\"@context\":\"https:\/\/schema.org\",\"@graph\":[{\"@type\":\"NewsArticle\",\"@id\":\"https:\/\/www.suno.com.br\/noticias\/randon-rapt4-nova-linha-ferrea\/#article\",\"isPartOf\":{\"@id\":\"https:\/\/www.suno.com.br\/noticias\/randon-rapt4-nova-linha-ferrea\/\"},\"author\":{\"name\":\"Bruno Galv\u00e3o\",\"@id\":\"https:\/\/www.suno.com.br\/noticias\/#\/schema\/person\/06f0d962a6b1c54852e4860f16935600\"},\"headline\":\"Randon (RAPT4) anuncia nova linha f\u00e9rrea no interior de SP\",\"datePublished\":\"2021-09-16T02:28:38+00:00\",\"mainEntityOfPage\":{\"@id\":\"https:\/\/www.suno.com.br\/noticias\/randon-rapt4-nova-linha-ferrea\/\"},\"wordCount\":563,\"publisher\":{\"@id\":\"https:\/\/www.suno.com.br\/noticias\/#organization\"},\"image\":{\"@id\":\"https:\/\/www.suno.com.br\/noticias\/randon-rapt4-nova-linha-ferrea\/#primaryimage\"},\"thumbnailUrl\":\"https:\/\/files.sunoresearch.com.br\/n\/uploads\/2021\/08\/48062198-railway-tracks-3455169_1920.jpg\",\"keywords\":[\"Randon (RAPT3\/RAPT4)\"],\"articleSection\":[\"Neg\u00f3cios\"],\"inLanguage\":\"pt-BR\"},{\"@type\":\"WebPage\",\"@id\":\"https:\/\/www.suno.com.br\/noticias\/randon-rapt4-nova-linha-ferrea\/\",\"url\":\"https:\/\/www.suno.com.br\/noticias\/randon-rapt4-nova-linha-ferrea\/\",\"name\":\"Randon (RAPT4) anuncia nova linha f\u00e9rrea no interior de SP\",\"isPartOf\":{\"@id\":\"https:\/\/www.suno.com.br\/noticias\/#website\"},\"primaryImageOfPage\":{\"@id\":\"https:\/\/www.suno.com.br\/noticias\/randon-rapt4-nova-linha-ferrea\/#primaryimage\"},\"image\":{\"@id\":\"https:\/\/www.suno.com.br\/noticias\/randon-rapt4-nova-linha-ferrea\/#primaryimage\"},\"thumbnailUrl\":\"https:\/\/files.sunoresearch.com.br\/n\/uploads\/2021\/08\/48062198-railway-tracks-3455169_1920.jpg\",\"datePublished\":\"2021-09-16T02:28:38+00:00\",\"description\":\"O grupo Randon (RAPT4) anunciou hoje (15) que ir\u00e1 inaugurar linha f\u00e9rrea em Araraquara (SP), com inaugura\u00e7\u00e3o prevista para 2023. Saiba mais\",\"breadcrumb\":{\"@id\":\"https:\/\/www.suno.com.br\/noticias\/randon-rapt4-nova-linha-ferrea\/#breadcrumb\"},\"inLanguage\":\"pt-BR\",\"potentialAction\":[{\"@type\":\"ReadAction\",\"target\":[\"https:\/\/www.suno.com.br\/noticias\/randon-rapt4-nova-linha-ferrea\/\"]}]},{\"@type\":\"ImageObject\",\"inLanguage\":\"pt-BR\",\"@id\":\"https:\/\/www.suno.com.br\/noticias\/randon-rapt4-nova-linha-ferrea\/#primaryimage\",\"url\":\"https:\/\/files.sunoresearch.com.br\/n\/uploads\/2021\/08\/48062198-railway-tracks-3455169_1920.jpg\",\"contentUrl\":\"https:\/\/files.sunoresearch.com.br\/n\/uploads\/2021\/08\/48062198-railway-tracks-3455169_1920.jpg\",\"width\":1920,\"height\":1280,\"caption\":\"Ap\u00f3s entrar em per\u00edodo de queda, min\u00e9rio de ferro retomou o patamar de US$ 120 e puxa altas do Ibovespa - Foto: Pixabay\"},{\"@type\":\"BreadcrumbList\",\"@id\":\"https:\/\/www.suno.com.br\/noticias\/randon-rapt4-nova-linha-ferrea\/#breadcrumb\",\"itemListElement\":[{\"@type\":\"ListItem\",\"position\":1,\"name\":\"Not\u00edcias\",\"item\":\"https:\/\/www.suno.com.br\/noticias\/\"},{\"@type\":\"ListItem\",\"position\":2,\"name\":\"Neg\u00f3cios\",\"item\":\"https:\/\/www.suno.com.br\/noticias\/negocios\/\"},{\"@type\":\"ListItem\",\"position\":3,\"name\":\"Randon (RAPT4) anuncia nova linha f\u00e9rrea no interior de SP\"}]},{\"@type\":\"WebSite\",\"@id\":\"https:\/\/www.suno.com.br\/noticias\/#website\",\"url\":\"https:\/\/www.suno.com.br\/noticias\/\",\"name\":\"Suno Not\u00edcias\",\"description\":\"Seu portal de informa\u00e7\u00e3o sobre o mundo dos investimentos\",\"publisher\":{\"@id\":\"https:\/\/www.suno.com.br\/noticias\/#organization\"},\"potentialAction\":[{\"@type\":\"SearchAction\",\"target\":{\"@type\":\"EntryPoint\",\"urlTemplate\":\"https:\/\/www.suno.com.br\/noticias\/?s={search_term_string}\"},\"query-input\":{\"@type\":\"PropertyValueSpecification\",\"valueRequired\":true,\"valueName\":\"search_term_string\"}}],\"inLanguage\":\"pt-BR\"},{\"@type\":\"Organization\",\"@id\":\"https:\/\/www.suno.com.br\/noticias\/#organization\",\"name\":\"Suno Not\u00edcias\",\"url\":\"https:\/\/www.suno.com.br\/noticias\/\",\"logo\":{\"@type\":\"ImageObject\",\"inLanguage\":\"pt-BR\",\"@id\":\"https:\/\/www.suno.com.br\/noticias\/#\/schema\/logo\/image\/\",\"url\":\"https:\/\/files.sunoresearch.com.br\/n\/uploads\/2021\/09\/suno-logo.png\",\"contentUrl\":\"https:\/\/files.sunoresearch.com.br\/n\/uploads\/2021\/09\/suno-logo.png\",\"width\":180,\"height\":180,\"caption\":\"Suno Not\u00edcias\"},\"image\":{\"@id\":\"https:\/\/www.suno.com.br\/noticias\/#\/schema\/logo\/image\/\"},\"sameAs\":[\"https:\/\/facebook.com\/sunoresearch\",\"https:\/\/x.com\/sunoresearch\",\"https:\/\/www.instagram.com\/suno\",\"https:\/\/www.linkedin.com\/company\/suno-research\/\",\"https:\/\/www.youtube.com\/c\/sunoresearch\"]},{\"@type\":\"Person\",\"@id\":\"https:\/\/www.suno.com.br\/noticias\/#\/schema\/person\/06f0d962a6b1c54852e4860f16935600\",\"name\":\"Bruno Galv\u00e3o\",\"image\":{\"@type\":\"ImageObject\",\"inLanguage\":\"pt-BR\",\"@id\":\"https:\/\/www.suno.com.br\/noticias\/#\/schema\/person\/image\/\",\"url\":\"https:\/\/secure.gravatar.com\/avatar\/53598df0b41c00f12f287a912d0e918e?s=96&r=g\",\"contentUrl\":\"https:\/\/secure.gravatar.com\/avatar\/53598df0b41c00f12f287a912d0e918e?s=96&r=g\",\"caption\":\"Bruno Galv\u00e3o\"},\"description\":\"Escreve para o portal Suno Not\u00edcias. \u00c9 estudante de Jornalismo pela Faculdade C\u00e1sper L\u00edbero e Letras pela USP. Entusiasta de tecnologia e intelig\u00eancia artificial.\",\"url\":\"https:\/\/www.suno.com.br\/noticias\/author\/bruno-garcia\/\"}]}<\/script>\n<!-- \/ Yoast SEO plugin. -->","yoast_head_json":{"title":"Randon (RAPT4) anuncia nova linha f\u00e9rrea no interior de SP","description":"O grupo Randon (RAPT4) anunciou hoje (15) que ir\u00e1 inaugurar linha f\u00e9rrea em Araraquara (SP), com inaugura\u00e7\u00e3o prevista para 2023. Saiba mais","robots":{"index":"index","follow":"follow","max-snippet":"max-snippet:-1","max-image-preview":"max-image-preview:large","max-video-preview":"max-video-preview:-1"},"canonical":"https:\/\/www.suno.com.br\/noticias\/randon-rapt4-nova-linha-ferrea\/","og_locale":"pt_BR","og_type":"article","og_title":"Randon (RAPT4) anuncia nova linha f\u00e9rrea no interior de SP","og_description":"O grupo Randon (RAPT4) anunciou hoje (15) que ir\u00e1 inaugurar linha f\u00e9rrea em Araraquara (SP), com inaugura\u00e7\u00e3o prevista para 2023. Saiba mais","og_url":"https:\/\/www.suno.com.br\/noticias\/randon-rapt4-nova-linha-ferrea\/","og_site_name":"Suno Not\u00edcias","article_publisher":"https:\/\/facebook.com\/sunoresearch","og_image":[{"width":1920,"height":1280,"url":"https:\/\/files.sunoresearch.com.br\/n\/uploads\/2021\/08\/48062198-railway-tracks-3455169_1920.jpg","type":"image\/jpeg"}],"author":"Bruno Galv\u00e3o","twitter_card":"summary_large_image","twitter_creator":"@sunoresearch","twitter_site":"@sunoresearch","twitter_misc":{"Escrito por":"Bruno Galv\u00e3o","Est. tempo de leitura":"3 minutos"},"schema":{"@context":"https:\/\/schema.org","@graph":[{"@type":"NewsArticle","@id":"https:\/\/www.suno.com.br\/noticias\/randon-rapt4-nova-linha-ferrea\/#article","isPartOf":{"@id":"https:\/\/www.suno.com.br\/noticias\/randon-rapt4-nova-linha-ferrea\/"},"author":{"name":"Bruno Galv\u00e3o","@id":"https:\/\/www.suno.com.br\/noticias\/#\/schema\/person\/06f0d962a6b1c54852e4860f16935600"},"headline":"Randon (RAPT4) anuncia nova linha f\u00e9rrea no interior de SP","datePublished":"2021-09-16T02:28:38+00:00","mainEntityOfPage":{"@id":"https:\/\/www.suno.com.br\/noticias\/randon-rapt4-nova-linha-ferrea\/"},"wordCount":563,"publisher":{"@id":"https:\/\/www.suno.com.br\/noticias\/#organization"},"image":{"@id":"https:\/\/www.suno.com.br\/noticias\/randon-rapt4-nova-linha-ferrea\/#primaryimage"},"thumbnailUrl":"https:\/\/files.sunoresearch.com.br\/n\/uploads\/2021\/08\/48062198-railway-tracks-3455169_1920.jpg","keywords":["Randon (RAPT3\/RAPT4)"],"articleSection":["Neg\u00f3cios"],"inLanguage":"pt-BR"},{"@type":"WebPage","@id":"https:\/\/www.suno.com.br\/noticias\/randon-rapt4-nova-linha-ferrea\/","url":"https:\/\/www.suno.com.br\/noticias\/randon-rapt4-nova-linha-ferrea\/","name":"Randon (RAPT4) anuncia nova linha f\u00e9rrea no interior de SP","isPartOf":{"@id":"https:\/\/www.suno.com.br\/noticias\/#website"},"primaryImageOfPage":{"@id":"https:\/\/www.suno.com.br\/noticias\/randon-rapt4-nova-linha-ferrea\/#primaryimage"},"image":{"@id":"https:\/\/www.suno.com.br\/noticias\/randon-rapt4-nova-linha-ferrea\/#primaryimage"},"thumbnailUrl":"https:\/\/files.sunoresearch.com.br\/n\/uploads\/2021\/08\/48062198-railway-tracks-3455169_1920.jpg","datePublished":"2021-09-16T02:28:38+00:00","description":"O grupo Randon (RAPT4) anunciou hoje (15) que ir\u00e1 inaugurar linha f\u00e9rrea em Araraquara (SP), com inaugura\u00e7\u00e3o prevista para 2023. Saiba mais","breadcrumb":{"@id":"https:\/\/www.suno.com.br\/noticias\/randon-rapt4-nova-linha-ferrea\/#breadcrumb"},"inLanguage":"pt-BR","potentialAction":[{"@type":"ReadAction","target":["https:\/\/www.suno.com.br\/noticias\/randon-rapt4-nova-linha-ferrea\/"]}]},{"@type":"ImageObject","inLanguage":"pt-BR","@id":"https:\/\/www.suno.com.br\/noticias\/randon-rapt4-nova-linha-ferrea\/#primaryimage","url":"https:\/\/files.sunoresearch.com.br\/n\/uploads\/2021\/08\/48062198-railway-tracks-3455169_1920.jpg","contentUrl":"https:\/\/files.sunoresearch.com.br\/n\/uploads\/2021\/08\/48062198-railway-tracks-3455169_1920.jpg","width":1920,"height":1280,"caption":"Ap\u00f3s entrar em per\u00edodo de queda, min\u00e9rio de ferro retomou o patamar de US$ 120 e puxa altas do Ibovespa - Foto: Pixabay"},{"@type":"BreadcrumbList","@id":"https:\/\/www.suno.com.br\/noticias\/randon-rapt4-nova-linha-ferrea\/#breadcrumb","itemListElement":[{"@type":"ListItem","position":1,"name":"Not\u00edcias","item":"https:\/\/www.suno.com.br\/noticias\/"},{"@type":"ListItem","position":2,"name":"Neg\u00f3cios","item":"https:\/\/www.suno.com.br\/noticias\/negocios\/"},{"@type":"ListItem","position":3,"name":"Randon (RAPT4) anuncia nova linha f\u00e9rrea no interior de SP"}]},{"@type":"WebSite","@id":"https:\/\/www.suno.com.br\/noticias\/#website","url":"https:\/\/www.suno.com.br\/noticias\/","name":"Suno Not\u00edcias","description":"Seu portal de informa\u00e7\u00e3o sobre o mundo dos investimentos","publisher":{"@id":"https:\/\/www.suno.com.br\/noticias\/#organization"},"potentialAction":[{"@type":"SearchAction","target":{"@type":"EntryPoint","urlTemplate":"https:\/\/www.suno.com.br\/noticias\/?s={search_term_string}"},"query-input":{"@type":"PropertyValueSpecification","valueRequired":true,"valueName":"search_term_string"}}],"inLanguage":"pt-BR"},{"@type":"Organization","@id":"https:\/\/www.suno.com.br\/noticias\/#organization","name":"Suno Not\u00edcias","url":"https:\/\/www.suno.com.br\/noticias\/","logo":{"@type":"ImageObject","inLanguage":"pt-BR","@id":"https:\/\/www.suno.com.br\/noticias\/#\/schema\/logo\/image\/","url":"https:\/\/files.sunoresearch.com.br\/n\/uploads\/2021\/09\/suno-logo.png","contentUrl":"https:\/\/files.sunoresearch.com.br\/n\/uploads\/2021\/09\/suno-logo.png","width":180,"height":180,"caption":"Suno Not\u00edcias"},"image":{"@id":"https:\/\/www.suno.com.br\/noticias\/#\/schema\/logo\/image\/"},"sameAs":["https:\/\/facebook.com\/sunoresearch","https:\/\/x.com\/sunoresearch","https:\/\/www.instagram.com\/suno","https:\/\/www.linkedin.com\/company\/suno-research\/","https:\/\/www.youtube.com\/c\/sunoresearch"]},{"@type":"Person","@id":"https:\/\/www.suno.com.br\/noticias\/#\/schema\/person\/06f0d962a6b1c54852e4860f16935600","name":"Bruno Galv\u00e3o","image":{"@type":"ImageObject","inLanguage":"pt-BR","@id":"https:\/\/www.suno.com.br\/noticias\/#\/schema\/person\/image\/","url":"https:\/\/secure.gravatar.com\/avatar\/53598df0b41c00f12f287a912d0e918e?s=96&r=g","contentUrl":"https:\/\/secure.gravatar.com\/avatar\/53598df0b41c00f12f287a912d0e918e?s=96&r=g","caption":"Bruno Galv\u00e3o"},"description":"Escreve para o portal Suno Not\u00edcias. \u00c9 estudante de Jornalismo pela Faculdade C\u00e1sper L\u00edbero e Letras pela USP. Entusiasta de tecnologia e intelig\u00eancia artificial.","url":"https:\/\/www.suno.com.br\/noticias\/author\/bruno-garcia\/"}]}},"default_loop_html":"<div class=\"cardsPage__listCard__boxs\"><div class=\"cardsPage__listCard__boxs__img\"><a href=\"https:\/\/www.suno.com.br\/noticias\/randon-rapt4-nova-linha-ferrea\/\"><img class=\"mask\" src=\"https:\/\/www.suno.com.br\/noticias\/wp-content\/themes\/suno\/resources\/images\/spotlight\/spotlight1img\/bg-mask.png\" alt=\"Image Mask\"\/><img src=\"https:\/\/files.sunoresearch.com.br\/n\/uploads\/2021\/08\/48062198-railway-tracks-3455169_1920-400x200.jpg\" alt=\"Randon (RAPT4) anuncia nova linha f\u00e9rrea no interior de SP\"\/><\/a><span class=\"spotlightCategory\"><a href=\"https:\/\/www.suno.com.br\/noticias\/negocios\/\">Neg\u00f3cios<\/a><\/span><\/div><div class=\"cardsPage__listCard__boxs__content\"><a href=\"https:\/\/www.suno.com.br\/noticias\/randon-rapt4-nova-linha-ferrea\/\"><h2 class=\"content__title\">Randon (RAPT4) anuncia nova linha f\u00e9rrea no interior de SP<\/h2><\/a><div class=\"newsContent__article__meta\"><div class=\"newsContent__article__meta__authorBox\"><a href=\"https:\/\/www.suno.com.br\/noticias\/author\/bruno-garcia\/\" class=\"authorBox__avatar noMobi\"><img src=\"https:\/\/secure.gravatar.com\/avatar\/53598df0b41c00f12f287a912d0e918e?s=96&#038;r=g\" alt=\"Bruno Galv\u00e3o\"><\/a><div class=\"authorBox__name\"><span>por\n\t\t\t<a href=\"https:\/\/www.suno.com.br\/noticias\/author\/bruno-garcia\/\"><span itemprop=\"author\">Bruno Galv\u00e3o<\/span><\/a><\/span><time datetime=\"2021-09-15T23:28:38-03:00\" itemprop=\"datePublished\">15\/09\/2021 23:28<\/time><\/div><\/div><\/div><\/div><\/div>","single_layout":"posts","amp_enabled":true,"_links":{"self":[{"href":"https:\/\/www.suno.com.br\/noticias\/wp-json\/wp\/v2\/posts\/184329"}],"collection":[{"href":"https:\/\/www.suno.com.br\/noticias\/wp-json\/wp\/v2\/posts"}],"about":[{"href":"https:\/\/www.suno.com.br\/noticias\/wp-json\/wp\/v2\/types\/post"}],"author":[{"embeddable":true,"href":"https:\/\/www.suno.com.br\/noticias\/wp-json\/wp\/v2\/users\/118"}],"replies":[{"embeddable":true,"href":"https:\/\/www.suno.com.br\/noticias\/wp-json\/wp\/v2\/comments?post=184329"}],"version-history":[{"count":4,"href":"https:\/\/www.suno.com.br\/noticias\/wp-json\/wp\/v2\/posts\/184329\/revisions"}],"predecessor-version":[{"id":184452,"href":"https:\/\/www.suno.com.br\/noticias\/wp-json\/wp\/v2\/posts\/184329\/revisions\/184452"}],"wp:featuredmedia":[{"embeddable":true,"href":"https:\/\/www.suno.com.br\/noticias\/wp-json\/wp\/v2\/media\/179702"}],"wp:attachment":[{"href":"https:\/\/www.suno.com.br\/noticias\/wp-json\/wp\/v2\/media?parent=184329"}],"wp:term":[{"taxonomy":"category","embeddable":true,"href":"https:\/\/www.suno.com.br\/noticias\/wp-json\/wp\/v2\/categories?post=184329"},{"taxonomy":"post_tag","embeddable":true,"href":"https:\/\/www.suno.com.br\/noticias\/wp-json\/wp\/v2\/tags?post=184329"},{"taxonomy":"suno_strategy","embeddable":true,"href":"https:\/\/www.suno.com.br\/noticias\/wp-json\/wp\/v2\/suno_strategy?post=184329"}],"curies":[{"name":"wp","href":"https:\/\/api.w.org\/{rel}","templated":true}]}}