{"id":184313,"date":"2021-09-15T17:39:44","date_gmt":"2021-09-15T20:39:44","guid":{"rendered":"https:\/\/www.suno.com.br\/noticias\/?p=184313"},"modified":"2021-09-15T17:50:29","modified_gmt":"2021-09-15T20:50:29","slug":"dolar-fecha-em-queda-15092021","status":"publish","type":"post","link":"https:\/\/www.suno.com.br\/noticias\/dolar-fecha-em-queda-15092021\/","title":{"rendered":"D\u00f3lar recua em dia de pr\u00e9via do PIB e discuss\u00f5es sobre precat\u00f3rios"},"content":{"rendered":"<p>O<strong> d\u00f3lar <\/strong>encerrou as negocia\u00e7\u00f5es desta quarta-feira (15) em queda de 0,38%, frente ao real, valendo R$ 5,238 na venda.<\/p>\t<div class=\"wrapper-featured-image\">\n\t\t<figure class=\"spotlightImg\">\n\n\t\t\t<picture>\n\t\t\t\t<source media=\"(max-width: 768px)\" srcset=\"https:\/\/files.sunoresearch.com.br\/n\/uploads\/2021\/07\/98de8955-dollar-1362244_1920-400x200.jpg\">\n\t\t\t\t<img loading=\"lazy\" decoding=\"async\" class=\"newsContent__article__imgCapa lazyloadDisabled \" src=\"https:\/\/files.sunoresearch.com.br\/n\/uploads\/2021\/07\/98de8955-dollar-1362244_1920-800x450.jpg\" width=\"800\" height=\"450\" alt=\"D\u00f3lar recua em dia de pr\u00e9via do PIB e discuss\u00f5es sobre precat\u00f3rios\" fetchpriority=high \/>\n\t\t\t<\/picture>\n\n\t\t\t<figcaption class=\"wp-caption-text wp-caption-text--show\">D\u00f3lar. Foto: Pixabay<\/figcaption>\n\t\t<\/figure>\n\t<\/div>\n\n\n\t<p>\n\t\t<a href=\"https:\/\/lp.suno.com.br\/planilha-controle-gastos\/\" target=\"_blank\" data-element=\"shortcode-suno-banner\" title=\"Banner SUNO, clique e saiba mais\">\n\t\t\t<picture>\n\t\t\t\t<source media=\"(max-width: 500px)\" srcset=\"https:\/\/files.sunoresearch.com.br\/n\/uploads\/2023\/03\/400x300-Planilha-controle-de-gastos.png\">\n\t\t\t\t<img class=\"newsContent__article__imgCapa newsContent__article__imgCapa--banner\"\n\t\t\t\t\tsrc=\"https:\/\/files.sunoresearch.com.br\/n\/uploads\/2023\/03\/1420x240-Planilha-controle-de-gastos.png\"\n\t\t\t\t\tdata-promo-id=\"101751\"\t\t\t\t\t\t\t\t\t\twidth='1420' height='240'\t\t\t\t\talt=\"https:\/\/files.sunoresearch.com.br\/n\/uploads\/2023\/03\/1420x240-Planilha-controle-de-gastos.png\"\n\t\t\t\t>\n\t\t\t<\/picture>\n\t\t<\/a>\n\t<\/p>\n\n\n<p>O <strong>d\u00f3lar hoje<\/strong> seguiu de olho no <strong>\u00cdndice de Atividade do <a class=\"suno-keyword\" href=\"https:\/\/www.suno.com.br\/artigos\/bacen\/\" target=\"_blank\" rel=\"noopener\" data-force=\"no\" data-priority=\"3\">Banco Central (BC)<\/a><\/strong>, o<strong> IBC-Br,<\/strong> que \u00e9 considerado como a <strong>pr\u00e9via do PIB<\/strong> e subiu 0,60% em julho ante junho, na s\u00e9rie j\u00e1 livre de influ\u00eancias sazonais. O dado do IBC-Br ficou acima da expectativa da pesquisa da <em>Reuters,<\/em> que apontava para uma ata de 0,4%.<\/p>\n<p>O mercado tamb\u00e9m ficou atento \u00e0<strong> PEC dos Precat\u00f3rios<\/strong>. Nesta tarde, a Comiss\u00e3o de Constitui\u00e7\u00e3o e Justi\u00e7a (CCJ) da C\u00e2mara analisava a admissibilidade da Proposta de Emenda \u00e0 Constitui\u00e7\u00e3o que parcela o pagamento de precat\u00f3rios, como s\u00e3o chamadas as d\u00edvidas judiciais.<\/p>\n<p>A fatura prevista para 2022 \u00e9 de R$ 89,1 bilh\u00f5es e, se paga integralmente, deixar\u00e1 o Or\u00e7amento do ano que vem sem espa\u00e7o para novas pol\u00edticas, como a <strong>amplia\u00e7\u00e3o do Bolsa Fam\u00edlia<\/strong>.<\/p>\n\t<p>\n\t\t<a href=\"https:\/\/lp.suno.com.br\/planilha-da-vida-financeira\/\" target=\"_blank\" data-element=\"shortcode-suno-banner\" title=\"Banner SUNO, clique e saiba mais\">\n\t\t\t<picture>\n\t\t\t\t<source media=\"(max-width: 500px)\" srcset=\"https:\/\/files.sunoresearch.com.br\/n\/uploads\/2023\/04\/400x300-Planilha-vida-financeira-true.png\">\n\t\t\t\t<img class=\"newsContent__article__imgCapa newsContent__article__imgCapa--banner\"\n\t\t\t\t\tsrc=\"https:\/\/files.sunoresearch.com.br\/n\/uploads\/2023\/04\/1420x240-Planilha-vida-financeira-true.png\"\n\t\t\t\t\tdata-promo-id=\"106682\"\t\t\t\t\t\t\t\t\t\twidth='1420' height='240'\t\t\t\t\talt=\"https:\/\/files.sunoresearch.com.br\/n\/uploads\/2023\/04\/1420x240-Planilha-vida-financeira-true.png\"\n\t\t\t\t>\n\t\t\t<\/picture>\n\t\t<\/a>\n\t<\/p>\n\n\n<p>O parecer do relator, deputado Darci de Matos (PSD-SC), \u00e9 pela admissibilidade do texto. Segundo o parlamentar, \u00e9 preciso encontrar &#8220;uma solu\u00e7\u00e3o que alcance a necess\u00e1ria responsabilidade fiscal exequ\u00edvel de pagamentos de precat\u00f3rios&#8221;.<\/p>\n<h2>Movimenta\u00e7\u00e3o do d\u00f3lar<\/h2>\n<p>O <strong>d\u00f3lar<\/strong> <strong>americano<\/strong> abriu a sess\u00e3o de hoje em alta, acompanhando a atividade econ\u00f4mica apresentou o segundo m\u00eas consecutivo de alta em julho, embora o ritmo de avan\u00e7o tenha se reduzido.<\/p>\n<p>J\u00e1 nos EUA, o \u00edndice de atividade industrial Empire State subiu a 34,3 pontos em setembro, bem acima da previs\u00e3o dos analistas, de 17,5 pontos.<\/p>\n<p>No in\u00edcio da tarde, a <strong>moeda norte-americana<\/strong> continuava em alta, ainda digerindo os dados sobre a pr\u00e9via do <a class=\"suno-keyword\" href=\"https:\/\/www.suno.com.br\/artigos\/pib-produto-interno-bruto\/\" target=\"_blank\" rel=\"noopener\" data-force=\"no\" data-priority=\"2\">Produto Interno Bruto (PIB)<\/a>.<\/p>\n\t<p>\n\t\t<a href=\"https:\/\/lp.suno.com.br\/ebook-como-analisar-uma-acao\/\" target=\"_blank\" data-element=\"shortcode-suno-banner\" title=\"Banner SUNO, clique e saiba mais\">\n\t\t\t<picture>\n\t\t\t\t<source media=\"(max-width: 500px)\" srcset=\"https:\/\/files.sunoresearch.com.br\/n\/uploads\/2023\/03\/Ebook-Acoes-Mobile-1.jpg\">\n\t\t\t\t<img class=\"newsContent__article__imgCapa newsContent__article__imgCapa--banner\"\n\t\t\t\t\tsrc=\"https:\/\/files.sunoresearch.com.br\/n\/uploads\/2023\/03\/Ebook-Acoes-Desktop-1.jpg\"\n\t\t\t\t\tdata-promo-id=\"171998\"\t\t\t\t\t\t\t\t\t\twidth='1420' height='286'\t\t\t\t\talt=\"https:\/\/files.sunoresearch.com.br\/n\/uploads\/2023\/03\/Ebook-Acoes-Desktop-1.jpg\"\n\t\t\t\t>\n\t\t\t<\/picture>\n\t\t<\/a>\n\t<\/p>\n\n\n<h2>Not\u00edcias que movimentaram o d\u00f3lar<\/h2>\n<p>Al\u00e9m disso, veja algumas not\u00edcias que movimentaram o d\u00f3lar durante a sess\u00e3o de hoje:<\/p>\n<ul>\n<li>Atividade econ\u00f4mica tem alta de 0,60% em julho, diz Banco Central<\/li>\n<li>Senado vai se concentrar em privatiza\u00e7\u00e3o Correios, diz Pacheco<\/li>\n<li>Estoques de petr\u00f3leo nos EUA caem 6,422 milh\u00f5es de barris na semana, diz DoE<\/li>\n<\/ul>\n<h3>IBC-Br: pr\u00e9via do PIB tem alta em julho<\/h3>\n<p>A <strong>atividade econ\u00f4mica brasileira<\/strong> registrou alta em julho deste ano, de acordo com dados divulgados hoje pelo Banco Central. O \u00cdndice de Atividade Econ\u00f4mica do Banco Central (IBC-Br) apresentou aumento de 0,60% em julho de 2021 em rela\u00e7\u00e3o ao m\u00eas anterior, de acordo com os dados dessazonalizados (ajustados para o per\u00edodo).<img decoding=\"async\" style=\"width: 1px; height: 1px;\" src=\"https:\/\/agenciabrasil.ebc.com.br\/ebc.png?id=1421661&amp;o=rss\" \/><img decoding=\"async\" style=\"width: 1px; height: 1px;\" src=\"https:\/\/agenciabrasil.ebc.com.br\/ebc.gif?id=1421661&amp;o=rss\" \/><\/p>\n\t<p>\n\t\t<a href=\"https:\/\/lp.suno.com.br\/planilha-de-controle-de-investimentos\/\" target=\"_blank\" data-element=\"shortcode-suno-banner\" title=\"Banner SUNO, clique e saiba mais\">\n\t\t\t<picture>\n\t\t\t\t<source media=\"(max-width: 500px)\" srcset=\"https:\/\/files.sunoresearch.com.br\/n\/uploads\/2023\/03\/400x300-Controle-de-Investimentos.png\">\n\t\t\t\t<img class=\"newsContent__article__imgCapa newsContent__article__imgCapa--banner\"\n\t\t\t\t\tsrc=\"https:\/\/files.sunoresearch.com.br\/n\/uploads\/2023\/03\/1420x240-Controle-de-Investimentos.png\"\n\t\t\t\t\tdata-promo-id=\"75934\"\t\t\t\t\t\t\t\t\t\twidth='1420' height='240'\t\t\t\t\talt=\"https:\/\/files.sunoresearch.com.br\/n\/uploads\/2023\/03\/1420x240-Controle-de-Investimentos.png\"\n\t\t\t\t>\n\t\t\t<\/picture>\n\t\t<\/a>\n\t<\/p>\n\n\n<p>At\u00e9 fevereiro, o IBC-Br vinha apresentando crescimento, ap\u00f3s os choques sofridos em mar\u00e7o e abril do ano passado, em raz\u00e3o das medidas de isolamento social necess\u00e1rias para o enfrentamento da pandemia de covid-19. Nos \u00faltimos meses, entretanto, os resultados oscilaram, com recuos em mar\u00e7o e maio. O trimestre encerrado em julho fechou com oscila\u00e7\u00e3o negativa de 0,02%.<\/p>\n<p>Em julho, o IBC-Br atingiu 140,52 pontos. Na compara\u00e7\u00e3o com julho de 2020, houve crescimento de 5,53% (sem ajuste para o per\u00edodo, j\u00e1 que a compara\u00e7\u00e3o \u00e9 entre meses iguais). No acumulado em 12 meses, o indicador tamb\u00e9m ficou positivo, em 3,26%.<\/p>\n<h3>Privatiza\u00e7\u00e3o dos Correios ter\u00e1 aten\u00e7\u00e3o do Senado<\/h3>\n<p>O presidente do Senado, <strong>Rodrigo Pacheco<\/strong> (DEM-MG), afirmou que a pauta do Senado nos pr\u00f3ximos dias vai se concentrar na <strong>privatiza\u00e7\u00e3o<\/strong> <strong>dos Correios<\/strong>, nos projetos relativos \u00e0 <strong>reforma<\/strong> <strong>tribut\u00e1ria<\/strong>, na <strong>reforma administrativa<\/strong> e nas mudan\u00e7as eleitorais para 2022. A agenda foi citada durante entrevista em um evento com prefeitos em Goi\u00e2nia, capital de Goi\u00e1s.<\/p>\n<p>O governo do presidente da Rep\u00fablica, <strong>Jair Bolsonaro<\/strong>, tenta destravar a pauta econ\u00f4mica no Senado, ap\u00f3s o acirramento da crise pol\u00edtica entre os Poderes. Pacheco sinalizou que os senadores v\u00e3o apreciar as propostas.<\/p>\n<p>Nos \u00faltimos dias, o governo vem sofrendo derrotas na Casa, tanto pela rejei\u00e7\u00e3o de propostas quanto pela altera\u00e7\u00e3o de medidas estrat\u00e9gicas.<\/p>\n<h3>Caem estoques de petr\u00f3leo nos EUA<\/h3>\n<p>Os <strong>estoques de petr\u00f3leo nos Estados Unidos<\/strong> tiveram queda de 6,422 milh\u00f5es de barris, a 417,445 milh\u00f5es de barris, na semana encerrada em 10 de setembro, segundo informou nesta quarta-feira, o Departamento de Energia (DoE, na sigla em ingl\u00eas) do pa\u00eds.<\/p>\n<p>O resultado foi de um recuo bem maior do que o previsto por analistas ouvidos pelo <i>The Wall Street Journal<\/i>, de 2,5 milh\u00f5es de barris.<\/p>\n<p>J\u00e1 a produ\u00e7\u00e3o m\u00e9dia di\u00e1ria dos EUA subiu de 10,0 milh\u00f5es de barris na semana passada para 10,1 milh\u00f5es de barris na mais recente, segundo o relat\u00f3rio. O setor enfrenta os efeitos da passagem do furac\u00e3o Ida pela Costa do Golfo, cujos impactos seguem afetando a produ\u00e7\u00e3o local.<\/p>\n<p>Os <strong>estoques de gasolina<\/strong> ca\u00edram em 1,857 milh\u00e3o de barris, a 218,142 milh\u00f5es de barris, enquanto a expectativa de analistas era de queda de 2,3 milh\u00f5es de barris. J\u00e1 os de destilados ca\u00edram 1,689 milh\u00e3o de barris, a 131,897 milh\u00f5es de barris, pr\u00f3ximo \u00e0 previs\u00e3o de queda de 1,7 milh\u00e3o.<\/p>\n<p>A taxa de utiliza\u00e7\u00e3o da capacidade das refinarias subiu de 81,9% na semana anterior para 82,1% na mais recente, ante expectativa de 84,3%.<\/p>\n<h2>\u00daltima cota\u00e7\u00e3o do d\u00f3lar<\/h2>\n<p>Na \u00faltima sess\u00e3o, ter\u00e7a-feira (14), o <strong>d\u00f3lar<\/strong> encerrou o preg\u00e3o em alta de 0,65%, negociado a R$ 5,25.<\/p>\n<p><em>(Com informa\u00e7\u00f5es do Estad\u00e3o Conte\u00fado)<\/em><\/p>\n\t<p>\n\t\t<a href=\"\" target=\"_blank\" data-element=\"shortcode-suno-banner\" title=\"Banner SUNO, clique e saiba mais\">\n\t\t\t<picture>\n\t\t\t\t<source media=\"(max-width: 500px)\" srcset=\"\">\n\t\t\t\t<img class=\"newsContent__article__imgCapa newsContent__article__imgCapa--banner\"\n\t\t\t\t\tsrc=\"\"\n\t\t\t\t\tdata-promo-id=\"184190\"\t\t\t\t\t\t\t\t\t\t\t\t\t\t\talt=\"\"\n\t\t\t\t>\n\t\t\t<\/picture>\n\t\t<\/a>\n\t<\/p>\n\n\n","protected":false},"excerpt":{"rendered":"<p>O d\u00f3lar encerrou as negocia\u00e7\u00f5es desta quarta-feira (15) em queda de 0,38%, frente ao real, valendo R$ 5,238 na venda. D\u00f3lar. Foto: Pixabay O d\u00f3lar hoje seguiu de olho no \u00cdndice de Atividade do Banco Central (BC), o IBC-Br, que \u00e9 considerado como a pr\u00e9via do PIB e subiu 0,60% em julho ante junho, na [&hellip;]<\/p>\n","protected":false},"author":39,"featured_media":166671,"comment_status":"closed","ping_status":"closed","sticky":false,"template":"","format":"standard","meta":[],"categories":[60],"tags":[326],"suno_strategy":[],"class_list":["post-184313","post","type-post","status-publish","format-standard","has-post-thumbnail","hentry","category-mercado","tag-dolar"],"yoast_head":"<!-- This site is optimized with the Yoast SEO plugin v24.4 - https:\/\/yoast.com\/wordpress\/plugins\/seo\/ -->\n<title>D\u00f3lar recua em dia de pr\u00e9via do PIB e discuss\u00f5es sobre precat\u00f3rios<\/title>\n<meta name=\"description\" content=\"O d\u00f3lar encerrou as negocia\u00e7\u00f5es desta quarta-feira (15) em queda de 0,38%, frente ao real, valendo R$ 5,238 na venda. Clique e saiba mais!\" \/>\n<meta name=\"robots\" content=\"index, follow, max-snippet:-1, max-image-preview:large, max-video-preview:-1\" \/>\n<link rel=\"canonical\" href=\"https:\/\/www.suno.com.br\/noticias\/dolar-fecha-em-queda-15092021\/\" \/>\n<meta property=\"og:locale\" content=\"pt_BR\" \/>\n<meta property=\"og:type\" content=\"article\" \/>\n<meta property=\"og:title\" content=\"D\u00f3lar recua em dia de pr\u00e9via do PIB e discuss\u00f5es sobre precat\u00f3rios\" \/>\n<meta property=\"og:description\" content=\"O d\u00f3lar encerrou as negocia\u00e7\u00f5es desta quarta-feira (15) em queda de 0,38%, frente ao real, valendo R$ 5,238 na venda. Clique e saiba mais!\" \/>\n<meta property=\"og:url\" content=\"https:\/\/www.suno.com.br\/noticias\/dolar-fecha-em-queda-15092021\/\" \/>\n<meta property=\"og:site_name\" content=\"Suno Not\u00edcias\" \/>\n<meta property=\"article:publisher\" content=\"https:\/\/facebook.com\/sunoresearch\" \/>\n<meta property=\"og:image\" content=\"https:\/\/files.sunoresearch.com.br\/n\/uploads\/2021\/07\/98de8955-dollar-1362244_1920.jpg\" \/>\n\t<meta property=\"og:image:width\" content=\"1920\" \/>\n\t<meta property=\"og:image:height\" content=\"1280\" \/>\n\t<meta property=\"og:image:type\" content=\"image\/jpeg\" \/>\n<meta name=\"author\" content=\"Laura Moutinho\" \/>\n<meta name=\"twitter:card\" content=\"summary_large_image\" \/>\n<meta name=\"twitter:creator\" content=\"@sunoresearch\" \/>\n<meta name=\"twitter:site\" content=\"@sunoresearch\" \/>\n<meta name=\"twitter:label1\" content=\"Escrito por\" \/>\n\t<meta name=\"twitter:data1\" content=\"Laura Moutinho\" \/>\n\t<meta name=\"twitter:label2\" content=\"Est. tempo de leitura\" \/>\n\t<meta name=\"twitter:data2\" content=\"4 minutos\" \/>\n<script type=\"application\/ld+json\" class=\"yoast-schema-graph\">{\"@context\":\"https:\/\/schema.org\",\"@graph\":[{\"@type\":\"NewsArticle\",\"@id\":\"https:\/\/www.suno.com.br\/noticias\/dolar-fecha-em-queda-15092021\/#article\",\"isPartOf\":{\"@id\":\"https:\/\/www.suno.com.br\/noticias\/dolar-fecha-em-queda-15092021\/\"},\"author\":{\"name\":\"Laura Moutinho\",\"@id\":\"https:\/\/www.suno.com.br\/noticias\/#\/schema\/person\/3df0d2808748b74496efe5dbeaef2c72\"},\"headline\":\"D\u00f3lar recua em dia de pr\u00e9via do PIB e discuss\u00f5es sobre precat\u00f3rios\",\"datePublished\":\"2021-09-15T20:39:44+00:00\",\"dateModified\":\"2021-09-15T20:50:29+00:00\",\"mainEntityOfPage\":{\"@id\":\"https:\/\/www.suno.com.br\/noticias\/dolar-fecha-em-queda-15092021\/\"},\"wordCount\":907,\"publisher\":{\"@id\":\"https:\/\/www.suno.com.br\/noticias\/#organization\"},\"image\":{\"@id\":\"https:\/\/www.suno.com.br\/noticias\/dolar-fecha-em-queda-15092021\/#primaryimage\"},\"thumbnailUrl\":\"https:\/\/files.sunoresearch.com.br\/n\/uploads\/2021\/07\/98de8955-dollar-1362244_1920.jpg\",\"keywords\":[\"d\u00f3lar\"],\"articleSection\":[\"Mercado\"],\"inLanguage\":\"pt-BR\"},{\"@type\":\"WebPage\",\"@id\":\"https:\/\/www.suno.com.br\/noticias\/dolar-fecha-em-queda-15092021\/\",\"url\":\"https:\/\/www.suno.com.br\/noticias\/dolar-fecha-em-queda-15092021\/\",\"name\":\"D\u00f3lar recua em dia de pr\u00e9via do PIB e discuss\u00f5es sobre precat\u00f3rios\",\"isPartOf\":{\"@id\":\"https:\/\/www.suno.com.br\/noticias\/#website\"},\"primaryImageOfPage\":{\"@id\":\"https:\/\/www.suno.com.br\/noticias\/dolar-fecha-em-queda-15092021\/#primaryimage\"},\"image\":{\"@id\":\"https:\/\/www.suno.com.br\/noticias\/dolar-fecha-em-queda-15092021\/#primaryimage\"},\"thumbnailUrl\":\"https:\/\/files.sunoresearch.com.br\/n\/uploads\/2021\/07\/98de8955-dollar-1362244_1920.jpg\",\"datePublished\":\"2021-09-15T20:39:44+00:00\",\"dateModified\":\"2021-09-15T20:50:29+00:00\",\"description\":\"O d\u00f3lar encerrou as negocia\u00e7\u00f5es desta quarta-feira (15) em queda de 0,38%, frente ao real, valendo R$ 5,238 na venda. Clique e saiba mais!\",\"breadcrumb\":{\"@id\":\"https:\/\/www.suno.com.br\/noticias\/dolar-fecha-em-queda-15092021\/#breadcrumb\"},\"inLanguage\":\"pt-BR\",\"potentialAction\":[{\"@type\":\"ReadAction\",\"target\":[\"https:\/\/www.suno.com.br\/noticias\/dolar-fecha-em-queda-15092021\/\"]}]},{\"@type\":\"ImageObject\",\"inLanguage\":\"pt-BR\",\"@id\":\"https:\/\/www.suno.com.br\/noticias\/dolar-fecha-em-queda-15092021\/#primaryimage\",\"url\":\"https:\/\/files.sunoresearch.com.br\/n\/uploads\/2021\/07\/98de8955-dollar-1362244_1920.jpg\",\"contentUrl\":\"https:\/\/files.sunoresearch.com.br\/n\/uploads\/2021\/07\/98de8955-dollar-1362244_1920.jpg\",\"width\":1920,\"height\":1280,\"caption\":\"D\u00f3lar. Foto: Pixabay\"},{\"@type\":\"BreadcrumbList\",\"@id\":\"https:\/\/www.suno.com.br\/noticias\/dolar-fecha-em-queda-15092021\/#breadcrumb\",\"itemListElement\":[{\"@type\":\"ListItem\",\"position\":1,\"name\":\"Not\u00edcias\",\"item\":\"https:\/\/www.suno.com.br\/noticias\/\"},{\"@type\":\"ListItem\",\"position\":2,\"name\":\"Mercado\",\"item\":\"https:\/\/www.suno.com.br\/noticias\/mercado\/\"},{\"@type\":\"ListItem\",\"position\":3,\"name\":\"D\u00f3lar recua em dia de pr\u00e9via do PIB e discuss\u00f5es sobre precat\u00f3rios\"}]},{\"@type\":\"WebSite\",\"@id\":\"https:\/\/www.suno.com.br\/noticias\/#website\",\"url\":\"https:\/\/www.suno.com.br\/noticias\/\",\"name\":\"Suno Not\u00edcias\",\"description\":\"Seu portal de informa\u00e7\u00e3o sobre o mundo dos investimentos\",\"publisher\":{\"@id\":\"https:\/\/www.suno.com.br\/noticias\/#organization\"},\"potentialAction\":[{\"@type\":\"SearchAction\",\"target\":{\"@type\":\"EntryPoint\",\"urlTemplate\":\"https:\/\/www.suno.com.br\/noticias\/?s={search_term_string}\"},\"query-input\":{\"@type\":\"PropertyValueSpecification\",\"valueRequired\":true,\"valueName\":\"search_term_string\"}}],\"inLanguage\":\"pt-BR\"},{\"@type\":\"Organization\",\"@id\":\"https:\/\/www.suno.com.br\/noticias\/#organization\",\"name\":\"Suno Not\u00edcias\",\"url\":\"https:\/\/www.suno.com.br\/noticias\/\",\"logo\":{\"@type\":\"ImageObject\",\"inLanguage\":\"pt-BR\",\"@id\":\"https:\/\/www.suno.com.br\/noticias\/#\/schema\/logo\/image\/\",\"url\":\"https:\/\/files.sunoresearch.com.br\/n\/uploads\/2021\/09\/suno-logo.png\",\"contentUrl\":\"https:\/\/files.sunoresearch.com.br\/n\/uploads\/2021\/09\/suno-logo.png\",\"width\":180,\"height\":180,\"caption\":\"Suno Not\u00edcias\"},\"image\":{\"@id\":\"https:\/\/www.suno.com.br\/noticias\/#\/schema\/logo\/image\/\"},\"sameAs\":[\"https:\/\/facebook.com\/sunoresearch\",\"https:\/\/x.com\/sunoresearch\",\"https:\/\/www.instagram.com\/suno\",\"https:\/\/www.linkedin.com\/company\/suno-research\/\",\"https:\/\/www.youtube.com\/c\/sunoresearch\"]},{\"@type\":\"Person\",\"@id\":\"https:\/\/www.suno.com.br\/noticias\/#\/schema\/person\/3df0d2808748b74496efe5dbeaef2c72\",\"name\":\"Laura Moutinho\",\"image\":{\"@type\":\"ImageObject\",\"inLanguage\":\"pt-BR\",\"@id\":\"https:\/\/www.suno.com.br\/noticias\/#\/schema\/person\/image\/\",\"url\":\"https:\/\/secure.gravatar.com\/avatar\/7571c7c8ca3a6fca5e41384ece5557ff?s=96&r=g\",\"contentUrl\":\"https:\/\/secure.gravatar.com\/avatar\/7571c7c8ca3a6fca5e41384ece5557ff?s=96&r=g\",\"caption\":\"Laura Moutinho\"},\"description\":\"Estagi\u00e1ria na Suno Not\u00edcias, escreve not\u00edcias que afetam o mercado financeiro. Estuda administra\u00e7\u00e3o na Universidade Presbiteriana Mackenzie.\",\"url\":\"https:\/\/www.suno.com.br\/noticias\/author\/laura-moutinho\/\"}]}<\/script>\n<!-- \/ Yoast SEO plugin. -->","yoast_head_json":{"title":"D\u00f3lar recua em dia de pr\u00e9via do PIB e discuss\u00f5es sobre precat\u00f3rios","description":"O d\u00f3lar encerrou as negocia\u00e7\u00f5es desta quarta-feira (15) em queda de 0,38%, frente ao real, valendo R$ 5,238 na venda. Clique e saiba mais!","robots":{"index":"index","follow":"follow","max-snippet":"max-snippet:-1","max-image-preview":"max-image-preview:large","max-video-preview":"max-video-preview:-1"},"canonical":"https:\/\/www.suno.com.br\/noticias\/dolar-fecha-em-queda-15092021\/","og_locale":"pt_BR","og_type":"article","og_title":"D\u00f3lar recua em dia de pr\u00e9via do PIB e discuss\u00f5es sobre precat\u00f3rios","og_description":"O d\u00f3lar encerrou as negocia\u00e7\u00f5es desta quarta-feira (15) em queda de 0,38%, frente ao real, valendo R$ 5,238 na venda. Clique e saiba mais!","og_url":"https:\/\/www.suno.com.br\/noticias\/dolar-fecha-em-queda-15092021\/","og_site_name":"Suno Not\u00edcias","article_publisher":"https:\/\/facebook.com\/sunoresearch","og_image":[{"width":1920,"height":1280,"url":"https:\/\/files.sunoresearch.com.br\/n\/uploads\/2021\/07\/98de8955-dollar-1362244_1920.jpg","type":"image\/jpeg"}],"author":"Laura Moutinho","twitter_card":"summary_large_image","twitter_creator":"@sunoresearch","twitter_site":"@sunoresearch","twitter_misc":{"Escrito por":"Laura Moutinho","Est. tempo de leitura":"4 minutos"},"schema":{"@context":"https:\/\/schema.org","@graph":[{"@type":"NewsArticle","@id":"https:\/\/www.suno.com.br\/noticias\/dolar-fecha-em-queda-15092021\/#article","isPartOf":{"@id":"https:\/\/www.suno.com.br\/noticias\/dolar-fecha-em-queda-15092021\/"},"author":{"name":"Laura Moutinho","@id":"https:\/\/www.suno.com.br\/noticias\/#\/schema\/person\/3df0d2808748b74496efe5dbeaef2c72"},"headline":"D\u00f3lar recua em dia de pr\u00e9via do PIB e discuss\u00f5es sobre precat\u00f3rios","datePublished":"2021-09-15T20:39:44+00:00","dateModified":"2021-09-15T20:50:29+00:00","mainEntityOfPage":{"@id":"https:\/\/www.suno.com.br\/noticias\/dolar-fecha-em-queda-15092021\/"},"wordCount":907,"publisher":{"@id":"https:\/\/www.suno.com.br\/noticias\/#organization"},"image":{"@id":"https:\/\/www.suno.com.br\/noticias\/dolar-fecha-em-queda-15092021\/#primaryimage"},"thumbnailUrl":"https:\/\/files.sunoresearch.com.br\/n\/uploads\/2021\/07\/98de8955-dollar-1362244_1920.jpg","keywords":["d\u00f3lar"],"articleSection":["Mercado"],"inLanguage":"pt-BR"},{"@type":"WebPage","@id":"https:\/\/www.suno.com.br\/noticias\/dolar-fecha-em-queda-15092021\/","url":"https:\/\/www.suno.com.br\/noticias\/dolar-fecha-em-queda-15092021\/","name":"D\u00f3lar recua em dia de pr\u00e9via do PIB e discuss\u00f5es sobre precat\u00f3rios","isPartOf":{"@id":"https:\/\/www.suno.com.br\/noticias\/#website"},"primaryImageOfPage":{"@id":"https:\/\/www.suno.com.br\/noticias\/dolar-fecha-em-queda-15092021\/#primaryimage"},"image":{"@id":"https:\/\/www.suno.com.br\/noticias\/dolar-fecha-em-queda-15092021\/#primaryimage"},"thumbnailUrl":"https:\/\/files.sunoresearch.com.br\/n\/uploads\/2021\/07\/98de8955-dollar-1362244_1920.jpg","datePublished":"2021-09-15T20:39:44+00:00","dateModified":"2021-09-15T20:50:29+00:00","description":"O d\u00f3lar encerrou as negocia\u00e7\u00f5es desta quarta-feira (15) em queda de 0,38%, frente ao real, valendo R$ 5,238 na venda. Clique e saiba mais!","breadcrumb":{"@id":"https:\/\/www.suno.com.br\/noticias\/dolar-fecha-em-queda-15092021\/#breadcrumb"},"inLanguage":"pt-BR","potentialAction":[{"@type":"ReadAction","target":["https:\/\/www.suno.com.br\/noticias\/dolar-fecha-em-queda-15092021\/"]}]},{"@type":"ImageObject","inLanguage":"pt-BR","@id":"https:\/\/www.suno.com.br\/noticias\/dolar-fecha-em-queda-15092021\/#primaryimage","url":"https:\/\/files.sunoresearch.com.br\/n\/uploads\/2021\/07\/98de8955-dollar-1362244_1920.jpg","contentUrl":"https:\/\/files.sunoresearch.com.br\/n\/uploads\/2021\/07\/98de8955-dollar-1362244_1920.jpg","width":1920,"height":1280,"caption":"D\u00f3lar. Foto: Pixabay"},{"@type":"BreadcrumbList","@id":"https:\/\/www.suno.com.br\/noticias\/dolar-fecha-em-queda-15092021\/#breadcrumb","itemListElement":[{"@type":"ListItem","position":1,"name":"Not\u00edcias","item":"https:\/\/www.suno.com.br\/noticias\/"},{"@type":"ListItem","position":2,"name":"Mercado","item":"https:\/\/www.suno.com.br\/noticias\/mercado\/"},{"@type":"ListItem","position":3,"name":"D\u00f3lar recua em dia de pr\u00e9via do PIB e discuss\u00f5es sobre precat\u00f3rios"}]},{"@type":"WebSite","@id":"https:\/\/www.suno.com.br\/noticias\/#website","url":"https:\/\/www.suno.com.br\/noticias\/","name":"Suno Not\u00edcias","description":"Seu portal de informa\u00e7\u00e3o sobre o mundo dos investimentos","publisher":{"@id":"https:\/\/www.suno.com.br\/noticias\/#organization"},"potentialAction":[{"@type":"SearchAction","target":{"@type":"EntryPoint","urlTemplate":"https:\/\/www.suno.com.br\/noticias\/?s={search_term_string}"},"query-input":{"@type":"PropertyValueSpecification","valueRequired":true,"valueName":"search_term_string"}}],"inLanguage":"pt-BR"},{"@type":"Organization","@id":"https:\/\/www.suno.com.br\/noticias\/#organization","name":"Suno Not\u00edcias","url":"https:\/\/www.suno.com.br\/noticias\/","logo":{"@type":"ImageObject","inLanguage":"pt-BR","@id":"https:\/\/www.suno.com.br\/noticias\/#\/schema\/logo\/image\/","url":"https:\/\/files.sunoresearch.com.br\/n\/uploads\/2021\/09\/suno-logo.png","contentUrl":"https:\/\/files.sunoresearch.com.br\/n\/uploads\/2021\/09\/suno-logo.png","width":180,"height":180,"caption":"Suno Not\u00edcias"},"image":{"@id":"https:\/\/www.suno.com.br\/noticias\/#\/schema\/logo\/image\/"},"sameAs":["https:\/\/facebook.com\/sunoresearch","https:\/\/x.com\/sunoresearch","https:\/\/www.instagram.com\/suno","https:\/\/www.linkedin.com\/company\/suno-research\/","https:\/\/www.youtube.com\/c\/sunoresearch"]},{"@type":"Person","@id":"https:\/\/www.suno.com.br\/noticias\/#\/schema\/person\/3df0d2808748b74496efe5dbeaef2c72","name":"Laura Moutinho","image":{"@type":"ImageObject","inLanguage":"pt-BR","@id":"https:\/\/www.suno.com.br\/noticias\/#\/schema\/person\/image\/","url":"https:\/\/secure.gravatar.com\/avatar\/7571c7c8ca3a6fca5e41384ece5557ff?s=96&r=g","contentUrl":"https:\/\/secure.gravatar.com\/avatar\/7571c7c8ca3a6fca5e41384ece5557ff?s=96&r=g","caption":"Laura Moutinho"},"description":"Estagi\u00e1ria na Suno Not\u00edcias, escreve not\u00edcias que afetam o mercado financeiro. Estuda administra\u00e7\u00e3o na Universidade Presbiteriana Mackenzie.","url":"https:\/\/www.suno.com.br\/noticias\/author\/laura-moutinho\/"}]}},"default_loop_html":"<div class=\"cardsPage__listCard__boxs\"><div class=\"cardsPage__listCard__boxs__img\"><a href=\"https:\/\/www.suno.com.br\/noticias\/dolar-fecha-em-queda-15092021\/\"><img class=\"mask\" src=\"https:\/\/www.suno.com.br\/noticias\/wp-content\/themes\/suno\/resources\/images\/spotlight\/spotlight1img\/bg-mask.png\" alt=\"Image Mask\"\/><img src=\"https:\/\/files.sunoresearch.com.br\/n\/uploads\/2021\/07\/98de8955-dollar-1362244_1920-400x200.jpg\" alt=\"D\u00f3lar recua em dia de pr\u00e9via do PIB e discuss\u00f5es sobre precat\u00f3rios\"\/><\/a><span class=\"spotlightCategory\"><a href=\"https:\/\/www.suno.com.br\/noticias\/mercado\/\">Mercado<\/a><\/span><\/div><div class=\"cardsPage__listCard__boxs__content\"><a href=\"https:\/\/www.suno.com.br\/noticias\/dolar-fecha-em-queda-15092021\/\"><h2 class=\"content__title\">D\u00f3lar recua em dia de pr\u00e9via do PIB e discuss\u00f5es sobre precat\u00f3rios<\/h2><\/a><div class=\"newsContent__article__meta\"><div class=\"newsContent__article__meta__authorBox\"><a href=\"https:\/\/www.suno.com.br\/noticias\/author\/laura-moutinho\/\" class=\"authorBox__avatar noMobi\"><img src=\"https:\/\/files.sunoresearch.com.br\/n\/uploads\/2020\/08\/531ff69d-whatsapp-image-2020-08-03-at-14.54.38-150x150.webp\" alt=\"Laura Moutinho\"><\/a><div class=\"authorBox__name\"><span>por\n\t\t\t<a href=\"https:\/\/www.suno.com.br\/noticias\/author\/laura-moutinho\/\"><span itemprop=\"author\">Laura Moutinho<\/span><\/a><\/span><time datetime=\"2021-09-15T17:39:44-03:00\" itemprop=\"datePublished\">15\/09\/2021 17:39<\/time><\/div><\/div><\/div><\/div><\/div>","single_layout":"posts","amp_enabled":true,"_links":{"self":[{"href":"https:\/\/www.suno.com.br\/noticias\/wp-json\/wp\/v2\/posts\/184313"}],"collection":[{"href":"https:\/\/www.suno.com.br\/noticias\/wp-json\/wp\/v2\/posts"}],"about":[{"href":"https:\/\/www.suno.com.br\/noticias\/wp-json\/wp\/v2\/types\/post"}],"author":[{"embeddable":true,"href":"https:\/\/www.suno.com.br\/noticias\/wp-json\/wp\/v2\/users\/39"}],"replies":[{"embeddable":true,"href":"https:\/\/www.suno.com.br\/noticias\/wp-json\/wp\/v2\/comments?post=184313"}],"version-history":[{"count":3,"href":"https:\/\/www.suno.com.br\/noticias\/wp-json\/wp\/v2\/posts\/184313\/revisions"}],"predecessor-version":[{"id":184347,"href":"https:\/\/www.suno.com.br\/noticias\/wp-json\/wp\/v2\/posts\/184313\/revisions\/184347"}],"wp:featuredmedia":[{"embeddable":true,"href":"https:\/\/www.suno.com.br\/noticias\/wp-json\/wp\/v2\/media\/166671"}],"wp:attachment":[{"href":"https:\/\/www.suno.com.br\/noticias\/wp-json\/wp\/v2\/media?parent=184313"}],"wp:term":[{"taxonomy":"category","embeddable":true,"href":"https:\/\/www.suno.com.br\/noticias\/wp-json\/wp\/v2\/categories?post=184313"},{"taxonomy":"post_tag","embeddable":true,"href":"https:\/\/www.suno.com.br\/noticias\/wp-json\/wp\/v2\/tags?post=184313"},{"taxonomy":"suno_strategy","embeddable":true,"href":"https:\/\/www.suno.com.br\/noticias\/wp-json\/wp\/v2\/suno_strategy?post=184313"}],"curies":[{"name":"wp","href":"https:\/\/api.w.org\/{rel}","templated":true}]}}