{"id":184206,"date":"2021-09-15T18:33:51","date_gmt":"2021-09-15T21:33:51","guid":{"rendered":"https:\/\/www.suno.com.br\/noticias\/?p=184206"},"modified":"2021-09-15T23:35:56","modified_gmt":"2021-09-16T02:35:56","slug":"doria-icms-bares-restaurantes","status":"publish","type":"post","link":"https:\/\/www.suno.com.br\/noticias\/doria-icms-bares-restaurantes\/","title":{"rendered":"Doria diz que ir\u00e1 reduzir ICMS do setor de bares e restaurantes para 3,2%"},"content":{"rendered":"<p>O governador de S\u00e3o Paulo, <a class=\"suno-keyword\" href=\"https:\/\/www.suno.com.br\/tudo-sobre\/joao-doria\/\" target=\"_blank\" rel=\"noopener\" data-force=\"no\" data-priority=\"2\">Jo\u00e3o Doria<\/a> (PSDB), ir\u00e1 reduzir o <a href=\"https:\/\/www.suno.com.br\/artigos\/icms\/\">Imposto sobre Circula\u00e7\u00e3o de Mercadorias e Servi\u00e7os<\/a> (<strong>ICMS<\/strong>) do setor de bares e restaurantes de todo o Estado. De acordo com o governador, a al\u00edquota, que atualmente \u00e9 de 3,69%, cair\u00e1 para 3,2%.<\/p>\t<div class=\"wrapper-featured-image\">\n\t\t<figure class=\"spotlightImg\">\n\n\t\t\t<picture>\n\t\t\t\t<source media=\"(max-width: 768px)\" srcset=\"https:\/\/files.sunoresearch.com.br\/n\/uploads\/2021\/06\/0eed9999-1060456-sp_01.01.2017_ff-4818-400x200.jpg\">\n\t\t\t\t<img loading=\"lazy\" decoding=\"async\" class=\"newsContent__article__imgCapa lazyloadDisabled \" src=\"https:\/\/files.sunoresearch.com.br\/n\/uploads\/2021\/06\/0eed9999-1060456-sp_01.01.2017_ff-4818-800x450.jpg\" width=\"800\" height=\"450\" alt=\"Doria diz que ir\u00e1 reduzir ICMS do setor de bares e restaurantes para 3,2%\" fetchpriority=high \/>\n\t\t\t<\/picture>\n\n\t\t\t<figcaption class=\"wp-caption-text wp-caption-text--show\">Jo\u00e3o Doria. Foto: Rovena Rosa\/Ag\u00eancia Brasil.<\/figcaption>\n\t\t<\/figure>\n\t<\/div>\n\n\n\t<p>\n\t\t<a href=\"https:\/\/lp.suno.com.br\/planilha-controle-gastos\/\" target=\"_blank\" data-element=\"shortcode-suno-banner\" title=\"Banner SUNO, clique e saiba mais\">\n\t\t\t<picture>\n\t\t\t\t<source media=\"(max-width: 500px)\" srcset=\"https:\/\/files.sunoresearch.com.br\/n\/uploads\/2023\/03\/400x300-Planilha-controle-de-gastos.png\">\n\t\t\t\t<img class=\"newsContent__article__imgCapa newsContent__article__imgCapa--banner\"\n\t\t\t\t\tsrc=\"https:\/\/files.sunoresearch.com.br\/n\/uploads\/2023\/03\/1420x240-Planilha-controle-de-gastos.png\"\n\t\t\t\t\tdata-promo-id=\"101751\"\t\t\t\t\t\t\t\t\t\twidth='1420' height='240'\t\t\t\t\talt=\"https:\/\/files.sunoresearch.com.br\/n\/uploads\/2023\/03\/1420x240-Planilha-controle-de-gastos.png\"\n\t\t\t\t>\n\t\t\t<\/picture>\n\t\t<\/a>\n\t<\/p>\n\n\n<p>O an\u00fancio sobre o ICMS foi feito por meio de postagem nas redes sociais, adiantando divulga\u00e7\u00e3o oficial que deve ocorrer ainda nesta quarta-feira (15).<\/p>\n<p>&#8220;A medida vai beneficiar cerca de 250 mil empresas, com economia de 15% em seu custo&#8221;, disse <strong>Doria<\/strong>, adiantando o an\u00fancio da medida que ser\u00e1 apresentada com mais detalhes durante entrevista coletiva nesta tarde.<\/p>\n\t<div data-element=\"shortcode-read-more\" class=\"knowMore\">\n\t\t\t\t<span class=\"knowMore__title\">Leia mais<\/span>\n\t\t\t\t<a class=\"knowMore__link\" href=\"https:\/\/www.suno.com.br\/noticias\/presidente-petrobras-petr4-fala-camara-precos-lira\/\">\n\t\t\tPresidente da Petrobras (PETR4) fala sobre pre\u00e7os na C\u00e2mara; ADR recua 1,5% em NY\t\t<\/a>\n\t<\/div>\n\n\n<p>&#8220;Vamos impulsionar a recupera\u00e7\u00e3o desse segmento<a href=\"https:\/\/www.suno.com.br\/artigos\/crescimento-economico\"> fortemente afetado pela <strong>pandemia<\/strong><\/a>.&#8221;<\/p>\n<p>O setor foi um dos mais atingidos pelas medidas adotadas pelo governo do <strong>Estado<\/strong> para impedir a dissemina\u00e7\u00e3o do novo coronav\u00edrus.<\/p>\n<p>No in\u00edcio do ano, sindicatos, associa\u00e7\u00f5es e grupos independentes formados por donos e funcion\u00e1rios de <strong>bares<\/strong> e <strong>restaurantes<\/strong> ocuparam a capital paulista para protestar contra o enrijecimento das regras de quarentena impostas ao setor.<\/p>\n\t<p>\n\t\t<a href=\"https:\/\/lp.suno.com.br\/planilha-da-vida-financeira\/\" target=\"_blank\" data-element=\"shortcode-suno-banner\" title=\"Banner SUNO, clique e saiba mais\">\n\t\t\t<picture>\n\t\t\t\t<source media=\"(max-width: 500px)\" srcset=\"https:\/\/files.sunoresearch.com.br\/n\/uploads\/2023\/04\/400x300-Planilha-vida-financeira-true.png\">\n\t\t\t\t<img class=\"newsContent__article__imgCapa newsContent__article__imgCapa--banner\"\n\t\t\t\t\tsrc=\"https:\/\/files.sunoresearch.com.br\/n\/uploads\/2023\/04\/1420x240-Planilha-vida-financeira-true.png\"\n\t\t\t\t\tdata-promo-id=\"106682\"\t\t\t\t\t\t\t\t\t\twidth='1420' height='240'\t\t\t\t\talt=\"https:\/\/files.sunoresearch.com.br\/n\/uploads\/2023\/04\/1420x240-Planilha-vida-financeira-true.png\"\n\t\t\t\t>\n\t\t\t<\/picture>\n\t\t<\/a>\n\t<\/p>\n\n\n<h2>ICMS eleva combust\u00edveis, diz Silva e Luna<\/h2>\n<p>Com um discurso alinhado ao do presidente Jair Bolsonaro, o presidente da <a class=\"suno-keyword\" href=\"https:\/\/www.suno.com.br\/acoes\/PETR4\/\" target=\"_blank\" rel=\"noopener\" data-force=\"yes\" data-priority=\"2\"><strong>Petrobras<\/strong> (PETR4)<\/a>, <strong>Joaquim Silva e Luna<\/strong>, jogou para os governadores a responsabilidade pela escalada dos pre\u00e7os dos combust\u00edveis no Pa\u00eds.<\/p>\n<p>Disse que a estatal deve ser vista com orgulho, afirmou que tem se esfor\u00e7ado em diversas \u00e1reas para colaborar com o Brasil, e negou que repasse as eleva\u00e7\u00f5es vistas no mercado internacional de forma autom\u00e1tica.<\/p>\n<p>Enquanto o general falava para deputados, em um evento privado o presidente do <a href=\"https:\/\/www.suno.com.br\/artigos\/bacen\">Banco Central<\/a>, <strong>Roberto Campos Neto<\/strong>, avaliava que a petroleira brasileira repassa os pre\u00e7os de forma muito mais r\u00e1pida do que se v\u00ea em outros pa\u00edses, para justificar a alta dos juros.<\/p>\n\t<p>\n\t\t<a href=\"https:\/\/lp.suno.com.br\/ebook-como-analisar-uma-acao\/\" target=\"_blank\" data-element=\"shortcode-suno-banner\" title=\"Banner SUNO, clique e saiba mais\">\n\t\t\t<picture>\n\t\t\t\t<source media=\"(max-width: 500px)\" srcset=\"https:\/\/files.sunoresearch.com.br\/n\/uploads\/2023\/03\/Ebook-Acoes-Mobile-1.jpg\">\n\t\t\t\t<img class=\"newsContent__article__imgCapa newsContent__article__imgCapa--banner\"\n\t\t\t\t\tsrc=\"https:\/\/files.sunoresearch.com.br\/n\/uploads\/2023\/03\/Ebook-Acoes-Desktop-1.jpg\"\n\t\t\t\t\tdata-promo-id=\"171998\"\t\t\t\t\t\t\t\t\t\twidth='1420' height='286'\t\t\t\t\talt=\"https:\/\/files.sunoresearch.com.br\/n\/uploads\/2023\/03\/Ebook-Acoes-Desktop-1.jpg\"\n\t\t\t\t>\n\t\t\t<\/picture>\n\t\t<\/a>\n\t<\/p>\n\n\n<p>Mais do que tentar passar a ideia de que a estatal n\u00e3o tem rela\u00e7\u00e3o com o aumento dos pre\u00e7os, um dos seus principais pontos foi sobre a &#8220;limpeza&#8221; da companhia, que no passado se envolveu em v\u00e1rias den\u00fancias de corrup\u00e7\u00e3o.<\/p>\n<p>&#8220;Quando h\u00e1 flutua\u00e7\u00e3o dos pre\u00e7os, n\u00e3o quer dizer que a Petrobras teve alguma atua\u00e7\u00e3o sobre o pre\u00e7o&#8221;, disse.<\/p>\n<p>Segundo o presidente da estatal,<a href=\"https:\/\/www.suno.com.br\/artigos\/precos-administrados\/\"> a parte da composi\u00e7\u00e3o do valor que corresponde \u00e0 Petrobras<\/a> \u00e9 de aproximadamente R$ 2,00 considerando um pre\u00e7o na bomba de R$ 6,00. &#8220;O que impacta s\u00e3o o <strong>ICMS<\/strong>\u00a0e outros impostos federais, como PIS e Cofins&#8221;, alegou.<\/p>\n<p><em>Com informa\u00e7\u00f5es do Estad\u00e3o Conte\u00fado<\/em><\/p>\n\t<p>\n\t\t<a href=\"https:\/\/lp.suno.com.br\/planilha-de-controle-de-investimentos\/\" target=\"_blank\" data-element=\"shortcode-suno-banner\" title=\"Banner SUNO, clique e saiba mais\">\n\t\t\t<picture>\n\t\t\t\t<source media=\"(max-width: 500px)\" srcset=\"https:\/\/files.sunoresearch.com.br\/n\/uploads\/2023\/03\/400x300-Controle-de-Investimentos.png\">\n\t\t\t\t<img class=\"newsContent__article__imgCapa newsContent__article__imgCapa--banner\"\n\t\t\t\t\tsrc=\"https:\/\/files.sunoresearch.com.br\/n\/uploads\/2023\/03\/1420x240-Controle-de-Investimentos.png\"\n\t\t\t\t\tdata-promo-id=\"75934\"\t\t\t\t\t\t\t\t\t\twidth='1420' height='240'\t\t\t\t\talt=\"https:\/\/files.sunoresearch.com.br\/n\/uploads\/2023\/03\/1420x240-Controle-de-Investimentos.png\"\n\t\t\t\t>\n\t\t\t<\/picture>\n\t\t<\/a>\n\t<\/p>\n\n\n","protected":false},"excerpt":{"rendered":"<p>O governador de S\u00e3o Paulo, Jo\u00e3o Doria (PSDB), ir\u00e1 reduzir o Imposto sobre Circula\u00e7\u00e3o de Mercadorias e Servi\u00e7os (ICMS) do setor de bares e restaurantes de todo o Estado. De acordo com o governador, a al\u00edquota, que atualmente \u00e9 de 3,69%, cair\u00e1 para 3,2%. Jo\u00e3o Doria. Foto: Rovena Rosa\/Ag\u00eancia Brasil. O an\u00fancio sobre o ICMS [&hellip;]<\/p>\n","protected":false},"author":73,"featured_media":156640,"comment_status":"closed","ping_status":"closed","sticky":false,"template":"","format":"standard","meta":[],"categories":[61],"tags":[106444,1086,842],"suno_strategy":[],"class_list":["post-184206","post","type-post","status-publish","format-standard","has-post-thumbnail","hentry","category-politica","tag-agencias","tag-icms","tag-joao-doria"],"yoast_head":"<!-- This site is optimized with the Yoast SEO plugin v24.4 - https:\/\/yoast.com\/wordpress\/plugins\/seo\/ -->\n<title>Doria diz que ir\u00e1 reduzir ICMS do setor de bares e restaurantes para 3,2%<\/title>\n<meta name=\"description\" content=\"O an\u00fancio sobre o ICMS foi feito por meio de postagem nas redes, adiantando um an\u00fancio oficial que deve ocorrer hoje. Clique aqui e leia mais\" \/>\n<meta name=\"robots\" content=\"index, follow, max-snippet:-1, max-image-preview:large, max-video-preview:-1\" \/>\n<link rel=\"canonical\" href=\"https:\/\/www.suno.com.br\/noticias\/doria-icms-bares-restaurantes\/\" \/>\n<meta property=\"og:locale\" content=\"pt_BR\" \/>\n<meta property=\"og:type\" content=\"article\" \/>\n<meta property=\"og:title\" content=\"Doria diz que ir\u00e1 reduzir ICMS do setor de bares e restaurantes para 3,2%\" \/>\n<meta property=\"og:description\" content=\"O an\u00fancio sobre o ICMS foi feito por meio de postagem nas redes, adiantando um an\u00fancio oficial que deve ocorrer hoje. Clique aqui e leia mais\" \/>\n<meta property=\"og:url\" content=\"https:\/\/www.suno.com.br\/noticias\/doria-icms-bares-restaurantes\/\" \/>\n<meta property=\"og:site_name\" content=\"Suno Not\u00edcias\" \/>\n<meta property=\"article:publisher\" content=\"https:\/\/facebook.com\/sunoresearch\" \/>\n<meta property=\"og:image\" content=\"https:\/\/files.sunoresearch.com.br\/n\/uploads\/2021\/06\/0eed9999-1060456-sp_01.01.2017_ff-4818-scaled.jpg\" \/>\n\t<meta property=\"og:image:width\" content=\"2560\" \/>\n\t<meta property=\"og:image:height\" content=\"1695\" \/>\n\t<meta property=\"og:image:type\" content=\"image\/jpeg\" \/>\n<meta name=\"author\" content=\"Eduardo Vargas\" \/>\n<meta name=\"twitter:card\" content=\"summary_large_image\" \/>\n<meta name=\"twitter:creator\" content=\"@sunoresearch\" \/>\n<meta name=\"twitter:site\" content=\"@sunoresearch\" \/>\n<meta name=\"twitter:label1\" content=\"Escrito por\" \/>\n\t<meta name=\"twitter:data1\" content=\"Eduardo Vargas\" \/>\n\t<meta name=\"twitter:label2\" content=\"Est. tempo de leitura\" \/>\n\t<meta name=\"twitter:data2\" content=\"2 minutos\" \/>\n<script type=\"application\/ld+json\" class=\"yoast-schema-graph\">{\"@context\":\"https:\/\/schema.org\",\"@graph\":[{\"@type\":\"NewsArticle\",\"@id\":\"https:\/\/www.suno.com.br\/noticias\/doria-icms-bares-restaurantes\/#article\",\"isPartOf\":{\"@id\":\"https:\/\/www.suno.com.br\/noticias\/doria-icms-bares-restaurantes\/\"},\"author\":{\"name\":\"Eduardo Vargas\",\"@id\":\"https:\/\/www.suno.com.br\/noticias\/#\/schema\/person\/7f4d362bf3518e76090143ae77bb49a5\"},\"headline\":\"Doria diz que ir\u00e1 reduzir ICMS do setor de bares e restaurantes para 3,2%\",\"datePublished\":\"2021-09-15T21:33:51+00:00\",\"dateModified\":\"2021-09-16T02:35:56+00:00\",\"mainEntityOfPage\":{\"@id\":\"https:\/\/www.suno.com.br\/noticias\/doria-icms-bares-restaurantes\/\"},\"wordCount\":454,\"publisher\":{\"@id\":\"https:\/\/www.suno.com.br\/noticias\/#organization\"},\"image\":{\"@id\":\"https:\/\/www.suno.com.br\/noticias\/doria-icms-bares-restaurantes\/#primaryimage\"},\"thumbnailUrl\":\"https:\/\/files.sunoresearch.com.br\/n\/uploads\/2021\/06\/0eed9999-1060456-sp_01.01.2017_ff-4818-scaled.jpg\",\"keywords\":[\"Ag\u00eancias\",\"ICMS\",\"Jo\u00e3o Doria\"],\"articleSection\":[\"Pol\u00edtica\"],\"inLanguage\":\"pt-BR\"},{\"@type\":\"WebPage\",\"@id\":\"https:\/\/www.suno.com.br\/noticias\/doria-icms-bares-restaurantes\/\",\"url\":\"https:\/\/www.suno.com.br\/noticias\/doria-icms-bares-restaurantes\/\",\"name\":\"Doria diz que ir\u00e1 reduzir ICMS do setor de bares e restaurantes para 3,2%\",\"isPartOf\":{\"@id\":\"https:\/\/www.suno.com.br\/noticias\/#website\"},\"primaryImageOfPage\":{\"@id\":\"https:\/\/www.suno.com.br\/noticias\/doria-icms-bares-restaurantes\/#primaryimage\"},\"image\":{\"@id\":\"https:\/\/www.suno.com.br\/noticias\/doria-icms-bares-restaurantes\/#primaryimage\"},\"thumbnailUrl\":\"https:\/\/files.sunoresearch.com.br\/n\/uploads\/2021\/06\/0eed9999-1060456-sp_01.01.2017_ff-4818-scaled.jpg\",\"datePublished\":\"2021-09-15T21:33:51+00:00\",\"dateModified\":\"2021-09-16T02:35:56+00:00\",\"description\":\"O an\u00fancio sobre o ICMS foi feito por meio de postagem nas redes, adiantando um an\u00fancio oficial que deve ocorrer hoje. Clique aqui e leia mais\",\"breadcrumb\":{\"@id\":\"https:\/\/www.suno.com.br\/noticias\/doria-icms-bares-restaurantes\/#breadcrumb\"},\"inLanguage\":\"pt-BR\",\"potentialAction\":[{\"@type\":\"ReadAction\",\"target\":[\"https:\/\/www.suno.com.br\/noticias\/doria-icms-bares-restaurantes\/\"]}]},{\"@type\":\"ImageObject\",\"inLanguage\":\"pt-BR\",\"@id\":\"https:\/\/www.suno.com.br\/noticias\/doria-icms-bares-restaurantes\/#primaryimage\",\"url\":\"https:\/\/files.sunoresearch.com.br\/n\/uploads\/2021\/06\/0eed9999-1060456-sp_01.01.2017_ff-4818-scaled.jpg\",\"contentUrl\":\"https:\/\/files.sunoresearch.com.br\/n\/uploads\/2021\/06\/0eed9999-1060456-sp_01.01.2017_ff-4818-scaled.jpg\",\"width\":2560,\"height\":1695,\"caption\":\"Jo\u00e3o Doria. Foto: Rovena Rosa\/Ag\u00eancia Brasil.\"},{\"@type\":\"BreadcrumbList\",\"@id\":\"https:\/\/www.suno.com.br\/noticias\/doria-icms-bares-restaurantes\/#breadcrumb\",\"itemListElement\":[{\"@type\":\"ListItem\",\"position\":1,\"name\":\"Not\u00edcias\",\"item\":\"https:\/\/www.suno.com.br\/noticias\/\"},{\"@type\":\"ListItem\",\"position\":2,\"name\":\"Pol\u00edtica\",\"item\":\"https:\/\/www.suno.com.br\/noticias\/politica\/\"},{\"@type\":\"ListItem\",\"position\":3,\"name\":\"Doria diz que ir\u00e1 reduzir ICMS do setor de bares e restaurantes para 3,2%\"}]},{\"@type\":\"WebSite\",\"@id\":\"https:\/\/www.suno.com.br\/noticias\/#website\",\"url\":\"https:\/\/www.suno.com.br\/noticias\/\",\"name\":\"Suno Not\u00edcias\",\"description\":\"Seu portal de informa\u00e7\u00e3o sobre o mundo dos investimentos\",\"publisher\":{\"@id\":\"https:\/\/www.suno.com.br\/noticias\/#organization\"},\"potentialAction\":[{\"@type\":\"SearchAction\",\"target\":{\"@type\":\"EntryPoint\",\"urlTemplate\":\"https:\/\/www.suno.com.br\/noticias\/?s={search_term_string}\"},\"query-input\":{\"@type\":\"PropertyValueSpecification\",\"valueRequired\":true,\"valueName\":\"search_term_string\"}}],\"inLanguage\":\"pt-BR\"},{\"@type\":\"Organization\",\"@id\":\"https:\/\/www.suno.com.br\/noticias\/#organization\",\"name\":\"Suno Not\u00edcias\",\"url\":\"https:\/\/www.suno.com.br\/noticias\/\",\"logo\":{\"@type\":\"ImageObject\",\"inLanguage\":\"pt-BR\",\"@id\":\"https:\/\/www.suno.com.br\/noticias\/#\/schema\/logo\/image\/\",\"url\":\"https:\/\/files.sunoresearch.com.br\/n\/uploads\/2021\/09\/suno-logo.png\",\"contentUrl\":\"https:\/\/files.sunoresearch.com.br\/n\/uploads\/2021\/09\/suno-logo.png\",\"width\":180,\"height\":180,\"caption\":\"Suno Not\u00edcias\"},\"image\":{\"@id\":\"https:\/\/www.suno.com.br\/noticias\/#\/schema\/logo\/image\/\"},\"sameAs\":[\"https:\/\/facebook.com\/sunoresearch\",\"https:\/\/x.com\/sunoresearch\",\"https:\/\/www.instagram.com\/suno\",\"https:\/\/www.linkedin.com\/company\/suno-research\/\",\"https:\/\/www.youtube.com\/c\/sunoresearch\"]},{\"@type\":\"Person\",\"@id\":\"https:\/\/www.suno.com.br\/noticias\/#\/schema\/person\/7f4d362bf3518e76090143ae77bb49a5\",\"name\":\"Eduardo Vargas\",\"image\":{\"@type\":\"ImageObject\",\"inLanguage\":\"pt-BR\",\"@id\":\"https:\/\/www.suno.com.br\/noticias\/#\/schema\/person\/image\/\",\"url\":\"https:\/\/secure.gravatar.com\/avatar\/dac340933427a22924c9f99d1eb2e3f2?s=96&r=g\",\"contentUrl\":\"https:\/\/secure.gravatar.com\/avatar\/dac340933427a22924c9f99d1eb2e3f2?s=96&r=g\",\"caption\":\"Eduardo Vargas\"},\"description\":\"Jornalista formado pela UFSC, cobre macroeconomia, neg\u00f3cios e startups para o Suno Not\u00edcias, escrevendo principalmente not\u00edcias sobre o mercado financeiro e a bolsa de valores. No YouTube e no Instagram, \u00e9 respons\u00e1vel pela produ\u00e7\u00e3o de Reels e Shorts do Suno Not\u00edcias. Anteriormente, trabalhou cobrindo economia e cotidiano no ND+ e para o ND, maior jornal impresso de Santa Catarina. Cursou um semestre letivo de Estudos de M\u00eddia na Universidad de Buenos Aires.\",\"url\":\"https:\/\/www.suno.com.br\/noticias\/author\/eduardo-vargas\/\"}]}<\/script>\n<!-- \/ Yoast SEO plugin. -->","yoast_head_json":{"title":"Doria diz que ir\u00e1 reduzir ICMS do setor de bares e restaurantes para 3,2%","description":"O an\u00fancio sobre o ICMS foi feito por meio de postagem nas redes, adiantando um an\u00fancio oficial que deve ocorrer hoje. Clique aqui e leia mais","robots":{"index":"index","follow":"follow","max-snippet":"max-snippet:-1","max-image-preview":"max-image-preview:large","max-video-preview":"max-video-preview:-1"},"canonical":"https:\/\/www.suno.com.br\/noticias\/doria-icms-bares-restaurantes\/","og_locale":"pt_BR","og_type":"article","og_title":"Doria diz que ir\u00e1 reduzir ICMS do setor de bares e restaurantes para 3,2%","og_description":"O an\u00fancio sobre o ICMS foi feito por meio de postagem nas redes, adiantando um an\u00fancio oficial que deve ocorrer hoje. Clique aqui e leia mais","og_url":"https:\/\/www.suno.com.br\/noticias\/doria-icms-bares-restaurantes\/","og_site_name":"Suno Not\u00edcias","article_publisher":"https:\/\/facebook.com\/sunoresearch","og_image":[{"width":2560,"height":1695,"url":"https:\/\/files.sunoresearch.com.br\/n\/uploads\/2021\/06\/0eed9999-1060456-sp_01.01.2017_ff-4818-scaled.jpg","type":"image\/jpeg"}],"author":"Eduardo Vargas","twitter_card":"summary_large_image","twitter_creator":"@sunoresearch","twitter_site":"@sunoresearch","twitter_misc":{"Escrito por":"Eduardo Vargas","Est. tempo de leitura":"2 minutos"},"schema":{"@context":"https:\/\/schema.org","@graph":[{"@type":"NewsArticle","@id":"https:\/\/www.suno.com.br\/noticias\/doria-icms-bares-restaurantes\/#article","isPartOf":{"@id":"https:\/\/www.suno.com.br\/noticias\/doria-icms-bares-restaurantes\/"},"author":{"name":"Eduardo Vargas","@id":"https:\/\/www.suno.com.br\/noticias\/#\/schema\/person\/7f4d362bf3518e76090143ae77bb49a5"},"headline":"Doria diz que ir\u00e1 reduzir ICMS do setor de bares e restaurantes para 3,2%","datePublished":"2021-09-15T21:33:51+00:00","dateModified":"2021-09-16T02:35:56+00:00","mainEntityOfPage":{"@id":"https:\/\/www.suno.com.br\/noticias\/doria-icms-bares-restaurantes\/"},"wordCount":454,"publisher":{"@id":"https:\/\/www.suno.com.br\/noticias\/#organization"},"image":{"@id":"https:\/\/www.suno.com.br\/noticias\/doria-icms-bares-restaurantes\/#primaryimage"},"thumbnailUrl":"https:\/\/files.sunoresearch.com.br\/n\/uploads\/2021\/06\/0eed9999-1060456-sp_01.01.2017_ff-4818-scaled.jpg","keywords":["Ag\u00eancias","ICMS","Jo\u00e3o Doria"],"articleSection":["Pol\u00edtica"],"inLanguage":"pt-BR"},{"@type":"WebPage","@id":"https:\/\/www.suno.com.br\/noticias\/doria-icms-bares-restaurantes\/","url":"https:\/\/www.suno.com.br\/noticias\/doria-icms-bares-restaurantes\/","name":"Doria diz que ir\u00e1 reduzir ICMS do setor de bares e restaurantes para 3,2%","isPartOf":{"@id":"https:\/\/www.suno.com.br\/noticias\/#website"},"primaryImageOfPage":{"@id":"https:\/\/www.suno.com.br\/noticias\/doria-icms-bares-restaurantes\/#primaryimage"},"image":{"@id":"https:\/\/www.suno.com.br\/noticias\/doria-icms-bares-restaurantes\/#primaryimage"},"thumbnailUrl":"https:\/\/files.sunoresearch.com.br\/n\/uploads\/2021\/06\/0eed9999-1060456-sp_01.01.2017_ff-4818-scaled.jpg","datePublished":"2021-09-15T21:33:51+00:00","dateModified":"2021-09-16T02:35:56+00:00","description":"O an\u00fancio sobre o ICMS foi feito por meio de postagem nas redes, adiantando um an\u00fancio oficial que deve ocorrer hoje. Clique aqui e leia mais","breadcrumb":{"@id":"https:\/\/www.suno.com.br\/noticias\/doria-icms-bares-restaurantes\/#breadcrumb"},"inLanguage":"pt-BR","potentialAction":[{"@type":"ReadAction","target":["https:\/\/www.suno.com.br\/noticias\/doria-icms-bares-restaurantes\/"]}]},{"@type":"ImageObject","inLanguage":"pt-BR","@id":"https:\/\/www.suno.com.br\/noticias\/doria-icms-bares-restaurantes\/#primaryimage","url":"https:\/\/files.sunoresearch.com.br\/n\/uploads\/2021\/06\/0eed9999-1060456-sp_01.01.2017_ff-4818-scaled.jpg","contentUrl":"https:\/\/files.sunoresearch.com.br\/n\/uploads\/2021\/06\/0eed9999-1060456-sp_01.01.2017_ff-4818-scaled.jpg","width":2560,"height":1695,"caption":"Jo\u00e3o Doria. Foto: Rovena Rosa\/Ag\u00eancia Brasil."},{"@type":"BreadcrumbList","@id":"https:\/\/www.suno.com.br\/noticias\/doria-icms-bares-restaurantes\/#breadcrumb","itemListElement":[{"@type":"ListItem","position":1,"name":"Not\u00edcias","item":"https:\/\/www.suno.com.br\/noticias\/"},{"@type":"ListItem","position":2,"name":"Pol\u00edtica","item":"https:\/\/www.suno.com.br\/noticias\/politica\/"},{"@type":"ListItem","position":3,"name":"Doria diz que ir\u00e1 reduzir ICMS do setor de bares e restaurantes para 3,2%"}]},{"@type":"WebSite","@id":"https:\/\/www.suno.com.br\/noticias\/#website","url":"https:\/\/www.suno.com.br\/noticias\/","name":"Suno Not\u00edcias","description":"Seu portal de informa\u00e7\u00e3o sobre o mundo dos investimentos","publisher":{"@id":"https:\/\/www.suno.com.br\/noticias\/#organization"},"potentialAction":[{"@type":"SearchAction","target":{"@type":"EntryPoint","urlTemplate":"https:\/\/www.suno.com.br\/noticias\/?s={search_term_string}"},"query-input":{"@type":"PropertyValueSpecification","valueRequired":true,"valueName":"search_term_string"}}],"inLanguage":"pt-BR"},{"@type":"Organization","@id":"https:\/\/www.suno.com.br\/noticias\/#organization","name":"Suno Not\u00edcias","url":"https:\/\/www.suno.com.br\/noticias\/","logo":{"@type":"ImageObject","inLanguage":"pt-BR","@id":"https:\/\/www.suno.com.br\/noticias\/#\/schema\/logo\/image\/","url":"https:\/\/files.sunoresearch.com.br\/n\/uploads\/2021\/09\/suno-logo.png","contentUrl":"https:\/\/files.sunoresearch.com.br\/n\/uploads\/2021\/09\/suno-logo.png","width":180,"height":180,"caption":"Suno Not\u00edcias"},"image":{"@id":"https:\/\/www.suno.com.br\/noticias\/#\/schema\/logo\/image\/"},"sameAs":["https:\/\/facebook.com\/sunoresearch","https:\/\/x.com\/sunoresearch","https:\/\/www.instagram.com\/suno","https:\/\/www.linkedin.com\/company\/suno-research\/","https:\/\/www.youtube.com\/c\/sunoresearch"]},{"@type":"Person","@id":"https:\/\/www.suno.com.br\/noticias\/#\/schema\/person\/7f4d362bf3518e76090143ae77bb49a5","name":"Eduardo Vargas","image":{"@type":"ImageObject","inLanguage":"pt-BR","@id":"https:\/\/www.suno.com.br\/noticias\/#\/schema\/person\/image\/","url":"https:\/\/secure.gravatar.com\/avatar\/dac340933427a22924c9f99d1eb2e3f2?s=96&r=g","contentUrl":"https:\/\/secure.gravatar.com\/avatar\/dac340933427a22924c9f99d1eb2e3f2?s=96&r=g","caption":"Eduardo Vargas"},"description":"Jornalista formado pela UFSC, cobre macroeconomia, neg\u00f3cios e startups para o Suno Not\u00edcias, escrevendo principalmente not\u00edcias sobre o mercado financeiro e a bolsa de valores. No YouTube e no Instagram, \u00e9 respons\u00e1vel pela produ\u00e7\u00e3o de Reels e Shorts do Suno Not\u00edcias. Anteriormente, trabalhou cobrindo economia e cotidiano no ND+ e para o ND, maior jornal impresso de Santa Catarina. Cursou um semestre letivo de Estudos de M\u00eddia na Universidad de Buenos Aires.","url":"https:\/\/www.suno.com.br\/noticias\/author\/eduardo-vargas\/"}]}},"default_loop_html":"<div class=\"cardsPage__listCard__boxs\"><div class=\"cardsPage__listCard__boxs__img\"><a href=\"https:\/\/www.suno.com.br\/noticias\/doria-icms-bares-restaurantes\/\"><img class=\"mask\" src=\"https:\/\/www.suno.com.br\/noticias\/wp-content\/themes\/suno\/resources\/images\/spotlight\/spotlight1img\/bg-mask.png\" alt=\"Image Mask\"\/><img src=\"https:\/\/files.sunoresearch.com.br\/n\/uploads\/2021\/06\/0eed9999-1060456-sp_01.01.2017_ff-4818-400x200.jpg\" alt=\"Doria diz que ir\u00e1 reduzir ICMS do setor de bares e restaurantes para 3,2%\"\/><\/a><span class=\"spotlightCategory\"><a href=\"https:\/\/www.suno.com.br\/noticias\/politica\/\">Pol\u00edtica<\/a><\/span><\/div><div class=\"cardsPage__listCard__boxs__content\"><a href=\"https:\/\/www.suno.com.br\/noticias\/doria-icms-bares-restaurantes\/\"><h2 class=\"content__title\">Doria diz que ir\u00e1 reduzir ICMS do setor de bares e restaurantes para 3,2%<\/h2><\/a><div class=\"newsContent__article__meta\"><div class=\"newsContent__article__meta__authorBox\"><a href=\"https:\/\/www.suno.com.br\/noticias\/author\/eduardo-vargas\/\" class=\"authorBox__avatar noMobi\"><img src=\"https:\/\/secure.gravatar.com\/avatar\/dac340933427a22924c9f99d1eb2e3f2?s=96&#038;r=g\" alt=\"Eduardo Vargas\"><\/a><div class=\"authorBox__name\"><span>por\n\t\t\t<a href=\"https:\/\/www.suno.com.br\/noticias\/author\/eduardo-vargas\/\"><span itemprop=\"author\">Eduardo Vargas<\/span><\/a><\/span><time datetime=\"2021-09-15T18:33:51-03:00\" itemprop=\"datePublished\">15\/09\/2021 18:33<\/time><\/div><\/div><\/div><\/div><\/div>","single_layout":"posts","amp_enabled":true,"_links":{"self":[{"href":"https:\/\/www.suno.com.br\/noticias\/wp-json\/wp\/v2\/posts\/184206"}],"collection":[{"href":"https:\/\/www.suno.com.br\/noticias\/wp-json\/wp\/v2\/posts"}],"about":[{"href":"https:\/\/www.suno.com.br\/noticias\/wp-json\/wp\/v2\/types\/post"}],"author":[{"embeddable":true,"href":"https:\/\/www.suno.com.br\/noticias\/wp-json\/wp\/v2\/users\/73"}],"replies":[{"embeddable":true,"href":"https:\/\/www.suno.com.br\/noticias\/wp-json\/wp\/v2\/comments?post=184206"}],"version-history":[{"count":4,"href":"https:\/\/www.suno.com.br\/noticias\/wp-json\/wp\/v2\/posts\/184206\/revisions"}],"predecessor-version":[{"id":184457,"href":"https:\/\/www.suno.com.br\/noticias\/wp-json\/wp\/v2\/posts\/184206\/revisions\/184457"}],"wp:featuredmedia":[{"embeddable":true,"href":"https:\/\/www.suno.com.br\/noticias\/wp-json\/wp\/v2\/media\/156640"}],"wp:attachment":[{"href":"https:\/\/www.suno.com.br\/noticias\/wp-json\/wp\/v2\/media?parent=184206"}],"wp:term":[{"taxonomy":"category","embeddable":true,"href":"https:\/\/www.suno.com.br\/noticias\/wp-json\/wp\/v2\/categories?post=184206"},{"taxonomy":"post_tag","embeddable":true,"href":"https:\/\/www.suno.com.br\/noticias\/wp-json\/wp\/v2\/tags?post=184206"},{"taxonomy":"suno_strategy","embeddable":true,"href":"https:\/\/www.suno.com.br\/noticias\/wp-json\/wp\/v2\/suno_strategy?post=184206"}],"curies":[{"name":"wp","href":"https:\/\/api.w.org\/{rel}","templated":true}]}}