{"id":184121,"date":"2021-09-15T10:47:29","date_gmt":"2021-09-15T13:47:29","guid":{"rendered":"https:\/\/www.suno.com.br\/noticias\/?p=184121"},"modified":"2021-09-15T10:47:29","modified_gmt":"2021-09-15T13:47:29","slug":"ibovespa-abre-queda-previa-pib-bradespar-descola-sobe-7","status":"publish","type":"post","link":"https:\/\/www.suno.com.br\/noticias\/ibovespa-abre-queda-previa-pib-bradespar-descola-sobe-7\/","title":{"rendered":"Ibovespa abre em queda com pr\u00e9via do PIB, mas Bradespar (BRAP4) descola e sobe 7%"},"content":{"rendered":"<p>Ap\u00f3s fechar em queda em um dia de volatilidade, o <strong>Ibovespa <\/strong>acumula novas perdas na <a href=\"https:\/\/www.suno.com.br\/artigos\/pregao\">abertura desta quarta-feira (15)<\/a>. O \u00edndice do mercado de a\u00e7\u00f5es brasileiro cai a 0,71% aos 115.353 pontos.<\/p>\t<div class=\"wrapper-featured-image\">\n\t\t<figure class=\"spotlightImg\">\n\n\t\t\t<picture>\n\t\t\t\t<source media=\"(max-width: 768px)\" srcset=\"https:\/\/files.sunoresearch.com.br\/n\/uploads\/2021\/01\/76188e34-bradespar-400x200.webp\">\n\t\t\t\t<img loading=\"lazy\" decoding=\"async\" class=\"newsContent__article__imgCapa lazyloadDisabled \" src=\"https:\/\/files.sunoresearch.com.br\/n\/uploads\/2021\/01\/76188e34-bradespar-800x450.webp\" width=\"800\" height=\"450\" alt=\"Ibovespa abre em queda com pr\u00e9via do PIB, mas Bradespar (BRAP4) descola e sobe 7%\" fetchpriority=high \/>\n\t\t\t<\/picture>\n\n\t\t\t<figcaption class=\"wp-caption-text wp-caption-text--show\">Bradespar (BRAP4). Foto: Divulga\u00e7\u00e3o<\/figcaption>\n\t\t<\/figure>\n\t<\/div>\n\n\n\t<p>\n\t\t<a href=\"https:\/\/lp.suno.com.br\/planilha-controle-gastos\/\" target=\"_blank\" data-element=\"shortcode-suno-banner\" title=\"Banner SUNO, clique e saiba mais\">\n\t\t\t<picture>\n\t\t\t\t<source media=\"(max-width: 500px)\" srcset=\"https:\/\/files.sunoresearch.com.br\/n\/uploads\/2023\/03\/400x300-Planilha-controle-de-gastos.png\">\n\t\t\t\t<img class=\"newsContent__article__imgCapa newsContent__article__imgCapa--banner\"\n\t\t\t\t\tsrc=\"https:\/\/files.sunoresearch.com.br\/n\/uploads\/2023\/03\/1420x240-Planilha-controle-de-gastos.png\"\n\t\t\t\t\tdata-promo-id=\"101751\"\t\t\t\t\t\t\t\t\t\twidth='1420' height='240'\t\t\t\t\talt=\"https:\/\/files.sunoresearch.com.br\/n\/uploads\/2023\/03\/1420x240-Planilha-controle-de-gastos.png\"\n\t\t\t\t>\n\t\t\t<\/picture>\n\t\t<\/a>\n\t<\/p>\n\n\n<p>O <strong>Ibovespa hoje<\/strong> lida com os mercados da Europa e da \u00c1sia em rev\u00e9s, ao passo que os Estados Unidos mant\u00e9m um premarket positivo. O min\u00e9rio de ferro ainda cai, o que deve penalizar as a\u00e7\u00f5es do segmento no preg\u00e3o, enquanto a cota\u00e7\u00e3o do petr\u00f3leo (Brent e WTI) sobe cerca de 2%.<\/p>\n<p>&#8220;Mercados globais est\u00e3o abrindo mais um dia sem dire\u00e7\u00e3o \u00fanica, com investidores avaliando uma nova bateria de dados fracos na China ap\u00f3s o CPI americano vir abaixo das estimativas do mercado em agosto&#8221;, ressalta a Guide Investimentos.<\/p>\n<p>Enquanto a crise pol\u00edtica segue em arrefecimento, com menor tens\u00e3o institucional, algumas falas ligadas \u00e0 economia e aos mercados movimentam o notici\u00e1rio.<\/p>\n<p>No evento\u00a0MacroDay 2021, promovido pelo\u00a0<a class=\"suno-keyword\" href=\"https:\/\/www.suno.com.br\/acoes\/BPAC11\/\" target=\"_blank\" rel=\"noopener\" data-force=\"yes\" data-priority=\"2\">BTG Pactual (BPAC11)<\/a>, o presidente do\u00a0<a class=\"suno-keyword\" href=\"https:\/\/www.suno.com.br\/artigos\/bacen\/\" target=\"_blank\" rel=\"noopener\" data-force=\"no\" data-priority=\"3\">Banco Central (BC)<\/a>, Roberto Campos Neto, afirmou que levar\u00e1 a <a class=\"suno-keyword\" href=\"https:\/\/www.suno.com.br\/artigos\/taxa-basica-de-juros\/\" target=\"_blank\" rel=\"noopener\" data-force=\"no\" data-priority=\"1\">taxa b\u00e1sica de juros<\/a>\u00a0(<strong>Selic<\/strong>) \u201cat\u00e9 onde for necess\u00e1rio&#8221;<\/p>\n<p>\u201cDizer que vamos fazer o que precisa ser feito para atingir a meta significa que vamos levar a Selic aonde precisar levar. Mas n\u00e3o significa que vamos reagir sempre a dados de alta frequ\u00eancia\u201d, disse<strong>\u00a0Campos\u00a0Neto<\/strong>, ao afirmar que o\u00a0BC\u00a0agir\u00e1 para controlar a\u00a0infla\u00e7\u00e3o no Brasil.<\/p>\n\t<div data-element=\"shortcode-read-more\" class=\"knowMore\">\n\t\t\t\t<span class=\"knowMore__title\">Leia mais<\/span>\n\t\t\t\t<a class=\"knowMore__link\" href=\"https:\/\/www.suno.com.br\/noticias\/commodities-ibovespa-devolve-ganhos-maiores-baixas\/\">\n\t\t\tCom commodities sangrando, Ibovespa devolve ganhos de 2021; Veja as cinco maiores baixas\t\t<\/a>\n\t<\/div>\n\n\n<p>Em termos de indicadores, a <strong>bolsa de valores hoje <\/strong>reage ao\u00a0\u00cdndice de Atividade\u00a0<strong>(IBC-Br<\/strong>), considerado a pr\u00e9via do Produto Interno Bruto (PIB). O n\u00famero teve alta de 0,60% em julho ante junho, na s\u00e9rie j\u00e1 livre de influ\u00eancias sazonais.<\/p>\n<p>O dado do IBC-Br ficou acima da expectativa da pesquisa da Reuters que apontava para uma ata de 0,4%. Na compara\u00e7\u00e3o com o mesmo per\u00edodo de 2020, a pr\u00e9via do PIB apresentou crescimento de 5,53% e, no acumulado em 12 meses, teve ganho de 3,26%.<\/p>\n<p>Mais tarde, \u00e0s 12h, o mercado dom\u00e9stico conta com Confian\u00e7a do Consumidor Reuters\/Ipsos, e \u00e0s 14h30 com o Fluxo Cambial Estrangeiro, fechando os dados do dia.<\/p>\n<p>No exterior, novos dados sobre a infla\u00e7\u00e3o do Reino Unido, em alta de 0,7% do IPC em agosto, deixando o anualizado em 3,2%. Ambos os n\u00fameros ficaram acima do esperado, com proje\u00e7\u00f5es para 0,5% e 2,9%, respectivamente.<\/p>\n<p>Os demais pa\u00edses que divulgaram dados semelhantes hoje, como Fran\u00e7a, Canad\u00e1 e It\u00e1lia, tiveram n\u00fameros melhores do que o esperado ou em linha com as expectativas.<\/p>\n<p>Vale frisar que, \u00e0s 11h30, os EUA tamb\u00e9m divulgam os Estoques de Petr\u00f3leo Bruto, dado em que o mercado v\u00ea baixa de 3,54 milh\u00f5es.<\/p>\n<h2>Not\u00edcias que v\u00e3o movimentar o Ibovespa hoje<\/h2>\n<ul>\n<li><b>Gol <\/b>fecha acordo e recebe R$ 1 bilh\u00e3o<\/li>\n<li><b>Bradespar<\/b> reduzir\u00e1 capital com a\u00e7\u00f5es da <strong>Vale<\/strong><\/li>\n<li><b>Soma<\/b> e <strong>Hering <\/strong>aprovam fus\u00e3o em AGEs<\/li>\n<\/ul>\n<h3>Gol assina acordo com a American Airlines<\/h3>\n<p>A\u00a0<a class=\"suno-keyword\" href=\"https:\/\/www.suno.com.br\/acoes\/GOLL4\/\" target=\"_blank\" rel=\"noopener\" data-force=\"yes\" data-priority=\"2\"><strong>Gol<\/strong>\u00a0(GOLL4)<\/a> expandiu seu acordo de compartilhamento de voos, conhecido como <em>codeshare<\/em> com a <strong>American Airlines<\/strong> para o patamar de exclusividade pelos pr\u00f3ximos tr\u00eas anos.<\/p>\n<p>Esse <strong>acordo<\/strong> estipula que a American Airlines ter\u00e1 de investir US$ 200 milh\u00f5es (R$ 1,05 bilh\u00e3o) na a\u00e9rea brasileira, na forma de\u00a0<a class=\"suno-keyword\" href=\"https:\/\/www.suno.com.br\/artigos\/compra-de-acoes\/\" target=\"_blank\" rel=\"noopener\" data-force=\"no\" data-priority=\"1\">compra de a\u00e7\u00f5es<\/a>. Ser\u00e3o 22,2 milh\u00f5es de\u00a0<a class=\"suno-keyword\" href=\"https:\/\/www.suno.com.br\/artigos\/acoes-preferenciais\/\" target=\"_blank\" rel=\"noopener\" data-force=\"no\" data-priority=\"1\">a\u00e7\u00f5es preferenciais<\/a>\u00a0rec\u00e9m-emitidas, a US$ 9 (R$ 47,03) por papel.<\/p>\n<p>\u201cEssa exclusividade entre a Gol e a American, aumenta as oportunidades de viagens aos passageiros da Gol, assim como melhora a experi\u00eancia do cliente e a posi\u00e7\u00e3o competitiva da Gol nas rotas que conectam as Am\u00e9ricas do Sul e do Norte\u201d, informa a a\u00e9rea em nota \u00e0 imprensa.<\/p>\n<p>Dito isso, a American Airlines passa a deter uma participa\u00e7\u00e3o de 5,2% no capital da Gol.<\/p>\n\t<p>\n\t\t<a href=\"https:\/\/lp.suno.com.br\/planilha-da-vida-financeira\/\" target=\"_blank\" data-element=\"shortcode-suno-banner\" title=\"Banner SUNO, clique e saiba mais\">\n\t\t\t<picture>\n\t\t\t\t<source media=\"(max-width: 500px)\" srcset=\"https:\/\/files.sunoresearch.com.br\/n\/uploads\/2023\/04\/400x300-Planilha-vida-financeira-true.png\">\n\t\t\t\t<img class=\"newsContent__article__imgCapa newsContent__article__imgCapa--banner\"\n\t\t\t\t\tsrc=\"https:\/\/files.sunoresearch.com.br\/n\/uploads\/2023\/04\/1420x240-Planilha-vida-financeira-true.png\"\n\t\t\t\t\tdata-promo-id=\"106682\"\t\t\t\t\t\t\t\t\t\twidth='1420' height='240'\t\t\t\t\talt=\"https:\/\/files.sunoresearch.com.br\/n\/uploads\/2023\/04\/1420x240-Planilha-vida-financeira-true.png\"\n\t\t\t\t>\n\t\t\t<\/picture>\n\t\t<\/a>\n\t<\/p>\n\n\n<p>\u201cAcreditamos que o\u00a0<em>codeshare<\/em>\u00a0exclusivo fortalecer\u00e1 ainda mais a presen\u00e7a da GOL nos mercados internacionais, acelerar\u00e1 nosso crescimento de\u00a0<a class=\"suno-keyword\" href=\"https:\/\/www.suno.com.br\/artigos\/longo-prazo\/\" target=\"_blank\" rel=\"noopener\" data-force=\"no\" data-priority=\"1\">longo prazo<\/a> e maximizar\u00e1 o valor para nossos acionistas. Tamb\u00e9m, ratifica a confian\u00e7a no crescimento da Companhia conforme a economia reabre e a demanda por viagens aumenta\u201d, afirma o CEO da GOL, Paulo Kakinoff.<\/p>\n<p>Com esse contexto, as <strong>a\u00e7\u00f5es da Gol <\/strong>sobem 3,7% no <strong>Ibovespa hoje<\/strong>.<\/p>\n<h3>Bradespar e Vale<\/h3>\n<p>Em an\u00fancio na ter\u00e7a (14), a\u00a0<a href=\"https:\/\/www.suno.com.br\/acoes\/brap4\/\"><strong>Bradespar<\/strong>\u00a0(BRAP4)<\/a> informou ao mercado que pretende reduzir seu capital em R$ 5,26 bilh\u00f5es. Isso seria realizado atrav\u00e9s da entrega de a\u00e7\u00f5es da <a class=\"suno-keyword\" href=\"https:\/\/www.suno.com.br\/acoes\/VALE3\/\" target=\"_blank\" rel=\"noopener\" data-force=\"yes\" data-priority=\"2\">Vale (VALE3)<\/a> aos seus acionistas.<\/p>\n<p>Segundo a empresa, o n\u00famero de a\u00e7\u00f5es da mineradora a ser entregue aos investidores ser\u00e1 calculado ap\u00f3s a apresenta\u00e7\u00e3o das <a class=\"suno-keyword\" href=\"https:\/\/www.suno.com.br\/artigos\/demonstracoes-financeiras\/\" target=\"_blank\" rel=\"noopener\" data-force=\"no\" data-priority=\"1\">demonstra\u00e7\u00f5es financeiras<\/a>\u00a0de ambas as companhias, na data-base de 30 de setembro.<\/p>\n<p>A Bradespar convocou uma Assembleia Geral Extraordin\u00e1ria para deliberar sobre a proposta, no dia 15 de outubro.\u00a0A dire\u00e7\u00e3o compreendeu que o capital social\u00a0da companhia atual se tornou \u201cexcessivo para o desenvolvimento dos neg\u00f3cios\u201d da companhia, al\u00e9m de dificultar o cumprimento dos objetivos sociais.<\/p>\n\t<p>\n\t\t<a href=\"https:\/\/lp.suno.com.br\/planilha-da-vida-financeira\/\" target=\"_blank\" data-element=\"shortcode-suno-banner\" title=\"Banner SUNO, clique e saiba mais\">\n\t\t\t<picture>\n\t\t\t\t<source media=\"(max-width: 500px)\" srcset=\"https:\/\/files.sunoresearch.com.br\/n\/uploads\/2023\/04\/400x300-Planilha-vida-financeira-true.png\">\n\t\t\t\t<img class=\"newsContent__article__imgCapa newsContent__article__imgCapa--banner\"\n\t\t\t\t\tsrc=\"https:\/\/files.sunoresearch.com.br\/n\/uploads\/2023\/04\/1420x240-Planilha-vida-financeira-true.png\"\n\t\t\t\t\tdata-promo-id=\"106682\"\t\t\t\t\t\t\t\t\t\twidth='1420' height='240'\t\t\t\t\talt=\"https:\/\/files.sunoresearch.com.br\/n\/uploads\/2023\/04\/1420x240-Planilha-vida-financeira-true.png\"\n\t\t\t\t>\n\t\t\t<\/picture>\n\t\t<\/a>\n\t<\/p>\n\n\n<p>No comunicado, a Bradespar afirma que &#8220;a sociedade tem por objeto social a participa\u00e7\u00e3o como s\u00f3cia ou acionista de outras sociedades e, assim, n\u00e3o possui atividade operacional direta\u201d diz a Bradespar&#8221;.<\/p>\n<p>\u201cN\u00e3o h\u00e1, ainda, no planejamento atual da sociedade, inten\u00e7\u00e3o de realiza\u00e7\u00e3o de investimentos que justifiquem a manuten\u00e7\u00e3o do capital social no patamar em que se encontra&#8221;, segue.<\/p>\n<p>No preg\u00e3o de hoje, as <strong>a\u00e7\u00f5es da Bradespar <\/strong>sobem 7% no <strong>Ibovespa nesta quarta<\/strong>, ante queda de 1% das\u00a0<strong>a\u00e7\u00f5es da Vale<\/strong>.<\/p>\n<h3>Fus\u00e3o do Grupo Soma com Hering<\/h3>\n<p>Em fato relevante, o <a href=\"https:\/\/www.suno.com.br\/acoes\/SOMA3\/\"><strong>Soma <\/strong>(SOMA3)<\/a> informou que a fus\u00e3o de neg\u00f3cios com a <a href=\"https:\/\/www.suno.com.br\/acoes\/HGTX3\/\"><strong>Hering <\/strong>(HGTX3)<\/a> , anunciada em abril e ainda em curso, foi aprovada em assembleias das duas companhias na ter\u00e7a (14).<\/p>\n<p>Ap\u00f3s a aprova\u00e7\u00e3o, o conselho de administra\u00e7\u00e3o do Soma se reuniu e decidiu pela confirma\u00e7\u00e3o do cumprimento das condi\u00e7\u00f5es suspensivas previstas no Acordo de Associa\u00e7\u00e3o e no Protocolo e Justifica\u00e7\u00e3o da Opera\u00e7\u00e3o.<\/p>\n<p>Al\u00e9m disso, confirmou o valor da parcela em dinheiro a ser pago aos acionistas da Hering ap\u00f3s os ajustes previstos no acordo referente \u00e0 fus\u00e3o.<\/p>\n<p>O montante foi firmado em R$ 9,5415843 por a\u00e7\u00e3o ordin\u00e1ria, ou seja, de R$ 7,9153303 por a\u00e7\u00e3o preferencial resgat\u00e1vel de emiss\u00e3o a ser recebida pelos acionistas da Hering.<\/p>\n<p>As <strong>a\u00e7\u00f5es da Hering<\/strong> caem 0,17% ao passo que o <strong>Soma<\/strong> cai 0,42%, demonstrando que o mercado j\u00e1 digeriu a fus\u00e3o.<\/p>\n<h2>Destaques do Ibovespa<\/h2>\n<p>As principais altas no Ibovespa, por volta das 10h30 s\u00e3o:<\/p>\n<ul>\n<li><a href=\"https:\/\/www.suno.com.br\/acoes\/BPAC11\/\"><strong>Bradespar <\/strong>(BRAP4)<\/a>: +7%<\/li>\n<li><a href=\"https:\/\/www.suno.com.br\/acoes\/JBSS3\"><strong>Gol<\/strong> (GOLL4)<\/a>: +3,9%<\/li>\n<li><a href=\"https:\/\/www.suno.com.br\/acoes\/ELET3\/\"><strong>PetroRio <\/strong>(PRIO3)<\/a>: +2.8%<\/li>\n<li><a href=\"https:\/\/www.suno.com.br\/acoes\/PCAR3\/\"><strong>Cielo <\/strong>(CIEL3)<\/a>: +1.6%<\/li>\n<li><a href=\"https:\/\/www.suno.com.br\/acoes\/PRIO3\/\"><strong>Petrobras <\/strong>(PETR4)<\/a>: +1,2%<\/li>\n<\/ul>\n<p>No mesmo hor\u00e1rio, as principais quedas no Ibovespa eram:<\/p>\n<ul>\n<li><a href=\"https:\/\/www.suno.com.br\/acoes\/LCAM3\/\"><strong>M\u00e9liuz <\/strong>(CASH3)<\/a>: -8%<\/li>\n<li><a href=\"https:\/\/www.suno.com.br\/acoes\/LCAM3\/\"><strong>Banco Inter <\/strong>(BIDI11)<\/a>: -3,3%<\/li>\n<li><a href=\"https:\/\/www.suno.com.br\/acoes\/CCRO3\"><strong>Suzano <\/strong>(SUZB3)<\/a>: -2,7%<\/li>\n<li><a href=\"https:\/\/www.suno.com.br\/acoes\/PETR4\/\"><strong>BTG Pactual <\/strong>(BPAC11)<\/a>: -2,6%<\/li>\n<li><a href=\"https:\/\/www.suno.com.br\/acoes\/RDOR3\/\"><strong>Locaweb <\/strong>(LWSA3)<\/a>: -2%<\/li>\n<\/ul>\n<h2>Principais \u00edndices<\/h2>\n<ul>\n<li><a href=\"https:\/\/www.suno.com.br\/artigos\/ifix\/\">IFIX<\/a>: +0,31%<\/li>\n<li><a href=\"https:\/\/www.suno.com.br\/artigos\/smll\/\">SMLL<\/a>: +0,24%<\/li>\n<li><a href=\"https:\/\/www.suno.com.br\/artigos\/idiv\/\">IDIV<\/a>: -0,04%<\/li>\n<li><a href=\"https:\/\/www.suno.com.br\/artigos\/ibrx\/\">IBRX 100<\/a>: -0,46%<\/li>\n<\/ul>\n<h2>Bolsas mundiais<\/h2>\n<p>Veja o desempenho dos principais \u00edndices acion\u00e1rios no exterior, al\u00e9m do \u00edndice Ibovespa<strong>:<\/strong><\/p>\n<ul>\n<li><a href=\"https:\/\/www.suno.com.br\/artigos\/futuro-de-sp-500\/\">Nova York (S&amp;P 500) futuro<\/a>: +0,14%<\/li>\n<li><a href=\"https:\/\/www.suno.com.br\/artigos\/indice-dow-jones-djia\/\">Nova York Dow Jones (DJIA) futuro<\/a>: -0,06%<\/li>\n<li><a href=\"https:\/\/www.suno.com.br\/artigos\/dax-30\/\">Frankfurt (DAX 30)<\/a>: -0,15%<\/li>\n<li><a href=\"https:\/\/www.suno.com.br\/artigos\/ftse-100\/\">Londres (FTSE 100)<\/a>: +0,02%<\/li>\n<li><a href=\"https:\/\/www.suno.com.br\/artigos\/cac-40\/\">Paris (CAC 40)<\/a>: -0,88%<\/li>\n<li><a href=\"https:\/\/www.suno.com.br\/artigos\/ftse-mib\/\">Mil\u00e3o (FTSE\/MIB)<\/a>: -0,81%<\/li>\n<li><a href=\"https:\/\/www.suno.com.br\/artigos\/nikkei-225\/\">T\u00f3quio (Nikkei 225)<\/a>: -0,52% (fechada)<\/li>\n<li><a href=\"https:\/\/www.suno.com.br\/artigos\/bolsa-de-xangai\/\">Xangai (SSE Composite)<\/a>: -0,17% (fechada)<\/li>\n<li><a href=\"https:\/\/www.suno.com.br\/artigos\/hang-seng\/\">Hong Kong (Hang Seng)<\/a>: -1,84% (fechada)<\/li>\n<\/ul>\n<h2>\u00daltima cota\u00e7\u00e3o do Ibovespa<\/h2>\n<p>No fechamento do preg\u00e3o de ter\u00e7a (14), o <strong>Ibovespa<\/strong> fechou em queda de 0,19%, a 116.181 pontos.<\/p>\n\t<p>\n\t\t<a href=\"https:\/\/lp.suno.com.br\/planilha-de-controle-de-investimentos\/\" target=\"_blank\" data-element=\"shortcode-suno-banner\" title=\"Banner SUNO, clique e saiba mais\">\n\t\t\t<picture>\n\t\t\t\t<source media=\"(max-width: 500px)\" srcset=\"https:\/\/files.sunoresearch.com.br\/n\/uploads\/2023\/03\/400x300-Controle-de-Investimentos.png\">\n\t\t\t\t<img class=\"newsContent__article__imgCapa newsContent__article__imgCapa--banner\"\n\t\t\t\t\tsrc=\"https:\/\/files.sunoresearch.com.br\/n\/uploads\/2023\/03\/1420x240-Controle-de-Investimentos.png\"\n\t\t\t\t\tdata-promo-id=\"75934\"\t\t\t\t\t\t\t\t\t\twidth='1420' height='240'\t\t\t\t\talt=\"https:\/\/files.sunoresearch.com.br\/n\/uploads\/2023\/03\/1420x240-Controle-de-Investimentos.png\"\n\t\t\t\t>\n\t\t\t<\/picture>\n\t\t<\/a>\n\t<\/p>\n\n\n","protected":false},"excerpt":{"rendered":"<p>Ap\u00f3s fechar em queda em um dia de volatilidade, o Ibovespa acumula novas perdas na abertura desta quarta-feira (15). O \u00edndice do mercado de a\u00e7\u00f5es brasileiro cai a 0,71% aos 115.353 pontos. Bradespar (BRAP4). Foto: Divulga\u00e7\u00e3o O Ibovespa hoje lida com os mercados da Europa e da \u00c1sia em rev\u00e9s, ao passo que os Estados [&hellip;]<\/p>\n","protected":false},"author":73,"featured_media":116584,"comment_status":"closed","ping_status":"closed","sticky":false,"template":"","format":"standard","meta":[],"categories":[60],"tags":[104703,393,2030,105816,489,2686,721,676],"suno_strategy":[],"class_list":["post-184121","post","type-post","status-publish","format-standard","has-post-thumbnail","hentry","category-mercado","tag-bolsas-mundiais","tag-bradespar-brap3-brap4","tag-cia-hering-hgtx3","tag-especialistas","tag-gol-linhas-aereas-goll11-goll4","tag-grupo-soma-soma3","tag-ibovespa","tag-vale-vale3"],"yoast_head":"<!-- This site is optimized with the Yoast SEO plugin v24.4 - https:\/\/yoast.com\/wordpress\/plugins\/seo\/ -->\n<title>Ibovespa abre em queda com pr\u00e9via do PIB, mas Bradespar (BRAP4) descola e sobe 7%<\/title>\n<meta name=\"description\" content=\"Apesar dos mercados ficarem em rev\u00e9s nesta ter\u00e7a, o Ibovespa sustenta altas de 4% e 7% na ponta positiva. Clique aqui e leia mais.\" \/>\n<meta name=\"robots\" content=\"index, follow, max-snippet:-1, max-image-preview:large, max-video-preview:-1\" \/>\n<link rel=\"canonical\" href=\"https:\/\/www.suno.com.br\/noticias\/ibovespa-abre-queda-previa-pib-bradespar-descola-sobe-7\/\" \/>\n<meta property=\"og:locale\" content=\"pt_BR\" \/>\n<meta property=\"og:type\" content=\"article\" \/>\n<meta property=\"og:title\" content=\"Ibovespa abre em queda com pr\u00e9via do PIB, mas Bradespar (BRAP4) descola e sobe 7%\" \/>\n<meta property=\"og:description\" content=\"Apesar dos mercados ficarem em rev\u00e9s nesta ter\u00e7a, o Ibovespa sustenta altas de 4% e 7% na ponta positiva. Clique aqui e leia mais.\" \/>\n<meta property=\"og:url\" content=\"https:\/\/www.suno.com.br\/noticias\/ibovespa-abre-queda-previa-pib-bradespar-descola-sobe-7\/\" \/>\n<meta property=\"og:site_name\" content=\"Suno Not\u00edcias\" \/>\n<meta property=\"article:publisher\" content=\"https:\/\/facebook.com\/sunoresearch\" \/>\n<meta property=\"og:image\" content=\"https:\/\/files.sunoresearch.com.br\/n\/uploads\/2021\/01\/76188e34-bradespar.jpg\" \/>\n\t<meta property=\"og:image:width\" content=\"1380\" \/>\n\t<meta property=\"og:image:height\" content=\"920\" \/>\n\t<meta property=\"og:image:type\" content=\"image\/jpeg\" \/>\n<meta name=\"author\" content=\"Eduardo Vargas\" \/>\n<meta name=\"twitter:card\" content=\"summary_large_image\" \/>\n<meta name=\"twitter:creator\" content=\"@sunoresearch\" \/>\n<meta name=\"twitter:site\" content=\"@sunoresearch\" \/>\n<meta name=\"twitter:label1\" content=\"Escrito por\" \/>\n\t<meta name=\"twitter:data1\" content=\"Eduardo Vargas\" \/>\n\t<meta name=\"twitter:label2\" content=\"Est. tempo de leitura\" \/>\n\t<meta name=\"twitter:data2\" content=\"6 minutos\" \/>\n<script type=\"application\/ld+json\" class=\"yoast-schema-graph\">{\"@context\":\"https:\/\/schema.org\",\"@graph\":[{\"@type\":\"NewsArticle\",\"@id\":\"https:\/\/www.suno.com.br\/noticias\/ibovespa-abre-queda-previa-pib-bradespar-descola-sobe-7\/#article\",\"isPartOf\":{\"@id\":\"https:\/\/www.suno.com.br\/noticias\/ibovespa-abre-queda-previa-pib-bradespar-descola-sobe-7\/\"},\"author\":{\"name\":\"Eduardo Vargas\",\"@id\":\"https:\/\/www.suno.com.br\/noticias\/#\/schema\/person\/7f4d362bf3518e76090143ae77bb49a5\"},\"headline\":\"Ibovespa abre em queda com pr\u00e9via do PIB, mas Bradespar (BRAP4) descola e sobe 7%\",\"datePublished\":\"2021-09-15T13:47:29+00:00\",\"mainEntityOfPage\":{\"@id\":\"https:\/\/www.suno.com.br\/noticias\/ibovespa-abre-queda-previa-pib-bradespar-descola-sobe-7\/\"},\"wordCount\":1236,\"publisher\":{\"@id\":\"https:\/\/www.suno.com.br\/noticias\/#organization\"},\"image\":{\"@id\":\"https:\/\/www.suno.com.br\/noticias\/ibovespa-abre-queda-previa-pib-bradespar-descola-sobe-7\/#primaryimage\"},\"thumbnailUrl\":\"https:\/\/files.sunoresearch.com.br\/n\/uploads\/2021\/01\/76188e34-bradespar.jpg\",\"keywords\":[\"Bolsas mundiais\",\"Bradespar (BRAP3\/BRAP4)\",\"Cia Hering (HGTX3)\",\"Especialistas\",\"Gol Linhas A\u00e9reas (GOLL11\/GOLL4)\",\"Grupo Soma (SOMA3)\",\"Ibovespa\",\"Vale (VALE3)\"],\"articleSection\":[\"Mercado\"],\"inLanguage\":\"pt-BR\"},{\"@type\":\"WebPage\",\"@id\":\"https:\/\/www.suno.com.br\/noticias\/ibovespa-abre-queda-previa-pib-bradespar-descola-sobe-7\/\",\"url\":\"https:\/\/www.suno.com.br\/noticias\/ibovespa-abre-queda-previa-pib-bradespar-descola-sobe-7\/\",\"name\":\"Ibovespa abre em queda com pr\u00e9via do PIB, mas Bradespar (BRAP4) descola e sobe 7%\",\"isPartOf\":{\"@id\":\"https:\/\/www.suno.com.br\/noticias\/#website\"},\"primaryImageOfPage\":{\"@id\":\"https:\/\/www.suno.com.br\/noticias\/ibovespa-abre-queda-previa-pib-bradespar-descola-sobe-7\/#primaryimage\"},\"image\":{\"@id\":\"https:\/\/www.suno.com.br\/noticias\/ibovespa-abre-queda-previa-pib-bradespar-descola-sobe-7\/#primaryimage\"},\"thumbnailUrl\":\"https:\/\/files.sunoresearch.com.br\/n\/uploads\/2021\/01\/76188e34-bradespar.jpg\",\"datePublished\":\"2021-09-15T13:47:29+00:00\",\"description\":\"Apesar dos mercados ficarem em rev\u00e9s nesta ter\u00e7a, o Ibovespa sustenta altas de 4% e 7% na ponta positiva. Clique aqui e leia mais.\",\"breadcrumb\":{\"@id\":\"https:\/\/www.suno.com.br\/noticias\/ibovespa-abre-queda-previa-pib-bradespar-descola-sobe-7\/#breadcrumb\"},\"inLanguage\":\"pt-BR\",\"potentialAction\":[{\"@type\":\"ReadAction\",\"target\":[\"https:\/\/www.suno.com.br\/noticias\/ibovespa-abre-queda-previa-pib-bradespar-descola-sobe-7\/\"]}]},{\"@type\":\"ImageObject\",\"inLanguage\":\"pt-BR\",\"@id\":\"https:\/\/www.suno.com.br\/noticias\/ibovespa-abre-queda-previa-pib-bradespar-descola-sobe-7\/#primaryimage\",\"url\":\"https:\/\/files.sunoresearch.com.br\/n\/uploads\/2021\/01\/76188e34-bradespar.jpg\",\"contentUrl\":\"https:\/\/files.sunoresearch.com.br\/n\/uploads\/2021\/01\/76188e34-bradespar.jpg\",\"width\":1380,\"height\":920,\"caption\":\"Bradespar (BRAP4). Foto: Divulga\u00e7\u00e3o\"},{\"@type\":\"BreadcrumbList\",\"@id\":\"https:\/\/www.suno.com.br\/noticias\/ibovespa-abre-queda-previa-pib-bradespar-descola-sobe-7\/#breadcrumb\",\"itemListElement\":[{\"@type\":\"ListItem\",\"position\":1,\"name\":\"Not\u00edcias\",\"item\":\"https:\/\/www.suno.com.br\/noticias\/\"},{\"@type\":\"ListItem\",\"position\":2,\"name\":\"Mercado\",\"item\":\"https:\/\/www.suno.com.br\/noticias\/mercado\/\"},{\"@type\":\"ListItem\",\"position\":3,\"name\":\"Ibovespa abre em queda com pr\u00e9via do PIB, mas Bradespar (BRAP4) descola e sobe 7%\"}]},{\"@type\":\"WebSite\",\"@id\":\"https:\/\/www.suno.com.br\/noticias\/#website\",\"url\":\"https:\/\/www.suno.com.br\/noticias\/\",\"name\":\"Suno Not\u00edcias\",\"description\":\"Seu portal de informa\u00e7\u00e3o sobre o mundo dos investimentos\",\"publisher\":{\"@id\":\"https:\/\/www.suno.com.br\/noticias\/#organization\"},\"potentialAction\":[{\"@type\":\"SearchAction\",\"target\":{\"@type\":\"EntryPoint\",\"urlTemplate\":\"https:\/\/www.suno.com.br\/noticias\/?s={search_term_string}\"},\"query-input\":{\"@type\":\"PropertyValueSpecification\",\"valueRequired\":true,\"valueName\":\"search_term_string\"}}],\"inLanguage\":\"pt-BR\"},{\"@type\":\"Organization\",\"@id\":\"https:\/\/www.suno.com.br\/noticias\/#organization\",\"name\":\"Suno Not\u00edcias\",\"url\":\"https:\/\/www.suno.com.br\/noticias\/\",\"logo\":{\"@type\":\"ImageObject\",\"inLanguage\":\"pt-BR\",\"@id\":\"https:\/\/www.suno.com.br\/noticias\/#\/schema\/logo\/image\/\",\"url\":\"https:\/\/files.sunoresearch.com.br\/n\/uploads\/2021\/09\/suno-logo.png\",\"contentUrl\":\"https:\/\/files.sunoresearch.com.br\/n\/uploads\/2021\/09\/suno-logo.png\",\"width\":180,\"height\":180,\"caption\":\"Suno Not\u00edcias\"},\"image\":{\"@id\":\"https:\/\/www.suno.com.br\/noticias\/#\/schema\/logo\/image\/\"},\"sameAs\":[\"https:\/\/facebook.com\/sunoresearch\",\"https:\/\/x.com\/sunoresearch\",\"https:\/\/www.instagram.com\/suno\",\"https:\/\/www.linkedin.com\/company\/suno-research\/\",\"https:\/\/www.youtube.com\/c\/sunoresearch\"]},{\"@type\":\"Person\",\"@id\":\"https:\/\/www.suno.com.br\/noticias\/#\/schema\/person\/7f4d362bf3518e76090143ae77bb49a5\",\"name\":\"Eduardo Vargas\",\"image\":{\"@type\":\"ImageObject\",\"inLanguage\":\"pt-BR\",\"@id\":\"https:\/\/www.suno.com.br\/noticias\/#\/schema\/person\/image\/\",\"url\":\"https:\/\/secure.gravatar.com\/avatar\/dac340933427a22924c9f99d1eb2e3f2?s=96&r=g\",\"contentUrl\":\"https:\/\/secure.gravatar.com\/avatar\/dac340933427a22924c9f99d1eb2e3f2?s=96&r=g\",\"caption\":\"Eduardo Vargas\"},\"description\":\"Jornalista formado pela UFSC, cobre macroeconomia, neg\u00f3cios e startups para o Suno Not\u00edcias, escrevendo principalmente not\u00edcias sobre o mercado financeiro e a bolsa de valores. No YouTube e no Instagram, \u00e9 respons\u00e1vel pela produ\u00e7\u00e3o de Reels e Shorts do Suno Not\u00edcias. Anteriormente, trabalhou cobrindo economia e cotidiano no ND+ e para o ND, maior jornal impresso de Santa Catarina. Cursou um semestre letivo de Estudos de M\u00eddia na Universidad de Buenos Aires.\",\"url\":\"https:\/\/www.suno.com.br\/noticias\/author\/eduardo-vargas\/\"}]}<\/script>\n<!-- \/ Yoast SEO plugin. -->","yoast_head_json":{"title":"Ibovespa abre em queda com pr\u00e9via do PIB, mas Bradespar (BRAP4) descola e sobe 7%","description":"Apesar dos mercados ficarem em rev\u00e9s nesta ter\u00e7a, o Ibovespa sustenta altas de 4% e 7% na ponta positiva. Clique aqui e leia mais.","robots":{"index":"index","follow":"follow","max-snippet":"max-snippet:-1","max-image-preview":"max-image-preview:large","max-video-preview":"max-video-preview:-1"},"canonical":"https:\/\/www.suno.com.br\/noticias\/ibovespa-abre-queda-previa-pib-bradespar-descola-sobe-7\/","og_locale":"pt_BR","og_type":"article","og_title":"Ibovespa abre em queda com pr\u00e9via do PIB, mas Bradespar (BRAP4) descola e sobe 7%","og_description":"Apesar dos mercados ficarem em rev\u00e9s nesta ter\u00e7a, o Ibovespa sustenta altas de 4% e 7% na ponta positiva. Clique aqui e leia mais.","og_url":"https:\/\/www.suno.com.br\/noticias\/ibovespa-abre-queda-previa-pib-bradespar-descola-sobe-7\/","og_site_name":"Suno Not\u00edcias","article_publisher":"https:\/\/facebook.com\/sunoresearch","og_image":[{"width":1380,"height":920,"url":"https:\/\/files.sunoresearch.com.br\/n\/uploads\/2021\/01\/76188e34-bradespar.jpg","type":"image\/jpeg"}],"author":"Eduardo Vargas","twitter_card":"summary_large_image","twitter_creator":"@sunoresearch","twitter_site":"@sunoresearch","twitter_misc":{"Escrito por":"Eduardo Vargas","Est. tempo de leitura":"6 minutos"},"schema":{"@context":"https:\/\/schema.org","@graph":[{"@type":"NewsArticle","@id":"https:\/\/www.suno.com.br\/noticias\/ibovespa-abre-queda-previa-pib-bradespar-descola-sobe-7\/#article","isPartOf":{"@id":"https:\/\/www.suno.com.br\/noticias\/ibovespa-abre-queda-previa-pib-bradespar-descola-sobe-7\/"},"author":{"name":"Eduardo Vargas","@id":"https:\/\/www.suno.com.br\/noticias\/#\/schema\/person\/7f4d362bf3518e76090143ae77bb49a5"},"headline":"Ibovespa abre em queda com pr\u00e9via do PIB, mas Bradespar (BRAP4) descola e sobe 7%","datePublished":"2021-09-15T13:47:29+00:00","mainEntityOfPage":{"@id":"https:\/\/www.suno.com.br\/noticias\/ibovespa-abre-queda-previa-pib-bradespar-descola-sobe-7\/"},"wordCount":1236,"publisher":{"@id":"https:\/\/www.suno.com.br\/noticias\/#organization"},"image":{"@id":"https:\/\/www.suno.com.br\/noticias\/ibovespa-abre-queda-previa-pib-bradespar-descola-sobe-7\/#primaryimage"},"thumbnailUrl":"https:\/\/files.sunoresearch.com.br\/n\/uploads\/2021\/01\/76188e34-bradespar.jpg","keywords":["Bolsas mundiais","Bradespar (BRAP3\/BRAP4)","Cia Hering (HGTX3)","Especialistas","Gol Linhas A\u00e9reas (GOLL11\/GOLL4)","Grupo Soma (SOMA3)","Ibovespa","Vale (VALE3)"],"articleSection":["Mercado"],"inLanguage":"pt-BR"},{"@type":"WebPage","@id":"https:\/\/www.suno.com.br\/noticias\/ibovespa-abre-queda-previa-pib-bradespar-descola-sobe-7\/","url":"https:\/\/www.suno.com.br\/noticias\/ibovespa-abre-queda-previa-pib-bradespar-descola-sobe-7\/","name":"Ibovespa abre em queda com pr\u00e9via do PIB, mas Bradespar (BRAP4) descola e sobe 7%","isPartOf":{"@id":"https:\/\/www.suno.com.br\/noticias\/#website"},"primaryImageOfPage":{"@id":"https:\/\/www.suno.com.br\/noticias\/ibovespa-abre-queda-previa-pib-bradespar-descola-sobe-7\/#primaryimage"},"image":{"@id":"https:\/\/www.suno.com.br\/noticias\/ibovespa-abre-queda-previa-pib-bradespar-descola-sobe-7\/#primaryimage"},"thumbnailUrl":"https:\/\/files.sunoresearch.com.br\/n\/uploads\/2021\/01\/76188e34-bradespar.jpg","datePublished":"2021-09-15T13:47:29+00:00","description":"Apesar dos mercados ficarem em rev\u00e9s nesta ter\u00e7a, o Ibovespa sustenta altas de 4% e 7% na ponta positiva. Clique aqui e leia mais.","breadcrumb":{"@id":"https:\/\/www.suno.com.br\/noticias\/ibovespa-abre-queda-previa-pib-bradespar-descola-sobe-7\/#breadcrumb"},"inLanguage":"pt-BR","potentialAction":[{"@type":"ReadAction","target":["https:\/\/www.suno.com.br\/noticias\/ibovespa-abre-queda-previa-pib-bradespar-descola-sobe-7\/"]}]},{"@type":"ImageObject","inLanguage":"pt-BR","@id":"https:\/\/www.suno.com.br\/noticias\/ibovespa-abre-queda-previa-pib-bradespar-descola-sobe-7\/#primaryimage","url":"https:\/\/files.sunoresearch.com.br\/n\/uploads\/2021\/01\/76188e34-bradespar.jpg","contentUrl":"https:\/\/files.sunoresearch.com.br\/n\/uploads\/2021\/01\/76188e34-bradespar.jpg","width":1380,"height":920,"caption":"Bradespar (BRAP4). Foto: Divulga\u00e7\u00e3o"},{"@type":"BreadcrumbList","@id":"https:\/\/www.suno.com.br\/noticias\/ibovespa-abre-queda-previa-pib-bradespar-descola-sobe-7\/#breadcrumb","itemListElement":[{"@type":"ListItem","position":1,"name":"Not\u00edcias","item":"https:\/\/www.suno.com.br\/noticias\/"},{"@type":"ListItem","position":2,"name":"Mercado","item":"https:\/\/www.suno.com.br\/noticias\/mercado\/"},{"@type":"ListItem","position":3,"name":"Ibovespa abre em queda com pr\u00e9via do PIB, mas Bradespar (BRAP4) descola e sobe 7%"}]},{"@type":"WebSite","@id":"https:\/\/www.suno.com.br\/noticias\/#website","url":"https:\/\/www.suno.com.br\/noticias\/","name":"Suno Not\u00edcias","description":"Seu portal de informa\u00e7\u00e3o sobre o mundo dos investimentos","publisher":{"@id":"https:\/\/www.suno.com.br\/noticias\/#organization"},"potentialAction":[{"@type":"SearchAction","target":{"@type":"EntryPoint","urlTemplate":"https:\/\/www.suno.com.br\/noticias\/?s={search_term_string}"},"query-input":{"@type":"PropertyValueSpecification","valueRequired":true,"valueName":"search_term_string"}}],"inLanguage":"pt-BR"},{"@type":"Organization","@id":"https:\/\/www.suno.com.br\/noticias\/#organization","name":"Suno Not\u00edcias","url":"https:\/\/www.suno.com.br\/noticias\/","logo":{"@type":"ImageObject","inLanguage":"pt-BR","@id":"https:\/\/www.suno.com.br\/noticias\/#\/schema\/logo\/image\/","url":"https:\/\/files.sunoresearch.com.br\/n\/uploads\/2021\/09\/suno-logo.png","contentUrl":"https:\/\/files.sunoresearch.com.br\/n\/uploads\/2021\/09\/suno-logo.png","width":180,"height":180,"caption":"Suno Not\u00edcias"},"image":{"@id":"https:\/\/www.suno.com.br\/noticias\/#\/schema\/logo\/image\/"},"sameAs":["https:\/\/facebook.com\/sunoresearch","https:\/\/x.com\/sunoresearch","https:\/\/www.instagram.com\/suno","https:\/\/www.linkedin.com\/company\/suno-research\/","https:\/\/www.youtube.com\/c\/sunoresearch"]},{"@type":"Person","@id":"https:\/\/www.suno.com.br\/noticias\/#\/schema\/person\/7f4d362bf3518e76090143ae77bb49a5","name":"Eduardo Vargas","image":{"@type":"ImageObject","inLanguage":"pt-BR","@id":"https:\/\/www.suno.com.br\/noticias\/#\/schema\/person\/image\/","url":"https:\/\/secure.gravatar.com\/avatar\/dac340933427a22924c9f99d1eb2e3f2?s=96&r=g","contentUrl":"https:\/\/secure.gravatar.com\/avatar\/dac340933427a22924c9f99d1eb2e3f2?s=96&r=g","caption":"Eduardo Vargas"},"description":"Jornalista formado pela UFSC, cobre macroeconomia, neg\u00f3cios e startups para o Suno Not\u00edcias, escrevendo principalmente not\u00edcias sobre o mercado financeiro e a bolsa de valores. No YouTube e no Instagram, \u00e9 respons\u00e1vel pela produ\u00e7\u00e3o de Reels e Shorts do Suno Not\u00edcias. Anteriormente, trabalhou cobrindo economia e cotidiano no ND+ e para o ND, maior jornal impresso de Santa Catarina. Cursou um semestre letivo de Estudos de M\u00eddia na Universidad de Buenos Aires.","url":"https:\/\/www.suno.com.br\/noticias\/author\/eduardo-vargas\/"}]}},"default_loop_html":"<div class=\"cardsPage__listCard__boxs\"><div class=\"cardsPage__listCard__boxs__img\"><a href=\"https:\/\/www.suno.com.br\/noticias\/ibovespa-abre-queda-previa-pib-bradespar-descola-sobe-7\/\"><img class=\"mask\" src=\"https:\/\/www.suno.com.br\/noticias\/wp-content\/themes\/suno\/resources\/images\/spotlight\/spotlight1img\/bg-mask.png\" alt=\"Image Mask\"\/><img src=\"https:\/\/files.sunoresearch.com.br\/n\/uploads\/2021\/01\/76188e34-bradespar-400x200.webp\" alt=\"Ibovespa abre em queda com pr\u00e9via do PIB, mas Bradespar (BRAP4) descola e sobe 7%\"\/><\/a><span class=\"spotlightCategory\"><a href=\"https:\/\/www.suno.com.br\/noticias\/mercado\/\">Mercado<\/a><\/span><\/div><div class=\"cardsPage__listCard__boxs__content\"><a href=\"https:\/\/www.suno.com.br\/noticias\/ibovespa-abre-queda-previa-pib-bradespar-descola-sobe-7\/\"><h2 class=\"content__title\">Ibovespa abre em queda com pr\u00e9via do PIB, mas Bradespar (BRAP4) descola e sobe 7%<\/h2><\/a><div class=\"newsContent__article__meta\"><div class=\"newsContent__article__meta__authorBox\"><a href=\"https:\/\/www.suno.com.br\/noticias\/author\/eduardo-vargas\/\" class=\"authorBox__avatar noMobi\"><img src=\"https:\/\/secure.gravatar.com\/avatar\/dac340933427a22924c9f99d1eb2e3f2?s=96&#038;r=g\" alt=\"Eduardo Vargas\"><\/a><div class=\"authorBox__name\"><span>por\n\t\t\t<a href=\"https:\/\/www.suno.com.br\/noticias\/author\/eduardo-vargas\/\"><span itemprop=\"author\">Eduardo Vargas<\/span><\/a><\/span><time datetime=\"2021-09-15T10:47:29-03:00\" itemprop=\"datePublished\">15\/09\/2021 10:47<\/time><\/div><\/div><\/div><\/div><\/div>","single_layout":"posts","amp_enabled":true,"_links":{"self":[{"href":"https:\/\/www.suno.com.br\/noticias\/wp-json\/wp\/v2\/posts\/184121"}],"collection":[{"href":"https:\/\/www.suno.com.br\/noticias\/wp-json\/wp\/v2\/posts"}],"about":[{"href":"https:\/\/www.suno.com.br\/noticias\/wp-json\/wp\/v2\/types\/post"}],"author":[{"embeddable":true,"href":"https:\/\/www.suno.com.br\/noticias\/wp-json\/wp\/v2\/users\/73"}],"replies":[{"embeddable":true,"href":"https:\/\/www.suno.com.br\/noticias\/wp-json\/wp\/v2\/comments?post=184121"}],"version-history":[{"count":3,"href":"https:\/\/www.suno.com.br\/noticias\/wp-json\/wp\/v2\/posts\/184121\/revisions"}],"predecessor-version":[{"id":184160,"href":"https:\/\/www.suno.com.br\/noticias\/wp-json\/wp\/v2\/posts\/184121\/revisions\/184160"}],"wp:featuredmedia":[{"embeddable":true,"href":"https:\/\/www.suno.com.br\/noticias\/wp-json\/wp\/v2\/media\/116584"}],"wp:attachment":[{"href":"https:\/\/www.suno.com.br\/noticias\/wp-json\/wp\/v2\/media?parent=184121"}],"wp:term":[{"taxonomy":"category","embeddable":true,"href":"https:\/\/www.suno.com.br\/noticias\/wp-json\/wp\/v2\/categories?post=184121"},{"taxonomy":"post_tag","embeddable":true,"href":"https:\/\/www.suno.com.br\/noticias\/wp-json\/wp\/v2\/tags?post=184121"},{"taxonomy":"suno_strategy","embeddable":true,"href":"https:\/\/www.suno.com.br\/noticias\/wp-json\/wp\/v2\/suno_strategy?post=184121"}],"curies":[{"name":"wp","href":"https:\/\/api.w.org\/{rel}","templated":true}]}}